{"id":1137,"date":"2023-04-14T10:56:41","date_gmt":"2023-04-14T10:56:41","guid":{"rendered":"https:\/\/tirinha.com\/o-quarto-das-maravilhas-uma-historia-esperancosa\/"},"modified":"2023-04-14T10:56:41","modified_gmt":"2023-04-14T10:56:41","slug":"o-quarto-das-maravilhas-uma-historia-esperancosa","status":"publish","type":"post","link":"https:\/\/tirinha.com\/nl\/1137\/o-quarto-das-maravilhas-uma-historia-esperancosa\/","title":{"rendered":"\u201c&quot;De Wonderkamer&quot;: een hoopvol verhaal"},"content":{"rendered":"<p><\/p>\n<div>\n<h2>Estreia dia 21 de abril nos cinemas, com produ\u00e7\u00e3o de M&#038;filmes, Jerico, SND Films, Orange Cin\u00e9ma Series, Cin\u00e9+ e OCS<\/h2>\n<p><strong>o filme franc\u00eas <i>a c\u00e2mara de merveilles <\/i>traduzido para o espanhol como <i>o quarto maravilhoso <\/i>\u00c9 dirigido por Lisa Azuelos e produzido por Philippe Rousselet e \u00c9ric Jehelmann.<\/strong><\/p>\n<p><span class=\"embed-youtube\" style=\"text-align:center; display: block;\"><iframe title=\"La habitaci\u00f3n de las maravillas - Trailer espa\u00f1ol\" width=\"790\" height=\"444\" src=\"https:\/\/www.youtube.com\/embed\/YoWHSuQ6Vys?feature=oembed\" frameborder=\"0\" allow=\"accelerometer; autoplay; clipboard-write; encrypted-media; gyroscope; picture-in-picture; web-share\" allowfullscreen><\/iframe><\/span><\/p>\n<p><em><strong>o quarto maravilhoso<\/strong><\/em> \u00e9 uma emocionante hist\u00f3ria de supera\u00e7\u00e3o protagonizada por Thelma (<strong>Alexandra Lamy<\/strong>).  sua vida de <strong>m\u00e3e solteira<\/strong> d\u00e1 uma guinada quando seu \u00fanico filho entra em coma ap\u00f3s um acidente.<\/p>\n<p>Por outro lado, Lu\u00eds<strong>Hugo Questel<\/strong>) \u00e9 um menino de 12 anos, introvertido, misterioso e com uma grande variedade de interesses, entre os quais o <em>skate<\/em> e quadrinhos mang\u00e1.  Sua m\u00e3e nunca disse a ele <strong>quem \u00e9 o teu pai<\/strong> e ele nunca confessou a ela que sempre quis conhec\u00ea-lo.<\/p>\n<p>Esperando que assim seu filho acorde, Thelma se empenhar\u00e1 em completar sua lista de <strong>\u201ccoisas para fazer antes do fim do mundo chegar\u201d<\/strong>.  Involuntariamente, perseguir os sonhos de Louis o ajudar\u00e1 a perceber o ritmo que sua vida tomou e que ele n\u00e3o est\u00e1 gostando o suficiente.  Da mesma forma, voc\u00ea acabar\u00e1 conhecendo muito melhor seu pr\u00f3prio filho e seu ambiente.<\/p>\n<figure id=\"attachment_85894\" aria-describedby=\"caption-attachment-85894\" style=\"width: 600px\" class=\"wp-caption aligncenter\"><img fetchpriority=\"high\" data-attachment-id=\"85894\" data-permalink=\"https:\/\/elgeneracionalpost.com\/cultura\/cine\/2023\/0414\/85826\/habitacion-maravillas-alexandralamy-francia-cine.html\/attachment\/portada-peli-habitacion\" data-orig-file=\"https:\/\/i0.wp.com\/elgeneracionalpost.com\/wp-content\/uploads\/2023\/04\/portada-peli-habitacion.jpg?fit=600%2C857&amp;ssl=1\" data-orig-size=\"600,857\" data-comments-opened=\"0\" data-image-meta=\"{&quot;aperture&quot;:&quot;0&quot;,&quot;credit&quot;:&quot;&quot;,&quot;camera&quot;:&quot;&quot;,&quot;caption&quot;:&quot;&quot;,&quot;created_timestamp&quot;:&quot;0&quot;,&quot;copyright&quot;:&quot;&quot;,&quot;focal_length&quot;:&quot;0&quot;,&quot;iso&quot;:&quot;0&quot;,&quot;shutter_speed&quot;:&quot;0&quot;,&quot;title&quot;:&quot;&quot;,&quot;orientation&quot;:&quot;0&quot;}\" data-image-title=\"portada peli habitaci\u00f3n\" data-image-description=\"\" data-image-caption=\"&lt;p&gt;Portada \u00abLa habitaci\u00f3n de las maravillas\u00bb | Fuente: reservaentradas.com&lt;\/p&gt;&#10;\" data-medium-file=\"https:\/\/i0.wp.com\/elgeneracionalpost.com\/wp-content\/uploads\/2023\/04\/portada-peli-habitacion.jpg?fit=210%2C300&amp;ssl=1\" data-large-file=\"https:\/\/i0.wp.com\/elgeneracionalpost.com\/wp-content\/uploads\/2023\/04\/portada-peli-habitacion.jpg?fit=600%2C857&amp;ssl=1\" decoding=\"async\" class=\"wp-image-85894 size-full jetpack-lazy-image\" src=\"https:\/\/i0.wp.com\/elgeneracionalpost.com\/wp-content\/uploads\/2023\/04\/portada-peli-habitacion.jpg?resize=600%2C857&amp;ssl=1\" alt=\"\" width=\"600\" height=\"857\" data-recalc-dims=\"1\" data-lazy-srcset=\"https:\/\/i0.wp.com\/elgeneracionalpost.com\/wp-content\/uploads\/2023\/04\/portada-peli-habitacion.jpg?w=600&amp;ssl=1 600w, https:\/\/i0.wp.com\/elgeneracionalpost.com\/wp-content\/uploads\/2023\/04\/portada-peli-habitacion.jpg?resize=210%2C300&amp;ssl=1 210w, https:\/\/i0.wp.com\/elgeneracionalpost.com\/wp-content\/uploads\/2023\/04\/portada-peli-habitacion.jpg?resize=150%2C214&amp;ssl=1 150w, https:\/\/i0.wp.com\/elgeneracionalpost.com\/wp-content\/uploads\/2023\/04\/portada-peli-habitacion.jpg?resize=300%2C429&amp;ssl=1 300w\" data-lazy-sizes=\"(max-width: 600px) 100vw, 600px\" data-lazy-src=\"https:\/\/i0.wp.com\/elgeneracionalpost.com\/wp-content\/uploads\/2023\/04\/portada-peli-habitacion.jpg?resize=600%2C857&amp;is-pending-load=1#038;ssl=1\" srcset=\"data:image\/gif;base64,R0lGODlhAQABAIAAAAAAAP\/\/\/yH5BAEAAAAALAAAAAABAAEAAAIBRAA7\"\/><noscript><img loading=\"lazy\" data-lazy-fallback=\"1\" data-attachment-id=\"85894\" data-permalink=\"https:\/\/elgeneracionalpost.com\/cultura\/cine\/2023\/0414\/85826\/habitacion-maravillas-alexandralamy-francia-cine.html\/attachment\/portada-peli-habitacion\" data-orig-file=\"https:\/\/i0.wp.com\/elgeneracionalpost.com\/wp-content\/uploads\/2023\/04\/portada-peli-habitacion.jpg?fit=600%2C857&amp;ssl=1\" data-orig-size=\"600,857\" data-comments-opened=\"0\" data-image-meta=\"{&quot;aperture&quot;:&quot;0&quot;,&quot;credit&quot;:&quot;&quot;,&quot;camera&quot;:&quot;&quot;,&quot;caption&quot;:&quot;&quot;,&quot;created_timestamp&quot;:&quot;0&quot;,&quot;copyright&quot;:&quot;&quot;,&quot;focal_length&quot;:&quot;0&quot;,&quot;iso&quot;:&quot;0&quot;,&quot;shutter_speed&quot;:&quot;0&quot;,&quot;title&quot;:&quot;&quot;,&quot;orientation&quot;:&quot;0&quot;}\" data-image-title=\"portada peli habitaci\u00f3n\" data-image-description=\"\" data-image-caption=\"&lt;p&gt;Portada \u00abLa habitaci\u00f3n de las maravillas\u00bb | Fuente: reservaentradas.com&lt;\/p&gt;&#10;\" data-medium-file=\"https:\/\/i0.wp.com\/elgeneracionalpost.com\/wp-content\/uploads\/2023\/04\/portada-peli-habitacion.jpg?fit=210%2C300&amp;ssl=1\" data-large-file=\"https:\/\/i0.wp.com\/elgeneracionalpost.com\/wp-content\/uploads\/2023\/04\/portada-peli-habitacion.jpg?fit=600%2C857&amp;ssl=1\" decoding=\"async\" class=\"wp-image-85894 size-full\" src=\"https:\/\/i0.wp.com\/elgeneracionalpost.com\/wp-content\/uploads\/2023\/04\/portada-peli-habitacion.jpg?resize=600%2C857&amp;ssl=1\" alt=\"\" width=\"600\" height=\"857\" srcset=\"https:\/\/i0.wp.com\/elgeneracionalpost.com\/wp-content\/uploads\/2023\/04\/portada-peli-habitacion.jpg?w=600&amp;ssl=1 600w, https:\/\/i0.wp.com\/elgeneracionalpost.com\/wp-content\/uploads\/2023\/04\/portada-peli-habitacion.jpg?resize=210%2C300&amp;ssl=1 210w, https:\/\/i0.wp.com\/elgeneracionalpost.com\/wp-content\/uploads\/2023\/04\/portada-peli-habitacion.jpg?resize=150%2C214&amp;ssl=1 150w, https:\/\/i0.wp.com\/elgeneracionalpost.com\/wp-content\/uploads\/2023\/04\/portada-peli-habitacion.jpg?resize=300%2C429&amp;ssl=1 300w\" sizes=\"auto, (max-width: 600px) 100vw, 600px\" data-recalc-dims=\"1\"\/><\/noscript><figcaption id=\"caption-attachment-85894\" class=\"wp-caption-text\">Capa \u00abA sala das maravilhas\u00bb |  Fonte: reservaentradas.com<\/figcaption><\/figure>\n<p>A atua\u00e7\u00e3o do elenco \u00e9 excelente.  Alexandra Lamy representa uma m\u00e3e solteira com uma vida profissional exigente.  Tamb\u00e9m apresenta a apar\u00eancia de <strong>Muriel Robin<\/strong> como a av\u00f3, tamb\u00e9m solteira, evidenciando a diferen\u00e7a geracional.  Al\u00e9m disso, o protagonista viaja para diversos pa\u00edses, por isso o filme conta com personagens de v\u00e1rias nacionalidades e a cultura e o idioma desempenham um papel fundamental.<\/p>\n<p>A hist\u00f3ria representa diferentes realidades sociais, como doen\u00e7a, fam\u00edlia, amor ou interculturalidade.  esconda um <strong>mensagem muito poderosa<\/strong> e trouxe para o presente com grande olho.  Thelma quer completar a lista do filho o mais r\u00e1pido poss\u00edvel.  No entanto, cada tentativa se torna um obst\u00e1culo no qual voc\u00ea precisa gastar tempo e paci\u00eancia.  vivemos em um<\/p>\n<p>Em conclus\u00e3o, <em><strong>o quarto maravilhoso<\/strong><\/em> s\u00e3o <strong>98 minutos<\/strong> isso n\u00e3o o deixar\u00e1 indiferente.  Uma hist\u00f3ria emocionante, cheia de magia e mensagens positivas que far\u00e3o voc\u00ea acreditar no imposs\u00edvel.  Se voc\u00ea est\u00e1 procurando uma experi\u00eancia cinematogr\u00e1fica que o far\u00e1 <strong>reflita sobre a vida<\/strong>voc\u00ea n\u00e3o pode perder esta estreia a seguir <strong>21 april<\/strong>ele nos cinemas.<\/p>\n<p><strong>Outras estreias:<\/strong><\/p>\n<blockquote class=\"wp-embedded-content\" data-secret=\"rnP3e0xW5r\">\n<p>&#8216;El Silencio&#8217;, a s\u00e9rie com Ar\u00f3n Piper e Manu R\u00edos chega \u00e0 Netflix em 19 de maio<\/p>\n<\/blockquote>\n<p><iframe class=\"wp-embedded-content\" sandbox=\"allow-scripts\" security=\"restricted\" style=\"position: absolute; clip: rect(1px, 1px, 1px, 1px);\" title=\"\u00ab\u2018El Silencio\u2019, la serie con Ar\u00f3n Piper y Manu R\u00edos llega a Netflix el 19 de mayo\u00bb \u2014 EG. El peri\u00f3dico digital. Noticias. Actualidad\" src=\"https:\/\/elgeneracionalpost.com\/cultura\/2023\/0412\/85695\/el-silencio-la-serie-con-aron-piper-y-manu-rios-llega-a-netflix-el-19-de-mayo.html\/embed#?secret=jRaAlceoTS#?secret=rnP3e0xW5r\" data-secret=\"rnP3e0xW5r\" width=\"600\" height=\"338\" frameborder=\"0\" marginwidth=\"0\" marginheight=\"0\" scrolling=\"no\"><\/iframe><\/p>\n<div class=\"sharedaddy sd-block sd-like jetpack-likes-widget-wrapper jetpack-likes-widget-unloaded\" id=\"like-post-wrapper-153844979-85826-6439316809bdd\" data-src=\"https:\/\/widgets.wp.com\/likes\/#blog_id=153844979&amp;post_id=85826&amp;origin=elgeneracionalpost.com&amp;obj_id=153844979-85826-6439316809bdd\" data-name=\"like-post-frame-153844979-85826-6439316809bdd\" data-title=\"Me gusta o Compartir\">\n<h3 class=\"sd-title\">Dit vind ik leuk:<\/h3>\n<p><span class=\"button\"><span>Ik vind het leuk<\/span><\/span> <span class=\"loading\">Laden\u2026<\/span><\/p>\n<p><span class=\"sd-text-color\"\/><\/div>\n<p><h3 class=\"jp-relatedposts-headline\"><em>Verwant<\/em><\/h3>\n<\/p>\n<\/div>","protected":false},"excerpt":{"rendered":"<p>Estreia dia 21 de abril nos cinemas, com produ\u00e7\u00e3o de M&#038;filmes, Jerico, SND Films, Orange Cin\u00e9ma Series, Cin\u00e9+ e OCS &hellip; <\/p>","protected":false},"author":1,"featured_media":1139,"comment_status":"open","ping_status":"open","sticky":false,"template":"","format":"standard","meta":{"fifu_image_url":"https:\/\/elgeneracionalpost.com\/wp-content\/uploads\/2023\/04\/hab.maravillas.jpeg","fifu_image_alt":"","footnotes":""},"categories":[35],"tags":[],"class_list":["post-1137","post","type-post","status-publish","format-standard","has-post-thumbnail","hentry","category-cultura-e-lazer","latest_post"],"yoast_head":"<!-- This site is optimized with the Yoast SEO plugin v27.3 - https:\/\/yoast.com\/product\/yoast-seo-wordpress\/ -->\n<title>&quot;O quarto das maravilhas&quot;: uma hist\u00f3ria esperan\u00e7osa - Tirinha.com<\/title>\n<meta name=\"robots\" content=\"index, follow, max-snippet:-1, max-image-preview:large, max-video-preview:-1\" \/>\n<link rel=\"canonical\" href=\"https:\/\/tirinha.com\/nl\/1137\/o-quarto-das-maravilhas-uma-historia-esperancosa\/\" \/>\n<meta property=\"og:locale\" content=\"nl_NL\" \/>\n<meta property=\"og:type\" content=\"article\" \/>\n<meta property=\"og:title\" content=\"&quot;O quarto das maravilhas&quot;: uma hist\u00f3ria esperan\u00e7osa - Tirinha.com\" \/>\n<meta property=\"og:description\" content=\"Estreia dia 21 de abril nos cinemas, com produ\u00e7\u00e3o de M&#038;filmes, Jerico, SND Films, Orange Cin\u00e9ma Series, Cin\u00e9+ e OCS &hellip;\" \/>\n<meta property=\"og:url\" content=\"https:\/\/tirinha.com\/nl\/1137\/o-quarto-das-maravilhas-uma-historia-esperancosa\/\" \/>\n<meta property=\"og:site_name\" content=\"Tirinha.com\" \/>\n<meta property=\"article:published_time\" content=\"2023-04-14T10:56:41+00:00\" \/>\n<meta property=\"og:image\" content=\"https:\/\/elgeneracionalpost.com\/wp-content\/uploads\/2023\/04\/hab.maravillas.jpeg\" \/>\n<meta name=\"author\" content=\"admin\" \/>\n<meta name=\"twitter:card\" content=\"summary_large_image\" \/>\n<meta name=\"twitter:image\" content=\"https:\/\/elgeneracionalpost.com\/wp-content\/uploads\/2023\/04\/hab.maravillas.jpeg\" \/>\n<meta name=\"twitter:label1\" content=\"Geschreven door\" \/>\n\t<meta name=\"twitter:data1\" content=\"admin\" \/>\n\t<meta name=\"twitter:label2\" content=\"Geschatte leestijd\" \/>\n\t<meta name=\"twitter:data2\" content=\"2 minuten\" \/>\n<script type=\"application\/ld+json\" class=\"yoast-schema-graph\">{\"@context\":\"https:\\\/\\\/schema.org\",\"@graph\":[{\"@type\":\"Article\",\"@id\":\"https:\\\/\\\/tirinha.com\\\/1137\\\/o-quarto-das-maravilhas-uma-historia-esperancosa\\\/#article\",\"isPartOf\":{\"@id\":\"https:\\\/\\\/tirinha.com\\\/1137\\\/o-quarto-das-maravilhas-uma-historia-esperancosa\\\/\"},\"author\":{\"name\":\"admin\",\"@id\":\"https:\\\/\\\/tirinha.com\\\/#\\\/schema\\\/person\\\/e22bdfbe17e0461f7e927e6a1208d4d9\"},\"headline\":\"&#8220;O quarto das maravilhas&#8221;: uma hist\u00f3ria esperan\u00e7osa\",\"datePublished\":\"2023-04-14T10:56:41+00:00\",\"mainEntityOfPage\":{\"@id\":\"https:\\\/\\\/tirinha.com\\\/1137\\\/o-quarto-das-maravilhas-uma-historia-esperancosa\\\/\"},\"wordCount\":443,\"commentCount\":0,\"publisher\":{\"@id\":\"https:\\\/\\\/tirinha.com\\\/#organization\"},\"image\":{\"@id\":\"https:\\\/\\\/tirinha.com\\\/1137\\\/o-quarto-das-maravilhas-uma-historia-esperancosa\\\/#primaryimage\"},\"thumbnailUrl\":\"https:\\\/\\\/elgeneracionalpost.com\\\/wp-content\\\/uploads\\\/2023\\\/04\\\/hab.maravillas.jpeg\",\"articleSection\":[\"Cultura e lazer\"],\"inLanguage\":\"nl-NL\",\"potentialAction\":[{\"@type\":\"CommentAction\",\"name\":\"Comment\",\"target\":[\"https:\\\/\\\/tirinha.com\\\/1137\\\/o-quarto-das-maravilhas-uma-historia-esperancosa\\\/#respond\"]}]},{\"@type\":\"WebPage\",\"@id\":\"https:\\\/\\\/tirinha.com\\\/1137\\\/o-quarto-das-maravilhas-uma-historia-esperancosa\\\/\",\"url\":\"https:\\\/\\\/tirinha.com\\\/1137\\\/o-quarto-das-maravilhas-uma-historia-esperancosa\\\/\",\"name\":\"\\\"O quarto das maravilhas\\\": uma hist\u00f3ria esperan\u00e7osa - Tirinha.com\",\"isPartOf\":{\"@id\":\"https:\\\/\\\/tirinha.com\\\/#website\"},\"primaryImageOfPage\":{\"@id\":\"https:\\\/\\\/tirinha.com\\\/1137\\\/o-quarto-das-maravilhas-uma-historia-esperancosa\\\/#primaryimage\"},\"image\":{\"@id\":\"https:\\\/\\\/tirinha.com\\\/1137\\\/o-quarto-das-maravilhas-uma-historia-esperancosa\\\/#primaryimage\"},\"thumbnailUrl\":\"https:\\\/\\\/elgeneracionalpost.com\\\/wp-content\\\/uploads\\\/2023\\\/04\\\/hab.maravillas.jpeg\",\"datePublished\":\"2023-04-14T10:56:41+00:00\",\"breadcrumb\":{\"@id\":\"https:\\\/\\\/tirinha.com\\\/1137\\\/o-quarto-das-maravilhas-uma-historia-esperancosa\\\/#breadcrumb\"},\"inLanguage\":\"nl-NL\",\"potentialAction\":[{\"@type\":\"ReadAction\",\"target\":[\"https:\\\/\\\/tirinha.com\\\/1137\\\/o-quarto-das-maravilhas-uma-historia-esperancosa\\\/\"]}]},{\"@type\":\"ImageObject\",\"inLanguage\":\"nl-NL\",\"@id\":\"https:\\\/\\\/tirinha.com\\\/1137\\\/o-quarto-das-maravilhas-uma-historia-esperancosa\\\/#primaryimage\",\"url\":\"https:\\\/\\\/elgeneracionalpost.com\\\/wp-content\\\/uploads\\\/2023\\\/04\\\/hab.maravillas.jpeg\",\"contentUrl\":\"https:\\\/\\\/elgeneracionalpost.com\\\/wp-content\\\/uploads\\\/2023\\\/04\\\/hab.maravillas.jpeg\"},{\"@type\":\"BreadcrumbList\",\"@id\":\"https:\\\/\\\/tirinha.com\\\/1137\\\/o-quarto-das-maravilhas-uma-historia-esperancosa\\\/#breadcrumb\",\"itemListElement\":[{\"@type\":\"ListItem\",\"position\":1,\"name\":\"Home\",\"item\":\"https:\\\/\\\/tirinha.com\\\/\"},{\"@type\":\"ListItem\",\"position\":2,\"name\":\"&#8220;O quarto das maravilhas&#8221;: uma hist\u00f3ria esperan\u00e7osa\"}]},{\"@type\":\"WebSite\",\"@id\":\"https:\\\/\\\/tirinha.com\\\/#website\",\"url\":\"https:\\\/\\\/tirinha.com\\\/\",\"name\":\"Tirinha.com\",\"description\":\"Arte e livros resenhas\",\"publisher\":{\"@id\":\"https:\\\/\\\/tirinha.com\\\/#organization\"},\"potentialAction\":[{\"@type\":\"SearchAction\",\"target\":{\"@type\":\"EntryPoint\",\"urlTemplate\":\"https:\\\/\\\/tirinha.com\\\/?s={search_term_string}\"},\"query-input\":{\"@type\":\"PropertyValueSpecification\",\"valueRequired\":true,\"valueName\":\"search_term_string\"}}],\"inLanguage\":\"nl-NL\"},{\"@type\":\"Organization\",\"@id\":\"https:\\\/\\\/tirinha.com\\\/#organization\",\"name\":\"Tirinha.com\",\"url\":\"https:\\\/\\\/tirinha.com\\\/\",\"logo\":{\"@type\":\"ImageObject\",\"inLanguage\":\"nl-NL\",\"@id\":\"https:\\\/\\\/tirinha.com\\\/#\\\/schema\\\/logo\\\/image\\\/\",\"url\":\"https:\\\/\\\/tirinha.com\\\/wp-content\\\/uploads\\\/2023\\\/08\\\/cropped-Logo-Tirinha.webp\",\"contentUrl\":\"https:\\\/\\\/tirinha.com\\\/wp-content\\\/uploads\\\/2023\\\/08\\\/cropped-Logo-Tirinha.webp\",\"width\":512,\"height\":512,\"caption\":\"Tirinha.com\"},\"image\":{\"@id\":\"https:\\\/\\\/tirinha.com\\\/#\\\/schema\\\/logo\\\/image\\\/\"}},{\"@type\":\"Person\",\"@id\":\"https:\\\/\\\/tirinha.com\\\/#\\\/schema\\\/person\\\/e22bdfbe17e0461f7e927e6a1208d4d9\",\"name\":\"admin\",\"image\":{\"@type\":\"ImageObject\",\"inLanguage\":\"nl-NL\",\"@id\":\"https:\\\/\\\/tirinha.com\\\/wp-content\\\/litespeed\\\/avatar\\\/d0068f7931cc87d7274eb0c3db1deb4b.jpg?ver=1777434315\",\"url\":\"https:\\\/\\\/tirinha.com\\\/wp-content\\\/litespeed\\\/avatar\\\/d0068f7931cc87d7274eb0c3db1deb4b.jpg?ver=1777434315\",\"contentUrl\":\"https:\\\/\\\/tirinha.com\\\/wp-content\\\/litespeed\\\/avatar\\\/d0068f7931cc87d7274eb0c3db1deb4b.jpg?ver=1777434315\",\"caption\":\"admin\"},\"sameAs\":[\"https:\\\/\\\/tirinha.com\"],\"url\":\"https:\\\/\\\/tirinha.com\\\/nl\\\/author\\\/admin\\\/\"}]}<\/script>\n<!-- \/ Yoast SEO plugin. -->","yoast_head_json":{"title":"\"O quarto das maravilhas\": uma hist\u00f3ria esperan\u00e7osa - Tirinha.com","robots":{"index":"index","follow":"follow","max-snippet":"max-snippet:-1","max-image-preview":"max-image-preview:large","max-video-preview":"max-video-preview:-1"},"canonical":"https:\/\/tirinha.com\/nl\/1137\/o-quarto-das-maravilhas-uma-historia-esperancosa\/","og_locale":"nl_NL","og_type":"article","og_title":"\"O quarto das maravilhas\": uma hist\u00f3ria esperan\u00e7osa - Tirinha.com","og_description":"Estreia dia 21 de abril nos cinemas, com produ\u00e7\u00e3o de M&#038;filmes, Jerico, SND Films, Orange Cin\u00e9ma Series, Cin\u00e9+ e OCS &hellip;","og_url":"https:\/\/tirinha.com\/nl\/1137\/o-quarto-das-maravilhas-uma-historia-esperancosa\/","og_site_name":"Tirinha.com","article_published_time":"2023-04-14T10:56:41+00:00","og_image":[{"url":"https:\/\/elgeneracionalpost.com\/wp-content\/uploads\/2023\/04\/hab.maravillas.jpeg","type":"","width":"","height":""}],"author":"admin","twitter_card":"summary_large_image","twitter_image":"https:\/\/elgeneracionalpost.com\/wp-content\/uploads\/2023\/04\/hab.maravillas.jpeg","twitter_misc":{"Geschreven door":"admin","Geschatte leestijd":"2 minuten"},"schema":{"@context":"https:\/\/schema.org","@graph":[{"@type":"Article","@id":"https:\/\/tirinha.com\/1137\/o-quarto-das-maravilhas-uma-historia-esperancosa\/#article","isPartOf":{"@id":"https:\/\/tirinha.com\/1137\/o-quarto-das-maravilhas-uma-historia-esperancosa\/"},"author":{"name":"admin","@id":"https:\/\/tirinha.com\/#\/schema\/person\/e22bdfbe17e0461f7e927e6a1208d4d9"},"headline":"&#8220;O quarto das maravilhas&#8221;: uma hist\u00f3ria esperan\u00e7osa","datePublished":"2023-04-14T10:56:41+00:00","mainEntityOfPage":{"@id":"https:\/\/tirinha.com\/1137\/o-quarto-das-maravilhas-uma-historia-esperancosa\/"},"wordCount":443,"commentCount":0,"publisher":{"@id":"https:\/\/tirinha.com\/#organization"},"image":{"@id":"https:\/\/tirinha.com\/1137\/o-quarto-das-maravilhas-uma-historia-esperancosa\/#primaryimage"},"thumbnailUrl":"https:\/\/elgeneracionalpost.com\/wp-content\/uploads\/2023\/04\/hab.maravillas.jpeg","articleSection":["Cultura e lazer"],"inLanguage":"nl-NL","potentialAction":[{"@type":"CommentAction","name":"Comment","target":["https:\/\/tirinha.com\/1137\/o-quarto-das-maravilhas-uma-historia-esperancosa\/#respond"]}]},{"@type":"WebPage","@id":"https:\/\/tirinha.com\/1137\/o-quarto-das-maravilhas-uma-historia-esperancosa\/","url":"https:\/\/tirinha.com\/1137\/o-quarto-das-maravilhas-uma-historia-esperancosa\/","name":"\"O quarto das maravilhas\": uma hist\u00f3ria esperan\u00e7osa - Tirinha.com","isPartOf":{"@id":"https:\/\/tirinha.com\/#website"},"primaryImageOfPage":{"@id":"https:\/\/tirinha.com\/1137\/o-quarto-das-maravilhas-uma-historia-esperancosa\/#primaryimage"},"image":{"@id":"https:\/\/tirinha.com\/1137\/o-quarto-das-maravilhas-uma-historia-esperancosa\/#primaryimage"},"thumbnailUrl":"https:\/\/elgeneracionalpost.com\/wp-content\/uploads\/2023\/04\/hab.maravillas.jpeg","datePublished":"2023-04-14T10:56:41+00:00","breadcrumb":{"@id":"https:\/\/tirinha.com\/1137\/o-quarto-das-maravilhas-uma-historia-esperancosa\/#breadcrumb"},"inLanguage":"nl-NL","potentialAction":[{"@type":"ReadAction","target":["https:\/\/tirinha.com\/1137\/o-quarto-das-maravilhas-uma-historia-esperancosa\/"]}]},{"@type":"ImageObject","inLanguage":"nl-NL","@id":"https:\/\/tirinha.com\/1137\/o-quarto-das-maravilhas-uma-historia-esperancosa\/#primaryimage","url":"https:\/\/elgeneracionalpost.com\/wp-content\/uploads\/2023\/04\/hab.maravillas.jpeg","contentUrl":"https:\/\/elgeneracionalpost.com\/wp-content\/uploads\/2023\/04\/hab.maravillas.jpeg"},{"@type":"BreadcrumbList","@id":"https:\/\/tirinha.com\/1137\/o-quarto-das-maravilhas-uma-historia-esperancosa\/#breadcrumb","itemListElement":[{"@type":"ListItem","position":1,"name":"Home","item":"https:\/\/tirinha.com\/"},{"@type":"ListItem","position":2,"name":"&#8220;O quarto das maravilhas&#8221;: uma hist\u00f3ria esperan\u00e7osa"}]},{"@type":"WebSite","@id":"https:\/\/tirinha.com\/#website","url":"https:\/\/tirinha.com\/","name":"Tirinha.com","description":"Kunst- en boekrecensies","publisher":{"@id":"https:\/\/tirinha.com\/#organization"},"potentialAction":[{"@type":"SearchAction","target":{"@type":"EntryPoint","urlTemplate":"https:\/\/tirinha.com\/?s={search_term_string}"},"query-input":{"@type":"PropertyValueSpecification","valueRequired":true,"valueName":"search_term_string"}}],"inLanguage":"nl-NL"},{"@type":"Organization","@id":"https:\/\/tirinha.com\/#organization","name":"Tirinha.com","url":"https:\/\/tirinha.com\/","logo":{"@type":"ImageObject","inLanguage":"nl-NL","@id":"https:\/\/tirinha.com\/#\/schema\/logo\/image\/","url":"https:\/\/tirinha.com\/wp-content\/uploads\/2023\/08\/cropped-Logo-Tirinha.webp","contentUrl":"https:\/\/tirinha.com\/wp-content\/uploads\/2023\/08\/cropped-Logo-Tirinha.webp","width":512,"height":512,"caption":"Tirinha.com"},"image":{"@id":"https:\/\/tirinha.com\/#\/schema\/logo\/image\/"}},{"@type":"Person","@id":"https:\/\/tirinha.com\/#\/schema\/person\/e22bdfbe17e0461f7e927e6a1208d4d9","name":"beheerder","image":{"@type":"ImageObject","inLanguage":"nl-NL","@id":"https:\/\/tirinha.com\/wp-content\/litespeed\/avatar\/d0068f7931cc87d7274eb0c3db1deb4b.jpg?ver=1777434315","url":"https:\/\/tirinha.com\/wp-content\/litespeed\/avatar\/d0068f7931cc87d7274eb0c3db1deb4b.jpg?ver=1777434315","contentUrl":"https:\/\/tirinha.com\/wp-content\/litespeed\/avatar\/d0068f7931cc87d7274eb0c3db1deb4b.jpg?ver=1777434315","caption":"admin"},"sameAs":["https:\/\/tirinha.com"],"url":"https:\/\/tirinha.com\/nl\/author\/admin\/"}]}},"_links":{"self":[{"href":"https:\/\/tirinha.com\/nl\/wp-json\/wp\/v2\/posts\/1137","targetHints":{"allow":["GET"]}}],"collection":[{"href":"https:\/\/tirinha.com\/nl\/wp-json\/wp\/v2\/posts"}],"about":[{"href":"https:\/\/tirinha.com\/nl\/wp-json\/wp\/v2\/types\/post"}],"author":[{"embeddable":true,"href":"https:\/\/tirinha.com\/nl\/wp-json\/wp\/v2\/users\/1"}],"replies":[{"embeddable":true,"href":"https:\/\/tirinha.com\/nl\/wp-json\/wp\/v2\/comments?post=1137"}],"version-history":[{"count":0,"href":"https:\/\/tirinha.com\/nl\/wp-json\/wp\/v2\/posts\/1137\/revisions"}],"wp:featuredmedia":[{"embeddable":true,"href":"https:\/\/tirinha.com\/nl\/wp-json\/wp\/v2\/media\/1139"}],"wp:attachment":[{"href":"https:\/\/tirinha.com\/nl\/wp-json\/wp\/v2\/media?parent=1137"}],"wp:term":[{"taxonomy":"category","embeddable":true,"href":"https:\/\/tirinha.com\/nl\/wp-json\/wp\/v2\/categories?post=1137"},{"taxonomy":"post_tag","embeddable":true,"href":"https:\/\/tirinha.com\/nl\/wp-json\/wp\/v2\/tags?post=1137"}],"curies":[{"name":"wp","href":"https:\/\/api.w.org\/{rel}","templated":true}]}}