{"id":1016,"date":"2023-04-04T01:07:36","date_gmt":"2023-04-04T01:07:36","guid":{"rendered":"https:\/\/tirinha.com\/mora-tini-feid-ou-rauw\/"},"modified":"2023-04-04T01:07:36","modified_gmt":"2023-04-04T01:07:36","slug":"mora-tini-feid-ou-rauw","status":"publish","type":"post","link":"https:\/\/tirinha.com\/nl\/1016\/mora-tini-feid-ou-rauw\/","title":{"rendered":"Mora, Tini, Feid of Rauw?"},"content":{"rendered":"<p><\/p>\n<div data-td-block-uid=\"tdi_70\">\n<div class=\"tdb-block-inner td-fix-index\">\n<h2>Arenal Sound apresenta uma quantidade desconhecida como atra\u00e7\u00e3o principal no primeiro dia do festival<\/h2>\n<p>Depois de divulgar a escala\u00e7\u00e3o confirmada, a organiza\u00e7\u00e3o Arenal Sound decidiu dar uma pista para animar a espera para conhecer o \u00fanico headliner cuja identidade ainda n\u00e3o foi revelada.<\/p>\n<p>A cantora tem nome de quatro letras e nunca esteve no festival.  Foi assim que eles revelaram na conta oficial do instagram da Arenal Sound:<strong> \u00abMuitos de voc\u00eas est\u00e3o perguntando sobre a atra\u00e7\u00e3o principal na quinta-feira.  Ali\u00e1s, tem 4 letras como pontos de interroga\u00e7\u00e3o, e nunca foi ao Arenal\u2026 \ud83d\ude0f\u00bb.<\/strong><\/p>\n<figure id=\"attachment_84213\" aria-describedby=\"caption-attachment-84213\" style=\"width: 990px\" class=\"wp-caption alignnone\"><img fetchpriority=\"high\" data-attachment-id=\"84213\" data-permalink=\"https:\/\/elgeneracionalpost.com\/cultura\/2023\/0330\/84208\/arenal-sound-mora-tini-feid-o-rauw.html\/attachment\/captura-de-pantalla-2023-03-30-a-las-18-08-15\" data-orig-file=\"https:\/\/i0.wp.com\/elgeneracionalpost.com\/wp-content\/uploads\/2023\/03\/Captura-de-pantalla-2023-03-30-a-las-18.08.15.png?fit=990%2C284&amp;ssl=1\" data-orig-size=\"990,284\" data-comments-opened=\"0\" data-image-meta=\"{&quot;aperture&quot;:&quot;0&quot;,&quot;credit&quot;:&quot;&quot;,&quot;camera&quot;:&quot;&quot;,&quot;caption&quot;:&quot;&quot;,&quot;created_timestamp&quot;:&quot;0&quot;,&quot;copyright&quot;:&quot;&quot;,&quot;focal_length&quot;:&quot;0&quot;,&quot;iso&quot;:&quot;0&quot;,&quot;shutter_speed&quot;:&quot;0&quot;,&quot;title&quot;:&quot;&quot;,&quot;orientation&quot;:&quot;0&quot;}\" data-image-title=\"Arenal Sound\" data-image-description=\"\" data-image-caption=\"&lt;p&gt;Pista del Arenal Sound sobre la inc\u00f3gnita de cabeza de cartel. | Fuente: Arenal Sound&lt;\/p&gt;&#10;\" data-medium-file=\"https:\/\/i0.wp.com\/elgeneracionalpost.com\/wp-content\/uploads\/2023\/03\/Captura-de-pantalla-2023-03-30-a-las-18.08.15.png?fit=300%2C86&amp;ssl=1\" data-large-file=\"https:\/\/i0.wp.com\/elgeneracionalpost.com\/wp-content\/uploads\/2023\/03\/Captura-de-pantalla-2023-03-30-a-las-18.08.15.png?fit=696%2C200&amp;ssl=1\" decoding=\"async\" class=\"size-full wp-image-84213 jetpack-lazy-image\" src=\"https:\/\/i0.wp.com\/elgeneracionalpost.com\/wp-content\/uploads\/2023\/03\/Captura-de-pantalla-2023-03-30-a-las-18.08.15.png?resize=696%2C200&amp;ssl=1\" alt=\"\" width=\"696\" height=\"200\" data-recalc-dims=\"1\" data-lazy-srcset=\"https:\/\/i0.wp.com\/elgeneracionalpost.com\/wp-content\/uploads\/2023\/03\/Captura-de-pantalla-2023-03-30-a-las-18.08.15.png?w=990&amp;ssl=1 990w, https:\/\/i0.wp.com\/elgeneracionalpost.com\/wp-content\/uploads\/2023\/03\/Captura-de-pantalla-2023-03-30-a-las-18.08.15.png?resize=300%2C86&amp;ssl=1 300w, https:\/\/i0.wp.com\/elgeneracionalpost.com\/wp-content\/uploads\/2023\/03\/Captura-de-pantalla-2023-03-30-a-las-18.08.15.png?resize=768%2C220&amp;ssl=1 768w, https:\/\/i0.wp.com\/elgeneracionalpost.com\/wp-content\/uploads\/2023\/03\/Captura-de-pantalla-2023-03-30-a-las-18.08.15.png?resize=150%2C43&amp;ssl=1 150w, https:\/\/i0.wp.com\/elgeneracionalpost.com\/wp-content\/uploads\/2023\/03\/Captura-de-pantalla-2023-03-30-a-las-18.08.15.png?resize=696%2C200&amp;ssl=1 696w\" data-lazy-sizes=\"(max-width: 696px) 100vw, 696px\" data-lazy-src=\"https:\/\/i0.wp.com\/elgeneracionalpost.com\/wp-content\/uploads\/2023\/03\/Captura-de-pantalla-2023-03-30-a-las-18.08.15.png?resize=696%2C200&amp;is-pending-load=1#038;ssl=1\" srcset=\"data:image\/gif;base64,R0lGODlhAQABAIAAAAAAAP\/\/\/yH5BAEAAAAALAAAAAABAAEAAAIBRAA7\"\/><noscript><img data-lazy-fallback=\"1\" data-attachment-id=\"84213\" data-permalink=\"https:\/\/elgeneracionalpost.com\/cultura\/2023\/0330\/84208\/arenal-sound-mora-tini-feid-o-rauw.html\/attachment\/captura-de-pantalla-2023-03-30-a-las-18-08-15\" data-orig-file=\"https:\/\/i0.wp.com\/elgeneracionalpost.com\/wp-content\/uploads\/2023\/03\/Captura-de-pantalla-2023-03-30-a-las-18.08.15.png?fit=990%2C284&amp;ssl=1\" data-orig-size=\"990,284\" data-comments-opened=\"0\" data-image-meta=\"{&quot;aperture&quot;:&quot;0&quot;,&quot;credit&quot;:&quot;&quot;,&quot;camera&quot;:&quot;&quot;,&quot;caption&quot;:&quot;&quot;,&quot;created_timestamp&quot;:&quot;0&quot;,&quot;copyright&quot;:&quot;&quot;,&quot;focal_length&quot;:&quot;0&quot;,&quot;iso&quot;:&quot;0&quot;,&quot;shutter_speed&quot;:&quot;0&quot;,&quot;title&quot;:&quot;&quot;,&quot;orientation&quot;:&quot;0&quot;}\" data-image-title=\"Arenal Sound\" data-image-description=\"\" data-image-caption=\"&lt;p&gt;Pista del Arenal Sound sobre la inc\u00f3gnita de cabeza de cartel. | Fuente: Arenal Sound&lt;\/p&gt;&#10;\" data-medium-file=\"https:\/\/i0.wp.com\/elgeneracionalpost.com\/wp-content\/uploads\/2023\/03\/Captura-de-pantalla-2023-03-30-a-las-18.08.15.png?fit=300%2C86&amp;ssl=1\" data-large-file=\"https:\/\/i0.wp.com\/elgeneracionalpost.com\/wp-content\/uploads\/2023\/03\/Captura-de-pantalla-2023-03-30-a-las-18.08.15.png?fit=696%2C200&amp;ssl=1\" decoding=\"async\" class=\"size-full wp-image-84213\" src=\"https:\/\/i0.wp.com\/elgeneracionalpost.com\/wp-content\/uploads\/2023\/03\/Captura-de-pantalla-2023-03-30-a-las-18.08.15.png?resize=696%2C200&amp;ssl=1\" alt=\"\" width=\"696\" height=\"200\" srcset=\"https:\/\/i0.wp.com\/elgeneracionalpost.com\/wp-content\/uploads\/2023\/03\/Captura-de-pantalla-2023-03-30-a-las-18.08.15.png?w=990&amp;ssl=1 990w, https:\/\/i0.wp.com\/elgeneracionalpost.com\/wp-content\/uploads\/2023\/03\/Captura-de-pantalla-2023-03-30-a-las-18.08.15.png?resize=300%2C86&amp;ssl=1 300w, https:\/\/i0.wp.com\/elgeneracionalpost.com\/wp-content\/uploads\/2023\/03\/Captura-de-pantalla-2023-03-30-a-las-18.08.15.png?resize=768%2C220&amp;ssl=1 768w, https:\/\/i0.wp.com\/elgeneracionalpost.com\/wp-content\/uploads\/2023\/03\/Captura-de-pantalla-2023-03-30-a-las-18.08.15.png?resize=150%2C43&amp;ssl=1 150w, https:\/\/i0.wp.com\/elgeneracionalpost.com\/wp-content\/uploads\/2023\/03\/Captura-de-pantalla-2023-03-30-a-las-18.08.15.png?resize=696%2C200&amp;ssl=1 696w\" sizes=\"(max-width: 696px) 100vw, 696px\" data-recalc-dims=\"1\"\/><\/noscript><figcaption id=\"caption-attachment-84213\" class=\"wp-caption-text\">Arenal Trilha sonora na atra\u00e7\u00e3o principal desconhecida.  |  Fonte: Som Arenal<\/figcaption><\/figure>\n<h3>Vamos ver as possibilidades<\/h3>\n<p>Ent\u00e3o, se voc\u00ea me permite, existem apenas quatro candidatos que atualmente atendem aos requisitos de destaque: <strong>Mora, Tini, Feid ou Rauw<\/strong>.<\/p>\n<p>Mora juntamente com Tini n\u00e3o t\u00eam eventos agendados durante o m\u00eas de agosto, embora seja verdade que o primeiro tem o Fan Futura Fest 2023 no dia 28 de julho.  No caso da cantora argentina, sua turn\u00ea na Espanha tem uma pausa no dia 14 de julho, ap\u00f3s o show em Roquetas de Mar, at\u00e9 o dia 17 de setembro no Wizink Center.  Sua presen\u00e7a ser\u00e1 mais complicada.<\/p>\n<p>Rauw Alejandro \u00e9 outro dos candidatos.  O cantor porto-riquenho n\u00e3o tem concertos marcados em julho e em agosto voltar\u00e1 a subir ao palco no dia 26 de agosto na Cidade das Artes e das Ci\u00eancias de Val\u00eancia.<\/p>\n<p>Por fim, encontramos Feid, que tem shows agendados at\u00e9 9 de julho, fechando sua turn\u00ea de ver\u00e3o (por enquanto) no Palau Sant Jordi, em Barcelona.<\/p>\n<p>Quem voc\u00ea acha que ser\u00e1 o escolhido?<\/p>\n<\/p>\n<div class=\"sharedaddy sd-block sd-like jetpack-likes-widget-wrapper jetpack-likes-widget-unloaded\" id=\"like-post-wrapper-153844979-84208-642b7857aa4f0\" data-src=\"https:\/\/widgets.wp.com\/likes\/#blog_id=153844979&amp;post_id=84208&amp;origin=elgeneracionalpost.com&amp;obj_id=153844979-84208-642b7857aa4f0\" data-name=\"like-post-frame-153844979-84208-642b7857aa4f0\" data-title=\"Me gusta o Compartir\">\n<h3 class=\"sd-title\">Dit vind ik leuk:<\/h3>\n<p><span class=\"button\"><span>Ik vind het leuk<\/span><\/span> <span class=\"loading\">Laden\u2026<\/span><\/p>\n<p><span class=\"sd-text-color\"\/><\/div>\n<p><h3 class=\"jp-relatedposts-headline\"><em>Verwant<\/em><\/h3>\n<\/p>\n<\/div>\n<\/div>\n<p><script async defer src=\"https:\/\/platform.instagram.com\/en_US\/embeds.js\"><\/script><\/p>","protected":false},"excerpt":{"rendered":"<p>Arenal Sound apresenta uma quantidade desconhecida como atra\u00e7\u00e3o principal no primeiro dia do festival Depois de divulgar a escala\u00e7\u00e3o confirmada, &hellip; <\/p>","protected":false},"author":1,"featured_media":1017,"comment_status":"open","ping_status":"open","sticky":false,"template":"","format":"standard","meta":{"fifu_image_url":"https:\/\/elgeneracionalpost.com\/wp-content\/uploads\/2023\/03\/IMG_0674.jpg","fifu_image_alt":"","footnotes":""},"categories":[35],"tags":[],"class_list":["post-1016","post","type-post","status-publish","format-standard","has-post-thumbnail","hentry","category-cultura-e-lazer","latest_post"],"yoast_head":"<!-- This site is optimized with the Yoast SEO plugin v27.3 - https:\/\/yoast.com\/product\/yoast-seo-wordpress\/ -->\n<title>Mora, Tini, Feid ou Rauw? - Tirinha.com<\/title>\n<meta name=\"robots\" content=\"index, follow, max-snippet:-1, max-image-preview:large, max-video-preview:-1\" \/>\n<link rel=\"canonical\" href=\"https:\/\/tirinha.com\/nl\/1016\/mora-tini-feid-ou-rauw\/\" \/>\n<meta property=\"og:locale\" content=\"nl_NL\" \/>\n<meta property=\"og:type\" content=\"article\" \/>\n<meta property=\"og:title\" content=\"Mora, Tini, Feid ou Rauw? - Tirinha.com\" \/>\n<meta property=\"og:description\" content=\"Arenal Sound apresenta uma quantidade desconhecida como atra\u00e7\u00e3o principal no primeiro dia do festival Depois de divulgar a escala\u00e7\u00e3o confirmada, &hellip;\" \/>\n<meta property=\"og:url\" content=\"https:\/\/tirinha.com\/nl\/1016\/mora-tini-feid-ou-rauw\/\" \/>\n<meta property=\"og:site_name\" content=\"Tirinha.com\" \/>\n<meta property=\"article:published_time\" content=\"2023-04-04T01:07:36+00:00\" \/>\n<meta property=\"og:image\" content=\"https:\/\/elgeneracionalpost.com\/wp-content\/uploads\/2023\/03\/IMG_0674.jpg\" \/>\n<meta name=\"author\" content=\"admin\" \/>\n<meta name=\"twitter:card\" content=\"summary_large_image\" \/>\n<meta name=\"twitter:image\" content=\"https:\/\/elgeneracionalpost.com\/wp-content\/uploads\/2023\/03\/IMG_0674.jpg\" \/>\n<meta name=\"twitter:label1\" content=\"Geschreven door\" \/>\n\t<meta name=\"twitter:data1\" content=\"admin\" \/>\n\t<meta name=\"twitter:label2\" content=\"Geschatte leestijd\" \/>\n\t<meta name=\"twitter:data2\" content=\"1 minuut\" \/>\n<script type=\"application\/ld+json\" class=\"yoast-schema-graph\">{\"@context\":\"https:\\\/\\\/schema.org\",\"@graph\":[{\"@type\":\"Article\",\"@id\":\"https:\\\/\\\/tirinha.com\\\/1016\\\/mora-tini-feid-ou-rauw\\\/#article\",\"isPartOf\":{\"@id\":\"https:\\\/\\\/tirinha.com\\\/1016\\\/mora-tini-feid-ou-rauw\\\/\"},\"author\":{\"name\":\"admin\",\"@id\":\"https:\\\/\\\/tirinha.com\\\/#\\\/schema\\\/person\\\/e22bdfbe17e0461f7e927e6a1208d4d9\"},\"headline\":\"Mora, Tini, Feid ou Rauw?\",\"datePublished\":\"2023-04-04T01:07:36+00:00\",\"mainEntityOfPage\":{\"@id\":\"https:\\\/\\\/tirinha.com\\\/1016\\\/mora-tini-feid-ou-rauw\\\/\"},\"wordCount\":287,\"commentCount\":0,\"publisher\":{\"@id\":\"https:\\\/\\\/tirinha.com\\\/#organization\"},\"image\":{\"@id\":\"https:\\\/\\\/tirinha.com\\\/1016\\\/mora-tini-feid-ou-rauw\\\/#primaryimage\"},\"thumbnailUrl\":\"https:\\\/\\\/elgeneracionalpost.com\\\/wp-content\\\/uploads\\\/2023\\\/03\\\/IMG_0674.jpg\",\"articleSection\":[\"Cultura e lazer\"],\"inLanguage\":\"nl-NL\",\"potentialAction\":[{\"@type\":\"CommentAction\",\"name\":\"Comment\",\"target\":[\"https:\\\/\\\/tirinha.com\\\/1016\\\/mora-tini-feid-ou-rauw\\\/#respond\"]}]},{\"@type\":\"WebPage\",\"@id\":\"https:\\\/\\\/tirinha.com\\\/1016\\\/mora-tini-feid-ou-rauw\\\/\",\"url\":\"https:\\\/\\\/tirinha.com\\\/1016\\\/mora-tini-feid-ou-rauw\\\/\",\"name\":\"Mora, Tini, Feid ou Rauw? - Tirinha.com\",\"isPartOf\":{\"@id\":\"https:\\\/\\\/tirinha.com\\\/#website\"},\"primaryImageOfPage\":{\"@id\":\"https:\\\/\\\/tirinha.com\\\/1016\\\/mora-tini-feid-ou-rauw\\\/#primaryimage\"},\"image\":{\"@id\":\"https:\\\/\\\/tirinha.com\\\/1016\\\/mora-tini-feid-ou-rauw\\\/#primaryimage\"},\"thumbnailUrl\":\"https:\\\/\\\/elgeneracionalpost.com\\\/wp-content\\\/uploads\\\/2023\\\/03\\\/IMG_0674.jpg\",\"datePublished\":\"2023-04-04T01:07:36+00:00\",\"breadcrumb\":{\"@id\":\"https:\\\/\\\/tirinha.com\\\/1016\\\/mora-tini-feid-ou-rauw\\\/#breadcrumb\"},\"inLanguage\":\"nl-NL\",\"potentialAction\":[{\"@type\":\"ReadAction\",\"target\":[\"https:\\\/\\\/tirinha.com\\\/1016\\\/mora-tini-feid-ou-rauw\\\/\"]}]},{\"@type\":\"ImageObject\",\"inLanguage\":\"nl-NL\",\"@id\":\"https:\\\/\\\/tirinha.com\\\/1016\\\/mora-tini-feid-ou-rauw\\\/#primaryimage\",\"url\":\"https:\\\/\\\/elgeneracionalpost.com\\\/wp-content\\\/uploads\\\/2023\\\/03\\\/IMG_0674.jpg\",\"contentUrl\":\"https:\\\/\\\/elgeneracionalpost.com\\\/wp-content\\\/uploads\\\/2023\\\/03\\\/IMG_0674.jpg\"},{\"@type\":\"BreadcrumbList\",\"@id\":\"https:\\\/\\\/tirinha.com\\\/1016\\\/mora-tini-feid-ou-rauw\\\/#breadcrumb\",\"itemListElement\":[{\"@type\":\"ListItem\",\"position\":1,\"name\":\"Home\",\"item\":\"https:\\\/\\\/tirinha.com\\\/\"},{\"@type\":\"ListItem\",\"position\":2,\"name\":\"Mora, Tini, Feid ou Rauw?\"}]},{\"@type\":\"WebSite\",\"@id\":\"https:\\\/\\\/tirinha.com\\\/#website\",\"url\":\"https:\\\/\\\/tirinha.com\\\/\",\"name\":\"Tirinha.com\",\"description\":\"Arte e livros resenhas\",\"publisher\":{\"@id\":\"https:\\\/\\\/tirinha.com\\\/#organization\"},\"potentialAction\":[{\"@type\":\"SearchAction\",\"target\":{\"@type\":\"EntryPoint\",\"urlTemplate\":\"https:\\\/\\\/tirinha.com\\\/?s={search_term_string}\"},\"query-input\":{\"@type\":\"PropertyValueSpecification\",\"valueRequired\":true,\"valueName\":\"search_term_string\"}}],\"inLanguage\":\"nl-NL\"},{\"@type\":\"Organization\",\"@id\":\"https:\\\/\\\/tirinha.com\\\/#organization\",\"name\":\"Tirinha.com\",\"url\":\"https:\\\/\\\/tirinha.com\\\/\",\"logo\":{\"@type\":\"ImageObject\",\"inLanguage\":\"nl-NL\",\"@id\":\"https:\\\/\\\/tirinha.com\\\/#\\\/schema\\\/logo\\\/image\\\/\",\"url\":\"https:\\\/\\\/tirinha.com\\\/wp-content\\\/uploads\\\/2023\\\/08\\\/cropped-Logo-Tirinha.webp\",\"contentUrl\":\"https:\\\/\\\/tirinha.com\\\/wp-content\\\/uploads\\\/2023\\\/08\\\/cropped-Logo-Tirinha.webp\",\"width\":512,\"height\":512,\"caption\":\"Tirinha.com\"},\"image\":{\"@id\":\"https:\\\/\\\/tirinha.com\\\/#\\\/schema\\\/logo\\\/image\\\/\"}},{\"@type\":\"Person\",\"@id\":\"https:\\\/\\\/tirinha.com\\\/#\\\/schema\\\/person\\\/e22bdfbe17e0461f7e927e6a1208d4d9\",\"name\":\"admin\",\"image\":{\"@type\":\"ImageObject\",\"inLanguage\":\"nl-NL\",\"@id\":\"https:\\\/\\\/tirinha.com\\\/wp-content\\\/litespeed\\\/avatar\\\/d0068f7931cc87d7274eb0c3db1deb4b.jpg?ver=1777434315\",\"url\":\"https:\\\/\\\/tirinha.com\\\/wp-content\\\/litespeed\\\/avatar\\\/d0068f7931cc87d7274eb0c3db1deb4b.jpg?ver=1777434315\",\"contentUrl\":\"https:\\\/\\\/tirinha.com\\\/wp-content\\\/litespeed\\\/avatar\\\/d0068f7931cc87d7274eb0c3db1deb4b.jpg?ver=1777434315\",\"caption\":\"admin\"},\"sameAs\":[\"https:\\\/\\\/tirinha.com\"],\"url\":\"https:\\\/\\\/tirinha.com\\\/nl\\\/author\\\/admin\\\/\"}]}<\/script>\n<!-- \/ Yoast SEO plugin. -->","yoast_head_json":{"title":"Mora, Tini, Feid ou Rauw? - Tirinha.com","robots":{"index":"index","follow":"follow","max-snippet":"max-snippet:-1","max-image-preview":"max-image-preview:large","max-video-preview":"max-video-preview:-1"},"canonical":"https:\/\/tirinha.com\/nl\/1016\/mora-tini-feid-ou-rauw\/","og_locale":"nl_NL","og_type":"article","og_title":"Mora, Tini, Feid ou Rauw? - Tirinha.com","og_description":"Arenal Sound apresenta uma quantidade desconhecida como atra\u00e7\u00e3o principal no primeiro dia do festival Depois de divulgar a escala\u00e7\u00e3o confirmada, &hellip;","og_url":"https:\/\/tirinha.com\/nl\/1016\/mora-tini-feid-ou-rauw\/","og_site_name":"Tirinha.com","article_published_time":"2023-04-04T01:07:36+00:00","og_image":[{"url":"https:\/\/elgeneracionalpost.com\/wp-content\/uploads\/2023\/03\/IMG_0674.jpg","type":"","width":"","height":""}],"author":"admin","twitter_card":"summary_large_image","twitter_image":"https:\/\/elgeneracionalpost.com\/wp-content\/uploads\/2023\/03\/IMG_0674.jpg","twitter_misc":{"Geschreven door":"admin","Geschatte leestijd":"1 minuut"},"schema":{"@context":"https:\/\/schema.org","@graph":[{"@type":"Article","@id":"https:\/\/tirinha.com\/1016\/mora-tini-feid-ou-rauw\/#article","isPartOf":{"@id":"https:\/\/tirinha.com\/1016\/mora-tini-feid-ou-rauw\/"},"author":{"name":"admin","@id":"https:\/\/tirinha.com\/#\/schema\/person\/e22bdfbe17e0461f7e927e6a1208d4d9"},"headline":"Mora, Tini, Feid ou Rauw?","datePublished":"2023-04-04T01:07:36+00:00","mainEntityOfPage":{"@id":"https:\/\/tirinha.com\/1016\/mora-tini-feid-ou-rauw\/"},"wordCount":287,"commentCount":0,"publisher":{"@id":"https:\/\/tirinha.com\/#organization"},"image":{"@id":"https:\/\/tirinha.com\/1016\/mora-tini-feid-ou-rauw\/#primaryimage"},"thumbnailUrl":"https:\/\/elgeneracionalpost.com\/wp-content\/uploads\/2023\/03\/IMG_0674.jpg","articleSection":["Cultura e lazer"],"inLanguage":"nl-NL","potentialAction":[{"@type":"CommentAction","name":"Comment","target":["https:\/\/tirinha.com\/1016\/mora-tini-feid-ou-rauw\/#respond"]}]},{"@type":"WebPage","@id":"https:\/\/tirinha.com\/1016\/mora-tini-feid-ou-rauw\/","url":"https:\/\/tirinha.com\/1016\/mora-tini-feid-ou-rauw\/","name":"Mora, Tini, Feid ou Rauw? - Tirinha.com","isPartOf":{"@id":"https:\/\/tirinha.com\/#website"},"primaryImageOfPage":{"@id":"https:\/\/tirinha.com\/1016\/mora-tini-feid-ou-rauw\/#primaryimage"},"image":{"@id":"https:\/\/tirinha.com\/1016\/mora-tini-feid-ou-rauw\/#primaryimage"},"thumbnailUrl":"https:\/\/elgeneracionalpost.com\/wp-content\/uploads\/2023\/03\/IMG_0674.jpg","datePublished":"2023-04-04T01:07:36+00:00","breadcrumb":{"@id":"https:\/\/tirinha.com\/1016\/mora-tini-feid-ou-rauw\/#breadcrumb"},"inLanguage":"nl-NL","potentialAction":[{"@type":"ReadAction","target":["https:\/\/tirinha.com\/1016\/mora-tini-feid-ou-rauw\/"]}]},{"@type":"ImageObject","inLanguage":"nl-NL","@id":"https:\/\/tirinha.com\/1016\/mora-tini-feid-ou-rauw\/#primaryimage","url":"https:\/\/elgeneracionalpost.com\/wp-content\/uploads\/2023\/03\/IMG_0674.jpg","contentUrl":"https:\/\/elgeneracionalpost.com\/wp-content\/uploads\/2023\/03\/IMG_0674.jpg"},{"@type":"BreadcrumbList","@id":"https:\/\/tirinha.com\/1016\/mora-tini-feid-ou-rauw\/#breadcrumb","itemListElement":[{"@type":"ListItem","position":1,"name":"Home","item":"https:\/\/tirinha.com\/"},{"@type":"ListItem","position":2,"name":"Mora, Tini, Feid ou Rauw?"}]},{"@type":"WebSite","@id":"https:\/\/tirinha.com\/#website","url":"https:\/\/tirinha.com\/","name":"Tirinha.com","description":"Kunst- en boekrecensies","publisher":{"@id":"https:\/\/tirinha.com\/#organization"},"potentialAction":[{"@type":"SearchAction","target":{"@type":"EntryPoint","urlTemplate":"https:\/\/tirinha.com\/?s={search_term_string}"},"query-input":{"@type":"PropertyValueSpecification","valueRequired":true,"valueName":"search_term_string"}}],"inLanguage":"nl-NL"},{"@type":"Organization","@id":"https:\/\/tirinha.com\/#organization","name":"Tirinha.com","url":"https:\/\/tirinha.com\/","logo":{"@type":"ImageObject","inLanguage":"nl-NL","@id":"https:\/\/tirinha.com\/#\/schema\/logo\/image\/","url":"https:\/\/tirinha.com\/wp-content\/uploads\/2023\/08\/cropped-Logo-Tirinha.webp","contentUrl":"https:\/\/tirinha.com\/wp-content\/uploads\/2023\/08\/cropped-Logo-Tirinha.webp","width":512,"height":512,"caption":"Tirinha.com"},"image":{"@id":"https:\/\/tirinha.com\/#\/schema\/logo\/image\/"}},{"@type":"Person","@id":"https:\/\/tirinha.com\/#\/schema\/person\/e22bdfbe17e0461f7e927e6a1208d4d9","name":"beheerder","image":{"@type":"ImageObject","inLanguage":"nl-NL","@id":"https:\/\/tirinha.com\/wp-content\/litespeed\/avatar\/d0068f7931cc87d7274eb0c3db1deb4b.jpg?ver=1777434315","url":"https:\/\/tirinha.com\/wp-content\/litespeed\/avatar\/d0068f7931cc87d7274eb0c3db1deb4b.jpg?ver=1777434315","contentUrl":"https:\/\/tirinha.com\/wp-content\/litespeed\/avatar\/d0068f7931cc87d7274eb0c3db1deb4b.jpg?ver=1777434315","caption":"admin"},"sameAs":["https:\/\/tirinha.com"],"url":"https:\/\/tirinha.com\/nl\/author\/admin\/"}]}},"_links":{"self":[{"href":"https:\/\/tirinha.com\/nl\/wp-json\/wp\/v2\/posts\/1016","targetHints":{"allow":["GET"]}}],"collection":[{"href":"https:\/\/tirinha.com\/nl\/wp-json\/wp\/v2\/posts"}],"about":[{"href":"https:\/\/tirinha.com\/nl\/wp-json\/wp\/v2\/types\/post"}],"author":[{"embeddable":true,"href":"https:\/\/tirinha.com\/nl\/wp-json\/wp\/v2\/users\/1"}],"replies":[{"embeddable":true,"href":"https:\/\/tirinha.com\/nl\/wp-json\/wp\/v2\/comments?post=1016"}],"version-history":[{"count":0,"href":"https:\/\/tirinha.com\/nl\/wp-json\/wp\/v2\/posts\/1016\/revisions"}],"wp:featuredmedia":[{"embeddable":true,"href":"https:\/\/tirinha.com\/nl\/wp-json\/wp\/v2\/media\/1017"}],"wp:attachment":[{"href":"https:\/\/tirinha.com\/nl\/wp-json\/wp\/v2\/media?parent=1016"}],"wp:term":[{"taxonomy":"category","embeddable":true,"href":"https:\/\/tirinha.com\/nl\/wp-json\/wp\/v2\/categories?post=1016"},{"taxonomy":"post_tag","embeddable":true,"href":"https:\/\/tirinha.com\/nl\/wp-json\/wp\/v2\/tags?post=1016"}],"curies":[{"name":"wp","href":"https:\/\/api.w.org\/{rel}","templated":true}]}}