{"id":1012,"date":"2023-04-04T00:40:45","date_gmt":"2023-04-04T00:40:45","guid":{"rendered":"https:\/\/tirinha.com\/programacao-confirmada-e-venda-de-ingressos-diarios\/"},"modified":"2023-04-04T00:40:45","modified_gmt":"2023-04-04T00:40:45","slug":"het-programma-is-bevestigd-en-de-kaartverkoop-start-dagelijks","status":"publish","type":"post","link":"https:\/\/tirinha.com\/nl\/1012\/programacao-confirmada-e-venda-de-ingressos-diarios\/","title":{"rendered":"Het programma is bevestigd en de dagkaarten zijn nu te koop."},"content":{"rendered":"<p><\/p>\n<div data-td-block-uid=\"tdi_70\">\n<div class=\"tdb-block-inner td-fix-index\">\n<h2>Anuel AA, Nicky Jam, Quevedo en een verrassingsact zijn de headliners van Arenal Sound.<\/h2>\n<p>Na maandenlang wachten moest Arenal Sound de release van de poster vervroegen nadat El Hormiguero het nieuws had gelekt.<strong> Emilia Mernes <\/strong>Ik zou op het festival zijn. Vandaag om 15.00 uur werd eindelijk, na maanden wachten, de line-up bekendgemaakt voor het festival dat van 1 tot en met 6 augustus in Burriana, Castell\u00f3n, plaatsvindt. Een line-up met gerenommeerde artiesten zoals... <strong>Anuel AA, Nicky Jam, Quevedo, Morad, Danny Ocean, Young Miko, Nicky Romero, Ana Mena, Lali, Nervo, <\/strong>elk<strong> Schurk uit de Antillen.<\/strong><\/p>\n<p>Via het Instagram-account van Arenal Sound worden prijzen weggegeven. <strong>50 festivaltickets<\/strong>. De voorwaarden zijn eenvoudig: <strong>Volg het account, tag zoveel mogelijk vrienden om meer kansen te krijgen en upload een foto. <em>geschiedenis<\/em> waarbij het verslag van het festival wordt vermeld.<\/strong><\/p>\n<blockquote class=\"instagram-media\" data-instgrm-captioned=\"\" data-instgrm-permalink=\"https:\/\/www.instagram.com\/p\/CqYXB_LqUzP\/?utm_source=ig_embed&amp;utm_campaign=loading\" data-instgrm-version=\"14\" style=\" background:#FFF; border:0; border-radius:3px; box-shadow:0 0 1px 0 rgba(0,0,0,0.5),0 1px 10px 0 rgba(0,0,0,0.15); margin: 1px; max-width:658px; min-width:326px; padding:0; width:99.375%; width:-webkit-calc(100% - 2px); width:calc(100% - 2px);\">\n<\/blockquote>\n<p>Bovendien kondigde het organiserende bedrijf aan dat de volgende <strong>Donderdag 13 april om 12.00 uur<\/strong> Dagkaarten zullen te koop zijn. <strong>vanaf \u20ac35 plus beheerkosten<\/strong>. Deze tickets zijn zeer beperkt beschikbaar en zullen, zodra ze uitverkocht zijn, niet opnieuw te koop worden aangeboden. Om voorrang te krijgen bij de aankoop van tickets op de eerste verkoopdag, <strong>U dient het volgende voorverkoopformulier in te vullen. <\/strong>Vul een e-mailadres in waarop u de exclusieve verkooplink ontvangt op donderdag 13 mei om 12:00 uur. U kunt maximaal 2 tickets per dag per geregistreerd e-mailadres kopen.<\/p>\n<div class=\"sharedaddy sd-block sd-like jetpack-likes-widget-wrapper jetpack-likes-widget-unloaded\" id=\"like-post-wrapper-153844979-84198-642b720d37ae8\" data-src=\"https:\/\/widgets.wp.com\/likes\/#blog_id=153844979&amp;post_id=84198&amp;origin=elgeneracionalpost.com&amp;obj_id=153844979-84198-642b720d37ae8\" data-name=\"like-post-frame-153844979-84198-642b720d37ae8\" data-title=\"Me gusta o Compartir\">\n<h3 class=\"sd-title\">Dit vind ik leuk:<\/h3>\n<p><span class=\"button\"><span>Ik vind het leuk<\/span><\/span> <span class=\"loading\">Laden\u2026<\/span><\/p>\n<p><span class=\"sd-text-color\"\/><\/div>\n<p><h3 class=\"jp-relatedposts-headline\"><em>Verwant<\/em><\/h3>\n<\/p>\n<\/div>\n<\/div>\n<p><script async defer src=\"https:\/\/platform.instagram.com\/en_US\/embeds.js\"><\/script><\/p>","protected":false},"excerpt":{"rendered":"<p>Anuel AA, Nicky Jam, Quevedo e uma surpresa como headliners no Arenal Sound Depois de meses de espera, Arenal Sound &hellip; <\/p>","protected":false},"author":1,"featured_media":1013,"comment_status":"open","ping_status":"open","sticky":false,"template":"","format":"standard","meta":{"fifu_image_url":"https:\/\/elgeneracionalpost.com\/wp-content\/uploads\/2023\/03\/IMG_0674.jpg","fifu_image_alt":"","footnotes":""},"categories":[35],"tags":[],"class_list":["post-1012","post","type-post","status-publish","format-standard","has-post-thumbnail","hentry","category-cultura-e-lazer","latest_post"],"yoast_head":"<!-- This site is optimized with the Yoast SEO plugin v27.3 - https:\/\/yoast.com\/product\/yoast-seo-wordpress\/ -->\n<title>Programa\u00e7\u00e3o confirmada e venda de ingressos di\u00e1rios - Tirinha.com<\/title>\n<meta name=\"robots\" content=\"index, follow, max-snippet:-1, max-image-preview:large, max-video-preview:-1\" \/>\n<link rel=\"canonical\" href=\"https:\/\/tirinha.com\/nl\/1012\/het-programma-is-bevestigd-en-de-kaartverkoop-start-dagelijks\/\" \/>\n<meta property=\"og:locale\" content=\"nl_NL\" \/>\n<meta property=\"og:type\" content=\"article\" \/>\n<meta property=\"og:title\" content=\"Programa\u00e7\u00e3o confirmada e venda de ingressos di\u00e1rios - Tirinha.com\" \/>\n<meta property=\"og:description\" content=\"Anuel AA, Nicky Jam, Quevedo e uma surpresa como headliners no Arenal Sound Depois de meses de espera, Arenal Sound &hellip;\" \/>\n<meta property=\"og:url\" content=\"https:\/\/tirinha.com\/nl\/1012\/het-programma-is-bevestigd-en-de-kaartverkoop-start-dagelijks\/\" \/>\n<meta property=\"og:site_name\" content=\"Tirinha.com\" \/>\n<meta property=\"article:published_time\" content=\"2023-04-04T00:40:45+00:00\" \/>\n<meta property=\"og:image\" content=\"https:\/\/elgeneracionalpost.com\/wp-content\/uploads\/2023\/03\/IMG_0674.jpg\" \/>\n<meta name=\"author\" content=\"admin\" \/>\n<meta name=\"twitter:card\" content=\"summary_large_image\" \/>\n<meta name=\"twitter:image\" content=\"https:\/\/elgeneracionalpost.com\/wp-content\/uploads\/2023\/03\/IMG_0674.jpg\" \/>\n<meta name=\"twitter:label1\" content=\"Geschreven door\" \/>\n\t<meta name=\"twitter:data1\" content=\"admin\" \/>\n\t<meta name=\"twitter:label2\" content=\"Geschatte leestijd\" \/>\n\t<meta name=\"twitter:data2\" content=\"1 minuut\" \/>\n<script type=\"application\/ld+json\" class=\"yoast-schema-graph\">{\"@context\":\"https:\\\/\\\/schema.org\",\"@graph\":[{\"@type\":\"Article\",\"@id\":\"https:\\\/\\\/tirinha.com\\\/1012\\\/programacao-confirmada-e-venda-de-ingressos-diarios\\\/#article\",\"isPartOf\":{\"@id\":\"https:\\\/\\\/tirinha.com\\\/1012\\\/programacao-confirmada-e-venda-de-ingressos-diarios\\\/\"},\"author\":{\"name\":\"admin\",\"@id\":\"https:\\\/\\\/tirinha.com\\\/#\\\/schema\\\/person\\\/e22bdfbe17e0461f7e927e6a1208d4d9\"},\"headline\":\"Programa\u00e7\u00e3o confirmada e venda de ingressos di\u00e1rios\",\"datePublished\":\"2023-04-04T00:40:45+00:00\",\"mainEntityOfPage\":{\"@id\":\"https:\\\/\\\/tirinha.com\\\/1012\\\/programacao-confirmada-e-venda-de-ingressos-diarios\\\/\"},\"wordCount\":254,\"commentCount\":0,\"publisher\":{\"@id\":\"https:\\\/\\\/tirinha.com\\\/#organization\"},\"image\":{\"@id\":\"https:\\\/\\\/tirinha.com\\\/1012\\\/programacao-confirmada-e-venda-de-ingressos-diarios\\\/#primaryimage\"},\"thumbnailUrl\":\"https:\\\/\\\/elgeneracionalpost.com\\\/wp-content\\\/uploads\\\/2023\\\/03\\\/IMG_0674.jpg\",\"articleSection\":[\"Cultura e lazer\"],\"inLanguage\":\"nl-NL\",\"potentialAction\":[{\"@type\":\"CommentAction\",\"name\":\"Comment\",\"target\":[\"https:\\\/\\\/tirinha.com\\\/1012\\\/programacao-confirmada-e-venda-de-ingressos-diarios\\\/#respond\"]}]},{\"@type\":\"WebPage\",\"@id\":\"https:\\\/\\\/tirinha.com\\\/1012\\\/programacao-confirmada-e-venda-de-ingressos-diarios\\\/\",\"url\":\"https:\\\/\\\/tirinha.com\\\/1012\\\/programacao-confirmada-e-venda-de-ingressos-diarios\\\/\",\"name\":\"Programa\u00e7\u00e3o confirmada e venda de ingressos di\u00e1rios - Tirinha.com\",\"isPartOf\":{\"@id\":\"https:\\\/\\\/tirinha.com\\\/#website\"},\"primaryImageOfPage\":{\"@id\":\"https:\\\/\\\/tirinha.com\\\/1012\\\/programacao-confirmada-e-venda-de-ingressos-diarios\\\/#primaryimage\"},\"image\":{\"@id\":\"https:\\\/\\\/tirinha.com\\\/1012\\\/programacao-confirmada-e-venda-de-ingressos-diarios\\\/#primaryimage\"},\"thumbnailUrl\":\"https:\\\/\\\/elgeneracionalpost.com\\\/wp-content\\\/uploads\\\/2023\\\/03\\\/IMG_0674.jpg\",\"datePublished\":\"2023-04-04T00:40:45+00:00\",\"breadcrumb\":{\"@id\":\"https:\\\/\\\/tirinha.com\\\/1012\\\/programacao-confirmada-e-venda-de-ingressos-diarios\\\/#breadcrumb\"},\"inLanguage\":\"nl-NL\",\"potentialAction\":[{\"@type\":\"ReadAction\",\"target\":[\"https:\\\/\\\/tirinha.com\\\/1012\\\/programacao-confirmada-e-venda-de-ingressos-diarios\\\/\"]}]},{\"@type\":\"ImageObject\",\"inLanguage\":\"nl-NL\",\"@id\":\"https:\\\/\\\/tirinha.com\\\/1012\\\/programacao-confirmada-e-venda-de-ingressos-diarios\\\/#primaryimage\",\"url\":\"https:\\\/\\\/elgeneracionalpost.com\\\/wp-content\\\/uploads\\\/2023\\\/03\\\/IMG_0674.jpg\",\"contentUrl\":\"https:\\\/\\\/elgeneracionalpost.com\\\/wp-content\\\/uploads\\\/2023\\\/03\\\/IMG_0674.jpg\"},{\"@type\":\"BreadcrumbList\",\"@id\":\"https:\\\/\\\/tirinha.com\\\/1012\\\/programacao-confirmada-e-venda-de-ingressos-diarios\\\/#breadcrumb\",\"itemListElement\":[{\"@type\":\"ListItem\",\"position\":1,\"name\":\"Home\",\"item\":\"https:\\\/\\\/tirinha.com\\\/\"},{\"@type\":\"ListItem\",\"position\":2,\"name\":\"Programa\u00e7\u00e3o confirmada e venda de ingressos di\u00e1rios\"}]},{\"@type\":\"WebSite\",\"@id\":\"https:\\\/\\\/tirinha.com\\\/#website\",\"url\":\"https:\\\/\\\/tirinha.com\\\/\",\"name\":\"Tirinha.com\",\"description\":\"Arte e livros resenhas\",\"publisher\":{\"@id\":\"https:\\\/\\\/tirinha.com\\\/#organization\"},\"potentialAction\":[{\"@type\":\"SearchAction\",\"target\":{\"@type\":\"EntryPoint\",\"urlTemplate\":\"https:\\\/\\\/tirinha.com\\\/?s={search_term_string}\"},\"query-input\":{\"@type\":\"PropertyValueSpecification\",\"valueRequired\":true,\"valueName\":\"search_term_string\"}}],\"inLanguage\":\"nl-NL\"},{\"@type\":\"Organization\",\"@id\":\"https:\\\/\\\/tirinha.com\\\/#organization\",\"name\":\"Tirinha.com\",\"url\":\"https:\\\/\\\/tirinha.com\\\/\",\"logo\":{\"@type\":\"ImageObject\",\"inLanguage\":\"nl-NL\",\"@id\":\"https:\\\/\\\/tirinha.com\\\/#\\\/schema\\\/logo\\\/image\\\/\",\"url\":\"https:\\\/\\\/tirinha.com\\\/wp-content\\\/uploads\\\/2023\\\/08\\\/cropped-Logo-Tirinha.webp\",\"contentUrl\":\"https:\\\/\\\/tirinha.com\\\/wp-content\\\/uploads\\\/2023\\\/08\\\/cropped-Logo-Tirinha.webp\",\"width\":512,\"height\":512,\"caption\":\"Tirinha.com\"},\"image\":{\"@id\":\"https:\\\/\\\/tirinha.com\\\/#\\\/schema\\\/logo\\\/image\\\/\"}},{\"@type\":\"Person\",\"@id\":\"https:\\\/\\\/tirinha.com\\\/#\\\/schema\\\/person\\\/e22bdfbe17e0461f7e927e6a1208d4d9\",\"name\":\"admin\",\"image\":{\"@type\":\"ImageObject\",\"inLanguage\":\"nl-NL\",\"@id\":\"https:\\\/\\\/tirinha.com\\\/wp-content\\\/litespeed\\\/avatar\\\/d0068f7931cc87d7274eb0c3db1deb4b.jpg?ver=1776829466\",\"url\":\"https:\\\/\\\/tirinha.com\\\/wp-content\\\/litespeed\\\/avatar\\\/d0068f7931cc87d7274eb0c3db1deb4b.jpg?ver=1776829466\",\"contentUrl\":\"https:\\\/\\\/tirinha.com\\\/wp-content\\\/litespeed\\\/avatar\\\/d0068f7931cc87d7274eb0c3db1deb4b.jpg?ver=1776829466\",\"caption\":\"admin\"},\"sameAs\":[\"https:\\\/\\\/tirinha.com\"],\"url\":\"https:\\\/\\\/tirinha.com\\\/nl\\\/author\\\/admin\\\/\"}]}<\/script>\n<!-- \/ Yoast SEO plugin. -->","yoast_head_json":{"title":"Het programma is bevestigd en de dagkaarten zijn nu te koop - Tirinha.com","robots":{"index":"index","follow":"follow","max-snippet":"max-snippet:-1","max-image-preview":"max-image-preview:large","max-video-preview":"max-video-preview:-1"},"canonical":"https:\/\/tirinha.com\/nl\/1012\/het-programma-is-bevestigd-en-de-kaartverkoop-start-dagelijks\/","og_locale":"nl_NL","og_type":"article","og_title":"Programa\u00e7\u00e3o confirmada e venda de ingressos di\u00e1rios - Tirinha.com","og_description":"Anuel AA, Nicky Jam, Quevedo e uma surpresa como headliners no Arenal Sound Depois de meses de espera, Arenal Sound &hellip;","og_url":"https:\/\/tirinha.com\/nl\/1012\/het-programma-is-bevestigd-en-de-kaartverkoop-start-dagelijks\/","og_site_name":"Tirinha.com","article_published_time":"2023-04-04T00:40:45+00:00","og_image":[{"url":"https:\/\/elgeneracionalpost.com\/wp-content\/uploads\/2023\/03\/IMG_0674.jpg","type":"","width":"","height":""}],"author":"admin","twitter_card":"summary_large_image","twitter_image":"https:\/\/elgeneracionalpost.com\/wp-content\/uploads\/2023\/03\/IMG_0674.jpg","twitter_misc":{"Geschreven door":"admin","Geschatte leestijd":"1 minuut"},"schema":{"@context":"https:\/\/schema.org","@graph":[{"@type":"Article","@id":"https:\/\/tirinha.com\/1012\/programacao-confirmada-e-venda-de-ingressos-diarios\/#article","isPartOf":{"@id":"https:\/\/tirinha.com\/1012\/programacao-confirmada-e-venda-de-ingressos-diarios\/"},"author":{"name":"admin","@id":"https:\/\/tirinha.com\/#\/schema\/person\/e22bdfbe17e0461f7e927e6a1208d4d9"},"headline":"Programa\u00e7\u00e3o confirmada e venda de ingressos di\u00e1rios","datePublished":"2023-04-04T00:40:45+00:00","mainEntityOfPage":{"@id":"https:\/\/tirinha.com\/1012\/programacao-confirmada-e-venda-de-ingressos-diarios\/"},"wordCount":254,"commentCount":0,"publisher":{"@id":"https:\/\/tirinha.com\/#organization"},"image":{"@id":"https:\/\/tirinha.com\/1012\/programacao-confirmada-e-venda-de-ingressos-diarios\/#primaryimage"},"thumbnailUrl":"https:\/\/elgeneracionalpost.com\/wp-content\/uploads\/2023\/03\/IMG_0674.jpg","articleSection":["Cultura e lazer"],"inLanguage":"nl-NL","potentialAction":[{"@type":"CommentAction","name":"Comment","target":["https:\/\/tirinha.com\/1012\/programacao-confirmada-e-venda-de-ingressos-diarios\/#respond"]}]},{"@type":"WebPage","@id":"https:\/\/tirinha.com\/1012\/programacao-confirmada-e-venda-de-ingressos-diarios\/","url":"https:\/\/tirinha.com\/1012\/programacao-confirmada-e-venda-de-ingressos-diarios\/","name":"Het programma is bevestigd en de dagkaarten zijn nu te koop - Tirinha.com","isPartOf":{"@id":"https:\/\/tirinha.com\/#website"},"primaryImageOfPage":{"@id":"https:\/\/tirinha.com\/1012\/programacao-confirmada-e-venda-de-ingressos-diarios\/#primaryimage"},"image":{"@id":"https:\/\/tirinha.com\/1012\/programacao-confirmada-e-venda-de-ingressos-diarios\/#primaryimage"},"thumbnailUrl":"https:\/\/elgeneracionalpost.com\/wp-content\/uploads\/2023\/03\/IMG_0674.jpg","datePublished":"2023-04-04T00:40:45+00:00","breadcrumb":{"@id":"https:\/\/tirinha.com\/1012\/programacao-confirmada-e-venda-de-ingressos-diarios\/#breadcrumb"},"inLanguage":"nl-NL","potentialAction":[{"@type":"ReadAction","target":["https:\/\/tirinha.com\/1012\/programacao-confirmada-e-venda-de-ingressos-diarios\/"]}]},{"@type":"ImageObject","inLanguage":"nl-NL","@id":"https:\/\/tirinha.com\/1012\/programacao-confirmada-e-venda-de-ingressos-diarios\/#primaryimage","url":"https:\/\/elgeneracionalpost.com\/wp-content\/uploads\/2023\/03\/IMG_0674.jpg","contentUrl":"https:\/\/elgeneracionalpost.com\/wp-content\/uploads\/2023\/03\/IMG_0674.jpg"},{"@type":"BreadcrumbList","@id":"https:\/\/tirinha.com\/1012\/programacao-confirmada-e-venda-de-ingressos-diarios\/#breadcrumb","itemListElement":[{"@type":"ListItem","position":1,"name":"Home","item":"https:\/\/tirinha.com\/"},{"@type":"ListItem","position":2,"name":"Programa\u00e7\u00e3o confirmada e venda de ingressos di\u00e1rios"}]},{"@type":"WebSite","@id":"https:\/\/tirinha.com\/#website","url":"https:\/\/tirinha.com\/","name":"Tirinha.com","description":"Kunst- en boekrecensies","publisher":{"@id":"https:\/\/tirinha.com\/#organization"},"potentialAction":[{"@type":"SearchAction","target":{"@type":"EntryPoint","urlTemplate":"https:\/\/tirinha.com\/?s={search_term_string}"},"query-input":{"@type":"PropertyValueSpecification","valueRequired":true,"valueName":"search_term_string"}}],"inLanguage":"nl-NL"},{"@type":"Organization","@id":"https:\/\/tirinha.com\/#organization","name":"Tirinha.com","url":"https:\/\/tirinha.com\/","logo":{"@type":"ImageObject","inLanguage":"nl-NL","@id":"https:\/\/tirinha.com\/#\/schema\/logo\/image\/","url":"https:\/\/tirinha.com\/wp-content\/uploads\/2023\/08\/cropped-Logo-Tirinha.webp","contentUrl":"https:\/\/tirinha.com\/wp-content\/uploads\/2023\/08\/cropped-Logo-Tirinha.webp","width":512,"height":512,"caption":"Tirinha.com"},"image":{"@id":"https:\/\/tirinha.com\/#\/schema\/logo\/image\/"}},{"@type":"Person","@id":"https:\/\/tirinha.com\/#\/schema\/person\/e22bdfbe17e0461f7e927e6a1208d4d9","name":"beheerder","image":{"@type":"ImageObject","inLanguage":"nl-NL","@id":"https:\/\/tirinha.com\/wp-content\/litespeed\/avatar\/d0068f7931cc87d7274eb0c3db1deb4b.jpg?ver=1776829466","url":"https:\/\/tirinha.com\/wp-content\/litespeed\/avatar\/d0068f7931cc87d7274eb0c3db1deb4b.jpg?ver=1776829466","contentUrl":"https:\/\/tirinha.com\/wp-content\/litespeed\/avatar\/d0068f7931cc87d7274eb0c3db1deb4b.jpg?ver=1776829466","caption":"admin"},"sameAs":["https:\/\/tirinha.com"],"url":"https:\/\/tirinha.com\/nl\/author\/admin\/"}]}},"_links":{"self":[{"href":"https:\/\/tirinha.com\/nl\/wp-json\/wp\/v2\/posts\/1012","targetHints":{"allow":["GET"]}}],"collection":[{"href":"https:\/\/tirinha.com\/nl\/wp-json\/wp\/v2\/posts"}],"about":[{"href":"https:\/\/tirinha.com\/nl\/wp-json\/wp\/v2\/types\/post"}],"author":[{"embeddable":true,"href":"https:\/\/tirinha.com\/nl\/wp-json\/wp\/v2\/users\/1"}],"replies":[{"embeddable":true,"href":"https:\/\/tirinha.com\/nl\/wp-json\/wp\/v2\/comments?post=1012"}],"version-history":[{"count":0,"href":"https:\/\/tirinha.com\/nl\/wp-json\/wp\/v2\/posts\/1012\/revisions"}],"wp:featuredmedia":[{"embeddable":true,"href":"https:\/\/tirinha.com\/nl\/wp-json\/wp\/v2\/media\/1013"}],"wp:attachment":[{"href":"https:\/\/tirinha.com\/nl\/wp-json\/wp\/v2\/media?parent=1012"}],"wp:term":[{"taxonomy":"category","embeddable":true,"href":"https:\/\/tirinha.com\/nl\/wp-json\/wp\/v2\/categories?post=1012"},{"taxonomy":"post_tag","embeddable":true,"href":"https:\/\/tirinha.com\/nl\/wp-json\/wp\/v2\/tags?post=1012"}],"curies":[{"name":"wp","href":"https:\/\/api.w.org\/{rel}","templated":true}]}}