{"id":962,"date":"2023-04-03T22:50:03","date_gmt":"2023-04-03T22:50:03","guid":{"rendered":"https:\/\/tirinha.com\/compositor-japones-ryuichi-sakamoto-morre-aos-71-anos\/"},"modified":"2023-04-03T22:50:03","modified_gmt":"2023-04-03T22:50:03","slug":"%ec%9d%bc%eb%b3%b8-%ec%9e%91%ea%b3%a1%ea%b0%80-%ec%82%ac%ec%b9%b4%eb%aa%a8%ed%86%a0-%eb%a5%98%ec%9d%b4%ec%b9%98%ea%b0%80-71%ec%84%b8%eb%a1%9c-%eb%b3%84%ec%84%b8%ed%96%88%eb%8b%a4","status":"publish","type":"post","link":"https:\/\/tirinha.com\/ko\/962\/compositor-japones-ryuichi-sakamoto-morre-aos-71-anos\/","title":{"rendered":"\uc77c\ubcf8 \uc791\uace1\uac00 \uc0ac\uce74\ubaa8\ud1a0 \ub958\uc774\uce58\uac00 71\uc138\ub85c \ubcc4\uc138\ud588\ub2e4."},"content":{"rendered":"<p><\/p>\n<p>        \uc77c\ubcf8 \uc791\uace1\uac00 <strong>\uc0ac\uce74\ubaa8\ud1a0 \ub958\uce58<\/strong>, <strong>\ucd5c\uadfc \uc218\uc2ed \ub144\uac04 \uc74c\uc545\uacc4\uc758 \uc704\ub300\ud55c \uc120\uad6c\uc790 \uc911 \ud55c \uba85<\/strong>, \ub2e4\uc591\ud55c \uc2a4\ud0c0\uc77c\uc744 \uc2e4\ud5d8\ud558\uace0 \uc78a\uc744 \uc218 \uc5c6\ub294 \uc0ac\uc6b4\ub4dc\ud2b8\ub799\uc744 \uc791\uace1\ud588\ub358 \uadf8\ub294 3\uc6d4 28\uc77c 71\uc138\uc758 \ub098\uc774\ub85c \uc138\uc0c1\uc744 \ub5a0\ub0ac\ub2e4\uace0 \uc18c\uc18d\uc0ac \uce21\uc774 \uc77c\uc694\uc77c \ubc1c\ud45c\ud588\uc2b5\ub2c8\ub2e4. \uc548\ud0c0\uae5d\uac8c\ub3c4 \uadf8\uc758 \uc8fd\uc74c\uc740 \uc608\uc0c1\ub41c \uc77c\uc774\uc5c8\uc2b5\ub2c8\ub2e4. \uadf8\ub294 \ucd5c\uadfc \ub9d0\uae30 \ub300\uc7a5\uc554 \ud22c\ubcd1 \uc0ac\uc2e4\uc744 \ubc1d\ud788\uba70 \ud22c\ubcd1 \uc0dd\ud65c\uc5d0 \uc804\ub150\ud558\uaca0\ub2e4\uace0 \ubc1d\ud78c \ubc14 \uc788\uc2b5\ub2c8\ub2e4. <strong>\ucd5c\uc2e0 \uc568\ubc94, <\/strong><em><strong>12<\/strong><\/em><strong>,<\/strong> \uba87 \ub2ec \uc804\uc5d0 \ucd9c\uac04\ub41c \uc774 \uc568\ubc94\uc740 \uadf8\uc758 \uc0b6\uc758 \ub9c8\uc9c0\ub9c9 \ub2e8\uacc4\ub97c \ub2f4\uc740 \uc77c\uc885\uc758 \uc74c\uc545 \uc77c\uae30\ub85c, \uadf8\uac00 \ub2e4\uc591\ud55c \uc2ec\ub9ac \uc0c1\ud0dc\ub97c \ud3ec\ucc29\ud55c \uc791\ud488\uc785\ub2c8\ub2e4.\n<\/p>\n<div>\n<p class=\"article-body__text\">\n<p>        \u201c&quot;2020\ub144 6\uc6d4\uc5d0 \ubc1c\uacac\ub41c \uc554\uc5d0 \ub300\ud55c \uce58\ub8cc\ub97c \ubc1b\ub294 \ub3d9\uc548,<strong> <\/strong>\uc0ac\uce74\ubaa8\ud1a0\ub294 \uac74\uac15\uc774 \ud5c8\ub77d\ud558\ub294 \ud55c \uacc4\uc18d\ud574\uc11c \uc77c\uc790\ub9ac\ub97c \ucc3d\ucd9c\ud588\ub2e4. <strong>\uadf8\ub294 \ub9c8\uc9c0\ub9c9\uae4c\uc9c0 \uc74c\uc545\uacfc \ud568\uaed8 \uc0b4\uc558\uc2b5\ub2c8\ub2e4.<\/strong>\u201c&quot;\uadf8\uc758 \uc18c\uc18d\uc0ac\ub294 \uc774\ub807\uac8c \uc9c0\uc801\ud588\ub2e4.&quot;, <strong>\ud754\ud55c<\/strong>\uadf8\ub294 \ud2b8\uc704\ud130\ub97c \ud1b5\ud574 \uc790\uc2e0\uc758 \uc0ac\ub9dd \uc18c\uc2dd\uc744 \uc54c\ub9ac\ub294 \uc131\uba85\uc5d0\uc11c \uc774\uac19\uc774 \ubc1d\ud614\ub2e4.\n<\/p>\n<div class=\"article-body__embed\">\n<blockquote class=\"twitter-tweet\" data-lang=\"es\">\n<p lang=\"zxx\" dir=\"ltr\"><a href=\"https:\/\/t.co\/Fq0hRyp5F4\">pic.twitter.com\/Fq0hRyp5F4<\/a><\/p>\n<p>\u2014\ucee4\uba3c\uc988 (@\ucee4\uba3c\uc988) <a href=\"https:\/\/twitter.com\/commmons\/status\/1642507718832586754?ref_src=twsrc%5Etfw\">2023\ub144 4\uc6d4 2\uc77c<\/a><\/p><\/blockquote>\n<\/div>\n<p class=\"article-body__text\">\n<p>        \ub2e4\uc74c\uacfc \uac19\uc774 \ud615\uc131\ub428 <strong>\uc77c\ubcf8 \uc804\ud1b5 \uc74c\uc545\uacfc \ud074\ub798\uc2dd \uc74c\uc545\uc5d0 \ubaa8\ub450 \ubc1c\uc744 \ub2f4\uadf8\uace0 \uc788\ub294 \ud53c\uc544\ub2c8\uc2a4\ud2b8.<\/strong>~\uc640 \ud568\uaed8 <strong>\ub4dc\ubdd4\uc2dc <\/strong>\uadf8\ub9ac\uace0 <strong>\uc5bd\ud798 <\/strong>\uc8fc\uc694 \ucc38\uace0 \uc790\ub8cc\ub85c, \uc0ac\uce74\ubaa8\ud1a0\ub294 1970\ub144\ub300 \ud6c4\ubc18\uc5d0 \uc124\ub9bd\ub41c \ud68c\uc0ac\uc758 \ucc3d\ub9bd\uc790 \uc911 \ud55c \uba85\uc774\uc5c8\uc2b5\ub2c8\ub2e4. <strong>\uc610\ub85c\uc6b0 \ub9e4\uc9c1 \uc624\ucf00\uc2a4\ud2b8\ub77c<\/strong>, \ud31d \uc74c\uc545\uc5d0 \uc0c8\ub85c\uc6b4 \uae38\uc744 \uc5f4\uc5c8\uace0 \uc5ec\ub7ec \uc804\uc790 \uc74c\uc545 \uc2a4\ud0c0\uc77c\uc758 \uae30\uc6d0\uc774 \ub41c \uadf8\ub8f9. 1978\ub144 \uadf8\ub294 \uccab \uc194\ub85c \uc568\ubc94\uc744 \ubc1c\ud45c\ud588\ub2e4., <em>\uc0ac\uce74\ubaa8\ud1a0 \ub958\uce58\uc758 \ucc9c \uac1c\uc758 \uce7c<\/em>\uadf8\ub294 \uace0\uad6d\uc758 \uc804\ud1b5 \uc74c\uc545\uc5d0 \ubab0\ub450\ud558\ub294 \ud55c\ud3b8, \uc804\uc790 \uc74c\uc545\uc744 \uacc4\uc18d \uc2e4\ud5d8\ud558\uba70 \ud6d7\ub0a0 \uadf8\uac00 \ub420 \uc74c\uc545\uc758 \uae38\uc744 \uc5f4\uc5c8\uc2b5\ub2c8\ub2e4. <strong>\uadf8\uac00 \uacb0\uad6d \uac00\uc7a5 \uc798 \uc54c\ub824\uc9c0\uac8c \ub41c \uc2a4\ud0c0\uc77c\uc740 \ubc14\ub85c \ubbf8\ub2c8\uba40\ub9ac\uc998\uc774\uc5c8\ub2e4.<\/strong> \uc774\ub294 \uc774\ud6c4 \uc218\ub9ce\uc740 \uc2e0\uace0\uc804\uc8fc\uc758\ud48d \uc791\ud488\uacfc \uc601\ud654 \uc74c\uc545\uc73c\ub85c \ubc1c\uc804\ud558\uc5ec \uacb0\uad6d \uadf8\ub97c \uc138\uacc4\uc801\uc778 \uc791\uace1\uac00\ub85c \ub9cc\ub4e4\uc5c8\uc2b5\ub2c8\ub2e4. \uccab \ubc88\uc9f8 \uc791\ud488\uc740 <em>\uba54\ub9ac \ud06c\ub9ac\uc2a4\ub9c8\uc2a4, \ub85c\ub80c\uc2a4 \uc528<\/em> (1983\ub144)\uc740 \uadf8\uc758 \ub3d9\ud5a5\uc778 \uc624\uc2dc\ub9c8 \ub098\uae30\uc0e4 \uac10\ub3c5\uc758 \uc601\ud654\uc600\uace0, \uadf8 \uc774\ud6c4\ub85c\ub3c4 \uc5ec\ub7ec \uc791\ud488\uc774 \uc774\uc5b4\uc84c\ub2e4. <em>\ub9c8\uc9c0\ub9c9 \ud669\uc81c<\/em> (1987), \uadf8\uac00 \uacf5\ub3d9\uc73c\ub85c \uc81c\uc791\ud55c \uc791\ud488 <strong>\ub370\uc774\ube44\ub4dc \ubc88<\/strong> \uadf8\ub807\ub2e4\uba74 \uadf8 \uac00\uce58\ub294 \uc5bc\ub9c8\ub098 \ub420\uae4c\uc694? <strong>\uc624\uc2a4\uce74\uc0c1<\/strong>, <em>\ubcf4\ud638\ud558\ub294 \ud558\ub298 <\/em>(1990) \ub610\ub294 <em>\uc720\ub839<\/em> (2015). \ub97c \uc704\ud574 <strong>\ud398\ub4dc\ub85c \uc54c\ubaa8\ub3c4\ubc14\ub974<\/strong> \uc545\ubcf4\ub97c \uc791\uace1\ud588\ub2e4 <em>\ud558\uc774\ud790<\/em> (1991), \uadf8\ub7ec\ub098 \uadf8\ub4e4 \uc911 \ub204\uad6c\ub3c4 \uc790\uc2e0\uc758 \uc791\uc5c5\uc5d0 \ub9cc\uc871\ud558\uc9c0 \ubabb\ud588\ub2e4.\n<\/p>\n<p>\n    <iframe title=\"Ryuichi Sakamoto  - The Sheltering Sky\" width=\"790\" height=\"444\" src=\"https:\/\/www.youtube.com\/embed\/xLRpPISVgoA?feature=oembed\" frameborder=\"0\" allow=\"accelerometer; autoplay; clipboard-write; encrypted-media; gyroscope; picture-in-picture; web-share\" allowfullscreen><\/iframe>\n<\/p>\n<p class=\"article-body__text\">\n<p>        1992\ub144\uc5d0 \uc0ac\uce74\ubaa8\ud1a0\ub294 \ud55c \uace1\uc744 \uc791\uace1\ud588\ub2e4., <em>\uc9c0\uc911\ud574<\/em>~\uc744 \uc704\ud574<strong> \ubc14\ub974\uc140\ub85c\ub098 \uc62c\ub9bc\ud53d \uac1c\ub9c9\uc2dd<\/strong>. \uc77c\ubcf8\uc778 \uc74c\uc545\uac00\ub294 \ub300\ud559 \uc2dc\uc808\ubd80\ud130 \uc77c\ubcf8 \uc74c\uc545 \uc804\ud1b5\ubfd0\ub9cc \uc544\ub2c8\ub77c \ub2e4\uc591\ud55c \uc138\uacc4 \uc74c\uc545 \uc7a5\ub974\uc5d0 \ub300\ud574 \uae4a\uc774 \uc788\ub294 \uc9c0\uc2dd\uc744 \uc313\uc558\uc73c\uba70, \ube0c\ub77c\uc9c8 \uc74c\uc545\uac00\uc640\ub294 \uc218\ub144\uac04 \ub9e4\uc6b0 \uce5c\ubc00\ud55c \uad00\uacc4\ub97c \uc720\uc9c0\ud574 \uc654\uc2b5\ub2c8\ub2e4. \uadf8\ub294 \ub2e4\uc591\ud55c \uc2a4\ud0c0\uc77c\uacfc \ubc30\uacbd\uc744 \uac00\uc9c4 \uc74c\uc545\uac00\ub4e4\uacfc \ud611\uc5c5\ud574 \uc654\uc2b5\ub2c8\ub2e4. <strong>\uce74\uc5d0\ud0c0\ub178 \ubca8\ub85c\uc18c<\/strong>, <strong>\uc774\uae30 \ud31d<\/strong>, <strong>\uc720\uc218 \uc740\ub450\ub974<\/strong> \uc5b4\ub290 <strong>\ube4c \ub77c\uc2a4\uc6f0.<\/strong> \ub610 \ub2e4\ub978 \uc704\ub300\ud55c \uc74c\uc545 \ud601\uc2e0\uac00\uc640 \ud568\uaed8, <strong>\ub370\uc774\ube44\ub4dc \ubcf4\uc704<\/strong>\ucd2c\uc601 \uc2dc\uae30\uc640 \uacb9\ucce4\ub2e4<em> \uba54\ub9ac \ud06c\ub9ac\uc2a4\ub9c8\uc2a4, \ub85c\ub80c\uc2a4 \uc528<\/em>, \uc0ac\uce74\ubaa8\ud1a0\uac00 \ucd9c\uc5f0\ud558\uae30\ub3c4 \ud55c \uc601\ud654 \uc911 \ud558\ub098. \ud6d7\ub0a0 \uadf8\ub294 \uadf8\uc640 \ub354 \uac00\uae4c\uc6b4 \uce5c\ubd84\uc744 \uc313\uc9c0 \ubabb\ud55c \uac83\uc744 \ud6c4\ud68c\ud558\uac8c \ub41c\ub2e4. \uadf8\ub294 \ub610\ud55c \uc5ec\ub7ec \uc601\ud654\uc758 \uc74c\uc545\uc744 \uc791\uace1\ud558\uae30\ub3c4 \ud588\ub2e4. <strong>\ube44\ub514\uc624 \uac8c\uc784<\/strong>\uadf8\ub294 \uc608\uc220\uac00\uc600\uc73c\uba70, \uc608\uc220 \ud65c\ub3d9\uc5d0 \ubab0\ub450\ud588\uc2b5\ub2c8\ub2e4. <strong>\ubc18\ud575 \ud65c\ub3d9 <\/strong>\ub610\ud55c \uc800\uc791\uad8c\uc744 \ubcf4\ud638\ud558\ub294 \ubc95\ub960\uc5d0 \uc704\ubc30\ub429\ub2c8\ub2e4.\n<\/p>\n<p class=\"article-body__text\">\n<p>        \uc0ac\uce74\ubaa8\ud1a0\ub294 \uc774\ubbf8 \uba87 \ub144 \uc804\uc5d0 \ube44\uc2b7\ud55c \uc77c\uc744 \uacaa\uc5c8\ub2e4. <strong>\ub610 \ub2e4\ub978 \uc554\uc778\ub370, \uc774\ubc88\uc5d0\ub294 \ud6c4\ub450\uc554\uc785\ub2c8\ub2e4.<\/strong>\uadf8\ub140\ub294 \uadf8 \ubcd1\uc5d0\uc11c \ud68c\ubcf5\ud588\uace0, \uc790\uc2e0\uc758 \uacbd\ub825\uc5d0 \uad00\ud55c \ub2e4\ud050\uba58\ud130\ub9ac\uc5d0\uc11c \uadf8 \uc774\uc57c\uae30\ub97c \ub4e4\ub824\uc8fc\uc5c8\uc2b5\ub2c8\ub2e4., <em>\ucf54\ub2e4<\/em>, Filmin\uc5d0\uc11c \ubcfc \uc218 \uc788\ub294 \uc774 \uc791\ud488\uc740, \ub0b4\uc131\uc801\uc774\uace0 \uadf9\ub3c4\ub85c \uc644\ubcbd\uc8fc\uc758\uc790\uc778 \uadf8\uac00 \uba87 \ub144 \uc804 \ub274\uc695\uc5d0 \uc0b4\uba74\uc11c \uc990\uaca8 \ucc3e\ub358 \uc77c\ubcf8 \uc2dd\ub2f9\uc758 \ubc30\uacbd \uc74c\uc545\uc5d0 \uc9c8\ub824 \ub2e4\ub978 \uc0ac\ub78c\uc5d0\uac8c \uc81c\uc548\ud588\ub358 \uc77c\ud654\uac00 \uc720\uba85\ud574\uc9c4 \ubc14 \uc788\ub2e4. <strong>\uc74c\uc2dd\uacfc \uc5b4\uc6b8\ub9ac\ub294 \ud50c\ub808\uc774\ub9ac\uc2a4\ud2b8\ub97c \ub9cc\ub4e4\uc5b4 \ubcf4\uc138\uc694. <\/strong>\uc601\ud654 \uc74c\uc545\uc758 \uac70\uc7a5\uc774\uc790, \uc804\ud1b5\uacfc \uc544\ubc29\uac00\ub974\ub4dc\uc758 \uc911\uac04 \uc9c0\uc810\uc5d0 \ud56d\uc0c1 \uc74c\uc545\uc744 \uc704\uce58\uc2dc\ud0a8 \uc608\uc220\uac00\uc600\ub358 \uadf8\ub294, \uc790\uc2e0\uc774 \ub4dc\ub098\ub4e4\ub358 \uac00\uc7a5 \ud3c9\ubc94\ud55c \uacf5\uac04\uc5d0\uc11c\uc870\ucc28 \uadf8\ub7ec\ud55c \uacbd\ud5a5\uc744 \ubcf4\uc77c \uc218\ubc16\uc5d0 \uc5c6\uc5c8\ub2e4.\n<\/p>\n<\/p><\/div>\n<p><script async src=\"\/\/platform.twitter.com\/widgets.js\" charset=\"utf-8\"><\/script><\/p>","protected":false},"excerpt":{"rendered":"<p>compositor japon\u00eas ryuchi sakamoto, um dos grandes vision\u00e1rios da m\u00fasica das \u00faltimas d\u00e9cadas, experimentador de v\u00e1rios estilos e autor de &hellip; <\/p>","protected":false},"author":1,"featured_media":964,"comment_status":"open","ping_status":"open","sticky":false,"template":"","format":"standard","meta":{"fifu_image_url":"https:\/\/estaticos-cdn.prensaiberica.es\/clip\/3c50a511-c131-4647-8309-55eaecce0925_16-9-aspect-ratio_default_0.jpg","fifu_image_alt":"","footnotes":""},"categories":[35],"tags":[],"class_list":["post-962","post","type-post","status-publish","format-standard","has-post-thumbnail","hentry","category-cultura-e-lazer","latest_post"],"yoast_head":"<!-- This site is optimized with the Yoast SEO plugin v27.3 - https:\/\/yoast.com\/product\/yoast-seo-wordpress\/ -->\n<title>Compositor japon\u00eas Ryuichi Sakamoto morre aos 71 anos - Tirinha.com<\/title>\n<meta name=\"robots\" content=\"index, follow, max-snippet:-1, max-image-preview:large, max-video-preview:-1\" \/>\n<link rel=\"canonical\" href=\"https:\/\/tirinha.com\/ko\/962\/\uc77c\ubcf8-\uc791\uace1\uac00-\uc0ac\uce74\ubaa8\ud1a0-\ub958\uc774\uce58\uac00-71\uc138\ub85c-\ubcc4\uc138\ud588\ub2e4\/\" \/>\n<meta property=\"og:locale\" content=\"ko_KR\" \/>\n<meta property=\"og:type\" content=\"article\" \/>\n<meta property=\"og:title\" content=\"Compositor japon\u00eas Ryuichi Sakamoto morre aos 71 anos - Tirinha.com\" \/>\n<meta property=\"og:description\" content=\"compositor japon\u00eas ryuchi sakamoto, um dos grandes vision\u00e1rios da m\u00fasica das \u00faltimas d\u00e9cadas, experimentador de v\u00e1rios estilos e autor de &hellip;\" \/>\n<meta property=\"og:url\" content=\"https:\/\/tirinha.com\/ko\/962\/\uc77c\ubcf8-\uc791\uace1\uac00-\uc0ac\uce74\ubaa8\ud1a0-\ub958\uc774\uce58\uac00-71\uc138\ub85c-\ubcc4\uc138\ud588\ub2e4\/\" \/>\n<meta property=\"og:site_name\" content=\"Tirinha.com\" \/>\n<meta property=\"article:published_time\" content=\"2023-04-03T22:50:03+00:00\" \/>\n<meta property=\"og:image\" content=\"https:\/\/estaticos-cdn.prensaiberica.es\/clip\/3c50a511-c131-4647-8309-55eaecce0925_16-9-aspect-ratio_default_0.jpg\" \/>\n<meta name=\"author\" content=\"admin\" \/>\n<meta name=\"twitter:card\" content=\"summary_large_image\" \/>\n<meta name=\"twitter:image\" content=\"https:\/\/estaticos-cdn.prensaiberica.es\/clip\/3c50a511-c131-4647-8309-55eaecce0925_16-9-aspect-ratio_default_0.jpg\" \/>\n<meta name=\"twitter:label1\" content=\"\uae00\uc4f4\uc774\" \/>\n\t<meta name=\"twitter:data1\" content=\"admin\" \/>\n\t<meta name=\"twitter:label2\" content=\"\uc608\uc0c1 \ub418\ub294 \ud310\ub3c5 \uc2dc\uac04\" \/>\n\t<meta name=\"twitter:data2\" content=\"3\ubd84\" \/>\n<script type=\"application\/ld+json\" class=\"yoast-schema-graph\">{\"@context\":\"https:\\\/\\\/schema.org\",\"@graph\":[{\"@type\":\"Article\",\"@id\":\"https:\\\/\\\/tirinha.com\\\/962\\\/compositor-japones-ryuichi-sakamoto-morre-aos-71-anos\\\/#article\",\"isPartOf\":{\"@id\":\"https:\\\/\\\/tirinha.com\\\/962\\\/compositor-japones-ryuichi-sakamoto-morre-aos-71-anos\\\/\"},\"author\":{\"name\":\"admin\",\"@id\":\"https:\\\/\\\/tirinha.com\\\/#\\\/schema\\\/person\\\/e22bdfbe17e0461f7e927e6a1208d4d9\"},\"headline\":\"Compositor japon\u00eas Ryuichi Sakamoto morre aos 71 anos\",\"datePublished\":\"2023-04-03T22:50:03+00:00\",\"mainEntityOfPage\":{\"@id\":\"https:\\\/\\\/tirinha.com\\\/962\\\/compositor-japones-ryuichi-sakamoto-morre-aos-71-anos\\\/\"},\"wordCount\":666,\"commentCount\":0,\"publisher\":{\"@id\":\"https:\\\/\\\/tirinha.com\\\/#organization\"},\"image\":{\"@id\":\"https:\\\/\\\/tirinha.com\\\/962\\\/compositor-japones-ryuichi-sakamoto-morre-aos-71-anos\\\/#primaryimage\"},\"thumbnailUrl\":\"https:\\\/\\\/estaticos-cdn.prensaiberica.es\\\/clip\\\/3c50a511-c131-4647-8309-55eaecce0925_16-9-aspect-ratio_default_0.jpg\",\"articleSection\":[\"Cultura e lazer\"],\"inLanguage\":\"ko-KR\",\"potentialAction\":[{\"@type\":\"CommentAction\",\"name\":\"Comment\",\"target\":[\"https:\\\/\\\/tirinha.com\\\/962\\\/compositor-japones-ryuichi-sakamoto-morre-aos-71-anos\\\/#respond\"]}]},{\"@type\":\"WebPage\",\"@id\":\"https:\\\/\\\/tirinha.com\\\/962\\\/compositor-japones-ryuichi-sakamoto-morre-aos-71-anos\\\/\",\"url\":\"https:\\\/\\\/tirinha.com\\\/962\\\/compositor-japones-ryuichi-sakamoto-morre-aos-71-anos\\\/\",\"name\":\"Compositor japon\u00eas Ryuichi Sakamoto morre aos 71 anos - Tirinha.com\",\"isPartOf\":{\"@id\":\"https:\\\/\\\/tirinha.com\\\/#website\"},\"primaryImageOfPage\":{\"@id\":\"https:\\\/\\\/tirinha.com\\\/962\\\/compositor-japones-ryuichi-sakamoto-morre-aos-71-anos\\\/#primaryimage\"},\"image\":{\"@id\":\"https:\\\/\\\/tirinha.com\\\/962\\\/compositor-japones-ryuichi-sakamoto-morre-aos-71-anos\\\/#primaryimage\"},\"thumbnailUrl\":\"https:\\\/\\\/estaticos-cdn.prensaiberica.es\\\/clip\\\/3c50a511-c131-4647-8309-55eaecce0925_16-9-aspect-ratio_default_0.jpg\",\"datePublished\":\"2023-04-03T22:50:03+00:00\",\"breadcrumb\":{\"@id\":\"https:\\\/\\\/tirinha.com\\\/962\\\/compositor-japones-ryuichi-sakamoto-morre-aos-71-anos\\\/#breadcrumb\"},\"inLanguage\":\"ko-KR\",\"potentialAction\":[{\"@type\":\"ReadAction\",\"target\":[\"https:\\\/\\\/tirinha.com\\\/962\\\/compositor-japones-ryuichi-sakamoto-morre-aos-71-anos\\\/\"]}]},{\"@type\":\"ImageObject\",\"inLanguage\":\"ko-KR\",\"@id\":\"https:\\\/\\\/tirinha.com\\\/962\\\/compositor-japones-ryuichi-sakamoto-morre-aos-71-anos\\\/#primaryimage\",\"url\":\"https:\\\/\\\/estaticos-cdn.prensaiberica.es\\\/clip\\\/3c50a511-c131-4647-8309-55eaecce0925_16-9-aspect-ratio_default_0.jpg\",\"contentUrl\":\"https:\\\/\\\/estaticos-cdn.prensaiberica.es\\\/clip\\\/3c50a511-c131-4647-8309-55eaecce0925_16-9-aspect-ratio_default_0.jpg\"},{\"@type\":\"BreadcrumbList\",\"@id\":\"https:\\\/\\\/tirinha.com\\\/962\\\/compositor-japones-ryuichi-sakamoto-morre-aos-71-anos\\\/#breadcrumb\",\"itemListElement\":[{\"@type\":\"ListItem\",\"position\":1,\"name\":\"Home\",\"item\":\"https:\\\/\\\/tirinha.com\\\/\"},{\"@type\":\"ListItem\",\"position\":2,\"name\":\"Compositor japon\u00eas Ryuichi Sakamoto morre aos 71 anos\"}]},{\"@type\":\"WebSite\",\"@id\":\"https:\\\/\\\/tirinha.com\\\/#website\",\"url\":\"https:\\\/\\\/tirinha.com\\\/\",\"name\":\"Tirinha.com\",\"description\":\"Arte e livros resenhas\",\"publisher\":{\"@id\":\"https:\\\/\\\/tirinha.com\\\/#organization\"},\"potentialAction\":[{\"@type\":\"SearchAction\",\"target\":{\"@type\":\"EntryPoint\",\"urlTemplate\":\"https:\\\/\\\/tirinha.com\\\/?s={search_term_string}\"},\"query-input\":{\"@type\":\"PropertyValueSpecification\",\"valueRequired\":true,\"valueName\":\"search_term_string\"}}],\"inLanguage\":\"ko-KR\"},{\"@type\":\"Organization\",\"@id\":\"https:\\\/\\\/tirinha.com\\\/#organization\",\"name\":\"Tirinha.com\",\"url\":\"https:\\\/\\\/tirinha.com\\\/\",\"logo\":{\"@type\":\"ImageObject\",\"inLanguage\":\"ko-KR\",\"@id\":\"https:\\\/\\\/tirinha.com\\\/#\\\/schema\\\/logo\\\/image\\\/\",\"url\":\"https:\\\/\\\/tirinha.com\\\/wp-content\\\/uploads\\\/2023\\\/08\\\/cropped-Logo-Tirinha.webp\",\"contentUrl\":\"https:\\\/\\\/tirinha.com\\\/wp-content\\\/uploads\\\/2023\\\/08\\\/cropped-Logo-Tirinha.webp\",\"width\":512,\"height\":512,\"caption\":\"Tirinha.com\"},\"image\":{\"@id\":\"https:\\\/\\\/tirinha.com\\\/#\\\/schema\\\/logo\\\/image\\\/\"}},{\"@type\":\"Person\",\"@id\":\"https:\\\/\\\/tirinha.com\\\/#\\\/schema\\\/person\\\/e22bdfbe17e0461f7e927e6a1208d4d9\",\"name\":\"admin\",\"image\":{\"@type\":\"ImageObject\",\"inLanguage\":\"ko-KR\",\"@id\":\"https:\\\/\\\/tirinha.com\\\/wp-content\\\/litespeed\\\/avatar\\\/d0068f7931cc87d7274eb0c3db1deb4b.jpg?ver=1776829466\",\"url\":\"https:\\\/\\\/tirinha.com\\\/wp-content\\\/litespeed\\\/avatar\\\/d0068f7931cc87d7274eb0c3db1deb4b.jpg?ver=1776829466\",\"contentUrl\":\"https:\\\/\\\/tirinha.com\\\/wp-content\\\/litespeed\\\/avatar\\\/d0068f7931cc87d7274eb0c3db1deb4b.jpg?ver=1776829466\",\"caption\":\"admin\"},\"sameAs\":[\"https:\\\/\\\/tirinha.com\"],\"url\":\"https:\\\/\\\/tirinha.com\\\/ko\\\/author\\\/admin\\\/\"}]}<\/script>\n<!-- \/ Yoast SEO plugin. -->","yoast_head_json":{"title":"\uc77c\ubcf8 \uc791\uace1\uac00 \uc0ac\uce74\ubaa8\ud1a0 \ub958\uc774\uce58, \ud5a5\ub144 71\uc138\ub85c \ubcc4\uc138 - Tirinha.com","robots":{"index":"index","follow":"follow","max-snippet":"max-snippet:-1","max-image-preview":"max-image-preview:large","max-video-preview":"max-video-preview:-1"},"canonical":"https:\/\/tirinha.com\/ko\/962\/\uc77c\ubcf8-\uc791\uace1\uac00-\uc0ac\uce74\ubaa8\ud1a0-\ub958\uc774\uce58\uac00-71\uc138\ub85c-\ubcc4\uc138\ud588\ub2e4\/","og_locale":"ko_KR","og_type":"article","og_title":"Compositor japon\u00eas Ryuichi Sakamoto morre aos 71 anos - Tirinha.com","og_description":"compositor japon\u00eas ryuchi sakamoto, um dos grandes vision\u00e1rios da m\u00fasica das \u00faltimas d\u00e9cadas, experimentador de v\u00e1rios estilos e autor de &hellip;","og_url":"https:\/\/tirinha.com\/ko\/962\/\uc77c\ubcf8-\uc791\uace1\uac00-\uc0ac\uce74\ubaa8\ud1a0-\ub958\uc774\uce58\uac00-71\uc138\ub85c-\ubcc4\uc138\ud588\ub2e4\/","og_site_name":"Tirinha.com","article_published_time":"2023-04-03T22:50:03+00:00","og_image":[{"url":"https:\/\/estaticos-cdn.prensaiberica.es\/clip\/3c50a511-c131-4647-8309-55eaecce0925_16-9-aspect-ratio_default_0.jpg","type":"","width":"","height":""}],"author":"admin","twitter_card":"summary_large_image","twitter_image":"https:\/\/estaticos-cdn.prensaiberica.es\/clip\/3c50a511-c131-4647-8309-55eaecce0925_16-9-aspect-ratio_default_0.jpg","twitter_misc":{"\uae00\uc4f4\uc774":"admin","\uc608\uc0c1 \ub418\ub294 \ud310\ub3c5 \uc2dc\uac04":"3\ubd84"},"schema":{"@context":"https:\/\/schema.org","@graph":[{"@type":"Article","@id":"https:\/\/tirinha.com\/962\/compositor-japones-ryuichi-sakamoto-morre-aos-71-anos\/#article","isPartOf":{"@id":"https:\/\/tirinha.com\/962\/compositor-japones-ryuichi-sakamoto-morre-aos-71-anos\/"},"author":{"name":"admin","@id":"https:\/\/tirinha.com\/#\/schema\/person\/e22bdfbe17e0461f7e927e6a1208d4d9"},"headline":"Compositor japon\u00eas Ryuichi Sakamoto morre aos 71 anos","datePublished":"2023-04-03T22:50:03+00:00","mainEntityOfPage":{"@id":"https:\/\/tirinha.com\/962\/compositor-japones-ryuichi-sakamoto-morre-aos-71-anos\/"},"wordCount":666,"commentCount":0,"publisher":{"@id":"https:\/\/tirinha.com\/#organization"},"image":{"@id":"https:\/\/tirinha.com\/962\/compositor-japones-ryuichi-sakamoto-morre-aos-71-anos\/#primaryimage"},"thumbnailUrl":"https:\/\/estaticos-cdn.prensaiberica.es\/clip\/3c50a511-c131-4647-8309-55eaecce0925_16-9-aspect-ratio_default_0.jpg","articleSection":["Cultura e lazer"],"inLanguage":"ko-KR","potentialAction":[{"@type":"CommentAction","name":"Comment","target":["https:\/\/tirinha.com\/962\/compositor-japones-ryuichi-sakamoto-morre-aos-71-anos\/#respond"]}]},{"@type":"WebPage","@id":"https:\/\/tirinha.com\/962\/compositor-japones-ryuichi-sakamoto-morre-aos-71-anos\/","url":"https:\/\/tirinha.com\/962\/compositor-japones-ryuichi-sakamoto-morre-aos-71-anos\/","name":"\uc77c\ubcf8 \uc791\uace1\uac00 \uc0ac\uce74\ubaa8\ud1a0 \ub958\uc774\uce58, \ud5a5\ub144 71\uc138\ub85c \ubcc4\uc138 - Tirinha.com","isPartOf":{"@id":"https:\/\/tirinha.com\/#website"},"primaryImageOfPage":{"@id":"https:\/\/tirinha.com\/962\/compositor-japones-ryuichi-sakamoto-morre-aos-71-anos\/#primaryimage"},"image":{"@id":"https:\/\/tirinha.com\/962\/compositor-japones-ryuichi-sakamoto-morre-aos-71-anos\/#primaryimage"},"thumbnailUrl":"https:\/\/estaticos-cdn.prensaiberica.es\/clip\/3c50a511-c131-4647-8309-55eaecce0925_16-9-aspect-ratio_default_0.jpg","datePublished":"2023-04-03T22:50:03+00:00","breadcrumb":{"@id":"https:\/\/tirinha.com\/962\/compositor-japones-ryuichi-sakamoto-morre-aos-71-anos\/#breadcrumb"},"inLanguage":"ko-KR","potentialAction":[{"@type":"ReadAction","target":["https:\/\/tirinha.com\/962\/compositor-japones-ryuichi-sakamoto-morre-aos-71-anos\/"]}]},{"@type":"ImageObject","inLanguage":"ko-KR","@id":"https:\/\/tirinha.com\/962\/compositor-japones-ryuichi-sakamoto-morre-aos-71-anos\/#primaryimage","url":"https:\/\/estaticos-cdn.prensaiberica.es\/clip\/3c50a511-c131-4647-8309-55eaecce0925_16-9-aspect-ratio_default_0.jpg","contentUrl":"https:\/\/estaticos-cdn.prensaiberica.es\/clip\/3c50a511-c131-4647-8309-55eaecce0925_16-9-aspect-ratio_default_0.jpg"},{"@type":"BreadcrumbList","@id":"https:\/\/tirinha.com\/962\/compositor-japones-ryuichi-sakamoto-morre-aos-71-anos\/#breadcrumb","itemListElement":[{"@type":"ListItem","position":1,"name":"Home","item":"https:\/\/tirinha.com\/"},{"@type":"ListItem","position":2,"name":"Compositor japon\u00eas Ryuichi Sakamoto morre aos 71 anos"}]},{"@type":"WebSite","@id":"https:\/\/tirinha.com\/#website","url":"https:\/\/tirinha.com\/","name":"\ud2f0\ub9ac\ub0d0\ub2f7\ucef4","description":"\uc608\uc220 \ubc0f \uc11c\ud3c9","publisher":{"@id":"https:\/\/tirinha.com\/#organization"},"potentialAction":[{"@type":"SearchAction","target":{"@type":"EntryPoint","urlTemplate":"https:\/\/tirinha.com\/?s={search_term_string}"},"query-input":{"@type":"PropertyValueSpecification","valueRequired":true,"valueName":"search_term_string"}}],"inLanguage":"ko-KR"},{"@type":"Organization","@id":"https:\/\/tirinha.com\/#organization","name":"\ud2f0\ub9ac\ub0d0\ub2f7\ucef4","url":"https:\/\/tirinha.com\/","logo":{"@type":"ImageObject","inLanguage":"ko-KR","@id":"https:\/\/tirinha.com\/#\/schema\/logo\/image\/","url":"https:\/\/tirinha.com\/wp-content\/uploads\/2023\/08\/cropped-Logo-Tirinha.webp","contentUrl":"https:\/\/tirinha.com\/wp-content\/uploads\/2023\/08\/cropped-Logo-Tirinha.webp","width":512,"height":512,"caption":"Tirinha.com"},"image":{"@id":"https:\/\/tirinha.com\/#\/schema\/logo\/image\/"}},{"@type":"Person","@id":"https:\/\/tirinha.com\/#\/schema\/person\/e22bdfbe17e0461f7e927e6a1208d4d9","name":"\uad00\ub9ac\uc790","image":{"@type":"ImageObject","inLanguage":"ko-KR","@id":"https:\/\/tirinha.com\/wp-content\/litespeed\/avatar\/d0068f7931cc87d7274eb0c3db1deb4b.jpg?ver=1776829466","url":"https:\/\/tirinha.com\/wp-content\/litespeed\/avatar\/d0068f7931cc87d7274eb0c3db1deb4b.jpg?ver=1776829466","contentUrl":"https:\/\/tirinha.com\/wp-content\/litespeed\/avatar\/d0068f7931cc87d7274eb0c3db1deb4b.jpg?ver=1776829466","caption":"admin"},"sameAs":["https:\/\/tirinha.com"],"url":"https:\/\/tirinha.com\/ko\/author\/admin\/"}]}},"_links":{"self":[{"href":"https:\/\/tirinha.com\/ko\/wp-json\/wp\/v2\/posts\/962","targetHints":{"allow":["GET"]}}],"collection":[{"href":"https:\/\/tirinha.com\/ko\/wp-json\/wp\/v2\/posts"}],"about":[{"href":"https:\/\/tirinha.com\/ko\/wp-json\/wp\/v2\/types\/post"}],"author":[{"embeddable":true,"href":"https:\/\/tirinha.com\/ko\/wp-json\/wp\/v2\/users\/1"}],"replies":[{"embeddable":true,"href":"https:\/\/tirinha.com\/ko\/wp-json\/wp\/v2\/comments?post=962"}],"version-history":[{"count":0,"href":"https:\/\/tirinha.com\/ko\/wp-json\/wp\/v2\/posts\/962\/revisions"}],"wp:featuredmedia":[{"embeddable":true,"href":"https:\/\/tirinha.com\/ko\/wp-json\/wp\/v2\/media\/964"}],"wp:attachment":[{"href":"https:\/\/tirinha.com\/ko\/wp-json\/wp\/v2\/media?parent=962"}],"wp:term":[{"taxonomy":"category","embeddable":true,"href":"https:\/\/tirinha.com\/ko\/wp-json\/wp\/v2\/categories?post=962"},{"taxonomy":"post_tag","embeddable":true,"href":"https:\/\/tirinha.com\/ko\/wp-json\/wp\/v2\/tags?post=962"}],"curies":[{"name":"wp","href":"https:\/\/api.w.org\/{rel}","templated":true}]}}