{"id":933,"date":"2023-04-03T19:01:24","date_gmt":"2023-04-03T19:01:24","guid":{"rendered":"https:\/\/tirinha.com\/getafe-a-feira-do-livro-e-eventual-busca-recuperar-leitores\/"},"modified":"2023-04-03T19:01:24","modified_gmt":"2023-04-03T19:01:24","slug":"%ed%97%a4%ed%83%80%ed%8e%98-%eb%8f%84%ec%84%9c-%eb%b0%95%eb%9e%8c%ed%9a%8c-%ea%b7%b8%eb%a6%ac%ea%b3%a0-%ea%b6%81%ea%b7%b9%ec%a0%81%ec%9c%bc%eb%a1%9c-%eb%8f%85%ec%9e%90%eb%93%a4%ec%9d%98-%eb%a7%88","status":"publish","type":"post","link":"https:\/\/tirinha.com\/ko\/933\/getafe-a-feira-do-livro-e-eventual-busca-recuperar-leitores\/","title":{"rendered":"GETAFE \/ \ub3c4\uc11c \ubc15\ub78c\ud68c \ubc0f \ub3c5\uc790\ub4e4\uc744 \ub418\ucc3e\uae30 \uc704\ud55c \ub178\ub825"},"content":{"rendered":"<p><\/p>\n<div>\n<div>\n<div>\n<p><strong>\uac8c\ud0c0\ud398 \/ 10\uc6d4 17\uc77c \/ \ubb38\ud654<\/strong> \uc81c\ub124\ub784 \ud314\ub77c\uc2dc\uc624 \uad11\uc7a5\uacfc \uadf8 \uc8fc\ubcc0\uc5d0\uc11c \uc0c8\ub85c\uc6b4 \uc911\uace0 \ubc0f \uace0\uc11c \ubc15\ub78c\ud68c\uac00 \uc5f4\ub9bd\ub2c8\ub2e4. \uc8fc\ubbfc\ub4e4\uc740 \ub2e4\uc591\ud55c \ubd80\uc2a4\uc5d0\uc11c \ubaa8\ub4e0 \uc5f0\ub839\ub300\ub97c \uc704\ud55c \ucc45\uc744 \uad6c\uacbd\ud558\uace0 \uad6c\ub9e4\ud560 \uc218 \uc788\ub294 \uae30\ud68c\ub97c \uac16\uac8c \ub429\ub2c8\ub2e4.<\/p>\n<\/div>\n<p>\ubb3c\ub9ac\uc801 \ub9e4\uccb4\ub85c\uc11c\uc758 \ucc45\uc740 \uadf8 \uc790\uccb4\ub85c &quot;\ud2b9\ubcc4\ud55c \uc704\uae30&quot;\ub97c \uacaa\uace0 \uc788\uc73c\uba70, \uc774\ub7ec\ud55c \uc2dc\ub3c4\ub4e4\uc740 \ub9ce\uc740 \uc0ac\ub78c\ub4e4\uc774 \ucc45\uaf42\uc774\uc640 \uc11c\ub78d \uc18d\uc5d0 \ucc45\uc744 &quot;\uc78a\uc5b4\ubc84\ub9b0&quot; \uc0c1\ud669\uc5d0\uc11c \ub3c5\uc790\uc640 \ub3c5\uc11c\uc758 \uc990\uac70\uc6c0\uc744 &quot;\ub418\ucc3e\uc73c\ub824&quot;\ub294 \uac83\uc785\ub2c8\ub2e4. \uc81c\uacf5\ub418\ub294 \ub3c4\uc11c\ub294 &quot;1~2\uc720\ub85c\uc9dc\ub9ac \ud2b9\uac00 \ub3c4\uc11c&quot;\ubd80\ud130 \uc2e0\uac04, \ub9cc\ud654, \uadf8\ub9ac\uace0 \ub2e4\uc591\ud55c \uc5b4\ub9b0\uc774 \ub3c4\uc11c\uae4c\uc9c0 \ub2e4\uc591\ud569\ub2c8\ub2e4. <\/p>\n<\/div>\n<p>\uc608\uc804\ub9cc\ud07c \ud654\ub824\ud558\uc9c0\ub294 \uc54a\uc9c0\ub9cc, \uc774 \ubc15\ub78c\ud68c\ub294 10\uc6d4 30\uc77c\uae4c\uc9c0 \uc5f4\ub9ac\uba70, &quot;\ubaa8\ub4e0 \ubb38\ud559 \ud65c\ub3d9\uc744 \uc774 \uae30\uac04\uc5d0 \uc9d1\uc911\uc2dc\ud0a4\uae30 \uc704\ud574&quot; \uc758\ub3c4\uc801\uc73c\ub85c \ud5e4\ud0c0\ud398 \ud751\uc778 \ucd95\uc81c\uc640 \uc77c\uc815\uc744 \ub9de\ucd98 \uac83\uc774\ub77c\uace0 \ubb38\ud654 \ub2f4\ub2f9 \uc2dc\uc758\uc6d0 \ud30c\ube14\ub85c \ub9c8\ub974\ud2f0\ub124\uc2a4\ub294 \ubc1d\ud614\uc2b5\ub2c8\ub2e4. <\/p>\n<p>\ubcd1\ud589 \ud589\uc0ac\ub85c\ub294 \uc2a4\ud1a0\ub9ac\ud154\ub9c1, &quot;\ube60\ub978&quot; \ubc0f &quot;\uc5f0\uacc4&quot; \ud504\ub808\uc820\ud14c\uc774\uc158, \uadf8\ub9ac\uace0 \ud6c4\uc548 \ub9c8\ub4dc\ub9ac\ub4dc, \ub85c\ub80c\uc870 \uc2e4\ubc14, \uc548\ub4dc\ub808\uc6b0 \ub9c8\ub974\ud2f4, \uc54c\ub809\uc2dc\uc2a4 \ub77c\ubca8\ub85c\uc640 \uac19\uc740 \uc791\uac00\ub4e4\uc758 \ucc38\uc11d\uc774 \ud3ec\ud568\ub420 \uc608\uc815\uc785\ub2c8\ub2e4.<\/p>\n<\/div>","protected":false},"excerpt":{"rendered":"<p>GETAFE \/ 17 OUT \/ CULTURA _ A pra\u00e7a General Pal\u00e1cio e seus arredores acolhem uma nova edi\u00e7\u00e3o da feira &hellip; <\/p>","protected":false},"author":1,"featured_media":934,"comment_status":"open","ping_status":"open","sticky":false,"template":"","format":"standard","meta":{"fifu_image_url":"https:\/\/i0.wp.com\/noticiasparamunicipios.com\/wp-content\/uploads\/2021\/06\/Logo-para-Yoast-1.png?fit=800,298&ssl=1","fifu_image_alt":"","footnotes":""},"categories":[35],"tags":[],"class_list":["post-933","post","type-post","status-publish","format-standard","has-post-thumbnail","hentry","category-cultura-e-lazer","latest_post"],"yoast_head":"<!-- This site is optimized with the Yoast SEO plugin v27.3 - https:\/\/yoast.com\/product\/yoast-seo-wordpress\/ -->\n<title>GETAFE \/ A feira do livro e eventual busca recuperar leitores - Tirinha.com<\/title>\n<meta name=\"robots\" content=\"index, follow, max-snippet:-1, max-image-preview:large, max-video-preview:-1\" \/>\n<link rel=\"canonical\" href=\"https:\/\/tirinha.com\/ko\/933\/\ud5e4\ud0c0\ud398-\ub3c4\uc11c-\ubc15\ub78c\ud68c-\uadf8\ub9ac\uace0-\uad81\uadf9\uc801\uc73c\ub85c-\ub3c5\uc790\ub4e4\uc758-\ub9c8\/\" \/>\n<meta property=\"og:locale\" content=\"ko_KR\" \/>\n<meta property=\"og:type\" content=\"article\" \/>\n<meta property=\"og:title\" content=\"GETAFE \/ A feira do livro e eventual busca recuperar leitores - Tirinha.com\" \/>\n<meta property=\"og:description\" content=\"GETAFE \/ 17 OUT \/ CULTURA _ A pra\u00e7a General Pal\u00e1cio e seus arredores acolhem uma nova edi\u00e7\u00e3o da feira &hellip;\" \/>\n<meta property=\"og:url\" content=\"https:\/\/tirinha.com\/ko\/933\/\ud5e4\ud0c0\ud398-\ub3c4\uc11c-\ubc15\ub78c\ud68c-\uadf8\ub9ac\uace0-\uad81\uadf9\uc801\uc73c\ub85c-\ub3c5\uc790\ub4e4\uc758-\ub9c8\/\" \/>\n<meta property=\"og:site_name\" content=\"Tirinha.com\" \/>\n<meta property=\"article:published_time\" content=\"2023-04-03T19:01:24+00:00\" \/>\n<meta property=\"og:image\" content=\"https:\/\/i0.wp.com\/noticiasparamunicipios.com\/wp-content\/uploads\/2021\/06\/Logo-para-Yoast-1.png?fit=800,298&ssl=1\" \/>\n<meta name=\"author\" content=\"admin\" \/>\n<meta name=\"twitter:card\" content=\"summary_large_image\" \/>\n<meta name=\"twitter:image\" content=\"https:\/\/i0.wp.com\/noticiasparamunicipios.com\/wp-content\/uploads\/2021\/06\/Logo-para-Yoast-1.png?fit=800,298&ssl=1\" \/>\n<meta name=\"twitter:label1\" content=\"\uae00\uc4f4\uc774\" \/>\n\t<meta name=\"twitter:data1\" content=\"admin\" \/>\n\t<meta name=\"twitter:label2\" content=\"\uc608\uc0c1 \ub418\ub294 \ud310\ub3c5 \uc2dc\uac04\" \/>\n\t<meta name=\"twitter:data2\" content=\"1\ubd84\" \/>\n<script type=\"application\/ld+json\" class=\"yoast-schema-graph\">{\"@context\":\"https:\\\/\\\/schema.org\",\"@graph\":[{\"@type\":\"Article\",\"@id\":\"https:\\\/\\\/tirinha.com\\\/933\\\/getafe-a-feira-do-livro-e-eventual-busca-recuperar-leitores\\\/#article\",\"isPartOf\":{\"@id\":\"https:\\\/\\\/tirinha.com\\\/933\\\/getafe-a-feira-do-livro-e-eventual-busca-recuperar-leitores\\\/\"},\"author\":{\"name\":\"admin\",\"@id\":\"https:\\\/\\\/tirinha.com\\\/#\\\/schema\\\/person\\\/e22bdfbe17e0461f7e927e6a1208d4d9\"},\"headline\":\"GETAFE \\\/ A feira do livro e eventual busca recuperar leitores\",\"datePublished\":\"2023-04-03T19:01:24+00:00\",\"mainEntityOfPage\":{\"@id\":\"https:\\\/\\\/tirinha.com\\\/933\\\/getafe-a-feira-do-livro-e-eventual-busca-recuperar-leitores\\\/\"},\"wordCount\":178,\"commentCount\":0,\"publisher\":{\"@id\":\"https:\\\/\\\/tirinha.com\\\/#organization\"},\"image\":{\"@id\":\"https:\\\/\\\/tirinha.com\\\/933\\\/getafe-a-feira-do-livro-e-eventual-busca-recuperar-leitores\\\/#primaryimage\"},\"thumbnailUrl\":\"https:\\\/\\\/i0.wp.com\\\/noticiasparamunicipios.com\\\/wp-content\\\/uploads\\\/2021\\\/06\\\/Logo-para-Yoast-1.png?fit=800,298&ssl=1\",\"articleSection\":[\"Cultura e lazer\"],\"inLanguage\":\"ko-KR\",\"potentialAction\":[{\"@type\":\"CommentAction\",\"name\":\"Comment\",\"target\":[\"https:\\\/\\\/tirinha.com\\\/933\\\/getafe-a-feira-do-livro-e-eventual-busca-recuperar-leitores\\\/#respond\"]}]},{\"@type\":\"WebPage\",\"@id\":\"https:\\\/\\\/tirinha.com\\\/933\\\/getafe-a-feira-do-livro-e-eventual-busca-recuperar-leitores\\\/\",\"url\":\"https:\\\/\\\/tirinha.com\\\/933\\\/getafe-a-feira-do-livro-e-eventual-busca-recuperar-leitores\\\/\",\"name\":\"GETAFE \\\/ A feira do livro e eventual busca recuperar leitores - Tirinha.com\",\"isPartOf\":{\"@id\":\"https:\\\/\\\/tirinha.com\\\/#website\"},\"primaryImageOfPage\":{\"@id\":\"https:\\\/\\\/tirinha.com\\\/933\\\/getafe-a-feira-do-livro-e-eventual-busca-recuperar-leitores\\\/#primaryimage\"},\"image\":{\"@id\":\"https:\\\/\\\/tirinha.com\\\/933\\\/getafe-a-feira-do-livro-e-eventual-busca-recuperar-leitores\\\/#primaryimage\"},\"thumbnailUrl\":\"https:\\\/\\\/i0.wp.com\\\/noticiasparamunicipios.com\\\/wp-content\\\/uploads\\\/2021\\\/06\\\/Logo-para-Yoast-1.png?fit=800,298&ssl=1\",\"datePublished\":\"2023-04-03T19:01:24+00:00\",\"breadcrumb\":{\"@id\":\"https:\\\/\\\/tirinha.com\\\/933\\\/getafe-a-feira-do-livro-e-eventual-busca-recuperar-leitores\\\/#breadcrumb\"},\"inLanguage\":\"ko-KR\",\"potentialAction\":[{\"@type\":\"ReadAction\",\"target\":[\"https:\\\/\\\/tirinha.com\\\/933\\\/getafe-a-feira-do-livro-e-eventual-busca-recuperar-leitores\\\/\"]}]},{\"@type\":\"ImageObject\",\"inLanguage\":\"ko-KR\",\"@id\":\"https:\\\/\\\/tirinha.com\\\/933\\\/getafe-a-feira-do-livro-e-eventual-busca-recuperar-leitores\\\/#primaryimage\",\"url\":\"https:\\\/\\\/i0.wp.com\\\/noticiasparamunicipios.com\\\/wp-content\\\/uploads\\\/2021\\\/06\\\/Logo-para-Yoast-1.png?fit=800,298&ssl=1\",\"contentUrl\":\"https:\\\/\\\/i0.wp.com\\\/noticiasparamunicipios.com\\\/wp-content\\\/uploads\\\/2021\\\/06\\\/Logo-para-Yoast-1.png?fit=800,298&ssl=1\"},{\"@type\":\"BreadcrumbList\",\"@id\":\"https:\\\/\\\/tirinha.com\\\/933\\\/getafe-a-feira-do-livro-e-eventual-busca-recuperar-leitores\\\/#breadcrumb\",\"itemListElement\":[{\"@type\":\"ListItem\",\"position\":1,\"name\":\"Home\",\"item\":\"https:\\\/\\\/tirinha.com\\\/\"},{\"@type\":\"ListItem\",\"position\":2,\"name\":\"GETAFE \\\/ A feira do livro e eventual busca recuperar leitores\"}]},{\"@type\":\"WebSite\",\"@id\":\"https:\\\/\\\/tirinha.com\\\/#website\",\"url\":\"https:\\\/\\\/tirinha.com\\\/\",\"name\":\"Tirinha.com\",\"description\":\"Arte e livros resenhas\",\"publisher\":{\"@id\":\"https:\\\/\\\/tirinha.com\\\/#organization\"},\"potentialAction\":[{\"@type\":\"SearchAction\",\"target\":{\"@type\":\"EntryPoint\",\"urlTemplate\":\"https:\\\/\\\/tirinha.com\\\/?s={search_term_string}\"},\"query-input\":{\"@type\":\"PropertyValueSpecification\",\"valueRequired\":true,\"valueName\":\"search_term_string\"}}],\"inLanguage\":\"ko-KR\"},{\"@type\":\"Organization\",\"@id\":\"https:\\\/\\\/tirinha.com\\\/#organization\",\"name\":\"Tirinha.com\",\"url\":\"https:\\\/\\\/tirinha.com\\\/\",\"logo\":{\"@type\":\"ImageObject\",\"inLanguage\":\"ko-KR\",\"@id\":\"https:\\\/\\\/tirinha.com\\\/#\\\/schema\\\/logo\\\/image\\\/\",\"url\":\"https:\\\/\\\/tirinha.com\\\/wp-content\\\/uploads\\\/2023\\\/08\\\/cropped-Logo-Tirinha.webp\",\"contentUrl\":\"https:\\\/\\\/tirinha.com\\\/wp-content\\\/uploads\\\/2023\\\/08\\\/cropped-Logo-Tirinha.webp\",\"width\":512,\"height\":512,\"caption\":\"Tirinha.com\"},\"image\":{\"@id\":\"https:\\\/\\\/tirinha.com\\\/#\\\/schema\\\/logo\\\/image\\\/\"}},{\"@type\":\"Person\",\"@id\":\"https:\\\/\\\/tirinha.com\\\/#\\\/schema\\\/person\\\/e22bdfbe17e0461f7e927e6a1208d4d9\",\"name\":\"admin\",\"image\":{\"@type\":\"ImageObject\",\"inLanguage\":\"ko-KR\",\"@id\":\"https:\\\/\\\/tirinha.com\\\/wp-content\\\/litespeed\\\/avatar\\\/d0068f7931cc87d7274eb0c3db1deb4b.jpg?ver=1776829466\",\"url\":\"https:\\\/\\\/tirinha.com\\\/wp-content\\\/litespeed\\\/avatar\\\/d0068f7931cc87d7274eb0c3db1deb4b.jpg?ver=1776829466\",\"contentUrl\":\"https:\\\/\\\/tirinha.com\\\/wp-content\\\/litespeed\\\/avatar\\\/d0068f7931cc87d7274eb0c3db1deb4b.jpg?ver=1776829466\",\"caption\":\"admin\"},\"sameAs\":[\"https:\\\/\\\/tirinha.com\"],\"url\":\"https:\\\/\\\/tirinha.com\\\/ko\\\/author\\\/admin\\\/\"}]}<\/script>\n<!-- \/ Yoast SEO plugin. -->","yoast_head_json":{"title":"GETAFE \/ \ub3c4\uc11c \ubc15\ub78c\ud68c\uc640 \ub3c5\uc790\ub4e4\uc744 \ub418\ucc3e\uae30 \uc704\ud55c \uad81\uadf9\uc801\uc778 \ub178\ub825 - Tirinha.com","robots":{"index":"index","follow":"follow","max-snippet":"max-snippet:-1","max-image-preview":"max-image-preview:large","max-video-preview":"max-video-preview:-1"},"canonical":"https:\/\/tirinha.com\/ko\/933\/\ud5e4\ud0c0\ud398-\ub3c4\uc11c-\ubc15\ub78c\ud68c-\uadf8\ub9ac\uace0-\uad81\uadf9\uc801\uc73c\ub85c-\ub3c5\uc790\ub4e4\uc758-\ub9c8\/","og_locale":"ko_KR","og_type":"article","og_title":"GETAFE \/ A feira do livro e eventual busca recuperar leitores - Tirinha.com","og_description":"GETAFE \/ 17 OUT \/ CULTURA _ A pra\u00e7a General Pal\u00e1cio e seus arredores acolhem uma nova edi\u00e7\u00e3o da feira &hellip;","og_url":"https:\/\/tirinha.com\/ko\/933\/\ud5e4\ud0c0\ud398-\ub3c4\uc11c-\ubc15\ub78c\ud68c-\uadf8\ub9ac\uace0-\uad81\uadf9\uc801\uc73c\ub85c-\ub3c5\uc790\ub4e4\uc758-\ub9c8\/","og_site_name":"Tirinha.com","article_published_time":"2023-04-03T19:01:24+00:00","og_image":[{"url":"https:\/\/i0.wp.com\/noticiasparamunicipios.com\/wp-content\/uploads\/2021\/06\/Logo-para-Yoast-1.png?fit=800,298&ssl=1","type":"","width":"","height":""}],"author":"admin","twitter_card":"summary_large_image","twitter_image":"https:\/\/i0.wp.com\/noticiasparamunicipios.com\/wp-content\/uploads\/2021\/06\/Logo-para-Yoast-1.png?fit=800,298&ssl=1","twitter_misc":{"\uae00\uc4f4\uc774":"admin","\uc608\uc0c1 \ub418\ub294 \ud310\ub3c5 \uc2dc\uac04":"1\ubd84"},"schema":{"@context":"https:\/\/schema.org","@graph":[{"@type":"Article","@id":"https:\/\/tirinha.com\/933\/getafe-a-feira-do-livro-e-eventual-busca-recuperar-leitores\/#article","isPartOf":{"@id":"https:\/\/tirinha.com\/933\/getafe-a-feira-do-livro-e-eventual-busca-recuperar-leitores\/"},"author":{"name":"admin","@id":"https:\/\/tirinha.com\/#\/schema\/person\/e22bdfbe17e0461f7e927e6a1208d4d9"},"headline":"GETAFE \/ A feira do livro e eventual busca recuperar leitores","datePublished":"2023-04-03T19:01:24+00:00","mainEntityOfPage":{"@id":"https:\/\/tirinha.com\/933\/getafe-a-feira-do-livro-e-eventual-busca-recuperar-leitores\/"},"wordCount":178,"commentCount":0,"publisher":{"@id":"https:\/\/tirinha.com\/#organization"},"image":{"@id":"https:\/\/tirinha.com\/933\/getafe-a-feira-do-livro-e-eventual-busca-recuperar-leitores\/#primaryimage"},"thumbnailUrl":"https:\/\/i0.wp.com\/noticiasparamunicipios.com\/wp-content\/uploads\/2021\/06\/Logo-para-Yoast-1.png?fit=800,298&ssl=1","articleSection":["Cultura e lazer"],"inLanguage":"ko-KR","potentialAction":[{"@type":"CommentAction","name":"Comment","target":["https:\/\/tirinha.com\/933\/getafe-a-feira-do-livro-e-eventual-busca-recuperar-leitores\/#respond"]}]},{"@type":"WebPage","@id":"https:\/\/tirinha.com\/933\/getafe-a-feira-do-livro-e-eventual-busca-recuperar-leitores\/","url":"https:\/\/tirinha.com\/933\/getafe-a-feira-do-livro-e-eventual-busca-recuperar-leitores\/","name":"GETAFE \/ \ub3c4\uc11c \ubc15\ub78c\ud68c\uc640 \ub3c5\uc790\ub4e4\uc744 \ub418\ucc3e\uae30 \uc704\ud55c \uad81\uadf9\uc801\uc778 \ub178\ub825 - Tirinha.com","isPartOf":{"@id":"https:\/\/tirinha.com\/#website"},"primaryImageOfPage":{"@id":"https:\/\/tirinha.com\/933\/getafe-a-feira-do-livro-e-eventual-busca-recuperar-leitores\/#primaryimage"},"image":{"@id":"https:\/\/tirinha.com\/933\/getafe-a-feira-do-livro-e-eventual-busca-recuperar-leitores\/#primaryimage"},"thumbnailUrl":"https:\/\/i0.wp.com\/noticiasparamunicipios.com\/wp-content\/uploads\/2021\/06\/Logo-para-Yoast-1.png?fit=800,298&ssl=1","datePublished":"2023-04-03T19:01:24+00:00","breadcrumb":{"@id":"https:\/\/tirinha.com\/933\/getafe-a-feira-do-livro-e-eventual-busca-recuperar-leitores\/#breadcrumb"},"inLanguage":"ko-KR","potentialAction":[{"@type":"ReadAction","target":["https:\/\/tirinha.com\/933\/getafe-a-feira-do-livro-e-eventual-busca-recuperar-leitores\/"]}]},{"@type":"ImageObject","inLanguage":"ko-KR","@id":"https:\/\/tirinha.com\/933\/getafe-a-feira-do-livro-e-eventual-busca-recuperar-leitores\/#primaryimage","url":"https:\/\/i0.wp.com\/noticiasparamunicipios.com\/wp-content\/uploads\/2021\/06\/Logo-para-Yoast-1.png?fit=800,298&ssl=1","contentUrl":"https:\/\/i0.wp.com\/noticiasparamunicipios.com\/wp-content\/uploads\/2021\/06\/Logo-para-Yoast-1.png?fit=800,298&ssl=1"},{"@type":"BreadcrumbList","@id":"https:\/\/tirinha.com\/933\/getafe-a-feira-do-livro-e-eventual-busca-recuperar-leitores\/#breadcrumb","itemListElement":[{"@type":"ListItem","position":1,"name":"Home","item":"https:\/\/tirinha.com\/"},{"@type":"ListItem","position":2,"name":"GETAFE \/ A feira do livro e eventual busca recuperar leitores"}]},{"@type":"WebSite","@id":"https:\/\/tirinha.com\/#website","url":"https:\/\/tirinha.com\/","name":"\ud2f0\ub9ac\ub0d0\ub2f7\ucef4","description":"\uc608\uc220 \ubc0f \uc11c\ud3c9","publisher":{"@id":"https:\/\/tirinha.com\/#organization"},"potentialAction":[{"@type":"SearchAction","target":{"@type":"EntryPoint","urlTemplate":"https:\/\/tirinha.com\/?s={search_term_string}"},"query-input":{"@type":"PropertyValueSpecification","valueRequired":true,"valueName":"search_term_string"}}],"inLanguage":"ko-KR"},{"@type":"Organization","@id":"https:\/\/tirinha.com\/#organization","name":"\ud2f0\ub9ac\ub0d0\ub2f7\ucef4","url":"https:\/\/tirinha.com\/","logo":{"@type":"ImageObject","inLanguage":"ko-KR","@id":"https:\/\/tirinha.com\/#\/schema\/logo\/image\/","url":"https:\/\/tirinha.com\/wp-content\/uploads\/2023\/08\/cropped-Logo-Tirinha.webp","contentUrl":"https:\/\/tirinha.com\/wp-content\/uploads\/2023\/08\/cropped-Logo-Tirinha.webp","width":512,"height":512,"caption":"Tirinha.com"},"image":{"@id":"https:\/\/tirinha.com\/#\/schema\/logo\/image\/"}},{"@type":"Person","@id":"https:\/\/tirinha.com\/#\/schema\/person\/e22bdfbe17e0461f7e927e6a1208d4d9","name":"\uad00\ub9ac\uc790","image":{"@type":"ImageObject","inLanguage":"ko-KR","@id":"https:\/\/tirinha.com\/wp-content\/litespeed\/avatar\/d0068f7931cc87d7274eb0c3db1deb4b.jpg?ver=1776829466","url":"https:\/\/tirinha.com\/wp-content\/litespeed\/avatar\/d0068f7931cc87d7274eb0c3db1deb4b.jpg?ver=1776829466","contentUrl":"https:\/\/tirinha.com\/wp-content\/litespeed\/avatar\/d0068f7931cc87d7274eb0c3db1deb4b.jpg?ver=1776829466","caption":"admin"},"sameAs":["https:\/\/tirinha.com"],"url":"https:\/\/tirinha.com\/ko\/author\/admin\/"}]}},"_links":{"self":[{"href":"https:\/\/tirinha.com\/ko\/wp-json\/wp\/v2\/posts\/933","targetHints":{"allow":["GET"]}}],"collection":[{"href":"https:\/\/tirinha.com\/ko\/wp-json\/wp\/v2\/posts"}],"about":[{"href":"https:\/\/tirinha.com\/ko\/wp-json\/wp\/v2\/types\/post"}],"author":[{"embeddable":true,"href":"https:\/\/tirinha.com\/ko\/wp-json\/wp\/v2\/users\/1"}],"replies":[{"embeddable":true,"href":"https:\/\/tirinha.com\/ko\/wp-json\/wp\/v2\/comments?post=933"}],"version-history":[{"count":0,"href":"https:\/\/tirinha.com\/ko\/wp-json\/wp\/v2\/posts\/933\/revisions"}],"wp:featuredmedia":[{"embeddable":true,"href":"https:\/\/tirinha.com\/ko\/wp-json\/wp\/v2\/media\/934"}],"wp:attachment":[{"href":"https:\/\/tirinha.com\/ko\/wp-json\/wp\/v2\/media?parent=933"}],"wp:term":[{"taxonomy":"category","embeddable":true,"href":"https:\/\/tirinha.com\/ko\/wp-json\/wp\/v2\/categories?post=933"},{"taxonomy":"post_tag","embeddable":true,"href":"https:\/\/tirinha.com\/ko\/wp-json\/wp\/v2\/tags?post=933"}],"curies":[{"name":"wp","href":"https:\/\/api.w.org\/{rel}","templated":true}]}}