{"id":902,"date":"2023-04-03T13:57:08","date_gmt":"2023-04-03T13:57:08","guid":{"rendered":"https:\/\/tirinha.com\/coslada-luta-contra-as-noticias-falsas-e-gestao-do-tempo-novas-propostas-de-igualdade\/"},"modified":"2023-04-03T13:57:08","modified_gmt":"2023-04-03T13:57:08","slug":"coslada-luta-contra-as-noticias-falsas-e-gestao-do-tempo-novas-propostas-de-igualdade","status":"publish","type":"post","link":"https:\/\/tirinha.com\/ko\/902\/coslada-luta-contra-as-noticias-falsas-e-gestao-do-tempo-novas-propostas-de-igualdade\/","title":{"rendered":"COSLADA \/ \uac00\uc9dc \ub274\uc2a4\uc640 \uc2dc\uac04 \uad00\ub9ac\uc5d0 \ub9de\uc11c\uace0 \ud3c9\ub4f1\uc744 \uc704\ud55c \uc0c8\ub85c\uc6b4 \uc81c\uc548"},"content":{"rendered":"<p><\/p>\n<div>\n<p>A Conselheira para a Igualdade de Coslada, Teresa Gonz\u00e1lez Aus\u00edn, apresentou esta manh\u00e3 o <strong>A\u00e7\u00f5es pela Igualdade para o segundo trimestre de 2023<\/strong> que come\u00e7ar\u00e1 a se desenvolver a partir do pr\u00f3ximo dia 17 de abril e funcionar\u00e1 at\u00e9 junho. <\/p>\n<p>Entre as novas propostas est\u00e1 a oficina &#8216;N\u00e3o venda sua moto&#8217; para \u00ab<strong>identificar boatos e not\u00edcias enganosas<\/strong> em torno das mulheres\u00bb, explica a vereadora para a Igualdade.  \u00abTrata-se de desmantelar a desinforma\u00e7\u00e3o de g\u00eanero e fornecer as ferramentas para discernir entre a verdade e o engano\u00bb. <\/p>\n<aside class=\"scaip scaip-1\">\n\t\t<\/aside>\n<p>Outra novidade \u00e9 a oficina &#8216;Rumbo a m\u00ed&#8217;, um <strong>Proposta de coaching para concilia\u00e7\u00e3o e gest\u00e3o do tempo<\/strong>enquanto a terceira atividade revisada \u00e9 aquela intitulada &#8216;Cuidados alternativos&#8217;<\/p>\n<p>Este \u00faltimo \u00e9 \u201cum espa\u00e7o para identificar os desconfortos que n\u00e3o s\u00e3o t\u00e3o vis\u00edveis porque se enquadram nos pap\u00e9is que s\u00e3o marcados pelo g\u00eanero e que obrigam as mulheres a multitarefas.  pretendemos ensinar <strong>identificar situa\u00e7\u00f5es que nos causam sobrecarga de responsabilidades que devem ser compartilhadas<\/strong>\u201c, conclui Teresa Gonz\u00e1lez. <\/p>\n<p>A programa\u00e7\u00e3o completa pode ser consultada abaixo:<\/p>\n<aside class=\"scaip scaip-2\">\n\t\t<\/aside>\n<p>O per\u00edodo de inscri\u00e7\u00e3o \u00e9 de 28 de mar\u00e7o a 12 de abril.  As inscri\u00e7\u00f5es podem ser feitas atrav\u00e9s do preenchimento do formul\u00e1rio de inscri\u00e7\u00e3o on-line, atrav\u00e9s do e-mail cidam@ayto-coslada.es ou ligando para o n\u00famero de telefone do Departamento, que \u00e9 91 669 61 20 ou 91 627 82 00 \u2013 Ramal 2200 . <\/p>\n<h2 class=\"wp-block-heading\">A\u00e7\u00f5es pela igualdade<\/h2>\n<p>O plano de a\u00e7\u00e3o caracteriza-se por conter uma oferta diversificada de<strong> atividades que promovam o bem-estar f\u00edsico e emocional das mulheres e aprendizado para a conviv\u00eancia em igualdade e preven\u00e7\u00e3o da viol\u00eancia contra a mulher<\/strong>.<\/p>\n<p>As sedes das atividades ser\u00e3o o CIDAM e o Espa\u00e7o da Igualdade Almudena Grandes no Edif\u00edcio Multifuncional.  Para al\u00e9m das oficinas, est\u00e3o inclu\u00eddas monografias de forma\u00e7\u00e3o e teatro, bem como propostas infantis que permitem partilhar o lazer com a fam\u00edlia, promovendo a igualdade e a co-responsabilidade. <\/p>\n<aside class=\"scaip scaip-3\">\n\t\t<\/aside>\n<p>As a\u00e7\u00f5es apresentadas para o primeiro trimestre foram desenvolvidas de janeiro a mar\u00e7o e contemplaram o <strong>autodefesa emocional por meio de oficinas de fotografia e fam\u00edlia<\/strong>entre outros. <\/p>\n<p><h3 class=\"jp-relatedposts-headline\"><em>\uad00\ub828\ub41c<\/em><\/h3>\n<\/p><\/div>","protected":false},"excerpt":{"rendered":"<p>A Conselheira para a Igualdade de Coslada, Teresa Gonz\u00e1lez Aus\u00edn, apresentou esta manh\u00e3 o A\u00e7\u00f5es pela Igualdade para o segundo &hellip; <\/p>","protected":false},"author":1,"featured_media":903,"comment_status":"open","ping_status":"open","sticky":false,"template":"","format":"standard","meta":{"fifu_image_url":"https:\/\/noticiasparamunicipios.com\/wp-content\/uploads\/2023\/03\/Concejala-de-Igualdad.-Ayto-Coslada.jpg","fifu_image_alt":"","footnotes":""},"categories":[35],"tags":[],"class_list":["post-902","post","type-post","status-publish","format-standard","has-post-thumbnail","hentry","category-cultura-e-lazer","latest_post"],"yoast_head":"<!-- This site is optimized with the Yoast SEO plugin v27.3 - https:\/\/yoast.com\/product\/yoast-seo-wordpress\/ -->\n<title>COSLADA \/ Luta contra as not\u00edcias falsas e gest\u00e3o do tempo, novas propostas de Igualdade - Tirinha.com<\/title>\n<meta name=\"robots\" content=\"index, follow, max-snippet:-1, max-image-preview:large, max-video-preview:-1\" \/>\n<link rel=\"canonical\" href=\"https:\/\/tirinha.com\/ko\/902\/coslada-luta-contra-as-noticias-falsas-e-gestao-do-tempo-novas-propostas-de-igualdade\/\" \/>\n<meta property=\"og:locale\" content=\"ko_KR\" \/>\n<meta property=\"og:type\" content=\"article\" \/>\n<meta property=\"og:title\" content=\"COSLADA \/ Luta contra as not\u00edcias falsas e gest\u00e3o do tempo, novas propostas de Igualdade - Tirinha.com\" \/>\n<meta property=\"og:description\" content=\"A Conselheira para a Igualdade de Coslada, Teresa Gonz\u00e1lez Aus\u00edn, apresentou esta manh\u00e3 o A\u00e7\u00f5es pela Igualdade para o segundo &hellip;\" \/>\n<meta property=\"og:url\" content=\"https:\/\/tirinha.com\/ko\/902\/coslada-luta-contra-as-noticias-falsas-e-gestao-do-tempo-novas-propostas-de-igualdade\/\" \/>\n<meta property=\"og:site_name\" content=\"Tirinha.com\" \/>\n<meta property=\"article:published_time\" content=\"2023-04-03T13:57:08+00:00\" \/>\n<meta property=\"og:image\" content=\"https:\/\/noticiasparamunicipios.com\/wp-content\/uploads\/2023\/03\/Concejala-de-Igualdad.-Ayto-Coslada.jpg\" \/>\n<meta name=\"author\" content=\"admin\" \/>\n<meta name=\"twitter:card\" content=\"summary_large_image\" \/>\n<meta name=\"twitter:image\" content=\"https:\/\/noticiasparamunicipios.com\/wp-content\/uploads\/2023\/03\/Concejala-de-Igualdad.-Ayto-Coslada.jpg\" \/>\n<meta name=\"twitter:label1\" content=\"\uae00\uc4f4\uc774\" \/>\n\t<meta name=\"twitter:data1\" content=\"admin\" \/>\n\t<meta name=\"twitter:label2\" content=\"\uc608\uc0c1 \ub418\ub294 \ud310\ub3c5 \uc2dc\uac04\" \/>\n\t<meta name=\"twitter:data2\" content=\"2\ubd84\" \/>\n<script type=\"application\/ld+json\" class=\"yoast-schema-graph\">{\"@context\":\"https:\\\/\\\/schema.org\",\"@graph\":[{\"@type\":\"Article\",\"@id\":\"https:\\\/\\\/tirinha.com\\\/902\\\/coslada-luta-contra-as-noticias-falsas-e-gestao-do-tempo-novas-propostas-de-igualdade\\\/#article\",\"isPartOf\":{\"@id\":\"https:\\\/\\\/tirinha.com\\\/902\\\/coslada-luta-contra-as-noticias-falsas-e-gestao-do-tempo-novas-propostas-de-igualdade\\\/\"},\"author\":{\"name\":\"admin\",\"@id\":\"https:\\\/\\\/tirinha.com\\\/#\\\/schema\\\/person\\\/e22bdfbe17e0461f7e927e6a1208d4d9\"},\"headline\":\"COSLADA \\\/ Luta contra as not\u00edcias falsas e gest\u00e3o do tempo, novas propostas de Igualdade\",\"datePublished\":\"2023-04-03T13:57:08+00:00\",\"mainEntityOfPage\":{\"@id\":\"https:\\\/\\\/tirinha.com\\\/902\\\/coslada-luta-contra-as-noticias-falsas-e-gestao-do-tempo-novas-propostas-de-igualdade\\\/\"},\"wordCount\":380,\"commentCount\":0,\"publisher\":{\"@id\":\"https:\\\/\\\/tirinha.com\\\/#organization\"},\"image\":{\"@id\":\"https:\\\/\\\/tirinha.com\\\/902\\\/coslada-luta-contra-as-noticias-falsas-e-gestao-do-tempo-novas-propostas-de-igualdade\\\/#primaryimage\"},\"thumbnailUrl\":\"https:\\\/\\\/noticiasparamunicipios.com\\\/wp-content\\\/uploads\\\/2023\\\/03\\\/Concejala-de-Igualdad.-Ayto-Coslada.jpg\",\"articleSection\":[\"Cultura e lazer\"],\"inLanguage\":\"ko-KR\",\"potentialAction\":[{\"@type\":\"CommentAction\",\"name\":\"Comment\",\"target\":[\"https:\\\/\\\/tirinha.com\\\/902\\\/coslada-luta-contra-as-noticias-falsas-e-gestao-do-tempo-novas-propostas-de-igualdade\\\/#respond\"]}]},{\"@type\":\"WebPage\",\"@id\":\"https:\\\/\\\/tirinha.com\\\/902\\\/coslada-luta-contra-as-noticias-falsas-e-gestao-do-tempo-novas-propostas-de-igualdade\\\/\",\"url\":\"https:\\\/\\\/tirinha.com\\\/902\\\/coslada-luta-contra-as-noticias-falsas-e-gestao-do-tempo-novas-propostas-de-igualdade\\\/\",\"name\":\"COSLADA \\\/ Luta contra as not\u00edcias falsas e gest\u00e3o do tempo, novas propostas de Igualdade - Tirinha.com\",\"isPartOf\":{\"@id\":\"https:\\\/\\\/tirinha.com\\\/#website\"},\"primaryImageOfPage\":{\"@id\":\"https:\\\/\\\/tirinha.com\\\/902\\\/coslada-luta-contra-as-noticias-falsas-e-gestao-do-tempo-novas-propostas-de-igualdade\\\/#primaryimage\"},\"image\":{\"@id\":\"https:\\\/\\\/tirinha.com\\\/902\\\/coslada-luta-contra-as-noticias-falsas-e-gestao-do-tempo-novas-propostas-de-igualdade\\\/#primaryimage\"},\"thumbnailUrl\":\"https:\\\/\\\/noticiasparamunicipios.com\\\/wp-content\\\/uploads\\\/2023\\\/03\\\/Concejala-de-Igualdad.-Ayto-Coslada.jpg\",\"datePublished\":\"2023-04-03T13:57:08+00:00\",\"breadcrumb\":{\"@id\":\"https:\\\/\\\/tirinha.com\\\/902\\\/coslada-luta-contra-as-noticias-falsas-e-gestao-do-tempo-novas-propostas-de-igualdade\\\/#breadcrumb\"},\"inLanguage\":\"ko-KR\",\"potentialAction\":[{\"@type\":\"ReadAction\",\"target\":[\"https:\\\/\\\/tirinha.com\\\/902\\\/coslada-luta-contra-as-noticias-falsas-e-gestao-do-tempo-novas-propostas-de-igualdade\\\/\"]}]},{\"@type\":\"ImageObject\",\"inLanguage\":\"ko-KR\",\"@id\":\"https:\\\/\\\/tirinha.com\\\/902\\\/coslada-luta-contra-as-noticias-falsas-e-gestao-do-tempo-novas-propostas-de-igualdade\\\/#primaryimage\",\"url\":\"https:\\\/\\\/noticiasparamunicipios.com\\\/wp-content\\\/uploads\\\/2023\\\/03\\\/Concejala-de-Igualdad.-Ayto-Coslada.jpg\",\"contentUrl\":\"https:\\\/\\\/noticiasparamunicipios.com\\\/wp-content\\\/uploads\\\/2023\\\/03\\\/Concejala-de-Igualdad.-Ayto-Coslada.jpg\"},{\"@type\":\"BreadcrumbList\",\"@id\":\"https:\\\/\\\/tirinha.com\\\/902\\\/coslada-luta-contra-as-noticias-falsas-e-gestao-do-tempo-novas-propostas-de-igualdade\\\/#breadcrumb\",\"itemListElement\":[{\"@type\":\"ListItem\",\"position\":1,\"name\":\"Home\",\"item\":\"https:\\\/\\\/tirinha.com\\\/\"},{\"@type\":\"ListItem\",\"position\":2,\"name\":\"COSLADA \\\/ Luta contra as not\u00edcias falsas e gest\u00e3o do tempo, novas propostas de Igualdade\"}]},{\"@type\":\"WebSite\",\"@id\":\"https:\\\/\\\/tirinha.com\\\/#website\",\"url\":\"https:\\\/\\\/tirinha.com\\\/\",\"name\":\"Tirinha.com\",\"description\":\"Arte e livros resenhas\",\"publisher\":{\"@id\":\"https:\\\/\\\/tirinha.com\\\/#organization\"},\"potentialAction\":[{\"@type\":\"SearchAction\",\"target\":{\"@type\":\"EntryPoint\",\"urlTemplate\":\"https:\\\/\\\/tirinha.com\\\/?s={search_term_string}\"},\"query-input\":{\"@type\":\"PropertyValueSpecification\",\"valueRequired\":true,\"valueName\":\"search_term_string\"}}],\"inLanguage\":\"ko-KR\"},{\"@type\":\"Organization\",\"@id\":\"https:\\\/\\\/tirinha.com\\\/#organization\",\"name\":\"Tirinha.com\",\"url\":\"https:\\\/\\\/tirinha.com\\\/\",\"logo\":{\"@type\":\"ImageObject\",\"inLanguage\":\"ko-KR\",\"@id\":\"https:\\\/\\\/tirinha.com\\\/#\\\/schema\\\/logo\\\/image\\\/\",\"url\":\"https:\\\/\\\/tirinha.com\\\/wp-content\\\/uploads\\\/2023\\\/08\\\/cropped-Logo-Tirinha.webp\",\"contentUrl\":\"https:\\\/\\\/tirinha.com\\\/wp-content\\\/uploads\\\/2023\\\/08\\\/cropped-Logo-Tirinha.webp\",\"width\":512,\"height\":512,\"caption\":\"Tirinha.com\"},\"image\":{\"@id\":\"https:\\\/\\\/tirinha.com\\\/#\\\/schema\\\/logo\\\/image\\\/\"}},{\"@type\":\"Person\",\"@id\":\"https:\\\/\\\/tirinha.com\\\/#\\\/schema\\\/person\\\/e22bdfbe17e0461f7e927e6a1208d4d9\",\"name\":\"admin\",\"image\":{\"@type\":\"ImageObject\",\"inLanguage\":\"ko-KR\",\"@id\":\"https:\\\/\\\/tirinha.com\\\/wp-content\\\/litespeed\\\/avatar\\\/d0068f7931cc87d7274eb0c3db1deb4b.jpg?ver=1777434315\",\"url\":\"https:\\\/\\\/tirinha.com\\\/wp-content\\\/litespeed\\\/avatar\\\/d0068f7931cc87d7274eb0c3db1deb4b.jpg?ver=1777434315\",\"contentUrl\":\"https:\\\/\\\/tirinha.com\\\/wp-content\\\/litespeed\\\/avatar\\\/d0068f7931cc87d7274eb0c3db1deb4b.jpg?ver=1777434315\",\"caption\":\"admin\"},\"sameAs\":[\"https:\\\/\\\/tirinha.com\"],\"url\":\"https:\\\/\\\/tirinha.com\\\/ko\\\/author\\\/admin\\\/\"}]}<\/script>\n<!-- \/ Yoast SEO plugin. -->","yoast_head_json":{"title":"COSLADA \/ Luta contra as not\u00edcias falsas e gest\u00e3o do tempo, novas propostas de Igualdade - Tirinha.com","robots":{"index":"index","follow":"follow","max-snippet":"max-snippet:-1","max-image-preview":"max-image-preview:large","max-video-preview":"max-video-preview:-1"},"canonical":"https:\/\/tirinha.com\/ko\/902\/coslada-luta-contra-as-noticias-falsas-e-gestao-do-tempo-novas-propostas-de-igualdade\/","og_locale":"ko_KR","og_type":"article","og_title":"COSLADA \/ Luta contra as not\u00edcias falsas e gest\u00e3o do tempo, novas propostas de Igualdade - Tirinha.com","og_description":"A Conselheira para a Igualdade de Coslada, Teresa Gonz\u00e1lez Aus\u00edn, apresentou esta manh\u00e3 o A\u00e7\u00f5es pela Igualdade para o segundo &hellip;","og_url":"https:\/\/tirinha.com\/ko\/902\/coslada-luta-contra-as-noticias-falsas-e-gestao-do-tempo-novas-propostas-de-igualdade\/","og_site_name":"Tirinha.com","article_published_time":"2023-04-03T13:57:08+00:00","og_image":[{"url":"https:\/\/noticiasparamunicipios.com\/wp-content\/uploads\/2023\/03\/Concejala-de-Igualdad.-Ayto-Coslada.jpg","type":"","width":"","height":""}],"author":"admin","twitter_card":"summary_large_image","twitter_image":"https:\/\/noticiasparamunicipios.com\/wp-content\/uploads\/2023\/03\/Concejala-de-Igualdad.-Ayto-Coslada.jpg","twitter_misc":{"\uae00\uc4f4\uc774":"admin","\uc608\uc0c1 \ub418\ub294 \ud310\ub3c5 \uc2dc\uac04":"2\ubd84"},"schema":{"@context":"https:\/\/schema.org","@graph":[{"@type":"Article","@id":"https:\/\/tirinha.com\/902\/coslada-luta-contra-as-noticias-falsas-e-gestao-do-tempo-novas-propostas-de-igualdade\/#article","isPartOf":{"@id":"https:\/\/tirinha.com\/902\/coslada-luta-contra-as-noticias-falsas-e-gestao-do-tempo-novas-propostas-de-igualdade\/"},"author":{"name":"admin","@id":"https:\/\/tirinha.com\/#\/schema\/person\/e22bdfbe17e0461f7e927e6a1208d4d9"},"headline":"COSLADA \/ Luta contra as not\u00edcias falsas e gest\u00e3o do tempo, novas propostas de Igualdade","datePublished":"2023-04-03T13:57:08+00:00","mainEntityOfPage":{"@id":"https:\/\/tirinha.com\/902\/coslada-luta-contra-as-noticias-falsas-e-gestao-do-tempo-novas-propostas-de-igualdade\/"},"wordCount":380,"commentCount":0,"publisher":{"@id":"https:\/\/tirinha.com\/#organization"},"image":{"@id":"https:\/\/tirinha.com\/902\/coslada-luta-contra-as-noticias-falsas-e-gestao-do-tempo-novas-propostas-de-igualdade\/#primaryimage"},"thumbnailUrl":"https:\/\/noticiasparamunicipios.com\/wp-content\/uploads\/2023\/03\/Concejala-de-Igualdad.-Ayto-Coslada.jpg","articleSection":["Cultura e lazer"],"inLanguage":"ko-KR","potentialAction":[{"@type":"CommentAction","name":"Comment","target":["https:\/\/tirinha.com\/902\/coslada-luta-contra-as-noticias-falsas-e-gestao-do-tempo-novas-propostas-de-igualdade\/#respond"]}]},{"@type":"WebPage","@id":"https:\/\/tirinha.com\/902\/coslada-luta-contra-as-noticias-falsas-e-gestao-do-tempo-novas-propostas-de-igualdade\/","url":"https:\/\/tirinha.com\/902\/coslada-luta-contra-as-noticias-falsas-e-gestao-do-tempo-novas-propostas-de-igualdade\/","name":"COSLADA \/ Luta contra as not\u00edcias falsas e gest\u00e3o do tempo, novas propostas de Igualdade - Tirinha.com","isPartOf":{"@id":"https:\/\/tirinha.com\/#website"},"primaryImageOfPage":{"@id":"https:\/\/tirinha.com\/902\/coslada-luta-contra-as-noticias-falsas-e-gestao-do-tempo-novas-propostas-de-igualdade\/#primaryimage"},"image":{"@id":"https:\/\/tirinha.com\/902\/coslada-luta-contra-as-noticias-falsas-e-gestao-do-tempo-novas-propostas-de-igualdade\/#primaryimage"},"thumbnailUrl":"https:\/\/noticiasparamunicipios.com\/wp-content\/uploads\/2023\/03\/Concejala-de-Igualdad.-Ayto-Coslada.jpg","datePublished":"2023-04-03T13:57:08+00:00","breadcrumb":{"@id":"https:\/\/tirinha.com\/902\/coslada-luta-contra-as-noticias-falsas-e-gestao-do-tempo-novas-propostas-de-igualdade\/#breadcrumb"},"inLanguage":"ko-KR","potentialAction":[{"@type":"ReadAction","target":["https:\/\/tirinha.com\/902\/coslada-luta-contra-as-noticias-falsas-e-gestao-do-tempo-novas-propostas-de-igualdade\/"]}]},{"@type":"ImageObject","inLanguage":"ko-KR","@id":"https:\/\/tirinha.com\/902\/coslada-luta-contra-as-noticias-falsas-e-gestao-do-tempo-novas-propostas-de-igualdade\/#primaryimage","url":"https:\/\/noticiasparamunicipios.com\/wp-content\/uploads\/2023\/03\/Concejala-de-Igualdad.-Ayto-Coslada.jpg","contentUrl":"https:\/\/noticiasparamunicipios.com\/wp-content\/uploads\/2023\/03\/Concejala-de-Igualdad.-Ayto-Coslada.jpg"},{"@type":"BreadcrumbList","@id":"https:\/\/tirinha.com\/902\/coslada-luta-contra-as-noticias-falsas-e-gestao-do-tempo-novas-propostas-de-igualdade\/#breadcrumb","itemListElement":[{"@type":"ListItem","position":1,"name":"Home","item":"https:\/\/tirinha.com\/"},{"@type":"ListItem","position":2,"name":"COSLADA \/ Luta contra as not\u00edcias falsas e gest\u00e3o do tempo, novas propostas de Igualdade"}]},{"@type":"WebSite","@id":"https:\/\/tirinha.com\/#website","url":"https:\/\/tirinha.com\/","name":"\ud2f0\ub9ac\ub0d0\ub2f7\ucef4","description":"\uc608\uc220 \ubc0f \uc11c\ud3c9","publisher":{"@id":"https:\/\/tirinha.com\/#organization"},"potentialAction":[{"@type":"SearchAction","target":{"@type":"EntryPoint","urlTemplate":"https:\/\/tirinha.com\/?s={search_term_string}"},"query-input":{"@type":"PropertyValueSpecification","valueRequired":true,"valueName":"search_term_string"}}],"inLanguage":"ko-KR"},{"@type":"Organization","@id":"https:\/\/tirinha.com\/#organization","name":"\ud2f0\ub9ac\ub0d0\ub2f7\ucef4","url":"https:\/\/tirinha.com\/","logo":{"@type":"ImageObject","inLanguage":"ko-KR","@id":"https:\/\/tirinha.com\/#\/schema\/logo\/image\/","url":"https:\/\/tirinha.com\/wp-content\/uploads\/2023\/08\/cropped-Logo-Tirinha.webp","contentUrl":"https:\/\/tirinha.com\/wp-content\/uploads\/2023\/08\/cropped-Logo-Tirinha.webp","width":512,"height":512,"caption":"Tirinha.com"},"image":{"@id":"https:\/\/tirinha.com\/#\/schema\/logo\/image\/"}},{"@type":"Person","@id":"https:\/\/tirinha.com\/#\/schema\/person\/e22bdfbe17e0461f7e927e6a1208d4d9","name":"\uad00\ub9ac\uc790","image":{"@type":"ImageObject","inLanguage":"ko-KR","@id":"https:\/\/tirinha.com\/wp-content\/litespeed\/avatar\/d0068f7931cc87d7274eb0c3db1deb4b.jpg?ver=1777434315","url":"https:\/\/tirinha.com\/wp-content\/litespeed\/avatar\/d0068f7931cc87d7274eb0c3db1deb4b.jpg?ver=1777434315","contentUrl":"https:\/\/tirinha.com\/wp-content\/litespeed\/avatar\/d0068f7931cc87d7274eb0c3db1deb4b.jpg?ver=1777434315","caption":"admin"},"sameAs":["https:\/\/tirinha.com"],"url":"https:\/\/tirinha.com\/ko\/author\/admin\/"}]}},"_links":{"self":[{"href":"https:\/\/tirinha.com\/ko\/wp-json\/wp\/v2\/posts\/902","targetHints":{"allow":["GET"]}}],"collection":[{"href":"https:\/\/tirinha.com\/ko\/wp-json\/wp\/v2\/posts"}],"about":[{"href":"https:\/\/tirinha.com\/ko\/wp-json\/wp\/v2\/types\/post"}],"author":[{"embeddable":true,"href":"https:\/\/tirinha.com\/ko\/wp-json\/wp\/v2\/users\/1"}],"replies":[{"embeddable":true,"href":"https:\/\/tirinha.com\/ko\/wp-json\/wp\/v2\/comments?post=902"}],"version-history":[{"count":0,"href":"https:\/\/tirinha.com\/ko\/wp-json\/wp\/v2\/posts\/902\/revisions"}],"wp:featuredmedia":[{"embeddable":true,"href":"https:\/\/tirinha.com\/ko\/wp-json\/wp\/v2\/media\/903"}],"wp:attachment":[{"href":"https:\/\/tirinha.com\/ko\/wp-json\/wp\/v2\/media?parent=902"}],"wp:term":[{"taxonomy":"category","embeddable":true,"href":"https:\/\/tirinha.com\/ko\/wp-json\/wp\/v2\/categories?post=902"},{"taxonomy":"post_tag","embeddable":true,"href":"https:\/\/tirinha.com\/ko\/wp-json\/wp\/v2\/tags?post=902"}],"curies":[{"name":"wp","href":"https:\/\/api.w.org\/{rel}","templated":true}]}}