{"id":1130,"date":"2023-04-12T17:17:33","date_gmt":"2023-04-12T17:17:33","guid":{"rendered":"https:\/\/tirinha.com\/el-silencio-com-aron-piper-e-manu-rios-na-netflix-em-19-de-maio\/"},"modified":"2023-04-12T17:17:33","modified_gmt":"2023-04-12T17:17:33","slug":"el-silencio-com-aron-piper-e-manu-rios-na-netflix-em-19-de-maio","status":"publish","type":"post","link":"https:\/\/tirinha.com\/ko\/1130\/el-silencio-com-aron-piper-e-manu-rios-na-netflix-em-19-de-maio\/","title":{"rendered":"\u2018\uc544\ub860 \ud30c\uc774\ud37c\uc640 \ub9c8\ub204 \ub9ac\uc624\uc2a4 \uc8fc\uc5f0\uc758 &#039;\uc5d8 \uc2e4\ub80c\uc2dc\uc624&#039;\uac00 5\uc6d4 19\uc77c \ub137\ud50c\ub9ad\uc2a4\uc5d0\uc11c \uacf5\uac1c\ub429\ub2c8\ub2e4."},"content":{"rendered":"<p><\/p>\n<div data-td-block-uid=\"tdi_70\">\n<div class=\"tdb-block-inner td-fix-index\">\n<h2>Miniss\u00e9rie criada por Aitor Gabilondo protagonizada pelos atores de Elite, Ar\u00f3n Piper e Manu R\u00edos<\/h2>\n<p><strong>A Netflix revelou hoje o trailer oficial e o p\u00f4ster de <em>O sil\u00eancio<\/em>um thriller psicol\u00f3gico perturbador criado por Aitor Gabilondo e estrelado por Ar\u00f3n Piper que ser\u00e1 lan\u00e7ado globalmente, apenas na Netflix, em 19 de maio.<\/strong><\/p>\n<p>Nas palavras de <strong>Aitor Gabilondo<\/strong>, criador e produtor da miniss\u00e9rie: \u201cSergio Ciscar (Ar\u00f3n Piper) consegue dominar os investigadores sem falar e sem nem saber que o est\u00e3o observando.  S\u00e3o eles que, tentando decifrar cada um de seus gestos, acabam caindo na pr\u00f3pria armadilha e vendo o que querem ver. <strong>Quem \u00e9 a presa ent\u00e3o?<\/strong> Aquele na tela ou quem o est\u00e1 observando?<\/p>\n<p><span class=\"embed-youtube\" style=\"text-align:center; display: block;\"><iframe title=\"El silencio (EN ESPA\u00d1OL) | Tr\u00e1iler oficial | Netflix\" width=\"790\" height=\"444\" src=\"https:\/\/www.youtube.com\/embed\/QlnQ5O69_LA?feature=oembed\" frameborder=\"0\" allow=\"accelerometer; autoplay; clipboard-write; encrypted-media; gyroscope; picture-in-picture; web-share\" allowfullscreen><\/iframe><\/span><\/p>\n<p><em><strong>O sil\u00eancio<\/strong><\/em>  conta a hist\u00f3ria de <strong>S\u00e9rgio Ciscar (Aron Piper)<\/strong>, que \u00e9 solto seis anos ap\u00f3s assassinar os pais, quando ainda era menor de idade.  Durante esse tempo, Sergio n\u00e3o disse uma \u00fanica palavra ou colaborou com a justi\u00e7a, ent\u00e3o tanto as motiva\u00e7\u00f5es do crime quanto suas inten\u00e7\u00f5es atuais s\u00e3o um mist\u00e9rio. <strong>Ana Dussel<\/strong> (Almudena Amor), uma jovem psiquiatra e sua equipe se encarregar\u00e3o de determinar seu potencial perigo para a sociedade. <strong>observando-o secretamente dia e noite, como um animal<\/strong>.<\/p>\n<p><strong>Alea m\u00eddia<\/strong> produz para a Netflix esta miniss\u00e9rie protagonizada <strong>aron piper<\/strong> (<em>A bagun\u00e7a que voc\u00ea deixa, Elite)<\/em>,<strong> Amor Almudena<\/strong> (<em>O bom padr\u00e3o, Hist\u00f3rias para n\u00e3o dormir<\/em>), <strong>Cristina Kovani<\/strong> (<em>A ca\u00e7a<\/em>), <strong>Manu Rios<\/strong> (<em>Elite, A Era da Ira<\/em>), <strong>Aitor Luna<\/strong> (<em>A herdeira da terra, Val\u00e9ria<\/em>),<strong> Ramiro Blas<\/strong> (<em>O Internato: As C\u00fapulas<\/em>), <strong>Aria Bedmar<\/strong> (<em>Os herdeiros da terra, digam-me quem eu sou<\/em>\uadf8\ub9ac\uace0 <strong>Mikel Losada<\/strong> (<em>Ana, Garcia e Garcia)<\/em>entre outros.<\/p>\n<div class=\"sharedaddy sd-block sd-like jetpack-likes-widget-wrapper jetpack-likes-widget-unloaded\" id=\"like-post-wrapper-153844979-85695-6436e7acbb01c\" data-src=\"https:\/\/widgets.wp.com\/likes\/#blog_id=153844979&amp;post_id=85695&amp;origin=elgeneracionalpost.com&amp;obj_id=153844979-85695-6436e7acbb01c\" data-name=\"like-post-frame-153844979-85695-6436e7acbb01c\" data-title=\"Me gusta o Compartir\">\n<h3 class=\"sd-title\">\ub098\ub294 \uc774\uac83\uc744 \uc88b\uc544\ud55c\ub2e4:<\/h3>\n<p><span class=\"button\"><span>\uc88b\uc544\uc694<\/span><\/span> <span class=\"loading\">\ub85c\ub529 \uc911\u2026<\/span><\/p>\n<p><span class=\"sd-text-color\"\/><\/div>\n<p><h3 class=\"jp-relatedposts-headline\"><em>\uad00\ub828\ub41c<\/em><\/h3>\n<\/p>\n<\/div>\n<\/div>","protected":false},"excerpt":{"rendered":"<p>Miniss\u00e9rie criada por Aitor Gabilondo protagonizada pelos atores de Elite, Ar\u00f3n Piper e Manu R\u00edos A Netflix revelou hoje o &hellip; <\/p>","protected":false},"author":1,"featured_media":1132,"comment_status":"open","ping_status":"open","sticky":false,"template":"","format":"standard","meta":{"fifu_image_url":"https:\/\/elgeneracionalpost.com\/wp-content\/uploads\/2023\/04\/0500_EL_SILENCIO_STILL_LANDER_MGL2539-1024x576.jpg","fifu_image_alt":"","footnotes":""},"categories":[35],"tags":[],"class_list":["post-1130","post","type-post","status-publish","format-standard","has-post-thumbnail","hentry","category-cultura-e-lazer","latest_post"],"yoast_head":"<!-- This site is optimized with the Yoast SEO plugin v27.3 - https:\/\/yoast.com\/product\/yoast-seo-wordpress\/ -->\n<title>&#039;El Silencio&#039; com Ar\u00f3n Piper e Manu R\u00edos na Netflix em 19 de maio - Tirinha.com<\/title>\n<meta name=\"robots\" content=\"index, follow, max-snippet:-1, max-image-preview:large, max-video-preview:-1\" \/>\n<link rel=\"canonical\" href=\"https:\/\/tirinha.com\/ko\/1130\/el-silencio-com-aron-piper-e-manu-rios-na-netflix-em-19-de-maio\/\" \/>\n<meta property=\"og:locale\" content=\"ko_KR\" \/>\n<meta property=\"og:type\" content=\"article\" \/>\n<meta property=\"og:title\" content=\"&#039;El Silencio&#039; com Ar\u00f3n Piper e Manu R\u00edos na Netflix em 19 de maio - Tirinha.com\" \/>\n<meta property=\"og:description\" content=\"Miniss\u00e9rie criada por Aitor Gabilondo protagonizada pelos atores de Elite, Ar\u00f3n Piper e Manu R\u00edos A Netflix revelou hoje o &hellip;\" \/>\n<meta property=\"og:url\" content=\"https:\/\/tirinha.com\/ko\/1130\/el-silencio-com-aron-piper-e-manu-rios-na-netflix-em-19-de-maio\/\" \/>\n<meta property=\"og:site_name\" content=\"Tirinha.com\" \/>\n<meta property=\"article:published_time\" content=\"2023-04-12T17:17:33+00:00\" \/>\n<meta property=\"og:image\" content=\"https:\/\/elgeneracionalpost.com\/wp-content\/uploads\/2023\/04\/0500_EL_SILENCIO_STILL_LANDER_MGL2539-1024x576.jpg\" \/>\n<meta name=\"author\" content=\"admin\" \/>\n<meta name=\"twitter:card\" content=\"summary_large_image\" \/>\n<meta name=\"twitter:image\" content=\"https:\/\/elgeneracionalpost.com\/wp-content\/uploads\/2023\/04\/0500_EL_SILENCIO_STILL_LANDER_MGL2539-1024x576.jpg\" \/>\n<meta name=\"twitter:label1\" content=\"\uae00\uc4f4\uc774\" \/>\n\t<meta name=\"twitter:data1\" content=\"admin\" \/>\n\t<meta name=\"twitter:label2\" content=\"\uc608\uc0c1 \ub418\ub294 \ud310\ub3c5 \uc2dc\uac04\" \/>\n\t<meta name=\"twitter:data2\" content=\"2\ubd84\" \/>\n<script type=\"application\/ld+json\" class=\"yoast-schema-graph\">{\"@context\":\"https:\\\/\\\/schema.org\",\"@graph\":[{\"@type\":\"Article\",\"@id\":\"https:\\\/\\\/tirinha.com\\\/1130\\\/el-silencio-com-aron-piper-e-manu-rios-na-netflix-em-19-de-maio\\\/#article\",\"isPartOf\":{\"@id\":\"https:\\\/\\\/tirinha.com\\\/1130\\\/el-silencio-com-aron-piper-e-manu-rios-na-netflix-em-19-de-maio\\\/\"},\"author\":{\"name\":\"admin\",\"@id\":\"https:\\\/\\\/tirinha.com\\\/#\\\/schema\\\/person\\\/e22bdfbe17e0461f7e927e6a1208d4d9\"},\"headline\":\"&#8216;El Silencio&#8217; com Ar\u00f3n Piper e Manu R\u00edos na Netflix em 19 de maio\",\"datePublished\":\"2023-04-12T17:17:33+00:00\",\"mainEntityOfPage\":{\"@id\":\"https:\\\/\\\/tirinha.com\\\/1130\\\/el-silencio-com-aron-piper-e-manu-rios-na-netflix-em-19-de-maio\\\/\"},\"wordCount\":326,\"commentCount\":0,\"publisher\":{\"@id\":\"https:\\\/\\\/tirinha.com\\\/#organization\"},\"image\":{\"@id\":\"https:\\\/\\\/tirinha.com\\\/1130\\\/el-silencio-com-aron-piper-e-manu-rios-na-netflix-em-19-de-maio\\\/#primaryimage\"},\"thumbnailUrl\":\"https:\\\/\\\/elgeneracionalpost.com\\\/wp-content\\\/uploads\\\/2023\\\/04\\\/0500_EL_SILENCIO_STILL_LANDER_MGL2539-1024x576.jpg\",\"articleSection\":[\"Cultura e lazer\"],\"inLanguage\":\"ko-KR\",\"potentialAction\":[{\"@type\":\"CommentAction\",\"name\":\"Comment\",\"target\":[\"https:\\\/\\\/tirinha.com\\\/1130\\\/el-silencio-com-aron-piper-e-manu-rios-na-netflix-em-19-de-maio\\\/#respond\"]}]},{\"@type\":\"WebPage\",\"@id\":\"https:\\\/\\\/tirinha.com\\\/1130\\\/el-silencio-com-aron-piper-e-manu-rios-na-netflix-em-19-de-maio\\\/\",\"url\":\"https:\\\/\\\/tirinha.com\\\/1130\\\/el-silencio-com-aron-piper-e-manu-rios-na-netflix-em-19-de-maio\\\/\",\"name\":\"'El Silencio' com Ar\u00f3n Piper e Manu R\u00edos na Netflix em 19 de maio - Tirinha.com\",\"isPartOf\":{\"@id\":\"https:\\\/\\\/tirinha.com\\\/#website\"},\"primaryImageOfPage\":{\"@id\":\"https:\\\/\\\/tirinha.com\\\/1130\\\/el-silencio-com-aron-piper-e-manu-rios-na-netflix-em-19-de-maio\\\/#primaryimage\"},\"image\":{\"@id\":\"https:\\\/\\\/tirinha.com\\\/1130\\\/el-silencio-com-aron-piper-e-manu-rios-na-netflix-em-19-de-maio\\\/#primaryimage\"},\"thumbnailUrl\":\"https:\\\/\\\/elgeneracionalpost.com\\\/wp-content\\\/uploads\\\/2023\\\/04\\\/0500_EL_SILENCIO_STILL_LANDER_MGL2539-1024x576.jpg\",\"datePublished\":\"2023-04-12T17:17:33+00:00\",\"breadcrumb\":{\"@id\":\"https:\\\/\\\/tirinha.com\\\/1130\\\/el-silencio-com-aron-piper-e-manu-rios-na-netflix-em-19-de-maio\\\/#breadcrumb\"},\"inLanguage\":\"ko-KR\",\"potentialAction\":[{\"@type\":\"ReadAction\",\"target\":[\"https:\\\/\\\/tirinha.com\\\/1130\\\/el-silencio-com-aron-piper-e-manu-rios-na-netflix-em-19-de-maio\\\/\"]}]},{\"@type\":\"ImageObject\",\"inLanguage\":\"ko-KR\",\"@id\":\"https:\\\/\\\/tirinha.com\\\/1130\\\/el-silencio-com-aron-piper-e-manu-rios-na-netflix-em-19-de-maio\\\/#primaryimage\",\"url\":\"https:\\\/\\\/elgeneracionalpost.com\\\/wp-content\\\/uploads\\\/2023\\\/04\\\/0500_EL_SILENCIO_STILL_LANDER_MGL2539-1024x576.jpg\",\"contentUrl\":\"https:\\\/\\\/elgeneracionalpost.com\\\/wp-content\\\/uploads\\\/2023\\\/04\\\/0500_EL_SILENCIO_STILL_LANDER_MGL2539-1024x576.jpg\"},{\"@type\":\"BreadcrumbList\",\"@id\":\"https:\\\/\\\/tirinha.com\\\/1130\\\/el-silencio-com-aron-piper-e-manu-rios-na-netflix-em-19-de-maio\\\/#breadcrumb\",\"itemListElement\":[{\"@type\":\"ListItem\",\"position\":1,\"name\":\"Home\",\"item\":\"https:\\\/\\\/tirinha.com\\\/\"},{\"@type\":\"ListItem\",\"position\":2,\"name\":\"&#8216;El Silencio&#8217; com Ar\u00f3n Piper e Manu R\u00edos na Netflix em 19 de maio\"}]},{\"@type\":\"WebSite\",\"@id\":\"https:\\\/\\\/tirinha.com\\\/#website\",\"url\":\"https:\\\/\\\/tirinha.com\\\/\",\"name\":\"Tirinha.com\",\"description\":\"Arte e livros resenhas\",\"publisher\":{\"@id\":\"https:\\\/\\\/tirinha.com\\\/#organization\"},\"potentialAction\":[{\"@type\":\"SearchAction\",\"target\":{\"@type\":\"EntryPoint\",\"urlTemplate\":\"https:\\\/\\\/tirinha.com\\\/?s={search_term_string}\"},\"query-input\":{\"@type\":\"PropertyValueSpecification\",\"valueRequired\":true,\"valueName\":\"search_term_string\"}}],\"inLanguage\":\"ko-KR\"},{\"@type\":\"Organization\",\"@id\":\"https:\\\/\\\/tirinha.com\\\/#organization\",\"name\":\"Tirinha.com\",\"url\":\"https:\\\/\\\/tirinha.com\\\/\",\"logo\":{\"@type\":\"ImageObject\",\"inLanguage\":\"ko-KR\",\"@id\":\"https:\\\/\\\/tirinha.com\\\/#\\\/schema\\\/logo\\\/image\\\/\",\"url\":\"https:\\\/\\\/tirinha.com\\\/wp-content\\\/uploads\\\/2023\\\/08\\\/cropped-Logo-Tirinha.webp\",\"contentUrl\":\"https:\\\/\\\/tirinha.com\\\/wp-content\\\/uploads\\\/2023\\\/08\\\/cropped-Logo-Tirinha.webp\",\"width\":512,\"height\":512,\"caption\":\"Tirinha.com\"},\"image\":{\"@id\":\"https:\\\/\\\/tirinha.com\\\/#\\\/schema\\\/logo\\\/image\\\/\"}},{\"@type\":\"Person\",\"@id\":\"https:\\\/\\\/tirinha.com\\\/#\\\/schema\\\/person\\\/e22bdfbe17e0461f7e927e6a1208d4d9\",\"name\":\"admin\",\"image\":{\"@type\":\"ImageObject\",\"inLanguage\":\"ko-KR\",\"@id\":\"https:\\\/\\\/tirinha.com\\\/wp-content\\\/litespeed\\\/avatar\\\/d0068f7931cc87d7274eb0c3db1deb4b.jpg?ver=1776829466\",\"url\":\"https:\\\/\\\/tirinha.com\\\/wp-content\\\/litespeed\\\/avatar\\\/d0068f7931cc87d7274eb0c3db1deb4b.jpg?ver=1776829466\",\"contentUrl\":\"https:\\\/\\\/tirinha.com\\\/wp-content\\\/litespeed\\\/avatar\\\/d0068f7931cc87d7274eb0c3db1deb4b.jpg?ver=1776829466\",\"caption\":\"admin\"},\"sameAs\":[\"https:\\\/\\\/tirinha.com\"],\"url\":\"https:\\\/\\\/tirinha.com\\\/ko\\\/author\\\/admin\\\/\"}]}<\/script>\n<!-- \/ Yoast SEO plugin. -->","yoast_head_json":{"title":"'El Silencio' com Ar\u00f3n Piper e Manu R\u00edos na Netflix em 19 de maio - Tirinha.com","robots":{"index":"index","follow":"follow","max-snippet":"max-snippet:-1","max-image-preview":"max-image-preview:large","max-video-preview":"max-video-preview:-1"},"canonical":"https:\/\/tirinha.com\/ko\/1130\/el-silencio-com-aron-piper-e-manu-rios-na-netflix-em-19-de-maio\/","og_locale":"ko_KR","og_type":"article","og_title":"'El Silencio' com Ar\u00f3n Piper e Manu R\u00edos na Netflix em 19 de maio - Tirinha.com","og_description":"Miniss\u00e9rie criada por Aitor Gabilondo protagonizada pelos atores de Elite, Ar\u00f3n Piper e Manu R\u00edos A Netflix revelou hoje o &hellip;","og_url":"https:\/\/tirinha.com\/ko\/1130\/el-silencio-com-aron-piper-e-manu-rios-na-netflix-em-19-de-maio\/","og_site_name":"Tirinha.com","article_published_time":"2023-04-12T17:17:33+00:00","og_image":[{"url":"https:\/\/elgeneracionalpost.com\/wp-content\/uploads\/2023\/04\/0500_EL_SILENCIO_STILL_LANDER_MGL2539-1024x576.jpg","type":"","width":"","height":""}],"author":"admin","twitter_card":"summary_large_image","twitter_image":"https:\/\/elgeneracionalpost.com\/wp-content\/uploads\/2023\/04\/0500_EL_SILENCIO_STILL_LANDER_MGL2539-1024x576.jpg","twitter_misc":{"\uae00\uc4f4\uc774":"admin","\uc608\uc0c1 \ub418\ub294 \ud310\ub3c5 \uc2dc\uac04":"2\ubd84"},"schema":{"@context":"https:\/\/schema.org","@graph":[{"@type":"Article","@id":"https:\/\/tirinha.com\/1130\/el-silencio-com-aron-piper-e-manu-rios-na-netflix-em-19-de-maio\/#article","isPartOf":{"@id":"https:\/\/tirinha.com\/1130\/el-silencio-com-aron-piper-e-manu-rios-na-netflix-em-19-de-maio\/"},"author":{"name":"admin","@id":"https:\/\/tirinha.com\/#\/schema\/person\/e22bdfbe17e0461f7e927e6a1208d4d9"},"headline":"&#8216;El Silencio&#8217; com Ar\u00f3n Piper e Manu R\u00edos na Netflix em 19 de maio","datePublished":"2023-04-12T17:17:33+00:00","mainEntityOfPage":{"@id":"https:\/\/tirinha.com\/1130\/el-silencio-com-aron-piper-e-manu-rios-na-netflix-em-19-de-maio\/"},"wordCount":326,"commentCount":0,"publisher":{"@id":"https:\/\/tirinha.com\/#organization"},"image":{"@id":"https:\/\/tirinha.com\/1130\/el-silencio-com-aron-piper-e-manu-rios-na-netflix-em-19-de-maio\/#primaryimage"},"thumbnailUrl":"https:\/\/elgeneracionalpost.com\/wp-content\/uploads\/2023\/04\/0500_EL_SILENCIO_STILL_LANDER_MGL2539-1024x576.jpg","articleSection":["Cultura e lazer"],"inLanguage":"ko-KR","potentialAction":[{"@type":"CommentAction","name":"Comment","target":["https:\/\/tirinha.com\/1130\/el-silencio-com-aron-piper-e-manu-rios-na-netflix-em-19-de-maio\/#respond"]}]},{"@type":"WebPage","@id":"https:\/\/tirinha.com\/1130\/el-silencio-com-aron-piper-e-manu-rios-na-netflix-em-19-de-maio\/","url":"https:\/\/tirinha.com\/1130\/el-silencio-com-aron-piper-e-manu-rios-na-netflix-em-19-de-maio\/","name":"'El Silencio' com Ar\u00f3n Piper e Manu R\u00edos na Netflix em 19 de maio - Tirinha.com","isPartOf":{"@id":"https:\/\/tirinha.com\/#website"},"primaryImageOfPage":{"@id":"https:\/\/tirinha.com\/1130\/el-silencio-com-aron-piper-e-manu-rios-na-netflix-em-19-de-maio\/#primaryimage"},"image":{"@id":"https:\/\/tirinha.com\/1130\/el-silencio-com-aron-piper-e-manu-rios-na-netflix-em-19-de-maio\/#primaryimage"},"thumbnailUrl":"https:\/\/elgeneracionalpost.com\/wp-content\/uploads\/2023\/04\/0500_EL_SILENCIO_STILL_LANDER_MGL2539-1024x576.jpg","datePublished":"2023-04-12T17:17:33+00:00","breadcrumb":{"@id":"https:\/\/tirinha.com\/1130\/el-silencio-com-aron-piper-e-manu-rios-na-netflix-em-19-de-maio\/#breadcrumb"},"inLanguage":"ko-KR","potentialAction":[{"@type":"ReadAction","target":["https:\/\/tirinha.com\/1130\/el-silencio-com-aron-piper-e-manu-rios-na-netflix-em-19-de-maio\/"]}]},{"@type":"ImageObject","inLanguage":"ko-KR","@id":"https:\/\/tirinha.com\/1130\/el-silencio-com-aron-piper-e-manu-rios-na-netflix-em-19-de-maio\/#primaryimage","url":"https:\/\/elgeneracionalpost.com\/wp-content\/uploads\/2023\/04\/0500_EL_SILENCIO_STILL_LANDER_MGL2539-1024x576.jpg","contentUrl":"https:\/\/elgeneracionalpost.com\/wp-content\/uploads\/2023\/04\/0500_EL_SILENCIO_STILL_LANDER_MGL2539-1024x576.jpg"},{"@type":"BreadcrumbList","@id":"https:\/\/tirinha.com\/1130\/el-silencio-com-aron-piper-e-manu-rios-na-netflix-em-19-de-maio\/#breadcrumb","itemListElement":[{"@type":"ListItem","position":1,"name":"Home","item":"https:\/\/tirinha.com\/"},{"@type":"ListItem","position":2,"name":"&#8216;El Silencio&#8217; com Ar\u00f3n Piper e Manu R\u00edos na Netflix em 19 de maio"}]},{"@type":"WebSite","@id":"https:\/\/tirinha.com\/#website","url":"https:\/\/tirinha.com\/","name":"\ud2f0\ub9ac\ub0d0\ub2f7\ucef4","description":"\uc608\uc220 \ubc0f \uc11c\ud3c9","publisher":{"@id":"https:\/\/tirinha.com\/#organization"},"potentialAction":[{"@type":"SearchAction","target":{"@type":"EntryPoint","urlTemplate":"https:\/\/tirinha.com\/?s={search_term_string}"},"query-input":{"@type":"PropertyValueSpecification","valueRequired":true,"valueName":"search_term_string"}}],"inLanguage":"ko-KR"},{"@type":"Organization","@id":"https:\/\/tirinha.com\/#organization","name":"\ud2f0\ub9ac\ub0d0\ub2f7\ucef4","url":"https:\/\/tirinha.com\/","logo":{"@type":"ImageObject","inLanguage":"ko-KR","@id":"https:\/\/tirinha.com\/#\/schema\/logo\/image\/","url":"https:\/\/tirinha.com\/wp-content\/uploads\/2023\/08\/cropped-Logo-Tirinha.webp","contentUrl":"https:\/\/tirinha.com\/wp-content\/uploads\/2023\/08\/cropped-Logo-Tirinha.webp","width":512,"height":512,"caption":"Tirinha.com"},"image":{"@id":"https:\/\/tirinha.com\/#\/schema\/logo\/image\/"}},{"@type":"Person","@id":"https:\/\/tirinha.com\/#\/schema\/person\/e22bdfbe17e0461f7e927e6a1208d4d9","name":"\uad00\ub9ac\uc790","image":{"@type":"ImageObject","inLanguage":"ko-KR","@id":"https:\/\/tirinha.com\/wp-content\/litespeed\/avatar\/d0068f7931cc87d7274eb0c3db1deb4b.jpg?ver=1776829466","url":"https:\/\/tirinha.com\/wp-content\/litespeed\/avatar\/d0068f7931cc87d7274eb0c3db1deb4b.jpg?ver=1776829466","contentUrl":"https:\/\/tirinha.com\/wp-content\/litespeed\/avatar\/d0068f7931cc87d7274eb0c3db1deb4b.jpg?ver=1776829466","caption":"admin"},"sameAs":["https:\/\/tirinha.com"],"url":"https:\/\/tirinha.com\/ko\/author\/admin\/"}]}},"_links":{"self":[{"href":"https:\/\/tirinha.com\/ko\/wp-json\/wp\/v2\/posts\/1130","targetHints":{"allow":["GET"]}}],"collection":[{"href":"https:\/\/tirinha.com\/ko\/wp-json\/wp\/v2\/posts"}],"about":[{"href":"https:\/\/tirinha.com\/ko\/wp-json\/wp\/v2\/types\/post"}],"author":[{"embeddable":true,"href":"https:\/\/tirinha.com\/ko\/wp-json\/wp\/v2\/users\/1"}],"replies":[{"embeddable":true,"href":"https:\/\/tirinha.com\/ko\/wp-json\/wp\/v2\/comments?post=1130"}],"version-history":[{"count":0,"href":"https:\/\/tirinha.com\/ko\/wp-json\/wp\/v2\/posts\/1130\/revisions"}],"wp:featuredmedia":[{"embeddable":true,"href":"https:\/\/tirinha.com\/ko\/wp-json\/wp\/v2\/media\/1132"}],"wp:attachment":[{"href":"https:\/\/tirinha.com\/ko\/wp-json\/wp\/v2\/media?parent=1130"}],"wp:term":[{"taxonomy":"category","embeddable":true,"href":"https:\/\/tirinha.com\/ko\/wp-json\/wp\/v2\/categories?post=1130"},{"taxonomy":"post_tag","embeddable":true,"href":"https:\/\/tirinha.com\/ko\/wp-json\/wp\/v2\/tags?post=1130"}],"curies":[{"name":"wp","href":"https:\/\/api.w.org\/{rel}","templated":true}]}}