{"id":1108,"date":"2023-04-10T18:41:43","date_gmt":"2023-04-10T18:41:43","guid":{"rendered":"https:\/\/tirinha.com\/anclados-lanca-seu-ultimo-single-quiero\/"},"modified":"2023-04-10T18:41:43","modified_gmt":"2023-04-10T18:41:43","slug":"anclados-lanca-seu-ultimo-single-quiero","status":"publish","type":"post","link":"https:\/\/tirinha.com\/ko\/1108\/anclados-lanca-seu-ultimo-single-quiero\/","title":{"rendered":"Anclados, \ucd5c\uc2e0 \uc2f1\uae00 &#039;QUIERO+&#039; \ubc1c\ub9e4\u2018"},"content":{"rendered":"<p><\/p>\n<div data-td-block-uid=\"tdi_70\">\n<div class=\"tdb-block-inner td-fix-index\">\n<div>\n<p><strong>O grupo musical Anclados tem o prazer de anunciar o lan\u00e7amento do seu mais recente single <em>EU QUERO+<\/em>, que est\u00e1 dispon\u00edvel em todas as plataformas digitais desde 30 de mar\u00e7o.  A nova m\u00fasica promete ser mais um sucesso da banda e tem sido muito aguardada por seus seguidores.<\/strong><\/p>\n<\/div>\n<p><em><strong>EU QUERO+<\/strong><\/em> \u00c9 uma m\u00fasica que se destaca pela energia, ritmo e melodia cativante, e que sem d\u00favida ser\u00e1 uma das preferidas dos f\u00e3s do grupo.  A m\u00fasica foi escrita pela dupla ac\u00fastica formada por <strong>Carlos Diaz Martin-Albo<\/strong> \uadf8\ub9ac\uace0 <strong>Ruben Navarrete Cobaleday. <\/strong>Al\u00e9m disso, foi produzido pelo produtor musical <strong>javier balmoral<\/strong>.  O lan\u00e7amento desta m\u00fasica vem antes da linha de <strong>concertos privados<\/strong> que a banda oferecer\u00e1 em diferentes casamentos e comunh\u00f5es na Espanha.<\/p>\n<p><span class=\"embed-youtube\" style=\"text-align:center; display: block;\"><iframe title=\"Anclados - QUIERO + (Videoclip Oficial)\" width=\"790\" height=\"444\" src=\"https:\/\/www.youtube.com\/embed\/X8eDUHvUwGM?feature=oembed\" frameborder=\"0\" allow=\"accelerometer; autoplay; clipboard-write; encrypted-media; gyroscope; picture-in-picture; web-share\" allowfullscreen><\/iframe><\/span><\/p>\n<p>banda pop, <strong>ancorado,<\/strong> Ela tem sido muito ativa em suas redes sociais, mantendo seus f\u00e3s informados sobre seus projetos e shows.  Seguidores do grupo podem encontrar mais informa\u00e7\u00f5es em seu site<strong> \uacf5\uc2dd \uc6f9\uc0ac\uc774\ud2b8<\/strong> e segui-los em suas redes sociais, incluindo <strong>\ud398\uc774\uc2a4\ubd81<\/strong> \uadf8\ub9ac\uace0 <strong>\uc778\uc2a4\ud0c0\uadf8\ub7a8<\/strong>.  Al\u00e9m disso, voc\u00ea pode ouvir todas as m\u00fasicas do Anchored em todas as plataformas de streaming, inclusive <strong>\uc2a4\ud3ec\ud2f0\ud30c\uc774<\/strong>, <strong>M\u00fasica da Apple<\/strong> \uadf8\ub9ac\uace0 <strong>\uc720\ud29c\ube0c<\/strong>entre outras.<\/p>\n<div>\n<p><strong>A m\u00fasica \u00e9 capaz de mudar completamente o nosso dia<\/strong>ent\u00e3o a publica\u00e7\u00e3o de <em><strong>EU QUERO+<\/strong><\/em>  \u00e9 uma \u00f3tima not\u00edcia para os f\u00e3s de Anchored.  O grupo demonstrou mais uma vez sua capacidade de criar <strong>m\u00fasicas cativantes e en\u00e9rgicas<\/strong>, e esperamos que esta nova m\u00fasica seja um sucesso retumbante.  N\u00e3o perca a chance de ouvir <strong><em>EU QUERO+<\/em><\/strong>  e seguem ancorados em seus <strong>\uc18c\uc15c \ubbf8\ub514\uc5b4<\/strong> para mais informa\u00e7\u00f5es sobre seus pr\u00f3ximos projetos e shows.<\/p>\n<\/div>\n<p><strong>Voc\u00ea tamb\u00e9m pode estar interessado em:<\/strong><\/p>\n<blockquote class=\"wp-embedded-content\" data-secret=\"5G3wAuqzBb\">\n<p>&#8216;Con Cada Luna&#8217; novo single de Tr\u00eas Caladas e Paula Mattheus<\/p>\n<\/blockquote>\n<p><iframe class=\"wp-embedded-content\" sandbox=\"allow-scripts\" security=\"restricted\" style=\"position: absolute; clip: rect(1px, 1px, 1px, 1px);\" title=\"\u00ab\u2018Con Cada Luna\u2019 nuevo single de Tres Caladas y Paula Mattheus\u00bb \u2014 EG. El peri\u00f3dico digital. Noticias. Actualidad\" src=\"https:\/\/elgeneracionalpost.com\/cultura\/musica\/2023\/0327\/83450\/con-cada-luna-nuevo-single-de-tres-caladas-y-paula-mattheus.html\/embed#?secret=bemPZCGrIa#?secret=5G3wAuqzBb\" data-secret=\"5G3wAuqzBb\" width=\"600\" height=\"338\" frameborder=\"0\" marginwidth=\"0\" marginheight=\"0\" scrolling=\"no\"><\/iframe><\/p>\n<div class=\"sharedaddy sd-block sd-like jetpack-likes-widget-wrapper jetpack-likes-widget-unloaded\" id=\"like-post-wrapper-153844979-85407-64345865f1d8c\" data-src=\"https:\/\/widgets.wp.com\/likes\/#blog_id=153844979&amp;post_id=85407&amp;origin=elgeneracionalpost.com&amp;obj_id=153844979-85407-64345865f1d8c\" data-name=\"like-post-frame-153844979-85407-64345865f1d8c\" data-title=\"Me gusta o Compartir\">\n<h3 class=\"sd-title\">\ub098\ub294 \uc774\uac83\uc744 \uc88b\uc544\ud55c\ub2e4:<\/h3>\n<p><span class=\"button\"><span>\uc88b\uc544\uc694<\/span><\/span> <span class=\"loading\">\ub85c\ub529 \uc911\u2026<\/span><\/p>\n<p><span class=\"sd-text-color\"\/><\/div>\n<p><h3 class=\"jp-relatedposts-headline\"><em>\uad00\ub828\ub41c<\/em><\/h3>\n<\/p>\n<\/div>\n<\/div>\n<p><script async defer src=\"https:\/\/platform.instagram.com\/en_US\/embeds.js\"><\/script><\/p>","protected":false},"excerpt":{"rendered":"<p>O grupo musical Anclados tem o prazer de anunciar o lan\u00e7amento do seu mais recente single EU QUERO+, que est\u00e1 &hellip; <\/p>","protected":false},"author":1,"featured_media":1110,"comment_status":"open","ping_status":"open","sticky":false,"template":"","format":"standard","meta":{"fifu_image_url":"https:\/\/elgeneracionalpost.com\/wp-content\/uploads\/2023\/04\/quiero.jpg","fifu_image_alt":"","footnotes":""},"categories":[35],"tags":[],"class_list":["post-1108","post","type-post","status-publish","format-standard","has-post-thumbnail","hentry","category-cultura-e-lazer","latest_post"],"yoast_head":"<!-- This site is optimized with the Yoast SEO plugin v27.3 - https:\/\/yoast.com\/product\/yoast-seo-wordpress\/ -->\n<title>Anclados lan\u00e7a seu \u00faltimo single &#039;QUIERO+&#039; - Tirinha.com<\/title>\n<meta name=\"robots\" content=\"index, follow, max-snippet:-1, max-image-preview:large, max-video-preview:-1\" \/>\n<link rel=\"canonical\" href=\"https:\/\/tirinha.com\/ko\/1108\/anclados-lanca-seu-ultimo-single-quiero\/\" \/>\n<meta property=\"og:locale\" content=\"ko_KR\" \/>\n<meta property=\"og:type\" content=\"article\" \/>\n<meta property=\"og:title\" content=\"Anclados lan\u00e7a seu \u00faltimo single &#039;QUIERO+&#039; - Tirinha.com\" \/>\n<meta property=\"og:description\" content=\"O grupo musical Anclados tem o prazer de anunciar o lan\u00e7amento do seu mais recente single EU QUERO+, que est\u00e1 &hellip;\" \/>\n<meta property=\"og:url\" content=\"https:\/\/tirinha.com\/ko\/1108\/anclados-lanca-seu-ultimo-single-quiero\/\" \/>\n<meta property=\"og:site_name\" content=\"Tirinha.com\" \/>\n<meta property=\"article:published_time\" content=\"2023-04-10T18:41:43+00:00\" \/>\n<meta property=\"og:image\" content=\"https:\/\/elgeneracionalpost.com\/wp-content\/uploads\/2023\/04\/quiero.jpg\" \/>\n<meta name=\"author\" content=\"admin\" \/>\n<meta name=\"twitter:card\" content=\"summary_large_image\" \/>\n<meta name=\"twitter:image\" content=\"https:\/\/elgeneracionalpost.com\/wp-content\/uploads\/2023\/04\/quiero.jpg\" \/>\n<meta name=\"twitter:label1\" content=\"\uae00\uc4f4\uc774\" \/>\n\t<meta name=\"twitter:data1\" content=\"admin\" \/>\n\t<meta name=\"twitter:label2\" content=\"\uc608\uc0c1 \ub418\ub294 \ud310\ub3c5 \uc2dc\uac04\" \/>\n\t<meta name=\"twitter:data2\" content=\"2\ubd84\" \/>\n<script type=\"application\/ld+json\" class=\"yoast-schema-graph\">{\"@context\":\"https:\\\/\\\/schema.org\",\"@graph\":[{\"@type\":\"Article\",\"@id\":\"https:\\\/\\\/tirinha.com\\\/1108\\\/anclados-lanca-seu-ultimo-single-quiero\\\/#article\",\"isPartOf\":{\"@id\":\"https:\\\/\\\/tirinha.com\\\/1108\\\/anclados-lanca-seu-ultimo-single-quiero\\\/\"},\"author\":{\"name\":\"admin\",\"@id\":\"https:\\\/\\\/tirinha.com\\\/#\\\/schema\\\/person\\\/e22bdfbe17e0461f7e927e6a1208d4d9\"},\"headline\":\"Anclados lan\u00e7a seu \u00faltimo single &#8216;QUIERO+&#8217;\",\"datePublished\":\"2023-04-10T18:41:43+00:00\",\"mainEntityOfPage\":{\"@id\":\"https:\\\/\\\/tirinha.com\\\/1108\\\/anclados-lanca-seu-ultimo-single-quiero\\\/\"},\"wordCount\":327,\"commentCount\":0,\"publisher\":{\"@id\":\"https:\\\/\\\/tirinha.com\\\/#organization\"},\"image\":{\"@id\":\"https:\\\/\\\/tirinha.com\\\/1108\\\/anclados-lanca-seu-ultimo-single-quiero\\\/#primaryimage\"},\"thumbnailUrl\":\"https:\\\/\\\/elgeneracionalpost.com\\\/wp-content\\\/uploads\\\/2023\\\/04\\\/quiero.jpg\",\"articleSection\":[\"Cultura e lazer\"],\"inLanguage\":\"ko-KR\",\"potentialAction\":[{\"@type\":\"CommentAction\",\"name\":\"Comment\",\"target\":[\"https:\\\/\\\/tirinha.com\\\/1108\\\/anclados-lanca-seu-ultimo-single-quiero\\\/#respond\"]}]},{\"@type\":\"WebPage\",\"@id\":\"https:\\\/\\\/tirinha.com\\\/1108\\\/anclados-lanca-seu-ultimo-single-quiero\\\/\",\"url\":\"https:\\\/\\\/tirinha.com\\\/1108\\\/anclados-lanca-seu-ultimo-single-quiero\\\/\",\"name\":\"Anclados lan\u00e7a seu \u00faltimo single 'QUIERO+' - Tirinha.com\",\"isPartOf\":{\"@id\":\"https:\\\/\\\/tirinha.com\\\/#website\"},\"primaryImageOfPage\":{\"@id\":\"https:\\\/\\\/tirinha.com\\\/1108\\\/anclados-lanca-seu-ultimo-single-quiero\\\/#primaryimage\"},\"image\":{\"@id\":\"https:\\\/\\\/tirinha.com\\\/1108\\\/anclados-lanca-seu-ultimo-single-quiero\\\/#primaryimage\"},\"thumbnailUrl\":\"https:\\\/\\\/elgeneracionalpost.com\\\/wp-content\\\/uploads\\\/2023\\\/04\\\/quiero.jpg\",\"datePublished\":\"2023-04-10T18:41:43+00:00\",\"breadcrumb\":{\"@id\":\"https:\\\/\\\/tirinha.com\\\/1108\\\/anclados-lanca-seu-ultimo-single-quiero\\\/#breadcrumb\"},\"inLanguage\":\"ko-KR\",\"potentialAction\":[{\"@type\":\"ReadAction\",\"target\":[\"https:\\\/\\\/tirinha.com\\\/1108\\\/anclados-lanca-seu-ultimo-single-quiero\\\/\"]}]},{\"@type\":\"ImageObject\",\"inLanguage\":\"ko-KR\",\"@id\":\"https:\\\/\\\/tirinha.com\\\/1108\\\/anclados-lanca-seu-ultimo-single-quiero\\\/#primaryimage\",\"url\":\"https:\\\/\\\/elgeneracionalpost.com\\\/wp-content\\\/uploads\\\/2023\\\/04\\\/quiero.jpg\",\"contentUrl\":\"https:\\\/\\\/elgeneracionalpost.com\\\/wp-content\\\/uploads\\\/2023\\\/04\\\/quiero.jpg\"},{\"@type\":\"BreadcrumbList\",\"@id\":\"https:\\\/\\\/tirinha.com\\\/1108\\\/anclados-lanca-seu-ultimo-single-quiero\\\/#breadcrumb\",\"itemListElement\":[{\"@type\":\"ListItem\",\"position\":1,\"name\":\"Home\",\"item\":\"https:\\\/\\\/tirinha.com\\\/\"},{\"@type\":\"ListItem\",\"position\":2,\"name\":\"Anclados lan\u00e7a seu \u00faltimo single &#8216;QUIERO+&#8217;\"}]},{\"@type\":\"WebSite\",\"@id\":\"https:\\\/\\\/tirinha.com\\\/#website\",\"url\":\"https:\\\/\\\/tirinha.com\\\/\",\"name\":\"Tirinha.com\",\"description\":\"Arte e livros resenhas\",\"publisher\":{\"@id\":\"https:\\\/\\\/tirinha.com\\\/#organization\"},\"potentialAction\":[{\"@type\":\"SearchAction\",\"target\":{\"@type\":\"EntryPoint\",\"urlTemplate\":\"https:\\\/\\\/tirinha.com\\\/?s={search_term_string}\"},\"query-input\":{\"@type\":\"PropertyValueSpecification\",\"valueRequired\":true,\"valueName\":\"search_term_string\"}}],\"inLanguage\":\"ko-KR\"},{\"@type\":\"Organization\",\"@id\":\"https:\\\/\\\/tirinha.com\\\/#organization\",\"name\":\"Tirinha.com\",\"url\":\"https:\\\/\\\/tirinha.com\\\/\",\"logo\":{\"@type\":\"ImageObject\",\"inLanguage\":\"ko-KR\",\"@id\":\"https:\\\/\\\/tirinha.com\\\/#\\\/schema\\\/logo\\\/image\\\/\",\"url\":\"https:\\\/\\\/tirinha.com\\\/wp-content\\\/uploads\\\/2023\\\/08\\\/cropped-Logo-Tirinha.webp\",\"contentUrl\":\"https:\\\/\\\/tirinha.com\\\/wp-content\\\/uploads\\\/2023\\\/08\\\/cropped-Logo-Tirinha.webp\",\"width\":512,\"height\":512,\"caption\":\"Tirinha.com\"},\"image\":{\"@id\":\"https:\\\/\\\/tirinha.com\\\/#\\\/schema\\\/logo\\\/image\\\/\"}},{\"@type\":\"Person\",\"@id\":\"https:\\\/\\\/tirinha.com\\\/#\\\/schema\\\/person\\\/e22bdfbe17e0461f7e927e6a1208d4d9\",\"name\":\"admin\",\"image\":{\"@type\":\"ImageObject\",\"inLanguage\":\"ko-KR\",\"@id\":\"https:\\\/\\\/tirinha.com\\\/wp-content\\\/litespeed\\\/avatar\\\/d0068f7931cc87d7274eb0c3db1deb4b.jpg?ver=1776829466\",\"url\":\"https:\\\/\\\/tirinha.com\\\/wp-content\\\/litespeed\\\/avatar\\\/d0068f7931cc87d7274eb0c3db1deb4b.jpg?ver=1776829466\",\"contentUrl\":\"https:\\\/\\\/tirinha.com\\\/wp-content\\\/litespeed\\\/avatar\\\/d0068f7931cc87d7274eb0c3db1deb4b.jpg?ver=1776829466\",\"caption\":\"admin\"},\"sameAs\":[\"https:\\\/\\\/tirinha.com\"],\"url\":\"https:\\\/\\\/tirinha.com\\\/ko\\\/author\\\/admin\\\/\"}]}<\/script>\n<!-- \/ Yoast SEO plugin. -->","yoast_head_json":{"title":"Anclados lan\u00e7a seu \u00faltimo single 'QUIERO+' - Tirinha.com","robots":{"index":"index","follow":"follow","max-snippet":"max-snippet:-1","max-image-preview":"max-image-preview:large","max-video-preview":"max-video-preview:-1"},"canonical":"https:\/\/tirinha.com\/ko\/1108\/anclados-lanca-seu-ultimo-single-quiero\/","og_locale":"ko_KR","og_type":"article","og_title":"Anclados lan\u00e7a seu \u00faltimo single 'QUIERO+' - Tirinha.com","og_description":"O grupo musical Anclados tem o prazer de anunciar o lan\u00e7amento do seu mais recente single EU QUERO+, que est\u00e1 &hellip;","og_url":"https:\/\/tirinha.com\/ko\/1108\/anclados-lanca-seu-ultimo-single-quiero\/","og_site_name":"Tirinha.com","article_published_time":"2023-04-10T18:41:43+00:00","og_image":[{"url":"https:\/\/elgeneracionalpost.com\/wp-content\/uploads\/2023\/04\/quiero.jpg","type":"","width":"","height":""}],"author":"admin","twitter_card":"summary_large_image","twitter_image":"https:\/\/elgeneracionalpost.com\/wp-content\/uploads\/2023\/04\/quiero.jpg","twitter_misc":{"\uae00\uc4f4\uc774":"admin","\uc608\uc0c1 \ub418\ub294 \ud310\ub3c5 \uc2dc\uac04":"2\ubd84"},"schema":{"@context":"https:\/\/schema.org","@graph":[{"@type":"Article","@id":"https:\/\/tirinha.com\/1108\/anclados-lanca-seu-ultimo-single-quiero\/#article","isPartOf":{"@id":"https:\/\/tirinha.com\/1108\/anclados-lanca-seu-ultimo-single-quiero\/"},"author":{"name":"admin","@id":"https:\/\/tirinha.com\/#\/schema\/person\/e22bdfbe17e0461f7e927e6a1208d4d9"},"headline":"Anclados lan\u00e7a seu \u00faltimo single &#8216;QUIERO+&#8217;","datePublished":"2023-04-10T18:41:43+00:00","mainEntityOfPage":{"@id":"https:\/\/tirinha.com\/1108\/anclados-lanca-seu-ultimo-single-quiero\/"},"wordCount":327,"commentCount":0,"publisher":{"@id":"https:\/\/tirinha.com\/#organization"},"image":{"@id":"https:\/\/tirinha.com\/1108\/anclados-lanca-seu-ultimo-single-quiero\/#primaryimage"},"thumbnailUrl":"https:\/\/elgeneracionalpost.com\/wp-content\/uploads\/2023\/04\/quiero.jpg","articleSection":["Cultura e lazer"],"inLanguage":"ko-KR","potentialAction":[{"@type":"CommentAction","name":"Comment","target":["https:\/\/tirinha.com\/1108\/anclados-lanca-seu-ultimo-single-quiero\/#respond"]}]},{"@type":"WebPage","@id":"https:\/\/tirinha.com\/1108\/anclados-lanca-seu-ultimo-single-quiero\/","url":"https:\/\/tirinha.com\/1108\/anclados-lanca-seu-ultimo-single-quiero\/","name":"Anclados lan\u00e7a seu \u00faltimo single 'QUIERO+' - Tirinha.com","isPartOf":{"@id":"https:\/\/tirinha.com\/#website"},"primaryImageOfPage":{"@id":"https:\/\/tirinha.com\/1108\/anclados-lanca-seu-ultimo-single-quiero\/#primaryimage"},"image":{"@id":"https:\/\/tirinha.com\/1108\/anclados-lanca-seu-ultimo-single-quiero\/#primaryimage"},"thumbnailUrl":"https:\/\/elgeneracionalpost.com\/wp-content\/uploads\/2023\/04\/quiero.jpg","datePublished":"2023-04-10T18:41:43+00:00","breadcrumb":{"@id":"https:\/\/tirinha.com\/1108\/anclados-lanca-seu-ultimo-single-quiero\/#breadcrumb"},"inLanguage":"ko-KR","potentialAction":[{"@type":"ReadAction","target":["https:\/\/tirinha.com\/1108\/anclados-lanca-seu-ultimo-single-quiero\/"]}]},{"@type":"ImageObject","inLanguage":"ko-KR","@id":"https:\/\/tirinha.com\/1108\/anclados-lanca-seu-ultimo-single-quiero\/#primaryimage","url":"https:\/\/elgeneracionalpost.com\/wp-content\/uploads\/2023\/04\/quiero.jpg","contentUrl":"https:\/\/elgeneracionalpost.com\/wp-content\/uploads\/2023\/04\/quiero.jpg"},{"@type":"BreadcrumbList","@id":"https:\/\/tirinha.com\/1108\/anclados-lanca-seu-ultimo-single-quiero\/#breadcrumb","itemListElement":[{"@type":"ListItem","position":1,"name":"Home","item":"https:\/\/tirinha.com\/"},{"@type":"ListItem","position":2,"name":"Anclados lan\u00e7a seu \u00faltimo single &#8216;QUIERO+&#8217;"}]},{"@type":"WebSite","@id":"https:\/\/tirinha.com\/#website","url":"https:\/\/tirinha.com\/","name":"\ud2f0\ub9ac\ub0d0\ub2f7\ucef4","description":"\uc608\uc220 \ubc0f \uc11c\ud3c9","publisher":{"@id":"https:\/\/tirinha.com\/#organization"},"potentialAction":[{"@type":"SearchAction","target":{"@type":"EntryPoint","urlTemplate":"https:\/\/tirinha.com\/?s={search_term_string}"},"query-input":{"@type":"PropertyValueSpecification","valueRequired":true,"valueName":"search_term_string"}}],"inLanguage":"ko-KR"},{"@type":"Organization","@id":"https:\/\/tirinha.com\/#organization","name":"\ud2f0\ub9ac\ub0d0\ub2f7\ucef4","url":"https:\/\/tirinha.com\/","logo":{"@type":"ImageObject","inLanguage":"ko-KR","@id":"https:\/\/tirinha.com\/#\/schema\/logo\/image\/","url":"https:\/\/tirinha.com\/wp-content\/uploads\/2023\/08\/cropped-Logo-Tirinha.webp","contentUrl":"https:\/\/tirinha.com\/wp-content\/uploads\/2023\/08\/cropped-Logo-Tirinha.webp","width":512,"height":512,"caption":"Tirinha.com"},"image":{"@id":"https:\/\/tirinha.com\/#\/schema\/logo\/image\/"}},{"@type":"Person","@id":"https:\/\/tirinha.com\/#\/schema\/person\/e22bdfbe17e0461f7e927e6a1208d4d9","name":"\uad00\ub9ac\uc790","image":{"@type":"ImageObject","inLanguage":"ko-KR","@id":"https:\/\/tirinha.com\/wp-content\/litespeed\/avatar\/d0068f7931cc87d7274eb0c3db1deb4b.jpg?ver=1776829466","url":"https:\/\/tirinha.com\/wp-content\/litespeed\/avatar\/d0068f7931cc87d7274eb0c3db1deb4b.jpg?ver=1776829466","contentUrl":"https:\/\/tirinha.com\/wp-content\/litespeed\/avatar\/d0068f7931cc87d7274eb0c3db1deb4b.jpg?ver=1776829466","caption":"admin"},"sameAs":["https:\/\/tirinha.com"],"url":"https:\/\/tirinha.com\/ko\/author\/admin\/"}]}},"_links":{"self":[{"href":"https:\/\/tirinha.com\/ko\/wp-json\/wp\/v2\/posts\/1108","targetHints":{"allow":["GET"]}}],"collection":[{"href":"https:\/\/tirinha.com\/ko\/wp-json\/wp\/v2\/posts"}],"about":[{"href":"https:\/\/tirinha.com\/ko\/wp-json\/wp\/v2\/types\/post"}],"author":[{"embeddable":true,"href":"https:\/\/tirinha.com\/ko\/wp-json\/wp\/v2\/users\/1"}],"replies":[{"embeddable":true,"href":"https:\/\/tirinha.com\/ko\/wp-json\/wp\/v2\/comments?post=1108"}],"version-history":[{"count":0,"href":"https:\/\/tirinha.com\/ko\/wp-json\/wp\/v2\/posts\/1108\/revisions"}],"wp:featuredmedia":[{"embeddable":true,"href":"https:\/\/tirinha.com\/ko\/wp-json\/wp\/v2\/media\/1110"}],"wp:attachment":[{"href":"https:\/\/tirinha.com\/ko\/wp-json\/wp\/v2\/media?parent=1108"}],"wp:term":[{"taxonomy":"category","embeddable":true,"href":"https:\/\/tirinha.com\/ko\/wp-json\/wp\/v2\/categories?post=1108"},{"taxonomy":"post_tag","embeddable":true,"href":"https:\/\/tirinha.com\/ko\/wp-json\/wp\/v2\/tags?post=1108"}],"curies":[{"name":"wp","href":"https:\/\/api.w.org\/{rel}","templated":true}]}}