{"id":1032,"date":"2023-04-04T03:58:12","date_gmt":"2023-04-04T03:58:12","guid":{"rendered":"https:\/\/tirinha.com\/van-gogh-alive-the-experience-chega-a-madrid\/"},"modified":"2023-04-04T03:58:12","modified_gmt":"2023-04-04T03:58:12","slug":"%eb%b0%98-%ea%b3%a0%ed%9d%90%ec%9d%98-%ec%83%9d%ec%83%9d%ed%95%9c-%eb%aa%a8%ec%8a%b5%ec%9d%84-%eb%a7%88%eb%93%9c%eb%a6%ac%eb%93%9c%ec%97%90%ec%84%9c-%eb%a7%8c%eb%82%98%eb%b3%b4%ec%84%b8%ec%9a%94","status":"publish","type":"post","link":"https:\/\/tirinha.com\/ko\/1032\/van-gogh-alive-the-experience-chega-a-madrid\/","title":{"rendered":"\ubc18 \uace0\ud750 \uc0dd\uc0dd \uccb4\ud5d8\uc774 \ub9c8\ub4dc\ub9ac\ub4dc\uc5d0 \ucc3e\uc544\uc635\ub2c8\ub2e4"},"content":{"rendered":"<p><\/p>\n<div data-td-block-uid=\"tdi_70\">\n<div class=\"tdb-block-inner td-fix-index\">\n<p><strong>\uc138\ube44\uc57c\uc640 \uc54c\ub9ac\uce78\ud14c\uc5d0\uc11c \uccab\uc120\uc744 \ubcf4\uc778 \ud6c4, \ub9c8\ub4dc\ub9ac\ub4dc\ub294 \uc774 \uba40\ud2f0\ubbf8\ub514\uc5b4 \uc804\uc2dc\ud68c\ub97c \uac1c\ucd5c\ud558\ub294 \uc138 \ubc88\uc9f8 \uc2a4\ud398\uc778 \ub3c4\uc2dc\uac00 \ub418\uc5c8\uc2b5\ub2c8\ub2e4.<\/strong><\/p>\n<p>\ube48\uc13c\ud2b8 \ubc18 \uace0\ud750\uc758 \uc6d0\uc791 \uadf8\ub9bc\uc740 \uc5c6\uc9c0\ub9cc, \uc774 \uc804\uc2dc\ub294 3,000\uac1c \uc774\uc0c1\uc758 \uc601\uc0c1\uacfc \ube5b, \uc74c\uc545\uc744 \ud65c\uc6a9\ud558\uc5ec \uadf8\uc758 \uc791\ud488\uc744 \uc0c8\ub85c\uc6b4 \uc2dc\uac01\uc73c\ub85c \uac10\uc0c1\ud560 \uc218 \uc788\ub3c4\ub85d \ud574\uc90d\ub2c8\ub2e4. \uad00\ub78c\uac1d\uc740 \uc804\uc2dc\uc2e4\uc744 \uc790\uc720\ub86d\uac8c \uac70\ub2d0\uac70\ub098 \uacf3\uacf3\uc5d0 \ub193\uc778 \ube48\ubc31 \uc758\uc790\uc5d0 \uc549\uc544 \ud3b8\uc548\ud558\uac8c \uac10\uc0c1\ud560 \uc218 \uc788\uc2b5\ub2c8\ub2e4.<\/p>\n<p>\uc774 \uc5ec\uc815\uc740 \uc608\uc220\uac00\uc758 \uc0b6, \uc791\ud488, \uadf8\ub9ac\uace0 \uac1c\uc131\uc744 \ud1b5\ud574 \ub3c5\uc790\uc5d0\uac8c \uae4a\uc740 \uc778\uc0c1\uc744 \ub0a8\uae34\ub2e4.<span style=\"background-color:#ffffff;color:#3d596d;font-size:16px;\">\uc774 \uc804\uc2dc\ub294 12\uc6d4 26\uc77c\ubd80\ud130 2\uc6d4 26\uc77c\uae4c\uc9c0 \ub9c8\ub4dc\ub9ac\ub4dc\uc758 \uc2dc\ub974\ucfe8\ub85c \ub370 \ubca8\ub77c\uc2a4 \uc544\ub974\ud14c\uc2a4(C\u00edrculo de Bellas Artes)\uc5d0\uc11c \uc5f4\ub9bd\ub2c8\ub2e4. \uc804\uc2dc\ub294 \ud638\uc8fc \ud68c\uc0ac\uc5d0\uc11c \uae30\ud68d\ud588\uc2b5\ub2c8\ub2e4... <\/span>\uc8fc\uc694 \uc804\uc2dc\ud68c<span style=\"background-color:#ffffff;color:#3d596d;font-size:16px;\">, \uc774 \uc804\uc2dc\ub294 \uc774\ubbf8 \uc804 \uc138\uacc4 40\uac1c \uc774\uc0c1\uc758 \ub3c4\uc2dc\ub97c \uc21c\ud68c\ud588\uc73c\uba70, \ubbf8\uc220 \uc560\ud638\uac00\ubd80\ud130 \uc791\uac00\ub97c \uc798 \ubaa8\ub974\ub294 \uc0ac\ub78c\ub4e4\uae4c\uc9c0 \ubaa8\ub4e0 \uad00\uac1d\uc5d0\uac8c \uc801\ud569\ud569\ub2c8\ub2e4. \uad50\uc721\uc801\uc778 \uc131\uaca9\uc744 \uc9c0\ub2cc \uc774 \uc804\uc2dc\ub294... <\/span><em>\ubc18 \uace0\ud750 \uc0b4\uc544\uc788\ub2e4<\/em><span style=\"background-color:#ffffff;color:#3d596d;font-size:16px;\">  \uc774\ub294 \uc5b4\ub9b0\uc774\uc640 \uc5b4\ub978 \ubaa8\ub450\uc5d0\uac8c \uc608\uc220\uc758 \uc138\uacc4\ub97c \uc18c\uac1c\ud558\ub294 \uacc4\uae30\uac00 \ub429\ub2c8\ub2e4.<\/span><\/p>\n<figure id=\"attachment_110\" aria-describedby=\"caption-attachment-110\" style=\"width: 240px\" class=\"wp-caption alignright\"><img fetchpriority=\"high\" data-attachment-id=\"110\" data-permalink=\"https:\/\/elgeneracionalpost.com\/cultura\/2018\/1112\/109\/van-gogh-alive-the-experience-llega-a-madrid.html\/attachment\/self_portrait\" data-orig-file=\"https:\/\/i0.wp.com\/elgeneracionalpost.com\/wp-content\/uploads\/2018\/11\/self_portrait.jpg?fit=240%2C284&amp;ssl=1\" data-orig-size=\"240,284\" data-comments-opened=\"1\" data-image-meta=\"{&quot;aperture&quot;:&quot;0&quot;,&quot;credit&quot;:&quot;&quot;,&quot;camera&quot;:&quot;&quot;,&quot;caption&quot;:&quot;&quot;,&quot;created_timestamp&quot;:&quot;0&quot;,&quot;copyright&quot;:&quot;&quot;,&quot;focal_length&quot;:&quot;0&quot;,&quot;iso&quot;:&quot;0&quot;,&quot;shutter_speed&quot;:&quot;0&quot;,&quot;title&quot;:&quot;&quot;,&quot;orientation&quot;:&quot;0&quot;}\" data-image-title=\"self_portrait\" data-image-description=\"&lt;p&gt;Autorretrato de Vincent Van Gogh&lt;\/p&gt;&#10;\" data-image-caption=\"&lt;p&gt;Fuente: https:\/\/www.vangoghgallery.com&lt;\/p&gt;&#10;\" data-medium-file=\"https:\/\/i0.wp.com\/elgeneracionalpost.com\/wp-content\/uploads\/2018\/11\/self_portrait.jpg?fit=240%2C284&amp;ssl=1\" data-large-file=\"https:\/\/i0.wp.com\/elgeneracionalpost.com\/wp-content\/uploads\/2018\/11\/self_portrait.jpg?fit=240%2C284&amp;ssl=1\" decoding=\"async\" class=\"alignnone size-full wp-image-110 jetpack-lazy-image\" src=\"https:\/\/i0.wp.com\/elgeneracionalpost.com\/wp-content\/uploads\/2018\/11\/self_portrait.jpg?resize=240%2C284&amp;ssl=1\" alt=\"\uc790\ud654\uc0c1\" width=\"240\" height=\"284\" data-recalc-dims=\"1\" data-lazy-src=\"https:\/\/i0.wp.com\/elgeneracionalpost.com\/wp-content\/uploads\/2018\/11\/self_portrait.jpg?resize=240%2C284&amp;is-pending-load=1#038;ssl=1\" srcset=\"data:image\/gif;base64,R0lGODlhAQABAIAAAAAAAP\/\/\/yH5BAEAAAAALAAAAAABAAEAAAIBRAA7\"\/><noscript><img data-lazy-fallback=\"1\" data-attachment-id=\"110\" data-permalink=\"https:\/\/elgeneracionalpost.com\/cultura\/2018\/1112\/109\/van-gogh-alive-the-experience-llega-a-madrid.html\/attachment\/self_portrait\" data-orig-file=\"https:\/\/i0.wp.com\/elgeneracionalpost.com\/wp-content\/uploads\/2018\/11\/self_portrait.jpg?fit=240%2C284&amp;ssl=1\" data-orig-size=\"240,284\" data-comments-opened=\"1\" data-image-meta=\"{&quot;aperture&quot;:&quot;0&quot;,&quot;credit&quot;:&quot;&quot;,&quot;camera&quot;:&quot;&quot;,&quot;caption&quot;:&quot;&quot;,&quot;created_timestamp&quot;:&quot;0&quot;,&quot;copyright&quot;:&quot;&quot;,&quot;focal_length&quot;:&quot;0&quot;,&quot;iso&quot;:&quot;0&quot;,&quot;shutter_speed&quot;:&quot;0&quot;,&quot;title&quot;:&quot;&quot;,&quot;orientation&quot;:&quot;0&quot;}\" data-image-title=\"self_portrait\" data-image-description=\"&lt;p&gt;Autorretrato de Vincent Van Gogh&lt;\/p&gt;&#10;\" data-image-caption=\"&lt;p&gt;Fuente: https:\/\/www.vangoghgallery.com&lt;\/p&gt;&#10;\" data-medium-file=\"https:\/\/i0.wp.com\/elgeneracionalpost.com\/wp-content\/uploads\/2018\/11\/self_portrait.jpg?fit=240%2C284&amp;ssl=1\" data-large-file=\"https:\/\/i0.wp.com\/elgeneracionalpost.com\/wp-content\/uploads\/2018\/11\/self_portrait.jpg?fit=240%2C284&amp;ssl=1\" decoding=\"async\" class=\"alignnone size-full wp-image-110\" src=\"https:\/\/i0.wp.com\/elgeneracionalpost.com\/wp-content\/uploads\/2018\/11\/self_portrait.jpg?resize=240%2C284&amp;ssl=1\" alt=\"\uc790\ud654\uc0c1\" width=\"240\" height=\"284\" data-recalc-dims=\"1\"\/><\/noscript><figcaption id=\"caption-attachment-110\" class=\"wp-caption-text\">\ucd9c\ucc98: \ubc18 \uace0\ud750 \uac24\ub7ec\ub9ac<\/figcaption><\/figure>\n<p>\uc774 \ub2e4\uc791 \ud654\uac00\uc758 \uc791\ud488\uc740 \ub9c8\ub4dc\ub9ac\ub4dc\uc758 \ud2f0\uc13c \ubcf4\ub974\ub124\ubbf8\uc0ac \ubbf8\uc220\uad00\ubd80\ud130 \uc601\uad6d \ubc15\ubb3c\uad00, \ub8e8\ube0c\ub974 \ubc15\ubb3c\uad00, \uc554\uc2a4\ud14c\ub974\ub2f4\uc758 \ubc18 \uace0\ud750 \ubbf8\uc220\uad00\uc5d0 \uc774\ub974\uae30\uae4c\uc9c0 \uc804 \uc138\uacc4 \uc218\ub9ce\uc740 \ubc15\ubb3c\uad00\uc5d0\uc11c \ubcfc \uc218 \uc788\uc9c0\ub9cc, \uc774\ubc88\ucc98\ub7fc \ubcbd\uacfc \ubc14\ub2e5\uc758 \uac70\ub300\ud55c \uc2a4\ud06c\ub9b0\uc5d0 \uc791\ud488\uc744 \ud22c\uc601\ud558\ub294 \ubc29\uc2dd\uc73c\ub85c \uc804\uc2dc\ub41c \uc801\uc740 \uc5c6\uc5c8\uc2b5\ub2c8\ub2e4.<\/p>\n<p>\ub124\ub35c\ub780\ub4dc \ud654\uac00 \ube48\uc13c\ud2b8 \ubc18 \uace0\ud750\ub294 \ub2f9\ub300\uc5d0\ub294 \uc81c\ub300\ub85c \uc778\uc815\ubc1b\uc9c0 \ubabb\ud588\uc9c0\ub9cc, \uc138\uacc4\uc5d0\uc11c \uac00\uc7a5 \uc720\uba85\ud55c \ud654\uac00 \uc911 \ud55c \uba85\uc774 \ub418\uc5c8\uc2b5\ub2c8\ub2e4. \uc774\ubc88 \uc804\uc2dc\ub294 \uadf8\ub97c \uc804\uc5d0 \uc5c6\ub358 \ubc29\uc2dd\uc73c\ub85c \uae30\ub9bd\ub2c8\ub2e4. \ubc29\ubb38\uac1d\ub4e4\uc740 \uadf8\uc758 \uc791\ud488\ub4e4\uc744 \uac10\uc0c1\ud560 \uc218 \uc788\uc2b5\ub2c8\ub2e4. <em>\ubcc4\uc774 \ube5b\ub098\ub294 \ubc24<\/em>\uadf8\ub4e4\uc758 \ud48d\uacbd \uc18d \ud48d\ucc28\ub4e4, \uadf8\ub4e4\uc758 \uce5c\ubc00\ud568 \uc18d\uc73c\ub85c \ube60\uc838\ub4e4\uc5b4\ub77c <em>\uc544\ub97c \ub8f8<\/em> \ub610\ub294 \uc0c8\ub4e4\uc774 \uc5b4\ub5bb\uac8c \uc9c0\ub0b4\ub294\uc9c0 \ubcf4\uc138\uc694 <em>\uae4c\ub9c8\uadc0\ub4e4\uc774 \uc788\ub294 \ubc00\ubc2d<\/em>. \ud3f4 \uace0\uac31\uacfc\uc758 \uae34\ubc00\ud558\uace0\ub3c4 \uaca9\ub82c\ud55c \uad00\uacc4 \ub355\ubd84\uc5d0 \uadf8\uc758 \uc791\ud488 \uc911\uc5d0\ub294 \uc790\uc2e0\uc758 \uadf8\ub9bc \uc678\uc5d0\ub3c4 \ud3f4 \uace0\uac31\uc758 \uc791\ud488 \uc911 \uc77c\ubd80\uac00 \ud2b9\ud788 \ub208\uc5d0 \ub744\ub294\ub370, \uc608\ub97c \ub4e4\uba74 \ub2e4\uc74c\uacfc \uac19\uc2b5\ub2c8\ub2e4... <em>\uace0\uac31 \uc758\uc790<\/em>\ub3d9\ubc18\uc790 <em>\ubc18 \uace0\ud750 \uc758\uc790<\/em>.<\/p>\n<div class=\"sharedaddy sd-block sd-like jetpack-likes-widget-wrapper jetpack-likes-widget-unloaded\" id=\"like-post-wrapper-153844979-109-642ba05354edf\" data-src=\"https:\/\/widgets.wp.com\/likes\/#blog_id=153844979&amp;post_id=109&amp;origin=elgeneracionalpost.com&amp;obj_id=153844979-109-642ba05354edf\" data-name=\"like-post-frame-153844979-109-642ba05354edf\" data-title=\"Me gusta o Compartir\">\n<h3 class=\"sd-title\">\ub098\ub294 \uc774\uac83\uc744 \uc88b\uc544\ud55c\ub2e4:<\/h3>\n<p><span class=\"button\"><span>\uc88b\uc544\uc694<\/span><\/span> <span class=\"loading\">\ub85c\ub529 \uc911\u2026<\/span><\/p>\n<p><span class=\"sd-text-color\"\/><\/div>\n<p><h3 class=\"jp-relatedposts-headline\"><em>\uad00\ub828\ub41c<\/em><\/h3>\n<\/p>\n<\/div>\n<\/div>","protected":false},"excerpt":{"rendered":"<p>Depois da estreia em Sevilha e Alicante, Madrid \u00e9 a terceira cidade espanhola a receber esta exposi\u00e7\u00e3o multim\u00e9dia Apesar da &hellip; <\/p>","protected":false},"author":1,"featured_media":1033,"comment_status":"open","ping_status":"open","sticky":false,"template":"","format":"standard","meta":{"fifu_image_url":"https:\/\/i2.wp.com\/elgeneracionalpost.com\/wp-content\/uploads\/2018\/11\/img_7032.jpg?fit=960,600&ssl=1","fifu_image_alt":"","footnotes":""},"categories":[35],"tags":[],"class_list":["post-1032","post","type-post","status-publish","format-standard","has-post-thumbnail","hentry","category-cultura-e-lazer","latest_post"],"yoast_head":"<!-- This site is optimized with the Yoast SEO plugin v27.3 - https:\/\/yoast.com\/product\/yoast-seo-wordpress\/ -->\n<title>Van Gogh Alive \u2013 The Experience chega a Madrid - Tirinha.com<\/title>\n<meta name=\"robots\" content=\"index, follow, max-snippet:-1, max-image-preview:large, max-video-preview:-1\" \/>\n<link rel=\"canonical\" href=\"https:\/\/tirinha.com\/ko\/1032\/\ubc18-\uace0\ud750\uc758-\uc0dd\uc0dd\ud55c-\ubaa8\uc2b5\uc744-\ub9c8\ub4dc\ub9ac\ub4dc\uc5d0\uc11c-\ub9cc\ub098\ubcf4\uc138\uc694\/\" \/>\n<meta property=\"og:locale\" content=\"ko_KR\" \/>\n<meta property=\"og:type\" content=\"article\" \/>\n<meta property=\"og:title\" content=\"Van Gogh Alive \u2013 The Experience chega a Madrid - Tirinha.com\" \/>\n<meta property=\"og:description\" content=\"Depois da estreia em Sevilha e Alicante, Madrid \u00e9 a terceira cidade espanhola a receber esta exposi\u00e7\u00e3o multim\u00e9dia Apesar da &hellip;\" \/>\n<meta property=\"og:url\" content=\"https:\/\/tirinha.com\/ko\/1032\/\ubc18-\uace0\ud750\uc758-\uc0dd\uc0dd\ud55c-\ubaa8\uc2b5\uc744-\ub9c8\ub4dc\ub9ac\ub4dc\uc5d0\uc11c-\ub9cc\ub098\ubcf4\uc138\uc694\/\" \/>\n<meta property=\"og:site_name\" content=\"Tirinha.com\" \/>\n<meta property=\"article:published_time\" content=\"2023-04-04T03:58:12+00:00\" \/>\n<meta property=\"og:image\" content=\"https:\/\/i2.wp.com\/elgeneracionalpost.com\/wp-content\/uploads\/2018\/11\/img_7032.jpg?fit=960,600&ssl=1\" \/>\n<meta name=\"author\" content=\"admin\" \/>\n<meta name=\"twitter:card\" content=\"summary_large_image\" \/>\n<meta name=\"twitter:image\" content=\"https:\/\/i2.wp.com\/elgeneracionalpost.com\/wp-content\/uploads\/2018\/11\/img_7032.jpg?fit=960,600&ssl=1\" \/>\n<meta name=\"twitter:label1\" content=\"\uae00\uc4f4\uc774\" \/>\n\t<meta name=\"twitter:data1\" content=\"admin\" \/>\n\t<meta name=\"twitter:label2\" content=\"\uc608\uc0c1 \ub418\ub294 \ud310\ub3c5 \uc2dc\uac04\" \/>\n\t<meta name=\"twitter:data2\" content=\"2\ubd84\" \/>\n<script type=\"application\/ld+json\" class=\"yoast-schema-graph\">{\"@context\":\"https:\\\/\\\/schema.org\",\"@graph\":[{\"@type\":\"Article\",\"@id\":\"https:\\\/\\\/tirinha.com\\\/1032\\\/van-gogh-alive-the-experience-chega-a-madrid\\\/#article\",\"isPartOf\":{\"@id\":\"https:\\\/\\\/tirinha.com\\\/1032\\\/van-gogh-alive-the-experience-chega-a-madrid\\\/\"},\"author\":{\"name\":\"admin\",\"@id\":\"https:\\\/\\\/tirinha.com\\\/#\\\/schema\\\/person\\\/e22bdfbe17e0461f7e927e6a1208d4d9\"},\"headline\":\"Van Gogh Alive \u2013 The Experience chega a Madrid\",\"datePublished\":\"2023-04-04T03:58:12+00:00\",\"mainEntityOfPage\":{\"@id\":\"https:\\\/\\\/tirinha.com\\\/1032\\\/van-gogh-alive-the-experience-chega-a-madrid\\\/\"},\"wordCount\":338,\"commentCount\":0,\"publisher\":{\"@id\":\"https:\\\/\\\/tirinha.com\\\/#organization\"},\"image\":{\"@id\":\"https:\\\/\\\/tirinha.com\\\/1032\\\/van-gogh-alive-the-experience-chega-a-madrid\\\/#primaryimage\"},\"thumbnailUrl\":\"https:\\\/\\\/i2.wp.com\\\/elgeneracionalpost.com\\\/wp-content\\\/uploads\\\/2018\\\/11\\\/img_7032.jpg?fit=960,600&ssl=1\",\"articleSection\":[\"Cultura e lazer\"],\"inLanguage\":\"ko-KR\",\"potentialAction\":[{\"@type\":\"CommentAction\",\"name\":\"Comment\",\"target\":[\"https:\\\/\\\/tirinha.com\\\/1032\\\/van-gogh-alive-the-experience-chega-a-madrid\\\/#respond\"]}]},{\"@type\":\"WebPage\",\"@id\":\"https:\\\/\\\/tirinha.com\\\/1032\\\/van-gogh-alive-the-experience-chega-a-madrid\\\/\",\"url\":\"https:\\\/\\\/tirinha.com\\\/1032\\\/van-gogh-alive-the-experience-chega-a-madrid\\\/\",\"name\":\"Van Gogh Alive \u2013 The Experience chega a Madrid - Tirinha.com\",\"isPartOf\":{\"@id\":\"https:\\\/\\\/tirinha.com\\\/#website\"},\"primaryImageOfPage\":{\"@id\":\"https:\\\/\\\/tirinha.com\\\/1032\\\/van-gogh-alive-the-experience-chega-a-madrid\\\/#primaryimage\"},\"image\":{\"@id\":\"https:\\\/\\\/tirinha.com\\\/1032\\\/van-gogh-alive-the-experience-chega-a-madrid\\\/#primaryimage\"},\"thumbnailUrl\":\"https:\\\/\\\/i2.wp.com\\\/elgeneracionalpost.com\\\/wp-content\\\/uploads\\\/2018\\\/11\\\/img_7032.jpg?fit=960,600&ssl=1\",\"datePublished\":\"2023-04-04T03:58:12+00:00\",\"breadcrumb\":{\"@id\":\"https:\\\/\\\/tirinha.com\\\/1032\\\/van-gogh-alive-the-experience-chega-a-madrid\\\/#breadcrumb\"},\"inLanguage\":\"ko-KR\",\"potentialAction\":[{\"@type\":\"ReadAction\",\"target\":[\"https:\\\/\\\/tirinha.com\\\/1032\\\/van-gogh-alive-the-experience-chega-a-madrid\\\/\"]}]},{\"@type\":\"ImageObject\",\"inLanguage\":\"ko-KR\",\"@id\":\"https:\\\/\\\/tirinha.com\\\/1032\\\/van-gogh-alive-the-experience-chega-a-madrid\\\/#primaryimage\",\"url\":\"https:\\\/\\\/i2.wp.com\\\/elgeneracionalpost.com\\\/wp-content\\\/uploads\\\/2018\\\/11\\\/img_7032.jpg?fit=960,600&ssl=1\",\"contentUrl\":\"https:\\\/\\\/i2.wp.com\\\/elgeneracionalpost.com\\\/wp-content\\\/uploads\\\/2018\\\/11\\\/img_7032.jpg?fit=960,600&ssl=1\"},{\"@type\":\"BreadcrumbList\",\"@id\":\"https:\\\/\\\/tirinha.com\\\/1032\\\/van-gogh-alive-the-experience-chega-a-madrid\\\/#breadcrumb\",\"itemListElement\":[{\"@type\":\"ListItem\",\"position\":1,\"name\":\"Home\",\"item\":\"https:\\\/\\\/tirinha.com\\\/\"},{\"@type\":\"ListItem\",\"position\":2,\"name\":\"Van Gogh Alive \u2013 The Experience chega a Madrid\"}]},{\"@type\":\"WebSite\",\"@id\":\"https:\\\/\\\/tirinha.com\\\/#website\",\"url\":\"https:\\\/\\\/tirinha.com\\\/\",\"name\":\"Tirinha.com\",\"description\":\"Arte e livros resenhas\",\"publisher\":{\"@id\":\"https:\\\/\\\/tirinha.com\\\/#organization\"},\"potentialAction\":[{\"@type\":\"SearchAction\",\"target\":{\"@type\":\"EntryPoint\",\"urlTemplate\":\"https:\\\/\\\/tirinha.com\\\/?s={search_term_string}\"},\"query-input\":{\"@type\":\"PropertyValueSpecification\",\"valueRequired\":true,\"valueName\":\"search_term_string\"}}],\"inLanguage\":\"ko-KR\"},{\"@type\":\"Organization\",\"@id\":\"https:\\\/\\\/tirinha.com\\\/#organization\",\"name\":\"Tirinha.com\",\"url\":\"https:\\\/\\\/tirinha.com\\\/\",\"logo\":{\"@type\":\"ImageObject\",\"inLanguage\":\"ko-KR\",\"@id\":\"https:\\\/\\\/tirinha.com\\\/#\\\/schema\\\/logo\\\/image\\\/\",\"url\":\"https:\\\/\\\/tirinha.com\\\/wp-content\\\/uploads\\\/2023\\\/08\\\/cropped-Logo-Tirinha.webp\",\"contentUrl\":\"https:\\\/\\\/tirinha.com\\\/wp-content\\\/uploads\\\/2023\\\/08\\\/cropped-Logo-Tirinha.webp\",\"width\":512,\"height\":512,\"caption\":\"Tirinha.com\"},\"image\":{\"@id\":\"https:\\\/\\\/tirinha.com\\\/#\\\/schema\\\/logo\\\/image\\\/\"}},{\"@type\":\"Person\",\"@id\":\"https:\\\/\\\/tirinha.com\\\/#\\\/schema\\\/person\\\/e22bdfbe17e0461f7e927e6a1208d4d9\",\"name\":\"admin\",\"image\":{\"@type\":\"ImageObject\",\"inLanguage\":\"ko-KR\",\"@id\":\"https:\\\/\\\/tirinha.com\\\/wp-content\\\/litespeed\\\/avatar\\\/d0068f7931cc87d7274eb0c3db1deb4b.jpg?ver=1776829466\",\"url\":\"https:\\\/\\\/tirinha.com\\\/wp-content\\\/litespeed\\\/avatar\\\/d0068f7931cc87d7274eb0c3db1deb4b.jpg?ver=1776829466\",\"contentUrl\":\"https:\\\/\\\/tirinha.com\\\/wp-content\\\/litespeed\\\/avatar\\\/d0068f7931cc87d7274eb0c3db1deb4b.jpg?ver=1776829466\",\"caption\":\"admin\"},\"sameAs\":[\"https:\\\/\\\/tirinha.com\"],\"url\":\"https:\\\/\\\/tirinha.com\\\/ko\\\/author\\\/admin\\\/\"}]}<\/script>\n<!-- \/ Yoast SEO plugin. -->","yoast_head_json":{"title":"\ubc18 \uace0\ud750 \uc0dd\uc0dd \uccb4\ud5d8\uc774 \ub9c8\ub4dc\ub9ac\ub4dc\uc5d0 \ucc3e\uc544\uc635\ub2c8\ub2e4 - Tirinha.com","robots":{"index":"index","follow":"follow","max-snippet":"max-snippet:-1","max-image-preview":"max-image-preview:large","max-video-preview":"max-video-preview:-1"},"canonical":"https:\/\/tirinha.com\/ko\/1032\/\ubc18-\uace0\ud750\uc758-\uc0dd\uc0dd\ud55c-\ubaa8\uc2b5\uc744-\ub9c8\ub4dc\ub9ac\ub4dc\uc5d0\uc11c-\ub9cc\ub098\ubcf4\uc138\uc694\/","og_locale":"ko_KR","og_type":"article","og_title":"Van Gogh Alive \u2013 The Experience chega a Madrid - Tirinha.com","og_description":"Depois da estreia em Sevilha e Alicante, Madrid \u00e9 a terceira cidade espanhola a receber esta exposi\u00e7\u00e3o multim\u00e9dia Apesar da &hellip;","og_url":"https:\/\/tirinha.com\/ko\/1032\/\ubc18-\uace0\ud750\uc758-\uc0dd\uc0dd\ud55c-\ubaa8\uc2b5\uc744-\ub9c8\ub4dc\ub9ac\ub4dc\uc5d0\uc11c-\ub9cc\ub098\ubcf4\uc138\uc694\/","og_site_name":"Tirinha.com","article_published_time":"2023-04-04T03:58:12+00:00","og_image":[{"url":"https:\/\/i2.wp.com\/elgeneracionalpost.com\/wp-content\/uploads\/2018\/11\/img_7032.jpg?fit=960,600&ssl=1","type":"","width":"","height":""}],"author":"admin","twitter_card":"summary_large_image","twitter_image":"https:\/\/i2.wp.com\/elgeneracionalpost.com\/wp-content\/uploads\/2018\/11\/img_7032.jpg?fit=960,600&ssl=1","twitter_misc":{"\uae00\uc4f4\uc774":"admin","\uc608\uc0c1 \ub418\ub294 \ud310\ub3c5 \uc2dc\uac04":"2\ubd84"},"schema":{"@context":"https:\/\/schema.org","@graph":[{"@type":"Article","@id":"https:\/\/tirinha.com\/1032\/van-gogh-alive-the-experience-chega-a-madrid\/#article","isPartOf":{"@id":"https:\/\/tirinha.com\/1032\/van-gogh-alive-the-experience-chega-a-madrid\/"},"author":{"name":"admin","@id":"https:\/\/tirinha.com\/#\/schema\/person\/e22bdfbe17e0461f7e927e6a1208d4d9"},"headline":"Van Gogh Alive \u2013 The Experience chega a Madrid","datePublished":"2023-04-04T03:58:12+00:00","mainEntityOfPage":{"@id":"https:\/\/tirinha.com\/1032\/van-gogh-alive-the-experience-chega-a-madrid\/"},"wordCount":338,"commentCount":0,"publisher":{"@id":"https:\/\/tirinha.com\/#organization"},"image":{"@id":"https:\/\/tirinha.com\/1032\/van-gogh-alive-the-experience-chega-a-madrid\/#primaryimage"},"thumbnailUrl":"https:\/\/i2.wp.com\/elgeneracionalpost.com\/wp-content\/uploads\/2018\/11\/img_7032.jpg?fit=960,600&ssl=1","articleSection":["Cultura e lazer"],"inLanguage":"ko-KR","potentialAction":[{"@type":"CommentAction","name":"Comment","target":["https:\/\/tirinha.com\/1032\/van-gogh-alive-the-experience-chega-a-madrid\/#respond"]}]},{"@type":"WebPage","@id":"https:\/\/tirinha.com\/1032\/van-gogh-alive-the-experience-chega-a-madrid\/","url":"https:\/\/tirinha.com\/1032\/van-gogh-alive-the-experience-chega-a-madrid\/","name":"\ubc18 \uace0\ud750 \uc0dd\uc0dd \uccb4\ud5d8\uc774 \ub9c8\ub4dc\ub9ac\ub4dc\uc5d0 \ucc3e\uc544\uc635\ub2c8\ub2e4 - Tirinha.com","isPartOf":{"@id":"https:\/\/tirinha.com\/#website"},"primaryImageOfPage":{"@id":"https:\/\/tirinha.com\/1032\/van-gogh-alive-the-experience-chega-a-madrid\/#primaryimage"},"image":{"@id":"https:\/\/tirinha.com\/1032\/van-gogh-alive-the-experience-chega-a-madrid\/#primaryimage"},"thumbnailUrl":"https:\/\/i2.wp.com\/elgeneracionalpost.com\/wp-content\/uploads\/2018\/11\/img_7032.jpg?fit=960,600&ssl=1","datePublished":"2023-04-04T03:58:12+00:00","breadcrumb":{"@id":"https:\/\/tirinha.com\/1032\/van-gogh-alive-the-experience-chega-a-madrid\/#breadcrumb"},"inLanguage":"ko-KR","potentialAction":[{"@type":"ReadAction","target":["https:\/\/tirinha.com\/1032\/van-gogh-alive-the-experience-chega-a-madrid\/"]}]},{"@type":"ImageObject","inLanguage":"ko-KR","@id":"https:\/\/tirinha.com\/1032\/van-gogh-alive-the-experience-chega-a-madrid\/#primaryimage","url":"https:\/\/i2.wp.com\/elgeneracionalpost.com\/wp-content\/uploads\/2018\/11\/img_7032.jpg?fit=960,600&ssl=1","contentUrl":"https:\/\/i2.wp.com\/elgeneracionalpost.com\/wp-content\/uploads\/2018\/11\/img_7032.jpg?fit=960,600&ssl=1"},{"@type":"BreadcrumbList","@id":"https:\/\/tirinha.com\/1032\/van-gogh-alive-the-experience-chega-a-madrid\/#breadcrumb","itemListElement":[{"@type":"ListItem","position":1,"name":"Home","item":"https:\/\/tirinha.com\/"},{"@type":"ListItem","position":2,"name":"Van Gogh Alive \u2013 The Experience chega a Madrid"}]},{"@type":"WebSite","@id":"https:\/\/tirinha.com\/#website","url":"https:\/\/tirinha.com\/","name":"\ud2f0\ub9ac\ub0d0\ub2f7\ucef4","description":"\uc608\uc220 \ubc0f \uc11c\ud3c9","publisher":{"@id":"https:\/\/tirinha.com\/#organization"},"potentialAction":[{"@type":"SearchAction","target":{"@type":"EntryPoint","urlTemplate":"https:\/\/tirinha.com\/?s={search_term_string}"},"query-input":{"@type":"PropertyValueSpecification","valueRequired":true,"valueName":"search_term_string"}}],"inLanguage":"ko-KR"},{"@type":"Organization","@id":"https:\/\/tirinha.com\/#organization","name":"\ud2f0\ub9ac\ub0d0\ub2f7\ucef4","url":"https:\/\/tirinha.com\/","logo":{"@type":"ImageObject","inLanguage":"ko-KR","@id":"https:\/\/tirinha.com\/#\/schema\/logo\/image\/","url":"https:\/\/tirinha.com\/wp-content\/uploads\/2023\/08\/cropped-Logo-Tirinha.webp","contentUrl":"https:\/\/tirinha.com\/wp-content\/uploads\/2023\/08\/cropped-Logo-Tirinha.webp","width":512,"height":512,"caption":"Tirinha.com"},"image":{"@id":"https:\/\/tirinha.com\/#\/schema\/logo\/image\/"}},{"@type":"Person","@id":"https:\/\/tirinha.com\/#\/schema\/person\/e22bdfbe17e0461f7e927e6a1208d4d9","name":"\uad00\ub9ac\uc790","image":{"@type":"ImageObject","inLanguage":"ko-KR","@id":"https:\/\/tirinha.com\/wp-content\/litespeed\/avatar\/d0068f7931cc87d7274eb0c3db1deb4b.jpg?ver=1776829466","url":"https:\/\/tirinha.com\/wp-content\/litespeed\/avatar\/d0068f7931cc87d7274eb0c3db1deb4b.jpg?ver=1776829466","contentUrl":"https:\/\/tirinha.com\/wp-content\/litespeed\/avatar\/d0068f7931cc87d7274eb0c3db1deb4b.jpg?ver=1776829466","caption":"admin"},"sameAs":["https:\/\/tirinha.com"],"url":"https:\/\/tirinha.com\/ko\/author\/admin\/"}]}},"_links":{"self":[{"href":"https:\/\/tirinha.com\/ko\/wp-json\/wp\/v2\/posts\/1032","targetHints":{"allow":["GET"]}}],"collection":[{"href":"https:\/\/tirinha.com\/ko\/wp-json\/wp\/v2\/posts"}],"about":[{"href":"https:\/\/tirinha.com\/ko\/wp-json\/wp\/v2\/types\/post"}],"author":[{"embeddable":true,"href":"https:\/\/tirinha.com\/ko\/wp-json\/wp\/v2\/users\/1"}],"replies":[{"embeddable":true,"href":"https:\/\/tirinha.com\/ko\/wp-json\/wp\/v2\/comments?post=1032"}],"version-history":[{"count":0,"href":"https:\/\/tirinha.com\/ko\/wp-json\/wp\/v2\/posts\/1032\/revisions"}],"wp:featuredmedia":[{"embeddable":true,"href":"https:\/\/tirinha.com\/ko\/wp-json\/wp\/v2\/media\/1033"}],"wp:attachment":[{"href":"https:\/\/tirinha.com\/ko\/wp-json\/wp\/v2\/media?parent=1032"}],"wp:term":[{"taxonomy":"category","embeddable":true,"href":"https:\/\/tirinha.com\/ko\/wp-json\/wp\/v2\/categories?post=1032"},{"taxonomy":"post_tag","embeddable":true,"href":"https:\/\/tirinha.com\/ko\/wp-json\/wp\/v2\/tags?post=1032"}],"curies":[{"name":"wp","href":"https:\/\/api.w.org\/{rel}","templated":true}]}}