{"id":987,"date":"2023-04-03T23:02:55","date_gmt":"2023-04-03T23:02:55","guid":{"rendered":"https:\/\/tirinha.com\/vera-bosch-olhe-nos-olhos-antes-da-boca\/"},"modified":"2023-04-03T23:02:55","modified_gmt":"2023-04-03T23:02:55","slug":"vera-bosch-olhe-nos-olhos-antes-da-boca","status":"publish","type":"post","link":"https:\/\/tirinha.com\/ja\/987\/vera-bosch-olhe-nos-olhos-antes-da-boca\/","title":{"rendered":"\u30f4\u30a7\u30e9\u30fb\u30dc\u30b9\uff1a\u300c\u53e3\u3092\u898b\u308b\u524d\u306b\u3001\u307e\u305a\u76ee\u3092\u898b\u306a\u3055\u3044\u300d\u201c"},"content":{"rendered":"<p><\/p>\n<div>\n<h2>A dublagem n\u00e3o tem tanto reconhecimento quanto deveria.  Por isso, quer\u00edamos entrevistar Vera Bosch para dar mais visibilidade ao trade<\/h2>\n<p><strong>Bosch \u00e9 uma atriz de dublagem espanhola, conhecida principalmente por dublar Zendaya, Florence Pugh ou Camila Mendes.<\/strong><\/p>\n<p>A dublagem \u00e9 um trabalho muito complexo e trabalhoso em filmes e s\u00e9ries.  Ao longo de sua hist\u00f3ria, o trabalho evoluiu e deu lugar a novas gera\u00e7\u00f5es com diferentes registros vocais.  Atualmente, a voz particular de Bosch \u00e9 uma das mais reconhecidas do pa\u00eds.  Com apenas 26 anos, ela j\u00e1 entrou nesse mundo e j\u00e1 dublou atrizes famosas, entre as mais reconhecidas est\u00e1 Zendaya.<\/p>\n<p><strong>Pergunta: Quando voc\u00ea percebeu que queria ser dubladora?<\/strong><\/p>\n<p><strong>\u5fdc\u7b54\u3059\u308b\u306b\u306f:<\/strong> Eu o descobri quase sem saber.  Comecei a fazer publicidade quando tinha cinco anos, ent\u00e3o para mim era um jogo.  Aos poucos, conforme fui crescendo, comecei a perceber que era a isso que eu queria me dedicar.<\/p>\n<p><strong>P: Voc\u00ea estudou em algum lugar para se preparar para o of\u00edcio?<\/strong><\/p>\n<p><strong>\u30b6\uff1a<\/strong> Estudei interpreta\u00e7\u00e3o na escola de teatro Manuel Galiana e depois dublagem na <strong>Escola de Dublagem de Madri<\/strong> \u3068 <strong>Lorenzo Beteta<\/strong> (Pedro Pascal em <em>O \u00faltimo de n\u00f3s<\/em>\u305d\u3057\u3066 <strong>salvador <em>pachi<\/em> aldeguer<\/strong> (Michael Keaton em <em>Bitelchus<\/em>).<\/p>\n<figure id=\"attachment_83733\" aria-describedby=\"caption-attachment-83733\" style=\"width: 449px\" class=\"wp-caption aligncenter\"><img fetchpriority=\"high\" data-attachment-id=\"83733\" data-permalink=\"https:\/\/elgeneracionalpost.com\/cultura\/2023\/0402\/83732\/vera-bosch-mira-a-los-ojos-antes-que-a-la-boca.html\/attachment\/whatsapp-image-2023-03-16-at-09-39-29-1\" data-orig-file=\"https:\/\/i0.wp.com\/elgeneracionalpost.com\/wp-content\/uploads\/2023\/03\/WhatsApp-Image-2023-03-16-at-09.39.29-1.jpeg?fit=1080%2C805&amp;ssl=1\" data-orig-size=\"1080,805\" data-comments-opened=\"0\" data-image-meta=\"{&quot;aperture&quot;:&quot;0&quot;,&quot;credit&quot;:&quot;&quot;,&quot;camera&quot;:&quot;&quot;,&quot;caption&quot;:&quot;&quot;,&quot;created_timestamp&quot;:&quot;0&quot;,&quot;copyright&quot;:&quot;&quot;,&quot;focal_length&quot;:&quot;0&quot;,&quot;iso&quot;:&quot;0&quot;,&quot;shutter_speed&quot;:&quot;0&quot;,&quot;title&quot;:&quot;&quot;,&quot;orientation&quot;:&quot;0&quot;}\" data-image-title=\"WhatsApp Image 2023-03-16 at 09.39.29 (1)\" data-image-description=\"\" data-image-caption=\"&lt;p&gt;Vera Bosch trabajando | Fuente: Instagram (Vera Bosch)&lt;\/p&gt;&#10;\" data-medium-file=\"https:\/\/i0.wp.com\/elgeneracionalpost.com\/wp-content\/uploads\/2023\/03\/WhatsApp-Image-2023-03-16-at-09.39.29-1.jpeg?fit=300%2C224&amp;ssl=1\" data-large-file=\"https:\/\/i0.wp.com\/elgeneracionalpost.com\/wp-content\/uploads\/2023\/03\/WhatsApp-Image-2023-03-16-at-09.39.29-1.jpeg?fit=696%2C519&amp;ssl=1\" decoding=\"async\" class=\"wp-image-83733 jetpack-lazy-image\" src=\"https:\/\/i0.wp.com\/elgeneracionalpost.com\/wp-content\/uploads\/2023\/03\/WhatsApp-Image-2023-03-16-at-09.39.29-1.jpeg?resize=449%2C335&amp;ssl=1\" alt=\"\" width=\"449\" height=\"335\" data-recalc-dims=\"1\" data-lazy-srcset=\"https:\/\/i0.wp.com\/elgeneracionalpost.com\/wp-content\/uploads\/2023\/03\/WhatsApp-Image-2023-03-16-at-09.39.29-1.jpeg?resize=300%2C224&amp;ssl=1 300w, https:\/\/i0.wp.com\/elgeneracionalpost.com\/wp-content\/uploads\/2023\/03\/WhatsApp-Image-2023-03-16-at-09.39.29-1.jpeg?resize=1024%2C763&amp;ssl=1 1024w, https:\/\/i0.wp.com\/elgeneracionalpost.com\/wp-content\/uploads\/2023\/03\/WhatsApp-Image-2023-03-16-at-09.39.29-1.jpeg?resize=768%2C572&amp;ssl=1 768w, https:\/\/i0.wp.com\/elgeneracionalpost.com\/wp-content\/uploads\/2023\/03\/WhatsApp-Image-2023-03-16-at-09.39.29-1.jpeg?resize=150%2C112&amp;ssl=1 150w, https:\/\/i0.wp.com\/elgeneracionalpost.com\/wp-content\/uploads\/2023\/03\/WhatsApp-Image-2023-03-16-at-09.39.29-1.jpeg?resize=696%2C519&amp;ssl=1 696w, https:\/\/i0.wp.com\/elgeneracionalpost.com\/wp-content\/uploads\/2023\/03\/WhatsApp-Image-2023-03-16-at-09.39.29-1.jpeg?resize=1068%2C796&amp;ssl=1 1068w, https:\/\/i0.wp.com\/elgeneracionalpost.com\/wp-content\/uploads\/2023\/03\/WhatsApp-Image-2023-03-16-at-09.39.29-1.jpeg?w=1080&amp;ssl=1 1080w\" data-lazy-sizes=\"(max-width: 449px) 100vw, 449px\" data-lazy-src=\"https:\/\/i0.wp.com\/elgeneracionalpost.com\/wp-content\/uploads\/2023\/03\/WhatsApp-Image-2023-03-16-at-09.39.29-1.jpeg?resize=449%2C335&amp;is-pending-load=1#038;ssl=1\" srcset=\"data:image\/gif;base64,R0lGODlhAQABAIAAAAAAAP\/\/\/yH5BAEAAAAALAAAAAABAAEAAAIBRAA7\"\/><noscript><img data-lazy-fallback=\"1\" data-attachment-id=\"83733\" data-permalink=\"https:\/\/elgeneracionalpost.com\/cultura\/2023\/0402\/83732\/vera-bosch-mira-a-los-ojos-antes-que-a-la-boca.html\/attachment\/whatsapp-image-2023-03-16-at-09-39-29-1\" data-orig-file=\"https:\/\/i0.wp.com\/elgeneracionalpost.com\/wp-content\/uploads\/2023\/03\/WhatsApp-Image-2023-03-16-at-09.39.29-1.jpeg?fit=1080%2C805&amp;ssl=1\" data-orig-size=\"1080,805\" data-comments-opened=\"0\" data-image-meta=\"{&quot;aperture&quot;:&quot;0&quot;,&quot;credit&quot;:&quot;&quot;,&quot;camera&quot;:&quot;&quot;,&quot;caption&quot;:&quot;&quot;,&quot;created_timestamp&quot;:&quot;0&quot;,&quot;copyright&quot;:&quot;&quot;,&quot;focal_length&quot;:&quot;0&quot;,&quot;iso&quot;:&quot;0&quot;,&quot;shutter_speed&quot;:&quot;0&quot;,&quot;title&quot;:&quot;&quot;,&quot;orientation&quot;:&quot;0&quot;}\" data-image-title=\"WhatsApp Image 2023-03-16 at 09.39.29 (1)\" data-image-description=\"\" data-image-caption=\"&lt;p&gt;Vera Bosch trabajando | Fuente: Instagram (Vera Bosch)&lt;\/p&gt;&#10;\" data-medium-file=\"https:\/\/i0.wp.com\/elgeneracionalpost.com\/wp-content\/uploads\/2023\/03\/WhatsApp-Image-2023-03-16-at-09.39.29-1.jpeg?fit=300%2C224&amp;ssl=1\" data-large-file=\"https:\/\/i0.wp.com\/elgeneracionalpost.com\/wp-content\/uploads\/2023\/03\/WhatsApp-Image-2023-03-16-at-09.39.29-1.jpeg?fit=696%2C519&amp;ssl=1\" decoding=\"async\" class=\"wp-image-83733\" src=\"https:\/\/i0.wp.com\/elgeneracionalpost.com\/wp-content\/uploads\/2023\/03\/WhatsApp-Image-2023-03-16-at-09.39.29-1.jpeg?resize=449%2C335&amp;ssl=1\" alt=\"\" width=\"449\" height=\"335\" srcset=\"https:\/\/i0.wp.com\/elgeneracionalpost.com\/wp-content\/uploads\/2023\/03\/WhatsApp-Image-2023-03-16-at-09.39.29-1.jpeg?resize=300%2C224&amp;ssl=1 300w, https:\/\/i0.wp.com\/elgeneracionalpost.com\/wp-content\/uploads\/2023\/03\/WhatsApp-Image-2023-03-16-at-09.39.29-1.jpeg?resize=1024%2C763&amp;ssl=1 1024w, https:\/\/i0.wp.com\/elgeneracionalpost.com\/wp-content\/uploads\/2023\/03\/WhatsApp-Image-2023-03-16-at-09.39.29-1.jpeg?resize=768%2C572&amp;ssl=1 768w, https:\/\/i0.wp.com\/elgeneracionalpost.com\/wp-content\/uploads\/2023\/03\/WhatsApp-Image-2023-03-16-at-09.39.29-1.jpeg?resize=150%2C112&amp;ssl=1 150w, https:\/\/i0.wp.com\/elgeneracionalpost.com\/wp-content\/uploads\/2023\/03\/WhatsApp-Image-2023-03-16-at-09.39.29-1.jpeg?resize=696%2C519&amp;ssl=1 696w, https:\/\/i0.wp.com\/elgeneracionalpost.com\/wp-content\/uploads\/2023\/03\/WhatsApp-Image-2023-03-16-at-09.39.29-1.jpeg?resize=1068%2C796&amp;ssl=1 1068w, https:\/\/i0.wp.com\/elgeneracionalpost.com\/wp-content\/uploads\/2023\/03\/WhatsApp-Image-2023-03-16-at-09.39.29-1.jpeg?w=1080&amp;ssl=1 1080w\" sizes=\"(max-width: 449px) 100vw, 449px\" data-recalc-dims=\"1\"\/><\/noscript><figcaption id=\"caption-attachment-83733\" class=\"wp-caption-text\">Vera Bosch trabalhando |  Fonte: Instagram (Vera Bosch) See More<\/figcaption><\/figure>\n<p><strong>P: Qual foi o seu primeiro papel?<\/strong><\/p>\n<p><strong>\u30b6\uff1a<\/strong> Meu primeiro papel foi em um filme chamado <em>No olho da tempestade<\/em>do ano de 2014.<\/p>\n<p><strong>P: Como foi o processo de sele\u00e7\u00e3o para dublar Zendaya em <em>Euforia?<\/em><\/strong><\/p>\n<p><strong>\u30b6\uff1a<\/strong> Eu j\u00e1 tinha dobrado por anos em <strong>Disney<\/strong> e em alguma outra ocasi\u00e3o, ent\u00e3o n\u00e3o passei por nenhum processo seletivo.  Nesse caso, eles confiaram em mim desde o in\u00edcio.<\/p>\n<p><strong>P: O que voc\u00ea acha que \u00e9 a coisa fundamental que uma pessoa que quer trabalhar neste mundo deve saber?  Que conselho voc\u00ea daria a ele?<\/strong><\/p>\n<p><strong>\u30b6\uff1a<\/strong> Para mim o fundamental \u00e9 ser ator ou atriz.  Depois, tenha muita paci\u00eancia, muita vontade de se descobrir, e trabalhe, trabalhe e trabalhe.  Odeio dar conselhos (risos), mas se tivesse que dar um seria: <strong>\u201colhar nos olhos antes da boca\u201d<\/strong>.  Ou seja, normalmente dubladores e atrizes v\u00e3o olhar para a boca, mas para mim o importante \u00e9 a express\u00e3o dos olhos.<\/p>\n<blockquote class=\"instagram-media\" data-instgrm-captioned=\"\" data-instgrm-permalink=\"https:\/\/www.instagram.com\/reel\/CiPiJ6ojUjb\/?utm_source=ig_embed&amp;utm_campaign=loading\" data-instgrm-version=\"14\" style=\" background:#FFF; border:0; border-radius:3px; box-shadow:0 0 1px 0 rgba(0,0,0,0.5),0 1px 10px 0 rgba(0,0,0,0.15); margin: 1px; max-width:658px; min-width:326px; padding:0; width:99.375%; width:-webkit-calc(100% - 2px); width:calc(100% - 2px);\"\/>\n<p>Com as esperadas pr\u00f3ximas temporadas de <em>Euforia<\/em>, <em>\u30b6<\/em> <em>Bridgerton<\/em> (dubla a rebelde Eloise Bridgerton) e <em>Educa\u00e7\u00e3o sexual<\/em> (dublando o popular Ruby), com certeza j\u00e1 est\u00e1 sendo preparado e teremos o prazer de ouvi-lo novamente muito em breve.  Por enquanto, \u00e9 s\u00f3 esperar e tentar dar o valor que os dubladores e atrizes merecem.<\/p>\n<div class=\"sharedaddy sd-block sd-like jetpack-likes-widget-wrapper jetpack-likes-widget-unloaded\" id=\"like-post-wrapper-153844979-83732-642b5b1f2eda1\" data-src=\"https:\/\/widgets.wp.com\/likes\/#blog_id=153844979&amp;post_id=83732&amp;origin=elgeneracionalpost.com&amp;obj_id=153844979-83732-642b5b1f2eda1\" data-name=\"like-post-frame-153844979-83732-642b5b1f2eda1\" data-title=\"Me gusta o Compartir\">\n<h3 class=\"sd-title\">\u79c1\u306f\u3053\u308c\u304c\u597d\u304d\u3067\u3059\uff1a<\/h3>\n<p><span class=\"button\"><span>\u79c1\u306f\u597d\u304d\u3067\u3059<\/span><\/span> <span class=\"loading\">\u8aad\u307f\u8fbc\u307f\u4e2d\u2026<\/span><\/p>\n<p><span class=\"sd-text-color\"\/><\/div>\n<p><h3 class=\"jp-relatedposts-headline\"><em>\u95a2\u9023\u3057\u3066\u3044\u308b<\/em><\/h3>\n<\/p>\n<\/div>\n<p><script async defer src=\"https:\/\/platform.instagram.com\/en_US\/embeds.js\"><\/script><\/p>","protected":false},"excerpt":{"rendered":"<p>A dublagem n\u00e3o tem tanto reconhecimento quanto deveria. Por isso, quer\u00edamos entrevistar Vera Bosch para dar mais visibilidade ao trade &hellip; <\/p>","protected":false},"author":1,"featured_media":988,"comment_status":"open","ping_status":"open","sticky":false,"template":"","format":"standard","meta":{"fifu_image_url":"https:\/\/elgeneracionalpost.com\/wp-content\/uploads\/2023\/03\/WhatsApp-Image-2023-03-28-at-14.49.49.jpeg","fifu_image_alt":"","footnotes":""},"categories":[35],"tags":[],"class_list":["post-987","post","type-post","status-publish","format-standard","has-post-thumbnail","hentry","category-cultura-e-lazer","latest_post"],"yoast_head":"<!-- This site is optimized with the Yoast SEO plugin v27.3 - https:\/\/yoast.com\/product\/yoast-seo-wordpress\/ -->\n<title>Vera Bosch: &quot;Olhe nos olhos antes da boca&quot; - Tirinha.com<\/title>\n<meta name=\"robots\" content=\"index, follow, max-snippet:-1, max-image-preview:large, max-video-preview:-1\" \/>\n<link rel=\"canonical\" href=\"https:\/\/tirinha.com\/ja\/987\/vera-bosch-olhe-nos-olhos-antes-da-boca\/\" \/>\n<meta property=\"og:locale\" content=\"ja_JP\" \/>\n<meta property=\"og:type\" content=\"article\" \/>\n<meta property=\"og:title\" content=\"Vera Bosch: &quot;Olhe nos olhos antes da boca&quot; - Tirinha.com\" \/>\n<meta property=\"og:description\" content=\"A dublagem n\u00e3o tem tanto reconhecimento quanto deveria. Por isso, quer\u00edamos entrevistar Vera Bosch para dar mais visibilidade ao trade &hellip;\" \/>\n<meta property=\"og:url\" content=\"https:\/\/tirinha.com\/ja\/987\/vera-bosch-olhe-nos-olhos-antes-da-boca\/\" \/>\n<meta property=\"og:site_name\" content=\"Tirinha.com\" \/>\n<meta property=\"article:published_time\" content=\"2023-04-03T23:02:55+00:00\" \/>\n<meta property=\"og:image\" content=\"https:\/\/elgeneracionalpost.com\/wp-content\/uploads\/2023\/03\/WhatsApp-Image-2023-03-28-at-14.49.49.jpeg\" \/>\n<meta name=\"author\" content=\"admin\" \/>\n<meta name=\"twitter:card\" content=\"summary_large_image\" \/>\n<meta name=\"twitter:image\" content=\"https:\/\/elgeneracionalpost.com\/wp-content\/uploads\/2023\/03\/WhatsApp-Image-2023-03-28-at-14.49.49.jpeg\" \/>\n<meta name=\"twitter:label1\" content=\"\u57f7\u7b46\u8005\" \/>\n\t<meta name=\"twitter:data1\" content=\"admin\" \/>\n\t<meta name=\"twitter:label2\" content=\"\u63a8\u5b9a\u8aad\u307f\u53d6\u308a\u6642\u9593\" \/>\n\t<meta name=\"twitter:data2\" content=\"2\u5206\" \/>\n<script type=\"application\/ld+json\" class=\"yoast-schema-graph\">{\"@context\":\"https:\\\/\\\/schema.org\",\"@graph\":[{\"@type\":\"Article\",\"@id\":\"https:\\\/\\\/tirinha.com\\\/987\\\/vera-bosch-olhe-nos-olhos-antes-da-boca\\\/#article\",\"isPartOf\":{\"@id\":\"https:\\\/\\\/tirinha.com\\\/987\\\/vera-bosch-olhe-nos-olhos-antes-da-boca\\\/\"},\"author\":{\"name\":\"admin\",\"@id\":\"https:\\\/\\\/tirinha.com\\\/#\\\/schema\\\/person\\\/e22bdfbe17e0461f7e927e6a1208d4d9\"},\"headline\":\"Vera Bosch: &#8220;Olhe nos olhos antes da boca&#8221;\",\"datePublished\":\"2023-04-03T23:02:55+00:00\",\"mainEntityOfPage\":{\"@id\":\"https:\\\/\\\/tirinha.com\\\/987\\\/vera-bosch-olhe-nos-olhos-antes-da-boca\\\/\"},\"wordCount\":435,\"commentCount\":0,\"publisher\":{\"@id\":\"https:\\\/\\\/tirinha.com\\\/#organization\"},\"image\":{\"@id\":\"https:\\\/\\\/tirinha.com\\\/987\\\/vera-bosch-olhe-nos-olhos-antes-da-boca\\\/#primaryimage\"},\"thumbnailUrl\":\"https:\\\/\\\/elgeneracionalpost.com\\\/wp-content\\\/uploads\\\/2023\\\/03\\\/WhatsApp-Image-2023-03-28-at-14.49.49.jpeg\",\"articleSection\":[\"Cultura e lazer\"],\"inLanguage\":\"ja\",\"potentialAction\":[{\"@type\":\"CommentAction\",\"name\":\"Comment\",\"target\":[\"https:\\\/\\\/tirinha.com\\\/987\\\/vera-bosch-olhe-nos-olhos-antes-da-boca\\\/#respond\"]}]},{\"@type\":\"WebPage\",\"@id\":\"https:\\\/\\\/tirinha.com\\\/987\\\/vera-bosch-olhe-nos-olhos-antes-da-boca\\\/\",\"url\":\"https:\\\/\\\/tirinha.com\\\/987\\\/vera-bosch-olhe-nos-olhos-antes-da-boca\\\/\",\"name\":\"Vera Bosch: \\\"Olhe nos olhos antes da boca\\\" - Tirinha.com\",\"isPartOf\":{\"@id\":\"https:\\\/\\\/tirinha.com\\\/#website\"},\"primaryImageOfPage\":{\"@id\":\"https:\\\/\\\/tirinha.com\\\/987\\\/vera-bosch-olhe-nos-olhos-antes-da-boca\\\/#primaryimage\"},\"image\":{\"@id\":\"https:\\\/\\\/tirinha.com\\\/987\\\/vera-bosch-olhe-nos-olhos-antes-da-boca\\\/#primaryimage\"},\"thumbnailUrl\":\"https:\\\/\\\/elgeneracionalpost.com\\\/wp-content\\\/uploads\\\/2023\\\/03\\\/WhatsApp-Image-2023-03-28-at-14.49.49.jpeg\",\"datePublished\":\"2023-04-03T23:02:55+00:00\",\"breadcrumb\":{\"@id\":\"https:\\\/\\\/tirinha.com\\\/987\\\/vera-bosch-olhe-nos-olhos-antes-da-boca\\\/#breadcrumb\"},\"inLanguage\":\"ja\",\"potentialAction\":[{\"@type\":\"ReadAction\",\"target\":[\"https:\\\/\\\/tirinha.com\\\/987\\\/vera-bosch-olhe-nos-olhos-antes-da-boca\\\/\"]}]},{\"@type\":\"ImageObject\",\"inLanguage\":\"ja\",\"@id\":\"https:\\\/\\\/tirinha.com\\\/987\\\/vera-bosch-olhe-nos-olhos-antes-da-boca\\\/#primaryimage\",\"url\":\"https:\\\/\\\/elgeneracionalpost.com\\\/wp-content\\\/uploads\\\/2023\\\/03\\\/WhatsApp-Image-2023-03-28-at-14.49.49.jpeg\",\"contentUrl\":\"https:\\\/\\\/elgeneracionalpost.com\\\/wp-content\\\/uploads\\\/2023\\\/03\\\/WhatsApp-Image-2023-03-28-at-14.49.49.jpeg\"},{\"@type\":\"BreadcrumbList\",\"@id\":\"https:\\\/\\\/tirinha.com\\\/987\\\/vera-bosch-olhe-nos-olhos-antes-da-boca\\\/#breadcrumb\",\"itemListElement\":[{\"@type\":\"ListItem\",\"position\":1,\"name\":\"Home\",\"item\":\"https:\\\/\\\/tirinha.com\\\/\"},{\"@type\":\"ListItem\",\"position\":2,\"name\":\"Vera Bosch: &#8220;Olhe nos olhos antes da boca&#8221;\"}]},{\"@type\":\"WebSite\",\"@id\":\"https:\\\/\\\/tirinha.com\\\/#website\",\"url\":\"https:\\\/\\\/tirinha.com\\\/\",\"name\":\"Tirinha.com\",\"description\":\"Arte e livros resenhas\",\"publisher\":{\"@id\":\"https:\\\/\\\/tirinha.com\\\/#organization\"},\"potentialAction\":[{\"@type\":\"SearchAction\",\"target\":{\"@type\":\"EntryPoint\",\"urlTemplate\":\"https:\\\/\\\/tirinha.com\\\/?s={search_term_string}\"},\"query-input\":{\"@type\":\"PropertyValueSpecification\",\"valueRequired\":true,\"valueName\":\"search_term_string\"}}],\"inLanguage\":\"ja\"},{\"@type\":\"Organization\",\"@id\":\"https:\\\/\\\/tirinha.com\\\/#organization\",\"name\":\"Tirinha.com\",\"url\":\"https:\\\/\\\/tirinha.com\\\/\",\"logo\":{\"@type\":\"ImageObject\",\"inLanguage\":\"ja\",\"@id\":\"https:\\\/\\\/tirinha.com\\\/#\\\/schema\\\/logo\\\/image\\\/\",\"url\":\"https:\\\/\\\/tirinha.com\\\/wp-content\\\/uploads\\\/2023\\\/08\\\/cropped-Logo-Tirinha.webp\",\"contentUrl\":\"https:\\\/\\\/tirinha.com\\\/wp-content\\\/uploads\\\/2023\\\/08\\\/cropped-Logo-Tirinha.webp\",\"width\":512,\"height\":512,\"caption\":\"Tirinha.com\"},\"image\":{\"@id\":\"https:\\\/\\\/tirinha.com\\\/#\\\/schema\\\/logo\\\/image\\\/\"}},{\"@type\":\"Person\",\"@id\":\"https:\\\/\\\/tirinha.com\\\/#\\\/schema\\\/person\\\/e22bdfbe17e0461f7e927e6a1208d4d9\",\"name\":\"admin\",\"image\":{\"@type\":\"ImageObject\",\"inLanguage\":\"ja\",\"@id\":\"https:\\\/\\\/tirinha.com\\\/wp-content\\\/litespeed\\\/avatar\\\/d0068f7931cc87d7274eb0c3db1deb4b.jpg?ver=1777434315\",\"url\":\"https:\\\/\\\/tirinha.com\\\/wp-content\\\/litespeed\\\/avatar\\\/d0068f7931cc87d7274eb0c3db1deb4b.jpg?ver=1777434315\",\"contentUrl\":\"https:\\\/\\\/tirinha.com\\\/wp-content\\\/litespeed\\\/avatar\\\/d0068f7931cc87d7274eb0c3db1deb4b.jpg?ver=1777434315\",\"caption\":\"admin\"},\"sameAs\":[\"https:\\\/\\\/tirinha.com\"],\"url\":\"https:\\\/\\\/tirinha.com\\\/ja\\\/author\\\/admin\\\/\"}]}<\/script>\n<!-- \/ Yoast SEO plugin. -->","yoast_head_json":{"title":"Vera Bosch: \"Olhe nos olhos antes da boca\" - Tirinha.com","robots":{"index":"index","follow":"follow","max-snippet":"max-snippet:-1","max-image-preview":"max-image-preview:large","max-video-preview":"max-video-preview:-1"},"canonical":"https:\/\/tirinha.com\/ja\/987\/vera-bosch-olhe-nos-olhos-antes-da-boca\/","og_locale":"ja_JP","og_type":"article","og_title":"Vera Bosch: \"Olhe nos olhos antes da boca\" - Tirinha.com","og_description":"A dublagem n\u00e3o tem tanto reconhecimento quanto deveria. Por isso, quer\u00edamos entrevistar Vera Bosch para dar mais visibilidade ao trade &hellip;","og_url":"https:\/\/tirinha.com\/ja\/987\/vera-bosch-olhe-nos-olhos-antes-da-boca\/","og_site_name":"Tirinha.com","article_published_time":"2023-04-03T23:02:55+00:00","og_image":[{"url":"https:\/\/elgeneracionalpost.com\/wp-content\/uploads\/2023\/03\/WhatsApp-Image-2023-03-28-at-14.49.49.jpeg","type":"","width":"","height":""}],"author":"admin","twitter_card":"summary_large_image","twitter_image":"https:\/\/elgeneracionalpost.com\/wp-content\/uploads\/2023\/03\/WhatsApp-Image-2023-03-28-at-14.49.49.jpeg","twitter_misc":{"\u57f7\u7b46\u8005":"admin","\u63a8\u5b9a\u8aad\u307f\u53d6\u308a\u6642\u9593":"2\u5206"},"schema":{"@context":"https:\/\/schema.org","@graph":[{"@type":"Article","@id":"https:\/\/tirinha.com\/987\/vera-bosch-olhe-nos-olhos-antes-da-boca\/#article","isPartOf":{"@id":"https:\/\/tirinha.com\/987\/vera-bosch-olhe-nos-olhos-antes-da-boca\/"},"author":{"name":"admin","@id":"https:\/\/tirinha.com\/#\/schema\/person\/e22bdfbe17e0461f7e927e6a1208d4d9"},"headline":"Vera Bosch: &#8220;Olhe nos olhos antes da boca&#8221;","datePublished":"2023-04-03T23:02:55+00:00","mainEntityOfPage":{"@id":"https:\/\/tirinha.com\/987\/vera-bosch-olhe-nos-olhos-antes-da-boca\/"},"wordCount":435,"commentCount":0,"publisher":{"@id":"https:\/\/tirinha.com\/#organization"},"image":{"@id":"https:\/\/tirinha.com\/987\/vera-bosch-olhe-nos-olhos-antes-da-boca\/#primaryimage"},"thumbnailUrl":"https:\/\/elgeneracionalpost.com\/wp-content\/uploads\/2023\/03\/WhatsApp-Image-2023-03-28-at-14.49.49.jpeg","articleSection":["Cultura e lazer"],"inLanguage":"ja","potentialAction":[{"@type":"CommentAction","name":"Comment","target":["https:\/\/tirinha.com\/987\/vera-bosch-olhe-nos-olhos-antes-da-boca\/#respond"]}]},{"@type":"WebPage","@id":"https:\/\/tirinha.com\/987\/vera-bosch-olhe-nos-olhos-antes-da-boca\/","url":"https:\/\/tirinha.com\/987\/vera-bosch-olhe-nos-olhos-antes-da-boca\/","name":"Vera Bosch: \"Olhe nos olhos antes da boca\" - Tirinha.com","isPartOf":{"@id":"https:\/\/tirinha.com\/#website"},"primaryImageOfPage":{"@id":"https:\/\/tirinha.com\/987\/vera-bosch-olhe-nos-olhos-antes-da-boca\/#primaryimage"},"image":{"@id":"https:\/\/tirinha.com\/987\/vera-bosch-olhe-nos-olhos-antes-da-boca\/#primaryimage"},"thumbnailUrl":"https:\/\/elgeneracionalpost.com\/wp-content\/uploads\/2023\/03\/WhatsApp-Image-2023-03-28-at-14.49.49.jpeg","datePublished":"2023-04-03T23:02:55+00:00","breadcrumb":{"@id":"https:\/\/tirinha.com\/987\/vera-bosch-olhe-nos-olhos-antes-da-boca\/#breadcrumb"},"inLanguage":"ja","potentialAction":[{"@type":"ReadAction","target":["https:\/\/tirinha.com\/987\/vera-bosch-olhe-nos-olhos-antes-da-boca\/"]}]},{"@type":"ImageObject","inLanguage":"ja","@id":"https:\/\/tirinha.com\/987\/vera-bosch-olhe-nos-olhos-antes-da-boca\/#primaryimage","url":"https:\/\/elgeneracionalpost.com\/wp-content\/uploads\/2023\/03\/WhatsApp-Image-2023-03-28-at-14.49.49.jpeg","contentUrl":"https:\/\/elgeneracionalpost.com\/wp-content\/uploads\/2023\/03\/WhatsApp-Image-2023-03-28-at-14.49.49.jpeg"},{"@type":"BreadcrumbList","@id":"https:\/\/tirinha.com\/987\/vera-bosch-olhe-nos-olhos-antes-da-boca\/#breadcrumb","itemListElement":[{"@type":"ListItem","position":1,"name":"Home","item":"https:\/\/tirinha.com\/"},{"@type":"ListItem","position":2,"name":"Vera Bosch: &#8220;Olhe nos olhos antes da boca&#8221;"}]},{"@type":"WebSite","@id":"https:\/\/tirinha.com\/#website","url":"https:\/\/tirinha.com\/","name":"\u30c6\u30a3\u30ea\u30fc\u30cb\u30e3","description":"\u82b8\u8853\u3068\u672c\u306e\u30ec\u30d3\u30e5\u30fc","publisher":{"@id":"https:\/\/tirinha.com\/#organization"},"potentialAction":[{"@type":"SearchAction","target":{"@type":"EntryPoint","urlTemplate":"https:\/\/tirinha.com\/?s={search_term_string}"},"query-input":{"@type":"PropertyValueSpecification","valueRequired":true,"valueName":"search_term_string"}}],"inLanguage":"ja"},{"@type":"Organization","@id":"https:\/\/tirinha.com\/#organization","name":"\u30c6\u30a3\u30ea\u30fc\u30cb\u30e3","url":"https:\/\/tirinha.com\/","logo":{"@type":"ImageObject","inLanguage":"ja","@id":"https:\/\/tirinha.com\/#\/schema\/logo\/image\/","url":"https:\/\/tirinha.com\/wp-content\/uploads\/2023\/08\/cropped-Logo-Tirinha.webp","contentUrl":"https:\/\/tirinha.com\/wp-content\/uploads\/2023\/08\/cropped-Logo-Tirinha.webp","width":512,"height":512,"caption":"Tirinha.com"},"image":{"@id":"https:\/\/tirinha.com\/#\/schema\/logo\/image\/"}},{"@type":"Person","@id":"https:\/\/tirinha.com\/#\/schema\/person\/e22bdfbe17e0461f7e927e6a1208d4d9","name":"\u7ba1\u7406\u8005","image":{"@type":"ImageObject","inLanguage":"ja","@id":"https:\/\/tirinha.com\/wp-content\/litespeed\/avatar\/d0068f7931cc87d7274eb0c3db1deb4b.jpg?ver=1777434315","url":"https:\/\/tirinha.com\/wp-content\/litespeed\/avatar\/d0068f7931cc87d7274eb0c3db1deb4b.jpg?ver=1777434315","contentUrl":"https:\/\/tirinha.com\/wp-content\/litespeed\/avatar\/d0068f7931cc87d7274eb0c3db1deb4b.jpg?ver=1777434315","caption":"admin"},"sameAs":["https:\/\/tirinha.com"],"url":"https:\/\/tirinha.com\/ja\/author\/admin\/"}]}},"_links":{"self":[{"href":"https:\/\/tirinha.com\/ja\/wp-json\/wp\/v2\/posts\/987","targetHints":{"allow":["GET"]}}],"collection":[{"href":"https:\/\/tirinha.com\/ja\/wp-json\/wp\/v2\/posts"}],"about":[{"href":"https:\/\/tirinha.com\/ja\/wp-json\/wp\/v2\/types\/post"}],"author":[{"embeddable":true,"href":"https:\/\/tirinha.com\/ja\/wp-json\/wp\/v2\/users\/1"}],"replies":[{"embeddable":true,"href":"https:\/\/tirinha.com\/ja\/wp-json\/wp\/v2\/comments?post=987"}],"version-history":[{"count":0,"href":"https:\/\/tirinha.com\/ja\/wp-json\/wp\/v2\/posts\/987\/revisions"}],"wp:featuredmedia":[{"embeddable":true,"href":"https:\/\/tirinha.com\/ja\/wp-json\/wp\/v2\/media\/988"}],"wp:attachment":[{"href":"https:\/\/tirinha.com\/ja\/wp-json\/wp\/v2\/media?parent=987"}],"wp:term":[{"taxonomy":"category","embeddable":true,"href":"https:\/\/tirinha.com\/ja\/wp-json\/wp\/v2\/categories?post=987"},{"taxonomy":"post_tag","embeddable":true,"href":"https:\/\/tirinha.com\/ja\/wp-json\/wp\/v2\/tags?post=987"}],"curies":[{"name":"wp","href":"https:\/\/api.w.org\/{rel}","templated":true}]}}