{"id":945,"date":"2023-04-03T21:00:15","date_gmt":"2023-04-03T21:00:15","guid":{"rendered":"https:\/\/tirinha.com\/leganes_-as-fiestas-de-san-nicasio-triunfaram-com-o-mercado-medieval\/"},"modified":"2023-04-03T21:00:15","modified_gmt":"2023-04-03T21:00:15","slug":"leganes_-as-fiestas-de-san-nicasio-triunfaram-com-o-mercado-medieval","status":"publish","type":"post","link":"https:\/\/tirinha.com\/ja\/945\/leganes_-as-fiestas-de-san-nicasio-triunfaram-com-o-mercado-medieval\/","title":{"rendered":"\u30ec\u30ac\u30cd\u30b9 - \u30b5\u30f3\u30fb\u30cb\u30ab\u30b7\u30aa\u796d\u306f\u4e2d\u4e16\u306e\u5e02\u5834\u3067\u5927\u6210\u529f\u3092\u53ce\u3081\u307e\u3057\u305f\u3002"},"content":{"rendered":"<p><\/p>\n<div id=\"post-280\">\n<div class=\"entry-content\">\n<p><strong>LEGAN\u00c9S\/8 OUT 13\/CULTURA_<\/strong>  O bairro de San Nicasio recebeu milhares de pessoas no \u00faltimo fim de semana para comemorar suas festividades.  O Mercado Medieval foi uma das maiores atra\u00e7\u00f5es junto com o novo Fairground Fairground. <\/p>\n<p> Noem\u00ed Selas, Vereadora de Seguran\u00e7a Cidad\u00e3 e Festas, abriu o evento na sexta-feira e expressou sua satisfa\u00e7\u00e3o com o grande n\u00famero de pessoas, lembrando que &#8220;este ano se deu muita \u00eanfase, al\u00e9m da quantidade e qualidade dos estandes, na decora\u00e7\u00e3o , o conte\u00fado e as atra\u00e7\u00f5es para os pequenos\u201d.<\/p>\n<p> A nova Feira de Atra\u00e7\u00f5es do Recinto de Feiras de San Nicasio contou com 25 atra\u00e7\u00f5es de todos os tipos durante todo o per\u00edodo festivo.<\/p>\n<div>\n<p>Al\u00e9m disso, acompanhando este primeiro fim de semana de atividades em San Nicasio, aconteceu a XXXIII Corrida Popular Legan\u00e9s, que teve uma enorme participa\u00e7\u00e3o por ser um dos eventos mais esperados a cada ano pelos moradores.<\/p>\n<\/div>\n<p><h3 class=\"jp-relatedposts-headline\"><em>\u95a2\u9023\u3057\u3066\u3044\u308b<\/em><\/h3>\n<\/p><\/div>\n<p><!-- .entry-content --><\/p>\n<p>\t<!-- .entry-footer --><\/p>\n<\/div>","protected":false},"excerpt":{"rendered":"<p>LEGAN\u00c9S\/8 OUT 13\/CULTURA_ O bairro de San Nicasio recebeu milhares de pessoas no \u00faltimo fim de semana para comemorar suas &hellip; <\/p>","protected":false},"author":1,"featured_media":946,"comment_status":"open","ping_status":"open","sticky":false,"template":"","format":"standard","meta":{"fifu_image_url":"https:\/\/i0.wp.com\/noticiasparamunicipios.com\/wp-content\/uploads\/2021\/06\/Logo-para-Yoast-1.png?fit=800,298&ssl=1","fifu_image_alt":"","footnotes":""},"categories":[35],"tags":[],"class_list":["post-945","post","type-post","status-publish","format-standard","has-post-thumbnail","hentry","category-cultura-e-lazer","latest_post"],"yoast_head":"<!-- This site is optimized with the Yoast SEO plugin v27.3 - https:\/\/yoast.com\/product\/yoast-seo-wordpress\/ -->\n<title>LEGAN\u00c9S_ As Fiestas de San Nicasio triunfaram com o Mercado Medieval - Tirinha.com<\/title>\n<meta name=\"robots\" content=\"index, follow, max-snippet:-1, max-image-preview:large, max-video-preview:-1\" \/>\n<link rel=\"canonical\" href=\"https:\/\/tirinha.com\/ja\/945\/leganes_-as-fiestas-de-san-nicasio-triunfaram-com-o-mercado-medieval\/\" \/>\n<meta property=\"og:locale\" content=\"ja_JP\" \/>\n<meta property=\"og:type\" content=\"article\" \/>\n<meta property=\"og:title\" content=\"LEGAN\u00c9S_ As Fiestas de San Nicasio triunfaram com o Mercado Medieval - Tirinha.com\" \/>\n<meta property=\"og:description\" content=\"LEGAN\u00c9S\/8 OUT 13\/CULTURA_ O bairro de San Nicasio recebeu milhares de pessoas no \u00faltimo fim de semana para comemorar suas &hellip;\" \/>\n<meta property=\"og:url\" content=\"https:\/\/tirinha.com\/ja\/945\/leganes_-as-fiestas-de-san-nicasio-triunfaram-com-o-mercado-medieval\/\" \/>\n<meta property=\"og:site_name\" content=\"Tirinha.com\" \/>\n<meta property=\"article:published_time\" content=\"2023-04-03T21:00:15+00:00\" \/>\n<meta property=\"og:image\" content=\"https:\/\/i0.wp.com\/noticiasparamunicipios.com\/wp-content\/uploads\/2021\/06\/Logo-para-Yoast-1.png?fit=800,298&ssl=1\" \/>\n<meta name=\"author\" content=\"admin\" \/>\n<meta name=\"twitter:card\" content=\"summary_large_image\" \/>\n<meta name=\"twitter:image\" content=\"https:\/\/i0.wp.com\/noticiasparamunicipios.com\/wp-content\/uploads\/2021\/06\/Logo-para-Yoast-1.png?fit=800,298&ssl=1\" \/>\n<meta name=\"twitter:label1\" content=\"\u57f7\u7b46\u8005\" \/>\n\t<meta name=\"twitter:data1\" content=\"admin\" \/>\n\t<meta name=\"twitter:label2\" content=\"\u63a8\u5b9a\u8aad\u307f\u53d6\u308a\u6642\u9593\" \/>\n\t<meta name=\"twitter:data2\" content=\"1\u5206\" \/>\n<script type=\"application\/ld+json\" class=\"yoast-schema-graph\">{\"@context\":\"https:\\\/\\\/schema.org\",\"@graph\":[{\"@type\":\"Article\",\"@id\":\"https:\\\/\\\/tirinha.com\\\/945\\\/leganes_-as-fiestas-de-san-nicasio-triunfaram-com-o-mercado-medieval\\\/#article\",\"isPartOf\":{\"@id\":\"https:\\\/\\\/tirinha.com\\\/945\\\/leganes_-as-fiestas-de-san-nicasio-triunfaram-com-o-mercado-medieval\\\/\"},\"author\":{\"name\":\"admin\",\"@id\":\"https:\\\/\\\/tirinha.com\\\/#\\\/schema\\\/person\\\/e22bdfbe17e0461f7e927e6a1208d4d9\"},\"headline\":\"LEGAN\u00c9S_ As Fiestas de San Nicasio triunfaram com o Mercado Medieval\",\"datePublished\":\"2023-04-03T21:00:15+00:00\",\"mainEntityOfPage\":{\"@id\":\"https:\\\/\\\/tirinha.com\\\/945\\\/leganes_-as-fiestas-de-san-nicasio-triunfaram-com-o-mercado-medieval\\\/\"},\"wordCount\":171,\"commentCount\":0,\"publisher\":{\"@id\":\"https:\\\/\\\/tirinha.com\\\/#organization\"},\"image\":{\"@id\":\"https:\\\/\\\/tirinha.com\\\/945\\\/leganes_-as-fiestas-de-san-nicasio-triunfaram-com-o-mercado-medieval\\\/#primaryimage\"},\"thumbnailUrl\":\"https:\\\/\\\/i0.wp.com\\\/noticiasparamunicipios.com\\\/wp-content\\\/uploads\\\/2021\\\/06\\\/Logo-para-Yoast-1.png?fit=800,298&ssl=1\",\"articleSection\":[\"Cultura e lazer\"],\"inLanguage\":\"ja\",\"potentialAction\":[{\"@type\":\"CommentAction\",\"name\":\"Comment\",\"target\":[\"https:\\\/\\\/tirinha.com\\\/945\\\/leganes_-as-fiestas-de-san-nicasio-triunfaram-com-o-mercado-medieval\\\/#respond\"]}]},{\"@type\":\"WebPage\",\"@id\":\"https:\\\/\\\/tirinha.com\\\/945\\\/leganes_-as-fiestas-de-san-nicasio-triunfaram-com-o-mercado-medieval\\\/\",\"url\":\"https:\\\/\\\/tirinha.com\\\/945\\\/leganes_-as-fiestas-de-san-nicasio-triunfaram-com-o-mercado-medieval\\\/\",\"name\":\"LEGAN\u00c9S_ As Fiestas de San Nicasio triunfaram com o Mercado Medieval - Tirinha.com\",\"isPartOf\":{\"@id\":\"https:\\\/\\\/tirinha.com\\\/#website\"},\"primaryImageOfPage\":{\"@id\":\"https:\\\/\\\/tirinha.com\\\/945\\\/leganes_-as-fiestas-de-san-nicasio-triunfaram-com-o-mercado-medieval\\\/#primaryimage\"},\"image\":{\"@id\":\"https:\\\/\\\/tirinha.com\\\/945\\\/leganes_-as-fiestas-de-san-nicasio-triunfaram-com-o-mercado-medieval\\\/#primaryimage\"},\"thumbnailUrl\":\"https:\\\/\\\/i0.wp.com\\\/noticiasparamunicipios.com\\\/wp-content\\\/uploads\\\/2021\\\/06\\\/Logo-para-Yoast-1.png?fit=800,298&ssl=1\",\"datePublished\":\"2023-04-03T21:00:15+00:00\",\"breadcrumb\":{\"@id\":\"https:\\\/\\\/tirinha.com\\\/945\\\/leganes_-as-fiestas-de-san-nicasio-triunfaram-com-o-mercado-medieval\\\/#breadcrumb\"},\"inLanguage\":\"ja\",\"potentialAction\":[{\"@type\":\"ReadAction\",\"target\":[\"https:\\\/\\\/tirinha.com\\\/945\\\/leganes_-as-fiestas-de-san-nicasio-triunfaram-com-o-mercado-medieval\\\/\"]}]},{\"@type\":\"ImageObject\",\"inLanguage\":\"ja\",\"@id\":\"https:\\\/\\\/tirinha.com\\\/945\\\/leganes_-as-fiestas-de-san-nicasio-triunfaram-com-o-mercado-medieval\\\/#primaryimage\",\"url\":\"https:\\\/\\\/i0.wp.com\\\/noticiasparamunicipios.com\\\/wp-content\\\/uploads\\\/2021\\\/06\\\/Logo-para-Yoast-1.png?fit=800,298&ssl=1\",\"contentUrl\":\"https:\\\/\\\/i0.wp.com\\\/noticiasparamunicipios.com\\\/wp-content\\\/uploads\\\/2021\\\/06\\\/Logo-para-Yoast-1.png?fit=800,298&ssl=1\"},{\"@type\":\"BreadcrumbList\",\"@id\":\"https:\\\/\\\/tirinha.com\\\/945\\\/leganes_-as-fiestas-de-san-nicasio-triunfaram-com-o-mercado-medieval\\\/#breadcrumb\",\"itemListElement\":[{\"@type\":\"ListItem\",\"position\":1,\"name\":\"Home\",\"item\":\"https:\\\/\\\/tirinha.com\\\/\"},{\"@type\":\"ListItem\",\"position\":2,\"name\":\"LEGAN\u00c9S_ As Fiestas de San Nicasio triunfaram com o Mercado Medieval\"}]},{\"@type\":\"WebSite\",\"@id\":\"https:\\\/\\\/tirinha.com\\\/#website\",\"url\":\"https:\\\/\\\/tirinha.com\\\/\",\"name\":\"Tirinha.com\",\"description\":\"Arte e livros resenhas\",\"publisher\":{\"@id\":\"https:\\\/\\\/tirinha.com\\\/#organization\"},\"potentialAction\":[{\"@type\":\"SearchAction\",\"target\":{\"@type\":\"EntryPoint\",\"urlTemplate\":\"https:\\\/\\\/tirinha.com\\\/?s={search_term_string}\"},\"query-input\":{\"@type\":\"PropertyValueSpecification\",\"valueRequired\":true,\"valueName\":\"search_term_string\"}}],\"inLanguage\":\"ja\"},{\"@type\":\"Organization\",\"@id\":\"https:\\\/\\\/tirinha.com\\\/#organization\",\"name\":\"Tirinha.com\",\"url\":\"https:\\\/\\\/tirinha.com\\\/\",\"logo\":{\"@type\":\"ImageObject\",\"inLanguage\":\"ja\",\"@id\":\"https:\\\/\\\/tirinha.com\\\/#\\\/schema\\\/logo\\\/image\\\/\",\"url\":\"https:\\\/\\\/tirinha.com\\\/wp-content\\\/uploads\\\/2023\\\/08\\\/cropped-Logo-Tirinha.webp\",\"contentUrl\":\"https:\\\/\\\/tirinha.com\\\/wp-content\\\/uploads\\\/2023\\\/08\\\/cropped-Logo-Tirinha.webp\",\"width\":512,\"height\":512,\"caption\":\"Tirinha.com\"},\"image\":{\"@id\":\"https:\\\/\\\/tirinha.com\\\/#\\\/schema\\\/logo\\\/image\\\/\"}},{\"@type\":\"Person\",\"@id\":\"https:\\\/\\\/tirinha.com\\\/#\\\/schema\\\/person\\\/e22bdfbe17e0461f7e927e6a1208d4d9\",\"name\":\"admin\",\"image\":{\"@type\":\"ImageObject\",\"inLanguage\":\"ja\",\"@id\":\"https:\\\/\\\/tirinha.com\\\/wp-content\\\/litespeed\\\/avatar\\\/d0068f7931cc87d7274eb0c3db1deb4b.jpg?ver=1776829466\",\"url\":\"https:\\\/\\\/tirinha.com\\\/wp-content\\\/litespeed\\\/avatar\\\/d0068f7931cc87d7274eb0c3db1deb4b.jpg?ver=1776829466\",\"contentUrl\":\"https:\\\/\\\/tirinha.com\\\/wp-content\\\/litespeed\\\/avatar\\\/d0068f7931cc87d7274eb0c3db1deb4b.jpg?ver=1776829466\",\"caption\":\"admin\"},\"sameAs\":[\"https:\\\/\\\/tirinha.com\"],\"url\":\"https:\\\/\\\/tirinha.com\\\/ja\\\/author\\\/admin\\\/\"}]}<\/script>\n<!-- \/ Yoast SEO plugin. -->","yoast_head_json":{"title":"LEGAN\u00c9S_ As Fiestas de San Nicasio triunfaram com o Mercado Medieval - Tirinha.com","robots":{"index":"index","follow":"follow","max-snippet":"max-snippet:-1","max-image-preview":"max-image-preview:large","max-video-preview":"max-video-preview:-1"},"canonical":"https:\/\/tirinha.com\/ja\/945\/leganes_-as-fiestas-de-san-nicasio-triunfaram-com-o-mercado-medieval\/","og_locale":"ja_JP","og_type":"article","og_title":"LEGAN\u00c9S_ As Fiestas de San Nicasio triunfaram com o Mercado Medieval - Tirinha.com","og_description":"LEGAN\u00c9S\/8 OUT 13\/CULTURA_ O bairro de San Nicasio recebeu milhares de pessoas no \u00faltimo fim de semana para comemorar suas &hellip;","og_url":"https:\/\/tirinha.com\/ja\/945\/leganes_-as-fiestas-de-san-nicasio-triunfaram-com-o-mercado-medieval\/","og_site_name":"Tirinha.com","article_published_time":"2023-04-03T21:00:15+00:00","og_image":[{"url":"https:\/\/i0.wp.com\/noticiasparamunicipios.com\/wp-content\/uploads\/2021\/06\/Logo-para-Yoast-1.png?fit=800,298&ssl=1","type":"","width":"","height":""}],"author":"admin","twitter_card":"summary_large_image","twitter_image":"https:\/\/i0.wp.com\/noticiasparamunicipios.com\/wp-content\/uploads\/2021\/06\/Logo-para-Yoast-1.png?fit=800,298&ssl=1","twitter_misc":{"\u57f7\u7b46\u8005":"admin","\u63a8\u5b9a\u8aad\u307f\u53d6\u308a\u6642\u9593":"1\u5206"},"schema":{"@context":"https:\/\/schema.org","@graph":[{"@type":"Article","@id":"https:\/\/tirinha.com\/945\/leganes_-as-fiestas-de-san-nicasio-triunfaram-com-o-mercado-medieval\/#article","isPartOf":{"@id":"https:\/\/tirinha.com\/945\/leganes_-as-fiestas-de-san-nicasio-triunfaram-com-o-mercado-medieval\/"},"author":{"name":"admin","@id":"https:\/\/tirinha.com\/#\/schema\/person\/e22bdfbe17e0461f7e927e6a1208d4d9"},"headline":"LEGAN\u00c9S_ As Fiestas de San Nicasio triunfaram com o Mercado Medieval","datePublished":"2023-04-03T21:00:15+00:00","mainEntityOfPage":{"@id":"https:\/\/tirinha.com\/945\/leganes_-as-fiestas-de-san-nicasio-triunfaram-com-o-mercado-medieval\/"},"wordCount":171,"commentCount":0,"publisher":{"@id":"https:\/\/tirinha.com\/#organization"},"image":{"@id":"https:\/\/tirinha.com\/945\/leganes_-as-fiestas-de-san-nicasio-triunfaram-com-o-mercado-medieval\/#primaryimage"},"thumbnailUrl":"https:\/\/i0.wp.com\/noticiasparamunicipios.com\/wp-content\/uploads\/2021\/06\/Logo-para-Yoast-1.png?fit=800,298&ssl=1","articleSection":["Cultura e lazer"],"inLanguage":"ja","potentialAction":[{"@type":"CommentAction","name":"Comment","target":["https:\/\/tirinha.com\/945\/leganes_-as-fiestas-de-san-nicasio-triunfaram-com-o-mercado-medieval\/#respond"]}]},{"@type":"WebPage","@id":"https:\/\/tirinha.com\/945\/leganes_-as-fiestas-de-san-nicasio-triunfaram-com-o-mercado-medieval\/","url":"https:\/\/tirinha.com\/945\/leganes_-as-fiestas-de-san-nicasio-triunfaram-com-o-mercado-medieval\/","name":"LEGAN\u00c9S_ As Fiestas de San Nicasio triunfaram com o Mercado Medieval - Tirinha.com","isPartOf":{"@id":"https:\/\/tirinha.com\/#website"},"primaryImageOfPage":{"@id":"https:\/\/tirinha.com\/945\/leganes_-as-fiestas-de-san-nicasio-triunfaram-com-o-mercado-medieval\/#primaryimage"},"image":{"@id":"https:\/\/tirinha.com\/945\/leganes_-as-fiestas-de-san-nicasio-triunfaram-com-o-mercado-medieval\/#primaryimage"},"thumbnailUrl":"https:\/\/i0.wp.com\/noticiasparamunicipios.com\/wp-content\/uploads\/2021\/06\/Logo-para-Yoast-1.png?fit=800,298&ssl=1","datePublished":"2023-04-03T21:00:15+00:00","breadcrumb":{"@id":"https:\/\/tirinha.com\/945\/leganes_-as-fiestas-de-san-nicasio-triunfaram-com-o-mercado-medieval\/#breadcrumb"},"inLanguage":"ja","potentialAction":[{"@type":"ReadAction","target":["https:\/\/tirinha.com\/945\/leganes_-as-fiestas-de-san-nicasio-triunfaram-com-o-mercado-medieval\/"]}]},{"@type":"ImageObject","inLanguage":"ja","@id":"https:\/\/tirinha.com\/945\/leganes_-as-fiestas-de-san-nicasio-triunfaram-com-o-mercado-medieval\/#primaryimage","url":"https:\/\/i0.wp.com\/noticiasparamunicipios.com\/wp-content\/uploads\/2021\/06\/Logo-para-Yoast-1.png?fit=800,298&ssl=1","contentUrl":"https:\/\/i0.wp.com\/noticiasparamunicipios.com\/wp-content\/uploads\/2021\/06\/Logo-para-Yoast-1.png?fit=800,298&ssl=1"},{"@type":"BreadcrumbList","@id":"https:\/\/tirinha.com\/945\/leganes_-as-fiestas-de-san-nicasio-triunfaram-com-o-mercado-medieval\/#breadcrumb","itemListElement":[{"@type":"ListItem","position":1,"name":"Home","item":"https:\/\/tirinha.com\/"},{"@type":"ListItem","position":2,"name":"LEGAN\u00c9S_ As Fiestas de San Nicasio triunfaram com o Mercado Medieval"}]},{"@type":"WebSite","@id":"https:\/\/tirinha.com\/#website","url":"https:\/\/tirinha.com\/","name":"\u30c6\u30a3\u30ea\u30fc\u30cb\u30e3","description":"\u82b8\u8853\u3068\u672c\u306e\u30ec\u30d3\u30e5\u30fc","publisher":{"@id":"https:\/\/tirinha.com\/#organization"},"potentialAction":[{"@type":"SearchAction","target":{"@type":"EntryPoint","urlTemplate":"https:\/\/tirinha.com\/?s={search_term_string}"},"query-input":{"@type":"PropertyValueSpecification","valueRequired":true,"valueName":"search_term_string"}}],"inLanguage":"ja"},{"@type":"Organization","@id":"https:\/\/tirinha.com\/#organization","name":"\u30c6\u30a3\u30ea\u30fc\u30cb\u30e3","url":"https:\/\/tirinha.com\/","logo":{"@type":"ImageObject","inLanguage":"ja","@id":"https:\/\/tirinha.com\/#\/schema\/logo\/image\/","url":"https:\/\/tirinha.com\/wp-content\/uploads\/2023\/08\/cropped-Logo-Tirinha.webp","contentUrl":"https:\/\/tirinha.com\/wp-content\/uploads\/2023\/08\/cropped-Logo-Tirinha.webp","width":512,"height":512,"caption":"Tirinha.com"},"image":{"@id":"https:\/\/tirinha.com\/#\/schema\/logo\/image\/"}},{"@type":"Person","@id":"https:\/\/tirinha.com\/#\/schema\/person\/e22bdfbe17e0461f7e927e6a1208d4d9","name":"\u7ba1\u7406\u8005","image":{"@type":"ImageObject","inLanguage":"ja","@id":"https:\/\/tirinha.com\/wp-content\/litespeed\/avatar\/d0068f7931cc87d7274eb0c3db1deb4b.jpg?ver=1776829466","url":"https:\/\/tirinha.com\/wp-content\/litespeed\/avatar\/d0068f7931cc87d7274eb0c3db1deb4b.jpg?ver=1776829466","contentUrl":"https:\/\/tirinha.com\/wp-content\/litespeed\/avatar\/d0068f7931cc87d7274eb0c3db1deb4b.jpg?ver=1776829466","caption":"admin"},"sameAs":["https:\/\/tirinha.com"],"url":"https:\/\/tirinha.com\/ja\/author\/admin\/"}]}},"_links":{"self":[{"href":"https:\/\/tirinha.com\/ja\/wp-json\/wp\/v2\/posts\/945","targetHints":{"allow":["GET"]}}],"collection":[{"href":"https:\/\/tirinha.com\/ja\/wp-json\/wp\/v2\/posts"}],"about":[{"href":"https:\/\/tirinha.com\/ja\/wp-json\/wp\/v2\/types\/post"}],"author":[{"embeddable":true,"href":"https:\/\/tirinha.com\/ja\/wp-json\/wp\/v2\/users\/1"}],"replies":[{"embeddable":true,"href":"https:\/\/tirinha.com\/ja\/wp-json\/wp\/v2\/comments?post=945"}],"version-history":[{"count":0,"href":"https:\/\/tirinha.com\/ja\/wp-json\/wp\/v2\/posts\/945\/revisions"}],"wp:featuredmedia":[{"embeddable":true,"href":"https:\/\/tirinha.com\/ja\/wp-json\/wp\/v2\/media\/946"}],"wp:attachment":[{"href":"https:\/\/tirinha.com\/ja\/wp-json\/wp\/v2\/media?parent=945"}],"wp:term":[{"taxonomy":"category","embeddable":true,"href":"https:\/\/tirinha.com\/ja\/wp-json\/wp\/v2\/categories?post=945"},{"taxonomy":"post_tag","embeddable":true,"href":"https:\/\/tirinha.com\/ja\/wp-json\/wp\/v2\/tags?post=945"}],"curies":[{"name":"wp","href":"https:\/\/api.w.org\/{rel}","templated":true}]}}