{"id":933,"date":"2023-04-03T19:01:24","date_gmt":"2023-04-03T19:01:24","guid":{"rendered":"https:\/\/tirinha.com\/getafe-a-feira-do-livro-e-eventual-busca-recuperar-leitores\/"},"modified":"2023-04-03T19:01:24","modified_gmt":"2023-04-03T19:01:24","slug":"%e3%83%98%e3%82%bf%e3%83%95%e3%82%a7%e3%80%81%e3%83%96%e3%83%83%e3%82%af%e3%83%95%e3%82%a7%e3%82%a2%e3%80%81%e3%81%9d%e3%81%97%e3%81%a6%e6%9c%80%e7%b5%82%e7%9a%84%e3%81%ab%e3%81%af%e8%aa%ad%e8%80%85","status":"publish","type":"post","link":"https:\/\/tirinha.com\/ja\/933\/getafe-a-feira-do-livro-e-eventual-busca-recuperar-leitores\/","title":{"rendered":"\u30d8\u30bf\u30d5\u30a7\uff0f\u30d6\u30c3\u30af\u30d5\u30a7\u30a2\u3068\u3001\u8aad\u8005\u3092\u53d6\u308a\u623b\u3059\u305f\u3081\u306e\u6700\u7d42\u7684\u306a\u8a66\u307f"},"content":{"rendered":"<p><\/p>\n<div>\n<div>\n<div>\n<p><strong>\u30d8\u30bf\u30d5\u30a7 \/ 10\u670817\u65e5 \/ \u6587\u5316<\/strong> \u30d8\u30cd\u30e9\u30eb\u30fb\u30d1\u30e9\u30b7\u30aa\u5e83\u5834\u3068\u305d\u306e\u5468\u8fba\u3067\u306f\u3001\u53e4\u66f8\u30fb\u30a2\u30f3\u30c6\u30a3\u30fc\u30af\u672c\u306e\u30d5\u30a7\u30a2\u304c\u65b0\u305f\u306b\u958b\u50ac\u3055\u308c\u3001\u4f4f\u6c11\u306f\u69d8\u3005\u306a\u5c4b\u53f0\u3067\u3001\u3042\u3089\u3086\u308b\u5e74\u9f62\u5c64\u5411\u3051\u306e\u66f8\u7c4d\u3092\u898b\u3066\u8cfc\u5165\u3059\u308b\u3053\u3068\u304c\u3067\u304d\u308b\u3002.<\/p>\n<\/div>\n<p>\u66f8\u7c4d\u3068\u3044\u3046\u7269\u7406\u7684\u306a\u5a92\u4f53\u306f\u3001\u72ec\u81ea\u306e\u300c\u5371\u6a5f\u300d\u306b\u76f4\u9762\u3057\u3066\u304a\u308a\u3001\u591a\u304f\u306e\u4eba\u304c\u672c\u68da\u3084\u5f15\u304d\u51fa\u3057\u306b\u3057\u307e\u3044\u8fbc\u3093\u3060\u307e\u307e\u300c\u5fd8\u308c\u3066\u3057\u307e\u3063\u3066\u3044\u308b\u300d\u73fe\u72b6\u3092\u8e0f\u307e\u3048\u3001\u3053\u3046\u3057\u305f\u53d6\u308a\u7d44\u307f\u306f\u8aad\u8005\u3068\u8aad\u66f8\u306e\u559c\u3073\u3092\u300c\u53d6\u308a\u623b\u305d\u3046\u300d\u3068\u3059\u308b\u3082\u306e\u3060\u3002\u63d0\u4f9b\u3055\u308c\u308b\u66f8\u7c4d\u306f\u3001\u300c1\u30e6\u30fc\u30ed\u304b2\u30e6\u30fc\u30ed\u306e\u304a\u8cb7\u3044\u5f97\u54c1\u300d\u304b\u3089\u65b0\u520a\u3001\u6f2b\u753b\u3001\u305d\u3057\u3066\u6570\u591a\u304f\u306e\u5150\u7ae5\u66f8\u307e\u3067\u591a\u5c90\u306b\u308f\u305f\u308b\u3002. <\/p>\n<\/div>\n<p>\u304b\u3064\u3066\u306e\u83ef\u3084\u304b\u3055\u306f\u5931\u308f\u308c\u305f\u3082\u306e\u306e\u3001\u3053\u306e\u898b\u672c\u5e02\u306f10\u670830\u65e5\u307e\u3067\u958b\u50ac\u3055\u308c\u3001\u300c\u3059\u3079\u3066\u306e\u6587\u5b66\u6d3b\u52d5\u3092\u3053\u306e\u671f\u9593\u306b\u96c6\u4e2d\u3055\u305b\u308b\u305f\u3081\u300d\u306b\u3001\u610f\u56f3\u7684\u306b\u30d8\u30bf\u30d5\u30a7\u30fb\u30cd\u30b0\u30ed\u30fb\u30d5\u30a7\u30b9\u30c6\u30a3\u30d0\u30eb\u3068\u540c\u6642\u671f\u306b\u958b\u50ac\u3055\u308c\u308b\u3001\u3068\u6587\u5316\u62c5\u5f53\u8a55\u8b70\u54e1\u306e\u30d1\u30d6\u30ed\u30fb\u30de\u30eb\u30c6\u30a3\u30cd\u30b9\u306f\u8ff0\u3079\u3066\u3044\u308b\u3002. <\/p>\n<p>\u4e26\u884c\u3057\u3066\u884c\u308f\u308c\u308b\u6d3b\u52d5\u3068\u3057\u3066\u306f\u3001\u30b9\u30c8\u30fc\u30ea\u30fc\u30c6\u30ea\u30f3\u30b0\u3001\u300c\u30a8\u30af\u30b9\u30d7\u30ec\u30b9\u300d\u30d7\u30ec\u30bc\u30f3\u30c6\u30fc\u30b7\u30e7\u30f3\u3001\u300c\u30ea\u30f3\u30af\u30c9\u300d\u30d7\u30ec\u30bc\u30f3\u30c6\u30fc\u30b7\u30e7\u30f3\u3001\u305d\u3057\u3066\u30d5\u30a2\u30f3\u30fb\u30de\u30c9\u30ea\u30c3\u30c9\u3001\u30ed\u30ec\u30f3\u30bd\u30fb\u30b7\u30eb\u30d0\u3001\u30a2\u30f3\u30c9\u30ec\u30a6\u30fb\u30de\u30eb\u30c6\u30a3\u30f3\u3001\u30a2\u30ec\u30af\u30b7\u30b9\u30fb\u30e9\u30d9\u30ed\u3068\u3044\u3063\u305f\u4f5c\u5bb6\u306e\u767b\u5834\u306a\u3069\u304c\u4e88\u5b9a\u3055\u308c\u3066\u3044\u308b\u3002.<\/p>\n<\/div>","protected":false},"excerpt":{"rendered":"<p>GETAFE \/ 17 OUT \/ CULTURA _ A pra\u00e7a General Pal\u00e1cio e seus arredores acolhem uma nova edi\u00e7\u00e3o da feira &hellip; <\/p>","protected":false},"author":1,"featured_media":934,"comment_status":"open","ping_status":"open","sticky":false,"template":"","format":"standard","meta":{"fifu_image_url":"https:\/\/i0.wp.com\/noticiasparamunicipios.com\/wp-content\/uploads\/2021\/06\/Logo-para-Yoast-1.png?fit=800,298&ssl=1","fifu_image_alt":"","footnotes":""},"categories":[35],"tags":[],"class_list":["post-933","post","type-post","status-publish","format-standard","has-post-thumbnail","hentry","category-cultura-e-lazer","latest_post"],"yoast_head":"<!-- This site is optimized with the Yoast SEO plugin v27.3 - https:\/\/yoast.com\/product\/yoast-seo-wordpress\/ -->\n<title>GETAFE \/ A feira do livro e eventual busca recuperar leitores - Tirinha.com<\/title>\n<meta name=\"robots\" content=\"index, follow, max-snippet:-1, max-image-preview:large, max-video-preview:-1\" \/>\n<link rel=\"canonical\" href=\"https:\/\/tirinha.com\/ja\/933\/\u30d8\u30bf\u30d5\u30a7\u3001\u30d6\u30c3\u30af\u30d5\u30a7\u30a2\u3001\u305d\u3057\u3066\u6700\u7d42\u7684\u306b\u306f\u8aad\u8005\/\" \/>\n<meta property=\"og:locale\" content=\"ja_JP\" \/>\n<meta property=\"og:type\" content=\"article\" \/>\n<meta property=\"og:title\" content=\"GETAFE \/ A feira do livro e eventual busca recuperar leitores - Tirinha.com\" \/>\n<meta property=\"og:description\" content=\"GETAFE \/ 17 OUT \/ CULTURA _ A pra\u00e7a General Pal\u00e1cio e seus arredores acolhem uma nova edi\u00e7\u00e3o da feira &hellip;\" \/>\n<meta property=\"og:url\" content=\"https:\/\/tirinha.com\/ja\/933\/\u30d8\u30bf\u30d5\u30a7\u3001\u30d6\u30c3\u30af\u30d5\u30a7\u30a2\u3001\u305d\u3057\u3066\u6700\u7d42\u7684\u306b\u306f\u8aad\u8005\/\" \/>\n<meta property=\"og:site_name\" content=\"Tirinha.com\" \/>\n<meta property=\"article:published_time\" content=\"2023-04-03T19:01:24+00:00\" \/>\n<meta property=\"og:image\" content=\"https:\/\/i0.wp.com\/noticiasparamunicipios.com\/wp-content\/uploads\/2021\/06\/Logo-para-Yoast-1.png?fit=800,298&ssl=1\" \/>\n<meta name=\"author\" content=\"admin\" \/>\n<meta name=\"twitter:card\" content=\"summary_large_image\" \/>\n<meta name=\"twitter:image\" content=\"https:\/\/i0.wp.com\/noticiasparamunicipios.com\/wp-content\/uploads\/2021\/06\/Logo-para-Yoast-1.png?fit=800,298&ssl=1\" \/>\n<meta name=\"twitter:label1\" content=\"\u57f7\u7b46\u8005\" \/>\n\t<meta name=\"twitter:data1\" content=\"admin\" \/>\n\t<meta name=\"twitter:label2\" content=\"\u63a8\u5b9a\u8aad\u307f\u53d6\u308a\u6642\u9593\" \/>\n\t<meta name=\"twitter:data2\" content=\"1\u5206\" \/>\n<script type=\"application\/ld+json\" class=\"yoast-schema-graph\">{\"@context\":\"https:\\\/\\\/schema.org\",\"@graph\":[{\"@type\":\"Article\",\"@id\":\"https:\\\/\\\/tirinha.com\\\/933\\\/getafe-a-feira-do-livro-e-eventual-busca-recuperar-leitores\\\/#article\",\"isPartOf\":{\"@id\":\"https:\\\/\\\/tirinha.com\\\/933\\\/getafe-a-feira-do-livro-e-eventual-busca-recuperar-leitores\\\/\"},\"author\":{\"name\":\"admin\",\"@id\":\"https:\\\/\\\/tirinha.com\\\/#\\\/schema\\\/person\\\/e22bdfbe17e0461f7e927e6a1208d4d9\"},\"headline\":\"GETAFE \\\/ A feira do livro e eventual busca recuperar leitores\",\"datePublished\":\"2023-04-03T19:01:24+00:00\",\"mainEntityOfPage\":{\"@id\":\"https:\\\/\\\/tirinha.com\\\/933\\\/getafe-a-feira-do-livro-e-eventual-busca-recuperar-leitores\\\/\"},\"wordCount\":178,\"commentCount\":0,\"publisher\":{\"@id\":\"https:\\\/\\\/tirinha.com\\\/#organization\"},\"image\":{\"@id\":\"https:\\\/\\\/tirinha.com\\\/933\\\/getafe-a-feira-do-livro-e-eventual-busca-recuperar-leitores\\\/#primaryimage\"},\"thumbnailUrl\":\"https:\\\/\\\/i0.wp.com\\\/noticiasparamunicipios.com\\\/wp-content\\\/uploads\\\/2021\\\/06\\\/Logo-para-Yoast-1.png?fit=800,298&ssl=1\",\"articleSection\":[\"Cultura e lazer\"],\"inLanguage\":\"ja\",\"potentialAction\":[{\"@type\":\"CommentAction\",\"name\":\"Comment\",\"target\":[\"https:\\\/\\\/tirinha.com\\\/933\\\/getafe-a-feira-do-livro-e-eventual-busca-recuperar-leitores\\\/#respond\"]}]},{\"@type\":\"WebPage\",\"@id\":\"https:\\\/\\\/tirinha.com\\\/933\\\/getafe-a-feira-do-livro-e-eventual-busca-recuperar-leitores\\\/\",\"url\":\"https:\\\/\\\/tirinha.com\\\/933\\\/getafe-a-feira-do-livro-e-eventual-busca-recuperar-leitores\\\/\",\"name\":\"GETAFE \\\/ A feira do livro e eventual busca recuperar leitores - Tirinha.com\",\"isPartOf\":{\"@id\":\"https:\\\/\\\/tirinha.com\\\/#website\"},\"primaryImageOfPage\":{\"@id\":\"https:\\\/\\\/tirinha.com\\\/933\\\/getafe-a-feira-do-livro-e-eventual-busca-recuperar-leitores\\\/#primaryimage\"},\"image\":{\"@id\":\"https:\\\/\\\/tirinha.com\\\/933\\\/getafe-a-feira-do-livro-e-eventual-busca-recuperar-leitores\\\/#primaryimage\"},\"thumbnailUrl\":\"https:\\\/\\\/i0.wp.com\\\/noticiasparamunicipios.com\\\/wp-content\\\/uploads\\\/2021\\\/06\\\/Logo-para-Yoast-1.png?fit=800,298&ssl=1\",\"datePublished\":\"2023-04-03T19:01:24+00:00\",\"breadcrumb\":{\"@id\":\"https:\\\/\\\/tirinha.com\\\/933\\\/getafe-a-feira-do-livro-e-eventual-busca-recuperar-leitores\\\/#breadcrumb\"},\"inLanguage\":\"ja\",\"potentialAction\":[{\"@type\":\"ReadAction\",\"target\":[\"https:\\\/\\\/tirinha.com\\\/933\\\/getafe-a-feira-do-livro-e-eventual-busca-recuperar-leitores\\\/\"]}]},{\"@type\":\"ImageObject\",\"inLanguage\":\"ja\",\"@id\":\"https:\\\/\\\/tirinha.com\\\/933\\\/getafe-a-feira-do-livro-e-eventual-busca-recuperar-leitores\\\/#primaryimage\",\"url\":\"https:\\\/\\\/i0.wp.com\\\/noticiasparamunicipios.com\\\/wp-content\\\/uploads\\\/2021\\\/06\\\/Logo-para-Yoast-1.png?fit=800,298&ssl=1\",\"contentUrl\":\"https:\\\/\\\/i0.wp.com\\\/noticiasparamunicipios.com\\\/wp-content\\\/uploads\\\/2021\\\/06\\\/Logo-para-Yoast-1.png?fit=800,298&ssl=1\"},{\"@type\":\"BreadcrumbList\",\"@id\":\"https:\\\/\\\/tirinha.com\\\/933\\\/getafe-a-feira-do-livro-e-eventual-busca-recuperar-leitores\\\/#breadcrumb\",\"itemListElement\":[{\"@type\":\"ListItem\",\"position\":1,\"name\":\"Home\",\"item\":\"https:\\\/\\\/tirinha.com\\\/\"},{\"@type\":\"ListItem\",\"position\":2,\"name\":\"GETAFE \\\/ A feira do livro e eventual busca recuperar leitores\"}]},{\"@type\":\"WebSite\",\"@id\":\"https:\\\/\\\/tirinha.com\\\/#website\",\"url\":\"https:\\\/\\\/tirinha.com\\\/\",\"name\":\"Tirinha.com\",\"description\":\"Arte e livros resenhas\",\"publisher\":{\"@id\":\"https:\\\/\\\/tirinha.com\\\/#organization\"},\"potentialAction\":[{\"@type\":\"SearchAction\",\"target\":{\"@type\":\"EntryPoint\",\"urlTemplate\":\"https:\\\/\\\/tirinha.com\\\/?s={search_term_string}\"},\"query-input\":{\"@type\":\"PropertyValueSpecification\",\"valueRequired\":true,\"valueName\":\"search_term_string\"}}],\"inLanguage\":\"ja\"},{\"@type\":\"Organization\",\"@id\":\"https:\\\/\\\/tirinha.com\\\/#organization\",\"name\":\"Tirinha.com\",\"url\":\"https:\\\/\\\/tirinha.com\\\/\",\"logo\":{\"@type\":\"ImageObject\",\"inLanguage\":\"ja\",\"@id\":\"https:\\\/\\\/tirinha.com\\\/#\\\/schema\\\/logo\\\/image\\\/\",\"url\":\"https:\\\/\\\/tirinha.com\\\/wp-content\\\/uploads\\\/2023\\\/08\\\/cropped-Logo-Tirinha.webp\",\"contentUrl\":\"https:\\\/\\\/tirinha.com\\\/wp-content\\\/uploads\\\/2023\\\/08\\\/cropped-Logo-Tirinha.webp\",\"width\":512,\"height\":512,\"caption\":\"Tirinha.com\"},\"image\":{\"@id\":\"https:\\\/\\\/tirinha.com\\\/#\\\/schema\\\/logo\\\/image\\\/\"}},{\"@type\":\"Person\",\"@id\":\"https:\\\/\\\/tirinha.com\\\/#\\\/schema\\\/person\\\/e22bdfbe17e0461f7e927e6a1208d4d9\",\"name\":\"admin\",\"image\":{\"@type\":\"ImageObject\",\"inLanguage\":\"ja\",\"@id\":\"https:\\\/\\\/tirinha.com\\\/wp-content\\\/litespeed\\\/avatar\\\/d0068f7931cc87d7274eb0c3db1deb4b.jpg?ver=1776829466\",\"url\":\"https:\\\/\\\/tirinha.com\\\/wp-content\\\/litespeed\\\/avatar\\\/d0068f7931cc87d7274eb0c3db1deb4b.jpg?ver=1776829466\",\"contentUrl\":\"https:\\\/\\\/tirinha.com\\\/wp-content\\\/litespeed\\\/avatar\\\/d0068f7931cc87d7274eb0c3db1deb4b.jpg?ver=1776829466\",\"caption\":\"admin\"},\"sameAs\":[\"https:\\\/\\\/tirinha.com\"],\"url\":\"https:\\\/\\\/tirinha.com\\\/ja\\\/author\\\/admin\\\/\"}]}<\/script>\n<!-- \/ Yoast SEO plugin. -->","yoast_head_json":{"title":"\u30d8\u30bf\u30d5\u30a7\uff0f\u30d6\u30c3\u30af\u30d5\u30a7\u30a2\u3068\u3001\u8aad\u8005\u3092\u53d6\u308a\u623b\u3059\u305f\u3081\u306e\u6700\u7d42\u7684\u306a\u8a66\u307f - Tirinha.com","robots":{"index":"index","follow":"follow","max-snippet":"max-snippet:-1","max-image-preview":"max-image-preview:large","max-video-preview":"max-video-preview:-1"},"canonical":"https:\/\/tirinha.com\/ja\/933\/\u30d8\u30bf\u30d5\u30a7\u3001\u30d6\u30c3\u30af\u30d5\u30a7\u30a2\u3001\u305d\u3057\u3066\u6700\u7d42\u7684\u306b\u306f\u8aad\u8005\/","og_locale":"ja_JP","og_type":"article","og_title":"GETAFE \/ A feira do livro e eventual busca recuperar leitores - Tirinha.com","og_description":"GETAFE \/ 17 OUT \/ CULTURA _ A pra\u00e7a General Pal\u00e1cio e seus arredores acolhem uma nova edi\u00e7\u00e3o da feira &hellip;","og_url":"https:\/\/tirinha.com\/ja\/933\/\u30d8\u30bf\u30d5\u30a7\u3001\u30d6\u30c3\u30af\u30d5\u30a7\u30a2\u3001\u305d\u3057\u3066\u6700\u7d42\u7684\u306b\u306f\u8aad\u8005\/","og_site_name":"Tirinha.com","article_published_time":"2023-04-03T19:01:24+00:00","og_image":[{"url":"https:\/\/i0.wp.com\/noticiasparamunicipios.com\/wp-content\/uploads\/2021\/06\/Logo-para-Yoast-1.png?fit=800,298&ssl=1","type":"","width":"","height":""}],"author":"admin","twitter_card":"summary_large_image","twitter_image":"https:\/\/i0.wp.com\/noticiasparamunicipios.com\/wp-content\/uploads\/2021\/06\/Logo-para-Yoast-1.png?fit=800,298&ssl=1","twitter_misc":{"\u57f7\u7b46\u8005":"admin","\u63a8\u5b9a\u8aad\u307f\u53d6\u308a\u6642\u9593":"1\u5206"},"schema":{"@context":"https:\/\/schema.org","@graph":[{"@type":"Article","@id":"https:\/\/tirinha.com\/933\/getafe-a-feira-do-livro-e-eventual-busca-recuperar-leitores\/#article","isPartOf":{"@id":"https:\/\/tirinha.com\/933\/getafe-a-feira-do-livro-e-eventual-busca-recuperar-leitores\/"},"author":{"name":"admin","@id":"https:\/\/tirinha.com\/#\/schema\/person\/e22bdfbe17e0461f7e927e6a1208d4d9"},"headline":"GETAFE \/ A feira do livro e eventual busca recuperar leitores","datePublished":"2023-04-03T19:01:24+00:00","mainEntityOfPage":{"@id":"https:\/\/tirinha.com\/933\/getafe-a-feira-do-livro-e-eventual-busca-recuperar-leitores\/"},"wordCount":178,"commentCount":0,"publisher":{"@id":"https:\/\/tirinha.com\/#organization"},"image":{"@id":"https:\/\/tirinha.com\/933\/getafe-a-feira-do-livro-e-eventual-busca-recuperar-leitores\/#primaryimage"},"thumbnailUrl":"https:\/\/i0.wp.com\/noticiasparamunicipios.com\/wp-content\/uploads\/2021\/06\/Logo-para-Yoast-1.png?fit=800,298&ssl=1","articleSection":["Cultura e lazer"],"inLanguage":"ja","potentialAction":[{"@type":"CommentAction","name":"Comment","target":["https:\/\/tirinha.com\/933\/getafe-a-feira-do-livro-e-eventual-busca-recuperar-leitores\/#respond"]}]},{"@type":"WebPage","@id":"https:\/\/tirinha.com\/933\/getafe-a-feira-do-livro-e-eventual-busca-recuperar-leitores\/","url":"https:\/\/tirinha.com\/933\/getafe-a-feira-do-livro-e-eventual-busca-recuperar-leitores\/","name":"\u30d8\u30bf\u30d5\u30a7\uff0f\u30d6\u30c3\u30af\u30d5\u30a7\u30a2\u3068\u3001\u8aad\u8005\u3092\u53d6\u308a\u623b\u3059\u305f\u3081\u306e\u6700\u7d42\u7684\u306a\u8a66\u307f - Tirinha.com","isPartOf":{"@id":"https:\/\/tirinha.com\/#website"},"primaryImageOfPage":{"@id":"https:\/\/tirinha.com\/933\/getafe-a-feira-do-livro-e-eventual-busca-recuperar-leitores\/#primaryimage"},"image":{"@id":"https:\/\/tirinha.com\/933\/getafe-a-feira-do-livro-e-eventual-busca-recuperar-leitores\/#primaryimage"},"thumbnailUrl":"https:\/\/i0.wp.com\/noticiasparamunicipios.com\/wp-content\/uploads\/2021\/06\/Logo-para-Yoast-1.png?fit=800,298&ssl=1","datePublished":"2023-04-03T19:01:24+00:00","breadcrumb":{"@id":"https:\/\/tirinha.com\/933\/getafe-a-feira-do-livro-e-eventual-busca-recuperar-leitores\/#breadcrumb"},"inLanguage":"ja","potentialAction":[{"@type":"ReadAction","target":["https:\/\/tirinha.com\/933\/getafe-a-feira-do-livro-e-eventual-busca-recuperar-leitores\/"]}]},{"@type":"ImageObject","inLanguage":"ja","@id":"https:\/\/tirinha.com\/933\/getafe-a-feira-do-livro-e-eventual-busca-recuperar-leitores\/#primaryimage","url":"https:\/\/i0.wp.com\/noticiasparamunicipios.com\/wp-content\/uploads\/2021\/06\/Logo-para-Yoast-1.png?fit=800,298&ssl=1","contentUrl":"https:\/\/i0.wp.com\/noticiasparamunicipios.com\/wp-content\/uploads\/2021\/06\/Logo-para-Yoast-1.png?fit=800,298&ssl=1"},{"@type":"BreadcrumbList","@id":"https:\/\/tirinha.com\/933\/getafe-a-feira-do-livro-e-eventual-busca-recuperar-leitores\/#breadcrumb","itemListElement":[{"@type":"ListItem","position":1,"name":"Home","item":"https:\/\/tirinha.com\/"},{"@type":"ListItem","position":2,"name":"GETAFE \/ A feira do livro e eventual busca recuperar leitores"}]},{"@type":"WebSite","@id":"https:\/\/tirinha.com\/#website","url":"https:\/\/tirinha.com\/","name":"\u30c6\u30a3\u30ea\u30fc\u30cb\u30e3","description":"\u82b8\u8853\u3068\u672c\u306e\u30ec\u30d3\u30e5\u30fc","publisher":{"@id":"https:\/\/tirinha.com\/#organization"},"potentialAction":[{"@type":"SearchAction","target":{"@type":"EntryPoint","urlTemplate":"https:\/\/tirinha.com\/?s={search_term_string}"},"query-input":{"@type":"PropertyValueSpecification","valueRequired":true,"valueName":"search_term_string"}}],"inLanguage":"ja"},{"@type":"Organization","@id":"https:\/\/tirinha.com\/#organization","name":"\u30c6\u30a3\u30ea\u30fc\u30cb\u30e3","url":"https:\/\/tirinha.com\/","logo":{"@type":"ImageObject","inLanguage":"ja","@id":"https:\/\/tirinha.com\/#\/schema\/logo\/image\/","url":"https:\/\/tirinha.com\/wp-content\/uploads\/2023\/08\/cropped-Logo-Tirinha.webp","contentUrl":"https:\/\/tirinha.com\/wp-content\/uploads\/2023\/08\/cropped-Logo-Tirinha.webp","width":512,"height":512,"caption":"Tirinha.com"},"image":{"@id":"https:\/\/tirinha.com\/#\/schema\/logo\/image\/"}},{"@type":"Person","@id":"https:\/\/tirinha.com\/#\/schema\/person\/e22bdfbe17e0461f7e927e6a1208d4d9","name":"\u7ba1\u7406\u8005","image":{"@type":"ImageObject","inLanguage":"ja","@id":"https:\/\/tirinha.com\/wp-content\/litespeed\/avatar\/d0068f7931cc87d7274eb0c3db1deb4b.jpg?ver=1776829466","url":"https:\/\/tirinha.com\/wp-content\/litespeed\/avatar\/d0068f7931cc87d7274eb0c3db1deb4b.jpg?ver=1776829466","contentUrl":"https:\/\/tirinha.com\/wp-content\/litespeed\/avatar\/d0068f7931cc87d7274eb0c3db1deb4b.jpg?ver=1776829466","caption":"admin"},"sameAs":["https:\/\/tirinha.com"],"url":"https:\/\/tirinha.com\/ja\/author\/admin\/"}]}},"_links":{"self":[{"href":"https:\/\/tirinha.com\/ja\/wp-json\/wp\/v2\/posts\/933","targetHints":{"allow":["GET"]}}],"collection":[{"href":"https:\/\/tirinha.com\/ja\/wp-json\/wp\/v2\/posts"}],"about":[{"href":"https:\/\/tirinha.com\/ja\/wp-json\/wp\/v2\/types\/post"}],"author":[{"embeddable":true,"href":"https:\/\/tirinha.com\/ja\/wp-json\/wp\/v2\/users\/1"}],"replies":[{"embeddable":true,"href":"https:\/\/tirinha.com\/ja\/wp-json\/wp\/v2\/comments?post=933"}],"version-history":[{"count":0,"href":"https:\/\/tirinha.com\/ja\/wp-json\/wp\/v2\/posts\/933\/revisions"}],"wp:featuredmedia":[{"embeddable":true,"href":"https:\/\/tirinha.com\/ja\/wp-json\/wp\/v2\/media\/934"}],"wp:attachment":[{"href":"https:\/\/tirinha.com\/ja\/wp-json\/wp\/v2\/media?parent=933"}],"wp:term":[{"taxonomy":"category","embeddable":true,"href":"https:\/\/tirinha.com\/ja\/wp-json\/wp\/v2\/categories?post=933"},{"taxonomy":"post_tag","embeddable":true,"href":"https:\/\/tirinha.com\/ja\/wp-json\/wp\/v2\/tags?post=933"}],"curies":[{"name":"wp","href":"https:\/\/api.w.org\/{rel}","templated":true}]}}