{"id":922,"date":"2023-04-03T17:00:14","date_gmt":"2023-04-03T17:00:14","guid":{"rendered":"https:\/\/tirinha.com\/san-fernando-de-henares-cinema-thursday-e-teatro-no-federico-garcia-lorca\/"},"modified":"2023-04-03T17:00:14","modified_gmt":"2023-04-03T17:00:14","slug":"san-fernando-de-henares-cinema-thursday-e-teatro-no-federico-garcia-lorca","status":"publish","type":"post","link":"https:\/\/tirinha.com\/ja\/922\/san-fernando-de-henares-cinema-thursday-e-teatro-no-federico-garcia-lorca\/","title":{"rendered":"\u30b5\u30f3\u30fb\u30d5\u30a7\u30eb\u30ca\u30f3\u30c9\u30fb\u30c7\u30fb\u30a8\u30ca\u30ec\u30b9 \/ \u300c\u30b7\u30cd\u30de\u30fb\u30b5\u30fc\u30ba\u30c7\u30a4\u300d\u3068\u30d5\u30a7\u30c7\u30ea\u30b3\u30fb\u30ac\u30eb\u30b7\u30a2\u30fb\u30ed\u30eb\u30ab\u5287\u5834"},"content":{"rendered":"<p><\/p>\n<div>\n<p>Esta quinta-feira continua o encontro com o <strong>cinema no Teatro Federico Garc\u00eda Lorca com o filme &#8216;Um ano, uma noite&#8217;,<\/strong> por Isaki Lacuesta. <\/p>\n<p>Como habitualmente, a projec\u00e7\u00e3o ter\u00e1 in\u00edcio \u00e0s 19h00 e os bilhetes t\u00eam o pre\u00e7o de 2,50 euros, podendo ser adquiridos online e na bilheteira, no mesmo dia das 11h00 \u00e0s 13h00 da manh\u00e3 e no tarde uma hora antes do in\u00edcio da sess\u00e3o. <\/p>\n<aside class=\"scaip scaip-1\">\n\t\t<\/aside>\n<p>O longa-metragem, com 120 minutos de dura\u00e7\u00e3o, <strong>adapta o livro &#8216;Peace, love and Death metal&#8217;,<\/strong> por Ram\u00f3n Gonz\u00e1lez, localizando a a\u00e7\u00e3o nos ataques terroristas de 2015 em Paris, que lhe renderam o pr\u00eamio de 2022 <strong>Goya de Melhor Roteiro Adaptado<\/strong>. <\/p>\n<p>Os protagonistas, interpretados pelos atores Nahuel P\u00e9rez Biscayart e No\u00e9mie Merlant, s\u00e3o Ram\u00f3n e C\u00e9line, um jovem casal que se encontra no Bataclan em Paris na noite de 13 de novembro de 2015. <\/p>\n<p>Durante o assalto terrorista, ambos conseguem, cada um ao seu lado, entrar no camarim dos m\u00fasicos e ali se refugiar.  Quando eles saem, eles n\u00e3o s\u00e3o mais os mesmos.  E n\u00e3o sabem se poder\u00e3o voltar a ser. <\/p>\n<aside class=\"scaip scaip-2\">\n\t\t<\/aside>\n<figure class=\"wp-block-embed is-type-video is-provider-youtube wp-block-embed-youtube wp-embed-aspect-16-9 wp-has-aspect-ratio\">\n<div class=\"wp-block-embed__wrapper\">\n<div class=\"perfmatters-lazy-youtube\" data-src=\"https:\/\/www.youtube.com\/embed\/v21rRziJ8dg\" data-id=\"v21rRziJ8dg\" data-query=\"feature=oembed\" onclick=\"perfmattersLazyLoadYouTube(this);\">\n<div><img fetchpriority=\"high\" decoding=\"async\" src=\"https:\/\/i.ytimg.com\/vi\/v21rRziJ8dg\/hqdefault.jpg\" alt=\"YouTube\u52d5\u753b\" width=\"480\" height=\"360\" data-pin-nopin=\"true\" nopin=\"nopin\"\/><\/div>\n<\/div>\n<p><noscript><a href=\"https:\/\/www.youtube.com\/watch?v=v21rRziJ8dg\">https:\/\/www.youtube.com\/watch?v=v21rRziJ8dg<\/a><\/noscript>\n<\/div>\n<\/figure>\n<p>A programa\u00e7\u00e3o da &#8216;Quinta-feira do Cinema&#8217; foi retomada no in\u00edcio de mar\u00e7o com a exibi\u00e7\u00e3o da vencedora de tr\u00eas pr\u00eamios Goya, &#8216;Cinco lobitos&#8217;, por ocasi\u00e3o dos 8M dias que comemoram o Dia Internacional da Mulher. <\/p>\n<h2 class=\"wp-block-heading\">voltar para casa <\/h2>\n<p>A programa\u00e7\u00e3o cultural continua neste s\u00e1bado, \u00e0s 20h, no Teatro Federico Garc\u00eda Lorca, com a representa\u00e7\u00e3o do<strong> performance teatral &#8216;Volte para casa&#8217;<\/strong>. <\/p>\n<p>Os bilhetes podem ser adquiridos a partir de 8 euros online ou indo pessoalmente \u00e0 bilheteira do teatro, que estar\u00e1 aberta desde duas horas antes at\u00e9 ao in\u00edcio do espet\u00e1culo.  Tamb\u00e9m abre \u00e0s sextas-feiras \u00e0 noite, das 18h \u00e0s 21h. <\/p>\n<aside class=\"scaip scaip-3\">\n\t\t<\/aside>\n<p>Em &#8216;Return Home&#8217;, Harold Pinter (autor irreverente e provocador onde existem) retrata duramente as mil e uma contradi\u00e7\u00f5es e tens\u00f5es entre um pai vi\u00favo que vive com dois de seus filhos, j\u00e1 adultos, e um irm\u00e3o. <\/p>\n<p>A chegada do filho mais velho, aparentemente o vencedor da fam\u00edlia, com sua esposa, desencadeia todos os ventos de uma tempestade provocada por um ambiente sufocante e opressor causado pela inveja m\u00fatua e desprezo entre todos os membros do cl\u00e3 familiar.<\/p>\n<p>A pe\u00e7a dura uma hora e meia e <strong>\u00e9 interpretado por Miguel Rell\u00e1n, David Castillo, Fran Perea, Alfonso Lara, Juan Carlos Vellido e Silma L\u00f3pez<\/strong>. <\/p>\n<aside class=\"scaip scaip-4\">\n\t\t<\/aside>\n<figure class=\"wp-block-image size-full\"><img decoding=\"async\" width=\"681\" height=\"511\" src=\"https:\/\/i0.wp.com\/noticiasparamunicipios.com\/wp-content\/uploads\/2023\/03\/Representacion-de-la-funcion-Retorno-al-hogar.-Omar-Antuna.jpg?resize=681%2C511&amp;ssl=1\" alt=\"atores Miguel Rell\u00e1n, David Castillo, Fran Perea, Alfonso Lara, Juan Carlos Vellido e Silma L\u00f3pez.\" class=\"wp-image-383903 jetpack-lazy-image\" data-recalc-dims=\"1\" data-lazy-srcset=\"https:\/\/i0.wp.com\/noticiasparamunicipios.com\/wp-content\/uploads\/2023\/03\/Representacion-de-la-funcion-Retorno-al-hogar.-Omar-Antuna.jpg?w=681&amp;ssl=1 681w, https:\/\/i0.wp.com\/noticiasparamunicipios.com\/wp-content\/uploads\/2023\/03\/Representacion-de-la-funcion-Retorno-al-hogar.-Omar-Antuna.jpg?resize=300%2C225&amp;ssl=1 300w, https:\/\/i0.wp.com\/noticiasparamunicipios.com\/wp-content\/uploads\/2023\/03\/Representacion-de-la-funcion-Retorno-al-hogar.-Omar-Antuna.jpg?resize=600%2C450&amp;ssl=1 600w, https:\/\/i0.wp.com\/noticiasparamunicipios.com\/wp-content\/uploads\/2023\/03\/Representacion-de-la-funcion-Retorno-al-hogar.-Omar-Antuna.jpg?resize=400%2C300&amp;ssl=1 400w, https:\/\/i0.wp.com\/noticiasparamunicipios.com\/wp-content\/uploads\/2023\/03\/Representacion-de-la-funcion-Retorno-al-hogar.-Omar-Antuna.jpg?resize=200%2C150&amp;ssl=1 200w\" data-lazy-sizes=\"(max-width: 681px) 100vw, 681px\" data-lazy-src=\"https:\/\/i0.wp.com\/noticiasparamunicipios.com\/wp-content\/uploads\/2023\/03\/Representacion-de-la-funcion-Retorno-al-hogar.-Omar-Antuna.jpg?resize=681%2C511&amp;is-pending-load=1#038;ssl=1\" srcset=\"data:image\/gif;base64,R0lGODlhAQABAIAAAAAAAP\/\/\/yH5BAEAAAAALAAAAAABAAEAAAIBRAA7\"\/><noscript><img data-lazy-fallback=\"1\" decoding=\"async\" width=\"681\" height=\"511\" src=\"https:\/\/i0.wp.com\/noticiasparamunicipios.com\/wp-content\/uploads\/2023\/03\/Representacion-de-la-funcion-Retorno-al-hogar.-Omar-Antuna.jpg?resize=681%2C511&amp;ssl=1\" alt=\"atores Miguel Rell\u00e1n, David Castillo, Fran Perea, Alfonso Lara, Juan Carlos Vellido e Silma L\u00f3pez.\" class=\"wp-image-383903\" srcset=\"https:\/\/i0.wp.com\/noticiasparamunicipios.com\/wp-content\/uploads\/2023\/03\/Representacion-de-la-funcion-Retorno-al-hogar.-Omar-Antuna.jpg?w=681&amp;ssl=1 681w, https:\/\/i0.wp.com\/noticiasparamunicipios.com\/wp-content\/uploads\/2023\/03\/Representacion-de-la-funcion-Retorno-al-hogar.-Omar-Antuna.jpg?resize=300%2C225&amp;ssl=1 300w, https:\/\/i0.wp.com\/noticiasparamunicipios.com\/wp-content\/uploads\/2023\/03\/Representacion-de-la-funcion-Retorno-al-hogar.-Omar-Antuna.jpg?resize=600%2C450&amp;ssl=1 600w, https:\/\/i0.wp.com\/noticiasparamunicipios.com\/wp-content\/uploads\/2023\/03\/Representacion-de-la-funcion-Retorno-al-hogar.-Omar-Antuna.jpg?resize=400%2C300&amp;ssl=1 400w, https:\/\/i0.wp.com\/noticiasparamunicipios.com\/wp-content\/uploads\/2023\/03\/Representacion-de-la-funcion-Retorno-al-hogar.-Omar-Antuna.jpg?resize=200%2C150&amp;ssl=1 200w\" sizes=\"(max-width: 681px) 100vw, 681px\" data-recalc-dims=\"1\"\/><\/noscript><figcaption class=\"wp-element-caption\">Representa\u00e7\u00e3o da fun\u00e7\u00e3o &#8216;Voltar para casa&#8217;.  Omar Antuna<\/figcaption><\/figure>\n<h2 class=\"wp-block-heading\">Lope de Vega na Pra\u00e7a de Espanha<\/h2>\n<p>Para comemorar o Dia Mundial do Teatro, que acontecer\u00e1 no dia 27 de mar\u00e7o, no domingo 26 de mar\u00e7o, <strong>A Plaza de Espa\u00f1a (em frente \u00e0 Biblioteca Municipal Rafael Alberti), abriga a obra da fam\u00edlia &#8216;Lope sobre ruedas&#8217;,<\/strong> Interpretada por Georgina Yebra. <\/p>\n<p>A atividade ter\u00e1 in\u00edcio \u00e0s 10h e ser\u00e1 gratuita.  Esta obra <strong>Foi pensado para que a poesia de Lope de Vega chegue \u00e0s crian\u00e7as de forma divertida e m\u00e1gica e as aproxime da literatura da Era de Ouro.<\/strong>. <\/p>\n<p>A narradora, Gisela Llimona, chega com seu Kamishibai para contar &#8220;La Dama Boba&#8221; e &#8220;Gatomaquia&#8221;, recitar alguns de seus versos e brincar com as letras, como fazia Lope. <\/p>\n<aside class=\"scaip scaip-5\">\n\t\t<\/aside>\n<p><h3 class=\"jp-relatedposts-headline\"><em>\u95a2\u9023\u3057\u3066\u3044\u308b<\/em><\/h3>\n<\/p><\/div>","protected":false},"excerpt":{"rendered":"<p>Esta quinta-feira continua o encontro com o cinema no Teatro Federico Garc\u00eda Lorca com o filme &#8216;Um ano, uma noite&#8217;, &hellip; <\/p>","protected":false},"author":1,"featured_media":924,"comment_status":"open","ping_status":"open","sticky":false,"template":"","format":"standard","meta":{"fifu_image_url":"https:\/\/noticiasparamunicipios.com\/wp-content\/uploads\/2021\/05\/palomitas-cine-scaled.jpg","fifu_image_alt":"","footnotes":""},"categories":[35],"tags":[],"class_list":["post-922","post","type-post","status-publish","format-standard","has-post-thumbnail","hentry","category-cultura-e-lazer","latest_post"],"yoast_head":"<!-- This site is optimized with the Yoast SEO plugin v27.3 - https:\/\/yoast.com\/product\/yoast-seo-wordpress\/ -->\n<title>SAN FERNANDO DE HENARES\/ &#039;Cinema Thursday&#039; e teatro no Federico Garc\u00eda Lorca - Tirinha.com<\/title>\n<meta name=\"robots\" content=\"index, follow, max-snippet:-1, max-image-preview:large, max-video-preview:-1\" \/>\n<link rel=\"canonical\" href=\"https:\/\/tirinha.com\/ja\/922\/san-fernando-de-henares-cinema-thursday-e-teatro-no-federico-garcia-lorca\/\" \/>\n<meta property=\"og:locale\" content=\"ja_JP\" \/>\n<meta property=\"og:type\" content=\"article\" \/>\n<meta property=\"og:title\" content=\"SAN FERNANDO DE HENARES\/ &#039;Cinema Thursday&#039; e teatro no Federico Garc\u00eda Lorca - Tirinha.com\" \/>\n<meta property=\"og:description\" content=\"Esta quinta-feira continua o encontro com o cinema no Teatro Federico Garc\u00eda Lorca com o filme &#8216;Um ano, uma noite&#8217;, &hellip;\" \/>\n<meta property=\"og:url\" content=\"https:\/\/tirinha.com\/ja\/922\/san-fernando-de-henares-cinema-thursday-e-teatro-no-federico-garcia-lorca\/\" \/>\n<meta property=\"og:site_name\" content=\"Tirinha.com\" \/>\n<meta property=\"article:published_time\" content=\"2023-04-03T17:00:14+00:00\" \/>\n<meta property=\"og:image\" content=\"https:\/\/noticiasparamunicipios.com\/wp-content\/uploads\/2021\/05\/palomitas-cine-scaled.jpg\" \/>\n<meta name=\"author\" content=\"admin\" \/>\n<meta name=\"twitter:card\" content=\"summary_large_image\" \/>\n<meta name=\"twitter:image\" content=\"https:\/\/noticiasparamunicipios.com\/wp-content\/uploads\/2021\/05\/palomitas-cine-scaled.jpg\" \/>\n<meta name=\"twitter:label1\" content=\"\u57f7\u7b46\u8005\" \/>\n\t<meta name=\"twitter:data1\" content=\"admin\" \/>\n\t<meta name=\"twitter:label2\" content=\"\u63a8\u5b9a\u8aad\u307f\u53d6\u308a\u6642\u9593\" \/>\n\t<meta name=\"twitter:data2\" content=\"3\u5206\" \/>\n<script type=\"application\/ld+json\" class=\"yoast-schema-graph\">{\"@context\":\"https:\\\/\\\/schema.org\",\"@graph\":[{\"@type\":\"Article\",\"@id\":\"https:\\\/\\\/tirinha.com\\\/922\\\/san-fernando-de-henares-cinema-thursday-e-teatro-no-federico-garcia-lorca\\\/#article\",\"isPartOf\":{\"@id\":\"https:\\\/\\\/tirinha.com\\\/922\\\/san-fernando-de-henares-cinema-thursday-e-teatro-no-federico-garcia-lorca\\\/\"},\"author\":{\"name\":\"admin\",\"@id\":\"https:\\\/\\\/tirinha.com\\\/#\\\/schema\\\/person\\\/e22bdfbe17e0461f7e927e6a1208d4d9\"},\"headline\":\"SAN FERNANDO DE HENARES\\\/ &#8216;Cinema Thursday&#8217; e teatro no Federico Garc\u00eda Lorca\",\"datePublished\":\"2023-04-03T17:00:14+00:00\",\"mainEntityOfPage\":{\"@id\":\"https:\\\/\\\/tirinha.com\\\/922\\\/san-fernando-de-henares-cinema-thursday-e-teatro-no-federico-garcia-lorca\\\/\"},\"wordCount\":568,\"commentCount\":0,\"publisher\":{\"@id\":\"https:\\\/\\\/tirinha.com\\\/#organization\"},\"image\":{\"@id\":\"https:\\\/\\\/tirinha.com\\\/922\\\/san-fernando-de-henares-cinema-thursday-e-teatro-no-federico-garcia-lorca\\\/#primaryimage\"},\"thumbnailUrl\":\"https:\\\/\\\/noticiasparamunicipios.com\\\/wp-content\\\/uploads\\\/2021\\\/05\\\/palomitas-cine-scaled.jpg\",\"articleSection\":[\"Cultura e lazer\"],\"inLanguage\":\"ja\",\"potentialAction\":[{\"@type\":\"CommentAction\",\"name\":\"Comment\",\"target\":[\"https:\\\/\\\/tirinha.com\\\/922\\\/san-fernando-de-henares-cinema-thursday-e-teatro-no-federico-garcia-lorca\\\/#respond\"]}]},{\"@type\":\"WebPage\",\"@id\":\"https:\\\/\\\/tirinha.com\\\/922\\\/san-fernando-de-henares-cinema-thursday-e-teatro-no-federico-garcia-lorca\\\/\",\"url\":\"https:\\\/\\\/tirinha.com\\\/922\\\/san-fernando-de-henares-cinema-thursday-e-teatro-no-federico-garcia-lorca\\\/\",\"name\":\"SAN FERNANDO DE HENARES\\\/ 'Cinema Thursday' e teatro no Federico Garc\u00eda Lorca - Tirinha.com\",\"isPartOf\":{\"@id\":\"https:\\\/\\\/tirinha.com\\\/#website\"},\"primaryImageOfPage\":{\"@id\":\"https:\\\/\\\/tirinha.com\\\/922\\\/san-fernando-de-henares-cinema-thursday-e-teatro-no-federico-garcia-lorca\\\/#primaryimage\"},\"image\":{\"@id\":\"https:\\\/\\\/tirinha.com\\\/922\\\/san-fernando-de-henares-cinema-thursday-e-teatro-no-federico-garcia-lorca\\\/#primaryimage\"},\"thumbnailUrl\":\"https:\\\/\\\/noticiasparamunicipios.com\\\/wp-content\\\/uploads\\\/2021\\\/05\\\/palomitas-cine-scaled.jpg\",\"datePublished\":\"2023-04-03T17:00:14+00:00\",\"breadcrumb\":{\"@id\":\"https:\\\/\\\/tirinha.com\\\/922\\\/san-fernando-de-henares-cinema-thursday-e-teatro-no-federico-garcia-lorca\\\/#breadcrumb\"},\"inLanguage\":\"ja\",\"potentialAction\":[{\"@type\":\"ReadAction\",\"target\":[\"https:\\\/\\\/tirinha.com\\\/922\\\/san-fernando-de-henares-cinema-thursday-e-teatro-no-federico-garcia-lorca\\\/\"]}]},{\"@type\":\"ImageObject\",\"inLanguage\":\"ja\",\"@id\":\"https:\\\/\\\/tirinha.com\\\/922\\\/san-fernando-de-henares-cinema-thursday-e-teatro-no-federico-garcia-lorca\\\/#primaryimage\",\"url\":\"https:\\\/\\\/noticiasparamunicipios.com\\\/wp-content\\\/uploads\\\/2021\\\/05\\\/palomitas-cine-scaled.jpg\",\"contentUrl\":\"https:\\\/\\\/noticiasparamunicipios.com\\\/wp-content\\\/uploads\\\/2021\\\/05\\\/palomitas-cine-scaled.jpg\"},{\"@type\":\"BreadcrumbList\",\"@id\":\"https:\\\/\\\/tirinha.com\\\/922\\\/san-fernando-de-henares-cinema-thursday-e-teatro-no-federico-garcia-lorca\\\/#breadcrumb\",\"itemListElement\":[{\"@type\":\"ListItem\",\"position\":1,\"name\":\"Home\",\"item\":\"https:\\\/\\\/tirinha.com\\\/\"},{\"@type\":\"ListItem\",\"position\":2,\"name\":\"SAN FERNANDO DE HENARES\\\/ &#8216;Cinema Thursday&#8217; e teatro no Federico Garc\u00eda Lorca\"}]},{\"@type\":\"WebSite\",\"@id\":\"https:\\\/\\\/tirinha.com\\\/#website\",\"url\":\"https:\\\/\\\/tirinha.com\\\/\",\"name\":\"Tirinha.com\",\"description\":\"Arte e livros resenhas\",\"publisher\":{\"@id\":\"https:\\\/\\\/tirinha.com\\\/#organization\"},\"potentialAction\":[{\"@type\":\"SearchAction\",\"target\":{\"@type\":\"EntryPoint\",\"urlTemplate\":\"https:\\\/\\\/tirinha.com\\\/?s={search_term_string}\"},\"query-input\":{\"@type\":\"PropertyValueSpecification\",\"valueRequired\":true,\"valueName\":\"search_term_string\"}}],\"inLanguage\":\"ja\"},{\"@type\":\"Organization\",\"@id\":\"https:\\\/\\\/tirinha.com\\\/#organization\",\"name\":\"Tirinha.com\",\"url\":\"https:\\\/\\\/tirinha.com\\\/\",\"logo\":{\"@type\":\"ImageObject\",\"inLanguage\":\"ja\",\"@id\":\"https:\\\/\\\/tirinha.com\\\/#\\\/schema\\\/logo\\\/image\\\/\",\"url\":\"https:\\\/\\\/tirinha.com\\\/wp-content\\\/uploads\\\/2023\\\/08\\\/cropped-Logo-Tirinha.webp\",\"contentUrl\":\"https:\\\/\\\/tirinha.com\\\/wp-content\\\/uploads\\\/2023\\\/08\\\/cropped-Logo-Tirinha.webp\",\"width\":512,\"height\":512,\"caption\":\"Tirinha.com\"},\"image\":{\"@id\":\"https:\\\/\\\/tirinha.com\\\/#\\\/schema\\\/logo\\\/image\\\/\"}},{\"@type\":\"Person\",\"@id\":\"https:\\\/\\\/tirinha.com\\\/#\\\/schema\\\/person\\\/e22bdfbe17e0461f7e927e6a1208d4d9\",\"name\":\"admin\",\"image\":{\"@type\":\"ImageObject\",\"inLanguage\":\"ja\",\"@id\":\"https:\\\/\\\/tirinha.com\\\/wp-content\\\/litespeed\\\/avatar\\\/d0068f7931cc87d7274eb0c3db1deb4b.jpg?ver=1776829466\",\"url\":\"https:\\\/\\\/tirinha.com\\\/wp-content\\\/litespeed\\\/avatar\\\/d0068f7931cc87d7274eb0c3db1deb4b.jpg?ver=1776829466\",\"contentUrl\":\"https:\\\/\\\/tirinha.com\\\/wp-content\\\/litespeed\\\/avatar\\\/d0068f7931cc87d7274eb0c3db1deb4b.jpg?ver=1776829466\",\"caption\":\"admin\"},\"sameAs\":[\"https:\\\/\\\/tirinha.com\"],\"url\":\"https:\\\/\\\/tirinha.com\\\/ja\\\/author\\\/admin\\\/\"}]}<\/script>\n<!-- \/ Yoast SEO plugin. -->","yoast_head_json":{"title":"SAN FERNANDO DE HENARES\/ 'Cinema Thursday' e teatro no Federico Garc\u00eda Lorca - Tirinha.com","robots":{"index":"index","follow":"follow","max-snippet":"max-snippet:-1","max-image-preview":"max-image-preview:large","max-video-preview":"max-video-preview:-1"},"canonical":"https:\/\/tirinha.com\/ja\/922\/san-fernando-de-henares-cinema-thursday-e-teatro-no-federico-garcia-lorca\/","og_locale":"ja_JP","og_type":"article","og_title":"SAN FERNANDO DE HENARES\/ 'Cinema Thursday' e teatro no Federico Garc\u00eda Lorca - Tirinha.com","og_description":"Esta quinta-feira continua o encontro com o cinema no Teatro Federico Garc\u00eda Lorca com o filme &#8216;Um ano, uma noite&#8217;, &hellip;","og_url":"https:\/\/tirinha.com\/ja\/922\/san-fernando-de-henares-cinema-thursday-e-teatro-no-federico-garcia-lorca\/","og_site_name":"Tirinha.com","article_published_time":"2023-04-03T17:00:14+00:00","og_image":[{"url":"https:\/\/noticiasparamunicipios.com\/wp-content\/uploads\/2021\/05\/palomitas-cine-scaled.jpg","type":"","width":"","height":""}],"author":"admin","twitter_card":"summary_large_image","twitter_image":"https:\/\/noticiasparamunicipios.com\/wp-content\/uploads\/2021\/05\/palomitas-cine-scaled.jpg","twitter_misc":{"\u57f7\u7b46\u8005":"admin","\u63a8\u5b9a\u8aad\u307f\u53d6\u308a\u6642\u9593":"3\u5206"},"schema":{"@context":"https:\/\/schema.org","@graph":[{"@type":"Article","@id":"https:\/\/tirinha.com\/922\/san-fernando-de-henares-cinema-thursday-e-teatro-no-federico-garcia-lorca\/#article","isPartOf":{"@id":"https:\/\/tirinha.com\/922\/san-fernando-de-henares-cinema-thursday-e-teatro-no-federico-garcia-lorca\/"},"author":{"name":"admin","@id":"https:\/\/tirinha.com\/#\/schema\/person\/e22bdfbe17e0461f7e927e6a1208d4d9"},"headline":"SAN FERNANDO DE HENARES\/ &#8216;Cinema Thursday&#8217; e teatro no Federico Garc\u00eda Lorca","datePublished":"2023-04-03T17:00:14+00:00","mainEntityOfPage":{"@id":"https:\/\/tirinha.com\/922\/san-fernando-de-henares-cinema-thursday-e-teatro-no-federico-garcia-lorca\/"},"wordCount":568,"commentCount":0,"publisher":{"@id":"https:\/\/tirinha.com\/#organization"},"image":{"@id":"https:\/\/tirinha.com\/922\/san-fernando-de-henares-cinema-thursday-e-teatro-no-federico-garcia-lorca\/#primaryimage"},"thumbnailUrl":"https:\/\/noticiasparamunicipios.com\/wp-content\/uploads\/2021\/05\/palomitas-cine-scaled.jpg","articleSection":["Cultura e lazer"],"inLanguage":"ja","potentialAction":[{"@type":"CommentAction","name":"Comment","target":["https:\/\/tirinha.com\/922\/san-fernando-de-henares-cinema-thursday-e-teatro-no-federico-garcia-lorca\/#respond"]}]},{"@type":"WebPage","@id":"https:\/\/tirinha.com\/922\/san-fernando-de-henares-cinema-thursday-e-teatro-no-federico-garcia-lorca\/","url":"https:\/\/tirinha.com\/922\/san-fernando-de-henares-cinema-thursday-e-teatro-no-federico-garcia-lorca\/","name":"SAN FERNANDO DE HENARES\/ 'Cinema Thursday' e teatro no Federico Garc\u00eda Lorca - Tirinha.com","isPartOf":{"@id":"https:\/\/tirinha.com\/#website"},"primaryImageOfPage":{"@id":"https:\/\/tirinha.com\/922\/san-fernando-de-henares-cinema-thursday-e-teatro-no-federico-garcia-lorca\/#primaryimage"},"image":{"@id":"https:\/\/tirinha.com\/922\/san-fernando-de-henares-cinema-thursday-e-teatro-no-federico-garcia-lorca\/#primaryimage"},"thumbnailUrl":"https:\/\/noticiasparamunicipios.com\/wp-content\/uploads\/2021\/05\/palomitas-cine-scaled.jpg","datePublished":"2023-04-03T17:00:14+00:00","breadcrumb":{"@id":"https:\/\/tirinha.com\/922\/san-fernando-de-henares-cinema-thursday-e-teatro-no-federico-garcia-lorca\/#breadcrumb"},"inLanguage":"ja","potentialAction":[{"@type":"ReadAction","target":["https:\/\/tirinha.com\/922\/san-fernando-de-henares-cinema-thursday-e-teatro-no-federico-garcia-lorca\/"]}]},{"@type":"ImageObject","inLanguage":"ja","@id":"https:\/\/tirinha.com\/922\/san-fernando-de-henares-cinema-thursday-e-teatro-no-federico-garcia-lorca\/#primaryimage","url":"https:\/\/noticiasparamunicipios.com\/wp-content\/uploads\/2021\/05\/palomitas-cine-scaled.jpg","contentUrl":"https:\/\/noticiasparamunicipios.com\/wp-content\/uploads\/2021\/05\/palomitas-cine-scaled.jpg"},{"@type":"BreadcrumbList","@id":"https:\/\/tirinha.com\/922\/san-fernando-de-henares-cinema-thursday-e-teatro-no-federico-garcia-lorca\/#breadcrumb","itemListElement":[{"@type":"ListItem","position":1,"name":"Home","item":"https:\/\/tirinha.com\/"},{"@type":"ListItem","position":2,"name":"SAN FERNANDO DE HENARES\/ &#8216;Cinema Thursday&#8217; e teatro no Federico Garc\u00eda Lorca"}]},{"@type":"WebSite","@id":"https:\/\/tirinha.com\/#website","url":"https:\/\/tirinha.com\/","name":"\u30c6\u30a3\u30ea\u30fc\u30cb\u30e3","description":"\u82b8\u8853\u3068\u672c\u306e\u30ec\u30d3\u30e5\u30fc","publisher":{"@id":"https:\/\/tirinha.com\/#organization"},"potentialAction":[{"@type":"SearchAction","target":{"@type":"EntryPoint","urlTemplate":"https:\/\/tirinha.com\/?s={search_term_string}"},"query-input":{"@type":"PropertyValueSpecification","valueRequired":true,"valueName":"search_term_string"}}],"inLanguage":"ja"},{"@type":"Organization","@id":"https:\/\/tirinha.com\/#organization","name":"\u30c6\u30a3\u30ea\u30fc\u30cb\u30e3","url":"https:\/\/tirinha.com\/","logo":{"@type":"ImageObject","inLanguage":"ja","@id":"https:\/\/tirinha.com\/#\/schema\/logo\/image\/","url":"https:\/\/tirinha.com\/wp-content\/uploads\/2023\/08\/cropped-Logo-Tirinha.webp","contentUrl":"https:\/\/tirinha.com\/wp-content\/uploads\/2023\/08\/cropped-Logo-Tirinha.webp","width":512,"height":512,"caption":"Tirinha.com"},"image":{"@id":"https:\/\/tirinha.com\/#\/schema\/logo\/image\/"}},{"@type":"Person","@id":"https:\/\/tirinha.com\/#\/schema\/person\/e22bdfbe17e0461f7e927e6a1208d4d9","name":"\u7ba1\u7406\u8005","image":{"@type":"ImageObject","inLanguage":"ja","@id":"https:\/\/tirinha.com\/wp-content\/litespeed\/avatar\/d0068f7931cc87d7274eb0c3db1deb4b.jpg?ver=1776829466","url":"https:\/\/tirinha.com\/wp-content\/litespeed\/avatar\/d0068f7931cc87d7274eb0c3db1deb4b.jpg?ver=1776829466","contentUrl":"https:\/\/tirinha.com\/wp-content\/litespeed\/avatar\/d0068f7931cc87d7274eb0c3db1deb4b.jpg?ver=1776829466","caption":"admin"},"sameAs":["https:\/\/tirinha.com"],"url":"https:\/\/tirinha.com\/ja\/author\/admin\/"}]}},"_links":{"self":[{"href":"https:\/\/tirinha.com\/ja\/wp-json\/wp\/v2\/posts\/922","targetHints":{"allow":["GET"]}}],"collection":[{"href":"https:\/\/tirinha.com\/ja\/wp-json\/wp\/v2\/posts"}],"about":[{"href":"https:\/\/tirinha.com\/ja\/wp-json\/wp\/v2\/types\/post"}],"author":[{"embeddable":true,"href":"https:\/\/tirinha.com\/ja\/wp-json\/wp\/v2\/users\/1"}],"replies":[{"embeddable":true,"href":"https:\/\/tirinha.com\/ja\/wp-json\/wp\/v2\/comments?post=922"}],"version-history":[{"count":0,"href":"https:\/\/tirinha.com\/ja\/wp-json\/wp\/v2\/posts\/922\/revisions"}],"wp:featuredmedia":[{"embeddable":true,"href":"https:\/\/tirinha.com\/ja\/wp-json\/wp\/v2\/media\/924"}],"wp:attachment":[{"href":"https:\/\/tirinha.com\/ja\/wp-json\/wp\/v2\/media?parent=922"}],"wp:term":[{"taxonomy":"category","embeddable":true,"href":"https:\/\/tirinha.com\/ja\/wp-json\/wp\/v2\/categories?post=922"},{"taxonomy":"post_tag","embeddable":true,"href":"https:\/\/tirinha.com\/ja\/wp-json\/wp\/v2\/tags?post=922"}],"curies":[{"name":"wp","href":"https:\/\/api.w.org\/{rel}","templated":true}]}}