{"id":914,"date":"2023-04-03T15:28:41","date_gmt":"2023-04-03T15:28:41","guid":{"rendered":"https:\/\/tirinha.com\/torrejon-de-ardoz-menus-de-alta-cozinha-por-29e\/"},"modified":"2023-04-03T15:28:41","modified_gmt":"2023-04-03T15:28:41","slug":"%e3%83%88%e3%83%ac%e3%83%9b%e3%83%b3-%e3%83%87-%e3%82%a2%e3%83%ab%e3%83%89%e3%82%b9%e3%81%ae%e9%ab%98%e7%b4%9a%e6%96%99%e7%90%86%e3%83%a1%e3%83%8b%e3%83%a5%e3%83%bc-29e","status":"publish","type":"post","link":"https:\/\/tirinha.com\/ja\/914\/torrejon-de-ardoz-menus-de-alta-cozinha-por-29e\/","title":{"rendered":"TORREJ\u00d3N DE ARDOZ \/ \u30c8\u30ec\u30db\u30f3 \u30c7 \u30a2\u30eb\u30c9\u30b9 \/ \u9ad8\u7d1a\u6599\u7406\u30e1\u30cb\u30e5\u30fc \u20ac29"},"content":{"rendered":"<p><\/p>\n<div>\n<p>\u5e02\u5185\u3067\u6700\u3082\u91cd\u8981\u306a\u7f8e\u98df\u30a4\u30d9\u30f3\u30c8\u306e 1 \u3064\u3067\u3042\u308b\u30c8\u30ec\u30db\u30f3 \u30c7 \u30a2\u30eb\u30c9\u30b9\u7f8e\u98df\u30d5\u30a7\u30a2\u304c\u4eca\u9031\u306e\u91d1\u66dc\u65e5\u306b\u59cb\u307e\u308a\u30014 \u6708 2 \u65e5\u307e\u3067\u958b\u50ac\u3055\u308c\u307e\u3059\u3002 <strong>\u9ad8\u7d1a\u6599\u7406\u30e1\u30cb\u30e5\u30fc\u306f29\u30e6\u30fc\u30ed<\/strong>.<\/p>\n<p>\u3053\u306e\u7248\u3067\u306f\u300126 \u306e\u30ec\u30b9\u30c8\u30e9\u30f3\u304c\u3001\u6599\u7406\u306e\u8abf\u7406\u6cd5\u3068\u4f7f\u7528\u3059\u308b\u6750\u6599\u306e\u4e21\u65b9\u306b\u304a\u3044\u3066\u4e26\u5916\u308c\u305f\u54c1\u8cea\u306e\u30e1\u30cb\u30e5\u30fc\u3092\u63d0\u4f9b\u3059\u308b\u3053\u3068\u304c\u3067\u304d\u307e\u3059\u3002.<\/p>\n<aside class=\"scaip scaip-1\">\n\t\t<\/aside>\n<figure class=\"wp-block-image\"><img decoding=\"async\" alt=\"\u30c8\u30ec\u30db\u30f3\u7f8e\u98df\u30d5\u30a7\u30a2\" title=\"\u30c8\u30ec\u30db\u30f3 - \u7f8e\u98df\u30d5\u30a7\u30a2\u3067\u306f\u5408\u8a08 27 \u8ed2\u306e\u30ec\u30b9\u30c8\u30e9\u30f3\u304c 29 \u30e6\u30fc\u30ed\u306e\u30b0\u30eb\u30e1 \u30e1\u30cb\u30e5\u30fc\u3092\u63d0\u4f9b\u3057\u307e\u3059\u3002\" data-recalc-dims=\"1\" src=\"https:\/\/i0.wp.com\/img.europapress.es\/fotoweb\/fotonoticia_20230324173409_260.jpg?w=780&amp;is-pending-load=1#038;ssl=1\" srcset=\"data:image\/gif;base64,R0lGODlhAQABAIAAAAAAAP\/\/\/yH5BAEAAAAALAAAAAABAAEAAAIBRAA7\" class=\"jetpack-lazy-image\"\/><noscript><img data-lazy-fallback=\"1\" decoding=\"async\" src=\"https:\/\/i0.wp.com\/img.europapress.es\/fotoweb\/fotonoticia_20230324173409_260.jpg?w=780&amp;ssl=1\" alt=\"\u30c8\u30ec\u30db\u30f3\u7f8e\u98df\u30d5\u30a7\u30a2\" title=\"\u30c8\u30ec\u30db\u30f3 - \u7f8e\u98df\u30d5\u30a7\u30a2\u3067\u306f\u5408\u8a08 27 \u8ed2\u306e\u30ec\u30b9\u30c8\u30e9\u30f3\u304c 29 \u30e6\u30fc\u30ed\u306e\u30b0\u30eb\u30e1 \u30e1\u30cb\u30e5\u30fc\u3092\u63d0\u4f9b\u3057\u307e\u3059\u3002\" data-recalc-dims=\"1\"\/><\/noscript><\/figure>\n<p>\u3053\u308c\u3089\u306f\u3001\u3069\u3093\u306a\u6599\u7406\u30b3\u30f3\u30c6\u30b9\u30c8\u3067\u3082\u9593\u9055\u3044\u306a\u304f\u30c8\u30c3\u30d7\u306b\u7acb\u3064\u3067\u3042\u308d\u3046\u524d\u83dc\u3001\u30e1\u30a4\u30f3\u30b3\u30fc\u30b9\u3001\u305d\u3057\u3066\u30c7\u30b6\u30fc\u30c8\u3067\u3059\u3002\u3059\u3079\u3066\u4e00\u5ea6\u306b\u3002 <strong>\u624b\u9803\u306a\u4fa1\u683c\u3001, <\/strong>\u3053\u308c\u306f\u521d\u5e74\u5ea6\u304b\u3089\u5024\u4e0a\u304c\u308a\u3057\u3066\u304a\u3089\u305a\u3001VAT\u3068\u30c7\u30b6\u30fc\u30c8\u8fbc\u307f\u306729\u30e6\u30fc\u30ed\u3067\u3059\u3002.<\/p>\n<p>\u3064\u307e\u308a\u3001\u975e\u5e38\u306b\u512a\u308c\u305f\u54c1\u8cea\u3068\u4fa1\u683c\u306e\u30d0\u30e9\u30f3\u30b9\u3092\u5099\u3048\u305f\u8c6a\u83ef\u306a\u30e1\u30cb\u30e5\u30fc\u3092\u697d\u3057\u3080\u3053\u3068\u304c\u3067\u304d\u307e\u3059\u3002 <strong>\u53c2\u52a0\u30ec\u30b9\u30c8\u30e9\u30f3\u306e\u30d7\u30ed\u30d5\u30a7\u30c3\u30b7\u30e7\u30ca\u30ea\u30ba\u30e0\u3001\u30b5\u30fc\u30d3\u30b9\u3001\u305d\u3057\u3066\u6c17\u914d\u308a<\/strong>. \u3057\u305f\u304c\u3063\u3066\u3001\u30c8\u30ec\u30db\u30f3\u306f\u4eca\u65e5\u30013\u670824\u65e5\u304b\u30894\u67082\u65e5\u307e\u3067\u3001\u89b3\u5149\u3068\u7f8e\u98df\u306e\u76ee\u7684\u5730\u3068\u306a\u308a\u307e\u3059\u3002.<\/p>\n<p>\u00ab\u300c\u30db\u30c6\u30eb\u7d4c\u55b6\u8005\u306b\u3068\u3063\u3066\u3001\u30d6\u30e9\u30f3\u30c9\u30a4\u30e1\u30fc\u30b8\u3001\u77e5\u540d\u5ea6\u3001\u5ba3\u4f1d\u529b\u3001\u305d\u3057\u3066\u30e1\u30c7\u30a3\u30a2\u9732\u51fa\u306e\u5411\u4e0a\u304c\u671f\u5f85\u3067\u304d\u308b\u305f\u3081\u3001\u6e80\u8db3\u306e\u3044\u304f\u7d50\u679c\u3068\u306a\u308b\u3068\u78ba\u4fe1\u3057\u3066\u3044\u307e\u3059\u3002\u3053\u308c\u306b\u3088\u308a\u3001\u3053\u308c\u307e\u3067\u306f\u6765\u5e97\u3057\u3066\u3044\u306a\u304b\u3063\u305f\u65b0\u898f\u9867\u5ba2\u3092\u7372\u5f97\u3067\u304d\u308b\u3067\u3057\u3087\u3046\u3002\u307e\u305f\u3001\u5e02\u5185\u306e\u30ec\u30b9\u30c8\u30e9\u30f3\u306e\u8cea\u3068\u8a55\u5224\u3092\u3055\u3089\u306b\u5411\u4e0a\u3055\u305b\u308b\u305f\u3081\u306e\u65b0\u305f\u306a\u52d5\u6a5f\u4ed8\u3051\u3068\u306a\u308b\u3067\u3057\u3087\u3046\u300d\u3068\u5e02\u9577\u306f\u5f37\u8abf\u3057\u305f\u3002, <strong>\u30a4\u30b0\u30ca\u30b7\u30aa\u30fb\u30d0\u30b9\u30b1\u30b9\u3002.<\/strong><\/p>\n<aside class=\"scaip scaip-2\">\n\t\t<\/aside>\n<p>\u4e00\u65b9\u3001\u96c7\u7528\u62c5\u5f53\u5e02\u9577\u306e\u30a2\u30a4\u30ce\u30a2\u30fb\u30ac\u30eb\u30b7\u30a2\u6c0f\u306f\u3001\u300c\u3053\u306e\u7f8e\u98df\u30d5\u30a7\u30a2\u306f\u3001\u7d4c\u6e08\u3092\u6d3b\u6027\u5316\u3057\u3001\u5e02\u306e\u30db\u30c6\u30eb\u304a\u3088\u3073\u5546\u696d\u90e8\u9580\u3092\u4fc3\u9032\u3059\u308b\u3053\u3068\u3092\u76ee\u7684\u3068\u3057\u305f\u30bf\u30d1\u30b9\u30d5\u30a7\u30a2\u3084\u30b9\u30c8\u30c3\u30af\u30d5\u30a7\u30a2\u306a\u3069\u306e\u4ed6\u306e\u53d6\u308a\u7d44\u307f\u306b\u52a0\u308f\u308b\u3082\u306e\u3067\u3059\u300d\u3068\u632f\u308a\u8fd4\u3063\u305f\u3002 .<\/p>\n<p><h3 class=\"jp-relatedposts-headline\"><em>\u95a2\u9023\u3057\u3066\u3044\u308b<\/em><\/h3>\n<\/p><\/div>","protected":false},"excerpt":{"rendered":"<p>A Mostra Gastron\u00f3mica de Torrej\u00f3n de Ardoz, uma das mais importantes manifesta\u00e7\u00f5es gastron\u00f3micas da cidade, arranca esta sexta-feira e decorrer\u00e1 &hellip; <\/p>","protected":false},"author":1,"featured_media":915,"comment_status":"open","ping_status":"open","sticky":false,"template":"","format":"standard","meta":{"fifu_image_url":"https:\/\/noticiasparamunicipios.com\/wp-content\/uploads\/2022\/03\/pexels-cottonbro-4253314-1-scaled.jpg","fifu_image_alt":"","footnotes":""},"categories":[35],"tags":[],"class_list":["post-914","post","type-post","status-publish","format-standard","has-post-thumbnail","hentry","category-cultura-e-lazer","latest_post"],"yoast_head":"<!-- This site is optimized with the Yoast SEO plugin v27.3 - https:\/\/yoast.com\/product\/yoast-seo-wordpress\/ -->\n<title>TORREJ\u00d3N DE ARDOZ\/ Menus de alta cozinha por 29\u20ac - Tirinha.com<\/title>\n<meta name=\"robots\" content=\"index, follow, max-snippet:-1, max-image-preview:large, max-video-preview:-1\" \/>\n<link rel=\"canonical\" href=\"https:\/\/tirinha.com\/ja\/914\/\u30c8\u30ec\u30db\u30f3-\u30c7-\u30a2\u30eb\u30c9\u30b9\u306e\u9ad8\u7d1a\u6599\u7406\u30e1\u30cb\u30e5\u30fc-29e\/\" \/>\n<meta property=\"og:locale\" content=\"ja_JP\" \/>\n<meta property=\"og:type\" content=\"article\" \/>\n<meta property=\"og:title\" content=\"TORREJ\u00d3N DE ARDOZ\/ Menus de alta cozinha por 29\u20ac - Tirinha.com\" \/>\n<meta property=\"og:description\" content=\"A Mostra Gastron\u00f3mica de Torrej\u00f3n de Ardoz, uma das mais importantes manifesta\u00e7\u00f5es gastron\u00f3micas da cidade, arranca esta sexta-feira e decorrer\u00e1 &hellip;\" \/>\n<meta property=\"og:url\" content=\"https:\/\/tirinha.com\/ja\/914\/\u30c8\u30ec\u30db\u30f3-\u30c7-\u30a2\u30eb\u30c9\u30b9\u306e\u9ad8\u7d1a\u6599\u7406\u30e1\u30cb\u30e5\u30fc-29e\/\" \/>\n<meta property=\"og:site_name\" content=\"Tirinha.com\" \/>\n<meta property=\"article:published_time\" content=\"2023-04-03T15:28:41+00:00\" \/>\n<meta property=\"og:image\" content=\"https:\/\/noticiasparamunicipios.com\/wp-content\/uploads\/2022\/03\/pexels-cottonbro-4253314-1-scaled.jpg\" \/>\n<meta name=\"author\" content=\"admin\" \/>\n<meta name=\"twitter:card\" content=\"summary_large_image\" \/>\n<meta name=\"twitter:image\" content=\"https:\/\/noticiasparamunicipios.com\/wp-content\/uploads\/2022\/03\/pexels-cottonbro-4253314-1-scaled.jpg\" \/>\n<meta name=\"twitter:label1\" content=\"\u57f7\u7b46\u8005\" \/>\n\t<meta name=\"twitter:data1\" content=\"admin\" \/>\n\t<meta name=\"twitter:label2\" content=\"\u63a8\u5b9a\u8aad\u307f\u53d6\u308a\u6642\u9593\" \/>\n\t<meta name=\"twitter:data2\" content=\"1\u5206\" \/>\n<script type=\"application\/ld+json\" class=\"yoast-schema-graph\">{\"@context\":\"https:\\\/\\\/schema.org\",\"@graph\":[{\"@type\":\"Article\",\"@id\":\"https:\\\/\\\/tirinha.com\\\/914\\\/torrejon-de-ardoz-menus-de-alta-cozinha-por-29e\\\/#article\",\"isPartOf\":{\"@id\":\"https:\\\/\\\/tirinha.com\\\/914\\\/torrejon-de-ardoz-menus-de-alta-cozinha-por-29e\\\/\"},\"author\":{\"name\":\"admin\",\"@id\":\"https:\\\/\\\/tirinha.com\\\/#\\\/schema\\\/person\\\/e22bdfbe17e0461f7e927e6a1208d4d9\"},\"headline\":\"TORREJ\u00d3N DE ARDOZ\\\/ Menus de alta cozinha por 29\u20ac\",\"datePublished\":\"2023-04-03T15:28:41+00:00\",\"mainEntityOfPage\":{\"@id\":\"https:\\\/\\\/tirinha.com\\\/914\\\/torrejon-de-ardoz-menus-de-alta-cozinha-por-29e\\\/\"},\"wordCount\":284,\"commentCount\":0,\"publisher\":{\"@id\":\"https:\\\/\\\/tirinha.com\\\/#organization\"},\"image\":{\"@id\":\"https:\\\/\\\/tirinha.com\\\/914\\\/torrejon-de-ardoz-menus-de-alta-cozinha-por-29e\\\/#primaryimage\"},\"thumbnailUrl\":\"https:\\\/\\\/noticiasparamunicipios.com\\\/wp-content\\\/uploads\\\/2022\\\/03\\\/pexels-cottonbro-4253314-1-scaled.jpg\",\"articleSection\":[\"Cultura e lazer\"],\"inLanguage\":\"ja\",\"potentialAction\":[{\"@type\":\"CommentAction\",\"name\":\"Comment\",\"target\":[\"https:\\\/\\\/tirinha.com\\\/914\\\/torrejon-de-ardoz-menus-de-alta-cozinha-por-29e\\\/#respond\"]}]},{\"@type\":\"WebPage\",\"@id\":\"https:\\\/\\\/tirinha.com\\\/914\\\/torrejon-de-ardoz-menus-de-alta-cozinha-por-29e\\\/\",\"url\":\"https:\\\/\\\/tirinha.com\\\/914\\\/torrejon-de-ardoz-menus-de-alta-cozinha-por-29e\\\/\",\"name\":\"TORREJ\u00d3N DE ARDOZ\\\/ Menus de alta cozinha por 29\u20ac - Tirinha.com\",\"isPartOf\":{\"@id\":\"https:\\\/\\\/tirinha.com\\\/#website\"},\"primaryImageOfPage\":{\"@id\":\"https:\\\/\\\/tirinha.com\\\/914\\\/torrejon-de-ardoz-menus-de-alta-cozinha-por-29e\\\/#primaryimage\"},\"image\":{\"@id\":\"https:\\\/\\\/tirinha.com\\\/914\\\/torrejon-de-ardoz-menus-de-alta-cozinha-por-29e\\\/#primaryimage\"},\"thumbnailUrl\":\"https:\\\/\\\/noticiasparamunicipios.com\\\/wp-content\\\/uploads\\\/2022\\\/03\\\/pexels-cottonbro-4253314-1-scaled.jpg\",\"datePublished\":\"2023-04-03T15:28:41+00:00\",\"breadcrumb\":{\"@id\":\"https:\\\/\\\/tirinha.com\\\/914\\\/torrejon-de-ardoz-menus-de-alta-cozinha-por-29e\\\/#breadcrumb\"},\"inLanguage\":\"ja\",\"potentialAction\":[{\"@type\":\"ReadAction\",\"target\":[\"https:\\\/\\\/tirinha.com\\\/914\\\/torrejon-de-ardoz-menus-de-alta-cozinha-por-29e\\\/\"]}]},{\"@type\":\"ImageObject\",\"inLanguage\":\"ja\",\"@id\":\"https:\\\/\\\/tirinha.com\\\/914\\\/torrejon-de-ardoz-menus-de-alta-cozinha-por-29e\\\/#primaryimage\",\"url\":\"https:\\\/\\\/noticiasparamunicipios.com\\\/wp-content\\\/uploads\\\/2022\\\/03\\\/pexels-cottonbro-4253314-1-scaled.jpg\",\"contentUrl\":\"https:\\\/\\\/noticiasparamunicipios.com\\\/wp-content\\\/uploads\\\/2022\\\/03\\\/pexels-cottonbro-4253314-1-scaled.jpg\"},{\"@type\":\"BreadcrumbList\",\"@id\":\"https:\\\/\\\/tirinha.com\\\/914\\\/torrejon-de-ardoz-menus-de-alta-cozinha-por-29e\\\/#breadcrumb\",\"itemListElement\":[{\"@type\":\"ListItem\",\"position\":1,\"name\":\"Home\",\"item\":\"https:\\\/\\\/tirinha.com\\\/\"},{\"@type\":\"ListItem\",\"position\":2,\"name\":\"TORREJ\u00d3N DE ARDOZ\\\/ Menus de alta cozinha por 29\u20ac\"}]},{\"@type\":\"WebSite\",\"@id\":\"https:\\\/\\\/tirinha.com\\\/#website\",\"url\":\"https:\\\/\\\/tirinha.com\\\/\",\"name\":\"Tirinha.com\",\"description\":\"Arte e livros resenhas\",\"publisher\":{\"@id\":\"https:\\\/\\\/tirinha.com\\\/#organization\"},\"potentialAction\":[{\"@type\":\"SearchAction\",\"target\":{\"@type\":\"EntryPoint\",\"urlTemplate\":\"https:\\\/\\\/tirinha.com\\\/?s={search_term_string}\"},\"query-input\":{\"@type\":\"PropertyValueSpecification\",\"valueRequired\":true,\"valueName\":\"search_term_string\"}}],\"inLanguage\":\"ja\"},{\"@type\":\"Organization\",\"@id\":\"https:\\\/\\\/tirinha.com\\\/#organization\",\"name\":\"Tirinha.com\",\"url\":\"https:\\\/\\\/tirinha.com\\\/\",\"logo\":{\"@type\":\"ImageObject\",\"inLanguage\":\"ja\",\"@id\":\"https:\\\/\\\/tirinha.com\\\/#\\\/schema\\\/logo\\\/image\\\/\",\"url\":\"https:\\\/\\\/tirinha.com\\\/wp-content\\\/uploads\\\/2023\\\/08\\\/cropped-Logo-Tirinha.webp\",\"contentUrl\":\"https:\\\/\\\/tirinha.com\\\/wp-content\\\/uploads\\\/2023\\\/08\\\/cropped-Logo-Tirinha.webp\",\"width\":512,\"height\":512,\"caption\":\"Tirinha.com\"},\"image\":{\"@id\":\"https:\\\/\\\/tirinha.com\\\/#\\\/schema\\\/logo\\\/image\\\/\"}},{\"@type\":\"Person\",\"@id\":\"https:\\\/\\\/tirinha.com\\\/#\\\/schema\\\/person\\\/e22bdfbe17e0461f7e927e6a1208d4d9\",\"name\":\"admin\",\"image\":{\"@type\":\"ImageObject\",\"inLanguage\":\"ja\",\"@id\":\"https:\\\/\\\/tirinha.com\\\/wp-content\\\/litespeed\\\/avatar\\\/d0068f7931cc87d7274eb0c3db1deb4b.jpg?ver=1776829466\",\"url\":\"https:\\\/\\\/tirinha.com\\\/wp-content\\\/litespeed\\\/avatar\\\/d0068f7931cc87d7274eb0c3db1deb4b.jpg?ver=1776829466\",\"contentUrl\":\"https:\\\/\\\/tirinha.com\\\/wp-content\\\/litespeed\\\/avatar\\\/d0068f7931cc87d7274eb0c3db1deb4b.jpg?ver=1776829466\",\"caption\":\"admin\"},\"sameAs\":[\"https:\\\/\\\/tirinha.com\"],\"url\":\"https:\\\/\\\/tirinha.com\\\/ja\\\/author\\\/admin\\\/\"}]}<\/script>\n<!-- \/ Yoast SEO plugin. -->","yoast_head_json":{"title":"TORREJ\u00d3N DE ARDOZ\/ 29 \u30e6\u30fc\u30ed\u306e\u9ad8\u7d1a\u6599\u7406\u30e1\u30cb\u30e5\u30fc - Tirinha.com","robots":{"index":"index","follow":"follow","max-snippet":"max-snippet:-1","max-image-preview":"max-image-preview:large","max-video-preview":"max-video-preview:-1"},"canonical":"https:\/\/tirinha.com\/ja\/914\/\u30c8\u30ec\u30db\u30f3-\u30c7-\u30a2\u30eb\u30c9\u30b9\u306e\u9ad8\u7d1a\u6599\u7406\u30e1\u30cb\u30e5\u30fc-29e\/","og_locale":"ja_JP","og_type":"article","og_title":"TORREJ\u00d3N DE ARDOZ\/ Menus de alta cozinha por 29\u20ac - Tirinha.com","og_description":"A Mostra Gastron\u00f3mica de Torrej\u00f3n de Ardoz, uma das mais importantes manifesta\u00e7\u00f5es gastron\u00f3micas da cidade, arranca esta sexta-feira e decorrer\u00e1 &hellip;","og_url":"https:\/\/tirinha.com\/ja\/914\/\u30c8\u30ec\u30db\u30f3-\u30c7-\u30a2\u30eb\u30c9\u30b9\u306e\u9ad8\u7d1a\u6599\u7406\u30e1\u30cb\u30e5\u30fc-29e\/","og_site_name":"Tirinha.com","article_published_time":"2023-04-03T15:28:41+00:00","og_image":[{"url":"https:\/\/noticiasparamunicipios.com\/wp-content\/uploads\/2022\/03\/pexels-cottonbro-4253314-1-scaled.jpg","type":"","width":"","height":""}],"author":"admin","twitter_card":"summary_large_image","twitter_image":"https:\/\/noticiasparamunicipios.com\/wp-content\/uploads\/2022\/03\/pexels-cottonbro-4253314-1-scaled.jpg","twitter_misc":{"\u57f7\u7b46\u8005":"admin","\u63a8\u5b9a\u8aad\u307f\u53d6\u308a\u6642\u9593":"1\u5206"},"schema":{"@context":"https:\/\/schema.org","@graph":[{"@type":"Article","@id":"https:\/\/tirinha.com\/914\/torrejon-de-ardoz-menus-de-alta-cozinha-por-29e\/#article","isPartOf":{"@id":"https:\/\/tirinha.com\/914\/torrejon-de-ardoz-menus-de-alta-cozinha-por-29e\/"},"author":{"name":"admin","@id":"https:\/\/tirinha.com\/#\/schema\/person\/e22bdfbe17e0461f7e927e6a1208d4d9"},"headline":"TORREJ\u00d3N DE ARDOZ\/ Menus de alta cozinha por 29\u20ac","datePublished":"2023-04-03T15:28:41+00:00","mainEntityOfPage":{"@id":"https:\/\/tirinha.com\/914\/torrejon-de-ardoz-menus-de-alta-cozinha-por-29e\/"},"wordCount":284,"commentCount":0,"publisher":{"@id":"https:\/\/tirinha.com\/#organization"},"image":{"@id":"https:\/\/tirinha.com\/914\/torrejon-de-ardoz-menus-de-alta-cozinha-por-29e\/#primaryimage"},"thumbnailUrl":"https:\/\/noticiasparamunicipios.com\/wp-content\/uploads\/2022\/03\/pexels-cottonbro-4253314-1-scaled.jpg","articleSection":["Cultura e lazer"],"inLanguage":"ja","potentialAction":[{"@type":"CommentAction","name":"Comment","target":["https:\/\/tirinha.com\/914\/torrejon-de-ardoz-menus-de-alta-cozinha-por-29e\/#respond"]}]},{"@type":"WebPage","@id":"https:\/\/tirinha.com\/914\/torrejon-de-ardoz-menus-de-alta-cozinha-por-29e\/","url":"https:\/\/tirinha.com\/914\/torrejon-de-ardoz-menus-de-alta-cozinha-por-29e\/","name":"TORREJ\u00d3N DE ARDOZ\/ 29 \u30e6\u30fc\u30ed\u306e\u9ad8\u7d1a\u6599\u7406\u30e1\u30cb\u30e5\u30fc - Tirinha.com","isPartOf":{"@id":"https:\/\/tirinha.com\/#website"},"primaryImageOfPage":{"@id":"https:\/\/tirinha.com\/914\/torrejon-de-ardoz-menus-de-alta-cozinha-por-29e\/#primaryimage"},"image":{"@id":"https:\/\/tirinha.com\/914\/torrejon-de-ardoz-menus-de-alta-cozinha-por-29e\/#primaryimage"},"thumbnailUrl":"https:\/\/noticiasparamunicipios.com\/wp-content\/uploads\/2022\/03\/pexels-cottonbro-4253314-1-scaled.jpg","datePublished":"2023-04-03T15:28:41+00:00","breadcrumb":{"@id":"https:\/\/tirinha.com\/914\/torrejon-de-ardoz-menus-de-alta-cozinha-por-29e\/#breadcrumb"},"inLanguage":"ja","potentialAction":[{"@type":"ReadAction","target":["https:\/\/tirinha.com\/914\/torrejon-de-ardoz-menus-de-alta-cozinha-por-29e\/"]}]},{"@type":"ImageObject","inLanguage":"ja","@id":"https:\/\/tirinha.com\/914\/torrejon-de-ardoz-menus-de-alta-cozinha-por-29e\/#primaryimage","url":"https:\/\/noticiasparamunicipios.com\/wp-content\/uploads\/2022\/03\/pexels-cottonbro-4253314-1-scaled.jpg","contentUrl":"https:\/\/noticiasparamunicipios.com\/wp-content\/uploads\/2022\/03\/pexels-cottonbro-4253314-1-scaled.jpg"},{"@type":"BreadcrumbList","@id":"https:\/\/tirinha.com\/914\/torrejon-de-ardoz-menus-de-alta-cozinha-por-29e\/#breadcrumb","itemListElement":[{"@type":"ListItem","position":1,"name":"Home","item":"https:\/\/tirinha.com\/"},{"@type":"ListItem","position":2,"name":"TORREJ\u00d3N DE ARDOZ\/ Menus de alta cozinha por 29\u20ac"}]},{"@type":"WebSite","@id":"https:\/\/tirinha.com\/#website","url":"https:\/\/tirinha.com\/","name":"\u30c6\u30a3\u30ea\u30fc\u30cb\u30e3","description":"\u82b8\u8853\u3068\u672c\u306e\u30ec\u30d3\u30e5\u30fc","publisher":{"@id":"https:\/\/tirinha.com\/#organization"},"potentialAction":[{"@type":"SearchAction","target":{"@type":"EntryPoint","urlTemplate":"https:\/\/tirinha.com\/?s={search_term_string}"},"query-input":{"@type":"PropertyValueSpecification","valueRequired":true,"valueName":"search_term_string"}}],"inLanguage":"ja"},{"@type":"Organization","@id":"https:\/\/tirinha.com\/#organization","name":"\u30c6\u30a3\u30ea\u30fc\u30cb\u30e3","url":"https:\/\/tirinha.com\/","logo":{"@type":"ImageObject","inLanguage":"ja","@id":"https:\/\/tirinha.com\/#\/schema\/logo\/image\/","url":"https:\/\/tirinha.com\/wp-content\/uploads\/2023\/08\/cropped-Logo-Tirinha.webp","contentUrl":"https:\/\/tirinha.com\/wp-content\/uploads\/2023\/08\/cropped-Logo-Tirinha.webp","width":512,"height":512,"caption":"Tirinha.com"},"image":{"@id":"https:\/\/tirinha.com\/#\/schema\/logo\/image\/"}},{"@type":"Person","@id":"https:\/\/tirinha.com\/#\/schema\/person\/e22bdfbe17e0461f7e927e6a1208d4d9","name":"\u7ba1\u7406\u8005","image":{"@type":"ImageObject","inLanguage":"ja","@id":"https:\/\/tirinha.com\/wp-content\/litespeed\/avatar\/d0068f7931cc87d7274eb0c3db1deb4b.jpg?ver=1776829466","url":"https:\/\/tirinha.com\/wp-content\/litespeed\/avatar\/d0068f7931cc87d7274eb0c3db1deb4b.jpg?ver=1776829466","contentUrl":"https:\/\/tirinha.com\/wp-content\/litespeed\/avatar\/d0068f7931cc87d7274eb0c3db1deb4b.jpg?ver=1776829466","caption":"admin"},"sameAs":["https:\/\/tirinha.com"],"url":"https:\/\/tirinha.com\/ja\/author\/admin\/"}]}},"_links":{"self":[{"href":"https:\/\/tirinha.com\/ja\/wp-json\/wp\/v2\/posts\/914","targetHints":{"allow":["GET"]}}],"collection":[{"href":"https:\/\/tirinha.com\/ja\/wp-json\/wp\/v2\/posts"}],"about":[{"href":"https:\/\/tirinha.com\/ja\/wp-json\/wp\/v2\/types\/post"}],"author":[{"embeddable":true,"href":"https:\/\/tirinha.com\/ja\/wp-json\/wp\/v2\/users\/1"}],"replies":[{"embeddable":true,"href":"https:\/\/tirinha.com\/ja\/wp-json\/wp\/v2\/comments?post=914"}],"version-history":[{"count":0,"href":"https:\/\/tirinha.com\/ja\/wp-json\/wp\/v2\/posts\/914\/revisions"}],"wp:featuredmedia":[{"embeddable":true,"href":"https:\/\/tirinha.com\/ja\/wp-json\/wp\/v2\/media\/915"}],"wp:attachment":[{"href":"https:\/\/tirinha.com\/ja\/wp-json\/wp\/v2\/media?parent=914"}],"wp:term":[{"taxonomy":"category","embeddable":true,"href":"https:\/\/tirinha.com\/ja\/wp-json\/wp\/v2\/categories?post=914"},{"taxonomy":"post_tag","embeddable":true,"href":"https:\/\/tirinha.com\/ja\/wp-json\/wp\/v2\/tags?post=914"}],"curies":[{"name":"wp","href":"https:\/\/api.w.org\/{rel}","templated":true}]}}