{"id":786,"date":"2023-03-03T16:41:44","date_gmt":"2023-03-03T16:41:44","guid":{"rendered":"https:\/\/tirinha.com\/e-assim-que-a-arte-refletia-um-seculo-atras\/"},"modified":"2023-03-03T16:41:44","modified_gmt":"2023-03-03T16:41:44","slug":"%e3%81%9d%e3%81%97%e3%81%a6%e3%80%81%e3%81%9d%e3%82%8c%e3%81%8c100%e5%b9%b4%e5%89%8d%e3%81%ae%e8%8a%b8%e8%a1%93%e3%81%ae%e5%a7%bf%e3%81%a0%e3%81%a3%e3%81%9f%e3%81%ae%e3%81%a7%e3%81%99%e3%80%82","status":"publish","type":"post","link":"https:\/\/tirinha.com\/ja\/786\/e-assim-que-a-arte-refletia-um-seculo-atras\/","title":{"rendered":"\u3053\u308c\u304c100\u5e74\u524d\u306e\u82b8\u8853\u306e\u59ff\u3060\u3063\u305f\u3002"},"content":{"rendered":"<p> [ad_1]<br \/>\n<\/p>\n<div id=\"article-body-content\" data-action=\"toggle\" data-status=\"on\">\n<p class=\"paragraph\" id=\"paragraph_1\">Nada mais terr\u00edvel do que as guerras: mortes, destrui\u00e7\u00e3o violenta, nega\u00e7\u00e3o profunda das diferen\u00e7as humanas como algo digno de respeito.  Diante disso, o horizonte do conhecimento e das artes sempre foi um dos maiores impulsos para a paz: a positividade da conviv\u00eancia e o reconhecimento da diversidade como algo positivo.<\/p>\n<p class=\"paragraph\" id=\"paragraph_2\"><em>No olho do furac\u00e3o<\/em>, t\u00edtulo desta exposi\u00e7\u00e3o, coloca-nos de imediato perante uma quest\u00e3o central: se estamos situados na Ucr\u00e2nia, \u00e9 sobre o que vivemos atualmente ou sobre a arte que ocorreu entre 1900 e 1930, como afirma a segunda parte da o t\u00edtulo?  Assim que come\u00e7amos o passeio, assimilamos que ontem e hoje a Ucr\u00e2nia esteve e est\u00e1 no olho de um furac\u00e3o desencadeado pela extrema viol\u00eancia da domina\u00e7\u00e3o militarista.<\/p>\n<p class=\"paragraph\" id=\"paragraph_3\">A exposi\u00e7\u00e3o leva-nos a um conjunto de obras das tr\u00eas primeiras d\u00e9cadas do s\u00e9culo XX, altura em que o <strong>vanguardas art\u00edsticas<\/strong>, um conjunto plural de movimentos que buscava mudar a arte e transformar a sociedade ao mesmo tempo.  Durante s\u00e9culos, a exist\u00eancia da Ucr\u00e2nia se desenrolou como um territ\u00f3rio dividido entre diferentes imp\u00e9rios e n\u00e3o se consolidou como na\u00e7\u00e3o at\u00e9 o final do s\u00e9culo XIX.<\/p>\n<p class=\"paragraph\" id=\"paragraph_4\"><em>[Las obras maestras de Ucrania llegan al Thyssen: sobrevivieron a Stalin y a los misiles de Putin]<\/em><\/p>\n<p class=\"paragraph\" id=\"paragraph_5\">E ent\u00e3o, na \u00e9poca da vanguarda, o que se viveu ali foi uma s\u00e9rie de furac\u00f5es ferozes: a eclos\u00e3o do <strong>Primeira Guerra Mundial<\/strong>a proclama\u00e7\u00e3o em junho de 1917 da <strong>Rep\u00fablica Popular da Ucr\u00e2nia<\/strong>que poucos meses depois, ap\u00f3s a revolu\u00e7\u00e3o bolchevique na R\u00fassia, deu origem a uma guerra de independ\u00eancia, cujo territ\u00f3rio acabaria por ser dividido em 1921 entre a R\u00fassia e a Pol\u00f3nia, e em 1922 a Ucr\u00e2nia acabaria por fazer parte do <strong>Uni\u00e3o Sovi\u00e9tica<\/strong> sob o regime stalinista.<\/p>\n<p class=\"paragraph\" id=\"paragraph_6\">Se a Ucr\u00e2nia agora vive no centro de um furac\u00e3o destrutivo profundo, dados hist\u00f3ricos nos dizem que <strong>Eu tinha experimentado uma situa\u00e7\u00e3o t\u00e3o terr\u00edvel antes<\/strong> como o atual.  E \u00e9 a\u00ed que devemos colocar a nossa aten\u00e7\u00e3o perante esta excelente exposi\u00e7\u00e3o que nos remete para a arte como registo e testemunho do que se viveu na Ucr\u00e2nia nas tr\u00eas primeiras d\u00e9cadas do s\u00e9culo XX.  Isto permite-nos viajar no tempo atrav\u00e9s da arte, e visitar aquela Ucr\u00e2nia que hoje ressoa incessantemente na nossa sensibilidade, mas sobre a qual, em geral, desconhecemos.<\/p>\n<blockquote class=\"content__blockquote\">\n<div class=\"blockquote-box\">\n<p class=\"blockquote__quote\">Um dos objetivos \u00e9 recuperar a especificidade ucraniana, n\u00e3o pelo filtro russo<\/p>\n<\/div>\n<\/blockquote>\n<p class=\"paragraph\" id=\"paragraph_7\">Estruturado em um tour com <strong>sete se\u00e7\u00f5es ordenadas cronologicamente<\/strong>, a mostra re\u00fane 69 obras, entre pinturas e trabalhos sobre papel ou papel\u00e3o (nesses casos, desenhos, aquarelas e colagens).  Al\u00e9m de algumas pe\u00e7as do Museu Thyssen, a maioria das obras vem do <strong>Museu Nacional de Arte da Ucr\u00e2nia<\/strong> e do <strong>Museu do Teatro, M\u00fasica e Cinema da Ucr\u00e2nia<\/strong>, ambos baseados em Kyiv.  Naquela \u00e9poca, as atividades art\u00edsticas aconteciam nas cidades ucranianas mais populosas: Kiev, Kharkiv e tamb\u00e9m Odesa.<\/p>\n<p class=\"paragraph\" id=\"paragraph_8\">H\u00e1 um aspecto significativo a observar aqui: os curadores da mostra usam diferentes transcri\u00e7\u00f5es, mais precisamente ucranianas, ao que parece, desses dois primeiros nomes: Kiev e Kharkiv, que s\u00e3o os que encontramos ao longo do caminho.  E isso est\u00e1 relacionado com um dos objetivos da exposi\u00e7\u00e3o: <strong>a vontade de recuperar a especificidade ucraniana<\/strong>n\u00e3o atrav\u00e9s do filtro russo.<\/p>\n<div class=\"article-media \" itemscope=\"\" itemtype=\"http:\/\/schema.org\/ImageObject\">\n<p><img loading=\"lazy\" decoding=\"async\" alt=\"Ivan Padalka: 'Fot\u00f3grafo', 1927\" data-imgm=\"true\" height=\"180\" loading=\"lazy\" sizes=\"auto, (max-width: 479px) 100vw, (max-width: 1023px) 80vw, 40vw\" src=\"https:\/\/s1.eestatic.com\/2022\/11\/30\/actualidad\/722437935_229130379_1024x576.jpg\" srcset=\"https:\/\/s1.eestatic.com\/2022\/11\/30\/actualidad\/722437935_229130411_320x180.jpg 320w, https:\/\/s1.eestatic.com\/2022\/11\/30\/actualidad\/722437935_229130410_640x360.jpg 640w, https:\/\/s1.eestatic.com\/2022\/11\/30\/actualidad\/722437935_229130409_864x486.jpg 864w, https:\/\/s1.eestatic.com\/2022\/11\/30\/actualidad\/722437935_229130408_1024x576.jpg 1024w, https:\/\/s1.eestatic.com\/2022\/11\/30\/actualidad\/722437935_229130407_1706x960.jpg 1706w\" width=\"320\"\/><\/p>\n<div class=\"article-media__caption\">\n<p>\n                    <span class=\"article-media__caption-description\"><\/p>\n<p>                                    Ivan Padalka: &#8216;Fot\u00f3grafo&#8217;, 1927<br \/>\n                            <\/span><\/p>\n<\/div><\/div>\n<p class=\"paragraph\" id=\"paragraph_9\">Essa ideia de recupera\u00e7\u00e3o \u00e9 compreendida a fundo com os nomes dos artistas, geralmente muito pouco conhecidos no ocidente.  Estamos olhando para as obras daqueles que s\u00e3o considerados &#8220;mestres&#8221; da vanguarda art\u00edstica ucraniana: <strong>Oleksandr Bohomazov<\/strong>, <strong>Vasyl Yermilov<\/strong>, <strong>Victor Palmov<\/strong>, <strong>Anatol Petrytskyi<\/strong>, <strong>davyd burlyuk<\/strong> e <strong>Mykhailo Boichuk<\/strong>.  Claro, eles s\u00e3o muito conhecidos. <strong>Kazymyr Malevych<\/strong> e El Lissitzky, russos que trabalharam na Ucr\u00e2nia e dos quais s\u00e3o apresentadas duas pequenas pe\u00e7as.  E tamb\u00e9m est\u00e3o presentes duas artistas mulheres, Sonia Delaunay e <strong>Alexandra Exterior<\/strong>nascido na Ucr\u00e2nia mas que desenvolveu a sua carreira no estrangeiro.<\/p>\n<p class=\"paragraph\" id=\"paragraph_10\">As obras transmitem-nos uma mistura muito intensa de linhas e tem\u00e1ticas art\u00edsticas, estas muito determinadas pelas situa\u00e7\u00f5es pol\u00edticas que se viviam.  Diante de nossos olhos, ecos do Expressionismo, Futurismo, Cubismo, Construtivismo e finalmente Realismo.  Tudo isso, com uma for\u00e7a intensa nas pinturas e desenhos para o teatro: vestidos, coreografias, cortinas&#8230; Em suma, a exposi\u00e7\u00e3o \u00e9 <strong>um excelente argumento sobre a vitalidade da arte<\/strong>.  Um exemplo intenso de como a arte transmite e exige a vida mesmo em situa\u00e7\u00f5es dif\u00edceis.<\/p>\n<h3 class=\"content__summary-title\">Guerra R\u00fassia-Ucr\u00e2nia<\/h3>\n<h3 class=\"follow-topics-title\"><span class=\"follow-topics-title__icon\"\/>Siga os t\u00f3picos que lhe interessam<\/h3>\n<\/p><\/div>\n","protected":false},"excerpt":{"rendered":"<p>[ad_1] Nada mais terr\u00edvel do que as guerras: mortes, destrui\u00e7\u00e3o violenta, nega\u00e7\u00e3o profunda das diferen\u00e7as humanas como algo digno de &hellip; <\/p>\n","protected":false},"author":1,"featured_media":787,"comment_status":"open","ping_status":"open","sticky":false,"template":"","format":"standard","meta":{"fifu_image_url":"https:\/\/s1.eestatic.com\/2022\/11\/30\/el-cultural\/arte\/722437926_229288915_600x315.jpg","fifu_image_alt":"","footnotes":""},"categories":[34],"tags":[],"class_list":["post-786","post","type-post","status-publish","format-standard","has-post-thumbnail","hentry","category-arte","latest_post"],"yoast_head":"<!-- This site is optimized with the Yoast SEO plugin v27.3 - https:\/\/yoast.com\/product\/yoast-seo-wordpress\/ -->\n<title>\u00c9 assim que a arte refletia um s\u00e9culo atr\u00e1s - Tirinha.com<\/title>\n<meta name=\"robots\" content=\"index, follow, max-snippet:-1, max-image-preview:large, max-video-preview:-1\" \/>\n<link rel=\"canonical\" href=\"https:\/\/tirinha.com\/ja\/786\/\u305d\u3057\u3066\u3001\u305d\u308c\u304c100\u5e74\u524d\u306e\u82b8\u8853\u306e\u59ff\u3060\u3063\u305f\u306e\u3067\u3059\u3002\/\" \/>\n<meta property=\"og:locale\" content=\"ja_JP\" \/>\n<meta property=\"og:type\" content=\"article\" \/>\n<meta property=\"og:title\" content=\"\u00c9 assim que a arte refletia um s\u00e9culo atr\u00e1s - Tirinha.com\" \/>\n<meta property=\"og:description\" content=\"[ad_1] Nada mais terr\u00edvel do que as guerras: mortes, destrui\u00e7\u00e3o violenta, nega\u00e7\u00e3o profunda das diferen\u00e7as humanas como algo digno de &hellip;\" \/>\n<meta property=\"og:url\" content=\"https:\/\/tirinha.com\/ja\/786\/\u305d\u3057\u3066\u3001\u305d\u308c\u304c100\u5e74\u524d\u306e\u82b8\u8853\u306e\u59ff\u3060\u3063\u305f\u306e\u3067\u3059\u3002\/\" \/>\n<meta property=\"og:site_name\" content=\"Tirinha.com\" \/>\n<meta property=\"article:published_time\" content=\"2023-03-03T16:41:44+00:00\" \/>\n<meta property=\"og:image\" content=\"https:\/\/s1.eestatic.com\/2022\/11\/30\/el-cultural\/arte\/722437926_229288915_600x315.jpg\" \/>\n<meta name=\"author\" content=\"admin\" \/>\n<meta name=\"twitter:card\" content=\"summary_large_image\" \/>\n<meta name=\"twitter:image\" content=\"https:\/\/s1.eestatic.com\/2022\/11\/30\/el-cultural\/arte\/722437926_229288915_600x315.jpg\" \/>\n<meta name=\"twitter:label1\" content=\"\u57f7\u7b46\u8005\" \/>\n\t<meta name=\"twitter:data1\" content=\"admin\" \/>\n\t<meta name=\"twitter:label2\" content=\"\u63a8\u5b9a\u8aad\u307f\u53d6\u308a\u6642\u9593\" \/>\n\t<meta name=\"twitter:data2\" content=\"4\u5206\" \/>\n<script type=\"application\/ld+json\" class=\"yoast-schema-graph\">{\"@context\":\"https:\\\/\\\/schema.org\",\"@graph\":[{\"@type\":\"Article\",\"@id\":\"https:\\\/\\\/tirinha.com\\\/786\\\/e-assim-que-a-arte-refletia-um-seculo-atras\\\/#article\",\"isPartOf\":{\"@id\":\"https:\\\/\\\/tirinha.com\\\/786\\\/e-assim-que-a-arte-refletia-um-seculo-atras\\\/\"},\"author\":{\"name\":\"admin\",\"@id\":\"https:\\\/\\\/tirinha.com\\\/#\\\/schema\\\/person\\\/e22bdfbe17e0461f7e927e6a1208d4d9\"},\"headline\":\"\u00c9 assim que a arte refletia um s\u00e9culo atr\u00e1s\",\"datePublished\":\"2023-03-03T16:41:44+00:00\",\"mainEntityOfPage\":{\"@id\":\"https:\\\/\\\/tirinha.com\\\/786\\\/e-assim-que-a-arte-refletia-um-seculo-atras\\\/\"},\"wordCount\":796,\"commentCount\":0,\"publisher\":{\"@id\":\"https:\\\/\\\/tirinha.com\\\/#organization\"},\"image\":{\"@id\":\"https:\\\/\\\/tirinha.com\\\/786\\\/e-assim-que-a-arte-refletia-um-seculo-atras\\\/#primaryimage\"},\"thumbnailUrl\":\"https:\\\/\\\/s1.eestatic.com\\\/2022\\\/11\\\/30\\\/el-cultural\\\/arte\\\/722437926_229288915_600x315.jpg\",\"articleSection\":[\"Arte\"],\"inLanguage\":\"ja\",\"potentialAction\":[{\"@type\":\"CommentAction\",\"name\":\"Comment\",\"target\":[\"https:\\\/\\\/tirinha.com\\\/786\\\/e-assim-que-a-arte-refletia-um-seculo-atras\\\/#respond\"]}]},{\"@type\":\"WebPage\",\"@id\":\"https:\\\/\\\/tirinha.com\\\/786\\\/e-assim-que-a-arte-refletia-um-seculo-atras\\\/\",\"url\":\"https:\\\/\\\/tirinha.com\\\/786\\\/e-assim-que-a-arte-refletia-um-seculo-atras\\\/\",\"name\":\"\u00c9 assim que a arte refletia um s\u00e9culo atr\u00e1s - Tirinha.com\",\"isPartOf\":{\"@id\":\"https:\\\/\\\/tirinha.com\\\/#website\"},\"primaryImageOfPage\":{\"@id\":\"https:\\\/\\\/tirinha.com\\\/786\\\/e-assim-que-a-arte-refletia-um-seculo-atras\\\/#primaryimage\"},\"image\":{\"@id\":\"https:\\\/\\\/tirinha.com\\\/786\\\/e-assim-que-a-arte-refletia-um-seculo-atras\\\/#primaryimage\"},\"thumbnailUrl\":\"https:\\\/\\\/s1.eestatic.com\\\/2022\\\/11\\\/30\\\/el-cultural\\\/arte\\\/722437926_229288915_600x315.jpg\",\"datePublished\":\"2023-03-03T16:41:44+00:00\",\"breadcrumb\":{\"@id\":\"https:\\\/\\\/tirinha.com\\\/786\\\/e-assim-que-a-arte-refletia-um-seculo-atras\\\/#breadcrumb\"},\"inLanguage\":\"ja\",\"potentialAction\":[{\"@type\":\"ReadAction\",\"target\":[\"https:\\\/\\\/tirinha.com\\\/786\\\/e-assim-que-a-arte-refletia-um-seculo-atras\\\/\"]}]},{\"@type\":\"ImageObject\",\"inLanguage\":\"ja\",\"@id\":\"https:\\\/\\\/tirinha.com\\\/786\\\/e-assim-que-a-arte-refletia-um-seculo-atras\\\/#primaryimage\",\"url\":\"https:\\\/\\\/s1.eestatic.com\\\/2022\\\/11\\\/30\\\/el-cultural\\\/arte\\\/722437926_229288915_600x315.jpg\",\"contentUrl\":\"https:\\\/\\\/s1.eestatic.com\\\/2022\\\/11\\\/30\\\/el-cultural\\\/arte\\\/722437926_229288915_600x315.jpg\"},{\"@type\":\"BreadcrumbList\",\"@id\":\"https:\\\/\\\/tirinha.com\\\/786\\\/e-assim-que-a-arte-refletia-um-seculo-atras\\\/#breadcrumb\",\"itemListElement\":[{\"@type\":\"ListItem\",\"position\":1,\"name\":\"Home\",\"item\":\"https:\\\/\\\/tirinha.com\\\/\"},{\"@type\":\"ListItem\",\"position\":2,\"name\":\"\u00c9 assim que a arte refletia um s\u00e9culo atr\u00e1s\"}]},{\"@type\":\"WebSite\",\"@id\":\"https:\\\/\\\/tirinha.com\\\/#website\",\"url\":\"https:\\\/\\\/tirinha.com\\\/\",\"name\":\"Tirinha.com\",\"description\":\"Arte e livros resenhas\",\"publisher\":{\"@id\":\"https:\\\/\\\/tirinha.com\\\/#organization\"},\"potentialAction\":[{\"@type\":\"SearchAction\",\"target\":{\"@type\":\"EntryPoint\",\"urlTemplate\":\"https:\\\/\\\/tirinha.com\\\/?s={search_term_string}\"},\"query-input\":{\"@type\":\"PropertyValueSpecification\",\"valueRequired\":true,\"valueName\":\"search_term_string\"}}],\"inLanguage\":\"ja\"},{\"@type\":\"Organization\",\"@id\":\"https:\\\/\\\/tirinha.com\\\/#organization\",\"name\":\"Tirinha.com\",\"url\":\"https:\\\/\\\/tirinha.com\\\/\",\"logo\":{\"@type\":\"ImageObject\",\"inLanguage\":\"ja\",\"@id\":\"https:\\\/\\\/tirinha.com\\\/#\\\/schema\\\/logo\\\/image\\\/\",\"url\":\"https:\\\/\\\/tirinha.com\\\/wp-content\\\/uploads\\\/2023\\\/08\\\/cropped-Logo-Tirinha.webp\",\"contentUrl\":\"https:\\\/\\\/tirinha.com\\\/wp-content\\\/uploads\\\/2023\\\/08\\\/cropped-Logo-Tirinha.webp\",\"width\":512,\"height\":512,\"caption\":\"Tirinha.com\"},\"image\":{\"@id\":\"https:\\\/\\\/tirinha.com\\\/#\\\/schema\\\/logo\\\/image\\\/\"}},{\"@type\":\"Person\",\"@id\":\"https:\\\/\\\/tirinha.com\\\/#\\\/schema\\\/person\\\/e22bdfbe17e0461f7e927e6a1208d4d9\",\"name\":\"admin\",\"image\":{\"@type\":\"ImageObject\",\"inLanguage\":\"ja\",\"@id\":\"https:\\\/\\\/tirinha.com\\\/wp-content\\\/litespeed\\\/avatar\\\/d0068f7931cc87d7274eb0c3db1deb4b.jpg?ver=1776829466\",\"url\":\"https:\\\/\\\/tirinha.com\\\/wp-content\\\/litespeed\\\/avatar\\\/d0068f7931cc87d7274eb0c3db1deb4b.jpg?ver=1776829466\",\"contentUrl\":\"https:\\\/\\\/tirinha.com\\\/wp-content\\\/litespeed\\\/avatar\\\/d0068f7931cc87d7274eb0c3db1deb4b.jpg?ver=1776829466\",\"caption\":\"admin\"},\"sameAs\":[\"https:\\\/\\\/tirinha.com\"],\"url\":\"https:\\\/\\\/tirinha.com\\\/ja\\\/author\\\/admin\\\/\"}]}<\/script>\n<!-- \/ Yoast SEO plugin. -->","yoast_head_json":{"title":"\u3053\u308c\u304c100\u5e74\u524d\u306e\u82b8\u8853\u306e\u59ff\u3067\u3059 - Tirinha.com","robots":{"index":"index","follow":"follow","max-snippet":"max-snippet:-1","max-image-preview":"max-image-preview:large","max-video-preview":"max-video-preview:-1"},"canonical":"https:\/\/tirinha.com\/ja\/786\/\u305d\u3057\u3066\u3001\u305d\u308c\u304c100\u5e74\u524d\u306e\u82b8\u8853\u306e\u59ff\u3060\u3063\u305f\u306e\u3067\u3059\u3002\/","og_locale":"ja_JP","og_type":"article","og_title":"\u00c9 assim que a arte refletia um s\u00e9culo atr\u00e1s - Tirinha.com","og_description":"[ad_1] Nada mais terr\u00edvel do que as guerras: mortes, destrui\u00e7\u00e3o violenta, nega\u00e7\u00e3o profunda das diferen\u00e7as humanas como algo digno de &hellip;","og_url":"https:\/\/tirinha.com\/ja\/786\/\u305d\u3057\u3066\u3001\u305d\u308c\u304c100\u5e74\u524d\u306e\u82b8\u8853\u306e\u59ff\u3060\u3063\u305f\u306e\u3067\u3059\u3002\/","og_site_name":"Tirinha.com","article_published_time":"2023-03-03T16:41:44+00:00","og_image":[{"url":"https:\/\/s1.eestatic.com\/2022\/11\/30\/el-cultural\/arte\/722437926_229288915_600x315.jpg","type":"","width":"","height":""}],"author":"admin","twitter_card":"summary_large_image","twitter_image":"https:\/\/s1.eestatic.com\/2022\/11\/30\/el-cultural\/arte\/722437926_229288915_600x315.jpg","twitter_misc":{"\u57f7\u7b46\u8005":"admin","\u63a8\u5b9a\u8aad\u307f\u53d6\u308a\u6642\u9593":"4\u5206"},"schema":{"@context":"https:\/\/schema.org","@graph":[{"@type":"Article","@id":"https:\/\/tirinha.com\/786\/e-assim-que-a-arte-refletia-um-seculo-atras\/#article","isPartOf":{"@id":"https:\/\/tirinha.com\/786\/e-assim-que-a-arte-refletia-um-seculo-atras\/"},"author":{"name":"admin","@id":"https:\/\/tirinha.com\/#\/schema\/person\/e22bdfbe17e0461f7e927e6a1208d4d9"},"headline":"\u00c9 assim que a arte refletia um s\u00e9culo atr\u00e1s","datePublished":"2023-03-03T16:41:44+00:00","mainEntityOfPage":{"@id":"https:\/\/tirinha.com\/786\/e-assim-que-a-arte-refletia-um-seculo-atras\/"},"wordCount":796,"commentCount":0,"publisher":{"@id":"https:\/\/tirinha.com\/#organization"},"image":{"@id":"https:\/\/tirinha.com\/786\/e-assim-que-a-arte-refletia-um-seculo-atras\/#primaryimage"},"thumbnailUrl":"https:\/\/s1.eestatic.com\/2022\/11\/30\/el-cultural\/arte\/722437926_229288915_600x315.jpg","articleSection":["Arte"],"inLanguage":"ja","potentialAction":[{"@type":"CommentAction","name":"Comment","target":["https:\/\/tirinha.com\/786\/e-assim-que-a-arte-refletia-um-seculo-atras\/#respond"]}]},{"@type":"WebPage","@id":"https:\/\/tirinha.com\/786\/e-assim-que-a-arte-refletia-um-seculo-atras\/","url":"https:\/\/tirinha.com\/786\/e-assim-que-a-arte-refletia-um-seculo-atras\/","name":"\u3053\u308c\u304c100\u5e74\u524d\u306e\u82b8\u8853\u306e\u59ff\u3067\u3059 - Tirinha.com","isPartOf":{"@id":"https:\/\/tirinha.com\/#website"},"primaryImageOfPage":{"@id":"https:\/\/tirinha.com\/786\/e-assim-que-a-arte-refletia-um-seculo-atras\/#primaryimage"},"image":{"@id":"https:\/\/tirinha.com\/786\/e-assim-que-a-arte-refletia-um-seculo-atras\/#primaryimage"},"thumbnailUrl":"https:\/\/s1.eestatic.com\/2022\/11\/30\/el-cultural\/arte\/722437926_229288915_600x315.jpg","datePublished":"2023-03-03T16:41:44+00:00","breadcrumb":{"@id":"https:\/\/tirinha.com\/786\/e-assim-que-a-arte-refletia-um-seculo-atras\/#breadcrumb"},"inLanguage":"ja","potentialAction":[{"@type":"ReadAction","target":["https:\/\/tirinha.com\/786\/e-assim-que-a-arte-refletia-um-seculo-atras\/"]}]},{"@type":"ImageObject","inLanguage":"ja","@id":"https:\/\/tirinha.com\/786\/e-assim-que-a-arte-refletia-um-seculo-atras\/#primaryimage","url":"https:\/\/s1.eestatic.com\/2022\/11\/30\/el-cultural\/arte\/722437926_229288915_600x315.jpg","contentUrl":"https:\/\/s1.eestatic.com\/2022\/11\/30\/el-cultural\/arte\/722437926_229288915_600x315.jpg"},{"@type":"BreadcrumbList","@id":"https:\/\/tirinha.com\/786\/e-assim-que-a-arte-refletia-um-seculo-atras\/#breadcrumb","itemListElement":[{"@type":"ListItem","position":1,"name":"Home","item":"https:\/\/tirinha.com\/"},{"@type":"ListItem","position":2,"name":"\u00c9 assim que a arte refletia um s\u00e9culo atr\u00e1s"}]},{"@type":"WebSite","@id":"https:\/\/tirinha.com\/#website","url":"https:\/\/tirinha.com\/","name":"\u30c6\u30a3\u30ea\u30fc\u30cb\u30e3","description":"\u82b8\u8853\u3068\u672c\u306e\u30ec\u30d3\u30e5\u30fc","publisher":{"@id":"https:\/\/tirinha.com\/#organization"},"potentialAction":[{"@type":"SearchAction","target":{"@type":"EntryPoint","urlTemplate":"https:\/\/tirinha.com\/?s={search_term_string}"},"query-input":{"@type":"PropertyValueSpecification","valueRequired":true,"valueName":"search_term_string"}}],"inLanguage":"ja"},{"@type":"Organization","@id":"https:\/\/tirinha.com\/#organization","name":"\u30c6\u30a3\u30ea\u30fc\u30cb\u30e3","url":"https:\/\/tirinha.com\/","logo":{"@type":"ImageObject","inLanguage":"ja","@id":"https:\/\/tirinha.com\/#\/schema\/logo\/image\/","url":"https:\/\/tirinha.com\/wp-content\/uploads\/2023\/08\/cropped-Logo-Tirinha.webp","contentUrl":"https:\/\/tirinha.com\/wp-content\/uploads\/2023\/08\/cropped-Logo-Tirinha.webp","width":512,"height":512,"caption":"Tirinha.com"},"image":{"@id":"https:\/\/tirinha.com\/#\/schema\/logo\/image\/"}},{"@type":"Person","@id":"https:\/\/tirinha.com\/#\/schema\/person\/e22bdfbe17e0461f7e927e6a1208d4d9","name":"\u7ba1\u7406\u8005","image":{"@type":"ImageObject","inLanguage":"ja","@id":"https:\/\/tirinha.com\/wp-content\/litespeed\/avatar\/d0068f7931cc87d7274eb0c3db1deb4b.jpg?ver=1776829466","url":"https:\/\/tirinha.com\/wp-content\/litespeed\/avatar\/d0068f7931cc87d7274eb0c3db1deb4b.jpg?ver=1776829466","contentUrl":"https:\/\/tirinha.com\/wp-content\/litespeed\/avatar\/d0068f7931cc87d7274eb0c3db1deb4b.jpg?ver=1776829466","caption":"admin"},"sameAs":["https:\/\/tirinha.com"],"url":"https:\/\/tirinha.com\/ja\/author\/admin\/"}]}},"_links":{"self":[{"href":"https:\/\/tirinha.com\/ja\/wp-json\/wp\/v2\/posts\/786","targetHints":{"allow":["GET"]}}],"collection":[{"href":"https:\/\/tirinha.com\/ja\/wp-json\/wp\/v2\/posts"}],"about":[{"href":"https:\/\/tirinha.com\/ja\/wp-json\/wp\/v2\/types\/post"}],"author":[{"embeddable":true,"href":"https:\/\/tirinha.com\/ja\/wp-json\/wp\/v2\/users\/1"}],"replies":[{"embeddable":true,"href":"https:\/\/tirinha.com\/ja\/wp-json\/wp\/v2\/comments?post=786"}],"version-history":[{"count":0,"href":"https:\/\/tirinha.com\/ja\/wp-json\/wp\/v2\/posts\/786\/revisions"}],"wp:featuredmedia":[{"embeddable":true,"href":"https:\/\/tirinha.com\/ja\/wp-json\/wp\/v2\/media\/787"}],"wp:attachment":[{"href":"https:\/\/tirinha.com\/ja\/wp-json\/wp\/v2\/media?parent=786"}],"wp:term":[{"taxonomy":"category","embeddable":true,"href":"https:\/\/tirinha.com\/ja\/wp-json\/wp\/v2\/categories?post=786"},{"taxonomy":"post_tag","embeddable":true,"href":"https:\/\/tirinha.com\/ja\/wp-json\/wp\/v2\/tags?post=786"}],"curies":[{"name":"wp","href":"https:\/\/api.w.org\/{rel}","templated":true}]}}