{"id":1130,"date":"2023-04-12T17:17:33","date_gmt":"2023-04-12T17:17:33","guid":{"rendered":"https:\/\/tirinha.com\/el-silencio-com-aron-piper-e-manu-rios-na-netflix-em-19-de-maio\/"},"modified":"2023-04-12T17:17:33","modified_gmt":"2023-04-12T17:17:33","slug":"%e3%82%a2%e3%83%bc%e3%83%ad%e3%83%b3%e3%83%bb%e3%83%91%e3%82%a4%e3%83%91%e3%83%bc%e3%81%a8%e3%83%9e%e3%83%8c%e3%83%bb%e3%83%aa%e3%82%aa%e3%82%b9%e3%81%8c%e5%87%ba%e6%bc%94%e3%81%99%e3%82%8b%e6%98%a0","status":"publish","type":"post","link":"https:\/\/tirinha.com\/ja\/1130\/el-silencio-com-aron-piper-e-manu-rios-na-netflix-em-19-de-maio\/","title":{"rendered":"\u2018\u30a2\u30ed\u30f3\u30fb\u30d1\u30a4\u30d1\u30fc\u3068\u30de\u30cc\u30fb\u30ea\u30aa\u30b9\u4e3b\u6f14\u306e\u300e\u30a8\u30eb\u30fb\u30b7\u30ec\u30f3\u30b7\u30aa\u300f\u304c5\u670819\u65e5\u306bNetflix\u3067\u914d\u4fe1\u3055\u308c\u308b\u3002"},"content":{"rendered":"<p><\/p>\n<div data-td-block-uid=\"tdi_70\">\n<div class=\"tdb-block-inner td-fix-index\">\n<h2>\u30a2\u30a4\u30c8\u30fc\u30eb\u30fb\u30ac\u30d3\u30ed\u30f3\u30c9\u304c\u5236\u4f5c\u3057\u3001\u30a8\u30ea\u30fc\u30c8\u4ff3\u512a\u30a2\u30ed\u30f3\u30fb\u30d1\u30a4\u30d1\u30fc\u3068\u30de\u30cc\u30fb\u30ea\u30aa\u30b9\u304c\u51fa\u6f14\u3059\u308b\u30df\u30cb\u30b7\u30ea\u30fc\u30ba\u3002<\/h2>\n<p><strong>Netflix\u306f\u672c\u65e5\u3001\u516c\u5f0f\u4e88\u544a\u7de8\u3068\u30dd\u30b9\u30bf\u30fc\u3092\u516c\u958b\u3057\u307e\u3057\u305f\u3002 <em>\u6c88\u9ed9<\/em>\u30a2\u30a4\u30c8\u30fc\u30eb\u30fb\u30ac\u30d3\u30ed\u30f3\u30c9\u304c\u88fd\u4f5c\u3057\u3001\u30a2\u30ed\u30f3\u30fb\u30d1\u30a4\u30d1\u30fc\u304c\u4e3b\u6f14\u3092\u52d9\u3081\u308b\u3001\u885d\u6483\u7684\u306a\u5fc3\u7406\u30b9\u30ea\u30e9\u30fc\u304c\u30015\u670819\u65e5\u306bNetflix\u3067\u5168\u4e16\u754c\u72ec\u5360\u914d\u4fe1\u3055\u308c\u308b\u3002.<\/strong><\/p>\n<p>\u8a00\u8449\u3067\u8a00\u3048\u3070 <strong>\u30a2\u30a4\u30c8\u30fc\u30eb\u30fb\u30ac\u30d3\u30ed\u30f3\u30c9<\/strong>, \u30df\u30cb\u30b7\u30ea\u30fc\u30ba\u306e\u30af\u30ea\u30a8\u30a4\u30bf\u30fc\u517c\u30d7\u30ed\u30c7\u30e5\u30fc\u30b5\u30fc\u306f\u3053\u3046\u8a9e\u308b\u3002\u300c\u30bb\u30eb\u30d2\u30aa\u30fb\u30b7\u30b9\u30ab\u30eb\uff08\u30a2\u30ed\u30f3\u30fb\u30d1\u30a4\u30d1\u30fc\uff09\u306f\u3001\u8a00\u8449\u3092\u767a\u3059\u308b\u3053\u3068\u306a\u304f\u3001\u307e\u305f\u635c\u67fb\u5b98\u305f\u3061\u304c\u81ea\u5206\u3092\u76e3\u8996\u3057\u3066\u3044\u308b\u3053\u3068\u306b\u3082\u6c17\u3065\u304b\u305a\u306b\u3001\u5f7c\u3089\u3092\u5727\u5012\u3059\u308b\u3002\u5f7c\u306e\u4ed5\u8349\u306e\u4e00\u3064\u4e00\u3064\u3092\u89e3\u8aad\u3057\u3088\u3046\u3068\u3059\u308b\u635c\u67fb\u5b98\u305f\u3061\u306f\u3001\u7d50\u5c40\u81ea\u5206\u305f\u3061\u306e\u7f60\u306b\u306f\u307e\u308a\u3001\u898b\u305f\u3044\u3082\u306e\u3060\u3051\u3092\u898b\u3066\u3057\u307e\u3046\u306e\u3060\u3002\u300d. <strong>\u3067\u306f\u3001\u7372\u7269\u306f\u8ab0\u306a\u306e\u304b\uff1f<\/strong> \u753b\u9762\u306b\u6620\u3063\u3066\u3044\u308b\u4eba\u7269\u304b\u3001\u305d\u308c\u3068\u3082\u898b\u3066\u3044\u308b\u4eba\u7269\u304b\uff1f<\/p>\n<p><span class=\"embed-youtube\" style=\"text-align:center; display: block;\"><iframe title=\"\u6c88\u9ed9 (EN ESPA\u00d1OL) |\u516c\u5f0f\u30c8\u30ec\u30fc\u30e9\u30fc | Netflix\" width=\"790\" height=\"444\" src=\"https:\/\/www.youtube.com\/embed\/QlnQ5O69_LA?feature=oembed\" frameborder=\"0\" allow=\"accelerometer; autoplay; clipboard-write; encrypted-media; gyroscope; picture-in-picture; web-share\" allowfullscreen><\/iframe><\/span><\/p>\n<p><em><strong>\u6c88\u9ed9<\/strong><\/em>  \u7269\u8a9e\u3092\u8a9e\u308b <strong>\u30bb\u30eb\u30b8\u30aa\u30fb\u30b7\u30b9\u30ab\u30fc\u30eb\uff08\u30a2\u30fc\u30ed\u30f3\u30fb\u30d1\u30a4\u30d1\u30fc\uff09<\/strong>, \u30bb\u30eb\u30b8\u30aa\u306f\u672a\u6210\u5e74\u3060\u3063\u305f\u9803\u306b\u4e21\u89aa\u3092\u6bba\u5bb3\u3057\u30016\u5e74\u5f8c\u306b\u91c8\u653e\u3055\u308c\u305f\u304c\u3001\u305d\u306e\u9593\u4e00\u8a00\u3082\u767a\u305b\u305a\u3001\u5f53\u5c40\u306b\u3082\u5354\u529b\u3057\u3066\u3044\u306a\u3044\u305f\u3081\u3001\u72af\u884c\u306e\u52d5\u6a5f\u3082\u73fe\u5728\u306e\u610f\u56f3\u3082\u4f9d\u7136\u3068\u3057\u3066\u8b0e\u306e\u307e\u307e\u3060\u3002. <strong>\u30a2\u30ca\u30fb\u30c7\u30e5\u30c3\u30bb\u30eb<\/strong> \u82e5\u624b\u7cbe\u795e\u79d1\u533b\u306e\u30a2\u30eb\u30e0\u30c7\u30ca\u30fb\u30a2\u30e2\u30fc\u30eb\u6c0f\u3068\u5f7c\u5973\u306e\u30c1\u30fc\u30e0\u306f\u3001\u5f7c\u5973\u304c\u793e\u4f1a\u306b\u3068\u3063\u3066\u3069\u308c\u307b\u3069\u5371\u967a\u306a\u5b58\u5728\u3067\u3042\u308b\u304b\u3092\u5224\u65ad\u3059\u308b\u8cac\u4efb\u3092\u8ca0\u3046\u3053\u3068\u306b\u306a\u308b\u3002. <strong>\u52d5\u7269\u306e\u3088\u3046\u306b\u3001\u663c\u591c\u3092\u554f\u308f\u305a\u5f7c\u3092\u5bc6\u304b\u306b\u898b\u5b88\u3063\u3066\u3044\u305f<\/strong>.<\/p>\n<p><strong>\u30a2\u30ec\u30a2\u30fb\u30e1\u30c7\u30a3\u30a2<\/strong> Netflix\u5411\u3051\u306b\u3053\u306e\u30df\u30cb\u30b7\u30ea\u30fc\u30ba\u3092\u5236\u4f5c\u3057\u3066\u304a\u308a\u3001\u4e3b\u6f14\u306f <strong>\u30a2\u30ed\u30f3\u30fb\u30d1\u30a4\u30d1\u30fc<\/strong> (<em>\u30a8\u30ea\u30fc\u30c8\u3001\u541b\u304c\u6b8b\u3057\u305f\u60e8\u72b6\u306f\u3072\u3069\u3044\u3082\u306e\u3060\u306d\u3002<\/em>,<strong> \u30a2\u30eb\u30e0\u30c7\u30ca\u30fb\u30e9\u30d6<\/strong> (<em>\u826f\u8cea\u306a\u57fa\u6e96\u3001\u7720\u6c17\u3092\u899a\u307e\u3059\u7269\u8a9e<\/em>), <strong>\u30af\u30ea\u30b9\u30c6\u30a3\u30fc\u30ca\u30fb\u30b3\u30f4\u30a1\u30fc\u30cb<\/strong> (<em>\u72e9\u308a<\/em>), <strong>\u30de\u30cc\u30fb\u30ea\u30aa\u30b9<\/strong> (<em>\u30a8\u30ea\u30fc\u30c8\u3001\u6012\u308a\u306e\u6642\u4ee3<\/em>), <strong>\u30a2\u30a4\u30c8\u30fc\u30eb\u30fb\u30eb\u30ca<\/strong> (<em>\u571f\u5730\u306e\u76f8\u7d9a\u4eba\u3001\u30f4\u30a1\u30ec\u30ea\u30a2<\/em>),<strong> \u30e9\u30df\u30ed\u30fb\u30d6\u30e9\u30b9<\/strong> (<em>\u5bc4\u5bbf\u5b66\u6821\uff1a\u30c9\u30fc\u30e0<\/em>), <strong>\u30a2\u30ea\u30a2\u30fb\u30d9\u30c9\u30de\u30fc<\/strong> (<em>\u3053\u306e\u571f\u5730\u306e\u7d99\u627f\u8005\u305f\u3061\u3088\u3001\u79c1\u304c\u4f55\u8005\u306a\u306e\u304b\u6559\u3048\u3066\u304f\u308c\u3002<\/em>\u305d\u3057\u3066 <strong>\u30df\u30b1\u30eb\u30fb\u30ed\u30b5\u30c0<\/strong> (<em>\u30a2\u30ca\u3001\u30ac\u30eb\u30b7\u30a2\u3001\u30ac\u30eb\u30b7\u30a2\uff09<\/em>\u4ed6\u306e\u4eba\u305f\u3061\u306e\u9593\u3067\u3002.<\/p>\n<div class=\"sharedaddy sd-block sd-like jetpack-likes-widget-wrapper jetpack-likes-widget-unloaded\" id=\"like-post-wrapper-153844979-85695-6436e7acbb01c\" data-src=\"https:\/\/widgets.wp.com\/likes\/#blog_id=153844979&amp;post_id=85695&amp;origin=elgeneracionalpost.com&amp;obj_id=153844979-85695-6436e7acbb01c\" data-name=\"like-post-frame-153844979-85695-6436e7acbb01c\" data-title=\"Me gusta o Compartir\">\n<h3 class=\"sd-title\">\u79c1\u306f\u3053\u308c\u304c\u597d\u304d\u3067\u3059\uff1a<\/h3>\n<p><span class=\"button\"><span>\u79c1\u306f\u597d\u304d\u3067\u3059<\/span><\/span> <span class=\"loading\">\u8aad\u307f\u8fbc\u307f\u4e2d\u2026<\/span><\/p>\n<p><span class=\"sd-text-color\"\/><\/div>\n<p><h3 class=\"jp-relatedposts-headline\"><em>\u95a2\u9023\u3057\u3066\u3044\u308b<\/em><\/h3>\n<\/p>\n<\/div>\n<\/div>","protected":false},"excerpt":{"rendered":"<p>\u30a2\u30a4\u30c8\u30fc\u30eb\u30fb\u30ac\u30d3\u30ed\u30f3\u30c9\u304c\u5236\u4f5c\u3057\u3001\u30a8\u30ea\u30fc\u30c8\u4ff3\u512a\u30a2\u30ed\u30f3\u30fb\u30d1\u30a4\u30d1\u30fc\u3068\u30de\u30cc\u30fb\u30ea\u30aa\u30b9\u304c\u51fa\u6f14\u3059\u308b\u30df\u30cb\u30b7\u30ea\u30fc\u30ba\u304c\u672c\u65e5Netflix\u3067\u516c\u958b\u3055\u308c\u307e\u3057\u305f\u2026 <\/p>","protected":false},"author":1,"featured_media":1132,"comment_status":"open","ping_status":"open","sticky":false,"template":"","format":"standard","meta":{"fifu_image_url":"https:\/\/elgeneracionalpost.com\/wp-content\/uploads\/2023\/04\/0500_EL_SILENCIO_STILL_LANDER_MGL2539-1024x576.jpg","fifu_image_alt":"","footnotes":""},"categories":[35],"tags":[],"class_list":["post-1130","post","type-post","status-publish","format-standard","has-post-thumbnail","hentry","category-cultura-e-lazer","latest_post"],"yoast_head":"<!-- This site is optimized with the Yoast SEO plugin v27.3 - https:\/\/yoast.com\/product\/yoast-seo-wordpress\/ -->\n<title>&#039;El Silencio&#039; com Ar\u00f3n Piper e Manu R\u00edos na Netflix em 19 de maio - Tirinha.com<\/title>\n<meta name=\"robots\" content=\"index, follow, max-snippet:-1, max-image-preview:large, max-video-preview:-1\" \/>\n<link rel=\"canonical\" href=\"https:\/\/tirinha.com\/ja\/1130\/\u30a2\u30fc\u30ed\u30f3\u30fb\u30d1\u30a4\u30d1\u30fc\u3068\u30de\u30cc\u30fb\u30ea\u30aa\u30b9\u304c\u51fa\u6f14\u3059\u308b\u6620\/\" \/>\n<meta property=\"og:locale\" content=\"ja_JP\" \/>\n<meta property=\"og:type\" content=\"article\" \/>\n<meta property=\"og:title\" content=\"&#039;El Silencio&#039; com Ar\u00f3n Piper e Manu R\u00edos na Netflix em 19 de maio - Tirinha.com\" \/>\n<meta property=\"og:description\" content=\"Miniss\u00e9rie criada por Aitor Gabilondo protagonizada pelos atores de Elite, Ar\u00f3n Piper e Manu R\u00edos A Netflix revelou hoje o &hellip;\" \/>\n<meta property=\"og:url\" content=\"https:\/\/tirinha.com\/ja\/1130\/\u30a2\u30fc\u30ed\u30f3\u30fb\u30d1\u30a4\u30d1\u30fc\u3068\u30de\u30cc\u30fb\u30ea\u30aa\u30b9\u304c\u51fa\u6f14\u3059\u308b\u6620\/\" \/>\n<meta property=\"og:site_name\" content=\"Tirinha.com\" \/>\n<meta property=\"article:published_time\" content=\"2023-04-12T17:17:33+00:00\" \/>\n<meta property=\"og:image\" content=\"https:\/\/elgeneracionalpost.com\/wp-content\/uploads\/2023\/04\/0500_EL_SILENCIO_STILL_LANDER_MGL2539-1024x576.jpg\" \/>\n<meta name=\"author\" content=\"admin\" \/>\n<meta name=\"twitter:card\" content=\"summary_large_image\" \/>\n<meta name=\"twitter:image\" content=\"https:\/\/elgeneracionalpost.com\/wp-content\/uploads\/2023\/04\/0500_EL_SILENCIO_STILL_LANDER_MGL2539-1024x576.jpg\" \/>\n<meta name=\"twitter:label1\" content=\"\u57f7\u7b46\u8005\" \/>\n\t<meta name=\"twitter:data1\" content=\"admin\" \/>\n\t<meta name=\"twitter:label2\" content=\"\u63a8\u5b9a\u8aad\u307f\u53d6\u308a\u6642\u9593\" \/>\n\t<meta name=\"twitter:data2\" content=\"2\u5206\" \/>\n<script type=\"application\/ld+json\" class=\"yoast-schema-graph\">{\"@context\":\"https:\\\/\\\/schema.org\",\"@graph\":[{\"@type\":\"Article\",\"@id\":\"https:\\\/\\\/tirinha.com\\\/1130\\\/el-silencio-com-aron-piper-e-manu-rios-na-netflix-em-19-de-maio\\\/#article\",\"isPartOf\":{\"@id\":\"https:\\\/\\\/tirinha.com\\\/1130\\\/el-silencio-com-aron-piper-e-manu-rios-na-netflix-em-19-de-maio\\\/\"},\"author\":{\"name\":\"admin\",\"@id\":\"https:\\\/\\\/tirinha.com\\\/#\\\/schema\\\/person\\\/e22bdfbe17e0461f7e927e6a1208d4d9\"},\"headline\":\"&#8216;El Silencio&#8217; com Ar\u00f3n Piper e Manu R\u00edos na Netflix em 19 de maio\",\"datePublished\":\"2023-04-12T17:17:33+00:00\",\"mainEntityOfPage\":{\"@id\":\"https:\\\/\\\/tirinha.com\\\/1130\\\/el-silencio-com-aron-piper-e-manu-rios-na-netflix-em-19-de-maio\\\/\"},\"wordCount\":326,\"commentCount\":0,\"publisher\":{\"@id\":\"https:\\\/\\\/tirinha.com\\\/#organization\"},\"image\":{\"@id\":\"https:\\\/\\\/tirinha.com\\\/1130\\\/el-silencio-com-aron-piper-e-manu-rios-na-netflix-em-19-de-maio\\\/#primaryimage\"},\"thumbnailUrl\":\"https:\\\/\\\/elgeneracionalpost.com\\\/wp-content\\\/uploads\\\/2023\\\/04\\\/0500_EL_SILENCIO_STILL_LANDER_MGL2539-1024x576.jpg\",\"articleSection\":[\"Cultura e lazer\"],\"inLanguage\":\"ja\",\"potentialAction\":[{\"@type\":\"CommentAction\",\"name\":\"Comment\",\"target\":[\"https:\\\/\\\/tirinha.com\\\/1130\\\/el-silencio-com-aron-piper-e-manu-rios-na-netflix-em-19-de-maio\\\/#respond\"]}]},{\"@type\":\"WebPage\",\"@id\":\"https:\\\/\\\/tirinha.com\\\/1130\\\/el-silencio-com-aron-piper-e-manu-rios-na-netflix-em-19-de-maio\\\/\",\"url\":\"https:\\\/\\\/tirinha.com\\\/1130\\\/el-silencio-com-aron-piper-e-manu-rios-na-netflix-em-19-de-maio\\\/\",\"name\":\"'El Silencio' com Ar\u00f3n Piper e Manu R\u00edos na Netflix em 19 de maio - Tirinha.com\",\"isPartOf\":{\"@id\":\"https:\\\/\\\/tirinha.com\\\/#website\"},\"primaryImageOfPage\":{\"@id\":\"https:\\\/\\\/tirinha.com\\\/1130\\\/el-silencio-com-aron-piper-e-manu-rios-na-netflix-em-19-de-maio\\\/#primaryimage\"},\"image\":{\"@id\":\"https:\\\/\\\/tirinha.com\\\/1130\\\/el-silencio-com-aron-piper-e-manu-rios-na-netflix-em-19-de-maio\\\/#primaryimage\"},\"thumbnailUrl\":\"https:\\\/\\\/elgeneracionalpost.com\\\/wp-content\\\/uploads\\\/2023\\\/04\\\/0500_EL_SILENCIO_STILL_LANDER_MGL2539-1024x576.jpg\",\"datePublished\":\"2023-04-12T17:17:33+00:00\",\"breadcrumb\":{\"@id\":\"https:\\\/\\\/tirinha.com\\\/1130\\\/el-silencio-com-aron-piper-e-manu-rios-na-netflix-em-19-de-maio\\\/#breadcrumb\"},\"inLanguage\":\"ja\",\"potentialAction\":[{\"@type\":\"ReadAction\",\"target\":[\"https:\\\/\\\/tirinha.com\\\/1130\\\/el-silencio-com-aron-piper-e-manu-rios-na-netflix-em-19-de-maio\\\/\"]}]},{\"@type\":\"ImageObject\",\"inLanguage\":\"ja\",\"@id\":\"https:\\\/\\\/tirinha.com\\\/1130\\\/el-silencio-com-aron-piper-e-manu-rios-na-netflix-em-19-de-maio\\\/#primaryimage\",\"url\":\"https:\\\/\\\/elgeneracionalpost.com\\\/wp-content\\\/uploads\\\/2023\\\/04\\\/0500_EL_SILENCIO_STILL_LANDER_MGL2539-1024x576.jpg\",\"contentUrl\":\"https:\\\/\\\/elgeneracionalpost.com\\\/wp-content\\\/uploads\\\/2023\\\/04\\\/0500_EL_SILENCIO_STILL_LANDER_MGL2539-1024x576.jpg\"},{\"@type\":\"BreadcrumbList\",\"@id\":\"https:\\\/\\\/tirinha.com\\\/1130\\\/el-silencio-com-aron-piper-e-manu-rios-na-netflix-em-19-de-maio\\\/#breadcrumb\",\"itemListElement\":[{\"@type\":\"ListItem\",\"position\":1,\"name\":\"Home\",\"item\":\"https:\\\/\\\/tirinha.com\\\/\"},{\"@type\":\"ListItem\",\"position\":2,\"name\":\"&#8216;El Silencio&#8217; com Ar\u00f3n Piper e Manu R\u00edos na Netflix em 19 de maio\"}]},{\"@type\":\"WebSite\",\"@id\":\"https:\\\/\\\/tirinha.com\\\/#website\",\"url\":\"https:\\\/\\\/tirinha.com\\\/\",\"name\":\"Tirinha.com\",\"description\":\"Arte e livros resenhas\",\"publisher\":{\"@id\":\"https:\\\/\\\/tirinha.com\\\/#organization\"},\"potentialAction\":[{\"@type\":\"SearchAction\",\"target\":{\"@type\":\"EntryPoint\",\"urlTemplate\":\"https:\\\/\\\/tirinha.com\\\/?s={search_term_string}\"},\"query-input\":{\"@type\":\"PropertyValueSpecification\",\"valueRequired\":true,\"valueName\":\"search_term_string\"}}],\"inLanguage\":\"ja\"},{\"@type\":\"Organization\",\"@id\":\"https:\\\/\\\/tirinha.com\\\/#organization\",\"name\":\"Tirinha.com\",\"url\":\"https:\\\/\\\/tirinha.com\\\/\",\"logo\":{\"@type\":\"ImageObject\",\"inLanguage\":\"ja\",\"@id\":\"https:\\\/\\\/tirinha.com\\\/#\\\/schema\\\/logo\\\/image\\\/\",\"url\":\"https:\\\/\\\/tirinha.com\\\/wp-content\\\/uploads\\\/2023\\\/08\\\/cropped-Logo-Tirinha.webp\",\"contentUrl\":\"https:\\\/\\\/tirinha.com\\\/wp-content\\\/uploads\\\/2023\\\/08\\\/cropped-Logo-Tirinha.webp\",\"width\":512,\"height\":512,\"caption\":\"Tirinha.com\"},\"image\":{\"@id\":\"https:\\\/\\\/tirinha.com\\\/#\\\/schema\\\/logo\\\/image\\\/\"}},{\"@type\":\"Person\",\"@id\":\"https:\\\/\\\/tirinha.com\\\/#\\\/schema\\\/person\\\/e22bdfbe17e0461f7e927e6a1208d4d9\",\"name\":\"admin\",\"image\":{\"@type\":\"ImageObject\",\"inLanguage\":\"ja\",\"@id\":\"https:\\\/\\\/tirinha.com\\\/wp-content\\\/litespeed\\\/avatar\\\/d0068f7931cc87d7274eb0c3db1deb4b.jpg?ver=1776829466\",\"url\":\"https:\\\/\\\/tirinha.com\\\/wp-content\\\/litespeed\\\/avatar\\\/d0068f7931cc87d7274eb0c3db1deb4b.jpg?ver=1776829466\",\"contentUrl\":\"https:\\\/\\\/tirinha.com\\\/wp-content\\\/litespeed\\\/avatar\\\/d0068f7931cc87d7274eb0c3db1deb4b.jpg?ver=1776829466\",\"caption\":\"admin\"},\"sameAs\":[\"https:\\\/\\\/tirinha.com\"],\"url\":\"https:\\\/\\\/tirinha.com\\\/ja\\\/author\\\/admin\\\/\"}]}<\/script>\n<!-- \/ Yoast SEO plugin. -->","yoast_head_json":{"title":"'\u30a2\u30ed\u30f3\u30fb\u30d1\u30a4\u30d1\u30fc\u3068\u30de\u30cc\u30fb\u30ea\u30aa\u30b9\u4e3b\u6f14\u306e\u300c\u30a8\u30eb\u30fb\u30b7\u30ec\u30f3\u30b7\u30aa\u300d\u304c5\u670819\u65e5\u306bNetflix\u3067\u914d\u4fe1 - Tirinha.com","robots":{"index":"index","follow":"follow","max-snippet":"max-snippet:-1","max-image-preview":"max-image-preview:large","max-video-preview":"max-video-preview:-1"},"canonical":"https:\/\/tirinha.com\/ja\/1130\/\u30a2\u30fc\u30ed\u30f3\u30fb\u30d1\u30a4\u30d1\u30fc\u3068\u30de\u30cc\u30fb\u30ea\u30aa\u30b9\u304c\u51fa\u6f14\u3059\u308b\u6620\/","og_locale":"ja_JP","og_type":"article","og_title":"'El Silencio' com Ar\u00f3n Piper e Manu R\u00edos na Netflix em 19 de maio - Tirinha.com","og_description":"Miniss\u00e9rie criada por Aitor Gabilondo protagonizada pelos atores de Elite, Ar\u00f3n Piper e Manu R\u00edos A Netflix revelou hoje o &hellip;","og_url":"https:\/\/tirinha.com\/ja\/1130\/\u30a2\u30fc\u30ed\u30f3\u30fb\u30d1\u30a4\u30d1\u30fc\u3068\u30de\u30cc\u30fb\u30ea\u30aa\u30b9\u304c\u51fa\u6f14\u3059\u308b\u6620\/","og_site_name":"Tirinha.com","article_published_time":"2023-04-12T17:17:33+00:00","og_image":[{"url":"https:\/\/elgeneracionalpost.com\/wp-content\/uploads\/2023\/04\/0500_EL_SILENCIO_STILL_LANDER_MGL2539-1024x576.jpg","type":"","width":"","height":""}],"author":"admin","twitter_card":"summary_large_image","twitter_image":"https:\/\/elgeneracionalpost.com\/wp-content\/uploads\/2023\/04\/0500_EL_SILENCIO_STILL_LANDER_MGL2539-1024x576.jpg","twitter_misc":{"\u57f7\u7b46\u8005":"admin","\u63a8\u5b9a\u8aad\u307f\u53d6\u308a\u6642\u9593":"2\u5206"},"schema":{"@context":"https:\/\/schema.org","@graph":[{"@type":"Article","@id":"https:\/\/tirinha.com\/1130\/el-silencio-com-aron-piper-e-manu-rios-na-netflix-em-19-de-maio\/#article","isPartOf":{"@id":"https:\/\/tirinha.com\/1130\/el-silencio-com-aron-piper-e-manu-rios-na-netflix-em-19-de-maio\/"},"author":{"name":"admin","@id":"https:\/\/tirinha.com\/#\/schema\/person\/e22bdfbe17e0461f7e927e6a1208d4d9"},"headline":"&#8216;El Silencio&#8217; com Ar\u00f3n Piper e Manu R\u00edos na Netflix em 19 de maio","datePublished":"2023-04-12T17:17:33+00:00","mainEntityOfPage":{"@id":"https:\/\/tirinha.com\/1130\/el-silencio-com-aron-piper-e-manu-rios-na-netflix-em-19-de-maio\/"},"wordCount":326,"commentCount":0,"publisher":{"@id":"https:\/\/tirinha.com\/#organization"},"image":{"@id":"https:\/\/tirinha.com\/1130\/el-silencio-com-aron-piper-e-manu-rios-na-netflix-em-19-de-maio\/#primaryimage"},"thumbnailUrl":"https:\/\/elgeneracionalpost.com\/wp-content\/uploads\/2023\/04\/0500_EL_SILENCIO_STILL_LANDER_MGL2539-1024x576.jpg","articleSection":["Cultura e lazer"],"inLanguage":"ja","potentialAction":[{"@type":"CommentAction","name":"Comment","target":["https:\/\/tirinha.com\/1130\/el-silencio-com-aron-piper-e-manu-rios-na-netflix-em-19-de-maio\/#respond"]}]},{"@type":"WebPage","@id":"https:\/\/tirinha.com\/1130\/el-silencio-com-aron-piper-e-manu-rios-na-netflix-em-19-de-maio\/","url":"https:\/\/tirinha.com\/1130\/el-silencio-com-aron-piper-e-manu-rios-na-netflix-em-19-de-maio\/","name":"'\u30a2\u30ed\u30f3\u30fb\u30d1\u30a4\u30d1\u30fc\u3068\u30de\u30cc\u30fb\u30ea\u30aa\u30b9\u4e3b\u6f14\u306e\u300c\u30a8\u30eb\u30fb\u30b7\u30ec\u30f3\u30b7\u30aa\u300d\u304c5\u670819\u65e5\u306bNetflix\u3067\u914d\u4fe1 - Tirinha.com","isPartOf":{"@id":"https:\/\/tirinha.com\/#website"},"primaryImageOfPage":{"@id":"https:\/\/tirinha.com\/1130\/el-silencio-com-aron-piper-e-manu-rios-na-netflix-em-19-de-maio\/#primaryimage"},"image":{"@id":"https:\/\/tirinha.com\/1130\/el-silencio-com-aron-piper-e-manu-rios-na-netflix-em-19-de-maio\/#primaryimage"},"thumbnailUrl":"https:\/\/elgeneracionalpost.com\/wp-content\/uploads\/2023\/04\/0500_EL_SILENCIO_STILL_LANDER_MGL2539-1024x576.jpg","datePublished":"2023-04-12T17:17:33+00:00","breadcrumb":{"@id":"https:\/\/tirinha.com\/1130\/el-silencio-com-aron-piper-e-manu-rios-na-netflix-em-19-de-maio\/#breadcrumb"},"inLanguage":"ja","potentialAction":[{"@type":"ReadAction","target":["https:\/\/tirinha.com\/1130\/el-silencio-com-aron-piper-e-manu-rios-na-netflix-em-19-de-maio\/"]}]},{"@type":"ImageObject","inLanguage":"ja","@id":"https:\/\/tirinha.com\/1130\/el-silencio-com-aron-piper-e-manu-rios-na-netflix-em-19-de-maio\/#primaryimage","url":"https:\/\/elgeneracionalpost.com\/wp-content\/uploads\/2023\/04\/0500_EL_SILENCIO_STILL_LANDER_MGL2539-1024x576.jpg","contentUrl":"https:\/\/elgeneracionalpost.com\/wp-content\/uploads\/2023\/04\/0500_EL_SILENCIO_STILL_LANDER_MGL2539-1024x576.jpg"},{"@type":"BreadcrumbList","@id":"https:\/\/tirinha.com\/1130\/el-silencio-com-aron-piper-e-manu-rios-na-netflix-em-19-de-maio\/#breadcrumb","itemListElement":[{"@type":"ListItem","position":1,"name":"Home","item":"https:\/\/tirinha.com\/"},{"@type":"ListItem","position":2,"name":"&#8216;El Silencio&#8217; com Ar\u00f3n Piper e Manu R\u00edos na Netflix em 19 de maio"}]},{"@type":"WebSite","@id":"https:\/\/tirinha.com\/#website","url":"https:\/\/tirinha.com\/","name":"\u30c6\u30a3\u30ea\u30fc\u30cb\u30e3","description":"\u82b8\u8853\u3068\u672c\u306e\u30ec\u30d3\u30e5\u30fc","publisher":{"@id":"https:\/\/tirinha.com\/#organization"},"potentialAction":[{"@type":"SearchAction","target":{"@type":"EntryPoint","urlTemplate":"https:\/\/tirinha.com\/?s={search_term_string}"},"query-input":{"@type":"PropertyValueSpecification","valueRequired":true,"valueName":"search_term_string"}}],"inLanguage":"ja"},{"@type":"Organization","@id":"https:\/\/tirinha.com\/#organization","name":"\u30c6\u30a3\u30ea\u30fc\u30cb\u30e3","url":"https:\/\/tirinha.com\/","logo":{"@type":"ImageObject","inLanguage":"ja","@id":"https:\/\/tirinha.com\/#\/schema\/logo\/image\/","url":"https:\/\/tirinha.com\/wp-content\/uploads\/2023\/08\/cropped-Logo-Tirinha.webp","contentUrl":"https:\/\/tirinha.com\/wp-content\/uploads\/2023\/08\/cropped-Logo-Tirinha.webp","width":512,"height":512,"caption":"Tirinha.com"},"image":{"@id":"https:\/\/tirinha.com\/#\/schema\/logo\/image\/"}},{"@type":"Person","@id":"https:\/\/tirinha.com\/#\/schema\/person\/e22bdfbe17e0461f7e927e6a1208d4d9","name":"\u7ba1\u7406\u8005","image":{"@type":"ImageObject","inLanguage":"ja","@id":"https:\/\/tirinha.com\/wp-content\/litespeed\/avatar\/d0068f7931cc87d7274eb0c3db1deb4b.jpg?ver=1776829466","url":"https:\/\/tirinha.com\/wp-content\/litespeed\/avatar\/d0068f7931cc87d7274eb0c3db1deb4b.jpg?ver=1776829466","contentUrl":"https:\/\/tirinha.com\/wp-content\/litespeed\/avatar\/d0068f7931cc87d7274eb0c3db1deb4b.jpg?ver=1776829466","caption":"admin"},"sameAs":["https:\/\/tirinha.com"],"url":"https:\/\/tirinha.com\/ja\/author\/admin\/"}]}},"_links":{"self":[{"href":"https:\/\/tirinha.com\/ja\/wp-json\/wp\/v2\/posts\/1130","targetHints":{"allow":["GET"]}}],"collection":[{"href":"https:\/\/tirinha.com\/ja\/wp-json\/wp\/v2\/posts"}],"about":[{"href":"https:\/\/tirinha.com\/ja\/wp-json\/wp\/v2\/types\/post"}],"author":[{"embeddable":true,"href":"https:\/\/tirinha.com\/ja\/wp-json\/wp\/v2\/users\/1"}],"replies":[{"embeddable":true,"href":"https:\/\/tirinha.com\/ja\/wp-json\/wp\/v2\/comments?post=1130"}],"version-history":[{"count":0,"href":"https:\/\/tirinha.com\/ja\/wp-json\/wp\/v2\/posts\/1130\/revisions"}],"wp:featuredmedia":[{"embeddable":true,"href":"https:\/\/tirinha.com\/ja\/wp-json\/wp\/v2\/media\/1132"}],"wp:attachment":[{"href":"https:\/\/tirinha.com\/ja\/wp-json\/wp\/v2\/media?parent=1130"}],"wp:term":[{"taxonomy":"category","embeddable":true,"href":"https:\/\/tirinha.com\/ja\/wp-json\/wp\/v2\/categories?post=1130"},{"taxonomy":"post_tag","embeddable":true,"href":"https:\/\/tirinha.com\/ja\/wp-json\/wp\/v2\/tags?post=1130"}],"curies":[{"name":"wp","href":"https:\/\/api.w.org\/{rel}","templated":true}]}}