{"id":1034,"date":"2023-04-04T09:15:55","date_gmt":"2023-04-04T09:15:55","guid":{"rendered":"https:\/\/tirinha.com\/zaz-sensacao-musical-francesa-com-um-toque-de-jazz-cigano\/"},"modified":"2023-04-04T09:15:55","modified_gmt":"2023-04-04T09:15:55","slug":"zaz-sensacao-musical-francesa-com-um-toque-de-jazz-cigano","status":"publish","type":"post","link":"https:\/\/tirinha.com\/ja\/1034\/zaz-sensacao-musical-francesa-com-um-toque-de-jazz-cigano\/","title":{"rendered":"\u30b8\u30d7\u30b7\u30fc\u30b8\u30e3\u30ba\u306e\u8981\u7d20\u3092\u53d6\u308a\u5165\u308c\u305f\u3001\u30d5\u30e9\u30f3\u30b9\u51fa\u8eab\u306e\u97f3\u697d\u754c\u306e\u30bb\u30f3\u30bb\u30fc\u30b7\u30e7\u30f3\u3001Zaz\u3002"},"content":{"rendered":"<p><\/p>\n<div data-td-block-uid=\"tdi_70\">\n<div class=\"tdb-block-inner td-fix-index\">\n<p><strong><em>Demain c&#8217;est toi<\/em><\/strong><strong>  \u305d\u3057\u3066 <em>o que vir\u00e1<\/em> s\u00e3o dois dos <em>M\u00fasicas <\/em>de seu pr\u00f3ximo \u00e1lbum, <em>efeito<\/em> <em>espelho<\/em><\/strong><\/p>\n<p>Este jovem cantor \u00e9 conhecido por <em>eu quero<\/em>a m\u00fasica com a qual ele alcan\u00e7ou a fama e que pertence ao seu \u00e1lbum <em>Zaz<\/em>lan\u00e7ado em 2010. Agora ele est\u00e1 de volta com um novo, <em><strong>espelho de efeito<\/strong><\/em>que ser\u00e1 publicado a seguir <strong>16 de novembro<\/strong>.  A cantora j\u00e1 anunciou o nome dos singles que ir\u00e3o compor o \u00e1lbum, entre eles est\u00e3o; <em>o que vir\u00e1<\/em>, <em>Demain c&#8217;est toi<\/em>, <em>On s&#8217;en remet jamais<\/em>\u2026 No entanto, no momento, apenas as duas primeiras m\u00fasicas mencionadas est\u00e3o dispon\u00edveis.  Al\u00e9m da publica\u00e7\u00e3o de seu novo \u00e1lbum, Zaz iniciar\u00e1 a turn\u00ea do \u00e1lbum na R\u00fassia no dia 4 de fevereiro e seguir\u00e1 por pa\u00edses da Europa e Am\u00e9rica do Norte.  A lista de pa\u00edses por onde vai passar est\u00e1 vis\u00edvel no seu site (www.zazofficial.com).  Por <strong>Madri<\/strong> vai parar o <strong>01 de abril<\/strong> 2019 e vai atuar no Wizink Center, onde os bilhetes j\u00e1 se encontram \u00e0 venda.<\/p>\n<p><img fetchpriority=\"high\" data-attachment-id=\"361\" data-permalink=\"https:\/\/elgeneracionalpost.com\/cultura\/2018\/1114\/360\/zaz-sensacion-musical-francesa-con-un-toque-de-gypssy-jazz.html\/attachment\/291507\" data-orig-file=\"https:\/\/i0.wp.com\/elgeneracionalpost.com\/wp-content\/uploads\/2018\/11\/291507.jpg?fit=630%2C420&amp;ssl=1\" data-orig-size=\"630,420\" data-comments-opened=\"1\" data-image-meta=\"{&quot;aperture&quot;:&quot;0&quot;,&quot;credit&quot;:&quot;&quot;,&quot;camera&quot;:&quot;&quot;,&quot;caption&quot;:&quot;&quot;,&quot;created_timestamp&quot;:&quot;0&quot;,&quot;copyright&quot;:&quot;&quot;,&quot;focal_length&quot;:&quot;0&quot;,&quot;iso&quot;:&quot;0&quot;,&quot;shutter_speed&quot;:&quot;0&quot;,&quot;title&quot;:&quot;&quot;,&quot;orientation&quot;:&quot;0&quot;}\" data-image-title=\"291507\" data-image-description=\"\" data-image-caption=\"\" data-medium-file=\"https:\/\/i0.wp.com\/elgeneracionalpost.com\/wp-content\/uploads\/2018\/11\/291507.jpg?fit=300%2C200&amp;ssl=1\" data-large-file=\"https:\/\/i0.wp.com\/elgeneracionalpost.com\/wp-content\/uploads\/2018\/11\/291507.jpg?fit=630%2C420&amp;ssl=1\" decoding=\"async\" class=\"alignnone size-full wp-image-361 jetpack-lazy-image\" src=\"https:\/\/i0.wp.com\/elgeneracionalpost.com\/wp-content\/uploads\/2018\/11\/291507.jpg?resize=630%2C420&amp;ssl=1\" alt=\"291507\" width=\"630\" height=\"420\" data-recalc-dims=\"1\" data-lazy-src=\"https:\/\/i0.wp.com\/elgeneracionalpost.com\/wp-content\/uploads\/2018\/11\/291507.jpg?resize=630%2C420&amp;is-pending-load=1#038;ssl=1\" srcset=\"data:image\/gif;base64,R0lGODlhAQABAIAAAAAAAP\/\/\/yH5BAEAAAAALAAAAAABAAEAAAIBRAA7\"\/><noscript><img data-lazy-fallback=\"1\" data-attachment-id=\"361\" data-permalink=\"https:\/\/elgeneracionalpost.com\/cultura\/2018\/1114\/360\/zaz-sensacion-musical-francesa-con-un-toque-de-gypssy-jazz.html\/attachment\/291507\" data-orig-file=\"https:\/\/i0.wp.com\/elgeneracionalpost.com\/wp-content\/uploads\/2018\/11\/291507.jpg?fit=630%2C420&amp;ssl=1\" data-orig-size=\"630,420\" data-comments-opened=\"1\" data-image-meta=\"{&quot;aperture&quot;:&quot;0&quot;,&quot;credit&quot;:&quot;&quot;,&quot;camera&quot;:&quot;&quot;,&quot;caption&quot;:&quot;&quot;,&quot;created_timestamp&quot;:&quot;0&quot;,&quot;copyright&quot;:&quot;&quot;,&quot;focal_length&quot;:&quot;0&quot;,&quot;iso&quot;:&quot;0&quot;,&quot;shutter_speed&quot;:&quot;0&quot;,&quot;title&quot;:&quot;&quot;,&quot;orientation&quot;:&quot;0&quot;}\" data-image-title=\"291507\" data-image-description=\"\" data-image-caption=\"\" data-medium-file=\"https:\/\/i0.wp.com\/elgeneracionalpost.com\/wp-content\/uploads\/2018\/11\/291507.jpg?fit=300%2C200&amp;ssl=1\" data-large-file=\"https:\/\/i0.wp.com\/elgeneracionalpost.com\/wp-content\/uploads\/2018\/11\/291507.jpg?fit=630%2C420&amp;ssl=1\" decoding=\"async\" class=\"alignnone size-full wp-image-361\" src=\"https:\/\/i0.wp.com\/elgeneracionalpost.com\/wp-content\/uploads\/2018\/11\/291507.jpg?resize=630%2C420&amp;ssl=1\" alt=\"291507\" width=\"630\" height=\"420\" data-recalc-dims=\"1\"\/><\/noscript><span id=\"more-360\"\/><!--more--><\/p>\n<p>Se eles n\u00e3o a conhecem por Zaz, tamb\u00e9m n\u00e3o a conhecer\u00e3o por Isabelle Geffroy, seu nome completo.  Esta jovem cantora nascida na Fran\u00e7a vive no mundo da m\u00fasica desde muito pequena.  Come\u00e7ou em um grupo de <em>blues<\/em> conhecido como Fifty Fingers, mas sempre esteve intimamente ligado ao <em>jazz<\/em>.  Seu estilo atual \u00e9 definido como uma fus\u00e3o da m\u00fasica francesa com o <em>jazz cigano<\/em>.  Este \u00faltimo consiste em uma variante do <em>jazz<\/em> dentro do <em>balan\u00e7o<\/em>.  \u00c9 um estilo musical nascido na Fran\u00e7a e por isso tamb\u00e9m \u00e9 conhecido como <em>jazz manouche<\/em>. \u3002 \u5f7c <em>jazz cigano<\/em> Veio das m\u00e3os de artistas como Django Reinhardt, St\u00e9phane Grappelli ou Bir\u00e9li Lagr\u00e8ne.  Talvez, em outra publica\u00e7\u00e3o seja interessante aprofundar um pouco mais.<\/p>\n<p>Anteriormente j\u00e1 havia lan\u00e7ado outros discos como <em>Zaz, Recto Verso, Paris e Sur la route<\/em>\u2026 De todos eles, o primeiro conseguiu ser o n\u00famero um em pa\u00edses como Fran\u00e7a e Pol\u00f4nia.  O mesmo aconteceu com algumas de suas can\u00e7\u00f5es, que conseguiram alcan\u00e7ar a primeira posi\u00e7\u00e3o em outros tantos pa\u00edses. <em>Se voc\u00ea nunca j&#8217;oublie <\/em> \u306e <em>Sul da rota<\/em> conseguiu ser o n\u00famero um na Pol\u00f4nia.<\/p>\n<p>\u00c9 sempre interessante descobrir novos estilos de m\u00fasica, e sair um pouco da pr\u00f3pria ind\u00fastria musical comercial a que estamos expostos &#8220;24 horas por dia, 7 dias por semana&#8221;.<\/p>\n<div class=\"sharedaddy sd-block sd-like jetpack-likes-widget-wrapper jetpack-likes-widget-unloaded\" id=\"like-post-wrapper-153844979-360-642beaca59a76\" data-src=\"https:\/\/widgets.wp.com\/likes\/#blog_id=153844979&amp;post_id=360&amp;origin=elgeneracionalpost.com&amp;obj_id=153844979-360-642beaca59a76\" data-name=\"like-post-frame-153844979-360-642beaca59a76\" data-title=\"Me gusta o Compartir\">\n<h3 class=\"sd-title\">\u79c1\u306f\u3053\u308c\u304c\u597d\u304d\u3067\u3059\uff1a<\/h3>\n<p><span class=\"button\"><span>\u79c1\u306f\u597d\u304d\u3067\u3059<\/span><\/span> <span class=\"loading\">\u8aad\u307f\u8fbc\u307f\u4e2d\u2026<\/span><\/p>\n<p><span class=\"sd-text-color\"\/><\/div>\n<p><h3 class=\"jp-relatedposts-headline\"><em>\u95a2\u9023\u3057\u3066\u3044\u308b<\/em><\/h3>\n<\/p>\n<\/div>\n<\/div>","protected":false},"excerpt":{"rendered":"<p>Demain c&#8217;est toi e o que vir\u00e1 s\u00e3o dois dos M\u00fasicas de seu pr\u00f3ximo \u00e1lbum, efeito espelho Este jovem cantor &hellip; <\/p>","protected":false},"author":1,"featured_media":1035,"comment_status":"open","ping_status":"open","sticky":false,"template":"","format":"standard","meta":{"fifu_image_url":"https:\/\/i1.wp.com\/elgeneracionalpost.com\/wp-content\/uploads\/2018\/11\/zazz-740x570.jpg?fit=740,570&ssl=1","fifu_image_alt":"","footnotes":""},"categories":[35],"tags":[],"class_list":["post-1034","post","type-post","status-publish","format-standard","has-post-thumbnail","hentry","category-cultura-e-lazer","latest_post"],"yoast_head":"<!-- This site is optimized with the Yoast SEO plugin v27.3 - https:\/\/yoast.com\/product\/yoast-seo-wordpress\/ -->\n<title>Zaz, sensa\u00e7\u00e3o musical francesa com um toque de jazz cigano - Tirinha.com<\/title>\n<meta name=\"robots\" content=\"index, follow, max-snippet:-1, max-image-preview:large, max-video-preview:-1\" \/>\n<link rel=\"canonical\" href=\"https:\/\/tirinha.com\/ja\/1034\/zaz-sensacao-musical-francesa-com-um-toque-de-jazz-cigano\/\" \/>\n<meta property=\"og:locale\" content=\"ja_JP\" \/>\n<meta property=\"og:type\" content=\"article\" \/>\n<meta property=\"og:title\" content=\"Zaz, sensa\u00e7\u00e3o musical francesa com um toque de jazz cigano - Tirinha.com\" \/>\n<meta property=\"og:description\" content=\"Demain c&#8217;est toi e o que vir\u00e1 s\u00e3o dois dos M\u00fasicas de seu pr\u00f3ximo \u00e1lbum, efeito espelho Este jovem cantor &hellip;\" \/>\n<meta property=\"og:url\" content=\"https:\/\/tirinha.com\/ja\/1034\/zaz-sensacao-musical-francesa-com-um-toque-de-jazz-cigano\/\" \/>\n<meta property=\"og:site_name\" content=\"Tirinha.com\" \/>\n<meta property=\"article:published_time\" content=\"2023-04-04T09:15:55+00:00\" \/>\n<meta property=\"og:image\" content=\"https:\/\/i1.wp.com\/elgeneracionalpost.com\/wp-content\/uploads\/2018\/11\/zazz-740x570.jpg?fit=740,570&ssl=1\" \/>\n<meta name=\"author\" content=\"admin\" \/>\n<meta name=\"twitter:card\" content=\"summary_large_image\" \/>\n<meta name=\"twitter:image\" content=\"https:\/\/i1.wp.com\/elgeneracionalpost.com\/wp-content\/uploads\/2018\/11\/zazz-740x570.jpg?fit=740,570&ssl=1\" \/>\n<meta name=\"twitter:label1\" content=\"\u57f7\u7b46\u8005\" \/>\n\t<meta name=\"twitter:data1\" content=\"admin\" \/>\n\t<meta name=\"twitter:label2\" content=\"\u63a8\u5b9a\u8aad\u307f\u53d6\u308a\u6642\u9593\" \/>\n\t<meta name=\"twitter:data2\" content=\"2\u5206\" \/>\n<script type=\"application\/ld+json\" class=\"yoast-schema-graph\">{\"@context\":\"https:\\\/\\\/schema.org\",\"@graph\":[{\"@type\":\"Article\",\"@id\":\"https:\\\/\\\/tirinha.com\\\/1034\\\/zaz-sensacao-musical-francesa-com-um-toque-de-jazz-cigano\\\/#article\",\"isPartOf\":{\"@id\":\"https:\\\/\\\/tirinha.com\\\/1034\\\/zaz-sensacao-musical-francesa-com-um-toque-de-jazz-cigano\\\/\"},\"author\":{\"name\":\"admin\",\"@id\":\"https:\\\/\\\/tirinha.com\\\/#\\\/schema\\\/person\\\/e22bdfbe17e0461f7e927e6a1208d4d9\"},\"headline\":\"Zaz, sensa\u00e7\u00e3o musical francesa com um toque de jazz cigano\",\"datePublished\":\"2023-04-04T09:15:55+00:00\",\"mainEntityOfPage\":{\"@id\":\"https:\\\/\\\/tirinha.com\\\/1034\\\/zaz-sensacao-musical-francesa-com-um-toque-de-jazz-cigano\\\/\"},\"wordCount\":434,\"commentCount\":0,\"publisher\":{\"@id\":\"https:\\\/\\\/tirinha.com\\\/#organization\"},\"image\":{\"@id\":\"https:\\\/\\\/tirinha.com\\\/1034\\\/zaz-sensacao-musical-francesa-com-um-toque-de-jazz-cigano\\\/#primaryimage\"},\"thumbnailUrl\":\"https:\\\/\\\/i1.wp.com\\\/elgeneracionalpost.com\\\/wp-content\\\/uploads\\\/2018\\\/11\\\/zazz-740x570.jpg?fit=740,570&ssl=1\",\"articleSection\":[\"Cultura e lazer\"],\"inLanguage\":\"ja\",\"potentialAction\":[{\"@type\":\"CommentAction\",\"name\":\"Comment\",\"target\":[\"https:\\\/\\\/tirinha.com\\\/1034\\\/zaz-sensacao-musical-francesa-com-um-toque-de-jazz-cigano\\\/#respond\"]}]},{\"@type\":\"WebPage\",\"@id\":\"https:\\\/\\\/tirinha.com\\\/1034\\\/zaz-sensacao-musical-francesa-com-um-toque-de-jazz-cigano\\\/\",\"url\":\"https:\\\/\\\/tirinha.com\\\/1034\\\/zaz-sensacao-musical-francesa-com-um-toque-de-jazz-cigano\\\/\",\"name\":\"Zaz, sensa\u00e7\u00e3o musical francesa com um toque de jazz cigano - Tirinha.com\",\"isPartOf\":{\"@id\":\"https:\\\/\\\/tirinha.com\\\/#website\"},\"primaryImageOfPage\":{\"@id\":\"https:\\\/\\\/tirinha.com\\\/1034\\\/zaz-sensacao-musical-francesa-com-um-toque-de-jazz-cigano\\\/#primaryimage\"},\"image\":{\"@id\":\"https:\\\/\\\/tirinha.com\\\/1034\\\/zaz-sensacao-musical-francesa-com-um-toque-de-jazz-cigano\\\/#primaryimage\"},\"thumbnailUrl\":\"https:\\\/\\\/i1.wp.com\\\/elgeneracionalpost.com\\\/wp-content\\\/uploads\\\/2018\\\/11\\\/zazz-740x570.jpg?fit=740,570&ssl=1\",\"datePublished\":\"2023-04-04T09:15:55+00:00\",\"breadcrumb\":{\"@id\":\"https:\\\/\\\/tirinha.com\\\/1034\\\/zaz-sensacao-musical-francesa-com-um-toque-de-jazz-cigano\\\/#breadcrumb\"},\"inLanguage\":\"ja\",\"potentialAction\":[{\"@type\":\"ReadAction\",\"target\":[\"https:\\\/\\\/tirinha.com\\\/1034\\\/zaz-sensacao-musical-francesa-com-um-toque-de-jazz-cigano\\\/\"]}]},{\"@type\":\"ImageObject\",\"inLanguage\":\"ja\",\"@id\":\"https:\\\/\\\/tirinha.com\\\/1034\\\/zaz-sensacao-musical-francesa-com-um-toque-de-jazz-cigano\\\/#primaryimage\",\"url\":\"https:\\\/\\\/i1.wp.com\\\/elgeneracionalpost.com\\\/wp-content\\\/uploads\\\/2018\\\/11\\\/zazz-740x570.jpg?fit=740,570&ssl=1\",\"contentUrl\":\"https:\\\/\\\/i1.wp.com\\\/elgeneracionalpost.com\\\/wp-content\\\/uploads\\\/2018\\\/11\\\/zazz-740x570.jpg?fit=740,570&ssl=1\"},{\"@type\":\"BreadcrumbList\",\"@id\":\"https:\\\/\\\/tirinha.com\\\/1034\\\/zaz-sensacao-musical-francesa-com-um-toque-de-jazz-cigano\\\/#breadcrumb\",\"itemListElement\":[{\"@type\":\"ListItem\",\"position\":1,\"name\":\"Home\",\"item\":\"https:\\\/\\\/tirinha.com\\\/\"},{\"@type\":\"ListItem\",\"position\":2,\"name\":\"Zaz, sensa\u00e7\u00e3o musical francesa com um toque de jazz cigano\"}]},{\"@type\":\"WebSite\",\"@id\":\"https:\\\/\\\/tirinha.com\\\/#website\",\"url\":\"https:\\\/\\\/tirinha.com\\\/\",\"name\":\"Tirinha.com\",\"description\":\"Arte e livros resenhas\",\"publisher\":{\"@id\":\"https:\\\/\\\/tirinha.com\\\/#organization\"},\"potentialAction\":[{\"@type\":\"SearchAction\",\"target\":{\"@type\":\"EntryPoint\",\"urlTemplate\":\"https:\\\/\\\/tirinha.com\\\/?s={search_term_string}\"},\"query-input\":{\"@type\":\"PropertyValueSpecification\",\"valueRequired\":true,\"valueName\":\"search_term_string\"}}],\"inLanguage\":\"ja\"},{\"@type\":\"Organization\",\"@id\":\"https:\\\/\\\/tirinha.com\\\/#organization\",\"name\":\"Tirinha.com\",\"url\":\"https:\\\/\\\/tirinha.com\\\/\",\"logo\":{\"@type\":\"ImageObject\",\"inLanguage\":\"ja\",\"@id\":\"https:\\\/\\\/tirinha.com\\\/#\\\/schema\\\/logo\\\/image\\\/\",\"url\":\"https:\\\/\\\/tirinha.com\\\/wp-content\\\/uploads\\\/2023\\\/08\\\/cropped-Logo-Tirinha.webp\",\"contentUrl\":\"https:\\\/\\\/tirinha.com\\\/wp-content\\\/uploads\\\/2023\\\/08\\\/cropped-Logo-Tirinha.webp\",\"width\":512,\"height\":512,\"caption\":\"Tirinha.com\"},\"image\":{\"@id\":\"https:\\\/\\\/tirinha.com\\\/#\\\/schema\\\/logo\\\/image\\\/\"}},{\"@type\":\"Person\",\"@id\":\"https:\\\/\\\/tirinha.com\\\/#\\\/schema\\\/person\\\/e22bdfbe17e0461f7e927e6a1208d4d9\",\"name\":\"admin\",\"image\":{\"@type\":\"ImageObject\",\"inLanguage\":\"ja\",\"@id\":\"https:\\\/\\\/tirinha.com\\\/wp-content\\\/litespeed\\\/avatar\\\/d0068f7931cc87d7274eb0c3db1deb4b.jpg?ver=1776829466\",\"url\":\"https:\\\/\\\/tirinha.com\\\/wp-content\\\/litespeed\\\/avatar\\\/d0068f7931cc87d7274eb0c3db1deb4b.jpg?ver=1776829466\",\"contentUrl\":\"https:\\\/\\\/tirinha.com\\\/wp-content\\\/litespeed\\\/avatar\\\/d0068f7931cc87d7274eb0c3db1deb4b.jpg?ver=1776829466\",\"caption\":\"admin\"},\"sameAs\":[\"https:\\\/\\\/tirinha.com\"],\"url\":\"https:\\\/\\\/tirinha.com\\\/ja\\\/author\\\/admin\\\/\"}]}<\/script>\n<!-- \/ Yoast SEO plugin. -->","yoast_head_json":{"title":"Zaz, sensa\u00e7\u00e3o musical francesa com um toque de jazz cigano - Tirinha.com","robots":{"index":"index","follow":"follow","max-snippet":"max-snippet:-1","max-image-preview":"max-image-preview:large","max-video-preview":"max-video-preview:-1"},"canonical":"https:\/\/tirinha.com\/ja\/1034\/zaz-sensacao-musical-francesa-com-um-toque-de-jazz-cigano\/","og_locale":"ja_JP","og_type":"article","og_title":"Zaz, sensa\u00e7\u00e3o musical francesa com um toque de jazz cigano - Tirinha.com","og_description":"Demain c&#8217;est toi e o que vir\u00e1 s\u00e3o dois dos M\u00fasicas de seu pr\u00f3ximo \u00e1lbum, efeito espelho Este jovem cantor &hellip;","og_url":"https:\/\/tirinha.com\/ja\/1034\/zaz-sensacao-musical-francesa-com-um-toque-de-jazz-cigano\/","og_site_name":"Tirinha.com","article_published_time":"2023-04-04T09:15:55+00:00","og_image":[{"url":"https:\/\/i1.wp.com\/elgeneracionalpost.com\/wp-content\/uploads\/2018\/11\/zazz-740x570.jpg?fit=740,570&ssl=1","type":"","width":"","height":""}],"author":"admin","twitter_card":"summary_large_image","twitter_image":"https:\/\/i1.wp.com\/elgeneracionalpost.com\/wp-content\/uploads\/2018\/11\/zazz-740x570.jpg?fit=740,570&ssl=1","twitter_misc":{"\u57f7\u7b46\u8005":"admin","\u63a8\u5b9a\u8aad\u307f\u53d6\u308a\u6642\u9593":"2\u5206"},"schema":{"@context":"https:\/\/schema.org","@graph":[{"@type":"Article","@id":"https:\/\/tirinha.com\/1034\/zaz-sensacao-musical-francesa-com-um-toque-de-jazz-cigano\/#article","isPartOf":{"@id":"https:\/\/tirinha.com\/1034\/zaz-sensacao-musical-francesa-com-um-toque-de-jazz-cigano\/"},"author":{"name":"admin","@id":"https:\/\/tirinha.com\/#\/schema\/person\/e22bdfbe17e0461f7e927e6a1208d4d9"},"headline":"Zaz, sensa\u00e7\u00e3o musical francesa com um toque de jazz cigano","datePublished":"2023-04-04T09:15:55+00:00","mainEntityOfPage":{"@id":"https:\/\/tirinha.com\/1034\/zaz-sensacao-musical-francesa-com-um-toque-de-jazz-cigano\/"},"wordCount":434,"commentCount":0,"publisher":{"@id":"https:\/\/tirinha.com\/#organization"},"image":{"@id":"https:\/\/tirinha.com\/1034\/zaz-sensacao-musical-francesa-com-um-toque-de-jazz-cigano\/#primaryimage"},"thumbnailUrl":"https:\/\/i1.wp.com\/elgeneracionalpost.com\/wp-content\/uploads\/2018\/11\/zazz-740x570.jpg?fit=740,570&ssl=1","articleSection":["Cultura e lazer"],"inLanguage":"ja","potentialAction":[{"@type":"CommentAction","name":"Comment","target":["https:\/\/tirinha.com\/1034\/zaz-sensacao-musical-francesa-com-um-toque-de-jazz-cigano\/#respond"]}]},{"@type":"WebPage","@id":"https:\/\/tirinha.com\/1034\/zaz-sensacao-musical-francesa-com-um-toque-de-jazz-cigano\/","url":"https:\/\/tirinha.com\/1034\/zaz-sensacao-musical-francesa-com-um-toque-de-jazz-cigano\/","name":"Zaz, sensa\u00e7\u00e3o musical francesa com um toque de jazz cigano - Tirinha.com","isPartOf":{"@id":"https:\/\/tirinha.com\/#website"},"primaryImageOfPage":{"@id":"https:\/\/tirinha.com\/1034\/zaz-sensacao-musical-francesa-com-um-toque-de-jazz-cigano\/#primaryimage"},"image":{"@id":"https:\/\/tirinha.com\/1034\/zaz-sensacao-musical-francesa-com-um-toque-de-jazz-cigano\/#primaryimage"},"thumbnailUrl":"https:\/\/i1.wp.com\/elgeneracionalpost.com\/wp-content\/uploads\/2018\/11\/zazz-740x570.jpg?fit=740,570&ssl=1","datePublished":"2023-04-04T09:15:55+00:00","breadcrumb":{"@id":"https:\/\/tirinha.com\/1034\/zaz-sensacao-musical-francesa-com-um-toque-de-jazz-cigano\/#breadcrumb"},"inLanguage":"ja","potentialAction":[{"@type":"ReadAction","target":["https:\/\/tirinha.com\/1034\/zaz-sensacao-musical-francesa-com-um-toque-de-jazz-cigano\/"]}]},{"@type":"ImageObject","inLanguage":"ja","@id":"https:\/\/tirinha.com\/1034\/zaz-sensacao-musical-francesa-com-um-toque-de-jazz-cigano\/#primaryimage","url":"https:\/\/i1.wp.com\/elgeneracionalpost.com\/wp-content\/uploads\/2018\/11\/zazz-740x570.jpg?fit=740,570&ssl=1","contentUrl":"https:\/\/i1.wp.com\/elgeneracionalpost.com\/wp-content\/uploads\/2018\/11\/zazz-740x570.jpg?fit=740,570&ssl=1"},{"@type":"BreadcrumbList","@id":"https:\/\/tirinha.com\/1034\/zaz-sensacao-musical-francesa-com-um-toque-de-jazz-cigano\/#breadcrumb","itemListElement":[{"@type":"ListItem","position":1,"name":"Home","item":"https:\/\/tirinha.com\/"},{"@type":"ListItem","position":2,"name":"Zaz, sensa\u00e7\u00e3o musical francesa com um toque de jazz cigano"}]},{"@type":"WebSite","@id":"https:\/\/tirinha.com\/#website","url":"https:\/\/tirinha.com\/","name":"\u30c6\u30a3\u30ea\u30fc\u30cb\u30e3","description":"\u82b8\u8853\u3068\u672c\u306e\u30ec\u30d3\u30e5\u30fc","publisher":{"@id":"https:\/\/tirinha.com\/#organization"},"potentialAction":[{"@type":"SearchAction","target":{"@type":"EntryPoint","urlTemplate":"https:\/\/tirinha.com\/?s={search_term_string}"},"query-input":{"@type":"PropertyValueSpecification","valueRequired":true,"valueName":"search_term_string"}}],"inLanguage":"ja"},{"@type":"Organization","@id":"https:\/\/tirinha.com\/#organization","name":"\u30c6\u30a3\u30ea\u30fc\u30cb\u30e3","url":"https:\/\/tirinha.com\/","logo":{"@type":"ImageObject","inLanguage":"ja","@id":"https:\/\/tirinha.com\/#\/schema\/logo\/image\/","url":"https:\/\/tirinha.com\/wp-content\/uploads\/2023\/08\/cropped-Logo-Tirinha.webp","contentUrl":"https:\/\/tirinha.com\/wp-content\/uploads\/2023\/08\/cropped-Logo-Tirinha.webp","width":512,"height":512,"caption":"Tirinha.com"},"image":{"@id":"https:\/\/tirinha.com\/#\/schema\/logo\/image\/"}},{"@type":"Person","@id":"https:\/\/tirinha.com\/#\/schema\/person\/e22bdfbe17e0461f7e927e6a1208d4d9","name":"\u7ba1\u7406\u8005","image":{"@type":"ImageObject","inLanguage":"ja","@id":"https:\/\/tirinha.com\/wp-content\/litespeed\/avatar\/d0068f7931cc87d7274eb0c3db1deb4b.jpg?ver=1776829466","url":"https:\/\/tirinha.com\/wp-content\/litespeed\/avatar\/d0068f7931cc87d7274eb0c3db1deb4b.jpg?ver=1776829466","contentUrl":"https:\/\/tirinha.com\/wp-content\/litespeed\/avatar\/d0068f7931cc87d7274eb0c3db1deb4b.jpg?ver=1776829466","caption":"admin"},"sameAs":["https:\/\/tirinha.com"],"url":"https:\/\/tirinha.com\/ja\/author\/admin\/"}]}},"_links":{"self":[{"href":"https:\/\/tirinha.com\/ja\/wp-json\/wp\/v2\/posts\/1034","targetHints":{"allow":["GET"]}}],"collection":[{"href":"https:\/\/tirinha.com\/ja\/wp-json\/wp\/v2\/posts"}],"about":[{"href":"https:\/\/tirinha.com\/ja\/wp-json\/wp\/v2\/types\/post"}],"author":[{"embeddable":true,"href":"https:\/\/tirinha.com\/ja\/wp-json\/wp\/v2\/users\/1"}],"replies":[{"embeddable":true,"href":"https:\/\/tirinha.com\/ja\/wp-json\/wp\/v2\/comments?post=1034"}],"version-history":[{"count":0,"href":"https:\/\/tirinha.com\/ja\/wp-json\/wp\/v2\/posts\/1034\/revisions"}],"wp:featuredmedia":[{"embeddable":true,"href":"https:\/\/tirinha.com\/ja\/wp-json\/wp\/v2\/media\/1035"}],"wp:attachment":[{"href":"https:\/\/tirinha.com\/ja\/wp-json\/wp\/v2\/media?parent=1034"}],"wp:term":[{"taxonomy":"category","embeddable":true,"href":"https:\/\/tirinha.com\/ja\/wp-json\/wp\/v2\/categories?post=1034"},{"taxonomy":"post_tag","embeddable":true,"href":"https:\/\/tirinha.com\/ja\/wp-json\/wp\/v2\/tags?post=1034"}],"curies":[{"name":"wp","href":"https:\/\/api.w.org\/{rel}","templated":true}]}}