{"id":979,"date":"2023-04-03T22:59:00","date_gmt":"2023-04-03T22:59:00","guid":{"rendered":"https:\/\/tirinha.com\/polo-faz-duplo-esgotado-em-madrid\/"},"modified":"2023-04-03T22:59:00","modified_gmt":"2023-04-03T22:59:00","slug":"le-polo-vanno-a-ruba-a-madrid","status":"publish","type":"post","link":"https:\/\/tirinha.com\/it\/979\/polo-faz-duplo-esgotado-em-madrid\/","title":{"rendered":"Palo. esegue il doppio sold out a Madrid"},"content":{"rendered":"<p><\/p>\n<div>\n<p><b>La sera del 30 marzo, Polo. Ha portato a Madrid il suo tour \u201cEsta vida es un jaleo\u201d per commuovere il pubblico con ogni sua canzone e performance, facendogli venire i brividi.<\/b><\/p>\n<p><span style=\"font-weight: 400;\">Ieri sera Polo. Ha rivoluzionato la vita notturna di Madrid con uno spettacolo spettacolare a La Riviera che ha lasciato centinaia di follower con la voglia di saperne di pi\u00f9. Ore prima dell&#039;evento, i fan hanno riempito il locale, impazienti di vedere dal vivo il loro artista preferito.<\/span><\/p>\n<p><span style=\"font-weight: 400;\">Per molti non era la prima volta che vedevano Pole. in azione, dato che avevano assistito al suo concerto nella stessa sala qualche settimana prima. Tuttavia, per altri, questa \u00e8 stata un&#039;occasione d&#039;oro per assistere al suo spettacolo per la prima volta in <strong>seconda data del tour<\/strong> a Madrid. <\/span><span style=\"font-weight: 400;\">&quot;Dopo averlo visto l&#039;anno scorso ai festival, avevamo bisogno di rivivere il suo spettacolo dal vivo&quot;<\/span><span style=\"font-weight: 400;\">hanno commentato alcuni fan.<\/span><\/p>\n<figure id=\"attachment_84370\" aria-describedby=\"caption-attachment-84370\" style=\"width: 434px\" class=\"wp-caption aligncenter\"><img fetchpriority=\"high\" data-attachment-id=\"84370\" data-permalink=\"https:\/\/elgeneracionalpost.com\/cultura\/2023\/0331\/84347\/pole-sold-out-madrid.html\/attachment\/picsart_23-03-31_15-44-57-447\" data-orig-file=\"https:\/\/i0.wp.com\/elgeneracionalpost.com\/wp-content\/uploads\/2023\/03\/Picsart_23-03-31_15-44-57-447.jpg?fit=1620%2C1080&amp;ssl=1\" data-orig-size=\"1620,1080\" data-comments-opened=\"0\" data-image-meta=\"{&quot;aperture&quot;:&quot;0&quot;,&quot;credit&quot;:&quot;238867270012102&quot;,&quot;camera&quot;:&quot;&quot;,&quot;caption&quot;:&quot;&quot;,&quot;created_timestamp&quot;:&quot;0&quot;,&quot;copyright&quot;:&quot;&quot;,&quot;focal_length&quot;:&quot;0&quot;,&quot;iso&quot;:&quot;0&quot;,&quot;shutter_speed&quot;:&quot;0&quot;,&quot;title&quot;:&quot;&quot;,&quot;orientation&quot;:&quot;1&quot;}\" data-image-title=\"Picsart_23-03-31_15-44-57-447\" data-image-description=\"&lt;p&gt;Fans en el concierto de Pole | Fuente: Marta Parrilla (@martxprojects)&lt;\/p&gt;&#10;\" data-image-caption=\"&lt;p&gt;Fans en el concierto de Pole | Fuente: Marta Parrilla (@martxprojects)&lt;\/p&gt;&#10;\" data-medium-file=\"https:\/\/i0.wp.com\/elgeneracionalpost.com\/wp-content\/uploads\/2023\/03\/Picsart_23-03-31_15-44-57-447.jpg?fit=300%2C200&amp;ssl=1\" data-large-file=\"https:\/\/i0.wp.com\/elgeneracionalpost.com\/wp-content\/uploads\/2023\/03\/Picsart_23-03-31_15-44-57-447.jpg?fit=696%2C464&amp;ssl=1\" decoding=\"async\" class=\"wp-image-84370 jetpack-lazy-image\" src=\"https:\/\/i0.wp.com\/elgeneracionalpost.com\/wp-content\/uploads\/2023\/03\/Picsart_23-03-31_15-44-57-447.jpg?resize=434%2C289&amp;ssl=1\" alt=\"I fan allo spettacolo di Pole | Fonte: Marta Parrilla (@martxprojects)\" width=\"434\" height=\"289\" data-recalc-dims=\"1\" data-lazy-srcset=\"https:\/\/i0.wp.com\/elgeneracionalpost.com\/wp-content\/uploads\/2023\/03\/Picsart_23-03-31_15-44-57-447.jpg?resize=300%2C200&amp;ssl=1 300w, https:\/\/i0.wp.com\/elgeneracionalpost.com\/wp-content\/uploads\/2023\/03\/Picsart_23-03-31_15-44-57-447.jpg?resize=1024%2C683&amp;ssl=1 1024w, https:\/\/i0.wp.com\/elgeneracionalpost.com\/wp-content\/uploads\/2023\/03\/Picsart_23-03-31_15-44-57-447.jpg?resize=768%2C512&amp;ssl=1 768w, https:\/\/i0.wp.com\/elgeneracionalpost.com\/wp-content\/uploads\/2023\/03\/Picsart_23-03-31_15-44-57-447.jpg?resize=1536%2C1024&amp;ssl=1 1536w, https:\/\/i0.wp.com\/elgeneracionalpost.com\/wp-content\/uploads\/2023\/03\/Picsart_23-03-31_15-44-57-447.jpg?resize=150%2C100&amp;ssl=1 150w, https:\/\/i0.wp.com\/elgeneracionalpost.com\/wp-content\/uploads\/2023\/03\/Picsart_23-03-31_15-44-57-447.jpg?resize=696%2C464&amp;ssl=1 696w, https:\/\/i0.wp.com\/elgeneracionalpost.com\/wp-content\/uploads\/2023\/03\/Picsart_23-03-31_15-44-57-447.jpg?resize=1068%2C712&amp;ssl=1 1068w, https:\/\/i0.wp.com\/elgeneracionalpost.com\/wp-content\/uploads\/2023\/03\/Picsart_23-03-31_15-44-57-447.jpg?w=1620&amp;ssl=1 1620w, https:\/\/i0.wp.com\/elgeneracionalpost.com\/wp-content\/uploads\/2023\/03\/Picsart_23-03-31_15-44-57-447.jpg?w=1392&amp;ssl=1 1392w\" data-lazy-sizes=\"(max-width: 434px) 100vw, 434px\" data-lazy-src=\"https:\/\/i0.wp.com\/elgeneracionalpost.com\/wp-content\/uploads\/2023\/03\/Picsart_23-03-31_15-44-57-447.jpg?resize=434%2C289&amp;is-pending-load=1#038;ssl=1\" srcset=\"data:image\/gif;base64,R0lGODlhAQABAIAAAAAAAP\/\/\/yH5BAEAAAAALAAAAAABAAEAAAIBRAA7\"\/><noscript><img data-lazy-fallback=\"1\" data-attachment-id=\"84370\" data-permalink=\"https:\/\/elgeneracionalpost.com\/cultura\/2023\/0331\/84347\/pole-sold-out-madrid.html\/attachment\/picsart_23-03-31_15-44-57-447\" data-orig-file=\"https:\/\/i0.wp.com\/elgeneracionalpost.com\/wp-content\/uploads\/2023\/03\/Picsart_23-03-31_15-44-57-447.jpg?fit=1620%2C1080&amp;ssl=1\" data-orig-size=\"1620,1080\" data-comments-opened=\"0\" data-image-meta=\"{&quot;aperture&quot;:&quot;0&quot;,&quot;credit&quot;:&quot;238867270012102&quot;,&quot;camera&quot;:&quot;&quot;,&quot;caption&quot;:&quot;&quot;,&quot;created_timestamp&quot;:&quot;0&quot;,&quot;copyright&quot;:&quot;&quot;,&quot;focal_length&quot;:&quot;0&quot;,&quot;iso&quot;:&quot;0&quot;,&quot;shutter_speed&quot;:&quot;0&quot;,&quot;title&quot;:&quot;&quot;,&quot;orientation&quot;:&quot;1&quot;}\" data-image-title=\"Picsart_23-03-31_15-44-57-447\" data-image-description=\"&lt;p&gt;Fans en el concierto de Pole | Fuente: Marta Parrilla (@martxprojects)&lt;\/p&gt;&#10;\" data-image-caption=\"&lt;p&gt;Fans en el concierto de Pole | Fuente: Marta Parrilla (@martxprojects)&lt;\/p&gt;&#10;\" data-medium-file=\"https:\/\/i0.wp.com\/elgeneracionalpost.com\/wp-content\/uploads\/2023\/03\/Picsart_23-03-31_15-44-57-447.jpg?fit=300%2C200&amp;ssl=1\" data-large-file=\"https:\/\/i0.wp.com\/elgeneracionalpost.com\/wp-content\/uploads\/2023\/03\/Picsart_23-03-31_15-44-57-447.jpg?fit=696%2C464&amp;ssl=1\" decoding=\"async\" class=\"wp-image-84370\" src=\"https:\/\/i0.wp.com\/elgeneracionalpost.com\/wp-content\/uploads\/2023\/03\/Picsart_23-03-31_15-44-57-447.jpg?resize=434%2C289&amp;ssl=1\" alt=\"I fan allo spettacolo di Pole | Fonte: Marta Parrilla (@martxprojects)\" width=\"434\" height=\"289\" srcset=\"https:\/\/i0.wp.com\/elgeneracionalpost.com\/wp-content\/uploads\/2023\/03\/Picsart_23-03-31_15-44-57-447.jpg?resize=300%2C200&amp;ssl=1 300w, https:\/\/i0.wp.com\/elgeneracionalpost.com\/wp-content\/uploads\/2023\/03\/Picsart_23-03-31_15-44-57-447.jpg?resize=1024%2C683&amp;ssl=1 1024w, https:\/\/i0.wp.com\/elgeneracionalpost.com\/wp-content\/uploads\/2023\/03\/Picsart_23-03-31_15-44-57-447.jpg?resize=768%2C512&amp;ssl=1 768w, https:\/\/i0.wp.com\/elgeneracionalpost.com\/wp-content\/uploads\/2023\/03\/Picsart_23-03-31_15-44-57-447.jpg?resize=1536%2C1024&amp;ssl=1 1536w, https:\/\/i0.wp.com\/elgeneracionalpost.com\/wp-content\/uploads\/2023\/03\/Picsart_23-03-31_15-44-57-447.jpg?resize=150%2C100&amp;ssl=1 150w, https:\/\/i0.wp.com\/elgeneracionalpost.com\/wp-content\/uploads\/2023\/03\/Picsart_23-03-31_15-44-57-447.jpg?resize=696%2C464&amp;ssl=1 696w, https:\/\/i0.wp.com\/elgeneracionalpost.com\/wp-content\/uploads\/2023\/03\/Picsart_23-03-31_15-44-57-447.jpg?resize=1068%2C712&amp;ssl=1 1068w, https:\/\/i0.wp.com\/elgeneracionalpost.com\/wp-content\/uploads\/2023\/03\/Picsart_23-03-31_15-44-57-447.jpg?w=1620&amp;ssl=1 1620w, https:\/\/i0.wp.com\/elgeneracionalpost.com\/wp-content\/uploads\/2023\/03\/Picsart_23-03-31_15-44-57-447.jpg?w=1392&amp;ssl=1 1392w\" sizes=\"(max-width: 434px) 100vw, 434px\" data-recalc-dims=\"1\"\/><\/noscript><figcaption id=\"caption-attachment-84370\" class=\"wp-caption-text\">I fan allo spettacolo di Pole | Fonte: Marta Parrilla (@martxprojects)<\/figcaption><\/figure>\n<p><span style=\"font-weight: 400;\">Spettacolo di polo. partecipanti ammessi <strong>tuffo<\/strong> in una storia che ha inizio con il cantante stesso e la sua band in prigione, con un insieme di sbarre e targhe di detenzione su cui aveva scritto il suo nome. Questa performance originale della band <strong>sorpreso<\/strong> tutti e ha dato loro la visibilit\u00e0 che meritavano prima dell&#039;inizio dello spettacolo. Palo. non ha esitato a ringraziare il resto del team per il loro supporto e per aver reso possibile questo progetto che, come lui stesso ha detto, <\/span><strong>\u201cappartiene a tutti\u201d.<\/strong><\/p>\n<p><strong><span style=\"font-weight: 400;\">Nella seconda parte dello spettacolo si cambiano d&#039;abito e ricevono una chiamata in cui viene detto loro che hanno scontato la pena e che sono costretti a trascorrere gli ultimi sei mesi a casa. Ci\u00f2 comporta un cambio di abbigliamento: dalle tute da carcere si passa a pigiami e accappatoi.<\/span><\/strong><\/p>\n<p><span style=\"font-weight: 400;\">L&#039;energia e la passione di questo hub. Ogni canzone che suonava catturava il pubblico, che non smetteva di ballare e cantare per tutta la notte. Senza dubbio \u00e8 stato un concerto che rimarr\u00e0 nella memoria di tutti coloro che hanno avuto la fortuna di assistervi.<\/span><\/p>\n<figure id=\"attachment_84374\" aria-describedby=\"caption-attachment-84374\" style=\"width: 449px\" class=\"wp-caption aligncenter\"><img data-attachment-id=\"84374\" data-permalink=\"https:\/\/elgeneracionalpost.com\/cultura\/2023\/0331\/84347\/pole-sold-out-madrid.html\/attachment\/picsart_23-03-31_15-45-07-346\" data-orig-file=\"https:\/\/i0.wp.com\/elgeneracionalpost.com\/wp-content\/uploads\/2023\/03\/Picsart_23-03-31_15-45-07-346.jpg?fit=1620%2C1080&amp;ssl=1\" data-orig-size=\"1620,1080\" data-comments-opened=\"0\" data-image-meta=\"{&quot;aperture&quot;:&quot;0&quot;,&quot;credit&quot;:&quot;238867270012102&quot;,&quot;camera&quot;:&quot;&quot;,&quot;caption&quot;:&quot;&quot;,&quot;created_timestamp&quot;:&quot;0&quot;,&quot;copyright&quot;:&quot;&quot;,&quot;focal_length&quot;:&quot;0&quot;,&quot;iso&quot;:&quot;0&quot;,&quot;shutter_speed&quot;:&quot;0&quot;,&quot;title&quot;:&quot;&quot;,&quot;orientation&quot;:&quot;1&quot;}\" data-image-title=\"Picsart_23-03-31_15-45-07-346\" data-image-description=\"\" data-image-caption=\"&lt;p&gt;Concierto de Pole | Fuente: Marta Parrilla (@martxprojects)&lt;\/p&gt;&#10;\" data-medium-file=\"https:\/\/i0.wp.com\/elgeneracionalpost.com\/wp-content\/uploads\/2023\/03\/Picsart_23-03-31_15-45-07-346.jpg?fit=300%2C200&amp;ssl=1\" data-large-file=\"https:\/\/i0.wp.com\/elgeneracionalpost.com\/wp-content\/uploads\/2023\/03\/Picsart_23-03-31_15-45-07-346.jpg?fit=696%2C464&amp;ssl=1\" decoding=\"async\" class=\"wp-image-84374 jetpack-lazy-image\" src=\"https:\/\/i0.wp.com\/elgeneracionalpost.com\/wp-content\/uploads\/2023\/03\/Picsart_23-03-31_15-45-07-346.jpg?resize=449%2C299&amp;ssl=1\" alt=\"\" width=\"449\" height=\"299\" data-recalc-dims=\"1\" data-lazy-srcset=\"https:\/\/i0.wp.com\/elgeneracionalpost.com\/wp-content\/uploads\/2023\/03\/Picsart_23-03-31_15-45-07-346.jpg?resize=300%2C200&amp;ssl=1 300w, https:\/\/i0.wp.com\/elgeneracionalpost.com\/wp-content\/uploads\/2023\/03\/Picsart_23-03-31_15-45-07-346.jpg?resize=1024%2C683&amp;ssl=1 1024w, https:\/\/i0.wp.com\/elgeneracionalpost.com\/wp-content\/uploads\/2023\/03\/Picsart_23-03-31_15-45-07-346.jpg?resize=768%2C512&amp;ssl=1 768w, https:\/\/i0.wp.com\/elgeneracionalpost.com\/wp-content\/uploads\/2023\/03\/Picsart_23-03-31_15-45-07-346.jpg?resize=1536%2C1024&amp;ssl=1 1536w, https:\/\/i0.wp.com\/elgeneracionalpost.com\/wp-content\/uploads\/2023\/03\/Picsart_23-03-31_15-45-07-346.jpg?resize=150%2C100&amp;ssl=1 150w, https:\/\/i0.wp.com\/elgeneracionalpost.com\/wp-content\/uploads\/2023\/03\/Picsart_23-03-31_15-45-07-346.jpg?resize=696%2C464&amp;ssl=1 696w, https:\/\/i0.wp.com\/elgeneracionalpost.com\/wp-content\/uploads\/2023\/03\/Picsart_23-03-31_15-45-07-346.jpg?resize=1068%2C712&amp;ssl=1 1068w, https:\/\/i0.wp.com\/elgeneracionalpost.com\/wp-content\/uploads\/2023\/03\/Picsart_23-03-31_15-45-07-346.jpg?w=1620&amp;ssl=1 1620w, https:\/\/i0.wp.com\/elgeneracionalpost.com\/wp-content\/uploads\/2023\/03\/Picsart_23-03-31_15-45-07-346.jpg?w=1392&amp;ssl=1 1392w\" data-lazy-sizes=\"(max-width: 449px) 100vw, 449px\" data-lazy-src=\"https:\/\/i0.wp.com\/elgeneracionalpost.com\/wp-content\/uploads\/2023\/03\/Picsart_23-03-31_15-45-07-346.jpg?resize=449%2C299&amp;is-pending-load=1#038;ssl=1\" srcset=\"data:image\/gif;base64,R0lGODlhAQABAIAAAAAAAP\/\/\/yH5BAEAAAAALAAAAAABAAEAAAIBRAA7\"\/><noscript><img loading=\"lazy\" data-lazy-fallback=\"1\" data-attachment-id=\"84374\" data-permalink=\"https:\/\/elgeneracionalpost.com\/cultura\/2023\/0331\/84347\/pole-sold-out-madrid.html\/attachment\/picsart_23-03-31_15-45-07-346\" data-orig-file=\"https:\/\/i0.wp.com\/elgeneracionalpost.com\/wp-content\/uploads\/2023\/03\/Picsart_23-03-31_15-45-07-346.jpg?fit=1620%2C1080&amp;ssl=1\" data-orig-size=\"1620,1080\" data-comments-opened=\"0\" data-image-meta=\"{&quot;aperture&quot;:&quot;0&quot;,&quot;credit&quot;:&quot;238867270012102&quot;,&quot;camera&quot;:&quot;&quot;,&quot;caption&quot;:&quot;&quot;,&quot;created_timestamp&quot;:&quot;0&quot;,&quot;copyright&quot;:&quot;&quot;,&quot;focal_length&quot;:&quot;0&quot;,&quot;iso&quot;:&quot;0&quot;,&quot;shutter_speed&quot;:&quot;0&quot;,&quot;title&quot;:&quot;&quot;,&quot;orientation&quot;:&quot;1&quot;}\" data-image-title=\"Picsart_23-03-31_15-45-07-346\" data-image-description=\"\" data-image-caption=\"&lt;p&gt;Concierto de Pole | Fuente: Marta Parrilla (@martxprojects)&lt;\/p&gt;&#10;\" data-medium-file=\"https:\/\/i0.wp.com\/elgeneracionalpost.com\/wp-content\/uploads\/2023\/03\/Picsart_23-03-31_15-45-07-346.jpg?fit=300%2C200&amp;ssl=1\" data-large-file=\"https:\/\/i0.wp.com\/elgeneracionalpost.com\/wp-content\/uploads\/2023\/03\/Picsart_23-03-31_15-45-07-346.jpg?fit=696%2C464&amp;ssl=1\" decoding=\"async\" class=\"wp-image-84374\" src=\"https:\/\/i0.wp.com\/elgeneracionalpost.com\/wp-content\/uploads\/2023\/03\/Picsart_23-03-31_15-45-07-346.jpg?resize=449%2C299&amp;ssl=1\" alt=\"\" width=\"449\" height=\"299\" srcset=\"https:\/\/i0.wp.com\/elgeneracionalpost.com\/wp-content\/uploads\/2023\/03\/Picsart_23-03-31_15-45-07-346.jpg?resize=300%2C200&amp;ssl=1 300w, https:\/\/i0.wp.com\/elgeneracionalpost.com\/wp-content\/uploads\/2023\/03\/Picsart_23-03-31_15-45-07-346.jpg?resize=1024%2C683&amp;ssl=1 1024w, https:\/\/i0.wp.com\/elgeneracionalpost.com\/wp-content\/uploads\/2023\/03\/Picsart_23-03-31_15-45-07-346.jpg?resize=768%2C512&amp;ssl=1 768w, https:\/\/i0.wp.com\/elgeneracionalpost.com\/wp-content\/uploads\/2023\/03\/Picsart_23-03-31_15-45-07-346.jpg?resize=1536%2C1024&amp;ssl=1 1536w, https:\/\/i0.wp.com\/elgeneracionalpost.com\/wp-content\/uploads\/2023\/03\/Picsart_23-03-31_15-45-07-346.jpg?resize=150%2C100&amp;ssl=1 150w, https:\/\/i0.wp.com\/elgeneracionalpost.com\/wp-content\/uploads\/2023\/03\/Picsart_23-03-31_15-45-07-346.jpg?resize=696%2C464&amp;ssl=1 696w, https:\/\/i0.wp.com\/elgeneracionalpost.com\/wp-content\/uploads\/2023\/03\/Picsart_23-03-31_15-45-07-346.jpg?resize=1068%2C712&amp;ssl=1 1068w, https:\/\/i0.wp.com\/elgeneracionalpost.com\/wp-content\/uploads\/2023\/03\/Picsart_23-03-31_15-45-07-346.jpg?w=1620&amp;ssl=1 1620w, https:\/\/i0.wp.com\/elgeneracionalpost.com\/wp-content\/uploads\/2023\/03\/Picsart_23-03-31_15-45-07-346.jpg?w=1392&amp;ssl=1 1392w\" sizes=\"auto, (max-width: 449px) 100vw, 449px\" data-recalc-dims=\"1\"\/><\/noscript><figcaption id=\"caption-attachment-84374\" class=\"wp-caption-text\">Concerto di Pole | Fonte: Marta Parrilla (@martxprojects)<\/figcaption><\/figure>\n<h3>Scaletta per la serata\u2026<\/h3>\n<p><span style=\"font-weight: 400;\">Lo spettacolo \u00e8 iniziato con uno dei brani pi\u00f9 iconici di Pole, <i>Lui era<\/i>, accolto con urli dal pubblico. Seguito da <em>Almeno<\/em> E <em>Madrid<\/em>canzone che non poteva mancare nel suo repertorio quando saliva sul palco della Riviera e cantava insieme a <strong>Mafalda Cardenal<\/strong>. Il duo ha fatto esplodere la sala di applausi e urla di emozione e l&#039;alchimia tra i due artisti \u00e8 stata evidente fin dal primo momento.<\/span><\/p>\n<p><span style=\"font-weight: 400;\">L&#039;atmosfera nella stanza cambi\u00f2 completamente quando Pole. ha iniziato a interpretare <em>Le decisioni non si prendono la domenica<\/em>, che si \u00e8 commosso cantandola ed \u00e8 stato molto vicino e devoto al pubblico. Le centinaia di fan presenti nella sala non hanno potuto fare a meno di emozionarsi e molti di loro hanno cantato il testo della canzone piangendo. Senza dubbio, \u00e8 stato uno dei momenti pi\u00f9 intensi ed emozionanti dello spettacolo e il legame tra l&#039;artista e i suoi fan era evidente in ogni accordo della canzone.<\/span><\/p>\n<p><span style=\"font-weight: 400;\">L&#039;artista ha continuato a snocciolare alcuni dei suoi pi\u00f9 grandi successi, come <em>Il senso di colpa<\/em> E <em>Andare avanti<\/em>. Per concludere infine con la canzone tanto attesa <em>batmobile<\/em> che conta gi\u00e0 pi\u00f9 di 49 milioni di riproduzioni e <em>Melograno<\/em> con oltre 25 milioni di ascoltatori.<\/span><\/p>\n<p><span style=\"font-weight: 400;\">Dopo il falso finale e chiedere in coro cosa Polo. canta altre canzoni, riprendi il concerto con <em>San Biagio<\/em> con la comparsa a sorpresa di Dani Fern\u00e1ndez, l&#039;ospite pi\u00f9 speciale e inaspettato della serata.<\/span><\/p>\n<p><span class=\"embed-youtube\" style=\"text-align:center; display: block;\"><iframe title=\"Pole., Dani Fernandez - San Blas (Video ufficiale)\" width=\"790\" height=\"444\" src=\"https:\/\/www.youtube.com\/embed\/jrmPHbA5KoQ?feature=oembed\" frameborder=\"0\" allow=\"accelerometer; autoplay; clipboard-write; encrypted-media; gyroscope; picture-in-picture; web-share\" allowfullscreen><\/iframe><\/span><\/p>\n<h3>Dove posso vederti?<\/h3>\n<p><span style=\"font-weight: 400;\">Tour di polo. continua il suo corso inarrestabile e non smette mai di stupirci. Con il tour \u201cThis life is a mess\u201d sta realizzando <strong>riempire tutte le stanze<\/strong> ovunque vada Ma ci sono ancora molte altre date da venire.<\/span><\/p>\n<p><span style=\"font-weight: 400;\">Il prossimo 5 maggio, Polo. apparir\u00e0 nella stanza <strong>Razzmatazz da Barcellona<\/strong>, dove senza dubbio conquister\u00e0 ancora una volta i suoi fan. Inoltre, il programma dell&#039;artista \u00e8 ricco di festival per l&#039;estate, come <strong>Boombastic a Madrid,<\/strong> in programma per il 16 e 17 giugno.<\/span><\/p>\n<p><span style=\"font-weight: 400;\">Siamo sicuri che gli spettacoli che ha preparato saranno unici e non vediamo l&#039;ora di vedere cosa <strong>sorprese<\/strong> Ci ha preparati. L&#039;entusiasmo cresce sempre di pi\u00f9 e non vediamo l&#039;ora di vivere questa esperienza unica con il nostro artista preferito!<\/span><\/p>\n<blockquote class=\"instagram-media\" data-instgrm-captioned=\"\" data-instgrm-permalink=\"https:\/\/www.instagram.com\/p\/CqGiZ7aMM77\/?utm_source=ig_embed&amp;utm_campaign=loading\" data-instgrm-version=\"14\" style=\" background:#FFF; border:0; border-radius:3px; box-shadow:0 0 1px 0 rgba(0,0,0,0.5),0 1px 10px 0 rgba(0,0,0,0.15); margin: 1px; max-width:658px; min-width:326px; padding:0; width:99.375%; width:-webkit-calc(100% - 2px); width:calc(100% - 2px);\">\n<\/blockquote>\n<div class=\"sharedaddy sd-block sd-like jetpack-likes-widget-wrapper jetpack-likes-widget-unloaded\" id=\"like-post-wrapper-153844979-84347-642b5a33d0fb1\" data-src=\"https:\/\/widgets.wp.com\/likes\/#blog_id=153844979&amp;post_id=84347&amp;origin=elgeneracionalpost.com&amp;obj_id=153844979-84347-642b5a33d0fb1\" data-name=\"like-post-frame-153844979-84347-642b5a33d0fb1\" data-title=\"Me gusta o Compartir\">\n<h3 class=\"sd-title\">Mi piace questa:<\/h3>\n<p><span class=\"button\"><span>Mi piace<\/span><\/span> <span class=\"loading\">Caricamento\u2026<\/span><\/p>\n<p><span class=\"sd-text-color\"\/><\/div>\n<p><h3 class=\"jp-relatedposts-headline\"><em>Imparentato<\/em><\/h3>\n<\/p>\n<\/div>\n<p><script async defer src=\"https:\/\/platform.instagram.com\/en_US\/embeds.js\"><\/script><\/p>","protected":false},"excerpt":{"rendered":"<p>La sera del 30 marzo, Pole ha portato a Madrid il suo tour &quot;Esta vida es un jaleo&quot; per emozionare... <\/p>","protected":false},"author":1,"featured_media":981,"comment_status":"open","ping_status":"open","sticky":false,"template":"","format":"standard","meta":{"fifu_image_url":"https:\/\/elgeneracionalpost.com\/wp-content\/uploads\/2023\/03\/Picsart_23-03-31_15-45-16-458.jpg","fifu_image_alt":"","footnotes":""},"categories":[35],"tags":[],"class_list":["post-979","post","type-post","status-publish","format-standard","has-post-thumbnail","hentry","category-cultura-e-lazer","latest_post"],"yoast_head":"<!-- This site is optimized with the Yoast SEO plugin v27.3 - https:\/\/yoast.com\/product\/yoast-seo-wordpress\/ -->\n<title>P\u00f3lo. faz duplo esgotado em Madrid - Tirinha.com<\/title>\n<meta name=\"robots\" content=\"index, follow, max-snippet:-1, max-image-preview:large, max-video-preview:-1\" \/>\n<link rel=\"canonical\" href=\"https:\/\/tirinha.com\/it\/979\/le-polo-vanno-a-ruba-a-madrid\/\" \/>\n<meta property=\"og:locale\" content=\"it_IT\" \/>\n<meta property=\"og:type\" content=\"article\" \/>\n<meta property=\"og:title\" content=\"P\u00f3lo. faz duplo esgotado em Madrid - Tirinha.com\" \/>\n<meta property=\"og:description\" content=\"Em 30 de mar\u00e7o \u00e0 noite, Pole. Trouxe a Madrid a sua digress\u00e3o &#8220;Esta vida es un jaleo&#8221; para emocionar &hellip;\" \/>\n<meta property=\"og:url\" content=\"https:\/\/tirinha.com\/it\/979\/le-polo-vanno-a-ruba-a-madrid\/\" \/>\n<meta property=\"og:site_name\" content=\"Tirinha.com\" \/>\n<meta property=\"article:published_time\" content=\"2023-04-03T22:59:00+00:00\" \/>\n<meta property=\"og:image\" content=\"https:\/\/elgeneracionalpost.com\/wp-content\/uploads\/2023\/03\/Picsart_23-03-31_15-45-16-458.jpg\" \/>\n<meta name=\"author\" content=\"admin\" \/>\n<meta name=\"twitter:card\" content=\"summary_large_image\" \/>\n<meta name=\"twitter:image\" content=\"https:\/\/elgeneracionalpost.com\/wp-content\/uploads\/2023\/03\/Picsart_23-03-31_15-45-16-458.jpg\" \/>\n<meta name=\"twitter:label1\" content=\"Scritto da\" \/>\n\t<meta name=\"twitter:data1\" content=\"admin\" \/>\n\t<meta name=\"twitter:label2\" content=\"Tempo di lettura stimato\" \/>\n\t<meta name=\"twitter:data2\" content=\"4 minuti\" \/>\n<script type=\"application\/ld+json\" class=\"yoast-schema-graph\">{\"@context\":\"https:\\\/\\\/schema.org\",\"@graph\":[{\"@type\":\"Article\",\"@id\":\"https:\\\/\\\/tirinha.com\\\/979\\\/polo-faz-duplo-esgotado-em-madrid\\\/#article\",\"isPartOf\":{\"@id\":\"https:\\\/\\\/tirinha.com\\\/979\\\/polo-faz-duplo-esgotado-em-madrid\\\/\"},\"author\":{\"name\":\"admin\",\"@id\":\"https:\\\/\\\/tirinha.com\\\/#\\\/schema\\\/person\\\/e22bdfbe17e0461f7e927e6a1208d4d9\"},\"headline\":\"P\u00f3lo. faz duplo esgotado em Madrid\",\"datePublished\":\"2023-04-03T22:59:00+00:00\",\"mainEntityOfPage\":{\"@id\":\"https:\\\/\\\/tirinha.com\\\/979\\\/polo-faz-duplo-esgotado-em-madrid\\\/\"},\"wordCount\":790,\"commentCount\":0,\"publisher\":{\"@id\":\"https:\\\/\\\/tirinha.com\\\/#organization\"},\"image\":{\"@id\":\"https:\\\/\\\/tirinha.com\\\/979\\\/polo-faz-duplo-esgotado-em-madrid\\\/#primaryimage\"},\"thumbnailUrl\":\"https:\\\/\\\/elgeneracionalpost.com\\\/wp-content\\\/uploads\\\/2023\\\/03\\\/Picsart_23-03-31_15-45-16-458.jpg\",\"articleSection\":[\"Cultura e lazer\"],\"inLanguage\":\"it-IT\",\"potentialAction\":[{\"@type\":\"CommentAction\",\"name\":\"Comment\",\"target\":[\"https:\\\/\\\/tirinha.com\\\/979\\\/polo-faz-duplo-esgotado-em-madrid\\\/#respond\"]}]},{\"@type\":\"WebPage\",\"@id\":\"https:\\\/\\\/tirinha.com\\\/979\\\/polo-faz-duplo-esgotado-em-madrid\\\/\",\"url\":\"https:\\\/\\\/tirinha.com\\\/979\\\/polo-faz-duplo-esgotado-em-madrid\\\/\",\"name\":\"P\u00f3lo. faz duplo esgotado em Madrid - Tirinha.com\",\"isPartOf\":{\"@id\":\"https:\\\/\\\/tirinha.com\\\/#website\"},\"primaryImageOfPage\":{\"@id\":\"https:\\\/\\\/tirinha.com\\\/979\\\/polo-faz-duplo-esgotado-em-madrid\\\/#primaryimage\"},\"image\":{\"@id\":\"https:\\\/\\\/tirinha.com\\\/979\\\/polo-faz-duplo-esgotado-em-madrid\\\/#primaryimage\"},\"thumbnailUrl\":\"https:\\\/\\\/elgeneracionalpost.com\\\/wp-content\\\/uploads\\\/2023\\\/03\\\/Picsart_23-03-31_15-45-16-458.jpg\",\"datePublished\":\"2023-04-03T22:59:00+00:00\",\"breadcrumb\":{\"@id\":\"https:\\\/\\\/tirinha.com\\\/979\\\/polo-faz-duplo-esgotado-em-madrid\\\/#breadcrumb\"},\"inLanguage\":\"it-IT\",\"potentialAction\":[{\"@type\":\"ReadAction\",\"target\":[\"https:\\\/\\\/tirinha.com\\\/979\\\/polo-faz-duplo-esgotado-em-madrid\\\/\"]}]},{\"@type\":\"ImageObject\",\"inLanguage\":\"it-IT\",\"@id\":\"https:\\\/\\\/tirinha.com\\\/979\\\/polo-faz-duplo-esgotado-em-madrid\\\/#primaryimage\",\"url\":\"https:\\\/\\\/elgeneracionalpost.com\\\/wp-content\\\/uploads\\\/2023\\\/03\\\/Picsart_23-03-31_15-45-16-458.jpg\",\"contentUrl\":\"https:\\\/\\\/elgeneracionalpost.com\\\/wp-content\\\/uploads\\\/2023\\\/03\\\/Picsart_23-03-31_15-45-16-458.jpg\"},{\"@type\":\"BreadcrumbList\",\"@id\":\"https:\\\/\\\/tirinha.com\\\/979\\\/polo-faz-duplo-esgotado-em-madrid\\\/#breadcrumb\",\"itemListElement\":[{\"@type\":\"ListItem\",\"position\":1,\"name\":\"Home\",\"item\":\"https:\\\/\\\/tirinha.com\\\/\"},{\"@type\":\"ListItem\",\"position\":2,\"name\":\"P\u00f3lo. faz duplo esgotado em Madrid\"}]},{\"@type\":\"WebSite\",\"@id\":\"https:\\\/\\\/tirinha.com\\\/#website\",\"url\":\"https:\\\/\\\/tirinha.com\\\/\",\"name\":\"Tirinha.com\",\"description\":\"Arte e livros resenhas\",\"publisher\":{\"@id\":\"https:\\\/\\\/tirinha.com\\\/#organization\"},\"potentialAction\":[{\"@type\":\"SearchAction\",\"target\":{\"@type\":\"EntryPoint\",\"urlTemplate\":\"https:\\\/\\\/tirinha.com\\\/?s={search_term_string}\"},\"query-input\":{\"@type\":\"PropertyValueSpecification\",\"valueRequired\":true,\"valueName\":\"search_term_string\"}}],\"inLanguage\":\"it-IT\"},{\"@type\":\"Organization\",\"@id\":\"https:\\\/\\\/tirinha.com\\\/#organization\",\"name\":\"Tirinha.com\",\"url\":\"https:\\\/\\\/tirinha.com\\\/\",\"logo\":{\"@type\":\"ImageObject\",\"inLanguage\":\"it-IT\",\"@id\":\"https:\\\/\\\/tirinha.com\\\/#\\\/schema\\\/logo\\\/image\\\/\",\"url\":\"https:\\\/\\\/tirinha.com\\\/wp-content\\\/uploads\\\/2023\\\/08\\\/cropped-Logo-Tirinha.webp\",\"contentUrl\":\"https:\\\/\\\/tirinha.com\\\/wp-content\\\/uploads\\\/2023\\\/08\\\/cropped-Logo-Tirinha.webp\",\"width\":512,\"height\":512,\"caption\":\"Tirinha.com\"},\"image\":{\"@id\":\"https:\\\/\\\/tirinha.com\\\/#\\\/schema\\\/logo\\\/image\\\/\"}},{\"@type\":\"Person\",\"@id\":\"https:\\\/\\\/tirinha.com\\\/#\\\/schema\\\/person\\\/e22bdfbe17e0461f7e927e6a1208d4d9\",\"name\":\"admin\",\"image\":{\"@type\":\"ImageObject\",\"inLanguage\":\"it-IT\",\"@id\":\"https:\\\/\\\/tirinha.com\\\/wp-content\\\/litespeed\\\/avatar\\\/d0068f7931cc87d7274eb0c3db1deb4b.jpg?ver=1777434315\",\"url\":\"https:\\\/\\\/tirinha.com\\\/wp-content\\\/litespeed\\\/avatar\\\/d0068f7931cc87d7274eb0c3db1deb4b.jpg?ver=1777434315\",\"contentUrl\":\"https:\\\/\\\/tirinha.com\\\/wp-content\\\/litespeed\\\/avatar\\\/d0068f7931cc87d7274eb0c3db1deb4b.jpg?ver=1777434315\",\"caption\":\"admin\"},\"sameAs\":[\"https:\\\/\\\/tirinha.com\"],\"url\":\"https:\\\/\\\/tirinha.com\\\/it\\\/author\\\/admin\\\/\"}]}<\/script>\n<!-- \/ Yoast SEO plugin. -->","yoast_head_json":{"title":"Polo. Doppio sold out a Madrid - Tirinha.com","robots":{"index":"index","follow":"follow","max-snippet":"max-snippet:-1","max-image-preview":"max-image-preview:large","max-video-preview":"max-video-preview:-1"},"canonical":"https:\/\/tirinha.com\/it\/979\/le-polo-vanno-a-ruba-a-madrid\/","og_locale":"it_IT","og_type":"article","og_title":"P\u00f3lo. faz duplo esgotado em Madrid - Tirinha.com","og_description":"Em 30 de mar\u00e7o \u00e0 noite, Pole. Trouxe a Madrid a sua digress\u00e3o &#8220;Esta vida es un jaleo&#8221; para emocionar &hellip;","og_url":"https:\/\/tirinha.com\/it\/979\/le-polo-vanno-a-ruba-a-madrid\/","og_site_name":"Tirinha.com","article_published_time":"2023-04-03T22:59:00+00:00","og_image":[{"url":"https:\/\/elgeneracionalpost.com\/wp-content\/uploads\/2023\/03\/Picsart_23-03-31_15-45-16-458.jpg","type":"","width":"","height":""}],"author":"admin","twitter_card":"summary_large_image","twitter_image":"https:\/\/elgeneracionalpost.com\/wp-content\/uploads\/2023\/03\/Picsart_23-03-31_15-45-16-458.jpg","twitter_misc":{"Scritto da":"admin","Tempo di lettura stimato":"4 minuti"},"schema":{"@context":"https:\/\/schema.org","@graph":[{"@type":"Article","@id":"https:\/\/tirinha.com\/979\/polo-faz-duplo-esgotado-em-madrid\/#article","isPartOf":{"@id":"https:\/\/tirinha.com\/979\/polo-faz-duplo-esgotado-em-madrid\/"},"author":{"name":"admin","@id":"https:\/\/tirinha.com\/#\/schema\/person\/e22bdfbe17e0461f7e927e6a1208d4d9"},"headline":"P\u00f3lo. faz duplo esgotado em Madrid","datePublished":"2023-04-03T22:59:00+00:00","mainEntityOfPage":{"@id":"https:\/\/tirinha.com\/979\/polo-faz-duplo-esgotado-em-madrid\/"},"wordCount":790,"commentCount":0,"publisher":{"@id":"https:\/\/tirinha.com\/#organization"},"image":{"@id":"https:\/\/tirinha.com\/979\/polo-faz-duplo-esgotado-em-madrid\/#primaryimage"},"thumbnailUrl":"https:\/\/elgeneracionalpost.com\/wp-content\/uploads\/2023\/03\/Picsart_23-03-31_15-45-16-458.jpg","articleSection":["Cultura e lazer"],"inLanguage":"it-IT","potentialAction":[{"@type":"CommentAction","name":"Comment","target":["https:\/\/tirinha.com\/979\/polo-faz-duplo-esgotado-em-madrid\/#respond"]}]},{"@type":"WebPage","@id":"https:\/\/tirinha.com\/979\/polo-faz-duplo-esgotado-em-madrid\/","url":"https:\/\/tirinha.com\/979\/polo-faz-duplo-esgotado-em-madrid\/","name":"Polo. Doppio sold out a Madrid - Tirinha.com","isPartOf":{"@id":"https:\/\/tirinha.com\/#website"},"primaryImageOfPage":{"@id":"https:\/\/tirinha.com\/979\/polo-faz-duplo-esgotado-em-madrid\/#primaryimage"},"image":{"@id":"https:\/\/tirinha.com\/979\/polo-faz-duplo-esgotado-em-madrid\/#primaryimage"},"thumbnailUrl":"https:\/\/elgeneracionalpost.com\/wp-content\/uploads\/2023\/03\/Picsart_23-03-31_15-45-16-458.jpg","datePublished":"2023-04-03T22:59:00+00:00","breadcrumb":{"@id":"https:\/\/tirinha.com\/979\/polo-faz-duplo-esgotado-em-madrid\/#breadcrumb"},"inLanguage":"it-IT","potentialAction":[{"@type":"ReadAction","target":["https:\/\/tirinha.com\/979\/polo-faz-duplo-esgotado-em-madrid\/"]}]},{"@type":"ImageObject","inLanguage":"it-IT","@id":"https:\/\/tirinha.com\/979\/polo-faz-duplo-esgotado-em-madrid\/#primaryimage","url":"https:\/\/elgeneracionalpost.com\/wp-content\/uploads\/2023\/03\/Picsart_23-03-31_15-45-16-458.jpg","contentUrl":"https:\/\/elgeneracionalpost.com\/wp-content\/uploads\/2023\/03\/Picsart_23-03-31_15-45-16-458.jpg"},{"@type":"BreadcrumbList","@id":"https:\/\/tirinha.com\/979\/polo-faz-duplo-esgotado-em-madrid\/#breadcrumb","itemListElement":[{"@type":"ListItem","position":1,"name":"Home","item":"https:\/\/tirinha.com\/"},{"@type":"ListItem","position":2,"name":"P\u00f3lo. faz duplo esgotado em Madrid"}]},{"@type":"WebSite","@id":"https:\/\/tirinha.com\/#website","url":"https:\/\/tirinha.com\/","name":"Fumetto.com","description":"Recensioni di arte e libri","publisher":{"@id":"https:\/\/tirinha.com\/#organization"},"potentialAction":[{"@type":"SearchAction","target":{"@type":"EntryPoint","urlTemplate":"https:\/\/tirinha.com\/?s={search_term_string}"},"query-input":{"@type":"PropertyValueSpecification","valueRequired":true,"valueName":"search_term_string"}}],"inLanguage":"it-IT"},{"@type":"Organization","@id":"https:\/\/tirinha.com\/#organization","name":"Fumetto.com","url":"https:\/\/tirinha.com\/","logo":{"@type":"ImageObject","inLanguage":"it-IT","@id":"https:\/\/tirinha.com\/#\/schema\/logo\/image\/","url":"https:\/\/tirinha.com\/wp-content\/uploads\/2023\/08\/cropped-Logo-Tirinha.webp","contentUrl":"https:\/\/tirinha.com\/wp-content\/uploads\/2023\/08\/cropped-Logo-Tirinha.webp","width":512,"height":512,"caption":"Tirinha.com"},"image":{"@id":"https:\/\/tirinha.com\/#\/schema\/logo\/image\/"}},{"@type":"Person","@id":"https:\/\/tirinha.com\/#\/schema\/person\/e22bdfbe17e0461f7e927e6a1208d4d9","name":"amministratore","image":{"@type":"ImageObject","inLanguage":"it-IT","@id":"https:\/\/tirinha.com\/wp-content\/litespeed\/avatar\/d0068f7931cc87d7274eb0c3db1deb4b.jpg?ver=1777434315","url":"https:\/\/tirinha.com\/wp-content\/litespeed\/avatar\/d0068f7931cc87d7274eb0c3db1deb4b.jpg?ver=1777434315","contentUrl":"https:\/\/tirinha.com\/wp-content\/litespeed\/avatar\/d0068f7931cc87d7274eb0c3db1deb4b.jpg?ver=1777434315","caption":"admin"},"sameAs":["https:\/\/tirinha.com"],"url":"https:\/\/tirinha.com\/it\/author\/admin\/"}]}},"_links":{"self":[{"href":"https:\/\/tirinha.com\/it\/wp-json\/wp\/v2\/posts\/979","targetHints":{"allow":["GET"]}}],"collection":[{"href":"https:\/\/tirinha.com\/it\/wp-json\/wp\/v2\/posts"}],"about":[{"href":"https:\/\/tirinha.com\/it\/wp-json\/wp\/v2\/types\/post"}],"author":[{"embeddable":true,"href":"https:\/\/tirinha.com\/it\/wp-json\/wp\/v2\/users\/1"}],"replies":[{"embeddable":true,"href":"https:\/\/tirinha.com\/it\/wp-json\/wp\/v2\/comments?post=979"}],"version-history":[{"count":0,"href":"https:\/\/tirinha.com\/it\/wp-json\/wp\/v2\/posts\/979\/revisions"}],"wp:featuredmedia":[{"embeddable":true,"href":"https:\/\/tirinha.com\/it\/wp-json\/wp\/v2\/media\/981"}],"wp:attachment":[{"href":"https:\/\/tirinha.com\/it\/wp-json\/wp\/v2\/media?parent=979"}],"wp:term":[{"taxonomy":"category","embeddable":true,"href":"https:\/\/tirinha.com\/it\/wp-json\/wp\/v2\/categories?post=979"},{"taxonomy":"post_tag","embeddable":true,"href":"https:\/\/tirinha.com\/it\/wp-json\/wp\/v2\/tags?post=979"}],"curies":[{"name":"parola chiave","href":"https:\/\/api.w.org\/{rel}","templated":true}]}}