{"id":962,"date":"2023-04-03T22:50:03","date_gmt":"2023-04-03T22:50:03","guid":{"rendered":"https:\/\/tirinha.com\/compositor-japones-ryuichi-sakamoto-morre-aos-71-anos\/"},"modified":"2023-04-03T22:50:03","modified_gmt":"2023-04-03T22:50:03","slug":"il-compositore-giapponese-ryuichi-sakamoto-e-morto-alleta-di-71-anni","status":"publish","type":"post","link":"https:\/\/tirinha.com\/it\/962\/compositor-japones-ryuichi-sakamoto-morre-aos-71-anos\/","title":{"rendered":"Muore a 71 anni il compositore giapponese Ryuichi Sakamoto"},"content":{"rendered":"<p><\/p>\n<p>        compositore giapponese <strong>Ryuchi Sakamoto<\/strong>, <strong>uno dei grandi visionari della musica degli ultimi decenni<\/strong>, sperimentatore di vari stili e autore di colonne sonore indimenticabili, \u00e8 scomparso il 28 marzo all&#039;et\u00e0 di 71 anni, hanno annunciato domenica i suoi rappresentanti. La morte dell&#039;artista era purtroppo una notizia attesa. Lui stesso aveva dichiarato di recente di soffrire di un cancro al colon-retto in uno stadio molto avanzato, che poteva portare solo alla morte, e aveva dedicato la sua vita a questa lotta. <strong>ultimo record, <\/strong><em><strong>12<\/strong><\/em><strong>,<\/strong> pubblicato qualche mese fa e una sorta di diario musicale di quest&#039;ultima fase della sua vita in cui sono catturati i suoi diversi stati d&#039;animo.\n<\/p>\n<div>\n<p class=\"article-body__text\">\n<p>        \u201cMentre era in cura per un cancro scoperto nel giugno 2020,<strong> <\/strong>Sakamoto continu\u00f2 a creare posti di lavoro ogni volta che la sua salute glielo consentiva. <strong>Ha vissuto con la musica fino alla fine<\/strong>&quot;, ha sottolineato la sua agenzia, <strong>comune<\/strong>nel comunicato con cui ha reso pubblica su Twitter la sua morte.\n<\/p>\n<div class=\"article-body__embed\">\n<blockquote class=\"twitter-tweet\" data-lang=\"es\">\n<p lang=\"zxx\" dir=\"ltr\"><a href=\"https:\/\/t.co\/Fq0hRyp5F4\">foto.twitter.com\/Fq0hRyp5F4<\/a><\/p>\n<p>\u2014commons (@commons) <a href=\"https:\/\/twitter.com\/commmons\/status\/1642507718832586754?ref_src=twsrc%5Etfw\">2 aprile 2023<\/a><\/p><\/blockquote>\n<\/div>\n<p class=\"article-body__text\">\n<p>        formato come <strong>pianista con un piede nella tradizione giapponese e l&#039;altro nella musica classica<\/strong>con <strong>Debussy <\/strong>E <strong>Ravel <\/strong>come riferimenti principali, Sakamoto \u00e8 stato uno dei fondatori alla fine degli anni &#039;70 di <strong>Orchestra Magica Gialla<\/strong>, formazione che ha aperto nuove strade al pop ed \u00e8 all&#039;origine di diversi stili di musica elettronica. Nel 1978 pubblic\u00f2 il suo primo album da solista, <em>Mille coltelli di Ryuchi Sakamoto<\/em>dove si immerse nella musica tradizionale del suo paese e continu\u00f2 a sperimentare con l&#039;elettronica aprendo le porte a quello che sarebbe diventato <strong>lo stile per il quale sarebbe finito per essere maggiormente riconosciuto, il minimalismo<\/strong> che si sarebbe poi svilupp\u00f2 in infinite composizioni dal sapore neoclassico e anche in colonne sonore che avrebbero finito per renderlo un compositore di fama mondiale. Il primo era <em>Buon Natale signor Lawrence<\/em> (1983), un film diretto dal suo connazionale Nagisha Oshima, a cui ne seguiranno altri come <em>L&#039;ultimo imperatore<\/em> (1987), realizzato in collaborazione con <strong>Davide Byrne<\/strong> e quanto varrebbe <strong>un oscar<\/strong>, <em>il cielo protettivo <\/em>(1990) o <em>il fantasma<\/em> (2015). A <strong>Pedro Almod\u00f3var<\/strong> ha scritto la colonna sonora per <em>scarpe con tacco alto<\/em> (1991), sebbene nessuno dei due fosse soddisfatto del proprio lavoro.\n<\/p>\n<p>\n    <iframe title=\"Ryuichi Sakamoto - Il cielo al riparo\" width=\"790\" height=\"444\" src=\"https:\/\/www.youtube.com\/embed\/xLRpPISVgoA?feature=oembed\" frameborder=\"0\" allow=\"accelerometer; autoplay; clipboard-write; encrypted-media; gyroscope; picture-in-picture; web-share\" allowfullscreen><\/iframe>\n<\/p>\n<p class=\"article-body__text\">\n<p>        Nel 1992, Sakamoto compose un pezzo, <em>il Mar Mediterraneo<\/em>per il<strong> apertura dei Giochi Olimpici di Barcellona<\/strong>. Fin dagli studi universitari, il giapponese fu un profondo conoscitore non solo della tradizione musicale nipponica, ma anche di varie musiche del mondo, essendo stato per alcuni anni molto vicino a quella brasiliana. Ha collaborato con musicisti di vari stili e provenienze come <strong>Caetano Veloso<\/strong>, <strong>Iggy Pop<\/strong>, <strong>Youssou N&#039;Dour<\/strong> Qualunque <strong>Bill Laswell.<\/strong> Con un altro grande innovatore musicale, <strong>David Bowie<\/strong>coincise con le riprese di<em> Buon Natale signor Louren\u00e7o<\/em>, uno dei film in cui Sakamoto ha recitato anche come attore. Anni dopo si sarebbe pentito di non aver coltivato pi\u00f9 amicizia con lui. Ha fatto anche musica per diversi <strong>videogioco<\/strong>ed era un artista impegnato in <strong>attivismo anti-nucleare <\/strong>e contro le leggi che tutelano il diritto d&#039;autore.\n<\/p>\n<p class=\"article-body__text\">\n<p>        Sakamoto aveva gi\u00e0 sofferto qualche anno fa <strong>un altro cancro, in questo caso della laringe<\/strong>da cui si \u00e8 ripreso e che ha raccontato in un documentario sulla sua carriera, <em>coda<\/em>, visibile su Filmin. Artista dal carattere riservato ed estremamente perfezionista, qualche anno fa \u00e8 diventato celebre l&#039;aneddoto secondo cui, disgustato dalla musica di sottofondo del suo ristorante giapponese preferito a New York, dove viveva, si offr\u00ec di <strong>crea una playlist in armonia con la tua offerta culinaria. <\/strong>Il raffinato compositore di colonne sonore, l&#039;artista che ha collocato la musica in una certa concezione della modernit\u00e0, sempre a met\u00e0 strada tra tradizione e avanguardia, non poteva esimersi dal farlo anche negli spazi pi\u00f9 profani da lui frequentati.\n<\/p>\n<\/p><\/div>\n<p><script async src=\"\/\/platform.twitter.com\/widgets.js\" charset=\"utf-8\"><\/script><\/p>","protected":false},"excerpt":{"rendered":"<p>Il compositore giapponese Ryuchi Sakamoto, uno dei grandi visionari musicali degli ultimi decenni, sperimentatore di vari stili e autore di \u2026 <\/p>","protected":false},"author":1,"featured_media":964,"comment_status":"open","ping_status":"open","sticky":false,"template":"","format":"standard","meta":{"fifu_image_url":"https:\/\/estaticos-cdn.prensaiberica.es\/clip\/3c50a511-c131-4647-8309-55eaecce0925_16-9-aspect-ratio_default_0.jpg","fifu_image_alt":"","footnotes":""},"categories":[35],"tags":[],"class_list":["post-962","post","type-post","status-publish","format-standard","has-post-thumbnail","hentry","category-cultura-e-lazer","latest_post"],"yoast_head":"<!-- This site is optimized with the Yoast SEO plugin v27.3 - https:\/\/yoast.com\/product\/yoast-seo-wordpress\/ -->\n<title>Compositor japon\u00eas Ryuichi Sakamoto morre aos 71 anos - Tirinha.com<\/title>\n<meta name=\"robots\" content=\"index, follow, max-snippet:-1, max-image-preview:large, max-video-preview:-1\" \/>\n<link rel=\"canonical\" href=\"https:\/\/tirinha.com\/it\/962\/il-compositore-giapponese-ryuichi-sakamoto-e-morto-alleta-di-71-anni\/\" \/>\n<meta property=\"og:locale\" content=\"it_IT\" \/>\n<meta property=\"og:type\" content=\"article\" \/>\n<meta property=\"og:title\" content=\"Compositor japon\u00eas Ryuichi Sakamoto morre aos 71 anos - Tirinha.com\" \/>\n<meta property=\"og:description\" content=\"compositor japon\u00eas ryuchi sakamoto, um dos grandes vision\u00e1rios da m\u00fasica das \u00faltimas d\u00e9cadas, experimentador de v\u00e1rios estilos e autor de &hellip;\" \/>\n<meta property=\"og:url\" content=\"https:\/\/tirinha.com\/it\/962\/il-compositore-giapponese-ryuichi-sakamoto-e-morto-alleta-di-71-anni\/\" \/>\n<meta property=\"og:site_name\" content=\"Tirinha.com\" \/>\n<meta property=\"article:published_time\" content=\"2023-04-03T22:50:03+00:00\" \/>\n<meta property=\"og:image\" content=\"https:\/\/estaticos-cdn.prensaiberica.es\/clip\/3c50a511-c131-4647-8309-55eaecce0925_16-9-aspect-ratio_default_0.jpg\" \/>\n<meta name=\"author\" content=\"admin\" \/>\n<meta name=\"twitter:card\" content=\"summary_large_image\" \/>\n<meta name=\"twitter:image\" content=\"https:\/\/estaticos-cdn.prensaiberica.es\/clip\/3c50a511-c131-4647-8309-55eaecce0925_16-9-aspect-ratio_default_0.jpg\" \/>\n<meta name=\"twitter:label1\" content=\"Scritto da\" \/>\n\t<meta name=\"twitter:data1\" content=\"admin\" \/>\n\t<meta name=\"twitter:label2\" content=\"Tempo di lettura stimato\" \/>\n\t<meta name=\"twitter:data2\" content=\"3 minuti\" \/>\n<script type=\"application\/ld+json\" class=\"yoast-schema-graph\">{\"@context\":\"https:\\\/\\\/schema.org\",\"@graph\":[{\"@type\":\"Article\",\"@id\":\"https:\\\/\\\/tirinha.com\\\/962\\\/compositor-japones-ryuichi-sakamoto-morre-aos-71-anos\\\/#article\",\"isPartOf\":{\"@id\":\"https:\\\/\\\/tirinha.com\\\/962\\\/compositor-japones-ryuichi-sakamoto-morre-aos-71-anos\\\/\"},\"author\":{\"name\":\"admin\",\"@id\":\"https:\\\/\\\/tirinha.com\\\/#\\\/schema\\\/person\\\/e22bdfbe17e0461f7e927e6a1208d4d9\"},\"headline\":\"Compositor japon\u00eas Ryuichi Sakamoto morre aos 71 anos\",\"datePublished\":\"2023-04-03T22:50:03+00:00\",\"mainEntityOfPage\":{\"@id\":\"https:\\\/\\\/tirinha.com\\\/962\\\/compositor-japones-ryuichi-sakamoto-morre-aos-71-anos\\\/\"},\"wordCount\":666,\"commentCount\":0,\"publisher\":{\"@id\":\"https:\\\/\\\/tirinha.com\\\/#organization\"},\"image\":{\"@id\":\"https:\\\/\\\/tirinha.com\\\/962\\\/compositor-japones-ryuichi-sakamoto-morre-aos-71-anos\\\/#primaryimage\"},\"thumbnailUrl\":\"https:\\\/\\\/estaticos-cdn.prensaiberica.es\\\/clip\\\/3c50a511-c131-4647-8309-55eaecce0925_16-9-aspect-ratio_default_0.jpg\",\"articleSection\":[\"Cultura e lazer\"],\"inLanguage\":\"it-IT\",\"potentialAction\":[{\"@type\":\"CommentAction\",\"name\":\"Comment\",\"target\":[\"https:\\\/\\\/tirinha.com\\\/962\\\/compositor-japones-ryuichi-sakamoto-morre-aos-71-anos\\\/#respond\"]}]},{\"@type\":\"WebPage\",\"@id\":\"https:\\\/\\\/tirinha.com\\\/962\\\/compositor-japones-ryuichi-sakamoto-morre-aos-71-anos\\\/\",\"url\":\"https:\\\/\\\/tirinha.com\\\/962\\\/compositor-japones-ryuichi-sakamoto-morre-aos-71-anos\\\/\",\"name\":\"Compositor japon\u00eas Ryuichi Sakamoto morre aos 71 anos - Tirinha.com\",\"isPartOf\":{\"@id\":\"https:\\\/\\\/tirinha.com\\\/#website\"},\"primaryImageOfPage\":{\"@id\":\"https:\\\/\\\/tirinha.com\\\/962\\\/compositor-japones-ryuichi-sakamoto-morre-aos-71-anos\\\/#primaryimage\"},\"image\":{\"@id\":\"https:\\\/\\\/tirinha.com\\\/962\\\/compositor-japones-ryuichi-sakamoto-morre-aos-71-anos\\\/#primaryimage\"},\"thumbnailUrl\":\"https:\\\/\\\/estaticos-cdn.prensaiberica.es\\\/clip\\\/3c50a511-c131-4647-8309-55eaecce0925_16-9-aspect-ratio_default_0.jpg\",\"datePublished\":\"2023-04-03T22:50:03+00:00\",\"breadcrumb\":{\"@id\":\"https:\\\/\\\/tirinha.com\\\/962\\\/compositor-japones-ryuichi-sakamoto-morre-aos-71-anos\\\/#breadcrumb\"},\"inLanguage\":\"it-IT\",\"potentialAction\":[{\"@type\":\"ReadAction\",\"target\":[\"https:\\\/\\\/tirinha.com\\\/962\\\/compositor-japones-ryuichi-sakamoto-morre-aos-71-anos\\\/\"]}]},{\"@type\":\"ImageObject\",\"inLanguage\":\"it-IT\",\"@id\":\"https:\\\/\\\/tirinha.com\\\/962\\\/compositor-japones-ryuichi-sakamoto-morre-aos-71-anos\\\/#primaryimage\",\"url\":\"https:\\\/\\\/estaticos-cdn.prensaiberica.es\\\/clip\\\/3c50a511-c131-4647-8309-55eaecce0925_16-9-aspect-ratio_default_0.jpg\",\"contentUrl\":\"https:\\\/\\\/estaticos-cdn.prensaiberica.es\\\/clip\\\/3c50a511-c131-4647-8309-55eaecce0925_16-9-aspect-ratio_default_0.jpg\"},{\"@type\":\"BreadcrumbList\",\"@id\":\"https:\\\/\\\/tirinha.com\\\/962\\\/compositor-japones-ryuichi-sakamoto-morre-aos-71-anos\\\/#breadcrumb\",\"itemListElement\":[{\"@type\":\"ListItem\",\"position\":1,\"name\":\"Home\",\"item\":\"https:\\\/\\\/tirinha.com\\\/\"},{\"@type\":\"ListItem\",\"position\":2,\"name\":\"Compositor japon\u00eas Ryuichi Sakamoto morre aos 71 anos\"}]},{\"@type\":\"WebSite\",\"@id\":\"https:\\\/\\\/tirinha.com\\\/#website\",\"url\":\"https:\\\/\\\/tirinha.com\\\/\",\"name\":\"Tirinha.com\",\"description\":\"Arte e livros resenhas\",\"publisher\":{\"@id\":\"https:\\\/\\\/tirinha.com\\\/#organization\"},\"potentialAction\":[{\"@type\":\"SearchAction\",\"target\":{\"@type\":\"EntryPoint\",\"urlTemplate\":\"https:\\\/\\\/tirinha.com\\\/?s={search_term_string}\"},\"query-input\":{\"@type\":\"PropertyValueSpecification\",\"valueRequired\":true,\"valueName\":\"search_term_string\"}}],\"inLanguage\":\"it-IT\"},{\"@type\":\"Organization\",\"@id\":\"https:\\\/\\\/tirinha.com\\\/#organization\",\"name\":\"Tirinha.com\",\"url\":\"https:\\\/\\\/tirinha.com\\\/\",\"logo\":{\"@type\":\"ImageObject\",\"inLanguage\":\"it-IT\",\"@id\":\"https:\\\/\\\/tirinha.com\\\/#\\\/schema\\\/logo\\\/image\\\/\",\"url\":\"https:\\\/\\\/tirinha.com\\\/wp-content\\\/uploads\\\/2023\\\/08\\\/cropped-Logo-Tirinha.webp\",\"contentUrl\":\"https:\\\/\\\/tirinha.com\\\/wp-content\\\/uploads\\\/2023\\\/08\\\/cropped-Logo-Tirinha.webp\",\"width\":512,\"height\":512,\"caption\":\"Tirinha.com\"},\"image\":{\"@id\":\"https:\\\/\\\/tirinha.com\\\/#\\\/schema\\\/logo\\\/image\\\/\"}},{\"@type\":\"Person\",\"@id\":\"https:\\\/\\\/tirinha.com\\\/#\\\/schema\\\/person\\\/e22bdfbe17e0461f7e927e6a1208d4d9\",\"name\":\"admin\",\"image\":{\"@type\":\"ImageObject\",\"inLanguage\":\"it-IT\",\"@id\":\"https:\\\/\\\/tirinha.com\\\/wp-content\\\/litespeed\\\/avatar\\\/d0068f7931cc87d7274eb0c3db1deb4b.jpg?ver=1776829466\",\"url\":\"https:\\\/\\\/tirinha.com\\\/wp-content\\\/litespeed\\\/avatar\\\/d0068f7931cc87d7274eb0c3db1deb4b.jpg?ver=1776829466\",\"contentUrl\":\"https:\\\/\\\/tirinha.com\\\/wp-content\\\/litespeed\\\/avatar\\\/d0068f7931cc87d7274eb0c3db1deb4b.jpg?ver=1776829466\",\"caption\":\"admin\"},\"sameAs\":[\"https:\\\/\\\/tirinha.com\"],\"url\":\"https:\\\/\\\/tirinha.com\\\/it\\\/author\\\/admin\\\/\"}]}<\/script>\n<!-- \/ Yoast SEO plugin. -->","yoast_head_json":{"title":"Il compositore giapponese Ryuichi Sakamoto \u00e8 morto all&#039;et\u00e0 di 71 anni - Tirinha.com","robots":{"index":"index","follow":"follow","max-snippet":"max-snippet:-1","max-image-preview":"max-image-preview:large","max-video-preview":"max-video-preview:-1"},"canonical":"https:\/\/tirinha.com\/it\/962\/il-compositore-giapponese-ryuichi-sakamoto-e-morto-alleta-di-71-anni\/","og_locale":"it_IT","og_type":"article","og_title":"Compositor japon\u00eas Ryuichi Sakamoto morre aos 71 anos - Tirinha.com","og_description":"compositor japon\u00eas ryuchi sakamoto, um dos grandes vision\u00e1rios da m\u00fasica das \u00faltimas d\u00e9cadas, experimentador de v\u00e1rios estilos e autor de &hellip;","og_url":"https:\/\/tirinha.com\/it\/962\/il-compositore-giapponese-ryuichi-sakamoto-e-morto-alleta-di-71-anni\/","og_site_name":"Tirinha.com","article_published_time":"2023-04-03T22:50:03+00:00","og_image":[{"url":"https:\/\/estaticos-cdn.prensaiberica.es\/clip\/3c50a511-c131-4647-8309-55eaecce0925_16-9-aspect-ratio_default_0.jpg","type":"","width":"","height":""}],"author":"admin","twitter_card":"summary_large_image","twitter_image":"https:\/\/estaticos-cdn.prensaiberica.es\/clip\/3c50a511-c131-4647-8309-55eaecce0925_16-9-aspect-ratio_default_0.jpg","twitter_misc":{"Scritto da":"admin","Tempo di lettura stimato":"3 minuti"},"schema":{"@context":"https:\/\/schema.org","@graph":[{"@type":"Article","@id":"https:\/\/tirinha.com\/962\/compositor-japones-ryuichi-sakamoto-morre-aos-71-anos\/#article","isPartOf":{"@id":"https:\/\/tirinha.com\/962\/compositor-japones-ryuichi-sakamoto-morre-aos-71-anos\/"},"author":{"name":"admin","@id":"https:\/\/tirinha.com\/#\/schema\/person\/e22bdfbe17e0461f7e927e6a1208d4d9"},"headline":"Compositor japon\u00eas Ryuichi Sakamoto morre aos 71 anos","datePublished":"2023-04-03T22:50:03+00:00","mainEntityOfPage":{"@id":"https:\/\/tirinha.com\/962\/compositor-japones-ryuichi-sakamoto-morre-aos-71-anos\/"},"wordCount":666,"commentCount":0,"publisher":{"@id":"https:\/\/tirinha.com\/#organization"},"image":{"@id":"https:\/\/tirinha.com\/962\/compositor-japones-ryuichi-sakamoto-morre-aos-71-anos\/#primaryimage"},"thumbnailUrl":"https:\/\/estaticos-cdn.prensaiberica.es\/clip\/3c50a511-c131-4647-8309-55eaecce0925_16-9-aspect-ratio_default_0.jpg","articleSection":["Cultura e lazer"],"inLanguage":"it-IT","potentialAction":[{"@type":"CommentAction","name":"Comment","target":["https:\/\/tirinha.com\/962\/compositor-japones-ryuichi-sakamoto-morre-aos-71-anos\/#respond"]}]},{"@type":"WebPage","@id":"https:\/\/tirinha.com\/962\/compositor-japones-ryuichi-sakamoto-morre-aos-71-anos\/","url":"https:\/\/tirinha.com\/962\/compositor-japones-ryuichi-sakamoto-morre-aos-71-anos\/","name":"Il compositore giapponese Ryuichi Sakamoto \u00e8 morto all&#039;et\u00e0 di 71 anni - Tirinha.com","isPartOf":{"@id":"https:\/\/tirinha.com\/#website"},"primaryImageOfPage":{"@id":"https:\/\/tirinha.com\/962\/compositor-japones-ryuichi-sakamoto-morre-aos-71-anos\/#primaryimage"},"image":{"@id":"https:\/\/tirinha.com\/962\/compositor-japones-ryuichi-sakamoto-morre-aos-71-anos\/#primaryimage"},"thumbnailUrl":"https:\/\/estaticos-cdn.prensaiberica.es\/clip\/3c50a511-c131-4647-8309-55eaecce0925_16-9-aspect-ratio_default_0.jpg","datePublished":"2023-04-03T22:50:03+00:00","breadcrumb":{"@id":"https:\/\/tirinha.com\/962\/compositor-japones-ryuichi-sakamoto-morre-aos-71-anos\/#breadcrumb"},"inLanguage":"it-IT","potentialAction":[{"@type":"ReadAction","target":["https:\/\/tirinha.com\/962\/compositor-japones-ryuichi-sakamoto-morre-aos-71-anos\/"]}]},{"@type":"ImageObject","inLanguage":"it-IT","@id":"https:\/\/tirinha.com\/962\/compositor-japones-ryuichi-sakamoto-morre-aos-71-anos\/#primaryimage","url":"https:\/\/estaticos-cdn.prensaiberica.es\/clip\/3c50a511-c131-4647-8309-55eaecce0925_16-9-aspect-ratio_default_0.jpg","contentUrl":"https:\/\/estaticos-cdn.prensaiberica.es\/clip\/3c50a511-c131-4647-8309-55eaecce0925_16-9-aspect-ratio_default_0.jpg"},{"@type":"BreadcrumbList","@id":"https:\/\/tirinha.com\/962\/compositor-japones-ryuichi-sakamoto-morre-aos-71-anos\/#breadcrumb","itemListElement":[{"@type":"ListItem","position":1,"name":"Home","item":"https:\/\/tirinha.com\/"},{"@type":"ListItem","position":2,"name":"Compositor japon\u00eas Ryuichi Sakamoto morre aos 71 anos"}]},{"@type":"WebSite","@id":"https:\/\/tirinha.com\/#website","url":"https:\/\/tirinha.com\/","name":"Fumetto.com","description":"Recensioni di arte e libri","publisher":{"@id":"https:\/\/tirinha.com\/#organization"},"potentialAction":[{"@type":"SearchAction","target":{"@type":"EntryPoint","urlTemplate":"https:\/\/tirinha.com\/?s={search_term_string}"},"query-input":{"@type":"PropertyValueSpecification","valueRequired":true,"valueName":"search_term_string"}}],"inLanguage":"it-IT"},{"@type":"Organization","@id":"https:\/\/tirinha.com\/#organization","name":"Fumetto.com","url":"https:\/\/tirinha.com\/","logo":{"@type":"ImageObject","inLanguage":"it-IT","@id":"https:\/\/tirinha.com\/#\/schema\/logo\/image\/","url":"https:\/\/tirinha.com\/wp-content\/uploads\/2023\/08\/cropped-Logo-Tirinha.webp","contentUrl":"https:\/\/tirinha.com\/wp-content\/uploads\/2023\/08\/cropped-Logo-Tirinha.webp","width":512,"height":512,"caption":"Tirinha.com"},"image":{"@id":"https:\/\/tirinha.com\/#\/schema\/logo\/image\/"}},{"@type":"Person","@id":"https:\/\/tirinha.com\/#\/schema\/person\/e22bdfbe17e0461f7e927e6a1208d4d9","name":"amministratore","image":{"@type":"ImageObject","inLanguage":"it-IT","@id":"https:\/\/tirinha.com\/wp-content\/litespeed\/avatar\/d0068f7931cc87d7274eb0c3db1deb4b.jpg?ver=1776829466","url":"https:\/\/tirinha.com\/wp-content\/litespeed\/avatar\/d0068f7931cc87d7274eb0c3db1deb4b.jpg?ver=1776829466","contentUrl":"https:\/\/tirinha.com\/wp-content\/litespeed\/avatar\/d0068f7931cc87d7274eb0c3db1deb4b.jpg?ver=1776829466","caption":"admin"},"sameAs":["https:\/\/tirinha.com"],"url":"https:\/\/tirinha.com\/it\/author\/admin\/"}]}},"_links":{"self":[{"href":"https:\/\/tirinha.com\/it\/wp-json\/wp\/v2\/posts\/962","targetHints":{"allow":["GET"]}}],"collection":[{"href":"https:\/\/tirinha.com\/it\/wp-json\/wp\/v2\/posts"}],"about":[{"href":"https:\/\/tirinha.com\/it\/wp-json\/wp\/v2\/types\/post"}],"author":[{"embeddable":true,"href":"https:\/\/tirinha.com\/it\/wp-json\/wp\/v2\/users\/1"}],"replies":[{"embeddable":true,"href":"https:\/\/tirinha.com\/it\/wp-json\/wp\/v2\/comments?post=962"}],"version-history":[{"count":0,"href":"https:\/\/tirinha.com\/it\/wp-json\/wp\/v2\/posts\/962\/revisions"}],"wp:featuredmedia":[{"embeddable":true,"href":"https:\/\/tirinha.com\/it\/wp-json\/wp\/v2\/media\/964"}],"wp:attachment":[{"href":"https:\/\/tirinha.com\/it\/wp-json\/wp\/v2\/media?parent=962"}],"wp:term":[{"taxonomy":"category","embeddable":true,"href":"https:\/\/tirinha.com\/it\/wp-json\/wp\/v2\/categories?post=962"},{"taxonomy":"post_tag","embeddable":true,"href":"https:\/\/tirinha.com\/it\/wp-json\/wp\/v2\/tags?post=962"}],"curies":[{"name":"parola chiave","href":"https:\/\/api.w.org\/{rel}","templated":true}]}}