{"id":904,"date":"2023-04-03T13:57:24","date_gmt":"2023-04-03T13:57:24","guid":{"rendered":"https:\/\/tirinha.com\/rivas-comecam-as-jornadas-culturais-da-escola-municipal-de-musica\/"},"modified":"2023-04-03T13:57:24","modified_gmt":"2023-04-03T13:57:24","slug":"rivas-da-inizio-alle-giornate-culturali-della-scuola-di-musica-comunale","status":"publish","type":"post","link":"https:\/\/tirinha.com\/it\/904\/rivas-comecam-as-jornadas-culturais-da-escola-municipal-de-musica\/","title":{"rendered":"RIVAS \/ Iniziano gli eventi culturali alla Scuola Municipale di Musica"},"content":{"rendered":"<p><\/p>\n<div>\n<p>La Scuola Municipale di Musica di Rivas propone<strong> cinque attivit\u00e0 divertenti ed educative incentrate sulla musica, da oggi, marted\u00ec 28 marzo, a gioved\u00ec 30 marzo<\/strong>. <\/p>\n<p>Le giornate culturali iniziano questo marted\u00ec alle 18:00 nell&#039;Auditorium Pilar Bardem con una <strong>festival del linguaggio musicale e dell&#039;educazione vocale e uditiva<\/strong> rivolto a un pubblico familiare. Sar\u00e0 una serata musicale in cui i gruppi LM ed EVA, della Scuola Municipale di Musica, presenteranno diversi brani per 90 minuti.<\/p>\n<aside class=\"scaip scaip-1\">\n\t\t<\/aside>\n<p>Le attivit\u00e0 proseguiranno mercoled\u00ec 29 marzo, questa volta presso il centro culturale Federico Garc\u00eda Lorca, prima con una <strong>laboratorio di produzione musicale<\/strong>di Emilio Martins. <\/p>\n<p>Il corso inizier\u00e0 alle 17:00 nell&#039;aula Marcos Ana e consister\u00e0 nell&#039;imparare a creare musica con il computer partendo da zero, nonch\u00e9 a registrare, modificare, mixare e masterizzare per ottenere lo stile personale di ogni partecipante. <\/p>\n<p>Poi, nella sala da ballo di Garc\u00eda Lorca, un <strong>incontro delle formazioni della Big Band, di Morata de Taju\u00f1a, come ospite, e del Gruppo di Ottoni della Scuola Municipale di Musica di Rivas<\/strong>. <\/p>\n<aside class=\"scaip scaip-2\">\n\t\t<\/aside>\n<p>Il primo \u00e8 diretto dal maestro V\u00edctor Mu\u00f1oz, suonatore di strumenti a fiato (flauto, clarinetto e sassofono), e presenter\u00e0 un repertorio di brani classici, mentre il Brass Group \u00e8 diretto dal professor Juan Mart\u00ednez Sanz e suoner\u00e0 blues e jazz. <\/p>\n<p>Non \u00e8 la prima volta che il centro culturale ospita uno spettacolo della Scuola Municipale di Musica. <\/p>\n<h2 class=\"wp-block-heading\">Finale nella sala Marcos Ana<\/h2>\n<p>La chiusura di queste giornate avr\u00e0 luogo gioved\u00ec 30 marzo, nella sala Marcos Ana del Centro Culturale Federico Garc\u00eda Lorca, con una sessione di formazione, a partire dalle ore 17:00, a cura del clarinettista<strong> Cecilia Serra, che parler\u00e0 dell\u2019importanza della respirazione nella musica.<\/strong> <\/p>\n<aside class=\"scaip scaip-3\">\n\t\t<\/aside>\n<p>L&#039;ultimo punto sar\u00e0 dato dal gruppo vocale All4gospel con un concerto, nella stessa location, alle 19:30. Sar\u00e0 attraverso il tuo <strong>spettacolo popspell, <\/strong>in cui \u201cle loro voci prodigiose e i loro magnifici arrangiamenti musicali riempiranno di risonanza la sala da ballo\u201d del centro culturale Federico Garc\u00eda Lorca. Con canzoni di Michael Jackson e dei Beatles, tra gli altri, &quot;ci faranno godere la chiusura delle giornate musicali della Scuola di Musica di questo corso&quot;, affermano i responsabili.<\/p>\n<figure class=\"wp-block-image size-full\"><img fetchpriority=\"high\" decoding=\"async\" width=\"780\" height=\"509\" alt=\"\" class=\"wp-image-384704 jetpack-lazy-image\" data-recalc-dims=\"1\" srcset=\"https:\/\/i0.wp.com\/noticiasparamunicipios.com\/wp-content\/uploads\/2023\/03\/Coro-All4Gospel.-Ayto-Rivas.jpg?w=1000&amp;ssl=1 1000w, https:\/\/i0.wp.com\/noticiasparamunicipios.com\/wp-content\/uploads\/2023\/03\/Coro-All4Gospel.-Ayto-Rivas.jpg?resize=300%2C196&amp;ssl=1 300w, https:\/\/i0.wp.com\/noticiasparamunicipios.com\/wp-content\/uploads\/2023\/03\/Coro-All4Gospel.-Ayto-Rivas.jpg?resize=768%2C501&amp;ssl=1 768w, https:\/\/i0.wp.com\/noticiasparamunicipios.com\/wp-content\/uploads\/2023\/03\/Coro-All4Gospel.-Ayto-Rivas.jpg?resize=400%2C261&amp;ssl=1 400w\" data-lazy-sizes=\"(max-width: 780px) 100vw, 780px\" src=\"https:\/\/i0.wp.com\/noticiasparamunicipios.com\/wp-content\/uploads\/2023\/03\/Coro-All4Gospel.-Ayto-Rivas.jpg?resize=780%2C509&amp;is-pending-load=1#038;ssl=1\"\/><noscript><img data-lazy-fallback=\"1\" decoding=\"async\" width=\"780\" height=\"509\" src=\"https:\/\/i0.wp.com\/noticiasparamunicipios.com\/wp-content\/uploads\/2023\/03\/Coro-All4Gospel.-Ayto-Rivas.jpg?resize=780%2C509&amp;ssl=1\" alt=\"\" class=\"wp-image-384704\" srcset=\"https:\/\/i0.wp.com\/noticiasparamunicipios.com\/wp-content\/uploads\/2023\/03\/Coro-All4Gospel.-Ayto-Rivas.jpg?w=1000&amp;ssl=1 1000w, https:\/\/i0.wp.com\/noticiasparamunicipios.com\/wp-content\/uploads\/2023\/03\/Coro-All4Gospel.-Ayto-Rivas.jpg?resize=300%2C196&amp;ssl=1 300w, https:\/\/i0.wp.com\/noticiasparamunicipios.com\/wp-content\/uploads\/2023\/03\/Coro-All4Gospel.-Ayto-Rivas.jpg?resize=768%2C501&amp;ssl=1 768w, https:\/\/i0.wp.com\/noticiasparamunicipios.com\/wp-content\/uploads\/2023\/03\/Coro-All4Gospel.-Ayto-Rivas.jpg?resize=400%2C261&amp;ssl=1 400w\" sizes=\"(max-width: 780px) 100vw, 780px\" data-recalc-dims=\"1\"\/><\/noscript><figcaption class=\"wp-element-caption\">Coro All4Gospel. Ayto Rivas<\/figcaption><\/figure>\n<p><h3 class=\"jp-relatedposts-headline\"><em>Imparentato<\/em><\/h3>\n<\/p><\/div>","protected":false},"excerpt":{"rendered":"<p>La Scuola Municipale di Musica di Rivas propone cinque attivit\u00e0 ludiche e didattiche incentrate sulla musica, a partire da oggi, marted\u00ec, \u2026 <\/p>","protected":false},"author":1,"featured_media":905,"comment_status":"open","ping_status":"open","sticky":false,"template":"","format":"standard","meta":{"fifu_image_url":"https:\/\/noticiasparamunicipios.com\/wp-content\/uploads\/2020\/01\/WhatsApp-Image-2020-01-09-at-13.07.25.jpeg","fifu_image_alt":"","footnotes":""},"categories":[35],"tags":[],"class_list":["post-904","post","type-post","status-publish","format-standard","has-post-thumbnail","hentry","category-cultura-e-lazer","latest_post"],"yoast_head":"<!-- This site is optimized with the Yoast SEO plugin v27.3 - https:\/\/yoast.com\/product\/yoast-seo-wordpress\/ -->\n<title>RIVAS \/ Come\u00e7am as jornadas culturais da Escola Municipal de M\u00fasica - Tirinha.com<\/title>\n<meta name=\"robots\" content=\"index, follow, max-snippet:-1, max-image-preview:large, max-video-preview:-1\" \/>\n<link rel=\"canonical\" href=\"https:\/\/tirinha.com\/it\/904\/rivas-da-inizio-alle-giornate-culturali-della-scuola-di-musica-comunale\/\" \/>\n<meta property=\"og:locale\" content=\"it_IT\" \/>\n<meta property=\"og:type\" content=\"article\" \/>\n<meta property=\"og:title\" content=\"RIVAS \/ Come\u00e7am as jornadas culturais da Escola Municipal de M\u00fasica - Tirinha.com\" \/>\n<meta property=\"og:description\" content=\"A Escola Municipal de M\u00fasica de Rivas prop\u00f5e cinco atividades l\u00fadicas e educativas com foco na m\u00fasica, de hoje, ter\u00e7a-feira, &hellip;\" \/>\n<meta property=\"og:url\" content=\"https:\/\/tirinha.com\/it\/904\/rivas-da-inizio-alle-giornate-culturali-della-scuola-di-musica-comunale\/\" \/>\n<meta property=\"og:site_name\" content=\"Tirinha.com\" \/>\n<meta property=\"article:published_time\" content=\"2023-04-03T13:57:24+00:00\" \/>\n<meta property=\"og:image\" content=\"https:\/\/noticiasparamunicipios.com\/wp-content\/uploads\/2020\/01\/WhatsApp-Image-2020-01-09-at-13.07.25.jpeg\" \/>\n<meta name=\"author\" content=\"admin\" \/>\n<meta name=\"twitter:card\" content=\"summary_large_image\" \/>\n<meta name=\"twitter:image\" content=\"https:\/\/noticiasparamunicipios.com\/wp-content\/uploads\/2020\/01\/WhatsApp-Image-2020-01-09-at-13.07.25.jpeg\" \/>\n<meta name=\"twitter:label1\" content=\"Scritto da\" \/>\n\t<meta name=\"twitter:data1\" content=\"admin\" \/>\n\t<meta name=\"twitter:label2\" content=\"Tempo di lettura stimato\" \/>\n\t<meta name=\"twitter:data2\" content=\"2 minuti\" \/>\n<script type=\"application\/ld+json\" class=\"yoast-schema-graph\">{\"@context\":\"https:\\\/\\\/schema.org\",\"@graph\":[{\"@type\":\"Article\",\"@id\":\"https:\\\/\\\/tirinha.com\\\/904\\\/rivas-comecam-as-jornadas-culturais-da-escola-municipal-de-musica\\\/#article\",\"isPartOf\":{\"@id\":\"https:\\\/\\\/tirinha.com\\\/904\\\/rivas-comecam-as-jornadas-culturais-da-escola-municipal-de-musica\\\/\"},\"author\":{\"name\":\"admin\",\"@id\":\"https:\\\/\\\/tirinha.com\\\/#\\\/schema\\\/person\\\/e22bdfbe17e0461f7e927e6a1208d4d9\"},\"headline\":\"RIVAS \\\/ Come\u00e7am as jornadas culturais da Escola Municipal de M\u00fasica\",\"datePublished\":\"2023-04-03T13:57:24+00:00\",\"mainEntityOfPage\":{\"@id\":\"https:\\\/\\\/tirinha.com\\\/904\\\/rivas-comecam-as-jornadas-culturais-da-escola-municipal-de-musica\\\/\"},\"wordCount\":411,\"commentCount\":0,\"publisher\":{\"@id\":\"https:\\\/\\\/tirinha.com\\\/#organization\"},\"image\":{\"@id\":\"https:\\\/\\\/tirinha.com\\\/904\\\/rivas-comecam-as-jornadas-culturais-da-escola-municipal-de-musica\\\/#primaryimage\"},\"thumbnailUrl\":\"https:\\\/\\\/noticiasparamunicipios.com\\\/wp-content\\\/uploads\\\/2020\\\/01\\\/WhatsApp-Image-2020-01-09-at-13.07.25.jpeg\",\"articleSection\":[\"Cultura e lazer\"],\"inLanguage\":\"it-IT\",\"potentialAction\":[{\"@type\":\"CommentAction\",\"name\":\"Comment\",\"target\":[\"https:\\\/\\\/tirinha.com\\\/904\\\/rivas-comecam-as-jornadas-culturais-da-escola-municipal-de-musica\\\/#respond\"]}]},{\"@type\":\"WebPage\",\"@id\":\"https:\\\/\\\/tirinha.com\\\/904\\\/rivas-comecam-as-jornadas-culturais-da-escola-municipal-de-musica\\\/\",\"url\":\"https:\\\/\\\/tirinha.com\\\/904\\\/rivas-comecam-as-jornadas-culturais-da-escola-municipal-de-musica\\\/\",\"name\":\"RIVAS \\\/ Come\u00e7am as jornadas culturais da Escola Municipal de M\u00fasica - Tirinha.com\",\"isPartOf\":{\"@id\":\"https:\\\/\\\/tirinha.com\\\/#website\"},\"primaryImageOfPage\":{\"@id\":\"https:\\\/\\\/tirinha.com\\\/904\\\/rivas-comecam-as-jornadas-culturais-da-escola-municipal-de-musica\\\/#primaryimage\"},\"image\":{\"@id\":\"https:\\\/\\\/tirinha.com\\\/904\\\/rivas-comecam-as-jornadas-culturais-da-escola-municipal-de-musica\\\/#primaryimage\"},\"thumbnailUrl\":\"https:\\\/\\\/noticiasparamunicipios.com\\\/wp-content\\\/uploads\\\/2020\\\/01\\\/WhatsApp-Image-2020-01-09-at-13.07.25.jpeg\",\"datePublished\":\"2023-04-03T13:57:24+00:00\",\"breadcrumb\":{\"@id\":\"https:\\\/\\\/tirinha.com\\\/904\\\/rivas-comecam-as-jornadas-culturais-da-escola-municipal-de-musica\\\/#breadcrumb\"},\"inLanguage\":\"it-IT\",\"potentialAction\":[{\"@type\":\"ReadAction\",\"target\":[\"https:\\\/\\\/tirinha.com\\\/904\\\/rivas-comecam-as-jornadas-culturais-da-escola-municipal-de-musica\\\/\"]}]},{\"@type\":\"ImageObject\",\"inLanguage\":\"it-IT\",\"@id\":\"https:\\\/\\\/tirinha.com\\\/904\\\/rivas-comecam-as-jornadas-culturais-da-escola-municipal-de-musica\\\/#primaryimage\",\"url\":\"https:\\\/\\\/noticiasparamunicipios.com\\\/wp-content\\\/uploads\\\/2020\\\/01\\\/WhatsApp-Image-2020-01-09-at-13.07.25.jpeg\",\"contentUrl\":\"https:\\\/\\\/noticiasparamunicipios.com\\\/wp-content\\\/uploads\\\/2020\\\/01\\\/WhatsApp-Image-2020-01-09-at-13.07.25.jpeg\"},{\"@type\":\"BreadcrumbList\",\"@id\":\"https:\\\/\\\/tirinha.com\\\/904\\\/rivas-comecam-as-jornadas-culturais-da-escola-municipal-de-musica\\\/#breadcrumb\",\"itemListElement\":[{\"@type\":\"ListItem\",\"position\":1,\"name\":\"Home\",\"item\":\"https:\\\/\\\/tirinha.com\\\/\"},{\"@type\":\"ListItem\",\"position\":2,\"name\":\"RIVAS \\\/ Come\u00e7am as jornadas culturais da Escola Municipal de M\u00fasica\"}]},{\"@type\":\"WebSite\",\"@id\":\"https:\\\/\\\/tirinha.com\\\/#website\",\"url\":\"https:\\\/\\\/tirinha.com\\\/\",\"name\":\"Tirinha.com\",\"description\":\"Arte e livros resenhas\",\"publisher\":{\"@id\":\"https:\\\/\\\/tirinha.com\\\/#organization\"},\"potentialAction\":[{\"@type\":\"SearchAction\",\"target\":{\"@type\":\"EntryPoint\",\"urlTemplate\":\"https:\\\/\\\/tirinha.com\\\/?s={search_term_string}\"},\"query-input\":{\"@type\":\"PropertyValueSpecification\",\"valueRequired\":true,\"valueName\":\"search_term_string\"}}],\"inLanguage\":\"it-IT\"},{\"@type\":\"Organization\",\"@id\":\"https:\\\/\\\/tirinha.com\\\/#organization\",\"name\":\"Tirinha.com\",\"url\":\"https:\\\/\\\/tirinha.com\\\/\",\"logo\":{\"@type\":\"ImageObject\",\"inLanguage\":\"it-IT\",\"@id\":\"https:\\\/\\\/tirinha.com\\\/#\\\/schema\\\/logo\\\/image\\\/\",\"url\":\"https:\\\/\\\/tirinha.com\\\/wp-content\\\/uploads\\\/2023\\\/08\\\/cropped-Logo-Tirinha.webp\",\"contentUrl\":\"https:\\\/\\\/tirinha.com\\\/wp-content\\\/uploads\\\/2023\\\/08\\\/cropped-Logo-Tirinha.webp\",\"width\":512,\"height\":512,\"caption\":\"Tirinha.com\"},\"image\":{\"@id\":\"https:\\\/\\\/tirinha.com\\\/#\\\/schema\\\/logo\\\/image\\\/\"}},{\"@type\":\"Person\",\"@id\":\"https:\\\/\\\/tirinha.com\\\/#\\\/schema\\\/person\\\/e22bdfbe17e0461f7e927e6a1208d4d9\",\"name\":\"admin\",\"image\":{\"@type\":\"ImageObject\",\"inLanguage\":\"it-IT\",\"@id\":\"https:\\\/\\\/tirinha.com\\\/wp-content\\\/litespeed\\\/avatar\\\/d0068f7931cc87d7274eb0c3db1deb4b.jpg?ver=1777434315\",\"url\":\"https:\\\/\\\/tirinha.com\\\/wp-content\\\/litespeed\\\/avatar\\\/d0068f7931cc87d7274eb0c3db1deb4b.jpg?ver=1777434315\",\"contentUrl\":\"https:\\\/\\\/tirinha.com\\\/wp-content\\\/litespeed\\\/avatar\\\/d0068f7931cc87d7274eb0c3db1deb4b.jpg?ver=1777434315\",\"caption\":\"admin\"},\"sameAs\":[\"https:\\\/\\\/tirinha.com\"],\"url\":\"https:\\\/\\\/tirinha.com\\\/it\\\/author\\\/admin\\\/\"}]}<\/script>\n<!-- \/ Yoast SEO plugin. -->","yoast_head_json":{"title":"RIVAS \/ Gli eventi culturali iniziano presso la Scuola Municipale di Musica - Tirinha.com","robots":{"index":"index","follow":"follow","max-snippet":"max-snippet:-1","max-image-preview":"max-image-preview:large","max-video-preview":"max-video-preview:-1"},"canonical":"https:\/\/tirinha.com\/it\/904\/rivas-da-inizio-alle-giornate-culturali-della-scuola-di-musica-comunale\/","og_locale":"it_IT","og_type":"article","og_title":"RIVAS \/ Come\u00e7am as jornadas culturais da Escola Municipal de M\u00fasica - Tirinha.com","og_description":"A Escola Municipal de M\u00fasica de Rivas prop\u00f5e cinco atividades l\u00fadicas e educativas com foco na m\u00fasica, de hoje, ter\u00e7a-feira, &hellip;","og_url":"https:\/\/tirinha.com\/it\/904\/rivas-da-inizio-alle-giornate-culturali-della-scuola-di-musica-comunale\/","og_site_name":"Tirinha.com","article_published_time":"2023-04-03T13:57:24+00:00","og_image":[{"url":"https:\/\/noticiasparamunicipios.com\/wp-content\/uploads\/2020\/01\/WhatsApp-Image-2020-01-09-at-13.07.25.jpeg","type":"","width":"","height":""}],"author":"admin","twitter_card":"summary_large_image","twitter_image":"https:\/\/noticiasparamunicipios.com\/wp-content\/uploads\/2020\/01\/WhatsApp-Image-2020-01-09-at-13.07.25.jpeg","twitter_misc":{"Scritto da":"admin","Tempo di lettura stimato":"2 minuti"},"schema":{"@context":"https:\/\/schema.org","@graph":[{"@type":"Article","@id":"https:\/\/tirinha.com\/904\/rivas-comecam-as-jornadas-culturais-da-escola-municipal-de-musica\/#article","isPartOf":{"@id":"https:\/\/tirinha.com\/904\/rivas-comecam-as-jornadas-culturais-da-escola-municipal-de-musica\/"},"author":{"name":"admin","@id":"https:\/\/tirinha.com\/#\/schema\/person\/e22bdfbe17e0461f7e927e6a1208d4d9"},"headline":"RIVAS \/ Come\u00e7am as jornadas culturais da Escola Municipal de M\u00fasica","datePublished":"2023-04-03T13:57:24+00:00","mainEntityOfPage":{"@id":"https:\/\/tirinha.com\/904\/rivas-comecam-as-jornadas-culturais-da-escola-municipal-de-musica\/"},"wordCount":411,"commentCount":0,"publisher":{"@id":"https:\/\/tirinha.com\/#organization"},"image":{"@id":"https:\/\/tirinha.com\/904\/rivas-comecam-as-jornadas-culturais-da-escola-municipal-de-musica\/#primaryimage"},"thumbnailUrl":"https:\/\/noticiasparamunicipios.com\/wp-content\/uploads\/2020\/01\/WhatsApp-Image-2020-01-09-at-13.07.25.jpeg","articleSection":["Cultura e lazer"],"inLanguage":"it-IT","potentialAction":[{"@type":"CommentAction","name":"Comment","target":["https:\/\/tirinha.com\/904\/rivas-comecam-as-jornadas-culturais-da-escola-municipal-de-musica\/#respond"]}]},{"@type":"WebPage","@id":"https:\/\/tirinha.com\/904\/rivas-comecam-as-jornadas-culturais-da-escola-municipal-de-musica\/","url":"https:\/\/tirinha.com\/904\/rivas-comecam-as-jornadas-culturais-da-escola-municipal-de-musica\/","name":"RIVAS \/ Gli eventi culturali iniziano presso la Scuola Municipale di Musica - Tirinha.com","isPartOf":{"@id":"https:\/\/tirinha.com\/#website"},"primaryImageOfPage":{"@id":"https:\/\/tirinha.com\/904\/rivas-comecam-as-jornadas-culturais-da-escola-municipal-de-musica\/#primaryimage"},"image":{"@id":"https:\/\/tirinha.com\/904\/rivas-comecam-as-jornadas-culturais-da-escola-municipal-de-musica\/#primaryimage"},"thumbnailUrl":"https:\/\/noticiasparamunicipios.com\/wp-content\/uploads\/2020\/01\/WhatsApp-Image-2020-01-09-at-13.07.25.jpeg","datePublished":"2023-04-03T13:57:24+00:00","breadcrumb":{"@id":"https:\/\/tirinha.com\/904\/rivas-comecam-as-jornadas-culturais-da-escola-municipal-de-musica\/#breadcrumb"},"inLanguage":"it-IT","potentialAction":[{"@type":"ReadAction","target":["https:\/\/tirinha.com\/904\/rivas-comecam-as-jornadas-culturais-da-escola-municipal-de-musica\/"]}]},{"@type":"ImageObject","inLanguage":"it-IT","@id":"https:\/\/tirinha.com\/904\/rivas-comecam-as-jornadas-culturais-da-escola-municipal-de-musica\/#primaryimage","url":"https:\/\/noticiasparamunicipios.com\/wp-content\/uploads\/2020\/01\/WhatsApp-Image-2020-01-09-at-13.07.25.jpeg","contentUrl":"https:\/\/noticiasparamunicipios.com\/wp-content\/uploads\/2020\/01\/WhatsApp-Image-2020-01-09-at-13.07.25.jpeg"},{"@type":"BreadcrumbList","@id":"https:\/\/tirinha.com\/904\/rivas-comecam-as-jornadas-culturais-da-escola-municipal-de-musica\/#breadcrumb","itemListElement":[{"@type":"ListItem","position":1,"name":"Home","item":"https:\/\/tirinha.com\/"},{"@type":"ListItem","position":2,"name":"RIVAS \/ Come\u00e7am as jornadas culturais da Escola Municipal de M\u00fasica"}]},{"@type":"WebSite","@id":"https:\/\/tirinha.com\/#website","url":"https:\/\/tirinha.com\/","name":"Fumetto.com","description":"Recensioni di arte e libri","publisher":{"@id":"https:\/\/tirinha.com\/#organization"},"potentialAction":[{"@type":"SearchAction","target":{"@type":"EntryPoint","urlTemplate":"https:\/\/tirinha.com\/?s={search_term_string}"},"query-input":{"@type":"PropertyValueSpecification","valueRequired":true,"valueName":"search_term_string"}}],"inLanguage":"it-IT"},{"@type":"Organization","@id":"https:\/\/tirinha.com\/#organization","name":"Fumetto.com","url":"https:\/\/tirinha.com\/","logo":{"@type":"ImageObject","inLanguage":"it-IT","@id":"https:\/\/tirinha.com\/#\/schema\/logo\/image\/","url":"https:\/\/tirinha.com\/wp-content\/uploads\/2023\/08\/cropped-Logo-Tirinha.webp","contentUrl":"https:\/\/tirinha.com\/wp-content\/uploads\/2023\/08\/cropped-Logo-Tirinha.webp","width":512,"height":512,"caption":"Tirinha.com"},"image":{"@id":"https:\/\/tirinha.com\/#\/schema\/logo\/image\/"}},{"@type":"Person","@id":"https:\/\/tirinha.com\/#\/schema\/person\/e22bdfbe17e0461f7e927e6a1208d4d9","name":"amministratore","image":{"@type":"ImageObject","inLanguage":"it-IT","@id":"https:\/\/tirinha.com\/wp-content\/litespeed\/avatar\/d0068f7931cc87d7274eb0c3db1deb4b.jpg?ver=1777434315","url":"https:\/\/tirinha.com\/wp-content\/litespeed\/avatar\/d0068f7931cc87d7274eb0c3db1deb4b.jpg?ver=1777434315","contentUrl":"https:\/\/tirinha.com\/wp-content\/litespeed\/avatar\/d0068f7931cc87d7274eb0c3db1deb4b.jpg?ver=1777434315","caption":"admin"},"sameAs":["https:\/\/tirinha.com"],"url":"https:\/\/tirinha.com\/it\/author\/admin\/"}]}},"_links":{"self":[{"href":"https:\/\/tirinha.com\/it\/wp-json\/wp\/v2\/posts\/904","targetHints":{"allow":["GET"]}}],"collection":[{"href":"https:\/\/tirinha.com\/it\/wp-json\/wp\/v2\/posts"}],"about":[{"href":"https:\/\/tirinha.com\/it\/wp-json\/wp\/v2\/types\/post"}],"author":[{"embeddable":true,"href":"https:\/\/tirinha.com\/it\/wp-json\/wp\/v2\/users\/1"}],"replies":[{"embeddable":true,"href":"https:\/\/tirinha.com\/it\/wp-json\/wp\/v2\/comments?post=904"}],"version-history":[{"count":0,"href":"https:\/\/tirinha.com\/it\/wp-json\/wp\/v2\/posts\/904\/revisions"}],"wp:featuredmedia":[{"embeddable":true,"href":"https:\/\/tirinha.com\/it\/wp-json\/wp\/v2\/media\/905"}],"wp:attachment":[{"href":"https:\/\/tirinha.com\/it\/wp-json\/wp\/v2\/media?parent=904"}],"wp:term":[{"taxonomy":"category","embeddable":true,"href":"https:\/\/tirinha.com\/it\/wp-json\/wp\/v2\/categories?post=904"},{"taxonomy":"post_tag","embeddable":true,"href":"https:\/\/tirinha.com\/it\/wp-json\/wp\/v2\/tags?post=904"}],"curies":[{"name":"parola chiave","href":"https:\/\/api.w.org\/{rel}","templated":true}]}}