{"id":896,"date":"2023-04-03T13:56:21","date_gmt":"2023-04-03T13:56:21","guid":{"rendered":"https:\/\/tirinha.com\/coslada-do-teatro-municipal-aos-premios-talia\/"},"modified":"2023-04-03T13:56:21","modified_gmt":"2023-04-03T13:56:21","slug":"situato-dal-teatro-municipale-ai-premi-talia","status":"publish","type":"post","link":"https:\/\/tirinha.com\/it\/896\/coslada-do-teatro-municipal-aos-premios-talia\/","title":{"rendered":"COSLADA\/ Dal Teatro Municipale ai Premi Tal\u00eda"},"content":{"rendered":"<p><\/p>\n<div>\n<p><strong>Alcuni dei vincitori della prima edizione dei Premi Tal\u00eda dell&#039;Accademia delle Arti Performative sono legati a Coslada e al suo Teatro Municipale<\/strong>dove in alcuni casi hanno svolto residenze artistiche e tecniche, o hanno presentato in anteprima delle produzioni.<\/p>\n<p>Il sindaco \u00c1ngel Viveros \u00e8 orgoglioso che &quot;la nostra citt\u00e0 compaia pi\u00f9 volte in questi Premi, e lo fa perch\u00e9 ha contribuito con il suo granello di sabbia a queste produzioni&quot;. \u201cSenza dubbio\u201d, ha aggiunto, <strong>\u00c8 un esempio dell&#039;impegno che abbiamo assunto nella scorsa legislatura per una cultura della qualit\u00e0.<\/strong> e alla portata di tutti i vicini.&quot; <\/p>\n<aside class=\"scaip scaip-1\">\n\t\t<\/aside>\n<p>Anche Emi Escudero, rappresentante della Cultura di Coslada, completa le parole del sindaco: \u201criflette l&#039;importante impegno che Coslada ha assunto negli ultimi anni per<br \/>arti performative e spettacoli di qualit\u00e0, supportando le aziende con<br \/>cessioni di spazi e attraverso accordi di residenza artistica e tecnica che consentono importanti anteprime\u201d.<\/p>\n<h2 class=\"wp-block-heading\">I vincitori<\/h2>\n<p>Uno dei vincitori \u00e8 stato <strong>&#039;Malvivir&#039;, che ha vinto il premio per la migliore canzone e la migliore compagnia di spettacolo<\/strong>. Questo spettacolo \u00e8 stato presentato al Theatro Municipal e anche <strong>&#039;Pharsalia&#039;, di Antonio Ruiz, premiato per la migliore coreografia<\/strong>. <\/p>\n<p>Dopo aver ricevuto il premio, il coreografo ha ringraziato i teatri per il loro supporto<br \/>ha presentato e contribuito alla prima di questa produzione, anche al Teatro Municipal de Coslada.<\/p>\n<aside class=\"scaip scaip-2\">\n\t\t<\/aside>\n<figure class=\"wp-block-image size-large\"><img fetchpriority=\"high\" decoding=\"async\" width=\"780\" height=\"520\" alt=\"Aitana S\u00e1nchez Gij\u00f3n al Teatro Municipale durante una rappresentazione dell&#039;opera teatrale &#039;Malvivir&#039; nel 2021. David Ruiz.\" class=\"wp-image-385021 jetpack-lazy-image\" data-recalc-dims=\"1\" srcset=\"https:\/\/i0.wp.com\/noticiasparamunicipios.com\/wp-content\/uploads\/2023\/03\/MALVIVIR-de-AY-TEATRO-FOTO-David-Ruiz.jpg?resize=1024%2C683&amp;ssl=1 1024w, https:\/\/i0.wp.com\/noticiasparamunicipios.com\/wp-content\/uploads\/2023\/03\/MALVIVIR-de-AY-TEATRO-FOTO-David-Ruiz.jpg?resize=300%2C200&amp;ssl=1 300w, https:\/\/i0.wp.com\/noticiasparamunicipios.com\/wp-content\/uploads\/2023\/03\/MALVIVIR-de-AY-TEATRO-FOTO-David-Ruiz.jpg?resize=768%2C512&amp;ssl=1 768w, https:\/\/i0.wp.com\/noticiasparamunicipios.com\/wp-content\/uploads\/2023\/03\/MALVIVIR-de-AY-TEATRO-FOTO-David-Ruiz.jpg?resize=1536%2C1024&amp;ssl=1 1536w, https:\/\/i0.wp.com\/noticiasparamunicipios.com\/wp-content\/uploads\/2023\/03\/MALVIVIR-de-AY-TEATRO-FOTO-David-Ruiz.jpg?resize=2048%2C1366&amp;ssl=1 2048w, https:\/\/i0.wp.com\/noticiasparamunicipios.com\/wp-content\/uploads\/2023\/03\/MALVIVIR-de-AY-TEATRO-FOTO-David-Ruiz.jpg?resize=1200%2C800&amp;ssl=1 1200w, https:\/\/i0.wp.com\/noticiasparamunicipios.com\/wp-content\/uploads\/2023\/03\/MALVIVIR-de-AY-TEATRO-FOTO-David-Ruiz.jpg?resize=1568%2C1046&amp;ssl=1 1568w, https:\/\/i0.wp.com\/noticiasparamunicipios.com\/wp-content\/uploads\/2023\/03\/MALVIVIR-de-AY-TEATRO-FOTO-David-Ruiz.jpg?resize=400%2C267&amp;ssl=1 400w, https:\/\/i0.wp.com\/noticiasparamunicipios.com\/wp-content\/uploads\/2023\/03\/MALVIVIR-de-AY-TEATRO-FOTO-David-Ruiz.jpg?w=2340&amp;ssl=1 2340w\" data-lazy-sizes=\"(max-width: 780px) 100vw, 780px\" src=\"https:\/\/i0.wp.com\/noticiasparamunicipios.com\/wp-content\/uploads\/2023\/03\/MALVIVIR-de-AY-TEATRO-FOTO-David-Ruiz.jpg?resize=780%2C520&amp;is-pending-load=1#038;ssl=1\"\/><noscript><img data-lazy-fallback=\"1\" decoding=\"async\" width=\"780\" height=\"520\" src=\"https:\/\/i0.wp.com\/noticiasparamunicipios.com\/wp-content\/uploads\/2023\/03\/MALVIVIR-de-AY-TEATRO-FOTO-David-Ruiz.jpg?resize=780%2C520&amp;ssl=1\" alt=\"Aitana S\u00e1nchez Gij\u00f3n al Teatro Municipale durante una rappresentazione dell&#039;opera teatrale &#039;Malvivir&#039; nel 2021. David Ruiz.\" class=\"wp-image-385021\" srcset=\"https:\/\/i0.wp.com\/noticiasparamunicipios.com\/wp-content\/uploads\/2023\/03\/MALVIVIR-de-AY-TEATRO-FOTO-David-Ruiz.jpg?resize=1024%2C683&amp;ssl=1 1024w, https:\/\/i0.wp.com\/noticiasparamunicipios.com\/wp-content\/uploads\/2023\/03\/MALVIVIR-de-AY-TEATRO-FOTO-David-Ruiz.jpg?resize=300%2C200&amp;ssl=1 300w, https:\/\/i0.wp.com\/noticiasparamunicipios.com\/wp-content\/uploads\/2023\/03\/MALVIVIR-de-AY-TEATRO-FOTO-David-Ruiz.jpg?resize=768%2C512&amp;ssl=1 768w, https:\/\/i0.wp.com\/noticiasparamunicipios.com\/wp-content\/uploads\/2023\/03\/MALVIVIR-de-AY-TEATRO-FOTO-David-Ruiz.jpg?resize=1536%2C1024&amp;ssl=1 1536w, https:\/\/i0.wp.com\/noticiasparamunicipios.com\/wp-content\/uploads\/2023\/03\/MALVIVIR-de-AY-TEATRO-FOTO-David-Ruiz.jpg?resize=2048%2C1366&amp;ssl=1 2048w, https:\/\/i0.wp.com\/noticiasparamunicipios.com\/wp-content\/uploads\/2023\/03\/MALVIVIR-de-AY-TEATRO-FOTO-David-Ruiz.jpg?resize=1200%2C800&amp;ssl=1 1200w, https:\/\/i0.wp.com\/noticiasparamunicipios.com\/wp-content\/uploads\/2023\/03\/MALVIVIR-de-AY-TEATRO-FOTO-David-Ruiz.jpg?resize=1568%2C1046&amp;ssl=1 1568w, https:\/\/i0.wp.com\/noticiasparamunicipios.com\/wp-content\/uploads\/2023\/03\/MALVIVIR-de-AY-TEATRO-FOTO-David-Ruiz.jpg?resize=400%2C267&amp;ssl=1 400w, https:\/\/i0.wp.com\/noticiasparamunicipios.com\/wp-content\/uploads\/2023\/03\/MALVIVIR-de-AY-TEATRO-FOTO-David-Ruiz.jpg?w=2340&amp;ssl=1 2340w\" sizes=\"(max-width: 780px) 100vw, 780px\" data-recalc-dims=\"1\"\/><\/noscript><figcaption class=\"wp-element-caption\">Aitana S\u00e1nchez Gij\u00f3n al Teatro Comunale durante la rappresentazione dell&#039;opera &#039;Malvivir&#039; nel 2021. David Ruiz.<\/figcaption><\/figure>\n<p>\u00e8 stato anche premiato <strong>l&#039;azienda RonLal\u00e1 come miglior produttore privato<br \/>arti performative e si \u00e8 esibito pi\u00f9 volte a Coslada<\/strong>oltre a completare una residenza artistica a Coslada prima di partire per la tourn\u00e9e con lo spettacolo Villa y Marte.<\/p>\n<p>Infine, va notato che<strong> il premio per la migliore regia \u00e8 andato a Laila<br \/>Ripoll per &#039;TeaRooms&#039;,<\/strong> opera basata sul testo del romanzo scritto da Luisa Carn\u00e9s,<br \/>che pochi giorni fa ha dato il nome alla Biblioteca Centrale di Coslada. <\/p>\n<p>Proprio a questo proposito, la consigliera ha espresso la sua gioia per il &quot;riconoscimento della nostra cara Luisa Carn\u00e9s con l&#039;adattamento teatrale della sua opera. Siamo molto orgogliosi che la nostra biblioteca principale porti il suo nome&quot;.<\/p>\n<aside class=\"scaip scaip-3\">\n\t\t<\/aside>\n<p><h3 class=\"jp-relatedposts-headline\"><em>Imparentato<\/em><\/h3>\n<\/p><\/div>","protected":false},"excerpt":{"rendered":"<p>Alcuni dei vincitori della prima edizione dei Premi Tal\u00eda dell&#039;Accademia delle Arti Performative sono imparentati con Coslada e con il suo... <\/p>","protected":false},"author":1,"featured_media":897,"comment_status":"open","ping_status":"open","sticky":false,"template":"","format":"standard","meta":{"fifu_image_url":"https:\/\/noticiasparamunicipios.com\/wp-content\/uploads\/2023\/03\/MALVIVIR-AY-TEATRO-FOTO-David-Ruiz-2.jpg","fifu_image_alt":"","footnotes":""},"categories":[35],"tags":[],"class_list":["post-896","post","type-post","status-publish","format-standard","has-post-thumbnail","hentry","category-cultura-e-lazer","latest_post"],"yoast_head":"<!-- This site is optimized with the Yoast SEO plugin v27.3 - https:\/\/yoast.com\/product\/yoast-seo-wordpress\/ -->\n<title>COSLADA\/ Do Teatro Municipal aos Pr\u00eamios Tal\u00eda - Tirinha.com<\/title>\n<meta name=\"robots\" content=\"index, follow, max-snippet:-1, max-image-preview:large, max-video-preview:-1\" \/>\n<link rel=\"canonical\" href=\"https:\/\/tirinha.com\/it\/896\/situato-dal-teatro-municipale-ai-premi-talia\/\" \/>\n<meta property=\"og:locale\" content=\"it_IT\" \/>\n<meta property=\"og:type\" content=\"article\" \/>\n<meta property=\"og:title\" content=\"COSLADA\/ Do Teatro Municipal aos Pr\u00eamios Tal\u00eda - Tirinha.com\" \/>\n<meta property=\"og:description\" content=\"Alguns dos vencedores da primeira edi\u00e7\u00e3o dos Pr\u00eamios Tal\u00eda da Academia de Artes C\u00eanicas est\u00e3o relacionados com Coslada e seu &hellip;\" \/>\n<meta property=\"og:url\" content=\"https:\/\/tirinha.com\/it\/896\/situato-dal-teatro-municipale-ai-premi-talia\/\" \/>\n<meta property=\"og:site_name\" content=\"Tirinha.com\" \/>\n<meta property=\"article:published_time\" content=\"2023-04-03T13:56:21+00:00\" \/>\n<meta property=\"og:image\" content=\"https:\/\/noticiasparamunicipios.com\/wp-content\/uploads\/2023\/03\/MALVIVIR-AY-TEATRO-FOTO-David-Ruiz-2.jpg\" \/>\n<meta name=\"author\" content=\"admin\" \/>\n<meta name=\"twitter:card\" content=\"summary_large_image\" \/>\n<meta name=\"twitter:image\" content=\"https:\/\/noticiasparamunicipios.com\/wp-content\/uploads\/2023\/03\/MALVIVIR-AY-TEATRO-FOTO-David-Ruiz-2.jpg\" \/>\n<meta name=\"twitter:label1\" content=\"Scritto da\" \/>\n\t<meta name=\"twitter:data1\" content=\"admin\" \/>\n\t<meta name=\"twitter:label2\" content=\"Tempo di lettura stimato\" \/>\n\t<meta name=\"twitter:data2\" content=\"2 minuti\" \/>\n<script type=\"application\/ld+json\" class=\"yoast-schema-graph\">{\"@context\":\"https:\\\/\\\/schema.org\",\"@graph\":[{\"@type\":\"Article\",\"@id\":\"https:\\\/\\\/tirinha.com\\\/896\\\/coslada-do-teatro-municipal-aos-premios-talia\\\/#article\",\"isPartOf\":{\"@id\":\"https:\\\/\\\/tirinha.com\\\/896\\\/coslada-do-teatro-municipal-aos-premios-talia\\\/\"},\"author\":{\"name\":\"admin\",\"@id\":\"https:\\\/\\\/tirinha.com\\\/#\\\/schema\\\/person\\\/e22bdfbe17e0461f7e927e6a1208d4d9\"},\"headline\":\"COSLADA\\\/ Do Teatro Municipal aos Pr\u00eamios Tal\u00eda\",\"datePublished\":\"2023-04-03T13:56:21+00:00\",\"mainEntityOfPage\":{\"@id\":\"https:\\\/\\\/tirinha.com\\\/896\\\/coslada-do-teatro-municipal-aos-premios-talia\\\/\"},\"wordCount\":375,\"commentCount\":0,\"publisher\":{\"@id\":\"https:\\\/\\\/tirinha.com\\\/#organization\"},\"image\":{\"@id\":\"https:\\\/\\\/tirinha.com\\\/896\\\/coslada-do-teatro-municipal-aos-premios-talia\\\/#primaryimage\"},\"thumbnailUrl\":\"https:\\\/\\\/noticiasparamunicipios.com\\\/wp-content\\\/uploads\\\/2023\\\/03\\\/MALVIVIR-AY-TEATRO-FOTO-David-Ruiz-2.jpg\",\"articleSection\":[\"Cultura e lazer\"],\"inLanguage\":\"it-IT\",\"potentialAction\":[{\"@type\":\"CommentAction\",\"name\":\"Comment\",\"target\":[\"https:\\\/\\\/tirinha.com\\\/896\\\/coslada-do-teatro-municipal-aos-premios-talia\\\/#respond\"]}]},{\"@type\":\"WebPage\",\"@id\":\"https:\\\/\\\/tirinha.com\\\/896\\\/coslada-do-teatro-municipal-aos-premios-talia\\\/\",\"url\":\"https:\\\/\\\/tirinha.com\\\/896\\\/coslada-do-teatro-municipal-aos-premios-talia\\\/\",\"name\":\"COSLADA\\\/ Do Teatro Municipal aos Pr\u00eamios Tal\u00eda - Tirinha.com\",\"isPartOf\":{\"@id\":\"https:\\\/\\\/tirinha.com\\\/#website\"},\"primaryImageOfPage\":{\"@id\":\"https:\\\/\\\/tirinha.com\\\/896\\\/coslada-do-teatro-municipal-aos-premios-talia\\\/#primaryimage\"},\"image\":{\"@id\":\"https:\\\/\\\/tirinha.com\\\/896\\\/coslada-do-teatro-municipal-aos-premios-talia\\\/#primaryimage\"},\"thumbnailUrl\":\"https:\\\/\\\/noticiasparamunicipios.com\\\/wp-content\\\/uploads\\\/2023\\\/03\\\/MALVIVIR-AY-TEATRO-FOTO-David-Ruiz-2.jpg\",\"datePublished\":\"2023-04-03T13:56:21+00:00\",\"breadcrumb\":{\"@id\":\"https:\\\/\\\/tirinha.com\\\/896\\\/coslada-do-teatro-municipal-aos-premios-talia\\\/#breadcrumb\"},\"inLanguage\":\"it-IT\",\"potentialAction\":[{\"@type\":\"ReadAction\",\"target\":[\"https:\\\/\\\/tirinha.com\\\/896\\\/coslada-do-teatro-municipal-aos-premios-talia\\\/\"]}]},{\"@type\":\"ImageObject\",\"inLanguage\":\"it-IT\",\"@id\":\"https:\\\/\\\/tirinha.com\\\/896\\\/coslada-do-teatro-municipal-aos-premios-talia\\\/#primaryimage\",\"url\":\"https:\\\/\\\/noticiasparamunicipios.com\\\/wp-content\\\/uploads\\\/2023\\\/03\\\/MALVIVIR-AY-TEATRO-FOTO-David-Ruiz-2.jpg\",\"contentUrl\":\"https:\\\/\\\/noticiasparamunicipios.com\\\/wp-content\\\/uploads\\\/2023\\\/03\\\/MALVIVIR-AY-TEATRO-FOTO-David-Ruiz-2.jpg\"},{\"@type\":\"BreadcrumbList\",\"@id\":\"https:\\\/\\\/tirinha.com\\\/896\\\/coslada-do-teatro-municipal-aos-premios-talia\\\/#breadcrumb\",\"itemListElement\":[{\"@type\":\"ListItem\",\"position\":1,\"name\":\"Home\",\"item\":\"https:\\\/\\\/tirinha.com\\\/\"},{\"@type\":\"ListItem\",\"position\":2,\"name\":\"COSLADA\\\/ Do Teatro Municipal aos Pr\u00eamios Tal\u00eda\"}]},{\"@type\":\"WebSite\",\"@id\":\"https:\\\/\\\/tirinha.com\\\/#website\",\"url\":\"https:\\\/\\\/tirinha.com\\\/\",\"name\":\"Tirinha.com\",\"description\":\"Arte e livros resenhas\",\"publisher\":{\"@id\":\"https:\\\/\\\/tirinha.com\\\/#organization\"},\"potentialAction\":[{\"@type\":\"SearchAction\",\"target\":{\"@type\":\"EntryPoint\",\"urlTemplate\":\"https:\\\/\\\/tirinha.com\\\/?s={search_term_string}\"},\"query-input\":{\"@type\":\"PropertyValueSpecification\",\"valueRequired\":true,\"valueName\":\"search_term_string\"}}],\"inLanguage\":\"it-IT\"},{\"@type\":\"Organization\",\"@id\":\"https:\\\/\\\/tirinha.com\\\/#organization\",\"name\":\"Tirinha.com\",\"url\":\"https:\\\/\\\/tirinha.com\\\/\",\"logo\":{\"@type\":\"ImageObject\",\"inLanguage\":\"it-IT\",\"@id\":\"https:\\\/\\\/tirinha.com\\\/#\\\/schema\\\/logo\\\/image\\\/\",\"url\":\"https:\\\/\\\/tirinha.com\\\/wp-content\\\/uploads\\\/2023\\\/08\\\/cropped-Logo-Tirinha.webp\",\"contentUrl\":\"https:\\\/\\\/tirinha.com\\\/wp-content\\\/uploads\\\/2023\\\/08\\\/cropped-Logo-Tirinha.webp\",\"width\":512,\"height\":512,\"caption\":\"Tirinha.com\"},\"image\":{\"@id\":\"https:\\\/\\\/tirinha.com\\\/#\\\/schema\\\/logo\\\/image\\\/\"}},{\"@type\":\"Person\",\"@id\":\"https:\\\/\\\/tirinha.com\\\/#\\\/schema\\\/person\\\/e22bdfbe17e0461f7e927e6a1208d4d9\",\"name\":\"admin\",\"image\":{\"@type\":\"ImageObject\",\"inLanguage\":\"it-IT\",\"@id\":\"https:\\\/\\\/tirinha.com\\\/wp-content\\\/litespeed\\\/avatar\\\/d0068f7931cc87d7274eb0c3db1deb4b.jpg?ver=1776829466\",\"url\":\"https:\\\/\\\/tirinha.com\\\/wp-content\\\/litespeed\\\/avatar\\\/d0068f7931cc87d7274eb0c3db1deb4b.jpg?ver=1776829466\",\"contentUrl\":\"https:\\\/\\\/tirinha.com\\\/wp-content\\\/litespeed\\\/avatar\\\/d0068f7931cc87d7274eb0c3db1deb4b.jpg?ver=1776829466\",\"caption\":\"admin\"},\"sameAs\":[\"https:\\\/\\\/tirinha.com\"],\"url\":\"https:\\\/\\\/tirinha.com\\\/it\\\/author\\\/admin\\\/\"}]}<\/script>\n<!-- \/ Yoast SEO plugin. -->","yoast_head_json":{"title":"COSLADA\/ Dal Teatro Municipale ai Premi Tal\u00eda - Tirinha.com","robots":{"index":"index","follow":"follow","max-snippet":"max-snippet:-1","max-image-preview":"max-image-preview:large","max-video-preview":"max-video-preview:-1"},"canonical":"https:\/\/tirinha.com\/it\/896\/situato-dal-teatro-municipale-ai-premi-talia\/","og_locale":"it_IT","og_type":"article","og_title":"COSLADA\/ Do Teatro Municipal aos Pr\u00eamios Tal\u00eda - Tirinha.com","og_description":"Alguns dos vencedores da primeira edi\u00e7\u00e3o dos Pr\u00eamios Tal\u00eda da Academia de Artes C\u00eanicas est\u00e3o relacionados com Coslada e seu &hellip;","og_url":"https:\/\/tirinha.com\/it\/896\/situato-dal-teatro-municipale-ai-premi-talia\/","og_site_name":"Tirinha.com","article_published_time":"2023-04-03T13:56:21+00:00","og_image":[{"url":"https:\/\/noticiasparamunicipios.com\/wp-content\/uploads\/2023\/03\/MALVIVIR-AY-TEATRO-FOTO-David-Ruiz-2.jpg","type":"","width":"","height":""}],"author":"admin","twitter_card":"summary_large_image","twitter_image":"https:\/\/noticiasparamunicipios.com\/wp-content\/uploads\/2023\/03\/MALVIVIR-AY-TEATRO-FOTO-David-Ruiz-2.jpg","twitter_misc":{"Scritto da":"admin","Tempo di lettura stimato":"2 minuti"},"schema":{"@context":"https:\/\/schema.org","@graph":[{"@type":"Article","@id":"https:\/\/tirinha.com\/896\/coslada-do-teatro-municipal-aos-premios-talia\/#article","isPartOf":{"@id":"https:\/\/tirinha.com\/896\/coslada-do-teatro-municipal-aos-premios-talia\/"},"author":{"name":"admin","@id":"https:\/\/tirinha.com\/#\/schema\/person\/e22bdfbe17e0461f7e927e6a1208d4d9"},"headline":"COSLADA\/ Do Teatro Municipal aos Pr\u00eamios Tal\u00eda","datePublished":"2023-04-03T13:56:21+00:00","mainEntityOfPage":{"@id":"https:\/\/tirinha.com\/896\/coslada-do-teatro-municipal-aos-premios-talia\/"},"wordCount":375,"commentCount":0,"publisher":{"@id":"https:\/\/tirinha.com\/#organization"},"image":{"@id":"https:\/\/tirinha.com\/896\/coslada-do-teatro-municipal-aos-premios-talia\/#primaryimage"},"thumbnailUrl":"https:\/\/noticiasparamunicipios.com\/wp-content\/uploads\/2023\/03\/MALVIVIR-AY-TEATRO-FOTO-David-Ruiz-2.jpg","articleSection":["Cultura e lazer"],"inLanguage":"it-IT","potentialAction":[{"@type":"CommentAction","name":"Comment","target":["https:\/\/tirinha.com\/896\/coslada-do-teatro-municipal-aos-premios-talia\/#respond"]}]},{"@type":"WebPage","@id":"https:\/\/tirinha.com\/896\/coslada-do-teatro-municipal-aos-premios-talia\/","url":"https:\/\/tirinha.com\/896\/coslada-do-teatro-municipal-aos-premios-talia\/","name":"COSLADA\/ Dal Teatro Municipale ai Premi Tal\u00eda - Tirinha.com","isPartOf":{"@id":"https:\/\/tirinha.com\/#website"},"primaryImageOfPage":{"@id":"https:\/\/tirinha.com\/896\/coslada-do-teatro-municipal-aos-premios-talia\/#primaryimage"},"image":{"@id":"https:\/\/tirinha.com\/896\/coslada-do-teatro-municipal-aos-premios-talia\/#primaryimage"},"thumbnailUrl":"https:\/\/noticiasparamunicipios.com\/wp-content\/uploads\/2023\/03\/MALVIVIR-AY-TEATRO-FOTO-David-Ruiz-2.jpg","datePublished":"2023-04-03T13:56:21+00:00","breadcrumb":{"@id":"https:\/\/tirinha.com\/896\/coslada-do-teatro-municipal-aos-premios-talia\/#breadcrumb"},"inLanguage":"it-IT","potentialAction":[{"@type":"ReadAction","target":["https:\/\/tirinha.com\/896\/coslada-do-teatro-municipal-aos-premios-talia\/"]}]},{"@type":"ImageObject","inLanguage":"it-IT","@id":"https:\/\/tirinha.com\/896\/coslada-do-teatro-municipal-aos-premios-talia\/#primaryimage","url":"https:\/\/noticiasparamunicipios.com\/wp-content\/uploads\/2023\/03\/MALVIVIR-AY-TEATRO-FOTO-David-Ruiz-2.jpg","contentUrl":"https:\/\/noticiasparamunicipios.com\/wp-content\/uploads\/2023\/03\/MALVIVIR-AY-TEATRO-FOTO-David-Ruiz-2.jpg"},{"@type":"BreadcrumbList","@id":"https:\/\/tirinha.com\/896\/coslada-do-teatro-municipal-aos-premios-talia\/#breadcrumb","itemListElement":[{"@type":"ListItem","position":1,"name":"Home","item":"https:\/\/tirinha.com\/"},{"@type":"ListItem","position":2,"name":"COSLADA\/ Do Teatro Municipal aos Pr\u00eamios Tal\u00eda"}]},{"@type":"WebSite","@id":"https:\/\/tirinha.com\/#website","url":"https:\/\/tirinha.com\/","name":"Fumetto.com","description":"Recensioni di arte e libri","publisher":{"@id":"https:\/\/tirinha.com\/#organization"},"potentialAction":[{"@type":"SearchAction","target":{"@type":"EntryPoint","urlTemplate":"https:\/\/tirinha.com\/?s={search_term_string}"},"query-input":{"@type":"PropertyValueSpecification","valueRequired":true,"valueName":"search_term_string"}}],"inLanguage":"it-IT"},{"@type":"Organization","@id":"https:\/\/tirinha.com\/#organization","name":"Fumetto.com","url":"https:\/\/tirinha.com\/","logo":{"@type":"ImageObject","inLanguage":"it-IT","@id":"https:\/\/tirinha.com\/#\/schema\/logo\/image\/","url":"https:\/\/tirinha.com\/wp-content\/uploads\/2023\/08\/cropped-Logo-Tirinha.webp","contentUrl":"https:\/\/tirinha.com\/wp-content\/uploads\/2023\/08\/cropped-Logo-Tirinha.webp","width":512,"height":512,"caption":"Tirinha.com"},"image":{"@id":"https:\/\/tirinha.com\/#\/schema\/logo\/image\/"}},{"@type":"Person","@id":"https:\/\/tirinha.com\/#\/schema\/person\/e22bdfbe17e0461f7e927e6a1208d4d9","name":"amministratore","image":{"@type":"ImageObject","inLanguage":"it-IT","@id":"https:\/\/tirinha.com\/wp-content\/litespeed\/avatar\/d0068f7931cc87d7274eb0c3db1deb4b.jpg?ver=1776829466","url":"https:\/\/tirinha.com\/wp-content\/litespeed\/avatar\/d0068f7931cc87d7274eb0c3db1deb4b.jpg?ver=1776829466","contentUrl":"https:\/\/tirinha.com\/wp-content\/litespeed\/avatar\/d0068f7931cc87d7274eb0c3db1deb4b.jpg?ver=1776829466","caption":"admin"},"sameAs":["https:\/\/tirinha.com"],"url":"https:\/\/tirinha.com\/it\/author\/admin\/"}]}},"_links":{"self":[{"href":"https:\/\/tirinha.com\/it\/wp-json\/wp\/v2\/posts\/896","targetHints":{"allow":["GET"]}}],"collection":[{"href":"https:\/\/tirinha.com\/it\/wp-json\/wp\/v2\/posts"}],"about":[{"href":"https:\/\/tirinha.com\/it\/wp-json\/wp\/v2\/types\/post"}],"author":[{"embeddable":true,"href":"https:\/\/tirinha.com\/it\/wp-json\/wp\/v2\/users\/1"}],"replies":[{"embeddable":true,"href":"https:\/\/tirinha.com\/it\/wp-json\/wp\/v2\/comments?post=896"}],"version-history":[{"count":0,"href":"https:\/\/tirinha.com\/it\/wp-json\/wp\/v2\/posts\/896\/revisions"}],"wp:featuredmedia":[{"embeddable":true,"href":"https:\/\/tirinha.com\/it\/wp-json\/wp\/v2\/media\/897"}],"wp:attachment":[{"href":"https:\/\/tirinha.com\/it\/wp-json\/wp\/v2\/media?parent=896"}],"wp:term":[{"taxonomy":"category","embeddable":true,"href":"https:\/\/tirinha.com\/it\/wp-json\/wp\/v2\/categories?post=896"},{"taxonomy":"post_tag","embeddable":true,"href":"https:\/\/tirinha.com\/it\/wp-json\/wp\/v2\/tags?post=896"}],"curies":[{"name":"parola chiave","href":"https:\/\/api.w.org\/{rel}","templated":true}]}}