{"id":609,"date":"2022-06-23T21:34:58","date_gmt":"2022-06-23T21:34:58","guid":{"rendered":"https:\/\/tirinha.com\/revisao-de-starr-muito-tempo-marc-ross-no-trabalho\/"},"modified":"2022-12-27T12:08:03","modified_gmt":"2022-12-27T12:08:03","slug":"marco-ross-ha-trascorso-molto-tempo-al-lavoro","status":"publish","type":"post","link":"https:\/\/tirinha.com\/it\/609\/muito-tempo-marc-ross-no-trabalho\/","title":{"rendered":"Long Time: Marc Ross al lavoro"},"content":{"rendered":"<div id=\"post-body-8552530608944071443\">\n<div dir=\"ltr\" style=\"text-align: left;\" trbidi=\"on\">\n<table cellpadding=\"0\" cellspacing=\"0\" class=\"tr-caption-container\" style=\"float: left; margin-right: 1em; text-align: left;\">\n<tbody>\n<tr>\n<td style=\"text-align: center;\"><img fetchpriority=\"high\" decoding=\"async\" border=\"0\" height=\"265\" src=\"http:\/\/2.bp.blogspot.com\/-ige99U1PXT0\/VeRvPyB9ngI\/AAAAAAAAHOM\/YqJAGAzXGLQ\/s400\/CCAC%2B1-1.jpg\" width=\"400\"\/><\/td>\n<\/tr>\n<tr>\n<td class=\"tr-caption\" style=\"text-align: center;\"><span style=\"font-family: Arial, Helvetica, sans-serif; font-size: xx-small;\">Marc Ross, <i>Nessuna spiegazione necessaria<\/i> installato al Cultural Arts Center, agosto 2015<\/span><\/td>\n<\/tr>\n<\/tbody>\n<\/table>\n<p><span style=\"font-family: Arial, Helvetica, sans-serif;\">Il Columbus Cultural Arts Center sembrava l&#039;interno di uno scrigno quando ho visitato la mostra di pittura di Marc Ross, chiusa il 29 agosto. Lo spazio era perfetto per esporre dipinti luminosi di grandi dimensioni, dominati da colori monocromatici. Ciascuno aveva spazio per respirare e per brillare, entrambi, come organismi viventi, nella pittura di Ross.<\/span><br \/>\n<span style=\"font-family: Arial, Helvetica, sans-serif;\"><br \/><\/span><br \/>\n<span style=\"font-family: Arial, Helvetica, sans-serif;\">Qual \u00e8 la differenza tra qualcosa che \u00e8 vivo e qualcosa che non lo \u00e8? Questo \u00e8 un <i>Sesamo Apriti<\/i> concetto, non \u00e8 forse una distinzione fondamentale che impariamo nei nostri primi anni? Nonostante le metafore che qualsiasi critico d&#039;arte o frequentatore di gallerie potrebbe inventare, i dipinti rientrano nella categoria degli oggetti inanimati. <\/span><span style=\"font-family: Arial, Helvetica, sans-serif;\">Ma l&#039;opera di Marc Ross invita a riconsiderare seriamente lo spazio tra animato e inanimato nell&#039;arte. <\/span><br \/>\n<span style=\"font-family: Arial, Helvetica, sans-serif;\"><br \/><\/span><\/p>\n<table align=\"center\" cellpadding=\"0\" cellspacing=\"0\" class=\"tr-caption-container\" style=\"margin-left: auto; margin-right: auto; text-align: center;\">\n<tbody>\n<tr>\n<td style=\"text-align: center;\"><img decoding=\"async\" border=\"0\" height=\"478\" src=\"http:\/\/1.bp.blogspot.com\/-GzTY4g7Rfdg\/VeWN_odpIbI\/AAAAAAAAHOs\/Cmfy2WEx-j0\/s640\/Memento%2B%25231%2B.jpg\" width=\"640\"\/><\/td>\n<\/tr>\n<tr>\n<td class=\"tr-caption\" style=\"text-align: center;\"><span style=\"font-family: Arial, Helvetica, sans-serif; font-size: xx-small;\">Marc Ross, <i>Ricordo n. 1, <\/i>62 x 84.&quot; Acrilico, pastello, matita colorata.<\/span><\/td>\n<\/tr>\n<\/tbody>\n<\/table>\n<p><span style=\"font-family: Arial, Helvetica, sans-serif;\">Nella conferenza in galleria che ha chiuso la mostra, <i>Non c&#039;\u00e8 bisogno di spiegazioni, <\/i>l&#039;artista mi ha confessato che odia tenere conferenze perch\u00e9 ha ben poco da dire. Fu sollevato dalla necessit\u00e0 di parlare dalle domande del pubblico, che rivelarono molto. <\/span><br \/>\n<span style=\"font-family: Arial, Helvetica, sans-serif;\"><br \/><\/span><\/p>\n<table cellpadding=\"0\" cellspacing=\"0\" class=\"tr-caption-container\" style=\"float: left; text-align: left;\">\n<tbody>\n<tr>\n<td style=\"text-align: center;\"><img decoding=\"async\" border=\"0\" height=\"212\" src=\"http:\/\/4.bp.blogspot.com\/-HBC66TCVdMM\/VeWSMYvtFVI\/AAAAAAAAHPI\/4ImOtbf998U\/s320\/Memento%2B%25231%2BDetail.jpg\" width=\"320\"\/><\/td>\n<\/tr>\n<tr>\n<td class=\"tr-caption\" style=\"text-align: center;\"><span style=\"font-size: xx-small;\"><span style=\"font-family: Arial, Helvetica, sans-serif;\">Marc Ross, <\/span><span style=\"font-family: Arial, Helvetica, sans-serif;\"><i>Ricordo n. 1, <\/i>Dettaglio<i>.<\/i><\/span><\/span><\/td>\n<\/tr>\n<\/tbody>\n<\/table>\n<p><span style=\"font-family: Arial, Helvetica, sans-serif;\">La cosa pi\u00f9 importante che Ross ci ha detto \u00e8 che ciascuna di queste opere richiede molto tempo per essere completata, e questo completamento \u00e8 contrassegnato in modo semplice e pratico: quando vede che non ha pi\u00f9 nulla da aggiungere. <\/span><br \/>\n<span style=\"font-family: Arial, Helvetica, sans-serif;\"><br \/><\/span><br \/>\n<span style=\"font-family: Arial, Helvetica, sans-serif;\">A uno sguardo pi\u00f9 attento, diventa chiaro quanto abbia accumulato per creare opere ingannevolmente semplici. In questo dettaglio di <i>Ricordo n. 1, <\/i>si pu\u00f2 osservare l&#039;infinita variet\u00e0 di striature verticali e superficiali. Notiamo che la linea tracciata nel dipinto rivela che il colore della superficie si trova al di sopra di una storia profonda \u2013 un\u2019archeologia \u2013 di decisioni, di cui sappiamo solo che Ross ha cambiato i colori molte volte. Solo lui sa cos&#039;altro \u00e8 successo e cosa \u00e8 stato epurato da questa superficie durante il suo lungo processo di diventare ci\u00f2 che \u00e8 e dove ha deciso che finisca.<\/span><br \/>\n<span style=\"font-family: Arial, Helvetica, sans-serif;\"><br \/><\/span><br \/>\n<span style=\"font-family: Arial, Helvetica, sans-serif;\">Per Ross, l&#039;importanza e il piacere della pittura risiedono nel processo. Ha un grande studio nella casa che condivide con la moglie. Ma anche lei \u00e8 severamente vietata quando lui lavora, perch\u00e9 la sua concentrazione \u00e8 troppo intensa. <\/span><\/p>\n<table cellpadding=\"0\" cellspacing=\"0\" class=\"tr-caption-container\" style=\"float: right; text-align: right;\">\n<tbody>\n<tr>\n<td style=\"text-align: center;\"><img loading=\"lazy\" decoding=\"async\" border=\"0\" height=\"400\" src=\"http:\/\/1.bp.blogspot.com\/-MloGvcwZ7yM\/VeWN8NLU_aI\/AAAAAAAAHOo\/VN6YG4LWIJY\/s400\/Make%2BMe%2BThat%2BHappy%2B.jpg\" width=\"351\"\/><\/td>\n<\/tr>\n<tr>\n<td class=\"tr-caption\" style=\"text-align: center;\"><span style=\"font-family: Arial, Helvetica, sans-serif; font-size: xx-small;\">Marc Ross, <i>Rendimi cos\u00ec felice, <\/i>68x60.\u201d<\/span><\/td>\n<\/tr>\n<\/tbody>\n<\/table>\n<p><span style=\"font-family: Arial, Helvetica, sans-serif;\"\/><br \/><span style=\"font-family: Arial, Helvetica, sans-serif;\"\/><br \/>\n<span style=\"font-family: Arial, Helvetica, sans-serif;\">Tuttavia, quando cerca di spiegare cosa... <i>lui fa <\/i>in studio, non sbaglieresti a descrivere il processo come un gioco. Nonostante il suo tempo sia strettamente controllato, non \u00e8 esattamente concentrato: non sa cosa accadr\u00e0 e non ha una strategia. Il processo consiste nel vedere cosa <i>Io posso <\/i>accadere; concediti il tempo, lo spazio e il vuoto mentale per rilassarti e diventare ricettivo. <\/span><br \/>\n<span style=\"font-family: Arial, Helvetica, sans-serif;\"><br \/><\/span><br \/>\n<span style=\"font-family: Arial, Helvetica, sans-serif;\">Non \u00e8 forse questa la condizione di un bambino, che pu\u00f2 creare qualcosa dal nulla in qualsiasi momento, generando grandi idee con la stessa facilit\u00e0 con cui vola una rondine, e la cui immaginazione \u00e8 un organo vitale quanto i suoi polmoni? <\/span><br \/>\n<span style=\"font-family: Arial, Helvetica, sans-serif;\"><br \/><\/span><br \/>\n<span style=\"font-family: Arial, Helvetica, sans-serif;\">Ci\u00f2 che fa questo artista \u00e8 invisibile ai nostri occhi, perch\u00e9 tutti i mesi che trascorre in studio sono sforzi che vengono dipinti. Il tuo lavoro verr\u00e0 eliminato costantemente e sar\u00e0 consentito solo una volta. Se partiamo dal presupposto che i nostri corpi si rinnovano continuamente man mano che le cellule muoiono e si decompongono, i dipinti di Ross sono corpi che si auto-rinnovano, ma senza perdita di materiale. Accumulano le loro storie, diventando sempre pi\u00f9 pesanti e spesse con ogni aggiunta di materiale. <\/span><br \/>\n<span style=\"font-family: Arial, Helvetica, sans-serif;\"\/><br \/><span style=\"font-family: Arial, Helvetica, sans-serif;\"\/><\/p>\n<table cellpadding=\"0\" cellspacing=\"0\" class=\"tr-caption-container\" style=\"float: left; text-align: left;\">\n<tbody>\n<tr>\n<td style=\"text-align: center;\"><img loading=\"lazy\" decoding=\"async\" border=\"0\" height=\"320\" src=\"http:\/\/4.bp.blogspot.com\/-LHTOhTrqvl4\/VeWe7DF0wNI\/AAAAAAAAHPY\/YYPvwD9pj3U\/s320\/Make%2BMe%2BThat%2BHappy%2Bdetail.jpg\" width=\"212\"\/><\/td>\n<\/tr>\n<tr>\n<td class=\"tr-caption\" style=\"text-align: center;\"><span style=\"font-family: Arial, Helvetica, sans-serif; font-size: xx-small;\">Marc Ross, <i>Rendimi cos\u00ec felice, <\/i>Dettaglio <br \/>che mostra il disegno della superficie<\/span><\/td>\n<\/tr>\n<\/tbody>\n<\/table>\n<p><span style=\"font-family: Arial, Helvetica, sans-serif;\">Come siamo soliti immaginare, durante il rapimento l&#039;artista si concentrer\u00e0 sul suo soggetto o sulla sua passione. Potrebbe trattarsi di realizzare un sogno, risolvere un&#039;angoscia personale o sostenere una causa sociale o politica nel mondo. Siamo un po&#039; scoraggiati nel sentire Ross dirci che non pensa a niente di particolare mentre lavora.<\/span><br \/>\n<span style=\"font-family: Arial, Helvetica, sans-serif;\"><br \/><\/span><br \/>\n<span style=\"font-family: Arial, Helvetica, sans-serif;\">Quello che voglio dire \u00e8 che non c&#039;\u00e8 mai modo di sapere cosa passa per la mente di un artista mentre lavora. Pensieri \u201cgrandi\u201d o \u201ccomuni\u201d? Chi dovrebbe giudicare? Dopotutto, a chi importa? Ci\u00f2 che Ross ha messo in questi dipinti che possiamo vedere e sperimentare come spettatori \u00e8 <i>Tempo.<\/i> <\/span><br \/>\n<span style=\"font-family: Arial, Helvetica, sans-serif;\"><br \/><\/span><br \/>\n<span style=\"font-family: Arial, Helvetica, sans-serif;\">Marc Ross \u00e8 un artista contemplativo, un tipo di artista per il quale non si pu\u00f2 nutrire abbastanza rispetto. Sapere che stiamo assistendo solo alle fasi finali di un lavoro svolto nel corso di mesi dovrebbe rallentare il nostro respiro e suggerirci di fermarci prima di iniziare qualsiasi attivit\u00e0. Uno spettacolo come <i>Nessuna spiegazione necessaria<\/i> Si tratta, in effetti, di un imbarazzo di ricchezza, quasi eccessiva, poich\u00e9 ogni dipinto ci chiama e ciascuno di essi dovrebbe esigere ore di contemplazione.<\/span><br \/>\n<span style=\"font-family: Arial, Helvetica, sans-serif;\"><br \/><\/span><br \/>\n<span style=\"font-family: Arial, Helvetica, sans-serif;\">Le superfici di queste opere sono storie di ci\u00f2 che l&#039;artista ha vissuto e seppellito; si tratta di storie incise con conclusioni organizzate, anche se inarticolate, basate sull&#039;esperienza. Questi risultati, presenti in superficie, soddisfano l&#039;artista che ritiene di non dover spiegare n\u00e9 loro n\u00e9 se stesso. Accettiamoli per la bellezza, l&#039;interesse, la stupidit\u00e0 o il significato che scopriamo o attribuiamo loro esplorandoli. L&#039;artista non dice cosa c&#039;\u00e8; L&#039;artista non ci dice cosa ha pensato: come dice Ross, potrebbe anche non saperlo. La cosa importante \u00e8 che <i>la spesa di tempo \u00e8 insita nel lavoro, e ora tocca a noi rifletterci.<\/i><\/span><\/p>\n<table cellpadding=\"0\" cellspacing=\"0\" class=\"tr-caption-container\" style=\"float: right; text-align: right;\">\n<tbody>\n<tr>\n<td style=\"text-align: center;\"><img loading=\"lazy\" decoding=\"async\" border=\"0\" height=\"640\" src=\"http:\/\/1.bp.blogspot.com\/-f1p4ORreC98\/VeWN0jpjy2I\/AAAAAAAAHOg\/vY9mHfypQ9A\/s640\/Epiphany%2B%2B.jpg\" width=\"430\"\/><\/td>\n<\/tr>\n<tr>\n<td class=\"tr-caption\" style=\"text-align: center;\"><span style=\"font-family: Arial, Helvetica, sans-serif; font-size: xx-small;\">Marc Ross, <i>Epifania, <\/i>72 x 41&quot;, matita acrilica, pastello, colorato.<\/span><\/td>\n<\/tr>\n<\/tbody>\n<\/table>\n<p>\n<span style=\"font-family: Arial, Helvetica, sans-serif;\">Questi dipinti sono intrisi delle centinaia di ore di studio che Ross ha trascorso osservando e interagendo con queste superfici, prendendo decisioni strategiche e spontanee su cosa farne. Per quanto ne sappiamo o ci interessa, queste decisioni sono eccentriche: non ci interessa se segue procedure accademiche, industriali o di asilo nido, a meno che lui non voglia rivelarle.<\/span><br \/>\n<span style=\"font-family: Arial, Helvetica, sans-serif;\"><br \/><\/span><br \/>\n<span style=\"font-family: Arial, Helvetica, sans-serif;\">I dipinti di Ross documentano il valore del tempo trascorso con se stessi; essere liberi e scegliere la consapevolezza anzich\u00e9 l&#039;oblio; della sperimentazione di routine (senza risultati promessi) come sufficiente a dare un senso alla sfera privata, indipendentemente dal fatto che il cosmo la fornisca o meno. Essi sostengono che la bellezza pu\u00f2 emergere e risplendere da mesi e mesi di sforzi non ispirati e compiuti in silenzio. Vediamo come l&#039;ordine e la visione si impongono silenziosamente durante pazienti periodi di prove e verifiche senza fini capitalistici. Crediamo che impegnarci per raggiungere i nostri obiettivi e la nostra comprensione possa creare bellezza e soddisfazione.<\/span><br \/>\n<span style=\"font-family: Arial, Helvetica, sans-serif;\"><br \/><\/span><br \/>\n<span style=\"font-family: Arial, Helvetica, sans-serif;\">La storia del tempo, della pazienza e dei pensieri dell&#039;artista incisi in quest&#039;opera d&#039;arte ci vengono presentati in modo molto diretto. Se ci impegniamo ad ascoltare e osservare, la comunicazione diventa immediata come una conversazione senza chiacchiere: sorprendentemente familiare e liberatoria sia a livello mentale che fisico. Se dedichiamo un po&#039; di tempo, ne ricaveremo di pi\u00f9. Il tempo trascorso ad osservare crea nell&#039;osservatore molto pi\u00f9 di quanto ne assorba, portandoci tempo, spazio e visioni dimenticate, se non nuove.<\/span><br \/>\n<span style=\"font-family: Arial, Helvetica, sans-serif;\"><br \/><\/span><br \/>\n<span style=\"font-family: Arial, Helvetica, sans-serif;\">La creativit\u00e0 artistica produrr\u00e0 sempre qualcosa di nuovo, fresco o &quot;significativo&quot;? A volte l&#039;artista ci offre qualcosa di antico quanto la terra e la natura umana, ricordandoci il nostro bisogno di silenzio, di tempi incolti, di grandi interrogativi o di contemplazione del paesaggio interiore in contrapposizione a quello sociale.<\/span><br \/>\n<span style=\"font-family: Arial, Helvetica, sans-serif;\"><br \/><\/span><br \/>\n<span style=\"font-family: Arial, Helvetica, sans-serif;\">Ross dipinge con un tono interrogativo che si distingue in un mondo frenetico ed egoista. Il suo lavoro lento e silenzioso \u00e8 piacevolmente pieno di vita e di conversazioni profonde. Tuttavia <i>Nessuna spiegazione necessaria <\/i>\u00e8 chiuso, aspettatevi altro lavoro da Ross nei prossimi mesi <\/span><span style=\"background-color: white; font-family: HelveticaNeue, 'Helvetica Neue', Helvetica, Arial, 'Lucida Grande', sans-serif;\">presso la filiale Chillicothe dell&#039;Universit\u00e0 dell&#039;Ohio, Bennett Hall Gallery (settembre-ottobre); E nel <\/span><span style=\"background-color: white; font-family: HelveticaNeue, 'Helvetica Neue', Helvetica, Arial, 'Lucida Grande', sans-serif;\">\u201cMostra inaugurale della giuria\u201d alla Riffe Gallery, da novembre 2015 al 10 gennaio 2016.<\/span><br \/>\n<span style=\"background-color: white; font-family: HelveticaNeue, 'Helvetica Neue', Helvetica, Arial, 'Lucida Grande', sans-serif; font-size: 16px;\"><br \/><\/span><br \/>\n<span style=\"font-family: Arial, Helvetica, sans-serif;\"\/><\/p>\n<table align=\"center\" cellpadding=\"0\" cellspacing=\"0\" class=\"tr-caption-container\" style=\"margin-left: auto; margin-right: auto; text-align: center;\">\n<tbody>\n<tr>\n<td style=\"text-align: center;\"><img loading=\"lazy\" decoding=\"async\" border=\"0\" height=\"265\" src=\"http:\/\/4.bp.blogspot.com\/-_KTlTMWGpPQ\/VeW96lFTETI\/AAAAAAAAHPo\/4nLTe7T1yt4\/s400\/CCAC%2B4.jpg\" width=\"400\"\/><\/td>\n<\/tr>\n<tr>\n<td class=\"tr-caption\" style=\"text-align: center;\"><span style=\"font-family: Arial, Helvetica, sans-serif; font-size: xx-small;\">Marc Ross, <i>Nessuna spiegazione necessaria <\/i>installato al Cultural Arts Center, estate 2015.<\/span><\/td>\n<\/tr>\n<\/tbody>\n<\/table>\n<p><span style=\"font-family: Arial, Helvetica, sans-serif; font-size: x-small;\">Fotografie per gentile concessione di Marc Ross<\/span><\/p>\n<\/div>\n<\/div>","protected":false},"excerpt":{"rendered":"<p>Marc Ross, No Explanation Necessary Installato al Columbus Cultural Arts Center, agosto 2015 Il Columbus Cultural Arts Center sembrava\u2026 <\/p>","protected":false},"author":1,"featured_media":610,"comment_status":"open","ping_status":"open","sticky":false,"template":"","format":"standard","meta":{"fifu_image_url":"http:\/\/2.bp.blogspot.com\/-ige99U1PXT0\/VeRvPyB9ngI\/AAAAAAAAHOM\/YqJAGAzXGLQ\/w1200-h630-p-k-no-nu\/CCAC+1-1.jpg","fifu_image_alt":"","footnotes":""},"categories":[34],"tags":[],"class_list":["post-609","post","type-post","status-publish","format-standard","has-post-thumbnail","hentry","category-arte","latest_post"],"yoast_head":"<!-- This site is optimized with the Yoast SEO plugin v27.3 - https:\/\/yoast.com\/product\/yoast-seo-wordpress\/ -->\n<title>Muito tempo: Marc Ross no trabalho - Tirinha.com<\/title>\n<meta name=\"robots\" content=\"index, follow, max-snippet:-1, max-image-preview:large, max-video-preview:-1\" \/>\n<link rel=\"canonical\" href=\"https:\/\/tirinha.com\/it\/609\/marco-ross-ha-trascorso-molto-tempo-al-lavoro\/\" \/>\n<meta property=\"og:locale\" content=\"it_IT\" \/>\n<meta property=\"og:type\" content=\"article\" \/>\n<meta property=\"og:title\" content=\"Muito tempo: Marc Ross no trabalho - Tirinha.com\" \/>\n<meta property=\"og:description\" content=\"Marc Ross, Nenhuma explica\u00e7\u00e3o necess\u00e1ria instalado no Centro Cultural de Artes, agosto de 2015 O Columbus Cultural Arts Center parecia &hellip;\" \/>\n<meta property=\"og:url\" content=\"https:\/\/tirinha.com\/it\/609\/marco-ross-ha-trascorso-molto-tempo-al-lavoro\/\" \/>\n<meta property=\"og:site_name\" content=\"Tirinha.com\" \/>\n<meta property=\"article:published_time\" content=\"2022-06-23T21:34:58+00:00\" \/>\n<meta property=\"article:modified_time\" content=\"2022-12-27T12:08:03+00:00\" \/>\n<meta property=\"og:image\" content=\"http:\/\/2.bp.blogspot.com\/-ige99U1PXT0\/VeRvPyB9ngI\/AAAAAAAAHOM\/YqJAGAzXGLQ\/w1200-h630-p-k-no-nu\/CCAC+1-1.jpg\" \/>\n<meta name=\"author\" content=\"admin\" \/>\n<meta name=\"twitter:card\" content=\"summary_large_image\" \/>\n<meta name=\"twitter:image\" content=\"http:\/\/2.bp.blogspot.com\/-ige99U1PXT0\/VeRvPyB9ngI\/AAAAAAAAHOM\/YqJAGAzXGLQ\/w1200-h630-p-k-no-nu\/CCAC+1-1.jpg\" \/>\n<meta name=\"twitter:label1\" content=\"Scritto da\" \/>\n\t<meta name=\"twitter:data1\" content=\"admin\" \/>\n\t<meta name=\"twitter:label2\" content=\"Tempo di lettura stimato\" \/>\n\t<meta name=\"twitter:data2\" content=\"7 minuti\" \/>\n<script type=\"application\/ld+json\" class=\"yoast-schema-graph\">{\"@context\":\"https:\\\/\\\/schema.org\",\"@graph\":[{\"@type\":\"Article\",\"@id\":\"https:\\\/\\\/tirinha.com\\\/609\\\/muito-tempo-marc-ross-no-trabalho\\\/#article\",\"isPartOf\":{\"@id\":\"https:\\\/\\\/tirinha.com\\\/609\\\/muito-tempo-marc-ross-no-trabalho\\\/\"},\"author\":{\"name\":\"admin\",\"@id\":\"https:\\\/\\\/tirinha.com\\\/#\\\/schema\\\/person\\\/e22bdfbe17e0461f7e927e6a1208d4d9\"},\"headline\":\"Muito tempo: Marc Ross no trabalho\",\"datePublished\":\"2022-06-23T21:34:58+00:00\",\"dateModified\":\"2022-12-27T12:08:03+00:00\",\"mainEntityOfPage\":{\"@id\":\"https:\\\/\\\/tirinha.com\\\/609\\\/muito-tempo-marc-ross-no-trabalho\\\/\"},\"wordCount\":1394,\"commentCount\":0,\"publisher\":{\"@id\":\"https:\\\/\\\/tirinha.com\\\/#organization\"},\"image\":{\"@id\":\"https:\\\/\\\/tirinha.com\\\/609\\\/muito-tempo-marc-ross-no-trabalho\\\/#primaryimage\"},\"thumbnailUrl\":\"http:\\\/\\\/2.bp.blogspot.com\\\/-ige99U1PXT0\\\/VeRvPyB9ngI\\\/AAAAAAAAHOM\\\/YqJAGAzXGLQ\\\/w1200-h630-p-k-no-nu\\\/CCAC+1-1.jpg\",\"articleSection\":[\"Arte\"],\"inLanguage\":\"it-IT\",\"potentialAction\":[{\"@type\":\"CommentAction\",\"name\":\"Comment\",\"target\":[\"https:\\\/\\\/tirinha.com\\\/609\\\/muito-tempo-marc-ross-no-trabalho\\\/#respond\"]}]},{\"@type\":\"WebPage\",\"@id\":\"https:\\\/\\\/tirinha.com\\\/609\\\/muito-tempo-marc-ross-no-trabalho\\\/\",\"url\":\"https:\\\/\\\/tirinha.com\\\/609\\\/muito-tempo-marc-ross-no-trabalho\\\/\",\"name\":\"Muito tempo: Marc Ross no trabalho - Tirinha.com\",\"isPartOf\":{\"@id\":\"https:\\\/\\\/tirinha.com\\\/#website\"},\"primaryImageOfPage\":{\"@id\":\"https:\\\/\\\/tirinha.com\\\/609\\\/muito-tempo-marc-ross-no-trabalho\\\/#primaryimage\"},\"image\":{\"@id\":\"https:\\\/\\\/tirinha.com\\\/609\\\/muito-tempo-marc-ross-no-trabalho\\\/#primaryimage\"},\"thumbnailUrl\":\"http:\\\/\\\/2.bp.blogspot.com\\\/-ige99U1PXT0\\\/VeRvPyB9ngI\\\/AAAAAAAAHOM\\\/YqJAGAzXGLQ\\\/w1200-h630-p-k-no-nu\\\/CCAC+1-1.jpg\",\"datePublished\":\"2022-06-23T21:34:58+00:00\",\"dateModified\":\"2022-12-27T12:08:03+00:00\",\"breadcrumb\":{\"@id\":\"https:\\\/\\\/tirinha.com\\\/609\\\/muito-tempo-marc-ross-no-trabalho\\\/#breadcrumb\"},\"inLanguage\":\"it-IT\",\"potentialAction\":[{\"@type\":\"ReadAction\",\"target\":[\"https:\\\/\\\/tirinha.com\\\/609\\\/muito-tempo-marc-ross-no-trabalho\\\/\"]}]},{\"@type\":\"ImageObject\",\"inLanguage\":\"it-IT\",\"@id\":\"https:\\\/\\\/tirinha.com\\\/609\\\/muito-tempo-marc-ross-no-trabalho\\\/#primaryimage\",\"url\":\"http:\\\/\\\/2.bp.blogspot.com\\\/-ige99U1PXT0\\\/VeRvPyB9ngI\\\/AAAAAAAAHOM\\\/YqJAGAzXGLQ\\\/w1200-h630-p-k-no-nu\\\/CCAC+1-1.jpg\",\"contentUrl\":\"http:\\\/\\\/2.bp.blogspot.com\\\/-ige99U1PXT0\\\/VeRvPyB9ngI\\\/AAAAAAAAHOM\\\/YqJAGAzXGLQ\\\/w1200-h630-p-k-no-nu\\\/CCAC+1-1.jpg\"},{\"@type\":\"BreadcrumbList\",\"@id\":\"https:\\\/\\\/tirinha.com\\\/609\\\/muito-tempo-marc-ross-no-trabalho\\\/#breadcrumb\",\"itemListElement\":[{\"@type\":\"ListItem\",\"position\":1,\"name\":\"Home\",\"item\":\"https:\\\/\\\/tirinha.com\\\/\"},{\"@type\":\"ListItem\",\"position\":2,\"name\":\"Muito tempo: Marc Ross no trabalho\"}]},{\"@type\":\"WebSite\",\"@id\":\"https:\\\/\\\/tirinha.com\\\/#website\",\"url\":\"https:\\\/\\\/tirinha.com\\\/\",\"name\":\"Tirinha.com\",\"description\":\"Arte e livros resenhas\",\"publisher\":{\"@id\":\"https:\\\/\\\/tirinha.com\\\/#organization\"},\"potentialAction\":[{\"@type\":\"SearchAction\",\"target\":{\"@type\":\"EntryPoint\",\"urlTemplate\":\"https:\\\/\\\/tirinha.com\\\/?s={search_term_string}\"},\"query-input\":{\"@type\":\"PropertyValueSpecification\",\"valueRequired\":true,\"valueName\":\"search_term_string\"}}],\"inLanguage\":\"it-IT\"},{\"@type\":\"Organization\",\"@id\":\"https:\\\/\\\/tirinha.com\\\/#organization\",\"name\":\"Tirinha.com\",\"url\":\"https:\\\/\\\/tirinha.com\\\/\",\"logo\":{\"@type\":\"ImageObject\",\"inLanguage\":\"it-IT\",\"@id\":\"https:\\\/\\\/tirinha.com\\\/#\\\/schema\\\/logo\\\/image\\\/\",\"url\":\"https:\\\/\\\/tirinha.com\\\/wp-content\\\/uploads\\\/2023\\\/08\\\/cropped-Logo-Tirinha.webp\",\"contentUrl\":\"https:\\\/\\\/tirinha.com\\\/wp-content\\\/uploads\\\/2023\\\/08\\\/cropped-Logo-Tirinha.webp\",\"width\":512,\"height\":512,\"caption\":\"Tirinha.com\"},\"image\":{\"@id\":\"https:\\\/\\\/tirinha.com\\\/#\\\/schema\\\/logo\\\/image\\\/\"}},{\"@type\":\"Person\",\"@id\":\"https:\\\/\\\/tirinha.com\\\/#\\\/schema\\\/person\\\/e22bdfbe17e0461f7e927e6a1208d4d9\",\"name\":\"admin\",\"image\":{\"@type\":\"ImageObject\",\"inLanguage\":\"it-IT\",\"@id\":\"https:\\\/\\\/tirinha.com\\\/wp-content\\\/litespeed\\\/avatar\\\/d0068f7931cc87d7274eb0c3db1deb4b.jpg?ver=1776829466\",\"url\":\"https:\\\/\\\/tirinha.com\\\/wp-content\\\/litespeed\\\/avatar\\\/d0068f7931cc87d7274eb0c3db1deb4b.jpg?ver=1776829466\",\"contentUrl\":\"https:\\\/\\\/tirinha.com\\\/wp-content\\\/litespeed\\\/avatar\\\/d0068f7931cc87d7274eb0c3db1deb4b.jpg?ver=1776829466\",\"caption\":\"admin\"},\"sameAs\":[\"https:\\\/\\\/tirinha.com\"],\"url\":\"https:\\\/\\\/tirinha.com\\\/it\\\/author\\\/admin\\\/\"}]}<\/script>\n<!-- \/ Yoast SEO plugin. -->","yoast_head_json":{"title":"Da molto tempo: Marc Ross al lavoro - Comic Strip.com","robots":{"index":"index","follow":"follow","max-snippet":"max-snippet:-1","max-image-preview":"max-image-preview:large","max-video-preview":"max-video-preview:-1"},"canonical":"https:\/\/tirinha.com\/it\/609\/marco-ross-ha-trascorso-molto-tempo-al-lavoro\/","og_locale":"it_IT","og_type":"article","og_title":"Muito tempo: Marc Ross no trabalho - Tirinha.com","og_description":"Marc Ross, Nenhuma explica\u00e7\u00e3o necess\u00e1ria instalado no Centro Cultural de Artes, agosto de 2015 O Columbus Cultural Arts Center parecia &hellip;","og_url":"https:\/\/tirinha.com\/it\/609\/marco-ross-ha-trascorso-molto-tempo-al-lavoro\/","og_site_name":"Tirinha.com","article_published_time":"2022-06-23T21:34:58+00:00","article_modified_time":"2022-12-27T12:08:03+00:00","og_image":[{"url":"http:\/\/2.bp.blogspot.com\/-ige99U1PXT0\/VeRvPyB9ngI\/AAAAAAAAHOM\/YqJAGAzXGLQ\/w1200-h630-p-k-no-nu\/CCAC+1-1.jpg","type":"","width":"","height":""}],"author":"admin","twitter_card":"summary_large_image","twitter_image":"http:\/\/2.bp.blogspot.com\/-ige99U1PXT0\/VeRvPyB9ngI\/AAAAAAAAHOM\/YqJAGAzXGLQ\/w1200-h630-p-k-no-nu\/CCAC+1-1.jpg","twitter_misc":{"Scritto da":"admin","Tempo di lettura stimato":"7 minuti"},"schema":{"@context":"https:\/\/schema.org","@graph":[{"@type":"Article","@id":"https:\/\/tirinha.com\/609\/muito-tempo-marc-ross-no-trabalho\/#article","isPartOf":{"@id":"https:\/\/tirinha.com\/609\/muito-tempo-marc-ross-no-trabalho\/"},"author":{"name":"admin","@id":"https:\/\/tirinha.com\/#\/schema\/person\/e22bdfbe17e0461f7e927e6a1208d4d9"},"headline":"Muito tempo: Marc Ross no trabalho","datePublished":"2022-06-23T21:34:58+00:00","dateModified":"2022-12-27T12:08:03+00:00","mainEntityOfPage":{"@id":"https:\/\/tirinha.com\/609\/muito-tempo-marc-ross-no-trabalho\/"},"wordCount":1394,"commentCount":0,"publisher":{"@id":"https:\/\/tirinha.com\/#organization"},"image":{"@id":"https:\/\/tirinha.com\/609\/muito-tempo-marc-ross-no-trabalho\/#primaryimage"},"thumbnailUrl":"http:\/\/2.bp.blogspot.com\/-ige99U1PXT0\/VeRvPyB9ngI\/AAAAAAAAHOM\/YqJAGAzXGLQ\/w1200-h630-p-k-no-nu\/CCAC+1-1.jpg","articleSection":["Arte"],"inLanguage":"it-IT","potentialAction":[{"@type":"CommentAction","name":"Comment","target":["https:\/\/tirinha.com\/609\/muito-tempo-marc-ross-no-trabalho\/#respond"]}]},{"@type":"WebPage","@id":"https:\/\/tirinha.com\/609\/muito-tempo-marc-ross-no-trabalho\/","url":"https:\/\/tirinha.com\/609\/muito-tempo-marc-ross-no-trabalho\/","name":"Da molto tempo: Marc Ross al lavoro - Comic Strip.com","isPartOf":{"@id":"https:\/\/tirinha.com\/#website"},"primaryImageOfPage":{"@id":"https:\/\/tirinha.com\/609\/muito-tempo-marc-ross-no-trabalho\/#primaryimage"},"image":{"@id":"https:\/\/tirinha.com\/609\/muito-tempo-marc-ross-no-trabalho\/#primaryimage"},"thumbnailUrl":"http:\/\/2.bp.blogspot.com\/-ige99U1PXT0\/VeRvPyB9ngI\/AAAAAAAAHOM\/YqJAGAzXGLQ\/w1200-h630-p-k-no-nu\/CCAC+1-1.jpg","datePublished":"2022-06-23T21:34:58+00:00","dateModified":"2022-12-27T12:08:03+00:00","breadcrumb":{"@id":"https:\/\/tirinha.com\/609\/muito-tempo-marc-ross-no-trabalho\/#breadcrumb"},"inLanguage":"it-IT","potentialAction":[{"@type":"ReadAction","target":["https:\/\/tirinha.com\/609\/muito-tempo-marc-ross-no-trabalho\/"]}]},{"@type":"ImageObject","inLanguage":"it-IT","@id":"https:\/\/tirinha.com\/609\/muito-tempo-marc-ross-no-trabalho\/#primaryimage","url":"http:\/\/2.bp.blogspot.com\/-ige99U1PXT0\/VeRvPyB9ngI\/AAAAAAAAHOM\/YqJAGAzXGLQ\/w1200-h630-p-k-no-nu\/CCAC+1-1.jpg","contentUrl":"http:\/\/2.bp.blogspot.com\/-ige99U1PXT0\/VeRvPyB9ngI\/AAAAAAAAHOM\/YqJAGAzXGLQ\/w1200-h630-p-k-no-nu\/CCAC+1-1.jpg"},{"@type":"BreadcrumbList","@id":"https:\/\/tirinha.com\/609\/muito-tempo-marc-ross-no-trabalho\/#breadcrumb","itemListElement":[{"@type":"ListItem","position":1,"name":"Home","item":"https:\/\/tirinha.com\/"},{"@type":"ListItem","position":2,"name":"Muito tempo: Marc Ross no trabalho"}]},{"@type":"WebSite","@id":"https:\/\/tirinha.com\/#website","url":"https:\/\/tirinha.com\/","name":"Fumetto.com","description":"Recensioni di arte e libri","publisher":{"@id":"https:\/\/tirinha.com\/#organization"},"potentialAction":[{"@type":"SearchAction","target":{"@type":"EntryPoint","urlTemplate":"https:\/\/tirinha.com\/?s={search_term_string}"},"query-input":{"@type":"PropertyValueSpecification","valueRequired":true,"valueName":"search_term_string"}}],"inLanguage":"it-IT"},{"@type":"Organization","@id":"https:\/\/tirinha.com\/#organization","name":"Fumetto.com","url":"https:\/\/tirinha.com\/","logo":{"@type":"ImageObject","inLanguage":"it-IT","@id":"https:\/\/tirinha.com\/#\/schema\/logo\/image\/","url":"https:\/\/tirinha.com\/wp-content\/uploads\/2023\/08\/cropped-Logo-Tirinha.webp","contentUrl":"https:\/\/tirinha.com\/wp-content\/uploads\/2023\/08\/cropped-Logo-Tirinha.webp","width":512,"height":512,"caption":"Tirinha.com"},"image":{"@id":"https:\/\/tirinha.com\/#\/schema\/logo\/image\/"}},{"@type":"Person","@id":"https:\/\/tirinha.com\/#\/schema\/person\/e22bdfbe17e0461f7e927e6a1208d4d9","name":"amministratore","image":{"@type":"ImageObject","inLanguage":"it-IT","@id":"https:\/\/tirinha.com\/wp-content\/litespeed\/avatar\/d0068f7931cc87d7274eb0c3db1deb4b.jpg?ver=1776829466","url":"https:\/\/tirinha.com\/wp-content\/litespeed\/avatar\/d0068f7931cc87d7274eb0c3db1deb4b.jpg?ver=1776829466","contentUrl":"https:\/\/tirinha.com\/wp-content\/litespeed\/avatar\/d0068f7931cc87d7274eb0c3db1deb4b.jpg?ver=1776829466","caption":"admin"},"sameAs":["https:\/\/tirinha.com"],"url":"https:\/\/tirinha.com\/it\/author\/admin\/"}]}},"_links":{"self":[{"href":"https:\/\/tirinha.com\/it\/wp-json\/wp\/v2\/posts\/609","targetHints":{"allow":["GET"]}}],"collection":[{"href":"https:\/\/tirinha.com\/it\/wp-json\/wp\/v2\/posts"}],"about":[{"href":"https:\/\/tirinha.com\/it\/wp-json\/wp\/v2\/types\/post"}],"author":[{"embeddable":true,"href":"https:\/\/tirinha.com\/it\/wp-json\/wp\/v2\/users\/1"}],"replies":[{"embeddable":true,"href":"https:\/\/tirinha.com\/it\/wp-json\/wp\/v2\/comments?post=609"}],"version-history":[{"count":0,"href":"https:\/\/tirinha.com\/it\/wp-json\/wp\/v2\/posts\/609\/revisions"}],"wp:featuredmedia":[{"embeddable":true,"href":"https:\/\/tirinha.com\/it\/wp-json\/wp\/v2\/media\/610"}],"wp:attachment":[{"href":"https:\/\/tirinha.com\/it\/wp-json\/wp\/v2\/media?parent=609"}],"wp:term":[{"taxonomy":"category","embeddable":true,"href":"https:\/\/tirinha.com\/it\/wp-json\/wp\/v2\/categories?post=609"},{"taxonomy":"post_tag","embeddable":true,"href":"https:\/\/tirinha.com\/it\/wp-json\/wp\/v2\/tags?post=609"}],"curies":[{"name":"parola chiave","href":"https:\/\/api.w.org\/{rel}","templated":true}]}}