{"id":1166,"date":"2023-04-16T19:13:49","date_gmt":"2023-04-16T19:13:49","guid":{"rendered":"https:\/\/tirinha.com\/unesco-atualiza-seu-patrimonio-cultural-imaterial\/"},"modified":"2023-04-16T19:13:49","modified_gmt":"2023-04-16T19:13:49","slug":"lunesco-aggiorna-il-suo-patrimonio-culturale-immateriale","status":"publish","type":"post","link":"https:\/\/tirinha.com\/it\/1166\/unesco-atualiza-seu-patrimonio-cultural-imaterial\/","title":{"rendered":"L&#039;UNESCO aggiorna il suo Patrimonio Culturale Immateriale"},"content":{"rendered":"<p><\/p>\n<div>\n<h2>Alla fine del 2022, in occasione della 17a riunione del Comitato intergovernativo per la salvaguardia del patrimonio culturale immateriale, l\u2019UNESCO si \u00e8 riunita a Rabat (Marocco) per aggiungere 33 nuove iscrizioni alla sua lista.<\/h2>\n<p><strong>L&#039;obiettivo della lista del patrimonio culturale immateriale dell&#039;UNESCO \u00e8 preservare e promuovere la diversit\u00e0 culturale in tutto il mondo e queste nuove aggiunte riflettono la ricchezza e la variet\u00e0 delle tradizioni culturali nelle diverse parti del pianeta. <\/strong><\/p>\n<p>Con l&#039;aumento della globalizzazione, la condizione di singolarit\u00e0 o esclusivit\u00e0 tende a perdersi, ed \u00e8 per questo che \u00e8 cos\u00ec importante riconoscere il patrimonio delle nazioni e l&#039;importanza di preservare la diversit\u00e0 culturale.<\/p>\n<p>Il patrimonio culturale immateriale mira a promuovere il dialogo interculturale e il rispetto reciproco per le altre forme di vita. La sua importanza non risiede nell&#039;espressione culturale in s\u00e9, ma nell&#039; <strong>ricchezza di conoscenze e competenze<\/strong> che vengono trasmessi di generazione in generazione attraverso di esso.<\/p>\n<p>Tra gli sviluppi pi\u00f9 recenti si annoverano: la cultura del formaggio di pecora di Kars in Turchia, la danza della pioggia degli indigeni della Colombia, l&#039;arte della falconeria in Mongolia, la tradizione del ricamo della citt\u00e0 di Lukomir in Bosnia-Erzegovina o la musica e la danza dei mariachi in Messico.<\/p>\n<h3>Kars<\/h3>\n<p>La citt\u00e0 di Kars, nella Turchia orientale, \u00e8 famosa per la sua cultura del formaggio di pecora. Infatti, la produzione e la vendita di questo prodotto costituiscono un&#039;importante fonte di reddito per gli abitanti di Kars e dei suoi dintorni.<\/p>\n<p><strong>formaggio di pecora di Kars<\/strong> Rappresenta una parte importante della dieta e della cultura della regione e viene preparato in modo tradizionale da secoli. \u00c8 caratterizzato dal suo sapore forte e salato e dalla sua consistenza dura e granulosa. Viene utilizzato in molti piatti locali, come il \u201ckete\u201d, una specie di torta ripiena di formaggio e altri ingredienti, o il \u201ckatmer\u201d, un tipo di pane siriano ripieno di formaggio e servito caldo.<\/p>\n<h3>Colombia<\/h3>\n<p><strong>la danza della pioggia<\/strong> Si tratta di un&#039;importante manifestazione culturale per i popoli indigeni della Colombia, poich\u00e9 riflette il loro legame con la natura e il loro rispetto per l&#039;ambiente. Questa pratica tradizionale mira a <strong>evocare la pioggia<\/strong> per garantire buoni raccolti e mantenere l&#039;equilibrio naturale.<\/p>\n<p>Nella Danza della Pioggia, i partecipanti solitamente indossano costumi tradizionali e portano con s\u00e9 strumenti musicali. Si fanno anche offerte agli dei e si invocano per chiedere la pioggia.<\/p>\n<h3>Mongolia<\/h3>\n<p>IL <strong>falconeria<\/strong> Si tratta di una pratica tradizionale della Mongolia che consiste nell&#039;allevare e addestrare uccelli rapaci, in particolare aquile, per cacciare le prede nella steppa mongola.<\/p>\n<p>In Mongolia la falconeria \u00e8 pi\u00f9 di una semplice caccia, \u00e8 anche una forma di <strong>connessione tra uomo e natura<\/strong>. I cacciatori addestrano e si prendono cura delle loro aquile con grande dedizione e rispetto e considerano questi uccelli come compagni e alleati. Questa attivit\u00e0 ha una grande importanza culturale, poich\u00e9 molti dei cacciatori sono nomadi che hanno mantenuto questa tradizione nel corso dei secoli.<\/p>\n<figure id=\"attachment_85651\" aria-describedby=\"caption-attachment-85651\" style=\"width: 711px\" class=\"wp-caption aligncenter\"><img fetchpriority=\"high\" data-attachment-id=\"85651\" data-permalink=\"https:\/\/elgeneracionalpost.com\/cultura\/2023\/0416\/85642\/la-unesco-actualiza-su-patrimonio-cultural-inmaterial.html\/attachment\/mongoles-2\" data-orig-file=\"https:\/\/i0.wp.com\/elgeneracionalpost.com\/wp-content\/uploads\/2023\/04\/MONGOLES-2.jpg?fit=711%2C533&amp;ssl=1\" data-orig-size=\"711,533\" data-comments-opened=\"0\" data-image-meta=\"{&quot;aperture&quot;:&quot;0&quot;,&quot;credit&quot;:&quot;&quot;,&quot;camera&quot;:&quot;&quot;,&quot;caption&quot;:&quot;&quot;,&quot;created_timestamp&quot;:&quot;0&quot;,&quot;copyright&quot;:&quot;&quot;,&quot;focal_length&quot;:&quot;0&quot;,&quot;iso&quot;:&quot;0&quot;,&quot;shutter_speed&quot;:&quot;0&quot;,&quot;title&quot;:&quot;&quot;,&quot;orientation&quot;:&quot;0&quot;}\" data-image-title=\"Cazador de Mongolia | Reportaje blogspot\" data-image-description=\"\" data-image-caption=\"&lt;p&gt;Cazador de Mongolia | Reportaje blogspot&lt;\/p&gt;&#10;\" data-medium-file=\"https:\/\/i0.wp.com\/elgeneracionalpost.com\/wp-content\/uploads\/2023\/04\/MONGOLES-2.jpg?fit=300%2C225&amp;ssl=1\" data-large-file=\"https:\/\/i0.wp.com\/elgeneracionalpost.com\/wp-content\/uploads\/2023\/04\/MONGOLES-2.jpg?fit=696%2C522&amp;ssl=1\" decoding=\"async\" class=\"wp-image-85651 size-full jetpack-lazy-image\" src=\"https:\/\/i0.wp.com\/elgeneracionalpost.com\/wp-content\/uploads\/2023\/04\/MONGOLES-2.jpg?resize=696%2C522&amp;ssl=1\" alt=\"\" width=\"696\" height=\"522\" data-recalc-dims=\"1\" data-lazy-srcset=\"https:\/\/i0.wp.com\/elgeneracionalpost.com\/wp-content\/uploads\/2023\/04\/MONGOLES-2.jpg?w=711&amp;ssl=1 711w, https:\/\/i0.wp.com\/elgeneracionalpost.com\/wp-content\/uploads\/2023\/04\/MONGOLES-2.jpg?resize=300%2C225&amp;ssl=1 300w, https:\/\/i0.wp.com\/elgeneracionalpost.com\/wp-content\/uploads\/2023\/04\/MONGOLES-2.jpg?resize=150%2C112&amp;ssl=1 150w, https:\/\/i0.wp.com\/elgeneracionalpost.com\/wp-content\/uploads\/2023\/04\/MONGOLES-2.jpg?resize=696%2C522&amp;ssl=1 696w\" data-lazy-sizes=\"(max-width: 696px) 100vw, 696px\" data-lazy-src=\"https:\/\/i0.wp.com\/elgeneracionalpost.com\/wp-content\/uploads\/2023\/04\/MONGOLES-2.jpg?resize=696%2C522&amp;is-pending-load=1#038;ssl=1\" srcset=\"data:image\/gif;base64,R0lGODlhAQABAIAAAAAAAP\/\/\/yH5BAEAAAAALAAAAAABAAEAAAIBRAA7\"\/><noscript><img data-lazy-fallback=\"1\" data-attachment-id=\"85651\" data-permalink=\"https:\/\/elgeneracionalpost.com\/cultura\/2023\/0416\/85642\/la-unesco-actualiza-su-patrimonio-cultural-inmaterial.html\/attachment\/mongoles-2\" data-orig-file=\"https:\/\/i0.wp.com\/elgeneracionalpost.com\/wp-content\/uploads\/2023\/04\/MONGOLES-2.jpg?fit=711%2C533&amp;ssl=1\" data-orig-size=\"711,533\" data-comments-opened=\"0\" data-image-meta=\"{&quot;aperture&quot;:&quot;0&quot;,&quot;credit&quot;:&quot;&quot;,&quot;camera&quot;:&quot;&quot;,&quot;caption&quot;:&quot;&quot;,&quot;created_timestamp&quot;:&quot;0&quot;,&quot;copyright&quot;:&quot;&quot;,&quot;focal_length&quot;:&quot;0&quot;,&quot;iso&quot;:&quot;0&quot;,&quot;shutter_speed&quot;:&quot;0&quot;,&quot;title&quot;:&quot;&quot;,&quot;orientation&quot;:&quot;0&quot;}\" data-image-title=\"Cazador de Mongolia | Reportaje blogspot\" data-image-description=\"\" data-image-caption=\"&lt;p&gt;Cazador de Mongolia | Reportaje blogspot&lt;\/p&gt;&#10;\" data-medium-file=\"https:\/\/i0.wp.com\/elgeneracionalpost.com\/wp-content\/uploads\/2023\/04\/MONGOLES-2.jpg?fit=300%2C225&amp;ssl=1\" data-large-file=\"https:\/\/i0.wp.com\/elgeneracionalpost.com\/wp-content\/uploads\/2023\/04\/MONGOLES-2.jpg?fit=696%2C522&amp;ssl=1\" decoding=\"async\" class=\"wp-image-85651 size-full\" src=\"https:\/\/i0.wp.com\/elgeneracionalpost.com\/wp-content\/uploads\/2023\/04\/MONGOLES-2.jpg?resize=696%2C522&amp;ssl=1\" alt=\"\" width=\"696\" height=\"522\" srcset=\"https:\/\/i0.wp.com\/elgeneracionalpost.com\/wp-content\/uploads\/2023\/04\/MONGOLES-2.jpg?w=711&amp;ssl=1 711w, https:\/\/i0.wp.com\/elgeneracionalpost.com\/wp-content\/uploads\/2023\/04\/MONGOLES-2.jpg?resize=300%2C225&amp;ssl=1 300w, https:\/\/i0.wp.com\/elgeneracionalpost.com\/wp-content\/uploads\/2023\/04\/MONGOLES-2.jpg?resize=150%2C112&amp;ssl=1 150w, https:\/\/i0.wp.com\/elgeneracionalpost.com\/wp-content\/uploads\/2023\/04\/MONGOLES-2.jpg?resize=696%2C522&amp;ssl=1 696w\" sizes=\"(max-width: 696px) 100vw, 696px\" data-recalc-dims=\"1\"\/><\/noscript><figcaption id=\"caption-attachment-85651\" class=\"wp-caption-text\">cacciatore mongolo | Fonte: Blogspot<\/figcaption><\/figure>\n<h3>Bosnia ed Erzegovina<\/h3>\n<p>La citt\u00e0 di Lukomir, situata in Bosnia ed Erzegovina, \u00e8 nota per la sua <strong>ricca tradizione del ricamo,<\/strong> molto apprezzato per la sua bellezza e complessit\u00e0. \u00c8 caratterizzato dai suoi disegni geometrici e floreali, che riflettono l&#039;abilit\u00e0 e la creativit\u00e0 degli abitanti. Attraverso il ricamo, la cultura e l&#039;identit\u00e0 della regione sono state tramandate di generazione in generazione, diventando una forma d&#039;arte molto apprezzata in tutto il Paese.<\/p>\n<figure id=\"attachment_85650\" aria-describedby=\"caption-attachment-85650\" style=\"width: 500px\" class=\"wp-caption aligncenter\"><img data-attachment-id=\"85650\" data-permalink=\"https:\/\/elgeneracionalpost.com\/cultura\/2023\/0416\/85642\/la-unesco-actualiza-su-patrimonio-cultural-inmaterial.html\/attachment\/08615-big\" data-orig-file=\"https:\/\/i0.wp.com\/elgeneracionalpost.com\/wp-content\/uploads\/2023\/04\/08615-BIG.jpg?fit=500%2C332&amp;ssl=1\" data-orig-size=\"500,332\" data-comments-opened=\"0\" data-image-meta=\"{&quot;aperture&quot;:&quot;0&quot;,&quot;credit&quot;:&quot;&quot;,&quot;camera&quot;:&quot;&quot;,&quot;caption&quot;:&quot;&quot;,&quot;created_timestamp&quot;:&quot;0&quot;,&quot;copyright&quot;:&quot;&quot;,&quot;focal_length&quot;:&quot;0&quot;,&quot;iso&quot;:&quot;0&quot;,&quot;shutter_speed&quot;:&quot;0&quot;,&quot;title&quot;:&quot;&quot;,&quot;orientation&quot;:&quot;0&quot;}\" data-image-title=\"El bordado de Zmijanje | UNESCO\" data-image-description=\"\" data-image-caption=\"&lt;p&gt;El bordado de Zmijanje | UNESCO&lt;\/p&gt;&#10;\" data-medium-file=\"https:\/\/i0.wp.com\/elgeneracionalpost.com\/wp-content\/uploads\/2023\/04\/08615-BIG.jpg?fit=300%2C199&amp;ssl=1\" data-large-file=\"https:\/\/i0.wp.com\/elgeneracionalpost.com\/wp-content\/uploads\/2023\/04\/08615-BIG.jpg?fit=500%2C332&amp;ssl=1\" decoding=\"async\" class=\"wp-image-85650 size-full jetpack-lazy-image\" src=\"https:\/\/i0.wp.com\/elgeneracionalpost.com\/wp-content\/uploads\/2023\/04\/08615-BIG.jpg?resize=500%2C332&amp;ssl=1\" alt=\"\" width=\"500\" height=\"332\" data-recalc-dims=\"1\" data-lazy-srcset=\"https:\/\/i0.wp.com\/elgeneracionalpost.com\/wp-content\/uploads\/2023\/04\/08615-BIG.jpg?w=500&amp;ssl=1 500w, https:\/\/i0.wp.com\/elgeneracionalpost.com\/wp-content\/uploads\/2023\/04\/08615-BIG.jpg?resize=300%2C199&amp;ssl=1 300w, https:\/\/i0.wp.com\/elgeneracionalpost.com\/wp-content\/uploads\/2023\/04\/08615-BIG.jpg?resize=150%2C100&amp;ssl=1 150w\" data-lazy-sizes=\"(max-width: 500px) 100vw, 500px\" data-lazy-src=\"https:\/\/i0.wp.com\/elgeneracionalpost.com\/wp-content\/uploads\/2023\/04\/08615-BIG.jpg?resize=500%2C332&amp;is-pending-load=1#038;ssl=1\" srcset=\"data:image\/gif;base64,R0lGODlhAQABAIAAAAAAAP\/\/\/yH5BAEAAAAALAAAAAABAAEAAAIBRAA7\"\/><noscript><img loading=\"lazy\" data-lazy-fallback=\"1\" data-attachment-id=\"85650\" data-permalink=\"https:\/\/elgeneracionalpost.com\/cultura\/2023\/0416\/85642\/la-unesco-actualiza-su-patrimonio-cultural-inmaterial.html\/attachment\/08615-big\" data-orig-file=\"https:\/\/i0.wp.com\/elgeneracionalpost.com\/wp-content\/uploads\/2023\/04\/08615-BIG.jpg?fit=500%2C332&amp;ssl=1\" data-orig-size=\"500,332\" data-comments-opened=\"0\" data-image-meta=\"{&quot;aperture&quot;:&quot;0&quot;,&quot;credit&quot;:&quot;&quot;,&quot;camera&quot;:&quot;&quot;,&quot;caption&quot;:&quot;&quot;,&quot;created_timestamp&quot;:&quot;0&quot;,&quot;copyright&quot;:&quot;&quot;,&quot;focal_length&quot;:&quot;0&quot;,&quot;iso&quot;:&quot;0&quot;,&quot;shutter_speed&quot;:&quot;0&quot;,&quot;title&quot;:&quot;&quot;,&quot;orientation&quot;:&quot;0&quot;}\" data-image-title=\"El bordado de Zmijanje | UNESCO\" data-image-description=\"\" data-image-caption=\"&lt;p&gt;El bordado de Zmijanje | UNESCO&lt;\/p&gt;&#10;\" data-medium-file=\"https:\/\/i0.wp.com\/elgeneracionalpost.com\/wp-content\/uploads\/2023\/04\/08615-BIG.jpg?fit=300%2C199&amp;ssl=1\" data-large-file=\"https:\/\/i0.wp.com\/elgeneracionalpost.com\/wp-content\/uploads\/2023\/04\/08615-BIG.jpg?fit=500%2C332&amp;ssl=1\" decoding=\"async\" class=\"wp-image-85650 size-full\" src=\"https:\/\/i0.wp.com\/elgeneracionalpost.com\/wp-content\/uploads\/2023\/04\/08615-BIG.jpg?resize=500%2C332&amp;ssl=1\" alt=\"\" width=\"500\" height=\"332\" srcset=\"https:\/\/i0.wp.com\/elgeneracionalpost.com\/wp-content\/uploads\/2023\/04\/08615-BIG.jpg?w=500&amp;ssl=1 500w, https:\/\/i0.wp.com\/elgeneracionalpost.com\/wp-content\/uploads\/2023\/04\/08615-BIG.jpg?resize=300%2C199&amp;ssl=1 300w, https:\/\/i0.wp.com\/elgeneracionalpost.com\/wp-content\/uploads\/2023\/04\/08615-BIG.jpg?resize=150%2C100&amp;ssl=1 150w\" sizes=\"auto, (max-width: 500px) 100vw, 500px\" data-recalc-dims=\"1\"\/><\/noscript><figcaption id=\"caption-attachment-85650\" class=\"wp-caption-text\">Ricamo Zmijanje | Fonte: UNESCO<\/figcaption><\/figure>\n<h3>Messico<\/h3>\n<p>Lui <strong>mariachi<\/strong> Si tratta di un&#039;espressione culturale molto apprezzata in Messico e la sua musica, i suoi canti e i suoi balli sono una parte importante delle celebrazioni e delle festivit\u00e0 in tutto il Paese. I mariachi sono noti anche per i loro abiti tradizionali, tra cui gli abiti charro impreziositi da dettagli argentati e i cappelli a tesa larga.<\/p>\n<p>Infatti, nel 2019 hanno vinto il <strong>Guinness World Record per la danza popolare pi\u00f9 grande<\/strong> nella citt\u00e0 di Guadalajara nell&#039;ambito dell&#039;Incontro Internazionale di Mariachi e Charrer\u00eda.<\/p>\n<div class=\"sharedaddy sd-block sd-like jetpack-likes-widget-wrapper jetpack-likes-widget-unloaded\" id=\"like-post-wrapper-153844979-85642-643c48ec2979e\" data-src=\"https:\/\/widgets.wp.com\/likes\/#blog_id=153844979&amp;post_id=85642&amp;origin=elgeneracionalpost.com&amp;obj_id=153844979-85642-643c48ec2979e\" data-name=\"like-post-frame-153844979-85642-643c48ec2979e\" data-title=\"Me gusta o Compartir\">\n<h3 class=\"sd-title\">Mi piace questa:<\/h3>\n<p><span class=\"button\"><span>Mi piace<\/span><\/span> <span class=\"loading\">Caricamento\u2026<\/span><\/p>\n<p><span class=\"sd-text-color\"\/><\/div>\n<p><h3 class=\"jp-relatedposts-headline\"><em>Imparentato<\/em><\/h3>\n<\/p>\n<\/div>","protected":false},"excerpt":{"rendered":"<p>Alla fine del 2022, e in occasione della 17a riunione del Comitato intergovernativo per la salvaguardia del patrimonio culturale immateriale, \u2026 <\/p>","protected":false},"author":1,"featured_media":1167,"comment_status":"open","ping_status":"open","sticky":false,"template":"","format":"standard","meta":{"fifu_image_url":"https:\/\/i0.wp.com\/elgeneracionalpost.com\/wp-content\/uploads\/2023\/04\/cinco-del-mayo-girl-1-1024x576-1.jpg?fit=1024,576&ssl=1","fifu_image_alt":"","footnotes":""},"categories":[35],"tags":[],"class_list":["post-1166","post","type-post","status-publish","format-standard","has-post-thumbnail","hentry","category-cultura-e-lazer","latest_post"],"yoast_head":"<!-- This site is optimized with the Yoast SEO plugin v27.3 - https:\/\/yoast.com\/product\/yoast-seo-wordpress\/ -->\n<title>UNESCO atualiza seu Patrim\u00f4nio Cultural Imaterial - Tirinha.com<\/title>\n<meta name=\"robots\" content=\"index, follow, max-snippet:-1, max-image-preview:large, max-video-preview:-1\" \/>\n<link rel=\"canonical\" href=\"https:\/\/tirinha.com\/it\/1166\/lunesco-aggiorna-il-suo-patrimonio-culturale-immateriale\/\" \/>\n<meta property=\"og:locale\" content=\"it_IT\" \/>\n<meta property=\"og:type\" content=\"article\" \/>\n<meta property=\"og:title\" content=\"UNESCO atualiza seu Patrim\u00f4nio Cultural Imaterial - Tirinha.com\" \/>\n<meta property=\"og:description\" content=\"No final de 2022, e por ocasi\u00e3o da 17\u00aa reuni\u00e3o do Comit\u00e9 Intergovernamental para a Salvaguarda do Patrim\u00f3nio Cultural Imaterial, &hellip;\" \/>\n<meta property=\"og:url\" content=\"https:\/\/tirinha.com\/it\/1166\/lunesco-aggiorna-il-suo-patrimonio-culturale-immateriale\/\" \/>\n<meta property=\"og:site_name\" content=\"Tirinha.com\" \/>\n<meta property=\"article:published_time\" content=\"2023-04-16T19:13:49+00:00\" \/>\n<meta property=\"og:image\" content=\"https:\/\/i0.wp.com\/elgeneracionalpost.com\/wp-content\/uploads\/2023\/04\/cinco-del-mayo-girl-1-1024x576-1.jpg?fit=1024,576&ssl=1\" \/>\n<meta name=\"author\" content=\"admin\" \/>\n<meta name=\"twitter:card\" content=\"summary_large_image\" \/>\n<meta name=\"twitter:image\" content=\"https:\/\/i0.wp.com\/elgeneracionalpost.com\/wp-content\/uploads\/2023\/04\/cinco-del-mayo-girl-1-1024x576-1.jpg?fit=1024,576&ssl=1\" \/>\n<meta name=\"twitter:label1\" content=\"Scritto da\" \/>\n\t<meta name=\"twitter:data1\" content=\"admin\" \/>\n\t<meta name=\"twitter:label2\" content=\"Tempo di lettura stimato\" \/>\n\t<meta name=\"twitter:data2\" content=\"4 minuti\" \/>\n<script type=\"application\/ld+json\" class=\"yoast-schema-graph\">{\"@context\":\"https:\\\/\\\/schema.org\",\"@graph\":[{\"@type\":\"Article\",\"@id\":\"https:\\\/\\\/tirinha.com\\\/1166\\\/unesco-atualiza-seu-patrimonio-cultural-imaterial\\\/#article\",\"isPartOf\":{\"@id\":\"https:\\\/\\\/tirinha.com\\\/1166\\\/unesco-atualiza-seu-patrimonio-cultural-imaterial\\\/\"},\"author\":{\"name\":\"admin\",\"@id\":\"https:\\\/\\\/tirinha.com\\\/#\\\/schema\\\/person\\\/e22bdfbe17e0461f7e927e6a1208d4d9\"},\"headline\":\"UNESCO atualiza seu Patrim\u00f4nio Cultural Imaterial\",\"datePublished\":\"2023-04-16T19:13:49+00:00\",\"mainEntityOfPage\":{\"@id\":\"https:\\\/\\\/tirinha.com\\\/1166\\\/unesco-atualiza-seu-patrimonio-cultural-imaterial\\\/\"},\"wordCount\":721,\"commentCount\":0,\"publisher\":{\"@id\":\"https:\\\/\\\/tirinha.com\\\/#organization\"},\"image\":{\"@id\":\"https:\\\/\\\/tirinha.com\\\/1166\\\/unesco-atualiza-seu-patrimonio-cultural-imaterial\\\/#primaryimage\"},\"thumbnailUrl\":\"https:\\\/\\\/i0.wp.com\\\/elgeneracionalpost.com\\\/wp-content\\\/uploads\\\/2023\\\/04\\\/cinco-del-mayo-girl-1-1024x576-1.jpg?fit=1024,576&ssl=1\",\"articleSection\":[\"Cultura e lazer\"],\"inLanguage\":\"it-IT\",\"potentialAction\":[{\"@type\":\"CommentAction\",\"name\":\"Comment\",\"target\":[\"https:\\\/\\\/tirinha.com\\\/1166\\\/unesco-atualiza-seu-patrimonio-cultural-imaterial\\\/#respond\"]}]},{\"@type\":\"WebPage\",\"@id\":\"https:\\\/\\\/tirinha.com\\\/1166\\\/unesco-atualiza-seu-patrimonio-cultural-imaterial\\\/\",\"url\":\"https:\\\/\\\/tirinha.com\\\/1166\\\/unesco-atualiza-seu-patrimonio-cultural-imaterial\\\/\",\"name\":\"UNESCO atualiza seu Patrim\u00f4nio Cultural Imaterial - Tirinha.com\",\"isPartOf\":{\"@id\":\"https:\\\/\\\/tirinha.com\\\/#website\"},\"primaryImageOfPage\":{\"@id\":\"https:\\\/\\\/tirinha.com\\\/1166\\\/unesco-atualiza-seu-patrimonio-cultural-imaterial\\\/#primaryimage\"},\"image\":{\"@id\":\"https:\\\/\\\/tirinha.com\\\/1166\\\/unesco-atualiza-seu-patrimonio-cultural-imaterial\\\/#primaryimage\"},\"thumbnailUrl\":\"https:\\\/\\\/i0.wp.com\\\/elgeneracionalpost.com\\\/wp-content\\\/uploads\\\/2023\\\/04\\\/cinco-del-mayo-girl-1-1024x576-1.jpg?fit=1024,576&ssl=1\",\"datePublished\":\"2023-04-16T19:13:49+00:00\",\"breadcrumb\":{\"@id\":\"https:\\\/\\\/tirinha.com\\\/1166\\\/unesco-atualiza-seu-patrimonio-cultural-imaterial\\\/#breadcrumb\"},\"inLanguage\":\"it-IT\",\"potentialAction\":[{\"@type\":\"ReadAction\",\"target\":[\"https:\\\/\\\/tirinha.com\\\/1166\\\/unesco-atualiza-seu-patrimonio-cultural-imaterial\\\/\"]}]},{\"@type\":\"ImageObject\",\"inLanguage\":\"it-IT\",\"@id\":\"https:\\\/\\\/tirinha.com\\\/1166\\\/unesco-atualiza-seu-patrimonio-cultural-imaterial\\\/#primaryimage\",\"url\":\"https:\\\/\\\/i0.wp.com\\\/elgeneracionalpost.com\\\/wp-content\\\/uploads\\\/2023\\\/04\\\/cinco-del-mayo-girl-1-1024x576-1.jpg?fit=1024,576&ssl=1\",\"contentUrl\":\"https:\\\/\\\/i0.wp.com\\\/elgeneracionalpost.com\\\/wp-content\\\/uploads\\\/2023\\\/04\\\/cinco-del-mayo-girl-1-1024x576-1.jpg?fit=1024,576&ssl=1\"},{\"@type\":\"BreadcrumbList\",\"@id\":\"https:\\\/\\\/tirinha.com\\\/1166\\\/unesco-atualiza-seu-patrimonio-cultural-imaterial\\\/#breadcrumb\",\"itemListElement\":[{\"@type\":\"ListItem\",\"position\":1,\"name\":\"Home\",\"item\":\"https:\\\/\\\/tirinha.com\\\/\"},{\"@type\":\"ListItem\",\"position\":2,\"name\":\"UNESCO atualiza seu Patrim\u00f4nio Cultural Imaterial\"}]},{\"@type\":\"WebSite\",\"@id\":\"https:\\\/\\\/tirinha.com\\\/#website\",\"url\":\"https:\\\/\\\/tirinha.com\\\/\",\"name\":\"Tirinha.com\",\"description\":\"Arte e livros resenhas\",\"publisher\":{\"@id\":\"https:\\\/\\\/tirinha.com\\\/#organization\"},\"potentialAction\":[{\"@type\":\"SearchAction\",\"target\":{\"@type\":\"EntryPoint\",\"urlTemplate\":\"https:\\\/\\\/tirinha.com\\\/?s={search_term_string}\"},\"query-input\":{\"@type\":\"PropertyValueSpecification\",\"valueRequired\":true,\"valueName\":\"search_term_string\"}}],\"inLanguage\":\"it-IT\"},{\"@type\":\"Organization\",\"@id\":\"https:\\\/\\\/tirinha.com\\\/#organization\",\"name\":\"Tirinha.com\",\"url\":\"https:\\\/\\\/tirinha.com\\\/\",\"logo\":{\"@type\":\"ImageObject\",\"inLanguage\":\"it-IT\",\"@id\":\"https:\\\/\\\/tirinha.com\\\/#\\\/schema\\\/logo\\\/image\\\/\",\"url\":\"https:\\\/\\\/tirinha.com\\\/wp-content\\\/uploads\\\/2023\\\/08\\\/cropped-Logo-Tirinha.webp\",\"contentUrl\":\"https:\\\/\\\/tirinha.com\\\/wp-content\\\/uploads\\\/2023\\\/08\\\/cropped-Logo-Tirinha.webp\",\"width\":512,\"height\":512,\"caption\":\"Tirinha.com\"},\"image\":{\"@id\":\"https:\\\/\\\/tirinha.com\\\/#\\\/schema\\\/logo\\\/image\\\/\"}},{\"@type\":\"Person\",\"@id\":\"https:\\\/\\\/tirinha.com\\\/#\\\/schema\\\/person\\\/e22bdfbe17e0461f7e927e6a1208d4d9\",\"name\":\"admin\",\"image\":{\"@type\":\"ImageObject\",\"inLanguage\":\"it-IT\",\"@id\":\"https:\\\/\\\/tirinha.com\\\/wp-content\\\/litespeed\\\/avatar\\\/d0068f7931cc87d7274eb0c3db1deb4b.jpg?ver=1776829466\",\"url\":\"https:\\\/\\\/tirinha.com\\\/wp-content\\\/litespeed\\\/avatar\\\/d0068f7931cc87d7274eb0c3db1deb4b.jpg?ver=1776829466\",\"contentUrl\":\"https:\\\/\\\/tirinha.com\\\/wp-content\\\/litespeed\\\/avatar\\\/d0068f7931cc87d7274eb0c3db1deb4b.jpg?ver=1776829466\",\"caption\":\"admin\"},\"sameAs\":[\"https:\\\/\\\/tirinha.com\"],\"url\":\"https:\\\/\\\/tirinha.com\\\/it\\\/author\\\/admin\\\/\"}]}<\/script>\n<!-- \/ Yoast SEO plugin. -->","yoast_head_json":{"title":"L&#039;UNESCO aggiorna la lista del patrimonio culturale immateriale - Tirinha.com","robots":{"index":"index","follow":"follow","max-snippet":"max-snippet:-1","max-image-preview":"max-image-preview:large","max-video-preview":"max-video-preview:-1"},"canonical":"https:\/\/tirinha.com\/it\/1166\/lunesco-aggiorna-il-suo-patrimonio-culturale-immateriale\/","og_locale":"it_IT","og_type":"article","og_title":"UNESCO atualiza seu Patrim\u00f4nio Cultural Imaterial - Tirinha.com","og_description":"No final de 2022, e por ocasi\u00e3o da 17\u00aa reuni\u00e3o do Comit\u00e9 Intergovernamental para a Salvaguarda do Patrim\u00f3nio Cultural Imaterial, &hellip;","og_url":"https:\/\/tirinha.com\/it\/1166\/lunesco-aggiorna-il-suo-patrimonio-culturale-immateriale\/","og_site_name":"Tirinha.com","article_published_time":"2023-04-16T19:13:49+00:00","og_image":[{"url":"https:\/\/i0.wp.com\/elgeneracionalpost.com\/wp-content\/uploads\/2023\/04\/cinco-del-mayo-girl-1-1024x576-1.jpg?fit=1024,576&ssl=1","type":"","width":"","height":""}],"author":"admin","twitter_card":"summary_large_image","twitter_image":"https:\/\/i0.wp.com\/elgeneracionalpost.com\/wp-content\/uploads\/2023\/04\/cinco-del-mayo-girl-1-1024x576-1.jpg?fit=1024,576&ssl=1","twitter_misc":{"Scritto da":"admin","Tempo di lettura stimato":"4 minuti"},"schema":{"@context":"https:\/\/schema.org","@graph":[{"@type":"Article","@id":"https:\/\/tirinha.com\/1166\/unesco-atualiza-seu-patrimonio-cultural-imaterial\/#article","isPartOf":{"@id":"https:\/\/tirinha.com\/1166\/unesco-atualiza-seu-patrimonio-cultural-imaterial\/"},"author":{"name":"admin","@id":"https:\/\/tirinha.com\/#\/schema\/person\/e22bdfbe17e0461f7e927e6a1208d4d9"},"headline":"UNESCO atualiza seu Patrim\u00f4nio Cultural Imaterial","datePublished":"2023-04-16T19:13:49+00:00","mainEntityOfPage":{"@id":"https:\/\/tirinha.com\/1166\/unesco-atualiza-seu-patrimonio-cultural-imaterial\/"},"wordCount":721,"commentCount":0,"publisher":{"@id":"https:\/\/tirinha.com\/#organization"},"image":{"@id":"https:\/\/tirinha.com\/1166\/unesco-atualiza-seu-patrimonio-cultural-imaterial\/#primaryimage"},"thumbnailUrl":"https:\/\/i0.wp.com\/elgeneracionalpost.com\/wp-content\/uploads\/2023\/04\/cinco-del-mayo-girl-1-1024x576-1.jpg?fit=1024,576&ssl=1","articleSection":["Cultura e lazer"],"inLanguage":"it-IT","potentialAction":[{"@type":"CommentAction","name":"Comment","target":["https:\/\/tirinha.com\/1166\/unesco-atualiza-seu-patrimonio-cultural-imaterial\/#respond"]}]},{"@type":"WebPage","@id":"https:\/\/tirinha.com\/1166\/unesco-atualiza-seu-patrimonio-cultural-imaterial\/","url":"https:\/\/tirinha.com\/1166\/unesco-atualiza-seu-patrimonio-cultural-imaterial\/","name":"L&#039;UNESCO aggiorna la lista del patrimonio culturale immateriale - Tirinha.com","isPartOf":{"@id":"https:\/\/tirinha.com\/#website"},"primaryImageOfPage":{"@id":"https:\/\/tirinha.com\/1166\/unesco-atualiza-seu-patrimonio-cultural-imaterial\/#primaryimage"},"image":{"@id":"https:\/\/tirinha.com\/1166\/unesco-atualiza-seu-patrimonio-cultural-imaterial\/#primaryimage"},"thumbnailUrl":"https:\/\/i0.wp.com\/elgeneracionalpost.com\/wp-content\/uploads\/2023\/04\/cinco-del-mayo-girl-1-1024x576-1.jpg?fit=1024,576&ssl=1","datePublished":"2023-04-16T19:13:49+00:00","breadcrumb":{"@id":"https:\/\/tirinha.com\/1166\/unesco-atualiza-seu-patrimonio-cultural-imaterial\/#breadcrumb"},"inLanguage":"it-IT","potentialAction":[{"@type":"ReadAction","target":["https:\/\/tirinha.com\/1166\/unesco-atualiza-seu-patrimonio-cultural-imaterial\/"]}]},{"@type":"ImageObject","inLanguage":"it-IT","@id":"https:\/\/tirinha.com\/1166\/unesco-atualiza-seu-patrimonio-cultural-imaterial\/#primaryimage","url":"https:\/\/i0.wp.com\/elgeneracionalpost.com\/wp-content\/uploads\/2023\/04\/cinco-del-mayo-girl-1-1024x576-1.jpg?fit=1024,576&ssl=1","contentUrl":"https:\/\/i0.wp.com\/elgeneracionalpost.com\/wp-content\/uploads\/2023\/04\/cinco-del-mayo-girl-1-1024x576-1.jpg?fit=1024,576&ssl=1"},{"@type":"BreadcrumbList","@id":"https:\/\/tirinha.com\/1166\/unesco-atualiza-seu-patrimonio-cultural-imaterial\/#breadcrumb","itemListElement":[{"@type":"ListItem","position":1,"name":"Home","item":"https:\/\/tirinha.com\/"},{"@type":"ListItem","position":2,"name":"UNESCO atualiza seu Patrim\u00f4nio Cultural Imaterial"}]},{"@type":"WebSite","@id":"https:\/\/tirinha.com\/#website","url":"https:\/\/tirinha.com\/","name":"Fumetto.com","description":"Recensioni di arte e libri","publisher":{"@id":"https:\/\/tirinha.com\/#organization"},"potentialAction":[{"@type":"SearchAction","target":{"@type":"EntryPoint","urlTemplate":"https:\/\/tirinha.com\/?s={search_term_string}"},"query-input":{"@type":"PropertyValueSpecification","valueRequired":true,"valueName":"search_term_string"}}],"inLanguage":"it-IT"},{"@type":"Organization","@id":"https:\/\/tirinha.com\/#organization","name":"Fumetto.com","url":"https:\/\/tirinha.com\/","logo":{"@type":"ImageObject","inLanguage":"it-IT","@id":"https:\/\/tirinha.com\/#\/schema\/logo\/image\/","url":"https:\/\/tirinha.com\/wp-content\/uploads\/2023\/08\/cropped-Logo-Tirinha.webp","contentUrl":"https:\/\/tirinha.com\/wp-content\/uploads\/2023\/08\/cropped-Logo-Tirinha.webp","width":512,"height":512,"caption":"Tirinha.com"},"image":{"@id":"https:\/\/tirinha.com\/#\/schema\/logo\/image\/"}},{"@type":"Person","@id":"https:\/\/tirinha.com\/#\/schema\/person\/e22bdfbe17e0461f7e927e6a1208d4d9","name":"amministratore","image":{"@type":"ImageObject","inLanguage":"it-IT","@id":"https:\/\/tirinha.com\/wp-content\/litespeed\/avatar\/d0068f7931cc87d7274eb0c3db1deb4b.jpg?ver=1776829466","url":"https:\/\/tirinha.com\/wp-content\/litespeed\/avatar\/d0068f7931cc87d7274eb0c3db1deb4b.jpg?ver=1776829466","contentUrl":"https:\/\/tirinha.com\/wp-content\/litespeed\/avatar\/d0068f7931cc87d7274eb0c3db1deb4b.jpg?ver=1776829466","caption":"admin"},"sameAs":["https:\/\/tirinha.com"],"url":"https:\/\/tirinha.com\/it\/author\/admin\/"}]}},"_links":{"self":[{"href":"https:\/\/tirinha.com\/it\/wp-json\/wp\/v2\/posts\/1166","targetHints":{"allow":["GET"]}}],"collection":[{"href":"https:\/\/tirinha.com\/it\/wp-json\/wp\/v2\/posts"}],"about":[{"href":"https:\/\/tirinha.com\/it\/wp-json\/wp\/v2\/types\/post"}],"author":[{"embeddable":true,"href":"https:\/\/tirinha.com\/it\/wp-json\/wp\/v2\/users\/1"}],"replies":[{"embeddable":true,"href":"https:\/\/tirinha.com\/it\/wp-json\/wp\/v2\/comments?post=1166"}],"version-history":[{"count":0,"href":"https:\/\/tirinha.com\/it\/wp-json\/wp\/v2\/posts\/1166\/revisions"}],"wp:featuredmedia":[{"embeddable":true,"href":"https:\/\/tirinha.com\/it\/wp-json\/wp\/v2\/media\/1167"}],"wp:attachment":[{"href":"https:\/\/tirinha.com\/it\/wp-json\/wp\/v2\/media?parent=1166"}],"wp:term":[{"taxonomy":"category","embeddable":true,"href":"https:\/\/tirinha.com\/it\/wp-json\/wp\/v2\/categories?post=1166"},{"taxonomy":"post_tag","embeddable":true,"href":"https:\/\/tirinha.com\/it\/wp-json\/wp\/v2\/tags?post=1166"}],"curies":[{"name":"parola chiave","href":"https:\/\/api.w.org\/{rel}","templated":true}]}}