{"id":1151,"date":"2023-04-14T17:07:03","date_gmt":"2023-04-14T17:07:03","guid":{"rendered":"https:\/\/tirinha.com\/entrevista-com-inaki-miramon-nos-pacientes-do-doutor-garcia\/"},"modified":"2023-04-14T17:07:03","modified_gmt":"2023-04-14T17:07:03","slug":"intervista-a-inaki-miramon-paziente-del-dottor-garcia","status":"publish","type":"post","link":"https:\/\/tirinha.com\/it\/1151\/entrevista-com-inaki-miramon-nos-pacientes-do-doutor-garcia\/","title":{"rendered":"Intervista a I\u00f1aki Miram\u00f3n sui pazienti del dottor Garc\u00eda"},"content":{"rendered":"<p><\/p>\n<div>\n<h2>I\u00f1aki Miram\u00f3n non \u00e8 solo un attore multidisciplinare: nel corso della sua vita si \u00e8 interessato anche all&#039;arte, nei campi della scultura e della fotografia.<\/h2>\n<p><strong>L&#039;attore ha rilasciato un&#039;intervista a El Generacional durante la <em>chiamata fotografica<\/em> celebrato dalla premi\u00e8re della serie <em>I pazienti del dottor Garcia<\/em> da RTVE, l&#039;adattamento del romanzo di Almudena Grandes.<\/strong><\/p>\n<h3>Chi \u00e8 I\u00f1aki Miram\u00f3n?<\/h3>\n<p>I\u00f1aki Miram\u00f3n (Bilbao, 1957) \u00e8 attore di cinema, teatro e televisione dal 1977. Ha iniziato a recitare nel gruppo teatrale <strong>Narruzko Zezen<\/strong>presso l&#039;Universit\u00e0 del Lavoro di \u00c9ibar e nel 1976 inizi\u00f2 a studiare presso <strong>Scuola Reale d&#039;Arte Drammatica di Madrid<\/strong> (RESAD).<\/p>\n<p>Debutto cinematografico professionale <em>impresa<\/em> (1978), e da allora \u00e8 apparso in altri lungometraggi come <em>Tris<\/em> (1979); suona come <em>gli anni ottanta sono nostri<\/em>di Ana Diosdado, e <em>La vendetta di Dom Mendo<\/em>di Pedro Mu\u00f1oz Seca; e serie TV come <em>Mezza arancia<\/em>di Jesus Yague. Nel 2000 \u00e8 stato nominato per la <strong>Premio Goya per la migliore interpretazione maschile in un ruolo non protagonista<\/strong> per il film <em>Tu sei quello giusto (una storia di allora)<\/em>di Jos\u00e9 Luis Garcia; e quest&#039;anno ha vinto il premio come <strong>Miglior attore non protagonista in televisione<\/strong> per la serie Amar es para siempre, di Antena 3.<\/p>\n<p><strong>Per chiedere:<\/strong> <strong>Credi che Almudena Grandes sarebbe soddisfatta del risultato finale della serie?<\/strong><\/p>\n<p><span style=\"font-weight: 400\"><strong>Per rispondere:<\/strong> Ho gi\u00e0 visto il primo capitolo della serie, perch\u00e9 l&#039;hanno proiettato al cinema, e la verit\u00e0 \u00e8 che tutti sono rimasti incantati. La produzione della serie \u00e8 incredibile, \u00e8 molto attenta, si pu\u00f2 vedere che <strong>c&#039;\u00e8 una produzione molto grande e molto professionale dietro<\/strong>. Comunque, vorrei dire che tutti noi speriamo nel meglio dalla serie, ma io non l&#039;ho vista. Ci\u00f2 che ho visto, ovvero un capitolo, \u00e8 sicuramente fantastico. <\/span><\/p>\n<p><strong>D: Pensi che in futuro sar\u00e0 possibile prendere tutti i romanzi di <em>Episodi di una guerra senza fine<\/em> al genere audiovisivo?<\/strong><\/p>\n<p><span style=\"font-weight: 400\"><strong>IL: <\/strong>S\u00ec, credo che questo non sar\u00e0 l&#039;ultimo libro di Almudena Grande ad essere realizzato, \u00e8 molto probabile che ne faranno un altro perch\u00e9 \u00e8 sempre un tipo di problema <strong>molto socievole<\/strong>, <strong>tanto che raggiunge il mondo intero<\/strong> E <strong>un sacco di perdenti<\/strong> Anche. Penso che verranno fatti altri libri, non so, forse anche film o altro, non devono essere per forza delle serie. Anche se ora la serie \u00e8 molto distillata.<\/span><\/p>\n<p><strong>D: I tuoi due figli stanno iniziando a lavorare come attori: come vedi il futuro di questo mondo dello spettacolo?<\/strong><\/p>\n<p><span style=\"font-weight: 400\"><strong>IL: <\/strong>Ti ho gi\u00e0 detto che \u00e8 molto complicato, siamo sempre di pi\u00f9 e c&#039;\u00e8 molto talento, molti giovani e persone molto preparate. Ci\u00f2 che devi fare \u00e8 prenderla molto seriamente, lavorare duro, lottare con tutte le tue forze e avere anche un pizzico di fortuna.<\/span><\/p>\n<p><strong>D: Suo figlio Lucas ha gi\u00e0 partecipato a diversi musical, ha mai pensato di lavorare in questo ambito?<\/strong><\/p>\n<p><span style=\"font-weight: 400\"><strong>IL: <\/strong>S\u00ec, il musical \u00e8 molto bello, ma bisogna avere l&#039;opportunit\u00e0, \u00e8 complicato. Canto, ma non sono nemmeno una cantante. Ce ne andiamo da dove canto. Ma ci sono persone che cantano anche meravigliosamente bene, vedi gente l\u00e0 fuori che dice &quot;madre del bell&#039;amore, come fai a cantare cos\u00ec?&quot;. Sono dotato di natura e, naturalmente, mi piacerebbe fare un musical, ma cantando poco (ride).<\/span><\/p>\n<p><strong>D: Per quanto riguarda la tua passione per la fotografia, hai qualche progetto in corso?<\/strong><\/p>\n<p><span style=\"font-weight: 400\"><strong>IL: <\/strong>Con la fotografia ho alcune cose, progetti, ne faremo uno <strong>album fotografico<\/strong> e un altro \u00e8 un <strong>mostra<\/strong>, di cui non potr\u00f2 parlare prima del 24. Il libro parla principalmente di fotografie, basate sulle foto che scatto ai miei colleghi, al trucco e cose del genere. Adesso sto selezionando le foto.<\/span><\/p>\n<p><strong>D: E nella scultura?<\/strong><\/p>\n<p><span style=\"font-weight: 400\"><strong>IL: <\/strong>Ho la scultura <strong>molto immobile<\/strong>, perch\u00e9 per la scultura ci vorrebbe un laboratorio e io non ho spazio. Prima avevo una sola stanza in casa, poi arriva un figlio, non hai pi\u00f9 spazio e devi scegliere. Ho avuto il mio percorso con la scultura, a cui non dico mai di non tornare, ma sono stato fermo per molti anni, ho molte delle mie sculture a casa.<\/span><\/p>\n<p><strong>D: Ti piacerebbe vederli esposti in una mostra?<\/strong><\/p>\n<p><span style=\"font-weight: 400\"><strong>IL: <\/strong>S\u00ec, ho gi\u00e0 fatto qualche mostra. Qualche anno fa ne ho realizzato uno a Fuenlabrada sulla fotografia e sulla scultura e le due cose erano integrate. \u00c8 stato molto buono, sono rimasto molto soddisfatto.<\/span><\/p>\n<p><strong>D: Se dovessi scegliere tra cinema e teatro, cosa faresti per il resto della tua carriera?<\/strong><\/p>\n<p><span style=\"font-weight: 400\"><strong>IL: <\/strong>Tutto ha i suoi pro e contro, per me a teatro il <strong>contatto diretto<\/strong> con il pubblico mi sembra meraviglioso. Ora che sono con <\/span><i><span style=\"font-weight: 400\">L&#039;amore \u00e8 per sempre<\/span><\/i><span style=\"font-weight: 400\">, la serie, ad esempio, fai serie da molto tempo e vuoi fare teatro, fai teatro da molto tempo, vuoi fare un film o vuoi fare qualcosa con le immagini. In questa professione \u00e8 bene cambiare, c&#039;\u00e8 la possibilit\u00e0 di cambiare ambiente e cambiare <strong>un altro modo per ossigenarti<\/strong>, per innescare un modo di lavorare continuo molto simile e all&#039;improvviso si entra in un&#039;altra fase, il che \u00e8 altrettanto fantastico. Non saprei scegliere, \u00e8 vero che la cosa che ho fatto di pi\u00f9 nella mia vita \u00e8 il teatro. Mio <\/span><i><span style=\"font-weight: 400\">stile di vita<\/span><\/i><span style=\"font-weight: 400\">  \u00c8 stato il teatro. Adesso ho anche una lunga stagione con le serie, ma ci\u00f2 su cui ho sempre lavorato soprattutto \u00e8 stato il teatro.<\/span><\/p>\n<p>Miram\u00f3n interpreter\u00e0 il personaggio Basilio Rodr\u00edguez nella serie RTVE <em>I pazienti del dottor Garcia<\/em>, che andr\u00e0 in onda questa primavera. Si tratta di un adattamento del romanzo omonimo di Almudena Grandes.<\/p>\n<figure id=\"attachment_85741\" aria-describedby=\"caption-attachment-85741\" style=\"width: 334px\" class=\"wp-caption aligncenter\"><img fetchpriority=\"high\" data-attachment-id=\"85741\" data-permalink=\"https:\/\/elgeneracionalpost.com\/cultura\/2023\/0414\/85453\/inaki-miramon-entrevista.html\/attachment\/_dsc9363-2\" data-orig-file=\"https:\/\/i0.wp.com\/elgeneracionalpost.com\/wp-content\/uploads\/2023\/04\/DSC9363-1.jpg?fit=1696%2C2560&amp;ssl=1\" data-orig-size=\"1696,2560\" data-comments-opened=\"0\" data-image-meta=\"{&quot;aperture&quot;:&quot;7.1&quot;,&quot;credit&quot;:&quot;ALAN_OTTO&quot;,&quot;camera&quot;:&quot;NIKON D7000&quot;,&quot;caption&quot;:&quot;&quot;,&quot;created_timestamp&quot;:&quot;1681123118&quot;,&quot;copyright&quot;:&quot;ALAN_OTTO&quot;,&quot;focal_length&quot;:&quot;31&quot;,&quot;iso&quot;:&quot;2000&quot;,&quot;shutter_speed&quot;:&quot;0.004&quot;,&quot;title&quot;:&quot;&quot;,&quot;orientation&quot;:&quot;1&quot;}\" data-image-title=\"Cartel promocional\" data-image-description=\"\" data-image-caption=\"\" data-medium-file=\"https:\/\/i0.wp.com\/elgeneracionalpost.com\/wp-content\/uploads\/2023\/04\/DSC9363-1.jpg?fit=199%2C300&amp;ssl=1\" data-large-file=\"https:\/\/i0.wp.com\/elgeneracionalpost.com\/wp-content\/uploads\/2023\/04\/DSC9363-1.jpg?fit=678%2C1024&amp;ssl=1\" decoding=\"async\" class=\"wp-image-85741 jetpack-lazy-image\" src=\"https:\/\/i0.wp.com\/elgeneracionalpost.com\/wp-content\/uploads\/2023\/04\/DSC9363-1.jpg?resize=334%2C504&amp;ssl=1\" alt=\"\" width=\"334\" height=\"504\" data-recalc-dims=\"1\" data-lazy-srcset=\"https:\/\/i0.wp.com\/elgeneracionalpost.com\/wp-content\/uploads\/2023\/04\/DSC9363-1.jpg?resize=199%2C300&amp;ssl=1 199w, https:\/\/i0.wp.com\/elgeneracionalpost.com\/wp-content\/uploads\/2023\/04\/DSC9363-1.jpg?resize=678%2C1024&amp;ssl=1 678w, https:\/\/i0.wp.com\/elgeneracionalpost.com\/wp-content\/uploads\/2023\/04\/DSC9363-1.jpg?resize=768%2C1159&amp;ssl=1 768w, https:\/\/i0.wp.com\/elgeneracionalpost.com\/wp-content\/uploads\/2023\/04\/DSC9363-1.jpg?resize=1018%2C1536&amp;ssl=1 1018w, https:\/\/i0.wp.com\/elgeneracionalpost.com\/wp-content\/uploads\/2023\/04\/DSC9363-1.jpg?resize=1357%2C2048&amp;ssl=1 1357w, https:\/\/i0.wp.com\/elgeneracionalpost.com\/wp-content\/uploads\/2023\/04\/DSC9363-1.jpg?resize=150%2C226&amp;ssl=1 150w, https:\/\/i0.wp.com\/elgeneracionalpost.com\/wp-content\/uploads\/2023\/04\/DSC9363-1.jpg?resize=300%2C453&amp;ssl=1 300w, https:\/\/i0.wp.com\/elgeneracionalpost.com\/wp-content\/uploads\/2023\/04\/DSC9363-1.jpg?resize=696%2C1051&amp;ssl=1 696w, https:\/\/i0.wp.com\/elgeneracionalpost.com\/wp-content\/uploads\/2023\/04\/DSC9363-1.jpg?resize=1068%2C1612&amp;ssl=1 1068w, https:\/\/i0.wp.com\/elgeneracionalpost.com\/wp-content\/uploads\/2023\/04\/DSC9363-1.jpg?w=1696&amp;ssl=1 1696w\" data-lazy-sizes=\"(max-width: 334px) 100vw, 334px\" data-lazy-src=\"https:\/\/i0.wp.com\/elgeneracionalpost.com\/wp-content\/uploads\/2023\/04\/DSC9363-1.jpg?resize=334%2C504&amp;is-pending-load=1#038;ssl=1\" srcset=\"data:image\/gif;base64,R0lGODlhAQABAIAAAAAAAP\/\/\/yH5BAEAAAAALAAAAAABAAEAAAIBRAA7\"\/><noscript><img data-lazy-fallback=\"1\" data-attachment-id=\"85741\" data-permalink=\"https:\/\/elgeneracionalpost.com\/cultura\/2023\/0414\/85453\/inaki-miramon-entrevista.html\/attachment\/_dsc9363-2\" data-orig-file=\"https:\/\/i0.wp.com\/elgeneracionalpost.com\/wp-content\/uploads\/2023\/04\/DSC9363-1.jpg?fit=1696%2C2560&amp;ssl=1\" data-orig-size=\"1696,2560\" data-comments-opened=\"0\" data-image-meta=\"{&quot;aperture&quot;:&quot;7.1&quot;,&quot;credit&quot;:&quot;ALAN_OTTO&quot;,&quot;camera&quot;:&quot;NIKON D7000&quot;,&quot;caption&quot;:&quot;&quot;,&quot;created_timestamp&quot;:&quot;1681123118&quot;,&quot;copyright&quot;:&quot;ALAN_OTTO&quot;,&quot;focal_length&quot;:&quot;31&quot;,&quot;iso&quot;:&quot;2000&quot;,&quot;shutter_speed&quot;:&quot;0.004&quot;,&quot;title&quot;:&quot;&quot;,&quot;orientation&quot;:&quot;1&quot;}\" data-image-title=\"Cartel promocional\" data-image-description=\"\" data-image-caption=\"\" data-medium-file=\"https:\/\/i0.wp.com\/elgeneracionalpost.com\/wp-content\/uploads\/2023\/04\/DSC9363-1.jpg?fit=199%2C300&amp;ssl=1\" data-large-file=\"https:\/\/i0.wp.com\/elgeneracionalpost.com\/wp-content\/uploads\/2023\/04\/DSC9363-1.jpg?fit=678%2C1024&amp;ssl=1\" decoding=\"async\" class=\"wp-image-85741\" src=\"https:\/\/i0.wp.com\/elgeneracionalpost.com\/wp-content\/uploads\/2023\/04\/DSC9363-1.jpg?resize=334%2C504&amp;ssl=1\" alt=\"\" width=\"334\" height=\"504\" srcset=\"https:\/\/i0.wp.com\/elgeneracionalpost.com\/wp-content\/uploads\/2023\/04\/DSC9363-1.jpg?resize=199%2C300&amp;ssl=1 199w, https:\/\/i0.wp.com\/elgeneracionalpost.com\/wp-content\/uploads\/2023\/04\/DSC9363-1.jpg?resize=678%2C1024&amp;ssl=1 678w, https:\/\/i0.wp.com\/elgeneracionalpost.com\/wp-content\/uploads\/2023\/04\/DSC9363-1.jpg?resize=768%2C1159&amp;ssl=1 768w, https:\/\/i0.wp.com\/elgeneracionalpost.com\/wp-content\/uploads\/2023\/04\/DSC9363-1.jpg?resize=1018%2C1536&amp;ssl=1 1018w, https:\/\/i0.wp.com\/elgeneracionalpost.com\/wp-content\/uploads\/2023\/04\/DSC9363-1.jpg?resize=1357%2C2048&amp;ssl=1 1357w, https:\/\/i0.wp.com\/elgeneracionalpost.com\/wp-content\/uploads\/2023\/04\/DSC9363-1.jpg?resize=150%2C226&amp;ssl=1 150w, https:\/\/i0.wp.com\/elgeneracionalpost.com\/wp-content\/uploads\/2023\/04\/DSC9363-1.jpg?resize=300%2C453&amp;ssl=1 300w, https:\/\/i0.wp.com\/elgeneracionalpost.com\/wp-content\/uploads\/2023\/04\/DSC9363-1.jpg?resize=696%2C1051&amp;ssl=1 696w, https:\/\/i0.wp.com\/elgeneracionalpost.com\/wp-content\/uploads\/2023\/04\/DSC9363-1.jpg?resize=1068%2C1612&amp;ssl=1 1068w, https:\/\/i0.wp.com\/elgeneracionalpost.com\/wp-content\/uploads\/2023\/04\/DSC9363-1.jpg?w=1696&amp;ssl=1 1696w\" sizes=\"(max-width: 334px) 100vw, 334px\" data-recalc-dims=\"1\"\/><\/noscript><figcaption id=\"caption-attachment-85741\" class=\"wp-caption-text\">Manifesto promozionale per &#039;Pazienti del Dott. Garc\u00eda&#039; | Fonte: Jaime Luj\u00e1n Alarc\u00f3n (O Geracional)<\/figcaption><\/figure>\n<div class=\"sharedaddy sd-block sd-like jetpack-likes-widget-wrapper jetpack-likes-widget-unloaded\" id=\"like-post-wrapper-153844979-85453-64398783dfd78\" data-src=\"https:\/\/widgets.wp.com\/likes\/#blog_id=153844979&amp;post_id=85453&amp;origin=elgeneracionalpost.com&amp;obj_id=153844979-85453-64398783dfd78\" data-name=\"like-post-frame-153844979-85453-64398783dfd78\" data-title=\"Me gusta o Compartir\">\n<h3 class=\"sd-title\">Mi piace questa:<\/h3>\n<p><span class=\"button\"><span>Mi piace<\/span><\/span> <span class=\"loading\">Caricamento\u2026<\/span><\/p>\n<p><span class=\"sd-text-color\"\/><\/div>\n<p><h3 class=\"jp-relatedposts-headline\"><em>Imparentato<\/em><\/h3>\n<\/p>\n<\/div>","protected":false},"excerpt":{"rendered":"<p>I\u00f1aki Miram\u00f3n non \u00e8 solo un attore multidisciplinare, nel corso della sua vita si \u00e8 interessato anche all&#039;arte nei settori \u2026 <\/p>","protected":false},"author":1,"featured_media":1152,"comment_status":"open","ping_status":"open","sticky":false,"template":"","format":"standard","meta":{"fifu_image_url":"https:\/\/elgeneracionalpost.com\/wp-content\/uploads\/2023\/04\/DSC94461-1-1024x679.jpg","fifu_image_alt":"","footnotes":""},"categories":[35],"tags":[],"class_list":["post-1151","post","type-post","status-publish","format-standard","has-post-thumbnail","hentry","category-cultura-e-lazer","latest_post"],"yoast_head":"<!-- This site is optimized with the Yoast SEO plugin v27.3 - https:\/\/yoast.com\/product\/yoast-seo-wordpress\/ -->\n<title>Entrevista com I\u00f1aki Miram\u00f3n nos pacientes do Doutor Garc\u00eda - Tirinha.com<\/title>\n<meta name=\"robots\" content=\"index, follow, max-snippet:-1, max-image-preview:large, max-video-preview:-1\" \/>\n<link rel=\"canonical\" href=\"https:\/\/tirinha.com\/it\/1151\/intervista-a-inaki-miramon-paziente-del-dottor-garcia\/\" \/>\n<meta property=\"og:locale\" content=\"it_IT\" \/>\n<meta property=\"og:type\" content=\"article\" \/>\n<meta property=\"og:title\" content=\"Entrevista com I\u00f1aki Miram\u00f3n nos pacientes do Doutor Garc\u00eda - Tirinha.com\" \/>\n<meta property=\"og:description\" content=\"I\u00f1aki Miram\u00f3n n\u00e3o \u00e9 apenas um ator multidisciplinar, ao longo de sua vida tamb\u00e9m se interessou por arte nas \u00e1reas &hellip;\" \/>\n<meta property=\"og:url\" content=\"https:\/\/tirinha.com\/it\/1151\/intervista-a-inaki-miramon-paziente-del-dottor-garcia\/\" \/>\n<meta property=\"og:site_name\" content=\"Tirinha.com\" \/>\n<meta property=\"article:published_time\" content=\"2023-04-14T17:07:03+00:00\" \/>\n<meta property=\"og:image\" content=\"https:\/\/elgeneracionalpost.com\/wp-content\/uploads\/2023\/04\/DSC94461-1-1024x679.jpg\" \/>\n<meta name=\"author\" content=\"admin\" \/>\n<meta name=\"twitter:card\" content=\"summary_large_image\" \/>\n<meta name=\"twitter:image\" content=\"https:\/\/elgeneracionalpost.com\/wp-content\/uploads\/2023\/04\/DSC94461-1-1024x679.jpg\" \/>\n<meta name=\"twitter:label1\" content=\"Scritto da\" \/>\n\t<meta name=\"twitter:data1\" content=\"admin\" \/>\n\t<meta name=\"twitter:label2\" content=\"Tempo di lettura stimato\" \/>\n\t<meta name=\"twitter:data2\" content=\"5 minuti\" \/>\n<script type=\"application\/ld+json\" class=\"yoast-schema-graph\">{\"@context\":\"https:\\\/\\\/schema.org\",\"@graph\":[{\"@type\":\"Article\",\"@id\":\"https:\\\/\\\/tirinha.com\\\/1151\\\/entrevista-com-inaki-miramon-nos-pacientes-do-doutor-garcia\\\/#article\",\"isPartOf\":{\"@id\":\"https:\\\/\\\/tirinha.com\\\/1151\\\/entrevista-com-inaki-miramon-nos-pacientes-do-doutor-garcia\\\/\"},\"author\":{\"name\":\"admin\",\"@id\":\"https:\\\/\\\/tirinha.com\\\/#\\\/schema\\\/person\\\/e22bdfbe17e0461f7e927e6a1208d4d9\"},\"headline\":\"Entrevista com I\u00f1aki Miram\u00f3n nos pacientes do Doutor Garc\u00eda\",\"datePublished\":\"2023-04-14T17:07:03+00:00\",\"mainEntityOfPage\":{\"@id\":\"https:\\\/\\\/tirinha.com\\\/1151\\\/entrevista-com-inaki-miramon-nos-pacientes-do-doutor-garcia\\\/\"},\"wordCount\":975,\"commentCount\":0,\"publisher\":{\"@id\":\"https:\\\/\\\/tirinha.com\\\/#organization\"},\"image\":{\"@id\":\"https:\\\/\\\/tirinha.com\\\/1151\\\/entrevista-com-inaki-miramon-nos-pacientes-do-doutor-garcia\\\/#primaryimage\"},\"thumbnailUrl\":\"https:\\\/\\\/elgeneracionalpost.com\\\/wp-content\\\/uploads\\\/2023\\\/04\\\/DSC94461-1-1024x679.jpg\",\"articleSection\":[\"Cultura e lazer\"],\"inLanguage\":\"it-IT\",\"potentialAction\":[{\"@type\":\"CommentAction\",\"name\":\"Comment\",\"target\":[\"https:\\\/\\\/tirinha.com\\\/1151\\\/entrevista-com-inaki-miramon-nos-pacientes-do-doutor-garcia\\\/#respond\"]}]},{\"@type\":\"WebPage\",\"@id\":\"https:\\\/\\\/tirinha.com\\\/1151\\\/entrevista-com-inaki-miramon-nos-pacientes-do-doutor-garcia\\\/\",\"url\":\"https:\\\/\\\/tirinha.com\\\/1151\\\/entrevista-com-inaki-miramon-nos-pacientes-do-doutor-garcia\\\/\",\"name\":\"Entrevista com I\u00f1aki Miram\u00f3n nos pacientes do Doutor Garc\u00eda - Tirinha.com\",\"isPartOf\":{\"@id\":\"https:\\\/\\\/tirinha.com\\\/#website\"},\"primaryImageOfPage\":{\"@id\":\"https:\\\/\\\/tirinha.com\\\/1151\\\/entrevista-com-inaki-miramon-nos-pacientes-do-doutor-garcia\\\/#primaryimage\"},\"image\":{\"@id\":\"https:\\\/\\\/tirinha.com\\\/1151\\\/entrevista-com-inaki-miramon-nos-pacientes-do-doutor-garcia\\\/#primaryimage\"},\"thumbnailUrl\":\"https:\\\/\\\/elgeneracionalpost.com\\\/wp-content\\\/uploads\\\/2023\\\/04\\\/DSC94461-1-1024x679.jpg\",\"datePublished\":\"2023-04-14T17:07:03+00:00\",\"breadcrumb\":{\"@id\":\"https:\\\/\\\/tirinha.com\\\/1151\\\/entrevista-com-inaki-miramon-nos-pacientes-do-doutor-garcia\\\/#breadcrumb\"},\"inLanguage\":\"it-IT\",\"potentialAction\":[{\"@type\":\"ReadAction\",\"target\":[\"https:\\\/\\\/tirinha.com\\\/1151\\\/entrevista-com-inaki-miramon-nos-pacientes-do-doutor-garcia\\\/\"]}]},{\"@type\":\"ImageObject\",\"inLanguage\":\"it-IT\",\"@id\":\"https:\\\/\\\/tirinha.com\\\/1151\\\/entrevista-com-inaki-miramon-nos-pacientes-do-doutor-garcia\\\/#primaryimage\",\"url\":\"https:\\\/\\\/elgeneracionalpost.com\\\/wp-content\\\/uploads\\\/2023\\\/04\\\/DSC94461-1-1024x679.jpg\",\"contentUrl\":\"https:\\\/\\\/elgeneracionalpost.com\\\/wp-content\\\/uploads\\\/2023\\\/04\\\/DSC94461-1-1024x679.jpg\"},{\"@type\":\"BreadcrumbList\",\"@id\":\"https:\\\/\\\/tirinha.com\\\/1151\\\/entrevista-com-inaki-miramon-nos-pacientes-do-doutor-garcia\\\/#breadcrumb\",\"itemListElement\":[{\"@type\":\"ListItem\",\"position\":1,\"name\":\"Home\",\"item\":\"https:\\\/\\\/tirinha.com\\\/\"},{\"@type\":\"ListItem\",\"position\":2,\"name\":\"Entrevista com I\u00f1aki Miram\u00f3n nos pacientes do Doutor Garc\u00eda\"}]},{\"@type\":\"WebSite\",\"@id\":\"https:\\\/\\\/tirinha.com\\\/#website\",\"url\":\"https:\\\/\\\/tirinha.com\\\/\",\"name\":\"Tirinha.com\",\"description\":\"Arte e livros resenhas\",\"publisher\":{\"@id\":\"https:\\\/\\\/tirinha.com\\\/#organization\"},\"potentialAction\":[{\"@type\":\"SearchAction\",\"target\":{\"@type\":\"EntryPoint\",\"urlTemplate\":\"https:\\\/\\\/tirinha.com\\\/?s={search_term_string}\"},\"query-input\":{\"@type\":\"PropertyValueSpecification\",\"valueRequired\":true,\"valueName\":\"search_term_string\"}}],\"inLanguage\":\"it-IT\"},{\"@type\":\"Organization\",\"@id\":\"https:\\\/\\\/tirinha.com\\\/#organization\",\"name\":\"Tirinha.com\",\"url\":\"https:\\\/\\\/tirinha.com\\\/\",\"logo\":{\"@type\":\"ImageObject\",\"inLanguage\":\"it-IT\",\"@id\":\"https:\\\/\\\/tirinha.com\\\/#\\\/schema\\\/logo\\\/image\\\/\",\"url\":\"https:\\\/\\\/tirinha.com\\\/wp-content\\\/uploads\\\/2023\\\/08\\\/cropped-Logo-Tirinha.webp\",\"contentUrl\":\"https:\\\/\\\/tirinha.com\\\/wp-content\\\/uploads\\\/2023\\\/08\\\/cropped-Logo-Tirinha.webp\",\"width\":512,\"height\":512,\"caption\":\"Tirinha.com\"},\"image\":{\"@id\":\"https:\\\/\\\/tirinha.com\\\/#\\\/schema\\\/logo\\\/image\\\/\"}},{\"@type\":\"Person\",\"@id\":\"https:\\\/\\\/tirinha.com\\\/#\\\/schema\\\/person\\\/e22bdfbe17e0461f7e927e6a1208d4d9\",\"name\":\"admin\",\"image\":{\"@type\":\"ImageObject\",\"inLanguage\":\"it-IT\",\"@id\":\"https:\\\/\\\/tirinha.com\\\/wp-content\\\/litespeed\\\/avatar\\\/d0068f7931cc87d7274eb0c3db1deb4b.jpg?ver=1776829466\",\"url\":\"https:\\\/\\\/tirinha.com\\\/wp-content\\\/litespeed\\\/avatar\\\/d0068f7931cc87d7274eb0c3db1deb4b.jpg?ver=1776829466\",\"contentUrl\":\"https:\\\/\\\/tirinha.com\\\/wp-content\\\/litespeed\\\/avatar\\\/d0068f7931cc87d7274eb0c3db1deb4b.jpg?ver=1776829466\",\"caption\":\"admin\"},\"sameAs\":[\"https:\\\/\\\/tirinha.com\"],\"url\":\"https:\\\/\\\/tirinha.com\\\/it\\\/author\\\/admin\\\/\"}]}<\/script>\n<!-- \/ Yoast SEO plugin. -->","yoast_head_json":{"title":"Intervista a I\u00f1aki Miram\u00f3n sui pazienti del Dottor Garc\u00eda - Tirinha.com","robots":{"index":"index","follow":"follow","max-snippet":"max-snippet:-1","max-image-preview":"max-image-preview:large","max-video-preview":"max-video-preview:-1"},"canonical":"https:\/\/tirinha.com\/it\/1151\/intervista-a-inaki-miramon-paziente-del-dottor-garcia\/","og_locale":"it_IT","og_type":"article","og_title":"Entrevista com I\u00f1aki Miram\u00f3n nos pacientes do Doutor Garc\u00eda - Tirinha.com","og_description":"I\u00f1aki Miram\u00f3n n\u00e3o \u00e9 apenas um ator multidisciplinar, ao longo de sua vida tamb\u00e9m se interessou por arte nas \u00e1reas &hellip;","og_url":"https:\/\/tirinha.com\/it\/1151\/intervista-a-inaki-miramon-paziente-del-dottor-garcia\/","og_site_name":"Tirinha.com","article_published_time":"2023-04-14T17:07:03+00:00","og_image":[{"url":"https:\/\/elgeneracionalpost.com\/wp-content\/uploads\/2023\/04\/DSC94461-1-1024x679.jpg","type":"","width":"","height":""}],"author":"admin","twitter_card":"summary_large_image","twitter_image":"https:\/\/elgeneracionalpost.com\/wp-content\/uploads\/2023\/04\/DSC94461-1-1024x679.jpg","twitter_misc":{"Scritto da":"admin","Tempo di lettura stimato":"5 minuti"},"schema":{"@context":"https:\/\/schema.org","@graph":[{"@type":"Article","@id":"https:\/\/tirinha.com\/1151\/entrevista-com-inaki-miramon-nos-pacientes-do-doutor-garcia\/#article","isPartOf":{"@id":"https:\/\/tirinha.com\/1151\/entrevista-com-inaki-miramon-nos-pacientes-do-doutor-garcia\/"},"author":{"name":"admin","@id":"https:\/\/tirinha.com\/#\/schema\/person\/e22bdfbe17e0461f7e927e6a1208d4d9"},"headline":"Entrevista com I\u00f1aki Miram\u00f3n nos pacientes do Doutor Garc\u00eda","datePublished":"2023-04-14T17:07:03+00:00","mainEntityOfPage":{"@id":"https:\/\/tirinha.com\/1151\/entrevista-com-inaki-miramon-nos-pacientes-do-doutor-garcia\/"},"wordCount":975,"commentCount":0,"publisher":{"@id":"https:\/\/tirinha.com\/#organization"},"image":{"@id":"https:\/\/tirinha.com\/1151\/entrevista-com-inaki-miramon-nos-pacientes-do-doutor-garcia\/#primaryimage"},"thumbnailUrl":"https:\/\/elgeneracionalpost.com\/wp-content\/uploads\/2023\/04\/DSC94461-1-1024x679.jpg","articleSection":["Cultura e lazer"],"inLanguage":"it-IT","potentialAction":[{"@type":"CommentAction","name":"Comment","target":["https:\/\/tirinha.com\/1151\/entrevista-com-inaki-miramon-nos-pacientes-do-doutor-garcia\/#respond"]}]},{"@type":"WebPage","@id":"https:\/\/tirinha.com\/1151\/entrevista-com-inaki-miramon-nos-pacientes-do-doutor-garcia\/","url":"https:\/\/tirinha.com\/1151\/entrevista-com-inaki-miramon-nos-pacientes-do-doutor-garcia\/","name":"Intervista a I\u00f1aki Miram\u00f3n sui pazienti del Dottor Garc\u00eda - Tirinha.com","isPartOf":{"@id":"https:\/\/tirinha.com\/#website"},"primaryImageOfPage":{"@id":"https:\/\/tirinha.com\/1151\/entrevista-com-inaki-miramon-nos-pacientes-do-doutor-garcia\/#primaryimage"},"image":{"@id":"https:\/\/tirinha.com\/1151\/entrevista-com-inaki-miramon-nos-pacientes-do-doutor-garcia\/#primaryimage"},"thumbnailUrl":"https:\/\/elgeneracionalpost.com\/wp-content\/uploads\/2023\/04\/DSC94461-1-1024x679.jpg","datePublished":"2023-04-14T17:07:03+00:00","breadcrumb":{"@id":"https:\/\/tirinha.com\/1151\/entrevista-com-inaki-miramon-nos-pacientes-do-doutor-garcia\/#breadcrumb"},"inLanguage":"it-IT","potentialAction":[{"@type":"ReadAction","target":["https:\/\/tirinha.com\/1151\/entrevista-com-inaki-miramon-nos-pacientes-do-doutor-garcia\/"]}]},{"@type":"ImageObject","inLanguage":"it-IT","@id":"https:\/\/tirinha.com\/1151\/entrevista-com-inaki-miramon-nos-pacientes-do-doutor-garcia\/#primaryimage","url":"https:\/\/elgeneracionalpost.com\/wp-content\/uploads\/2023\/04\/DSC94461-1-1024x679.jpg","contentUrl":"https:\/\/elgeneracionalpost.com\/wp-content\/uploads\/2023\/04\/DSC94461-1-1024x679.jpg"},{"@type":"BreadcrumbList","@id":"https:\/\/tirinha.com\/1151\/entrevista-com-inaki-miramon-nos-pacientes-do-doutor-garcia\/#breadcrumb","itemListElement":[{"@type":"ListItem","position":1,"name":"Home","item":"https:\/\/tirinha.com\/"},{"@type":"ListItem","position":2,"name":"Entrevista com I\u00f1aki Miram\u00f3n nos pacientes do Doutor Garc\u00eda"}]},{"@type":"WebSite","@id":"https:\/\/tirinha.com\/#website","url":"https:\/\/tirinha.com\/","name":"Fumetto.com","description":"Recensioni di arte e libri","publisher":{"@id":"https:\/\/tirinha.com\/#organization"},"potentialAction":[{"@type":"SearchAction","target":{"@type":"EntryPoint","urlTemplate":"https:\/\/tirinha.com\/?s={search_term_string}"},"query-input":{"@type":"PropertyValueSpecification","valueRequired":true,"valueName":"search_term_string"}}],"inLanguage":"it-IT"},{"@type":"Organization","@id":"https:\/\/tirinha.com\/#organization","name":"Fumetto.com","url":"https:\/\/tirinha.com\/","logo":{"@type":"ImageObject","inLanguage":"it-IT","@id":"https:\/\/tirinha.com\/#\/schema\/logo\/image\/","url":"https:\/\/tirinha.com\/wp-content\/uploads\/2023\/08\/cropped-Logo-Tirinha.webp","contentUrl":"https:\/\/tirinha.com\/wp-content\/uploads\/2023\/08\/cropped-Logo-Tirinha.webp","width":512,"height":512,"caption":"Tirinha.com"},"image":{"@id":"https:\/\/tirinha.com\/#\/schema\/logo\/image\/"}},{"@type":"Person","@id":"https:\/\/tirinha.com\/#\/schema\/person\/e22bdfbe17e0461f7e927e6a1208d4d9","name":"amministratore","image":{"@type":"ImageObject","inLanguage":"it-IT","@id":"https:\/\/tirinha.com\/wp-content\/litespeed\/avatar\/d0068f7931cc87d7274eb0c3db1deb4b.jpg?ver=1776829466","url":"https:\/\/tirinha.com\/wp-content\/litespeed\/avatar\/d0068f7931cc87d7274eb0c3db1deb4b.jpg?ver=1776829466","contentUrl":"https:\/\/tirinha.com\/wp-content\/litespeed\/avatar\/d0068f7931cc87d7274eb0c3db1deb4b.jpg?ver=1776829466","caption":"admin"},"sameAs":["https:\/\/tirinha.com"],"url":"https:\/\/tirinha.com\/it\/author\/admin\/"}]}},"_links":{"self":[{"href":"https:\/\/tirinha.com\/it\/wp-json\/wp\/v2\/posts\/1151","targetHints":{"allow":["GET"]}}],"collection":[{"href":"https:\/\/tirinha.com\/it\/wp-json\/wp\/v2\/posts"}],"about":[{"href":"https:\/\/tirinha.com\/it\/wp-json\/wp\/v2\/types\/post"}],"author":[{"embeddable":true,"href":"https:\/\/tirinha.com\/it\/wp-json\/wp\/v2\/users\/1"}],"replies":[{"embeddable":true,"href":"https:\/\/tirinha.com\/it\/wp-json\/wp\/v2\/comments?post=1151"}],"version-history":[{"count":0,"href":"https:\/\/tirinha.com\/it\/wp-json\/wp\/v2\/posts\/1151\/revisions"}],"wp:featuredmedia":[{"embeddable":true,"href":"https:\/\/tirinha.com\/it\/wp-json\/wp\/v2\/media\/1152"}],"wp:attachment":[{"href":"https:\/\/tirinha.com\/it\/wp-json\/wp\/v2\/media?parent=1151"}],"wp:term":[{"taxonomy":"category","embeddable":true,"href":"https:\/\/tirinha.com\/it\/wp-json\/wp\/v2\/categories?post=1151"},{"taxonomy":"post_tag","embeddable":true,"href":"https:\/\/tirinha.com\/it\/wp-json\/wp\/v2\/tags?post=1151"}],"curies":[{"name":"parola chiave","href":"https:\/\/api.w.org\/{rel}","templated":true}]}}