{"id":1130,"date":"2023-04-12T17:17:33","date_gmt":"2023-04-12T17:17:33","guid":{"rendered":"https:\/\/tirinha.com\/el-silencio-com-aron-piper-e-manu-rios-na-netflix-em-19-de-maio\/"},"modified":"2023-04-12T17:17:33","modified_gmt":"2023-04-12T17:17:33","slug":"il-film-the-silence-con-aron-piper-e-manu-rios-sara-disponibile-su-netflix-dal-19-maggio","status":"publish","type":"post","link":"https:\/\/tirinha.com\/it\/1130\/el-silencio-com-aron-piper-e-manu-rios-na-netflix-em-19-de-maio\/","title":{"rendered":"&quot;El Silencio&quot; con Ar\u00f3n Piper e Manu R\u00edos su Netflix dal 19 maggio"},"content":{"rendered":"<p><\/p>\n<div data-td-block-uid=\"tdi_70\">\n<div class=\"tdb-block-inner td-fix-index\">\n<h2>Miniserie creata da Aitor Gabilondo con protagonisti gli attori Elite Ar\u00f3n Piper e Manu R\u00edos<\/h2>\n<p><strong>Netflix ha rivelato oggi il trailer ufficiale e il poster di <em>Il silenzio<\/em>un inquietante thriller psicologico creato da Aitor Gabilondo e interpretato da Ar\u00f3n Piper che uscir\u00e0 in tutto il mondo, solo su Netflix, il 19 maggio.<\/strong><\/p>\n<p>Nelle parole di <strong>Aitor Gabilondo<\/strong>, creatore e produttore della miniserie: &quot;Sergio Ciscar (Ar\u00f3n Piper) riesce a dominare gli investigatori senza parlare e senza nemmeno sapere che lo stanno osservando. Sono loro che, cercando di decifrare ogni suo gesto, finiscono per cadere nella loro stessa trappola e vedere ci\u00f2 che vogliono vedere. <strong>Chi \u00e8 allora la preda?<\/strong> Quello sullo schermo o quello che lo guarda?<\/p>\n<p><span class=\"embed-youtube\" style=\"text-align:center; display: block;\"><iframe title=\"Silenzio (IN SPAGNOLO) | Trailer ufficiale | Netflix\" width=\"790\" height=\"444\" src=\"https:\/\/www.youtube.com\/embed\/QlnQ5O69_LA?feature=oembed\" frameborder=\"0\" allow=\"accelerometer; autoplay; clipboard-write; encrypted-media; gyroscope; picture-in-picture; web-share\" allowfullscreen><\/iframe><\/span><\/p>\n<p><em><strong>Il silenzio<\/strong><\/em>  racconta la storia di <strong>Sergio Ciscar (Aron Piper)<\/strong>, che viene rilasciato sei anni dopo aver ucciso i suoi genitori, quando era ancora minorenne. Durante questo periodo, Sergio non ha detto una sola parola n\u00e9 ha collaborato con la giustizia, quindi sia le motivazioni del crimine sia le sue attuali intenzioni restano un mistero. <strong>Anna Dussel<\/strong> (Almudena Amor), una giovane psichiatra, e il suo team saranno incaricati di determinare il suo potenziale pericolo per la societ\u00e0. <strong>osservandolo di nascosto giorno e notte, come un animale<\/strong>.<\/p>\n<p><strong>Alea media<\/strong> produce questa miniserie per Netflix con protagonista <strong>Aron Piper<\/strong> (<em>Il disordine che lasci, Elite)<\/em>,<strong> Amo Almudena<\/strong> (<em>The Good Standard, storie per tenerti sveglio<\/em>), <strong>Cristina Kovani<\/strong> (<em>La caccia<\/em>), <strong>Manu Rios<\/strong> (<em>Elite, L&#039;et\u00e0 dell&#039;ira<\/em>), <strong>Aitor Luna<\/strong> (<em>L&#039;ereditiera della terra, Valeria<\/em>),<strong> Ramiro Blas<\/strong> (<em>Il Collegio: Le Cupole<\/em>), <strong>Aria Bedmar<\/strong> (<em>Eredi della terra, ditemi chi sono<\/em>) E <strong>Mikel Losada<\/strong> (<em>Ana, Garcia e Garcia)<\/em>tra gli altri.<\/p>\n<div class=\"sharedaddy sd-block sd-like jetpack-likes-widget-wrapper jetpack-likes-widget-unloaded\" id=\"like-post-wrapper-153844979-85695-6436e7acbb01c\" data-src=\"https:\/\/widgets.wp.com\/likes\/#blog_id=153844979&amp;post_id=85695&amp;origin=elgeneracionalpost.com&amp;obj_id=153844979-85695-6436e7acbb01c\" data-name=\"like-post-frame-153844979-85695-6436e7acbb01c\" data-title=\"Me gusta o Compartir\">\n<h3 class=\"sd-title\">Mi piace questa:<\/h3>\n<p><span class=\"button\"><span>Mi piace<\/span><\/span> <span class=\"loading\">Caricamento\u2026<\/span><\/p>\n<p><span class=\"sd-text-color\"\/><\/div>\n<p><h3 class=\"jp-relatedposts-headline\"><em>Imparentato<\/em><\/h3>\n<\/p>\n<\/div>\n<\/div>","protected":false},"excerpt":{"rendered":"<p>Miniserie creata da Aitor Gabilondo con protagonisti gli attori d&#039;\u00e9lite Ar\u00f3n Piper e Manu R\u00edos Netflix ha rivelato oggi il... <\/p>","protected":false},"author":1,"featured_media":1132,"comment_status":"open","ping_status":"open","sticky":false,"template":"","format":"standard","meta":{"fifu_image_url":"https:\/\/elgeneracionalpost.com\/wp-content\/uploads\/2023\/04\/0500_EL_SILENCIO_STILL_LANDER_MGL2539-1024x576.jpg","fifu_image_alt":"","footnotes":""},"categories":[35],"tags":[],"class_list":["post-1130","post","type-post","status-publish","format-standard","has-post-thumbnail","hentry","category-cultura-e-lazer","latest_post"],"yoast_head":"<!-- This site is optimized with the Yoast SEO plugin v27.3 - https:\/\/yoast.com\/product\/yoast-seo-wordpress\/ -->\n<title>&#039;El Silencio&#039; com Ar\u00f3n Piper e Manu R\u00edos na Netflix em 19 de maio - Tirinha.com<\/title>\n<meta name=\"robots\" content=\"index, follow, max-snippet:-1, max-image-preview:large, max-video-preview:-1\" \/>\n<link rel=\"canonical\" href=\"https:\/\/tirinha.com\/it\/1130\/il-film-the-silence-con-aron-piper-e-manu-rios-sara-disponibile-su-netflix-dal-19-maggio\/\" \/>\n<meta property=\"og:locale\" content=\"it_IT\" \/>\n<meta property=\"og:type\" content=\"article\" \/>\n<meta property=\"og:title\" content=\"&#039;El Silencio&#039; com Ar\u00f3n Piper e Manu R\u00edos na Netflix em 19 de maio - Tirinha.com\" \/>\n<meta property=\"og:description\" content=\"Miniss\u00e9rie criada por Aitor Gabilondo protagonizada pelos atores de Elite, Ar\u00f3n Piper e Manu R\u00edos A Netflix revelou hoje o &hellip;\" \/>\n<meta property=\"og:url\" content=\"https:\/\/tirinha.com\/it\/1130\/il-film-the-silence-con-aron-piper-e-manu-rios-sara-disponibile-su-netflix-dal-19-maggio\/\" \/>\n<meta property=\"og:site_name\" content=\"Tirinha.com\" \/>\n<meta property=\"article:published_time\" content=\"2023-04-12T17:17:33+00:00\" \/>\n<meta property=\"og:image\" content=\"https:\/\/elgeneracionalpost.com\/wp-content\/uploads\/2023\/04\/0500_EL_SILENCIO_STILL_LANDER_MGL2539-1024x576.jpg\" \/>\n<meta name=\"author\" content=\"admin\" \/>\n<meta name=\"twitter:card\" content=\"summary_large_image\" \/>\n<meta name=\"twitter:image\" content=\"https:\/\/elgeneracionalpost.com\/wp-content\/uploads\/2023\/04\/0500_EL_SILENCIO_STILL_LANDER_MGL2539-1024x576.jpg\" \/>\n<meta name=\"twitter:label1\" content=\"Scritto da\" \/>\n\t<meta name=\"twitter:data1\" content=\"admin\" \/>\n\t<meta name=\"twitter:label2\" content=\"Tempo di lettura stimato\" \/>\n\t<meta name=\"twitter:data2\" content=\"2 minuti\" \/>\n<script type=\"application\/ld+json\" class=\"yoast-schema-graph\">{\"@context\":\"https:\\\/\\\/schema.org\",\"@graph\":[{\"@type\":\"Article\",\"@id\":\"https:\\\/\\\/tirinha.com\\\/1130\\\/el-silencio-com-aron-piper-e-manu-rios-na-netflix-em-19-de-maio\\\/#article\",\"isPartOf\":{\"@id\":\"https:\\\/\\\/tirinha.com\\\/1130\\\/el-silencio-com-aron-piper-e-manu-rios-na-netflix-em-19-de-maio\\\/\"},\"author\":{\"name\":\"admin\",\"@id\":\"https:\\\/\\\/tirinha.com\\\/#\\\/schema\\\/person\\\/e22bdfbe17e0461f7e927e6a1208d4d9\"},\"headline\":\"&#8216;El Silencio&#8217; com Ar\u00f3n Piper e Manu R\u00edos na Netflix em 19 de maio\",\"datePublished\":\"2023-04-12T17:17:33+00:00\",\"mainEntityOfPage\":{\"@id\":\"https:\\\/\\\/tirinha.com\\\/1130\\\/el-silencio-com-aron-piper-e-manu-rios-na-netflix-em-19-de-maio\\\/\"},\"wordCount\":326,\"commentCount\":0,\"publisher\":{\"@id\":\"https:\\\/\\\/tirinha.com\\\/#organization\"},\"image\":{\"@id\":\"https:\\\/\\\/tirinha.com\\\/1130\\\/el-silencio-com-aron-piper-e-manu-rios-na-netflix-em-19-de-maio\\\/#primaryimage\"},\"thumbnailUrl\":\"https:\\\/\\\/elgeneracionalpost.com\\\/wp-content\\\/uploads\\\/2023\\\/04\\\/0500_EL_SILENCIO_STILL_LANDER_MGL2539-1024x576.jpg\",\"articleSection\":[\"Cultura e lazer\"],\"inLanguage\":\"it-IT\",\"potentialAction\":[{\"@type\":\"CommentAction\",\"name\":\"Comment\",\"target\":[\"https:\\\/\\\/tirinha.com\\\/1130\\\/el-silencio-com-aron-piper-e-manu-rios-na-netflix-em-19-de-maio\\\/#respond\"]}]},{\"@type\":\"WebPage\",\"@id\":\"https:\\\/\\\/tirinha.com\\\/1130\\\/el-silencio-com-aron-piper-e-manu-rios-na-netflix-em-19-de-maio\\\/\",\"url\":\"https:\\\/\\\/tirinha.com\\\/1130\\\/el-silencio-com-aron-piper-e-manu-rios-na-netflix-em-19-de-maio\\\/\",\"name\":\"'El Silencio' com Ar\u00f3n Piper e Manu R\u00edos na Netflix em 19 de maio - Tirinha.com\",\"isPartOf\":{\"@id\":\"https:\\\/\\\/tirinha.com\\\/#website\"},\"primaryImageOfPage\":{\"@id\":\"https:\\\/\\\/tirinha.com\\\/1130\\\/el-silencio-com-aron-piper-e-manu-rios-na-netflix-em-19-de-maio\\\/#primaryimage\"},\"image\":{\"@id\":\"https:\\\/\\\/tirinha.com\\\/1130\\\/el-silencio-com-aron-piper-e-manu-rios-na-netflix-em-19-de-maio\\\/#primaryimage\"},\"thumbnailUrl\":\"https:\\\/\\\/elgeneracionalpost.com\\\/wp-content\\\/uploads\\\/2023\\\/04\\\/0500_EL_SILENCIO_STILL_LANDER_MGL2539-1024x576.jpg\",\"datePublished\":\"2023-04-12T17:17:33+00:00\",\"breadcrumb\":{\"@id\":\"https:\\\/\\\/tirinha.com\\\/1130\\\/el-silencio-com-aron-piper-e-manu-rios-na-netflix-em-19-de-maio\\\/#breadcrumb\"},\"inLanguage\":\"it-IT\",\"potentialAction\":[{\"@type\":\"ReadAction\",\"target\":[\"https:\\\/\\\/tirinha.com\\\/1130\\\/el-silencio-com-aron-piper-e-manu-rios-na-netflix-em-19-de-maio\\\/\"]}]},{\"@type\":\"ImageObject\",\"inLanguage\":\"it-IT\",\"@id\":\"https:\\\/\\\/tirinha.com\\\/1130\\\/el-silencio-com-aron-piper-e-manu-rios-na-netflix-em-19-de-maio\\\/#primaryimage\",\"url\":\"https:\\\/\\\/elgeneracionalpost.com\\\/wp-content\\\/uploads\\\/2023\\\/04\\\/0500_EL_SILENCIO_STILL_LANDER_MGL2539-1024x576.jpg\",\"contentUrl\":\"https:\\\/\\\/elgeneracionalpost.com\\\/wp-content\\\/uploads\\\/2023\\\/04\\\/0500_EL_SILENCIO_STILL_LANDER_MGL2539-1024x576.jpg\"},{\"@type\":\"BreadcrumbList\",\"@id\":\"https:\\\/\\\/tirinha.com\\\/1130\\\/el-silencio-com-aron-piper-e-manu-rios-na-netflix-em-19-de-maio\\\/#breadcrumb\",\"itemListElement\":[{\"@type\":\"ListItem\",\"position\":1,\"name\":\"Home\",\"item\":\"https:\\\/\\\/tirinha.com\\\/\"},{\"@type\":\"ListItem\",\"position\":2,\"name\":\"&#8216;El Silencio&#8217; com Ar\u00f3n Piper e Manu R\u00edos na Netflix em 19 de maio\"}]},{\"@type\":\"WebSite\",\"@id\":\"https:\\\/\\\/tirinha.com\\\/#website\",\"url\":\"https:\\\/\\\/tirinha.com\\\/\",\"name\":\"Tirinha.com\",\"description\":\"Arte e livros resenhas\",\"publisher\":{\"@id\":\"https:\\\/\\\/tirinha.com\\\/#organization\"},\"potentialAction\":[{\"@type\":\"SearchAction\",\"target\":{\"@type\":\"EntryPoint\",\"urlTemplate\":\"https:\\\/\\\/tirinha.com\\\/?s={search_term_string}\"},\"query-input\":{\"@type\":\"PropertyValueSpecification\",\"valueRequired\":true,\"valueName\":\"search_term_string\"}}],\"inLanguage\":\"it-IT\"},{\"@type\":\"Organization\",\"@id\":\"https:\\\/\\\/tirinha.com\\\/#organization\",\"name\":\"Tirinha.com\",\"url\":\"https:\\\/\\\/tirinha.com\\\/\",\"logo\":{\"@type\":\"ImageObject\",\"inLanguage\":\"it-IT\",\"@id\":\"https:\\\/\\\/tirinha.com\\\/#\\\/schema\\\/logo\\\/image\\\/\",\"url\":\"https:\\\/\\\/tirinha.com\\\/wp-content\\\/uploads\\\/2023\\\/08\\\/cropped-Logo-Tirinha.webp\",\"contentUrl\":\"https:\\\/\\\/tirinha.com\\\/wp-content\\\/uploads\\\/2023\\\/08\\\/cropped-Logo-Tirinha.webp\",\"width\":512,\"height\":512,\"caption\":\"Tirinha.com\"},\"image\":{\"@id\":\"https:\\\/\\\/tirinha.com\\\/#\\\/schema\\\/logo\\\/image\\\/\"}},{\"@type\":\"Person\",\"@id\":\"https:\\\/\\\/tirinha.com\\\/#\\\/schema\\\/person\\\/e22bdfbe17e0461f7e927e6a1208d4d9\",\"name\":\"admin\",\"image\":{\"@type\":\"ImageObject\",\"inLanguage\":\"it-IT\",\"@id\":\"https:\\\/\\\/tirinha.com\\\/wp-content\\\/litespeed\\\/avatar\\\/d0068f7931cc87d7274eb0c3db1deb4b.jpg?ver=1777434315\",\"url\":\"https:\\\/\\\/tirinha.com\\\/wp-content\\\/litespeed\\\/avatar\\\/d0068f7931cc87d7274eb0c3db1deb4b.jpg?ver=1777434315\",\"contentUrl\":\"https:\\\/\\\/tirinha.com\\\/wp-content\\\/litespeed\\\/avatar\\\/d0068f7931cc87d7274eb0c3db1deb4b.jpg?ver=1777434315\",\"caption\":\"admin\"},\"sameAs\":[\"https:\\\/\\\/tirinha.com\"],\"url\":\"https:\\\/\\\/tirinha.com\\\/it\\\/author\\\/admin\\\/\"}]}<\/script>\n<!-- \/ Yoast SEO plugin. -->","yoast_head_json":{"title":"'&quot;El Silencio&quot; con Ar\u00f3n Piper e Manu R\u00edos su Netflix dal 19 maggio - Tirinha.com","robots":{"index":"index","follow":"follow","max-snippet":"max-snippet:-1","max-image-preview":"max-image-preview:large","max-video-preview":"max-video-preview:-1"},"canonical":"https:\/\/tirinha.com\/it\/1130\/il-film-the-silence-con-aron-piper-e-manu-rios-sara-disponibile-su-netflix-dal-19-maggio\/","og_locale":"it_IT","og_type":"article","og_title":"'El Silencio' com Ar\u00f3n Piper e Manu R\u00edos na Netflix em 19 de maio - Tirinha.com","og_description":"Miniss\u00e9rie criada por Aitor Gabilondo protagonizada pelos atores de Elite, Ar\u00f3n Piper e Manu R\u00edos A Netflix revelou hoje o &hellip;","og_url":"https:\/\/tirinha.com\/it\/1130\/il-film-the-silence-con-aron-piper-e-manu-rios-sara-disponibile-su-netflix-dal-19-maggio\/","og_site_name":"Tirinha.com","article_published_time":"2023-04-12T17:17:33+00:00","og_image":[{"url":"https:\/\/elgeneracionalpost.com\/wp-content\/uploads\/2023\/04\/0500_EL_SILENCIO_STILL_LANDER_MGL2539-1024x576.jpg","type":"","width":"","height":""}],"author":"admin","twitter_card":"summary_large_image","twitter_image":"https:\/\/elgeneracionalpost.com\/wp-content\/uploads\/2023\/04\/0500_EL_SILENCIO_STILL_LANDER_MGL2539-1024x576.jpg","twitter_misc":{"Scritto da":"admin","Tempo di lettura stimato":"2 minuti"},"schema":{"@context":"https:\/\/schema.org","@graph":[{"@type":"Article","@id":"https:\/\/tirinha.com\/1130\/el-silencio-com-aron-piper-e-manu-rios-na-netflix-em-19-de-maio\/#article","isPartOf":{"@id":"https:\/\/tirinha.com\/1130\/el-silencio-com-aron-piper-e-manu-rios-na-netflix-em-19-de-maio\/"},"author":{"name":"admin","@id":"https:\/\/tirinha.com\/#\/schema\/person\/e22bdfbe17e0461f7e927e6a1208d4d9"},"headline":"&#8216;El Silencio&#8217; com Ar\u00f3n Piper e Manu R\u00edos na Netflix em 19 de maio","datePublished":"2023-04-12T17:17:33+00:00","mainEntityOfPage":{"@id":"https:\/\/tirinha.com\/1130\/el-silencio-com-aron-piper-e-manu-rios-na-netflix-em-19-de-maio\/"},"wordCount":326,"commentCount":0,"publisher":{"@id":"https:\/\/tirinha.com\/#organization"},"image":{"@id":"https:\/\/tirinha.com\/1130\/el-silencio-com-aron-piper-e-manu-rios-na-netflix-em-19-de-maio\/#primaryimage"},"thumbnailUrl":"https:\/\/elgeneracionalpost.com\/wp-content\/uploads\/2023\/04\/0500_EL_SILENCIO_STILL_LANDER_MGL2539-1024x576.jpg","articleSection":["Cultura e lazer"],"inLanguage":"it-IT","potentialAction":[{"@type":"CommentAction","name":"Comment","target":["https:\/\/tirinha.com\/1130\/el-silencio-com-aron-piper-e-manu-rios-na-netflix-em-19-de-maio\/#respond"]}]},{"@type":"WebPage","@id":"https:\/\/tirinha.com\/1130\/el-silencio-com-aron-piper-e-manu-rios-na-netflix-em-19-de-maio\/","url":"https:\/\/tirinha.com\/1130\/el-silencio-com-aron-piper-e-manu-rios-na-netflix-em-19-de-maio\/","name":"'&quot;El Silencio&quot; con Ar\u00f3n Piper e Manu R\u00edos su Netflix dal 19 maggio - Tirinha.com","isPartOf":{"@id":"https:\/\/tirinha.com\/#website"},"primaryImageOfPage":{"@id":"https:\/\/tirinha.com\/1130\/el-silencio-com-aron-piper-e-manu-rios-na-netflix-em-19-de-maio\/#primaryimage"},"image":{"@id":"https:\/\/tirinha.com\/1130\/el-silencio-com-aron-piper-e-manu-rios-na-netflix-em-19-de-maio\/#primaryimage"},"thumbnailUrl":"https:\/\/elgeneracionalpost.com\/wp-content\/uploads\/2023\/04\/0500_EL_SILENCIO_STILL_LANDER_MGL2539-1024x576.jpg","datePublished":"2023-04-12T17:17:33+00:00","breadcrumb":{"@id":"https:\/\/tirinha.com\/1130\/el-silencio-com-aron-piper-e-manu-rios-na-netflix-em-19-de-maio\/#breadcrumb"},"inLanguage":"it-IT","potentialAction":[{"@type":"ReadAction","target":["https:\/\/tirinha.com\/1130\/el-silencio-com-aron-piper-e-manu-rios-na-netflix-em-19-de-maio\/"]}]},{"@type":"ImageObject","inLanguage":"it-IT","@id":"https:\/\/tirinha.com\/1130\/el-silencio-com-aron-piper-e-manu-rios-na-netflix-em-19-de-maio\/#primaryimage","url":"https:\/\/elgeneracionalpost.com\/wp-content\/uploads\/2023\/04\/0500_EL_SILENCIO_STILL_LANDER_MGL2539-1024x576.jpg","contentUrl":"https:\/\/elgeneracionalpost.com\/wp-content\/uploads\/2023\/04\/0500_EL_SILENCIO_STILL_LANDER_MGL2539-1024x576.jpg"},{"@type":"BreadcrumbList","@id":"https:\/\/tirinha.com\/1130\/el-silencio-com-aron-piper-e-manu-rios-na-netflix-em-19-de-maio\/#breadcrumb","itemListElement":[{"@type":"ListItem","position":1,"name":"Home","item":"https:\/\/tirinha.com\/"},{"@type":"ListItem","position":2,"name":"&#8216;El Silencio&#8217; com Ar\u00f3n Piper e Manu R\u00edos na Netflix em 19 de maio"}]},{"@type":"WebSite","@id":"https:\/\/tirinha.com\/#website","url":"https:\/\/tirinha.com\/","name":"Fumetto.com","description":"Recensioni di arte e libri","publisher":{"@id":"https:\/\/tirinha.com\/#organization"},"potentialAction":[{"@type":"SearchAction","target":{"@type":"EntryPoint","urlTemplate":"https:\/\/tirinha.com\/?s={search_term_string}"},"query-input":{"@type":"PropertyValueSpecification","valueRequired":true,"valueName":"search_term_string"}}],"inLanguage":"it-IT"},{"@type":"Organization","@id":"https:\/\/tirinha.com\/#organization","name":"Fumetto.com","url":"https:\/\/tirinha.com\/","logo":{"@type":"ImageObject","inLanguage":"it-IT","@id":"https:\/\/tirinha.com\/#\/schema\/logo\/image\/","url":"https:\/\/tirinha.com\/wp-content\/uploads\/2023\/08\/cropped-Logo-Tirinha.webp","contentUrl":"https:\/\/tirinha.com\/wp-content\/uploads\/2023\/08\/cropped-Logo-Tirinha.webp","width":512,"height":512,"caption":"Tirinha.com"},"image":{"@id":"https:\/\/tirinha.com\/#\/schema\/logo\/image\/"}},{"@type":"Person","@id":"https:\/\/tirinha.com\/#\/schema\/person\/e22bdfbe17e0461f7e927e6a1208d4d9","name":"amministratore","image":{"@type":"ImageObject","inLanguage":"it-IT","@id":"https:\/\/tirinha.com\/wp-content\/litespeed\/avatar\/d0068f7931cc87d7274eb0c3db1deb4b.jpg?ver=1777434315","url":"https:\/\/tirinha.com\/wp-content\/litespeed\/avatar\/d0068f7931cc87d7274eb0c3db1deb4b.jpg?ver=1777434315","contentUrl":"https:\/\/tirinha.com\/wp-content\/litespeed\/avatar\/d0068f7931cc87d7274eb0c3db1deb4b.jpg?ver=1777434315","caption":"admin"},"sameAs":["https:\/\/tirinha.com"],"url":"https:\/\/tirinha.com\/it\/author\/admin\/"}]}},"_links":{"self":[{"href":"https:\/\/tirinha.com\/it\/wp-json\/wp\/v2\/posts\/1130","targetHints":{"allow":["GET"]}}],"collection":[{"href":"https:\/\/tirinha.com\/it\/wp-json\/wp\/v2\/posts"}],"about":[{"href":"https:\/\/tirinha.com\/it\/wp-json\/wp\/v2\/types\/post"}],"author":[{"embeddable":true,"href":"https:\/\/tirinha.com\/it\/wp-json\/wp\/v2\/users\/1"}],"replies":[{"embeddable":true,"href":"https:\/\/tirinha.com\/it\/wp-json\/wp\/v2\/comments?post=1130"}],"version-history":[{"count":0,"href":"https:\/\/tirinha.com\/it\/wp-json\/wp\/v2\/posts\/1130\/revisions"}],"wp:featuredmedia":[{"embeddable":true,"href":"https:\/\/tirinha.com\/it\/wp-json\/wp\/v2\/media\/1132"}],"wp:attachment":[{"href":"https:\/\/tirinha.com\/it\/wp-json\/wp\/v2\/media?parent=1130"}],"wp:term":[{"taxonomy":"category","embeddable":true,"href":"https:\/\/tirinha.com\/it\/wp-json\/wp\/v2\/categories?post=1130"},{"taxonomy":"post_tag","embeddable":true,"href":"https:\/\/tirinha.com\/it\/wp-json\/wp\/v2\/tags?post=1130"}],"curies":[{"name":"parola chiave","href":"https:\/\/api.w.org\/{rel}","templated":true}]}}