{"id":1111,"date":"2023-04-10T20:23:33","date_gmt":"2023-04-10T20:23:33","guid":{"rendered":"https:\/\/tirinha.com\/uma-pequena-luz-protegendo-anne-frank-trailer-e-poster-ja-disponiveis\/"},"modified":"2023-04-10T20:23:33","modified_gmt":"2023-04-10T20:23:33","slug":"una-piccola-luce-a-protezione-di-anna-frank-trailer-e-locandina-ora-disponibili","status":"publish","type":"post","link":"https:\/\/tirinha.com\/it\/1111\/uma-pequena-luz-protegendo-anne-frank-trailer-e-poster-ja-disponiveis\/","title":{"rendered":"Trailer e poster di &quot;Un po&#039; di luce: proteggere Anna Frank&quot; ora disponibili"},"content":{"rendered":"<p><\/p>\n<div data-td-block-uid=\"tdi_70\">\n<div class=\"tdb-block-inner td-fix-index\">\n<h3>La nuova serie di National Geographic sar\u00e0 visibile in esclusiva dal 2 maggio su Disney+<\/h3>\n<p><strong>Con Bel Powley, Joe Cole e Lie Scheibrer; avviciner\u00e0 lo spettatore alla storia stimolante di Miep Gieps (Bel Powey), la giovane ragazza olandese che aiut\u00f2 a nascondere la famiglia di Anna Frank (Billie Boullet). La miniserie sar\u00e0 composta da otto episodi.<\/strong><\/p>\n<p>Narrato con sensibilit\u00e0<strong data-removefontsize=\"true\" data-originalcomputedfontsize=\"16\">Un po&#039; di luce: proteggere Anna Frank<\/strong>&quot; ci riporta a quegli anni tragici e <strong>si augura che la storia di Miep aumenti la consapevolezza<\/strong> costringe gli spettatori a chiedersi cosa avrebbero fatto se fossero stati nei panni di Miep e li invita a riflettere se, ai nostri giorni, avrebbero il coraggio di affrontare l&#039;odio.<\/p>\n<p>Per due anni, Miep e suo marito Jan (Joe Cole), insieme ad altri collaboratori, nascosero le famiglie Fran, van Pleis e Pfeffer dai nazisti in un nascondiglio segreto. \u201c<em data-removefontsize=\"true\" data-originalcomputedfontsize=\"16\">Quando abbiamo sentito per la prima volta la storia di Miep Gies siamo rimasti molto colpiti. Eravamo anche convinti che questo <strong>miniserie su un supereroe di tutti i giorni<\/strong>di cui quasi nessuno aveva sentito parlare, necessitava di un debutto senza precedenti<\/em>&quot;, ha dichiarato <strong data-removefontsize=\"true\" data-originalcomputedfontsize=\"16\">Carolyn Bernstein<\/strong>, vicepresidente esecutivo, film sceneggiati e documentari, National Geographic. \u201c<em data-removefontsize=\"true\" data-originalcomputedfontsize=\"16\">Vogliamo prendere &#039;<\/em><strong data-removefontsize=\"true\" data-originalcomputedfontsize=\"16\">Un po&#039; di luce: proteggere Anna Frank<\/strong><em data-removefontsize=\"true\" data-originalcomputedfontsize=\"16\">al maggior numero possibile di persone in tutto il mondo e non vedo l&#039;ora che venga distribuito su pi\u00f9 canali e piattaforme di streaming. <strong>permettere al pubblico di innamorarsi della figura ispiratrice di Miep<\/strong> proprio come \u00e8 successo a noi<\/em>\u201d.<\/p>\n<p>La produzione di ABC Signature e Keshet Studios per National Geographic includer\u00e0 nel suo cast anche <strong data-removefontsize=\"true\" data-originalcomputedfontsize=\"16\">Amira Marry<\/strong>che interpreta Edith Frank, la madre di Margot e Anne; <strong data-removefontsize=\"true\" data-originalcomputedfontsize=\"16\">Ashley Brooke<\/strong>chi \u00e8 Margot Frank, la sorella maggiore di Anne; <strong data-removefontsize=\"true\" data-originalcomputedfontsize=\"16\">Andy Nyman<\/strong>, <strong data-removefontsize=\"true\" data-originalcomputedfontsize=\"16\">Caroline Catz<\/strong>, <strong data-removefontsize=\"true\" data-originalcomputedfontsize=\"16\">Rudy Goodman<\/strong>come Peter van Pels e <strong data-removefontsize=\"true\" data-originalcomputedfontsize=\"16\">No\u00e8 Taylor<\/strong>  Si nascosero tutti nell&#039;annesso insieme alla famiglia Frank; Inoltre, avranno anche <strong data-removefontsize=\"true\" data-originalcomputedfontsize=\"16\">Eleonora Tomlinson, <\/strong><strong data-removefontsize=\"true\" data-originalcomputedfontsize=\"16\">Sally Messham<\/strong>, <strong data-removefontsize=\"true\" data-originalcomputedfontsize=\"16\">Ian McElhinney, <\/strong><strong data-removefontsize=\"true\" data-originalcomputedfontsize=\"16\">Nicholas Burns, <\/strong><strong data-removefontsize=\"true\" data-originalcomputedfontsize=\"16\">Liza Sadova<\/strong><span data-removefontsize=\"true\" data-originalcomputedfontsize=\"16\">, <\/span><strong data-removefontsize=\"true\" data-originalcomputedfontsize=\"16\">Laurie Kynaston<\/strong> E <strong data-removefontsize=\"true\" data-originalcomputedfontsize=\"16\">Sebastiano Armesto.<\/strong><\/p>\n<p><span class=\"embed-youtube\" style=\"text-align:center; display: block;\"><iframe title=\"Un po&#039; di luce: proteggere Ana Frank | NATIONAL GEOGRAPHIC SPAGNA\" width=\"790\" height=\"444\" src=\"https:\/\/www.youtube.com\/embed\/1PFmXG0rW2c?feature=oembed\" frameborder=\"0\" allow=\"accelerometer; autoplay; clipboard-write; encrypted-media; gyroscope; picture-in-picture; web-share\" allowfullscreen><\/iframe><\/span><\/p>\n<div class=\"sharedaddy sd-block sd-like jetpack-likes-widget-wrapper jetpack-likes-widget-unloaded\" id=\"like-post-wrapper-153844979-85392-64347044596ac\" data-src=\"https:\/\/widgets.wp.com\/likes\/#blog_id=153844979&amp;post_id=85392&amp;origin=elgeneracionalpost.com&amp;obj_id=153844979-85392-64347044596ac\" data-name=\"like-post-frame-153844979-85392-64347044596ac\" data-title=\"Me gusta o Compartir\">\n<h3 class=\"sd-title\">Mi piace questa:<\/h3>\n<p><span class=\"button\"><span>Mi piace<\/span><\/span> <span class=\"loading\">Caricamento\u2026<\/span><\/p>\n<p><span class=\"sd-text-color\"\/><\/div>\n<p><h3 class=\"jp-relatedposts-headline\"><em>Imparentato<\/em><\/h3>\n<\/p>\n<\/div>\n<\/div>","protected":false},"excerpt":{"rendered":"<p>La nuova serie di National Geographic sar\u00e0 disponibile in esclusiva dal 2 maggio su Disney+ con\u2026 <\/p>","protected":false},"author":1,"featured_media":1113,"comment_status":"open","ping_status":"open","sticky":false,"template":"","format":"standard","meta":{"fifu_image_url":"https:\/\/i0.wp.com\/elgeneracionalpost.com\/wp-content\/uploads\/2023\/04\/B1566258-DCD7-4634-AA41-D8E99A73F8C2.jpeg?fit=1080,1350&ssl=1","fifu_image_alt":"","footnotes":""},"categories":[35],"tags":[],"class_list":["post-1111","post","type-post","status-publish","format-standard","has-post-thumbnail","hentry","category-cultura-e-lazer","latest_post"],"yoast_head":"<!-- This site is optimized with the Yoast SEO plugin v27.3 - https:\/\/yoast.com\/product\/yoast-seo-wordpress\/ -->\n<title>&#039;Uma pequena luz: protegendo Anne Frank&#039;, trailer e p\u00f4ster j\u00e1 dispon\u00edveis - Tirinha.com<\/title>\n<meta name=\"robots\" content=\"index, follow, max-snippet:-1, max-image-preview:large, max-video-preview:-1\" \/>\n<link rel=\"canonical\" href=\"https:\/\/tirinha.com\/it\/1111\/una-piccola-luce-a-protezione-di-anna-frank-trailer-e-locandina-ora-disponibili\/\" \/>\n<meta property=\"og:locale\" content=\"it_IT\" \/>\n<meta property=\"og:type\" content=\"article\" \/>\n<meta property=\"og:title\" content=\"&#039;Uma pequena luz: protegendo Anne Frank&#039;, trailer e p\u00f4ster j\u00e1 dispon\u00edveis - Tirinha.com\" \/>\n<meta property=\"og:description\" content=\"A nova s\u00e9rie da National Geographic pode ser vista com exclusividade no dia 2 de maio no Disney+ Estrelado por &hellip;\" \/>\n<meta property=\"og:url\" content=\"https:\/\/tirinha.com\/it\/1111\/una-piccola-luce-a-protezione-di-anna-frank-trailer-e-locandina-ora-disponibili\/\" \/>\n<meta property=\"og:site_name\" content=\"Tirinha.com\" \/>\n<meta property=\"article:published_time\" content=\"2023-04-10T20:23:33+00:00\" \/>\n<meta property=\"og:image\" content=\"https:\/\/i0.wp.com\/elgeneracionalpost.com\/wp-content\/uploads\/2023\/04\/B1566258-DCD7-4634-AA41-D8E99A73F8C2.jpeg?fit=1080,1350&ssl=1\" \/>\n<meta name=\"author\" content=\"admin\" \/>\n<meta name=\"twitter:card\" content=\"summary_large_image\" \/>\n<meta name=\"twitter:image\" content=\"https:\/\/i0.wp.com\/elgeneracionalpost.com\/wp-content\/uploads\/2023\/04\/B1566258-DCD7-4634-AA41-D8E99A73F8C2.jpeg?fit=1080,1350&ssl=1\" \/>\n<meta name=\"twitter:label1\" content=\"Scritto da\" \/>\n\t<meta name=\"twitter:data1\" content=\"admin\" \/>\n\t<meta name=\"twitter:label2\" content=\"Tempo di lettura stimato\" \/>\n\t<meta name=\"twitter:data2\" content=\"2 minuti\" \/>\n<script type=\"application\/ld+json\" class=\"yoast-schema-graph\">{\"@context\":\"https:\\\/\\\/schema.org\",\"@graph\":[{\"@type\":\"Article\",\"@id\":\"https:\\\/\\\/tirinha.com\\\/1111\\\/uma-pequena-luz-protegendo-anne-frank-trailer-e-poster-ja-disponiveis\\\/#article\",\"isPartOf\":{\"@id\":\"https:\\\/\\\/tirinha.com\\\/1111\\\/uma-pequena-luz-protegendo-anne-frank-trailer-e-poster-ja-disponiveis\\\/\"},\"author\":{\"name\":\"admin\",\"@id\":\"https:\\\/\\\/tirinha.com\\\/#\\\/schema\\\/person\\\/e22bdfbe17e0461f7e927e6a1208d4d9\"},\"headline\":\"&#8216;Uma pequena luz: protegendo Anne Frank&#8217;, trailer e p\u00f4ster j\u00e1 dispon\u00edveis\",\"datePublished\":\"2023-04-10T20:23:33+00:00\",\"mainEntityOfPage\":{\"@id\":\"https:\\\/\\\/tirinha.com\\\/1111\\\/uma-pequena-luz-protegendo-anne-frank-trailer-e-poster-ja-disponiveis\\\/\"},\"wordCount\":374,\"commentCount\":0,\"publisher\":{\"@id\":\"https:\\\/\\\/tirinha.com\\\/#organization\"},\"image\":{\"@id\":\"https:\\\/\\\/tirinha.com\\\/1111\\\/uma-pequena-luz-protegendo-anne-frank-trailer-e-poster-ja-disponiveis\\\/#primaryimage\"},\"thumbnailUrl\":\"https:\\\/\\\/i0.wp.com\\\/elgeneracionalpost.com\\\/wp-content\\\/uploads\\\/2023\\\/04\\\/B1566258-DCD7-4634-AA41-D8E99A73F8C2.jpeg?fit=1080,1350&ssl=1\",\"articleSection\":[\"Cultura e lazer\"],\"inLanguage\":\"it-IT\",\"potentialAction\":[{\"@type\":\"CommentAction\",\"name\":\"Comment\",\"target\":[\"https:\\\/\\\/tirinha.com\\\/1111\\\/uma-pequena-luz-protegendo-anne-frank-trailer-e-poster-ja-disponiveis\\\/#respond\"]}]},{\"@type\":\"WebPage\",\"@id\":\"https:\\\/\\\/tirinha.com\\\/1111\\\/uma-pequena-luz-protegendo-anne-frank-trailer-e-poster-ja-disponiveis\\\/\",\"url\":\"https:\\\/\\\/tirinha.com\\\/1111\\\/uma-pequena-luz-protegendo-anne-frank-trailer-e-poster-ja-disponiveis\\\/\",\"name\":\"'Uma pequena luz: protegendo Anne Frank', trailer e p\u00f4ster j\u00e1 dispon\u00edveis - Tirinha.com\",\"isPartOf\":{\"@id\":\"https:\\\/\\\/tirinha.com\\\/#website\"},\"primaryImageOfPage\":{\"@id\":\"https:\\\/\\\/tirinha.com\\\/1111\\\/uma-pequena-luz-protegendo-anne-frank-trailer-e-poster-ja-disponiveis\\\/#primaryimage\"},\"image\":{\"@id\":\"https:\\\/\\\/tirinha.com\\\/1111\\\/uma-pequena-luz-protegendo-anne-frank-trailer-e-poster-ja-disponiveis\\\/#primaryimage\"},\"thumbnailUrl\":\"https:\\\/\\\/i0.wp.com\\\/elgeneracionalpost.com\\\/wp-content\\\/uploads\\\/2023\\\/04\\\/B1566258-DCD7-4634-AA41-D8E99A73F8C2.jpeg?fit=1080,1350&ssl=1\",\"datePublished\":\"2023-04-10T20:23:33+00:00\",\"breadcrumb\":{\"@id\":\"https:\\\/\\\/tirinha.com\\\/1111\\\/uma-pequena-luz-protegendo-anne-frank-trailer-e-poster-ja-disponiveis\\\/#breadcrumb\"},\"inLanguage\":\"it-IT\",\"potentialAction\":[{\"@type\":\"ReadAction\",\"target\":[\"https:\\\/\\\/tirinha.com\\\/1111\\\/uma-pequena-luz-protegendo-anne-frank-trailer-e-poster-ja-disponiveis\\\/\"]}]},{\"@type\":\"ImageObject\",\"inLanguage\":\"it-IT\",\"@id\":\"https:\\\/\\\/tirinha.com\\\/1111\\\/uma-pequena-luz-protegendo-anne-frank-trailer-e-poster-ja-disponiveis\\\/#primaryimage\",\"url\":\"https:\\\/\\\/i0.wp.com\\\/elgeneracionalpost.com\\\/wp-content\\\/uploads\\\/2023\\\/04\\\/B1566258-DCD7-4634-AA41-D8E99A73F8C2.jpeg?fit=1080,1350&ssl=1\",\"contentUrl\":\"https:\\\/\\\/i0.wp.com\\\/elgeneracionalpost.com\\\/wp-content\\\/uploads\\\/2023\\\/04\\\/B1566258-DCD7-4634-AA41-D8E99A73F8C2.jpeg?fit=1080,1350&ssl=1\"},{\"@type\":\"BreadcrumbList\",\"@id\":\"https:\\\/\\\/tirinha.com\\\/1111\\\/uma-pequena-luz-protegendo-anne-frank-trailer-e-poster-ja-disponiveis\\\/#breadcrumb\",\"itemListElement\":[{\"@type\":\"ListItem\",\"position\":1,\"name\":\"Home\",\"item\":\"https:\\\/\\\/tirinha.com\\\/\"},{\"@type\":\"ListItem\",\"position\":2,\"name\":\"&#8216;Uma pequena luz: protegendo Anne Frank&#8217;, trailer e p\u00f4ster j\u00e1 dispon\u00edveis\"}]},{\"@type\":\"WebSite\",\"@id\":\"https:\\\/\\\/tirinha.com\\\/#website\",\"url\":\"https:\\\/\\\/tirinha.com\\\/\",\"name\":\"Tirinha.com\",\"description\":\"Arte e livros resenhas\",\"publisher\":{\"@id\":\"https:\\\/\\\/tirinha.com\\\/#organization\"},\"potentialAction\":[{\"@type\":\"SearchAction\",\"target\":{\"@type\":\"EntryPoint\",\"urlTemplate\":\"https:\\\/\\\/tirinha.com\\\/?s={search_term_string}\"},\"query-input\":{\"@type\":\"PropertyValueSpecification\",\"valueRequired\":true,\"valueName\":\"search_term_string\"}}],\"inLanguage\":\"it-IT\"},{\"@type\":\"Organization\",\"@id\":\"https:\\\/\\\/tirinha.com\\\/#organization\",\"name\":\"Tirinha.com\",\"url\":\"https:\\\/\\\/tirinha.com\\\/\",\"logo\":{\"@type\":\"ImageObject\",\"inLanguage\":\"it-IT\",\"@id\":\"https:\\\/\\\/tirinha.com\\\/#\\\/schema\\\/logo\\\/image\\\/\",\"url\":\"https:\\\/\\\/tirinha.com\\\/wp-content\\\/uploads\\\/2023\\\/08\\\/cropped-Logo-Tirinha.webp\",\"contentUrl\":\"https:\\\/\\\/tirinha.com\\\/wp-content\\\/uploads\\\/2023\\\/08\\\/cropped-Logo-Tirinha.webp\",\"width\":512,\"height\":512,\"caption\":\"Tirinha.com\"},\"image\":{\"@id\":\"https:\\\/\\\/tirinha.com\\\/#\\\/schema\\\/logo\\\/image\\\/\"}},{\"@type\":\"Person\",\"@id\":\"https:\\\/\\\/tirinha.com\\\/#\\\/schema\\\/person\\\/e22bdfbe17e0461f7e927e6a1208d4d9\",\"name\":\"admin\",\"image\":{\"@type\":\"ImageObject\",\"inLanguage\":\"it-IT\",\"@id\":\"https:\\\/\\\/tirinha.com\\\/wp-content\\\/litespeed\\\/avatar\\\/d0068f7931cc87d7274eb0c3db1deb4b.jpg?ver=1776829466\",\"url\":\"https:\\\/\\\/tirinha.com\\\/wp-content\\\/litespeed\\\/avatar\\\/d0068f7931cc87d7274eb0c3db1deb4b.jpg?ver=1776829466\",\"contentUrl\":\"https:\\\/\\\/tirinha.com\\\/wp-content\\\/litespeed\\\/avatar\\\/d0068f7931cc87d7274eb0c3db1deb4b.jpg?ver=1776829466\",\"caption\":\"admin\"},\"sameAs\":[\"https:\\\/\\\/tirinha.com\"],\"url\":\"https:\\\/\\\/tirinha.com\\\/it\\\/author\\\/admin\\\/\"}]}<\/script>\n<!-- \/ Yoast SEO plugin. -->","yoast_head_json":{"title":"'&quot;A Little Light: Protecting Anne Frank&quot;, trailer e locandina ora disponibili - Tirinha.com","robots":{"index":"index","follow":"follow","max-snippet":"max-snippet:-1","max-image-preview":"max-image-preview:large","max-video-preview":"max-video-preview:-1"},"canonical":"https:\/\/tirinha.com\/it\/1111\/una-piccola-luce-a-protezione-di-anna-frank-trailer-e-locandina-ora-disponibili\/","og_locale":"it_IT","og_type":"article","og_title":"'Uma pequena luz: protegendo Anne Frank', trailer e p\u00f4ster j\u00e1 dispon\u00edveis - Tirinha.com","og_description":"A nova s\u00e9rie da National Geographic pode ser vista com exclusividade no dia 2 de maio no Disney+ Estrelado por &hellip;","og_url":"https:\/\/tirinha.com\/it\/1111\/una-piccola-luce-a-protezione-di-anna-frank-trailer-e-locandina-ora-disponibili\/","og_site_name":"Tirinha.com","article_published_time":"2023-04-10T20:23:33+00:00","og_image":[{"url":"https:\/\/i0.wp.com\/elgeneracionalpost.com\/wp-content\/uploads\/2023\/04\/B1566258-DCD7-4634-AA41-D8E99A73F8C2.jpeg?fit=1080,1350&ssl=1","type":"","width":"","height":""}],"author":"admin","twitter_card":"summary_large_image","twitter_image":"https:\/\/i0.wp.com\/elgeneracionalpost.com\/wp-content\/uploads\/2023\/04\/B1566258-DCD7-4634-AA41-D8E99A73F8C2.jpeg?fit=1080,1350&ssl=1","twitter_misc":{"Scritto da":"admin","Tempo di lettura stimato":"2 minuti"},"schema":{"@context":"https:\/\/schema.org","@graph":[{"@type":"Article","@id":"https:\/\/tirinha.com\/1111\/uma-pequena-luz-protegendo-anne-frank-trailer-e-poster-ja-disponiveis\/#article","isPartOf":{"@id":"https:\/\/tirinha.com\/1111\/uma-pequena-luz-protegendo-anne-frank-trailer-e-poster-ja-disponiveis\/"},"author":{"name":"admin","@id":"https:\/\/tirinha.com\/#\/schema\/person\/e22bdfbe17e0461f7e927e6a1208d4d9"},"headline":"&#8216;Uma pequena luz: protegendo Anne Frank&#8217;, trailer e p\u00f4ster j\u00e1 dispon\u00edveis","datePublished":"2023-04-10T20:23:33+00:00","mainEntityOfPage":{"@id":"https:\/\/tirinha.com\/1111\/uma-pequena-luz-protegendo-anne-frank-trailer-e-poster-ja-disponiveis\/"},"wordCount":374,"commentCount":0,"publisher":{"@id":"https:\/\/tirinha.com\/#organization"},"image":{"@id":"https:\/\/tirinha.com\/1111\/uma-pequena-luz-protegendo-anne-frank-trailer-e-poster-ja-disponiveis\/#primaryimage"},"thumbnailUrl":"https:\/\/i0.wp.com\/elgeneracionalpost.com\/wp-content\/uploads\/2023\/04\/B1566258-DCD7-4634-AA41-D8E99A73F8C2.jpeg?fit=1080,1350&ssl=1","articleSection":["Cultura e lazer"],"inLanguage":"it-IT","potentialAction":[{"@type":"CommentAction","name":"Comment","target":["https:\/\/tirinha.com\/1111\/uma-pequena-luz-protegendo-anne-frank-trailer-e-poster-ja-disponiveis\/#respond"]}]},{"@type":"WebPage","@id":"https:\/\/tirinha.com\/1111\/uma-pequena-luz-protegendo-anne-frank-trailer-e-poster-ja-disponiveis\/","url":"https:\/\/tirinha.com\/1111\/uma-pequena-luz-protegendo-anne-frank-trailer-e-poster-ja-disponiveis\/","name":"'&quot;A Little Light: Protecting Anne Frank&quot;, trailer e locandina ora disponibili - Tirinha.com","isPartOf":{"@id":"https:\/\/tirinha.com\/#website"},"primaryImageOfPage":{"@id":"https:\/\/tirinha.com\/1111\/uma-pequena-luz-protegendo-anne-frank-trailer-e-poster-ja-disponiveis\/#primaryimage"},"image":{"@id":"https:\/\/tirinha.com\/1111\/uma-pequena-luz-protegendo-anne-frank-trailer-e-poster-ja-disponiveis\/#primaryimage"},"thumbnailUrl":"https:\/\/i0.wp.com\/elgeneracionalpost.com\/wp-content\/uploads\/2023\/04\/B1566258-DCD7-4634-AA41-D8E99A73F8C2.jpeg?fit=1080,1350&ssl=1","datePublished":"2023-04-10T20:23:33+00:00","breadcrumb":{"@id":"https:\/\/tirinha.com\/1111\/uma-pequena-luz-protegendo-anne-frank-trailer-e-poster-ja-disponiveis\/#breadcrumb"},"inLanguage":"it-IT","potentialAction":[{"@type":"ReadAction","target":["https:\/\/tirinha.com\/1111\/uma-pequena-luz-protegendo-anne-frank-trailer-e-poster-ja-disponiveis\/"]}]},{"@type":"ImageObject","inLanguage":"it-IT","@id":"https:\/\/tirinha.com\/1111\/uma-pequena-luz-protegendo-anne-frank-trailer-e-poster-ja-disponiveis\/#primaryimage","url":"https:\/\/i0.wp.com\/elgeneracionalpost.com\/wp-content\/uploads\/2023\/04\/B1566258-DCD7-4634-AA41-D8E99A73F8C2.jpeg?fit=1080,1350&ssl=1","contentUrl":"https:\/\/i0.wp.com\/elgeneracionalpost.com\/wp-content\/uploads\/2023\/04\/B1566258-DCD7-4634-AA41-D8E99A73F8C2.jpeg?fit=1080,1350&ssl=1"},{"@type":"BreadcrumbList","@id":"https:\/\/tirinha.com\/1111\/uma-pequena-luz-protegendo-anne-frank-trailer-e-poster-ja-disponiveis\/#breadcrumb","itemListElement":[{"@type":"ListItem","position":1,"name":"Home","item":"https:\/\/tirinha.com\/"},{"@type":"ListItem","position":2,"name":"&#8216;Uma pequena luz: protegendo Anne Frank&#8217;, trailer e p\u00f4ster j\u00e1 dispon\u00edveis"}]},{"@type":"WebSite","@id":"https:\/\/tirinha.com\/#website","url":"https:\/\/tirinha.com\/","name":"Fumetto.com","description":"Recensioni di arte e libri","publisher":{"@id":"https:\/\/tirinha.com\/#organization"},"potentialAction":[{"@type":"SearchAction","target":{"@type":"EntryPoint","urlTemplate":"https:\/\/tirinha.com\/?s={search_term_string}"},"query-input":{"@type":"PropertyValueSpecification","valueRequired":true,"valueName":"search_term_string"}}],"inLanguage":"it-IT"},{"@type":"Organization","@id":"https:\/\/tirinha.com\/#organization","name":"Fumetto.com","url":"https:\/\/tirinha.com\/","logo":{"@type":"ImageObject","inLanguage":"it-IT","@id":"https:\/\/tirinha.com\/#\/schema\/logo\/image\/","url":"https:\/\/tirinha.com\/wp-content\/uploads\/2023\/08\/cropped-Logo-Tirinha.webp","contentUrl":"https:\/\/tirinha.com\/wp-content\/uploads\/2023\/08\/cropped-Logo-Tirinha.webp","width":512,"height":512,"caption":"Tirinha.com"},"image":{"@id":"https:\/\/tirinha.com\/#\/schema\/logo\/image\/"}},{"@type":"Person","@id":"https:\/\/tirinha.com\/#\/schema\/person\/e22bdfbe17e0461f7e927e6a1208d4d9","name":"amministratore","image":{"@type":"ImageObject","inLanguage":"it-IT","@id":"https:\/\/tirinha.com\/wp-content\/litespeed\/avatar\/d0068f7931cc87d7274eb0c3db1deb4b.jpg?ver=1776829466","url":"https:\/\/tirinha.com\/wp-content\/litespeed\/avatar\/d0068f7931cc87d7274eb0c3db1deb4b.jpg?ver=1776829466","contentUrl":"https:\/\/tirinha.com\/wp-content\/litespeed\/avatar\/d0068f7931cc87d7274eb0c3db1deb4b.jpg?ver=1776829466","caption":"admin"},"sameAs":["https:\/\/tirinha.com"],"url":"https:\/\/tirinha.com\/it\/author\/admin\/"}]}},"_links":{"self":[{"href":"https:\/\/tirinha.com\/it\/wp-json\/wp\/v2\/posts\/1111","targetHints":{"allow":["GET"]}}],"collection":[{"href":"https:\/\/tirinha.com\/it\/wp-json\/wp\/v2\/posts"}],"about":[{"href":"https:\/\/tirinha.com\/it\/wp-json\/wp\/v2\/types\/post"}],"author":[{"embeddable":true,"href":"https:\/\/tirinha.com\/it\/wp-json\/wp\/v2\/users\/1"}],"replies":[{"embeddable":true,"href":"https:\/\/tirinha.com\/it\/wp-json\/wp\/v2\/comments?post=1111"}],"version-history":[{"count":0,"href":"https:\/\/tirinha.com\/it\/wp-json\/wp\/v2\/posts\/1111\/revisions"}],"wp:featuredmedia":[{"embeddable":true,"href":"https:\/\/tirinha.com\/it\/wp-json\/wp\/v2\/media\/1113"}],"wp:attachment":[{"href":"https:\/\/tirinha.com\/it\/wp-json\/wp\/v2\/media?parent=1111"}],"wp:term":[{"taxonomy":"category","embeddable":true,"href":"https:\/\/tirinha.com\/it\/wp-json\/wp\/v2\/categories?post=1111"},{"taxonomy":"post_tag","embeddable":true,"href":"https:\/\/tirinha.com\/it\/wp-json\/wp\/v2\/tags?post=1111"}],"curies":[{"name":"parola chiave","href":"https:\/\/api.w.org\/{rel}","templated":true}]}}