{"id":1079,"date":"2023-04-05T18:21:34","date_gmt":"2023-04-05T18:21:34","guid":{"rendered":"https:\/\/tirinha.com\/warner-bros-comemora-100-anos-contando-historias\/"},"modified":"2023-04-05T18:21:34","modified_gmt":"2023-04-05T18:21:34","slug":"warner-bros-celebra-i-suoi-100-anni-raccontando-storie","status":"publish","type":"post","link":"https:\/\/tirinha.com\/it\/1079\/warner-bros-comemora-100-anos-contando-historias\/","title":{"rendered":"Warner Bros. celebra 100 anni di narrazione"},"content":{"rendered":"<p><\/p>\n<div>\n<h2>La Warner Bros. celebra il suo 100\u00b0 anniversario con una serie di eventi nel corso del 2023.<\/h2>\n<p><strong>La Warner Bros. ha festeggiato ieri il suo centenario nel cinema e per festeggiare ha annunciato numerosi eventi, celebrazioni e lanci che spaziano dal cinema ai parchi di divertimento.<\/strong><\/p>\n<p>La Warner Brothers \u00e8 nata il 4 aprile 1923. 100 anni dopo, <strong>lo studio ha dato vita a centinaia di film e serie<\/strong>compresi gioielli come <em>Harry Potter<\/em>, <em>Superuomo<\/em>, <em>AMICI<\/em>, <em>Cantando sotto la pioggia<\/em>, <em>Game of Thrones<\/em>, <em>Il Signore degli Anelli<\/em>, <em>Lo splendore<\/em>, <em>Westworld<\/em>, <em>Il mago di Oz<\/em>, <em>Duna<\/em> E <em>sede centrale<\/em>. Festeggia il tuo centenario raccontando storie, <strong>Warner Bros. ha annunciato una serie di eventi e uscite da non perdere<\/strong>.<\/p>\n<p>Per quanto riguarda il cinema, la Warner Bros. intende celebrare il suo anniversario ripubblicando alcuni dei suoi film pi\u00f9 iconici. <strong>Il primo a tornare sul grande schermo sar\u00e0 <em>Superman: Il film<\/em> il prossimo 14 aprile<\/strong>. Il rilancio avverr\u00e0 questo aprile per <strong>festeggiano contemporaneamente l&#039;85\u00b0 compleanno del personaggio<\/strong>. A tua volta, <em>L&#039;esorcista <\/em>avr\u00e0 una riedizione per celebrare il 50\u00b0 anniversario del classico horror.<\/p>\n<p>Per ora, <em>Superuomo <\/em>E <em>L&#039;esorcista<\/em> sono gli unici film annunciati per la riedizione, ma <strong>La Warner Bros. assicura che svilupper\u00e0 altri film in seguito<\/strong> e date.<\/p>\n<figure id=\"attachment_84966\" aria-describedby=\"caption-attachment-84966\" style=\"width: 1392px\" class=\"wp-caption alignnone\"><img fetchpriority=\"high\" data-attachment-id=\"84966\" data-permalink=\"https:\/\/elgeneracionalpost.com\/cultura\/2023\/0405\/84955\/warner-bros-celebra-100-anos-contando-historias.html\/attachment\/mv5bmtg4mwu4m2qtngmwms00yju3lwjjmtqtnje5owzlywfjmzq4xkeyxkfqcgdeqwfybm8-_v1_\" data-orig-file=\"https:\/\/i0.wp.com\/elgeneracionalpost.com\/wp-content\/uploads\/2023\/04\/MV5BMTg4MWU4M2QtNGMwMS00YjU3LWJjMTQtNjE5OWZlYWFjMzQ4XkEyXkFqcGdeQWFybm8@._V1_.jpg?fit=1392%2C649&amp;ssl=1\" data-orig-size=\"1392,649\" data-comments-opened=\"0\" data-image-meta=\"{&quot;aperture&quot;:&quot;0&quot;,&quot;credit&quot;:&quot;&quot;,&quot;camera&quot;:&quot;&quot;,&quot;caption&quot;:&quot;&quot;,&quot;created_timestamp&quot;:&quot;0&quot;,&quot;copyright&quot;:&quot;&quot;,&quot;focal_length&quot;:&quot;0&quot;,&quot;iso&quot;:&quot;0&quot;,&quot;shutter_speed&quot;:&quot;0&quot;,&quot;title&quot;:&quot;&quot;,&quot;orientation&quot;:&quot;0&quot;}\" data-image-title=\"MV5BMTg4MWU4M2QtNGMwMS00YjU3LWJjMTQtNjE5OWZlYWFjMzQ4XkEyXkFqcGdeQWFybm8@._V1_\" data-image-description=\"\" data-image-caption=\"&lt;p&gt;Christopher Reeves como Superman en la pel\u00edcula de 1978 | Foto: imdb&lt;\/p&gt;&#10;\" data-medium-file=\"https:\/\/i0.wp.com\/elgeneracionalpost.com\/wp-content\/uploads\/2023\/04\/MV5BMTg4MWU4M2QtNGMwMS00YjU3LWJjMTQtNjE5OWZlYWFjMzQ4XkEyXkFqcGdeQWFybm8@._V1_.jpg?fit=300%2C140&amp;ssl=1\" data-large-file=\"https:\/\/i0.wp.com\/elgeneracionalpost.com\/wp-content\/uploads\/2023\/04\/MV5BMTg4MWU4M2QtNGMwMS00YjU3LWJjMTQtNjE5OWZlYWFjMzQ4XkEyXkFqcGdeQWFybm8@._V1_.jpg?fit=696%2C324&amp;ssl=1\" decoding=\"async\" class=\"wp-image-84966 size-full jetpack-lazy-image\" src=\"https:\/\/i0.wp.com\/elgeneracionalpost.com\/wp-content\/uploads\/2023\/04\/MV5BMTg4MWU4M2QtNGMwMS00YjU3LWJjMTQtNjE5OWZlYWFjMzQ4XkEyXkFqcGdeQWFybm8@._V1_.jpg?resize=696%2C325&amp;ssl=1\" alt=\"\" width=\"696\" height=\"325\" data-recalc-dims=\"1\" data-lazy-srcset=\"https:\/\/i0.wp.com\/elgeneracionalpost.com\/wp-content\/uploads\/2023\/04\/MV5BMTg4MWU4M2QtNGMwMS00YjU3LWJjMTQtNjE5OWZlYWFjMzQ4XkEyXkFqcGdeQWFybm8@._V1_.jpg?w=1392&amp;ssl=1 1392w, https:\/\/i0.wp.com\/elgeneracionalpost.com\/wp-content\/uploads\/2023\/04\/MV5BMTg4MWU4M2QtNGMwMS00YjU3LWJjMTQtNjE5OWZlYWFjMzQ4XkEyXkFqcGdeQWFybm8@._V1_.jpg?resize=300%2C140&amp;ssl=1 300w, https:\/\/i0.wp.com\/elgeneracionalpost.com\/wp-content\/uploads\/2023\/04\/MV5BMTg4MWU4M2QtNGMwMS00YjU3LWJjMTQtNjE5OWZlYWFjMzQ4XkEyXkFqcGdeQWFybm8@._V1_.jpg?resize=1024%2C477&amp;ssl=1 1024w, https:\/\/i0.wp.com\/elgeneracionalpost.com\/wp-content\/uploads\/2023\/04\/MV5BMTg4MWU4M2QtNGMwMS00YjU3LWJjMTQtNjE5OWZlYWFjMzQ4XkEyXkFqcGdeQWFybm8@._V1_.jpg?resize=768%2C358&amp;ssl=1 768w, https:\/\/i0.wp.com\/elgeneracionalpost.com\/wp-content\/uploads\/2023\/04\/MV5BMTg4MWU4M2QtNGMwMS00YjU3LWJjMTQtNjE5OWZlYWFjMzQ4XkEyXkFqcGdeQWFybm8@._V1_.jpg?resize=150%2C70&amp;ssl=1 150w, https:\/\/i0.wp.com\/elgeneracionalpost.com\/wp-content\/uploads\/2023\/04\/MV5BMTg4MWU4M2QtNGMwMS00YjU3LWJjMTQtNjE5OWZlYWFjMzQ4XkEyXkFqcGdeQWFybm8@._V1_.jpg?resize=696%2C325&amp;ssl=1 696w, https:\/\/i0.wp.com\/elgeneracionalpost.com\/wp-content\/uploads\/2023\/04\/MV5BMTg4MWU4M2QtNGMwMS00YjU3LWJjMTQtNjE5OWZlYWFjMzQ4XkEyXkFqcGdeQWFybm8@._V1_.jpg?resize=1068%2C498&amp;ssl=1 1068w\" data-lazy-sizes=\"(max-width: 696px) 100vw, 696px\" data-lazy-src=\"https:\/\/i0.wp.com\/elgeneracionalpost.com\/wp-content\/uploads\/2023\/04\/MV5BMTg4MWU4M2QtNGMwMS00YjU3LWJjMTQtNjE5OWZlYWFjMzQ4XkEyXkFqcGdeQWFybm8@._V1_.jpg?resize=696%2C325&amp;is-pending-load=1#038;ssl=1\" srcset=\"data:image\/gif;base64,R0lGODlhAQABAIAAAAAAAP\/\/\/yH5BAEAAAAALAAAAAABAAEAAAIBRAA7\"\/><noscript><img data-lazy-fallback=\"1\" data-attachment-id=\"84966\" data-permalink=\"https:\/\/elgeneracionalpost.com\/cultura\/2023\/0405\/84955\/warner-bros-celebra-100-anos-contando-historias.html\/attachment\/mv5bmtg4mwu4m2qtngmwms00yju3lwjjmtqtnje5owzlywfjmzq4xkeyxkfqcgdeqwfybm8-_v1_\" data-orig-file=\"https:\/\/i0.wp.com\/elgeneracionalpost.com\/wp-content\/uploads\/2023\/04\/MV5BMTg4MWU4M2QtNGMwMS00YjU3LWJjMTQtNjE5OWZlYWFjMzQ4XkEyXkFqcGdeQWFybm8@._V1_.jpg?fit=1392%2C649&amp;ssl=1\" data-orig-size=\"1392,649\" data-comments-opened=\"0\" data-image-meta=\"{&quot;aperture&quot;:&quot;0&quot;,&quot;credit&quot;:&quot;&quot;,&quot;camera&quot;:&quot;&quot;,&quot;caption&quot;:&quot;&quot;,&quot;created_timestamp&quot;:&quot;0&quot;,&quot;copyright&quot;:&quot;&quot;,&quot;focal_length&quot;:&quot;0&quot;,&quot;iso&quot;:&quot;0&quot;,&quot;shutter_speed&quot;:&quot;0&quot;,&quot;title&quot;:&quot;&quot;,&quot;orientation&quot;:&quot;0&quot;}\" data-image-title=\"MV5BMTg4MWU4M2QtNGMwMS00YjU3LWJjMTQtNjE5OWZlYWFjMzQ4XkEyXkFqcGdeQWFybm8@._V1_\" data-image-description=\"\" data-image-caption=\"&lt;p&gt;Christopher Reeves como Superman en la pel\u00edcula de 1978 | Foto: imdb&lt;\/p&gt;&#10;\" data-medium-file=\"https:\/\/i0.wp.com\/elgeneracionalpost.com\/wp-content\/uploads\/2023\/04\/MV5BMTg4MWU4M2QtNGMwMS00YjU3LWJjMTQtNjE5OWZlYWFjMzQ4XkEyXkFqcGdeQWFybm8@._V1_.jpg?fit=300%2C140&amp;ssl=1\" data-large-file=\"https:\/\/i0.wp.com\/elgeneracionalpost.com\/wp-content\/uploads\/2023\/04\/MV5BMTg4MWU4M2QtNGMwMS00YjU3LWJjMTQtNjE5OWZlYWFjMzQ4XkEyXkFqcGdeQWFybm8@._V1_.jpg?fit=696%2C324&amp;ssl=1\" decoding=\"async\" class=\"wp-image-84966 size-full\" src=\"https:\/\/i0.wp.com\/elgeneracionalpost.com\/wp-content\/uploads\/2023\/04\/MV5BMTg4MWU4M2QtNGMwMS00YjU3LWJjMTQtNjE5OWZlYWFjMzQ4XkEyXkFqcGdeQWFybm8@._V1_.jpg?resize=696%2C325&amp;ssl=1\" alt=\"\" width=\"696\" height=\"325\" srcset=\"https:\/\/i0.wp.com\/elgeneracionalpost.com\/wp-content\/uploads\/2023\/04\/MV5BMTg4MWU4M2QtNGMwMS00YjU3LWJjMTQtNjE5OWZlYWFjMzQ4XkEyXkFqcGdeQWFybm8@._V1_.jpg?w=1392&amp;ssl=1 1392w, https:\/\/i0.wp.com\/elgeneracionalpost.com\/wp-content\/uploads\/2023\/04\/MV5BMTg4MWU4M2QtNGMwMS00YjU3LWJjMTQtNjE5OWZlYWFjMzQ4XkEyXkFqcGdeQWFybm8@._V1_.jpg?resize=300%2C140&amp;ssl=1 300w, https:\/\/i0.wp.com\/elgeneracionalpost.com\/wp-content\/uploads\/2023\/04\/MV5BMTg4MWU4M2QtNGMwMS00YjU3LWJjMTQtNjE5OWZlYWFjMzQ4XkEyXkFqcGdeQWFybm8@._V1_.jpg?resize=1024%2C477&amp;ssl=1 1024w, https:\/\/i0.wp.com\/elgeneracionalpost.com\/wp-content\/uploads\/2023\/04\/MV5BMTg4MWU4M2QtNGMwMS00YjU3LWJjMTQtNjE5OWZlYWFjMzQ4XkEyXkFqcGdeQWFybm8@._V1_.jpg?resize=768%2C358&amp;ssl=1 768w, https:\/\/i0.wp.com\/elgeneracionalpost.com\/wp-content\/uploads\/2023\/04\/MV5BMTg4MWU4M2QtNGMwMS00YjU3LWJjMTQtNjE5OWZlYWFjMzQ4XkEyXkFqcGdeQWFybm8@._V1_.jpg?resize=150%2C70&amp;ssl=1 150w, https:\/\/i0.wp.com\/elgeneracionalpost.com\/wp-content\/uploads\/2023\/04\/MV5BMTg4MWU4M2QtNGMwMS00YjU3LWJjMTQtNjE5OWZlYWFjMzQ4XkEyXkFqcGdeQWFybm8@._V1_.jpg?resize=696%2C325&amp;ssl=1 696w, https:\/\/i0.wp.com\/elgeneracionalpost.com\/wp-content\/uploads\/2023\/04\/MV5BMTg4MWU4M2QtNGMwMS00YjU3LWJjMTQtNjE5OWZlYWFjMzQ4XkEyXkFqcGdeQWFybm8@._V1_.jpg?resize=1068%2C498&amp;ssl=1 1068w\" sizes=\"(max-width: 696px) 100vw, 696px\" data-recalc-dims=\"1\"\/><\/noscript><figcaption id=\"caption-attachment-84966\" class=\"wp-caption-text\">Christopher Reeves nel ruolo di Superman nel film del 1978 | Fonte: imdb.com<\/figcaption><\/figure>\n<p>Il cinema pu\u00f2 essere visto anche a casa. Per questo motivo, Warner pubblicher\u00e0 edizioni fisiche 4K di titoli classici come <em>ribellarsi senza una causa<\/em> Qualunque <em>la leggenda dell&#039;indomabile<\/em>. D&#039;altra parte, le piattaforme <em>trasmissione<\/em> COME <strong>HBO Max includer\u00e0 nel suo catalogo anche le versioni 4K dei nastri classici<\/strong>.<\/p>\n<p>Per celebrare i 100 anni, la Warner Bros Spagna ha deciso <strong>rinominare il canale a pagamento TNT e trasformarlo in Warner TV<\/strong> dal 14 aprile. Nodo <strong>saranno trasmesse le principali produzioni degli studi<\/strong> come le saghe di <em>Harry Potter<\/em> Qualunque <em>Il Signore degli Anelli<\/em>o serie di successo come <em>AMICI<\/em> Qualunque <em>La teoria del Big Bang<\/em>.<\/p>\n<p>HBO Max non poteva mancare ai festeggiamenti. Per celebrare l&#039;anniversario dell&#039;azienda, <strong>HBO Max avr\u00e0 delle sezioni dedicate alla Warner Bros. i pi\u00f9 grandi successi.<\/strong>. In queste sezioni troveremo film emblematici come <em>Mad Max<\/em>, <em>sede centrale<\/em>, <em>Il cavaliere oscuro<\/em> Qualunque <em>Harry Potter <\/em>a titoli pi\u00f9 attuali e prestigiosi, come <em>Duna<\/em>, <em>Elvis<\/em> Qualunque <em>Batman<\/em>.<\/p>\n<figure id=\"attachment_84961\" aria-describedby=\"caption-attachment-84961\" style=\"width: 1366px\" class=\"wp-caption alignnone\"><img data-attachment-id=\"84961\" data-permalink=\"https:\/\/elgeneracionalpost.com\/cultura\/2023\/0405\/84955\/warner-bros-celebra-100-anos-contando-historias.html\/attachment\/1366_2000-18\" data-orig-file=\"https:\/\/i0.wp.com\/elgeneracionalpost.com\/wp-content\/uploads\/2023\/04\/1366_2000-1.jpeg?fit=1366%2C768&amp;ssl=1\" data-orig-size=\"1366,768\" data-comments-opened=\"0\" data-image-meta=\"{&quot;aperture&quot;:&quot;0&quot;,&quot;credit&quot;:&quot;&quot;,&quot;camera&quot;:&quot;&quot;,&quot;caption&quot;:&quot;&quot;,&quot;created_timestamp&quot;:&quot;0&quot;,&quot;copyright&quot;:&quot;&quot;,&quot;focal_length&quot;:&quot;0&quot;,&quot;iso&quot;:&quot;0&quot;,&quot;shutter_speed&quot;:&quot;0&quot;,&quot;title&quot;:&quot;&quot;,&quot;orientation&quot;:&quot;0&quot;}\" data-image-title=\"1366_2000\" data-image-description=\"\" data-image-caption=\"&lt;p&gt;P\u00f3ster ESDLA: El retorno del rey | Foto: Warner Bros.&lt;\/p&gt;&#10;\" data-medium-file=\"https:\/\/i0.wp.com\/elgeneracionalpost.com\/wp-content\/uploads\/2023\/04\/1366_2000-1.jpeg?fit=300%2C169&amp;ssl=1\" data-large-file=\"https:\/\/i0.wp.com\/elgeneracionalpost.com\/wp-content\/uploads\/2023\/04\/1366_2000-1.jpeg?fit=696%2C392&amp;ssl=1\" decoding=\"async\" class=\"wp-image-84961 size-full jetpack-lazy-image\" src=\"https:\/\/i0.wp.com\/elgeneracionalpost.com\/wp-content\/uploads\/2023\/04\/1366_2000-1.jpeg?resize=696%2C391&amp;ssl=1\" alt=\"\" width=\"696\" height=\"391\" data-recalc-dims=\"1\" data-lazy-srcset=\"https:\/\/i0.wp.com\/elgeneracionalpost.com\/wp-content\/uploads\/2023\/04\/1366_2000-1.jpeg?w=1366&amp;ssl=1 1366w, https:\/\/i0.wp.com\/elgeneracionalpost.com\/wp-content\/uploads\/2023\/04\/1366_2000-1.jpeg?resize=300%2C169&amp;ssl=1 300w, https:\/\/i0.wp.com\/elgeneracionalpost.com\/wp-content\/uploads\/2023\/04\/1366_2000-1.jpeg?resize=1024%2C576&amp;ssl=1 1024w, https:\/\/i0.wp.com\/elgeneracionalpost.com\/wp-content\/uploads\/2023\/04\/1366_2000-1.jpeg?resize=768%2C432&amp;ssl=1 768w, https:\/\/i0.wp.com\/elgeneracionalpost.com\/wp-content\/uploads\/2023\/04\/1366_2000-1.jpeg?resize=150%2C84&amp;ssl=1 150w, https:\/\/i0.wp.com\/elgeneracionalpost.com\/wp-content\/uploads\/2023\/04\/1366_2000-1.jpeg?resize=696%2C391&amp;ssl=1 696w, https:\/\/i0.wp.com\/elgeneracionalpost.com\/wp-content\/uploads\/2023\/04\/1366_2000-1.jpeg?resize=1068%2C600&amp;ssl=1 1068w\" data-lazy-sizes=\"(max-width: 696px) 100vw, 696px\" data-lazy-src=\"https:\/\/i0.wp.com\/elgeneracionalpost.com\/wp-content\/uploads\/2023\/04\/1366_2000-1.jpeg?resize=696%2C391&amp;is-pending-load=1#038;ssl=1\" srcset=\"data:image\/gif;base64,R0lGODlhAQABAIAAAAAAAP\/\/\/yH5BAEAAAAALAAAAAABAAEAAAIBRAA7\"\/><noscript><img loading=\"lazy\" data-lazy-fallback=\"1\" data-attachment-id=\"84961\" data-permalink=\"https:\/\/elgeneracionalpost.com\/cultura\/2023\/0405\/84955\/warner-bros-celebra-100-anos-contando-historias.html\/attachment\/1366_2000-18\" data-orig-file=\"https:\/\/i0.wp.com\/elgeneracionalpost.com\/wp-content\/uploads\/2023\/04\/1366_2000-1.jpeg?fit=1366%2C768&amp;ssl=1\" data-orig-size=\"1366,768\" data-comments-opened=\"0\" data-image-meta=\"{&quot;aperture&quot;:&quot;0&quot;,&quot;credit&quot;:&quot;&quot;,&quot;camera&quot;:&quot;&quot;,&quot;caption&quot;:&quot;&quot;,&quot;created_timestamp&quot;:&quot;0&quot;,&quot;copyright&quot;:&quot;&quot;,&quot;focal_length&quot;:&quot;0&quot;,&quot;iso&quot;:&quot;0&quot;,&quot;shutter_speed&quot;:&quot;0&quot;,&quot;title&quot;:&quot;&quot;,&quot;orientation&quot;:&quot;0&quot;}\" data-image-title=\"1366_2000\" data-image-description=\"\" data-image-caption=\"&lt;p&gt;P\u00f3ster ESDLA: El retorno del rey | Foto: Warner Bros.&lt;\/p&gt;&#10;\" data-medium-file=\"https:\/\/i0.wp.com\/elgeneracionalpost.com\/wp-content\/uploads\/2023\/04\/1366_2000-1.jpeg?fit=300%2C169&amp;ssl=1\" data-large-file=\"https:\/\/i0.wp.com\/elgeneracionalpost.com\/wp-content\/uploads\/2023\/04\/1366_2000-1.jpeg?fit=696%2C392&amp;ssl=1\" decoding=\"async\" class=\"wp-image-84961 size-full\" src=\"https:\/\/i0.wp.com\/elgeneracionalpost.com\/wp-content\/uploads\/2023\/04\/1366_2000-1.jpeg?resize=696%2C391&amp;ssl=1\" alt=\"\" width=\"696\" height=\"391\" srcset=\"https:\/\/i0.wp.com\/elgeneracionalpost.com\/wp-content\/uploads\/2023\/04\/1366_2000-1.jpeg?w=1366&amp;ssl=1 1366w, https:\/\/i0.wp.com\/elgeneracionalpost.com\/wp-content\/uploads\/2023\/04\/1366_2000-1.jpeg?resize=300%2C169&amp;ssl=1 300w, https:\/\/i0.wp.com\/elgeneracionalpost.com\/wp-content\/uploads\/2023\/04\/1366_2000-1.jpeg?resize=1024%2C576&amp;ssl=1 1024w, https:\/\/i0.wp.com\/elgeneracionalpost.com\/wp-content\/uploads\/2023\/04\/1366_2000-1.jpeg?resize=768%2C432&amp;ssl=1 768w, https:\/\/i0.wp.com\/elgeneracionalpost.com\/wp-content\/uploads\/2023\/04\/1366_2000-1.jpeg?resize=150%2C84&amp;ssl=1 150w, https:\/\/i0.wp.com\/elgeneracionalpost.com\/wp-content\/uploads\/2023\/04\/1366_2000-1.jpeg?resize=696%2C391&amp;ssl=1 696w, https:\/\/i0.wp.com\/elgeneracionalpost.com\/wp-content\/uploads\/2023\/04\/1366_2000-1.jpeg?resize=1068%2C600&amp;ssl=1 1068w\" sizes=\"auto, (max-width: 696px) 100vw, 696px\" data-recalc-dims=\"1\"\/><\/noscript><figcaption id=\"caption-attachment-84961\" class=\"wp-caption-text\">LOTR: Il ritorno del Re Poster | Fonte: Warner Bros.<\/figcaption><\/figure>\n<p>Porta la Warner Bros. ovunque tu vada. Una delle grandi scommesse per celebrare il centenario \u00e8 la <strong>vendita di nuovi prodotti di abbigliamento e giocattoli<\/strong>. Nel mondo della moda, aziende come Zara, Lefties o Springfield hanno gi\u00e0 promosso alcune collezioni. Per quanto riguarda i giocattoli, nuove collezioni di Funko Pop! saranno disponibili bambole.<\/p>\n<p>In Spagna, godetevi le celebrazioni del centenario al Parque Warner Madrid. Il parco a tema celebra l&#039;anniversario con nuovi spettacoli e alcuni dei personaggi pi\u00f9 iconici dello studio come Bugs Bunny, Gizmo da <em>I Gremlins<\/em> e di Dorothy <em>Il mago di Oz<\/em>. Per chiudere la celebrazione del centenario, <strong>Il Parque Warner Madrid inaugurer\u00e0 una nuova montagna russa, \u201cBatman Gotham City Escape\u201d.<\/strong><\/p>\n<figure id=\"attachment_84973\" aria-describedby=\"caption-attachment-84973\" style=\"width: 800px\" class=\"wp-caption alignnone\"><img loading=\"lazy\" data-attachment-id=\"84973\" data-permalink=\"https:\/\/elgeneracionalpost.com\/cultura\/2023\/0405\/84955\/warner-bros-celebra-100-anos-contando-historias.html\/attachment\/nueva-atraccion\" data-orig-file=\"https:\/\/i0.wp.com\/elgeneracionalpost.com\/wp-content\/uploads\/2023\/04\/nueva-atraccion.jpeg?fit=800%2C600&amp;ssl=1\" data-orig-size=\"800,600\" data-comments-opened=\"0\" data-image-meta=\"{&quot;aperture&quot;:&quot;0&quot;,&quot;credit&quot;:&quot;&quot;,&quot;camera&quot;:&quot;&quot;,&quot;caption&quot;:&quot;&quot;,&quot;created_timestamp&quot;:&quot;0&quot;,&quot;copyright&quot;:&quot;&quot;,&quot;focal_length&quot;:&quot;0&quot;,&quot;iso&quot;:&quot;0&quot;,&quot;shutter_speed&quot;:&quot;0&quot;,&quot;title&quot;:&quot;&quot;,&quot;orientation&quot;:&quot;0&quot;}\" data-image-title=\"nueva-atraccio\u0301n\" data-image-description=\"\" data-image-caption=\"&lt;p&gt;La nueva atracci\u00f3n de Parque Warner Madrid: \u00abBatman: Gotham City Escape\u00bb | Foto: https:\/\/www.parquewarner.com\/&lt;\/p&gt;&#10;\" data-medium-file=\"https:\/\/i0.wp.com\/elgeneracionalpost.com\/wp-content\/uploads\/2023\/04\/nueva-atraccion.jpeg?fit=300%2C225&amp;ssl=1\" data-large-file=\"https:\/\/i0.wp.com\/elgeneracionalpost.com\/wp-content\/uploads\/2023\/04\/nueva-atraccion.jpeg?fit=696%2C522&amp;ssl=1\" decoding=\"async\" class=\"wp-image-84973 size-full jetpack-lazy-image\" src=\"https:\/\/i0.wp.com\/elgeneracionalpost.com\/wp-content\/uploads\/2023\/04\/nueva-atraccion.jpeg?resize=696%2C522&amp;ssl=1\" alt=\"\" width=\"696\" height=\"522\" data-recalc-dims=\"1\" data-lazy-srcset=\"https:\/\/i0.wp.com\/elgeneracionalpost.com\/wp-content\/uploads\/2023\/04\/nueva-atraccion.jpeg?w=800&amp;ssl=1 800w, https:\/\/i0.wp.com\/elgeneracionalpost.com\/wp-content\/uploads\/2023\/04\/nueva-atraccion.jpeg?resize=300%2C225&amp;ssl=1 300w, https:\/\/i0.wp.com\/elgeneracionalpost.com\/wp-content\/uploads\/2023\/04\/nueva-atraccion.jpeg?resize=768%2C576&amp;ssl=1 768w, https:\/\/i0.wp.com\/elgeneracionalpost.com\/wp-content\/uploads\/2023\/04\/nueva-atraccion.jpeg?resize=150%2C113&amp;ssl=1 150w, https:\/\/i0.wp.com\/elgeneracionalpost.com\/wp-content\/uploads\/2023\/04\/nueva-atraccion.jpeg?resize=696%2C522&amp;ssl=1 696w\" data-lazy-sizes=\"(max-width: 696px) 100vw, 696px\" data-lazy-src=\"https:\/\/i0.wp.com\/elgeneracionalpost.com\/wp-content\/uploads\/2023\/04\/nueva-atraccion.jpeg?resize=696%2C522&amp;is-pending-load=1#038;ssl=1\" srcset=\"data:image\/gif;base64,R0lGODlhAQABAIAAAAAAAP\/\/\/yH5BAEAAAAALAAAAAABAAEAAAIBRAA7\"\/><noscript><img loading=\"lazy\" data-lazy-fallback=\"1\" data-attachment-id=\"84973\" data-permalink=\"https:\/\/elgeneracionalpost.com\/cultura\/2023\/0405\/84955\/warner-bros-celebra-100-anos-contando-historias.html\/attachment\/nueva-atraccion\" data-orig-file=\"https:\/\/i0.wp.com\/elgeneracionalpost.com\/wp-content\/uploads\/2023\/04\/nueva-atraccion.jpeg?fit=800%2C600&amp;ssl=1\" data-orig-size=\"800,600\" data-comments-opened=\"0\" data-image-meta=\"{&quot;aperture&quot;:&quot;0&quot;,&quot;credit&quot;:&quot;&quot;,&quot;camera&quot;:&quot;&quot;,&quot;caption&quot;:&quot;&quot;,&quot;created_timestamp&quot;:&quot;0&quot;,&quot;copyright&quot;:&quot;&quot;,&quot;focal_length&quot;:&quot;0&quot;,&quot;iso&quot;:&quot;0&quot;,&quot;shutter_speed&quot;:&quot;0&quot;,&quot;title&quot;:&quot;&quot;,&quot;orientation&quot;:&quot;0&quot;}\" data-image-title=\"nueva-atraccio\u0301n\" data-image-description=\"\" data-image-caption=\"&lt;p&gt;La nueva atracci\u00f3n de Parque Warner Madrid: \u00abBatman: Gotham City Escape\u00bb | Foto: https:\/\/www.parquewarner.com\/&lt;\/p&gt;&#10;\" data-medium-file=\"https:\/\/i0.wp.com\/elgeneracionalpost.com\/wp-content\/uploads\/2023\/04\/nueva-atraccion.jpeg?fit=300%2C225&amp;ssl=1\" data-large-file=\"https:\/\/i0.wp.com\/elgeneracionalpost.com\/wp-content\/uploads\/2023\/04\/nueva-atraccion.jpeg?fit=696%2C522&amp;ssl=1\" decoding=\"async\" class=\"wp-image-84973 size-full\" src=\"https:\/\/i0.wp.com\/elgeneracionalpost.com\/wp-content\/uploads\/2023\/04\/nueva-atraccion.jpeg?resize=696%2C522&amp;ssl=1\" alt=\"\" width=\"696\" height=\"522\" srcset=\"https:\/\/i0.wp.com\/elgeneracionalpost.com\/wp-content\/uploads\/2023\/04\/nueva-atraccion.jpeg?w=800&amp;ssl=1 800w, https:\/\/i0.wp.com\/elgeneracionalpost.com\/wp-content\/uploads\/2023\/04\/nueva-atraccion.jpeg?resize=300%2C225&amp;ssl=1 300w, https:\/\/i0.wp.com\/elgeneracionalpost.com\/wp-content\/uploads\/2023\/04\/nueva-atraccion.jpeg?resize=768%2C576&amp;ssl=1 768w, https:\/\/i0.wp.com\/elgeneracionalpost.com\/wp-content\/uploads\/2023\/04\/nueva-atraccion.jpeg?resize=150%2C113&amp;ssl=1 150w, https:\/\/i0.wp.com\/elgeneracionalpost.com\/wp-content\/uploads\/2023\/04\/nueva-atraccion.jpeg?resize=696%2C522&amp;ssl=1 696w\" sizes=\"auto, (max-width: 696px) 100vw, 696px\" data-recalc-dims=\"1\"\/><\/noscript><figcaption id=\"caption-attachment-84973\" class=\"wp-caption-text\">La nuova attrazione del Parque Warner Madrid: \u201cBatman: Gotham City Escape\u201d | Fonte: Warner Park<\/figcaption><\/figure>\n<figure id=\"attachment_84963\" aria-describedby=\"caption-attachment-84963\" style=\"width: 865px\" class=\"wp-caption alignnone\"><img loading=\"lazy\" data-attachment-id=\"84963\" data-permalink=\"https:\/\/elgeneracionalpost.com\/cultura\/2023\/0405\/84955\/warner-bros-celebra-100-anos-contando-historias.html\/attachment\/cards_cdl_chicago-40238441\" data-orig-file=\"https:\/\/i0.wp.com\/elgeneracionalpost.com\/wp-content\/uploads\/2023\/04\/cards_cdl_chicago.40238441.jpg?fit=865%2C579&amp;ssl=1\" data-orig-size=\"865,579\" data-comments-opened=\"0\" data-image-meta=\"{&quot;aperture&quot;:&quot;0&quot;,&quot;credit&quot;:&quot;&quot;,&quot;camera&quot;:&quot;&quot;,&quot;caption&quot;:&quot;&quot;,&quot;created_timestamp&quot;:&quot;0&quot;,&quot;copyright&quot;:&quot;&quot;,&quot;focal_length&quot;:&quot;0&quot;,&quot;iso&quot;:&quot;0&quot;,&quot;shutter_speed&quot;:&quot;0&quot;,&quot;title&quot;:&quot;&quot;,&quot;orientation&quot;:&quot;0&quot;}\" data-image-title=\"cards_cdl_chicago.40238441\" data-image-description=\"\" data-image-caption=\"\" data-medium-file=\"https:\/\/i0.wp.com\/elgeneracionalpost.com\/wp-content\/uploads\/2023\/04\/cards_cdl_chicago.40238441.jpg?fit=300%2C201&amp;ssl=1\" data-large-file=\"https:\/\/i0.wp.com\/elgeneracionalpost.com\/wp-content\/uploads\/2023\/04\/cards_cdl_chicago.40238441.jpg?fit=696%2C466&amp;ssl=1\" decoding=\"async\" class=\"wp-image-84963 size-full jetpack-lazy-image\" src=\"https:\/\/i0.wp.com\/elgeneracionalpost.com\/wp-content\/uploads\/2023\/04\/cards_cdl_chicago.40238441.jpg?resize=696%2C466&amp;ssl=1\" alt=\"\" width=\"696\" height=\"466\" data-recalc-dims=\"1\" data-lazy-srcset=\"https:\/\/i0.wp.com\/elgeneracionalpost.com\/wp-content\/uploads\/2023\/04\/cards_cdl_chicago.40238441.jpg?w=865&amp;ssl=1 865w, https:\/\/i0.wp.com\/elgeneracionalpost.com\/wp-content\/uploads\/2023\/04\/cards_cdl_chicago.40238441.jpg?resize=300%2C201&amp;ssl=1 300w, https:\/\/i0.wp.com\/elgeneracionalpost.com\/wp-content\/uploads\/2023\/04\/cards_cdl_chicago.40238441.jpg?resize=768%2C514&amp;ssl=1 768w, https:\/\/i0.wp.com\/elgeneracionalpost.com\/wp-content\/uploads\/2023\/04\/cards_cdl_chicago.40238441.jpg?resize=150%2C100&amp;ssl=1 150w, https:\/\/i0.wp.com\/elgeneracionalpost.com\/wp-content\/uploads\/2023\/04\/cards_cdl_chicago.40238441.jpg?resize=696%2C466&amp;ssl=1 696w\" data-lazy-sizes=\"(max-width: 696px) 100vw, 696px\" data-lazy-src=\"https:\/\/i0.wp.com\/elgeneracionalpost.com\/wp-content\/uploads\/2023\/04\/cards_cdl_chicago.40238441.jpg?resize=696%2C466&amp;is-pending-load=1#038;ssl=1\" srcset=\"data:image\/gif;base64,R0lGODlhAQABAIAAAAAAAP\/\/\/yH5BAEAAAAALAAAAAABAAEAAAIBRAA7\"\/><noscript><img loading=\"lazy\" data-lazy-fallback=\"1\" data-attachment-id=\"84963\" data-permalink=\"https:\/\/elgeneracionalpost.com\/cultura\/2023\/0405\/84955\/warner-bros-celebra-100-anos-contando-historias.html\/attachment\/cards_cdl_chicago-40238441\" data-orig-file=\"https:\/\/i0.wp.com\/elgeneracionalpost.com\/wp-content\/uploads\/2023\/04\/cards_cdl_chicago.40238441.jpg?fit=865%2C579&amp;ssl=1\" data-orig-size=\"865,579\" data-comments-opened=\"0\" data-image-meta=\"{&quot;aperture&quot;:&quot;0&quot;,&quot;credit&quot;:&quot;&quot;,&quot;camera&quot;:&quot;&quot;,&quot;caption&quot;:&quot;&quot;,&quot;created_timestamp&quot;:&quot;0&quot;,&quot;copyright&quot;:&quot;&quot;,&quot;focal_length&quot;:&quot;0&quot;,&quot;iso&quot;:&quot;0&quot;,&quot;shutter_speed&quot;:&quot;0&quot;,&quot;title&quot;:&quot;&quot;,&quot;orientation&quot;:&quot;0&quot;}\" data-image-title=\"cards_cdl_chicago.40238441\" data-image-description=\"\" data-image-caption=\"\" data-medium-file=\"https:\/\/i0.wp.com\/elgeneracionalpost.com\/wp-content\/uploads\/2023\/04\/cards_cdl_chicago.40238441.jpg?fit=300%2C201&amp;ssl=1\" data-large-file=\"https:\/\/i0.wp.com\/elgeneracionalpost.com\/wp-content\/uploads\/2023\/04\/cards_cdl_chicago.40238441.jpg?fit=696%2C466&amp;ssl=1\" decoding=\"async\" class=\"wp-image-84963 size-full\" src=\"https:\/\/i0.wp.com\/elgeneracionalpost.com\/wp-content\/uploads\/2023\/04\/cards_cdl_chicago.40238441.jpg?resize=696%2C466&amp;ssl=1\" alt=\"\" width=\"696\" height=\"466\" srcset=\"https:\/\/i0.wp.com\/elgeneracionalpost.com\/wp-content\/uploads\/2023\/04\/cards_cdl_chicago.40238441.jpg?w=865&amp;ssl=1 865w, https:\/\/i0.wp.com\/elgeneracionalpost.com\/wp-content\/uploads\/2023\/04\/cards_cdl_chicago.40238441.jpg?resize=300%2C201&amp;ssl=1 300w, https:\/\/i0.wp.com\/elgeneracionalpost.com\/wp-content\/uploads\/2023\/04\/cards_cdl_chicago.40238441.jpg?resize=768%2C514&amp;ssl=1 768w, https:\/\/i0.wp.com\/elgeneracionalpost.com\/wp-content\/uploads\/2023\/04\/cards_cdl_chicago.40238441.jpg?resize=150%2C100&amp;ssl=1 150w, https:\/\/i0.wp.com\/elgeneracionalpost.com\/wp-content\/uploads\/2023\/04\/cards_cdl_chicago.40238441.jpg?resize=696%2C466&amp;ssl=1 696w\" sizes=\"auto, (max-width: 696px) 100vw, 696px\" data-recalc-dims=\"1\"\/><\/noscript><figcaption id=\"caption-attachment-84963\" class=\"wp-caption-text\">Prova a lume di candela: 100 anni di Warner Bros | Fonte: www.feverup.com<\/figcaption><\/figure>\n<p>Per completare l&#039;esperienza centenaria, Warner ha presentato un <strong>tour internazionale<\/strong> basato sulla musica di alcuni dei loro pi\u00f9 grandi successi. Il tour, che inizier\u00e0 questo mese, <strong>passer\u00e0 per Madrid il 14 maggio e per Barcellona il 2 luglio<\/strong>. Per garantire un&#039;esperienza fantastica, la Warner Bros. si impegna a garantire che queste esperienze musicali si svolgano in luoghi maestosi, con splendide decorazioni a lume di candela.<\/p>\n<div class=\"sharedaddy sd-block sd-like jetpack-likes-widget-wrapper jetpack-likes-widget-unloaded\" id=\"like-post-wrapper-153844979-84955-642dbb959beaa\" data-src=\"https:\/\/widgets.wp.com\/likes\/#blog_id=153844979&amp;post_id=84955&amp;origin=elgeneracionalpost.com&amp;obj_id=153844979-84955-642dbb959beaa\" data-name=\"like-post-frame-153844979-84955-642dbb959beaa\" data-title=\"Me gusta o Compartir\">\n<h3 class=\"sd-title\">Mi piace questa:<\/h3>\n<p><span class=\"button\"><span>Mi piace<\/span><\/span> <span class=\"loading\">Caricamento\u2026<\/span><\/p>\n<p><span class=\"sd-text-color\"\/><\/div>\n<p><h3 class=\"jp-relatedposts-headline\"><em>Imparentato<\/em><\/h3>\n<\/p>\n<\/div>","protected":false},"excerpt":{"rendered":"<p>La Warner Bros. celebra il suo 100\u00b0 anniversario con una serie di eventi nel corso del 2023. La Warner Bros. ha celebrato... <\/p>","protected":false},"author":1,"featured_media":1080,"comment_status":"open","ping_status":"open","sticky":false,"template":"","format":"standard","meta":{"fifu_image_url":"https:\/\/elgeneracionalpost.com\/wp-content\/uploads\/2023\/04\/1671093638612-WARNER-BROS-aniversario-100-logo.png","fifu_image_alt":"","footnotes":""},"categories":[35],"tags":[],"class_list":["post-1079","post","type-post","status-publish","format-standard","has-post-thumbnail","hentry","category-cultura-e-lazer","latest_post"],"yoast_head":"<!-- This site is optimized with the Yoast SEO plugin v27.3 - https:\/\/yoast.com\/product\/yoast-seo-wordpress\/ -->\n<title>Warner Bros comemora 100 anos contando hist\u00f3rias - Tirinha.com<\/title>\n<meta name=\"robots\" content=\"index, follow, max-snippet:-1, max-image-preview:large, max-video-preview:-1\" \/>\n<link rel=\"canonical\" href=\"https:\/\/tirinha.com\/it\/1079\/warner-bros-celebra-i-suoi-100-anni-raccontando-storie\/\" \/>\n<meta property=\"og:locale\" content=\"it_IT\" \/>\n<meta property=\"og:type\" content=\"article\" \/>\n<meta property=\"og:title\" content=\"Warner Bros comemora 100 anos contando hist\u00f3rias - Tirinha.com\" \/>\n<meta property=\"og:description\" content=\"A Warner Bros. comemora seu 100\u00ba anivers\u00e1rio com uma s\u00e9rie de eventos ao longo de 2023. A Warner Bros. comemorou &hellip;\" \/>\n<meta property=\"og:url\" content=\"https:\/\/tirinha.com\/it\/1079\/warner-bros-celebra-i-suoi-100-anni-raccontando-storie\/\" \/>\n<meta property=\"og:site_name\" content=\"Tirinha.com\" \/>\n<meta property=\"article:published_time\" content=\"2023-04-05T18:21:34+00:00\" \/>\n<meta property=\"og:image\" content=\"https:\/\/elgeneracionalpost.com\/wp-content\/uploads\/2023\/04\/1671093638612-WARNER-BROS-aniversario-100-logo.png\" \/>\n<meta name=\"author\" content=\"admin\" \/>\n<meta name=\"twitter:card\" content=\"summary_large_image\" \/>\n<meta name=\"twitter:image\" content=\"https:\/\/elgeneracionalpost.com\/wp-content\/uploads\/2023\/04\/1671093638612-WARNER-BROS-aniversario-100-logo.png\" \/>\n<meta name=\"twitter:label1\" content=\"Scritto da\" \/>\n\t<meta name=\"twitter:data1\" content=\"admin\" \/>\n\t<meta name=\"twitter:label2\" content=\"Tempo di lettura stimato\" \/>\n\t<meta name=\"twitter:data2\" content=\"3 minuti\" \/>\n<script type=\"application\/ld+json\" class=\"yoast-schema-graph\">{\"@context\":\"https:\\\/\\\/schema.org\",\"@graph\":[{\"@type\":\"Article\",\"@id\":\"https:\\\/\\\/tirinha.com\\\/1079\\\/warner-bros-comemora-100-anos-contando-historias\\\/#article\",\"isPartOf\":{\"@id\":\"https:\\\/\\\/tirinha.com\\\/1079\\\/warner-bros-comemora-100-anos-contando-historias\\\/\"},\"author\":{\"name\":\"admin\",\"@id\":\"https:\\\/\\\/tirinha.com\\\/#\\\/schema\\\/person\\\/e22bdfbe17e0461f7e927e6a1208d4d9\"},\"headline\":\"Warner Bros comemora 100 anos contando hist\u00f3rias\",\"datePublished\":\"2023-04-05T18:21:34+00:00\",\"mainEntityOfPage\":{\"@id\":\"https:\\\/\\\/tirinha.com\\\/1079\\\/warner-bros-comemora-100-anos-contando-historias\\\/\"},\"wordCount\":667,\"commentCount\":0,\"publisher\":{\"@id\":\"https:\\\/\\\/tirinha.com\\\/#organization\"},\"image\":{\"@id\":\"https:\\\/\\\/tirinha.com\\\/1079\\\/warner-bros-comemora-100-anos-contando-historias\\\/#primaryimage\"},\"thumbnailUrl\":\"https:\\\/\\\/elgeneracionalpost.com\\\/wp-content\\\/uploads\\\/2023\\\/04\\\/1671093638612-WARNER-BROS-aniversario-100-logo.png\",\"articleSection\":[\"Cultura e lazer\"],\"inLanguage\":\"it-IT\",\"potentialAction\":[{\"@type\":\"CommentAction\",\"name\":\"Comment\",\"target\":[\"https:\\\/\\\/tirinha.com\\\/1079\\\/warner-bros-comemora-100-anos-contando-historias\\\/#respond\"]}]},{\"@type\":\"WebPage\",\"@id\":\"https:\\\/\\\/tirinha.com\\\/1079\\\/warner-bros-comemora-100-anos-contando-historias\\\/\",\"url\":\"https:\\\/\\\/tirinha.com\\\/1079\\\/warner-bros-comemora-100-anos-contando-historias\\\/\",\"name\":\"Warner Bros comemora 100 anos contando hist\u00f3rias - Tirinha.com\",\"isPartOf\":{\"@id\":\"https:\\\/\\\/tirinha.com\\\/#website\"},\"primaryImageOfPage\":{\"@id\":\"https:\\\/\\\/tirinha.com\\\/1079\\\/warner-bros-comemora-100-anos-contando-historias\\\/#primaryimage\"},\"image\":{\"@id\":\"https:\\\/\\\/tirinha.com\\\/1079\\\/warner-bros-comemora-100-anos-contando-historias\\\/#primaryimage\"},\"thumbnailUrl\":\"https:\\\/\\\/elgeneracionalpost.com\\\/wp-content\\\/uploads\\\/2023\\\/04\\\/1671093638612-WARNER-BROS-aniversario-100-logo.png\",\"datePublished\":\"2023-04-05T18:21:34+00:00\",\"breadcrumb\":{\"@id\":\"https:\\\/\\\/tirinha.com\\\/1079\\\/warner-bros-comemora-100-anos-contando-historias\\\/#breadcrumb\"},\"inLanguage\":\"it-IT\",\"potentialAction\":[{\"@type\":\"ReadAction\",\"target\":[\"https:\\\/\\\/tirinha.com\\\/1079\\\/warner-bros-comemora-100-anos-contando-historias\\\/\"]}]},{\"@type\":\"ImageObject\",\"inLanguage\":\"it-IT\",\"@id\":\"https:\\\/\\\/tirinha.com\\\/1079\\\/warner-bros-comemora-100-anos-contando-historias\\\/#primaryimage\",\"url\":\"https:\\\/\\\/elgeneracionalpost.com\\\/wp-content\\\/uploads\\\/2023\\\/04\\\/1671093638612-WARNER-BROS-aniversario-100-logo.png\",\"contentUrl\":\"https:\\\/\\\/elgeneracionalpost.com\\\/wp-content\\\/uploads\\\/2023\\\/04\\\/1671093638612-WARNER-BROS-aniversario-100-logo.png\"},{\"@type\":\"BreadcrumbList\",\"@id\":\"https:\\\/\\\/tirinha.com\\\/1079\\\/warner-bros-comemora-100-anos-contando-historias\\\/#breadcrumb\",\"itemListElement\":[{\"@type\":\"ListItem\",\"position\":1,\"name\":\"Home\",\"item\":\"https:\\\/\\\/tirinha.com\\\/\"},{\"@type\":\"ListItem\",\"position\":2,\"name\":\"Warner Bros comemora 100 anos contando hist\u00f3rias\"}]},{\"@type\":\"WebSite\",\"@id\":\"https:\\\/\\\/tirinha.com\\\/#website\",\"url\":\"https:\\\/\\\/tirinha.com\\\/\",\"name\":\"Tirinha.com\",\"description\":\"Arte e livros resenhas\",\"publisher\":{\"@id\":\"https:\\\/\\\/tirinha.com\\\/#organization\"},\"potentialAction\":[{\"@type\":\"SearchAction\",\"target\":{\"@type\":\"EntryPoint\",\"urlTemplate\":\"https:\\\/\\\/tirinha.com\\\/?s={search_term_string}\"},\"query-input\":{\"@type\":\"PropertyValueSpecification\",\"valueRequired\":true,\"valueName\":\"search_term_string\"}}],\"inLanguage\":\"it-IT\"},{\"@type\":\"Organization\",\"@id\":\"https:\\\/\\\/tirinha.com\\\/#organization\",\"name\":\"Tirinha.com\",\"url\":\"https:\\\/\\\/tirinha.com\\\/\",\"logo\":{\"@type\":\"ImageObject\",\"inLanguage\":\"it-IT\",\"@id\":\"https:\\\/\\\/tirinha.com\\\/#\\\/schema\\\/logo\\\/image\\\/\",\"url\":\"https:\\\/\\\/tirinha.com\\\/wp-content\\\/uploads\\\/2023\\\/08\\\/cropped-Logo-Tirinha.webp\",\"contentUrl\":\"https:\\\/\\\/tirinha.com\\\/wp-content\\\/uploads\\\/2023\\\/08\\\/cropped-Logo-Tirinha.webp\",\"width\":512,\"height\":512,\"caption\":\"Tirinha.com\"},\"image\":{\"@id\":\"https:\\\/\\\/tirinha.com\\\/#\\\/schema\\\/logo\\\/image\\\/\"}},{\"@type\":\"Person\",\"@id\":\"https:\\\/\\\/tirinha.com\\\/#\\\/schema\\\/person\\\/e22bdfbe17e0461f7e927e6a1208d4d9\",\"name\":\"admin\",\"image\":{\"@type\":\"ImageObject\",\"inLanguage\":\"it-IT\",\"@id\":\"https:\\\/\\\/tirinha.com\\\/wp-content\\\/litespeed\\\/avatar\\\/d0068f7931cc87d7274eb0c3db1deb4b.jpg?ver=1776829466\",\"url\":\"https:\\\/\\\/tirinha.com\\\/wp-content\\\/litespeed\\\/avatar\\\/d0068f7931cc87d7274eb0c3db1deb4b.jpg?ver=1776829466\",\"contentUrl\":\"https:\\\/\\\/tirinha.com\\\/wp-content\\\/litespeed\\\/avatar\\\/d0068f7931cc87d7274eb0c3db1deb4b.jpg?ver=1776829466\",\"caption\":\"admin\"},\"sameAs\":[\"https:\\\/\\\/tirinha.com\"],\"url\":\"https:\\\/\\\/tirinha.com\\\/it\\\/author\\\/admin\\\/\"}]}<\/script>\n<!-- \/ Yoast SEO plugin. -->","yoast_head_json":{"title":"Warner Bros. festeggia 100 anni di narrazione - Tirinha.com","robots":{"index":"index","follow":"follow","max-snippet":"max-snippet:-1","max-image-preview":"max-image-preview:large","max-video-preview":"max-video-preview:-1"},"canonical":"https:\/\/tirinha.com\/it\/1079\/warner-bros-celebra-i-suoi-100-anni-raccontando-storie\/","og_locale":"it_IT","og_type":"article","og_title":"Warner Bros comemora 100 anos contando hist\u00f3rias - Tirinha.com","og_description":"A Warner Bros. comemora seu 100\u00ba anivers\u00e1rio com uma s\u00e9rie de eventos ao longo de 2023. A Warner Bros. comemorou &hellip;","og_url":"https:\/\/tirinha.com\/it\/1079\/warner-bros-celebra-i-suoi-100-anni-raccontando-storie\/","og_site_name":"Tirinha.com","article_published_time":"2023-04-05T18:21:34+00:00","og_image":[{"url":"https:\/\/elgeneracionalpost.com\/wp-content\/uploads\/2023\/04\/1671093638612-WARNER-BROS-aniversario-100-logo.png","type":"","width":"","height":""}],"author":"admin","twitter_card":"summary_large_image","twitter_image":"https:\/\/elgeneracionalpost.com\/wp-content\/uploads\/2023\/04\/1671093638612-WARNER-BROS-aniversario-100-logo.png","twitter_misc":{"Scritto da":"admin","Tempo di lettura stimato":"3 minuti"},"schema":{"@context":"https:\/\/schema.org","@graph":[{"@type":"Article","@id":"https:\/\/tirinha.com\/1079\/warner-bros-comemora-100-anos-contando-historias\/#article","isPartOf":{"@id":"https:\/\/tirinha.com\/1079\/warner-bros-comemora-100-anos-contando-historias\/"},"author":{"name":"admin","@id":"https:\/\/tirinha.com\/#\/schema\/person\/e22bdfbe17e0461f7e927e6a1208d4d9"},"headline":"Warner Bros comemora 100 anos contando hist\u00f3rias","datePublished":"2023-04-05T18:21:34+00:00","mainEntityOfPage":{"@id":"https:\/\/tirinha.com\/1079\/warner-bros-comemora-100-anos-contando-historias\/"},"wordCount":667,"commentCount":0,"publisher":{"@id":"https:\/\/tirinha.com\/#organization"},"image":{"@id":"https:\/\/tirinha.com\/1079\/warner-bros-comemora-100-anos-contando-historias\/#primaryimage"},"thumbnailUrl":"https:\/\/elgeneracionalpost.com\/wp-content\/uploads\/2023\/04\/1671093638612-WARNER-BROS-aniversario-100-logo.png","articleSection":["Cultura e lazer"],"inLanguage":"it-IT","potentialAction":[{"@type":"CommentAction","name":"Comment","target":["https:\/\/tirinha.com\/1079\/warner-bros-comemora-100-anos-contando-historias\/#respond"]}]},{"@type":"WebPage","@id":"https:\/\/tirinha.com\/1079\/warner-bros-comemora-100-anos-contando-historias\/","url":"https:\/\/tirinha.com\/1079\/warner-bros-comemora-100-anos-contando-historias\/","name":"Warner Bros. festeggia 100 anni di narrazione - Tirinha.com","isPartOf":{"@id":"https:\/\/tirinha.com\/#website"},"primaryImageOfPage":{"@id":"https:\/\/tirinha.com\/1079\/warner-bros-comemora-100-anos-contando-historias\/#primaryimage"},"image":{"@id":"https:\/\/tirinha.com\/1079\/warner-bros-comemora-100-anos-contando-historias\/#primaryimage"},"thumbnailUrl":"https:\/\/elgeneracionalpost.com\/wp-content\/uploads\/2023\/04\/1671093638612-WARNER-BROS-aniversario-100-logo.png","datePublished":"2023-04-05T18:21:34+00:00","breadcrumb":{"@id":"https:\/\/tirinha.com\/1079\/warner-bros-comemora-100-anos-contando-historias\/#breadcrumb"},"inLanguage":"it-IT","potentialAction":[{"@type":"ReadAction","target":["https:\/\/tirinha.com\/1079\/warner-bros-comemora-100-anos-contando-historias\/"]}]},{"@type":"ImageObject","inLanguage":"it-IT","@id":"https:\/\/tirinha.com\/1079\/warner-bros-comemora-100-anos-contando-historias\/#primaryimage","url":"https:\/\/elgeneracionalpost.com\/wp-content\/uploads\/2023\/04\/1671093638612-WARNER-BROS-aniversario-100-logo.png","contentUrl":"https:\/\/elgeneracionalpost.com\/wp-content\/uploads\/2023\/04\/1671093638612-WARNER-BROS-aniversario-100-logo.png"},{"@type":"BreadcrumbList","@id":"https:\/\/tirinha.com\/1079\/warner-bros-comemora-100-anos-contando-historias\/#breadcrumb","itemListElement":[{"@type":"ListItem","position":1,"name":"Home","item":"https:\/\/tirinha.com\/"},{"@type":"ListItem","position":2,"name":"Warner Bros comemora 100 anos contando hist\u00f3rias"}]},{"@type":"WebSite","@id":"https:\/\/tirinha.com\/#website","url":"https:\/\/tirinha.com\/","name":"Fumetto.com","description":"Recensioni di arte e libri","publisher":{"@id":"https:\/\/tirinha.com\/#organization"},"potentialAction":[{"@type":"SearchAction","target":{"@type":"EntryPoint","urlTemplate":"https:\/\/tirinha.com\/?s={search_term_string}"},"query-input":{"@type":"PropertyValueSpecification","valueRequired":true,"valueName":"search_term_string"}}],"inLanguage":"it-IT"},{"@type":"Organization","@id":"https:\/\/tirinha.com\/#organization","name":"Fumetto.com","url":"https:\/\/tirinha.com\/","logo":{"@type":"ImageObject","inLanguage":"it-IT","@id":"https:\/\/tirinha.com\/#\/schema\/logo\/image\/","url":"https:\/\/tirinha.com\/wp-content\/uploads\/2023\/08\/cropped-Logo-Tirinha.webp","contentUrl":"https:\/\/tirinha.com\/wp-content\/uploads\/2023\/08\/cropped-Logo-Tirinha.webp","width":512,"height":512,"caption":"Tirinha.com"},"image":{"@id":"https:\/\/tirinha.com\/#\/schema\/logo\/image\/"}},{"@type":"Person","@id":"https:\/\/tirinha.com\/#\/schema\/person\/e22bdfbe17e0461f7e927e6a1208d4d9","name":"amministratore","image":{"@type":"ImageObject","inLanguage":"it-IT","@id":"https:\/\/tirinha.com\/wp-content\/litespeed\/avatar\/d0068f7931cc87d7274eb0c3db1deb4b.jpg?ver=1776829466","url":"https:\/\/tirinha.com\/wp-content\/litespeed\/avatar\/d0068f7931cc87d7274eb0c3db1deb4b.jpg?ver=1776829466","contentUrl":"https:\/\/tirinha.com\/wp-content\/litespeed\/avatar\/d0068f7931cc87d7274eb0c3db1deb4b.jpg?ver=1776829466","caption":"admin"},"sameAs":["https:\/\/tirinha.com"],"url":"https:\/\/tirinha.com\/it\/author\/admin\/"}]}},"_links":{"self":[{"href":"https:\/\/tirinha.com\/it\/wp-json\/wp\/v2\/posts\/1079","targetHints":{"allow":["GET"]}}],"collection":[{"href":"https:\/\/tirinha.com\/it\/wp-json\/wp\/v2\/posts"}],"about":[{"href":"https:\/\/tirinha.com\/it\/wp-json\/wp\/v2\/types\/post"}],"author":[{"embeddable":true,"href":"https:\/\/tirinha.com\/it\/wp-json\/wp\/v2\/users\/1"}],"replies":[{"embeddable":true,"href":"https:\/\/tirinha.com\/it\/wp-json\/wp\/v2\/comments?post=1079"}],"version-history":[{"count":0,"href":"https:\/\/tirinha.com\/it\/wp-json\/wp\/v2\/posts\/1079\/revisions"}],"wp:featuredmedia":[{"embeddable":true,"href":"https:\/\/tirinha.com\/it\/wp-json\/wp\/v2\/media\/1080"}],"wp:attachment":[{"href":"https:\/\/tirinha.com\/it\/wp-json\/wp\/v2\/media?parent=1079"}],"wp:term":[{"taxonomy":"category","embeddable":true,"href":"https:\/\/tirinha.com\/it\/wp-json\/wp\/v2\/categories?post=1079"},{"taxonomy":"post_tag","embeddable":true,"href":"https:\/\/tirinha.com\/it\/wp-json\/wp\/v2\/tags?post=1079"}],"curies":[{"name":"parola chiave","href":"https:\/\/api.w.org\/{rel}","templated":true}]}}