{"id":1059,"date":"2023-04-05T10:35:05","date_gmt":"2023-04-05T10:35:05","guid":{"rendered":"https:\/\/tirinha.com\/mickey-e-minnie-comemoram-seu-90o-aniversario\/"},"modified":"2023-04-05T10:35:05","modified_gmt":"2023-04-05T10:35:05","slug":"topolino-e-minnie-festeggiano-il-loro-novantesimo-anniversario","status":"publish","type":"post","link":"https:\/\/tirinha.com\/it\/1059\/mickey-e-minnie-comemoram-seu-90o-aniversario\/","title":{"rendered":"Topolino e Minnie festeggiano il loro 90\u00b0 anniversario"},"content":{"rendered":"<p><\/p>\n<div>\n<h3>Nonostante i novant&#039;anni, il duo di roditori \u00e8 ancora in gran forma, diventando un&#039;icona amata da bambini e adulti<\/h3>\n<p style=\"text-align:left;\">Lo scorso fine settimana, il topo pi\u00f9 famoso della Disney, Topolino, insieme alla sua inseparabile compagna, Minnie, ha compiuto 90 anni e l&#039;impero Disney ha festeggiato in grande stile.<\/p>\n<p><img fetchpriority=\"high\" data-attachment-id=\"928\" data-permalink=\"https:\/\/elgeneracionalpost.com\/cultura\/2018\/1120\/927\/mickey-y-minnie-celebran-su-90-aniversario.html\/attachment\/mickey-minnie-railroad-header\" data-orig-file=\"https:\/\/i0.wp.com\/elgeneracionalpost.com\/wp-content\/uploads\/2018\/11\/mickey-minnie-railroad-header.jpg?fit=970%2C545&amp;ssl=1\" data-orig-size=\"970,545\" data-comments-opened=\"1\" data-image-meta=\"{&quot;aperture&quot;:&quot;0&quot;,&quot;credit&quot;:&quot;&quot;,&quot;camera&quot;:&quot;&quot;,&quot;caption&quot;:&quot;&quot;,&quot;created_timestamp&quot;:&quot;0&quot;,&quot;copyright&quot;:&quot;&quot;,&quot;focal_length&quot;:&quot;0&quot;,&quot;iso&quot;:&quot;0&quot;,&quot;shutter_speed&quot;:&quot;0&quot;,&quot;title&quot;:&quot;&quot;,&quot;orientation&quot;:&quot;0&quot;}\" data-image-title=\"mickey-minnie-railroad-header\" data-image-description=\"\" data-image-caption=\"\" data-medium-file=\"https:\/\/i0.wp.com\/elgeneracionalpost.com\/wp-content\/uploads\/2018\/11\/mickey-minnie-railroad-header.jpg?fit=300%2C169&amp;ssl=1\" data-large-file=\"https:\/\/i0.wp.com\/elgeneracionalpost.com\/wp-content\/uploads\/2018\/11\/mickey-minnie-railroad-header.jpg?fit=696%2C391&amp;ssl=1\" decoding=\"async\" class=\"alignnone size-full wp-image-928 jetpack-lazy-image\" src=\"https:\/\/i0.wp.com\/elgeneracionalpost.com\/wp-content\/uploads\/2018\/11\/mickey-minnie-railroad-header.jpg?resize=696%2C391&amp;ssl=1\" alt=\"Intestazione ferroviaria di Topolino e Minnie\" width=\"696\" height=\"391\" data-recalc-dims=\"1\" data-lazy-src=\"https:\/\/i0.wp.com\/elgeneracionalpost.com\/wp-content\/uploads\/2018\/11\/mickey-minnie-railroad-header.jpg?resize=696%2C391&amp;is-pending-load=1#038;ssl=1\" srcset=\"data:image\/gif;base64,R0lGODlhAQABAIAAAAAAAP\/\/\/yH5BAEAAAAALAAAAAABAAEAAAIBRAA7\"\/><noscript><img data-lazy-fallback=\"1\" data-attachment-id=\"928\" data-permalink=\"https:\/\/elgeneracionalpost.com\/cultura\/2018\/1120\/927\/mickey-y-minnie-celebran-su-90-aniversario.html\/attachment\/mickey-minnie-railroad-header\" data-orig-file=\"https:\/\/i0.wp.com\/elgeneracionalpost.com\/wp-content\/uploads\/2018\/11\/mickey-minnie-railroad-header.jpg?fit=970%2C545&amp;ssl=1\" data-orig-size=\"970,545\" data-comments-opened=\"1\" data-image-meta=\"{&quot;aperture&quot;:&quot;0&quot;,&quot;credit&quot;:&quot;&quot;,&quot;camera&quot;:&quot;&quot;,&quot;caption&quot;:&quot;&quot;,&quot;created_timestamp&quot;:&quot;0&quot;,&quot;copyright&quot;:&quot;&quot;,&quot;focal_length&quot;:&quot;0&quot;,&quot;iso&quot;:&quot;0&quot;,&quot;shutter_speed&quot;:&quot;0&quot;,&quot;title&quot;:&quot;&quot;,&quot;orientation&quot;:&quot;0&quot;}\" data-image-title=\"mickey-minnie-railroad-header\" data-image-description=\"\" data-image-caption=\"\" data-medium-file=\"https:\/\/i0.wp.com\/elgeneracionalpost.com\/wp-content\/uploads\/2018\/11\/mickey-minnie-railroad-header.jpg?fit=300%2C169&amp;ssl=1\" data-large-file=\"https:\/\/i0.wp.com\/elgeneracionalpost.com\/wp-content\/uploads\/2018\/11\/mickey-minnie-railroad-header.jpg?fit=696%2C391&amp;ssl=1\" decoding=\"async\" class=\"alignnone size-full wp-image-928\" src=\"https:\/\/i0.wp.com\/elgeneracionalpost.com\/wp-content\/uploads\/2018\/11\/mickey-minnie-railroad-header.jpg?resize=696%2C391&amp;ssl=1\" alt=\"Intestazione ferroviaria di Topolino e Minnie\" width=\"696\" height=\"391\" data-recalc-dims=\"1\"\/><\/noscript><\/p>\n<h5 style=\"text-align:right;\">fotografia Disney<\/h5>\n<p>Entrambi i roditori sono apparsi per la prima volta nel breve <em>aereo pazzo<\/em> il 15 maggio 1928, ma ottenne il successo il 18 novembre 1928 con <em>Steamboat Willie <\/em>al Colony Theatre di New York City, diventando il primo film d&#039;animazione in bianco e nero con colonna sonora sincronizzata.<\/p>\n<p>Questo peculiare personaggio dalle grandi orecchie e dall&#039;aria carismatica nacque perch\u00e9 Walt Disney fu costretto a trovare un successore alla sua star Oswald il Coniglio Fortunato, poich\u00e9 un distributore ne aveva sottratto i diritti. Chi avrebbe mai immaginato che questa battuta d&#039;arresto avrebbe dato vita a uno dei personaggi pi\u00f9 iconici del cinema per ragazzi?<\/p>\n<p>Inizialmente, Disney decise di chiamare il suo nuovo personaggio Mortimer, ma sua moglie Lilian gli sugger\u00ec di cambiare il nome in Mickey Mouse, scelta senza dubbio azzeccata. Sebbene il suo nome sia abbastanza universale, ci sono Paesi in cui non \u00e8 conosciuto come tale: in Italia, ad esempio, si chiama Topolino, in Svezia Musse Pigg e in Cina Mi Lau Shu. I primi schizzi furono realizzati dal fumettista Ubbe Iwerks, che cattur\u00f2 l&#039;idea di Disney.<\/p>\n<p>Nel corso di questi 90 anni, il suo aspetto ha subito dei cambiamenti, adattandosi a ogni epoca. Nel 1929, Mickey indoss\u00f2 i suoi famosi guanti e, qualche anno dopo, ai suoi occhi furono aggiunte sopracciglia e pupille, conferendogli un aspetto pi\u00f9 moderno.<\/p>\n<p><img data-attachment-id=\"934\" data-permalink=\"https:\/\/elgeneracionalpost.com\/cultura\/2018\/1120\/927\/mickey-y-minnie-celebran-su-90-aniversario.html\/attachment\/_20181120_2120531\" data-orig-file=\"https:\/\/i0.wp.com\/elgeneracionalpost.com\/wp-content\/uploads\/2018\/11\/20181120_2120531.jpg?fit=720%2C1015&amp;ssl=1\" data-orig-size=\"720,1015\" data-comments-opened=\"1\" data-image-meta=\"{&quot;aperture&quot;:&quot;0&quot;,&quot;credit&quot;:&quot;&quot;,&quot;camera&quot;:&quot;&quot;,&quot;caption&quot;:&quot;&quot;,&quot;created_timestamp&quot;:&quot;0&quot;,&quot;copyright&quot;:&quot;&quot;,&quot;focal_length&quot;:&quot;0&quot;,&quot;iso&quot;:&quot;0&quot;,&quot;shutter_speed&quot;:&quot;0&quot;,&quot;title&quot;:&quot;&quot;,&quot;orientation&quot;:&quot;0&quot;}\" data-image-title=\"_20181120_212053(1)\" data-image-description=\"\" data-image-caption=\"\" data-medium-file=\"https:\/\/i0.wp.com\/elgeneracionalpost.com\/wp-content\/uploads\/2018\/11\/20181120_2120531.jpg?fit=213%2C300&amp;ssl=1\" data-large-file=\"https:\/\/i0.wp.com\/elgeneracionalpost.com\/wp-content\/uploads\/2018\/11\/20181120_2120531.jpg?fit=696%2C981&amp;ssl=1\" decoding=\"async\" class=\"alignnone size-full wp-image-934 jetpack-lazy-image\" src=\"https:\/\/i0.wp.com\/elgeneracionalpost.com\/wp-content\/uploads\/2018\/11\/20181120_2120531.jpg?resize=696%2C981&amp;ssl=1\" alt=\"_20181120_212053(1)\" width=\"696\" height=\"981\" data-recalc-dims=\"1\" data-lazy-src=\"https:\/\/i0.wp.com\/elgeneracionalpost.com\/wp-content\/uploads\/2018\/11\/20181120_2120531.jpg?resize=696%2C981&amp;is-pending-load=1#038;ssl=1\" srcset=\"data:image\/gif;base64,R0lGODlhAQABAIAAAAAAAP\/\/\/yH5BAEAAAAALAAAAAABAAEAAAIBRAA7\"\/><noscript><img loading=\"lazy\" data-lazy-fallback=\"1\" data-attachment-id=\"934\" data-permalink=\"https:\/\/elgeneracionalpost.com\/cultura\/2018\/1120\/927\/mickey-y-minnie-celebran-su-90-aniversario.html\/attachment\/_20181120_2120531\" data-orig-file=\"https:\/\/i0.wp.com\/elgeneracionalpost.com\/wp-content\/uploads\/2018\/11\/20181120_2120531.jpg?fit=720%2C1015&amp;ssl=1\" data-orig-size=\"720,1015\" data-comments-opened=\"1\" data-image-meta=\"{&quot;aperture&quot;:&quot;0&quot;,&quot;credit&quot;:&quot;&quot;,&quot;camera&quot;:&quot;&quot;,&quot;caption&quot;:&quot;&quot;,&quot;created_timestamp&quot;:&quot;0&quot;,&quot;copyright&quot;:&quot;&quot;,&quot;focal_length&quot;:&quot;0&quot;,&quot;iso&quot;:&quot;0&quot;,&quot;shutter_speed&quot;:&quot;0&quot;,&quot;title&quot;:&quot;&quot;,&quot;orientation&quot;:&quot;0&quot;}\" data-image-title=\"_20181120_212053(1)\" data-image-description=\"\" data-image-caption=\"\" data-medium-file=\"https:\/\/i0.wp.com\/elgeneracionalpost.com\/wp-content\/uploads\/2018\/11\/20181120_2120531.jpg?fit=213%2C300&amp;ssl=1\" data-large-file=\"https:\/\/i0.wp.com\/elgeneracionalpost.com\/wp-content\/uploads\/2018\/11\/20181120_2120531.jpg?fit=696%2C981&amp;ssl=1\" decoding=\"async\" class=\"alignnone size-full wp-image-934\" src=\"https:\/\/i0.wp.com\/elgeneracionalpost.com\/wp-content\/uploads\/2018\/11\/20181120_2120531.jpg?resize=696%2C981&amp;ssl=1\" alt=\"_20181120_212053(1)\" width=\"696\" height=\"981\" data-recalc-dims=\"1\"\/><\/noscript><\/p>\n<h5 style=\"text-align:right;\">Evoluzione del design di Topolino in questi 90 anni. Fotografia in giro per il mondo.<\/h5>\n<p>Nel 1929 con il cortometraggio <em>Il ragazzo del carnevale,<\/em> Mickey parl\u00f2 per la prima volta. \u00c8 interessante notare che in questi nove decenni solo cinque uomini gli hanno prestato voce: Walt Disney, che gli prest\u00f2 la voce fino al 1947, sostituito da Jimmy MacDonald, che fu declassato nel 1977 da Wayne Allwine; dal 2009, invece, Bret Iwan e Chris Diamantopoulos sono i doppiatori pi\u00f9 famosi. In Spagna, l&#039;attuale doppiatore \u00e8 Jos\u00e9 Padilla.<\/p>\n<p>Arrivarono in Spagna nel 1934 nelle vignette quotidiane di Vanguarda, con nomi diversi: Miguel\u00edn e Mimi, il cui successo fu indiscutibile e avevano persino una loro rivista.<\/p>\n<p>Pochi anni dopo, nel 1935, sarebbe arrivato nei cinema <em>Il concerto della banda<\/em>, il suo primo cortometraggio a colori. Pi\u00f9 tardi, nel 1940, avrebbe lasciato il segno con il seguito L&#039;apprendista stregone, nel film <em>Elegante<\/em>. L&#039;ultima volta che Mickey \u00e8 tornato sul grande schermo \u00e8 stato nel 2013 con il cortometraggio <em>prendere un cavallo<\/em>.<\/p>\n<p>Inoltre, \u00e8 stato il primo personaggio animato ad avere una stella sulla Hollywood Walk of Fame, in occasione del suo 50\u00b0 anniversario, il 18 novembre 1978. Tuttavia, sebbene il suo debutto sia sempre avvenuto insieme alla sua ragazza Minnie, quest&#039;ultima ha ricevuto la sua stella all&#039;inizio di quest&#039;anno.<\/p>\n<p>In occasione di questa celebrazione, l&#039;azienda ha voluto rendere omaggio a questa peculiare coppia di topi con un programma speciale, della durata di 90 giorni, ricco di attivit\u00e0 per bambini e adulti nei suoi parchi a tema, Disneyland Park e Disneyland Paris.<\/p>\n<p>Inoltre, centinaia di marchi hanno voluto rendere loro omaggio, tra cui Bershka, una giovane azienda del gruppo Inditex, o l&#039;azienda tessile spagnola El Ganso, che ha lanciato una collezione di abiti ispirata a loro. Anche Pandora si \u00e8 unita alla festa, nonostante collaborasse con Disney gi\u00e0 dal 2014, e per l&#039;anniversario ha messo in vendita un ciondolo di Topolino in argento e uno in oro 90. Tuttavia, artisti e stilisti come Dolce &amp; Gabbana e Andy Warhol hanno gi\u00e0 realizzato creazioni con questa azienda.<\/p>\n<p>Insomma, questi personaggi carismatici, pur essendo la coppia animata pi\u00f9 longeva al mondo, continuano a essere un&#039;icona amata sia dai bambini che dagli adulti e come diceva Walt Disney: &quot;Spero che non perderemo mai di vista una cosa: che tutto \u00e8 iniziato con un topo.<\/p>\n<div class=\"sharedaddy sd-block sd-like jetpack-likes-widget-wrapper jetpack-likes-widget-unloaded\" id=\"like-post-wrapper-153844979-927-642d4ed8ded6b\" data-src=\"https:\/\/widgets.wp.com\/likes\/#blog_id=153844979&amp;post_id=927&amp;origin=elgeneracionalpost.com&amp;obj_id=153844979-927-642d4ed8ded6b\" data-name=\"like-post-frame-153844979-927-642d4ed8ded6b\" data-title=\"Me gusta o Compartir\">\n<h3 class=\"sd-title\">Mi piace questa:<\/h3>\n<p><span class=\"button\"><span>Mi piace<\/span><\/span> <span class=\"loading\">Caricamento\u2026<\/span><\/p>\n<p><span class=\"sd-text-color\"\/><\/div>\n<p><h3 class=\"jp-relatedposts-headline\"><em>Imparentato<\/em><\/h3>\n<\/p>\n<\/div>","protected":false},"excerpt":{"rendered":"<p>Nonostante i novant&#039;anni, il duo di roditori \u00e8 ancora in ottima forma, diventando un&#039;icona amata da grandi e piccini... <\/p>","protected":false},"author":1,"featured_media":1060,"comment_status":"open","ping_status":"open","sticky":false,"template":"","format":"standard","meta":{"fifu_image_url":"https:\/\/i2.wp.com\/elgeneracionalpost.com\/wp-content\/uploads\/2018\/11\/mickey-minnie-railroad-header.jpg?fit=970,545&ssl=1","fifu_image_alt":"","footnotes":""},"categories":[35],"tags":[],"class_list":["post-1059","post","type-post","status-publish","format-standard","has-post-thumbnail","hentry","category-cultura-e-lazer","latest_post"],"yoast_head":"<!-- This site is optimized with the Yoast SEO plugin v27.3 - https:\/\/yoast.com\/product\/yoast-seo-wordpress\/ -->\n<title>Mickey e Minnie comemoram seu 90\u00ba anivers\u00e1rio - Tirinha.com<\/title>\n<meta name=\"robots\" content=\"index, follow, max-snippet:-1, max-image-preview:large, max-video-preview:-1\" \/>\n<link rel=\"canonical\" href=\"https:\/\/tirinha.com\/it\/1059\/topolino-e-minnie-festeggiano-il-loro-novantesimo-anniversario\/\" \/>\n<meta property=\"og:locale\" content=\"it_IT\" \/>\n<meta property=\"og:type\" content=\"article\" \/>\n<meta property=\"og:title\" content=\"Mickey e Minnie comemoram seu 90\u00ba anivers\u00e1rio - Tirinha.com\" \/>\n<meta property=\"og:description\" content=\"Apesar dos noventa anos, a dupla de roedores segue em plena forma, tornando-se um \u00edcone amado por crian\u00e7as e adultos &hellip;\" \/>\n<meta property=\"og:url\" content=\"https:\/\/tirinha.com\/it\/1059\/topolino-e-minnie-festeggiano-il-loro-novantesimo-anniversario\/\" \/>\n<meta property=\"og:site_name\" content=\"Tirinha.com\" \/>\n<meta property=\"article:published_time\" content=\"2023-04-05T10:35:05+00:00\" \/>\n<meta property=\"og:image\" content=\"https:\/\/i2.wp.com\/elgeneracionalpost.com\/wp-content\/uploads\/2018\/11\/mickey-minnie-railroad-header.jpg?fit=970,545&ssl=1\" \/>\n<meta name=\"author\" content=\"admin\" \/>\n<meta name=\"twitter:card\" content=\"summary_large_image\" \/>\n<meta name=\"twitter:image\" content=\"https:\/\/i2.wp.com\/elgeneracionalpost.com\/wp-content\/uploads\/2018\/11\/mickey-minnie-railroad-header.jpg?fit=970,545&ssl=1\" \/>\n<meta name=\"twitter:label1\" content=\"Scritto da\" \/>\n\t<meta name=\"twitter:data1\" content=\"admin\" \/>\n\t<meta name=\"twitter:label2\" content=\"Tempo di lettura stimato\" \/>\n\t<meta name=\"twitter:data2\" content=\"3 minuti\" \/>\n<script type=\"application\/ld+json\" class=\"yoast-schema-graph\">{\"@context\":\"https:\\\/\\\/schema.org\",\"@graph\":[{\"@type\":\"Article\",\"@id\":\"https:\\\/\\\/tirinha.com\\\/1059\\\/mickey-e-minnie-comemoram-seu-90o-aniversario\\\/#article\",\"isPartOf\":{\"@id\":\"https:\\\/\\\/tirinha.com\\\/1059\\\/mickey-e-minnie-comemoram-seu-90o-aniversario\\\/\"},\"author\":{\"name\":\"admin\",\"@id\":\"https:\\\/\\\/tirinha.com\\\/#\\\/schema\\\/person\\\/e22bdfbe17e0461f7e927e6a1208d4d9\"},\"headline\":\"Mickey e Minnie comemoram seu 90\u00ba anivers\u00e1rio\",\"datePublished\":\"2023-04-05T10:35:05+00:00\",\"mainEntityOfPage\":{\"@id\":\"https:\\\/\\\/tirinha.com\\\/1059\\\/mickey-e-minnie-comemoram-seu-90o-aniversario\\\/\"},\"wordCount\":683,\"commentCount\":0,\"publisher\":{\"@id\":\"https:\\\/\\\/tirinha.com\\\/#organization\"},\"image\":{\"@id\":\"https:\\\/\\\/tirinha.com\\\/1059\\\/mickey-e-minnie-comemoram-seu-90o-aniversario\\\/#primaryimage\"},\"thumbnailUrl\":\"https:\\\/\\\/i2.wp.com\\\/elgeneracionalpost.com\\\/wp-content\\\/uploads\\\/2018\\\/11\\\/mickey-minnie-railroad-header.jpg?fit=970,545&ssl=1\",\"articleSection\":[\"Cultura e lazer\"],\"inLanguage\":\"it-IT\",\"potentialAction\":[{\"@type\":\"CommentAction\",\"name\":\"Comment\",\"target\":[\"https:\\\/\\\/tirinha.com\\\/1059\\\/mickey-e-minnie-comemoram-seu-90o-aniversario\\\/#respond\"]}]},{\"@type\":\"WebPage\",\"@id\":\"https:\\\/\\\/tirinha.com\\\/1059\\\/mickey-e-minnie-comemoram-seu-90o-aniversario\\\/\",\"url\":\"https:\\\/\\\/tirinha.com\\\/1059\\\/mickey-e-minnie-comemoram-seu-90o-aniversario\\\/\",\"name\":\"Mickey e Minnie comemoram seu 90\u00ba anivers\u00e1rio - Tirinha.com\",\"isPartOf\":{\"@id\":\"https:\\\/\\\/tirinha.com\\\/#website\"},\"primaryImageOfPage\":{\"@id\":\"https:\\\/\\\/tirinha.com\\\/1059\\\/mickey-e-minnie-comemoram-seu-90o-aniversario\\\/#primaryimage\"},\"image\":{\"@id\":\"https:\\\/\\\/tirinha.com\\\/1059\\\/mickey-e-minnie-comemoram-seu-90o-aniversario\\\/#primaryimage\"},\"thumbnailUrl\":\"https:\\\/\\\/i2.wp.com\\\/elgeneracionalpost.com\\\/wp-content\\\/uploads\\\/2018\\\/11\\\/mickey-minnie-railroad-header.jpg?fit=970,545&ssl=1\",\"datePublished\":\"2023-04-05T10:35:05+00:00\",\"breadcrumb\":{\"@id\":\"https:\\\/\\\/tirinha.com\\\/1059\\\/mickey-e-minnie-comemoram-seu-90o-aniversario\\\/#breadcrumb\"},\"inLanguage\":\"it-IT\",\"potentialAction\":[{\"@type\":\"ReadAction\",\"target\":[\"https:\\\/\\\/tirinha.com\\\/1059\\\/mickey-e-minnie-comemoram-seu-90o-aniversario\\\/\"]}]},{\"@type\":\"ImageObject\",\"inLanguage\":\"it-IT\",\"@id\":\"https:\\\/\\\/tirinha.com\\\/1059\\\/mickey-e-minnie-comemoram-seu-90o-aniversario\\\/#primaryimage\",\"url\":\"https:\\\/\\\/i2.wp.com\\\/elgeneracionalpost.com\\\/wp-content\\\/uploads\\\/2018\\\/11\\\/mickey-minnie-railroad-header.jpg?fit=970,545&ssl=1\",\"contentUrl\":\"https:\\\/\\\/i2.wp.com\\\/elgeneracionalpost.com\\\/wp-content\\\/uploads\\\/2018\\\/11\\\/mickey-minnie-railroad-header.jpg?fit=970,545&ssl=1\"},{\"@type\":\"BreadcrumbList\",\"@id\":\"https:\\\/\\\/tirinha.com\\\/1059\\\/mickey-e-minnie-comemoram-seu-90o-aniversario\\\/#breadcrumb\",\"itemListElement\":[{\"@type\":\"ListItem\",\"position\":1,\"name\":\"Home\",\"item\":\"https:\\\/\\\/tirinha.com\\\/\"},{\"@type\":\"ListItem\",\"position\":2,\"name\":\"Mickey e Minnie comemoram seu 90\u00ba anivers\u00e1rio\"}]},{\"@type\":\"WebSite\",\"@id\":\"https:\\\/\\\/tirinha.com\\\/#website\",\"url\":\"https:\\\/\\\/tirinha.com\\\/\",\"name\":\"Tirinha.com\",\"description\":\"Arte e livros resenhas\",\"publisher\":{\"@id\":\"https:\\\/\\\/tirinha.com\\\/#organization\"},\"potentialAction\":[{\"@type\":\"SearchAction\",\"target\":{\"@type\":\"EntryPoint\",\"urlTemplate\":\"https:\\\/\\\/tirinha.com\\\/?s={search_term_string}\"},\"query-input\":{\"@type\":\"PropertyValueSpecification\",\"valueRequired\":true,\"valueName\":\"search_term_string\"}}],\"inLanguage\":\"it-IT\"},{\"@type\":\"Organization\",\"@id\":\"https:\\\/\\\/tirinha.com\\\/#organization\",\"name\":\"Tirinha.com\",\"url\":\"https:\\\/\\\/tirinha.com\\\/\",\"logo\":{\"@type\":\"ImageObject\",\"inLanguage\":\"it-IT\",\"@id\":\"https:\\\/\\\/tirinha.com\\\/#\\\/schema\\\/logo\\\/image\\\/\",\"url\":\"https:\\\/\\\/tirinha.com\\\/wp-content\\\/uploads\\\/2023\\\/08\\\/cropped-Logo-Tirinha.webp\",\"contentUrl\":\"https:\\\/\\\/tirinha.com\\\/wp-content\\\/uploads\\\/2023\\\/08\\\/cropped-Logo-Tirinha.webp\",\"width\":512,\"height\":512,\"caption\":\"Tirinha.com\"},\"image\":{\"@id\":\"https:\\\/\\\/tirinha.com\\\/#\\\/schema\\\/logo\\\/image\\\/\"}},{\"@type\":\"Person\",\"@id\":\"https:\\\/\\\/tirinha.com\\\/#\\\/schema\\\/person\\\/e22bdfbe17e0461f7e927e6a1208d4d9\",\"name\":\"admin\",\"image\":{\"@type\":\"ImageObject\",\"inLanguage\":\"it-IT\",\"@id\":\"https:\\\/\\\/tirinha.com\\\/wp-content\\\/litespeed\\\/avatar\\\/d0068f7931cc87d7274eb0c3db1deb4b.jpg?ver=1776829466\",\"url\":\"https:\\\/\\\/tirinha.com\\\/wp-content\\\/litespeed\\\/avatar\\\/d0068f7931cc87d7274eb0c3db1deb4b.jpg?ver=1776829466\",\"contentUrl\":\"https:\\\/\\\/tirinha.com\\\/wp-content\\\/litespeed\\\/avatar\\\/d0068f7931cc87d7274eb0c3db1deb4b.jpg?ver=1776829466\",\"caption\":\"admin\"},\"sameAs\":[\"https:\\\/\\\/tirinha.com\"],\"url\":\"https:\\\/\\\/tirinha.com\\\/it\\\/author\\\/admin\\\/\"}]}<\/script>\n<!-- \/ Yoast SEO plugin. -->","yoast_head_json":{"title":"Topolino e Minnie festeggiano il loro novantesimo compleanno - Tirinha.com","robots":{"index":"index","follow":"follow","max-snippet":"max-snippet:-1","max-image-preview":"max-image-preview:large","max-video-preview":"max-video-preview:-1"},"canonical":"https:\/\/tirinha.com\/it\/1059\/topolino-e-minnie-festeggiano-il-loro-novantesimo-anniversario\/","og_locale":"it_IT","og_type":"article","og_title":"Mickey e Minnie comemoram seu 90\u00ba anivers\u00e1rio - Tirinha.com","og_description":"Apesar dos noventa anos, a dupla de roedores segue em plena forma, tornando-se um \u00edcone amado por crian\u00e7as e adultos &hellip;","og_url":"https:\/\/tirinha.com\/it\/1059\/topolino-e-minnie-festeggiano-il-loro-novantesimo-anniversario\/","og_site_name":"Tirinha.com","article_published_time":"2023-04-05T10:35:05+00:00","og_image":[{"url":"https:\/\/i2.wp.com\/elgeneracionalpost.com\/wp-content\/uploads\/2018\/11\/mickey-minnie-railroad-header.jpg?fit=970,545&ssl=1","type":"","width":"","height":""}],"author":"admin","twitter_card":"summary_large_image","twitter_image":"https:\/\/i2.wp.com\/elgeneracionalpost.com\/wp-content\/uploads\/2018\/11\/mickey-minnie-railroad-header.jpg?fit=970,545&ssl=1","twitter_misc":{"Scritto da":"admin","Tempo di lettura stimato":"3 minuti"},"schema":{"@context":"https:\/\/schema.org","@graph":[{"@type":"Article","@id":"https:\/\/tirinha.com\/1059\/mickey-e-minnie-comemoram-seu-90o-aniversario\/#article","isPartOf":{"@id":"https:\/\/tirinha.com\/1059\/mickey-e-minnie-comemoram-seu-90o-aniversario\/"},"author":{"name":"admin","@id":"https:\/\/tirinha.com\/#\/schema\/person\/e22bdfbe17e0461f7e927e6a1208d4d9"},"headline":"Mickey e Minnie comemoram seu 90\u00ba anivers\u00e1rio","datePublished":"2023-04-05T10:35:05+00:00","mainEntityOfPage":{"@id":"https:\/\/tirinha.com\/1059\/mickey-e-minnie-comemoram-seu-90o-aniversario\/"},"wordCount":683,"commentCount":0,"publisher":{"@id":"https:\/\/tirinha.com\/#organization"},"image":{"@id":"https:\/\/tirinha.com\/1059\/mickey-e-minnie-comemoram-seu-90o-aniversario\/#primaryimage"},"thumbnailUrl":"https:\/\/i2.wp.com\/elgeneracionalpost.com\/wp-content\/uploads\/2018\/11\/mickey-minnie-railroad-header.jpg?fit=970,545&ssl=1","articleSection":["Cultura e lazer"],"inLanguage":"it-IT","potentialAction":[{"@type":"CommentAction","name":"Comment","target":["https:\/\/tirinha.com\/1059\/mickey-e-minnie-comemoram-seu-90o-aniversario\/#respond"]}]},{"@type":"WebPage","@id":"https:\/\/tirinha.com\/1059\/mickey-e-minnie-comemoram-seu-90o-aniversario\/","url":"https:\/\/tirinha.com\/1059\/mickey-e-minnie-comemoram-seu-90o-aniversario\/","name":"Topolino e Minnie festeggiano il loro novantesimo compleanno - Tirinha.com","isPartOf":{"@id":"https:\/\/tirinha.com\/#website"},"primaryImageOfPage":{"@id":"https:\/\/tirinha.com\/1059\/mickey-e-minnie-comemoram-seu-90o-aniversario\/#primaryimage"},"image":{"@id":"https:\/\/tirinha.com\/1059\/mickey-e-minnie-comemoram-seu-90o-aniversario\/#primaryimage"},"thumbnailUrl":"https:\/\/i2.wp.com\/elgeneracionalpost.com\/wp-content\/uploads\/2018\/11\/mickey-minnie-railroad-header.jpg?fit=970,545&ssl=1","datePublished":"2023-04-05T10:35:05+00:00","breadcrumb":{"@id":"https:\/\/tirinha.com\/1059\/mickey-e-minnie-comemoram-seu-90o-aniversario\/#breadcrumb"},"inLanguage":"it-IT","potentialAction":[{"@type":"ReadAction","target":["https:\/\/tirinha.com\/1059\/mickey-e-minnie-comemoram-seu-90o-aniversario\/"]}]},{"@type":"ImageObject","inLanguage":"it-IT","@id":"https:\/\/tirinha.com\/1059\/mickey-e-minnie-comemoram-seu-90o-aniversario\/#primaryimage","url":"https:\/\/i2.wp.com\/elgeneracionalpost.com\/wp-content\/uploads\/2018\/11\/mickey-minnie-railroad-header.jpg?fit=970,545&ssl=1","contentUrl":"https:\/\/i2.wp.com\/elgeneracionalpost.com\/wp-content\/uploads\/2018\/11\/mickey-minnie-railroad-header.jpg?fit=970,545&ssl=1"},{"@type":"BreadcrumbList","@id":"https:\/\/tirinha.com\/1059\/mickey-e-minnie-comemoram-seu-90o-aniversario\/#breadcrumb","itemListElement":[{"@type":"ListItem","position":1,"name":"Home","item":"https:\/\/tirinha.com\/"},{"@type":"ListItem","position":2,"name":"Mickey e Minnie comemoram seu 90\u00ba anivers\u00e1rio"}]},{"@type":"WebSite","@id":"https:\/\/tirinha.com\/#website","url":"https:\/\/tirinha.com\/","name":"Fumetto.com","description":"Recensioni di arte e libri","publisher":{"@id":"https:\/\/tirinha.com\/#organization"},"potentialAction":[{"@type":"SearchAction","target":{"@type":"EntryPoint","urlTemplate":"https:\/\/tirinha.com\/?s={search_term_string}"},"query-input":{"@type":"PropertyValueSpecification","valueRequired":true,"valueName":"search_term_string"}}],"inLanguage":"it-IT"},{"@type":"Organization","@id":"https:\/\/tirinha.com\/#organization","name":"Fumetto.com","url":"https:\/\/tirinha.com\/","logo":{"@type":"ImageObject","inLanguage":"it-IT","@id":"https:\/\/tirinha.com\/#\/schema\/logo\/image\/","url":"https:\/\/tirinha.com\/wp-content\/uploads\/2023\/08\/cropped-Logo-Tirinha.webp","contentUrl":"https:\/\/tirinha.com\/wp-content\/uploads\/2023\/08\/cropped-Logo-Tirinha.webp","width":512,"height":512,"caption":"Tirinha.com"},"image":{"@id":"https:\/\/tirinha.com\/#\/schema\/logo\/image\/"}},{"@type":"Person","@id":"https:\/\/tirinha.com\/#\/schema\/person\/e22bdfbe17e0461f7e927e6a1208d4d9","name":"amministratore","image":{"@type":"ImageObject","inLanguage":"it-IT","@id":"https:\/\/tirinha.com\/wp-content\/litespeed\/avatar\/d0068f7931cc87d7274eb0c3db1deb4b.jpg?ver=1776829466","url":"https:\/\/tirinha.com\/wp-content\/litespeed\/avatar\/d0068f7931cc87d7274eb0c3db1deb4b.jpg?ver=1776829466","contentUrl":"https:\/\/tirinha.com\/wp-content\/litespeed\/avatar\/d0068f7931cc87d7274eb0c3db1deb4b.jpg?ver=1776829466","caption":"admin"},"sameAs":["https:\/\/tirinha.com"],"url":"https:\/\/tirinha.com\/it\/author\/admin\/"}]}},"_links":{"self":[{"href":"https:\/\/tirinha.com\/it\/wp-json\/wp\/v2\/posts\/1059","targetHints":{"allow":["GET"]}}],"collection":[{"href":"https:\/\/tirinha.com\/it\/wp-json\/wp\/v2\/posts"}],"about":[{"href":"https:\/\/tirinha.com\/it\/wp-json\/wp\/v2\/types\/post"}],"author":[{"embeddable":true,"href":"https:\/\/tirinha.com\/it\/wp-json\/wp\/v2\/users\/1"}],"replies":[{"embeddable":true,"href":"https:\/\/tirinha.com\/it\/wp-json\/wp\/v2\/comments?post=1059"}],"version-history":[{"count":0,"href":"https:\/\/tirinha.com\/it\/wp-json\/wp\/v2\/posts\/1059\/revisions"}],"wp:featuredmedia":[{"embeddable":true,"href":"https:\/\/tirinha.com\/it\/wp-json\/wp\/v2\/media\/1060"}],"wp:attachment":[{"href":"https:\/\/tirinha.com\/it\/wp-json\/wp\/v2\/media?parent=1059"}],"wp:term":[{"taxonomy":"category","embeddable":true,"href":"https:\/\/tirinha.com\/it\/wp-json\/wp\/v2\/categories?post=1059"},{"taxonomy":"post_tag","embeddable":true,"href":"https:\/\/tirinha.com\/it\/wp-json\/wp\/v2\/tags?post=1059"}],"curies":[{"name":"parola chiave","href":"https:\/\/api.w.org\/{rel}","templated":true}]}}