{"id":1047,"date":"2023-04-04T19:28:02","date_gmt":"2023-04-04T19:28:02","guid":{"rendered":"https:\/\/tirinha.com\/a-associacao-espanhola-de-pintores-e-escultores-chega-ao-el-retiro\/"},"modified":"2023-04-04T19:28:02","modified_gmt":"2023-04-04T19:28:02","slug":"lassociazione-spagnola-dei-pittori-e-degli-scultori-arriva-al-retiro","status":"publish","type":"post","link":"https:\/\/tirinha.com\/it\/1047\/a-associacao-espanhola-de-pintores-e-escultores-chega-ao-el-retiro\/","title":{"rendered":"L&#039;Associazione Spagnola di Pittori e Scultori arriva a El Retiro"},"content":{"rendered":"<p><\/p>\n<div data-td-block-uid=\"tdi_70\">\n<div class=\"tdb-block-inner td-fix-index\">\n<h3>L&#039;85\u00b0 anniversario del Sal\u00f3n de Oto\u00f1o ospiter\u00e0 AEPE fino al 25 novembre presso la Casa de Vacas nel Parque del Buen Retiro, nel centro di Madrid. Gli orari di apertura sono dal luned\u00ec alla domenica, dalle 10:00 alle 21:00.<\/h3>\n<p>L&#039;ingresso \u00e8 <b>gratuito<\/b> e riunisce opere di artisti provenienti da diversi ambiti, dando priorit\u00e0 alla scultura e alla pittura con diverse varianti.<\/p>\n<p>Le opere sono collocate consapevolmente. Copriamo movimenti di tutti i tipi, dall&#039;arte astratta a <i>Vruma-2 <\/i>(Victoria Jaimez) al realismo di <i>tempo verde <\/i>(Francisco Manuel Sanz Arenas), attraverso studi anatomici scultorei come <i>Gratuito<\/i> di Elizosculptor. Confrontiamo la scultura in ferro inossidabile di influenza costruttivista di Jes\u00fas del Peso, pura <b>estetico<\/b>e funziona pi\u00f9 incline verso la <b>riflessione<\/b>COME <i>Passato<\/i>di Austin Tirado.<\/p>\n<figure id=\"attachment_489\" aria-describedby=\"caption-attachment-489\" style=\"width: 3024px\" class=\"wp-caption alignnone\"><img fetchpriority=\"high\" data-attachment-id=\"489\" data-permalink=\"https:\/\/elgeneracionalpost.com\/cultura\/2018\/1115\/487\/la-asociacion-espanola-de-pintores-y-escultores-llega-a-el-retiro.html\/attachment\/img_4720\" data-orig-file=\"https:\/\/i0.wp.com\/elgeneracionalpost.com\/wp-content\/uploads\/2018\/11\/img_4720.jpg?fit=3024%2C4032&amp;ssl=1\" data-orig-size=\"3024,4032\" data-comments-opened=\"1\" data-image-meta=\"{&quot;aperture&quot;:&quot;0&quot;,&quot;credit&quot;:&quot;&quot;,&quot;camera&quot;:&quot;&quot;,&quot;caption&quot;:&quot;&quot;,&quot;created_timestamp&quot;:&quot;0&quot;,&quot;copyright&quot;:&quot;&quot;,&quot;focal_length&quot;:&quot;0&quot;,&quot;iso&quot;:&quot;0&quot;,&quot;shutter_speed&quot;:&quot;0&quot;,&quot;title&quot;:&quot;&quot;,&quot;orientation&quot;:&quot;1&quot;}\" data-image-title=\"IMG_4720\" data-image-description=\"\" data-image-caption=\"\" data-medium-file=\"https:\/\/i0.wp.com\/elgeneracionalpost.com\/wp-content\/uploads\/2018\/11\/img_4720.jpg?fit=225%2C300&amp;ssl=1\" data-large-file=\"https:\/\/i0.wp.com\/elgeneracionalpost.com\/wp-content\/uploads\/2018\/11\/img_4720.jpg?fit=696%2C928&amp;ssl=1\" decoding=\"async\" class=\"alignnone size-full wp-image-489 jetpack-lazy-image\" src=\"https:\/\/i0.wp.com\/elgeneracionalpost.com\/wp-content\/uploads\/2018\/11\/img_4720.jpg?resize=696%2C928&amp;ssl=1\" alt=\"IMG_4720\" width=\"696\" height=\"928\" data-recalc-dims=\"1\" data-lazy-src=\"https:\/\/i0.wp.com\/elgeneracionalpost.com\/wp-content\/uploads\/2018\/11\/img_4720.jpg?resize=696%2C928&amp;is-pending-load=1#038;ssl=1\" srcset=\"data:image\/gif;base64,R0lGODlhAQABAIAAAAAAAP\/\/\/yH5BAEAAAAALAAAAAABAAEAAAIBRAA7\"\/><noscript><img data-lazy-fallback=\"1\" data-attachment-id=\"489\" data-permalink=\"https:\/\/elgeneracionalpost.com\/cultura\/2018\/1115\/487\/la-asociacion-espanola-de-pintores-y-escultores-llega-a-el-retiro.html\/attachment\/img_4720\" data-orig-file=\"https:\/\/i0.wp.com\/elgeneracionalpost.com\/wp-content\/uploads\/2018\/11\/img_4720.jpg?fit=3024%2C4032&amp;ssl=1\" data-orig-size=\"3024,4032\" data-comments-opened=\"1\" data-image-meta=\"{&quot;aperture&quot;:&quot;0&quot;,&quot;credit&quot;:&quot;&quot;,&quot;camera&quot;:&quot;&quot;,&quot;caption&quot;:&quot;&quot;,&quot;created_timestamp&quot;:&quot;0&quot;,&quot;copyright&quot;:&quot;&quot;,&quot;focal_length&quot;:&quot;0&quot;,&quot;iso&quot;:&quot;0&quot;,&quot;shutter_speed&quot;:&quot;0&quot;,&quot;title&quot;:&quot;&quot;,&quot;orientation&quot;:&quot;1&quot;}\" data-image-title=\"IMG_4720\" data-image-description=\"\" data-image-caption=\"\" data-medium-file=\"https:\/\/i0.wp.com\/elgeneracionalpost.com\/wp-content\/uploads\/2018\/11\/img_4720.jpg?fit=225%2C300&amp;ssl=1\" data-large-file=\"https:\/\/i0.wp.com\/elgeneracionalpost.com\/wp-content\/uploads\/2018\/11\/img_4720.jpg?fit=696%2C928&amp;ssl=1\" decoding=\"async\" class=\"alignnone size-full wp-image-489\" src=\"https:\/\/i0.wp.com\/elgeneracionalpost.com\/wp-content\/uploads\/2018\/11\/img_4720.jpg?resize=696%2C928&amp;ssl=1\" alt=\"IMG_4720\" width=\"696\" height=\"928\" data-recalc-dims=\"1\"\/><\/noscript><figcaption id=\"caption-attachment-489\" class=\"wp-caption-text\"><i>tempo verde<\/i>(Francisco Manuel Sanz Arenas)<\/figcaption><\/figure>\n<p>pennellate come in <i>Profondit\u00e0<\/i> (Jos\u00e9 Luis Mart\u00edn de Blas Aguado) che ricordano in tema il <i>gigli <\/i>Di <b>Monet<\/b> e pennellate nell&#039;opera potente <i>ecco la mia signora<\/i> di Guillermo de las Heras, con i suoi giochi di luci e ombre. Mettiamo in evidenza il lavoro <i>Una mattina con Abuja<\/i>IL <em>collage<\/em> di Mariana \u00c1lvarez, con i suoi toni giallastri e rossastri che respirano la terra, il sole e la pelle.<\/p>\n<p>Mostre selettive e di lunga durata come queste possono perdere un po&#039; di prestigio sapendo di essere gratuite. Tuttavia, dobbiamo ricordare che si tratta di un&#039;associazione e che, sia in questo caso che in quello della Fundaci\u00f3n MAPFRE o di LaCaixa, avvicinare l&#039;arte al grande pubblico attraverso mostre gratuite o a basso costo non deve sminuire gli artisti e le istituzioni, ma anzi elogiarli. <b>Non perch\u00e9 sia costoso, \u00e8 pi\u00f9 arte.<\/b><\/p>\n<figure id=\"attachment_490\" aria-describedby=\"caption-attachment-490\" style=\"width: 3024px\" class=\"wp-caption alignnone\"><img data-attachment-id=\"490\" data-permalink=\"https:\/\/elgeneracionalpost.com\/cultura\/2018\/1115\/487\/la-asociacion-espanola-de-pintores-y-escultores-llega-a-el-retiro.html\/attachment\/img_4721\" data-orig-file=\"https:\/\/i0.wp.com\/elgeneracionalpost.com\/wp-content\/uploads\/2018\/11\/img_4721.jpg?fit=3024%2C4032&amp;ssl=1\" data-orig-size=\"3024,4032\" data-comments-opened=\"1\" data-image-meta=\"{&quot;aperture&quot;:&quot;0&quot;,&quot;credit&quot;:&quot;&quot;,&quot;camera&quot;:&quot;&quot;,&quot;caption&quot;:&quot;&quot;,&quot;created_timestamp&quot;:&quot;0&quot;,&quot;copyright&quot;:&quot;&quot;,&quot;focal_length&quot;:&quot;0&quot;,&quot;iso&quot;:&quot;0&quot;,&quot;shutter_speed&quot;:&quot;0&quot;,&quot;title&quot;:&quot;&quot;,&quot;orientation&quot;:&quot;1&quot;}\" data-image-title=\"IMG_4721\" data-image-description=\"\" data-image-caption=\"\" data-medium-file=\"https:\/\/i0.wp.com\/elgeneracionalpost.com\/wp-content\/uploads\/2018\/11\/img_4721.jpg?fit=225%2C300&amp;ssl=1\" data-large-file=\"https:\/\/i0.wp.com\/elgeneracionalpost.com\/wp-content\/uploads\/2018\/11\/img_4721.jpg?fit=696%2C928&amp;ssl=1\" decoding=\"async\" class=\"alignnone size-full wp-image-490 jetpack-lazy-image\" src=\"https:\/\/i0.wp.com\/elgeneracionalpost.com\/wp-content\/uploads\/2018\/11\/img_4721.jpg?resize=696%2C928&amp;ssl=1\" alt=\"IMG_4721\" width=\"696\" height=\"928\" data-recalc-dims=\"1\" data-lazy-src=\"https:\/\/i0.wp.com\/elgeneracionalpost.com\/wp-content\/uploads\/2018\/11\/img_4721.jpg?resize=696%2C928&amp;is-pending-load=1#038;ssl=1\" srcset=\"data:image\/gif;base64,R0lGODlhAQABAIAAAAAAAP\/\/\/yH5BAEAAAAALAAAAAABAAEAAAIBRAA7\"\/><noscript><img loading=\"lazy\" data-lazy-fallback=\"1\" data-attachment-id=\"490\" data-permalink=\"https:\/\/elgeneracionalpost.com\/cultura\/2018\/1115\/487\/la-asociacion-espanola-de-pintores-y-escultores-llega-a-el-retiro.html\/attachment\/img_4721\" data-orig-file=\"https:\/\/i0.wp.com\/elgeneracionalpost.com\/wp-content\/uploads\/2018\/11\/img_4721.jpg?fit=3024%2C4032&amp;ssl=1\" data-orig-size=\"3024,4032\" data-comments-opened=\"1\" data-image-meta=\"{&quot;aperture&quot;:&quot;0&quot;,&quot;credit&quot;:&quot;&quot;,&quot;camera&quot;:&quot;&quot;,&quot;caption&quot;:&quot;&quot;,&quot;created_timestamp&quot;:&quot;0&quot;,&quot;copyright&quot;:&quot;&quot;,&quot;focal_length&quot;:&quot;0&quot;,&quot;iso&quot;:&quot;0&quot;,&quot;shutter_speed&quot;:&quot;0&quot;,&quot;title&quot;:&quot;&quot;,&quot;orientation&quot;:&quot;1&quot;}\" data-image-title=\"IMG_4721\" data-image-description=\"\" data-image-caption=\"\" data-medium-file=\"https:\/\/i0.wp.com\/elgeneracionalpost.com\/wp-content\/uploads\/2018\/11\/img_4721.jpg?fit=225%2C300&amp;ssl=1\" data-large-file=\"https:\/\/i0.wp.com\/elgeneracionalpost.com\/wp-content\/uploads\/2018\/11\/img_4721.jpg?fit=696%2C928&amp;ssl=1\" decoding=\"async\" class=\"alignnone size-full wp-image-490\" src=\"https:\/\/i0.wp.com\/elgeneracionalpost.com\/wp-content\/uploads\/2018\/11\/img_4721.jpg?resize=696%2C928&amp;ssl=1\" alt=\"IMG_4721\" width=\"696\" height=\"928\" data-recalc-dims=\"1\"\/><\/noscript><figcaption id=\"caption-attachment-490\" class=\"wp-caption-text\"><i>Una mattina con Abuja<\/i> (Mariana \u00c1lvarez)<\/figcaption><\/figure>\n<\/p>\n<div class=\"sharedaddy sd-block sd-like jetpack-likes-widget-wrapper jetpack-likes-widget-unloaded\" id=\"like-post-wrapper-153844979-487-642c7a4208465\" data-src=\"https:\/\/widgets.wp.com\/likes\/#blog_id=153844979&amp;post_id=487&amp;origin=elgeneracionalpost.com&amp;obj_id=153844979-487-642c7a4208465\" data-name=\"like-post-frame-153844979-487-642c7a4208465\" data-title=\"Me gusta o Compartir\">\n<h3 class=\"sd-title\">Mi piace questa:<\/h3>\n<p><span class=\"button\"><span>Mi piace<\/span><\/span> <span class=\"loading\">Caricamento\u2026<\/span><\/p>\n<p><span class=\"sd-text-color\"\/><\/div>\n<p><h3 class=\"jp-relatedposts-headline\"><em>Imparentato<\/em><\/h3>\n<\/p>\n<\/div>\n<\/div>","protected":false},"excerpt":{"rendered":"<p>O 85\u00ba anivers\u00e1rio do Sal\u00f3n de Oto\u00f1o acolher\u00e1 a AEPE at\u00e9 25 de novembro na Casa de Vacas do Parque &hellip; <\/p>","protected":false},"author":1,"featured_media":1048,"comment_status":"open","ping_status":"open","sticky":false,"template":"","format":"standard","meta":{"fifu_image_url":"https:\/\/i0.wp.com\/elgeneracionalpost.com\/wp-content\/uploads\/2018\/11\/img_4719.jpg?fit=696,928&ssl=1","fifu_image_alt":"","footnotes":""},"categories":[35],"tags":[],"class_list":["post-1047","post","type-post","status-publish","format-standard","has-post-thumbnail","hentry","category-cultura-e-lazer","latest_post"],"yoast_head":"<!-- This site is optimized with the Yoast SEO plugin v27.3 - https:\/\/yoast.com\/product\/yoast-seo-wordpress\/ -->\n<title>A Associa\u00e7\u00e3o Espanhola de Pintores e Escultores chega ao El Retiro - Tirinha.com<\/title>\n<meta name=\"robots\" content=\"index, follow, max-snippet:-1, max-image-preview:large, max-video-preview:-1\" \/>\n<link rel=\"canonical\" href=\"https:\/\/tirinha.com\/it\/1047\/lassociazione-spagnola-dei-pittori-e-degli-scultori-arriva-al-retiro\/\" \/>\n<meta property=\"og:locale\" content=\"it_IT\" \/>\n<meta property=\"og:type\" content=\"article\" \/>\n<meta property=\"og:title\" content=\"A Associa\u00e7\u00e3o Espanhola de Pintores e Escultores chega ao El Retiro - Tirinha.com\" \/>\n<meta property=\"og:description\" content=\"O 85\u00ba anivers\u00e1rio do Sal\u00f3n de Oto\u00f1o acolher\u00e1 a AEPE at\u00e9 25 de novembro na Casa de Vacas do Parque &hellip;\" \/>\n<meta property=\"og:url\" content=\"https:\/\/tirinha.com\/it\/1047\/lassociazione-spagnola-dei-pittori-e-degli-scultori-arriva-al-retiro\/\" \/>\n<meta property=\"og:site_name\" content=\"Tirinha.com\" \/>\n<meta property=\"article:published_time\" content=\"2023-04-04T19:28:02+00:00\" \/>\n<meta property=\"og:image\" content=\"https:\/\/i0.wp.com\/elgeneracionalpost.com\/wp-content\/uploads\/2018\/11\/img_4719.jpg?fit=696,928&ssl=1\" \/>\n<meta name=\"author\" content=\"admin\" \/>\n<meta name=\"twitter:card\" content=\"summary_large_image\" \/>\n<meta name=\"twitter:image\" content=\"https:\/\/i0.wp.com\/elgeneracionalpost.com\/wp-content\/uploads\/2018\/11\/img_4719.jpg?fit=696,928&ssl=1\" \/>\n<meta name=\"twitter:label1\" content=\"Scritto da\" \/>\n\t<meta name=\"twitter:data1\" content=\"admin\" \/>\n\t<meta name=\"twitter:label2\" content=\"Tempo di lettura stimato\" \/>\n\t<meta name=\"twitter:data2\" content=\"1 minuto\" \/>\n<script type=\"application\/ld+json\" class=\"yoast-schema-graph\">{\"@context\":\"https:\\\/\\\/schema.org\",\"@graph\":[{\"@type\":\"Article\",\"@id\":\"https:\\\/\\\/tirinha.com\\\/1047\\\/a-associacao-espanhola-de-pintores-e-escultores-chega-ao-el-retiro\\\/#article\",\"isPartOf\":{\"@id\":\"https:\\\/\\\/tirinha.com\\\/1047\\\/a-associacao-espanhola-de-pintores-e-escultores-chega-ao-el-retiro\\\/\"},\"author\":{\"name\":\"admin\",\"@id\":\"https:\\\/\\\/tirinha.com\\\/#\\\/schema\\\/person\\\/e22bdfbe17e0461f7e927e6a1208d4d9\"},\"headline\":\"A Associa\u00e7\u00e3o Espanhola de Pintores e Escultores chega ao El Retiro\",\"datePublished\":\"2023-04-04T19:28:02+00:00\",\"mainEntityOfPage\":{\"@id\":\"https:\\\/\\\/tirinha.com\\\/1047\\\/a-associacao-espanhola-de-pintores-e-escultores-chega-ao-el-retiro\\\/\"},\"wordCount\":298,\"commentCount\":0,\"publisher\":{\"@id\":\"https:\\\/\\\/tirinha.com\\\/#organization\"},\"image\":{\"@id\":\"https:\\\/\\\/tirinha.com\\\/1047\\\/a-associacao-espanhola-de-pintores-e-escultores-chega-ao-el-retiro\\\/#primaryimage\"},\"thumbnailUrl\":\"https:\\\/\\\/i0.wp.com\\\/elgeneracionalpost.com\\\/wp-content\\\/uploads\\\/2018\\\/11\\\/img_4719.jpg?fit=696,928&ssl=1\",\"articleSection\":[\"Cultura e lazer\"],\"inLanguage\":\"it-IT\",\"potentialAction\":[{\"@type\":\"CommentAction\",\"name\":\"Comment\",\"target\":[\"https:\\\/\\\/tirinha.com\\\/1047\\\/a-associacao-espanhola-de-pintores-e-escultores-chega-ao-el-retiro\\\/#respond\"]}]},{\"@type\":\"WebPage\",\"@id\":\"https:\\\/\\\/tirinha.com\\\/1047\\\/a-associacao-espanhola-de-pintores-e-escultores-chega-ao-el-retiro\\\/\",\"url\":\"https:\\\/\\\/tirinha.com\\\/1047\\\/a-associacao-espanhola-de-pintores-e-escultores-chega-ao-el-retiro\\\/\",\"name\":\"A Associa\u00e7\u00e3o Espanhola de Pintores e Escultores chega ao El Retiro - Tirinha.com\",\"isPartOf\":{\"@id\":\"https:\\\/\\\/tirinha.com\\\/#website\"},\"primaryImageOfPage\":{\"@id\":\"https:\\\/\\\/tirinha.com\\\/1047\\\/a-associacao-espanhola-de-pintores-e-escultores-chega-ao-el-retiro\\\/#primaryimage\"},\"image\":{\"@id\":\"https:\\\/\\\/tirinha.com\\\/1047\\\/a-associacao-espanhola-de-pintores-e-escultores-chega-ao-el-retiro\\\/#primaryimage\"},\"thumbnailUrl\":\"https:\\\/\\\/i0.wp.com\\\/elgeneracionalpost.com\\\/wp-content\\\/uploads\\\/2018\\\/11\\\/img_4719.jpg?fit=696,928&ssl=1\",\"datePublished\":\"2023-04-04T19:28:02+00:00\",\"breadcrumb\":{\"@id\":\"https:\\\/\\\/tirinha.com\\\/1047\\\/a-associacao-espanhola-de-pintores-e-escultores-chega-ao-el-retiro\\\/#breadcrumb\"},\"inLanguage\":\"it-IT\",\"potentialAction\":[{\"@type\":\"ReadAction\",\"target\":[\"https:\\\/\\\/tirinha.com\\\/1047\\\/a-associacao-espanhola-de-pintores-e-escultores-chega-ao-el-retiro\\\/\"]}]},{\"@type\":\"ImageObject\",\"inLanguage\":\"it-IT\",\"@id\":\"https:\\\/\\\/tirinha.com\\\/1047\\\/a-associacao-espanhola-de-pintores-e-escultores-chega-ao-el-retiro\\\/#primaryimage\",\"url\":\"https:\\\/\\\/i0.wp.com\\\/elgeneracionalpost.com\\\/wp-content\\\/uploads\\\/2018\\\/11\\\/img_4719.jpg?fit=696,928&ssl=1\",\"contentUrl\":\"https:\\\/\\\/i0.wp.com\\\/elgeneracionalpost.com\\\/wp-content\\\/uploads\\\/2018\\\/11\\\/img_4719.jpg?fit=696,928&ssl=1\"},{\"@type\":\"BreadcrumbList\",\"@id\":\"https:\\\/\\\/tirinha.com\\\/1047\\\/a-associacao-espanhola-de-pintores-e-escultores-chega-ao-el-retiro\\\/#breadcrumb\",\"itemListElement\":[{\"@type\":\"ListItem\",\"position\":1,\"name\":\"Home\",\"item\":\"https:\\\/\\\/tirinha.com\\\/\"},{\"@type\":\"ListItem\",\"position\":2,\"name\":\"A Associa\u00e7\u00e3o Espanhola de Pintores e Escultores chega ao El Retiro\"}]},{\"@type\":\"WebSite\",\"@id\":\"https:\\\/\\\/tirinha.com\\\/#website\",\"url\":\"https:\\\/\\\/tirinha.com\\\/\",\"name\":\"Tirinha.com\",\"description\":\"Arte e livros resenhas\",\"publisher\":{\"@id\":\"https:\\\/\\\/tirinha.com\\\/#organization\"},\"potentialAction\":[{\"@type\":\"SearchAction\",\"target\":{\"@type\":\"EntryPoint\",\"urlTemplate\":\"https:\\\/\\\/tirinha.com\\\/?s={search_term_string}\"},\"query-input\":{\"@type\":\"PropertyValueSpecification\",\"valueRequired\":true,\"valueName\":\"search_term_string\"}}],\"inLanguage\":\"it-IT\"},{\"@type\":\"Organization\",\"@id\":\"https:\\\/\\\/tirinha.com\\\/#organization\",\"name\":\"Tirinha.com\",\"url\":\"https:\\\/\\\/tirinha.com\\\/\",\"logo\":{\"@type\":\"ImageObject\",\"inLanguage\":\"it-IT\",\"@id\":\"https:\\\/\\\/tirinha.com\\\/#\\\/schema\\\/logo\\\/image\\\/\",\"url\":\"https:\\\/\\\/tirinha.com\\\/wp-content\\\/uploads\\\/2023\\\/08\\\/cropped-Logo-Tirinha.webp\",\"contentUrl\":\"https:\\\/\\\/tirinha.com\\\/wp-content\\\/uploads\\\/2023\\\/08\\\/cropped-Logo-Tirinha.webp\",\"width\":512,\"height\":512,\"caption\":\"Tirinha.com\"},\"image\":{\"@id\":\"https:\\\/\\\/tirinha.com\\\/#\\\/schema\\\/logo\\\/image\\\/\"}},{\"@type\":\"Person\",\"@id\":\"https:\\\/\\\/tirinha.com\\\/#\\\/schema\\\/person\\\/e22bdfbe17e0461f7e927e6a1208d4d9\",\"name\":\"admin\",\"image\":{\"@type\":\"ImageObject\",\"inLanguage\":\"it-IT\",\"@id\":\"https:\\\/\\\/tirinha.com\\\/wp-content\\\/litespeed\\\/avatar\\\/d0068f7931cc87d7274eb0c3db1deb4b.jpg?ver=1776829466\",\"url\":\"https:\\\/\\\/tirinha.com\\\/wp-content\\\/litespeed\\\/avatar\\\/d0068f7931cc87d7274eb0c3db1deb4b.jpg?ver=1776829466\",\"contentUrl\":\"https:\\\/\\\/tirinha.com\\\/wp-content\\\/litespeed\\\/avatar\\\/d0068f7931cc87d7274eb0c3db1deb4b.jpg?ver=1776829466\",\"caption\":\"admin\"},\"sameAs\":[\"https:\\\/\\\/tirinha.com\"],\"url\":\"https:\\\/\\\/tirinha.com\\\/it\\\/author\\\/admin\\\/\"}]}<\/script>\n<!-- \/ Yoast SEO plugin. -->","yoast_head_json":{"title":"L&#039;Associazione Spagnola di Pittori e Scultori arriva a El Retiro - Tirinha.com","robots":{"index":"index","follow":"follow","max-snippet":"max-snippet:-1","max-image-preview":"max-image-preview:large","max-video-preview":"max-video-preview:-1"},"canonical":"https:\/\/tirinha.com\/it\/1047\/lassociazione-spagnola-dei-pittori-e-degli-scultori-arriva-al-retiro\/","og_locale":"it_IT","og_type":"article","og_title":"A Associa\u00e7\u00e3o Espanhola de Pintores e Escultores chega ao El Retiro - Tirinha.com","og_description":"O 85\u00ba anivers\u00e1rio do Sal\u00f3n de Oto\u00f1o acolher\u00e1 a AEPE at\u00e9 25 de novembro na Casa de Vacas do Parque &hellip;","og_url":"https:\/\/tirinha.com\/it\/1047\/lassociazione-spagnola-dei-pittori-e-degli-scultori-arriva-al-retiro\/","og_site_name":"Tirinha.com","article_published_time":"2023-04-04T19:28:02+00:00","og_image":[{"url":"https:\/\/i0.wp.com\/elgeneracionalpost.com\/wp-content\/uploads\/2018\/11\/img_4719.jpg?fit=696,928&ssl=1","type":"","width":"","height":""}],"author":"admin","twitter_card":"summary_large_image","twitter_image":"https:\/\/i0.wp.com\/elgeneracionalpost.com\/wp-content\/uploads\/2018\/11\/img_4719.jpg?fit=696,928&ssl=1","twitter_misc":{"Scritto da":"admin","Tempo di lettura stimato":"1 minuto"},"schema":{"@context":"https:\/\/schema.org","@graph":[{"@type":"Article","@id":"https:\/\/tirinha.com\/1047\/a-associacao-espanhola-de-pintores-e-escultores-chega-ao-el-retiro\/#article","isPartOf":{"@id":"https:\/\/tirinha.com\/1047\/a-associacao-espanhola-de-pintores-e-escultores-chega-ao-el-retiro\/"},"author":{"name":"admin","@id":"https:\/\/tirinha.com\/#\/schema\/person\/e22bdfbe17e0461f7e927e6a1208d4d9"},"headline":"A Associa\u00e7\u00e3o Espanhola de Pintores e Escultores chega ao El Retiro","datePublished":"2023-04-04T19:28:02+00:00","mainEntityOfPage":{"@id":"https:\/\/tirinha.com\/1047\/a-associacao-espanhola-de-pintores-e-escultores-chega-ao-el-retiro\/"},"wordCount":298,"commentCount":0,"publisher":{"@id":"https:\/\/tirinha.com\/#organization"},"image":{"@id":"https:\/\/tirinha.com\/1047\/a-associacao-espanhola-de-pintores-e-escultores-chega-ao-el-retiro\/#primaryimage"},"thumbnailUrl":"https:\/\/i0.wp.com\/elgeneracionalpost.com\/wp-content\/uploads\/2018\/11\/img_4719.jpg?fit=696,928&ssl=1","articleSection":["Cultura e lazer"],"inLanguage":"it-IT","potentialAction":[{"@type":"CommentAction","name":"Comment","target":["https:\/\/tirinha.com\/1047\/a-associacao-espanhola-de-pintores-e-escultores-chega-ao-el-retiro\/#respond"]}]},{"@type":"WebPage","@id":"https:\/\/tirinha.com\/1047\/a-associacao-espanhola-de-pintores-e-escultores-chega-ao-el-retiro\/","url":"https:\/\/tirinha.com\/1047\/a-associacao-espanhola-de-pintores-e-escultores-chega-ao-el-retiro\/","name":"L&#039;Associazione Spagnola di Pittori e Scultori arriva a El Retiro - Tirinha.com","isPartOf":{"@id":"https:\/\/tirinha.com\/#website"},"primaryImageOfPage":{"@id":"https:\/\/tirinha.com\/1047\/a-associacao-espanhola-de-pintores-e-escultores-chega-ao-el-retiro\/#primaryimage"},"image":{"@id":"https:\/\/tirinha.com\/1047\/a-associacao-espanhola-de-pintores-e-escultores-chega-ao-el-retiro\/#primaryimage"},"thumbnailUrl":"https:\/\/i0.wp.com\/elgeneracionalpost.com\/wp-content\/uploads\/2018\/11\/img_4719.jpg?fit=696,928&ssl=1","datePublished":"2023-04-04T19:28:02+00:00","breadcrumb":{"@id":"https:\/\/tirinha.com\/1047\/a-associacao-espanhola-de-pintores-e-escultores-chega-ao-el-retiro\/#breadcrumb"},"inLanguage":"it-IT","potentialAction":[{"@type":"ReadAction","target":["https:\/\/tirinha.com\/1047\/a-associacao-espanhola-de-pintores-e-escultores-chega-ao-el-retiro\/"]}]},{"@type":"ImageObject","inLanguage":"it-IT","@id":"https:\/\/tirinha.com\/1047\/a-associacao-espanhola-de-pintores-e-escultores-chega-ao-el-retiro\/#primaryimage","url":"https:\/\/i0.wp.com\/elgeneracionalpost.com\/wp-content\/uploads\/2018\/11\/img_4719.jpg?fit=696,928&ssl=1","contentUrl":"https:\/\/i0.wp.com\/elgeneracionalpost.com\/wp-content\/uploads\/2018\/11\/img_4719.jpg?fit=696,928&ssl=1"},{"@type":"BreadcrumbList","@id":"https:\/\/tirinha.com\/1047\/a-associacao-espanhola-de-pintores-e-escultores-chega-ao-el-retiro\/#breadcrumb","itemListElement":[{"@type":"ListItem","position":1,"name":"Home","item":"https:\/\/tirinha.com\/"},{"@type":"ListItem","position":2,"name":"A Associa\u00e7\u00e3o Espanhola de Pintores e Escultores chega ao El Retiro"}]},{"@type":"WebSite","@id":"https:\/\/tirinha.com\/#website","url":"https:\/\/tirinha.com\/","name":"Fumetto.com","description":"Recensioni di arte e libri","publisher":{"@id":"https:\/\/tirinha.com\/#organization"},"potentialAction":[{"@type":"SearchAction","target":{"@type":"EntryPoint","urlTemplate":"https:\/\/tirinha.com\/?s={search_term_string}"},"query-input":{"@type":"PropertyValueSpecification","valueRequired":true,"valueName":"search_term_string"}}],"inLanguage":"it-IT"},{"@type":"Organization","@id":"https:\/\/tirinha.com\/#organization","name":"Fumetto.com","url":"https:\/\/tirinha.com\/","logo":{"@type":"ImageObject","inLanguage":"it-IT","@id":"https:\/\/tirinha.com\/#\/schema\/logo\/image\/","url":"https:\/\/tirinha.com\/wp-content\/uploads\/2023\/08\/cropped-Logo-Tirinha.webp","contentUrl":"https:\/\/tirinha.com\/wp-content\/uploads\/2023\/08\/cropped-Logo-Tirinha.webp","width":512,"height":512,"caption":"Tirinha.com"},"image":{"@id":"https:\/\/tirinha.com\/#\/schema\/logo\/image\/"}},{"@type":"Person","@id":"https:\/\/tirinha.com\/#\/schema\/person\/e22bdfbe17e0461f7e927e6a1208d4d9","name":"amministratore","image":{"@type":"ImageObject","inLanguage":"it-IT","@id":"https:\/\/tirinha.com\/wp-content\/litespeed\/avatar\/d0068f7931cc87d7274eb0c3db1deb4b.jpg?ver=1776829466","url":"https:\/\/tirinha.com\/wp-content\/litespeed\/avatar\/d0068f7931cc87d7274eb0c3db1deb4b.jpg?ver=1776829466","contentUrl":"https:\/\/tirinha.com\/wp-content\/litespeed\/avatar\/d0068f7931cc87d7274eb0c3db1deb4b.jpg?ver=1776829466","caption":"admin"},"sameAs":["https:\/\/tirinha.com"],"url":"https:\/\/tirinha.com\/it\/author\/admin\/"}]}},"_links":{"self":[{"href":"https:\/\/tirinha.com\/it\/wp-json\/wp\/v2\/posts\/1047","targetHints":{"allow":["GET"]}}],"collection":[{"href":"https:\/\/tirinha.com\/it\/wp-json\/wp\/v2\/posts"}],"about":[{"href":"https:\/\/tirinha.com\/it\/wp-json\/wp\/v2\/types\/post"}],"author":[{"embeddable":true,"href":"https:\/\/tirinha.com\/it\/wp-json\/wp\/v2\/users\/1"}],"replies":[{"embeddable":true,"href":"https:\/\/tirinha.com\/it\/wp-json\/wp\/v2\/comments?post=1047"}],"version-history":[{"count":0,"href":"https:\/\/tirinha.com\/it\/wp-json\/wp\/v2\/posts\/1047\/revisions"}],"wp:featuredmedia":[{"embeddable":true,"href":"https:\/\/tirinha.com\/it\/wp-json\/wp\/v2\/media\/1048"}],"wp:attachment":[{"href":"https:\/\/tirinha.com\/it\/wp-json\/wp\/v2\/media?parent=1047"}],"wp:term":[{"taxonomy":"category","embeddable":true,"href":"https:\/\/tirinha.com\/it\/wp-json\/wp\/v2\/categories?post=1047"},{"taxonomy":"post_tag","embeddable":true,"href":"https:\/\/tirinha.com\/it\/wp-json\/wp\/v2\/tags?post=1047"}],"curies":[{"name":"parola chiave","href":"https:\/\/api.w.org\/{rel}","templated":true}]}}