{"id":1023,"date":"2023-04-04T02:19:57","date_gmt":"2023-04-04T02:19:57","guid":{"rendered":"https:\/\/tirinha.com\/entrevista-daniel-sanchez-eg-o-jornal-digital-noticias-presente\/"},"modified":"2023-04-04T02:19:57","modified_gmt":"2023-04-04T02:19:57","slug":"intervista-a-daniel-sanchez-eg-il-quotidiano-digitale-attualita","status":"publish","type":"post","link":"https:\/\/tirinha.com\/it\/1023\/entrevista-daniel-sanchez-eg-o-jornal-digital-noticias-presente\/","title":{"rendered":"Intervista Daniel S\u00e1nchez \u2013 EG. Il giornale digitale. Notizia. Presente"},"content":{"rendered":"<p><\/p>\n<div>\n<h2><span style=\"color: #333300;\"><em>E a gennaio, la primavera<\/em> \u00e8 la prima raccolta di poesie di Daniel, un giovane appassionato di scrittura e amore<\/span><\/h2>\n<p>Daniel S\u00e1nchez, conosciuto anche come \u201cEl ba\u00fal de las vidas\u201d su Instagram, ha pubblicato il 18 ottobre il suo primo libro di poesie con l&#039;etichetta Postdata Ediciones. Il libro \u00e8 composto da 80 poesie racchiuse in un messaggio ottimista e pieno di speranza sulla vita. Daniel, nell&#039;intervista rilasciata a El Generacional, ha mostrato il suo lato pi\u00f9 personale, sincero ed emotivo.<\/p>\n<p><strong>Chiedere. Come descriveresti il libro? E tu?<\/strong><\/p>\n<p><strong>Per rispondere. <\/strong>Il libro \u00e8 un susseguirsi di esperienze e paure, sempre circondate dalla speranza. Lasciamo spazio al sentimento di speranza che solitamente non abbandoniamo mai. Per quanto mi riguarda, mi considero una persona molto sensibile che, come il mio libro, non perde mai la speranza perch\u00e9 cerco sempre di pensare che, alla fine, quasi tutto pu\u00f2 andare per il meglio. Ora sono grato di non aver perso la speranza di pubblicare un libro perch\u00e9, in quel caso, non avrei pubblicato nulla.<\/p>\n<p><strong>Q. <\/strong><strong>Cosa cerchi di trasmettere con i tuoi versi?<\/strong><\/p>\n<p><strong>UN.<\/strong> Di solito esprimo amore o dolore. Tuttavia, in questo libro, essendo una lettera introduttiva al mondo della poesia, ho voluto mostrare un po&#039; del mio modo di pensare.<\/p>\n<p><img fetchpriority=\"high\" data-attachment-id=\"172\" data-permalink=\"https:\/\/elgeneracionalpost.com\/cultura\/2018\/1113\/167\/daniel-sanchez-las-penas-tambien-terminan-floreciendo.html\/attachment\/43462007_300744174099606_1512972206852987954_n\" data-orig-file=\"https:\/\/i0.wp.com\/elgeneracionalpost.com\/wp-content\/uploads\/2018\/11\/43462007_300744174099606_1512972206852987954_n-e1542048035419.jpg?fit=608%2C520&amp;ssl=1\" data-orig-size=\"608,520\" data-comments-opened=\"1\" data-image-meta=\"{&quot;aperture&quot;:&quot;0&quot;,&quot;credit&quot;:&quot;&quot;,&quot;camera&quot;:&quot;&quot;,&quot;caption&quot;:&quot;&quot;,&quot;created_timestamp&quot;:&quot;0&quot;,&quot;copyright&quot;:&quot;&quot;,&quot;focal_length&quot;:&quot;0&quot;,&quot;iso&quot;:&quot;0&quot;,&quot;shutter_speed&quot;:&quot;0&quot;,&quot;title&quot;:&quot;&quot;,&quot;orientation&quot;:&quot;0&quot;}\" data-image-title=\"43462007_300744174099606_1512972206852987954_n\" data-image-description=\"\" data-image-caption=\"\" data-medium-file=\"https:\/\/i0.wp.com\/elgeneracionalpost.com\/wp-content\/uploads\/2018\/11\/43462007_300744174099606_1512972206852987954_n-e1542048035419.jpg?fit=300%2C257&amp;ssl=1\" data-large-file=\"https:\/\/i0.wp.com\/elgeneracionalpost.com\/wp-content\/uploads\/2018\/11\/43462007_300744174099606_1512972206852987954_n-e1542048035419.jpg?fit=608%2C520&amp;ssl=1\" decoding=\"async\" class=\"wp-image-172 aligncenter jetpack-lazy-image\" src=\"https:\/\/i0.wp.com\/elgeneracionalpost.com\/wp-content\/uploads\/2018\/11\/43462007_300744174099606_1512972206852987954_n-e1542048035419.jpg?resize=393%2C336&amp;ssl=1\" alt=\"43462007_300744174099606_1512972206852987954_n\" width=\"393\" height=\"336\" data-recalc-dims=\"1\" data-lazy-src=\"https:\/\/i0.wp.com\/elgeneracionalpost.com\/wp-content\/uploads\/2018\/11\/43462007_300744174099606_1512972206852987954_n-e1542048035419.jpg?resize=393%2C336&amp;is-pending-load=1#038;ssl=1\" srcset=\"data:image\/gif;base64,R0lGODlhAQABAIAAAAAAAP\/\/\/yH5BAEAAAAALAAAAAABAAEAAAIBRAA7\"\/><noscript><img data-lazy-fallback=\"1\" data-attachment-id=\"172\" data-permalink=\"https:\/\/elgeneracionalpost.com\/cultura\/2018\/1113\/167\/daniel-sanchez-las-penas-tambien-terminan-floreciendo.html\/attachment\/43462007_300744174099606_1512972206852987954_n\" data-orig-file=\"https:\/\/i0.wp.com\/elgeneracionalpost.com\/wp-content\/uploads\/2018\/11\/43462007_300744174099606_1512972206852987954_n-e1542048035419.jpg?fit=608%2C520&amp;ssl=1\" data-orig-size=\"608,520\" data-comments-opened=\"1\" data-image-meta=\"{&quot;aperture&quot;:&quot;0&quot;,&quot;credit&quot;:&quot;&quot;,&quot;camera&quot;:&quot;&quot;,&quot;caption&quot;:&quot;&quot;,&quot;created_timestamp&quot;:&quot;0&quot;,&quot;copyright&quot;:&quot;&quot;,&quot;focal_length&quot;:&quot;0&quot;,&quot;iso&quot;:&quot;0&quot;,&quot;shutter_speed&quot;:&quot;0&quot;,&quot;title&quot;:&quot;&quot;,&quot;orientation&quot;:&quot;0&quot;}\" data-image-title=\"43462007_300744174099606_1512972206852987954_n\" data-image-description=\"\" data-image-caption=\"\" data-medium-file=\"https:\/\/i0.wp.com\/elgeneracionalpost.com\/wp-content\/uploads\/2018\/11\/43462007_300744174099606_1512972206852987954_n-e1542048035419.jpg?fit=300%2C257&amp;ssl=1\" data-large-file=\"https:\/\/i0.wp.com\/elgeneracionalpost.com\/wp-content\/uploads\/2018\/11\/43462007_300744174099606_1512972206852987954_n-e1542048035419.jpg?fit=608%2C520&amp;ssl=1\" decoding=\"async\" class=\"wp-image-172 aligncenter\" src=\"https:\/\/i0.wp.com\/elgeneracionalpost.com\/wp-content\/uploads\/2018\/11\/43462007_300744174099606_1512972206852987954_n-e1542048035419.jpg?resize=393%2C336&amp;ssl=1\" alt=\"43462007_300744174099606_1512972206852987954_n\" width=\"393\" height=\"336\" data-recalc-dims=\"1\"\/><\/noscript><\/p>\n<p><strong>Q. <\/strong><strong>Riesci a vedere l&#039;idea delle tue poesie riflessa nell&#039;illustrazione?<\/strong><\/p>\n<p><strong>UN. <\/strong>Completamente. \u00c8 esattamente quello che volevo e con i simboli che volevo. \u00c8 un uomo nudo e vulnerabile in cui la primavera sboccia e si ricopre.<\/p>\n<p><strong>Q. <\/strong><strong>Che ruolo gioca la primavera nella tua vita?<\/strong><\/p>\n<p><strong>UN. <\/strong>Per me la primavera in senso letterario \u00e8 una metafora della rinascita. In altre parole, voglio credere, ed \u00e8 ci\u00f2 su cui ho riflettuto, che anche i dolori finiscono per sbocciare.<\/p>\n<p><strong>Q. <\/strong><strong>Di recente hai detto che questo non \u00e8 l&#039;unico libro che hai scritto. Perch\u00e9 hai deciso di pubblicare questo e non un altro?<\/strong><\/p>\n<p><strong>UN. <\/strong>Bene, ho deciso che il primo che ho scritto non era molto ben rifinito e ho preferito tenerlo per me. Questo \u00e8 stato il secondo che ho scritto, ma il primo a essere pubblicato. C&#039;\u00e8 anche un terzo libro che voglio conservare per dopo. Ho deciso di postare <em>E a gennaio, la primavera<\/em> perch\u00e9 in questa raccolta di poesie ho rispecchiato chi sono e, come ho detto, \u00e8 anche una lettera di presentazione al mondo letterario.<\/p>\n<p><strong>Q. <\/strong><strong>Hai vissuto a Parigi per un anno. Il tuo soggiorno nella capitale francese si riflette nel libro?<\/strong><\/p>\n<p><strong>UN. <\/strong>In questo libro non \u00e8 riportata la mia esperienza parigina perch\u00e9 in quel periodo stavo scrivendo il primo.<\/p>\n<p><strong>D. L&#039;editore con cui pubblichi i tuoi lavori \u00e8 in attivit\u00e0 da poco tempo. Come \u00e8 avvenuto il processo di pubblicazione del libro?<\/strong><\/p>\n<p><strong>UN. <\/strong>Beh, \u00e8 stato molto positivo. Mi \u00e8 piaciuto molto perch\u00e9 tutto ci\u00f2 che desideravo e che avevo in mente \u00e8 stato raggiunto e realizzato. Inoltre, il risultato finale mi \u00e8 piaciuto moltissimo.<\/p>\n<p><strong>Q. <\/strong><strong>Quando la prima edizione \u00e8 arrivata a casa tua, come ti sei sentito?<\/strong><\/p>\n<p><strong>UN. <\/strong>Quando il mio editore mi ha inviato le foto del libro finito, ho pianto. Era inevitabile. Il libro \u00e8 arrivato a casa di un&#039;amica prima di me, cos\u00ec sono uscito per strada e ho visto la borsa, sono corso da lei per chiederle se aveva dei pacchi. Quando li ho ricevuti ero cos\u00ec emozionata che non sono riuscita a smettere di sorridere per tutto il giorno. \u00c8 un&#039;esperienza che non dimenticher\u00f2 mai. Ora spero solo che sia uno dei tanti.<\/p>\n<p><strong>D. Come \u00e8 nato il nome &quot;The Chest of Lives&quot;?<\/strong><\/p>\n<p><strong>UN. <\/strong>Be&#039;, mi sono sempre piaciuti i bauli e ne avevo diversi in casa. Mentre pensavo al nome del mio blog, ho visto un piccolo scrigno sulla mia scrivania e mi \u00e8 venuto in mente. \u00c8 anche una metafora: il mio blog \u00e8 una specie di scrigno che contiene le mie esperienze, ma queste esperienze si riflettono anche nella vita di altre persone, da qui il nome.<\/p>\n<p><strong>D. In una delle tue poesie possiamo leggere: &quot;La vita \u00e8 ci\u00f2 che accade finch\u00e9 ci rimane il desiderio&quot;. Ti \u00e8 mai capitato di perdere l&#039;opportunit\u00e0 di realizzare un sogno a causa della paura?<\/strong><\/p>\n<p><strong>UN. <\/strong>Beh, forse avrei fatto molte cose se la paura non mi avesse fermato. Sarei andato all&#039;estero prima o pi\u00f9 spesso. Avrei iniziato a scrivere come faccio ora molto prima, avrei confessato cose che non ho confessato fino ad ora. E devo dire che quando il libro \u00e8 uscito avevo molta paura di essere rifiutato e di fallire. Adesso sono molto emozionato. Non so cosa succeder\u00e0, ma il sorriso che mi appare sul viso quando vedo il libro \u00e8 impagabile.<\/p>\n<div class=\"sharedaddy sd-block sd-like jetpack-likes-widget-wrapper jetpack-likes-widget-unloaded\" id=\"like-post-wrapper-153844979-167-642b894c57228\" data-src=\"https:\/\/widgets.wp.com\/likes\/#blog_id=153844979&amp;post_id=167&amp;origin=elgeneracionalpost.com&amp;obj_id=153844979-167-642b894c57228\" data-name=\"like-post-frame-153844979-167-642b894c57228\" data-title=\"Me gusta o Compartir\">\n<h3 class=\"sd-title\">Mi piace questa:<\/h3>\n<p><span class=\"button\"><span>Mi piace<\/span><\/span> <span class=\"loading\">Caricamento\u2026<\/span><\/p>\n<p><span class=\"sd-text-color\"\/><\/div>\n<p><h3 class=\"jp-relatedposts-headline\"><em>Imparentato<\/em><\/h3>\n<\/p>\n<\/div>\n<p><script async defer src=\"https:\/\/platform.instagram.com\/en_US\/embeds.js\"><\/script><\/p>","protected":false},"excerpt":{"rendered":"<p>E em janeiro, primavera \u00e9 a primeira colet\u00e2nea de poemas de Daniel, um jovem apaixonado pela escrita e pelo amor &hellip; <\/p>","protected":false},"author":1,"featured_media":1024,"comment_status":"open","ping_status":"open","sticky":false,"template":"","format":"standard","meta":{"fifu_image_url":"https:\/\/elgeneracionalpost.com\/wp-content\/uploads\/2018\/11\/45404530_506604343175754_4213497700853069171_n1.jpg","fifu_image_alt":"","footnotes":""},"categories":[35],"tags":[],"class_list":["post-1023","post","type-post","status-publish","format-standard","has-post-thumbnail","hentry","category-cultura-e-lazer","latest_post"],"yoast_head":"<!-- This site is optimized with the Yoast SEO plugin v27.3 - https:\/\/yoast.com\/product\/yoast-seo-wordpress\/ -->\n<title>Entrevista Daniel S\u00e1nchez - EG. O jornal digital. Not\u00edcias. Presente - Tirinha.com<\/title>\n<meta name=\"robots\" content=\"index, follow, max-snippet:-1, max-image-preview:large, max-video-preview:-1\" \/>\n<link rel=\"canonical\" href=\"https:\/\/tirinha.com\/it\/1023\/intervista-a-daniel-sanchez-eg-il-quotidiano-digitale-attualita\/\" \/>\n<meta property=\"og:locale\" content=\"it_IT\" \/>\n<meta property=\"og:type\" content=\"article\" \/>\n<meta property=\"og:title\" content=\"Entrevista Daniel S\u00e1nchez - EG. O jornal digital. Not\u00edcias. Presente - Tirinha.com\" \/>\n<meta property=\"og:description\" content=\"E em janeiro, primavera \u00e9 a primeira colet\u00e2nea de poemas de Daniel, um jovem apaixonado pela escrita e pelo amor &hellip;\" \/>\n<meta property=\"og:url\" content=\"https:\/\/tirinha.com\/it\/1023\/intervista-a-daniel-sanchez-eg-il-quotidiano-digitale-attualita\/\" \/>\n<meta property=\"og:site_name\" content=\"Tirinha.com\" \/>\n<meta property=\"article:published_time\" content=\"2023-04-04T02:19:57+00:00\" \/>\n<meta property=\"og:image\" content=\"https:\/\/elgeneracionalpost.com\/wp-content\/uploads\/2018\/11\/45404530_506604343175754_4213497700853069171_n1.jpg\" \/>\n<meta name=\"author\" content=\"admin\" \/>\n<meta name=\"twitter:card\" content=\"summary_large_image\" \/>\n<meta name=\"twitter:image\" content=\"https:\/\/elgeneracionalpost.com\/wp-content\/uploads\/2018\/11\/45404530_506604343175754_4213497700853069171_n1.jpg\" \/>\n<meta name=\"twitter:label1\" content=\"Scritto da\" \/>\n\t<meta name=\"twitter:data1\" content=\"admin\" \/>\n\t<meta name=\"twitter:label2\" content=\"Tempo di lettura stimato\" \/>\n\t<meta name=\"twitter:data2\" content=\"4 minuti\" \/>\n<script type=\"application\/ld+json\" class=\"yoast-schema-graph\">{\"@context\":\"https:\\\/\\\/schema.org\",\"@graph\":[{\"@type\":\"Article\",\"@id\":\"https:\\\/\\\/tirinha.com\\\/1023\\\/entrevista-daniel-sanchez-eg-o-jornal-digital-noticias-presente\\\/#article\",\"isPartOf\":{\"@id\":\"https:\\\/\\\/tirinha.com\\\/1023\\\/entrevista-daniel-sanchez-eg-o-jornal-digital-noticias-presente\\\/\"},\"author\":{\"name\":\"admin\",\"@id\":\"https:\\\/\\\/tirinha.com\\\/#\\\/schema\\\/person\\\/e22bdfbe17e0461f7e927e6a1208d4d9\"},\"headline\":\"Entrevista Daniel S\u00e1nchez &#8211; EG. O jornal digital. Not\u00edcias. Presente\",\"datePublished\":\"2023-04-04T02:19:57+00:00\",\"mainEntityOfPage\":{\"@id\":\"https:\\\/\\\/tirinha.com\\\/1023\\\/entrevista-daniel-sanchez-eg-o-jornal-digital-noticias-presente\\\/\"},\"wordCount\":784,\"commentCount\":0,\"publisher\":{\"@id\":\"https:\\\/\\\/tirinha.com\\\/#organization\"},\"image\":{\"@id\":\"https:\\\/\\\/tirinha.com\\\/1023\\\/entrevista-daniel-sanchez-eg-o-jornal-digital-noticias-presente\\\/#primaryimage\"},\"thumbnailUrl\":\"https:\\\/\\\/elgeneracionalpost.com\\\/wp-content\\\/uploads\\\/2018\\\/11\\\/45404530_506604343175754_4213497700853069171_n1.jpg\",\"articleSection\":[\"Cultura e lazer\"],\"inLanguage\":\"it-IT\",\"potentialAction\":[{\"@type\":\"CommentAction\",\"name\":\"Comment\",\"target\":[\"https:\\\/\\\/tirinha.com\\\/1023\\\/entrevista-daniel-sanchez-eg-o-jornal-digital-noticias-presente\\\/#respond\"]}]},{\"@type\":\"WebPage\",\"@id\":\"https:\\\/\\\/tirinha.com\\\/1023\\\/entrevista-daniel-sanchez-eg-o-jornal-digital-noticias-presente\\\/\",\"url\":\"https:\\\/\\\/tirinha.com\\\/1023\\\/entrevista-daniel-sanchez-eg-o-jornal-digital-noticias-presente\\\/\",\"name\":\"Entrevista Daniel S\u00e1nchez - EG. O jornal digital. Not\u00edcias. Presente - Tirinha.com\",\"isPartOf\":{\"@id\":\"https:\\\/\\\/tirinha.com\\\/#website\"},\"primaryImageOfPage\":{\"@id\":\"https:\\\/\\\/tirinha.com\\\/1023\\\/entrevista-daniel-sanchez-eg-o-jornal-digital-noticias-presente\\\/#primaryimage\"},\"image\":{\"@id\":\"https:\\\/\\\/tirinha.com\\\/1023\\\/entrevista-daniel-sanchez-eg-o-jornal-digital-noticias-presente\\\/#primaryimage\"},\"thumbnailUrl\":\"https:\\\/\\\/elgeneracionalpost.com\\\/wp-content\\\/uploads\\\/2018\\\/11\\\/45404530_506604343175754_4213497700853069171_n1.jpg\",\"datePublished\":\"2023-04-04T02:19:57+00:00\",\"breadcrumb\":{\"@id\":\"https:\\\/\\\/tirinha.com\\\/1023\\\/entrevista-daniel-sanchez-eg-o-jornal-digital-noticias-presente\\\/#breadcrumb\"},\"inLanguage\":\"it-IT\",\"potentialAction\":[{\"@type\":\"ReadAction\",\"target\":[\"https:\\\/\\\/tirinha.com\\\/1023\\\/entrevista-daniel-sanchez-eg-o-jornal-digital-noticias-presente\\\/\"]}]},{\"@type\":\"ImageObject\",\"inLanguage\":\"it-IT\",\"@id\":\"https:\\\/\\\/tirinha.com\\\/1023\\\/entrevista-daniel-sanchez-eg-o-jornal-digital-noticias-presente\\\/#primaryimage\",\"url\":\"https:\\\/\\\/elgeneracionalpost.com\\\/wp-content\\\/uploads\\\/2018\\\/11\\\/45404530_506604343175754_4213497700853069171_n1.jpg\",\"contentUrl\":\"https:\\\/\\\/elgeneracionalpost.com\\\/wp-content\\\/uploads\\\/2018\\\/11\\\/45404530_506604343175754_4213497700853069171_n1.jpg\"},{\"@type\":\"BreadcrumbList\",\"@id\":\"https:\\\/\\\/tirinha.com\\\/1023\\\/entrevista-daniel-sanchez-eg-o-jornal-digital-noticias-presente\\\/#breadcrumb\",\"itemListElement\":[{\"@type\":\"ListItem\",\"position\":1,\"name\":\"Home\",\"item\":\"https:\\\/\\\/tirinha.com\\\/\"},{\"@type\":\"ListItem\",\"position\":2,\"name\":\"Entrevista Daniel S\u00e1nchez &#8211; EG. O jornal digital. Not\u00edcias. Presente\"}]},{\"@type\":\"WebSite\",\"@id\":\"https:\\\/\\\/tirinha.com\\\/#website\",\"url\":\"https:\\\/\\\/tirinha.com\\\/\",\"name\":\"Tirinha.com\",\"description\":\"Arte e livros resenhas\",\"publisher\":{\"@id\":\"https:\\\/\\\/tirinha.com\\\/#organization\"},\"potentialAction\":[{\"@type\":\"SearchAction\",\"target\":{\"@type\":\"EntryPoint\",\"urlTemplate\":\"https:\\\/\\\/tirinha.com\\\/?s={search_term_string}\"},\"query-input\":{\"@type\":\"PropertyValueSpecification\",\"valueRequired\":true,\"valueName\":\"search_term_string\"}}],\"inLanguage\":\"it-IT\"},{\"@type\":\"Organization\",\"@id\":\"https:\\\/\\\/tirinha.com\\\/#organization\",\"name\":\"Tirinha.com\",\"url\":\"https:\\\/\\\/tirinha.com\\\/\",\"logo\":{\"@type\":\"ImageObject\",\"inLanguage\":\"it-IT\",\"@id\":\"https:\\\/\\\/tirinha.com\\\/#\\\/schema\\\/logo\\\/image\\\/\",\"url\":\"https:\\\/\\\/tirinha.com\\\/wp-content\\\/uploads\\\/2023\\\/08\\\/cropped-Logo-Tirinha.webp\",\"contentUrl\":\"https:\\\/\\\/tirinha.com\\\/wp-content\\\/uploads\\\/2023\\\/08\\\/cropped-Logo-Tirinha.webp\",\"width\":512,\"height\":512,\"caption\":\"Tirinha.com\"},\"image\":{\"@id\":\"https:\\\/\\\/tirinha.com\\\/#\\\/schema\\\/logo\\\/image\\\/\"}},{\"@type\":\"Person\",\"@id\":\"https:\\\/\\\/tirinha.com\\\/#\\\/schema\\\/person\\\/e22bdfbe17e0461f7e927e6a1208d4d9\",\"name\":\"admin\",\"image\":{\"@type\":\"ImageObject\",\"inLanguage\":\"it-IT\",\"@id\":\"https:\\\/\\\/tirinha.com\\\/wp-content\\\/litespeed\\\/avatar\\\/d0068f7931cc87d7274eb0c3db1deb4b.jpg?ver=1776829466\",\"url\":\"https:\\\/\\\/tirinha.com\\\/wp-content\\\/litespeed\\\/avatar\\\/d0068f7931cc87d7274eb0c3db1deb4b.jpg?ver=1776829466\",\"contentUrl\":\"https:\\\/\\\/tirinha.com\\\/wp-content\\\/litespeed\\\/avatar\\\/d0068f7931cc87d7274eb0c3db1deb4b.jpg?ver=1776829466\",\"caption\":\"admin\"},\"sameAs\":[\"https:\\\/\\\/tirinha.com\"],\"url\":\"https:\\\/\\\/tirinha.com\\\/it\\\/author\\\/admin\\\/\"}]}<\/script>\n<!-- \/ Yoast SEO plugin. -->","yoast_head_json":{"title":"Intervista a Daniel S\u00e1nchez - EG. Il giornale digitale. Notizie. Presente - Tirinha.com","robots":{"index":"index","follow":"follow","max-snippet":"max-snippet:-1","max-image-preview":"max-image-preview:large","max-video-preview":"max-video-preview:-1"},"canonical":"https:\/\/tirinha.com\/it\/1023\/intervista-a-daniel-sanchez-eg-il-quotidiano-digitale-attualita\/","og_locale":"it_IT","og_type":"article","og_title":"Entrevista Daniel S\u00e1nchez - EG. O jornal digital. Not\u00edcias. Presente - Tirinha.com","og_description":"E em janeiro, primavera \u00e9 a primeira colet\u00e2nea de poemas de Daniel, um jovem apaixonado pela escrita e pelo amor &hellip;","og_url":"https:\/\/tirinha.com\/it\/1023\/intervista-a-daniel-sanchez-eg-il-quotidiano-digitale-attualita\/","og_site_name":"Tirinha.com","article_published_time":"2023-04-04T02:19:57+00:00","og_image":[{"url":"https:\/\/elgeneracionalpost.com\/wp-content\/uploads\/2018\/11\/45404530_506604343175754_4213497700853069171_n1.jpg","type":"","width":"","height":""}],"author":"admin","twitter_card":"summary_large_image","twitter_image":"https:\/\/elgeneracionalpost.com\/wp-content\/uploads\/2018\/11\/45404530_506604343175754_4213497700853069171_n1.jpg","twitter_misc":{"Scritto da":"admin","Tempo di lettura stimato":"4 minuti"},"schema":{"@context":"https:\/\/schema.org","@graph":[{"@type":"Article","@id":"https:\/\/tirinha.com\/1023\/entrevista-daniel-sanchez-eg-o-jornal-digital-noticias-presente\/#article","isPartOf":{"@id":"https:\/\/tirinha.com\/1023\/entrevista-daniel-sanchez-eg-o-jornal-digital-noticias-presente\/"},"author":{"name":"admin","@id":"https:\/\/tirinha.com\/#\/schema\/person\/e22bdfbe17e0461f7e927e6a1208d4d9"},"headline":"Entrevista Daniel S\u00e1nchez &#8211; EG. O jornal digital. Not\u00edcias. Presente","datePublished":"2023-04-04T02:19:57+00:00","mainEntityOfPage":{"@id":"https:\/\/tirinha.com\/1023\/entrevista-daniel-sanchez-eg-o-jornal-digital-noticias-presente\/"},"wordCount":784,"commentCount":0,"publisher":{"@id":"https:\/\/tirinha.com\/#organization"},"image":{"@id":"https:\/\/tirinha.com\/1023\/entrevista-daniel-sanchez-eg-o-jornal-digital-noticias-presente\/#primaryimage"},"thumbnailUrl":"https:\/\/elgeneracionalpost.com\/wp-content\/uploads\/2018\/11\/45404530_506604343175754_4213497700853069171_n1.jpg","articleSection":["Cultura e lazer"],"inLanguage":"it-IT","potentialAction":[{"@type":"CommentAction","name":"Comment","target":["https:\/\/tirinha.com\/1023\/entrevista-daniel-sanchez-eg-o-jornal-digital-noticias-presente\/#respond"]}]},{"@type":"WebPage","@id":"https:\/\/tirinha.com\/1023\/entrevista-daniel-sanchez-eg-o-jornal-digital-noticias-presente\/","url":"https:\/\/tirinha.com\/1023\/entrevista-daniel-sanchez-eg-o-jornal-digital-noticias-presente\/","name":"Intervista a Daniel S\u00e1nchez - EG. Il giornale digitale. Notizie. Presente - Tirinha.com","isPartOf":{"@id":"https:\/\/tirinha.com\/#website"},"primaryImageOfPage":{"@id":"https:\/\/tirinha.com\/1023\/entrevista-daniel-sanchez-eg-o-jornal-digital-noticias-presente\/#primaryimage"},"image":{"@id":"https:\/\/tirinha.com\/1023\/entrevista-daniel-sanchez-eg-o-jornal-digital-noticias-presente\/#primaryimage"},"thumbnailUrl":"https:\/\/elgeneracionalpost.com\/wp-content\/uploads\/2018\/11\/45404530_506604343175754_4213497700853069171_n1.jpg","datePublished":"2023-04-04T02:19:57+00:00","breadcrumb":{"@id":"https:\/\/tirinha.com\/1023\/entrevista-daniel-sanchez-eg-o-jornal-digital-noticias-presente\/#breadcrumb"},"inLanguage":"it-IT","potentialAction":[{"@type":"ReadAction","target":["https:\/\/tirinha.com\/1023\/entrevista-daniel-sanchez-eg-o-jornal-digital-noticias-presente\/"]}]},{"@type":"ImageObject","inLanguage":"it-IT","@id":"https:\/\/tirinha.com\/1023\/entrevista-daniel-sanchez-eg-o-jornal-digital-noticias-presente\/#primaryimage","url":"https:\/\/elgeneracionalpost.com\/wp-content\/uploads\/2018\/11\/45404530_506604343175754_4213497700853069171_n1.jpg","contentUrl":"https:\/\/elgeneracionalpost.com\/wp-content\/uploads\/2018\/11\/45404530_506604343175754_4213497700853069171_n1.jpg"},{"@type":"BreadcrumbList","@id":"https:\/\/tirinha.com\/1023\/entrevista-daniel-sanchez-eg-o-jornal-digital-noticias-presente\/#breadcrumb","itemListElement":[{"@type":"ListItem","position":1,"name":"Home","item":"https:\/\/tirinha.com\/"},{"@type":"ListItem","position":2,"name":"Entrevista Daniel S\u00e1nchez &#8211; EG. O jornal digital. Not\u00edcias. Presente"}]},{"@type":"WebSite","@id":"https:\/\/tirinha.com\/#website","url":"https:\/\/tirinha.com\/","name":"Fumetto.com","description":"Recensioni di arte e libri","publisher":{"@id":"https:\/\/tirinha.com\/#organization"},"potentialAction":[{"@type":"SearchAction","target":{"@type":"EntryPoint","urlTemplate":"https:\/\/tirinha.com\/?s={search_term_string}"},"query-input":{"@type":"PropertyValueSpecification","valueRequired":true,"valueName":"search_term_string"}}],"inLanguage":"it-IT"},{"@type":"Organization","@id":"https:\/\/tirinha.com\/#organization","name":"Fumetto.com","url":"https:\/\/tirinha.com\/","logo":{"@type":"ImageObject","inLanguage":"it-IT","@id":"https:\/\/tirinha.com\/#\/schema\/logo\/image\/","url":"https:\/\/tirinha.com\/wp-content\/uploads\/2023\/08\/cropped-Logo-Tirinha.webp","contentUrl":"https:\/\/tirinha.com\/wp-content\/uploads\/2023\/08\/cropped-Logo-Tirinha.webp","width":512,"height":512,"caption":"Tirinha.com"},"image":{"@id":"https:\/\/tirinha.com\/#\/schema\/logo\/image\/"}},{"@type":"Person","@id":"https:\/\/tirinha.com\/#\/schema\/person\/e22bdfbe17e0461f7e927e6a1208d4d9","name":"amministratore","image":{"@type":"ImageObject","inLanguage":"it-IT","@id":"https:\/\/tirinha.com\/wp-content\/litespeed\/avatar\/d0068f7931cc87d7274eb0c3db1deb4b.jpg?ver=1776829466","url":"https:\/\/tirinha.com\/wp-content\/litespeed\/avatar\/d0068f7931cc87d7274eb0c3db1deb4b.jpg?ver=1776829466","contentUrl":"https:\/\/tirinha.com\/wp-content\/litespeed\/avatar\/d0068f7931cc87d7274eb0c3db1deb4b.jpg?ver=1776829466","caption":"admin"},"sameAs":["https:\/\/tirinha.com"],"url":"https:\/\/tirinha.com\/it\/author\/admin\/"}]}},"_links":{"self":[{"href":"https:\/\/tirinha.com\/it\/wp-json\/wp\/v2\/posts\/1023","targetHints":{"allow":["GET"]}}],"collection":[{"href":"https:\/\/tirinha.com\/it\/wp-json\/wp\/v2\/posts"}],"about":[{"href":"https:\/\/tirinha.com\/it\/wp-json\/wp\/v2\/types\/post"}],"author":[{"embeddable":true,"href":"https:\/\/tirinha.com\/it\/wp-json\/wp\/v2\/users\/1"}],"replies":[{"embeddable":true,"href":"https:\/\/tirinha.com\/it\/wp-json\/wp\/v2\/comments?post=1023"}],"version-history":[{"count":0,"href":"https:\/\/tirinha.com\/it\/wp-json\/wp\/v2\/posts\/1023\/revisions"}],"wp:featuredmedia":[{"embeddable":true,"href":"https:\/\/tirinha.com\/it\/wp-json\/wp\/v2\/media\/1024"}],"wp:attachment":[{"href":"https:\/\/tirinha.com\/it\/wp-json\/wp\/v2\/media?parent=1023"}],"wp:term":[{"taxonomy":"category","embeddable":true,"href":"https:\/\/tirinha.com\/it\/wp-json\/wp\/v2\/categories?post=1023"},{"taxonomy":"post_tag","embeddable":true,"href":"https:\/\/tirinha.com\/it\/wp-json\/wp\/v2\/tags?post=1023"}],"curies":[{"name":"parola chiave","href":"https:\/\/api.w.org\/{rel}","templated":true}]}}