{"id":1003,"date":"2023-04-04T00:03:19","date_gmt":"2023-04-04T00:03:19","guid":{"rendered":"https:\/\/tirinha.com\/os-melhores-documentarios-sobre-o-mundo-da-moda\/"},"modified":"2023-04-04T00:03:19","modified_gmt":"2023-04-04T00:03:19","slug":"i-migliori-documentari-sul-mondo-della-moda","status":"publish","type":"post","link":"https:\/\/tirinha.com\/it\/1003\/os-melhores-documentarios-sobre-o-mundo-da-moda\/","title":{"rendered":"I migliori documentari sul mondo della moda"},"content":{"rendered":"<p><\/p>\n<div>\n<h2 class=\"post-subtitle\">Scopri il mondo della moda da un&#039;altra prospettiva<\/h2>\n<p><strong>Molte delle piattaforme in <em>trasmissione<\/em> Hanno scelto di avvicinare il mondo della moda alle persone attraverso i documentari. I temi pi\u00f9 ricorrenti sono le collezioni pi\u00f9 iconiche dei grandi marchi, la vita degli stilisti e degli influencer della moda o cosa succede dietro le quinte di ogni sfilata.<\/strong><\/p>\n<p>Ogni anno, i marchi e i loro direttori creativi presentano le loro collezioni primavera-estate e autunno-inverno sulle passerelle pi\u00f9 importanti, come la Paris Fashion Week, e si svolgono importanti eventi di moda, come il Met Gala (che ha un suo documentario <em>Il primo luned\u00ec di maggio<\/em>, il grande evento della moda, ma cosa si nasconde dietro ogni azienda o atto? Grazie ai seguenti documentari, potrete apprezzare questo settore da un altro punto di vista. Quindi, prendete dei popcorn e lasciatevi contagiare dal mondo della moda.<\/p>\n<figure id=\"attachment_83898\" aria-describedby=\"caption-attachment-83898\" style=\"width: 2764px\" class=\"wp-caption aligncenter\"><img fetchpriority=\"high\" data-attachment-id=\"83898\" data-permalink=\"https:\/\/elgeneracionalpost.com\/cultura\/moda-tendencias\/2023\/0330\/83880\/los-mejores-documentales-sobre-el-mundo-de-la-moda.html\/attachment\/documentales-moda\" data-orig-file=\"https:\/\/i0.wp.com\/elgeneracionalpost.com\/wp-content\/uploads\/2023\/03\/documentales-moda.jpg?fit=2764%2C4096&amp;ssl=1\" data-orig-size=\"2764,4096\" data-comments-opened=\"0\" data-image-meta=\"{&quot;aperture&quot;:&quot;0&quot;,&quot;credit&quot;:&quot;&quot;,&quot;camera&quot;:&quot;&quot;,&quot;caption&quot;:&quot;&quot;,&quot;created_timestamp&quot;:&quot;0&quot;,&quot;copyright&quot;:&quot;&quot;,&quot;focal_length&quot;:&quot;0&quot;,&quot;iso&quot;:&quot;0&quot;,&quot;shutter_speed&quot;:&quot;0&quot;,&quot;title&quot;:&quot;&quot;,&quot;orientation&quot;:&quot;0&quot;}\" data-image-title=\"documentales moda\" data-image-description=\"\" data-image-caption=\"&lt;p&gt;Portada del documental \u2018El primer lunes de mayo (The First Monday in May)\u2019 | FilmAffinity&lt;\/p&gt;&#10;\" data-medium-file=\"https:\/\/i0.wp.com\/elgeneracionalpost.com\/wp-content\/uploads\/2023\/03\/documentales-moda.jpg?fit=202%2C300&amp;ssl=1\" data-large-file=\"https:\/\/i0.wp.com\/elgeneracionalpost.com\/wp-content\/uploads\/2023\/03\/documentales-moda.jpg?fit=691%2C1024&amp;ssl=1\" decoding=\"async\" class=\"size-full wp-image-83898 jetpack-lazy-image\" src=\"https:\/\/i0.wp.com\/elgeneracionalpost.com\/wp-content\/uploads\/2023\/03\/documentales-moda.jpg?resize=696%2C1031&amp;ssl=1\" alt=\"\" width=\"696\" height=\"1031\" data-recalc-dims=\"1\" data-lazy-srcset=\"https:\/\/i0.wp.com\/elgeneracionalpost.com\/wp-content\/uploads\/2023\/03\/documentales-moda.jpg?w=2764&amp;ssl=1 2764w, https:\/\/i0.wp.com\/elgeneracionalpost.com\/wp-content\/uploads\/2023\/03\/documentales-moda.jpg?resize=202%2C300&amp;ssl=1 202w, https:\/\/i0.wp.com\/elgeneracionalpost.com\/wp-content\/uploads\/2023\/03\/documentales-moda.jpg?resize=691%2C1024&amp;ssl=1 691w, https:\/\/i0.wp.com\/elgeneracionalpost.com\/wp-content\/uploads\/2023\/03\/documentales-moda.jpg?resize=768%2C1138&amp;ssl=1 768w, https:\/\/i0.wp.com\/elgeneracionalpost.com\/wp-content\/uploads\/2023\/03\/documentales-moda.jpg?resize=1037%2C1536&amp;ssl=1 1037w, https:\/\/i0.wp.com\/elgeneracionalpost.com\/wp-content\/uploads\/2023\/03\/documentales-moda.jpg?resize=1382%2C2048&amp;ssl=1 1382w, https:\/\/i0.wp.com\/elgeneracionalpost.com\/wp-content\/uploads\/2023\/03\/documentales-moda.jpg?resize=150%2C222&amp;ssl=1 150w, https:\/\/i0.wp.com\/elgeneracionalpost.com\/wp-content\/uploads\/2023\/03\/documentales-moda.jpg?resize=300%2C445&amp;ssl=1 300w, https:\/\/i0.wp.com\/elgeneracionalpost.com\/wp-content\/uploads\/2023\/03\/documentales-moda.jpg?resize=696%2C1031&amp;ssl=1 696w, https:\/\/i0.wp.com\/elgeneracionalpost.com\/wp-content\/uploads\/2023\/03\/documentales-moda.jpg?resize=1068%2C1583&amp;ssl=1 1068w, https:\/\/i0.wp.com\/elgeneracionalpost.com\/wp-content\/uploads\/2023\/03\/documentales-moda.jpg?resize=1920%2C2845&amp;ssl=1 1920w, https:\/\/i0.wp.com\/elgeneracionalpost.com\/wp-content\/uploads\/2023\/03\/documentales-moda.jpg?w=2088&amp;ssl=1 2088w\" data-lazy-sizes=\"(max-width: 696px) 100vw, 696px\" data-lazy-src=\"https:\/\/i0.wp.com\/elgeneracionalpost.com\/wp-content\/uploads\/2023\/03\/documentales-moda.jpg?resize=696%2C1031&amp;is-pending-load=1#038;ssl=1\" srcset=\"data:image\/gif;base64,R0lGODlhAQABAIAAAAAAAP\/\/\/yH5BAEAAAAALAAAAAABAAEAAAIBRAA7\"\/><noscript><img data-lazy-fallback=\"1\" data-attachment-id=\"83898\" data-permalink=\"https:\/\/elgeneracionalpost.com\/cultura\/moda-tendencias\/2023\/0330\/83880\/los-mejores-documentales-sobre-el-mundo-de-la-moda.html\/attachment\/documentales-moda\" data-orig-file=\"https:\/\/i0.wp.com\/elgeneracionalpost.com\/wp-content\/uploads\/2023\/03\/documentales-moda.jpg?fit=2764%2C4096&amp;ssl=1\" data-orig-size=\"2764,4096\" data-comments-opened=\"0\" data-image-meta=\"{&quot;aperture&quot;:&quot;0&quot;,&quot;credit&quot;:&quot;&quot;,&quot;camera&quot;:&quot;&quot;,&quot;caption&quot;:&quot;&quot;,&quot;created_timestamp&quot;:&quot;0&quot;,&quot;copyright&quot;:&quot;&quot;,&quot;focal_length&quot;:&quot;0&quot;,&quot;iso&quot;:&quot;0&quot;,&quot;shutter_speed&quot;:&quot;0&quot;,&quot;title&quot;:&quot;&quot;,&quot;orientation&quot;:&quot;0&quot;}\" data-image-title=\"documentales moda\" data-image-description=\"\" data-image-caption=\"&lt;p&gt;Portada del documental \u2018El primer lunes de mayo (The First Monday in May)\u2019 | FilmAffinity&lt;\/p&gt;&#10;\" data-medium-file=\"https:\/\/i0.wp.com\/elgeneracionalpost.com\/wp-content\/uploads\/2023\/03\/documentales-moda.jpg?fit=202%2C300&amp;ssl=1\" data-large-file=\"https:\/\/i0.wp.com\/elgeneracionalpost.com\/wp-content\/uploads\/2023\/03\/documentales-moda.jpg?fit=691%2C1024&amp;ssl=1\" decoding=\"async\" class=\"size-full wp-image-83898\" src=\"https:\/\/i0.wp.com\/elgeneracionalpost.com\/wp-content\/uploads\/2023\/03\/documentales-moda.jpg?resize=696%2C1031&amp;ssl=1\" alt=\"\" width=\"696\" height=\"1031\" srcset=\"https:\/\/i0.wp.com\/elgeneracionalpost.com\/wp-content\/uploads\/2023\/03\/documentales-moda.jpg?w=2764&amp;ssl=1 2764w, https:\/\/i0.wp.com\/elgeneracionalpost.com\/wp-content\/uploads\/2023\/03\/documentales-moda.jpg?resize=202%2C300&amp;ssl=1 202w, https:\/\/i0.wp.com\/elgeneracionalpost.com\/wp-content\/uploads\/2023\/03\/documentales-moda.jpg?resize=691%2C1024&amp;ssl=1 691w, https:\/\/i0.wp.com\/elgeneracionalpost.com\/wp-content\/uploads\/2023\/03\/documentales-moda.jpg?resize=768%2C1138&amp;ssl=1 768w, https:\/\/i0.wp.com\/elgeneracionalpost.com\/wp-content\/uploads\/2023\/03\/documentales-moda.jpg?resize=1037%2C1536&amp;ssl=1 1037w, https:\/\/i0.wp.com\/elgeneracionalpost.com\/wp-content\/uploads\/2023\/03\/documentales-moda.jpg?resize=1382%2C2048&amp;ssl=1 1382w, https:\/\/i0.wp.com\/elgeneracionalpost.com\/wp-content\/uploads\/2023\/03\/documentales-moda.jpg?resize=150%2C222&amp;ssl=1 150w, https:\/\/i0.wp.com\/elgeneracionalpost.com\/wp-content\/uploads\/2023\/03\/documentales-moda.jpg?resize=300%2C445&amp;ssl=1 300w, https:\/\/i0.wp.com\/elgeneracionalpost.com\/wp-content\/uploads\/2023\/03\/documentales-moda.jpg?resize=696%2C1031&amp;ssl=1 696w, https:\/\/i0.wp.com\/elgeneracionalpost.com\/wp-content\/uploads\/2023\/03\/documentales-moda.jpg?resize=1068%2C1583&amp;ssl=1 1068w, https:\/\/i0.wp.com\/elgeneracionalpost.com\/wp-content\/uploads\/2023\/03\/documentales-moda.jpg?resize=1920%2C2845&amp;ssl=1 1920w, https:\/\/i0.wp.com\/elgeneracionalpost.com\/wp-content\/uploads\/2023\/03\/documentales-moda.jpg?w=2088&amp;ssl=1 2088w\" sizes=\"(max-width: 696px) 100vw, 696px\" data-recalc-dims=\"1\"\/><\/noscript><figcaption id=\"caption-attachment-83898\" class=\"wp-caption-text\">Copertina del documentario &#039;Il primo luned\u00ec di maggio&#039; | Fonte: FilmAffinity<\/figcaption><\/figure>\n<h3><em>Forza, corpo, fascino: la creazione della collezione Cruise di Dior<\/em><\/h3>\n<p>Uno degli ultimi documentari a vedere la luce era dedicato a Dior. L&#039;azienda francese ha iniziato nel 2023 con il debutto di <strong><em>realizzazione di<\/em><\/strong> <strong>sulla spettacolare collezione Dior Cruise 2023<\/strong> di Maria Grazia Chiuri e la sua successiva presentazione alla sfilata di Siviglia.<\/p>\n<p>Dior ha visitato il processo creativo e produttivo necessario per <strong>rendere omaggio alla cultura andalusa<\/strong> in una delle sfilate e collezioni pi\u00f9 iconiche dell&#039;azienda. Conversazioni con gli artigiani spagnoli, installazione della decorazione nella storica Plaza de Espa\u00f1a di Siviglia e, in breve, i dettagli di questa collezione emblematica.<\/p>\n<p><span class=\"embed-youtube\" style=\"text-align:center; display: block;\"><iframe title=\"Potenza, corpo, incarnato: la creazione di una collezione Cruise Dior\" width=\"790\" height=\"444\" src=\"https:\/\/www.youtube.com\/embed\/N4jXLSX5Xe0?feature=oembed\" frameborder=\"0\" allow=\"accelerometer; autoplay; clipboard-write; encrypted-media; gyroscope; picture-in-picture; web-share\" allowfullscreen><\/iframe><\/span><\/p>\n<h3><em>McQueen<\/em><\/h3>\n<p>Immergiti nell&#039;universo del leggendario designer <strong>Alexander McQueen<\/strong>\u00c8 un orologio da avere assolutamente. Per questo motivo, con questo documentario e attraverso testimonianze e interviste ai suoi parenti e amici pi\u00f9 cari, compie un viaggio nella sua vita, piena di chiaroscuri e segnata dagli abusi subiti durante l&#039;infanzia.<\/p>\n<p>Il nastro, disponibile presso <strong>TV Apple<\/strong>racconta i momenti pi\u00f9 critici di McQueen e <strong>come \u00e8 diventato un&#039;icona della moda<\/strong> nonostante le sue umili origini. Ma scende anche nell&#039;inferno del designer con il suo<strong> dipendenza dalla cocaina, paranoia e cattiva salute<\/strong>. Un documentario essenziale per scoprire le sue sfilate di moda pi\u00f9 memorabili, i ritmi frenetici del settore e l&#039;eredit\u00e0 che ha lasciato dopo la sua prematura scomparsa.<\/p>\n<p><span class=\"embed-youtube\" style=\"text-align:center; display: block;\"><iframe title=\"MCQUEEN - Trailer spagnolo\" width=\"790\" height=\"444\" src=\"https:\/\/www.youtube.com\/embed\/T_FNmt4KbDc?feature=oembed\" frameborder=\"0\" allow=\"accelerometer; autoplay; clipboard-write; encrypted-media; gyroscope; picture-in-picture; web-share\" allowfullscreen><\/iframe><\/span><\/p>\n<h3><em>Vivienne Westwood: la regina del punk<\/em><\/h3>\n<p>IL <strong>designer<\/strong> <strong>Vienna Westwood<\/strong> \u00e8 scomparsa nel dicembre 2022 e con questo documentario \u00e8 impossibile non provare nostalgia ricordando la sua influenza sul settore e scoprendo di pi\u00f9 sulla vita di questa autentica <strong>icona<\/strong> <strong>cultura e moda<\/strong> <strong>punk<\/strong>.<\/p>\n<p>Con 40 anni di esperienza nella moda, e grazie a <strong>riprese<\/strong>scoprirete la loro lotta per mantenere l&#039;essenza del loro marchio, i suoi principi e valori, il suo percorso, la sua espansione e la sua eredit\u00e0.<\/p>\n<p><span class=\"embed-youtube\" style=\"text-align:center; display: block;\"><iframe title=\"Vivienne Westwood: Reina Punk - Trailer | Filmina\" width=\"790\" height=\"444\" src=\"https:\/\/www.youtube.com\/embed\/XWzJpNAkN1o?feature=oembed\" frameborder=\"0\" allow=\"accelerometer; autoplay; clipboard-write; encrypted-media; gyroscope; picture-in-picture; web-share\" allowfullscreen><\/iframe><\/span><\/p>\n<h3><em>Ralph Lauren: l&#039;uomo dietro il marchio<\/em><\/h3>\n<p>Questo documentario di <strong>HBO Max<\/strong> Vi racconta in prima persona chi c&#039;\u00e8 dietro la fama e uno dei marchi pi\u00f9 influenti della moda: Ralph Lauren. Inoltre, \u00e8 il <strong>designer stesso che parla<\/strong> della sua infanzia, del suo matrimonio, della sua posizione e del suo atteggiamento nei confronti dei critici, delle sue campagne pubblicitarie e della sua visione della moda attuale.<\/p>\n<p>Allo stesso modo, sono incluse anche le conversazioni con la tua famiglia e i colleghi dell&#039;azienda, senza dimenticare i grandi nomi della moda come <strong>Anna Wintour<\/strong>Calvin Klein o Naomi Campbell.<\/p>\n<p><span class=\"embed-youtube\" style=\"text-align:center; display: block;\"><iframe title=\"Very Ralph (2019): Trailer ufficiale | HBO\" width=\"790\" height=\"444\" src=\"https:\/\/www.youtube.com\/embed\/b3T8ttxTX-I?feature=oembed\" frameborder=\"0\" allow=\"accelerometer; autoplay; clipboard-write; encrypted-media; gyroscope; picture-in-picture; web-share\" allowfullscreen><\/iframe><\/span><\/p>\n<h3><em>Olivier Rousteing, l&#039;orfano prodigio<\/em><\/h3>\n<p><strong>Netflix<\/strong> propone questo documentario rivelatore su Oliver Rousteing, direttore creativo di <strong>Balmain<\/strong>e il suo processo creativo e fantasioso nel dare vita ai suoi progetti <strong>collezioni<\/strong>. Tuttavia, non si tratta solo di moda, poich\u00e9 mostra anche il suo lato pi\u00f9 personale, esplorando la sua vita e la sua ricerca per scoprirla. <strong>famiglia biologica e scopri le loro origini<\/strong>.<\/p>\n<p><span class=\"embed-youtube\" style=\"text-align:center; display: block;\"><iframe title=\"Wonder Boy - Olivier Rousteing, ne sous X (2019) - Trailer (sottotitoli in inglese)\" width=\"790\" height=\"444\" src=\"https:\/\/www.youtube.com\/embed\/bYaWlp1Y75U?feature=oembed\" frameborder=\"0\" allow=\"accelerometer; autoplay; clipboard-write; encrypted-media; gyroscope; picture-in-picture; web-share\" allowfullscreen><\/iframe><\/span><\/p>\n<\/p>\n<div class=\"sharedaddy sd-block sd-like jetpack-likes-widget-wrapper jetpack-likes-widget-unloaded\" id=\"like-post-wrapper-153844979-83880-642b69462e6f4\" data-src=\"https:\/\/widgets.wp.com\/likes\/#blog_id=153844979&amp;post_id=83880&amp;origin=elgeneracionalpost.com&amp;obj_id=153844979-83880-642b69462e6f4\" data-name=\"like-post-frame-153844979-83880-642b69462e6f4\" data-title=\"Me gusta o Compartir\">\n<h3 class=\"sd-title\">Mi piace questa:<\/h3>\n<p><span class=\"button\"><span>Mi piace<\/span><\/span> <span class=\"loading\">Caricamento\u2026<\/span><\/p>\n<p><span class=\"sd-text-color\"\/><\/div>\n<p><h3 class=\"jp-relatedposts-headline\"><em>Imparentato<\/em><\/h3>\n<\/p>\n<\/div>","protected":false},"excerpt":{"rendered":"<p>Conhe\u00e7a o mundo da moda de outra perspectiva Muitas das plataformas em transmiss\u00e3o Eles optaram por aproximar o mundo da &hellip; <\/p>","protected":false},"author":1,"featured_media":1009,"comment_status":"open","ping_status":"open","sticky":false,"template":"","format":"standard","meta":{"fifu_image_url":"https:\/\/i0.wp.com\/elgeneracionalpost.com\/wp-content\/uploads\/2023\/03\/documentales-moda-portada-1.jpg?fit=1024,576&ssl=1","fifu_image_alt":"","footnotes":""},"categories":[35],"tags":[],"class_list":["post-1003","post","type-post","status-publish","format-standard","has-post-thumbnail","hentry","category-cultura-e-lazer","latest_post"],"yoast_head":"<!-- This site is optimized with the Yoast SEO plugin v27.3 - https:\/\/yoast.com\/product\/yoast-seo-wordpress\/ -->\n<title>Os melhores document\u00e1rios sobre o mundo da moda - Tirinha.com<\/title>\n<meta name=\"robots\" content=\"index, follow, max-snippet:-1, max-image-preview:large, max-video-preview:-1\" \/>\n<link rel=\"canonical\" href=\"https:\/\/tirinha.com\/it\/1003\/i-migliori-documentari-sul-mondo-della-moda\/\" \/>\n<meta property=\"og:locale\" content=\"it_IT\" \/>\n<meta property=\"og:type\" content=\"article\" \/>\n<meta property=\"og:title\" content=\"Os melhores document\u00e1rios sobre o mundo da moda - Tirinha.com\" \/>\n<meta property=\"og:description\" content=\"Conhe\u00e7a o mundo da moda de outra perspectiva Muitas das plataformas em transmiss\u00e3o Eles optaram por aproximar o mundo da &hellip;\" \/>\n<meta property=\"og:url\" content=\"https:\/\/tirinha.com\/it\/1003\/i-migliori-documentari-sul-mondo-della-moda\/\" \/>\n<meta property=\"og:site_name\" content=\"Tirinha.com\" \/>\n<meta property=\"article:published_time\" content=\"2023-04-04T00:03:19+00:00\" \/>\n<meta property=\"og:image\" content=\"https:\/\/i0.wp.com\/elgeneracionalpost.com\/wp-content\/uploads\/2023\/03\/documentales-moda-portada-1.jpg?fit=1024,576&ssl=1\" \/>\n<meta name=\"author\" content=\"admin\" \/>\n<meta name=\"twitter:card\" content=\"summary_large_image\" \/>\n<meta name=\"twitter:image\" content=\"https:\/\/i0.wp.com\/elgeneracionalpost.com\/wp-content\/uploads\/2023\/03\/documentales-moda-portada-1.jpg?fit=1024,576&ssl=1\" \/>\n<meta name=\"twitter:label1\" content=\"Scritto da\" \/>\n\t<meta name=\"twitter:data1\" content=\"admin\" \/>\n\t<meta name=\"twitter:label2\" content=\"Tempo di lettura stimato\" \/>\n\t<meta name=\"twitter:data2\" content=\"4 minuti\" \/>\n<script type=\"application\/ld+json\" class=\"yoast-schema-graph\">{\"@context\":\"https:\\\/\\\/schema.org\",\"@graph\":[{\"@type\":\"Article\",\"@id\":\"https:\\\/\\\/tirinha.com\\\/1003\\\/os-melhores-documentarios-sobre-o-mundo-da-moda\\\/#article\",\"isPartOf\":{\"@id\":\"https:\\\/\\\/tirinha.com\\\/1003\\\/os-melhores-documentarios-sobre-o-mundo-da-moda\\\/\"},\"author\":{\"name\":\"admin\",\"@id\":\"https:\\\/\\\/tirinha.com\\\/#\\\/schema\\\/person\\\/e22bdfbe17e0461f7e927e6a1208d4d9\"},\"headline\":\"Os melhores document\u00e1rios sobre o mundo da moda\",\"datePublished\":\"2023-04-04T00:03:19+00:00\",\"mainEntityOfPage\":{\"@id\":\"https:\\\/\\\/tirinha.com\\\/1003\\\/os-melhores-documentarios-sobre-o-mundo-da-moda\\\/\"},\"wordCount\":750,\"commentCount\":0,\"publisher\":{\"@id\":\"https:\\\/\\\/tirinha.com\\\/#organization\"},\"image\":{\"@id\":\"https:\\\/\\\/tirinha.com\\\/1003\\\/os-melhores-documentarios-sobre-o-mundo-da-moda\\\/#primaryimage\"},\"thumbnailUrl\":\"https:\\\/\\\/i0.wp.com\\\/elgeneracionalpost.com\\\/wp-content\\\/uploads\\\/2023\\\/03\\\/documentales-moda-portada-1.jpg?fit=1024,576&ssl=1\",\"articleSection\":[\"Cultura e lazer\"],\"inLanguage\":\"it-IT\",\"potentialAction\":[{\"@type\":\"CommentAction\",\"name\":\"Comment\",\"target\":[\"https:\\\/\\\/tirinha.com\\\/1003\\\/os-melhores-documentarios-sobre-o-mundo-da-moda\\\/#respond\"]}]},{\"@type\":\"WebPage\",\"@id\":\"https:\\\/\\\/tirinha.com\\\/1003\\\/os-melhores-documentarios-sobre-o-mundo-da-moda\\\/\",\"url\":\"https:\\\/\\\/tirinha.com\\\/1003\\\/os-melhores-documentarios-sobre-o-mundo-da-moda\\\/\",\"name\":\"Os melhores document\u00e1rios sobre o mundo da moda - Tirinha.com\",\"isPartOf\":{\"@id\":\"https:\\\/\\\/tirinha.com\\\/#website\"},\"primaryImageOfPage\":{\"@id\":\"https:\\\/\\\/tirinha.com\\\/1003\\\/os-melhores-documentarios-sobre-o-mundo-da-moda\\\/#primaryimage\"},\"image\":{\"@id\":\"https:\\\/\\\/tirinha.com\\\/1003\\\/os-melhores-documentarios-sobre-o-mundo-da-moda\\\/#primaryimage\"},\"thumbnailUrl\":\"https:\\\/\\\/i0.wp.com\\\/elgeneracionalpost.com\\\/wp-content\\\/uploads\\\/2023\\\/03\\\/documentales-moda-portada-1.jpg?fit=1024,576&ssl=1\",\"datePublished\":\"2023-04-04T00:03:19+00:00\",\"breadcrumb\":{\"@id\":\"https:\\\/\\\/tirinha.com\\\/1003\\\/os-melhores-documentarios-sobre-o-mundo-da-moda\\\/#breadcrumb\"},\"inLanguage\":\"it-IT\",\"potentialAction\":[{\"@type\":\"ReadAction\",\"target\":[\"https:\\\/\\\/tirinha.com\\\/1003\\\/os-melhores-documentarios-sobre-o-mundo-da-moda\\\/\"]}]},{\"@type\":\"ImageObject\",\"inLanguage\":\"it-IT\",\"@id\":\"https:\\\/\\\/tirinha.com\\\/1003\\\/os-melhores-documentarios-sobre-o-mundo-da-moda\\\/#primaryimage\",\"url\":\"https:\\\/\\\/i0.wp.com\\\/elgeneracionalpost.com\\\/wp-content\\\/uploads\\\/2023\\\/03\\\/documentales-moda-portada-1.jpg?fit=1024,576&ssl=1\",\"contentUrl\":\"https:\\\/\\\/i0.wp.com\\\/elgeneracionalpost.com\\\/wp-content\\\/uploads\\\/2023\\\/03\\\/documentales-moda-portada-1.jpg?fit=1024,576&ssl=1\"},{\"@type\":\"BreadcrumbList\",\"@id\":\"https:\\\/\\\/tirinha.com\\\/1003\\\/os-melhores-documentarios-sobre-o-mundo-da-moda\\\/#breadcrumb\",\"itemListElement\":[{\"@type\":\"ListItem\",\"position\":1,\"name\":\"Home\",\"item\":\"https:\\\/\\\/tirinha.com\\\/\"},{\"@type\":\"ListItem\",\"position\":2,\"name\":\"Os melhores document\u00e1rios sobre o mundo da moda\"}]},{\"@type\":\"WebSite\",\"@id\":\"https:\\\/\\\/tirinha.com\\\/#website\",\"url\":\"https:\\\/\\\/tirinha.com\\\/\",\"name\":\"Tirinha.com\",\"description\":\"Arte e livros resenhas\",\"publisher\":{\"@id\":\"https:\\\/\\\/tirinha.com\\\/#organization\"},\"potentialAction\":[{\"@type\":\"SearchAction\",\"target\":{\"@type\":\"EntryPoint\",\"urlTemplate\":\"https:\\\/\\\/tirinha.com\\\/?s={search_term_string}\"},\"query-input\":{\"@type\":\"PropertyValueSpecification\",\"valueRequired\":true,\"valueName\":\"search_term_string\"}}],\"inLanguage\":\"it-IT\"},{\"@type\":\"Organization\",\"@id\":\"https:\\\/\\\/tirinha.com\\\/#organization\",\"name\":\"Tirinha.com\",\"url\":\"https:\\\/\\\/tirinha.com\\\/\",\"logo\":{\"@type\":\"ImageObject\",\"inLanguage\":\"it-IT\",\"@id\":\"https:\\\/\\\/tirinha.com\\\/#\\\/schema\\\/logo\\\/image\\\/\",\"url\":\"https:\\\/\\\/tirinha.com\\\/wp-content\\\/uploads\\\/2023\\\/08\\\/cropped-Logo-Tirinha.webp\",\"contentUrl\":\"https:\\\/\\\/tirinha.com\\\/wp-content\\\/uploads\\\/2023\\\/08\\\/cropped-Logo-Tirinha.webp\",\"width\":512,\"height\":512,\"caption\":\"Tirinha.com\"},\"image\":{\"@id\":\"https:\\\/\\\/tirinha.com\\\/#\\\/schema\\\/logo\\\/image\\\/\"}},{\"@type\":\"Person\",\"@id\":\"https:\\\/\\\/tirinha.com\\\/#\\\/schema\\\/person\\\/e22bdfbe17e0461f7e927e6a1208d4d9\",\"name\":\"admin\",\"image\":{\"@type\":\"ImageObject\",\"inLanguage\":\"it-IT\",\"@id\":\"https:\\\/\\\/tirinha.com\\\/wp-content\\\/litespeed\\\/avatar\\\/d0068f7931cc87d7274eb0c3db1deb4b.jpg?ver=1776829466\",\"url\":\"https:\\\/\\\/tirinha.com\\\/wp-content\\\/litespeed\\\/avatar\\\/d0068f7931cc87d7274eb0c3db1deb4b.jpg?ver=1776829466\",\"contentUrl\":\"https:\\\/\\\/tirinha.com\\\/wp-content\\\/litespeed\\\/avatar\\\/d0068f7931cc87d7274eb0c3db1deb4b.jpg?ver=1776829466\",\"caption\":\"admin\"},\"sameAs\":[\"https:\\\/\\\/tirinha.com\"],\"url\":\"https:\\\/\\\/tirinha.com\\\/it\\\/author\\\/admin\\\/\"}]}<\/script>\n<!-- \/ Yoast SEO plugin. -->","yoast_head_json":{"title":"I migliori documentari sul mondo della moda - Tirinha.com","robots":{"index":"index","follow":"follow","max-snippet":"max-snippet:-1","max-image-preview":"max-image-preview:large","max-video-preview":"max-video-preview:-1"},"canonical":"https:\/\/tirinha.com\/it\/1003\/i-migliori-documentari-sul-mondo-della-moda\/","og_locale":"it_IT","og_type":"article","og_title":"Os melhores document\u00e1rios sobre o mundo da moda - Tirinha.com","og_description":"Conhe\u00e7a o mundo da moda de outra perspectiva Muitas das plataformas em transmiss\u00e3o Eles optaram por aproximar o mundo da &hellip;","og_url":"https:\/\/tirinha.com\/it\/1003\/i-migliori-documentari-sul-mondo-della-moda\/","og_site_name":"Tirinha.com","article_published_time":"2023-04-04T00:03:19+00:00","og_image":[{"url":"https:\/\/i0.wp.com\/elgeneracionalpost.com\/wp-content\/uploads\/2023\/03\/documentales-moda-portada-1.jpg?fit=1024,576&ssl=1","type":"","width":"","height":""}],"author":"admin","twitter_card":"summary_large_image","twitter_image":"https:\/\/i0.wp.com\/elgeneracionalpost.com\/wp-content\/uploads\/2023\/03\/documentales-moda-portada-1.jpg?fit=1024,576&ssl=1","twitter_misc":{"Scritto da":"admin","Tempo di lettura stimato":"4 minuti"},"schema":{"@context":"https:\/\/schema.org","@graph":[{"@type":"Article","@id":"https:\/\/tirinha.com\/1003\/os-melhores-documentarios-sobre-o-mundo-da-moda\/#article","isPartOf":{"@id":"https:\/\/tirinha.com\/1003\/os-melhores-documentarios-sobre-o-mundo-da-moda\/"},"author":{"name":"admin","@id":"https:\/\/tirinha.com\/#\/schema\/person\/e22bdfbe17e0461f7e927e6a1208d4d9"},"headline":"Os melhores document\u00e1rios sobre o mundo da moda","datePublished":"2023-04-04T00:03:19+00:00","mainEntityOfPage":{"@id":"https:\/\/tirinha.com\/1003\/os-melhores-documentarios-sobre-o-mundo-da-moda\/"},"wordCount":750,"commentCount":0,"publisher":{"@id":"https:\/\/tirinha.com\/#organization"},"image":{"@id":"https:\/\/tirinha.com\/1003\/os-melhores-documentarios-sobre-o-mundo-da-moda\/#primaryimage"},"thumbnailUrl":"https:\/\/i0.wp.com\/elgeneracionalpost.com\/wp-content\/uploads\/2023\/03\/documentales-moda-portada-1.jpg?fit=1024,576&ssl=1","articleSection":["Cultura e lazer"],"inLanguage":"it-IT","potentialAction":[{"@type":"CommentAction","name":"Comment","target":["https:\/\/tirinha.com\/1003\/os-melhores-documentarios-sobre-o-mundo-da-moda\/#respond"]}]},{"@type":"WebPage","@id":"https:\/\/tirinha.com\/1003\/os-melhores-documentarios-sobre-o-mundo-da-moda\/","url":"https:\/\/tirinha.com\/1003\/os-melhores-documentarios-sobre-o-mundo-da-moda\/","name":"I migliori documentari sul mondo della moda - Tirinha.com","isPartOf":{"@id":"https:\/\/tirinha.com\/#website"},"primaryImageOfPage":{"@id":"https:\/\/tirinha.com\/1003\/os-melhores-documentarios-sobre-o-mundo-da-moda\/#primaryimage"},"image":{"@id":"https:\/\/tirinha.com\/1003\/os-melhores-documentarios-sobre-o-mundo-da-moda\/#primaryimage"},"thumbnailUrl":"https:\/\/i0.wp.com\/elgeneracionalpost.com\/wp-content\/uploads\/2023\/03\/documentales-moda-portada-1.jpg?fit=1024,576&ssl=1","datePublished":"2023-04-04T00:03:19+00:00","breadcrumb":{"@id":"https:\/\/tirinha.com\/1003\/os-melhores-documentarios-sobre-o-mundo-da-moda\/#breadcrumb"},"inLanguage":"it-IT","potentialAction":[{"@type":"ReadAction","target":["https:\/\/tirinha.com\/1003\/os-melhores-documentarios-sobre-o-mundo-da-moda\/"]}]},{"@type":"ImageObject","inLanguage":"it-IT","@id":"https:\/\/tirinha.com\/1003\/os-melhores-documentarios-sobre-o-mundo-da-moda\/#primaryimage","url":"https:\/\/i0.wp.com\/elgeneracionalpost.com\/wp-content\/uploads\/2023\/03\/documentales-moda-portada-1.jpg?fit=1024,576&ssl=1","contentUrl":"https:\/\/i0.wp.com\/elgeneracionalpost.com\/wp-content\/uploads\/2023\/03\/documentales-moda-portada-1.jpg?fit=1024,576&ssl=1"},{"@type":"BreadcrumbList","@id":"https:\/\/tirinha.com\/1003\/os-melhores-documentarios-sobre-o-mundo-da-moda\/#breadcrumb","itemListElement":[{"@type":"ListItem","position":1,"name":"Home","item":"https:\/\/tirinha.com\/"},{"@type":"ListItem","position":2,"name":"Os melhores document\u00e1rios sobre o mundo da moda"}]},{"@type":"WebSite","@id":"https:\/\/tirinha.com\/#website","url":"https:\/\/tirinha.com\/","name":"Fumetto.com","description":"Recensioni di arte e libri","publisher":{"@id":"https:\/\/tirinha.com\/#organization"},"potentialAction":[{"@type":"SearchAction","target":{"@type":"EntryPoint","urlTemplate":"https:\/\/tirinha.com\/?s={search_term_string}"},"query-input":{"@type":"PropertyValueSpecification","valueRequired":true,"valueName":"search_term_string"}}],"inLanguage":"it-IT"},{"@type":"Organization","@id":"https:\/\/tirinha.com\/#organization","name":"Fumetto.com","url":"https:\/\/tirinha.com\/","logo":{"@type":"ImageObject","inLanguage":"it-IT","@id":"https:\/\/tirinha.com\/#\/schema\/logo\/image\/","url":"https:\/\/tirinha.com\/wp-content\/uploads\/2023\/08\/cropped-Logo-Tirinha.webp","contentUrl":"https:\/\/tirinha.com\/wp-content\/uploads\/2023\/08\/cropped-Logo-Tirinha.webp","width":512,"height":512,"caption":"Tirinha.com"},"image":{"@id":"https:\/\/tirinha.com\/#\/schema\/logo\/image\/"}},{"@type":"Person","@id":"https:\/\/tirinha.com\/#\/schema\/person\/e22bdfbe17e0461f7e927e6a1208d4d9","name":"amministratore","image":{"@type":"ImageObject","inLanguage":"it-IT","@id":"https:\/\/tirinha.com\/wp-content\/litespeed\/avatar\/d0068f7931cc87d7274eb0c3db1deb4b.jpg?ver=1776829466","url":"https:\/\/tirinha.com\/wp-content\/litespeed\/avatar\/d0068f7931cc87d7274eb0c3db1deb4b.jpg?ver=1776829466","contentUrl":"https:\/\/tirinha.com\/wp-content\/litespeed\/avatar\/d0068f7931cc87d7274eb0c3db1deb4b.jpg?ver=1776829466","caption":"admin"},"sameAs":["https:\/\/tirinha.com"],"url":"https:\/\/tirinha.com\/it\/author\/admin\/"}]}},"_links":{"self":[{"href":"https:\/\/tirinha.com\/it\/wp-json\/wp\/v2\/posts\/1003","targetHints":{"allow":["GET"]}}],"collection":[{"href":"https:\/\/tirinha.com\/it\/wp-json\/wp\/v2\/posts"}],"about":[{"href":"https:\/\/tirinha.com\/it\/wp-json\/wp\/v2\/types\/post"}],"author":[{"embeddable":true,"href":"https:\/\/tirinha.com\/it\/wp-json\/wp\/v2\/users\/1"}],"replies":[{"embeddable":true,"href":"https:\/\/tirinha.com\/it\/wp-json\/wp\/v2\/comments?post=1003"}],"version-history":[{"count":0,"href":"https:\/\/tirinha.com\/it\/wp-json\/wp\/v2\/posts\/1003\/revisions"}],"wp:featuredmedia":[{"embeddable":true,"href":"https:\/\/tirinha.com\/it\/wp-json\/wp\/v2\/media\/1009"}],"wp:attachment":[{"href":"https:\/\/tirinha.com\/it\/wp-json\/wp\/v2\/media?parent=1003"}],"wp:term":[{"taxonomy":"category","embeddable":true,"href":"https:\/\/tirinha.com\/it\/wp-json\/wp\/v2\/categories?post=1003"},{"taxonomy":"post_tag","embeddable":true,"href":"https:\/\/tirinha.com\/it\/wp-json\/wp\/v2\/tags?post=1003"}],"curies":[{"name":"parola chiave","href":"https:\/\/api.w.org\/{rel}","templated":true}]}}