{"id":1000,"date":"2023-04-03T23:35:35","date_gmt":"2023-04-03T23:35:35","guid":{"rendered":"https:\/\/tirinha.com\/estou-constantemente-criando-e-produzindo-bases\/"},"modified":"2023-04-03T23:35:35","modified_gmt":"2023-04-03T23:35:35","slug":"mi-occupo-costantemente-della-creazione-e-della-produzione-di-database","status":"publish","type":"post","link":"https:\/\/tirinha.com\/it\/1000\/estou-constantemente-criando-e-produzindo-bases\/","title":{"rendered":"\u201cCreo e produco costantemente basi\u201d"},"content":{"rendered":"<p><\/p>\n<div>\n<h2>Abbiamo parlato con Carlos Jean, un produttore musicale nominato per sette Latin Grammy che ora presenta in anteprima la colonna sonora di <em>Verso il cielo: la serie<\/em>le ultime novit\u00e0 da Netflix<\/h2>\n<p><strong>Carlos Jean<\/strong> (Ferrol, 1973) \u00e8 senza dubbio <strong>uno dei produttori musicali e DJ pi\u00f9 acclamati nel settore spagnolo e latino<\/strong>. Con <strong>sette nomination ai Latin Grammy e tre nomination ai Goya Awards<\/strong>tra molti altri, Jean ha trascorso gran parte della sua recente carriera componendo <strong>colonne sonore originali per produzioni audiovisive<\/strong> da piattaforme come Netflix o HBO. Dopo averlo fatto nel 2020 con il film, arriva ora il suo contributo musicale sotto forma di <strong>Serie Netflix EP <em>Al CIELO<\/em><\/strong>. <strong>Colloquio interno!<\/strong><\/p>\n<figure id=\"attachment_84143\" aria-describedby=\"caption-attachment-84143\" style=\"width: 624px\" class=\"wp-caption alignnone\"><img fetchpriority=\"high\" data-attachment-id=\"84143\" data-permalink=\"https:\/\/elgeneracionalpost.com\/cultura\/2023\/0330\/84029\/carlos-jean-estoy-constantemente-creando-y-produciendo-bases.html\/attachment\/cj\" data-orig-file=\"https:\/\/i0.wp.com\/elgeneracionalpost.com\/wp-content\/uploads\/2023\/03\/cj.png?fit=624%2C945&amp;ssl=1\" data-orig-size=\"624,945\" data-comments-opened=\"0\" data-image-meta=\"{&quot;aperture&quot;:&quot;0&quot;,&quot;credit&quot;:&quot;&quot;,&quot;camera&quot;:&quot;&quot;,&quot;caption&quot;:&quot;&quot;,&quot;created_timestamp&quot;:&quot;0&quot;,&quot;copyright&quot;:&quot;&quot;,&quot;focal_length&quot;:&quot;0&quot;,&quot;iso&quot;:&quot;0&quot;,&quot;shutter_speed&quot;:&quot;0&quot;,&quot;title&quot;:&quot;&quot;,&quot;orientation&quot;:&quot;0&quot;}\" data-image-title=\"cj\" data-image-description=\"\" data-image-caption=\"&lt;p&gt;Carlos Jean ha sido una vez m\u00e1s el encargado de ponerle m\u00fasica a esta historia de persecuciones y mucha acci\u00f3n | Sony Music&lt;\/p&gt;&#10;\" data-medium-file=\"https:\/\/i0.wp.com\/elgeneracionalpost.com\/wp-content\/uploads\/2023\/03\/cj.png?fit=198%2C300&amp;ssl=1\" data-large-file=\"https:\/\/i0.wp.com\/elgeneracionalpost.com\/wp-content\/uploads\/2023\/03\/cj.png?fit=624%2C945&amp;ssl=1\" decoding=\"async\" class=\"wp-image-84143 size-full jetpack-lazy-image\" src=\"https:\/\/i0.wp.com\/elgeneracionalpost.com\/wp-content\/uploads\/2023\/03\/cj.png?resize=624%2C945&amp;ssl=1\" alt=\"\" width=\"624\" height=\"945\" data-recalc-dims=\"1\" data-lazy-srcset=\"https:\/\/i0.wp.com\/elgeneracionalpost.com\/wp-content\/uploads\/2023\/03\/cj.png?w=624&amp;ssl=1 624w, https:\/\/i0.wp.com\/elgeneracionalpost.com\/wp-content\/uploads\/2023\/03\/cj.png?resize=198%2C300&amp;ssl=1 198w, https:\/\/i0.wp.com\/elgeneracionalpost.com\/wp-content\/uploads\/2023\/03\/cj.png?resize=150%2C227&amp;ssl=1 150w, https:\/\/i0.wp.com\/elgeneracionalpost.com\/wp-content\/uploads\/2023\/03\/cj.png?resize=300%2C454&amp;ssl=1 300w\" data-lazy-sizes=\"(max-width: 624px) 100vw, 624px\" data-lazy-src=\"https:\/\/i0.wp.com\/elgeneracionalpost.com\/wp-content\/uploads\/2023\/03\/cj.png?resize=624%2C945&amp;is-pending-load=1#038;ssl=1\" srcset=\"data:image\/gif;base64,R0lGODlhAQABAIAAAAAAAP\/\/\/yH5BAEAAAAALAAAAAABAAEAAAIBRAA7\"\/><noscript><img data-lazy-fallback=\"1\" data-attachment-id=\"84143\" data-permalink=\"https:\/\/elgeneracionalpost.com\/cultura\/2023\/0330\/84029\/carlos-jean-estoy-constantemente-creando-y-produciendo-bases.html\/attachment\/cj\" data-orig-file=\"https:\/\/i0.wp.com\/elgeneracionalpost.com\/wp-content\/uploads\/2023\/03\/cj.png?fit=624%2C945&amp;ssl=1\" data-orig-size=\"624,945\" data-comments-opened=\"0\" data-image-meta=\"{&quot;aperture&quot;:&quot;0&quot;,&quot;credit&quot;:&quot;&quot;,&quot;camera&quot;:&quot;&quot;,&quot;caption&quot;:&quot;&quot;,&quot;created_timestamp&quot;:&quot;0&quot;,&quot;copyright&quot;:&quot;&quot;,&quot;focal_length&quot;:&quot;0&quot;,&quot;iso&quot;:&quot;0&quot;,&quot;shutter_speed&quot;:&quot;0&quot;,&quot;title&quot;:&quot;&quot;,&quot;orientation&quot;:&quot;0&quot;}\" data-image-title=\"cj\" data-image-description=\"\" data-image-caption=\"&lt;p&gt;Carlos Jean ha sido una vez m\u00e1s el encargado de ponerle m\u00fasica a esta historia de persecuciones y mucha acci\u00f3n | Sony Music&lt;\/p&gt;&#10;\" data-medium-file=\"https:\/\/i0.wp.com\/elgeneracionalpost.com\/wp-content\/uploads\/2023\/03\/cj.png?fit=198%2C300&amp;ssl=1\" data-large-file=\"https:\/\/i0.wp.com\/elgeneracionalpost.com\/wp-content\/uploads\/2023\/03\/cj.png?fit=624%2C945&amp;ssl=1\" decoding=\"async\" class=\"wp-image-84143 size-full\" src=\"https:\/\/i0.wp.com\/elgeneracionalpost.com\/wp-content\/uploads\/2023\/03\/cj.png?resize=624%2C945&amp;ssl=1\" alt=\"\" width=\"624\" height=\"945\" srcset=\"https:\/\/i0.wp.com\/elgeneracionalpost.com\/wp-content\/uploads\/2023\/03\/cj.png?w=624&amp;ssl=1 624w, https:\/\/i0.wp.com\/elgeneracionalpost.com\/wp-content\/uploads\/2023\/03\/cj.png?resize=198%2C300&amp;ssl=1 198w, https:\/\/i0.wp.com\/elgeneracionalpost.com\/wp-content\/uploads\/2023\/03\/cj.png?resize=150%2C227&amp;ssl=1 150w, https:\/\/i0.wp.com\/elgeneracionalpost.com\/wp-content\/uploads\/2023\/03\/cj.png?resize=300%2C454&amp;ssl=1 300w\" sizes=\"(max-width: 624px) 100vw, 624px\" data-recalc-dims=\"1\"\/><\/noscript><figcaption id=\"caption-attachment-84143\" class=\"wp-caption-text\">Carlos Jean \u00e8 ancora una volta responsabile della musica di questa storia di persecuzione e tanta azione | Fonte: Sony Music<\/figcaption><\/figure>\n<p><strong>Domanda: Il 17 marzo \u00e8 stato presentato in anteprima su Netflix <em>Verso il cielo: la serie<\/em>sequel dell&#039;omonimo film d&#039;azione del 2020. Alla colonna sonora si aggiunge ora un nuovo EP composto da 5 nuove collaborazioni dopo aver gi\u00e0 partecipato alla colonna sonora del film con la canzone del titolo (<em>Al CIELO<\/em>). Com&#039;\u00e8 stata l&#039;esperienza di riprendere la storia e reintrodurre la tua musica nel progetto?<\/strong><\/p>\n<p><strong>IL: <\/strong>S\u00ec, ho iniziato con la colonna sonora. Alla fine, <strong>gli EP e le canzoni sono molto pi\u00f9 memorabili della colonna sonora stessa<\/strong> ma in fondo sono nel progetto cinematografico perch\u00e9 ho realizzato l&#039;intera colonna sonora, tutte le canzoni originali. In realt\u00e0, questo \u00e8 molto importante perch\u00e9 \u00e8 il risultato di tutte le canzoni che far\u00f2 e che sto facendo cos\u00ec come sono state. <strong>la canzone principale <em>kryptonite<\/em><\/strong>. Non \u00e8 che esce <em>kryptonite<\/em> perch\u00e9 all&#039;improvviso ho detto &quot;dai, mettiamo una canzone nel film&quot;, ma perch\u00e9 <strong>Sono responsabile della realizzazione di tutte le canzoni<\/strong> e gi\u00e0 all&#039;interno di questo formato prendi <strong>tutte quelle canzoni che ho salvato l\u00ec per usarle in alcune scene<\/strong>. All&#039;interno dello stesso progetto, ci sono molte pi\u00f9 canzoni originali rispetto a quelle che avremmo se ne includesse qualcuna qualsiasi altra.<\/p>\n<p><iframe title=\"Incorpora Spotify: Hasta el Cielo, La Serie\" style=\"border-radius: 12px\" width=\"100%\" height=\"352\" frameborder=\"0\" allowfullscreen=\"\" allow=\"autoplay; clipboard-write; encrypted-media; fullscreen; picture-in-picture\" loading=\"lazy\" src=\"https:\/\/open.spotify.com\/embed\/album\/7qfblK0x5GREl8K0TKnnxR?si=5mdKy3GjRkSHp9r3COgwsg&amp;utm_source=oembed\"><\/iframe><\/p>\n<p><strong>D: Questa \u00e8 gi\u00e0 la nona colonna sonora su cui lavori. Senza andare troppo lontano, <em>il tuo treno <\/em><\/strong><strong>A <em>treno pieno<\/em> con Bebe nel 2021 o addirittura album completi per <em>Centauro<\/em> E <em>Operazione Marea Nera<\/em> l&#039;anno scorso... Tutta la composizione della colonna sonora da parte dello stesso produttore \u00e8 qualcosa che viene fatta sempre meno ma a cui continui a dare il tuo contributo. In pratica \u00e8 un modo per dare nuovi significati alla stessa canzone, giusto?<\/strong><\/p>\n<p><strong>IL:<\/strong> S\u00ec, nel caso della musica ovviamente. Penso che alla fine <strong>la finestra audiovisiva che ora esiste con serie e film su tutte le piattaforme che lanciano costantemente nuove produzioni \u00e8 fantastica<\/strong>, perch\u00e9 alla fine \u00e8 come un nuovo modo per promuovere un sacco di musica. S\u00ec, certo, in passato si faceva di pi\u00f9, era pi\u00f9 eclatante, ma la musica aveva anche altri veicoli, come la radio, la televisione\u2026 Penso <strong>nuovi contenuti sono disponibili su tutte le piattaforme (Netflix, HBO)<\/strong> che rilasciano costantemente produzioni e che, alla fine, la gente consuma. E <strong>un modo per dare continuit\u00e0, per dare un altro mezzo di comunicazione alla musica<\/strong>. In pratica, potrei promuovere una canzone, ma in pratica sto anche promuovendo una serie, il che \u00e8 come mettere insieme una macchina molto pi\u00f9 ampia e trasversale. <strong>portare il tema della musica in un luogo che a volte non occupa l&#039;audiovisivo<\/strong>. Puoi usare le cuffie e connetterti a Spotify, ascoltando un po&#039; di <em>kryptonite<\/em> e stai guardando la copertina della canzone, che alla fine ha <strong>IL <em>fidanzamento<\/em> molto potente con la serie<\/strong>.<\/p>\n<p><strong>D: Ripeti con artisti con cui hai gi\u00e0 collaborato, come Bebe o Mala Rodr\u00edguez, ma anche con nuovi talenti come Villano Antillano. Infatti, con Bebe sei stato nuovamente nominato ai Latin Grammy per l&#039;album <em>cambiamento della pelle<\/em>Cosa hai prodotto? Com&#039;\u00e8 stato collaborare di nuovo con questi artisti e conoscerne di nuovi come &quot;La Villana&quot;?<\/strong><\/p>\n<p><strong>IL: <\/strong>Beh, nel caso di Bebe, ci stiamo lavorando da molto tempo e ogni volta che ne ho l&#039;opportunit\u00e0 o vedo che c&#039;\u00e8 una scena o qualche residuo in giro, glielo faccio sempre sapere. Per me <strong>Bebe \u00e8 una delle migliori compositrici, ha la capacit\u00e0 di riflettere spesso ci\u00f2 che si cerca<\/strong>. Ho una base da porre in una scena e lei lo fa molto bene.<\/p>\n<figure id=\"attachment_84167\" aria-describedby=\"caption-attachment-84167\" style=\"width: 696px\" class=\"wp-caption alignnone\"><img data-attachment-id=\"84167\" data-permalink=\"https:\/\/elgeneracionalpost.com\/cultura\/2023\/0330\/84029\/carlos-jean-estoy-constantemente-creando-y-produciendo-bases.html\/attachment\/cj-portada-kriptonita-final-acop-2\" data-orig-file=\"https:\/\/i0.wp.com\/elgeneracionalpost.com\/wp-content\/uploads\/2023\/03\/CJ-Portada-Kriptonita-Final-Acop-2.jpg?fit=3000%2C3000&amp;ssl=1\" data-orig-size=\"3000,3000\" data-comments-opened=\"0\" data-image-meta=\"{&quot;aperture&quot;:&quot;0&quot;,&quot;credit&quot;:&quot;&quot;,&quot;camera&quot;:&quot;&quot;,&quot;caption&quot;:&quot;&quot;,&quot;created_timestamp&quot;:&quot;0&quot;,&quot;copyright&quot;:&quot;&quot;,&quot;focal_length&quot;:&quot;0&quot;,&quot;iso&quot;:&quot;0&quot;,&quot;shutter_speed&quot;:&quot;0&quot;,&quot;title&quot;:&quot;&quot;,&quot;orientation&quot;:&quot;1&quot;}\" data-image-title=\"CJ \u2013 Portada Kriptonita \u2013 Final Acop 2\" data-image-description=\"\" data-image-caption=\"&lt;p&gt;\u00abKriptonita\u00bb junto a la rapera Villano Antillano es la canci\u00f3n principal de la serie | Fuente: Sony Music&lt;\/p&gt;&#10;\" data-medium-file=\"https:\/\/i0.wp.com\/elgeneracionalpost.com\/wp-content\/uploads\/2023\/03\/CJ-Portada-Kriptonita-Final-Acop-2.jpg?fit=300%2C300&amp;ssl=1\" data-large-file=\"https:\/\/i0.wp.com\/elgeneracionalpost.com\/wp-content\/uploads\/2023\/03\/CJ-Portada-Kriptonita-Final-Acop-2.jpg?fit=696%2C696&amp;ssl=1\" decoding=\"async\" class=\"size-large wp-image-84167 jetpack-lazy-image\" src=\"https:\/\/i0.wp.com\/elgeneracionalpost.com\/wp-content\/uploads\/2023\/03\/CJ-Portada-Kriptonita-Final-Acop-2.jpg?resize=696%2C696&amp;ssl=1\" alt=\"\" width=\"696\" height=\"696\" data-recalc-dims=\"1\" data-lazy-srcset=\"https:\/\/i0.wp.com\/elgeneracionalpost.com\/wp-content\/uploads\/2023\/03\/CJ-Portada-Kriptonita-Final-Acop-2.jpg?resize=1024%2C1024&amp;ssl=1 1024w, https:\/\/i0.wp.com\/elgeneracionalpost.com\/wp-content\/uploads\/2023\/03\/CJ-Portada-Kriptonita-Final-Acop-2.jpg?resize=300%2C300&amp;ssl=1 300w, https:\/\/i0.wp.com\/elgeneracionalpost.com\/wp-content\/uploads\/2023\/03\/CJ-Portada-Kriptonita-Final-Acop-2.jpg?resize=150%2C150&amp;ssl=1 150w, https:\/\/i0.wp.com\/elgeneracionalpost.com\/wp-content\/uploads\/2023\/03\/CJ-Portada-Kriptonita-Final-Acop-2.jpg?resize=768%2C768&amp;ssl=1 768w, https:\/\/i0.wp.com\/elgeneracionalpost.com\/wp-content\/uploads\/2023\/03\/CJ-Portada-Kriptonita-Final-Acop-2.jpg?resize=1536%2C1536&amp;ssl=1 1536w, https:\/\/i0.wp.com\/elgeneracionalpost.com\/wp-content\/uploads\/2023\/03\/CJ-Portada-Kriptonita-Final-Acop-2.jpg?resize=2048%2C2048&amp;ssl=1 2048w, https:\/\/i0.wp.com\/elgeneracionalpost.com\/wp-content\/uploads\/2023\/03\/CJ-Portada-Kriptonita-Final-Acop-2.jpg?resize=696%2C696&amp;ssl=1 696w, https:\/\/i0.wp.com\/elgeneracionalpost.com\/wp-content\/uploads\/2023\/03\/CJ-Portada-Kriptonita-Final-Acop-2.jpg?resize=1068%2C1068&amp;ssl=1 1068w, https:\/\/i0.wp.com\/elgeneracionalpost.com\/wp-content\/uploads\/2023\/03\/CJ-Portada-Kriptonita-Final-Acop-2.jpg?resize=1920%2C1920&amp;ssl=1 1920w, https:\/\/i0.wp.com\/elgeneracionalpost.com\/wp-content\/uploads\/2023\/03\/CJ-Portada-Kriptonita-Final-Acop-2.jpg?w=1392&amp;ssl=1 1392w\" data-lazy-sizes=\"(max-width: 696px) 100vw, 696px\" data-lazy-src=\"https:\/\/i0.wp.com\/elgeneracionalpost.com\/wp-content\/uploads\/2023\/03\/CJ-Portada-Kriptonita-Final-Acop-2.jpg?resize=696%2C696&amp;is-pending-load=1#038;ssl=1\" srcset=\"data:image\/gif;base64,R0lGODlhAQABAIAAAAAAAP\/\/\/yH5BAEAAAAALAAAAAABAAEAAAIBRAA7\"\/><noscript><img loading=\"lazy\" data-lazy-fallback=\"1\" data-attachment-id=\"84167\" data-permalink=\"https:\/\/elgeneracionalpost.com\/cultura\/2023\/0330\/84029\/carlos-jean-estoy-constantemente-creando-y-produciendo-bases.html\/attachment\/cj-portada-kriptonita-final-acop-2\" data-orig-file=\"https:\/\/i0.wp.com\/elgeneracionalpost.com\/wp-content\/uploads\/2023\/03\/CJ-Portada-Kriptonita-Final-Acop-2.jpg?fit=3000%2C3000&amp;ssl=1\" data-orig-size=\"3000,3000\" data-comments-opened=\"0\" data-image-meta=\"{&quot;aperture&quot;:&quot;0&quot;,&quot;credit&quot;:&quot;&quot;,&quot;camera&quot;:&quot;&quot;,&quot;caption&quot;:&quot;&quot;,&quot;created_timestamp&quot;:&quot;0&quot;,&quot;copyright&quot;:&quot;&quot;,&quot;focal_length&quot;:&quot;0&quot;,&quot;iso&quot;:&quot;0&quot;,&quot;shutter_speed&quot;:&quot;0&quot;,&quot;title&quot;:&quot;&quot;,&quot;orientation&quot;:&quot;1&quot;}\" data-image-title=\"CJ \u2013 Portada Kriptonita \u2013 Final Acop 2\" data-image-description=\"\" data-image-caption=\"&lt;p&gt;\u00abKriptonita\u00bb junto a la rapera Villano Antillano es la canci\u00f3n principal de la serie | Fuente: Sony Music&lt;\/p&gt;&#10;\" data-medium-file=\"https:\/\/i0.wp.com\/elgeneracionalpost.com\/wp-content\/uploads\/2023\/03\/CJ-Portada-Kriptonita-Final-Acop-2.jpg?fit=300%2C300&amp;ssl=1\" data-large-file=\"https:\/\/i0.wp.com\/elgeneracionalpost.com\/wp-content\/uploads\/2023\/03\/CJ-Portada-Kriptonita-Final-Acop-2.jpg?fit=696%2C696&amp;ssl=1\" decoding=\"async\" class=\"size-large wp-image-84167\" src=\"https:\/\/i0.wp.com\/elgeneracionalpost.com\/wp-content\/uploads\/2023\/03\/CJ-Portada-Kriptonita-Final-Acop-2.jpg?resize=696%2C696&amp;ssl=1\" alt=\"\" width=\"696\" height=\"696\" srcset=\"https:\/\/i0.wp.com\/elgeneracionalpost.com\/wp-content\/uploads\/2023\/03\/CJ-Portada-Kriptonita-Final-Acop-2.jpg?resize=1024%2C1024&amp;ssl=1 1024w, https:\/\/i0.wp.com\/elgeneracionalpost.com\/wp-content\/uploads\/2023\/03\/CJ-Portada-Kriptonita-Final-Acop-2.jpg?resize=300%2C300&amp;ssl=1 300w, https:\/\/i0.wp.com\/elgeneracionalpost.com\/wp-content\/uploads\/2023\/03\/CJ-Portada-Kriptonita-Final-Acop-2.jpg?resize=150%2C150&amp;ssl=1 150w, https:\/\/i0.wp.com\/elgeneracionalpost.com\/wp-content\/uploads\/2023\/03\/CJ-Portada-Kriptonita-Final-Acop-2.jpg?resize=768%2C768&amp;ssl=1 768w, https:\/\/i0.wp.com\/elgeneracionalpost.com\/wp-content\/uploads\/2023\/03\/CJ-Portada-Kriptonita-Final-Acop-2.jpg?resize=1536%2C1536&amp;ssl=1 1536w, https:\/\/i0.wp.com\/elgeneracionalpost.com\/wp-content\/uploads\/2023\/03\/CJ-Portada-Kriptonita-Final-Acop-2.jpg?resize=2048%2C2048&amp;ssl=1 2048w, https:\/\/i0.wp.com\/elgeneracionalpost.com\/wp-content\/uploads\/2023\/03\/CJ-Portada-Kriptonita-Final-Acop-2.jpg?resize=696%2C696&amp;ssl=1 696w, https:\/\/i0.wp.com\/elgeneracionalpost.com\/wp-content\/uploads\/2023\/03\/CJ-Portada-Kriptonita-Final-Acop-2.jpg?resize=1068%2C1068&amp;ssl=1 1068w, https:\/\/i0.wp.com\/elgeneracionalpost.com\/wp-content\/uploads\/2023\/03\/CJ-Portada-Kriptonita-Final-Acop-2.jpg?resize=1920%2C1920&amp;ssl=1 1920w, https:\/\/i0.wp.com\/elgeneracionalpost.com\/wp-content\/uploads\/2023\/03\/CJ-Portada-Kriptonita-Final-Acop-2.jpg?w=1392&amp;ssl=1 1392w\" sizes=\"auto, (max-width: 696px) 100vw, 696px\" data-recalc-dims=\"1\"\/><\/noscript><figcaption id=\"caption-attachment-84167\" class=\"wp-caption-text\">&quot;Kriptonita&quot; con il rapper Villano Antillano \u00e8 la canzone principale della serie | Fonte: Sony Music<\/figcaption><\/figure>\n<p>Con <strong>Cattivo delle Indie Occidentali<\/strong> Stavamo parlando di una base, di una danza che avevo segnato e che secondo me si adattava perfettamente alla scena. Inoltre \u00e8 la scena pi\u00f9 rappresentativa, diciamo, musicalmente parlando, perch\u00e9 alla fine c&#039;\u00e8 una carica musicale molto presente per molto tempo. \u00c8 una scena molto lunga ed \u00e8 anche <strong>la musica del trailer<\/strong>. Quindi ci incontriamo e <strong>Siamo tornati a casa verso le tre del mattino e abbiamo detto: &quot;Dai, registriamo&quot;. \u00c8 stato davvero pazzesco!<\/strong> Siamo riusciti a unire l&#039;idea che aveva lei con l&#039;idea che avevo io musicalmente. <strong>Ha scritto super velocemente, eravamo tutti in loop e nel giro di due ore avevamo un cocktail esplosivo<\/strong> come \u00e8 questo? <em><strong>kryptonite<\/strong><\/em>NO?<\/p>\n<p><strong>D: Oltre alla musica per la serie, in cui vediamo molto R&amp;B, funky beat e persino musica elettronica, come stanno procedendo i tuoi progetti personali? In quali stili o variet\u00e0 lavori o vorresti approfondire come artista e anche come produttore? <\/strong><\/p>\n<p><strong>IL: <\/strong>Come produttore lavoro ininterrottamente. IO <strong>Sto creando basi costantemente<\/strong> e cose del genere. Ora, per esempio, stavo realizzando una piccola base <strong><em>casa tecnologica<\/em><\/strong>  suonare nelle mie sessioni, perch\u00e9 per me <strong>Mi piace molto preparare direttamente<\/strong>. Ci sono momenti in cui mi sento un po&#039; carente di basi strumentali, quindi mi piace creare le mie basi in modo da poter fare delle sessioni un po&#039; pi\u00f9 mie. Proprio adesso <strong>Sto facendo la colonna sonora per <em>Tutti i nomi di Dio<\/em>l&#039;ultimo di Luis Tosar con Daniel Carpazolo, che \u00e8 un gran film<\/strong>. Ma s\u00ec, diciamo che il <em>essenziale<\/em> del mio lavoro adesso sar\u00e0 <strong>molto concentrato su tutto ci\u00f2 che riguarda film e serie<\/strong>.<\/p>\n<p><strong>D: Vorrei anche chiederti qualcosa sullo spettacolo, un&#039;altra cosa che ti piace molto come DJ. Ti abbiamo visto alla fine dell&#039;anno scorso a La Rioja, a Vitoria nell&#039;Eurolega di basket... Che spettacoli dal vivo hai in programma quest&#039;anno? <\/strong><\/p>\n<p><strong>IL: <\/strong>Beh, guarda, dato che alla fine devo combinare tutto con la parte del tour <strong>Continuo sempre ad esibirmi nei luoghi in cui ho le mie residenze da DJ, da Marina Beach a Formigal<\/strong>, a tutti i locali che frequento di solito. Poi d&#039;estate, che \u00e8 quando si concentrano tutti i concerti e le sessioni, quello che faccio normalmente \u00e8 <strong>andare a Cadice, dove ho uno studio di registrazione che si adatta alle mie composizioni<\/strong>. Nella mia testa i miei impegni sono un po&#039; confusi perch\u00e9 non so se sto pensando ai posti in cui sono stato o a dove devo andare. Ma dai,<strong> Quest&#039;anno sar\u00e0 come l&#039;anno scorso, che \u00e8 stato fantastico<\/strong>. Sono stato a Sanfermines, a Logro\u00f1o e in luoghi sempre emblematici e meravigliosi per le sessioni, ovviamente.<\/p>\n<p><strong>D: In poche parole, come descriveresti la serie? Perch\u00e9 i nostri lettori dovrebbero approfondire l&#039;argomento e ascoltare anche tutte le canzoni con cui hai collaborato?<\/strong><\/p>\n<p><strong>IL:<\/strong> Beh, credo di s\u00ec <strong>una serie realizzata con grande cura<\/strong>. \u00c8 una sceneggiatura davvero divertente perch\u00e9 ha molto a che fare con queste storie che sono cos\u00ec coinvolgenti, rapine da parte di alcuni bambini che vogliono raggiungere il &quot;paradiso&quot;, che incontrano una donna forte che li gestisce perfettamente... Penso che abbia <strong>tutti gli ingredienti per superare i sette capitoli super divertenti, scritti da un Daniel che migliora sempre di pi\u00f9.<\/strong> Vedere un tizio inseguito dalla polizia dopo avergli rubato del prosciutto e poi tirarglielo addosso... La verit\u00e0 \u00e8 che \u00e8 piuttosto curioso come questo si mescoli con la musica elettronica. <strong>Metto tutta la mia energia nella parte musicale per divertirmi negli inseguimenti che trovo pi\u00f9 che originali.<\/strong>. Penso che tu debba vedere <em>Verso il cielo: la serie<\/em>perch\u00e9 \u00e8 <strong>molto divertente, molto intenso e soprattutto molto ben fatto<\/strong>.<\/p>\n<p><span class=\"embed-youtube\" style=\"text-align:center; display: block;\"><iframe title=\"Fino al Paradiso: La Serie | Trailer ufficiale | Netflix Spagna\" width=\"790\" height=\"444\" src=\"https:\/\/www.youtube.com\/embed\/_VEapA4IHqA?feature=oembed\" frameborder=\"0\" allow=\"accelerometer; autoplay; clipboard-write; encrypted-media; gyroscope; picture-in-picture; web-share\" allowfullscreen><\/iframe><\/span><\/p>\n<p>Lui era <strong>IL<\/strong> <strong>\u00e8 stato bello parlare con Carlos Jean<\/strong>. Da EL GENERATIONAL non possiamo che ringraziare e augurare <strong>buona fortuna con <em>Verso il cielo: la serie<\/em> e tutti i tuoi progetti futuri<\/strong>.<\/p>\n<div class=\"sharedaddy sd-block sd-like jetpack-likes-widget-wrapper jetpack-likes-widget-unloaded\" id=\"like-post-wrapper-153844979-84029-642b62c51f78f\" data-src=\"https:\/\/widgets.wp.com\/likes\/#blog_id=153844979&amp;post_id=84029&amp;origin=elgeneracionalpost.com&amp;obj_id=153844979-84029-642b62c51f78f\" data-name=\"like-post-frame-153844979-84029-642b62c51f78f\" data-title=\"Me gusta o Compartir\">\n<h3 class=\"sd-title\">Mi piace questa:<\/h3>\n<p><span class=\"button\"><span>Mi piace<\/span><\/span> <span class=\"loading\">Caricamento\u2026<\/span><\/p>\n<p><span class=\"sd-text-color\"\/><\/div>\n<p><h3 class=\"jp-relatedposts-headline\"><em>Imparentato<\/em><\/h3>\n<\/p>\n<\/div>","protected":false},"excerpt":{"rendered":"<p>Abbiamo parlato con Carlos Jean, produttore musicale candidato a sette Latin Grammy, che ora presenta in anteprima la colonna sonora di At\u00e9 o\u2026 <\/p>","protected":false},"author":1,"featured_media":1002,"comment_status":"open","ping_status":"open","sticky":false,"template":"","format":"standard","meta":{"fifu_image_url":"https:\/\/elgeneracionalpost.com\/wp-content\/uploads\/2023\/03\/CJ-Portada-CD-Hasta-el-Cielo-Final-2-2-1024x1024.jpg","fifu_image_alt":"","footnotes":""},"categories":[35],"tags":[],"class_list":["post-1000","post","type-post","status-publish","format-standard","has-post-thumbnail","hentry","category-cultura-e-lazer","latest_post"],"yoast_head":"<!-- This site is optimized with the Yoast SEO plugin v27.3 - https:\/\/yoast.com\/product\/yoast-seo-wordpress\/ -->\n<title>&quot;Estou constantemente criando e produzindo bases&quot; - Tirinha.com<\/title>\n<meta name=\"robots\" content=\"index, follow, max-snippet:-1, max-image-preview:large, max-video-preview:-1\" \/>\n<link rel=\"canonical\" href=\"https:\/\/tirinha.com\/it\/1000\/mi-occupo-costantemente-della-creazione-e-della-produzione-di-database\/\" \/>\n<meta property=\"og:locale\" content=\"it_IT\" \/>\n<meta property=\"og:type\" content=\"article\" \/>\n<meta property=\"og:title\" content=\"&quot;Estou constantemente criando e produzindo bases&quot; - Tirinha.com\" \/>\n<meta property=\"og:description\" content=\"Conversamos com Carlos Jean, produtor musical indicado a sete Grammys Latinos que agora estreia a trilha sonora de At\u00e9 o &hellip;\" \/>\n<meta property=\"og:url\" content=\"https:\/\/tirinha.com\/it\/1000\/mi-occupo-costantemente-della-creazione-e-della-produzione-di-database\/\" \/>\n<meta property=\"og:site_name\" content=\"Tirinha.com\" \/>\n<meta property=\"article:published_time\" content=\"2023-04-03T23:35:35+00:00\" \/>\n<meta property=\"og:image\" content=\"https:\/\/elgeneracionalpost.com\/wp-content\/uploads\/2023\/03\/CJ-Portada-CD-Hasta-el-Cielo-Final-2-2-1024x1024.jpg\" \/>\n<meta name=\"author\" content=\"admin\" \/>\n<meta name=\"twitter:card\" content=\"summary_large_image\" \/>\n<meta name=\"twitter:image\" content=\"https:\/\/elgeneracionalpost.com\/wp-content\/uploads\/2023\/03\/CJ-Portada-CD-Hasta-el-Cielo-Final-2-2-1024x1024.jpg\" \/>\n<meta name=\"twitter:label1\" content=\"Scritto da\" \/>\n\t<meta name=\"twitter:data1\" content=\"admin\" \/>\n\t<meta name=\"twitter:label2\" content=\"Tempo di lettura stimato\" \/>\n\t<meta name=\"twitter:data2\" content=\"7 minuti\" \/>\n<script type=\"application\/ld+json\" class=\"yoast-schema-graph\">{\"@context\":\"https:\\\/\\\/schema.org\",\"@graph\":[{\"@type\":\"Article\",\"@id\":\"https:\\\/\\\/tirinha.com\\\/1000\\\/estou-constantemente-criando-e-produzindo-bases\\\/#article\",\"isPartOf\":{\"@id\":\"https:\\\/\\\/tirinha.com\\\/1000\\\/estou-constantemente-criando-e-produzindo-bases\\\/\"},\"author\":{\"name\":\"admin\",\"@id\":\"https:\\\/\\\/tirinha.com\\\/#\\\/schema\\\/person\\\/e22bdfbe17e0461f7e927e6a1208d4d9\"},\"headline\":\"&#8220;Estou constantemente criando e produzindo bases&#8221;\",\"datePublished\":\"2023-04-03T23:35:35+00:00\",\"mainEntityOfPage\":{\"@id\":\"https:\\\/\\\/tirinha.com\\\/1000\\\/estou-constantemente-criando-e-produzindo-bases\\\/\"},\"wordCount\":1504,\"commentCount\":0,\"publisher\":{\"@id\":\"https:\\\/\\\/tirinha.com\\\/#organization\"},\"image\":{\"@id\":\"https:\\\/\\\/tirinha.com\\\/1000\\\/estou-constantemente-criando-e-produzindo-bases\\\/#primaryimage\"},\"thumbnailUrl\":\"https:\\\/\\\/elgeneracionalpost.com\\\/wp-content\\\/uploads\\\/2023\\\/03\\\/CJ-Portada-CD-Hasta-el-Cielo-Final-2-2-1024x1024.jpg\",\"articleSection\":[\"Cultura e lazer\"],\"inLanguage\":\"it-IT\",\"potentialAction\":[{\"@type\":\"CommentAction\",\"name\":\"Comment\",\"target\":[\"https:\\\/\\\/tirinha.com\\\/1000\\\/estou-constantemente-criando-e-produzindo-bases\\\/#respond\"]}]},{\"@type\":\"WebPage\",\"@id\":\"https:\\\/\\\/tirinha.com\\\/1000\\\/estou-constantemente-criando-e-produzindo-bases\\\/\",\"url\":\"https:\\\/\\\/tirinha.com\\\/1000\\\/estou-constantemente-criando-e-produzindo-bases\\\/\",\"name\":\"\\\"Estou constantemente criando e produzindo bases\\\" - Tirinha.com\",\"isPartOf\":{\"@id\":\"https:\\\/\\\/tirinha.com\\\/#website\"},\"primaryImageOfPage\":{\"@id\":\"https:\\\/\\\/tirinha.com\\\/1000\\\/estou-constantemente-criando-e-produzindo-bases\\\/#primaryimage\"},\"image\":{\"@id\":\"https:\\\/\\\/tirinha.com\\\/1000\\\/estou-constantemente-criando-e-produzindo-bases\\\/#primaryimage\"},\"thumbnailUrl\":\"https:\\\/\\\/elgeneracionalpost.com\\\/wp-content\\\/uploads\\\/2023\\\/03\\\/CJ-Portada-CD-Hasta-el-Cielo-Final-2-2-1024x1024.jpg\",\"datePublished\":\"2023-04-03T23:35:35+00:00\",\"breadcrumb\":{\"@id\":\"https:\\\/\\\/tirinha.com\\\/1000\\\/estou-constantemente-criando-e-produzindo-bases\\\/#breadcrumb\"},\"inLanguage\":\"it-IT\",\"potentialAction\":[{\"@type\":\"ReadAction\",\"target\":[\"https:\\\/\\\/tirinha.com\\\/1000\\\/estou-constantemente-criando-e-produzindo-bases\\\/\"]}]},{\"@type\":\"ImageObject\",\"inLanguage\":\"it-IT\",\"@id\":\"https:\\\/\\\/tirinha.com\\\/1000\\\/estou-constantemente-criando-e-produzindo-bases\\\/#primaryimage\",\"url\":\"https:\\\/\\\/elgeneracionalpost.com\\\/wp-content\\\/uploads\\\/2023\\\/03\\\/CJ-Portada-CD-Hasta-el-Cielo-Final-2-2-1024x1024.jpg\",\"contentUrl\":\"https:\\\/\\\/elgeneracionalpost.com\\\/wp-content\\\/uploads\\\/2023\\\/03\\\/CJ-Portada-CD-Hasta-el-Cielo-Final-2-2-1024x1024.jpg\"},{\"@type\":\"BreadcrumbList\",\"@id\":\"https:\\\/\\\/tirinha.com\\\/1000\\\/estou-constantemente-criando-e-produzindo-bases\\\/#breadcrumb\",\"itemListElement\":[{\"@type\":\"ListItem\",\"position\":1,\"name\":\"Home\",\"item\":\"https:\\\/\\\/tirinha.com\\\/\"},{\"@type\":\"ListItem\",\"position\":2,\"name\":\"&#8220;Estou constantemente criando e produzindo bases&#8221;\"}]},{\"@type\":\"WebSite\",\"@id\":\"https:\\\/\\\/tirinha.com\\\/#website\",\"url\":\"https:\\\/\\\/tirinha.com\\\/\",\"name\":\"Tirinha.com\",\"description\":\"Arte e livros resenhas\",\"publisher\":{\"@id\":\"https:\\\/\\\/tirinha.com\\\/#organization\"},\"potentialAction\":[{\"@type\":\"SearchAction\",\"target\":{\"@type\":\"EntryPoint\",\"urlTemplate\":\"https:\\\/\\\/tirinha.com\\\/?s={search_term_string}\"},\"query-input\":{\"@type\":\"PropertyValueSpecification\",\"valueRequired\":true,\"valueName\":\"search_term_string\"}}],\"inLanguage\":\"it-IT\"},{\"@type\":\"Organization\",\"@id\":\"https:\\\/\\\/tirinha.com\\\/#organization\",\"name\":\"Tirinha.com\",\"url\":\"https:\\\/\\\/tirinha.com\\\/\",\"logo\":{\"@type\":\"ImageObject\",\"inLanguage\":\"it-IT\",\"@id\":\"https:\\\/\\\/tirinha.com\\\/#\\\/schema\\\/logo\\\/image\\\/\",\"url\":\"https:\\\/\\\/tirinha.com\\\/wp-content\\\/uploads\\\/2023\\\/08\\\/cropped-Logo-Tirinha.webp\",\"contentUrl\":\"https:\\\/\\\/tirinha.com\\\/wp-content\\\/uploads\\\/2023\\\/08\\\/cropped-Logo-Tirinha.webp\",\"width\":512,\"height\":512,\"caption\":\"Tirinha.com\"},\"image\":{\"@id\":\"https:\\\/\\\/tirinha.com\\\/#\\\/schema\\\/logo\\\/image\\\/\"}},{\"@type\":\"Person\",\"@id\":\"https:\\\/\\\/tirinha.com\\\/#\\\/schema\\\/person\\\/e22bdfbe17e0461f7e927e6a1208d4d9\",\"name\":\"admin\",\"image\":{\"@type\":\"ImageObject\",\"inLanguage\":\"it-IT\",\"@id\":\"https:\\\/\\\/tirinha.com\\\/wp-content\\\/litespeed\\\/avatar\\\/d0068f7931cc87d7274eb0c3db1deb4b.jpg?ver=1776829466\",\"url\":\"https:\\\/\\\/tirinha.com\\\/wp-content\\\/litespeed\\\/avatar\\\/d0068f7931cc87d7274eb0c3db1deb4b.jpg?ver=1776829466\",\"contentUrl\":\"https:\\\/\\\/tirinha.com\\\/wp-content\\\/litespeed\\\/avatar\\\/d0068f7931cc87d7274eb0c3db1deb4b.jpg?ver=1776829466\",\"caption\":\"admin\"},\"sameAs\":[\"https:\\\/\\\/tirinha.com\"],\"url\":\"https:\\\/\\\/tirinha.com\\\/it\\\/author\\\/admin\\\/\"}]}<\/script>\n<!-- \/ Yoast SEO plugin. -->","yoast_head_json":{"title":"\"&quot;Creo e produco basi costantemente&quot; - Tirinha.com","robots":{"index":"index","follow":"follow","max-snippet":"max-snippet:-1","max-image-preview":"max-image-preview:large","max-video-preview":"max-video-preview:-1"},"canonical":"https:\/\/tirinha.com\/it\/1000\/mi-occupo-costantemente-della-creazione-e-della-produzione-di-database\/","og_locale":"it_IT","og_type":"article","og_title":"\"Estou constantemente criando e produzindo bases\" - Tirinha.com","og_description":"Conversamos com Carlos Jean, produtor musical indicado a sete Grammys Latinos que agora estreia a trilha sonora de At\u00e9 o &hellip;","og_url":"https:\/\/tirinha.com\/it\/1000\/mi-occupo-costantemente-della-creazione-e-della-produzione-di-database\/","og_site_name":"Tirinha.com","article_published_time":"2023-04-03T23:35:35+00:00","og_image":[{"url":"https:\/\/elgeneracionalpost.com\/wp-content\/uploads\/2023\/03\/CJ-Portada-CD-Hasta-el-Cielo-Final-2-2-1024x1024.jpg","type":"","width":"","height":""}],"author":"admin","twitter_card":"summary_large_image","twitter_image":"https:\/\/elgeneracionalpost.com\/wp-content\/uploads\/2023\/03\/CJ-Portada-CD-Hasta-el-Cielo-Final-2-2-1024x1024.jpg","twitter_misc":{"Scritto da":"admin","Tempo di lettura stimato":"7 minuti"},"schema":{"@context":"https:\/\/schema.org","@graph":[{"@type":"Article","@id":"https:\/\/tirinha.com\/1000\/estou-constantemente-criando-e-produzindo-bases\/#article","isPartOf":{"@id":"https:\/\/tirinha.com\/1000\/estou-constantemente-criando-e-produzindo-bases\/"},"author":{"name":"admin","@id":"https:\/\/tirinha.com\/#\/schema\/person\/e22bdfbe17e0461f7e927e6a1208d4d9"},"headline":"&#8220;Estou constantemente criando e produzindo bases&#8221;","datePublished":"2023-04-03T23:35:35+00:00","mainEntityOfPage":{"@id":"https:\/\/tirinha.com\/1000\/estou-constantemente-criando-e-produzindo-bases\/"},"wordCount":1504,"commentCount":0,"publisher":{"@id":"https:\/\/tirinha.com\/#organization"},"image":{"@id":"https:\/\/tirinha.com\/1000\/estou-constantemente-criando-e-produzindo-bases\/#primaryimage"},"thumbnailUrl":"https:\/\/elgeneracionalpost.com\/wp-content\/uploads\/2023\/03\/CJ-Portada-CD-Hasta-el-Cielo-Final-2-2-1024x1024.jpg","articleSection":["Cultura e lazer"],"inLanguage":"it-IT","potentialAction":[{"@type":"CommentAction","name":"Comment","target":["https:\/\/tirinha.com\/1000\/estou-constantemente-criando-e-produzindo-bases\/#respond"]}]},{"@type":"WebPage","@id":"https:\/\/tirinha.com\/1000\/estou-constantemente-criando-e-produzindo-bases\/","url":"https:\/\/tirinha.com\/1000\/estou-constantemente-criando-e-produzindo-bases\/","name":"\"&quot;Creo e produco basi costantemente&quot; - Tirinha.com","isPartOf":{"@id":"https:\/\/tirinha.com\/#website"},"primaryImageOfPage":{"@id":"https:\/\/tirinha.com\/1000\/estou-constantemente-criando-e-produzindo-bases\/#primaryimage"},"image":{"@id":"https:\/\/tirinha.com\/1000\/estou-constantemente-criando-e-produzindo-bases\/#primaryimage"},"thumbnailUrl":"https:\/\/elgeneracionalpost.com\/wp-content\/uploads\/2023\/03\/CJ-Portada-CD-Hasta-el-Cielo-Final-2-2-1024x1024.jpg","datePublished":"2023-04-03T23:35:35+00:00","breadcrumb":{"@id":"https:\/\/tirinha.com\/1000\/estou-constantemente-criando-e-produzindo-bases\/#breadcrumb"},"inLanguage":"it-IT","potentialAction":[{"@type":"ReadAction","target":["https:\/\/tirinha.com\/1000\/estou-constantemente-criando-e-produzindo-bases\/"]}]},{"@type":"ImageObject","inLanguage":"it-IT","@id":"https:\/\/tirinha.com\/1000\/estou-constantemente-criando-e-produzindo-bases\/#primaryimage","url":"https:\/\/elgeneracionalpost.com\/wp-content\/uploads\/2023\/03\/CJ-Portada-CD-Hasta-el-Cielo-Final-2-2-1024x1024.jpg","contentUrl":"https:\/\/elgeneracionalpost.com\/wp-content\/uploads\/2023\/03\/CJ-Portada-CD-Hasta-el-Cielo-Final-2-2-1024x1024.jpg"},{"@type":"BreadcrumbList","@id":"https:\/\/tirinha.com\/1000\/estou-constantemente-criando-e-produzindo-bases\/#breadcrumb","itemListElement":[{"@type":"ListItem","position":1,"name":"Home","item":"https:\/\/tirinha.com\/"},{"@type":"ListItem","position":2,"name":"&#8220;Estou constantemente criando e produzindo bases&#8221;"}]},{"@type":"WebSite","@id":"https:\/\/tirinha.com\/#website","url":"https:\/\/tirinha.com\/","name":"Fumetto.com","description":"Recensioni di arte e libri","publisher":{"@id":"https:\/\/tirinha.com\/#organization"},"potentialAction":[{"@type":"SearchAction","target":{"@type":"EntryPoint","urlTemplate":"https:\/\/tirinha.com\/?s={search_term_string}"},"query-input":{"@type":"PropertyValueSpecification","valueRequired":true,"valueName":"search_term_string"}}],"inLanguage":"it-IT"},{"@type":"Organization","@id":"https:\/\/tirinha.com\/#organization","name":"Fumetto.com","url":"https:\/\/tirinha.com\/","logo":{"@type":"ImageObject","inLanguage":"it-IT","@id":"https:\/\/tirinha.com\/#\/schema\/logo\/image\/","url":"https:\/\/tirinha.com\/wp-content\/uploads\/2023\/08\/cropped-Logo-Tirinha.webp","contentUrl":"https:\/\/tirinha.com\/wp-content\/uploads\/2023\/08\/cropped-Logo-Tirinha.webp","width":512,"height":512,"caption":"Tirinha.com"},"image":{"@id":"https:\/\/tirinha.com\/#\/schema\/logo\/image\/"}},{"@type":"Person","@id":"https:\/\/tirinha.com\/#\/schema\/person\/e22bdfbe17e0461f7e927e6a1208d4d9","name":"amministratore","image":{"@type":"ImageObject","inLanguage":"it-IT","@id":"https:\/\/tirinha.com\/wp-content\/litespeed\/avatar\/d0068f7931cc87d7274eb0c3db1deb4b.jpg?ver=1776829466","url":"https:\/\/tirinha.com\/wp-content\/litespeed\/avatar\/d0068f7931cc87d7274eb0c3db1deb4b.jpg?ver=1776829466","contentUrl":"https:\/\/tirinha.com\/wp-content\/litespeed\/avatar\/d0068f7931cc87d7274eb0c3db1deb4b.jpg?ver=1776829466","caption":"admin"},"sameAs":["https:\/\/tirinha.com"],"url":"https:\/\/tirinha.com\/it\/author\/admin\/"}]}},"_links":{"self":[{"href":"https:\/\/tirinha.com\/it\/wp-json\/wp\/v2\/posts\/1000","targetHints":{"allow":["GET"]}}],"collection":[{"href":"https:\/\/tirinha.com\/it\/wp-json\/wp\/v2\/posts"}],"about":[{"href":"https:\/\/tirinha.com\/it\/wp-json\/wp\/v2\/types\/post"}],"author":[{"embeddable":true,"href":"https:\/\/tirinha.com\/it\/wp-json\/wp\/v2\/users\/1"}],"replies":[{"embeddable":true,"href":"https:\/\/tirinha.com\/it\/wp-json\/wp\/v2\/comments?post=1000"}],"version-history":[{"count":0,"href":"https:\/\/tirinha.com\/it\/wp-json\/wp\/v2\/posts\/1000\/revisions"}],"wp:featuredmedia":[{"embeddable":true,"href":"https:\/\/tirinha.com\/it\/wp-json\/wp\/v2\/media\/1002"}],"wp:attachment":[{"href":"https:\/\/tirinha.com\/it\/wp-json\/wp\/v2\/media?parent=1000"}],"wp:term":[{"taxonomy":"category","embeddable":true,"href":"https:\/\/tirinha.com\/it\/wp-json\/wp\/v2\/categories?post=1000"},{"taxonomy":"post_tag","embeddable":true,"href":"https:\/\/tirinha.com\/it\/wp-json\/wp\/v2\/tags?post=1000"}],"curies":[{"name":"parola chiave","href":"https:\/\/api.w.org\/{rel}","templated":true}]}}