{"id":968,"date":"2023-04-03T22:57:16","date_gmt":"2023-04-03T22:57:16","guid":{"rendered":"https:\/\/tirinha.com\/andres-felipe-solano-tentei-replicar-a-forma-como-pensamos\/"},"modified":"2023-04-03T22:57:16","modified_gmt":"2023-04-03T22:57:16","slug":"andres-felipe-solano-pokusao-sam-replicirati-nacin-na-koji-razmisljamo","status":"publish","type":"post","link":"https:\/\/tirinha.com\/hr\/968\/andres-felipe-solano-tentei-replicar-a-forma-como-pensamos\/","title":{"rendered":"Andr\u00e9s Felipe Solano: \u201cPoku\u0161ao sam ponoviti na\u010din na koji razmi\u0161ljamo\u201d"},"content":{"rendered":"<p><\/p>\n<div>\n<h2><em>Slava,<\/em> Njezin posljednji fikcijski roman intimno je, retrospektivno putovanje kroz scene iz \u017eivota majke koja se dr\u017ei za ruke sa svojim sinom.<\/h2>\n<p><strong>Andr\u00e9s Felipe Solano je kolumbijski novinar i romanopisac. Godine 2010. \u010dasopis Granta, u kojem je objavljivao kratke pri\u010de, izabrao ga je me\u0111u 22 najbolja mlada pripovjeda\u010da na \u0161panjolskom jeziku. Tako\u0111er je pisao za The New York Times Magazine, McSweeney&#039;s i Gatopardo.<\/strong><\/p>\n<p>tvoja zadnja knjiga <em>Minimalna pla\u0107a. \u017eivjeti bez i\u010dega<\/em> Bio je finalist za nagradu New Ibero-American Journalism Foundation. Tijekom boravka u azijskoj zemlji, napisao je <em>Koreja, bilje\u0161ke po u\u017eetu<\/em> (2015), koja je dobila nagradu Colombian Narrative Library Award. Ostale njegove publikacije su <em>spasi me Joe Louis<\/em> (2007), <em>bra\u0107a vrane<\/em> (2013) i <em>neonska groblja<\/em> (2017) fikcija i <em>Dani groznice<\/em> (2020) publicistika.<\/p>\n<p>Solano, koji \u017eivi u Seulu gotovo cijelo desetlje\u0107e, do\u0161ao je u \u0161panjolsku prijestolnicu kako bi sudjelovao na Me\u0111unarodnom knji\u017eevnom festivalu Matadero Madrid. Zahvaljuju\u0107i SextoPisu, El Generacional ga intervjuira u Hotelu de las Letras kako bi saznao ne\u0161to o kreativnom procesu <em>Slava<\/em>.<\/p>\n<p><strong>Pitanje: Postoji izraz Fran\u00e7oisa Truffauta koji ka\u017ee: \u201ckino je poput vlaka koji staje u najva\u017enijim trenucima u \u017eivotu\u201d, primijenjeno na knji\u017eevnost; Za\u0161to ste odabrali 11. travnja 1970. da ispri\u010date pri\u010du svoje majke Gl\u00f3rije?<\/strong><\/p>\n<p><strong>Odgovoriti:<\/strong> Odabir je bio veliki problem. Od malena sam znala pri\u010du svoje majke. Ne u detalje, ve\u0107 pri\u010da o mladoj \u017eeni koja \u017eivi sama u New Yorku; to je <strong>Otkad sam po\u010deo razmi\u0161ljati o tome da budem pisac, znao sam da \u0107u to jednog dana prona\u0107i.<\/strong>. Kad mi je postalo sasvim jasno da \u0107u to napisati u knjizi, po\u010deo sam razgovarati s majkom, koja ima jako dobro pam\u0107enje, i ona mi je detaljnije ispri\u010dala tu godinu 1970. U Latinskoj Americi Sandro je vrlo va\u017ean; Pa kad sam \u010duo za ovu emisiju, palo mi je na pamet da pi\u0161em o tom danu. Kasnije, planiraju\u0107i knjigu, pisao sam druge trenutke iz njegova \u017eivota, uvijek se fokusiraju\u0107i na tri ljubavne pri\u010de koje su imale mnogo veze sa Sjedinjenim Dr\u017eavama. Poku\u0161avaju\u0107i ih spojiti, palo mi je na pamet da upotrijebim ovaj knji\u017eevni motiv koji je \u201cjedan dan u \u017eivotu\u2026\u201d; Koristili su ga veliki pisci poput Jamesa Joycea u <em>Uliks<\/em>Malcolm Lowry unutra <em>ispod vulkana<\/em> ili Virginia Wolf u <em>gospo\u0111o Dalloway<\/em>.<\/p>\n<p><strong>P: Romani koje ste spomenuli vi\u0161estruko su dulji <em>Slava<\/em>U kojem ste trenutku donijeli odluku da tako slo\u017eenu pri\u010du do\u010darate u kratkom romanu?<\/strong><\/p>\n<p>O: Ne planiram svoje knjige iscrpno. Kad sam po\u010deo pisati, osje\u0107ao sam da \u0107e to biti kratki roman jer <strong>Moja ambicija nije bila romansirati cijeli \u017eivot moje majke, unato\u010d obilju velikih doga\u0111aja u njemu.<\/strong>. Mo\u017eda bih se dugo zaglavio ili zapeo u pisanju knjige, da sam je vukao. To je pri\u010da koja je sa mnom oduvijek, kad sam jednom odlu\u010dio da je ispri\u010dam, morao sam to u\u010diniti \u0161to je br\u017ee mogu\u0107e.<\/p>\n<p><strong>P: Upravo, narativ romana je pun anakronija, za\u0161to ste odlu\u010dili da \u010ditatelj zna Gl\u00f3rijinu pro\u0161lost i, uglavnom, Gl\u00f3rijinu budu\u0107nost?<\/strong><\/p>\n<p>O: Kada odlu\u010dujete koristiti &quot;jedan dan u \u017eivotu&quot;, <strong>Razmi\u0161ljao sam o mogu\u0107nosti da jedan dan kondenzira sve na\u0161e dane ili mogu\u0107nosti svih na\u0161ih budu\u0107nosti<\/strong>; i rekao sam sebi: poku\u0161at \u0107u to u\u010diniti, zato knjiga ima te skokove u vremenu. Nadalje, poku\u0161ao sam u jednom danu Glorijinog \u017eivota reproducirati na\u010din na koji razmi\u0161ljamo. kada to u\u010dinimo <strong>mali dio nas je u sada\u0161njosti, ve\u0107inu vremena razmi\u0161ljamo o bli\u017eoj i daljoj budu\u0107nosti ili pro\u0161losti<\/strong>, \u010dak i ako je bilo prije pet minuta. Ukratko, uvijek smo kao lopta <em>arkada<\/em>.<\/p>\n<p><strong>P: Bez izlaska iz forme, u <em>Slava<\/em> prevladava slobodni neizravni stil; Preko sina \u010ditatelj se pribli\u017eava Gl\u00f3rijinim mislima i sporednim likovima. Kakvu vrijednost romanu ima \u010dinjenica da pripovijeda sin, a ne sama protagonistica, njegova majka?<\/strong><\/p>\n<p>O: Majka poznaje svoje dijete od ro\u0111enja i sa sigurno\u0161\u0107u \u0107e znati kakvo je ono kroz \u017eivot. S druge strane, sin zna vrlo malo o povijesti svoje majke prije nego \u0161to je on bio sin, a ona majka. To je ono \u0161to me zanimalo da ispri\u010dam. U prvom nacrtu osjetio sam da se taj sin pojavio izravnije kako bi se suo\u010dio s majkom, razmislio o njihovom odnosu i \u010dak ga poku\u0161ao usporediti s drugim knji\u017eevnim odnosima u knjigama koje se bave majkama i djecom. Kad sam dosegao ovaj drugi oblik, \u017eena koja se \u010dinila objektom sukoba postala je subjekt, lik koji je po\u010deo \u017eivjeti vlastiti \u017eivot. Zauzvrat, <strong>Nisam se mogla odvojiti ni od ideje da sam ja ta koja je odlu\u010dila ispri\u010dati tu pri\u010du<\/strong>. Tako pripovjeda\u010d rezultira \u010dudnom igrom koja se od po\u010detka najavljuje kako bi upozorila \u010ditatelja da je on tu; ali tako\u0111er je potro\u0161eno pustiti lik da \u017eivi svoj dan.<\/p>\n<p><strong>P: &quot;Koliko ste puta dali sve od sebe da odgovorite na moje?&quot; i &quot;\u0160to biste pitali svoje roditelje da mo\u017eete?&quot; to su intervencije koje se pojavljuju u romanu; Biste li svoje stvaranje definirali kao proces u\u010denja?<\/strong><\/p>\n<p>O: Nisam siguran jesam li nau\u010dio \u0161to zna\u010di biti dobar sin, ali nau\u010dio sam puno stvari od Gl\u00f3rije kao osobe. \u010cim sam ih stavio na papir mogao sam ih sigurno vidjeti. vjerujem da <strong>Ona je, tako\u0111er vidjev\u0161i sebe napisanu, shvatila u ve\u0107oj dimenziji \u0161to je njezin \u017eivot i kamo ju je odveo.<\/strong><\/p>\n<p><strong>P: Kako iz najsvakodnevnijih procesa uspijevate izvu\u0107i takvu introspektivnu vje\u017ebu?<\/strong><\/p>\n<p>O: Ne znam (smijeh). Volio bih da imam vi\u0161e jasno\u0107e da to poku\u0161am ponoviti. Gledajte, napisao sam knjigu tzv <em>Koreja, bilje\u0161ke po u\u017eetu<\/em> i mislim da sam tu imao sposobnost pisati svakodnevne trenutke i pritom im dati poetsko zna\u010denje. Prvi nacrt od<em> Slava<\/em> Poku\u0161avao sam preslikati oblik dnevnika svoje prethodne knjige: fragmentarno i ispovjedno u glasu. Nisam veliki \u010ditatelj poezije, Charles \u0160imi\u0107 je bio taj koji me je natjerao da otkrijem te\u017einu tih trenutaka. <strong>Mislim da bi pri\u010danjem tog dana onako kako se mogao dogoditi stil bio pau\u0161alni i \u010ditatelj bi ostao s idejom da je to bila obi\u010dna anegdota.<\/strong> djevojke koja ide na koncert.<\/p>\n<figure id=\"attachment_84663\" aria-describedby=\"caption-attachment-84663\" style=\"width: 350px\" class=\"wp-caption aligncenter\"><img fetchpriority=\"high\" data-attachment-id=\"84663\" data-permalink=\"https:\/\/elgeneracionalpost.com\/cultura\/2023\/0403\/84653\/andres-felipe-solano-trate-de-replicar-la-manera-en-que-pensamos.html\/attachment\/10c740f1-6479-4395-9a32-1d2cf7d50acb\" data-orig-file=\"https:\/\/i0.wp.com\/elgeneracionalpost.com\/wp-content\/uploads\/2023\/04\/10C740F1-6479-4395-9A32-1D2CF7D50ACB.jpeg?fit=350%2C538&amp;ssl=1\" data-orig-size=\"350,538\" data-comments-opened=\"0\" data-image-meta=\"{&quot;aperture&quot;:&quot;0&quot;,&quot;credit&quot;:&quot;&quot;,&quot;camera&quot;:&quot;&quot;,&quot;caption&quot;:&quot;&quot;,&quot;created_timestamp&quot;:&quot;0&quot;,&quot;copyright&quot;:&quot;&quot;,&quot;focal_length&quot;:&quot;0&quot;,&quot;iso&quot;:&quot;0&quot;,&quot;shutter_speed&quot;:&quot;0&quot;,&quot;title&quot;:&quot;&quot;,&quot;orientation&quot;:&quot;0&quot;}\" data-image-title=\"10C740F1-6479-4395-9A32-1D2CF7D50ACB\" data-image-description=\"\" data-image-caption=\"&lt;p&gt;Portada de Gloria | Fuente: SextoPiso&lt;\/p&gt;&#10;\" data-medium-file=\"https:\/\/i0.wp.com\/elgeneracionalpost.com\/wp-content\/uploads\/2023\/04\/10C740F1-6479-4395-9A32-1D2CF7D50ACB.jpeg?fit=195%2C300&amp;ssl=1\" data-large-file=\"https:\/\/i0.wp.com\/elgeneracionalpost.com\/wp-content\/uploads\/2023\/04\/10C740F1-6479-4395-9A32-1D2CF7D50ACB.jpeg?fit=350%2C538&amp;ssl=1\" decoding=\"async\" class=\"wp-image-84663 size-full jetpack-lazy-image\" src=\"https:\/\/i0.wp.com\/elgeneracionalpost.com\/wp-content\/uploads\/2023\/04\/10C740F1-6479-4395-9A32-1D2CF7D50ACB.jpeg?resize=350%2C538&amp;ssl=1\" alt=\"\" width=\"350\" height=\"538\" data-recalc-dims=\"1\" data-lazy-srcset=\"https:\/\/i0.wp.com\/elgeneracionalpost.com\/wp-content\/uploads\/2023\/04\/10C740F1-6479-4395-9A32-1D2CF7D50ACB.jpeg?w=350&amp;ssl=1 350w, https:\/\/i0.wp.com\/elgeneracionalpost.com\/wp-content\/uploads\/2023\/04\/10C740F1-6479-4395-9A32-1D2CF7D50ACB.jpeg?resize=195%2C300&amp;ssl=1 195w, https:\/\/i0.wp.com\/elgeneracionalpost.com\/wp-content\/uploads\/2023\/04\/10C740F1-6479-4395-9A32-1D2CF7D50ACB.jpeg?resize=150%2C231&amp;ssl=1 150w, https:\/\/i0.wp.com\/elgeneracionalpost.com\/wp-content\/uploads\/2023\/04\/10C740F1-6479-4395-9A32-1D2CF7D50ACB.jpeg?resize=300%2C461&amp;ssl=1 300w\" data-lazy-sizes=\"(max-width: 350px) 100vw, 350px\" data-lazy-src=\"https:\/\/i0.wp.com\/elgeneracionalpost.com\/wp-content\/uploads\/2023\/04\/10C740F1-6479-4395-9A32-1D2CF7D50ACB.jpeg?resize=350%2C538&amp;is-pending-load=1#038;ssl=1\" srcset=\"data:image\/gif;base64,R0lGODlhAQABAIAAAAAAAP\/\/\/yH5BAEAAAAALAAAAAABAAEAAAIBRAA7\"\/><noscript><img data-lazy-fallback=\"1\" data-attachment-id=\"84663\" data-permalink=\"https:\/\/elgeneracionalpost.com\/cultura\/2023\/0403\/84653\/andres-felipe-solano-trate-de-replicar-la-manera-en-que-pensamos.html\/attachment\/10c740f1-6479-4395-9a32-1d2cf7d50acb\" data-orig-file=\"https:\/\/i0.wp.com\/elgeneracionalpost.com\/wp-content\/uploads\/2023\/04\/10C740F1-6479-4395-9A32-1D2CF7D50ACB.jpeg?fit=350%2C538&amp;ssl=1\" data-orig-size=\"350,538\" data-comments-opened=\"0\" data-image-meta=\"{&quot;aperture&quot;:&quot;0&quot;,&quot;credit&quot;:&quot;&quot;,&quot;camera&quot;:&quot;&quot;,&quot;caption&quot;:&quot;&quot;,&quot;created_timestamp&quot;:&quot;0&quot;,&quot;copyright&quot;:&quot;&quot;,&quot;focal_length&quot;:&quot;0&quot;,&quot;iso&quot;:&quot;0&quot;,&quot;shutter_speed&quot;:&quot;0&quot;,&quot;title&quot;:&quot;&quot;,&quot;orientation&quot;:&quot;0&quot;}\" data-image-title=\"10C740F1-6479-4395-9A32-1D2CF7D50ACB\" data-image-description=\"\" data-image-caption=\"&lt;p&gt;Portada de Gloria | Fuente: SextoPiso&lt;\/p&gt;&#10;\" data-medium-file=\"https:\/\/i0.wp.com\/elgeneracionalpost.com\/wp-content\/uploads\/2023\/04\/10C740F1-6479-4395-9A32-1D2CF7D50ACB.jpeg?fit=195%2C300&amp;ssl=1\" data-large-file=\"https:\/\/i0.wp.com\/elgeneracionalpost.com\/wp-content\/uploads\/2023\/04\/10C740F1-6479-4395-9A32-1D2CF7D50ACB.jpeg?fit=350%2C538&amp;ssl=1\" decoding=\"async\" class=\"wp-image-84663 size-full\" src=\"https:\/\/i0.wp.com\/elgeneracionalpost.com\/wp-content\/uploads\/2023\/04\/10C740F1-6479-4395-9A32-1D2CF7D50ACB.jpeg?resize=350%2C538&amp;ssl=1\" alt=\"\" width=\"350\" height=\"538\" srcset=\"https:\/\/i0.wp.com\/elgeneracionalpost.com\/wp-content\/uploads\/2023\/04\/10C740F1-6479-4395-9A32-1D2CF7D50ACB.jpeg?w=350&amp;ssl=1 350w, https:\/\/i0.wp.com\/elgeneracionalpost.com\/wp-content\/uploads\/2023\/04\/10C740F1-6479-4395-9A32-1D2CF7D50ACB.jpeg?resize=195%2C300&amp;ssl=1 195w, https:\/\/i0.wp.com\/elgeneracionalpost.com\/wp-content\/uploads\/2023\/04\/10C740F1-6479-4395-9A32-1D2CF7D50ACB.jpeg?resize=150%2C231&amp;ssl=1 150w, https:\/\/i0.wp.com\/elgeneracionalpost.com\/wp-content\/uploads\/2023\/04\/10C740F1-6479-4395-9A32-1D2CF7D50ACB.jpeg?resize=300%2C461&amp;ssl=1 300w\" sizes=\"(max-width: 350px) 100vw, 350px\" data-recalc-dims=\"1\"\/><\/noscript><figcaption id=\"caption-attachment-84663\" class=\"wp-caption-text\">Rt slave | Izvor: Sixth Floor<\/figcaption><\/figure>\n<p><strong>P: \u010citatelj je privu\u010den New Yorkom dok hoda ruku pod ruku s Glorijom i Tigrom. Na koji na\u010din istra\u017eujete kretanje gradova?<\/strong><\/p>\n<p>O: Uvijek sam hodao po gradovima. Zapravo, prvi grad koji sam otkrio pje\u0161ice bio je New York. To je ideja koja je bila u svim mojim knjigama i koju sam odlu\u010dio ponoviti ovdje. \u010cinilo mi se da se pri\u010da najbolje mo\u017ee razviti<strong> dok hoda\u0161<\/strong>, kada se morate nositi s mnogo podra\u017eaja. Zaklju\u010davanje pri\u010de u prostoriji ne dopu\u0161ta vremenske skokove i eliminira rizik.<\/p>\n<p>\u0160to je vi\u0161e, <strong>U knji\u017eevnosti je sama ideja hodaju\u0107eg grada uvijek pripadala mu\u0161karcima<\/strong> za sigurnost koju osje\u0107aju na ulici. Padaju mi na pamet samo dva djela koja govore o \u017eenama koje hodaju same: <em>\u017eestoke privr\u017eenosti<\/em> Vivian Gornick i <em>no\u0107na lutanja<\/em> Kima Seunga, korejskog pisca. Mo\u017eda su utjecali na mene.<\/p>\n<p><strong>P: Mislite li da se danas Latinoamerikanka koja hoda sama gradom suo\u010dava s istim strahovima kao prije pedeset godina?<\/strong><\/p>\n<p>O: Ne mislim da se promijenilo. Vi\u0161e od sigurnosti na ulici, mislim da se promijenila sigurnost \u017eena. Barem neki imaju povjerenja odgovoriti na pristup.<\/p>\n<p><strong>P: Gloria pokazuje kako je argentinski pjeva\u010d Sandro postigao nemjerljivu va\u017enost za latinoameri\u010dke \u017eene. \u0160to mislite koje je vrijednosti uspio katalizirati kroz svoju glazbu?<\/strong><\/p>\n<p>O: Sandro je svoju slavu stekao u vrlo posebno vrijeme za \u017eene. Donosi vrijednosti slobode s \u017eenskom revolucijom 60-ih i 70-ih koja je ve\u0107 u tijeku, s pojavom kontracepcije koja je bila veliko postignu\u0107e, zna\u010dila je odluku o vlastitom tijelu. <strong>Sandro<\/strong>Unato\u010d \u017eivotu u patrijarhalnom dru\u0161tvu, <strong>Bio je vrlo transgresivan i to se pokazalo u njegovim intervjuima<\/strong>. Bilo je vrlo va\u017eno da nas je glas s takvim utjecajem natjerao na razmi\u0161ljanje o odgovornosti ra\u0111anja djece i kako je to odluka same \u017eene.<\/p>\n<p><strong>P: Kako ste se borili protiv generacijskog jaza koji tako \u010desto remeti odnose majka-sin?<\/strong><\/p>\n<p>O: Zanimljivo je da to spominjete. Prvo, ovaj jaz se smanjio kada sam se tako\u0111er preselio u New York u svojim dvadesetima. Njezina emigracija u tako mladoj dobi bila je ono \u0161to me motiviralo da emigriram i brzo shvatim \u0161to je ona do\u017eivjela 70-ih.Uspore\u0111uju\u0107i dvoje mladih ljudi uspio sam ih pribli\u017eiti. <strong>U na\u0161im dvadesetima svi mo\u017eemo do\u017eivjeti istu vrstu osjeta, bez obzira na na\u0161e podrijetlo<\/strong>dijelimo ista o\u010dekivanja, tjeskobu, euforiju, ambiciju\u2026<\/p>\n<p><strong>P: Za kraj, savjet za budu\u0107e pisce i novinare...<\/strong><\/p>\n<p>O: Pro\u010ditajte sve \u0161to mo\u017eete. \u010cini se o\u010diglednim, ali ponekad se izgubi u ovoj mo\u010dvari svih koji \u017eele odmah dati svoje mi\u0161ljenje. Imam osje\u0107aj da ima mladih pisaca koji sada vi\u0161e razmi\u0161ljaju o pisanju nego o \u010ditanju. Uvijek sam vi\u0161e razmi\u0161ljao o \u010ditanju nego o pisanju. <strong>Morate pro\u010ditati sve \u0161to mo\u017eete, \u010ditanje je najmo\u0107nija droga koja vam otvara um.<\/strong><\/p>\n<div class=\"sharedaddy sd-block sd-like jetpack-likes-widget-wrapper jetpack-likes-widget-unloaded\" id=\"like-post-wrapper-153844979-84653-642b59ca287a0\" data-src=\"https:\/\/widgets.wp.com\/likes\/#blog_id=153844979&amp;post_id=84653&amp;origin=elgeneracionalpost.com&amp;obj_id=153844979-84653-642b59ca287a0\" data-name=\"like-post-frame-153844979-84653-642b59ca287a0\" data-title=\"Me gusta o Compartir\">\n<h3 class=\"sd-title\">svi\u0111a mi se ovo:<\/h3>\n<p><span class=\"button\"><span>ja volim<\/span><\/span> <span class=\"loading\">U\u010ditavam\u2026<\/span><\/p>\n<p><span class=\"sd-text-color\"\/><\/div>\n<p><h3 class=\"jp-relatedposts-headline\"><em>Povezano<\/em><\/h3>\n<\/p>\n<\/div>","protected":false},"excerpt":{"rendered":"<p>Gl\u00f3ria, Va\u0161 posljednji fikcijski roman intimno je i retrospektivno putovanje kroz scene iz \u017eivota majke... <\/p>","protected":false},"author":1,"featured_media":969,"comment_status":"open","ping_status":"open","sticky":false,"template":"","format":"standard","meta":{"fifu_image_url":"https:\/\/elgeneracionalpost.com\/wp-content\/uploads\/2023\/04\/817472DF-A41D-421A-AABA-718F754B846D.jpeg","fifu_image_alt":"","footnotes":""},"categories":[35],"tags":[],"class_list":["post-968","post","type-post","status-publish","format-standard","has-post-thumbnail","hentry","category-cultura-e-lazer","latest_post"],"yoast_head":"<!-- This site is optimized with the Yoast SEO plugin v27.3 - https:\/\/yoast.com\/product\/yoast-seo-wordpress\/ -->\n<title>Andr\u00e9s Felipe Solano: &quot;Tentei replicar a forma como pensamos&quot; - Tirinha.com<\/title>\n<meta name=\"robots\" content=\"index, follow, max-snippet:-1, max-image-preview:large, max-video-preview:-1\" \/>\n<link rel=\"canonical\" href=\"https:\/\/tirinha.com\/hr\/968\/andres-felipe-solano-pokusao-sam-replicirati-nacin-na-koji-razmisljamo\/\" \/>\n<meta property=\"og:locale\" content=\"hr_HR\" \/>\n<meta property=\"og:type\" content=\"article\" \/>\n<meta property=\"og:title\" content=\"Andr\u00e9s Felipe Solano: &quot;Tentei replicar a forma como pensamos&quot; - Tirinha.com\" \/>\n<meta property=\"og:description\" content=\"Gl\u00f3ria, Seu \u00faltimo romance de fic\u00e7\u00e3o \u00e9 uma viagem \u00edntima e retrospectiva por cenas da vida de uma m\u00e3e de &hellip;\" \/>\n<meta property=\"og:url\" content=\"https:\/\/tirinha.com\/hr\/968\/andres-felipe-solano-pokusao-sam-replicirati-nacin-na-koji-razmisljamo\/\" \/>\n<meta property=\"og:site_name\" content=\"Tirinha.com\" \/>\n<meta property=\"article:published_time\" content=\"2023-04-03T22:57:16+00:00\" \/>\n<meta property=\"og:image\" content=\"https:\/\/elgeneracionalpost.com\/wp-content\/uploads\/2023\/04\/817472DF-A41D-421A-AABA-718F754B846D.jpeg\" \/>\n<meta name=\"author\" content=\"admin\" \/>\n<meta name=\"twitter:card\" content=\"summary_large_image\" \/>\n<meta name=\"twitter:image\" content=\"https:\/\/elgeneracionalpost.com\/wp-content\/uploads\/2023\/04\/817472DF-A41D-421A-AABA-718F754B846D.jpeg\" \/>\n<meta name=\"twitter:label1\" content=\"Napisao\/la\" \/>\n\t<meta name=\"twitter:data1\" content=\"admin\" \/>\n\t<meta name=\"twitter:label2\" content=\"Procijenjeno vrijeme \u010ditanja\" \/>\n\t<meta name=\"twitter:data2\" content=\"8 minuta\" \/>\n<script type=\"application\/ld+json\" class=\"yoast-schema-graph\">{\"@context\":\"https:\\\/\\\/schema.org\",\"@graph\":[{\"@type\":\"Article\",\"@id\":\"https:\\\/\\\/tirinha.com\\\/968\\\/andres-felipe-solano-tentei-replicar-a-forma-como-pensamos\\\/#article\",\"isPartOf\":{\"@id\":\"https:\\\/\\\/tirinha.com\\\/968\\\/andres-felipe-solano-tentei-replicar-a-forma-como-pensamos\\\/\"},\"author\":{\"name\":\"admin\",\"@id\":\"https:\\\/\\\/tirinha.com\\\/#\\\/schema\\\/person\\\/e22bdfbe17e0461f7e927e6a1208d4d9\"},\"headline\":\"Andr\u00e9s Felipe Solano: &#8220;Tentei replicar a forma como pensamos&#8221;\",\"datePublished\":\"2023-04-03T22:57:16+00:00\",\"mainEntityOfPage\":{\"@id\":\"https:\\\/\\\/tirinha.com\\\/968\\\/andres-felipe-solano-tentei-replicar-a-forma-como-pensamos\\\/\"},\"wordCount\":1671,\"commentCount\":0,\"publisher\":{\"@id\":\"https:\\\/\\\/tirinha.com\\\/#organization\"},\"image\":{\"@id\":\"https:\\\/\\\/tirinha.com\\\/968\\\/andres-felipe-solano-tentei-replicar-a-forma-como-pensamos\\\/#primaryimage\"},\"thumbnailUrl\":\"https:\\\/\\\/elgeneracionalpost.com\\\/wp-content\\\/uploads\\\/2023\\\/04\\\/817472DF-A41D-421A-AABA-718F754B846D.jpeg\",\"articleSection\":[\"Cultura e lazer\"],\"inLanguage\":\"hr\",\"potentialAction\":[{\"@type\":\"CommentAction\",\"name\":\"Comment\",\"target\":[\"https:\\\/\\\/tirinha.com\\\/968\\\/andres-felipe-solano-tentei-replicar-a-forma-como-pensamos\\\/#respond\"]}]},{\"@type\":\"WebPage\",\"@id\":\"https:\\\/\\\/tirinha.com\\\/968\\\/andres-felipe-solano-tentei-replicar-a-forma-como-pensamos\\\/\",\"url\":\"https:\\\/\\\/tirinha.com\\\/968\\\/andres-felipe-solano-tentei-replicar-a-forma-como-pensamos\\\/\",\"name\":\"Andr\u00e9s Felipe Solano: \\\"Tentei replicar a forma como pensamos\\\" - Tirinha.com\",\"isPartOf\":{\"@id\":\"https:\\\/\\\/tirinha.com\\\/#website\"},\"primaryImageOfPage\":{\"@id\":\"https:\\\/\\\/tirinha.com\\\/968\\\/andres-felipe-solano-tentei-replicar-a-forma-como-pensamos\\\/#primaryimage\"},\"image\":{\"@id\":\"https:\\\/\\\/tirinha.com\\\/968\\\/andres-felipe-solano-tentei-replicar-a-forma-como-pensamos\\\/#primaryimage\"},\"thumbnailUrl\":\"https:\\\/\\\/elgeneracionalpost.com\\\/wp-content\\\/uploads\\\/2023\\\/04\\\/817472DF-A41D-421A-AABA-718F754B846D.jpeg\",\"datePublished\":\"2023-04-03T22:57:16+00:00\",\"breadcrumb\":{\"@id\":\"https:\\\/\\\/tirinha.com\\\/968\\\/andres-felipe-solano-tentei-replicar-a-forma-como-pensamos\\\/#breadcrumb\"},\"inLanguage\":\"hr\",\"potentialAction\":[{\"@type\":\"ReadAction\",\"target\":[\"https:\\\/\\\/tirinha.com\\\/968\\\/andres-felipe-solano-tentei-replicar-a-forma-como-pensamos\\\/\"]}]},{\"@type\":\"ImageObject\",\"inLanguage\":\"hr\",\"@id\":\"https:\\\/\\\/tirinha.com\\\/968\\\/andres-felipe-solano-tentei-replicar-a-forma-como-pensamos\\\/#primaryimage\",\"url\":\"https:\\\/\\\/elgeneracionalpost.com\\\/wp-content\\\/uploads\\\/2023\\\/04\\\/817472DF-A41D-421A-AABA-718F754B846D.jpeg\",\"contentUrl\":\"https:\\\/\\\/elgeneracionalpost.com\\\/wp-content\\\/uploads\\\/2023\\\/04\\\/817472DF-A41D-421A-AABA-718F754B846D.jpeg\"},{\"@type\":\"BreadcrumbList\",\"@id\":\"https:\\\/\\\/tirinha.com\\\/968\\\/andres-felipe-solano-tentei-replicar-a-forma-como-pensamos\\\/#breadcrumb\",\"itemListElement\":[{\"@type\":\"ListItem\",\"position\":1,\"name\":\"Home\",\"item\":\"https:\\\/\\\/tirinha.com\\\/\"},{\"@type\":\"ListItem\",\"position\":2,\"name\":\"Andr\u00e9s Felipe Solano: &#8220;Tentei replicar a forma como pensamos&#8221;\"}]},{\"@type\":\"WebSite\",\"@id\":\"https:\\\/\\\/tirinha.com\\\/#website\",\"url\":\"https:\\\/\\\/tirinha.com\\\/\",\"name\":\"Tirinha.com\",\"description\":\"Arte e livros resenhas\",\"publisher\":{\"@id\":\"https:\\\/\\\/tirinha.com\\\/#organization\"},\"potentialAction\":[{\"@type\":\"SearchAction\",\"target\":{\"@type\":\"EntryPoint\",\"urlTemplate\":\"https:\\\/\\\/tirinha.com\\\/?s={search_term_string}\"},\"query-input\":{\"@type\":\"PropertyValueSpecification\",\"valueRequired\":true,\"valueName\":\"search_term_string\"}}],\"inLanguage\":\"hr\"},{\"@type\":\"Organization\",\"@id\":\"https:\\\/\\\/tirinha.com\\\/#organization\",\"name\":\"Tirinha.com\",\"url\":\"https:\\\/\\\/tirinha.com\\\/\",\"logo\":{\"@type\":\"ImageObject\",\"inLanguage\":\"hr\",\"@id\":\"https:\\\/\\\/tirinha.com\\\/#\\\/schema\\\/logo\\\/image\\\/\",\"url\":\"https:\\\/\\\/tirinha.com\\\/wp-content\\\/uploads\\\/2023\\\/08\\\/cropped-Logo-Tirinha.webp\",\"contentUrl\":\"https:\\\/\\\/tirinha.com\\\/wp-content\\\/uploads\\\/2023\\\/08\\\/cropped-Logo-Tirinha.webp\",\"width\":512,\"height\":512,\"caption\":\"Tirinha.com\"},\"image\":{\"@id\":\"https:\\\/\\\/tirinha.com\\\/#\\\/schema\\\/logo\\\/image\\\/\"}},{\"@type\":\"Person\",\"@id\":\"https:\\\/\\\/tirinha.com\\\/#\\\/schema\\\/person\\\/e22bdfbe17e0461f7e927e6a1208d4d9\",\"name\":\"admin\",\"image\":{\"@type\":\"ImageObject\",\"inLanguage\":\"hr\",\"@id\":\"https:\\\/\\\/tirinha.com\\\/wp-content\\\/litespeed\\\/avatar\\\/d0068f7931cc87d7274eb0c3db1deb4b.jpg?ver=1777434315\",\"url\":\"https:\\\/\\\/tirinha.com\\\/wp-content\\\/litespeed\\\/avatar\\\/d0068f7931cc87d7274eb0c3db1deb4b.jpg?ver=1777434315\",\"contentUrl\":\"https:\\\/\\\/tirinha.com\\\/wp-content\\\/litespeed\\\/avatar\\\/d0068f7931cc87d7274eb0c3db1deb4b.jpg?ver=1777434315\",\"caption\":\"admin\"},\"sameAs\":[\"https:\\\/\\\/tirinha.com\"],\"url\":\"https:\\\/\\\/tirinha.com\\\/hr\\\/author\\\/admin\\\/\"}]}<\/script>\n<!-- \/ Yoast SEO plugin. -->","yoast_head_json":{"title":"Andr\u00e9s Felipe Solano: &quot;Poku\u0161ao sam replicirati na\u010din na koji razmi\u0161ljamo&quot; - Tirinha.com","robots":{"index":"index","follow":"follow","max-snippet":"max-snippet:-1","max-image-preview":"max-image-preview:large","max-video-preview":"max-video-preview:-1"},"canonical":"https:\/\/tirinha.com\/hr\/968\/andres-felipe-solano-pokusao-sam-replicirati-nacin-na-koji-razmisljamo\/","og_locale":"hr_HR","og_type":"article","og_title":"Andr\u00e9s Felipe Solano: \"Tentei replicar a forma como pensamos\" - Tirinha.com","og_description":"Gl\u00f3ria, Seu \u00faltimo romance de fic\u00e7\u00e3o \u00e9 uma viagem \u00edntima e retrospectiva por cenas da vida de uma m\u00e3e de &hellip;","og_url":"https:\/\/tirinha.com\/hr\/968\/andres-felipe-solano-pokusao-sam-replicirati-nacin-na-koji-razmisljamo\/","og_site_name":"Tirinha.com","article_published_time":"2023-04-03T22:57:16+00:00","og_image":[{"url":"https:\/\/elgeneracionalpost.com\/wp-content\/uploads\/2023\/04\/817472DF-A41D-421A-AABA-718F754B846D.jpeg","type":"","width":"","height":""}],"author":"admin","twitter_card":"summary_large_image","twitter_image":"https:\/\/elgeneracionalpost.com\/wp-content\/uploads\/2023\/04\/817472DF-A41D-421A-AABA-718F754B846D.jpeg","twitter_misc":{"Napisao\/la":"admin","Procijenjeno vrijeme \u010ditanja":"8 minuta"},"schema":{"@context":"https:\/\/schema.org","@graph":[{"@type":"Article","@id":"https:\/\/tirinha.com\/968\/andres-felipe-solano-tentei-replicar-a-forma-como-pensamos\/#article","isPartOf":{"@id":"https:\/\/tirinha.com\/968\/andres-felipe-solano-tentei-replicar-a-forma-como-pensamos\/"},"author":{"name":"admin","@id":"https:\/\/tirinha.com\/#\/schema\/person\/e22bdfbe17e0461f7e927e6a1208d4d9"},"headline":"Andr\u00e9s Felipe Solano: &#8220;Tentei replicar a forma como pensamos&#8221;","datePublished":"2023-04-03T22:57:16+00:00","mainEntityOfPage":{"@id":"https:\/\/tirinha.com\/968\/andres-felipe-solano-tentei-replicar-a-forma-como-pensamos\/"},"wordCount":1671,"commentCount":0,"publisher":{"@id":"https:\/\/tirinha.com\/#organization"},"image":{"@id":"https:\/\/tirinha.com\/968\/andres-felipe-solano-tentei-replicar-a-forma-como-pensamos\/#primaryimage"},"thumbnailUrl":"https:\/\/elgeneracionalpost.com\/wp-content\/uploads\/2023\/04\/817472DF-A41D-421A-AABA-718F754B846D.jpeg","articleSection":["Cultura e lazer"],"inLanguage":"hr","potentialAction":[{"@type":"CommentAction","name":"Comment","target":["https:\/\/tirinha.com\/968\/andres-felipe-solano-tentei-replicar-a-forma-como-pensamos\/#respond"]}]},{"@type":"WebPage","@id":"https:\/\/tirinha.com\/968\/andres-felipe-solano-tentei-replicar-a-forma-como-pensamos\/","url":"https:\/\/tirinha.com\/968\/andres-felipe-solano-tentei-replicar-a-forma-como-pensamos\/","name":"Andr\u00e9s Felipe Solano: &quot;Poku\u0161ao sam replicirati na\u010din na koji razmi\u0161ljamo&quot; - Tirinha.com","isPartOf":{"@id":"https:\/\/tirinha.com\/#website"},"primaryImageOfPage":{"@id":"https:\/\/tirinha.com\/968\/andres-felipe-solano-tentei-replicar-a-forma-como-pensamos\/#primaryimage"},"image":{"@id":"https:\/\/tirinha.com\/968\/andres-felipe-solano-tentei-replicar-a-forma-como-pensamos\/#primaryimage"},"thumbnailUrl":"https:\/\/elgeneracionalpost.com\/wp-content\/uploads\/2023\/04\/817472DF-A41D-421A-AABA-718F754B846D.jpeg","datePublished":"2023-04-03T22:57:16+00:00","breadcrumb":{"@id":"https:\/\/tirinha.com\/968\/andres-felipe-solano-tentei-replicar-a-forma-como-pensamos\/#breadcrumb"},"inLanguage":"hr","potentialAction":[{"@type":"ReadAction","target":["https:\/\/tirinha.com\/968\/andres-felipe-solano-tentei-replicar-a-forma-como-pensamos\/"]}]},{"@type":"ImageObject","inLanguage":"hr","@id":"https:\/\/tirinha.com\/968\/andres-felipe-solano-tentei-replicar-a-forma-como-pensamos\/#primaryimage","url":"https:\/\/elgeneracionalpost.com\/wp-content\/uploads\/2023\/04\/817472DF-A41D-421A-AABA-718F754B846D.jpeg","contentUrl":"https:\/\/elgeneracionalpost.com\/wp-content\/uploads\/2023\/04\/817472DF-A41D-421A-AABA-718F754B846D.jpeg"},{"@type":"BreadcrumbList","@id":"https:\/\/tirinha.com\/968\/andres-felipe-solano-tentei-replicar-a-forma-como-pensamos\/#breadcrumb","itemListElement":[{"@type":"ListItem","position":1,"name":"Home","item":"https:\/\/tirinha.com\/"},{"@type":"ListItem","position":2,"name":"Andr\u00e9s Felipe Solano: &#8220;Tentei replicar a forma como pensamos&#8221;"}]},{"@type":"WebSite","@id":"https:\/\/tirinha.com\/#website","url":"https:\/\/tirinha.com\/","name":"Stripovi.com","description":"Prikazi umjetnosti i knjiga","publisher":{"@id":"https:\/\/tirinha.com\/#organization"},"potentialAction":[{"@type":"SearchAction","target":{"@type":"EntryPoint","urlTemplate":"https:\/\/tirinha.com\/?s={search_term_string}"},"query-input":{"@type":"PropertyValueSpecification","valueRequired":true,"valueName":"search_term_string"}}],"inLanguage":"hr"},{"@type":"Organization","@id":"https:\/\/tirinha.com\/#organization","name":"Stripovi.com","url":"https:\/\/tirinha.com\/","logo":{"@type":"ImageObject","inLanguage":"hr","@id":"https:\/\/tirinha.com\/#\/schema\/logo\/image\/","url":"https:\/\/tirinha.com\/wp-content\/uploads\/2023\/08\/cropped-Logo-Tirinha.webp","contentUrl":"https:\/\/tirinha.com\/wp-content\/uploads\/2023\/08\/cropped-Logo-Tirinha.webp","width":512,"height":512,"caption":"Tirinha.com"},"image":{"@id":"https:\/\/tirinha.com\/#\/schema\/logo\/image\/"}},{"@type":"Person","@id":"https:\/\/tirinha.com\/#\/schema\/person\/e22bdfbe17e0461f7e927e6a1208d4d9","name":"admin","image":{"@type":"ImageObject","inLanguage":"hr","@id":"https:\/\/tirinha.com\/wp-content\/litespeed\/avatar\/d0068f7931cc87d7274eb0c3db1deb4b.jpg?ver=1777434315","url":"https:\/\/tirinha.com\/wp-content\/litespeed\/avatar\/d0068f7931cc87d7274eb0c3db1deb4b.jpg?ver=1777434315","contentUrl":"https:\/\/tirinha.com\/wp-content\/litespeed\/avatar\/d0068f7931cc87d7274eb0c3db1deb4b.jpg?ver=1777434315","caption":"admin"},"sameAs":["https:\/\/tirinha.com"],"url":"https:\/\/tirinha.com\/hr\/author\/admin\/"}]}},"_links":{"self":[{"href":"https:\/\/tirinha.com\/hr\/wp-json\/wp\/v2\/posts\/968","targetHints":{"allow":["GET"]}}],"collection":[{"href":"https:\/\/tirinha.com\/hr\/wp-json\/wp\/v2\/posts"}],"about":[{"href":"https:\/\/tirinha.com\/hr\/wp-json\/wp\/v2\/types\/post"}],"author":[{"embeddable":true,"href":"https:\/\/tirinha.com\/hr\/wp-json\/wp\/v2\/users\/1"}],"replies":[{"embeddable":true,"href":"https:\/\/tirinha.com\/hr\/wp-json\/wp\/v2\/comments?post=968"}],"version-history":[{"count":0,"href":"https:\/\/tirinha.com\/hr\/wp-json\/wp\/v2\/posts\/968\/revisions"}],"wp:featuredmedia":[{"embeddable":true,"href":"https:\/\/tirinha.com\/hr\/wp-json\/wp\/v2\/media\/969"}],"wp:attachment":[{"href":"https:\/\/tirinha.com\/hr\/wp-json\/wp\/v2\/media?parent=968"}],"wp:term":[{"taxonomy":"category","embeddable":true,"href":"https:\/\/tirinha.com\/hr\/wp-json\/wp\/v2\/categories?post=968"},{"taxonomy":"post_tag","embeddable":true,"href":"https:\/\/tirinha.com\/hr\/wp-json\/wp\/v2\/tags?post=968"}],"curies":[{"name":"radni list","href":"https:\/\/api.w.org\/{rel}","templated":true}]}}