{"id":889,"date":"2023-04-03T13:54:36","date_gmt":"2023-04-03T13:54:36","guid":{"rendered":"https:\/\/tirinha.com\/san-fernando-de-henares-fim-de-semana-de-comedia-com-agustin-duran-e-gabino-diego\/"},"modified":"2023-04-03T13:54:36","modified_gmt":"2023-04-03T13:54:36","slug":"vikend-komedije-u-san-fernando-de-henaresu-s-agustinom-duranom-i-gabinom-diegom","status":"publish","type":"post","link":"https:\/\/tirinha.com\/hr\/889\/san-fernando-de-henares-fim-de-semana-de-comedia-com-agustin-duran-e-gabino-diego\/","title":{"rendered":"SAN FERNANDO DE HENARES\/ Vikend komedije s Agust\u00ednom Dur\u00e1nom i Gabinom Diegom"},"content":{"rendered":"<p><\/p>\n<div>\n<p>Ove subote i nedjelje bit \u0107e vrijeme za u\u017eivanje u Teatru Federico Garc\u00eda Lorca i smijeh uz mjese\u010dnu obavezu<strong>l II Festival komedije i funkcija &#039;Krivulja sre\u0107e&#039;,<\/strong> odnosno. <\/p>\n<p>Komi\u010dar Agust\u00edn Dur\u00e1n izabran je za mjesec o\u017eujak i ve\u0107 je rasprodao ulaznice za svoj nastup na II. Festivalu komedije u San Fernando de Henaresu. <\/p>\n<aside class=\"scaip scaip-1\">\n\t\t<\/aside>\n<p>Drugo izdanje festivala po\u010delo je u sije\u010dnju uz nazo\u010dnost Danija Matea, a zatvorit \u0107e ga Leo Harlem 21. travnja. <\/p>\n<h2 class=\"wp-block-heading\">Krivulja sre\u0107e<\/h2>\n<p>\u0160panjolski tuma\u010d, <strong>Gabino Diego, nastupit \u0107e ove nedjelje u Kazali\u0161tu Federico Garc\u00eda Lorca s predstavom &#039;Krivulja sre\u0107e&#039;<\/strong>iz tvrtke Descalzos Producciones. <\/p>\n<p>Kazali\u0161na sjednica po\u010dinje u 20 sati, a ulaznice se mogu kupiti online putem web stranice Gradskog vije\u0107a po jedinstvenoj cijeni od 14 eura. Osobe do 25 godina, umirovljenici i umirovljenici te nezaposleni dulje od \u0161est mjeseci imaju popust od 50%. <\/p>\n<aside class=\"scaip scaip-2\">\n\t\t<\/aside>\n<p>Mogu se kupiti i na blagajni predstave dva sata prije po\u010detka predstave te \u010detvrtkom i petkom od 18 do 21 sat. <\/p>\n<p>U komediji glume spomenuti Gabino Diego, Antonio Vico, Jes\u00fas Cisneros i Josu Ormaetxe, a otkriva krhkost i ranjivost 40-godi\u0161njaka kada njegova veza prestane, te\u0161ko\u0107u \u017eivljenja samog, bez partnera, bez ljubavi. .<\/p>\n<figure class=\"wp-block-embed is-type-video is-provider-youtube wp-block-embed-youtube wp-embed-aspect-16-9 wp-has-aspect-ratio\">\n<div class=\"wp-block-embed__wrapper\">\n<div class=\"perfmatters-lazy-youtube\" data-src=\"https:\/\/www.youtube.com\/embed\/9WmcxnwIeo8\" data-id=\"9WmcxnwIeo8\" data-query=\"feature=oembed\" onclick=\"perfmattersLazyLoadYouTube(this);\">\n<div><img fetchpriority=\"high\" decoding=\"async\" src=\"https:\/\/i.ytimg.com\/vi\/9WmcxnwIeo8\/hqdefault.jpg\" alt=\"Videozapis na YouTubeu\" width=\"480\" height=\"360\" data-pin-nopin=\"true\" nopin=\"nopin\"\/><\/div>\n<\/div>\n<p><noscript><iframe title=\"Promocija La Curva de la Happiness s Gabinom Diegom\" width=\"790\" height=\"444\" src=\"https:\/\/www.youtube.com\/embed\/9WmcxnwIeo8?feature=oembed\" frameborder=\"0\" allow=\"accelerometer; autoplay; clipboard-write; encrypted-media; gyroscope; picture-in-picture; web-share\" allowfullscreen><\/iframe><\/noscript>\n<\/div>\n<\/figure>\n<p>Iz &#039;Krivulje sre\u0107e&#039; duhovito je da se pozivaju\u0107i se na ovaj protagonizam koji se stvara u mu\u0161kom trbuhu na temelju piva i tapasa sa \u0161anka, govori o krizi. Ali tako\u0111er i vrijeme za obavljanje raznih ludih stvari kako bi se vratili na isto mjesto: potraga za stabilno\u0161\u0107u. Nakon bra\u010dne nesre\u0107e, Quino \u0107e se morati suo\u010diti s prodajom zajedni\u010dke ku\u0107e i kupnjom stana u kojem \u0107e provesti svoje nove usamljene no\u0107i. <\/p>\n<aside class=\"scaip scaip-3\">\n\t\t<\/aside>\n<p>Autori, Eduardo Gal\u00e1n i Pedro G\u00f3mez, uvjeravaju da \u0107e \u201cbiti mnogo mu\u0161karaca koji \u0107e se poistovjetiti s njim i mnogo \u017eena koje \u0107e se smijati svojim mu\u017eevima\u201d. <\/p>\n<h2 class=\"wp-block-heading\">Cap Route 2023<\/h2>\n<p>Ne treba zaboraviti da se od petka i tijekom vikenda vra\u0107a drugo izdanje &#039;Ruta de la tapa&#039;. <strong>Susjedi \u0107e mo\u0107i ku\u0161ati tapase iz 30 lokala u selu <\/strong>i glasajte za svog favorita putem aplikacije &#039;Rutappa&#039;. <\/p>\n<p>Osim toga, mo\u0107i \u0107e sudjelovati u izvla\u010denju s nekoliko nagrada: ve\u010derom za dvije osobe u vrijednosti od 100 eura, vikendom tako\u0111er za dvije osobe i pet duplih ulaznica za predstavu u Teatru Federico Garc\u00eda Lorca.<\/p>\n<aside class=\"scaip scaip-4\">\n\t\t<\/aside>\n<p><h3 class=\"jp-relatedposts-headline\"><em>Povezano<\/em><\/h3>\n<\/p><\/div>","protected":false},"excerpt":{"rendered":"<p>Ove subote i nedjelje bit \u0107e vrijeme da u\u017eivate u Teatru Federico Garc\u00eda Lorca i nasmijete se njegovoj mjese\u010dnoj obvezi... <\/p>","protected":false},"author":1,"featured_media":891,"comment_status":"open","ping_status":"open","sticky":false,"template":"","format":"standard","meta":{"fifu_image_url":"https:\/\/noticiasparamunicipios.com\/wp-content\/uploads\/2023\/01\/la-curva-de-la-felicidad.jpg","fifu_image_alt":"","footnotes":""},"categories":[35],"tags":[],"class_list":["post-889","post","type-post","status-publish","format-standard","has-post-thumbnail","hentry","category-cultura-e-lazer","latest_post"],"yoast_head":"<!-- This site is optimized with the Yoast SEO plugin v27.3 - https:\/\/yoast.com\/product\/yoast-seo-wordpress\/ -->\n<title>SAN FERNANDO DE HENARES\/ Fim de semana de com\u00e9dia com Agust\u00edn Dur\u00e1n e Gabino Diego - Tirinha.com<\/title>\n<meta name=\"robots\" content=\"index, follow, max-snippet:-1, max-image-preview:large, max-video-preview:-1\" \/>\n<link rel=\"canonical\" href=\"https:\/\/tirinha.com\/hr\/889\/vikend-komedije-u-san-fernando-de-henaresu-s-agustinom-duranom-i-gabinom-diegom\/\" \/>\n<meta property=\"og:locale\" content=\"hr_HR\" \/>\n<meta property=\"og:type\" content=\"article\" \/>\n<meta property=\"og:title\" content=\"SAN FERNANDO DE HENARES\/ Fim de semana de com\u00e9dia com Agust\u00edn Dur\u00e1n e Gabino Diego - Tirinha.com\" \/>\n<meta property=\"og:description\" content=\"Neste s\u00e1bado e domingo ser\u00e1 hora de curtir o Teatro Federico Garc\u00eda Lorca e rir com o compromisso mensal del &hellip;\" \/>\n<meta property=\"og:url\" content=\"https:\/\/tirinha.com\/hr\/889\/vikend-komedije-u-san-fernando-de-henaresu-s-agustinom-duranom-i-gabinom-diegom\/\" \/>\n<meta property=\"og:site_name\" content=\"Tirinha.com\" \/>\n<meta property=\"article:published_time\" content=\"2023-04-03T13:54:36+00:00\" \/>\n<meta property=\"og:image\" content=\"https:\/\/noticiasparamunicipios.com\/wp-content\/uploads\/2023\/01\/la-curva-de-la-felicidad.jpg\" \/>\n<meta name=\"author\" content=\"admin\" \/>\n<meta name=\"twitter:card\" content=\"summary_large_image\" \/>\n<meta name=\"twitter:image\" content=\"https:\/\/noticiasparamunicipios.com\/wp-content\/uploads\/2023\/01\/la-curva-de-la-felicidad.jpg\" \/>\n<meta name=\"twitter:label1\" content=\"Napisao\/la\" \/>\n\t<meta name=\"twitter:data1\" content=\"admin\" \/>\n\t<meta name=\"twitter:label2\" content=\"Procijenjeno vrijeme \u010ditanja\" \/>\n\t<meta name=\"twitter:data2\" content=\"2 minute\" \/>\n<script type=\"application\/ld+json\" class=\"yoast-schema-graph\">{\"@context\":\"https:\\\/\\\/schema.org\",\"@graph\":[{\"@type\":\"Article\",\"@id\":\"https:\\\/\\\/tirinha.com\\\/889\\\/san-fernando-de-henares-fim-de-semana-de-comedia-com-agustin-duran-e-gabino-diego\\\/#article\",\"isPartOf\":{\"@id\":\"https:\\\/\\\/tirinha.com\\\/889\\\/san-fernando-de-henares-fim-de-semana-de-comedia-com-agustin-duran-e-gabino-diego\\\/\"},\"author\":{\"name\":\"admin\",\"@id\":\"https:\\\/\\\/tirinha.com\\\/#\\\/schema\\\/person\\\/e22bdfbe17e0461f7e927e6a1208d4d9\"},\"headline\":\"SAN FERNANDO DE HENARES\\\/ Fim de semana de com\u00e9dia com Agust\u00edn Dur\u00e1n e Gabino Diego\",\"datePublished\":\"2023-04-03T13:54:36+00:00\",\"mainEntityOfPage\":{\"@id\":\"https:\\\/\\\/tirinha.com\\\/889\\\/san-fernando-de-henares-fim-de-semana-de-comedia-com-agustin-duran-e-gabino-diego\\\/\"},\"wordCount\":473,\"commentCount\":0,\"publisher\":{\"@id\":\"https:\\\/\\\/tirinha.com\\\/#organization\"},\"image\":{\"@id\":\"https:\\\/\\\/tirinha.com\\\/889\\\/san-fernando-de-henares-fim-de-semana-de-comedia-com-agustin-duran-e-gabino-diego\\\/#primaryimage\"},\"thumbnailUrl\":\"https:\\\/\\\/noticiasparamunicipios.com\\\/wp-content\\\/uploads\\\/2023\\\/01\\\/la-curva-de-la-felicidad.jpg\",\"articleSection\":[\"Cultura e lazer\"],\"inLanguage\":\"hr\",\"potentialAction\":[{\"@type\":\"CommentAction\",\"name\":\"Comment\",\"target\":[\"https:\\\/\\\/tirinha.com\\\/889\\\/san-fernando-de-henares-fim-de-semana-de-comedia-com-agustin-duran-e-gabino-diego\\\/#respond\"]}]},{\"@type\":\"WebPage\",\"@id\":\"https:\\\/\\\/tirinha.com\\\/889\\\/san-fernando-de-henares-fim-de-semana-de-comedia-com-agustin-duran-e-gabino-diego\\\/\",\"url\":\"https:\\\/\\\/tirinha.com\\\/889\\\/san-fernando-de-henares-fim-de-semana-de-comedia-com-agustin-duran-e-gabino-diego\\\/\",\"name\":\"SAN FERNANDO DE HENARES\\\/ Fim de semana de com\u00e9dia com Agust\u00edn Dur\u00e1n e Gabino Diego - Tirinha.com\",\"isPartOf\":{\"@id\":\"https:\\\/\\\/tirinha.com\\\/#website\"},\"primaryImageOfPage\":{\"@id\":\"https:\\\/\\\/tirinha.com\\\/889\\\/san-fernando-de-henares-fim-de-semana-de-comedia-com-agustin-duran-e-gabino-diego\\\/#primaryimage\"},\"image\":{\"@id\":\"https:\\\/\\\/tirinha.com\\\/889\\\/san-fernando-de-henares-fim-de-semana-de-comedia-com-agustin-duran-e-gabino-diego\\\/#primaryimage\"},\"thumbnailUrl\":\"https:\\\/\\\/noticiasparamunicipios.com\\\/wp-content\\\/uploads\\\/2023\\\/01\\\/la-curva-de-la-felicidad.jpg\",\"datePublished\":\"2023-04-03T13:54:36+00:00\",\"breadcrumb\":{\"@id\":\"https:\\\/\\\/tirinha.com\\\/889\\\/san-fernando-de-henares-fim-de-semana-de-comedia-com-agustin-duran-e-gabino-diego\\\/#breadcrumb\"},\"inLanguage\":\"hr\",\"potentialAction\":[{\"@type\":\"ReadAction\",\"target\":[\"https:\\\/\\\/tirinha.com\\\/889\\\/san-fernando-de-henares-fim-de-semana-de-comedia-com-agustin-duran-e-gabino-diego\\\/\"]}]},{\"@type\":\"ImageObject\",\"inLanguage\":\"hr\",\"@id\":\"https:\\\/\\\/tirinha.com\\\/889\\\/san-fernando-de-henares-fim-de-semana-de-comedia-com-agustin-duran-e-gabino-diego\\\/#primaryimage\",\"url\":\"https:\\\/\\\/noticiasparamunicipios.com\\\/wp-content\\\/uploads\\\/2023\\\/01\\\/la-curva-de-la-felicidad.jpg\",\"contentUrl\":\"https:\\\/\\\/noticiasparamunicipios.com\\\/wp-content\\\/uploads\\\/2023\\\/01\\\/la-curva-de-la-felicidad.jpg\"},{\"@type\":\"BreadcrumbList\",\"@id\":\"https:\\\/\\\/tirinha.com\\\/889\\\/san-fernando-de-henares-fim-de-semana-de-comedia-com-agustin-duran-e-gabino-diego\\\/#breadcrumb\",\"itemListElement\":[{\"@type\":\"ListItem\",\"position\":1,\"name\":\"Home\",\"item\":\"https:\\\/\\\/tirinha.com\\\/\"},{\"@type\":\"ListItem\",\"position\":2,\"name\":\"SAN FERNANDO DE HENARES\\\/ Fim de semana de com\u00e9dia com Agust\u00edn Dur\u00e1n e Gabino Diego\"}]},{\"@type\":\"WebSite\",\"@id\":\"https:\\\/\\\/tirinha.com\\\/#website\",\"url\":\"https:\\\/\\\/tirinha.com\\\/\",\"name\":\"Tirinha.com\",\"description\":\"Arte e livros resenhas\",\"publisher\":{\"@id\":\"https:\\\/\\\/tirinha.com\\\/#organization\"},\"potentialAction\":[{\"@type\":\"SearchAction\",\"target\":{\"@type\":\"EntryPoint\",\"urlTemplate\":\"https:\\\/\\\/tirinha.com\\\/?s={search_term_string}\"},\"query-input\":{\"@type\":\"PropertyValueSpecification\",\"valueRequired\":true,\"valueName\":\"search_term_string\"}}],\"inLanguage\":\"hr\"},{\"@type\":\"Organization\",\"@id\":\"https:\\\/\\\/tirinha.com\\\/#organization\",\"name\":\"Tirinha.com\",\"url\":\"https:\\\/\\\/tirinha.com\\\/\",\"logo\":{\"@type\":\"ImageObject\",\"inLanguage\":\"hr\",\"@id\":\"https:\\\/\\\/tirinha.com\\\/#\\\/schema\\\/logo\\\/image\\\/\",\"url\":\"https:\\\/\\\/tirinha.com\\\/wp-content\\\/uploads\\\/2023\\\/08\\\/cropped-Logo-Tirinha.webp\",\"contentUrl\":\"https:\\\/\\\/tirinha.com\\\/wp-content\\\/uploads\\\/2023\\\/08\\\/cropped-Logo-Tirinha.webp\",\"width\":512,\"height\":512,\"caption\":\"Tirinha.com\"},\"image\":{\"@id\":\"https:\\\/\\\/tirinha.com\\\/#\\\/schema\\\/logo\\\/image\\\/\"}},{\"@type\":\"Person\",\"@id\":\"https:\\\/\\\/tirinha.com\\\/#\\\/schema\\\/person\\\/e22bdfbe17e0461f7e927e6a1208d4d9\",\"name\":\"admin\",\"image\":{\"@type\":\"ImageObject\",\"inLanguage\":\"hr\",\"@id\":\"https:\\\/\\\/tirinha.com\\\/wp-content\\\/litespeed\\\/avatar\\\/d0068f7931cc87d7274eb0c3db1deb4b.jpg?ver=1776829466\",\"url\":\"https:\\\/\\\/tirinha.com\\\/wp-content\\\/litespeed\\\/avatar\\\/d0068f7931cc87d7274eb0c3db1deb4b.jpg?ver=1776829466\",\"contentUrl\":\"https:\\\/\\\/tirinha.com\\\/wp-content\\\/litespeed\\\/avatar\\\/d0068f7931cc87d7274eb0c3db1deb4b.jpg?ver=1776829466\",\"caption\":\"admin\"},\"sameAs\":[\"https:\\\/\\\/tirinha.com\"],\"url\":\"https:\\\/\\\/tirinha.com\\\/hr\\\/author\\\/admin\\\/\"}]}<\/script>\n<!-- \/ Yoast SEO plugin. -->","yoast_head_json":{"title":"SAN FERNANDO DE HENARES\/ Vikend komedije s Agust\u00ednom Dur\u00e1nom i Gabinom Diegom - Tirinha.com","robots":{"index":"index","follow":"follow","max-snippet":"max-snippet:-1","max-image-preview":"max-image-preview:large","max-video-preview":"max-video-preview:-1"},"canonical":"https:\/\/tirinha.com\/hr\/889\/vikend-komedije-u-san-fernando-de-henaresu-s-agustinom-duranom-i-gabinom-diegom\/","og_locale":"hr_HR","og_type":"article","og_title":"SAN FERNANDO DE HENARES\/ Fim de semana de com\u00e9dia com Agust\u00edn Dur\u00e1n e Gabino Diego - Tirinha.com","og_description":"Neste s\u00e1bado e domingo ser\u00e1 hora de curtir o Teatro Federico Garc\u00eda Lorca e rir com o compromisso mensal del &hellip;","og_url":"https:\/\/tirinha.com\/hr\/889\/vikend-komedije-u-san-fernando-de-henaresu-s-agustinom-duranom-i-gabinom-diegom\/","og_site_name":"Tirinha.com","article_published_time":"2023-04-03T13:54:36+00:00","og_image":[{"url":"https:\/\/noticiasparamunicipios.com\/wp-content\/uploads\/2023\/01\/la-curva-de-la-felicidad.jpg","type":"","width":"","height":""}],"author":"admin","twitter_card":"summary_large_image","twitter_image":"https:\/\/noticiasparamunicipios.com\/wp-content\/uploads\/2023\/01\/la-curva-de-la-felicidad.jpg","twitter_misc":{"Napisao\/la":"admin","Procijenjeno vrijeme \u010ditanja":"2 minute"},"schema":{"@context":"https:\/\/schema.org","@graph":[{"@type":"Article","@id":"https:\/\/tirinha.com\/889\/san-fernando-de-henares-fim-de-semana-de-comedia-com-agustin-duran-e-gabino-diego\/#article","isPartOf":{"@id":"https:\/\/tirinha.com\/889\/san-fernando-de-henares-fim-de-semana-de-comedia-com-agustin-duran-e-gabino-diego\/"},"author":{"name":"admin","@id":"https:\/\/tirinha.com\/#\/schema\/person\/e22bdfbe17e0461f7e927e6a1208d4d9"},"headline":"SAN FERNANDO DE HENARES\/ Fim de semana de com\u00e9dia com Agust\u00edn Dur\u00e1n e Gabino Diego","datePublished":"2023-04-03T13:54:36+00:00","mainEntityOfPage":{"@id":"https:\/\/tirinha.com\/889\/san-fernando-de-henares-fim-de-semana-de-comedia-com-agustin-duran-e-gabino-diego\/"},"wordCount":473,"commentCount":0,"publisher":{"@id":"https:\/\/tirinha.com\/#organization"},"image":{"@id":"https:\/\/tirinha.com\/889\/san-fernando-de-henares-fim-de-semana-de-comedia-com-agustin-duran-e-gabino-diego\/#primaryimage"},"thumbnailUrl":"https:\/\/noticiasparamunicipios.com\/wp-content\/uploads\/2023\/01\/la-curva-de-la-felicidad.jpg","articleSection":["Cultura e lazer"],"inLanguage":"hr","potentialAction":[{"@type":"CommentAction","name":"Comment","target":["https:\/\/tirinha.com\/889\/san-fernando-de-henares-fim-de-semana-de-comedia-com-agustin-duran-e-gabino-diego\/#respond"]}]},{"@type":"WebPage","@id":"https:\/\/tirinha.com\/889\/san-fernando-de-henares-fim-de-semana-de-comedia-com-agustin-duran-e-gabino-diego\/","url":"https:\/\/tirinha.com\/889\/san-fernando-de-henares-fim-de-semana-de-comedia-com-agustin-duran-e-gabino-diego\/","name":"SAN FERNANDO DE HENARES\/ Vikend komedije s Agust\u00ednom Dur\u00e1nom i Gabinom Diegom - Tirinha.com","isPartOf":{"@id":"https:\/\/tirinha.com\/#website"},"primaryImageOfPage":{"@id":"https:\/\/tirinha.com\/889\/san-fernando-de-henares-fim-de-semana-de-comedia-com-agustin-duran-e-gabino-diego\/#primaryimage"},"image":{"@id":"https:\/\/tirinha.com\/889\/san-fernando-de-henares-fim-de-semana-de-comedia-com-agustin-duran-e-gabino-diego\/#primaryimage"},"thumbnailUrl":"https:\/\/noticiasparamunicipios.com\/wp-content\/uploads\/2023\/01\/la-curva-de-la-felicidad.jpg","datePublished":"2023-04-03T13:54:36+00:00","breadcrumb":{"@id":"https:\/\/tirinha.com\/889\/san-fernando-de-henares-fim-de-semana-de-comedia-com-agustin-duran-e-gabino-diego\/#breadcrumb"},"inLanguage":"hr","potentialAction":[{"@type":"ReadAction","target":["https:\/\/tirinha.com\/889\/san-fernando-de-henares-fim-de-semana-de-comedia-com-agustin-duran-e-gabino-diego\/"]}]},{"@type":"ImageObject","inLanguage":"hr","@id":"https:\/\/tirinha.com\/889\/san-fernando-de-henares-fim-de-semana-de-comedia-com-agustin-duran-e-gabino-diego\/#primaryimage","url":"https:\/\/noticiasparamunicipios.com\/wp-content\/uploads\/2023\/01\/la-curva-de-la-felicidad.jpg","contentUrl":"https:\/\/noticiasparamunicipios.com\/wp-content\/uploads\/2023\/01\/la-curva-de-la-felicidad.jpg"},{"@type":"BreadcrumbList","@id":"https:\/\/tirinha.com\/889\/san-fernando-de-henares-fim-de-semana-de-comedia-com-agustin-duran-e-gabino-diego\/#breadcrumb","itemListElement":[{"@type":"ListItem","position":1,"name":"Home","item":"https:\/\/tirinha.com\/"},{"@type":"ListItem","position":2,"name":"SAN FERNANDO DE HENARES\/ Fim de semana de com\u00e9dia com Agust\u00edn Dur\u00e1n e Gabino Diego"}]},{"@type":"WebSite","@id":"https:\/\/tirinha.com\/#website","url":"https:\/\/tirinha.com\/","name":"Stripovi.com","description":"Prikazi umjetnosti i knjiga","publisher":{"@id":"https:\/\/tirinha.com\/#organization"},"potentialAction":[{"@type":"SearchAction","target":{"@type":"EntryPoint","urlTemplate":"https:\/\/tirinha.com\/?s={search_term_string}"},"query-input":{"@type":"PropertyValueSpecification","valueRequired":true,"valueName":"search_term_string"}}],"inLanguage":"hr"},{"@type":"Organization","@id":"https:\/\/tirinha.com\/#organization","name":"Stripovi.com","url":"https:\/\/tirinha.com\/","logo":{"@type":"ImageObject","inLanguage":"hr","@id":"https:\/\/tirinha.com\/#\/schema\/logo\/image\/","url":"https:\/\/tirinha.com\/wp-content\/uploads\/2023\/08\/cropped-Logo-Tirinha.webp","contentUrl":"https:\/\/tirinha.com\/wp-content\/uploads\/2023\/08\/cropped-Logo-Tirinha.webp","width":512,"height":512,"caption":"Tirinha.com"},"image":{"@id":"https:\/\/tirinha.com\/#\/schema\/logo\/image\/"}},{"@type":"Person","@id":"https:\/\/tirinha.com\/#\/schema\/person\/e22bdfbe17e0461f7e927e6a1208d4d9","name":"admin","image":{"@type":"ImageObject","inLanguage":"hr","@id":"https:\/\/tirinha.com\/wp-content\/litespeed\/avatar\/d0068f7931cc87d7274eb0c3db1deb4b.jpg?ver=1776829466","url":"https:\/\/tirinha.com\/wp-content\/litespeed\/avatar\/d0068f7931cc87d7274eb0c3db1deb4b.jpg?ver=1776829466","contentUrl":"https:\/\/tirinha.com\/wp-content\/litespeed\/avatar\/d0068f7931cc87d7274eb0c3db1deb4b.jpg?ver=1776829466","caption":"admin"},"sameAs":["https:\/\/tirinha.com"],"url":"https:\/\/tirinha.com\/hr\/author\/admin\/"}]}},"_links":{"self":[{"href":"https:\/\/tirinha.com\/hr\/wp-json\/wp\/v2\/posts\/889","targetHints":{"allow":["GET"]}}],"collection":[{"href":"https:\/\/tirinha.com\/hr\/wp-json\/wp\/v2\/posts"}],"about":[{"href":"https:\/\/tirinha.com\/hr\/wp-json\/wp\/v2\/types\/post"}],"author":[{"embeddable":true,"href":"https:\/\/tirinha.com\/hr\/wp-json\/wp\/v2\/users\/1"}],"replies":[{"embeddable":true,"href":"https:\/\/tirinha.com\/hr\/wp-json\/wp\/v2\/comments?post=889"}],"version-history":[{"count":0,"href":"https:\/\/tirinha.com\/hr\/wp-json\/wp\/v2\/posts\/889\/revisions"}],"wp:featuredmedia":[{"embeddable":true,"href":"https:\/\/tirinha.com\/hr\/wp-json\/wp\/v2\/media\/891"}],"wp:attachment":[{"href":"https:\/\/tirinha.com\/hr\/wp-json\/wp\/v2\/media?parent=889"}],"wp:term":[{"taxonomy":"category","embeddable":true,"href":"https:\/\/tirinha.com\/hr\/wp-json\/wp\/v2\/categories?post=889"},{"taxonomy":"post_tag","embeddable":true,"href":"https:\/\/tirinha.com\/hr\/wp-json\/wp\/v2\/tags?post=889"}],"curies":[{"name":"radni list","href":"https:\/\/api.w.org\/{rel}","templated":true}]}}