{"id":1162,"date":"2023-04-15T15:36:43","date_gmt":"2023-04-15T15:36:43","guid":{"rendered":"https:\/\/tirinha.com\/yves-saint-laurent-anuncia-sua-entrada-no-mundo-do-cinema-como-produtor-audiovisual\/"},"modified":"2023-10-11T10:43:18","modified_gmt":"2023-10-11T10:43:18","slug":"yves-saint-laurent-anuncia-sua-entrada-no-mundo-do-cinema-como-produtor-audiovisual","status":"publish","type":"post","link":"https:\/\/tirinha.com\/hr\/1162\/yves-saint-laurent-anuncia-sua-entrada-no-mundo-do-cinema-como-produtor-audiovisual\/","title":{"rendered":"Yves Saint Laurent najavljuje svoj ulazak u svijet kinematografije kao audiovizualni producent"},"content":{"rendered":"<div>\n<h2><span style=\"font-weight: 400\">Francuska modna ku\u0107a najavljuje pokretanje svoje tvrtke za proizvodnju filmova <em>Saint Laurent Productions<\/em><\/span><\/h2>\n<p><span style=\"font-weight: 400\">Producentov prvi posao je <em>\u010dudan na\u010din \u017eivota<\/em> Pedra Almod\u00f3vara, postav\u0161i tako prva modna tvrtka koja financira filmove. <\/span><span style=\"font-weight: 400\">Novi srednji film <strong>Pedro Almod\u00f3var<\/strong> donijeti <strong>Peter Pascal<\/strong> ve\u0107 <strong>Ethan Hawke<\/strong> me\u0111u gluma\u010dkom postavom, ali ono \u0161to nam je najvi\u0161e privuklo pa\u017enju je ime <strong>Anthony Vaccarello<\/strong> na plakatu. <\/span><\/p>\n<blockquote class=\"instagram-media\" data-instgrm-captioned=\"\" data-instgrm-permalink=\"https:\/\/www.instagram.com\/p\/Cq6CXwzJ-PD\/?utm_source=ig_embed&amp;utm_campaign=loading\" data-instgrm-version=\"14\" style=\" background:#FFF; border:0; border-radius:3px; box-shadow:0 0 1px 0 rgba(0,0,0,0.5),0 1px 10px 0 rgba(0,0,0,0.15); margin: 1px; max-width:658px; min-width:326px; padding:0; width:99.375%; width:-webkit-calc(100% - 2px); width:calc(100% - 2px);\"><\/blockquote>\n<p><span style=\"font-weight: 400\">Odnos od <strong>Saint Laurent<\/strong> uz kinematografiju uvijek je prisutna od zlatnog doba svog utemeljitelja u 60-ima, s procvatom <em>spreman obu\u0107i<\/em> i garderobne suradnje s filmovima kao \u0161to su <em>Belle de Jour<\/em> (1967). Ta se veza njegovala i traje do danas. Nakon \u0161to je radio sa <strong>gaspar no\u00e9<\/strong> u razli\u010ditim kratkim hla\u010dama, <strong>Saint Laurent<\/strong> podi\u017ee svoj odnos sa svijetom kinematografije na novu razinu: osnovao je podru\u017enicu posve\u0107enu profesionalnoj audiovizualnoj produkciji pod imenom <em><strong>Saint Laurent Productions<\/strong><\/em>.<\/span><\/p>\n<blockquote class=\"instagram-media\" data-instgrm-captioned=\"\" data-instgrm-permalink=\"https:\/\/www.instagram.com\/p\/Cq-0_prLXkQ\/?utm_source=ig_embed&amp;utm_campaign=loading\" data-instgrm-version=\"14\" style=\" background:#FFF; border:0; border-radius:3px; box-shadow:0 0 1px 0 rgba(0,0,0,0.5),0 1px 10px 0 rgba(0,0,0,0.15); margin: 1px; max-width:658px; min-width:326px; padding:0; width:99.375%; width:-webkit-calc(100% - 2px); width:calc(100% - 2px);\"><\/blockquote>\n<p><span style=\"font-weight: 400\">Iako je Almod\u00f3varova filmografija oduvijek imala jedinstvenu estetiku, \u010dinjenica da je Vaccarello me\u0111u kreativnim vizionarima veliko je obe\u0107anje uspjeha, kao, bez sumnje, \u010dinjenica da \u0107e Saint Laurent u Vaccarellovim rukama postati jedan od najpo\u017eeljnijih potpisa filma trenutak, postoji razlog. Dizajner je uspio pove\u0107ati prodaju Saint Laurenta na 3,4 milijarde dolara. <\/span><\/p>\n<h3>\u010dudan na\u010din \u017eivota<\/h3>\n<p><span style=\"font-weight: 400\">Pedro Almod\u00f3var to ka\u017ee <em>\u010dudan na\u010din \u017eivota<\/em>snimljen u ju\u017enoj \u0160panjolskoj kao <em>zapadni<\/em>, istra\u017euje \u017eivote dvojice biv\u0161ih unajmljenih revolvera\u0161a koji se ponovno susre\u0107u nakon 25 godina, a ne samo kako bi povratili svoje staro prijateljstvo. Ovaj \u0107e film biti prikazan na 76. izdanju <strong>Filmski festival u Cannesu<\/strong> u svibnju. Organizatori festivala ve\u0107 su potvrdili da \u0107e biti predstavljen u sklopu njihovog <strong>Slu\u017ebeni dio<\/strong>.<\/span><\/p>\n<blockquote class=\"twitter-tweet\" data-width=\"550\" data-dnt=\"true\">\n<p lang=\"ro\" dir=\"ltr\">Ethan Hawke i Pedro Pascal u \u010cUDNOM NA\u010cINU \u017dIVOTA Pedra Almod\u00f3vara. <a href=\"https:\/\/t.co\/JhBPWJ3ncJ\">pic.twitter.com\/JhBPWJ3ncJ<\/a><\/p>\n<p>\u2014 A\u017euriranja filmova (@FilmUpdates) <a href=\"https:\/\/twitter.com\/FilmUpdates\/status\/1645898554110791682?ref_src=twsrc%5Etfw\">11. travnja 2023<\/a><\/p><\/blockquote>\n<h3>A <em>zapadni<\/em> sa Saint Laurent ormarom<\/h3>\n<p><span style=\"font-weight: 400\">Kako je za kostime zadu\u017een belgijski dizajner, mo\u017eemo o\u010dekivati da \u0107e spoj ove dvije grane umjetnosti biti epski maksimiziran. Na plakatu mo\u017eemo vidjeti kako se kostimi vra\u0107aju Saint Laurentovim klasi\u010dnim siluetama pomije\u0161anim s Almod\u00f3varovom eksplozijom boja, transformiraju\u0107i tako zapadnja\u010dku estetiku. Besprijekoran kroj karakteristi\u010dan za <em>ku\u0107a<\/em>i naravno, kultne visoke \u010dizme koje smo toliko vi\u0111ali na modnoj pisti u podno\u017eju <strong>Eiffelov toranj<\/strong>na nogama <strong>Lenny Kravitz<\/strong> desetlje\u0107ima i u paradi od <strong>SS mu\u0161ka moda 2023<\/strong> u pustinji <strong>Agafay<\/strong>.<\/span><\/p>\n<h3>Projekti Saint Laurent Productions<\/h3>\n<p><span style=\"font-weight: 400\">Iako je jasno da \u0107e filmovi koje proizvodi Saint Laurent dati vidljivost brendu i njegovoj estetici, to ne\u0107e biti modni ili umjetni\u010dki kratki filmovi. Cilj je profitabilnost, pa \u0107e se igrani filmovi prodavati na filmskim festivalima komercijalnim distributerima i imati koristi od promocije novih izdanja.<\/span><\/p>\n<p><span style=\"font-weight: 400\">Uz Almod\u00f3varov film, producent namjerava snimati filmove s <strong>David Cronenberg<\/strong> to je <strong>Paolo Sorrentino<\/strong>. <\/span><\/p>\n<div class=\"sharedaddy sd-block sd-like jetpack-likes-widget-wrapper jetpack-likes-widget-unloaded\" id=\"like-post-wrapper-153844979-85945-643ac48a24254\" data-src=\"https:\/\/widgets.wp.com\/likes\/#blog_id=153844979&amp;post_id=85945&amp;origin=elgeneracionalpost.com&amp;obj_id=153844979-85945-643ac48a24254\" data-name=\"like-post-frame-153844979-85945-643ac48a24254\" data-title=\"Me gusta o Compartir\">\n<h3 class=\"sd-title\">svi\u0111a mi se ovo:<\/h3>\n<p><span class=\"button\"><span>ja volim<\/span><\/span> <span class=\"loading\">U\u010ditavam\u2026<\/span><\/p>\n<p><span class=\"sd-text-color\"\/><a class=\"sd-link-color\"\/><\/div>\n<h3 class=\"jp-relatedposts-headline\"><em>Povezano<\/em><\/h3>\n<\/div>\n<p><script async src=\"\/\/platform.twitter.com\/widgets.js\" charset=\"utf-8\"><\/script><script async defer src=\"https:\/\/platform.instagram.com\/en_US\/embeds.js\"><\/script><\/p>","protected":false},"excerpt":{"rendered":"<p>Francuska modna ku\u0107a najavljuje pokretanje svoje filmske produkcijske ku\u0107e Saint Laurent Productions Prvo djelo\u2026 <\/p>","protected":false},"author":1,"featured_media":1163,"comment_status":"closed","ping_status":"closed","sticky":false,"template":"","format":"standard","meta":{"fifu_image_url":"https:\/\/i0.wp.com\/elgeneracionalpost.com\/wp-content\/uploads\/2023\/04\/340506337_1836009570119223_704035574529701447_n.jpg?fit=640,640&ssl=1","fifu_image_alt":"","footnotes":""},"categories":[35],"tags":[],"class_list":["post-1162","post","type-post","status-publish","format-standard","has-post-thumbnail","hentry","category-cultura-e-lazer","latest_post"],"yoast_head":"<!-- This site is optimized with the Yoast SEO plugin v27.3 - https:\/\/yoast.com\/product\/yoast-seo-wordpress\/ -->\n<title>Yves Saint Laurent anuncia sua entrada no mundo do cinema como produtor audiovisual - Tirinha.com<\/title>\n<meta name=\"robots\" content=\"index, follow, max-snippet:-1, max-image-preview:large, max-video-preview:-1\" \/>\n<link rel=\"canonical\" href=\"https:\/\/tirinha.com\/hr\/1162\/yves-saint-laurent-anuncia-sua-entrada-no-mundo-do-cinema-como-produtor-audiovisual\/\" \/>\n<meta property=\"og:locale\" content=\"hr_HR\" \/>\n<meta property=\"og:type\" content=\"article\" \/>\n<meta property=\"og:title\" content=\"Yves Saint Laurent anuncia sua entrada no mundo do cinema como produtor audiovisual - Tirinha.com\" \/>\n<meta property=\"og:description\" content=\"A casa de moda francesa anuncia o lan\u00e7amento de sua produtora de filmes Produ\u00e7\u00f5es Saint Laurent O primeiro trabalho do &hellip;\" \/>\n<meta property=\"og:url\" content=\"https:\/\/tirinha.com\/hr\/1162\/yves-saint-laurent-anuncia-sua-entrada-no-mundo-do-cinema-como-produtor-audiovisual\/\" \/>\n<meta property=\"og:site_name\" content=\"Tirinha.com\" \/>\n<meta property=\"article:published_time\" content=\"2023-04-15T15:36:43+00:00\" \/>\n<meta property=\"article:modified_time\" content=\"2023-10-11T10:43:18+00:00\" \/>\n<meta property=\"og:image\" content=\"https:\/\/i0.wp.com\/elgeneracionalpost.com\/wp-content\/uploads\/2023\/04\/340506337_1836009570119223_704035574529701447_n.jpg?fit=640,640&ssl=1\" \/><meta property=\"og:image\" content=\"https:\/\/i0.wp.com\/elgeneracionalpost.com\/wp-content\/uploads\/2023\/04\/340506337_1836009570119223_704035574529701447_n.jpg?fit=640,640&ssl=1\" \/>\n\t<meta property=\"og:image:width\" content=\"1\" \/>\n\t<meta property=\"og:image:height\" content=\"1\" \/>\n\t<meta property=\"og:image:type\" content=\"image\/jpeg\" \/>\n<meta name=\"author\" content=\"admin\" \/>\n<meta name=\"twitter:card\" content=\"summary_large_image\" \/>\n<meta name=\"twitter:image\" content=\"https:\/\/i0.wp.com\/elgeneracionalpost.com\/wp-content\/uploads\/2023\/04\/340506337_1836009570119223_704035574529701447_n.jpg?fit=640,640&ssl=1\" \/>\n<meta name=\"twitter:label1\" content=\"Napisao\/la\" \/>\n\t<meta name=\"twitter:data1\" content=\"admin\" \/>\n\t<meta name=\"twitter:label2\" content=\"Procijenjeno vrijeme \u010ditanja\" \/>\n\t<meta name=\"twitter:data2\" content=\"3 minute\" \/>\n<script type=\"application\/ld+json\" class=\"yoast-schema-graph\">{\"@context\":\"https:\\\/\\\/schema.org\",\"@graph\":[{\"@type\":\"Article\",\"@id\":\"https:\\\/\\\/tirinha.com\\\/1162\\\/yves-saint-laurent-anuncia-sua-entrada-no-mundo-do-cinema-como-produtor-audiovisual\\\/#article\",\"isPartOf\":{\"@id\":\"https:\\\/\\\/tirinha.com\\\/1162\\\/yves-saint-laurent-anuncia-sua-entrada-no-mundo-do-cinema-como-produtor-audiovisual\\\/\"},\"author\":{\"name\":\"admin\",\"@id\":\"https:\\\/\\\/tirinha.com\\\/#\\\/schema\\\/person\\\/e22bdfbe17e0461f7e927e6a1208d4d9\"},\"headline\":\"Yves Saint Laurent anuncia sua entrada no mundo do cinema como produtor audiovisual\",\"datePublished\":\"2023-04-15T15:36:43+00:00\",\"dateModified\":\"2023-10-11T10:43:18+00:00\",\"mainEntityOfPage\":{\"@id\":\"https:\\\/\\\/tirinha.com\\\/1162\\\/yves-saint-laurent-anuncia-sua-entrada-no-mundo-do-cinema-como-produtor-audiovisual\\\/\"},\"wordCount\":539,\"publisher\":{\"@id\":\"https:\\\/\\\/tirinha.com\\\/#organization\"},\"image\":{\"@id\":\"https:\\\/\\\/tirinha.com\\\/1162\\\/yves-saint-laurent-anuncia-sua-entrada-no-mundo-do-cinema-como-produtor-audiovisual\\\/#primaryimage\"},\"thumbnailUrl\":\"https:\\\/\\\/i0.wp.com\\\/elgeneracionalpost.com\\\/wp-content\\\/uploads\\\/2023\\\/04\\\/340506337_1836009570119223_704035574529701447_n.jpg?fit=640,640&ssl=1\",\"articleSection\":[\"Cultura e lazer\"],\"inLanguage\":\"hr\"},{\"@type\":\"WebPage\",\"@id\":\"https:\\\/\\\/tirinha.com\\\/1162\\\/yves-saint-laurent-anuncia-sua-entrada-no-mundo-do-cinema-como-produtor-audiovisual\\\/\",\"url\":\"https:\\\/\\\/tirinha.com\\\/1162\\\/yves-saint-laurent-anuncia-sua-entrada-no-mundo-do-cinema-como-produtor-audiovisual\\\/\",\"name\":\"Yves Saint Laurent anuncia sua entrada no mundo do cinema como produtor audiovisual - Tirinha.com\",\"isPartOf\":{\"@id\":\"https:\\\/\\\/tirinha.com\\\/#website\"},\"primaryImageOfPage\":{\"@id\":\"https:\\\/\\\/tirinha.com\\\/1162\\\/yves-saint-laurent-anuncia-sua-entrada-no-mundo-do-cinema-como-produtor-audiovisual\\\/#primaryimage\"},\"image\":{\"@id\":\"https:\\\/\\\/tirinha.com\\\/1162\\\/yves-saint-laurent-anuncia-sua-entrada-no-mundo-do-cinema-como-produtor-audiovisual\\\/#primaryimage\"},\"thumbnailUrl\":\"https:\\\/\\\/i0.wp.com\\\/elgeneracionalpost.com\\\/wp-content\\\/uploads\\\/2023\\\/04\\\/340506337_1836009570119223_704035574529701447_n.jpg?fit=640,640&ssl=1\",\"datePublished\":\"2023-04-15T15:36:43+00:00\",\"dateModified\":\"2023-10-11T10:43:18+00:00\",\"breadcrumb\":{\"@id\":\"https:\\\/\\\/tirinha.com\\\/1162\\\/yves-saint-laurent-anuncia-sua-entrada-no-mundo-do-cinema-como-produtor-audiovisual\\\/#breadcrumb\"},\"inLanguage\":\"hr\",\"potentialAction\":[{\"@type\":\"ReadAction\",\"target\":[\"https:\\\/\\\/tirinha.com\\\/1162\\\/yves-saint-laurent-anuncia-sua-entrada-no-mundo-do-cinema-como-produtor-audiovisual\\\/\"]}]},{\"@type\":\"ImageObject\",\"inLanguage\":\"hr\",\"@id\":\"https:\\\/\\\/tirinha.com\\\/1162\\\/yves-saint-laurent-anuncia-sua-entrada-no-mundo-do-cinema-como-produtor-audiovisual\\\/#primaryimage\",\"url\":\"https:\\\/\\\/i0.wp.com\\\/elgeneracionalpost.com\\\/wp-content\\\/uploads\\\/2023\\\/04\\\/340506337_1836009570119223_704035574529701447_n.jpg?fit=640,640&ssl=1\",\"contentUrl\":\"https:\\\/\\\/i0.wp.com\\\/elgeneracionalpost.com\\\/wp-content\\\/uploads\\\/2023\\\/04\\\/340506337_1836009570119223_704035574529701447_n.jpg?fit=640,640&ssl=1\"},{\"@type\":\"BreadcrumbList\",\"@id\":\"https:\\\/\\\/tirinha.com\\\/1162\\\/yves-saint-laurent-anuncia-sua-entrada-no-mundo-do-cinema-como-produtor-audiovisual\\\/#breadcrumb\",\"itemListElement\":[{\"@type\":\"ListItem\",\"position\":1,\"name\":\"Home\",\"item\":\"https:\\\/\\\/tirinha.com\\\/\"},{\"@type\":\"ListItem\",\"position\":2,\"name\":\"Yves Saint Laurent anuncia sua entrada no mundo do cinema como produtor audiovisual\"}]},{\"@type\":\"WebSite\",\"@id\":\"https:\\\/\\\/tirinha.com\\\/#website\",\"url\":\"https:\\\/\\\/tirinha.com\\\/\",\"name\":\"Tirinha.com\",\"description\":\"Arte e livros resenhas\",\"publisher\":{\"@id\":\"https:\\\/\\\/tirinha.com\\\/#organization\"},\"potentialAction\":[{\"@type\":\"SearchAction\",\"target\":{\"@type\":\"EntryPoint\",\"urlTemplate\":\"https:\\\/\\\/tirinha.com\\\/?s={search_term_string}\"},\"query-input\":{\"@type\":\"PropertyValueSpecification\",\"valueRequired\":true,\"valueName\":\"search_term_string\"}}],\"inLanguage\":\"hr\"},{\"@type\":\"Organization\",\"@id\":\"https:\\\/\\\/tirinha.com\\\/#organization\",\"name\":\"Tirinha.com\",\"url\":\"https:\\\/\\\/tirinha.com\\\/\",\"logo\":{\"@type\":\"ImageObject\",\"inLanguage\":\"hr\",\"@id\":\"https:\\\/\\\/tirinha.com\\\/#\\\/schema\\\/logo\\\/image\\\/\",\"url\":\"https:\\\/\\\/tirinha.com\\\/wp-content\\\/uploads\\\/2023\\\/08\\\/cropped-Logo-Tirinha.webp\",\"contentUrl\":\"https:\\\/\\\/tirinha.com\\\/wp-content\\\/uploads\\\/2023\\\/08\\\/cropped-Logo-Tirinha.webp\",\"width\":512,\"height\":512,\"caption\":\"Tirinha.com\"},\"image\":{\"@id\":\"https:\\\/\\\/tirinha.com\\\/#\\\/schema\\\/logo\\\/image\\\/\"}},{\"@type\":\"Person\",\"@id\":\"https:\\\/\\\/tirinha.com\\\/#\\\/schema\\\/person\\\/e22bdfbe17e0461f7e927e6a1208d4d9\",\"name\":\"admin\",\"image\":{\"@type\":\"ImageObject\",\"inLanguage\":\"hr\",\"@id\":\"https:\\\/\\\/tirinha.com\\\/wp-content\\\/litespeed\\\/avatar\\\/d0068f7931cc87d7274eb0c3db1deb4b.jpg?ver=1776829466\",\"url\":\"https:\\\/\\\/tirinha.com\\\/wp-content\\\/litespeed\\\/avatar\\\/d0068f7931cc87d7274eb0c3db1deb4b.jpg?ver=1776829466\",\"contentUrl\":\"https:\\\/\\\/tirinha.com\\\/wp-content\\\/litespeed\\\/avatar\\\/d0068f7931cc87d7274eb0c3db1deb4b.jpg?ver=1776829466\",\"caption\":\"admin\"},\"sameAs\":[\"https:\\\/\\\/tirinha.com\"],\"url\":\"https:\\\/\\\/tirinha.com\\\/hr\\\/author\\\/admin\\\/\"}]}<\/script>\n<!-- \/ Yoast SEO plugin. -->","yoast_head_json":{"title":"Yves Saint Laurent anuncia sua entrada no mundo do cinema como produtor audiovisual - Tirinha.com","robots":{"index":"index","follow":"follow","max-snippet":"max-snippet:-1","max-image-preview":"max-image-preview:large","max-video-preview":"max-video-preview:-1"},"canonical":"https:\/\/tirinha.com\/hr\/1162\/yves-saint-laurent-anuncia-sua-entrada-no-mundo-do-cinema-como-produtor-audiovisual\/","og_locale":"hr_HR","og_type":"article","og_title":"Yves Saint Laurent anuncia sua entrada no mundo do cinema como produtor audiovisual - Tirinha.com","og_description":"A casa de moda francesa anuncia o lan\u00e7amento de sua produtora de filmes Produ\u00e7\u00f5es Saint Laurent O primeiro trabalho do &hellip;","og_url":"https:\/\/tirinha.com\/hr\/1162\/yves-saint-laurent-anuncia-sua-entrada-no-mundo-do-cinema-como-produtor-audiovisual\/","og_site_name":"Tirinha.com","article_published_time":"2023-04-15T15:36:43+00:00","article_modified_time":"2023-10-11T10:43:18+00:00","og_image":[{"url":"https:\/\/i0.wp.com\/elgeneracionalpost.com\/wp-content\/uploads\/2023\/04\/340506337_1836009570119223_704035574529701447_n.jpg?fit=640,640&ssl=1","type":"","width":"","height":""},{"url":"https:\/\/i0.wp.com\/elgeneracionalpost.com\/wp-content\/uploads\/2023\/04\/340506337_1836009570119223_704035574529701447_n.jpg?fit=640,640&ssl=1","width":1,"height":1,"type":"image\/jpeg"}],"author":"admin","twitter_card":"summary_large_image","twitter_image":"https:\/\/i0.wp.com\/elgeneracionalpost.com\/wp-content\/uploads\/2023\/04\/340506337_1836009570119223_704035574529701447_n.jpg?fit=640,640&ssl=1","twitter_misc":{"Napisao\/la":"admin","Procijenjeno vrijeme \u010ditanja":"3 minute"},"schema":{"@context":"https:\/\/schema.org","@graph":[{"@type":"Article","@id":"https:\/\/tirinha.com\/1162\/yves-saint-laurent-anuncia-sua-entrada-no-mundo-do-cinema-como-produtor-audiovisual\/#article","isPartOf":{"@id":"https:\/\/tirinha.com\/1162\/yves-saint-laurent-anuncia-sua-entrada-no-mundo-do-cinema-como-produtor-audiovisual\/"},"author":{"name":"admin","@id":"https:\/\/tirinha.com\/#\/schema\/person\/e22bdfbe17e0461f7e927e6a1208d4d9"},"headline":"Yves Saint Laurent anuncia sua entrada no mundo do cinema como produtor audiovisual","datePublished":"2023-04-15T15:36:43+00:00","dateModified":"2023-10-11T10:43:18+00:00","mainEntityOfPage":{"@id":"https:\/\/tirinha.com\/1162\/yves-saint-laurent-anuncia-sua-entrada-no-mundo-do-cinema-como-produtor-audiovisual\/"},"wordCount":539,"publisher":{"@id":"https:\/\/tirinha.com\/#organization"},"image":{"@id":"https:\/\/tirinha.com\/1162\/yves-saint-laurent-anuncia-sua-entrada-no-mundo-do-cinema-como-produtor-audiovisual\/#primaryimage"},"thumbnailUrl":"https:\/\/i0.wp.com\/elgeneracionalpost.com\/wp-content\/uploads\/2023\/04\/340506337_1836009570119223_704035574529701447_n.jpg?fit=640,640&ssl=1","articleSection":["Cultura e lazer"],"inLanguage":"hr"},{"@type":"WebPage","@id":"https:\/\/tirinha.com\/1162\/yves-saint-laurent-anuncia-sua-entrada-no-mundo-do-cinema-como-produtor-audiovisual\/","url":"https:\/\/tirinha.com\/1162\/yves-saint-laurent-anuncia-sua-entrada-no-mundo-do-cinema-como-produtor-audiovisual\/","name":"Yves Saint Laurent anuncia sua entrada no mundo do cinema como produtor audiovisual - Tirinha.com","isPartOf":{"@id":"https:\/\/tirinha.com\/#website"},"primaryImageOfPage":{"@id":"https:\/\/tirinha.com\/1162\/yves-saint-laurent-anuncia-sua-entrada-no-mundo-do-cinema-como-produtor-audiovisual\/#primaryimage"},"image":{"@id":"https:\/\/tirinha.com\/1162\/yves-saint-laurent-anuncia-sua-entrada-no-mundo-do-cinema-como-produtor-audiovisual\/#primaryimage"},"thumbnailUrl":"https:\/\/i0.wp.com\/elgeneracionalpost.com\/wp-content\/uploads\/2023\/04\/340506337_1836009570119223_704035574529701447_n.jpg?fit=640,640&ssl=1","datePublished":"2023-04-15T15:36:43+00:00","dateModified":"2023-10-11T10:43:18+00:00","breadcrumb":{"@id":"https:\/\/tirinha.com\/1162\/yves-saint-laurent-anuncia-sua-entrada-no-mundo-do-cinema-como-produtor-audiovisual\/#breadcrumb"},"inLanguage":"hr","potentialAction":[{"@type":"ReadAction","target":["https:\/\/tirinha.com\/1162\/yves-saint-laurent-anuncia-sua-entrada-no-mundo-do-cinema-como-produtor-audiovisual\/"]}]},{"@type":"ImageObject","inLanguage":"hr","@id":"https:\/\/tirinha.com\/1162\/yves-saint-laurent-anuncia-sua-entrada-no-mundo-do-cinema-como-produtor-audiovisual\/#primaryimage","url":"https:\/\/i0.wp.com\/elgeneracionalpost.com\/wp-content\/uploads\/2023\/04\/340506337_1836009570119223_704035574529701447_n.jpg?fit=640,640&ssl=1","contentUrl":"https:\/\/i0.wp.com\/elgeneracionalpost.com\/wp-content\/uploads\/2023\/04\/340506337_1836009570119223_704035574529701447_n.jpg?fit=640,640&ssl=1"},{"@type":"BreadcrumbList","@id":"https:\/\/tirinha.com\/1162\/yves-saint-laurent-anuncia-sua-entrada-no-mundo-do-cinema-como-produtor-audiovisual\/#breadcrumb","itemListElement":[{"@type":"ListItem","position":1,"name":"Home","item":"https:\/\/tirinha.com\/"},{"@type":"ListItem","position":2,"name":"Yves Saint Laurent anuncia sua entrada no mundo do cinema como produtor audiovisual"}]},{"@type":"WebSite","@id":"https:\/\/tirinha.com\/#website","url":"https:\/\/tirinha.com\/","name":"Stripovi.com","description":"Prikazi umjetnosti i knjiga","publisher":{"@id":"https:\/\/tirinha.com\/#organization"},"potentialAction":[{"@type":"SearchAction","target":{"@type":"EntryPoint","urlTemplate":"https:\/\/tirinha.com\/?s={search_term_string}"},"query-input":{"@type":"PropertyValueSpecification","valueRequired":true,"valueName":"search_term_string"}}],"inLanguage":"hr"},{"@type":"Organization","@id":"https:\/\/tirinha.com\/#organization","name":"Stripovi.com","url":"https:\/\/tirinha.com\/","logo":{"@type":"ImageObject","inLanguage":"hr","@id":"https:\/\/tirinha.com\/#\/schema\/logo\/image\/","url":"https:\/\/tirinha.com\/wp-content\/uploads\/2023\/08\/cropped-Logo-Tirinha.webp","contentUrl":"https:\/\/tirinha.com\/wp-content\/uploads\/2023\/08\/cropped-Logo-Tirinha.webp","width":512,"height":512,"caption":"Tirinha.com"},"image":{"@id":"https:\/\/tirinha.com\/#\/schema\/logo\/image\/"}},{"@type":"Person","@id":"https:\/\/tirinha.com\/#\/schema\/person\/e22bdfbe17e0461f7e927e6a1208d4d9","name":"admin","image":{"@type":"ImageObject","inLanguage":"hr","@id":"https:\/\/tirinha.com\/wp-content\/litespeed\/avatar\/d0068f7931cc87d7274eb0c3db1deb4b.jpg?ver=1776829466","url":"https:\/\/tirinha.com\/wp-content\/litespeed\/avatar\/d0068f7931cc87d7274eb0c3db1deb4b.jpg?ver=1776829466","contentUrl":"https:\/\/tirinha.com\/wp-content\/litespeed\/avatar\/d0068f7931cc87d7274eb0c3db1deb4b.jpg?ver=1776829466","caption":"admin"},"sameAs":["https:\/\/tirinha.com"],"url":"https:\/\/tirinha.com\/hr\/author\/admin\/"}]}},"_links":{"self":[{"href":"https:\/\/tirinha.com\/hr\/wp-json\/wp\/v2\/posts\/1162","targetHints":{"allow":["GET"]}}],"collection":[{"href":"https:\/\/tirinha.com\/hr\/wp-json\/wp\/v2\/posts"}],"about":[{"href":"https:\/\/tirinha.com\/hr\/wp-json\/wp\/v2\/types\/post"}],"author":[{"embeddable":true,"href":"https:\/\/tirinha.com\/hr\/wp-json\/wp\/v2\/users\/1"}],"replies":[{"embeddable":true,"href":"https:\/\/tirinha.com\/hr\/wp-json\/wp\/v2\/comments?post=1162"}],"version-history":[{"count":0,"href":"https:\/\/tirinha.com\/hr\/wp-json\/wp\/v2\/posts\/1162\/revisions"}],"wp:featuredmedia":[{"embeddable":true,"href":"https:\/\/tirinha.com\/hr\/wp-json\/wp\/v2\/media\/1163"}],"wp:attachment":[{"href":"https:\/\/tirinha.com\/hr\/wp-json\/wp\/v2\/media?parent=1162"}],"wp:term":[{"taxonomy":"category","embeddable":true,"href":"https:\/\/tirinha.com\/hr\/wp-json\/wp\/v2\/categories?post=1162"},{"taxonomy":"post_tag","embeddable":true,"href":"https:\/\/tirinha.com\/hr\/wp-json\/wp\/v2\/tags?post=1162"}],"curies":[{"name":"radni list","href":"https:\/\/api.w.org\/{rel}","templated":true}]}}