{"id":1153,"date":"2023-04-14T19:10:08","date_gmt":"2023-04-14T19:10:08","guid":{"rendered":"https:\/\/tirinha.com\/marina-galan-estreia-nunca-fomos-tao-amigas\/"},"modified":"2023-04-14T19:10:08","modified_gmt":"2023-04-14T19:10:08","slug":"marina-galan-estreia-nunca-fomos-tao-amigas","status":"publish","type":"post","link":"https:\/\/tirinha.com\/hr\/1153\/marina-galan-estreia-nunca-fomos-tao-amigas\/","title":{"rendered":"Marina Gal\u00e1n debitira &#039;Nikad nismo bile takve prijateljice&#039;"},"content":{"rendered":"<p><\/p>\n<div>\n<h2>Marina Gal\u00e1n objavljuje <em>nikad nismo bili tako bliski<\/em> u\u010dvrstiv\u0161i svoje mjesto u \u017eenskom popu u \u0160panjolskoj<\/h2>\n<p dir=\"ltr\"><strong>Nakon \u0161to je prvi put nastupio pred 18.000 ljudi na Los 40 C\u00f3rdoba Pop showu, gdje je dijelio pozornicu s umjetnicima kao \u0161to su Antonio Jos\u00e9, L\u00e9rica, Leo Rizzi i Vicco, izvode\u0107i njihove hitove <em>Otporan na metke<\/em> to je <em>Malibu s ananasom<\/em>koji ve\u0107 prema\u0161uje 150.000 streamova na digitalnim platformama, Marina Gal\u00e1n predstavlja novi dance hit, umotan u trendi zvukove <em>synthwave<\/em>. <\/strong><\/p>\n<p dir=\"ltr\"><em>nikad nismo bili tako bliski<\/em> Ima ritam koji vas tjera da ple\u0161ete i tekstove koji vas pozivaju da se klonite otrovnih ljudi, sa sarkasti\u010dne to\u010dke gledi\u0161ta s frazama poput: <strong>\u201cNe znam \u0161to da ti ka\u017eem, ve\u0107 ti je bilo te\u0161ko odlu\u010diti se i u ovom trenutku ti preuzima\u0161 utje\u0161nu nagradu.\u201d<\/strong><\/p>\n<p dir=\"ltr\">Pjesmu su skladali ona i njezin producent <strong>Ander Perez-Nemowave<\/strong> (autor eurovizijskih hitova ili umjetnici poput <strong>Natalia Lacunza, Sweet California, Alex Ubago ili Soraya.<\/strong><\/p>\n<p dir=\"ltr\">Spot za ovu pjesmu re\u017eirao je <strong>Carlos Cabezas<\/strong> (Abraxas hybrid), i fotografija od <strong>carla glasovi<\/strong>gdje vidimo zabavniju i senzualniju Marinu za ulazak u ljetno raspolo\u017eenje.<\/p>\n<figure id=\"attachment_85965\" aria-describedby=\"caption-attachment-85965\" style=\"width: 2048px\" class=\"wp-caption alignnone\"><img fetchpriority=\"high\" data-attachment-id=\"85965\" data-permalink=\"https:\/\/elgeneracionalpost.com\/cultura\/2023\/0414\/85959\/cultura-musica-marina-galan.html\/attachment\/3-marina\" data-orig-file=\"https:\/\/i0.wp.com\/elgeneracionalpost.com\/wp-content\/uploads\/2023\/04\/3-marina.jpg?fit=2048%2C1365&amp;ssl=1\" data-orig-size=\"2048,1365\" data-comments-opened=\"0\" data-image-meta=\"{&quot;aperture&quot;:&quot;0&quot;,&quot;credit&quot;:&quot;&quot;,&quot;camera&quot;:&quot;&quot;,&quot;caption&quot;:&quot;&quot;,&quot;created_timestamp&quot;:&quot;0&quot;,&quot;copyright&quot;:&quot;&quot;,&quot;focal_length&quot;:&quot;0&quot;,&quot;iso&quot;:&quot;0&quot;,&quot;shutter_speed&quot;:&quot;0&quot;,&quot;title&quot;:&quot;&quot;,&quot;orientation&quot;:&quot;0&quot;}\" data-image-title=\"3 marina\" data-image-description=\"\" data-image-caption=\"&lt;p&gt;Marina Gal\u00e1n estrena \u2018Nunca fuimos tan amigos\u2019. Fuente: Oscar Pertusa&lt;\/p&gt;&#10;\" data-medium-file=\"https:\/\/i0.wp.com\/elgeneracionalpost.com\/wp-content\/uploads\/2023\/04\/3-marina.jpg?fit=300%2C200&amp;ssl=1\" data-large-file=\"https:\/\/i0.wp.com\/elgeneracionalpost.com\/wp-content\/uploads\/2023\/04\/3-marina.jpg?fit=696%2C464&amp;ssl=1\" decoding=\"async\" class=\"size-full wp-image-85965 jetpack-lazy-image\" src=\"https:\/\/i0.wp.com\/elgeneracionalpost.com\/wp-content\/uploads\/2023\/04\/3-marina.jpg?resize=696%2C464&amp;ssl=1\" alt=\"\" width=\"696\" height=\"464\" data-recalc-dims=\"1\" data-lazy-srcset=\"https:\/\/i0.wp.com\/elgeneracionalpost.com\/wp-content\/uploads\/2023\/04\/3-marina.jpg?w=2048&amp;ssl=1 2048w, https:\/\/i0.wp.com\/elgeneracionalpost.com\/wp-content\/uploads\/2023\/04\/3-marina.jpg?resize=300%2C200&amp;ssl=1 300w, https:\/\/i0.wp.com\/elgeneracionalpost.com\/wp-content\/uploads\/2023\/04\/3-marina.jpg?resize=1024%2C683&amp;ssl=1 1024w, https:\/\/i0.wp.com\/elgeneracionalpost.com\/wp-content\/uploads\/2023\/04\/3-marina.jpg?resize=768%2C512&amp;ssl=1 768w, https:\/\/i0.wp.com\/elgeneracionalpost.com\/wp-content\/uploads\/2023\/04\/3-marina.jpg?resize=1536%2C1024&amp;ssl=1 1536w, https:\/\/i0.wp.com\/elgeneracionalpost.com\/wp-content\/uploads\/2023\/04\/3-marina.jpg?resize=150%2C100&amp;ssl=1 150w, https:\/\/i0.wp.com\/elgeneracionalpost.com\/wp-content\/uploads\/2023\/04\/3-marina.jpg?resize=696%2C464&amp;ssl=1 696w, https:\/\/i0.wp.com\/elgeneracionalpost.com\/wp-content\/uploads\/2023\/04\/3-marina.jpg?resize=1068%2C712&amp;ssl=1 1068w, https:\/\/i0.wp.com\/elgeneracionalpost.com\/wp-content\/uploads\/2023\/04\/3-marina.jpg?resize=1920%2C1280&amp;ssl=1 1920w, https:\/\/i0.wp.com\/elgeneracionalpost.com\/wp-content\/uploads\/2023\/04\/3-marina.jpg?w=1392&amp;ssl=1 1392w\" data-lazy-sizes=\"(max-width: 696px) 100vw, 696px\" data-lazy-src=\"https:\/\/i0.wp.com\/elgeneracionalpost.com\/wp-content\/uploads\/2023\/04\/3-marina.jpg?resize=696%2C464&amp;is-pending-load=1#038;ssl=1\" srcset=\"data:image\/gif;base64,R0lGODlhAQABAIAAAAAAAP\/\/\/yH5BAEAAAAALAAAAAABAAEAAAIBRAA7\"\/><noscript><img data-lazy-fallback=\"1\" data-attachment-id=\"85965\" data-permalink=\"https:\/\/elgeneracionalpost.com\/cultura\/2023\/0414\/85959\/cultura-musica-marina-galan.html\/attachment\/3-marina\" data-orig-file=\"https:\/\/i0.wp.com\/elgeneracionalpost.com\/wp-content\/uploads\/2023\/04\/3-marina.jpg?fit=2048%2C1365&amp;ssl=1\" data-orig-size=\"2048,1365\" data-comments-opened=\"0\" data-image-meta=\"{&quot;aperture&quot;:&quot;0&quot;,&quot;credit&quot;:&quot;&quot;,&quot;camera&quot;:&quot;&quot;,&quot;caption&quot;:&quot;&quot;,&quot;created_timestamp&quot;:&quot;0&quot;,&quot;copyright&quot;:&quot;&quot;,&quot;focal_length&quot;:&quot;0&quot;,&quot;iso&quot;:&quot;0&quot;,&quot;shutter_speed&quot;:&quot;0&quot;,&quot;title&quot;:&quot;&quot;,&quot;orientation&quot;:&quot;0&quot;}\" data-image-title=\"3 marina\" data-image-description=\"\" data-image-caption=\"&lt;p&gt;Marina Gal\u00e1n estrena \u2018Nunca fuimos tan amigos\u2019. Fuente: Oscar Pertusa&lt;\/p&gt;&#10;\" data-medium-file=\"https:\/\/i0.wp.com\/elgeneracionalpost.com\/wp-content\/uploads\/2023\/04\/3-marina.jpg?fit=300%2C200&amp;ssl=1\" data-large-file=\"https:\/\/i0.wp.com\/elgeneracionalpost.com\/wp-content\/uploads\/2023\/04\/3-marina.jpg?fit=696%2C464&amp;ssl=1\" decoding=\"async\" class=\"size-full wp-image-85965\" src=\"https:\/\/i0.wp.com\/elgeneracionalpost.com\/wp-content\/uploads\/2023\/04\/3-marina.jpg?resize=696%2C464&amp;ssl=1\" alt=\"\" width=\"696\" height=\"464\" srcset=\"https:\/\/i0.wp.com\/elgeneracionalpost.com\/wp-content\/uploads\/2023\/04\/3-marina.jpg?w=2048&amp;ssl=1 2048w, https:\/\/i0.wp.com\/elgeneracionalpost.com\/wp-content\/uploads\/2023\/04\/3-marina.jpg?resize=300%2C200&amp;ssl=1 300w, https:\/\/i0.wp.com\/elgeneracionalpost.com\/wp-content\/uploads\/2023\/04\/3-marina.jpg?resize=1024%2C683&amp;ssl=1 1024w, https:\/\/i0.wp.com\/elgeneracionalpost.com\/wp-content\/uploads\/2023\/04\/3-marina.jpg?resize=768%2C512&amp;ssl=1 768w, https:\/\/i0.wp.com\/elgeneracionalpost.com\/wp-content\/uploads\/2023\/04\/3-marina.jpg?resize=1536%2C1024&amp;ssl=1 1536w, https:\/\/i0.wp.com\/elgeneracionalpost.com\/wp-content\/uploads\/2023\/04\/3-marina.jpg?resize=150%2C100&amp;ssl=1 150w, https:\/\/i0.wp.com\/elgeneracionalpost.com\/wp-content\/uploads\/2023\/04\/3-marina.jpg?resize=696%2C464&amp;ssl=1 696w, https:\/\/i0.wp.com\/elgeneracionalpost.com\/wp-content\/uploads\/2023\/04\/3-marina.jpg?resize=1068%2C712&amp;ssl=1 1068w, https:\/\/i0.wp.com\/elgeneracionalpost.com\/wp-content\/uploads\/2023\/04\/3-marina.jpg?resize=1920%2C1280&amp;ssl=1 1920w, https:\/\/i0.wp.com\/elgeneracionalpost.com\/wp-content\/uploads\/2023\/04\/3-marina.jpg?w=1392&amp;ssl=1 1392w\" sizes=\"(max-width: 696px) 100vw, 696px\" data-recalc-dims=\"1\"\/><\/noscript><figcaption id=\"caption-attachment-85965\" class=\"wp-caption-text\">Marina Gal\u00e1n debitira &#039;Nikad nismo bile takve prijateljice&#039;. Izvor: Oscar Pertusa<\/figcaption><\/figure>\n<h3><em>Malibu s ananasom<\/em> to je <em>usporeno<\/em> Ovo su va\u0161a propratna pisma<\/h3>\n<p dir=\"ltr\"><strong>Marina Gal\u00e1n<\/strong> zapo\u010dela je 2023. lansiranjem <strong>Remix<\/strong> va\u0161eg singla<strong><em>  Malibu s ananasom<\/em> <\/strong>i to jednog <strong>prekrasna verzija balade Sofije Castro, <em>usporeno<\/em><\/strong>. Njegove pjesme bile su soundtrack udarnih programa, kao npr <strong>No\u0107na groznica Mediafesta<\/strong> a tako\u0111er i tvoj singl <strong><em>Otporan na metke<\/em><\/strong>  u\u0161ao u radio formulu od <strong><em>ples 40<\/em><\/strong>. Pro\u0161log o\u017eujka bila je jedna od umjetnica koje su nastupile na poznatom koncertu <strong>The 40 C\u00f3rdoba Pop<\/strong>u pogledu <strong>vi\u0161e od 18.000 ljudi<\/strong>nezaboravan dan jer je to ujedno bio i njihov prvi nastup u\u017eivo.<\/p>\n<p dir=\"ltr\">Njegov prijedlog prati glazbeni trend popa s reminiscencijama na 80-e i 90-e, koji trijumfira na playlistama, streamingu i radiju, prate\u0107i najnovija djela umjetnika poput <strong>Ana Mena, Aitana ili Zara Larsson<\/strong>.<\/p>\n<h3 dir=\"ltr\">Zbor djevojka Jerez de la Frontera<\/h3>\n<p dir=\"ltr\"><strong>Marina Gal\u00e1n<\/strong> ro\u0111en je u <strong>Jerez de la Frontera<\/strong> samo <strong>19 godina<\/strong>. Odmalena je u\u010dila pjevanje i klavir i dio je <strong>Zbor mladih Kazali\u0161ta Villamarta<\/strong> Kod ku\u0107e tako\u0111er govori tri jezika i govori \u0161panjolski, francuski i engleski. Svoju prvu pjesmu skladao je sa samo 16 godina, kada je nakon koncerta stigao ku\u0107i. <strong>Harry Styles<\/strong>: <strong>\u201cBio sam jako inspiriran njegovom karijerom umjetnika i na\u010dinom na koji je izra\u017eavao pri\u010de kroz pjesme\u201d<\/strong>iako je tek s 18 godina objavio svoju prvu pjesmu pod nazivom <em>dvanaest godina<\/em>, \u0161to je zapravo bila dvanaesta pjesma koju je skladao. Ostalih 11 je spremljeno i bit \u0107e uklonjeno u budu\u0107nosti.<\/p>\n<p dir=\"ltr\">Sve njegove pjesme opisane su kao <strong>\u201cpoglavlja iz knjige mog \u017eivota\u201d<\/strong> koji izvje\u0161tavaju o svim onim vrstama osje\u0107aja koje bismo mogli osjetiti kada postoji novi smjer i novi po\u010detak koji vas izaziva da vidite svijet na druga\u010diji na\u010din nego \u0161to ste znali i tjera vas da otpustite sve \u0161to vas sputava da budete to \u0161to ste stvarno jesu i idite za onim \u0161to zaslu\u017eujete.<\/p>\n<blockquote>\n<h2 dir=\"ltr\"><strong>\u201cNe znam \u0161to da ti ka\u017eem, ve\u0107 ti je bilo te\u0161ko odlu\u010diti se i u ovom trenutku ti preuzima\u0161 utje\u0161nu nagradu\u201d<\/strong><\/h2>\n<\/blockquote>\n<p dir=\"ltr\">Njima namjeravaju razveseliti one koji ih slu\u0161aju i donijeti onu svje\u017einu ananasa da nam zaslade i osvje\u017ee dane kao da smo u jednoj od onih ljetnih no\u0107i u kojima ne sumnjamo tko smo i ne dopu\u0161tamo da nam to itko ka\u017ee tko biti.<\/p>\n<p><span class=\"embed-youtube\" style=\"text-align:center; display: block;\"><iframe title=\"NIKADA NISMO BILI OVAKVI PRIJATELJI - Marina Gal\u00e1n (Official Videoclip)\" width=\"790\" height=\"444\" src=\"https:\/\/www.youtube.com\/embed\/dX-fck4ZuXg?feature=oembed\" frameborder=\"0\" allow=\"accelerometer; autoplay; clipboard-write; encrypted-media; gyroscope; picture-in-picture; web-share\" allowfullscreen><\/iframe><\/span><\/p>\n<div class=\"sharedaddy sd-block sd-like jetpack-likes-widget-wrapper jetpack-likes-widget-unloaded\" id=\"like-post-wrapper-153844979-85959-6439a50fbfc7a\" data-src=\"https:\/\/widgets.wp.com\/likes\/#blog_id=153844979&amp;post_id=85959&amp;origin=elgeneracionalpost.com&amp;obj_id=153844979-85959-6439a50fbfc7a\" data-name=\"like-post-frame-153844979-85959-6439a50fbfc7a\" data-title=\"Me gusta o Compartir\">\n<h3 class=\"sd-title\">svi\u0111a mi se ovo:<\/h3>\n<p><span class=\"button\"><span>ja volim<\/span><\/span> <span class=\"loading\">U\u010ditavam\u2026<\/span><\/p>\n<p><span class=\"sd-text-color\"\/><\/div>\n<p><h3 class=\"jp-relatedposts-headline\"><em>Povezano<\/em><\/h3>\n<\/p>\n<\/div>","protected":false},"excerpt":{"rendered":"<p>Marina Gal\u00e1n objavljuje da nikad nismo bile tako blizu u\u010dvr\u0161\u0107ivanja njenog mjesta u \u017eenskom popu u \u0160panjolskoj Nakon nastupa\u2026 <\/p>","protected":false},"author":1,"featured_media":1155,"comment_status":"open","ping_status":"open","sticky":false,"template":"","format":"standard","meta":{"fifu_image_url":"https:\/\/elgeneracionalpost.com\/wp-content\/uploads\/2023\/04\/1-marina-1.jpeg","fifu_image_alt":"","footnotes":""},"categories":[35],"tags":[],"class_list":["post-1153","post","type-post","status-publish","format-standard","has-post-thumbnail","hentry","category-cultura-e-lazer","latest_post"],"yoast_head":"<!-- This site is optimized with the Yoast SEO plugin v27.8 - https:\/\/yoast.com\/product\/yoast-seo-wordpress\/ -->\n<title>Marina Gal\u00e1n estreia &#039;Nunca fomos t\u00e3o amigas&#039; - Tirinha.com<\/title>\n<meta name=\"robots\" content=\"index, follow, max-snippet:-1, max-image-preview:large, max-video-preview:-1\" \/>\n<link rel=\"canonical\" href=\"https:\/\/tirinha.com\/hr\/1153\/marina-galan-estreia-nunca-fomos-tao-amigas\/\" \/>\n<meta property=\"og:locale\" content=\"hr_HR\" \/>\n<meta property=\"og:type\" content=\"article\" \/>\n<meta property=\"og:title\" content=\"Marina Gal\u00e1n estreia &#039;Nunca fomos t\u00e3o amigas&#039; - Tirinha.com\" \/>\n<meta property=\"og:description\" content=\"Marina Gal\u00e1n publica n\u00f3s nunca fomos t\u00e3o pr\u00f3ximos consolidando seu lugar no pop feminino na Espanha Depois de se apresentar &hellip;\" \/>\n<meta property=\"og:url\" content=\"https:\/\/tirinha.com\/hr\/1153\/marina-galan-estreia-nunca-fomos-tao-amigas\/\" \/>\n<meta property=\"og:site_name\" content=\"Tirinha.com\" \/>\n<meta property=\"article:published_time\" content=\"2023-04-14T19:10:08+00:00\" \/>\n<meta property=\"og:image\" content=\"https:\/\/elgeneracionalpost.com\/wp-content\/uploads\/2023\/04\/1-marina-1.jpeg\" \/>\n<meta name=\"author\" content=\"Admin\" \/>\n<meta name=\"twitter:card\" content=\"summary_large_image\" \/>\n<meta name=\"twitter:image\" content=\"https:\/\/elgeneracionalpost.com\/wp-content\/uploads\/2023\/04\/1-marina-1.jpeg\" \/>\n<meta name=\"twitter:label1\" content=\"Napisao\/la\" \/>\n\t<meta name=\"twitter:data1\" content=\"Admin\" \/>\n\t<meta name=\"twitter:label2\" content=\"Procijenjeno vrijeme \u010ditanja\" \/>\n\t<meta name=\"twitter:data2\" content=\"3 minute\" \/>\n<script type=\"application\/ld+json\" class=\"yoast-schema-graph\">{\"@context\":\"https:\\\/\\\/schema.org\",\"@graph\":[{\"@type\":\"Article\",\"@id\":\"https:\\\/\\\/tirinha.com\\\/1153\\\/marina-galan-estreia-nunca-fomos-tao-amigas\\\/#article\",\"isPartOf\":{\"@id\":\"https:\\\/\\\/tirinha.com\\\/1153\\\/marina-galan-estreia-nunca-fomos-tao-amigas\\\/\"},\"author\":{\"name\":\"Admin\",\"@id\":\"https:\\\/\\\/tirinha.com\\\/hr\\\/#\\\/schema\\\/person\\\/e22bdfbe17e0461f7e927e6a1208d4d9\"},\"headline\":\"Marina Gal\u00e1n estreia &#8216;Nunca fomos t\u00e3o amigas&#8217;\",\"datePublished\":\"2023-04-14T19:10:08+00:00\",\"mainEntityOfPage\":{\"@id\":\"https:\\\/\\\/tirinha.com\\\/1153\\\/marina-galan-estreia-nunca-fomos-tao-amigas\\\/\"},\"wordCount\":702,\"commentCount\":0,\"publisher\":{\"@id\":\"https:\\\/\\\/tirinha.com\\\/hr\\\/#organization\"},\"image\":{\"@id\":\"https:\\\/\\\/tirinha.com\\\/1153\\\/marina-galan-estreia-nunca-fomos-tao-amigas\\\/#primaryimage\"},\"thumbnailUrl\":\"https:\\\/\\\/elgeneracionalpost.com\\\/wp-content\\\/uploads\\\/2023\\\/04\\\/1-marina-1.jpeg\",\"articleSection\":[\"Cultura e lazer\"],\"inLanguage\":\"hr\",\"potentialAction\":[{\"@type\":\"CommentAction\",\"name\":\"Comment\",\"target\":[\"https:\\\/\\\/tirinha.com\\\/1153\\\/marina-galan-estreia-nunca-fomos-tao-amigas\\\/#respond\"]}]},{\"@type\":\"WebPage\",\"@id\":\"https:\\\/\\\/tirinha.com\\\/1153\\\/marina-galan-estreia-nunca-fomos-tao-amigas\\\/\",\"url\":\"https:\\\/\\\/tirinha.com\\\/1153\\\/marina-galan-estreia-nunca-fomos-tao-amigas\\\/\",\"name\":\"Marina Gal\u00e1n estreia 'Nunca fomos t\u00e3o amigas' - Tirinha.com\",\"isPartOf\":{\"@id\":\"https:\\\/\\\/tirinha.com\\\/hr\\\/#website\"},\"primaryImageOfPage\":{\"@id\":\"https:\\\/\\\/tirinha.com\\\/1153\\\/marina-galan-estreia-nunca-fomos-tao-amigas\\\/#primaryimage\"},\"image\":{\"@id\":\"https:\\\/\\\/tirinha.com\\\/1153\\\/marina-galan-estreia-nunca-fomos-tao-amigas\\\/#primaryimage\"},\"thumbnailUrl\":\"https:\\\/\\\/elgeneracionalpost.com\\\/wp-content\\\/uploads\\\/2023\\\/04\\\/1-marina-1.jpeg\",\"datePublished\":\"2023-04-14T19:10:08+00:00\",\"breadcrumb\":{\"@id\":\"https:\\\/\\\/tirinha.com\\\/1153\\\/marina-galan-estreia-nunca-fomos-tao-amigas\\\/#breadcrumb\"},\"inLanguage\":\"hr\",\"potentialAction\":[{\"@type\":\"ReadAction\",\"target\":[\"https:\\\/\\\/tirinha.com\\\/1153\\\/marina-galan-estreia-nunca-fomos-tao-amigas\\\/\"]}]},{\"@type\":\"ImageObject\",\"inLanguage\":\"hr\",\"@id\":\"https:\\\/\\\/tirinha.com\\\/1153\\\/marina-galan-estreia-nunca-fomos-tao-amigas\\\/#primaryimage\",\"url\":\"https:\\\/\\\/elgeneracionalpost.com\\\/wp-content\\\/uploads\\\/2023\\\/04\\\/1-marina-1.jpeg\",\"contentUrl\":\"https:\\\/\\\/elgeneracionalpost.com\\\/wp-content\\\/uploads\\\/2023\\\/04\\\/1-marina-1.jpeg\"},{\"@type\":\"BreadcrumbList\",\"@id\":\"https:\\\/\\\/tirinha.com\\\/1153\\\/marina-galan-estreia-nunca-fomos-tao-amigas\\\/#breadcrumb\",\"itemListElement\":[{\"@type\":\"ListItem\",\"position\":1,\"name\":\"Home\",\"item\":\"https:\\\/\\\/tirinha.com\\\/hr\\\/\"},{\"@type\":\"ListItem\",\"position\":2,\"name\":\"Marina Gal\u00e1n estreia &#8216;Nunca fomos t\u00e3o amigas&#8217;\"}]},{\"@type\":\"WebSite\",\"@id\":\"https:\\\/\\\/tirinha.com\\\/hr\\\/#website\",\"url\":\"https:\\\/\\\/tirinha.com\\\/hr\\\/\",\"name\":\"Tirinha.com\",\"description\":\"Arte e livros resenhas\",\"publisher\":{\"@id\":\"https:\\\/\\\/tirinha.com\\\/hr\\\/#organization\"},\"potentialAction\":[{\"@type\":\"SearchAction\",\"target\":{\"@type\":\"EntryPoint\",\"urlTemplate\":\"https:\\\/\\\/tirinha.com\\\/hr\\\/?s={search_term_string}\"},\"query-input\":{\"@type\":\"PropertyValueSpecification\",\"valueRequired\":true,\"valueName\":\"search_term_string\"}}],\"inLanguage\":\"hr\"},{\"@type\":\"Organization\",\"@id\":\"https:\\\/\\\/tirinha.com\\\/hr\\\/#organization\",\"name\":\"Tirinha.com\",\"url\":\"https:\\\/\\\/tirinha.com\\\/hr\\\/\",\"logo\":{\"@type\":\"ImageObject\",\"inLanguage\":\"hr\",\"@id\":\"https:\\\/\\\/tirinha.com\\\/hr\\\/#\\\/schema\\\/logo\\\/image\\\/\",\"url\":\"https:\\\/\\\/tirinha.com\\\/wp-content\\\/uploads\\\/2023\\\/08\\\/cropped-Logo-Tirinha.webp\",\"contentUrl\":\"https:\\\/\\\/tirinha.com\\\/wp-content\\\/uploads\\\/2023\\\/08\\\/cropped-Logo-Tirinha.webp\",\"width\":512,\"height\":512,\"caption\":\"Tirinha.com\"},\"image\":{\"@id\":\"https:\\\/\\\/tirinha.com\\\/hr\\\/#\\\/schema\\\/logo\\\/image\\\/\"}},{\"@type\":\"Person\",\"@id\":\"https:\\\/\\\/tirinha.com\\\/hr\\\/#\\\/schema\\\/person\\\/e22bdfbe17e0461f7e927e6a1208d4d9\",\"name\":\"Admin\",\"image\":{\"@type\":\"ImageObject\",\"inLanguage\":\"hr\",\"@id\":\"https:\\\/\\\/tirinha.com\\\/wp-content\\\/litespeed\\\/avatar\\\/394da628e0e367b1790570a93fe58e9b.jpg?ver=1788360620\",\"url\":\"https:\\\/\\\/tirinha.com\\\/wp-content\\\/litespeed\\\/avatar\\\/394da628e0e367b1790570a93fe58e9b.jpg?ver=1788360620\",\"contentUrl\":\"https:\\\/\\\/tirinha.com\\\/wp-content\\\/litespeed\\\/avatar\\\/394da628e0e367b1790570a93fe58e9b.jpg?ver=1788360620\",\"caption\":\"Admin\"},\"url\":\"https:\\\/\\\/tirinha.com\\\/hr\\\/author\\\/\"}]}<\/script>\n<!-- \/ Yoast SEO plugin. -->","yoast_head_json":{"title":"Marina Gal\u00e1n predstavlja &#039;Nikad nismo bili tako dobri prijatelji&#039; - Tirinha.com","robots":{"index":"index","follow":"follow","max-snippet":"max-snippet:-1","max-image-preview":"max-image-preview:large","max-video-preview":"max-video-preview:-1"},"canonical":"https:\/\/tirinha.com\/hr\/1153\/marina-galan-estreia-nunca-fomos-tao-amigas\/","og_locale":"hr_HR","og_type":"article","og_title":"Marina Gal\u00e1n estreia 'Nunca fomos t\u00e3o amigas' - Tirinha.com","og_description":"Marina Gal\u00e1n publica n\u00f3s nunca fomos t\u00e3o pr\u00f3ximos consolidando seu lugar no pop feminino na Espanha Depois de se apresentar &hellip;","og_url":"https:\/\/tirinha.com\/hr\/1153\/marina-galan-estreia-nunca-fomos-tao-amigas\/","og_site_name":"Tirinha.com","article_published_time":"2023-04-14T19:10:08+00:00","og_image":[{"url":"https:\/\/elgeneracionalpost.com\/wp-content\/uploads\/2023\/04\/1-marina-1.jpeg","type":"","width":"","height":""}],"author":"Admin","twitter_card":"summary_large_image","twitter_image":"https:\/\/elgeneracionalpost.com\/wp-content\/uploads\/2023\/04\/1-marina-1.jpeg","twitter_misc":{"Napisao\/la":"Admin","Procijenjeno vrijeme \u010ditanja":"3 minute"},"schema":{"@context":"https:\/\/schema.org","@graph":[{"@type":"Article","@id":"https:\/\/tirinha.com\/1153\/marina-galan-estreia-nunca-fomos-tao-amigas\/#article","isPartOf":{"@id":"https:\/\/tirinha.com\/1153\/marina-galan-estreia-nunca-fomos-tao-amigas\/"},"author":{"name":"Admin","@id":"https:\/\/tirinha.com\/hr\/#\/schema\/person\/e22bdfbe17e0461f7e927e6a1208d4d9"},"headline":"Marina Gal\u00e1n estreia &#8216;Nunca fomos t\u00e3o amigas&#8217;","datePublished":"2023-04-14T19:10:08+00:00","mainEntityOfPage":{"@id":"https:\/\/tirinha.com\/1153\/marina-galan-estreia-nunca-fomos-tao-amigas\/"},"wordCount":702,"commentCount":0,"publisher":{"@id":"https:\/\/tirinha.com\/hr\/#organization"},"image":{"@id":"https:\/\/tirinha.com\/1153\/marina-galan-estreia-nunca-fomos-tao-amigas\/#primaryimage"},"thumbnailUrl":"https:\/\/elgeneracionalpost.com\/wp-content\/uploads\/2023\/04\/1-marina-1.jpeg","articleSection":["Cultura e lazer"],"inLanguage":"hr","potentialAction":[{"@type":"CommentAction","name":"Comment","target":["https:\/\/tirinha.com\/1153\/marina-galan-estreia-nunca-fomos-tao-amigas\/#respond"]}]},{"@type":"WebPage","@id":"https:\/\/tirinha.com\/1153\/marina-galan-estreia-nunca-fomos-tao-amigas\/","url":"https:\/\/tirinha.com\/1153\/marina-galan-estreia-nunca-fomos-tao-amigas\/","name":"Marina Gal\u00e1n predstavlja &#039;Nikad nismo bili tako dobri prijatelji&#039; - Tirinha.com","isPartOf":{"@id":"https:\/\/tirinha.com\/hr\/#website"},"primaryImageOfPage":{"@id":"https:\/\/tirinha.com\/1153\/marina-galan-estreia-nunca-fomos-tao-amigas\/#primaryimage"},"image":{"@id":"https:\/\/tirinha.com\/1153\/marina-galan-estreia-nunca-fomos-tao-amigas\/#primaryimage"},"thumbnailUrl":"https:\/\/elgeneracionalpost.com\/wp-content\/uploads\/2023\/04\/1-marina-1.jpeg","datePublished":"2023-04-14T19:10:08+00:00","breadcrumb":{"@id":"https:\/\/tirinha.com\/1153\/marina-galan-estreia-nunca-fomos-tao-amigas\/#breadcrumb"},"inLanguage":"hr","potentialAction":[{"@type":"ReadAction","target":["https:\/\/tirinha.com\/1153\/marina-galan-estreia-nunca-fomos-tao-amigas\/"]}]},{"@type":"ImageObject","inLanguage":"hr","@id":"https:\/\/tirinha.com\/1153\/marina-galan-estreia-nunca-fomos-tao-amigas\/#primaryimage","url":"https:\/\/elgeneracionalpost.com\/wp-content\/uploads\/2023\/04\/1-marina-1.jpeg","contentUrl":"https:\/\/elgeneracionalpost.com\/wp-content\/uploads\/2023\/04\/1-marina-1.jpeg"},{"@type":"BreadcrumbList","@id":"https:\/\/tirinha.com\/1153\/marina-galan-estreia-nunca-fomos-tao-amigas\/#breadcrumb","itemListElement":[{"@type":"ListItem","position":1,"name":"Home","item":"https:\/\/tirinha.com\/hr\/"},{"@type":"ListItem","position":2,"name":"Marina Gal\u00e1n estreia &#8216;Nunca fomos t\u00e3o amigas&#8217;"}]},{"@type":"WebSite","@id":"https:\/\/tirinha.com\/hr\/#website","url":"https:\/\/tirinha.com\/hr\/","name":"Stripovi.com","description":"Prikazi umjetnosti i knjiga","publisher":{"@id":"https:\/\/tirinha.com\/hr\/#organization"},"potentialAction":[{"@type":"SearchAction","target":{"@type":"EntryPoint","urlTemplate":"https:\/\/tirinha.com\/hr\/?s={search_term_string}"},"query-input":{"@type":"PropertyValueSpecification","valueRequired":true,"valueName":"search_term_string"}}],"inLanguage":"hr"},{"@type":"Organization","@id":"https:\/\/tirinha.com\/hr\/#organization","name":"Stripovi.com","url":"https:\/\/tirinha.com\/hr\/","logo":{"@type":"ImageObject","inLanguage":"hr","@id":"https:\/\/tirinha.com\/hr\/#\/schema\/logo\/image\/","url":"https:\/\/tirinha.com\/wp-content\/uploads\/2023\/08\/cropped-Logo-Tirinha.webp","contentUrl":"https:\/\/tirinha.com\/wp-content\/uploads\/2023\/08\/cropped-Logo-Tirinha.webp","width":512,"height":512,"caption":"Tirinha.com"},"image":{"@id":"https:\/\/tirinha.com\/hr\/#\/schema\/logo\/image\/"}},{"@type":"Person","@id":"https:\/\/tirinha.com\/hr\/#\/schema\/person\/e22bdfbe17e0461f7e927e6a1208d4d9","name":"Admin","image":{"@type":"ImageObject","inLanguage":"hr","@id":"https:\/\/tirinha.com\/wp-content\/litespeed\/avatar\/394da628e0e367b1790570a93fe58e9b.jpg?ver=1788360620","url":"https:\/\/tirinha.com\/wp-content\/litespeed\/avatar\/394da628e0e367b1790570a93fe58e9b.jpg?ver=1788360620","contentUrl":"https:\/\/tirinha.com\/wp-content\/litespeed\/avatar\/394da628e0e367b1790570a93fe58e9b.jpg?ver=1788360620","caption":"Admin"},"url":"https:\/\/tirinha.com\/hr\/author\/"}]}},"_links":{"self":[{"href":"https:\/\/tirinha.com\/hr\/wp-json\/wp\/v2\/posts\/1153","targetHints":{"allow":["GET"]}}],"collection":[{"href":"https:\/\/tirinha.com\/hr\/wp-json\/wp\/v2\/posts"}],"about":[{"href":"https:\/\/tirinha.com\/hr\/wp-json\/wp\/v2\/types\/post"}],"author":[{"embeddable":true,"href":"https:\/\/tirinha.com\/hr\/wp-json\/wp\/v2\/users\/1"}],"replies":[{"embeddable":true,"href":"https:\/\/tirinha.com\/hr\/wp-json\/wp\/v2\/comments?post=1153"}],"version-history":[{"count":0,"href":"https:\/\/tirinha.com\/hr\/wp-json\/wp\/v2\/posts\/1153\/revisions"}],"wp:featuredmedia":[{"embeddable":true,"href":"https:\/\/tirinha.com\/hr\/wp-json\/wp\/v2\/media\/1155"}],"wp:attachment":[{"href":"https:\/\/tirinha.com\/hr\/wp-json\/wp\/v2\/media?parent=1153"}],"wp:term":[{"taxonomy":"category","embeddable":true,"href":"https:\/\/tirinha.com\/hr\/wp-json\/wp\/v2\/categories?post=1153"},{"taxonomy":"post_tag","embeddable":true,"href":"https:\/\/tirinha.com\/hr\/wp-json\/wp\/v2\/tags?post=1153"}],"curies":[{"name":"radni list","href":"https:\/\/api.w.org\/{rel}","templated":true}]}}