{"id":1137,"date":"2023-04-14T10:56:41","date_gmt":"2023-04-14T10:56:41","guid":{"rendered":"https:\/\/tirinha.com\/o-quarto-das-maravilhas-uma-historia-esperancosa\/"},"modified":"2023-04-14T10:56:41","modified_gmt":"2023-04-14T10:56:41","slug":"o-quarto-das-maravilhas-uma-historia-esperancosa","status":"publish","type":"post","link":"https:\/\/tirinha.com\/hr\/1137\/o-quarto-das-maravilhas-uma-historia-esperancosa\/","title":{"rendered":"\u201cSoba \u010duda\u201d: pri\u010da puna nade"},"content":{"rendered":"<p><\/p>\n<div>\n<h2>Otvara se 21. travnja u kinima, producirali M&amp;filmes, Jerico, SND Films, Orange Cin\u00e9ma Series, Cin\u00e9+ i OCS<\/h2>\n<p><strong>francuski film <i>merveilles komora <\/i>prevedeno na \u0161panjolski kao <i>divna soba <\/i>Re\u017eirala ga je Lisa Azuelos, a producirali Philippe Rousselet i \u00c9ric Jehelmann.<\/strong><\/p>\n<p><span class=\"embed-youtube\" style=\"text-align:center; display: block;\"><iframe title=\"Ku\u0107a \u010duda - Trailer na \u0161panjolskom\" width=\"790\" height=\"444\" src=\"https:\/\/www.youtube.com\/embed\/YoWHSuQ6Vys?feature=oembed\" frameborder=\"0\" allow=\"accelerometer; autoplay; clipboard-write; encrypted-media; gyroscope; picture-in-picture; web-share\" allowfullscreen><\/iframe><\/span><\/p>\n<p><em><strong>divna soba<\/strong><\/em> je uzbudljiva pri\u010da o prevladavanju s Thelmom u glavnoj ulozi (<strong>Aleksandra Lami<\/strong>). tvoj \u017eivot od <strong>samohrana majka<\/strong> mijenja se kada njegov sin jedinac padne u komu nakon nesre\u0107e.<\/p>\n<p>S druge strane, Luis<strong>Hugo Questel<\/strong>) je 12-godi\u0161nji dje\u010dak, introvertiran, tajanstven i sa \u0161irokim spektrom interesa, uklju\u010duju\u0107i <em>skejtbord<\/em> i manga stripovi. Majka mu nikad nije rekla <strong>tko je tvoj otac<\/strong> a nikad joj nije priznao da ga je uvijek \u017eelio upoznati.<\/p>\n<p>U nadi da \u0107e se njezin sin probuditi, Thelma \u0107e nastojati dovr\u0161iti svoj popis <strong>\u201cstvari koje treba u\u010diniti prije smaka svijeta\u201d<\/strong>. Nenamjerno, slijediti Louisove snove pomo\u0107i \u0107e mu da shvati u kojem ritmu \u017eivota ne u\u017eiva dovoljno. Isto tako, na kraju \u0107ete puno bolje upoznati vlastito dijete i njegovu okolinu.<\/p>\n<figure id=\"attachment_85894\" aria-describedby=\"caption-attachment-85894\" style=\"width: 600px\" class=\"wp-caption aligncenter\"><img fetchpriority=\"high\" data-attachment-id=\"85894\" data-permalink=\"https:\/\/elgeneracionalpost.com\/cultura\/cine\/2023\/0414\/85826\/habitacion-maravillas-alexandralamy-francia-cine.html\/attachment\/portada-peli-habitacion\" data-orig-file=\"https:\/\/i0.wp.com\/elgeneracionalpost.com\/wp-content\/uploads\/2023\/04\/portada-peli-habitacion.jpg?fit=600%2C857&amp;ssl=1\" data-orig-size=\"600,857\" data-comments-opened=\"0\" data-image-meta=\"{&quot;aperture&quot;:&quot;0&quot;,&quot;credit&quot;:&quot;&quot;,&quot;camera&quot;:&quot;&quot;,&quot;caption&quot;:&quot;&quot;,&quot;created_timestamp&quot;:&quot;0&quot;,&quot;copyright&quot;:&quot;&quot;,&quot;focal_length&quot;:&quot;0&quot;,&quot;iso&quot;:&quot;0&quot;,&quot;shutter_speed&quot;:&quot;0&quot;,&quot;title&quot;:&quot;&quot;,&quot;orientation&quot;:&quot;0&quot;}\" data-image-title=\"portada peli habitaci\u00f3n\" data-image-description=\"\" data-image-caption=\"&lt;p&gt;Portada \u00abLa habitaci\u00f3n de las maravillas\u00bb | Fuente: reservaentradas.com&lt;\/p&gt;&#10;\" data-medium-file=\"https:\/\/i0.wp.com\/elgeneracionalpost.com\/wp-content\/uploads\/2023\/04\/portada-peli-habitacion.jpg?fit=210%2C300&amp;ssl=1\" data-large-file=\"https:\/\/i0.wp.com\/elgeneracionalpost.com\/wp-content\/uploads\/2023\/04\/portada-peli-habitacion.jpg?fit=600%2C857&amp;ssl=1\" decoding=\"async\" class=\"wp-image-85894 size-full jetpack-lazy-image\" src=\"https:\/\/i0.wp.com\/elgeneracionalpost.com\/wp-content\/uploads\/2023\/04\/portada-peli-habitacion.jpg?resize=600%2C857&amp;ssl=1\" alt=\"\" width=\"600\" height=\"857\" data-recalc-dims=\"1\" data-lazy-srcset=\"https:\/\/i0.wp.com\/elgeneracionalpost.com\/wp-content\/uploads\/2023\/04\/portada-peli-habitacion.jpg?w=600&amp;ssl=1 600w, https:\/\/i0.wp.com\/elgeneracionalpost.com\/wp-content\/uploads\/2023\/04\/portada-peli-habitacion.jpg?resize=210%2C300&amp;ssl=1 210w, https:\/\/i0.wp.com\/elgeneracionalpost.com\/wp-content\/uploads\/2023\/04\/portada-peli-habitacion.jpg?resize=150%2C214&amp;ssl=1 150w, https:\/\/i0.wp.com\/elgeneracionalpost.com\/wp-content\/uploads\/2023\/04\/portada-peli-habitacion.jpg?resize=300%2C429&amp;ssl=1 300w\" data-lazy-sizes=\"(max-width: 600px) 100vw, 600px\" data-lazy-src=\"https:\/\/i0.wp.com\/elgeneracionalpost.com\/wp-content\/uploads\/2023\/04\/portada-peli-habitacion.jpg?resize=600%2C857&amp;is-pending-load=1#038;ssl=1\" srcset=\"data:image\/gif;base64,R0lGODlhAQABAIAAAAAAAP\/\/\/yH5BAEAAAAALAAAAAABAAEAAAIBRAA7\"\/><noscript><img loading=\"lazy\" data-lazy-fallback=\"1\" data-attachment-id=\"85894\" data-permalink=\"https:\/\/elgeneracionalpost.com\/cultura\/cine\/2023\/0414\/85826\/habitacion-maravillas-alexandralamy-francia-cine.html\/attachment\/portada-peli-habitacion\" data-orig-file=\"https:\/\/i0.wp.com\/elgeneracionalpost.com\/wp-content\/uploads\/2023\/04\/portada-peli-habitacion.jpg?fit=600%2C857&amp;ssl=1\" data-orig-size=\"600,857\" data-comments-opened=\"0\" data-image-meta=\"{&quot;aperture&quot;:&quot;0&quot;,&quot;credit&quot;:&quot;&quot;,&quot;camera&quot;:&quot;&quot;,&quot;caption&quot;:&quot;&quot;,&quot;created_timestamp&quot;:&quot;0&quot;,&quot;copyright&quot;:&quot;&quot;,&quot;focal_length&quot;:&quot;0&quot;,&quot;iso&quot;:&quot;0&quot;,&quot;shutter_speed&quot;:&quot;0&quot;,&quot;title&quot;:&quot;&quot;,&quot;orientation&quot;:&quot;0&quot;}\" data-image-title=\"portada peli habitaci\u00f3n\" data-image-description=\"\" data-image-caption=\"&lt;p&gt;Portada \u00abLa habitaci\u00f3n de las maravillas\u00bb | Fuente: reservaentradas.com&lt;\/p&gt;&#10;\" data-medium-file=\"https:\/\/i0.wp.com\/elgeneracionalpost.com\/wp-content\/uploads\/2023\/04\/portada-peli-habitacion.jpg?fit=210%2C300&amp;ssl=1\" data-large-file=\"https:\/\/i0.wp.com\/elgeneracionalpost.com\/wp-content\/uploads\/2023\/04\/portada-peli-habitacion.jpg?fit=600%2C857&amp;ssl=1\" decoding=\"async\" class=\"wp-image-85894 size-full\" src=\"https:\/\/i0.wp.com\/elgeneracionalpost.com\/wp-content\/uploads\/2023\/04\/portada-peli-habitacion.jpg?resize=600%2C857&amp;ssl=1\" alt=\"\" width=\"600\" height=\"857\" srcset=\"https:\/\/i0.wp.com\/elgeneracionalpost.com\/wp-content\/uploads\/2023\/04\/portada-peli-habitacion.jpg?w=600&amp;ssl=1 600w, https:\/\/i0.wp.com\/elgeneracionalpost.com\/wp-content\/uploads\/2023\/04\/portada-peli-habitacion.jpg?resize=210%2C300&amp;ssl=1 210w, https:\/\/i0.wp.com\/elgeneracionalpost.com\/wp-content\/uploads\/2023\/04\/portada-peli-habitacion.jpg?resize=150%2C214&amp;ssl=1 150w, https:\/\/i0.wp.com\/elgeneracionalpost.com\/wp-content\/uploads\/2023\/04\/portada-peli-habitacion.jpg?resize=300%2C429&amp;ssl=1 300w\" sizes=\"auto, (max-width: 600px) 100vw, 600px\" data-recalc-dims=\"1\"\/><\/noscript><figcaption id=\"caption-attachment-85894\" class=\"wp-caption-text\">Naslovnica \u00abSoba \u010duda\u00bb | Izvor: reservaentradas.com<\/figcaption><\/figure>\n<p>Gluma\u010dka postava je odli\u010dna. Alexandra Lamy glumi samohranu majku sa zahtjevnim profesionalnim \u017eivotom. Tako\u0111er predstavlja izgled <strong>Muriel Robin<\/strong> kao i baka, tako\u0111er neudata, isti\u010du\u0107i generacijsku razliku. Nadalje, protagonist putuje u razli\u010dite zemlje, zbog \u010dega se u filmu pojavljuju likovi razli\u010ditih nacionalnosti, a kultura i jezik igraju temeljnu ulogu.<\/p>\n<p>Pri\u010da predstavlja razli\u010dite dru\u0161tvene stvarnosti, poput bolesti, obitelji, ljubavi ili interkulturalnosti. sakrij jednu <strong>vrlo mo\u0107na poruka<\/strong> i doveo ga u sada\u0161njost s velikim okom. Thelma \u017eeli dovr\u0161iti sinov popis \u0161to je prije mogu\u0107e. Me\u0111utim, svaki poku\u0161aj postaje prepreka na koju morate potro\u0161iti vrijeme i strpljenje. \u017eivimo u a<\/p>\n<p>U zaklju\u010dku, <em><strong>divna soba<\/strong><\/em> oni su <strong>98 minuta<\/strong> ne\u0107e vas ostaviti ravnodu\u0161nim. Uzbudljiva pri\u010da, puna magije i pozitivnih poruka koje \u0107e vas natjerati da povjerujete u nemogu\u0107e. Ako tra\u017eite kinematografsko iskustvo koje \u0107e vas u\u010diniti <strong>razmi\u0161ljati o \u017eivotu<\/strong>ne smijete propustiti ovu premijeru u nastavku <strong>21. travnja<\/strong>njega u kazali\u0161tima.<\/p>\n<p><strong>Ostale premijere:<\/strong><\/p>\n<blockquote class=\"wp-embedded-content\" data-secret=\"rnP3e0xW5r\">\n<p>&#039;El Silencio&#039;, serija s Ar\u00f3nom Piperom i Manuom R\u00edosom sti\u017ee na Netflix 19. svibnja<\/p>\n<\/blockquote>\n<p><iframe class=\"wp-embedded-content\" sandbox=\"allow-scripts\" security=\"restricted\" style=\"position: absolute; clip: rect(1px, 1px, 1px, 1px);\" title=\"\u00ab&#039;El Silencio&#039;, serija s Ar\u00f3nom Piperom i Manuom R\u00edosom sti\u017ee na Netflix 19. svibnja\u00bb \u2014 Npr. Digitalna periodika. Vijesti. Vijesti\" src=\"https:\/\/elgeneracionalpost.com\/cultura\/2023\/0412\/85695\/el-silencio-la-serie-con-aron-piper-y-manu-rios-llega-a-netflix-el-19-de-mayo.html\/embed#?secret=jRaAlceoTS#?secret=rnP3e0xW5r\" data-secret=\"rnP3e0xW5r\" width=\"600\" height=\"338\" frameborder=\"0\" marginwidth=\"0\" marginheight=\"0\" scrolling=\"no\"><\/iframe><\/p>\n<div class=\"sharedaddy sd-block sd-like jetpack-likes-widget-wrapper jetpack-likes-widget-unloaded\" id=\"like-post-wrapper-153844979-85826-6439316809bdd\" data-src=\"https:\/\/widgets.wp.com\/likes\/#blog_id=153844979&amp;post_id=85826&amp;origin=elgeneracionalpost.com&amp;obj_id=153844979-85826-6439316809bdd\" data-name=\"like-post-frame-153844979-85826-6439316809bdd\" data-title=\"Me gusta o Compartir\">\n<h3 class=\"sd-title\">svi\u0111a mi se ovo:<\/h3>\n<p><span class=\"button\"><span>ja volim<\/span><\/span> <span class=\"loading\">U\u010ditavam\u2026<\/span><\/p>\n<p><span class=\"sd-text-color\"\/><\/div>\n<p><h3 class=\"jp-relatedposts-headline\"><em>Povezano<\/em><\/h3>\n<\/p>\n<\/div>","protected":false},"excerpt":{"rendered":"<p>Po\u010dinje 21. travnja u kinima u produkciji M&amp;filmes, Jerico, SND Films, Orange Cin\u00e9ma Series, Cin\u00e9+ i OCS\u2026 <\/p>","protected":false},"author":1,"featured_media":1139,"comment_status":"open","ping_status":"open","sticky":false,"template":"","format":"standard","meta":{"fifu_image_url":"https:\/\/elgeneracionalpost.com\/wp-content\/uploads\/2023\/04\/hab.maravillas.jpeg","fifu_image_alt":"","footnotes":""},"categories":[35],"tags":[],"class_list":["post-1137","post","type-post","status-publish","format-standard","has-post-thumbnail","hentry","category-cultura-e-lazer","latest_post"],"yoast_head":"<!-- This site is optimized with the Yoast SEO plugin v27.3 - https:\/\/yoast.com\/product\/yoast-seo-wordpress\/ -->\n<title>&quot;O quarto das maravilhas&quot;: uma hist\u00f3ria esperan\u00e7osa - Tirinha.com<\/title>\n<meta name=\"robots\" content=\"index, follow, max-snippet:-1, max-image-preview:large, max-video-preview:-1\" \/>\n<link rel=\"canonical\" href=\"https:\/\/tirinha.com\/hr\/1137\/o-quarto-das-maravilhas-uma-historia-esperancosa\/\" \/>\n<meta property=\"og:locale\" content=\"hr_HR\" \/>\n<meta property=\"og:type\" content=\"article\" \/>\n<meta property=\"og:title\" content=\"&quot;O quarto das maravilhas&quot;: uma hist\u00f3ria esperan\u00e7osa - Tirinha.com\" \/>\n<meta property=\"og:description\" content=\"Estreia dia 21 de abril nos cinemas, com produ\u00e7\u00e3o de M&#038;filmes, Jerico, SND Films, Orange Cin\u00e9ma Series, Cin\u00e9+ e OCS &hellip;\" \/>\n<meta property=\"og:url\" content=\"https:\/\/tirinha.com\/hr\/1137\/o-quarto-das-maravilhas-uma-historia-esperancosa\/\" \/>\n<meta property=\"og:site_name\" content=\"Tirinha.com\" \/>\n<meta property=\"article:published_time\" content=\"2023-04-14T10:56:41+00:00\" \/>\n<meta property=\"og:image\" content=\"https:\/\/elgeneracionalpost.com\/wp-content\/uploads\/2023\/04\/hab.maravillas.jpeg\" \/>\n<meta name=\"author\" content=\"admin\" \/>\n<meta name=\"twitter:card\" content=\"summary_large_image\" \/>\n<meta name=\"twitter:image\" content=\"https:\/\/elgeneracionalpost.com\/wp-content\/uploads\/2023\/04\/hab.maravillas.jpeg\" \/>\n<meta name=\"twitter:label1\" content=\"Napisao\/la\" \/>\n\t<meta name=\"twitter:data1\" content=\"admin\" \/>\n\t<meta name=\"twitter:label2\" content=\"Procijenjeno vrijeme \u010ditanja\" \/>\n\t<meta name=\"twitter:data2\" content=\"2 minute\" \/>\n<script type=\"application\/ld+json\" class=\"yoast-schema-graph\">{\"@context\":\"https:\\\/\\\/schema.org\",\"@graph\":[{\"@type\":\"Article\",\"@id\":\"https:\\\/\\\/tirinha.com\\\/1137\\\/o-quarto-das-maravilhas-uma-historia-esperancosa\\\/#article\",\"isPartOf\":{\"@id\":\"https:\\\/\\\/tirinha.com\\\/1137\\\/o-quarto-das-maravilhas-uma-historia-esperancosa\\\/\"},\"author\":{\"name\":\"admin\",\"@id\":\"https:\\\/\\\/tirinha.com\\\/#\\\/schema\\\/person\\\/e22bdfbe17e0461f7e927e6a1208d4d9\"},\"headline\":\"&#8220;O quarto das maravilhas&#8221;: uma hist\u00f3ria esperan\u00e7osa\",\"datePublished\":\"2023-04-14T10:56:41+00:00\",\"mainEntityOfPage\":{\"@id\":\"https:\\\/\\\/tirinha.com\\\/1137\\\/o-quarto-das-maravilhas-uma-historia-esperancosa\\\/\"},\"wordCount\":443,\"commentCount\":0,\"publisher\":{\"@id\":\"https:\\\/\\\/tirinha.com\\\/#organization\"},\"image\":{\"@id\":\"https:\\\/\\\/tirinha.com\\\/1137\\\/o-quarto-das-maravilhas-uma-historia-esperancosa\\\/#primaryimage\"},\"thumbnailUrl\":\"https:\\\/\\\/elgeneracionalpost.com\\\/wp-content\\\/uploads\\\/2023\\\/04\\\/hab.maravillas.jpeg\",\"articleSection\":[\"Cultura e lazer\"],\"inLanguage\":\"hr\",\"potentialAction\":[{\"@type\":\"CommentAction\",\"name\":\"Comment\",\"target\":[\"https:\\\/\\\/tirinha.com\\\/1137\\\/o-quarto-das-maravilhas-uma-historia-esperancosa\\\/#respond\"]}]},{\"@type\":\"WebPage\",\"@id\":\"https:\\\/\\\/tirinha.com\\\/1137\\\/o-quarto-das-maravilhas-uma-historia-esperancosa\\\/\",\"url\":\"https:\\\/\\\/tirinha.com\\\/1137\\\/o-quarto-das-maravilhas-uma-historia-esperancosa\\\/\",\"name\":\"\\\"O quarto das maravilhas\\\": uma hist\u00f3ria esperan\u00e7osa - Tirinha.com\",\"isPartOf\":{\"@id\":\"https:\\\/\\\/tirinha.com\\\/#website\"},\"primaryImageOfPage\":{\"@id\":\"https:\\\/\\\/tirinha.com\\\/1137\\\/o-quarto-das-maravilhas-uma-historia-esperancosa\\\/#primaryimage\"},\"image\":{\"@id\":\"https:\\\/\\\/tirinha.com\\\/1137\\\/o-quarto-das-maravilhas-uma-historia-esperancosa\\\/#primaryimage\"},\"thumbnailUrl\":\"https:\\\/\\\/elgeneracionalpost.com\\\/wp-content\\\/uploads\\\/2023\\\/04\\\/hab.maravillas.jpeg\",\"datePublished\":\"2023-04-14T10:56:41+00:00\",\"breadcrumb\":{\"@id\":\"https:\\\/\\\/tirinha.com\\\/1137\\\/o-quarto-das-maravilhas-uma-historia-esperancosa\\\/#breadcrumb\"},\"inLanguage\":\"hr\",\"potentialAction\":[{\"@type\":\"ReadAction\",\"target\":[\"https:\\\/\\\/tirinha.com\\\/1137\\\/o-quarto-das-maravilhas-uma-historia-esperancosa\\\/\"]}]},{\"@type\":\"ImageObject\",\"inLanguage\":\"hr\",\"@id\":\"https:\\\/\\\/tirinha.com\\\/1137\\\/o-quarto-das-maravilhas-uma-historia-esperancosa\\\/#primaryimage\",\"url\":\"https:\\\/\\\/elgeneracionalpost.com\\\/wp-content\\\/uploads\\\/2023\\\/04\\\/hab.maravillas.jpeg\",\"contentUrl\":\"https:\\\/\\\/elgeneracionalpost.com\\\/wp-content\\\/uploads\\\/2023\\\/04\\\/hab.maravillas.jpeg\"},{\"@type\":\"BreadcrumbList\",\"@id\":\"https:\\\/\\\/tirinha.com\\\/1137\\\/o-quarto-das-maravilhas-uma-historia-esperancosa\\\/#breadcrumb\",\"itemListElement\":[{\"@type\":\"ListItem\",\"position\":1,\"name\":\"Home\",\"item\":\"https:\\\/\\\/tirinha.com\\\/\"},{\"@type\":\"ListItem\",\"position\":2,\"name\":\"&#8220;O quarto das maravilhas&#8221;: uma hist\u00f3ria esperan\u00e7osa\"}]},{\"@type\":\"WebSite\",\"@id\":\"https:\\\/\\\/tirinha.com\\\/#website\",\"url\":\"https:\\\/\\\/tirinha.com\\\/\",\"name\":\"Tirinha.com\",\"description\":\"Arte e livros resenhas\",\"publisher\":{\"@id\":\"https:\\\/\\\/tirinha.com\\\/#organization\"},\"potentialAction\":[{\"@type\":\"SearchAction\",\"target\":{\"@type\":\"EntryPoint\",\"urlTemplate\":\"https:\\\/\\\/tirinha.com\\\/?s={search_term_string}\"},\"query-input\":{\"@type\":\"PropertyValueSpecification\",\"valueRequired\":true,\"valueName\":\"search_term_string\"}}],\"inLanguage\":\"hr\"},{\"@type\":\"Organization\",\"@id\":\"https:\\\/\\\/tirinha.com\\\/#organization\",\"name\":\"Tirinha.com\",\"url\":\"https:\\\/\\\/tirinha.com\\\/\",\"logo\":{\"@type\":\"ImageObject\",\"inLanguage\":\"hr\",\"@id\":\"https:\\\/\\\/tirinha.com\\\/#\\\/schema\\\/logo\\\/image\\\/\",\"url\":\"https:\\\/\\\/tirinha.com\\\/wp-content\\\/uploads\\\/2023\\\/08\\\/cropped-Logo-Tirinha.webp\",\"contentUrl\":\"https:\\\/\\\/tirinha.com\\\/wp-content\\\/uploads\\\/2023\\\/08\\\/cropped-Logo-Tirinha.webp\",\"width\":512,\"height\":512,\"caption\":\"Tirinha.com\"},\"image\":{\"@id\":\"https:\\\/\\\/tirinha.com\\\/#\\\/schema\\\/logo\\\/image\\\/\"}},{\"@type\":\"Person\",\"@id\":\"https:\\\/\\\/tirinha.com\\\/#\\\/schema\\\/person\\\/e22bdfbe17e0461f7e927e6a1208d4d9\",\"name\":\"admin\",\"image\":{\"@type\":\"ImageObject\",\"inLanguage\":\"hr\",\"@id\":\"https:\\\/\\\/tirinha.com\\\/wp-content\\\/litespeed\\\/avatar\\\/d0068f7931cc87d7274eb0c3db1deb4b.jpg?ver=1776829466\",\"url\":\"https:\\\/\\\/tirinha.com\\\/wp-content\\\/litespeed\\\/avatar\\\/d0068f7931cc87d7274eb0c3db1deb4b.jpg?ver=1776829466\",\"contentUrl\":\"https:\\\/\\\/tirinha.com\\\/wp-content\\\/litespeed\\\/avatar\\\/d0068f7931cc87d7274eb0c3db1deb4b.jpg?ver=1776829466\",\"caption\":\"admin\"},\"sameAs\":[\"https:\\\/\\\/tirinha.com\"],\"url\":\"https:\\\/\\\/tirinha.com\\\/hr\\\/author\\\/admin\\\/\"}]}<\/script>\n<!-- \/ Yoast SEO plugin. -->","yoast_head_json":{"title":"\"O quarto das maravilhas\": uma hist\u00f3ria esperan\u00e7osa - Tirinha.com","robots":{"index":"index","follow":"follow","max-snippet":"max-snippet:-1","max-image-preview":"max-image-preview:large","max-video-preview":"max-video-preview:-1"},"canonical":"https:\/\/tirinha.com\/hr\/1137\/o-quarto-das-maravilhas-uma-historia-esperancosa\/","og_locale":"hr_HR","og_type":"article","og_title":"\"O quarto das maravilhas\": uma hist\u00f3ria esperan\u00e7osa - Tirinha.com","og_description":"Estreia dia 21 de abril nos cinemas, com produ\u00e7\u00e3o de M&#038;filmes, Jerico, SND Films, Orange Cin\u00e9ma Series, Cin\u00e9+ e OCS &hellip;","og_url":"https:\/\/tirinha.com\/hr\/1137\/o-quarto-das-maravilhas-uma-historia-esperancosa\/","og_site_name":"Tirinha.com","article_published_time":"2023-04-14T10:56:41+00:00","og_image":[{"url":"https:\/\/elgeneracionalpost.com\/wp-content\/uploads\/2023\/04\/hab.maravillas.jpeg","type":"","width":"","height":""}],"author":"admin","twitter_card":"summary_large_image","twitter_image":"https:\/\/elgeneracionalpost.com\/wp-content\/uploads\/2023\/04\/hab.maravillas.jpeg","twitter_misc":{"Napisao\/la":"admin","Procijenjeno vrijeme \u010ditanja":"2 minute"},"schema":{"@context":"https:\/\/schema.org","@graph":[{"@type":"Article","@id":"https:\/\/tirinha.com\/1137\/o-quarto-das-maravilhas-uma-historia-esperancosa\/#article","isPartOf":{"@id":"https:\/\/tirinha.com\/1137\/o-quarto-das-maravilhas-uma-historia-esperancosa\/"},"author":{"name":"admin","@id":"https:\/\/tirinha.com\/#\/schema\/person\/e22bdfbe17e0461f7e927e6a1208d4d9"},"headline":"&#8220;O quarto das maravilhas&#8221;: uma hist\u00f3ria esperan\u00e7osa","datePublished":"2023-04-14T10:56:41+00:00","mainEntityOfPage":{"@id":"https:\/\/tirinha.com\/1137\/o-quarto-das-maravilhas-uma-historia-esperancosa\/"},"wordCount":443,"commentCount":0,"publisher":{"@id":"https:\/\/tirinha.com\/#organization"},"image":{"@id":"https:\/\/tirinha.com\/1137\/o-quarto-das-maravilhas-uma-historia-esperancosa\/#primaryimage"},"thumbnailUrl":"https:\/\/elgeneracionalpost.com\/wp-content\/uploads\/2023\/04\/hab.maravillas.jpeg","articleSection":["Cultura e lazer"],"inLanguage":"hr","potentialAction":[{"@type":"CommentAction","name":"Comment","target":["https:\/\/tirinha.com\/1137\/o-quarto-das-maravilhas-uma-historia-esperancosa\/#respond"]}]},{"@type":"WebPage","@id":"https:\/\/tirinha.com\/1137\/o-quarto-das-maravilhas-uma-historia-esperancosa\/","url":"https:\/\/tirinha.com\/1137\/o-quarto-das-maravilhas-uma-historia-esperancosa\/","name":"\"O quarto das maravilhas\": uma hist\u00f3ria esperan\u00e7osa - Tirinha.com","isPartOf":{"@id":"https:\/\/tirinha.com\/#website"},"primaryImageOfPage":{"@id":"https:\/\/tirinha.com\/1137\/o-quarto-das-maravilhas-uma-historia-esperancosa\/#primaryimage"},"image":{"@id":"https:\/\/tirinha.com\/1137\/o-quarto-das-maravilhas-uma-historia-esperancosa\/#primaryimage"},"thumbnailUrl":"https:\/\/elgeneracionalpost.com\/wp-content\/uploads\/2023\/04\/hab.maravillas.jpeg","datePublished":"2023-04-14T10:56:41+00:00","breadcrumb":{"@id":"https:\/\/tirinha.com\/1137\/o-quarto-das-maravilhas-uma-historia-esperancosa\/#breadcrumb"},"inLanguage":"hr","potentialAction":[{"@type":"ReadAction","target":["https:\/\/tirinha.com\/1137\/o-quarto-das-maravilhas-uma-historia-esperancosa\/"]}]},{"@type":"ImageObject","inLanguage":"hr","@id":"https:\/\/tirinha.com\/1137\/o-quarto-das-maravilhas-uma-historia-esperancosa\/#primaryimage","url":"https:\/\/elgeneracionalpost.com\/wp-content\/uploads\/2023\/04\/hab.maravillas.jpeg","contentUrl":"https:\/\/elgeneracionalpost.com\/wp-content\/uploads\/2023\/04\/hab.maravillas.jpeg"},{"@type":"BreadcrumbList","@id":"https:\/\/tirinha.com\/1137\/o-quarto-das-maravilhas-uma-historia-esperancosa\/#breadcrumb","itemListElement":[{"@type":"ListItem","position":1,"name":"Home","item":"https:\/\/tirinha.com\/"},{"@type":"ListItem","position":2,"name":"&#8220;O quarto das maravilhas&#8221;: uma hist\u00f3ria esperan\u00e7osa"}]},{"@type":"WebSite","@id":"https:\/\/tirinha.com\/#website","url":"https:\/\/tirinha.com\/","name":"Stripovi.com","description":"Prikazi umjetnosti i knjiga","publisher":{"@id":"https:\/\/tirinha.com\/#organization"},"potentialAction":[{"@type":"SearchAction","target":{"@type":"EntryPoint","urlTemplate":"https:\/\/tirinha.com\/?s={search_term_string}"},"query-input":{"@type":"PropertyValueSpecification","valueRequired":true,"valueName":"search_term_string"}}],"inLanguage":"hr"},{"@type":"Organization","@id":"https:\/\/tirinha.com\/#organization","name":"Stripovi.com","url":"https:\/\/tirinha.com\/","logo":{"@type":"ImageObject","inLanguage":"hr","@id":"https:\/\/tirinha.com\/#\/schema\/logo\/image\/","url":"https:\/\/tirinha.com\/wp-content\/uploads\/2023\/08\/cropped-Logo-Tirinha.webp","contentUrl":"https:\/\/tirinha.com\/wp-content\/uploads\/2023\/08\/cropped-Logo-Tirinha.webp","width":512,"height":512,"caption":"Tirinha.com"},"image":{"@id":"https:\/\/tirinha.com\/#\/schema\/logo\/image\/"}},{"@type":"Person","@id":"https:\/\/tirinha.com\/#\/schema\/person\/e22bdfbe17e0461f7e927e6a1208d4d9","name":"admin","image":{"@type":"ImageObject","inLanguage":"hr","@id":"https:\/\/tirinha.com\/wp-content\/litespeed\/avatar\/d0068f7931cc87d7274eb0c3db1deb4b.jpg?ver=1776829466","url":"https:\/\/tirinha.com\/wp-content\/litespeed\/avatar\/d0068f7931cc87d7274eb0c3db1deb4b.jpg?ver=1776829466","contentUrl":"https:\/\/tirinha.com\/wp-content\/litespeed\/avatar\/d0068f7931cc87d7274eb0c3db1deb4b.jpg?ver=1776829466","caption":"admin"},"sameAs":["https:\/\/tirinha.com"],"url":"https:\/\/tirinha.com\/hr\/author\/admin\/"}]}},"_links":{"self":[{"href":"https:\/\/tirinha.com\/hr\/wp-json\/wp\/v2\/posts\/1137","targetHints":{"allow":["GET"]}}],"collection":[{"href":"https:\/\/tirinha.com\/hr\/wp-json\/wp\/v2\/posts"}],"about":[{"href":"https:\/\/tirinha.com\/hr\/wp-json\/wp\/v2\/types\/post"}],"author":[{"embeddable":true,"href":"https:\/\/tirinha.com\/hr\/wp-json\/wp\/v2\/users\/1"}],"replies":[{"embeddable":true,"href":"https:\/\/tirinha.com\/hr\/wp-json\/wp\/v2\/comments?post=1137"}],"version-history":[{"count":0,"href":"https:\/\/tirinha.com\/hr\/wp-json\/wp\/v2\/posts\/1137\/revisions"}],"wp:featuredmedia":[{"embeddable":true,"href":"https:\/\/tirinha.com\/hr\/wp-json\/wp\/v2\/media\/1139"}],"wp:attachment":[{"href":"https:\/\/tirinha.com\/hr\/wp-json\/wp\/v2\/media?parent=1137"}],"wp:term":[{"taxonomy":"category","embeddable":true,"href":"https:\/\/tirinha.com\/hr\/wp-json\/wp\/v2\/categories?post=1137"},{"taxonomy":"post_tag","embeddable":true,"href":"https:\/\/tirinha.com\/hr\/wp-json\/wp\/v2\/tags?post=1137"}],"curies":[{"name":"radni list","href":"https:\/\/api.w.org\/{rel}","templated":true}]}}