{"id":1135,"date":"2023-04-13T12:07:57","date_gmt":"2023-04-13T12:07:57","guid":{"rendered":"https:\/\/tirinha.com\/o-poder-curador-do-silencio-o-livro-de-belen-colomina-para-transformar-a-mente\/"},"modified":"2023-04-13T12:07:57","modified_gmt":"2023-04-13T12:07:57","slug":"o-poder-curador-do-silencio-o-livro-de-belen-colomina-para-transformar-a-mente","status":"publish","type":"post","link":"https:\/\/tirinha.com\/hr\/1135\/o-poder-curador-do-silencio-o-livro-de-belen-colomina-para-transformar-a-mente\/","title":{"rendered":"&#039;Ljekovita mo\u0107 ti\u0161ine&#039;, knjiga Bel\u00e9n Colomine za transformaciju uma"},"content":{"rendered":"<p><\/p>\n<div>\n<h2>Bel\u00e9n Colomina nas meditacijom pribli\u017eava dobrobiti<\/h2>\n<p><strong>Bel\u00e9n Colomina, zdravstvena psihologinja, humanisti\u010dka psihoterapeutkinja i autorica knjiga o psihologiji i meditaciji, ohrabruje nas svojom knjigom <em>Ljekovitost ti\u0161ine u<\/em>transformirati na\u0161 um i posti\u0107i dobrobit kroz meditaciju, \u201evra\u0107anje ravnote\u017ee i unutarnje smirenosti\u201c i \u017eivljenje meditacije kao \u201eiskustva\u201c, a ne kao rezultata. <\/strong><\/p>\n<blockquote class=\"instagram-media\" data-instgrm-captioned=\"\" data-instgrm-permalink=\"https:\/\/www.instagram.com\/reel\/Cp0ENCCjAz2\/?utm_source=ig_embed&amp;utm_campaign=loading\" data-instgrm-version=\"14\" style=\" background:#FFF; border:0; border-radius:3px; box-shadow:0 0 1px 0 rgba(0,0,0,0.5),0 1px 10px 0 rgba(0,0,0,0.15); margin: 1px; max-width:658px; min-width:326px; padding:0; width:99.375%; width:-webkit-calc(100% - 2px); width:calc(100% - 2px);\">\n<\/blockquote>\n<p><strong>Pitanje: Kada je pravo vrijeme za po\u010detak meditacije ili svjesnosti? <\/strong><\/p>\n<p><strong>Odgovoriti:<\/strong> Mislim da je svako vrijeme dobro za po\u010detak. Ali prije svega kada po\u010dnete osje\u0107ati da va\u0161 \u017eivot vi\u0161e funkcionira na autopilotu, kada po\u010dnete osje\u0107ati simptome stresa, tjeskobe ili patnje. Sve simptome ovih osjeta mo\u017eemo osjetiti u bilo koje doba dana, tako da je svako vrijeme dobro. Bolje je zapo\u010deti s meditacijom kako bismo razumjeli svoj um i stekli strategije i alate za ubla\u017eavanje svakodnevne patnje, koja je inherentna, nego zapo\u010deti s lijekovima za ubla\u017eavanje simptoma.<\/p>\n<p><strong>P:<\/strong> <strong>U koje doba dana mo\u017eemo vje\u017ebati <em>pomnost<\/em>?<\/strong><\/p>\n<p><strong>A:<\/strong> Postoje dva na\u010dina meditacije: formalna meditacija i neformalna meditacija. Formalna meditacija je mjesto gdje dnevno odredite vrijeme i mjesto za meditaciju. S druge strane, neformalna meditacija se sastoji u tome da je radite u isto vrijeme kad i bilo koju dnevnu aktivnost, mo\u017ee biti dok jedete ili hodate, na taj na\u010din \u0107ete imati osje\u0107aj da to ne radite na autopilotu, ve\u0107 da ste svjesni osjeta. u va\u0161em tijelu.<\/p>\n<p><strong>P:<\/strong> <strong>Kako umiriti misli kada po\u010dnemo meditirati?<\/strong><\/p>\n<p><strong>A:<\/strong> Sama osoba je ta koja poku\u0161ava regulirati svoje misli kako bi stekla mentalnu smirenost. Mo\u017eemo upotrijebiti dah ili skrenuti moju pozornost na stabilniji objekt koji stabilizira i uravnote\u017euje um.<\/p>\n<p><strong>P:<\/strong> <strong>Koje su prednosti meditacije u svakodnevnom \u017eivotu?<\/strong><\/p>\n<p><strong>A:<\/strong>  Mnogo je prednosti, kako fizi\u010dkih tako i psiholo\u0161kih te u smislu odnosa. Ali jedna od najva\u017enijih dobrobiti je olak\u0161anje od svakodnevne patnje. Omogu\u0107uje vam da budete u sada\u0161njem trenutku, ubla\u017eava stres, smanjuje anksioznost, pove\u0107ava empatiju, pove\u0107ava suosje\u0107anje. Ukratko, transformira va\u0161 um, jer pove\u0107ava refleksivnu svijest i, posljedi\u010dno, smanjuje impulsno-reaktivno pona\u0161anje, koje dovodi do bilo kakvog averzivnog podra\u017eaja.<\/p>\n<p>Tako\u0111er poma\u017ee planirati dan, rje\u0161avati svakodnevne probleme na svjesniji i konstruktivniji na\u010din, \u017eivjeti u ravnote\u017ei, biti pa\u017eljiv i svjestan osjeta u svom tijelu i razumjeti sebe na skladan na\u010din. Na kraju, mo\u017eete uskladiti svoj \u017eivot jer se mo\u017eete uskladiti i sa svojim odnosima, svojim vrijednostima i svojim umom. Kona\u010dni cilj je biti svjestan svog \u017eivota i njime upravljati, a ne da \u017eivot odnese tebe.<\/p>\n<p><strong>P:<\/strong> <b>U knjizi puno govorite o transformaciji uma, kako se taj proces odvija?<\/b><\/p>\n<p><strong>A:<\/strong> Kada steknemo odre\u0111ene vje\u0161tine, na\u0161 um je poput bilo kojeg mi\u0161i\u0107a u na\u0161em tijelu. Na taj na\u010din razvijamo pa\u017enju i izvr\u0161ne funkcije frontalnog re\u017enja; Smanjuje aktivirane zone za sustav prijetnji ili sustav za uzbunjivanje. Ukratko, transformira mnoge mentalne mehanizme u korist mnogih regulatornih mehanizama. Iako ne vidimo \u0161to se doga\u0111a u na\u0161em mozgu, doga\u0111aju se pozitivne stvari koje nam svakodnevno idu u korist.<\/p>\n<p>Tako\u0111er ne shva\u0107amo kako se struktura na\u0161eg mozga mijenja kao rezultat stresa, koji stvara mnogo kortizola. Meditacijom mo\u017eemo regulirati taj hormon, a osim toga na druga\u010diji na\u010din gledati na \u017eivotne brige.<\/p>\n<p><strong>P: Postoji li izravna veza izme\u0111u <em>pomnost<\/em> ili meditacija i budizam?<\/strong><\/p>\n<p><strong>A:<\/strong> Meditacija je vje\u017ebali\u0161te na\u0161eg uma; sastoji se od upoznavanja na\u0161eg uma s kreposnim stanjima i, u kontemplativnoj tradiciji, i budizam i mnoge religije koristile su meditaciju prilago\u0111enu vjeri.<\/p>\n<p>Znanost je pokazala da meditacija djeluje na svakoga. Sami smo ga koristili ne znaju\u0107i da koristimo ovaj alat, kao \u0161to to \u010dine mnoge religije, ne samo budizam. Stoga je to lai\u010dki alat; to nije vezano niti povezano s religijom, ali religija ga je koristila.<\/p>\n<p><strong>P: Za koga je knjiga?<\/strong><\/p>\n<p><strong>A:<\/strong> Knjigu mo\u017ee pro\u010ditati svatko tko \u0107e po\u010deti meditirati, jer obja\u0161njavam korake koje treba poduzeti, a tu je i program meditacije za po\u010detak vje\u017ebanja uma. No, ako ste ve\u0107 inicirani u meditaciju, postoji drugi dio u kojem produbljujem razumijevanje obrazaca na\u0161eg uma, patnje i kako je ubla\u017eiti.<\/p>\n<p>Knjiga se temelji na meditaciji i psihologiji, ali i na mom iskustvu kao psihologa. Sa svojim pacijentima vidim kako meditacija utje\u010de na njihov svakodnevni \u017eivot. Stoga ovu knjigu preporu\u010dujem svima.<\/p>\n<h3>Dugogodi\u0161nje iskustvo u meditaciji<\/h3>\n<p><strong>P: Kada ste po\u010deli meditirati?<\/strong><\/p>\n<p><strong>A:<\/strong> Meditiram ve\u0107 mnogo godina. Kad sam bio mali bavio sam se borila\u010dkim vje\u0161tinama i po\u010deo sam meditirati ne znaju\u0107i da to radim. Kao odrasla osoba shvatila sam da mi je to pomoglo i, studiraju\u0107i psihologiju, po\u010dela sam se obu\u010davati i educirati o meditaciji i <em>pomnost<\/em>. Dakle, imam vi\u0161e od 15 godina profesije i prakse meditacije.<\/p>\n<p>Pomo\u0107u ovog instrumenta mogao sam se kretati i razumjeti radni mehanizam ljudskog uma. Um je izuzetan i neophodan laboratorij za razumijevanje patnje i razumijevanje mehanizama kako je ubla\u017eiti.<\/p>\n<p><strong>P: Mogu li se ljudi osje\u0107ati zaglavljenima u meditaciji?<\/strong><\/p>\n<p><strong>A:<\/strong> Mnogo je prepreka ovoj praksi; um nas sabotira i opire se i po\u010dinju rasprave da je meditacija beskorisna, da vas \u010dini nervoznijima, pa \u010dak i da je gubljenje vremena. Moramo se suo\u010diti s preprekama kao s ne\u010dim normalnim, jer se na\u0161 um opire, jer je navikao biti uznemiren i pun buke; Smeta mu smirenost.<\/p>\n<p>Moramo ste\u0107i naviku \u0161utnje, a da bismo to u\u010dinili, moramo prona\u0107i sigurno mjesto, gdje je mir reguliran. Strpljenje i vrijeme su neophodni. Ponekad su promjene potrebne ako se osje\u0107ate zapeli. Postoji nekoliko na\u010dina prakticiranja meditacije: svjesnost, generativna i analiti\u010dka praksa. Mo\u017eete i\u0107i od jednog do drugog.<\/p>\n<p><strong>P: Od \u010dega se sastoji svaka od ovih praksi?<\/strong><\/p>\n<p><strong>A:<\/strong> Prva obitelj meditacije je pozornost, a to je <em>pomnost<\/em>, u kojem dobivamo du\u0161evni mir. Zatim postoji obitelj generativnih meditacija, koje generiraju otporna stanja, kultiviramo vrline u svom umu; poput ljubavi ili suosje\u0107anja. Kona\u010dno, postoje analiti\u010dki, koji pove\u0107avaju razumijevanje i mudrost, dok u\u010dimo promatrati svoj um s drugog mjesta.<\/p>\n<p>Postoji mnogo na\u010dina za meditaciju, pa <em>pomnost<\/em> je jedan od njih. Zahtijeva od svake osobe da se prilagodi i u\u0111e u praksu koja najbolje odgovara njihovom sada\u0161njem trenutku. Stoga u knjizi radim program koji preporu\u010dam vje\u017ebati logi\u010dnim redoslijedom, ali ga mo\u017eete mijenjati ako mislite da je to najbolje za vas.<\/p>\n<p><strong>P: Mislite li da je meditacija trend posljednjih godina?<\/strong><\/p>\n<p><strong>A:<\/strong> Do\u0161lo je do procvata jer su rezultati znanosti pomogli da meditacija bude poznata kao svjetovni alat i da su se promjene do\u017eivjele 6 ili 8 tjedana nakon svakodnevnog treninga.<\/p>\n<p>Kontinuirano vje\u017ebanje ne zahtijeva entuzijazam, ve\u0107 uvjerenje da \u017eelite ili da vam to poma\u017ee da imate ovakav na\u010din \u017eivota; Radi se o tome da na \u017eivot po\u010dnete gledati smireno i osloboditi se buke, produktivnosti i stresa. Anksioznost i autopilot su se pro\u0161irili i vjerujemo da \u017eivot odlu\u010duje umjesto nas. Meditacija se sastoji od svjesnosti da sami biramo kamo \u0107emo usmjeriti svoj \u017eivot, s konstruktivnije i otpornije unutarnje pozicije.<\/p>\n<div class=\"sharedaddy sd-block sd-like jetpack-likes-widget-wrapper jetpack-likes-widget-unloaded\" id=\"like-post-wrapper-153844979-85612-6437f09b20441\" data-src=\"https:\/\/widgets.wp.com\/likes\/#blog_id=153844979&amp;post_id=85612&amp;origin=elgeneracionalpost.com&amp;obj_id=153844979-85612-6437f09b20441\" data-name=\"like-post-frame-153844979-85612-6437f09b20441\" data-title=\"Me gusta o Compartir\">\n<h3 class=\"sd-title\">svi\u0111a mi se ovo:<\/h3>\n<p><span class=\"button\"><span>ja volim<\/span><\/span> <span class=\"loading\">U\u010ditavam\u2026<\/span><\/p>\n<p><span class=\"sd-text-color\"\/><\/div>\n<p><h3 class=\"jp-relatedposts-headline\"><em>Povezano<\/em><\/h3>\n<\/p>\n<\/div>\n<p><script async defer src=\"https:\/\/platform.instagram.com\/en_US\/embeds.js\"><\/script><\/p>","protected":false},"excerpt":{"rendered":"<p>Bel\u00e9n Colomina nas meditacijom pribli\u017eava blagostanju Bel\u00e9n Colomina, zdravstveni psiholog, humanisti\u010dki psihoterapeut i autorica knjiga\u2026 <\/p>","protected":false},"author":1,"featured_media":1136,"comment_status":"open","ping_status":"open","sticky":false,"template":"","format":"standard","meta":{"fifu_image_url":"https:\/\/elgeneracionalpost.com\/wp-content\/uploads\/2023\/04\/belen1.jpg","fifu_image_alt":"","footnotes":""},"categories":[35],"tags":[],"class_list":["post-1135","post","type-post","status-publish","format-standard","has-post-thumbnail","hentry","category-cultura-e-lazer","latest_post"],"yoast_head":"<!-- This site is optimized with the Yoast SEO plugin v27.3 - https:\/\/yoast.com\/product\/yoast-seo-wordpress\/ -->\n<title>&#039;O poder curador do sil\u00eancio&#039;, o livro de Bel\u00e9n Colomina para transformar a mente - Tirinha.com<\/title>\n<meta name=\"robots\" content=\"index, follow, max-snippet:-1, max-image-preview:large, max-video-preview:-1\" \/>\n<link rel=\"canonical\" href=\"https:\/\/tirinha.com\/hr\/1135\/o-poder-curador-do-silencio-o-livro-de-belen-colomina-para-transformar-a-mente\/\" \/>\n<meta property=\"og:locale\" content=\"hr_HR\" \/>\n<meta property=\"og:type\" content=\"article\" \/>\n<meta property=\"og:title\" content=\"&#039;O poder curador do sil\u00eancio&#039;, o livro de Bel\u00e9n Colomina para transformar a mente - Tirinha.com\" \/>\n<meta property=\"og:description\" content=\"Bel\u00e9n Colomina nos aproxima do bem-estar atrav\u00e9s da medita\u00e7\u00e3o Bel\u00e9n Colomina, psic\u00f3loga da sa\u00fade, psicoterapeuta humanista e autora de livros &hellip;\" \/>\n<meta property=\"og:url\" content=\"https:\/\/tirinha.com\/hr\/1135\/o-poder-curador-do-silencio-o-livro-de-belen-colomina-para-transformar-a-mente\/\" \/>\n<meta property=\"og:site_name\" content=\"Tirinha.com\" \/>\n<meta property=\"article:published_time\" content=\"2023-04-13T12:07:57+00:00\" \/>\n<meta property=\"og:image\" content=\"https:\/\/elgeneracionalpost.com\/wp-content\/uploads\/2023\/04\/belen1.jpg\" \/>\n<meta name=\"author\" content=\"admin\" \/>\n<meta name=\"twitter:card\" content=\"summary_large_image\" \/>\n<meta name=\"twitter:image\" content=\"https:\/\/elgeneracionalpost.com\/wp-content\/uploads\/2023\/04\/belen1.jpg\" \/>\n<meta name=\"twitter:label1\" content=\"Napisao\/la\" \/>\n\t<meta name=\"twitter:data1\" content=\"admin\" \/>\n\t<meta name=\"twitter:label2\" content=\"Procijenjeno vrijeme \u010ditanja\" \/>\n\t<meta name=\"twitter:data2\" content=\"7 minuta\" \/>\n<script type=\"application\/ld+json\" class=\"yoast-schema-graph\">{\"@context\":\"https:\\\/\\\/schema.org\",\"@graph\":[{\"@type\":\"Article\",\"@id\":\"https:\\\/\\\/tirinha.com\\\/1135\\\/o-poder-curador-do-silencio-o-livro-de-belen-colomina-para-transformar-a-mente\\\/#article\",\"isPartOf\":{\"@id\":\"https:\\\/\\\/tirinha.com\\\/1135\\\/o-poder-curador-do-silencio-o-livro-de-belen-colomina-para-transformar-a-mente\\\/\"},\"author\":{\"name\":\"admin\",\"@id\":\"https:\\\/\\\/tirinha.com\\\/#\\\/schema\\\/person\\\/e22bdfbe17e0461f7e927e6a1208d4d9\"},\"headline\":\"&#8216;O poder curador do sil\u00eancio&#8217;, o livro de Bel\u00e9n Colomina para transformar a mente\",\"datePublished\":\"2023-04-13T12:07:57+00:00\",\"mainEntityOfPage\":{\"@id\":\"https:\\\/\\\/tirinha.com\\\/1135\\\/o-poder-curador-do-silencio-o-livro-de-belen-colomina-para-transformar-a-mente\\\/\"},\"wordCount\":1423,\"commentCount\":0,\"publisher\":{\"@id\":\"https:\\\/\\\/tirinha.com\\\/#organization\"},\"image\":{\"@id\":\"https:\\\/\\\/tirinha.com\\\/1135\\\/o-poder-curador-do-silencio-o-livro-de-belen-colomina-para-transformar-a-mente\\\/#primaryimage\"},\"thumbnailUrl\":\"https:\\\/\\\/elgeneracionalpost.com\\\/wp-content\\\/uploads\\\/2023\\\/04\\\/belen1.jpg\",\"articleSection\":[\"Cultura e lazer\"],\"inLanguage\":\"hr\",\"potentialAction\":[{\"@type\":\"CommentAction\",\"name\":\"Comment\",\"target\":[\"https:\\\/\\\/tirinha.com\\\/1135\\\/o-poder-curador-do-silencio-o-livro-de-belen-colomina-para-transformar-a-mente\\\/#respond\"]}]},{\"@type\":\"WebPage\",\"@id\":\"https:\\\/\\\/tirinha.com\\\/1135\\\/o-poder-curador-do-silencio-o-livro-de-belen-colomina-para-transformar-a-mente\\\/\",\"url\":\"https:\\\/\\\/tirinha.com\\\/1135\\\/o-poder-curador-do-silencio-o-livro-de-belen-colomina-para-transformar-a-mente\\\/\",\"name\":\"'O poder curador do sil\u00eancio', o livro de Bel\u00e9n Colomina para transformar a mente - Tirinha.com\",\"isPartOf\":{\"@id\":\"https:\\\/\\\/tirinha.com\\\/#website\"},\"primaryImageOfPage\":{\"@id\":\"https:\\\/\\\/tirinha.com\\\/1135\\\/o-poder-curador-do-silencio-o-livro-de-belen-colomina-para-transformar-a-mente\\\/#primaryimage\"},\"image\":{\"@id\":\"https:\\\/\\\/tirinha.com\\\/1135\\\/o-poder-curador-do-silencio-o-livro-de-belen-colomina-para-transformar-a-mente\\\/#primaryimage\"},\"thumbnailUrl\":\"https:\\\/\\\/elgeneracionalpost.com\\\/wp-content\\\/uploads\\\/2023\\\/04\\\/belen1.jpg\",\"datePublished\":\"2023-04-13T12:07:57+00:00\",\"breadcrumb\":{\"@id\":\"https:\\\/\\\/tirinha.com\\\/1135\\\/o-poder-curador-do-silencio-o-livro-de-belen-colomina-para-transformar-a-mente\\\/#breadcrumb\"},\"inLanguage\":\"hr\",\"potentialAction\":[{\"@type\":\"ReadAction\",\"target\":[\"https:\\\/\\\/tirinha.com\\\/1135\\\/o-poder-curador-do-silencio-o-livro-de-belen-colomina-para-transformar-a-mente\\\/\"]}]},{\"@type\":\"ImageObject\",\"inLanguage\":\"hr\",\"@id\":\"https:\\\/\\\/tirinha.com\\\/1135\\\/o-poder-curador-do-silencio-o-livro-de-belen-colomina-para-transformar-a-mente\\\/#primaryimage\",\"url\":\"https:\\\/\\\/elgeneracionalpost.com\\\/wp-content\\\/uploads\\\/2023\\\/04\\\/belen1.jpg\",\"contentUrl\":\"https:\\\/\\\/elgeneracionalpost.com\\\/wp-content\\\/uploads\\\/2023\\\/04\\\/belen1.jpg\"},{\"@type\":\"BreadcrumbList\",\"@id\":\"https:\\\/\\\/tirinha.com\\\/1135\\\/o-poder-curador-do-silencio-o-livro-de-belen-colomina-para-transformar-a-mente\\\/#breadcrumb\",\"itemListElement\":[{\"@type\":\"ListItem\",\"position\":1,\"name\":\"Home\",\"item\":\"https:\\\/\\\/tirinha.com\\\/\"},{\"@type\":\"ListItem\",\"position\":2,\"name\":\"&#8216;O poder curador do sil\u00eancio&#8217;, o livro de Bel\u00e9n Colomina para transformar a mente\"}]},{\"@type\":\"WebSite\",\"@id\":\"https:\\\/\\\/tirinha.com\\\/#website\",\"url\":\"https:\\\/\\\/tirinha.com\\\/\",\"name\":\"Tirinha.com\",\"description\":\"Arte e livros resenhas\",\"publisher\":{\"@id\":\"https:\\\/\\\/tirinha.com\\\/#organization\"},\"potentialAction\":[{\"@type\":\"SearchAction\",\"target\":{\"@type\":\"EntryPoint\",\"urlTemplate\":\"https:\\\/\\\/tirinha.com\\\/?s={search_term_string}\"},\"query-input\":{\"@type\":\"PropertyValueSpecification\",\"valueRequired\":true,\"valueName\":\"search_term_string\"}}],\"inLanguage\":\"hr\"},{\"@type\":\"Organization\",\"@id\":\"https:\\\/\\\/tirinha.com\\\/#organization\",\"name\":\"Tirinha.com\",\"url\":\"https:\\\/\\\/tirinha.com\\\/\",\"logo\":{\"@type\":\"ImageObject\",\"inLanguage\":\"hr\",\"@id\":\"https:\\\/\\\/tirinha.com\\\/#\\\/schema\\\/logo\\\/image\\\/\",\"url\":\"https:\\\/\\\/tirinha.com\\\/wp-content\\\/uploads\\\/2023\\\/08\\\/cropped-Logo-Tirinha.webp\",\"contentUrl\":\"https:\\\/\\\/tirinha.com\\\/wp-content\\\/uploads\\\/2023\\\/08\\\/cropped-Logo-Tirinha.webp\",\"width\":512,\"height\":512,\"caption\":\"Tirinha.com\"},\"image\":{\"@id\":\"https:\\\/\\\/tirinha.com\\\/#\\\/schema\\\/logo\\\/image\\\/\"}},{\"@type\":\"Person\",\"@id\":\"https:\\\/\\\/tirinha.com\\\/#\\\/schema\\\/person\\\/e22bdfbe17e0461f7e927e6a1208d4d9\",\"name\":\"admin\",\"image\":{\"@type\":\"ImageObject\",\"inLanguage\":\"hr\",\"@id\":\"https:\\\/\\\/tirinha.com\\\/wp-content\\\/litespeed\\\/avatar\\\/d0068f7931cc87d7274eb0c3db1deb4b.jpg?ver=1776829466\",\"url\":\"https:\\\/\\\/tirinha.com\\\/wp-content\\\/litespeed\\\/avatar\\\/d0068f7931cc87d7274eb0c3db1deb4b.jpg?ver=1776829466\",\"contentUrl\":\"https:\\\/\\\/tirinha.com\\\/wp-content\\\/litespeed\\\/avatar\\\/d0068f7931cc87d7274eb0c3db1deb4b.jpg?ver=1776829466\",\"caption\":\"admin\"},\"sameAs\":[\"https:\\\/\\\/tirinha.com\"],\"url\":\"https:\\\/\\\/tirinha.com\\\/hr\\\/author\\\/admin\\\/\"}]}<\/script>\n<!-- \/ Yoast SEO plugin. -->","yoast_head_json":{"title":"'O poder curador do sil\u00eancio', o livro de Bel\u00e9n Colomina para transformar a mente - Tirinha.com","robots":{"index":"index","follow":"follow","max-snippet":"max-snippet:-1","max-image-preview":"max-image-preview:large","max-video-preview":"max-video-preview:-1"},"canonical":"https:\/\/tirinha.com\/hr\/1135\/o-poder-curador-do-silencio-o-livro-de-belen-colomina-para-transformar-a-mente\/","og_locale":"hr_HR","og_type":"article","og_title":"'O poder curador do sil\u00eancio', o livro de Bel\u00e9n Colomina para transformar a mente - Tirinha.com","og_description":"Bel\u00e9n Colomina nos aproxima do bem-estar atrav\u00e9s da medita\u00e7\u00e3o Bel\u00e9n Colomina, psic\u00f3loga da sa\u00fade, psicoterapeuta humanista e autora de livros &hellip;","og_url":"https:\/\/tirinha.com\/hr\/1135\/o-poder-curador-do-silencio-o-livro-de-belen-colomina-para-transformar-a-mente\/","og_site_name":"Tirinha.com","article_published_time":"2023-04-13T12:07:57+00:00","og_image":[{"url":"https:\/\/elgeneracionalpost.com\/wp-content\/uploads\/2023\/04\/belen1.jpg","type":"","width":"","height":""}],"author":"admin","twitter_card":"summary_large_image","twitter_image":"https:\/\/elgeneracionalpost.com\/wp-content\/uploads\/2023\/04\/belen1.jpg","twitter_misc":{"Napisao\/la":"admin","Procijenjeno vrijeme \u010ditanja":"7 minuta"},"schema":{"@context":"https:\/\/schema.org","@graph":[{"@type":"Article","@id":"https:\/\/tirinha.com\/1135\/o-poder-curador-do-silencio-o-livro-de-belen-colomina-para-transformar-a-mente\/#article","isPartOf":{"@id":"https:\/\/tirinha.com\/1135\/o-poder-curador-do-silencio-o-livro-de-belen-colomina-para-transformar-a-mente\/"},"author":{"name":"admin","@id":"https:\/\/tirinha.com\/#\/schema\/person\/e22bdfbe17e0461f7e927e6a1208d4d9"},"headline":"&#8216;O poder curador do sil\u00eancio&#8217;, o livro de Bel\u00e9n Colomina para transformar a mente","datePublished":"2023-04-13T12:07:57+00:00","mainEntityOfPage":{"@id":"https:\/\/tirinha.com\/1135\/o-poder-curador-do-silencio-o-livro-de-belen-colomina-para-transformar-a-mente\/"},"wordCount":1423,"commentCount":0,"publisher":{"@id":"https:\/\/tirinha.com\/#organization"},"image":{"@id":"https:\/\/tirinha.com\/1135\/o-poder-curador-do-silencio-o-livro-de-belen-colomina-para-transformar-a-mente\/#primaryimage"},"thumbnailUrl":"https:\/\/elgeneracionalpost.com\/wp-content\/uploads\/2023\/04\/belen1.jpg","articleSection":["Cultura e lazer"],"inLanguage":"hr","potentialAction":[{"@type":"CommentAction","name":"Comment","target":["https:\/\/tirinha.com\/1135\/o-poder-curador-do-silencio-o-livro-de-belen-colomina-para-transformar-a-mente\/#respond"]}]},{"@type":"WebPage","@id":"https:\/\/tirinha.com\/1135\/o-poder-curador-do-silencio-o-livro-de-belen-colomina-para-transformar-a-mente\/","url":"https:\/\/tirinha.com\/1135\/o-poder-curador-do-silencio-o-livro-de-belen-colomina-para-transformar-a-mente\/","name":"'O poder curador do sil\u00eancio', o livro de Bel\u00e9n Colomina para transformar a mente - Tirinha.com","isPartOf":{"@id":"https:\/\/tirinha.com\/#website"},"primaryImageOfPage":{"@id":"https:\/\/tirinha.com\/1135\/o-poder-curador-do-silencio-o-livro-de-belen-colomina-para-transformar-a-mente\/#primaryimage"},"image":{"@id":"https:\/\/tirinha.com\/1135\/o-poder-curador-do-silencio-o-livro-de-belen-colomina-para-transformar-a-mente\/#primaryimage"},"thumbnailUrl":"https:\/\/elgeneracionalpost.com\/wp-content\/uploads\/2023\/04\/belen1.jpg","datePublished":"2023-04-13T12:07:57+00:00","breadcrumb":{"@id":"https:\/\/tirinha.com\/1135\/o-poder-curador-do-silencio-o-livro-de-belen-colomina-para-transformar-a-mente\/#breadcrumb"},"inLanguage":"hr","potentialAction":[{"@type":"ReadAction","target":["https:\/\/tirinha.com\/1135\/o-poder-curador-do-silencio-o-livro-de-belen-colomina-para-transformar-a-mente\/"]}]},{"@type":"ImageObject","inLanguage":"hr","@id":"https:\/\/tirinha.com\/1135\/o-poder-curador-do-silencio-o-livro-de-belen-colomina-para-transformar-a-mente\/#primaryimage","url":"https:\/\/elgeneracionalpost.com\/wp-content\/uploads\/2023\/04\/belen1.jpg","contentUrl":"https:\/\/elgeneracionalpost.com\/wp-content\/uploads\/2023\/04\/belen1.jpg"},{"@type":"BreadcrumbList","@id":"https:\/\/tirinha.com\/1135\/o-poder-curador-do-silencio-o-livro-de-belen-colomina-para-transformar-a-mente\/#breadcrumb","itemListElement":[{"@type":"ListItem","position":1,"name":"Home","item":"https:\/\/tirinha.com\/"},{"@type":"ListItem","position":2,"name":"&#8216;O poder curador do sil\u00eancio&#8217;, o livro de Bel\u00e9n Colomina para transformar a mente"}]},{"@type":"WebSite","@id":"https:\/\/tirinha.com\/#website","url":"https:\/\/tirinha.com\/","name":"Stripovi.com","description":"Prikazi umjetnosti i knjiga","publisher":{"@id":"https:\/\/tirinha.com\/#organization"},"potentialAction":[{"@type":"SearchAction","target":{"@type":"EntryPoint","urlTemplate":"https:\/\/tirinha.com\/?s={search_term_string}"},"query-input":{"@type":"PropertyValueSpecification","valueRequired":true,"valueName":"search_term_string"}}],"inLanguage":"hr"},{"@type":"Organization","@id":"https:\/\/tirinha.com\/#organization","name":"Stripovi.com","url":"https:\/\/tirinha.com\/","logo":{"@type":"ImageObject","inLanguage":"hr","@id":"https:\/\/tirinha.com\/#\/schema\/logo\/image\/","url":"https:\/\/tirinha.com\/wp-content\/uploads\/2023\/08\/cropped-Logo-Tirinha.webp","contentUrl":"https:\/\/tirinha.com\/wp-content\/uploads\/2023\/08\/cropped-Logo-Tirinha.webp","width":512,"height":512,"caption":"Tirinha.com"},"image":{"@id":"https:\/\/tirinha.com\/#\/schema\/logo\/image\/"}},{"@type":"Person","@id":"https:\/\/tirinha.com\/#\/schema\/person\/e22bdfbe17e0461f7e927e6a1208d4d9","name":"admin","image":{"@type":"ImageObject","inLanguage":"hr","@id":"https:\/\/tirinha.com\/wp-content\/litespeed\/avatar\/d0068f7931cc87d7274eb0c3db1deb4b.jpg?ver=1776829466","url":"https:\/\/tirinha.com\/wp-content\/litespeed\/avatar\/d0068f7931cc87d7274eb0c3db1deb4b.jpg?ver=1776829466","contentUrl":"https:\/\/tirinha.com\/wp-content\/litespeed\/avatar\/d0068f7931cc87d7274eb0c3db1deb4b.jpg?ver=1776829466","caption":"admin"},"sameAs":["https:\/\/tirinha.com"],"url":"https:\/\/tirinha.com\/hr\/author\/admin\/"}]}},"_links":{"self":[{"href":"https:\/\/tirinha.com\/hr\/wp-json\/wp\/v2\/posts\/1135","targetHints":{"allow":["GET"]}}],"collection":[{"href":"https:\/\/tirinha.com\/hr\/wp-json\/wp\/v2\/posts"}],"about":[{"href":"https:\/\/tirinha.com\/hr\/wp-json\/wp\/v2\/types\/post"}],"author":[{"embeddable":true,"href":"https:\/\/tirinha.com\/hr\/wp-json\/wp\/v2\/users\/1"}],"replies":[{"embeddable":true,"href":"https:\/\/tirinha.com\/hr\/wp-json\/wp\/v2\/comments?post=1135"}],"version-history":[{"count":0,"href":"https:\/\/tirinha.com\/hr\/wp-json\/wp\/v2\/posts\/1135\/revisions"}],"wp:featuredmedia":[{"embeddable":true,"href":"https:\/\/tirinha.com\/hr\/wp-json\/wp\/v2\/media\/1136"}],"wp:attachment":[{"href":"https:\/\/tirinha.com\/hr\/wp-json\/wp\/v2\/media?parent=1135"}],"wp:term":[{"taxonomy":"category","embeddable":true,"href":"https:\/\/tirinha.com\/hr\/wp-json\/wp\/v2\/categories?post=1135"},{"taxonomy":"post_tag","embeddable":true,"href":"https:\/\/tirinha.com\/hr\/wp-json\/wp\/v2\/tags?post=1135"}],"curies":[{"name":"radni list","href":"https:\/\/api.w.org\/{rel}","templated":true}]}}