{"id":1118,"date":"2023-04-11T11:34:46","date_gmt":"2023-04-11T11:34:46","guid":{"rendered":"https:\/\/tirinha.com\/terceira-jornada-sobre-o-artesanato-cinematografico-em-las-palmas-de-gran-canaria\/"},"modified":"2023-04-11T11:34:46","modified_gmt":"2023-04-11T11:34:46","slug":"terceira-jornada-sobre-o-artesanato-cinematografico-em-las-palmas-de-gran-canaria","status":"publish","type":"post","link":"https:\/\/tirinha.com\/hr\/1118\/terceira-jornada-sobre-o-artesanato-cinematografico-em-las-palmas-de-gran-canaria\/","title":{"rendered":"Tre\u0107i dan kinematografskih obrta u Las Palmas de Gran Canaria"},"content":{"rendered":"<p><\/p>\n<div>\n<h2>Susret s velikim imenima \u0161panjolske kinematografije ponovno se vra\u0107a na biljeg Filmskog festivala u glavnom gradu Gran Canarie<\/h2>\n<p><strong>Ovo je tre\u0107i nastavak <em>Konferencija o kinematografskim zanatima<\/em> koji \u0107e se odr\u017eati 14. i 15. travnja u Las Palmas de Gran Canaria. Neka od najzna\u010dajnijih imena \u0161panjolske kinematografije susrest \u0107e se na \u010detiri okrugla stola otvorena za javnost. Producira ih 18Chulos, a sponzorira ih Gradsko vije\u0107e. Oni \u0107e biti dio paralelnog programa Filmskog festivala u Las Palmasu.<\/strong><\/p>\n<p>redatelji poput <strong>Alejandro Amen\u00e1bar, \u00c1lex de la Iglesia, Carla Sim\u00f3n i Fernando Le\u00f3n de Aranoa<\/strong> bit \u0107e protagonisti zajedno s drugim umjetnicima kao \u0161to su <strong>\u00c1ngela Molina, Anna Castillo, Karra Elejalde, Macarena Garc\u00eda i Paco Le\u00f3n<\/strong>. \u010cetiri okrugla stola moderirati \u0107e Greater Wyoming i Elena S\u00e1nchez, direktorica TVE programa \u201cHistoria de nuestro cine\u201d.<\/p>\n<p>Doga\u0111aj \u0107e se odr\u017eati u <strong>mlinarska zgrada<\/strong> je na <strong>Kino Dok<\/strong>koja \u0107e otvoriti vrata jedne od svojih soba kako bi ugostila, posebice, sastanak s \u00c1ngelom Molinom.<\/p>\n<h3>Program konferencije<\/h3>\n<p>Po\u010det \u0107e u petak 14. u 16 sati u Milleru. <strong>Redatelji:<\/strong> <strong>Oscar<sup>\u00a9<\/sup> i vi\u0161e od 20 Goya za istim stolom. <\/strong>\u010cetiri redatelja koji \u0107e otvoriti prvi dan okupit \u0107e ne samo Oscara i vi\u0161e od 20 Goya, ve\u0107 i Zlatni globus, Zlatnu i Srebrnu \u0161koljku Festivala u San Sebastianu, Berlinskog medvjeda, Lava, Osellu i Veneciju Posebna nagrada \u017eirija, nekoliko europskih filmskih nagrada i brojne nagrade u brojnim filmskim natjecanjima diljem svijeta. Imenovati Alejandra Amen\u00e1bara, \u00c1lexa de la Iglesia, Carlu Sim\u00f3n i Fernanda Le\u00f3na de Aranou to je ono \u0161to se odnosi na neke od najupe\u010datljivijih trenutaka u posljednjih 30 godina \u0161panjolske kinematografije.<\/p>\n<p style=\"font-weight: 400\">Od impresivnog debija \u00c1lexa de la Iglesije, sa <em><strong>mutant djelovanje<\/strong><\/em>  (1993) i <strong><em>Dan zvijeri<\/em><\/strong>  (1995), \u0161ok mladog Amen\u00e1bara i njegovih <em><strong>diplomski rad<\/strong> <\/em>ili osebujni <em><strong>Obitelj <\/strong><\/em>Fernanda Le\u00f3na de Aranoe (oba 1996.), na delikatnost mladog redatelja \u010diji<em><strong>  ljeto 1993<\/strong><\/em>Snimljen na katalonskom jeziku, odabran je 2017. da predstavlja \u0160panjolsku na dodjeli Oscara u Hollywoodu.<\/p>\n<p style=\"font-weight: 400\">od Oscara<sup>\u00a9<\/sup>  od Amen\u00e1bara do <strong><em>Van na more<\/em><\/strong>  do Zlatne \u0161koljke Aranoe do <em><strong>Ponedjeljkom na suncu<\/strong><\/em>  ili eksploziv <em><strong>izgubljeni durango<\/strong><\/em>, a svi glume golemog Javiera Bardema. Od <em><strong>tu\u017ena balada za trubu<\/strong><\/em>  za <strong><em>Sve dok rat traje<\/em><\/strong>; operatora tvornice vage i njihovih <em><strong>dobar standard<\/strong><\/em>  poljoprivrednicima iz <em><strong>alcarr\u00e1s<\/strong><\/em>. Zajedni\u010dke teme i glumci za potpuno druga\u010dije kino s poliedarskim perspektivama. O svemu tome na\u0161a \u010detiri velika redatelja govorit \u0107e na prvom okruglom stolu koji \u0107e moderirati Wyoming.<\/p>\n<figure id=\"attachment_85463\" aria-describedby=\"caption-attachment-85463\" style=\"width: 5760px\" class=\"wp-caption alignnone\"><img fetchpriority=\"high\" data-attachment-id=\"85463\" data-permalink=\"https:\/\/elgeneracionalpost.com\/cultura\/2023\/0411\/85460\/terceras-jornadas-del-oficio-cinematografico-en-las-palmas-de-gran-canaria.html\/attachment\/alejandro-amenabar-by-bernardo-doral\" data-orig-file=\"https:\/\/i0.wp.com\/elgeneracionalpost.com\/wp-content\/uploads\/2023\/04\/Alejandro-Amenabar-by-Bernardo-Doral.jpg?fit=5760%2C3840&amp;ssl=1\" data-orig-size=\"5760,3840\" data-comments-opened=\"0\" data-image-meta=\"{&quot;aperture&quot;:&quot;4.5&quot;,&quot;credit&quot;:&quot;&quot;,&quot;camera&quot;:&quot;Canon EOS 5D Mark III&quot;,&quot;caption&quot;:&quot;&quot;,&quot;created_timestamp&quot;:&quot;1440590522&quot;,&quot;copyright&quot;:&quot;\\u00a9 bernardo doral&quot;,&quot;focal_length&quot;:&quot;70&quot;,&quot;iso&quot;:&quot;320&quot;,&quot;shutter_speed&quot;:&quot;0.008&quot;,&quot;title&quot;:&quot;&quot;,&quot;orientation&quot;:&quot;1&quot;}\" data-image-title=\"Alejandro Amen\u00e1bar by Bernardo Doral\" data-image-description=\"\" data-image-caption=\"&lt;p&gt;Alejandro Amen\u00e1bar. | Fuente: 18Chulos&lt;\/p&gt;&#10;\" data-medium-file=\"https:\/\/i0.wp.com\/elgeneracionalpost.com\/wp-content\/uploads\/2023\/04\/Alejandro-Amenabar-by-Bernardo-Doral.jpg?fit=300%2C200&amp;ssl=1\" data-large-file=\"https:\/\/i0.wp.com\/elgeneracionalpost.com\/wp-content\/uploads\/2023\/04\/Alejandro-Amenabar-by-Bernardo-Doral.jpg?fit=696%2C464&amp;ssl=1\" decoding=\"async\" class=\"wp-image-85463 size-full jetpack-lazy-image\" src=\"https:\/\/i0.wp.com\/elgeneracionalpost.com\/wp-content\/uploads\/2023\/04\/Alejandro-Amenabar-by-Bernardo-Doral.jpg?resize=696%2C464&amp;ssl=1\" alt=\"\" width=\"696\" height=\"464\" data-recalc-dims=\"1\" data-lazy-srcset=\"https:\/\/i0.wp.com\/elgeneracionalpost.com\/wp-content\/uploads\/2023\/04\/Alejandro-Amenabar-by-Bernardo-Doral.jpg?w=5760&amp;ssl=1 5760w, https:\/\/i0.wp.com\/elgeneracionalpost.com\/wp-content\/uploads\/2023\/04\/Alejandro-Amenabar-by-Bernardo-Doral.jpg?resize=300%2C200&amp;ssl=1 300w, https:\/\/i0.wp.com\/elgeneracionalpost.com\/wp-content\/uploads\/2023\/04\/Alejandro-Amenabar-by-Bernardo-Doral.jpg?resize=1024%2C683&amp;ssl=1 1024w, https:\/\/i0.wp.com\/elgeneracionalpost.com\/wp-content\/uploads\/2023\/04\/Alejandro-Amenabar-by-Bernardo-Doral.jpg?resize=768%2C512&amp;ssl=1 768w, https:\/\/i0.wp.com\/elgeneracionalpost.com\/wp-content\/uploads\/2023\/04\/Alejandro-Amenabar-by-Bernardo-Doral.jpg?resize=1536%2C1024&amp;ssl=1 1536w, https:\/\/i0.wp.com\/elgeneracionalpost.com\/wp-content\/uploads\/2023\/04\/Alejandro-Amenabar-by-Bernardo-Doral.jpg?resize=2048%2C1365&amp;ssl=1 2048w, https:\/\/i0.wp.com\/elgeneracionalpost.com\/wp-content\/uploads\/2023\/04\/Alejandro-Amenabar-by-Bernardo-Doral.jpg?resize=150%2C100&amp;ssl=1 150w, https:\/\/i0.wp.com\/elgeneracionalpost.com\/wp-content\/uploads\/2023\/04\/Alejandro-Amenabar-by-Bernardo-Doral.jpg?resize=696%2C464&amp;ssl=1 696w, https:\/\/i0.wp.com\/elgeneracionalpost.com\/wp-content\/uploads\/2023\/04\/Alejandro-Amenabar-by-Bernardo-Doral.jpg?resize=1068%2C712&amp;ssl=1 1068w, https:\/\/i0.wp.com\/elgeneracionalpost.com\/wp-content\/uploads\/2023\/04\/Alejandro-Amenabar-by-Bernardo-Doral.jpg?resize=1920%2C1280&amp;ssl=1 1920w, https:\/\/i0.wp.com\/elgeneracionalpost.com\/wp-content\/uploads\/2023\/04\/Alejandro-Amenabar-by-Bernardo-Doral.jpg?w=1392&amp;ssl=1 1392w\" data-lazy-sizes=\"(max-width: 696px) 100vw, 696px\" data-lazy-src=\"https:\/\/i0.wp.com\/elgeneracionalpost.com\/wp-content\/uploads\/2023\/04\/Alejandro-Amenabar-by-Bernardo-Doral.jpg?resize=696%2C464&amp;is-pending-load=1#038;ssl=1\" srcset=\"data:image\/gif;base64,R0lGODlhAQABAIAAAAAAAP\/\/\/yH5BAEAAAAALAAAAAABAAEAAAIBRAA7\"\/><noscript><img data-lazy-fallback=\"1\" data-attachment-id=\"85463\" data-permalink=\"https:\/\/elgeneracionalpost.com\/cultura\/2023\/0411\/85460\/terceras-jornadas-del-oficio-cinematografico-en-las-palmas-de-gran-canaria.html\/attachment\/alejandro-amenabar-by-bernardo-doral\" data-orig-file=\"https:\/\/i0.wp.com\/elgeneracionalpost.com\/wp-content\/uploads\/2023\/04\/Alejandro-Amenabar-by-Bernardo-Doral.jpg?fit=5760%2C3840&amp;ssl=1\" data-orig-size=\"5760,3840\" data-comments-opened=\"0\" data-image-meta=\"{&quot;aperture&quot;:&quot;4.5&quot;,&quot;credit&quot;:&quot;&quot;,&quot;camera&quot;:&quot;Canon EOS 5D Mark III&quot;,&quot;caption&quot;:&quot;&quot;,&quot;created_timestamp&quot;:&quot;1440590522&quot;,&quot;copyright&quot;:&quot;\\u00a9 bernardo doral&quot;,&quot;focal_length&quot;:&quot;70&quot;,&quot;iso&quot;:&quot;320&quot;,&quot;shutter_speed&quot;:&quot;0.008&quot;,&quot;title&quot;:&quot;&quot;,&quot;orientation&quot;:&quot;1&quot;}\" data-image-title=\"Alejandro Amen\u00e1bar by Bernardo Doral\" data-image-description=\"\" data-image-caption=\"&lt;p&gt;Alejandro Amen\u00e1bar. | Fuente: 18Chulos&lt;\/p&gt;&#10;\" data-medium-file=\"https:\/\/i0.wp.com\/elgeneracionalpost.com\/wp-content\/uploads\/2023\/04\/Alejandro-Amenabar-by-Bernardo-Doral.jpg?fit=300%2C200&amp;ssl=1\" data-large-file=\"https:\/\/i0.wp.com\/elgeneracionalpost.com\/wp-content\/uploads\/2023\/04\/Alejandro-Amenabar-by-Bernardo-Doral.jpg?fit=696%2C464&amp;ssl=1\" decoding=\"async\" class=\"wp-image-85463 size-full\" src=\"https:\/\/i0.wp.com\/elgeneracionalpost.com\/wp-content\/uploads\/2023\/04\/Alejandro-Amenabar-by-Bernardo-Doral.jpg?resize=696%2C464&amp;ssl=1\" alt=\"\" width=\"696\" height=\"464\" srcset=\"https:\/\/i0.wp.com\/elgeneracionalpost.com\/wp-content\/uploads\/2023\/04\/Alejandro-Amenabar-by-Bernardo-Doral.jpg?w=5760&amp;ssl=1 5760w, https:\/\/i0.wp.com\/elgeneracionalpost.com\/wp-content\/uploads\/2023\/04\/Alejandro-Amenabar-by-Bernardo-Doral.jpg?resize=300%2C200&amp;ssl=1 300w, https:\/\/i0.wp.com\/elgeneracionalpost.com\/wp-content\/uploads\/2023\/04\/Alejandro-Amenabar-by-Bernardo-Doral.jpg?resize=1024%2C683&amp;ssl=1 1024w, https:\/\/i0.wp.com\/elgeneracionalpost.com\/wp-content\/uploads\/2023\/04\/Alejandro-Amenabar-by-Bernardo-Doral.jpg?resize=768%2C512&amp;ssl=1 768w, https:\/\/i0.wp.com\/elgeneracionalpost.com\/wp-content\/uploads\/2023\/04\/Alejandro-Amenabar-by-Bernardo-Doral.jpg?resize=1536%2C1024&amp;ssl=1 1536w, https:\/\/i0.wp.com\/elgeneracionalpost.com\/wp-content\/uploads\/2023\/04\/Alejandro-Amenabar-by-Bernardo-Doral.jpg?resize=2048%2C1365&amp;ssl=1 2048w, https:\/\/i0.wp.com\/elgeneracionalpost.com\/wp-content\/uploads\/2023\/04\/Alejandro-Amenabar-by-Bernardo-Doral.jpg?resize=150%2C100&amp;ssl=1 150w, https:\/\/i0.wp.com\/elgeneracionalpost.com\/wp-content\/uploads\/2023\/04\/Alejandro-Amenabar-by-Bernardo-Doral.jpg?resize=696%2C464&amp;ssl=1 696w, https:\/\/i0.wp.com\/elgeneracionalpost.com\/wp-content\/uploads\/2023\/04\/Alejandro-Amenabar-by-Bernardo-Doral.jpg?resize=1068%2C712&amp;ssl=1 1068w, https:\/\/i0.wp.com\/elgeneracionalpost.com\/wp-content\/uploads\/2023\/04\/Alejandro-Amenabar-by-Bernardo-Doral.jpg?resize=1920%2C1280&amp;ssl=1 1920w, https:\/\/i0.wp.com\/elgeneracionalpost.com\/wp-content\/uploads\/2023\/04\/Alejandro-Amenabar-by-Bernardo-Doral.jpg?w=1392&amp;ssl=1 1392w\" sizes=\"(max-width: 696px) 100vw, 696px\" data-recalc-dims=\"1\"\/><\/noscript><figcaption id=\"caption-attachment-85463\" class=\"wp-caption-text\">Alejandro Amenabar | Izvor: 18Pimps<\/figcaption><\/figure>\n<p>Istog dana, u 19 sati iu Cinesa El Muelle, \u00c1ngela Molina dat \u0107e pregled svoje karijere s Elenom S\u00e1nchez.<\/p>\n<p style=\"font-weight: 400\"><strong>Angela Molina:<\/strong> <strong>X-zraka filmskog \u017eivota. <\/strong>Re\u0107i \u00c1ngela Molina zna\u010di govoriti o povijesti na\u0161e kinematografije velikim slovima. To zna\u010di govoriti o Bu\u00f1uelu, Almod\u00f3varu, Picazu, Armi\u00f1anu, Guti\u00e9rrezu Arag\u00f3nu, Jaimeu Caminu, Ricardu Francu, Borauu, Uribeu\u2026<\/p>\n<p style=\"font-weight: 400\">Prepoznat s <strong>Nacionalna filmska nagrada, Goya of Honor, Zlatna medalja Akademije i Zlatna medalja za zasluge u likovnoj umjetnosti<\/strong>Blago \u00c1ngela Molina <strong>brojne me\u0111unarodne nagrade<\/strong> poput Donatellova Davida nagra\u0111enog od Talijanske akademije, Srebrne \u0161koljke na festivalu u San Sebastianu ili Grand Prixa njujor\u0161ke kritike, ali i Seminci Honorary Spike i \u010dak 5 srebrnih okvira...<\/p>\n<figure id=\"attachment_85467\" aria-describedby=\"caption-attachment-85467\" style=\"width: 850px\" class=\"wp-caption alignnone\"><img data-attachment-id=\"85467\" data-permalink=\"https:\/\/elgeneracionalpost.com\/cultura\/2023\/0411\/85460\/terceras-jornadas-del-oficio-cinematografico-en-las-palmas-de-gran-canaria.html\/attachment\/angela-molina-by-javier-salas\" data-orig-file=\"https:\/\/i0.wp.com\/elgeneracionalpost.com\/wp-content\/uploads\/2023\/04\/angela-molina-by-Javier-Salas.jpg?fit=850%2C1135&amp;ssl=1\" data-orig-size=\"850,1135\" data-comments-opened=\"0\" data-image-meta=\"{&quot;aperture&quot;:&quot;0&quot;,&quot;credit&quot;:&quot;&quot;,&quot;camera&quot;:&quot;PENTAX 645D&quot;,&quot;caption&quot;:&quot;&quot;,&quot;created_timestamp&quot;:&quot;1383134384&quot;,&quot;copyright&quot;:&quot;&quot;,&quot;focal_length&quot;:&quot;0&quot;,&quot;iso&quot;:&quot;200&quot;,&quot;shutter_speed&quot;:&quot;0.0125&quot;,&quot;title&quot;:&quot;&quot;,&quot;orientation&quot;:&quot;1&quot;}\" data-image-title=\"angela molina-by Javier Salas\" data-image-description=\"\" data-image-caption=\"&lt;p&gt;\u00c1ngela Molina | Fuente: 18Chulos&lt;\/p&gt;&#10;\" data-medium-file=\"https:\/\/i0.wp.com\/elgeneracionalpost.com\/wp-content\/uploads\/2023\/04\/angela-molina-by-Javier-Salas.jpg?fit=225%2C300&amp;ssl=1\" data-large-file=\"https:\/\/i0.wp.com\/elgeneracionalpost.com\/wp-content\/uploads\/2023\/04\/angela-molina-by-Javier-Salas.jpg?fit=696%2C929&amp;ssl=1\" decoding=\"async\" class=\"size-full wp-image-85467 jetpack-lazy-image\" src=\"https:\/\/i0.wp.com\/elgeneracionalpost.com\/wp-content\/uploads\/2023\/04\/angela-molina-by-Javier-Salas.jpg?resize=696%2C929&amp;ssl=1\" alt=\"\" width=\"696\" height=\"929\" data-recalc-dims=\"1\" data-lazy-srcset=\"https:\/\/i0.wp.com\/elgeneracionalpost.com\/wp-content\/uploads\/2023\/04\/angela-molina-by-Javier-Salas.jpg?w=850&amp;ssl=1 850w, https:\/\/i0.wp.com\/elgeneracionalpost.com\/wp-content\/uploads\/2023\/04\/angela-molina-by-Javier-Salas.jpg?resize=225%2C300&amp;ssl=1 225w, https:\/\/i0.wp.com\/elgeneracionalpost.com\/wp-content\/uploads\/2023\/04\/angela-molina-by-Javier-Salas.jpg?resize=767%2C1024&amp;ssl=1 767w, https:\/\/i0.wp.com\/elgeneracionalpost.com\/wp-content\/uploads\/2023\/04\/angela-molina-by-Javier-Salas.jpg?resize=768%2C1026&amp;ssl=1 768w, https:\/\/i0.wp.com\/elgeneracionalpost.com\/wp-content\/uploads\/2023\/04\/angela-molina-by-Javier-Salas.jpg?resize=150%2C200&amp;ssl=1 150w, https:\/\/i0.wp.com\/elgeneracionalpost.com\/wp-content\/uploads\/2023\/04\/angela-molina-by-Javier-Salas.jpg?resize=300%2C401&amp;ssl=1 300w, https:\/\/i0.wp.com\/elgeneracionalpost.com\/wp-content\/uploads\/2023\/04\/angela-molina-by-Javier-Salas.jpg?resize=696%2C929&amp;ssl=1 696w\" data-lazy-sizes=\"(max-width: 696px) 100vw, 696px\" data-lazy-src=\"https:\/\/i0.wp.com\/elgeneracionalpost.com\/wp-content\/uploads\/2023\/04\/angela-molina-by-Javier-Salas.jpg?resize=696%2C929&amp;is-pending-load=1#038;ssl=1\" srcset=\"data:image\/gif;base64,R0lGODlhAQABAIAAAAAAAP\/\/\/yH5BAEAAAAALAAAAAABAAEAAAIBRAA7\"\/><noscript><img loading=\"lazy\" data-lazy-fallback=\"1\" data-attachment-id=\"85467\" data-permalink=\"https:\/\/elgeneracionalpost.com\/cultura\/2023\/0411\/85460\/terceras-jornadas-del-oficio-cinematografico-en-las-palmas-de-gran-canaria.html\/attachment\/angela-molina-by-javier-salas\" data-orig-file=\"https:\/\/i0.wp.com\/elgeneracionalpost.com\/wp-content\/uploads\/2023\/04\/angela-molina-by-Javier-Salas.jpg?fit=850%2C1135&amp;ssl=1\" data-orig-size=\"850,1135\" data-comments-opened=\"0\" data-image-meta=\"{&quot;aperture&quot;:&quot;0&quot;,&quot;credit&quot;:&quot;&quot;,&quot;camera&quot;:&quot;PENTAX 645D&quot;,&quot;caption&quot;:&quot;&quot;,&quot;created_timestamp&quot;:&quot;1383134384&quot;,&quot;copyright&quot;:&quot;&quot;,&quot;focal_length&quot;:&quot;0&quot;,&quot;iso&quot;:&quot;200&quot;,&quot;shutter_speed&quot;:&quot;0.0125&quot;,&quot;title&quot;:&quot;&quot;,&quot;orientation&quot;:&quot;1&quot;}\" data-image-title=\"angela molina-by Javier Salas\" data-image-description=\"\" data-image-caption=\"&lt;p&gt;\u00c1ngela Molina | Fuente: 18Chulos&lt;\/p&gt;&#10;\" data-medium-file=\"https:\/\/i0.wp.com\/elgeneracionalpost.com\/wp-content\/uploads\/2023\/04\/angela-molina-by-Javier-Salas.jpg?fit=225%2C300&amp;ssl=1\" data-large-file=\"https:\/\/i0.wp.com\/elgeneracionalpost.com\/wp-content\/uploads\/2023\/04\/angela-molina-by-Javier-Salas.jpg?fit=696%2C929&amp;ssl=1\" decoding=\"async\" class=\"size-full wp-image-85467\" src=\"https:\/\/i0.wp.com\/elgeneracionalpost.com\/wp-content\/uploads\/2023\/04\/angela-molina-by-Javier-Salas.jpg?resize=696%2C929&amp;ssl=1\" alt=\"\" width=\"696\" height=\"929\" srcset=\"https:\/\/i0.wp.com\/elgeneracionalpost.com\/wp-content\/uploads\/2023\/04\/angela-molina-by-Javier-Salas.jpg?w=850&amp;ssl=1 850w, https:\/\/i0.wp.com\/elgeneracionalpost.com\/wp-content\/uploads\/2023\/04\/angela-molina-by-Javier-Salas.jpg?resize=225%2C300&amp;ssl=1 225w, https:\/\/i0.wp.com\/elgeneracionalpost.com\/wp-content\/uploads\/2023\/04\/angela-molina-by-Javier-Salas.jpg?resize=767%2C1024&amp;ssl=1 767w, https:\/\/i0.wp.com\/elgeneracionalpost.com\/wp-content\/uploads\/2023\/04\/angela-molina-by-Javier-Salas.jpg?resize=768%2C1026&amp;ssl=1 768w, https:\/\/i0.wp.com\/elgeneracionalpost.com\/wp-content\/uploads\/2023\/04\/angela-molina-by-Javier-Salas.jpg?resize=150%2C200&amp;ssl=1 150w, https:\/\/i0.wp.com\/elgeneracionalpost.com\/wp-content\/uploads\/2023\/04\/angela-molina-by-Javier-Salas.jpg?resize=300%2C401&amp;ssl=1 300w, https:\/\/i0.wp.com\/elgeneracionalpost.com\/wp-content\/uploads\/2023\/04\/angela-molina-by-Javier-Salas.jpg?resize=696%2C929&amp;ssl=1 696w\" sizes=\"auto, (max-width: 696px) 100vw, 696px\" data-recalc-dims=\"1\"\/><\/noscript><figcaption id=\"caption-attachment-85467\" class=\"wp-caption-text\">Angela Molina | Izvor: 18Pimps<\/figcaption><\/figure>\n<p>U subotu, 15., u Mileru, okrugli stol po\u010dinje u 12 sati <strong>Karra Elejalde i Paco Leon. Glumci i autori. Od komedije do drame.<\/strong><\/p>\n<p style=\"font-weight: 400\">Obojica su iznimno poznati po svom daru za komediju i impresionirali su nas svojim izvrsnim dramati\u010dnim likovima. Karra Elejalde i Paco Le\u00f3n predstavljaju dvije generacije glumaca koje voli publika, ali imaju mnogo vi\u0161e od toga zajedni\u010dkog. Njegov golemi kreativni kapacitet pru\u017eio nam je jedinstvene trenutke: od udarca lopte <strong><em>zra\u010dni jastuk<\/em> <\/strong>za zadivljuju\u0107e <em><strong>grimiz ili eksplozija<\/strong><\/em>. Obojica su <strong>kreatori, scenaristi i redatelji raznih naslova.<\/strong><\/p>\n<p style=\"font-weight: 400\">od smijeha <em><strong>Osam baskijskih prezimena<\/strong><\/em>  za povijesnu rekonstrukciju u <em><strong>Sve dok rat traje<\/strong><\/em>dramati\u010dnog Ismaela de <em><strong>mrtva majka<\/strong><\/em>  usamljenom Alfredu de <em><strong>Brod<\/strong><\/em>, Elejalde je sudjelovao u vi\u0161e od 60 naslova. Dobitnik 2 nagrade Goya, 2 nagrade Gaud\u00ed ili najnovije nagrade za najboljeg glumca u Semincima.<\/p>\n<p style=\"font-weight: 400\">Paco Le\u00f3n je stekao popularnost na televiziji. Njezina karizmati\u010dna Luisma u mitskoj seriji <em><strong>Pomozite<\/strong><\/em>, jo\u0161 uvijek prepoznaje legija obo\u017eavatelja. Me\u0111utim, njegov skok u re\u017eiju priskrbio mu je i po\u0161tovanje filmskih kriti\u010dara. Od tog trenutka Paco Le\u00f3n naizmjence stvara i re\u017eira audiovizualna djela s radom kao glumac glume\u0107i u sjajnim komedijama i dramskim likovima kao \u0161to je tajanstveni Dami\u00e1n u nedavnom <em><strong>ne gledaj u o\u010di<\/strong><\/em>u dugoj karijeri koja mu je donijela nagradu Ondas, tri Fotograma de Plata i mnoge druge nominacije za Goyu.<\/p>\n<figure id=\"attachment_85473\" aria-describedby=\"caption-attachment-85473\" style=\"width: 827px\" class=\"wp-caption alignnone\"><img loading=\"lazy\" data-attachment-id=\"85473\" data-permalink=\"https:\/\/elgeneracionalpost.com\/cultura\/2023\/0411\/85460\/terceras-jornadas-del-oficio-cinematografico-en-las-palmas-de-gran-canaria.html\/attachment\/img-1238\" data-orig-file=\"https:\/\/i0.wp.com\/elgeneracionalpost.com\/wp-content\/uploads\/2023\/04\/IMG-1238.jpg?fit=827%2C681&amp;ssl=1\" data-orig-size=\"827,681\" data-comments-opened=\"0\" data-image-meta=\"{&quot;aperture&quot;:&quot;0&quot;,&quot;credit&quot;:&quot;&quot;,&quot;camera&quot;:&quot;&quot;,&quot;caption&quot;:&quot;&quot;,&quot;created_timestamp&quot;:&quot;0&quot;,&quot;copyright&quot;:&quot;&quot;,&quot;focal_length&quot;:&quot;0&quot;,&quot;iso&quot;:&quot;0&quot;,&quot;shutter_speed&quot;:&quot;0&quot;,&quot;title&quot;:&quot;&quot;,&quot;orientation&quot;:&quot;1&quot;}\" data-image-title=\"IMG-1238\" data-image-description=\"\" data-image-caption=\"&lt;p&gt;Paco Le\u00f3n | Fuente: Instagram (@pacoleon)&lt;\/p&gt;&#10;\" data-medium-file=\"https:\/\/i0.wp.com\/elgeneracionalpost.com\/wp-content\/uploads\/2023\/04\/IMG-1238.jpg?fit=300%2C247&amp;ssl=1\" data-large-file=\"https:\/\/i0.wp.com\/elgeneracionalpost.com\/wp-content\/uploads\/2023\/04\/IMG-1238.jpg?fit=696%2C573&amp;ssl=1\" decoding=\"async\" class=\"size-full wp-image-85473 jetpack-lazy-image\" src=\"https:\/\/i0.wp.com\/elgeneracionalpost.com\/wp-content\/uploads\/2023\/04\/IMG-1238.jpg?resize=696%2C573&amp;ssl=1\" alt=\"\" width=\"696\" height=\"573\" data-recalc-dims=\"1\" data-lazy-srcset=\"https:\/\/i0.wp.com\/elgeneracionalpost.com\/wp-content\/uploads\/2023\/04\/IMG-1238.jpg?w=827&amp;ssl=1 827w, https:\/\/i0.wp.com\/elgeneracionalpost.com\/wp-content\/uploads\/2023\/04\/IMG-1238.jpg?resize=300%2C247&amp;ssl=1 300w, https:\/\/i0.wp.com\/elgeneracionalpost.com\/wp-content\/uploads\/2023\/04\/IMG-1238.jpg?resize=768%2C632&amp;ssl=1 768w, https:\/\/i0.wp.com\/elgeneracionalpost.com\/wp-content\/uploads\/2023\/04\/IMG-1238.jpg?resize=150%2C124&amp;ssl=1 150w, https:\/\/i0.wp.com\/elgeneracionalpost.com\/wp-content\/uploads\/2023\/04\/IMG-1238.jpg?resize=696%2C573&amp;ssl=1 696w\" data-lazy-sizes=\"(max-width: 696px) 100vw, 696px\" data-lazy-src=\"https:\/\/i0.wp.com\/elgeneracionalpost.com\/wp-content\/uploads\/2023\/04\/IMG-1238.jpg?resize=696%2C573&amp;is-pending-load=1#038;ssl=1\" srcset=\"data:image\/gif;base64,R0lGODlhAQABAIAAAAAAAP\/\/\/yH5BAEAAAAALAAAAAABAAEAAAIBRAA7\"\/><noscript><img loading=\"lazy\" data-lazy-fallback=\"1\" data-attachment-id=\"85473\" data-permalink=\"https:\/\/elgeneracionalpost.com\/cultura\/2023\/0411\/85460\/terceras-jornadas-del-oficio-cinematografico-en-las-palmas-de-gran-canaria.html\/attachment\/img-1238\" data-orig-file=\"https:\/\/i0.wp.com\/elgeneracionalpost.com\/wp-content\/uploads\/2023\/04\/IMG-1238.jpg?fit=827%2C681&amp;ssl=1\" data-orig-size=\"827,681\" data-comments-opened=\"0\" data-image-meta=\"{&quot;aperture&quot;:&quot;0&quot;,&quot;credit&quot;:&quot;&quot;,&quot;camera&quot;:&quot;&quot;,&quot;caption&quot;:&quot;&quot;,&quot;created_timestamp&quot;:&quot;0&quot;,&quot;copyright&quot;:&quot;&quot;,&quot;focal_length&quot;:&quot;0&quot;,&quot;iso&quot;:&quot;0&quot;,&quot;shutter_speed&quot;:&quot;0&quot;,&quot;title&quot;:&quot;&quot;,&quot;orientation&quot;:&quot;1&quot;}\" data-image-title=\"IMG-1238\" data-image-description=\"\" data-image-caption=\"&lt;p&gt;Paco Le\u00f3n | Fuente: Instagram (@pacoleon)&lt;\/p&gt;&#10;\" data-medium-file=\"https:\/\/i0.wp.com\/elgeneracionalpost.com\/wp-content\/uploads\/2023\/04\/IMG-1238.jpg?fit=300%2C247&amp;ssl=1\" data-large-file=\"https:\/\/i0.wp.com\/elgeneracionalpost.com\/wp-content\/uploads\/2023\/04\/IMG-1238.jpg?fit=696%2C573&amp;ssl=1\" decoding=\"async\" class=\"size-full wp-image-85473\" src=\"https:\/\/i0.wp.com\/elgeneracionalpost.com\/wp-content\/uploads\/2023\/04\/IMG-1238.jpg?resize=696%2C573&amp;ssl=1\" alt=\"\" width=\"696\" height=\"573\" srcset=\"https:\/\/i0.wp.com\/elgeneracionalpost.com\/wp-content\/uploads\/2023\/04\/IMG-1238.jpg?w=827&amp;ssl=1 827w, https:\/\/i0.wp.com\/elgeneracionalpost.com\/wp-content\/uploads\/2023\/04\/IMG-1238.jpg?resize=300%2C247&amp;ssl=1 300w, https:\/\/i0.wp.com\/elgeneracionalpost.com\/wp-content\/uploads\/2023\/04\/IMG-1238.jpg?resize=768%2C632&amp;ssl=1 768w, https:\/\/i0.wp.com\/elgeneracionalpost.com\/wp-content\/uploads\/2023\/04\/IMG-1238.jpg?resize=150%2C124&amp;ssl=1 150w, https:\/\/i0.wp.com\/elgeneracionalpost.com\/wp-content\/uploads\/2023\/04\/IMG-1238.jpg?resize=696%2C573&amp;ssl=1 696w\" sizes=\"auto, (max-width: 696px) 100vw, 696px\" data-recalc-dims=\"1\"\/><\/noscript><figcaption id=\"caption-attachment-85473\" class=\"wp-caption-text\">Pa\u00e7o Le\u00e3o | Izvor: Instagram (@pacoleon)<\/figcaption><\/figure>\n<p style=\"font-weight: 400\"><strong>Karra Elejalde i Paco Le\u00f3n bit \u0107e ruku pod ruku s Wyomingom<\/strong> razgovarati s publikom za okruglim stolom koji obe\u0107ava da \u0107e biti sve samo ne dosadan.<\/p>\n<p>Na kraju, u subotu u 16 sati:<strong>Anna Castillo i Macarena Garc\u00eda: Mlade i ve\u0107 neophodne.<\/strong><\/p>\n<figure id=\"attachment_85476\" aria-describedby=\"caption-attachment-85476\" style=\"width: 1000px\" class=\"wp-caption alignnone\"><img loading=\"lazy\" data-attachment-id=\"85476\" data-permalink=\"https:\/\/elgeneracionalpost.com\/cultura\/2023\/0411\/85460\/terceras-jornadas-del-oficio-cinematografico-en-las-palmas-de-gran-canaria.html\/attachment\/macarena-garcia\" data-orig-file=\"https:\/\/i0.wp.com\/elgeneracionalpost.com\/wp-content\/uploads\/2023\/04\/Macarena-Garcia.jpg?fit=1000%2C1386&amp;ssl=1\" data-orig-size=\"1000,1386\" data-comments-opened=\"0\" data-image-meta=\"{&quot;aperture&quot;:&quot;0&quot;,&quot;credit&quot;:&quot;&quot;,&quot;camera&quot;:&quot;&quot;,&quot;caption&quot;:&quot;&quot;,&quot;created_timestamp&quot;:&quot;0&quot;,&quot;copyright&quot;:&quot;&quot;,&quot;focal_length&quot;:&quot;0&quot;,&quot;iso&quot;:&quot;0&quot;,&quot;shutter_speed&quot;:&quot;0&quot;,&quot;title&quot;:&quot;&quot;,&quot;orientation&quot;:&quot;0&quot;}\" data-image-title=\"Macarena Garc\u00eda\" data-image-description=\"\" data-image-caption=\"&lt;p&gt;Macarena Garc\u00eda | Fuente: 18Chulos&lt;\/p&gt;&#10;\" data-medium-file=\"https:\/\/i0.wp.com\/elgeneracionalpost.com\/wp-content\/uploads\/2023\/04\/Macarena-Garcia.jpg?fit=216%2C300&amp;ssl=1\" data-large-file=\"https:\/\/i0.wp.com\/elgeneracionalpost.com\/wp-content\/uploads\/2023\/04\/Macarena-Garcia.jpg?fit=696%2C964&amp;ssl=1\" decoding=\"async\" class=\"size-full wp-image-85476 jetpack-lazy-image\" src=\"https:\/\/i0.wp.com\/elgeneracionalpost.com\/wp-content\/uploads\/2023\/04\/Macarena-Garcia.jpg?resize=696%2C965&amp;ssl=1\" alt=\"\" width=\"696\" height=\"965\" data-recalc-dims=\"1\" data-lazy-srcset=\"https:\/\/i0.wp.com\/elgeneracionalpost.com\/wp-content\/uploads\/2023\/04\/Macarena-Garcia.jpg?w=1000&amp;ssl=1 1000w, https:\/\/i0.wp.com\/elgeneracionalpost.com\/wp-content\/uploads\/2023\/04\/Macarena-Garcia.jpg?resize=216%2C300&amp;ssl=1 216w, https:\/\/i0.wp.com\/elgeneracionalpost.com\/wp-content\/uploads\/2023\/04\/Macarena-Garcia.jpg?resize=739%2C1024&amp;ssl=1 739w, https:\/\/i0.wp.com\/elgeneracionalpost.com\/wp-content\/uploads\/2023\/04\/Macarena-Garcia.jpg?resize=768%2C1064&amp;ssl=1 768w, https:\/\/i0.wp.com\/elgeneracionalpost.com\/wp-content\/uploads\/2023\/04\/Macarena-Garcia.jpg?resize=150%2C208&amp;ssl=1 150w, https:\/\/i0.wp.com\/elgeneracionalpost.com\/wp-content\/uploads\/2023\/04\/Macarena-Garcia.jpg?resize=300%2C416&amp;ssl=1 300w, https:\/\/i0.wp.com\/elgeneracionalpost.com\/wp-content\/uploads\/2023\/04\/Macarena-Garcia.jpg?resize=696%2C965&amp;ssl=1 696w\" data-lazy-sizes=\"(max-width: 696px) 100vw, 696px\" data-lazy-src=\"https:\/\/i0.wp.com\/elgeneracionalpost.com\/wp-content\/uploads\/2023\/04\/Macarena-Garcia.jpg?resize=696%2C965&amp;is-pending-load=1#038;ssl=1\" srcset=\"data:image\/gif;base64,R0lGODlhAQABAIAAAAAAAP\/\/\/yH5BAEAAAAALAAAAAABAAEAAAIBRAA7\"\/><noscript><img loading=\"lazy\" data-lazy-fallback=\"1\" data-attachment-id=\"85476\" data-permalink=\"https:\/\/elgeneracionalpost.com\/cultura\/2023\/0411\/85460\/terceras-jornadas-del-oficio-cinematografico-en-las-palmas-de-gran-canaria.html\/attachment\/macarena-garcia\" data-orig-file=\"https:\/\/i0.wp.com\/elgeneracionalpost.com\/wp-content\/uploads\/2023\/04\/Macarena-Garcia.jpg?fit=1000%2C1386&amp;ssl=1\" data-orig-size=\"1000,1386\" data-comments-opened=\"0\" data-image-meta=\"{&quot;aperture&quot;:&quot;0&quot;,&quot;credit&quot;:&quot;&quot;,&quot;camera&quot;:&quot;&quot;,&quot;caption&quot;:&quot;&quot;,&quot;created_timestamp&quot;:&quot;0&quot;,&quot;copyright&quot;:&quot;&quot;,&quot;focal_length&quot;:&quot;0&quot;,&quot;iso&quot;:&quot;0&quot;,&quot;shutter_speed&quot;:&quot;0&quot;,&quot;title&quot;:&quot;&quot;,&quot;orientation&quot;:&quot;0&quot;}\" data-image-title=\"Macarena Garc\u00eda\" data-image-description=\"\" data-image-caption=\"&lt;p&gt;Macarena Garc\u00eda | Fuente: 18Chulos&lt;\/p&gt;&#10;\" data-medium-file=\"https:\/\/i0.wp.com\/elgeneracionalpost.com\/wp-content\/uploads\/2023\/04\/Macarena-Garcia.jpg?fit=216%2C300&amp;ssl=1\" data-large-file=\"https:\/\/i0.wp.com\/elgeneracionalpost.com\/wp-content\/uploads\/2023\/04\/Macarena-Garcia.jpg?fit=696%2C964&amp;ssl=1\" decoding=\"async\" class=\"size-full wp-image-85476\" src=\"https:\/\/i0.wp.com\/elgeneracionalpost.com\/wp-content\/uploads\/2023\/04\/Macarena-Garcia.jpg?resize=696%2C965&amp;ssl=1\" alt=\"\" width=\"696\" height=\"965\" srcset=\"https:\/\/i0.wp.com\/elgeneracionalpost.com\/wp-content\/uploads\/2023\/04\/Macarena-Garcia.jpg?w=1000&amp;ssl=1 1000w, https:\/\/i0.wp.com\/elgeneracionalpost.com\/wp-content\/uploads\/2023\/04\/Macarena-Garcia.jpg?resize=216%2C300&amp;ssl=1 216w, https:\/\/i0.wp.com\/elgeneracionalpost.com\/wp-content\/uploads\/2023\/04\/Macarena-Garcia.jpg?resize=739%2C1024&amp;ssl=1 739w, https:\/\/i0.wp.com\/elgeneracionalpost.com\/wp-content\/uploads\/2023\/04\/Macarena-Garcia.jpg?resize=768%2C1064&amp;ssl=1 768w, https:\/\/i0.wp.com\/elgeneracionalpost.com\/wp-content\/uploads\/2023\/04\/Macarena-Garcia.jpg?resize=150%2C208&amp;ssl=1 150w, https:\/\/i0.wp.com\/elgeneracionalpost.com\/wp-content\/uploads\/2023\/04\/Macarena-Garcia.jpg?resize=300%2C416&amp;ssl=1 300w, https:\/\/i0.wp.com\/elgeneracionalpost.com\/wp-content\/uploads\/2023\/04\/Macarena-Garcia.jpg?resize=696%2C965&amp;ssl=1 696w\" sizes=\"auto, (max-width: 696px) 100vw, 696px\" data-recalc-dims=\"1\"\/><\/noscript><figcaption id=\"caption-attachment-85476\" class=\"wp-caption-text\">Macarena Garcia | Izvor: 18Pimps<\/figcaption><\/figure>\n<p style=\"font-weight: 400\">Oni predstavljaju mla\u0111u generaciju ovih tre\u0107ih dana, ali akumuliraju kinematografiju u izobilju. Dobitnici dvaju Goya za <em><strong>Snjeguljica<\/strong><\/em>  to je <em><strong>maslina<\/strong><\/em>Pridru\u017eile su se Macarena Garc\u00eda i Anna Castillo <em><strong>Poziv<\/strong><\/em>, glazbena komedija koja je bila mala revolucija u na\u0161oj kinematografiji. S jednim <strong>veliko iskustvo u kinu, kazali\u0161tu i televiziji<\/strong>Ove dvije mlade glumice ve\u0107 su postale nezaobilazna lica s na\u0161ih ekrana. Obje \u0107e nam otkriti tajnu svog uspjeha u razgovoru o njihovom na\u010dinu shva\u0107anja interpretacije koji vodi Elena S\u00e1nchez.<\/p>\n<div class=\"sharedaddy sd-block sd-like jetpack-likes-widget-wrapper jetpack-likes-widget-unloaded\" id=\"like-post-wrapper-153844979-85460-64354587189de\" data-src=\"https:\/\/widgets.wp.com\/likes\/#blog_id=153844979&amp;post_id=85460&amp;origin=elgeneracionalpost.com&amp;obj_id=153844979-85460-64354587189de\" data-name=\"like-post-frame-153844979-85460-64354587189de\" data-title=\"Me gusta o Compartir\">\n<h3 class=\"sd-title\">svi\u0111a mi se ovo:<\/h3>\n<p><span class=\"button\"><span>ja volim<\/span><\/span> <span class=\"loading\">U\u010ditavam\u2026<\/span><\/p>\n<p><span class=\"sd-text-color\"\/><\/div>\n<p><h3 class=\"jp-relatedposts-headline\"><em>Povezano<\/em><\/h3>\n<\/p>\n<\/div>","protected":false},"excerpt":{"rendered":"<p>Susret s velikim imenima \u0161panjolske kinematografije vra\u0107a se jo\u0161 godinu dana na filmski festival u glavnom gradu... <\/p>","protected":false},"author":1,"featured_media":1119,"comment_status":"open","ping_status":"open","sticky":false,"template":"","format":"standard","meta":{"fifu_image_url":"https:\/\/elgeneracionalpost.com\/wp-content\/uploads\/2023\/04\/30_05-161-foto-Teresa-Isasi.jpg","fifu_image_alt":"","footnotes":""},"categories":[35],"tags":[],"class_list":["post-1118","post","type-post","status-publish","format-standard","has-post-thumbnail","hentry","category-cultura-e-lazer","latest_post"],"yoast_head":"<!-- This site is optimized with the Yoast SEO plugin v27.3 - https:\/\/yoast.com\/product\/yoast-seo-wordpress\/ -->\n<title>Terceira Jornada sobre o Artesanato Cinematogr\u00e1fico em Las Palmas de Gran Canaria - Tirinha.com<\/title>\n<meta name=\"robots\" content=\"index, follow, max-snippet:-1, max-image-preview:large, max-video-preview:-1\" \/>\n<link rel=\"canonical\" href=\"https:\/\/tirinha.com\/hr\/1118\/terceira-jornada-sobre-o-artesanato-cinematografico-em-las-palmas-de-gran-canaria\/\" \/>\n<meta property=\"og:locale\" content=\"hr_HR\" \/>\n<meta property=\"og:type\" content=\"article\" \/>\n<meta property=\"og:title\" content=\"Terceira Jornada sobre o Artesanato Cinematogr\u00e1fico em Las Palmas de Gran Canaria - Tirinha.com\" \/>\n<meta property=\"og:description\" content=\"O encontro com grandes nomes do cinema espanhol volta mais um ano ao marco do Festival de Cinema da capital &hellip;\" \/>\n<meta property=\"og:url\" content=\"https:\/\/tirinha.com\/hr\/1118\/terceira-jornada-sobre-o-artesanato-cinematografico-em-las-palmas-de-gran-canaria\/\" \/>\n<meta property=\"og:site_name\" content=\"Tirinha.com\" \/>\n<meta property=\"article:published_time\" content=\"2023-04-11T11:34:46+00:00\" \/>\n<meta property=\"og:image\" content=\"https:\/\/elgeneracionalpost.com\/wp-content\/uploads\/2023\/04\/30_05-161-foto-Teresa-Isasi.jpg\" \/>\n<meta name=\"author\" content=\"admin\" \/>\n<meta name=\"twitter:card\" content=\"summary_large_image\" \/>\n<meta name=\"twitter:image\" content=\"https:\/\/elgeneracionalpost.com\/wp-content\/uploads\/2023\/04\/30_05-161-foto-Teresa-Isasi.jpg\" \/>\n<meta name=\"twitter:label1\" content=\"Napisao\/la\" \/>\n\t<meta name=\"twitter:data1\" content=\"admin\" \/>\n\t<meta name=\"twitter:label2\" content=\"Procijenjeno vrijeme \u010ditanja\" \/>\n\t<meta name=\"twitter:data2\" content=\"5 minuta\" \/>\n<script type=\"application\/ld+json\" class=\"yoast-schema-graph\">{\"@context\":\"https:\\\/\\\/schema.org\",\"@graph\":[{\"@type\":\"Article\",\"@id\":\"https:\\\/\\\/tirinha.com\\\/1118\\\/terceira-jornada-sobre-o-artesanato-cinematografico-em-las-palmas-de-gran-canaria\\\/#article\",\"isPartOf\":{\"@id\":\"https:\\\/\\\/tirinha.com\\\/1118\\\/terceira-jornada-sobre-o-artesanato-cinematografico-em-las-palmas-de-gran-canaria\\\/\"},\"author\":{\"name\":\"admin\",\"@id\":\"https:\\\/\\\/tirinha.com\\\/#\\\/schema\\\/person\\\/e22bdfbe17e0461f7e927e6a1208d4d9\"},\"headline\":\"Terceira Jornada sobre o Artesanato Cinematogr\u00e1fico em Las Palmas de Gran Canaria\",\"datePublished\":\"2023-04-11T11:34:46+00:00\",\"mainEntityOfPage\":{\"@id\":\"https:\\\/\\\/tirinha.com\\\/1118\\\/terceira-jornada-sobre-o-artesanato-cinematografico-em-las-palmas-de-gran-canaria\\\/\"},\"wordCount\":1084,\"commentCount\":0,\"publisher\":{\"@id\":\"https:\\\/\\\/tirinha.com\\\/#organization\"},\"image\":{\"@id\":\"https:\\\/\\\/tirinha.com\\\/1118\\\/terceira-jornada-sobre-o-artesanato-cinematografico-em-las-palmas-de-gran-canaria\\\/#primaryimage\"},\"thumbnailUrl\":\"https:\\\/\\\/elgeneracionalpost.com\\\/wp-content\\\/uploads\\\/2023\\\/04\\\/30_05-161-foto-Teresa-Isasi.jpg\",\"articleSection\":[\"Cultura e lazer\"],\"inLanguage\":\"hr\",\"potentialAction\":[{\"@type\":\"CommentAction\",\"name\":\"Comment\",\"target\":[\"https:\\\/\\\/tirinha.com\\\/1118\\\/terceira-jornada-sobre-o-artesanato-cinematografico-em-las-palmas-de-gran-canaria\\\/#respond\"]}]},{\"@type\":\"WebPage\",\"@id\":\"https:\\\/\\\/tirinha.com\\\/1118\\\/terceira-jornada-sobre-o-artesanato-cinematografico-em-las-palmas-de-gran-canaria\\\/\",\"url\":\"https:\\\/\\\/tirinha.com\\\/1118\\\/terceira-jornada-sobre-o-artesanato-cinematografico-em-las-palmas-de-gran-canaria\\\/\",\"name\":\"Terceira Jornada sobre o Artesanato Cinematogr\u00e1fico em Las Palmas de Gran Canaria - Tirinha.com\",\"isPartOf\":{\"@id\":\"https:\\\/\\\/tirinha.com\\\/#website\"},\"primaryImageOfPage\":{\"@id\":\"https:\\\/\\\/tirinha.com\\\/1118\\\/terceira-jornada-sobre-o-artesanato-cinematografico-em-las-palmas-de-gran-canaria\\\/#primaryimage\"},\"image\":{\"@id\":\"https:\\\/\\\/tirinha.com\\\/1118\\\/terceira-jornada-sobre-o-artesanato-cinematografico-em-las-palmas-de-gran-canaria\\\/#primaryimage\"},\"thumbnailUrl\":\"https:\\\/\\\/elgeneracionalpost.com\\\/wp-content\\\/uploads\\\/2023\\\/04\\\/30_05-161-foto-Teresa-Isasi.jpg\",\"datePublished\":\"2023-04-11T11:34:46+00:00\",\"breadcrumb\":{\"@id\":\"https:\\\/\\\/tirinha.com\\\/1118\\\/terceira-jornada-sobre-o-artesanato-cinematografico-em-las-palmas-de-gran-canaria\\\/#breadcrumb\"},\"inLanguage\":\"hr\",\"potentialAction\":[{\"@type\":\"ReadAction\",\"target\":[\"https:\\\/\\\/tirinha.com\\\/1118\\\/terceira-jornada-sobre-o-artesanato-cinematografico-em-las-palmas-de-gran-canaria\\\/\"]}]},{\"@type\":\"ImageObject\",\"inLanguage\":\"hr\",\"@id\":\"https:\\\/\\\/tirinha.com\\\/1118\\\/terceira-jornada-sobre-o-artesanato-cinematografico-em-las-palmas-de-gran-canaria\\\/#primaryimage\",\"url\":\"https:\\\/\\\/elgeneracionalpost.com\\\/wp-content\\\/uploads\\\/2023\\\/04\\\/30_05-161-foto-Teresa-Isasi.jpg\",\"contentUrl\":\"https:\\\/\\\/elgeneracionalpost.com\\\/wp-content\\\/uploads\\\/2023\\\/04\\\/30_05-161-foto-Teresa-Isasi.jpg\"},{\"@type\":\"BreadcrumbList\",\"@id\":\"https:\\\/\\\/tirinha.com\\\/1118\\\/terceira-jornada-sobre-o-artesanato-cinematografico-em-las-palmas-de-gran-canaria\\\/#breadcrumb\",\"itemListElement\":[{\"@type\":\"ListItem\",\"position\":1,\"name\":\"Home\",\"item\":\"https:\\\/\\\/tirinha.com\\\/\"},{\"@type\":\"ListItem\",\"position\":2,\"name\":\"Terceira Jornada sobre o Artesanato Cinematogr\u00e1fico em Las Palmas de Gran Canaria\"}]},{\"@type\":\"WebSite\",\"@id\":\"https:\\\/\\\/tirinha.com\\\/#website\",\"url\":\"https:\\\/\\\/tirinha.com\\\/\",\"name\":\"Tirinha.com\",\"description\":\"Arte e livros resenhas\",\"publisher\":{\"@id\":\"https:\\\/\\\/tirinha.com\\\/#organization\"},\"potentialAction\":[{\"@type\":\"SearchAction\",\"target\":{\"@type\":\"EntryPoint\",\"urlTemplate\":\"https:\\\/\\\/tirinha.com\\\/?s={search_term_string}\"},\"query-input\":{\"@type\":\"PropertyValueSpecification\",\"valueRequired\":true,\"valueName\":\"search_term_string\"}}],\"inLanguage\":\"hr\"},{\"@type\":\"Organization\",\"@id\":\"https:\\\/\\\/tirinha.com\\\/#organization\",\"name\":\"Tirinha.com\",\"url\":\"https:\\\/\\\/tirinha.com\\\/\",\"logo\":{\"@type\":\"ImageObject\",\"inLanguage\":\"hr\",\"@id\":\"https:\\\/\\\/tirinha.com\\\/#\\\/schema\\\/logo\\\/image\\\/\",\"url\":\"https:\\\/\\\/tirinha.com\\\/wp-content\\\/uploads\\\/2023\\\/08\\\/cropped-Logo-Tirinha.webp\",\"contentUrl\":\"https:\\\/\\\/tirinha.com\\\/wp-content\\\/uploads\\\/2023\\\/08\\\/cropped-Logo-Tirinha.webp\",\"width\":512,\"height\":512,\"caption\":\"Tirinha.com\"},\"image\":{\"@id\":\"https:\\\/\\\/tirinha.com\\\/#\\\/schema\\\/logo\\\/image\\\/\"}},{\"@type\":\"Person\",\"@id\":\"https:\\\/\\\/tirinha.com\\\/#\\\/schema\\\/person\\\/e22bdfbe17e0461f7e927e6a1208d4d9\",\"name\":\"admin\",\"image\":{\"@type\":\"ImageObject\",\"inLanguage\":\"hr\",\"@id\":\"https:\\\/\\\/tirinha.com\\\/wp-content\\\/litespeed\\\/avatar\\\/d0068f7931cc87d7274eb0c3db1deb4b.jpg?ver=1776829466\",\"url\":\"https:\\\/\\\/tirinha.com\\\/wp-content\\\/litespeed\\\/avatar\\\/d0068f7931cc87d7274eb0c3db1deb4b.jpg?ver=1776829466\",\"contentUrl\":\"https:\\\/\\\/tirinha.com\\\/wp-content\\\/litespeed\\\/avatar\\\/d0068f7931cc87d7274eb0c3db1deb4b.jpg?ver=1776829466\",\"caption\":\"admin\"},\"sameAs\":[\"https:\\\/\\\/tirinha.com\"],\"url\":\"https:\\\/\\\/tirinha.com\\\/hr\\\/author\\\/admin\\\/\"}]}<\/script>\n<!-- \/ Yoast SEO plugin. -->","yoast_head_json":{"title":"Terceira Jornada sobre o Artesanato Cinematogr\u00e1fico em Las Palmas de Gran Canaria - Tirinha.com","robots":{"index":"index","follow":"follow","max-snippet":"max-snippet:-1","max-image-preview":"max-image-preview:large","max-video-preview":"max-video-preview:-1"},"canonical":"https:\/\/tirinha.com\/hr\/1118\/terceira-jornada-sobre-o-artesanato-cinematografico-em-las-palmas-de-gran-canaria\/","og_locale":"hr_HR","og_type":"article","og_title":"Terceira Jornada sobre o Artesanato Cinematogr\u00e1fico em Las Palmas de Gran Canaria - Tirinha.com","og_description":"O encontro com grandes nomes do cinema espanhol volta mais um ano ao marco do Festival de Cinema da capital &hellip;","og_url":"https:\/\/tirinha.com\/hr\/1118\/terceira-jornada-sobre-o-artesanato-cinematografico-em-las-palmas-de-gran-canaria\/","og_site_name":"Tirinha.com","article_published_time":"2023-04-11T11:34:46+00:00","og_image":[{"url":"https:\/\/elgeneracionalpost.com\/wp-content\/uploads\/2023\/04\/30_05-161-foto-Teresa-Isasi.jpg","type":"","width":"","height":""}],"author":"admin","twitter_card":"summary_large_image","twitter_image":"https:\/\/elgeneracionalpost.com\/wp-content\/uploads\/2023\/04\/30_05-161-foto-Teresa-Isasi.jpg","twitter_misc":{"Napisao\/la":"admin","Procijenjeno vrijeme \u010ditanja":"5 minuta"},"schema":{"@context":"https:\/\/schema.org","@graph":[{"@type":"Article","@id":"https:\/\/tirinha.com\/1118\/terceira-jornada-sobre-o-artesanato-cinematografico-em-las-palmas-de-gran-canaria\/#article","isPartOf":{"@id":"https:\/\/tirinha.com\/1118\/terceira-jornada-sobre-o-artesanato-cinematografico-em-las-palmas-de-gran-canaria\/"},"author":{"name":"admin","@id":"https:\/\/tirinha.com\/#\/schema\/person\/e22bdfbe17e0461f7e927e6a1208d4d9"},"headline":"Terceira Jornada sobre o Artesanato Cinematogr\u00e1fico em Las Palmas de Gran Canaria","datePublished":"2023-04-11T11:34:46+00:00","mainEntityOfPage":{"@id":"https:\/\/tirinha.com\/1118\/terceira-jornada-sobre-o-artesanato-cinematografico-em-las-palmas-de-gran-canaria\/"},"wordCount":1084,"commentCount":0,"publisher":{"@id":"https:\/\/tirinha.com\/#organization"},"image":{"@id":"https:\/\/tirinha.com\/1118\/terceira-jornada-sobre-o-artesanato-cinematografico-em-las-palmas-de-gran-canaria\/#primaryimage"},"thumbnailUrl":"https:\/\/elgeneracionalpost.com\/wp-content\/uploads\/2023\/04\/30_05-161-foto-Teresa-Isasi.jpg","articleSection":["Cultura e lazer"],"inLanguage":"hr","potentialAction":[{"@type":"CommentAction","name":"Comment","target":["https:\/\/tirinha.com\/1118\/terceira-jornada-sobre-o-artesanato-cinematografico-em-las-palmas-de-gran-canaria\/#respond"]}]},{"@type":"WebPage","@id":"https:\/\/tirinha.com\/1118\/terceira-jornada-sobre-o-artesanato-cinematografico-em-las-palmas-de-gran-canaria\/","url":"https:\/\/tirinha.com\/1118\/terceira-jornada-sobre-o-artesanato-cinematografico-em-las-palmas-de-gran-canaria\/","name":"Terceira Jornada sobre o Artesanato Cinematogr\u00e1fico em Las Palmas de Gran Canaria - Tirinha.com","isPartOf":{"@id":"https:\/\/tirinha.com\/#website"},"primaryImageOfPage":{"@id":"https:\/\/tirinha.com\/1118\/terceira-jornada-sobre-o-artesanato-cinematografico-em-las-palmas-de-gran-canaria\/#primaryimage"},"image":{"@id":"https:\/\/tirinha.com\/1118\/terceira-jornada-sobre-o-artesanato-cinematografico-em-las-palmas-de-gran-canaria\/#primaryimage"},"thumbnailUrl":"https:\/\/elgeneracionalpost.com\/wp-content\/uploads\/2023\/04\/30_05-161-foto-Teresa-Isasi.jpg","datePublished":"2023-04-11T11:34:46+00:00","breadcrumb":{"@id":"https:\/\/tirinha.com\/1118\/terceira-jornada-sobre-o-artesanato-cinematografico-em-las-palmas-de-gran-canaria\/#breadcrumb"},"inLanguage":"hr","potentialAction":[{"@type":"ReadAction","target":["https:\/\/tirinha.com\/1118\/terceira-jornada-sobre-o-artesanato-cinematografico-em-las-palmas-de-gran-canaria\/"]}]},{"@type":"ImageObject","inLanguage":"hr","@id":"https:\/\/tirinha.com\/1118\/terceira-jornada-sobre-o-artesanato-cinematografico-em-las-palmas-de-gran-canaria\/#primaryimage","url":"https:\/\/elgeneracionalpost.com\/wp-content\/uploads\/2023\/04\/30_05-161-foto-Teresa-Isasi.jpg","contentUrl":"https:\/\/elgeneracionalpost.com\/wp-content\/uploads\/2023\/04\/30_05-161-foto-Teresa-Isasi.jpg"},{"@type":"BreadcrumbList","@id":"https:\/\/tirinha.com\/1118\/terceira-jornada-sobre-o-artesanato-cinematografico-em-las-palmas-de-gran-canaria\/#breadcrumb","itemListElement":[{"@type":"ListItem","position":1,"name":"Home","item":"https:\/\/tirinha.com\/"},{"@type":"ListItem","position":2,"name":"Terceira Jornada sobre o Artesanato Cinematogr\u00e1fico em Las Palmas de Gran Canaria"}]},{"@type":"WebSite","@id":"https:\/\/tirinha.com\/#website","url":"https:\/\/tirinha.com\/","name":"Stripovi.com","description":"Prikazi umjetnosti i knjiga","publisher":{"@id":"https:\/\/tirinha.com\/#organization"},"potentialAction":[{"@type":"SearchAction","target":{"@type":"EntryPoint","urlTemplate":"https:\/\/tirinha.com\/?s={search_term_string}"},"query-input":{"@type":"PropertyValueSpecification","valueRequired":true,"valueName":"search_term_string"}}],"inLanguage":"hr"},{"@type":"Organization","@id":"https:\/\/tirinha.com\/#organization","name":"Stripovi.com","url":"https:\/\/tirinha.com\/","logo":{"@type":"ImageObject","inLanguage":"hr","@id":"https:\/\/tirinha.com\/#\/schema\/logo\/image\/","url":"https:\/\/tirinha.com\/wp-content\/uploads\/2023\/08\/cropped-Logo-Tirinha.webp","contentUrl":"https:\/\/tirinha.com\/wp-content\/uploads\/2023\/08\/cropped-Logo-Tirinha.webp","width":512,"height":512,"caption":"Tirinha.com"},"image":{"@id":"https:\/\/tirinha.com\/#\/schema\/logo\/image\/"}},{"@type":"Person","@id":"https:\/\/tirinha.com\/#\/schema\/person\/e22bdfbe17e0461f7e927e6a1208d4d9","name":"admin","image":{"@type":"ImageObject","inLanguage":"hr","@id":"https:\/\/tirinha.com\/wp-content\/litespeed\/avatar\/d0068f7931cc87d7274eb0c3db1deb4b.jpg?ver=1776829466","url":"https:\/\/tirinha.com\/wp-content\/litespeed\/avatar\/d0068f7931cc87d7274eb0c3db1deb4b.jpg?ver=1776829466","contentUrl":"https:\/\/tirinha.com\/wp-content\/litespeed\/avatar\/d0068f7931cc87d7274eb0c3db1deb4b.jpg?ver=1776829466","caption":"admin"},"sameAs":["https:\/\/tirinha.com"],"url":"https:\/\/tirinha.com\/hr\/author\/admin\/"}]}},"_links":{"self":[{"href":"https:\/\/tirinha.com\/hr\/wp-json\/wp\/v2\/posts\/1118","targetHints":{"allow":["GET"]}}],"collection":[{"href":"https:\/\/tirinha.com\/hr\/wp-json\/wp\/v2\/posts"}],"about":[{"href":"https:\/\/tirinha.com\/hr\/wp-json\/wp\/v2\/types\/post"}],"author":[{"embeddable":true,"href":"https:\/\/tirinha.com\/hr\/wp-json\/wp\/v2\/users\/1"}],"replies":[{"embeddable":true,"href":"https:\/\/tirinha.com\/hr\/wp-json\/wp\/v2\/comments?post=1118"}],"version-history":[{"count":0,"href":"https:\/\/tirinha.com\/hr\/wp-json\/wp\/v2\/posts\/1118\/revisions"}],"wp:featuredmedia":[{"embeddable":true,"href":"https:\/\/tirinha.com\/hr\/wp-json\/wp\/v2\/media\/1119"}],"wp:attachment":[{"href":"https:\/\/tirinha.com\/hr\/wp-json\/wp\/v2\/media?parent=1118"}],"wp:term":[{"taxonomy":"category","embeddable":true,"href":"https:\/\/tirinha.com\/hr\/wp-json\/wp\/v2\/categories?post=1118"},{"taxonomy":"post_tag","embeddable":true,"href":"https:\/\/tirinha.com\/hr\/wp-json\/wp\/v2\/tags?post=1118"}],"curies":[{"name":"radni list","href":"https:\/\/api.w.org\/{rel}","templated":true}]}}