{"id":1074,"date":"2023-04-05T17:04:02","date_gmt":"2023-04-05T17:04:02","guid":{"rendered":"https:\/\/tirinha.com\/furia-na-comunidade-latina-por-declaracoes-supostamente-xenofobas-de-pique\/"},"modified":"2023-04-05T17:04:02","modified_gmt":"2023-04-05T17:04:02","slug":"bijes-u-latino-zajednici-zbog-piqueovih-navodno-ksenofobnih-izjava","status":"publish","type":"post","link":"https:\/\/tirinha.com\/hr\/1074\/furia-na-comunidade-latina-por-declaracoes-supostamente-xenofobas-de-pique\/","title":{"rendered":"Bijes u latino zajednici zbog Piqu\u00e9ovih navodno ksenofobnih izjava"},"content":{"rendered":"<p><\/p>\n<div data-td-block-uid=\"tdi_70\">\n<div class=\"tdb-block-inner td-fix-index\">\n<figure style=\"width: 910px\" class=\"wp-caption aligncenter\"><img fetchpriority=\"high\" decoding=\"async\" src=\"https:\/\/i0.wp.com\/cloudfront-us-east-1.images.arcpublishing.com\/infobae\/K6J3LR4XGNBRDHYXUAFYJJEWHM.jpg?resize=696%2C335&amp;ssl=1\" alt=\"\" width=\"696\" height=\"335\" data-recalc-dims=\"1\" data-lazy-src=\"https:\/\/i0.wp.com\/cloudfront-us-east-1.images.arcpublishing.com\/infobae\/K6J3LR4XGNBRDHYXUAFYJJEWHM.jpg?resize=696%2C335&amp;is-pending-load=1#038;ssl=1\" srcset=\"data:image\/gif;base64,R0lGODlhAQABAIAAAAAAAP\/\/\/yH5BAEAAAAALAAAAAABAAEAAAIBRAA7\" class=\"jetpack-lazy-image\"\/><noscript><img data-lazy-fallback=\"1\" decoding=\"async\" src=\"https:\/\/i0.wp.com\/cloudfront-us-east-1.images.arcpublishing.com\/infobae\/K6J3LR4XGNBRDHYXUAFYJJEWHM.jpg?resize=696%2C335&amp;ssl=1\" alt=\"\" width=\"696\" height=\"335\" data-recalc-dims=\"1\"\/><\/noscript><figcaption class=\"wp-caption-text\">Shakirin tweet izra\u017eava njezin ponos \u0161to je Latinoamerikanka. Izvor: infobae<\/figcaption><\/figure>\n<p><strong>Biv\u0161i nogometa\u0161 Gerard Piqu\u00e9 razbjesnio je mnoge na dru\u0161tvenim mre\u017eama nakon objave intervjua u kojem je spomenuo da je njegova biv\u0161a partnerica (Shakira) Latinoamerikanka, zbog \u010dega su ga ljudi koji su njezini be\u017eivotni obo\u017eavatelji napali online, \u0161to se \u010dini kao ksenofobi\u010dan komentar protiv Latinoamerikanaca. <\/strong><\/p>\n<p>neki <strong>odvajanja<\/strong> slavnih je bilo tako <strong>kontroverzno<\/strong> U posljednje vrijeme poput kolumbijske pjeva\u010dice Shakire i biv\u0161eg \u0161panjolskog nogometa\u0161a Gerarda Piqu\u00e9a. S obzirom na veliku zajednicu obo\u017eavatelja koje je Shakira stekla tijekom desetlje\u0107a duge karijere, njezin biv\u0161i partner bio je meta <strong>o\u0161tra kritika<\/strong> otkako se po\u010delo govoriti da je razlog prekida bila navodna nevjera sporta\u0161a.<\/p>\n<p>Nije u\u010dinio ni\u0161ta osim \u0161to je nedavno nastavio primati kritike nakon \u0161to je objavio intervju s novinarom Gerardom Romerom u kojem se Piqu\u00e9 \u017eali, nakon \u0161to je usputno spomenuo da <strong>va\u0161 partner je latinoamerikanac<\/strong>da mnogi njegovi obo\u017eavatelji koji <strong>&quot;oni nemaju \u017eivot&quot;<\/strong> Posvetili su se napadima na njega na dru\u0161tvenim mre\u017eama. Ova je izjava izazvala brojne reakcije, ponajvi\u0161e Latinoamerikanaca koji su ga optu\u017eili da je ksenofob i rasist, budu\u0107i da ne\u010dija nacionalnost nema nikakve veze s time mo\u017ee li se gubiti vrijeme na \u201cbljuvanje mr\u017enje\u201d na internetu.<\/p>\n<p>Kao navodni odgovor na ovo, sada samac <strong>kolumbijski umjetnik<\/strong> objavio je tweet ubrzo nakon toga slave\u0107i \u0161to <strong>Ponosan \u0161to sam \u201cLatinoamerikanac\u201d<\/strong>. I, kao \u0161to se o\u010dekivalo, tisu\u0107e korisnika javilo se u svojoj podr\u0161ci i kritici Piqu\u00e9a, gdje su se tako\u0111er po\u010deli pojavljivati slu\u010dajevi Latinoamerikanaca koji su se po\u010deli \u017ealiti na osobna iskustva u kojima su bili \u017ertve <strong>ksenofobi\u010dnim komentarima<\/strong> protiv Latinoamerikanaca ili koji reproduciraju diskurs europske superiornosti nad Latinoamerikancima mije\u0161ane rase. Tako je u slu\u010daju zabave mogu\u0107e nazreti dru\u0161tvene probleme koji u globaliziranom svijetu ne bi smjeli postojati; posebno kada je rije\u010d o napetostima izme\u0111u dviju regija koje ne samo da dijele mnogo toga, ve\u0107 su jedna drugu potrebnije nego ikad.<\/p>\n<figure id=\"attachment_84803\" aria-describedby=\"caption-attachment-84803\" style=\"width: 1271px\" class=\"wp-caption aligncenter\"><img data-attachment-id=\"84803\" data-permalink=\"https:\/\/elgeneracionalpost.com\/cultura\/2023\/0405\/84788\/furia-entre-la-comunidad-latina-por-declaraciones-de-pique-presuntamente-xenofobas.html\/attachment\/screenshot-2023-04-03-23-57-09\" data-orig-file=\"https:\/\/i0.wp.com\/elgeneracionalpost.com\/wp-content\/uploads\/2023\/04\/Screenshot-2023-04-03-23.57.09.png?fit=1271%2C707&amp;ssl=1\" data-orig-size=\"1271,707\" data-comments-opened=\"0\" data-image-meta=\"{&quot;aperture&quot;:&quot;0&quot;,&quot;credit&quot;:&quot;&quot;,&quot;camera&quot;:&quot;&quot;,&quot;caption&quot;:&quot;&quot;,&quot;created_timestamp&quot;:&quot;0&quot;,&quot;copyright&quot;:&quot;&quot;,&quot;focal_length&quot;:&quot;0&quot;,&quot;iso&quot;:&quot;0&quot;,&quot;shutter_speed&quot;:&quot;0&quot;,&quot;title&quot;:&quot;&quot;,&quot;orientation&quot;:&quot;0&quot;}\" data-image-title=\"Screenshot 2023-04-03 23.57.09\" data-image-description=\"&lt;p&gt;Piqu\u00e9 en entrevista con Gerard Romero&lt;\/p&gt;&#10;\" data-image-caption=\"\" data-medium-file=\"https:\/\/i0.wp.com\/elgeneracionalpost.com\/wp-content\/uploads\/2023\/04\/Screenshot-2023-04-03-23.57.09.png?fit=300%2C167&amp;ssl=1\" data-large-file=\"https:\/\/i0.wp.com\/elgeneracionalpost.com\/wp-content\/uploads\/2023\/04\/Screenshot-2023-04-03-23.57.09.png?fit=696%2C387&amp;ssl=1\" decoding=\"async\" class=\"wp-image-84803 size-full jetpack-lazy-image\" src=\"https:\/\/i0.wp.com\/elgeneracionalpost.com\/wp-content\/uploads\/2023\/04\/Screenshot-2023-04-03-23.57.09.png?resize=696%2C387&amp;ssl=1\" alt=\"\" width=\"696\" height=\"387\" data-recalc-dims=\"1\" data-lazy-srcset=\"https:\/\/i0.wp.com\/elgeneracionalpost.com\/wp-content\/uploads\/2023\/04\/Screenshot-2023-04-03-23.57.09.png?w=1271&amp;ssl=1 1271w, https:\/\/i0.wp.com\/elgeneracionalpost.com\/wp-content\/uploads\/2023\/04\/Screenshot-2023-04-03-23.57.09.png?resize=300%2C167&amp;ssl=1 300w, https:\/\/i0.wp.com\/elgeneracionalpost.com\/wp-content\/uploads\/2023\/04\/Screenshot-2023-04-03-23.57.09.png?resize=1024%2C570&amp;ssl=1 1024w, https:\/\/i0.wp.com\/elgeneracionalpost.com\/wp-content\/uploads\/2023\/04\/Screenshot-2023-04-03-23.57.09.png?resize=768%2C427&amp;ssl=1 768w, https:\/\/i0.wp.com\/elgeneracionalpost.com\/wp-content\/uploads\/2023\/04\/Screenshot-2023-04-03-23.57.09.png?resize=150%2C83&amp;ssl=1 150w, https:\/\/i0.wp.com\/elgeneracionalpost.com\/wp-content\/uploads\/2023\/04\/Screenshot-2023-04-03-23.57.09.png?resize=696%2C387&amp;ssl=1 696w, https:\/\/i0.wp.com\/elgeneracionalpost.com\/wp-content\/uploads\/2023\/04\/Screenshot-2023-04-03-23.57.09.png?resize=1068%2C594&amp;ssl=1 1068w\" data-lazy-sizes=\"(max-width: 696px) 100vw, 696px\" data-lazy-src=\"https:\/\/i0.wp.com\/elgeneracionalpost.com\/wp-content\/uploads\/2023\/04\/Screenshot-2023-04-03-23.57.09.png?resize=696%2C387&amp;is-pending-load=1#038;ssl=1\" srcset=\"data:image\/gif;base64,R0lGODlhAQABAIAAAAAAAP\/\/\/yH5BAEAAAAALAAAAAABAAEAAAIBRAA7\"\/><noscript><img loading=\"lazy\" data-lazy-fallback=\"1\" data-attachment-id=\"84803\" data-permalink=\"https:\/\/elgeneracionalpost.com\/cultura\/2023\/0405\/84788\/furia-entre-la-comunidad-latina-por-declaraciones-de-pique-presuntamente-xenofobas.html\/attachment\/screenshot-2023-04-03-23-57-09\" data-orig-file=\"https:\/\/i0.wp.com\/elgeneracionalpost.com\/wp-content\/uploads\/2023\/04\/Screenshot-2023-04-03-23.57.09.png?fit=1271%2C707&amp;ssl=1\" data-orig-size=\"1271,707\" data-comments-opened=\"0\" data-image-meta=\"{&quot;aperture&quot;:&quot;0&quot;,&quot;credit&quot;:&quot;&quot;,&quot;camera&quot;:&quot;&quot;,&quot;caption&quot;:&quot;&quot;,&quot;created_timestamp&quot;:&quot;0&quot;,&quot;copyright&quot;:&quot;&quot;,&quot;focal_length&quot;:&quot;0&quot;,&quot;iso&quot;:&quot;0&quot;,&quot;shutter_speed&quot;:&quot;0&quot;,&quot;title&quot;:&quot;&quot;,&quot;orientation&quot;:&quot;0&quot;}\" data-image-title=\"Screenshot 2023-04-03 23.57.09\" data-image-description=\"&lt;p&gt;Piqu\u00e9 en entrevista con Gerard Romero&lt;\/p&gt;&#10;\" data-image-caption=\"\" data-medium-file=\"https:\/\/i0.wp.com\/elgeneracionalpost.com\/wp-content\/uploads\/2023\/04\/Screenshot-2023-04-03-23.57.09.png?fit=300%2C167&amp;ssl=1\" data-large-file=\"https:\/\/i0.wp.com\/elgeneracionalpost.com\/wp-content\/uploads\/2023\/04\/Screenshot-2023-04-03-23.57.09.png?fit=696%2C387&amp;ssl=1\" decoding=\"async\" class=\"wp-image-84803 size-full\" src=\"https:\/\/i0.wp.com\/elgeneracionalpost.com\/wp-content\/uploads\/2023\/04\/Screenshot-2023-04-03-23.57.09.png?resize=696%2C387&amp;ssl=1\" alt=\"\" width=\"696\" height=\"387\" srcset=\"https:\/\/i0.wp.com\/elgeneracionalpost.com\/wp-content\/uploads\/2023\/04\/Screenshot-2023-04-03-23.57.09.png?w=1271&amp;ssl=1 1271w, https:\/\/i0.wp.com\/elgeneracionalpost.com\/wp-content\/uploads\/2023\/04\/Screenshot-2023-04-03-23.57.09.png?resize=300%2C167&amp;ssl=1 300w, https:\/\/i0.wp.com\/elgeneracionalpost.com\/wp-content\/uploads\/2023\/04\/Screenshot-2023-04-03-23.57.09.png?resize=1024%2C570&amp;ssl=1 1024w, https:\/\/i0.wp.com\/elgeneracionalpost.com\/wp-content\/uploads\/2023\/04\/Screenshot-2023-04-03-23.57.09.png?resize=768%2C427&amp;ssl=1 768w, https:\/\/i0.wp.com\/elgeneracionalpost.com\/wp-content\/uploads\/2023\/04\/Screenshot-2023-04-03-23.57.09.png?resize=150%2C83&amp;ssl=1 150w, https:\/\/i0.wp.com\/elgeneracionalpost.com\/wp-content\/uploads\/2023\/04\/Screenshot-2023-04-03-23.57.09.png?resize=696%2C387&amp;ssl=1 696w, https:\/\/i0.wp.com\/elgeneracionalpost.com\/wp-content\/uploads\/2023\/04\/Screenshot-2023-04-03-23.57.09.png?resize=1068%2C594&amp;ssl=1 1068w\" sizes=\"auto, (max-width: 696px) 100vw, 696px\" data-recalc-dims=\"1\"\/><\/noscript><figcaption id=\"caption-attachment-84803\" class=\"wp-caption-text\">Gerard Piqu\u00e9 u intervjuu s Gerardom Romerom. Izvor: YouTube kanal Gerarda Romera<\/figcaption><\/figure>\n<div class=\"sharedaddy sd-block sd-like jetpack-likes-widget-wrapper jetpack-likes-widget-unloaded\" id=\"like-post-wrapper-153844979-84788-642da9b53463f\" data-src=\"https:\/\/widgets.wp.com\/likes\/#blog_id=153844979&amp;post_id=84788&amp;origin=elgeneracionalpost.com&amp;obj_id=153844979-84788-642da9b53463f\" data-name=\"like-post-frame-153844979-84788-642da9b53463f\" data-title=\"Me gusta o Compartir\">\n<h3 class=\"sd-title\">svi\u0111a mi se ovo:<\/h3>\n<p><span class=\"button\"><span>ja volim<\/span><\/span> <span class=\"loading\">U\u010ditavam\u2026<\/span><\/p>\n<p><span class=\"sd-text-color\"\/><\/div>\n<p><h3 class=\"jp-relatedposts-headline\"><em>Povezano<\/em><\/h3>\n<\/p>\n<\/div>\n<\/div>","protected":false},"excerpt":{"rendered":"<p>Shakirin tweet izra\u017eava njezin ponos \u0161to je Latinoamerikanka. Izvor: infobae See More Biv\u0161i nogometa\u0161 Gerard Piqu\u00e9 \u2026 <\/p>","protected":false},"author":1,"featured_media":1075,"comment_status":"open","ping_status":"open","sticky":false,"template":"","format":"standard","meta":{"fifu_image_url":"https:\/\/elgeneracionalpost.com\/wp-content\/uploads\/2023\/04\/Screenshot-2023-04-03-23.57.09.png","fifu_image_alt":"","footnotes":""},"categories":[35],"tags":[],"class_list":["post-1074","post","type-post","status-publish","format-standard","has-post-thumbnail","hentry","category-cultura-e-lazer","latest_post"],"yoast_head":"<!-- This site is optimized with the Yoast SEO plugin v27.3 - https:\/\/yoast.com\/product\/yoast-seo-wordpress\/ -->\n<title>F\u00faria na comunidade latina por declara\u00e7\u00f5es supostamente xen\u00f3fobas de Piqu\u00e9 - Tirinha.com<\/title>\n<meta name=\"robots\" content=\"index, follow, max-snippet:-1, max-image-preview:large, max-video-preview:-1\" \/>\n<link rel=\"canonical\" href=\"https:\/\/tirinha.com\/hr\/1074\/bijes-u-latino-zajednici-zbog-piqueovih-navodno-ksenofobnih-izjava\/\" \/>\n<meta property=\"og:locale\" content=\"hr_HR\" \/>\n<meta property=\"og:type\" content=\"article\" \/>\n<meta property=\"og:title\" content=\"F\u00faria na comunidade latina por declara\u00e7\u00f5es supostamente xen\u00f3fobas de Piqu\u00e9 - Tirinha.com\" \/>\n<meta property=\"og:description\" content=\"O tweet de Shakira expressando seu orgulho de ser latino-americana. Fonte: infobae See More O ex-jogador de futebol Gerard Piqu\u00e9 &hellip;\" \/>\n<meta property=\"og:url\" content=\"https:\/\/tirinha.com\/hr\/1074\/bijes-u-latino-zajednici-zbog-piqueovih-navodno-ksenofobnih-izjava\/\" \/>\n<meta property=\"og:site_name\" content=\"Tirinha.com\" \/>\n<meta property=\"article:published_time\" content=\"2023-04-05T17:04:02+00:00\" \/>\n<meta property=\"og:image\" content=\"https:\/\/elgeneracionalpost.com\/wp-content\/uploads\/2023\/04\/Screenshot-2023-04-03-23.57.09.png\" \/>\n<meta name=\"author\" content=\"admin\" \/>\n<meta name=\"twitter:card\" content=\"summary_large_image\" \/>\n<meta name=\"twitter:image\" content=\"https:\/\/elgeneracionalpost.com\/wp-content\/uploads\/2023\/04\/Screenshot-2023-04-03-23.57.09.png\" \/>\n<meta name=\"twitter:label1\" content=\"Napisao\/la\" \/>\n\t<meta name=\"twitter:data1\" content=\"admin\" \/>\n\t<meta name=\"twitter:label2\" content=\"Procijenjeno vrijeme \u010ditanja\" \/>\n\t<meta name=\"twitter:data2\" content=\"2 minute\" \/>\n<script type=\"application\/ld+json\" class=\"yoast-schema-graph\">{\"@context\":\"https:\\\/\\\/schema.org\",\"@graph\":[{\"@type\":\"Article\",\"@id\":\"https:\\\/\\\/tirinha.com\\\/1074\\\/furia-na-comunidade-latina-por-declaracoes-supostamente-xenofobas-de-pique\\\/#article\",\"isPartOf\":{\"@id\":\"https:\\\/\\\/tirinha.com\\\/1074\\\/furia-na-comunidade-latina-por-declaracoes-supostamente-xenofobas-de-pique\\\/\"},\"author\":{\"name\":\"admin\",\"@id\":\"https:\\\/\\\/tirinha.com\\\/#\\\/schema\\\/person\\\/e22bdfbe17e0461f7e927e6a1208d4d9\"},\"headline\":\"F\u00faria na comunidade latina por declara\u00e7\u00f5es supostamente xen\u00f3fobas de Piqu\u00e9\",\"datePublished\":\"2023-04-05T17:04:02+00:00\",\"mainEntityOfPage\":{\"@id\":\"https:\\\/\\\/tirinha.com\\\/1074\\\/furia-na-comunidade-latina-por-declaracoes-supostamente-xenofobas-de-pique\\\/\"},\"wordCount\":404,\"commentCount\":0,\"publisher\":{\"@id\":\"https:\\\/\\\/tirinha.com\\\/#organization\"},\"image\":{\"@id\":\"https:\\\/\\\/tirinha.com\\\/1074\\\/furia-na-comunidade-latina-por-declaracoes-supostamente-xenofobas-de-pique\\\/#primaryimage\"},\"thumbnailUrl\":\"https:\\\/\\\/elgeneracionalpost.com\\\/wp-content\\\/uploads\\\/2023\\\/04\\\/Screenshot-2023-04-03-23.57.09.png\",\"articleSection\":[\"Cultura e lazer\"],\"inLanguage\":\"hr\",\"potentialAction\":[{\"@type\":\"CommentAction\",\"name\":\"Comment\",\"target\":[\"https:\\\/\\\/tirinha.com\\\/1074\\\/furia-na-comunidade-latina-por-declaracoes-supostamente-xenofobas-de-pique\\\/#respond\"]}]},{\"@type\":\"WebPage\",\"@id\":\"https:\\\/\\\/tirinha.com\\\/1074\\\/furia-na-comunidade-latina-por-declaracoes-supostamente-xenofobas-de-pique\\\/\",\"url\":\"https:\\\/\\\/tirinha.com\\\/1074\\\/furia-na-comunidade-latina-por-declaracoes-supostamente-xenofobas-de-pique\\\/\",\"name\":\"F\u00faria na comunidade latina por declara\u00e7\u00f5es supostamente xen\u00f3fobas de Piqu\u00e9 - Tirinha.com\",\"isPartOf\":{\"@id\":\"https:\\\/\\\/tirinha.com\\\/#website\"},\"primaryImageOfPage\":{\"@id\":\"https:\\\/\\\/tirinha.com\\\/1074\\\/furia-na-comunidade-latina-por-declaracoes-supostamente-xenofobas-de-pique\\\/#primaryimage\"},\"image\":{\"@id\":\"https:\\\/\\\/tirinha.com\\\/1074\\\/furia-na-comunidade-latina-por-declaracoes-supostamente-xenofobas-de-pique\\\/#primaryimage\"},\"thumbnailUrl\":\"https:\\\/\\\/elgeneracionalpost.com\\\/wp-content\\\/uploads\\\/2023\\\/04\\\/Screenshot-2023-04-03-23.57.09.png\",\"datePublished\":\"2023-04-05T17:04:02+00:00\",\"breadcrumb\":{\"@id\":\"https:\\\/\\\/tirinha.com\\\/1074\\\/furia-na-comunidade-latina-por-declaracoes-supostamente-xenofobas-de-pique\\\/#breadcrumb\"},\"inLanguage\":\"hr\",\"potentialAction\":[{\"@type\":\"ReadAction\",\"target\":[\"https:\\\/\\\/tirinha.com\\\/1074\\\/furia-na-comunidade-latina-por-declaracoes-supostamente-xenofobas-de-pique\\\/\"]}]},{\"@type\":\"ImageObject\",\"inLanguage\":\"hr\",\"@id\":\"https:\\\/\\\/tirinha.com\\\/1074\\\/furia-na-comunidade-latina-por-declaracoes-supostamente-xenofobas-de-pique\\\/#primaryimage\",\"url\":\"https:\\\/\\\/elgeneracionalpost.com\\\/wp-content\\\/uploads\\\/2023\\\/04\\\/Screenshot-2023-04-03-23.57.09.png\",\"contentUrl\":\"https:\\\/\\\/elgeneracionalpost.com\\\/wp-content\\\/uploads\\\/2023\\\/04\\\/Screenshot-2023-04-03-23.57.09.png\"},{\"@type\":\"BreadcrumbList\",\"@id\":\"https:\\\/\\\/tirinha.com\\\/1074\\\/furia-na-comunidade-latina-por-declaracoes-supostamente-xenofobas-de-pique\\\/#breadcrumb\",\"itemListElement\":[{\"@type\":\"ListItem\",\"position\":1,\"name\":\"Home\",\"item\":\"https:\\\/\\\/tirinha.com\\\/\"},{\"@type\":\"ListItem\",\"position\":2,\"name\":\"F\u00faria na comunidade latina por declara\u00e7\u00f5es supostamente xen\u00f3fobas de Piqu\u00e9\"}]},{\"@type\":\"WebSite\",\"@id\":\"https:\\\/\\\/tirinha.com\\\/#website\",\"url\":\"https:\\\/\\\/tirinha.com\\\/\",\"name\":\"Tirinha.com\",\"description\":\"Arte e livros resenhas\",\"publisher\":{\"@id\":\"https:\\\/\\\/tirinha.com\\\/#organization\"},\"potentialAction\":[{\"@type\":\"SearchAction\",\"target\":{\"@type\":\"EntryPoint\",\"urlTemplate\":\"https:\\\/\\\/tirinha.com\\\/?s={search_term_string}\"},\"query-input\":{\"@type\":\"PropertyValueSpecification\",\"valueRequired\":true,\"valueName\":\"search_term_string\"}}],\"inLanguage\":\"hr\"},{\"@type\":\"Organization\",\"@id\":\"https:\\\/\\\/tirinha.com\\\/#organization\",\"name\":\"Tirinha.com\",\"url\":\"https:\\\/\\\/tirinha.com\\\/\",\"logo\":{\"@type\":\"ImageObject\",\"inLanguage\":\"hr\",\"@id\":\"https:\\\/\\\/tirinha.com\\\/#\\\/schema\\\/logo\\\/image\\\/\",\"url\":\"https:\\\/\\\/tirinha.com\\\/wp-content\\\/uploads\\\/2023\\\/08\\\/cropped-Logo-Tirinha.webp\",\"contentUrl\":\"https:\\\/\\\/tirinha.com\\\/wp-content\\\/uploads\\\/2023\\\/08\\\/cropped-Logo-Tirinha.webp\",\"width\":512,\"height\":512,\"caption\":\"Tirinha.com\"},\"image\":{\"@id\":\"https:\\\/\\\/tirinha.com\\\/#\\\/schema\\\/logo\\\/image\\\/\"}},{\"@type\":\"Person\",\"@id\":\"https:\\\/\\\/tirinha.com\\\/#\\\/schema\\\/person\\\/e22bdfbe17e0461f7e927e6a1208d4d9\",\"name\":\"admin\",\"image\":{\"@type\":\"ImageObject\",\"inLanguage\":\"hr\",\"@id\":\"https:\\\/\\\/tirinha.com\\\/wp-content\\\/litespeed\\\/avatar\\\/d0068f7931cc87d7274eb0c3db1deb4b.jpg?ver=1776829466\",\"url\":\"https:\\\/\\\/tirinha.com\\\/wp-content\\\/litespeed\\\/avatar\\\/d0068f7931cc87d7274eb0c3db1deb4b.jpg?ver=1776829466\",\"contentUrl\":\"https:\\\/\\\/tirinha.com\\\/wp-content\\\/litespeed\\\/avatar\\\/d0068f7931cc87d7274eb0c3db1deb4b.jpg?ver=1776829466\",\"caption\":\"admin\"},\"sameAs\":[\"https:\\\/\\\/tirinha.com\"],\"url\":\"https:\\\/\\\/tirinha.com\\\/hr\\\/author\\\/admin\\\/\"}]}<\/script>\n<!-- \/ Yoast SEO plugin. -->","yoast_head_json":{"title":"Bijes u latino zajednici zbog Piqu\u00e9ovih navodno ksenofobnih izjava - Tirinha.com","robots":{"index":"index","follow":"follow","max-snippet":"max-snippet:-1","max-image-preview":"max-image-preview:large","max-video-preview":"max-video-preview:-1"},"canonical":"https:\/\/tirinha.com\/hr\/1074\/bijes-u-latino-zajednici-zbog-piqueovih-navodno-ksenofobnih-izjava\/","og_locale":"hr_HR","og_type":"article","og_title":"F\u00faria na comunidade latina por declara\u00e7\u00f5es supostamente xen\u00f3fobas de Piqu\u00e9 - Tirinha.com","og_description":"O tweet de Shakira expressando seu orgulho de ser latino-americana. Fonte: infobae See More O ex-jogador de futebol Gerard Piqu\u00e9 &hellip;","og_url":"https:\/\/tirinha.com\/hr\/1074\/bijes-u-latino-zajednici-zbog-piqueovih-navodno-ksenofobnih-izjava\/","og_site_name":"Tirinha.com","article_published_time":"2023-04-05T17:04:02+00:00","og_image":[{"url":"https:\/\/elgeneracionalpost.com\/wp-content\/uploads\/2023\/04\/Screenshot-2023-04-03-23.57.09.png","type":"","width":"","height":""}],"author":"admin","twitter_card":"summary_large_image","twitter_image":"https:\/\/elgeneracionalpost.com\/wp-content\/uploads\/2023\/04\/Screenshot-2023-04-03-23.57.09.png","twitter_misc":{"Napisao\/la":"admin","Procijenjeno vrijeme \u010ditanja":"2 minute"},"schema":{"@context":"https:\/\/schema.org","@graph":[{"@type":"Article","@id":"https:\/\/tirinha.com\/1074\/furia-na-comunidade-latina-por-declaracoes-supostamente-xenofobas-de-pique\/#article","isPartOf":{"@id":"https:\/\/tirinha.com\/1074\/furia-na-comunidade-latina-por-declaracoes-supostamente-xenofobas-de-pique\/"},"author":{"name":"admin","@id":"https:\/\/tirinha.com\/#\/schema\/person\/e22bdfbe17e0461f7e927e6a1208d4d9"},"headline":"F\u00faria na comunidade latina por declara\u00e7\u00f5es supostamente xen\u00f3fobas de Piqu\u00e9","datePublished":"2023-04-05T17:04:02+00:00","mainEntityOfPage":{"@id":"https:\/\/tirinha.com\/1074\/furia-na-comunidade-latina-por-declaracoes-supostamente-xenofobas-de-pique\/"},"wordCount":404,"commentCount":0,"publisher":{"@id":"https:\/\/tirinha.com\/#organization"},"image":{"@id":"https:\/\/tirinha.com\/1074\/furia-na-comunidade-latina-por-declaracoes-supostamente-xenofobas-de-pique\/#primaryimage"},"thumbnailUrl":"https:\/\/elgeneracionalpost.com\/wp-content\/uploads\/2023\/04\/Screenshot-2023-04-03-23.57.09.png","articleSection":["Cultura e lazer"],"inLanguage":"hr","potentialAction":[{"@type":"CommentAction","name":"Comment","target":["https:\/\/tirinha.com\/1074\/furia-na-comunidade-latina-por-declaracoes-supostamente-xenofobas-de-pique\/#respond"]}]},{"@type":"WebPage","@id":"https:\/\/tirinha.com\/1074\/furia-na-comunidade-latina-por-declaracoes-supostamente-xenofobas-de-pique\/","url":"https:\/\/tirinha.com\/1074\/furia-na-comunidade-latina-por-declaracoes-supostamente-xenofobas-de-pique\/","name":"Bijes u latino zajednici zbog Piqu\u00e9ovih navodno ksenofobnih izjava - Tirinha.com","isPartOf":{"@id":"https:\/\/tirinha.com\/#website"},"primaryImageOfPage":{"@id":"https:\/\/tirinha.com\/1074\/furia-na-comunidade-latina-por-declaracoes-supostamente-xenofobas-de-pique\/#primaryimage"},"image":{"@id":"https:\/\/tirinha.com\/1074\/furia-na-comunidade-latina-por-declaracoes-supostamente-xenofobas-de-pique\/#primaryimage"},"thumbnailUrl":"https:\/\/elgeneracionalpost.com\/wp-content\/uploads\/2023\/04\/Screenshot-2023-04-03-23.57.09.png","datePublished":"2023-04-05T17:04:02+00:00","breadcrumb":{"@id":"https:\/\/tirinha.com\/1074\/furia-na-comunidade-latina-por-declaracoes-supostamente-xenofobas-de-pique\/#breadcrumb"},"inLanguage":"hr","potentialAction":[{"@type":"ReadAction","target":["https:\/\/tirinha.com\/1074\/furia-na-comunidade-latina-por-declaracoes-supostamente-xenofobas-de-pique\/"]}]},{"@type":"ImageObject","inLanguage":"hr","@id":"https:\/\/tirinha.com\/1074\/furia-na-comunidade-latina-por-declaracoes-supostamente-xenofobas-de-pique\/#primaryimage","url":"https:\/\/elgeneracionalpost.com\/wp-content\/uploads\/2023\/04\/Screenshot-2023-04-03-23.57.09.png","contentUrl":"https:\/\/elgeneracionalpost.com\/wp-content\/uploads\/2023\/04\/Screenshot-2023-04-03-23.57.09.png"},{"@type":"BreadcrumbList","@id":"https:\/\/tirinha.com\/1074\/furia-na-comunidade-latina-por-declaracoes-supostamente-xenofobas-de-pique\/#breadcrumb","itemListElement":[{"@type":"ListItem","position":1,"name":"Home","item":"https:\/\/tirinha.com\/"},{"@type":"ListItem","position":2,"name":"F\u00faria na comunidade latina por declara\u00e7\u00f5es supostamente xen\u00f3fobas de Piqu\u00e9"}]},{"@type":"WebSite","@id":"https:\/\/tirinha.com\/#website","url":"https:\/\/tirinha.com\/","name":"Stripovi.com","description":"Prikazi umjetnosti i knjiga","publisher":{"@id":"https:\/\/tirinha.com\/#organization"},"potentialAction":[{"@type":"SearchAction","target":{"@type":"EntryPoint","urlTemplate":"https:\/\/tirinha.com\/?s={search_term_string}"},"query-input":{"@type":"PropertyValueSpecification","valueRequired":true,"valueName":"search_term_string"}}],"inLanguage":"hr"},{"@type":"Organization","@id":"https:\/\/tirinha.com\/#organization","name":"Stripovi.com","url":"https:\/\/tirinha.com\/","logo":{"@type":"ImageObject","inLanguage":"hr","@id":"https:\/\/tirinha.com\/#\/schema\/logo\/image\/","url":"https:\/\/tirinha.com\/wp-content\/uploads\/2023\/08\/cropped-Logo-Tirinha.webp","contentUrl":"https:\/\/tirinha.com\/wp-content\/uploads\/2023\/08\/cropped-Logo-Tirinha.webp","width":512,"height":512,"caption":"Tirinha.com"},"image":{"@id":"https:\/\/tirinha.com\/#\/schema\/logo\/image\/"}},{"@type":"Person","@id":"https:\/\/tirinha.com\/#\/schema\/person\/e22bdfbe17e0461f7e927e6a1208d4d9","name":"admin","image":{"@type":"ImageObject","inLanguage":"hr","@id":"https:\/\/tirinha.com\/wp-content\/litespeed\/avatar\/d0068f7931cc87d7274eb0c3db1deb4b.jpg?ver=1776829466","url":"https:\/\/tirinha.com\/wp-content\/litespeed\/avatar\/d0068f7931cc87d7274eb0c3db1deb4b.jpg?ver=1776829466","contentUrl":"https:\/\/tirinha.com\/wp-content\/litespeed\/avatar\/d0068f7931cc87d7274eb0c3db1deb4b.jpg?ver=1776829466","caption":"admin"},"sameAs":["https:\/\/tirinha.com"],"url":"https:\/\/tirinha.com\/hr\/author\/admin\/"}]}},"_links":{"self":[{"href":"https:\/\/tirinha.com\/hr\/wp-json\/wp\/v2\/posts\/1074","targetHints":{"allow":["GET"]}}],"collection":[{"href":"https:\/\/tirinha.com\/hr\/wp-json\/wp\/v2\/posts"}],"about":[{"href":"https:\/\/tirinha.com\/hr\/wp-json\/wp\/v2\/types\/post"}],"author":[{"embeddable":true,"href":"https:\/\/tirinha.com\/hr\/wp-json\/wp\/v2\/users\/1"}],"replies":[{"embeddable":true,"href":"https:\/\/tirinha.com\/hr\/wp-json\/wp\/v2\/comments?post=1074"}],"version-history":[{"count":0,"href":"https:\/\/tirinha.com\/hr\/wp-json\/wp\/v2\/posts\/1074\/revisions"}],"wp:featuredmedia":[{"embeddable":true,"href":"https:\/\/tirinha.com\/hr\/wp-json\/wp\/v2\/media\/1075"}],"wp:attachment":[{"href":"https:\/\/tirinha.com\/hr\/wp-json\/wp\/v2\/media?parent=1074"}],"wp:term":[{"taxonomy":"category","embeddable":true,"href":"https:\/\/tirinha.com\/hr\/wp-json\/wp\/v2\/categories?post=1074"},{"taxonomy":"post_tag","embeddable":true,"href":"https:\/\/tirinha.com\/hr\/wp-json\/wp\/v2\/tags?post=1074"}],"curies":[{"name":"radni list","href":"https:\/\/api.w.org\/{rel}","templated":true}]}}