{"id":1059,"date":"2023-04-05T10:35:05","date_gmt":"2023-04-05T10:35:05","guid":{"rendered":"https:\/\/tirinha.com\/mickey-e-minnie-comemoram-seu-90o-aniversario\/"},"modified":"2023-04-05T10:35:05","modified_gmt":"2023-04-05T10:35:05","slug":"mickey-i-minnie-slave-90-godisnjicu-braka","status":"publish","type":"post","link":"https:\/\/tirinha.com\/hr\/1059\/mickey-e-minnie-comemoram-seu-90o-aniversario\/","title":{"rendered":"Mickey i Minnie slave 90. ro\u0111endan"},"content":{"rendered":"<p><\/p>\n<div>\n<h3>Unato\u010d devedesetoj godini \u017eivota, dvojac glodavaca i dalje je u vrhunskoj formi, postav\u0161i ikona koju vole i djeca i odrasli.<\/h3>\n<p style=\"text-align:left;\">Pro\u0161log vikenda najpoznatiji Disneyjev mi\u0161 Mickey Mouse i njegova nerazdvojna dru\u017eica Minnie Mouse napunili su 90 godina, a Disneyjevo carstvo proslavilo je u velikom stilu.<\/p>\n<p><img fetchpriority=\"high\" data-attachment-id=\"928\" data-permalink=\"https:\/\/elgeneracionalpost.com\/cultura\/2018\/1120\/927\/mickey-y-minnie-celebran-su-90-aniversario.html\/attachment\/mickey-minnie-railroad-header\" data-orig-file=\"https:\/\/i0.wp.com\/elgeneracionalpost.com\/wp-content\/uploads\/2018\/11\/mickey-minnie-railroad-header.jpg?fit=970%2C545&amp;ssl=1\" data-orig-size=\"970,545\" data-comments-opened=\"1\" data-image-meta=\"{&quot;aperture&quot;:&quot;0&quot;,&quot;credit&quot;:&quot;&quot;,&quot;camera&quot;:&quot;&quot;,&quot;caption&quot;:&quot;&quot;,&quot;created_timestamp&quot;:&quot;0&quot;,&quot;copyright&quot;:&quot;&quot;,&quot;focal_length&quot;:&quot;0&quot;,&quot;iso&quot;:&quot;0&quot;,&quot;shutter_speed&quot;:&quot;0&quot;,&quot;title&quot;:&quot;&quot;,&quot;orientation&quot;:&quot;0&quot;}\" data-image-title=\"mickey-minnie-railroad-header\" data-image-description=\"\" data-image-caption=\"\" data-medium-file=\"https:\/\/i0.wp.com\/elgeneracionalpost.com\/wp-content\/uploads\/2018\/11\/mickey-minnie-railroad-header.jpg?fit=300%2C169&amp;ssl=1\" data-large-file=\"https:\/\/i0.wp.com\/elgeneracionalpost.com\/wp-content\/uploads\/2018\/11\/mickey-minnie-railroad-header.jpg?fit=696%2C391&amp;ssl=1\" decoding=\"async\" class=\"alignnone size-full wp-image-928 jetpack-lazy-image\" src=\"https:\/\/i0.wp.com\/elgeneracionalpost.com\/wp-content\/uploads\/2018\/11\/mickey-minnie-railroad-header.jpg?resize=696%2C391&amp;ssl=1\" alt=\"Zaglavlje \u017eeljezni\u010dke pruge Mickey-Minnie\" width=\"696\" height=\"391\" data-recalc-dims=\"1\" data-lazy-src=\"https:\/\/i0.wp.com\/elgeneracionalpost.com\/wp-content\/uploads\/2018\/11\/mickey-minnie-railroad-header.jpg?resize=696%2C391&amp;is-pending-load=1#038;ssl=1\" srcset=\"data:image\/gif;base64,R0lGODlhAQABAIAAAAAAAP\/\/\/yH5BAEAAAAALAAAAAABAAEAAAIBRAA7\"\/><noscript><img data-lazy-fallback=\"1\" data-attachment-id=\"928\" data-permalink=\"https:\/\/elgeneracionalpost.com\/cultura\/2018\/1120\/927\/mickey-y-minnie-celebran-su-90-aniversario.html\/attachment\/mickey-minnie-railroad-header\" data-orig-file=\"https:\/\/i0.wp.com\/elgeneracionalpost.com\/wp-content\/uploads\/2018\/11\/mickey-minnie-railroad-header.jpg?fit=970%2C545&amp;ssl=1\" data-orig-size=\"970,545\" data-comments-opened=\"1\" data-image-meta=\"{&quot;aperture&quot;:&quot;0&quot;,&quot;credit&quot;:&quot;&quot;,&quot;camera&quot;:&quot;&quot;,&quot;caption&quot;:&quot;&quot;,&quot;created_timestamp&quot;:&quot;0&quot;,&quot;copyright&quot;:&quot;&quot;,&quot;focal_length&quot;:&quot;0&quot;,&quot;iso&quot;:&quot;0&quot;,&quot;shutter_speed&quot;:&quot;0&quot;,&quot;title&quot;:&quot;&quot;,&quot;orientation&quot;:&quot;0&quot;}\" data-image-title=\"mickey-minnie-railroad-header\" data-image-description=\"\" data-image-caption=\"\" data-medium-file=\"https:\/\/i0.wp.com\/elgeneracionalpost.com\/wp-content\/uploads\/2018\/11\/mickey-minnie-railroad-header.jpg?fit=300%2C169&amp;ssl=1\" data-large-file=\"https:\/\/i0.wp.com\/elgeneracionalpost.com\/wp-content\/uploads\/2018\/11\/mickey-minnie-railroad-header.jpg?fit=696%2C391&amp;ssl=1\" decoding=\"async\" class=\"alignnone size-full wp-image-928\" src=\"https:\/\/i0.wp.com\/elgeneracionalpost.com\/wp-content\/uploads\/2018\/11\/mickey-minnie-railroad-header.jpg?resize=696%2C391&amp;ssl=1\" alt=\"Zaglavlje \u017eeljezni\u010dke pruge Mickey-Minnie\" width=\"696\" height=\"391\" data-recalc-dims=\"1\"\/><\/noscript><\/p>\n<h5 style=\"text-align:right;\">disneyeva fotografija<\/h5>\n<p>Oba su se glodavca prvi put pojavila u kratkom <em>ludi avion<\/em> 15. svibnja 1928., ali je postigao uspjeh 18. studenog 1928. s <em>Parobrod Willie <\/em>u Colony Theatreu u New Yorku, postav\u0161i prva crno-bijela animacija sa sinkroniziranom zvu\u010dnom podlogom.<\/p>\n<p>Ovaj osebujni lik velikih u\u0161iju i karizmati\u010dnog izgleda pojavio se jer je Walt Disney bio prisiljen prona\u0107i nasljednika svoje zvijezde Oswalda Sretnog zeca, jer mu je distributer oduzeo prava. Tko je mogao zamisliti da \u0107e ovaj neuspjeh iznjedriti jednog od najpoznatijih likova u dje\u010djoj kinematografiji?<\/p>\n<p>Isprva je Disney odlu\u010dio nazvati svoj novi lik Mortimer, no njegova supruga Lilian predlo\u017eila mu je da promijeni ime u Mickey Mouse, nedvojbeno odli\u010dan izbor. Iako mu je naziv prili\u010dno univerzalan, postoje zemlje u kojima nije poznat kao takav, primjerice u Italiji se zove Topolino, u \u0160vedskoj Musse Pigg, au Kini Mi Lau Shu. Prve skice iza\u0161le su iz ruku crta\u010da Ubbea Iwerksa, koji je uhvatio Disneyjevu ideju.<\/p>\n<p>Tijekom ovih 90 godina njegov se izgled mijenjao prilago\u0111avaju\u0107i se svakom godi\u0161njem dobu, 1929. godine Mickey je navukao svoje poznate rukavice, a nekoliko godina kasnije dodane su mu obrve i zjenice na o\u010di, \u0161to mu je dalo moderniji izgled.<\/p>\n<p><img data-attachment-id=\"934\" data-permalink=\"https:\/\/elgeneracionalpost.com\/cultura\/2018\/1120\/927\/mickey-y-minnie-celebran-su-90-aniversario.html\/attachment\/_20181120_2120531\" data-orig-file=\"https:\/\/i0.wp.com\/elgeneracionalpost.com\/wp-content\/uploads\/2018\/11\/20181120_2120531.jpg?fit=720%2C1015&amp;ssl=1\" data-orig-size=\"720,1015\" data-comments-opened=\"1\" data-image-meta=\"{&quot;aperture&quot;:&quot;0&quot;,&quot;credit&quot;:&quot;&quot;,&quot;camera&quot;:&quot;&quot;,&quot;caption&quot;:&quot;&quot;,&quot;created_timestamp&quot;:&quot;0&quot;,&quot;copyright&quot;:&quot;&quot;,&quot;focal_length&quot;:&quot;0&quot;,&quot;iso&quot;:&quot;0&quot;,&quot;shutter_speed&quot;:&quot;0&quot;,&quot;title&quot;:&quot;&quot;,&quot;orientation&quot;:&quot;0&quot;}\" data-image-title=\"_20181120_212053(1)\" data-image-description=\"\" data-image-caption=\"\" data-medium-file=\"https:\/\/i0.wp.com\/elgeneracionalpost.com\/wp-content\/uploads\/2018\/11\/20181120_2120531.jpg?fit=213%2C300&amp;ssl=1\" data-large-file=\"https:\/\/i0.wp.com\/elgeneracionalpost.com\/wp-content\/uploads\/2018\/11\/20181120_2120531.jpg?fit=696%2C981&amp;ssl=1\" decoding=\"async\" class=\"alignnone size-full wp-image-934 jetpack-lazy-image\" src=\"https:\/\/i0.wp.com\/elgeneracionalpost.com\/wp-content\/uploads\/2018\/11\/20181120_2120531.jpg?resize=696%2C981&amp;ssl=1\" alt=\"_20181120_212053(1)\" width=\"696\" height=\"981\" data-recalc-dims=\"1\" data-lazy-src=\"https:\/\/i0.wp.com\/elgeneracionalpost.com\/wp-content\/uploads\/2018\/11\/20181120_2120531.jpg?resize=696%2C981&amp;is-pending-load=1#038;ssl=1\" srcset=\"data:image\/gif;base64,R0lGODlhAQABAIAAAAAAAP\/\/\/yH5BAEAAAAALAAAAAABAAEAAAIBRAA7\"\/><noscript><img loading=\"lazy\" data-lazy-fallback=\"1\" data-attachment-id=\"934\" data-permalink=\"https:\/\/elgeneracionalpost.com\/cultura\/2018\/1120\/927\/mickey-y-minnie-celebran-su-90-aniversario.html\/attachment\/_20181120_2120531\" data-orig-file=\"https:\/\/i0.wp.com\/elgeneracionalpost.com\/wp-content\/uploads\/2018\/11\/20181120_2120531.jpg?fit=720%2C1015&amp;ssl=1\" data-orig-size=\"720,1015\" data-comments-opened=\"1\" data-image-meta=\"{&quot;aperture&quot;:&quot;0&quot;,&quot;credit&quot;:&quot;&quot;,&quot;camera&quot;:&quot;&quot;,&quot;caption&quot;:&quot;&quot;,&quot;created_timestamp&quot;:&quot;0&quot;,&quot;copyright&quot;:&quot;&quot;,&quot;focal_length&quot;:&quot;0&quot;,&quot;iso&quot;:&quot;0&quot;,&quot;shutter_speed&quot;:&quot;0&quot;,&quot;title&quot;:&quot;&quot;,&quot;orientation&quot;:&quot;0&quot;}\" data-image-title=\"_20181120_212053(1)\" data-image-description=\"\" data-image-caption=\"\" data-medium-file=\"https:\/\/i0.wp.com\/elgeneracionalpost.com\/wp-content\/uploads\/2018\/11\/20181120_2120531.jpg?fit=213%2C300&amp;ssl=1\" data-large-file=\"https:\/\/i0.wp.com\/elgeneracionalpost.com\/wp-content\/uploads\/2018\/11\/20181120_2120531.jpg?fit=696%2C981&amp;ssl=1\" decoding=\"async\" class=\"alignnone size-full wp-image-934\" src=\"https:\/\/i0.wp.com\/elgeneracionalpost.com\/wp-content\/uploads\/2018\/11\/20181120_2120531.jpg?resize=696%2C981&amp;ssl=1\" alt=\"_20181120_212053(1)\" width=\"696\" height=\"981\" data-recalc-dims=\"1\"\/><\/noscript><\/p>\n<h5 style=\"text-align:right;\">Evolucija Mickeyjevog dizajna tijekom ovih 90 godina. Fotografija diljem svijeta.<\/h5>\n<p>Godine 1929. s kratkim filmom <em>Karnevalski dje\u010dak,<\/em> Mickey je prvi put progovorio. Zanimljivo, tijekom ovih devet desetlje\u0107a glas mu je dalo samo pet mu\u0161karaca: Walt Disney koji je posu\u0111ivao glas do 1947., zamijenio ga je Jimmy MacDonald kojeg je 1977. degradirao Wayne Allwine, a od 2009. Bret Iwan i Chris Diamantopoulos najpoznatiji su glasovi. U \u0160panjolskoj je aktualni dubler Jos\u00e9 Padilla.<\/p>\n<p>U \u0160panjolsku su stigli 1934. u Vanguardinim dnevnim crtanim filmovima, s razli\u010ditim imenima: Miguel\u00edn i Mimi, \u010diji je uspjeh bio neosporan, a imali su \u010dak i vlastiti \u010dasopis.<\/p>\n<p>Nekoliko godina kasnije, 1935., pojavit \u0107e se u kinima <em>Koncert benda<\/em>, njegov prvi kratki film u boji. Kasnije, 1940., ostavit \u0107e traga sekvencom \u010carobnjakov u\u010denik, u filmu <em>\u0160ik<\/em>. Posljednji put Mickey se vratio na veliko platno 2013. s kratkim filmom <em>nabavi konja<\/em>.<\/p>\n<p>Nadalje, bio je prvi animirani lik koji je imao zvijezdu na Hollywood Walk of Fame, na svoj 50. ro\u0111endan, 18. studenoga 1978. No, iako je uvijek debitirao zajedno sa svojom djevojkom Minnie, ova je svoju zvijezdu dobila ranije ove godine.<\/p>\n<p>Povodom ove proslave, tvrtka je \u017eeljela odati po\u010dast ovom osebujnom paru mi\u0161eva posebnim programom koji \u0107e trajati 90 dana, pun aktivnosti za djecu i odrasle u svojim tematskim parkovima Disneyland Park i Disneyland Paris.<\/p>\n<p>Nadalje, stotine brendova \u017eeljelo im je odati po\u010dast, neki od njih poput Bershke, mlade tvrtke u vlasni\u0161tvu Inditexa ili \u0161panjolske tekstilne tvrtke El Ganso koja je lansirala kolekciju odje\u0107e inspiriranu njima. Zabavi se pridru\u017eila i Pandora, unato\u010d tome \u0161to s Disneyem sura\u0111uje od 2014., a za ro\u0111endan je u prodaju stavila srebrni privjesak Mickey i privjesak od zlata 90. No umjetnici i dizajneri poput Dolce &amp; Gabbane ili Andyja Warhola ve\u0107 su stvarali kreacije s ovim dru\u0161tvo.<\/p>\n<p>Ukratko, ovi likovi karizmati\u010dnog izgleda, unato\u010d tome \u0161to su najdugovje\u010dniji animirani par na svijetu, i dalje su ikona koju vole i djeca i odrasli i kao \u0161to je rekao Walt Disney: \u201cNadam se da nikada ne\u0107emo izgubiti iz vida jednu stvar: da je sve po\u010delo s mi\u0161em.<\/p>\n<div class=\"sharedaddy sd-block sd-like jetpack-likes-widget-wrapper jetpack-likes-widget-unloaded\" id=\"like-post-wrapper-153844979-927-642d4ed8ded6b\" data-src=\"https:\/\/widgets.wp.com\/likes\/#blog_id=153844979&amp;post_id=927&amp;origin=elgeneracionalpost.com&amp;obj_id=153844979-927-642d4ed8ded6b\" data-name=\"like-post-frame-153844979-927-642d4ed8ded6b\" data-title=\"Me gusta o Compartir\">\n<h3 class=\"sd-title\">svi\u0111a mi se ovo:<\/h3>\n<p><span class=\"button\"><span>ja volim<\/span><\/span> <span class=\"loading\">U\u010ditavam\u2026<\/span><\/p>\n<p><span class=\"sd-text-color\"\/><\/div>\n<p><h3 class=\"jp-relatedposts-headline\"><em>Povezano<\/em><\/h3>\n<\/p>\n<\/div>","protected":false},"excerpt":{"rendered":"<p>Unato\u010d svojim devedesetim godinama, dvojac glodavaca i dalje je u top formi, postav\u0161i ikona koju vole i djeca i odrasli\u2026 <\/p>","protected":false},"author":1,"featured_media":1060,"comment_status":"open","ping_status":"open","sticky":false,"template":"","format":"standard","meta":{"fifu_image_url":"https:\/\/i2.wp.com\/elgeneracionalpost.com\/wp-content\/uploads\/2018\/11\/mickey-minnie-railroad-header.jpg?fit=970,545&ssl=1","fifu_image_alt":"","footnotes":""},"categories":[35],"tags":[],"class_list":["post-1059","post","type-post","status-publish","format-standard","has-post-thumbnail","hentry","category-cultura-e-lazer","latest_post"],"yoast_head":"<!-- This site is optimized with the Yoast SEO plugin v27.3 - https:\/\/yoast.com\/product\/yoast-seo-wordpress\/ -->\n<title>Mickey e Minnie comemoram seu 90\u00ba anivers\u00e1rio - Tirinha.com<\/title>\n<meta name=\"robots\" content=\"index, follow, max-snippet:-1, max-image-preview:large, max-video-preview:-1\" \/>\n<link rel=\"canonical\" href=\"https:\/\/tirinha.com\/hr\/1059\/mickey-i-minnie-slave-90-godisnjicu-braka\/\" \/>\n<meta property=\"og:locale\" content=\"hr_HR\" \/>\n<meta property=\"og:type\" content=\"article\" \/>\n<meta property=\"og:title\" content=\"Mickey e Minnie comemoram seu 90\u00ba anivers\u00e1rio - Tirinha.com\" \/>\n<meta property=\"og:description\" content=\"Apesar dos noventa anos, a dupla de roedores segue em plena forma, tornando-se um \u00edcone amado por crian\u00e7as e adultos &hellip;\" \/>\n<meta property=\"og:url\" content=\"https:\/\/tirinha.com\/hr\/1059\/mickey-i-minnie-slave-90-godisnjicu-braka\/\" \/>\n<meta property=\"og:site_name\" content=\"Tirinha.com\" \/>\n<meta property=\"article:published_time\" content=\"2023-04-05T10:35:05+00:00\" \/>\n<meta property=\"og:image\" content=\"https:\/\/i2.wp.com\/elgeneracionalpost.com\/wp-content\/uploads\/2018\/11\/mickey-minnie-railroad-header.jpg?fit=970,545&ssl=1\" \/>\n<meta name=\"author\" content=\"admin\" \/>\n<meta name=\"twitter:card\" content=\"summary_large_image\" \/>\n<meta name=\"twitter:image\" content=\"https:\/\/i2.wp.com\/elgeneracionalpost.com\/wp-content\/uploads\/2018\/11\/mickey-minnie-railroad-header.jpg?fit=970,545&ssl=1\" \/>\n<meta name=\"twitter:label1\" content=\"Napisao\/la\" \/>\n\t<meta name=\"twitter:data1\" content=\"admin\" \/>\n\t<meta name=\"twitter:label2\" content=\"Procijenjeno vrijeme \u010ditanja\" \/>\n\t<meta name=\"twitter:data2\" content=\"3 minute\" \/>\n<script type=\"application\/ld+json\" class=\"yoast-schema-graph\">{\"@context\":\"https:\\\/\\\/schema.org\",\"@graph\":[{\"@type\":\"Article\",\"@id\":\"https:\\\/\\\/tirinha.com\\\/1059\\\/mickey-e-minnie-comemoram-seu-90o-aniversario\\\/#article\",\"isPartOf\":{\"@id\":\"https:\\\/\\\/tirinha.com\\\/1059\\\/mickey-e-minnie-comemoram-seu-90o-aniversario\\\/\"},\"author\":{\"name\":\"admin\",\"@id\":\"https:\\\/\\\/tirinha.com\\\/#\\\/schema\\\/person\\\/e22bdfbe17e0461f7e927e6a1208d4d9\"},\"headline\":\"Mickey e Minnie comemoram seu 90\u00ba anivers\u00e1rio\",\"datePublished\":\"2023-04-05T10:35:05+00:00\",\"mainEntityOfPage\":{\"@id\":\"https:\\\/\\\/tirinha.com\\\/1059\\\/mickey-e-minnie-comemoram-seu-90o-aniversario\\\/\"},\"wordCount\":683,\"commentCount\":0,\"publisher\":{\"@id\":\"https:\\\/\\\/tirinha.com\\\/#organization\"},\"image\":{\"@id\":\"https:\\\/\\\/tirinha.com\\\/1059\\\/mickey-e-minnie-comemoram-seu-90o-aniversario\\\/#primaryimage\"},\"thumbnailUrl\":\"https:\\\/\\\/i2.wp.com\\\/elgeneracionalpost.com\\\/wp-content\\\/uploads\\\/2018\\\/11\\\/mickey-minnie-railroad-header.jpg?fit=970,545&ssl=1\",\"articleSection\":[\"Cultura e lazer\"],\"inLanguage\":\"hr\",\"potentialAction\":[{\"@type\":\"CommentAction\",\"name\":\"Comment\",\"target\":[\"https:\\\/\\\/tirinha.com\\\/1059\\\/mickey-e-minnie-comemoram-seu-90o-aniversario\\\/#respond\"]}]},{\"@type\":\"WebPage\",\"@id\":\"https:\\\/\\\/tirinha.com\\\/1059\\\/mickey-e-minnie-comemoram-seu-90o-aniversario\\\/\",\"url\":\"https:\\\/\\\/tirinha.com\\\/1059\\\/mickey-e-minnie-comemoram-seu-90o-aniversario\\\/\",\"name\":\"Mickey e Minnie comemoram seu 90\u00ba anivers\u00e1rio - Tirinha.com\",\"isPartOf\":{\"@id\":\"https:\\\/\\\/tirinha.com\\\/#website\"},\"primaryImageOfPage\":{\"@id\":\"https:\\\/\\\/tirinha.com\\\/1059\\\/mickey-e-minnie-comemoram-seu-90o-aniversario\\\/#primaryimage\"},\"image\":{\"@id\":\"https:\\\/\\\/tirinha.com\\\/1059\\\/mickey-e-minnie-comemoram-seu-90o-aniversario\\\/#primaryimage\"},\"thumbnailUrl\":\"https:\\\/\\\/i2.wp.com\\\/elgeneracionalpost.com\\\/wp-content\\\/uploads\\\/2018\\\/11\\\/mickey-minnie-railroad-header.jpg?fit=970,545&ssl=1\",\"datePublished\":\"2023-04-05T10:35:05+00:00\",\"breadcrumb\":{\"@id\":\"https:\\\/\\\/tirinha.com\\\/1059\\\/mickey-e-minnie-comemoram-seu-90o-aniversario\\\/#breadcrumb\"},\"inLanguage\":\"hr\",\"potentialAction\":[{\"@type\":\"ReadAction\",\"target\":[\"https:\\\/\\\/tirinha.com\\\/1059\\\/mickey-e-minnie-comemoram-seu-90o-aniversario\\\/\"]}]},{\"@type\":\"ImageObject\",\"inLanguage\":\"hr\",\"@id\":\"https:\\\/\\\/tirinha.com\\\/1059\\\/mickey-e-minnie-comemoram-seu-90o-aniversario\\\/#primaryimage\",\"url\":\"https:\\\/\\\/i2.wp.com\\\/elgeneracionalpost.com\\\/wp-content\\\/uploads\\\/2018\\\/11\\\/mickey-minnie-railroad-header.jpg?fit=970,545&ssl=1\",\"contentUrl\":\"https:\\\/\\\/i2.wp.com\\\/elgeneracionalpost.com\\\/wp-content\\\/uploads\\\/2018\\\/11\\\/mickey-minnie-railroad-header.jpg?fit=970,545&ssl=1\"},{\"@type\":\"BreadcrumbList\",\"@id\":\"https:\\\/\\\/tirinha.com\\\/1059\\\/mickey-e-minnie-comemoram-seu-90o-aniversario\\\/#breadcrumb\",\"itemListElement\":[{\"@type\":\"ListItem\",\"position\":1,\"name\":\"Home\",\"item\":\"https:\\\/\\\/tirinha.com\\\/\"},{\"@type\":\"ListItem\",\"position\":2,\"name\":\"Mickey e Minnie comemoram seu 90\u00ba anivers\u00e1rio\"}]},{\"@type\":\"WebSite\",\"@id\":\"https:\\\/\\\/tirinha.com\\\/#website\",\"url\":\"https:\\\/\\\/tirinha.com\\\/\",\"name\":\"Tirinha.com\",\"description\":\"Arte e livros resenhas\",\"publisher\":{\"@id\":\"https:\\\/\\\/tirinha.com\\\/#organization\"},\"potentialAction\":[{\"@type\":\"SearchAction\",\"target\":{\"@type\":\"EntryPoint\",\"urlTemplate\":\"https:\\\/\\\/tirinha.com\\\/?s={search_term_string}\"},\"query-input\":{\"@type\":\"PropertyValueSpecification\",\"valueRequired\":true,\"valueName\":\"search_term_string\"}}],\"inLanguage\":\"hr\"},{\"@type\":\"Organization\",\"@id\":\"https:\\\/\\\/tirinha.com\\\/#organization\",\"name\":\"Tirinha.com\",\"url\":\"https:\\\/\\\/tirinha.com\\\/\",\"logo\":{\"@type\":\"ImageObject\",\"inLanguage\":\"hr\",\"@id\":\"https:\\\/\\\/tirinha.com\\\/#\\\/schema\\\/logo\\\/image\\\/\",\"url\":\"https:\\\/\\\/tirinha.com\\\/wp-content\\\/uploads\\\/2023\\\/08\\\/cropped-Logo-Tirinha.webp\",\"contentUrl\":\"https:\\\/\\\/tirinha.com\\\/wp-content\\\/uploads\\\/2023\\\/08\\\/cropped-Logo-Tirinha.webp\",\"width\":512,\"height\":512,\"caption\":\"Tirinha.com\"},\"image\":{\"@id\":\"https:\\\/\\\/tirinha.com\\\/#\\\/schema\\\/logo\\\/image\\\/\"}},{\"@type\":\"Person\",\"@id\":\"https:\\\/\\\/tirinha.com\\\/#\\\/schema\\\/person\\\/e22bdfbe17e0461f7e927e6a1208d4d9\",\"name\":\"admin\",\"image\":{\"@type\":\"ImageObject\",\"inLanguage\":\"hr\",\"@id\":\"https:\\\/\\\/tirinha.com\\\/wp-content\\\/litespeed\\\/avatar\\\/d0068f7931cc87d7274eb0c3db1deb4b.jpg?ver=1776829466\",\"url\":\"https:\\\/\\\/tirinha.com\\\/wp-content\\\/litespeed\\\/avatar\\\/d0068f7931cc87d7274eb0c3db1deb4b.jpg?ver=1776829466\",\"contentUrl\":\"https:\\\/\\\/tirinha.com\\\/wp-content\\\/litespeed\\\/avatar\\\/d0068f7931cc87d7274eb0c3db1deb4b.jpg?ver=1776829466\",\"caption\":\"admin\"},\"sameAs\":[\"https:\\\/\\\/tirinha.com\"],\"url\":\"https:\\\/\\\/tirinha.com\\\/hr\\\/author\\\/admin\\\/\"}]}<\/script>\n<!-- \/ Yoast SEO plugin. -->","yoast_head_json":{"title":"Mickey i Minnie slave 90. ro\u0111endan - Tirinha.com","robots":{"index":"index","follow":"follow","max-snippet":"max-snippet:-1","max-image-preview":"max-image-preview:large","max-video-preview":"max-video-preview:-1"},"canonical":"https:\/\/tirinha.com\/hr\/1059\/mickey-i-minnie-slave-90-godisnjicu-braka\/","og_locale":"hr_HR","og_type":"article","og_title":"Mickey e Minnie comemoram seu 90\u00ba anivers\u00e1rio - Tirinha.com","og_description":"Apesar dos noventa anos, a dupla de roedores segue em plena forma, tornando-se um \u00edcone amado por crian\u00e7as e adultos &hellip;","og_url":"https:\/\/tirinha.com\/hr\/1059\/mickey-i-minnie-slave-90-godisnjicu-braka\/","og_site_name":"Tirinha.com","article_published_time":"2023-04-05T10:35:05+00:00","og_image":[{"url":"https:\/\/i2.wp.com\/elgeneracionalpost.com\/wp-content\/uploads\/2018\/11\/mickey-minnie-railroad-header.jpg?fit=970,545&ssl=1","type":"","width":"","height":""}],"author":"admin","twitter_card":"summary_large_image","twitter_image":"https:\/\/i2.wp.com\/elgeneracionalpost.com\/wp-content\/uploads\/2018\/11\/mickey-minnie-railroad-header.jpg?fit=970,545&ssl=1","twitter_misc":{"Napisao\/la":"admin","Procijenjeno vrijeme \u010ditanja":"3 minute"},"schema":{"@context":"https:\/\/schema.org","@graph":[{"@type":"Article","@id":"https:\/\/tirinha.com\/1059\/mickey-e-minnie-comemoram-seu-90o-aniversario\/#article","isPartOf":{"@id":"https:\/\/tirinha.com\/1059\/mickey-e-minnie-comemoram-seu-90o-aniversario\/"},"author":{"name":"admin","@id":"https:\/\/tirinha.com\/#\/schema\/person\/e22bdfbe17e0461f7e927e6a1208d4d9"},"headline":"Mickey e Minnie comemoram seu 90\u00ba anivers\u00e1rio","datePublished":"2023-04-05T10:35:05+00:00","mainEntityOfPage":{"@id":"https:\/\/tirinha.com\/1059\/mickey-e-minnie-comemoram-seu-90o-aniversario\/"},"wordCount":683,"commentCount":0,"publisher":{"@id":"https:\/\/tirinha.com\/#organization"},"image":{"@id":"https:\/\/tirinha.com\/1059\/mickey-e-minnie-comemoram-seu-90o-aniversario\/#primaryimage"},"thumbnailUrl":"https:\/\/i2.wp.com\/elgeneracionalpost.com\/wp-content\/uploads\/2018\/11\/mickey-minnie-railroad-header.jpg?fit=970,545&ssl=1","articleSection":["Cultura e lazer"],"inLanguage":"hr","potentialAction":[{"@type":"CommentAction","name":"Comment","target":["https:\/\/tirinha.com\/1059\/mickey-e-minnie-comemoram-seu-90o-aniversario\/#respond"]}]},{"@type":"WebPage","@id":"https:\/\/tirinha.com\/1059\/mickey-e-minnie-comemoram-seu-90o-aniversario\/","url":"https:\/\/tirinha.com\/1059\/mickey-e-minnie-comemoram-seu-90o-aniversario\/","name":"Mickey i Minnie slave 90. ro\u0111endan - Tirinha.com","isPartOf":{"@id":"https:\/\/tirinha.com\/#website"},"primaryImageOfPage":{"@id":"https:\/\/tirinha.com\/1059\/mickey-e-minnie-comemoram-seu-90o-aniversario\/#primaryimage"},"image":{"@id":"https:\/\/tirinha.com\/1059\/mickey-e-minnie-comemoram-seu-90o-aniversario\/#primaryimage"},"thumbnailUrl":"https:\/\/i2.wp.com\/elgeneracionalpost.com\/wp-content\/uploads\/2018\/11\/mickey-minnie-railroad-header.jpg?fit=970,545&ssl=1","datePublished":"2023-04-05T10:35:05+00:00","breadcrumb":{"@id":"https:\/\/tirinha.com\/1059\/mickey-e-minnie-comemoram-seu-90o-aniversario\/#breadcrumb"},"inLanguage":"hr","potentialAction":[{"@type":"ReadAction","target":["https:\/\/tirinha.com\/1059\/mickey-e-minnie-comemoram-seu-90o-aniversario\/"]}]},{"@type":"ImageObject","inLanguage":"hr","@id":"https:\/\/tirinha.com\/1059\/mickey-e-minnie-comemoram-seu-90o-aniversario\/#primaryimage","url":"https:\/\/i2.wp.com\/elgeneracionalpost.com\/wp-content\/uploads\/2018\/11\/mickey-minnie-railroad-header.jpg?fit=970,545&ssl=1","contentUrl":"https:\/\/i2.wp.com\/elgeneracionalpost.com\/wp-content\/uploads\/2018\/11\/mickey-minnie-railroad-header.jpg?fit=970,545&ssl=1"},{"@type":"BreadcrumbList","@id":"https:\/\/tirinha.com\/1059\/mickey-e-minnie-comemoram-seu-90o-aniversario\/#breadcrumb","itemListElement":[{"@type":"ListItem","position":1,"name":"Home","item":"https:\/\/tirinha.com\/"},{"@type":"ListItem","position":2,"name":"Mickey e Minnie comemoram seu 90\u00ba anivers\u00e1rio"}]},{"@type":"WebSite","@id":"https:\/\/tirinha.com\/#website","url":"https:\/\/tirinha.com\/","name":"Stripovi.com","description":"Prikazi umjetnosti i knjiga","publisher":{"@id":"https:\/\/tirinha.com\/#organization"},"potentialAction":[{"@type":"SearchAction","target":{"@type":"EntryPoint","urlTemplate":"https:\/\/tirinha.com\/?s={search_term_string}"},"query-input":{"@type":"PropertyValueSpecification","valueRequired":true,"valueName":"search_term_string"}}],"inLanguage":"hr"},{"@type":"Organization","@id":"https:\/\/tirinha.com\/#organization","name":"Stripovi.com","url":"https:\/\/tirinha.com\/","logo":{"@type":"ImageObject","inLanguage":"hr","@id":"https:\/\/tirinha.com\/#\/schema\/logo\/image\/","url":"https:\/\/tirinha.com\/wp-content\/uploads\/2023\/08\/cropped-Logo-Tirinha.webp","contentUrl":"https:\/\/tirinha.com\/wp-content\/uploads\/2023\/08\/cropped-Logo-Tirinha.webp","width":512,"height":512,"caption":"Tirinha.com"},"image":{"@id":"https:\/\/tirinha.com\/#\/schema\/logo\/image\/"}},{"@type":"Person","@id":"https:\/\/tirinha.com\/#\/schema\/person\/e22bdfbe17e0461f7e927e6a1208d4d9","name":"admin","image":{"@type":"ImageObject","inLanguage":"hr","@id":"https:\/\/tirinha.com\/wp-content\/litespeed\/avatar\/d0068f7931cc87d7274eb0c3db1deb4b.jpg?ver=1776829466","url":"https:\/\/tirinha.com\/wp-content\/litespeed\/avatar\/d0068f7931cc87d7274eb0c3db1deb4b.jpg?ver=1776829466","contentUrl":"https:\/\/tirinha.com\/wp-content\/litespeed\/avatar\/d0068f7931cc87d7274eb0c3db1deb4b.jpg?ver=1776829466","caption":"admin"},"sameAs":["https:\/\/tirinha.com"],"url":"https:\/\/tirinha.com\/hr\/author\/admin\/"}]}},"_links":{"self":[{"href":"https:\/\/tirinha.com\/hr\/wp-json\/wp\/v2\/posts\/1059","targetHints":{"allow":["GET"]}}],"collection":[{"href":"https:\/\/tirinha.com\/hr\/wp-json\/wp\/v2\/posts"}],"about":[{"href":"https:\/\/tirinha.com\/hr\/wp-json\/wp\/v2\/types\/post"}],"author":[{"embeddable":true,"href":"https:\/\/tirinha.com\/hr\/wp-json\/wp\/v2\/users\/1"}],"replies":[{"embeddable":true,"href":"https:\/\/tirinha.com\/hr\/wp-json\/wp\/v2\/comments?post=1059"}],"version-history":[{"count":0,"href":"https:\/\/tirinha.com\/hr\/wp-json\/wp\/v2\/posts\/1059\/revisions"}],"wp:featuredmedia":[{"embeddable":true,"href":"https:\/\/tirinha.com\/hr\/wp-json\/wp\/v2\/media\/1060"}],"wp:attachment":[{"href":"https:\/\/tirinha.com\/hr\/wp-json\/wp\/v2\/media?parent=1059"}],"wp:term":[{"taxonomy":"category","embeddable":true,"href":"https:\/\/tirinha.com\/hr\/wp-json\/wp\/v2\/categories?post=1059"},{"taxonomy":"post_tag","embeddable":true,"href":"https:\/\/tirinha.com\/hr\/wp-json\/wp\/v2\/tags?post=1059"}],"curies":[{"name":"radni list","href":"https:\/\/api.w.org\/{rel}","templated":true}]}}