{"id":1051,"date":"2023-04-05T08:00:47","date_gmt":"2023-04-05T08:00:47","guid":{"rendered":"https:\/\/tirinha.com\/tempos-de-cultura-eg-o-jornal-digital-noticias-presente\/"},"modified":"2023-04-05T08:00:47","modified_gmt":"2023-04-05T08:00:47","slug":"vremena-kulture-npr-digitalne-novine-vijesti-sadasnjost","status":"publish","type":"post","link":"https:\/\/tirinha.com\/hr\/1051\/tempos-de-cultura-eg-o-jornal-digital-noticias-presente\/","title":{"rendered":"Vremena kulture \u2013 Npr. Digitalne novine. Vijesti. Dar"},"content":{"rendered":"<p><\/p>\n<div>\n<h3><strong>Mnogi vjeruju da kultura vi\u0161e nije ono \u0161to je bila, mo\u017eda je samo evoluirala<\/strong><\/h3>\n<p><img fetchpriority=\"high\" data-attachment-id=\"533\" data-permalink=\"https:\/\/elgeneracionalpost.com\/cultura\/2018\/1115\/532\/tiempos-de-cultura.html\/attachment\/810787\" data-orig-file=\"https:\/\/i0.wp.com\/elgeneracionalpost.com\/wp-content\/uploads\/2018\/11\/810787.jpg?fit=370%2C277&amp;ssl=1\" data-orig-size=\"370,277\" data-comments-opened=\"1\" data-image-meta=\"{&quot;aperture&quot;:&quot;0&quot;,&quot;credit&quot;:&quot;&quot;,&quot;camera&quot;:&quot;&quot;,&quot;caption&quot;:&quot;&quot;,&quot;created_timestamp&quot;:&quot;0&quot;,&quot;copyright&quot;:&quot;&quot;,&quot;focal_length&quot;:&quot;0&quot;,&quot;iso&quot;:&quot;0&quot;,&quot;shutter_speed&quot;:&quot;0&quot;,&quot;title&quot;:&quot;&quot;,&quot;orientation&quot;:&quot;0&quot;}\" data-image-title=\"810787\" data-image-description=\"\" data-image-caption=\"\" data-medium-file=\"https:\/\/i0.wp.com\/elgeneracionalpost.com\/wp-content\/uploads\/2018\/11\/810787.jpg?fit=300%2C225&amp;ssl=1\" data-large-file=\"https:\/\/i0.wp.com\/elgeneracionalpost.com\/wp-content\/uploads\/2018\/11\/810787.jpg?fit=370%2C277&amp;ssl=1\" decoding=\"async\" class=\"wp-image-533 aligncenter jetpack-lazy-image\" src=\"https:\/\/i0.wp.com\/elgeneracionalpost.com\/wp-content\/uploads\/2018\/11\/810787.jpg?resize=626%2C468&amp;ssl=1\" alt=\"810787\" width=\"626\" height=\"468\" data-recalc-dims=\"1\" data-lazy-src=\"https:\/\/i0.wp.com\/elgeneracionalpost.com\/wp-content\/uploads\/2018\/11\/810787.jpg?resize=626%2C468&amp;is-pending-load=1#038;ssl=1\" srcset=\"data:image\/gif;base64,R0lGODlhAQABAIAAAAAAAP\/\/\/yH5BAEAAAAALAAAAAABAAEAAAIBRAA7\"\/><noscript><img data-lazy-fallback=\"1\" data-attachment-id=\"533\" data-permalink=\"https:\/\/elgeneracionalpost.com\/cultura\/2018\/1115\/532\/tiempos-de-cultura.html\/attachment\/810787\" data-orig-file=\"https:\/\/i0.wp.com\/elgeneracionalpost.com\/wp-content\/uploads\/2018\/11\/810787.jpg?fit=370%2C277&amp;ssl=1\" data-orig-size=\"370,277\" data-comments-opened=\"1\" data-image-meta=\"{&quot;aperture&quot;:&quot;0&quot;,&quot;credit&quot;:&quot;&quot;,&quot;camera&quot;:&quot;&quot;,&quot;caption&quot;:&quot;&quot;,&quot;created_timestamp&quot;:&quot;0&quot;,&quot;copyright&quot;:&quot;&quot;,&quot;focal_length&quot;:&quot;0&quot;,&quot;iso&quot;:&quot;0&quot;,&quot;shutter_speed&quot;:&quot;0&quot;,&quot;title&quot;:&quot;&quot;,&quot;orientation&quot;:&quot;0&quot;}\" data-image-title=\"810787\" data-image-description=\"\" data-image-caption=\"\" data-medium-file=\"https:\/\/i0.wp.com\/elgeneracionalpost.com\/wp-content\/uploads\/2018\/11\/810787.jpg?fit=300%2C225&amp;ssl=1\" data-large-file=\"https:\/\/i0.wp.com\/elgeneracionalpost.com\/wp-content\/uploads\/2018\/11\/810787.jpg?fit=370%2C277&amp;ssl=1\" decoding=\"async\" class=\"wp-image-533 aligncenter\" src=\"https:\/\/i0.wp.com\/elgeneracionalpost.com\/wp-content\/uploads\/2018\/11\/810787.jpg?resize=626%2C468&amp;ssl=1\" alt=\"810787\" width=\"626\" height=\"468\" data-recalc-dims=\"1\"\/><\/noscript><\/p>\n<h5><span class=\"irc_dsh\"><span class=\"irc_ho\" dir=\"ltr\">Kulturna fotografija Almu\u00f1\u00e9cara \u2013 WordPress.com<\/span><\/span><\/h5>\n<p>Kultura, ta rije\u010d od sedam slova koja je kroz vrijeme imala toliko zna\u010denja i nijansi i da bi vjerojatno, kada bi se netko na\u0161ao u poziciji da je definira, morao nekoliko minuta razmisliti o tome \u0161to se toliko koristi, a tako malo shva\u0107en pojam je .<\/p>\n<p>Tehni\u010dki gledano, kultura se odnosi na cjelokupno znanje koje omogu\u0107uje nekome da pro\u0161iri svoj kriti\u010dki sud. Isto tako, aludira na razli\u010dite na\u010dine \u017eivota i obi\u010daje, na povijesne, religijske, filozofske i znanstvene spoznaje te na promicanje istra\u017eivanja novih umjetni\u010dkih i knji\u017eevnih oblika i prou\u010davanje svih podru\u010dja znanja.<\/p>\n<p>Me\u0111utim, u praksi postoji toliko mi\u0161ljenja o tome \u0161to je, a \u0161to nije kultura za neke, samo prije\u0111ite na raspravljivu i kontroverznu temu kao \u0161to su borbe s bikovima, za mnoge jasan odraz kulture, dok je za druge nepodno\u0161ljivo da bi razmatrati na ovaj na\u010din.forma.<\/p>\n<p>Danas mnogi stru\u010dnjaci tvrde da je kultura u padu, paradoksalno, nikada u povijesti nije bilo toliko znanstvenih i tehnolo\u0161kih otkri\u0107a, nije objavljeno toliko knjiga, niti je otvoreno toliko muzeja. No, uz sve to, jo\u0161 uvijek postoji popularna kritika mladosti, izgubljene generacije koja vi\u0161e ne \u010dita, ne zanima je umjetnost ili ne poznaje osnovne pojmove humanisti\u010dkih, znanstvenih i tehnolo\u0161kih spoznaja.<\/p>\n<p>No, mo\u017eda je sve \u0161to se dogodilo to da se kultura s vremenom obnovila. Jasan primjer su dru\u0161tvene mre\u017ee koje predstavljaju otvoren prozor umjetnosti ako se dobro koriste; jedan model je Instagram, koji je doveo do procvata na polju fotografije. Ples se, kao i glazba, obnavlja, s novim stilovima. Nadalje, stvaranje programa poput OT-a koji je natjerao tisu\u0107e mladih na sav glas pjevati pjesme od prije pedeset godina. S druge strane, kazali\u0161te posljednjih godina u\u017eiva u sjaju, mo\u017eda zahvaljuju\u0107i velikim mjuziklima poput Kralja lavova ili Billyja Elliota. Umjetnost se modernizirala, prenijev\u0161i platna na ulice, zahvaljuju\u0107i grafitima. Isto tako, globalizacija je omogu\u0107ila \u0161irenje kulture, jedan primjer je porast flamenco akademija u Japanu.<\/p>\n<p>Dakle, ako se kultura konzumira, jedino \u0161to se mo\u017eda radi druga\u010dije nego prethodnih desetlje\u0107a, to ne zna\u010di da je bolja ili lo\u0161ija, jer bitno je da je to kvalitetna kultura.<\/p>\n<div class=\"sharedaddy sd-block sd-like jetpack-likes-widget-wrapper jetpack-likes-widget-unloaded\" id=\"like-post-wrapper-153844979-532-642d2aae56d1d\" data-src=\"https:\/\/widgets.wp.com\/likes\/#blog_id=153844979&amp;post_id=532&amp;origin=elgeneracionalpost.com&amp;obj_id=153844979-532-642d2aae56d1d\" data-name=\"like-post-frame-153844979-532-642d2aae56d1d\" data-title=\"Me gusta o Compartir\">\n<h3 class=\"sd-title\">svi\u0111a mi se ovo:<\/h3>\n<p><span class=\"button\"><span>ja volim<\/span><\/span> <span class=\"loading\">U\u010ditavam\u2026<\/span><\/p>\n<p><span class=\"sd-text-color\"\/><\/div>\n<p><h3 class=\"jp-relatedposts-headline\"><em>Povezano<\/em><\/h3>\n<\/p>\n<\/div>","protected":false},"excerpt":{"rendered":"<p>Mnogi vjeruju da kultura vi\u0161e nije ono \u0161to je bila, mo\u017eda je samo evoluirala Fotografija kulture Almu\u00f1\u00e9car \u2013 \u2026 <\/p>","protected":false},"author":1,"featured_media":1052,"comment_status":"open","ping_status":"open","sticky":false,"template":"","format":"standard","meta":{"fifu_image_url":"https:\/\/i2.wp.com\/elgeneracionalpost.com\/wp-content\/uploads\/2018\/11\/810787.jpg?fit=370,277&ssl=1","fifu_image_alt":"","footnotes":""},"categories":[35],"tags":[],"class_list":["post-1051","post","type-post","status-publish","format-standard","has-post-thumbnail","hentry","category-cultura-e-lazer","latest_post"],"yoast_head":"<!-- This site is optimized with the Yoast SEO plugin v27.3 - https:\/\/yoast.com\/product\/yoast-seo-wordpress\/ -->\n<title>Tempos de cultura - EG. O jornal digital. Not\u00edcias. Presente - Tirinha.com<\/title>\n<meta name=\"robots\" content=\"index, follow, max-snippet:-1, max-image-preview:large, max-video-preview:-1\" \/>\n<link rel=\"canonical\" href=\"https:\/\/tirinha.com\/hr\/1051\/vremena-kulture-npr-digitalne-novine-vijesti-sadasnjost\/\" \/>\n<meta property=\"og:locale\" content=\"hr_HR\" \/>\n<meta property=\"og:type\" content=\"article\" \/>\n<meta property=\"og:title\" content=\"Tempos de cultura - EG. O jornal digital. Not\u00edcias. Presente - Tirinha.com\" \/>\n<meta property=\"og:description\" content=\"Muitos acreditam que a cultura n\u00e3o \u00e9 mais o que era, talvez apenas tenha evolu\u00eddo Fotografia de Cultura Almu\u00f1\u00e9car \u2013 &hellip;\" \/>\n<meta property=\"og:url\" content=\"https:\/\/tirinha.com\/hr\/1051\/vremena-kulture-npr-digitalne-novine-vijesti-sadasnjost\/\" \/>\n<meta property=\"og:site_name\" content=\"Tirinha.com\" \/>\n<meta property=\"article:published_time\" content=\"2023-04-05T08:00:47+00:00\" \/>\n<meta property=\"og:image\" content=\"https:\/\/i2.wp.com\/elgeneracionalpost.com\/wp-content\/uploads\/2018\/11\/810787.jpg?fit=370,277&ssl=1\" \/>\n<meta name=\"author\" content=\"admin\" \/>\n<meta name=\"twitter:card\" content=\"summary_large_image\" \/>\n<meta name=\"twitter:image\" content=\"https:\/\/i2.wp.com\/elgeneracionalpost.com\/wp-content\/uploads\/2018\/11\/810787.jpg?fit=370,277&ssl=1\" \/>\n<meta name=\"twitter:label1\" content=\"Napisao\/la\" \/>\n\t<meta name=\"twitter:data1\" content=\"admin\" \/>\n\t<meta name=\"twitter:label2\" content=\"Procijenjeno vrijeme \u010ditanja\" \/>\n\t<meta name=\"twitter:data2\" content=\"2 minute\" \/>\n<script type=\"application\/ld+json\" class=\"yoast-schema-graph\">{\"@context\":\"https:\\\/\\\/schema.org\",\"@graph\":[{\"@type\":\"Article\",\"@id\":\"https:\\\/\\\/tirinha.com\\\/1051\\\/tempos-de-cultura-eg-o-jornal-digital-noticias-presente\\\/#article\",\"isPartOf\":{\"@id\":\"https:\\\/\\\/tirinha.com\\\/1051\\\/tempos-de-cultura-eg-o-jornal-digital-noticias-presente\\\/\"},\"author\":{\"name\":\"admin\",\"@id\":\"https:\\\/\\\/tirinha.com\\\/#\\\/schema\\\/person\\\/e22bdfbe17e0461f7e927e6a1208d4d9\"},\"headline\":\"Tempos de cultura &#8211; EG. O jornal digital. Not\u00edcias. Presente\",\"datePublished\":\"2023-04-05T08:00:47+00:00\",\"mainEntityOfPage\":{\"@id\":\"https:\\\/\\\/tirinha.com\\\/1051\\\/tempos-de-cultura-eg-o-jornal-digital-noticias-presente\\\/\"},\"wordCount\":468,\"commentCount\":0,\"publisher\":{\"@id\":\"https:\\\/\\\/tirinha.com\\\/#organization\"},\"image\":{\"@id\":\"https:\\\/\\\/tirinha.com\\\/1051\\\/tempos-de-cultura-eg-o-jornal-digital-noticias-presente\\\/#primaryimage\"},\"thumbnailUrl\":\"https:\\\/\\\/i2.wp.com\\\/elgeneracionalpost.com\\\/wp-content\\\/uploads\\\/2018\\\/11\\\/810787.jpg?fit=370,277&ssl=1\",\"articleSection\":[\"Cultura e lazer\"],\"inLanguage\":\"hr\",\"potentialAction\":[{\"@type\":\"CommentAction\",\"name\":\"Comment\",\"target\":[\"https:\\\/\\\/tirinha.com\\\/1051\\\/tempos-de-cultura-eg-o-jornal-digital-noticias-presente\\\/#respond\"]}]},{\"@type\":\"WebPage\",\"@id\":\"https:\\\/\\\/tirinha.com\\\/1051\\\/tempos-de-cultura-eg-o-jornal-digital-noticias-presente\\\/\",\"url\":\"https:\\\/\\\/tirinha.com\\\/1051\\\/tempos-de-cultura-eg-o-jornal-digital-noticias-presente\\\/\",\"name\":\"Tempos de cultura - EG. O jornal digital. Not\u00edcias. Presente - Tirinha.com\",\"isPartOf\":{\"@id\":\"https:\\\/\\\/tirinha.com\\\/#website\"},\"primaryImageOfPage\":{\"@id\":\"https:\\\/\\\/tirinha.com\\\/1051\\\/tempos-de-cultura-eg-o-jornal-digital-noticias-presente\\\/#primaryimage\"},\"image\":{\"@id\":\"https:\\\/\\\/tirinha.com\\\/1051\\\/tempos-de-cultura-eg-o-jornal-digital-noticias-presente\\\/#primaryimage\"},\"thumbnailUrl\":\"https:\\\/\\\/i2.wp.com\\\/elgeneracionalpost.com\\\/wp-content\\\/uploads\\\/2018\\\/11\\\/810787.jpg?fit=370,277&ssl=1\",\"datePublished\":\"2023-04-05T08:00:47+00:00\",\"breadcrumb\":{\"@id\":\"https:\\\/\\\/tirinha.com\\\/1051\\\/tempos-de-cultura-eg-o-jornal-digital-noticias-presente\\\/#breadcrumb\"},\"inLanguage\":\"hr\",\"potentialAction\":[{\"@type\":\"ReadAction\",\"target\":[\"https:\\\/\\\/tirinha.com\\\/1051\\\/tempos-de-cultura-eg-o-jornal-digital-noticias-presente\\\/\"]}]},{\"@type\":\"ImageObject\",\"inLanguage\":\"hr\",\"@id\":\"https:\\\/\\\/tirinha.com\\\/1051\\\/tempos-de-cultura-eg-o-jornal-digital-noticias-presente\\\/#primaryimage\",\"url\":\"https:\\\/\\\/i2.wp.com\\\/elgeneracionalpost.com\\\/wp-content\\\/uploads\\\/2018\\\/11\\\/810787.jpg?fit=370,277&ssl=1\",\"contentUrl\":\"https:\\\/\\\/i2.wp.com\\\/elgeneracionalpost.com\\\/wp-content\\\/uploads\\\/2018\\\/11\\\/810787.jpg?fit=370,277&ssl=1\"},{\"@type\":\"BreadcrumbList\",\"@id\":\"https:\\\/\\\/tirinha.com\\\/1051\\\/tempos-de-cultura-eg-o-jornal-digital-noticias-presente\\\/#breadcrumb\",\"itemListElement\":[{\"@type\":\"ListItem\",\"position\":1,\"name\":\"Home\",\"item\":\"https:\\\/\\\/tirinha.com\\\/\"},{\"@type\":\"ListItem\",\"position\":2,\"name\":\"Tempos de cultura &#8211; EG. O jornal digital. Not\u00edcias. Presente\"}]},{\"@type\":\"WebSite\",\"@id\":\"https:\\\/\\\/tirinha.com\\\/#website\",\"url\":\"https:\\\/\\\/tirinha.com\\\/\",\"name\":\"Tirinha.com\",\"description\":\"Arte e livros resenhas\",\"publisher\":{\"@id\":\"https:\\\/\\\/tirinha.com\\\/#organization\"},\"potentialAction\":[{\"@type\":\"SearchAction\",\"target\":{\"@type\":\"EntryPoint\",\"urlTemplate\":\"https:\\\/\\\/tirinha.com\\\/?s={search_term_string}\"},\"query-input\":{\"@type\":\"PropertyValueSpecification\",\"valueRequired\":true,\"valueName\":\"search_term_string\"}}],\"inLanguage\":\"hr\"},{\"@type\":\"Organization\",\"@id\":\"https:\\\/\\\/tirinha.com\\\/#organization\",\"name\":\"Tirinha.com\",\"url\":\"https:\\\/\\\/tirinha.com\\\/\",\"logo\":{\"@type\":\"ImageObject\",\"inLanguage\":\"hr\",\"@id\":\"https:\\\/\\\/tirinha.com\\\/#\\\/schema\\\/logo\\\/image\\\/\",\"url\":\"https:\\\/\\\/tirinha.com\\\/wp-content\\\/uploads\\\/2023\\\/08\\\/cropped-Logo-Tirinha.webp\",\"contentUrl\":\"https:\\\/\\\/tirinha.com\\\/wp-content\\\/uploads\\\/2023\\\/08\\\/cropped-Logo-Tirinha.webp\",\"width\":512,\"height\":512,\"caption\":\"Tirinha.com\"},\"image\":{\"@id\":\"https:\\\/\\\/tirinha.com\\\/#\\\/schema\\\/logo\\\/image\\\/\"}},{\"@type\":\"Person\",\"@id\":\"https:\\\/\\\/tirinha.com\\\/#\\\/schema\\\/person\\\/e22bdfbe17e0461f7e927e6a1208d4d9\",\"name\":\"admin\",\"image\":{\"@type\":\"ImageObject\",\"inLanguage\":\"hr\",\"@id\":\"https:\\\/\\\/tirinha.com\\\/wp-content\\\/litespeed\\\/avatar\\\/d0068f7931cc87d7274eb0c3db1deb4b.jpg?ver=1776829466\",\"url\":\"https:\\\/\\\/tirinha.com\\\/wp-content\\\/litespeed\\\/avatar\\\/d0068f7931cc87d7274eb0c3db1deb4b.jpg?ver=1776829466\",\"contentUrl\":\"https:\\\/\\\/tirinha.com\\\/wp-content\\\/litespeed\\\/avatar\\\/d0068f7931cc87d7274eb0c3db1deb4b.jpg?ver=1776829466\",\"caption\":\"admin\"},\"sameAs\":[\"https:\\\/\\\/tirinha.com\"],\"url\":\"https:\\\/\\\/tirinha.com\\\/hr\\\/author\\\/admin\\\/\"}]}<\/script>\n<!-- \/ Yoast SEO plugin. -->","yoast_head_json":{"title":"Times of Culture - EG. Digitalne novine. Vijesti. Sada\u0161njost - Tirinha.com","robots":{"index":"index","follow":"follow","max-snippet":"max-snippet:-1","max-image-preview":"max-image-preview:large","max-video-preview":"max-video-preview:-1"},"canonical":"https:\/\/tirinha.com\/hr\/1051\/vremena-kulture-npr-digitalne-novine-vijesti-sadasnjost\/","og_locale":"hr_HR","og_type":"article","og_title":"Tempos de cultura - EG. O jornal digital. Not\u00edcias. Presente - Tirinha.com","og_description":"Muitos acreditam que a cultura n\u00e3o \u00e9 mais o que era, talvez apenas tenha evolu\u00eddo Fotografia de Cultura Almu\u00f1\u00e9car \u2013 &hellip;","og_url":"https:\/\/tirinha.com\/hr\/1051\/vremena-kulture-npr-digitalne-novine-vijesti-sadasnjost\/","og_site_name":"Tirinha.com","article_published_time":"2023-04-05T08:00:47+00:00","og_image":[{"url":"https:\/\/i2.wp.com\/elgeneracionalpost.com\/wp-content\/uploads\/2018\/11\/810787.jpg?fit=370,277&ssl=1","type":"","width":"","height":""}],"author":"admin","twitter_card":"summary_large_image","twitter_image":"https:\/\/i2.wp.com\/elgeneracionalpost.com\/wp-content\/uploads\/2018\/11\/810787.jpg?fit=370,277&ssl=1","twitter_misc":{"Napisao\/la":"admin","Procijenjeno vrijeme \u010ditanja":"2 minute"},"schema":{"@context":"https:\/\/schema.org","@graph":[{"@type":"Article","@id":"https:\/\/tirinha.com\/1051\/tempos-de-cultura-eg-o-jornal-digital-noticias-presente\/#article","isPartOf":{"@id":"https:\/\/tirinha.com\/1051\/tempos-de-cultura-eg-o-jornal-digital-noticias-presente\/"},"author":{"name":"admin","@id":"https:\/\/tirinha.com\/#\/schema\/person\/e22bdfbe17e0461f7e927e6a1208d4d9"},"headline":"Tempos de cultura &#8211; EG. O jornal digital. Not\u00edcias. Presente","datePublished":"2023-04-05T08:00:47+00:00","mainEntityOfPage":{"@id":"https:\/\/tirinha.com\/1051\/tempos-de-cultura-eg-o-jornal-digital-noticias-presente\/"},"wordCount":468,"commentCount":0,"publisher":{"@id":"https:\/\/tirinha.com\/#organization"},"image":{"@id":"https:\/\/tirinha.com\/1051\/tempos-de-cultura-eg-o-jornal-digital-noticias-presente\/#primaryimage"},"thumbnailUrl":"https:\/\/i2.wp.com\/elgeneracionalpost.com\/wp-content\/uploads\/2018\/11\/810787.jpg?fit=370,277&ssl=1","articleSection":["Cultura e lazer"],"inLanguage":"hr","potentialAction":[{"@type":"CommentAction","name":"Comment","target":["https:\/\/tirinha.com\/1051\/tempos-de-cultura-eg-o-jornal-digital-noticias-presente\/#respond"]}]},{"@type":"WebPage","@id":"https:\/\/tirinha.com\/1051\/tempos-de-cultura-eg-o-jornal-digital-noticias-presente\/","url":"https:\/\/tirinha.com\/1051\/tempos-de-cultura-eg-o-jornal-digital-noticias-presente\/","name":"Times of Culture - EG. Digitalne novine. Vijesti. Sada\u0161njost - Tirinha.com","isPartOf":{"@id":"https:\/\/tirinha.com\/#website"},"primaryImageOfPage":{"@id":"https:\/\/tirinha.com\/1051\/tempos-de-cultura-eg-o-jornal-digital-noticias-presente\/#primaryimage"},"image":{"@id":"https:\/\/tirinha.com\/1051\/tempos-de-cultura-eg-o-jornal-digital-noticias-presente\/#primaryimage"},"thumbnailUrl":"https:\/\/i2.wp.com\/elgeneracionalpost.com\/wp-content\/uploads\/2018\/11\/810787.jpg?fit=370,277&ssl=1","datePublished":"2023-04-05T08:00:47+00:00","breadcrumb":{"@id":"https:\/\/tirinha.com\/1051\/tempos-de-cultura-eg-o-jornal-digital-noticias-presente\/#breadcrumb"},"inLanguage":"hr","potentialAction":[{"@type":"ReadAction","target":["https:\/\/tirinha.com\/1051\/tempos-de-cultura-eg-o-jornal-digital-noticias-presente\/"]}]},{"@type":"ImageObject","inLanguage":"hr","@id":"https:\/\/tirinha.com\/1051\/tempos-de-cultura-eg-o-jornal-digital-noticias-presente\/#primaryimage","url":"https:\/\/i2.wp.com\/elgeneracionalpost.com\/wp-content\/uploads\/2018\/11\/810787.jpg?fit=370,277&ssl=1","contentUrl":"https:\/\/i2.wp.com\/elgeneracionalpost.com\/wp-content\/uploads\/2018\/11\/810787.jpg?fit=370,277&ssl=1"},{"@type":"BreadcrumbList","@id":"https:\/\/tirinha.com\/1051\/tempos-de-cultura-eg-o-jornal-digital-noticias-presente\/#breadcrumb","itemListElement":[{"@type":"ListItem","position":1,"name":"Home","item":"https:\/\/tirinha.com\/"},{"@type":"ListItem","position":2,"name":"Tempos de cultura &#8211; EG. O jornal digital. Not\u00edcias. Presente"}]},{"@type":"WebSite","@id":"https:\/\/tirinha.com\/#website","url":"https:\/\/tirinha.com\/","name":"Stripovi.com","description":"Prikazi umjetnosti i knjiga","publisher":{"@id":"https:\/\/tirinha.com\/#organization"},"potentialAction":[{"@type":"SearchAction","target":{"@type":"EntryPoint","urlTemplate":"https:\/\/tirinha.com\/?s={search_term_string}"},"query-input":{"@type":"PropertyValueSpecification","valueRequired":true,"valueName":"search_term_string"}}],"inLanguage":"hr"},{"@type":"Organization","@id":"https:\/\/tirinha.com\/#organization","name":"Stripovi.com","url":"https:\/\/tirinha.com\/","logo":{"@type":"ImageObject","inLanguage":"hr","@id":"https:\/\/tirinha.com\/#\/schema\/logo\/image\/","url":"https:\/\/tirinha.com\/wp-content\/uploads\/2023\/08\/cropped-Logo-Tirinha.webp","contentUrl":"https:\/\/tirinha.com\/wp-content\/uploads\/2023\/08\/cropped-Logo-Tirinha.webp","width":512,"height":512,"caption":"Tirinha.com"},"image":{"@id":"https:\/\/tirinha.com\/#\/schema\/logo\/image\/"}},{"@type":"Person","@id":"https:\/\/tirinha.com\/#\/schema\/person\/e22bdfbe17e0461f7e927e6a1208d4d9","name":"admin","image":{"@type":"ImageObject","inLanguage":"hr","@id":"https:\/\/tirinha.com\/wp-content\/litespeed\/avatar\/d0068f7931cc87d7274eb0c3db1deb4b.jpg?ver=1776829466","url":"https:\/\/tirinha.com\/wp-content\/litespeed\/avatar\/d0068f7931cc87d7274eb0c3db1deb4b.jpg?ver=1776829466","contentUrl":"https:\/\/tirinha.com\/wp-content\/litespeed\/avatar\/d0068f7931cc87d7274eb0c3db1deb4b.jpg?ver=1776829466","caption":"admin"},"sameAs":["https:\/\/tirinha.com"],"url":"https:\/\/tirinha.com\/hr\/author\/admin\/"}]}},"_links":{"self":[{"href":"https:\/\/tirinha.com\/hr\/wp-json\/wp\/v2\/posts\/1051","targetHints":{"allow":["GET"]}}],"collection":[{"href":"https:\/\/tirinha.com\/hr\/wp-json\/wp\/v2\/posts"}],"about":[{"href":"https:\/\/tirinha.com\/hr\/wp-json\/wp\/v2\/types\/post"}],"author":[{"embeddable":true,"href":"https:\/\/tirinha.com\/hr\/wp-json\/wp\/v2\/users\/1"}],"replies":[{"embeddable":true,"href":"https:\/\/tirinha.com\/hr\/wp-json\/wp\/v2\/comments?post=1051"}],"version-history":[{"count":0,"href":"https:\/\/tirinha.com\/hr\/wp-json\/wp\/v2\/posts\/1051\/revisions"}],"wp:featuredmedia":[{"embeddable":true,"href":"https:\/\/tirinha.com\/hr\/wp-json\/wp\/v2\/media\/1052"}],"wp:attachment":[{"href":"https:\/\/tirinha.com\/hr\/wp-json\/wp\/v2\/media?parent=1051"}],"wp:term":[{"taxonomy":"category","embeddable":true,"href":"https:\/\/tirinha.com\/hr\/wp-json\/wp\/v2\/categories?post=1051"},{"taxonomy":"post_tag","embeddable":true,"href":"https:\/\/tirinha.com\/hr\/wp-json\/wp\/v2\/tags?post=1051"}],"curies":[{"name":"radni list","href":"https:\/\/api.w.org\/{rel}","templated":true}]}}