{"id":1036,"date":"2023-04-04T09:23:12","date_gmt":"2023-04-04T09:23:12","guid":{"rendered":"https:\/\/tirinha.com\/cinco-livros-para-ler-aos-20-anos\/"},"modified":"2023-04-04T09:23:12","modified_gmt":"2023-04-04T09:23:12","slug":"pet-knjiga-koje-treba-procitati-kada-imas-20-godina","status":"publish","type":"post","link":"https:\/\/tirinha.com\/hr\/1036\/cinco-livros-para-ler-aos-20-anos\/","title":{"rendered":"Pet knjiga za \u010ditanje u 20-ima"},"content":{"rendered":"<p><\/p>\n<div>\n<h2>Knjige ako ne zna\u0161 svoje mjesto u svijetu<\/h2>\n<p><strong>Ulazak u dvadesete za mnoge je ulazak u odraslu dob. Po\u010dinju kao burne godine u kojima ne zna\u0161 kamo bi i \u0161to bi. U osnovi ste izgubljeni. Dobro je imati u blizini knjigu koja vas podsje\u0107a da je sve to normalno.<\/strong><\/p>\n<p>Knjige u koje se treba skloniti. Govore o ljubavi, gubitku, ali prije svega govore o ljudskim odnosima. Ono \u0161to je beskrajno i trajno, jer <strong>ljudi su sve \u0161to imamo<\/strong>. A \u0161to \u0107emo imati? Ikad.<\/p>\n<h3><em>Normalni ljudi<\/em> (<em>normalni ljudi<\/em>)<\/h3>\n<figure id=\"attachment_84618\" aria-describedby=\"caption-attachment-84618\" style=\"width: 331px\" class=\"wp-caption aligncenter\"><img fetchpriority=\"high\" data-attachment-id=\"84618\" data-permalink=\"https:\/\/elgeneracionalpost.com\/cultura\/2023\/0404\/84605\/cinco-libros-para-leer-en-tus-20.html\/attachment\/normal-people-2\" data-orig-file=\"https:\/\/i0.wp.com\/elgeneracionalpost.com\/wp-content\/uploads\/2023\/04\/normal-people.jpg?fit=552%2C930&amp;ssl=1\" data-orig-size=\"552,930\" data-comments-opened=\"0\" data-image-meta=\"{&quot;aperture&quot;:&quot;0&quot;,&quot;credit&quot;:&quot;&quot;,&quot;camera&quot;:&quot;&quot;,&quot;caption&quot;:&quot;&quot;,&quot;created_timestamp&quot;:&quot;0&quot;,&quot;copyright&quot;:&quot;&quot;,&quot;focal_length&quot;:&quot;0&quot;,&quot;iso&quot;:&quot;0&quot;,&quot;shutter_speed&quot;:&quot;0&quot;,&quot;title&quot;:&quot;&quot;,&quot;orientation&quot;:&quot;0&quot;}\" data-image-title=\"normal people\" data-image-description=\"\" data-image-caption=\"\" data-medium-file=\"https:\/\/i0.wp.com\/elgeneracionalpost.com\/wp-content\/uploads\/2023\/04\/normal-people.jpg?fit=178%2C300&amp;ssl=1\" data-large-file=\"https:\/\/i0.wp.com\/elgeneracionalpost.com\/wp-content\/uploads\/2023\/04\/normal-people.jpg?fit=552%2C930&amp;ssl=1\" decoding=\"async\" class=\"wp-image-84618  jetpack-lazy-image\" src=\"https:\/\/i0.wp.com\/elgeneracionalpost.com\/wp-content\/uploads\/2023\/04\/normal-people.jpg?resize=331%2C558&amp;ssl=1\" alt=\"Prva stranica \u010dasopisa Gente Normal, izdava\u010da Random House Literature | Izvor: Casa do Livro\" width=\"331\" height=\"558\" data-recalc-dims=\"1\" data-lazy-srcset=\"https:\/\/i0.wp.com\/elgeneracionalpost.com\/wp-content\/uploads\/2023\/04\/normal-people.jpg?resize=178%2C300&amp;ssl=1 178w, https:\/\/i0.wp.com\/elgeneracionalpost.com\/wp-content\/uploads\/2023\/04\/normal-people.jpg?resize=150%2C253&amp;ssl=1 150w, https:\/\/i0.wp.com\/elgeneracionalpost.com\/wp-content\/uploads\/2023\/04\/normal-people.jpg?resize=300%2C505&amp;ssl=1 300w, https:\/\/i0.wp.com\/elgeneracionalpost.com\/wp-content\/uploads\/2023\/04\/normal-people.jpg?w=552&amp;ssl=1 552w\" data-lazy-sizes=\"(max-width: 331px) 100vw, 331px\" data-lazy-src=\"https:\/\/i0.wp.com\/elgeneracionalpost.com\/wp-content\/uploads\/2023\/04\/normal-people.jpg?resize=331%2C558&amp;is-pending-load=1#038;ssl=1\" srcset=\"data:image\/gif;base64,R0lGODlhAQABAIAAAAAAAP\/\/\/yH5BAEAAAAALAAAAAABAAEAAAIBRAA7\"\/><noscript><img data-lazy-fallback=\"1\" data-attachment-id=\"84618\" data-permalink=\"https:\/\/elgeneracionalpost.com\/cultura\/2023\/0404\/84605\/cinco-libros-para-leer-en-tus-20.html\/attachment\/normal-people-2\" data-orig-file=\"https:\/\/i0.wp.com\/elgeneracionalpost.com\/wp-content\/uploads\/2023\/04\/normal-people.jpg?fit=552%2C930&amp;ssl=1\" data-orig-size=\"552,930\" data-comments-opened=\"0\" data-image-meta=\"{&quot;aperture&quot;:&quot;0&quot;,&quot;credit&quot;:&quot;&quot;,&quot;camera&quot;:&quot;&quot;,&quot;caption&quot;:&quot;&quot;,&quot;created_timestamp&quot;:&quot;0&quot;,&quot;copyright&quot;:&quot;&quot;,&quot;focal_length&quot;:&quot;0&quot;,&quot;iso&quot;:&quot;0&quot;,&quot;shutter_speed&quot;:&quot;0&quot;,&quot;title&quot;:&quot;&quot;,&quot;orientation&quot;:&quot;0&quot;}\" data-image-title=\"normal people\" data-image-description=\"\" data-image-caption=\"\" data-medium-file=\"https:\/\/i0.wp.com\/elgeneracionalpost.com\/wp-content\/uploads\/2023\/04\/normal-people.jpg?fit=178%2C300&amp;ssl=1\" data-large-file=\"https:\/\/i0.wp.com\/elgeneracionalpost.com\/wp-content\/uploads\/2023\/04\/normal-people.jpg?fit=552%2C930&amp;ssl=1\" decoding=\"async\" class=\"wp-image-84618\" src=\"https:\/\/i0.wp.com\/elgeneracionalpost.com\/wp-content\/uploads\/2023\/04\/normal-people.jpg?resize=331%2C558&amp;ssl=1\" alt=\"Prva stranica \u010dasopisa Gente Normal, izdava\u010da Random House Literature | Izvor: Casa do Livro\" width=\"331\" height=\"558\" srcset=\"https:\/\/i0.wp.com\/elgeneracionalpost.com\/wp-content\/uploads\/2023\/04\/normal-people.jpg?resize=178%2C300&amp;ssl=1 178w, https:\/\/i0.wp.com\/elgeneracionalpost.com\/wp-content\/uploads\/2023\/04\/normal-people.jpg?resize=150%2C253&amp;ssl=1 150w, https:\/\/i0.wp.com\/elgeneracionalpost.com\/wp-content\/uploads\/2023\/04\/normal-people.jpg?resize=300%2C505&amp;ssl=1 300w, https:\/\/i0.wp.com\/elgeneracionalpost.com\/wp-content\/uploads\/2023\/04\/normal-people.jpg?w=552&amp;ssl=1 552w\" sizes=\"(max-width: 331px) 100vw, 331px\" data-recalc-dims=\"1\"\/><\/noscript><figcaption id=\"caption-attachment-84618\" class=\"wp-caption-text\">Prva stranica \u010dasopisa Gente Normal, izdava\u010da Random House Literature | Izvor: Casa do Livro<\/figcaption><\/figure>\n<p>Nepobitno je da <strong>Sally Rooney<\/strong> (Irska, 1991.) glas je generacije. Iako je istina da njegova tri romana, <em>razgovori me\u0111u prijateljima<\/em>, <em>Normalni ljudi<\/em> to je <em>gdje si lijepi svijete<\/em> lije\u010diti sve <strong>peripetije \u017eivota u 21. stolje\u0107u u dobi od 20 godina<\/strong>Drugo je ono \u0161to najbolje do\u010darava njezinu bit kao spisateljice. To je, na neki na\u010din, njegovo remek-djelo.<\/p>\n<p><strong><em>Normalni ljudi<\/em><\/strong>  slijediti <strong>Connell<\/strong> to je <strong>Marianne<\/strong> od vremena na institutu do zavr\u0161etka Sveu\u010dili\u0161ta. Tijekom tog razdoblja oni neprestano izlaze i prekidaju vezu. Ali svaki put kad se ponovno sretnu, vi\u0161e nisu isti. U\u010dili su jedni od drugih i rasli jedni od drugih. Je <strong>razgovorni roman<\/strong>. Sadr\u017ee male detalje koji svaki lik \u010dine a <strong>difuzna figura izme\u0111u fikcije i stvarnosti<\/strong>. Rooney na svojim stranicama uspijeva uhvatiti opsesije i borbe izme\u0111u dvoje ljudi koji u svakom trenutku poku\u0161avaju <strong>da se razumijemo<\/strong>. Na kraju se sve svodi na ovo.<\/p>\n<p>Njegova adaptacija televizijske serije iz 2020. katapultirala je pri\u010du o Connellu i Marianne do slave, s dvije izvrsne <strong>Paulo Mescal<\/strong> to je <strong>Daisy Edgar-Jones<\/strong> u glavnim ulogama, koji je ve\u0107 ciljao biti dva velika imena u industriji (prvi ve\u0107 ima prvu nominaciju za Oscara).<\/p>\n<h3><em>tokijski blues<\/em> (<em>Norve\u0161ko drvo<\/em>)<\/h3>\n<figure id=\"attachment_84620\" aria-describedby=\"caption-attachment-84620\" style=\"width: 278px\" class=\"wp-caption aligncenter\"><img data-attachment-id=\"84620\" data-permalink=\"https:\/\/elgeneracionalpost.com\/cultura\/2023\/0404\/84605\/cinco-libros-para-leer-en-tus-20.html\/attachment\/tokio-blues\" data-orig-file=\"https:\/\/i0.wp.com\/elgeneracionalpost.com\/wp-content\/uploads\/2023\/04\/tokio-blues.jpg?fit=552%2C840&amp;ssl=1\" data-orig-size=\"552,840\" data-comments-opened=\"0\" data-image-meta=\"{&quot;aperture&quot;:&quot;0&quot;,&quot;credit&quot;:&quot;&quot;,&quot;camera&quot;:&quot;&quot;,&quot;caption&quot;:&quot;&quot;,&quot;created_timestamp&quot;:&quot;0&quot;,&quot;copyright&quot;:&quot;&quot;,&quot;focal_length&quot;:&quot;0&quot;,&quot;iso&quot;:&quot;0&quot;,&quot;shutter_speed&quot;:&quot;0&quot;,&quot;title&quot;:&quot;&quot;,&quot;orientation&quot;:&quot;0&quot;}\" data-image-title=\"Portada de Tokio Blues, editado por Tusquets Editores | Fuente: Casa del Libro\" data-image-description=\"\" data-image-caption=\"&lt;p&gt;Portada de Tokio Blues, editado por Tusquets Editores | Fuente: Casa del Libro&lt;\/p&gt;&#10;\" data-medium-file=\"https:\/\/i0.wp.com\/elgeneracionalpost.com\/wp-content\/uploads\/2023\/04\/tokio-blues.jpg?fit=197%2C300&amp;ssl=1\" data-large-file=\"https:\/\/i0.wp.com\/elgeneracionalpost.com\/wp-content\/uploads\/2023\/04\/tokio-blues.jpg?fit=552%2C840&amp;ssl=1\" decoding=\"async\" class=\"wp-image-84620 jetpack-lazy-image\" src=\"https:\/\/i0.wp.com\/elgeneracionalpost.com\/wp-content\/uploads\/2023\/04\/tokio-blues.jpg?resize=278%2C423&amp;ssl=1\" alt=\"Naslovnica Tokio Bluesa, izdava\u010d Tusquets Editores | Izvor: Casa do Livro\" width=\"278\" height=\"423\" data-recalc-dims=\"1\" data-lazy-srcset=\"https:\/\/i0.wp.com\/elgeneracionalpost.com\/wp-content\/uploads\/2023\/04\/tokio-blues.jpg?resize=197%2C300&amp;ssl=1 197w, https:\/\/i0.wp.com\/elgeneracionalpost.com\/wp-content\/uploads\/2023\/04\/tokio-blues.jpg?resize=150%2C228&amp;ssl=1 150w, https:\/\/i0.wp.com\/elgeneracionalpost.com\/wp-content\/uploads\/2023\/04\/tokio-blues.jpg?resize=300%2C457&amp;ssl=1 300w, https:\/\/i0.wp.com\/elgeneracionalpost.com\/wp-content\/uploads\/2023\/04\/tokio-blues.jpg?w=552&amp;ssl=1 552w\" data-lazy-sizes=\"(max-width: 278px) 100vw, 278px\" data-lazy-src=\"https:\/\/i0.wp.com\/elgeneracionalpost.com\/wp-content\/uploads\/2023\/04\/tokio-blues.jpg?resize=278%2C423&amp;is-pending-load=1#038;ssl=1\" srcset=\"data:image\/gif;base64,R0lGODlhAQABAIAAAAAAAP\/\/\/yH5BAEAAAAALAAAAAABAAEAAAIBRAA7\"\/><noscript><img loading=\"lazy\" data-lazy-fallback=\"1\" data-attachment-id=\"84620\" data-permalink=\"https:\/\/elgeneracionalpost.com\/cultura\/2023\/0404\/84605\/cinco-libros-para-leer-en-tus-20.html\/attachment\/tokio-blues\" data-orig-file=\"https:\/\/i0.wp.com\/elgeneracionalpost.com\/wp-content\/uploads\/2023\/04\/tokio-blues.jpg?fit=552%2C840&amp;ssl=1\" data-orig-size=\"552,840\" data-comments-opened=\"0\" data-image-meta=\"{&quot;aperture&quot;:&quot;0&quot;,&quot;credit&quot;:&quot;&quot;,&quot;camera&quot;:&quot;&quot;,&quot;caption&quot;:&quot;&quot;,&quot;created_timestamp&quot;:&quot;0&quot;,&quot;copyright&quot;:&quot;&quot;,&quot;focal_length&quot;:&quot;0&quot;,&quot;iso&quot;:&quot;0&quot;,&quot;shutter_speed&quot;:&quot;0&quot;,&quot;title&quot;:&quot;&quot;,&quot;orientation&quot;:&quot;0&quot;}\" data-image-title=\"Portada de Tokio Blues, editado por Tusquets Editores | Fuente: Casa del Libro\" data-image-description=\"\" data-image-caption=\"&lt;p&gt;Portada de Tokio Blues, editado por Tusquets Editores | Fuente: Casa del Libro&lt;\/p&gt;&#10;\" data-medium-file=\"https:\/\/i0.wp.com\/elgeneracionalpost.com\/wp-content\/uploads\/2023\/04\/tokio-blues.jpg?fit=197%2C300&amp;ssl=1\" data-large-file=\"https:\/\/i0.wp.com\/elgeneracionalpost.com\/wp-content\/uploads\/2023\/04\/tokio-blues.jpg?fit=552%2C840&amp;ssl=1\" decoding=\"async\" class=\"wp-image-84620\" src=\"https:\/\/i0.wp.com\/elgeneracionalpost.com\/wp-content\/uploads\/2023\/04\/tokio-blues.jpg?resize=278%2C423&amp;ssl=1\" alt=\"Naslovnica Tokio Bluesa, izdava\u010d Tusquets Editores | Izvor: Casa do Livro\" width=\"278\" height=\"423\" srcset=\"https:\/\/i0.wp.com\/elgeneracionalpost.com\/wp-content\/uploads\/2023\/04\/tokio-blues.jpg?resize=197%2C300&amp;ssl=1 197w, https:\/\/i0.wp.com\/elgeneracionalpost.com\/wp-content\/uploads\/2023\/04\/tokio-blues.jpg?resize=150%2C228&amp;ssl=1 150w, https:\/\/i0.wp.com\/elgeneracionalpost.com\/wp-content\/uploads\/2023\/04\/tokio-blues.jpg?resize=300%2C457&amp;ssl=1 300w, https:\/\/i0.wp.com\/elgeneracionalpost.com\/wp-content\/uploads\/2023\/04\/tokio-blues.jpg?w=552&amp;ssl=1 552w\" sizes=\"auto, (max-width: 278px) 100vw, 278px\" data-recalc-dims=\"1\"\/><\/noscript><figcaption id=\"caption-attachment-84620\" class=\"wp-caption-text\">Naslovnica Tokio Bluesa, izdava\u010d Tusquets Editores | Izvor: Casa do Livro<\/figcaption><\/figure>\n<p>Koliko bolno, toliko i utje\u0161no, <strong><em>tokijski blues<\/em><\/strong>  (<strong><em>Norve\u0161ko drvo<\/em><\/strong>  u originalu), prati mlade Japance <strong>Toru<\/strong> na prvoj godini fakulteta, nakon smrti svog najboljeg prijatelja. Kroz roman, Toru se nalazi na prijelomnoj to\u010dki izme\u0111u pro\u0161losti i budu\u0107nosti, ne znaju\u0107i odakle dolazi, ali i ne znaju\u0107i kamo ide. Murakami to predstavlja kroz dvije \u017eene koje \u0107e biti klju\u010dne u \u017eivotu protagonista: <strong>naoko<\/strong>, emotivan i biv\u0161i partner svog najboljeg prijatelja; to je <strong>Midori<\/strong>tvoj ekstrovertirani kolega iz razreda.<\/p>\n<p>Knjiga se uglavnom bavi <strong>gubitak<\/strong>ali njegov drugi glavni motor je <strong>seksualnost<\/strong>. Obje se teme isprepli\u0107u kroz pri\u010du, poput dva velika titana koji se bore za kontrolu nad \u017eivotom protagonista. <strong>refleksije<\/strong> o smrti, seksu i samo\u0107i provla\u010de se kroz svaku stranicu knjige i u\u017eitak ih je \u010ditati okorjelom \u010ditatelju.<\/p>\n<p><strong>Haruki Murakami<\/strong> (Japan, 1949.) objavljeno <em>Norve\u0161ko drvo <\/em>1987. i do danas je i dalje referenca za one \u010ditatelje koji osje\u0107aju <strong>izgubljen u ranoj odrasloj dobi<\/strong>. S vlastitim pisanjem, Murakami je uvijek jedan od oklada za nagradu <strong>Nobelova nagrada za knji\u017eevnost<\/strong>ali \u010dini se da mu nagrada izmi\u010de iz ruku.<\/p>\n<h3><em>pono\u0107na knji\u017enica<\/em><\/h3>\n<figure id=\"attachment_84622\" aria-describedby=\"caption-attachment-84622\" style=\"width: 285px\" class=\"wp-caption aligncenter\"><img loading=\"lazy\" data-attachment-id=\"84622\" data-permalink=\"https:\/\/elgeneracionalpost.com\/cultura\/2023\/0404\/84605\/cinco-libros-para-leer-en-tus-20.html\/attachment\/biblioteca-de-la-medianoche\" data-orig-file=\"https:\/\/i0.wp.com\/elgeneracionalpost.com\/wp-content\/uploads\/2023\/04\/biblioteca-de-la-medianoche.jpg?fit=552%2C825&amp;ssl=1\" data-orig-size=\"552,825\" data-comments-opened=\"0\" data-image-meta=\"{&quot;aperture&quot;:&quot;0&quot;,&quot;credit&quot;:&quot;&quot;,&quot;camera&quot;:&quot;&quot;,&quot;caption&quot;:&quot;&quot;,&quot;created_timestamp&quot;:&quot;0&quot;,&quot;copyright&quot;:&quot;&quot;,&quot;focal_length&quot;:&quot;0&quot;,&quot;iso&quot;:&quot;0&quot;,&quot;shutter_speed&quot;:&quot;0&quot;,&quot;title&quot;:&quot;&quot;,&quot;orientation&quot;:&quot;0&quot;}\" data-image-title=\"Portada de La Biblioteca de la Medianoche, editado por Alianza Editorial | Fuente: Casa del Libro\" data-image-description=\"&lt;p&gt;Portada de La Biblioteca de la Medianoche, editado por Alianza Editorial | Fuente: Casa del Libro&lt;\/p&gt;&#10;\" data-image-caption=\"&lt;p&gt;Portada de La Biblioteca de la Medianoche, editado por Alianza Editorial | Fuente: Casa del Libro&lt;\/p&gt;&#10;\" data-medium-file=\"https:\/\/i0.wp.com\/elgeneracionalpost.com\/wp-content\/uploads\/2023\/04\/biblioteca-de-la-medianoche.jpg?fit=201%2C300&amp;ssl=1\" data-large-file=\"https:\/\/i0.wp.com\/elgeneracionalpost.com\/wp-content\/uploads\/2023\/04\/biblioteca-de-la-medianoche.jpg?fit=552%2C825&amp;ssl=1\" decoding=\"async\" class=\"wp-image-84622 jetpack-lazy-image\" src=\"https:\/\/i0.wp.com\/elgeneracionalpost.com\/wp-content\/uploads\/2023\/04\/biblioteca-de-la-medianoche.jpg?resize=285%2C425&amp;ssl=1\" alt=\"Naslovnica La Biblioteca de la Medianoche, uredila Alianza Editorial | Izvor: Casa do Livro\" width=\"285\" height=\"425\" data-recalc-dims=\"1\" data-lazy-srcset=\"https:\/\/i0.wp.com\/elgeneracionalpost.com\/wp-content\/uploads\/2023\/04\/biblioteca-de-la-medianoche.jpg?resize=201%2C300&amp;ssl=1 201w, https:\/\/i0.wp.com\/elgeneracionalpost.com\/wp-content\/uploads\/2023\/04\/biblioteca-de-la-medianoche.jpg?resize=150%2C224&amp;ssl=1 150w, https:\/\/i0.wp.com\/elgeneracionalpost.com\/wp-content\/uploads\/2023\/04\/biblioteca-de-la-medianoche.jpg?resize=300%2C448&amp;ssl=1 300w, https:\/\/i0.wp.com\/elgeneracionalpost.com\/wp-content\/uploads\/2023\/04\/biblioteca-de-la-medianoche.jpg?w=552&amp;ssl=1 552w\" data-lazy-sizes=\"(max-width: 285px) 100vw, 285px\" data-lazy-src=\"https:\/\/i0.wp.com\/elgeneracionalpost.com\/wp-content\/uploads\/2023\/04\/biblioteca-de-la-medianoche.jpg?resize=285%2C425&amp;is-pending-load=1#038;ssl=1\" srcset=\"data:image\/gif;base64,R0lGODlhAQABAIAAAAAAAP\/\/\/yH5BAEAAAAALAAAAAABAAEAAAIBRAA7\"\/><noscript><img loading=\"lazy\" data-lazy-fallback=\"1\" data-attachment-id=\"84622\" data-permalink=\"https:\/\/elgeneracionalpost.com\/cultura\/2023\/0404\/84605\/cinco-libros-para-leer-en-tus-20.html\/attachment\/biblioteca-de-la-medianoche\" data-orig-file=\"https:\/\/i0.wp.com\/elgeneracionalpost.com\/wp-content\/uploads\/2023\/04\/biblioteca-de-la-medianoche.jpg?fit=552%2C825&amp;ssl=1\" data-orig-size=\"552,825\" data-comments-opened=\"0\" data-image-meta=\"{&quot;aperture&quot;:&quot;0&quot;,&quot;credit&quot;:&quot;&quot;,&quot;camera&quot;:&quot;&quot;,&quot;caption&quot;:&quot;&quot;,&quot;created_timestamp&quot;:&quot;0&quot;,&quot;copyright&quot;:&quot;&quot;,&quot;focal_length&quot;:&quot;0&quot;,&quot;iso&quot;:&quot;0&quot;,&quot;shutter_speed&quot;:&quot;0&quot;,&quot;title&quot;:&quot;&quot;,&quot;orientation&quot;:&quot;0&quot;}\" data-image-title=\"Portada de La Biblioteca de la Medianoche, editado por Alianza Editorial | Fuente: Casa del Libro\" data-image-description=\"&lt;p&gt;Portada de La Biblioteca de la Medianoche, editado por Alianza Editorial | Fuente: Casa del Libro&lt;\/p&gt;&#10;\" data-image-caption=\"&lt;p&gt;Portada de La Biblioteca de la Medianoche, editado por Alianza Editorial | Fuente: Casa del Libro&lt;\/p&gt;&#10;\" data-medium-file=\"https:\/\/i0.wp.com\/elgeneracionalpost.com\/wp-content\/uploads\/2023\/04\/biblioteca-de-la-medianoche.jpg?fit=201%2C300&amp;ssl=1\" data-large-file=\"https:\/\/i0.wp.com\/elgeneracionalpost.com\/wp-content\/uploads\/2023\/04\/biblioteca-de-la-medianoche.jpg?fit=552%2C825&amp;ssl=1\" decoding=\"async\" class=\"wp-image-84622\" src=\"https:\/\/i0.wp.com\/elgeneracionalpost.com\/wp-content\/uploads\/2023\/04\/biblioteca-de-la-medianoche.jpg?resize=285%2C425&amp;ssl=1\" alt=\"Naslovnica La Biblioteca de la Medianoche, uredila Alianza Editorial | Izvor: Casa do Livro\" width=\"285\" height=\"425\" srcset=\"https:\/\/i0.wp.com\/elgeneracionalpost.com\/wp-content\/uploads\/2023\/04\/biblioteca-de-la-medianoche.jpg?resize=201%2C300&amp;ssl=1 201w, https:\/\/i0.wp.com\/elgeneracionalpost.com\/wp-content\/uploads\/2023\/04\/biblioteca-de-la-medianoche.jpg?resize=150%2C224&amp;ssl=1 150w, https:\/\/i0.wp.com\/elgeneracionalpost.com\/wp-content\/uploads\/2023\/04\/biblioteca-de-la-medianoche.jpg?resize=300%2C448&amp;ssl=1 300w, https:\/\/i0.wp.com\/elgeneracionalpost.com\/wp-content\/uploads\/2023\/04\/biblioteca-de-la-medianoche.jpg?w=552&amp;ssl=1 552w\" sizes=\"auto, (max-width: 285px) 100vw, 285px\" data-recalc-dims=\"1\"\/><\/noscript><figcaption id=\"caption-attachment-84622\" class=\"wp-caption-text\">Naslovnica La Biblioteca de la Medianoche, uredila Alianza Editorial | Izvor: Casa do Livro<\/figcaption><\/figure>\n<p>Jedna od najte\u017eih, a ujedno i najinspirativnijih knjiga posljednjih godina. <strong>Norino sjeme<\/strong> nije sretan i donosi odluku <strong>oduzeti sebi \u017eivot<\/strong>. Kada to u\u010dinite, pojavljuje se u <strong>Pono\u0107na knji\u017enica<\/strong>a s njim i <strong>priliku da \u017eivite svoje druge \u017eivote<\/strong>. Knjige u knji\u017enici dat \u0107e Nori do znanja \u0161to bi se dogodilo <strong>da sam donio druge odluke<\/strong>. Nora otkriva druge \u017eivote u kojima je mogla biti olimpijska pliva\u010dica, svjetski poznata zvijezda ili uspje\u0161na glaciologinja.<\/p>\n<p><strong>Matt Haig<\/strong> (UK, 1975.) pi\u0161e inspirativnu knjigu, <strong>koja vas poziva da \u017eivite<\/strong> vi\u0161e ne stoji <strong>Braniti nemogu\u0107e, \u0161to se doga\u0111a samo \u017eivljenjem<\/strong>. Kako se Norina pri\u010da razvija, tako se razvija i \u010ditateljeva. Tjera vas da preispitate odluke koje ste donijeli da biste do\u0161li tu gdje jeste, kako bi shvatili one koje jo\u0161 morate donijeti. Zato ih dobro prihvatite.<\/p>\n<h3><em>mala \u017eena<\/em><\/h3>\n<p>To je bezvremenski klasik. A <strong>klasik me\u0111u klasicima<\/strong>. <strong>Louisa May Alcott<\/strong> (Sjedinjene Dr\u017eave, 1832.) napisao je povijest <strong>mar\u0161 sestre<\/strong>\u010detiri mlade \u017eene do\u017eivjeti punoljetnost i tako postati male \u017eene.<\/p>\n<p>knjiga od <strong>buntovne \u017eene<\/strong>, protagonisti, a koji nisu puki dekorativni element. Osje\u0107aju i, unato\u010d neslaganjima, to je njihovo <strong>osje\u0107aj jedinstva, odanosti i iskrenosti<\/strong> \u0161to prevladava. U dana\u0161nje vrijeme one ostaju intrinzi\u010dne i neophodne vrijednosti svake osobe koja zapo\u010dinje svoju odraslu fazu, u svijetu koji je sve vi\u0161e <strong>individualisti\u010dki<\/strong> to je <strong>tehnolo\u0161kog<\/strong>. Sestre su izgubljene, ali <strong>imaju jedno drugo<\/strong>.<\/p>\n<figure id=\"attachment_84624\" aria-describedby=\"caption-attachment-84624\" style=\"width: 2160px\" class=\"wp-caption aligncenter\"><img loading=\"lazy\" data-attachment-id=\"84624\" data-permalink=\"https:\/\/elgeneracionalpost.com\/cultura\/2023\/0404\/84605\/cinco-libros-para-leer-en-tus-20.html\/attachment\/mujercitas-2\" data-orig-file=\"https:\/\/i0.wp.com\/elgeneracionalpost.com\/wp-content\/uploads\/2023\/04\/mujercitas.jpg?fit=2160%2C1215&amp;ssl=1\" data-orig-size=\"2160,1215\" data-comments-opened=\"0\" data-image-meta=\"{&quot;aperture&quot;:&quot;0&quot;,&quot;credit&quot;:&quot;&quot;,&quot;camera&quot;:&quot;&quot;,&quot;caption&quot;:&quot;&quot;,&quot;created_timestamp&quot;:&quot;0&quot;,&quot;copyright&quot;:&quot;&quot;,&quot;focal_length&quot;:&quot;0&quot;,&quot;iso&quot;:&quot;0&quot;,&quot;shutter_speed&quot;:&quot;0&quot;,&quot;title&quot;:&quot;&quot;,&quot;orientation&quot;:&quot;0&quot;}\" data-image-title=\"Emma Watson, Saoirse Ronan, Florence Pugh, and Eliza Scanlen en Mujercitas (2019) | Fuente: IMDb\" data-image-description=\"&lt;p&gt;Emma Watson, Saoirse Ronan, Florence Pugh, and Eliza Scanlen en Mujercitas (2019) | Fuente: IMDb&lt;\/p&gt;&#10;\" data-image-caption=\"&lt;p&gt;Emma Watson, Saoirse Ronan, Florence Pugh, and Eliza Scanlen en Mujercitas (2019) | Fuente: IMDb&lt;\/p&gt;&#10;\" data-medium-file=\"https:\/\/i0.wp.com\/elgeneracionalpost.com\/wp-content\/uploads\/2023\/04\/mujercitas.jpg?fit=300%2C169&amp;ssl=1\" data-large-file=\"https:\/\/i0.wp.com\/elgeneracionalpost.com\/wp-content\/uploads\/2023\/04\/mujercitas.jpg?fit=696%2C392&amp;ssl=1\" decoding=\"async\" class=\"wp-image-84624 size-full jetpack-lazy-image\" src=\"https:\/\/i0.wp.com\/elgeneracionalpost.com\/wp-content\/uploads\/2023\/04\/mujercitas.jpg?resize=696%2C392&amp;ssl=1\" alt=\"Emma Watson, Saoirse Ronan, Florence Pugh i Eliza Scanlen u filmu Male \u017eene (2019) | Izvor: IMDb\" width=\"696\" height=\"392\" data-recalc-dims=\"1\" data-lazy-srcset=\"https:\/\/i0.wp.com\/elgeneracionalpost.com\/wp-content\/uploads\/2023\/04\/mujercitas.jpg?w=2160&amp;ssl=1 2160w, https:\/\/i0.wp.com\/elgeneracionalpost.com\/wp-content\/uploads\/2023\/04\/mujercitas.jpg?resize=300%2C169&amp;ssl=1 300w, https:\/\/i0.wp.com\/elgeneracionalpost.com\/wp-content\/uploads\/2023\/04\/mujercitas.jpg?resize=1024%2C576&amp;ssl=1 1024w, https:\/\/i0.wp.com\/elgeneracionalpost.com\/wp-content\/uploads\/2023\/04\/mujercitas.jpg?resize=768%2C432&amp;ssl=1 768w, https:\/\/i0.wp.com\/elgeneracionalpost.com\/wp-content\/uploads\/2023\/04\/mujercitas.jpg?resize=1536%2C864&amp;ssl=1 1536w, https:\/\/i0.wp.com\/elgeneracionalpost.com\/wp-content\/uploads\/2023\/04\/mujercitas.jpg?resize=2048%2C1152&amp;ssl=1 2048w, https:\/\/i0.wp.com\/elgeneracionalpost.com\/wp-content\/uploads\/2023\/04\/mujercitas.jpg?resize=150%2C84&amp;ssl=1 150w, https:\/\/i0.wp.com\/elgeneracionalpost.com\/wp-content\/uploads\/2023\/04\/mujercitas.jpg?resize=696%2C392&amp;ssl=1 696w, https:\/\/i0.wp.com\/elgeneracionalpost.com\/wp-content\/uploads\/2023\/04\/mujercitas.jpg?resize=1068%2C601&amp;ssl=1 1068w, https:\/\/i0.wp.com\/elgeneracionalpost.com\/wp-content\/uploads\/2023\/04\/mujercitas.jpg?resize=1920%2C1080&amp;ssl=1 1920w, https:\/\/i0.wp.com\/elgeneracionalpost.com\/wp-content\/uploads\/2023\/04\/mujercitas.jpg?w=1392&amp;ssl=1 1392w\" data-lazy-sizes=\"(max-width: 696px) 100vw, 696px\" data-lazy-src=\"https:\/\/i0.wp.com\/elgeneracionalpost.com\/wp-content\/uploads\/2023\/04\/mujercitas.jpg?resize=696%2C392&amp;is-pending-load=1#038;ssl=1\" srcset=\"data:image\/gif;base64,R0lGODlhAQABAIAAAAAAAP\/\/\/yH5BAEAAAAALAAAAAABAAEAAAIBRAA7\"\/><noscript><img loading=\"lazy\" data-lazy-fallback=\"1\" data-attachment-id=\"84624\" data-permalink=\"https:\/\/elgeneracionalpost.com\/cultura\/2023\/0404\/84605\/cinco-libros-para-leer-en-tus-20.html\/attachment\/mujercitas-2\" data-orig-file=\"https:\/\/i0.wp.com\/elgeneracionalpost.com\/wp-content\/uploads\/2023\/04\/mujercitas.jpg?fit=2160%2C1215&amp;ssl=1\" data-orig-size=\"2160,1215\" data-comments-opened=\"0\" data-image-meta=\"{&quot;aperture&quot;:&quot;0&quot;,&quot;credit&quot;:&quot;&quot;,&quot;camera&quot;:&quot;&quot;,&quot;caption&quot;:&quot;&quot;,&quot;created_timestamp&quot;:&quot;0&quot;,&quot;copyright&quot;:&quot;&quot;,&quot;focal_length&quot;:&quot;0&quot;,&quot;iso&quot;:&quot;0&quot;,&quot;shutter_speed&quot;:&quot;0&quot;,&quot;title&quot;:&quot;&quot;,&quot;orientation&quot;:&quot;0&quot;}\" data-image-title=\"Emma Watson, Saoirse Ronan, Florence Pugh, and Eliza Scanlen en Mujercitas (2019) | Fuente: IMDb\" data-image-description=\"&lt;p&gt;Emma Watson, Saoirse Ronan, Florence Pugh, and Eliza Scanlen en Mujercitas (2019) | Fuente: IMDb&lt;\/p&gt;&#10;\" data-image-caption=\"&lt;p&gt;Emma Watson, Saoirse Ronan, Florence Pugh, and Eliza Scanlen en Mujercitas (2019) | Fuente: IMDb&lt;\/p&gt;&#10;\" data-medium-file=\"https:\/\/i0.wp.com\/elgeneracionalpost.com\/wp-content\/uploads\/2023\/04\/mujercitas.jpg?fit=300%2C169&amp;ssl=1\" data-large-file=\"https:\/\/i0.wp.com\/elgeneracionalpost.com\/wp-content\/uploads\/2023\/04\/mujercitas.jpg?fit=696%2C392&amp;ssl=1\" decoding=\"async\" class=\"wp-image-84624 size-full\" src=\"https:\/\/i0.wp.com\/elgeneracionalpost.com\/wp-content\/uploads\/2023\/04\/mujercitas.jpg?resize=696%2C392&amp;ssl=1\" alt=\"Emma Watson, Saoirse Ronan, Florence Pugh i Eliza Scanlen u filmu Male \u017eene (2019) | Izvor: IMDb\" width=\"696\" height=\"392\" srcset=\"https:\/\/i0.wp.com\/elgeneracionalpost.com\/wp-content\/uploads\/2023\/04\/mujercitas.jpg?w=2160&amp;ssl=1 2160w, https:\/\/i0.wp.com\/elgeneracionalpost.com\/wp-content\/uploads\/2023\/04\/mujercitas.jpg?resize=300%2C169&amp;ssl=1 300w, https:\/\/i0.wp.com\/elgeneracionalpost.com\/wp-content\/uploads\/2023\/04\/mujercitas.jpg?resize=1024%2C576&amp;ssl=1 1024w, https:\/\/i0.wp.com\/elgeneracionalpost.com\/wp-content\/uploads\/2023\/04\/mujercitas.jpg?resize=768%2C432&amp;ssl=1 768w, https:\/\/i0.wp.com\/elgeneracionalpost.com\/wp-content\/uploads\/2023\/04\/mujercitas.jpg?resize=1536%2C864&amp;ssl=1 1536w, https:\/\/i0.wp.com\/elgeneracionalpost.com\/wp-content\/uploads\/2023\/04\/mujercitas.jpg?resize=2048%2C1152&amp;ssl=1 2048w, https:\/\/i0.wp.com\/elgeneracionalpost.com\/wp-content\/uploads\/2023\/04\/mujercitas.jpg?resize=150%2C84&amp;ssl=1 150w, https:\/\/i0.wp.com\/elgeneracionalpost.com\/wp-content\/uploads\/2023\/04\/mujercitas.jpg?resize=696%2C392&amp;ssl=1 696w, https:\/\/i0.wp.com\/elgeneracionalpost.com\/wp-content\/uploads\/2023\/04\/mujercitas.jpg?resize=1068%2C601&amp;ssl=1 1068w, https:\/\/i0.wp.com\/elgeneracionalpost.com\/wp-content\/uploads\/2023\/04\/mujercitas.jpg?resize=1920%2C1080&amp;ssl=1 1920w, https:\/\/i0.wp.com\/elgeneracionalpost.com\/wp-content\/uploads\/2023\/04\/mujercitas.jpg?w=1392&amp;ssl=1 1392w\" sizes=\"auto, (max-width: 696px) 100vw, 696px\" data-recalc-dims=\"1\"\/><\/noscript><figcaption id=\"caption-attachment-84624\" class=\"wp-caption-text\">Emma Watson, Saoirse Ronan, Florence Pugh i Eliza Scanlen u filmu Male \u017eene (2019) | Izvor: IMDb<\/figcaption><\/figure>\n<p>Pri\u010da o sestrama March bila je <strong>mnogo puta pretvoren u film<\/strong>posljednja je bila 2019., u revindikacijskoj verziji u re\u017eiji <strong>Greta Gerwig<\/strong> a glumi talentirane <strong>Saoirse Ronan<\/strong> to je <strong>Florence Pugh<\/strong>, koji se za njega odlu\u010dio za Oscara. U njemu tako\u0111er rade <strong>Emma Watson, Laura Dern ili Meryl Streep<\/strong>.<\/p>\n<h3><em>sve \u0161to znam o ljubavi<\/em><\/h3>\n<figure id=\"attachment_84626\" aria-describedby=\"caption-attachment-84626\" style=\"width: 338px\" class=\"wp-caption aligncenter\"><img loading=\"lazy\" data-attachment-id=\"84626\" data-permalink=\"https:\/\/elgeneracionalpost.com\/cultura\/2023\/0404\/84605\/cinco-libros-para-leer-en-tus-20.html\/attachment\/todo-lo-que-se-sobre-el-amor\" data-orig-file=\"https:\/\/i0.wp.com\/elgeneracionalpost.com\/wp-content\/uploads\/2023\/04\/todo-lo-que-se-sobre-el-amor.jpg?fit=552%2C838&amp;ssl=1\" data-orig-size=\"552,838\" data-comments-opened=\"0\" data-image-meta=\"{&quot;aperture&quot;:&quot;0&quot;,&quot;credit&quot;:&quot;&quot;,&quot;camera&quot;:&quot;&quot;,&quot;caption&quot;:&quot;&quot;,&quot;created_timestamp&quot;:&quot;0&quot;,&quot;copyright&quot;:&quot;&quot;,&quot;focal_length&quot;:&quot;0&quot;,&quot;iso&quot;:&quot;0&quot;,&quot;shutter_speed&quot;:&quot;0&quot;,&quot;title&quot;:&quot;&quot;,&quot;orientation&quot;:&quot;0&quot;}\" data-image-title=\"Portada de Todo lo que s\u00e9 sobre el Amor, editado por Planeta | Fuente: Casa del Libro\" data-image-description=\"&lt;p&gt;Portada de Todo lo que s\u00e9 sobre el Amor, editado por Planeta | Fuente: Casa del Libro&lt;\/p&gt;&#10;\" data-image-caption=\"&lt;p&gt;Portada de Todo lo que s\u00e9 sobre el Amor, editado por Planeta | Fuente: Casa del Libro&lt;\/p&gt;&#10;\" data-medium-file=\"https:\/\/i0.wp.com\/elgeneracionalpost.com\/wp-content\/uploads\/2023\/04\/todo-lo-que-se-sobre-el-amor.jpg?fit=198%2C300&amp;ssl=1\" data-large-file=\"https:\/\/i0.wp.com\/elgeneracionalpost.com\/wp-content\/uploads\/2023\/04\/todo-lo-que-se-sobre-el-amor.jpg?fit=552%2C838&amp;ssl=1\" decoding=\"async\" class=\"wp-image-84626 jetpack-lazy-image\" src=\"https:\/\/i0.wp.com\/elgeneracionalpost.com\/wp-content\/uploads\/2023\/04\/todo-lo-que-se-sobre-el-amor.jpg?resize=338%2C512&amp;ssl=1\" alt=\"Naslovnica Sve \u0161to znam o ljubavi u izdanju Planete | Izvor: Casa do Livro\" width=\"338\" height=\"512\" data-recalc-dims=\"1\" data-lazy-srcset=\"https:\/\/i0.wp.com\/elgeneracionalpost.com\/wp-content\/uploads\/2023\/04\/todo-lo-que-se-sobre-el-amor.jpg?resize=198%2C300&amp;ssl=1 198w, https:\/\/i0.wp.com\/elgeneracionalpost.com\/wp-content\/uploads\/2023\/04\/todo-lo-que-se-sobre-el-amor.jpg?resize=150%2C228&amp;ssl=1 150w, https:\/\/i0.wp.com\/elgeneracionalpost.com\/wp-content\/uploads\/2023\/04\/todo-lo-que-se-sobre-el-amor.jpg?resize=300%2C455&amp;ssl=1 300w, https:\/\/i0.wp.com\/elgeneracionalpost.com\/wp-content\/uploads\/2023\/04\/todo-lo-que-se-sobre-el-amor.jpg?w=552&amp;ssl=1 552w\" data-lazy-sizes=\"(max-width: 338px) 100vw, 338px\" data-lazy-src=\"https:\/\/i0.wp.com\/elgeneracionalpost.com\/wp-content\/uploads\/2023\/04\/todo-lo-que-se-sobre-el-amor.jpg?resize=338%2C512&amp;is-pending-load=1#038;ssl=1\" srcset=\"data:image\/gif;base64,R0lGODlhAQABAIAAAAAAAP\/\/\/yH5BAEAAAAALAAAAAABAAEAAAIBRAA7\"\/><noscript><img loading=\"lazy\" data-lazy-fallback=\"1\" data-attachment-id=\"84626\" data-permalink=\"https:\/\/elgeneracionalpost.com\/cultura\/2023\/0404\/84605\/cinco-libros-para-leer-en-tus-20.html\/attachment\/todo-lo-que-se-sobre-el-amor\" data-orig-file=\"https:\/\/i0.wp.com\/elgeneracionalpost.com\/wp-content\/uploads\/2023\/04\/todo-lo-que-se-sobre-el-amor.jpg?fit=552%2C838&amp;ssl=1\" data-orig-size=\"552,838\" data-comments-opened=\"0\" data-image-meta=\"{&quot;aperture&quot;:&quot;0&quot;,&quot;credit&quot;:&quot;&quot;,&quot;camera&quot;:&quot;&quot;,&quot;caption&quot;:&quot;&quot;,&quot;created_timestamp&quot;:&quot;0&quot;,&quot;copyright&quot;:&quot;&quot;,&quot;focal_length&quot;:&quot;0&quot;,&quot;iso&quot;:&quot;0&quot;,&quot;shutter_speed&quot;:&quot;0&quot;,&quot;title&quot;:&quot;&quot;,&quot;orientation&quot;:&quot;0&quot;}\" data-image-title=\"Portada de Todo lo que s\u00e9 sobre el Amor, editado por Planeta | Fuente: Casa del Libro\" data-image-description=\"&lt;p&gt;Portada de Todo lo que s\u00e9 sobre el Amor, editado por Planeta | Fuente: Casa del Libro&lt;\/p&gt;&#10;\" data-image-caption=\"&lt;p&gt;Portada de Todo lo que s\u00e9 sobre el Amor, editado por Planeta | Fuente: Casa del Libro&lt;\/p&gt;&#10;\" data-medium-file=\"https:\/\/i0.wp.com\/elgeneracionalpost.com\/wp-content\/uploads\/2023\/04\/todo-lo-que-se-sobre-el-amor.jpg?fit=198%2C300&amp;ssl=1\" data-large-file=\"https:\/\/i0.wp.com\/elgeneracionalpost.com\/wp-content\/uploads\/2023\/04\/todo-lo-que-se-sobre-el-amor.jpg?fit=552%2C838&amp;ssl=1\" decoding=\"async\" class=\"wp-image-84626\" src=\"https:\/\/i0.wp.com\/elgeneracionalpost.com\/wp-content\/uploads\/2023\/04\/todo-lo-que-se-sobre-el-amor.jpg?resize=338%2C512&amp;ssl=1\" alt=\"Naslovnica Sve \u0161to znam o ljubavi u izdanju Planete | Izvor: Casa do Livro\" width=\"338\" height=\"512\" srcset=\"https:\/\/i0.wp.com\/elgeneracionalpost.com\/wp-content\/uploads\/2023\/04\/todo-lo-que-se-sobre-el-amor.jpg?resize=198%2C300&amp;ssl=1 198w, https:\/\/i0.wp.com\/elgeneracionalpost.com\/wp-content\/uploads\/2023\/04\/todo-lo-que-se-sobre-el-amor.jpg?resize=150%2C228&amp;ssl=1 150w, https:\/\/i0.wp.com\/elgeneracionalpost.com\/wp-content\/uploads\/2023\/04\/todo-lo-que-se-sobre-el-amor.jpg?resize=300%2C455&amp;ssl=1 300w, https:\/\/i0.wp.com\/elgeneracionalpost.com\/wp-content\/uploads\/2023\/04\/todo-lo-que-se-sobre-el-amor.jpg?w=552&amp;ssl=1 552w\" sizes=\"auto, (max-width: 338px) 100vw, 338px\" data-recalc-dims=\"1\"\/><\/noscript><figcaption id=\"caption-attachment-84626\" class=\"wp-caption-text\">Naslovnica Sve \u0161to znam o ljubavi u izdanju Planete | Izvor: Casa do Livro<\/figcaption><\/figure>\n<p><strong>Jedna od najpopularnijih knjiga<\/strong> me\u0111u mladima pro\u0161le godine. Mo\u017eda vam se vi\u0161e ili manje svi\u0111a, budu\u0107i da je za mnoge veliko otkri\u0107e, ali za mnoge druge precijenjena knjiga; ali ne mo\u017eete umanjiti ono \u0161to novinar <strong>Dolly Alderton<\/strong> (Ujedinjeno Kraljevstvo, 1988.) \u010dini <strong><em>sve \u0161to znam o ljubavi<\/em><\/strong>.<\/p>\n<p>Rad je a <strong>set pri\u010da<\/strong>pri\u010de pa \u010dak i recepte koje je Alderton skupljao tijekom godina. <strong>anegdote iz njegova \u017eivota<\/strong> to ga je u\u010dinilo onim \u0161to jest i \u0161to dijeli da svijet zna. Zatim pratimo evoluciju koju je sama autorica imala kao osoba, tijekom adolescencije i mladosti. Lako ga je zavoljeti, ali i poludjeti. Na kraju, <strong>je ljudski<\/strong>a o tome se i radi.<\/p>\n<p>Od svega, <strong><em>Tottenham Court Road i kupuj sranje na Amazonu<\/em> <\/strong>to je <strong>najiskrenija pri\u010da<\/strong> od onih sabranih u zborniku. U njemu se Alderton prisje\u0107a putovanja na koje je oti\u0161ao <strong>New York<\/strong> u jednom od najgorih trenutaka svog \u017eivota, i to ju je natjeralo da shvati \u0161to je. I <strong>vlastitu pri\u010du<\/strong>, veli\u010danstveno napisan i s karakteristi\u010dnim elementima dirljivosti ljudi na samo 20 stranica. Autor mo\u017ee <strong>prigrliti svakodnevicu \u017eivota<\/strong>to je on <strong>privilegiju \u017eivjeti ga<\/strong>. Na kraju se sve svodi na Tottenham Court Road i kupovanje sranja na Amazonu.<\/p>\n<div class=\"sharedaddy sd-block sd-like jetpack-likes-widget-wrapper jetpack-likes-widget-unloaded\" id=\"like-post-wrapper-153844979-84605-642bec0676f61\" data-src=\"https:\/\/widgets.wp.com\/likes\/#blog_id=153844979&amp;post_id=84605&amp;origin=elgeneracionalpost.com&amp;obj_id=153844979-84605-642bec0676f61\" data-name=\"like-post-frame-153844979-84605-642bec0676f61\" data-title=\"Me gusta o Compartir\">\n<h3 class=\"sd-title\">svi\u0111a mi se ovo:<\/h3>\n<p><span class=\"button\"><span>ja volim<\/span><\/span> <span class=\"loading\">U\u010ditavam\u2026<\/span><\/p>\n<p><span class=\"sd-text-color\"\/><\/div>\n<p><h3 class=\"jp-relatedposts-headline\"><em>Povezano<\/em><\/h3>\n<\/p>\n<\/div>","protected":false},"excerpt":{"rendered":"<p>Knjige ako ne znate svoje mjesto na svijetu Ulazak u 20-e za mnoge je ulazak u godine... <\/p>","protected":false},"author":1,"featured_media":1037,"comment_status":"open","ping_status":"open","sticky":false,"template":"","format":"standard","meta":{"fifu_image_url":"https:\/\/i0.wp.com\/elgeneracionalpost.com\/wp-content\/uploads\/2023\/04\/WhatsApp-Image-2023-04-02-at-13.01.49.jpeg?fit=2048,1638&ssl=1","fifu_image_alt":"","footnotes":""},"categories":[35],"tags":[],"class_list":["post-1036","post","type-post","status-publish","format-standard","has-post-thumbnail","hentry","category-cultura-e-lazer","latest_post"],"yoast_head":"<!-- This site is optimized with the Yoast SEO plugin v27.3 - https:\/\/yoast.com\/product\/yoast-seo-wordpress\/ -->\n<title>Cinco livros para ler aos 20 anos - Tirinha.com<\/title>\n<meta name=\"robots\" content=\"index, follow, max-snippet:-1, max-image-preview:large, max-video-preview:-1\" \/>\n<link rel=\"canonical\" href=\"https:\/\/tirinha.com\/hr\/1036\/pet-knjiga-koje-treba-procitati-kada-imas-20-godina\/\" \/>\n<meta property=\"og:locale\" content=\"hr_HR\" \/>\n<meta property=\"og:type\" content=\"article\" \/>\n<meta property=\"og:title\" content=\"Cinco livros para ler aos 20 anos - Tirinha.com\" \/>\n<meta property=\"og:description\" content=\"Livros caso voc\u00ea n\u00e3o saiba seu lugar no mundo Entrar na casa dos 20 \u00e9, para muitos, entrar na idade &hellip;\" \/>\n<meta property=\"og:url\" content=\"https:\/\/tirinha.com\/hr\/1036\/pet-knjiga-koje-treba-procitati-kada-imas-20-godina\/\" \/>\n<meta property=\"og:site_name\" content=\"Tirinha.com\" \/>\n<meta property=\"article:published_time\" content=\"2023-04-04T09:23:12+00:00\" \/>\n<meta property=\"og:image\" content=\"https:\/\/i0.wp.com\/elgeneracionalpost.com\/wp-content\/uploads\/2023\/04\/WhatsApp-Image-2023-04-02-at-13.01.49.jpeg?fit=2048,1638&ssl=1\" \/>\n<meta name=\"author\" content=\"admin\" \/>\n<meta name=\"twitter:card\" content=\"summary_large_image\" \/>\n<meta name=\"twitter:image\" content=\"https:\/\/i0.wp.com\/elgeneracionalpost.com\/wp-content\/uploads\/2023\/04\/WhatsApp-Image-2023-04-02-at-13.01.49.jpeg?fit=2048,1638&ssl=1\" \/>\n<meta name=\"twitter:label1\" content=\"Napisao\/la\" \/>\n\t<meta name=\"twitter:data1\" content=\"admin\" \/>\n\t<meta name=\"twitter:label2\" content=\"Procijenjeno vrijeme \u010ditanja\" \/>\n\t<meta name=\"twitter:data2\" content=\"6 minuta\" \/>\n<script type=\"application\/ld+json\" class=\"yoast-schema-graph\">{\"@context\":\"https:\\\/\\\/schema.org\",\"@graph\":[{\"@type\":\"Article\",\"@id\":\"https:\\\/\\\/tirinha.com\\\/1036\\\/cinco-livros-para-ler-aos-20-anos\\\/#article\",\"isPartOf\":{\"@id\":\"https:\\\/\\\/tirinha.com\\\/1036\\\/cinco-livros-para-ler-aos-20-anos\\\/\"},\"author\":{\"name\":\"admin\",\"@id\":\"https:\\\/\\\/tirinha.com\\\/#\\\/schema\\\/person\\\/e22bdfbe17e0461f7e927e6a1208d4d9\"},\"headline\":\"Cinco livros para ler aos 20 anos\",\"datePublished\":\"2023-04-04T09:23:12+00:00\",\"mainEntityOfPage\":{\"@id\":\"https:\\\/\\\/tirinha.com\\\/1036\\\/cinco-livros-para-ler-aos-20-anos\\\/\"},\"wordCount\":1184,\"commentCount\":0,\"publisher\":{\"@id\":\"https:\\\/\\\/tirinha.com\\\/#organization\"},\"image\":{\"@id\":\"https:\\\/\\\/tirinha.com\\\/1036\\\/cinco-livros-para-ler-aos-20-anos\\\/#primaryimage\"},\"thumbnailUrl\":\"https:\\\/\\\/i0.wp.com\\\/elgeneracionalpost.com\\\/wp-content\\\/uploads\\\/2023\\\/04\\\/WhatsApp-Image-2023-04-02-at-13.01.49.jpeg?fit=2048,1638&ssl=1\",\"articleSection\":[\"Cultura e lazer\"],\"inLanguage\":\"hr\",\"potentialAction\":[{\"@type\":\"CommentAction\",\"name\":\"Comment\",\"target\":[\"https:\\\/\\\/tirinha.com\\\/1036\\\/cinco-livros-para-ler-aos-20-anos\\\/#respond\"]}]},{\"@type\":\"WebPage\",\"@id\":\"https:\\\/\\\/tirinha.com\\\/1036\\\/cinco-livros-para-ler-aos-20-anos\\\/\",\"url\":\"https:\\\/\\\/tirinha.com\\\/1036\\\/cinco-livros-para-ler-aos-20-anos\\\/\",\"name\":\"Cinco livros para ler aos 20 anos - Tirinha.com\",\"isPartOf\":{\"@id\":\"https:\\\/\\\/tirinha.com\\\/#website\"},\"primaryImageOfPage\":{\"@id\":\"https:\\\/\\\/tirinha.com\\\/1036\\\/cinco-livros-para-ler-aos-20-anos\\\/#primaryimage\"},\"image\":{\"@id\":\"https:\\\/\\\/tirinha.com\\\/1036\\\/cinco-livros-para-ler-aos-20-anos\\\/#primaryimage\"},\"thumbnailUrl\":\"https:\\\/\\\/i0.wp.com\\\/elgeneracionalpost.com\\\/wp-content\\\/uploads\\\/2023\\\/04\\\/WhatsApp-Image-2023-04-02-at-13.01.49.jpeg?fit=2048,1638&ssl=1\",\"datePublished\":\"2023-04-04T09:23:12+00:00\",\"breadcrumb\":{\"@id\":\"https:\\\/\\\/tirinha.com\\\/1036\\\/cinco-livros-para-ler-aos-20-anos\\\/#breadcrumb\"},\"inLanguage\":\"hr\",\"potentialAction\":[{\"@type\":\"ReadAction\",\"target\":[\"https:\\\/\\\/tirinha.com\\\/1036\\\/cinco-livros-para-ler-aos-20-anos\\\/\"]}]},{\"@type\":\"ImageObject\",\"inLanguage\":\"hr\",\"@id\":\"https:\\\/\\\/tirinha.com\\\/1036\\\/cinco-livros-para-ler-aos-20-anos\\\/#primaryimage\",\"url\":\"https:\\\/\\\/i0.wp.com\\\/elgeneracionalpost.com\\\/wp-content\\\/uploads\\\/2023\\\/04\\\/WhatsApp-Image-2023-04-02-at-13.01.49.jpeg?fit=2048,1638&ssl=1\",\"contentUrl\":\"https:\\\/\\\/i0.wp.com\\\/elgeneracionalpost.com\\\/wp-content\\\/uploads\\\/2023\\\/04\\\/WhatsApp-Image-2023-04-02-at-13.01.49.jpeg?fit=2048,1638&ssl=1\"},{\"@type\":\"BreadcrumbList\",\"@id\":\"https:\\\/\\\/tirinha.com\\\/1036\\\/cinco-livros-para-ler-aos-20-anos\\\/#breadcrumb\",\"itemListElement\":[{\"@type\":\"ListItem\",\"position\":1,\"name\":\"Home\",\"item\":\"https:\\\/\\\/tirinha.com\\\/\"},{\"@type\":\"ListItem\",\"position\":2,\"name\":\"Cinco livros para ler aos 20 anos\"}]},{\"@type\":\"WebSite\",\"@id\":\"https:\\\/\\\/tirinha.com\\\/#website\",\"url\":\"https:\\\/\\\/tirinha.com\\\/\",\"name\":\"Tirinha.com\",\"description\":\"Arte e livros resenhas\",\"publisher\":{\"@id\":\"https:\\\/\\\/tirinha.com\\\/#organization\"},\"potentialAction\":[{\"@type\":\"SearchAction\",\"target\":{\"@type\":\"EntryPoint\",\"urlTemplate\":\"https:\\\/\\\/tirinha.com\\\/?s={search_term_string}\"},\"query-input\":{\"@type\":\"PropertyValueSpecification\",\"valueRequired\":true,\"valueName\":\"search_term_string\"}}],\"inLanguage\":\"hr\"},{\"@type\":\"Organization\",\"@id\":\"https:\\\/\\\/tirinha.com\\\/#organization\",\"name\":\"Tirinha.com\",\"url\":\"https:\\\/\\\/tirinha.com\\\/\",\"logo\":{\"@type\":\"ImageObject\",\"inLanguage\":\"hr\",\"@id\":\"https:\\\/\\\/tirinha.com\\\/#\\\/schema\\\/logo\\\/image\\\/\",\"url\":\"https:\\\/\\\/tirinha.com\\\/wp-content\\\/uploads\\\/2023\\\/08\\\/cropped-Logo-Tirinha.webp\",\"contentUrl\":\"https:\\\/\\\/tirinha.com\\\/wp-content\\\/uploads\\\/2023\\\/08\\\/cropped-Logo-Tirinha.webp\",\"width\":512,\"height\":512,\"caption\":\"Tirinha.com\"},\"image\":{\"@id\":\"https:\\\/\\\/tirinha.com\\\/#\\\/schema\\\/logo\\\/image\\\/\"}},{\"@type\":\"Person\",\"@id\":\"https:\\\/\\\/tirinha.com\\\/#\\\/schema\\\/person\\\/e22bdfbe17e0461f7e927e6a1208d4d9\",\"name\":\"admin\",\"image\":{\"@type\":\"ImageObject\",\"inLanguage\":\"hr\",\"@id\":\"https:\\\/\\\/tirinha.com\\\/wp-content\\\/litespeed\\\/avatar\\\/d0068f7931cc87d7274eb0c3db1deb4b.jpg?ver=1776829466\",\"url\":\"https:\\\/\\\/tirinha.com\\\/wp-content\\\/litespeed\\\/avatar\\\/d0068f7931cc87d7274eb0c3db1deb4b.jpg?ver=1776829466\",\"contentUrl\":\"https:\\\/\\\/tirinha.com\\\/wp-content\\\/litespeed\\\/avatar\\\/d0068f7931cc87d7274eb0c3db1deb4b.jpg?ver=1776829466\",\"caption\":\"admin\"},\"sameAs\":[\"https:\\\/\\\/tirinha.com\"],\"url\":\"https:\\\/\\\/tirinha.com\\\/hr\\\/author\\\/admin\\\/\"}]}<\/script>\n<!-- \/ Yoast SEO plugin. -->","yoast_head_json":{"title":"Pet knjiga koje treba pro\u010ditati u dvadesetima - Tirinha.com","robots":{"index":"index","follow":"follow","max-snippet":"max-snippet:-1","max-image-preview":"max-image-preview:large","max-video-preview":"max-video-preview:-1"},"canonical":"https:\/\/tirinha.com\/hr\/1036\/pet-knjiga-koje-treba-procitati-kada-imas-20-godina\/","og_locale":"hr_HR","og_type":"article","og_title":"Cinco livros para ler aos 20 anos - Tirinha.com","og_description":"Livros caso voc\u00ea n\u00e3o saiba seu lugar no mundo Entrar na casa dos 20 \u00e9, para muitos, entrar na idade &hellip;","og_url":"https:\/\/tirinha.com\/hr\/1036\/pet-knjiga-koje-treba-procitati-kada-imas-20-godina\/","og_site_name":"Tirinha.com","article_published_time":"2023-04-04T09:23:12+00:00","og_image":[{"url":"https:\/\/i0.wp.com\/elgeneracionalpost.com\/wp-content\/uploads\/2023\/04\/WhatsApp-Image-2023-04-02-at-13.01.49.jpeg?fit=2048,1638&ssl=1","type":"","width":"","height":""}],"author":"admin","twitter_card":"summary_large_image","twitter_image":"https:\/\/i0.wp.com\/elgeneracionalpost.com\/wp-content\/uploads\/2023\/04\/WhatsApp-Image-2023-04-02-at-13.01.49.jpeg?fit=2048,1638&ssl=1","twitter_misc":{"Napisao\/la":"admin","Procijenjeno vrijeme \u010ditanja":"6 minuta"},"schema":{"@context":"https:\/\/schema.org","@graph":[{"@type":"Article","@id":"https:\/\/tirinha.com\/1036\/cinco-livros-para-ler-aos-20-anos\/#article","isPartOf":{"@id":"https:\/\/tirinha.com\/1036\/cinco-livros-para-ler-aos-20-anos\/"},"author":{"name":"admin","@id":"https:\/\/tirinha.com\/#\/schema\/person\/e22bdfbe17e0461f7e927e6a1208d4d9"},"headline":"Cinco livros para ler aos 20 anos","datePublished":"2023-04-04T09:23:12+00:00","mainEntityOfPage":{"@id":"https:\/\/tirinha.com\/1036\/cinco-livros-para-ler-aos-20-anos\/"},"wordCount":1184,"commentCount":0,"publisher":{"@id":"https:\/\/tirinha.com\/#organization"},"image":{"@id":"https:\/\/tirinha.com\/1036\/cinco-livros-para-ler-aos-20-anos\/#primaryimage"},"thumbnailUrl":"https:\/\/i0.wp.com\/elgeneracionalpost.com\/wp-content\/uploads\/2023\/04\/WhatsApp-Image-2023-04-02-at-13.01.49.jpeg?fit=2048,1638&ssl=1","articleSection":["Cultura e lazer"],"inLanguage":"hr","potentialAction":[{"@type":"CommentAction","name":"Comment","target":["https:\/\/tirinha.com\/1036\/cinco-livros-para-ler-aos-20-anos\/#respond"]}]},{"@type":"WebPage","@id":"https:\/\/tirinha.com\/1036\/cinco-livros-para-ler-aos-20-anos\/","url":"https:\/\/tirinha.com\/1036\/cinco-livros-para-ler-aos-20-anos\/","name":"Pet knjiga koje treba pro\u010ditati u dvadesetima - Tirinha.com","isPartOf":{"@id":"https:\/\/tirinha.com\/#website"},"primaryImageOfPage":{"@id":"https:\/\/tirinha.com\/1036\/cinco-livros-para-ler-aos-20-anos\/#primaryimage"},"image":{"@id":"https:\/\/tirinha.com\/1036\/cinco-livros-para-ler-aos-20-anos\/#primaryimage"},"thumbnailUrl":"https:\/\/i0.wp.com\/elgeneracionalpost.com\/wp-content\/uploads\/2023\/04\/WhatsApp-Image-2023-04-02-at-13.01.49.jpeg?fit=2048,1638&ssl=1","datePublished":"2023-04-04T09:23:12+00:00","breadcrumb":{"@id":"https:\/\/tirinha.com\/1036\/cinco-livros-para-ler-aos-20-anos\/#breadcrumb"},"inLanguage":"hr","potentialAction":[{"@type":"ReadAction","target":["https:\/\/tirinha.com\/1036\/cinco-livros-para-ler-aos-20-anos\/"]}]},{"@type":"ImageObject","inLanguage":"hr","@id":"https:\/\/tirinha.com\/1036\/cinco-livros-para-ler-aos-20-anos\/#primaryimage","url":"https:\/\/i0.wp.com\/elgeneracionalpost.com\/wp-content\/uploads\/2023\/04\/WhatsApp-Image-2023-04-02-at-13.01.49.jpeg?fit=2048,1638&ssl=1","contentUrl":"https:\/\/i0.wp.com\/elgeneracionalpost.com\/wp-content\/uploads\/2023\/04\/WhatsApp-Image-2023-04-02-at-13.01.49.jpeg?fit=2048,1638&ssl=1"},{"@type":"BreadcrumbList","@id":"https:\/\/tirinha.com\/1036\/cinco-livros-para-ler-aos-20-anos\/#breadcrumb","itemListElement":[{"@type":"ListItem","position":1,"name":"Home","item":"https:\/\/tirinha.com\/"},{"@type":"ListItem","position":2,"name":"Cinco livros para ler aos 20 anos"}]},{"@type":"WebSite","@id":"https:\/\/tirinha.com\/#website","url":"https:\/\/tirinha.com\/","name":"Stripovi.com","description":"Prikazi umjetnosti i knjiga","publisher":{"@id":"https:\/\/tirinha.com\/#organization"},"potentialAction":[{"@type":"SearchAction","target":{"@type":"EntryPoint","urlTemplate":"https:\/\/tirinha.com\/?s={search_term_string}"},"query-input":{"@type":"PropertyValueSpecification","valueRequired":true,"valueName":"search_term_string"}}],"inLanguage":"hr"},{"@type":"Organization","@id":"https:\/\/tirinha.com\/#organization","name":"Stripovi.com","url":"https:\/\/tirinha.com\/","logo":{"@type":"ImageObject","inLanguage":"hr","@id":"https:\/\/tirinha.com\/#\/schema\/logo\/image\/","url":"https:\/\/tirinha.com\/wp-content\/uploads\/2023\/08\/cropped-Logo-Tirinha.webp","contentUrl":"https:\/\/tirinha.com\/wp-content\/uploads\/2023\/08\/cropped-Logo-Tirinha.webp","width":512,"height":512,"caption":"Tirinha.com"},"image":{"@id":"https:\/\/tirinha.com\/#\/schema\/logo\/image\/"}},{"@type":"Person","@id":"https:\/\/tirinha.com\/#\/schema\/person\/e22bdfbe17e0461f7e927e6a1208d4d9","name":"admin","image":{"@type":"ImageObject","inLanguage":"hr","@id":"https:\/\/tirinha.com\/wp-content\/litespeed\/avatar\/d0068f7931cc87d7274eb0c3db1deb4b.jpg?ver=1776829466","url":"https:\/\/tirinha.com\/wp-content\/litespeed\/avatar\/d0068f7931cc87d7274eb0c3db1deb4b.jpg?ver=1776829466","contentUrl":"https:\/\/tirinha.com\/wp-content\/litespeed\/avatar\/d0068f7931cc87d7274eb0c3db1deb4b.jpg?ver=1776829466","caption":"admin"},"sameAs":["https:\/\/tirinha.com"],"url":"https:\/\/tirinha.com\/hr\/author\/admin\/"}]}},"_links":{"self":[{"href":"https:\/\/tirinha.com\/hr\/wp-json\/wp\/v2\/posts\/1036","targetHints":{"allow":["GET"]}}],"collection":[{"href":"https:\/\/tirinha.com\/hr\/wp-json\/wp\/v2\/posts"}],"about":[{"href":"https:\/\/tirinha.com\/hr\/wp-json\/wp\/v2\/types\/post"}],"author":[{"embeddable":true,"href":"https:\/\/tirinha.com\/hr\/wp-json\/wp\/v2\/users\/1"}],"replies":[{"embeddable":true,"href":"https:\/\/tirinha.com\/hr\/wp-json\/wp\/v2\/comments?post=1036"}],"version-history":[{"count":0,"href":"https:\/\/tirinha.com\/hr\/wp-json\/wp\/v2\/posts\/1036\/revisions"}],"wp:featuredmedia":[{"embeddable":true,"href":"https:\/\/tirinha.com\/hr\/wp-json\/wp\/v2\/media\/1037"}],"wp:attachment":[{"href":"https:\/\/tirinha.com\/hr\/wp-json\/wp\/v2\/media?parent=1036"}],"wp:term":[{"taxonomy":"category","embeddable":true,"href":"https:\/\/tirinha.com\/hr\/wp-json\/wp\/v2\/categories?post=1036"},{"taxonomy":"post_tag","embeddable":true,"href":"https:\/\/tirinha.com\/hr\/wp-json\/wp\/v2\/tags?post=1036"}],"curies":[{"name":"radni list","href":"https:\/\/api.w.org\/{rel}","templated":true}]}}