{"id":994,"date":"2023-04-03T23:03:33","date_gmt":"2023-04-03T23:03:33","guid":{"rendered":"https:\/\/tirinha.com\/as-tradicoes-espanholas-mais-interessantes\/"},"modified":"2023-04-03T23:03:33","modified_gmt":"2023-04-03T23:03:33","slug":"les-traditions-espagnoles-les-plus-interessantes","status":"publish","type":"post","link":"https:\/\/tirinha.com\/fr\/994\/as-tradicoes-espanholas-mais-interessantes\/","title":{"rendered":"les traditions espagnoles les plus int\u00e9ressantes"},"content":{"rendered":"<p><\/p>\n<div>\n<h2><span style=\"font-weight: 400;\">L&#039;Espagne se pr\u00e9pare pour l&#039;une des semaines les plus attendues de l&#039;ann\u00e9e<\/span><\/h2>\n<p><strong>Ce sera la deuxi\u00e8me ann\u00e9e que la Semaine Sainte sera c\u00e9l\u00e9br\u00e9e apr\u00e8s la pand\u00e9mie mondiale et le beau temps devrait \u00eatre au rendez-vous.<\/strong><\/p>\n<p><span style=\"font-weight: 400;\">\u00d4 <strong>semaine Sainte<\/strong> Elle est c\u00e9l\u00e9br\u00e9e dans toute l\u2019Espagne, mais de nombreuses coutumes, traditions et curiosit\u00e9s la composent. De plus, ce festival provoque l&#039;arriv\u00e9e de touristes du monde entier. <\/span><\/p>\n<p><span style=\"font-weight: 400;\">Tout au long de l&#039;article, nous mentionnerons certains des <strong>traditions<\/strong> le plus curieux et int\u00e9ressant du territoire espagnol.<\/span><\/p>\n<h3><span style=\"font-weight: 400;\">Le passage de J\u00e9sus le Riche<\/span><\/h3>\n<p><span style=\"font-weight: 400;\">\u00c0 Malaga, chaque mercredi saint un <strong>prisonnier<\/strong> aucun crime de sang n&#039;est r\u00e9v\u00e9l\u00e9. Cela semble \u00e9trange, n&#039;est-ce pas ?<\/span><\/p>\n<p><span style=\"font-weight: 400;\">Tout a commenc\u00e9 lorsque le <strong>\u00e9pid\u00e9mies de peste<\/strong> atteint la province andalouse. Un groupe de prisonniers d\u00e9vou\u00e9s au Christ a demand\u00e9 au directeur de la prison de lancer une procession apr\u00e8s les moments difficiles qu&#039;ils traversaient. Le directeur a refus\u00e9 la proposition. Poursuivant la l\u00e9gende de Malaga, les prisonniers, apr\u00e8s le refus du directeur, organis\u00e8rent un soul\u00e8vement dans la prison et r\u00e9ussirent \u00e0 s&#039;\u00e9chapper. Cependant, ils se rendirent au couvent o\u00f9 se trouvait l&#039;image du Christ dans la procession qu&#039;ils avaient l&#039;intention de faire et la firent d\u00e9filer dans toutes les rues. Apr\u00e8s cela, ils sont retourn\u00e9s en prison au lieu de s\u2019\u00e9vader. <\/span><\/p>\n<p><span style=\"font-weight: 400;\">je<\/span><span style=\"font-weight: 400;\">la nouvelle est arriv\u00e9e <strong>Charles III<\/strong> qui approuva une loi pour que le cort\u00e8ge parte chaque ann\u00e9e, et aussi, chaque fois qu&#039;il traverse la prison, un prisonnier soit lib\u00e9r\u00e9. Enfin, la l\u00e9gende raconte que quelques jours apr\u00e8s l&#039;incident, la peste a disparu de la province andalouse.<\/span><\/p>\n<h3><span style=\"font-weight: 400;\">la capture de Judas<\/span><\/h3>\n<p><span style=\"font-weight: 400;\">Comme son nom l&#039;indique, il est compos\u00e9 de <strong>chasser<\/strong> pour Judas. Cette tradition est c\u00e9l\u00e9br\u00e9e \u00e0 Cabanillas depuis le XIXe si\u00e8cle. Elle est c\u00e9l\u00e9br\u00e9e le dimanche de P\u00e2ques et commence par l&#039;apparition de Judas sur la Plaza del Ayuntamiento v\u00eatu de rouge et d&#039;argent et avec un filet sur la t\u00eate. Les jeunes s&#039;habilleront comme<strong> Romains<\/strong> et ils devront le poursuivre jusqu&#039;\u00e0 ce qu&#039;ils l&#039;attrapent. Judas se cachera parmi les gens, entrera dans certaines maisons pour voler de la nourriture et sautera m\u00eame entre les balcons. Apr\u00e8s qu&#039;un jeune Romain l&#039;ait traqu\u00e9, il est d\u00e9capit\u00e9 comme tra\u00eetre.<\/span><\/p>\n<figure id=\"attachment_83971\" aria-describedby=\"caption-attachment-83971\" style=\"width: 1280px\" class=\"wp-caption aligncenter\"><img fetchpriority=\"high\" data-attachment-id=\"83971\" data-permalink=\"https:\/\/elgeneracionalpost.com\/cultura\/2023\/0331\/83950\/semana-santa-las-tradiciones-espanolas-mas-interesantes.html\/attachment\/week-gb3e652cc7_1280\" data-orig-file=\"https:\/\/i0.wp.com\/elgeneracionalpost.com\/wp-content\/uploads\/2023\/03\/week-gb3e652cc7_1280.jpg?fit=1280%2C853&amp;ssl=1\" data-orig-size=\"1280,853\" data-comments-opened=\"0\" data-image-meta=\"{&quot;aperture&quot;:&quot;0&quot;,&quot;credit&quot;:&quot;&quot;,&quot;camera&quot;:&quot;&quot;,&quot;caption&quot;:&quot;&quot;,&quot;created_timestamp&quot;:&quot;0&quot;,&quot;copyright&quot;:&quot;&quot;,&quot;focal_length&quot;:&quot;0&quot;,&quot;iso&quot;:&quot;0&quot;,&quot;shutter_speed&quot;:&quot;0&quot;,&quot;title&quot;:&quot;&quot;,&quot;orientation&quot;:&quot;0&quot;}\" data-image-title=\"week-gb3e652cc7_1280\" data-image-description=\"\" data-image-caption=\"&lt;p&gt;Sillas en Carrera Oficial en Sevilla | Fuente: Pixabay&lt;\/p&gt;&#10;\" data-medium-file=\"https:\/\/i0.wp.com\/elgeneracionalpost.com\/wp-content\/uploads\/2023\/03\/week-gb3e652cc7_1280.jpg?fit=300%2C200&amp;ssl=1\" data-large-file=\"https:\/\/i0.wp.com\/elgeneracionalpost.com\/wp-content\/uploads\/2023\/03\/week-gb3e652cc7_1280.jpg?fit=696%2C464&amp;ssl=1\" decoding=\"async\" class=\"wp-image-83971 size-full jetpack-lazy-image\" src=\"https:\/\/i0.wp.com\/elgeneracionalpost.com\/wp-content\/uploads\/2023\/03\/week-gb3e652cc7_1280.jpg?resize=696%2C464&amp;ssl=1\" alt=\"\" width=\"696\" height=\"464\" data-recalc-dims=\"1\" data-lazy-srcset=\"https:\/\/i0.wp.com\/elgeneracionalpost.com\/wp-content\/uploads\/2023\/03\/week-gb3e652cc7_1280.jpg?w=1280&amp;ssl=1 1280w, https:\/\/i0.wp.com\/elgeneracionalpost.com\/wp-content\/uploads\/2023\/03\/week-gb3e652cc7_1280.jpg?resize=300%2C200&amp;ssl=1 300w, https:\/\/i0.wp.com\/elgeneracionalpost.com\/wp-content\/uploads\/2023\/03\/week-gb3e652cc7_1280.jpg?resize=1024%2C682&amp;ssl=1 1024w, https:\/\/i0.wp.com\/elgeneracionalpost.com\/wp-content\/uploads\/2023\/03\/week-gb3e652cc7_1280.jpg?resize=768%2C512&amp;ssl=1 768w, https:\/\/i0.wp.com\/elgeneracionalpost.com\/wp-content\/uploads\/2023\/03\/week-gb3e652cc7_1280.jpg?resize=150%2C100&amp;ssl=1 150w, https:\/\/i0.wp.com\/elgeneracionalpost.com\/wp-content\/uploads\/2023\/03\/week-gb3e652cc7_1280.jpg?resize=696%2C464&amp;ssl=1 696w, https:\/\/i0.wp.com\/elgeneracionalpost.com\/wp-content\/uploads\/2023\/03\/week-gb3e652cc7_1280.jpg?resize=1068%2C712&amp;ssl=1 1068w\" data-lazy-sizes=\"(max-width: 696px) 100vw, 696px\" data-lazy-src=\"https:\/\/i0.wp.com\/elgeneracionalpost.com\/wp-content\/uploads\/2023\/03\/week-gb3e652cc7_1280.jpg?resize=696%2C464&amp;is-pending-load=1#038;ssl=1\" srcset=\"data:image\/gif;base64,R0lGODlhAQABAIAAAAAAAP\/\/\/yH5BAEAAAAALAAAAAABAAEAAAIBRAA7\"\/><noscript><img data-lazy-fallback=\"1\" data-attachment-id=\"83971\" data-permalink=\"https:\/\/elgeneracionalpost.com\/cultura\/2023\/0331\/83950\/semana-santa-las-tradiciones-espanolas-mas-interesantes.html\/attachment\/week-gb3e652cc7_1280\" data-orig-file=\"https:\/\/i0.wp.com\/elgeneracionalpost.com\/wp-content\/uploads\/2023\/03\/week-gb3e652cc7_1280.jpg?fit=1280%2C853&amp;ssl=1\" data-orig-size=\"1280,853\" data-comments-opened=\"0\" data-image-meta=\"{&quot;aperture&quot;:&quot;0&quot;,&quot;credit&quot;:&quot;&quot;,&quot;camera&quot;:&quot;&quot;,&quot;caption&quot;:&quot;&quot;,&quot;created_timestamp&quot;:&quot;0&quot;,&quot;copyright&quot;:&quot;&quot;,&quot;focal_length&quot;:&quot;0&quot;,&quot;iso&quot;:&quot;0&quot;,&quot;shutter_speed&quot;:&quot;0&quot;,&quot;title&quot;:&quot;&quot;,&quot;orientation&quot;:&quot;0&quot;}\" data-image-title=\"week-gb3e652cc7_1280\" data-image-description=\"\" data-image-caption=\"&lt;p&gt;Sillas en Carrera Oficial en Sevilla | Fuente: Pixabay&lt;\/p&gt;&#10;\" data-medium-file=\"https:\/\/i0.wp.com\/elgeneracionalpost.com\/wp-content\/uploads\/2023\/03\/week-gb3e652cc7_1280.jpg?fit=300%2C200&amp;ssl=1\" data-large-file=\"https:\/\/i0.wp.com\/elgeneracionalpost.com\/wp-content\/uploads\/2023\/03\/week-gb3e652cc7_1280.jpg?fit=696%2C464&amp;ssl=1\" decoding=\"async\" class=\"wp-image-83971 size-full\" src=\"https:\/\/i0.wp.com\/elgeneracionalpost.com\/wp-content\/uploads\/2023\/03\/week-gb3e652cc7_1280.jpg?resize=696%2C464&amp;ssl=1\" alt=\"\" width=\"696\" height=\"464\" srcset=\"https:\/\/i0.wp.com\/elgeneracionalpost.com\/wp-content\/uploads\/2023\/03\/week-gb3e652cc7_1280.jpg?w=1280&amp;ssl=1 1280w, https:\/\/i0.wp.com\/elgeneracionalpost.com\/wp-content\/uploads\/2023\/03\/week-gb3e652cc7_1280.jpg?resize=300%2C200&amp;ssl=1 300w, https:\/\/i0.wp.com\/elgeneracionalpost.com\/wp-content\/uploads\/2023\/03\/week-gb3e652cc7_1280.jpg?resize=1024%2C682&amp;ssl=1 1024w, https:\/\/i0.wp.com\/elgeneracionalpost.com\/wp-content\/uploads\/2023\/03\/week-gb3e652cc7_1280.jpg?resize=768%2C512&amp;ssl=1 768w, https:\/\/i0.wp.com\/elgeneracionalpost.com\/wp-content\/uploads\/2023\/03\/week-gb3e652cc7_1280.jpg?resize=150%2C100&amp;ssl=1 150w, https:\/\/i0.wp.com\/elgeneracionalpost.com\/wp-content\/uploads\/2023\/03\/week-gb3e652cc7_1280.jpg?resize=696%2C464&amp;ssl=1 696w, https:\/\/i0.wp.com\/elgeneracionalpost.com\/wp-content\/uploads\/2023\/03\/week-gb3e652cc7_1280.jpg?resize=1068%2C712&amp;ssl=1 1068w\" sizes=\"(max-width: 696px) 100vw, 696px\" data-recalc-dims=\"1\"\/><\/noscript><figcaption id=\"caption-attachment-83971\" class=\"wp-caption-text\">chaises dans la course officielle \u00e0 S\u00e9ville | Source : Pixabay<\/figcaption><\/figure>\n<h3><span style=\"font-weight: 400;\">Le cort\u00e8ge des ivrognes<\/span><\/h3>\n<p><span style=\"font-weight: 400;\">L&#039;enterrement de <em>G\u00e9narin<\/em>&quot; est un acte qui a soulev\u00e9 <strong>controverse<\/strong> mais elle continue d&#039;\u00eatre c\u00e9l\u00e9br\u00e9e chaque Semaine Sainte dans la province de Le\u00f3n. Cet acte fait r\u00e9f\u00e9rence \u00e0 la figure de Genaro Blanco, un journalier d\u00e9c\u00e9d\u00e9 dans la nuit du Jeudi Saint de 1929. Il fut \u00e9cras\u00e9 par un camion poubelle pr\u00e8s des murs de Le\u00f3n. <\/span><\/p>\n<p><span style=\"font-weight: 400;\">Et c&#039;est l\u00e0 qu&#039;intervient la pol\u00e9mique, puisque l&#039;acte de d\u00e9c\u00e8s du d\u00e9funt contient des donn\u00e9es diff\u00e9rentes de celles dont disposent certains de ses habitants. Selon les archives, il est d\u00e9c\u00e9d\u00e9 le Vendredi Saint \u00e0 onze heures du matin et le pr\u00e9tendu camion poubelle n&#039;\u00e9tait rien d&#039;autre qu&#039;un camion de nettoyage aux mains d&#039;un jeune homme de 19 ans.<\/span><\/p>\n<p><span style=\"font-weight: 400;\">Dans l&#039;ann\u00e9e qui suit le d\u00e9c\u00e8s de <em>G\u00e9narin<\/em>quatre amis ont d\u00e9cid\u00e9 de faire de m\u00eame <strong>itin\u00e9raire<\/strong> ce qu&#039;il fit la nuit de sa mort, visitant les m\u00eames lieux et d\u00eenant de la m\u00eame mani\u00e8re. POUR <em>G\u00e9narin<\/em> un grand nombre d&#039;adjectifs n\u00e9gatifs lui sont attribu\u00e9s : ivre, escroc\u2026<\/span><\/p>\n<p><span style=\"font-weight: 400;\">Ce cort\u00e8ge \u00e9tait <strong>Interdit<\/strong> pendant la dictature de Franco. Actuellement, ils accueillent entre 20 000 et 30 000 personnes, surtout des jeunes qui font la f\u00eate et boivent pendant la tourn\u00e9e.<\/span><\/p>\n<div class=\"sharedaddy sd-block sd-like jetpack-likes-widget-wrapper jetpack-likes-widget-unloaded\" id=\"like-post-wrapper-153844979-83950-642b5b44c1da6\" data-src=\"https:\/\/widgets.wp.com\/likes\/#blog_id=153844979&amp;post_id=83950&amp;origin=elgeneracionalpost.com&amp;obj_id=153844979-83950-642b5b44c1da6\" data-name=\"like-post-frame-153844979-83950-642b5b44c1da6\" data-title=\"Me gusta o Compartir\">\n<h3 class=\"sd-title\">J&#039;aime \u00e7a:<\/h3>\n<p><span class=\"button\"><span>J&#039;aime<\/span><\/span> <span class=\"loading\">Chargement\u2026<\/span><\/p>\n<p><span class=\"sd-text-color\"\/><\/div>\n<p><h3 class=\"jp-relatedposts-headline\"><em>En rapport<\/em><\/h3>\n<\/p>\n<\/div>","protected":false},"excerpt":{"rendered":"<p>L\u2019Espagne se pr\u00e9pare pour l\u2019une des semaines les plus attendues de l\u2019ann\u00e9e, ce sera la deuxi\u00e8me ann\u00e9e que la Semaine est c\u00e9l\u00e9br\u00e9e\u2026 <\/p>","protected":false},"author":1,"featured_media":995,"comment_status":"open","ping_status":"open","sticky":false,"template":"","format":"standard","meta":{"fifu_image_url":"https:\/\/elgeneracionalpost.com\/wp-content\/uploads\/2023\/03\/El_rico_malaga.jpg","fifu_image_alt":"","footnotes":""},"categories":[35],"tags":[],"class_list":["post-994","post","type-post","status-publish","format-standard","has-post-thumbnail","hentry","category-cultura-e-lazer","latest_post"],"yoast_head":"<!-- This site is optimized with the Yoast SEO plugin v27.3 - https:\/\/yoast.com\/product\/yoast-seo-wordpress\/ -->\n<title>as tradi\u00e7\u00f5es espanholas mais interessantes - Tirinha.com<\/title>\n<meta name=\"robots\" content=\"index, follow, max-snippet:-1, max-image-preview:large, max-video-preview:-1\" \/>\n<link rel=\"canonical\" href=\"https:\/\/tirinha.com\/fr\/994\/les-traditions-espagnoles-les-plus-interessantes\/\" \/>\n<meta property=\"og:locale\" content=\"fr_FR\" \/>\n<meta property=\"og:type\" content=\"article\" \/>\n<meta property=\"og:title\" content=\"as tradi\u00e7\u00f5es espanholas mais interessantes - Tirinha.com\" \/>\n<meta property=\"og:description\" content=\"Espanha prepara-se para uma das semanas mais esperadas do ano Ser\u00e1 o segundo ano em que se celebra a Semana &hellip;\" \/>\n<meta property=\"og:url\" content=\"https:\/\/tirinha.com\/fr\/994\/les-traditions-espagnoles-les-plus-interessantes\/\" \/>\n<meta property=\"og:site_name\" content=\"Tirinha.com\" \/>\n<meta property=\"article:published_time\" content=\"2023-04-03T23:03:33+00:00\" \/>\n<meta property=\"og:image\" content=\"https:\/\/elgeneracionalpost.com\/wp-content\/uploads\/2023\/03\/El_rico_malaga.jpg\" \/>\n<meta name=\"author\" content=\"admin\" \/>\n<meta name=\"twitter:card\" content=\"summary_large_image\" \/>\n<meta name=\"twitter:image\" content=\"https:\/\/elgeneracionalpost.com\/wp-content\/uploads\/2023\/03\/El_rico_malaga.jpg\" \/>\n<meta name=\"twitter:label1\" content=\"\u00c9crit par\" \/>\n\t<meta name=\"twitter:data1\" content=\"admin\" \/>\n\t<meta name=\"twitter:label2\" content=\"Dur\u00e9e de lecture estim\u00e9e\" \/>\n\t<meta name=\"twitter:data2\" content=\"3 minutes\" \/>\n<script type=\"application\/ld+json\" class=\"yoast-schema-graph\">{\"@context\":\"https:\\\/\\\/schema.org\",\"@graph\":[{\"@type\":\"Article\",\"@id\":\"https:\\\/\\\/tirinha.com\\\/994\\\/as-tradicoes-espanholas-mais-interessantes\\\/#article\",\"isPartOf\":{\"@id\":\"https:\\\/\\\/tirinha.com\\\/994\\\/as-tradicoes-espanholas-mais-interessantes\\\/\"},\"author\":{\"name\":\"admin\",\"@id\":\"https:\\\/\\\/tirinha.com\\\/#\\\/schema\\\/person\\\/e22bdfbe17e0461f7e927e6a1208d4d9\"},\"headline\":\"as tradi\u00e7\u00f5es espanholas mais interessantes\",\"datePublished\":\"2023-04-03T23:03:33+00:00\",\"mainEntityOfPage\":{\"@id\":\"https:\\\/\\\/tirinha.com\\\/994\\\/as-tradicoes-espanholas-mais-interessantes\\\/\"},\"wordCount\":599,\"commentCount\":0,\"publisher\":{\"@id\":\"https:\\\/\\\/tirinha.com\\\/#organization\"},\"image\":{\"@id\":\"https:\\\/\\\/tirinha.com\\\/994\\\/as-tradicoes-espanholas-mais-interessantes\\\/#primaryimage\"},\"thumbnailUrl\":\"https:\\\/\\\/elgeneracionalpost.com\\\/wp-content\\\/uploads\\\/2023\\\/03\\\/El_rico_malaga.jpg\",\"articleSection\":[\"Cultura e lazer\"],\"inLanguage\":\"fr-FR\",\"potentialAction\":[{\"@type\":\"CommentAction\",\"name\":\"Comment\",\"target\":[\"https:\\\/\\\/tirinha.com\\\/994\\\/as-tradicoes-espanholas-mais-interessantes\\\/#respond\"]}]},{\"@type\":\"WebPage\",\"@id\":\"https:\\\/\\\/tirinha.com\\\/994\\\/as-tradicoes-espanholas-mais-interessantes\\\/\",\"url\":\"https:\\\/\\\/tirinha.com\\\/994\\\/as-tradicoes-espanholas-mais-interessantes\\\/\",\"name\":\"as tradi\u00e7\u00f5es espanholas mais interessantes - Tirinha.com\",\"isPartOf\":{\"@id\":\"https:\\\/\\\/tirinha.com\\\/#website\"},\"primaryImageOfPage\":{\"@id\":\"https:\\\/\\\/tirinha.com\\\/994\\\/as-tradicoes-espanholas-mais-interessantes\\\/#primaryimage\"},\"image\":{\"@id\":\"https:\\\/\\\/tirinha.com\\\/994\\\/as-tradicoes-espanholas-mais-interessantes\\\/#primaryimage\"},\"thumbnailUrl\":\"https:\\\/\\\/elgeneracionalpost.com\\\/wp-content\\\/uploads\\\/2023\\\/03\\\/El_rico_malaga.jpg\",\"datePublished\":\"2023-04-03T23:03:33+00:00\",\"breadcrumb\":{\"@id\":\"https:\\\/\\\/tirinha.com\\\/994\\\/as-tradicoes-espanholas-mais-interessantes\\\/#breadcrumb\"},\"inLanguage\":\"fr-FR\",\"potentialAction\":[{\"@type\":\"ReadAction\",\"target\":[\"https:\\\/\\\/tirinha.com\\\/994\\\/as-tradicoes-espanholas-mais-interessantes\\\/\"]}]},{\"@type\":\"ImageObject\",\"inLanguage\":\"fr-FR\",\"@id\":\"https:\\\/\\\/tirinha.com\\\/994\\\/as-tradicoes-espanholas-mais-interessantes\\\/#primaryimage\",\"url\":\"https:\\\/\\\/elgeneracionalpost.com\\\/wp-content\\\/uploads\\\/2023\\\/03\\\/El_rico_malaga.jpg\",\"contentUrl\":\"https:\\\/\\\/elgeneracionalpost.com\\\/wp-content\\\/uploads\\\/2023\\\/03\\\/El_rico_malaga.jpg\"},{\"@type\":\"BreadcrumbList\",\"@id\":\"https:\\\/\\\/tirinha.com\\\/994\\\/as-tradicoes-espanholas-mais-interessantes\\\/#breadcrumb\",\"itemListElement\":[{\"@type\":\"ListItem\",\"position\":1,\"name\":\"Home\",\"item\":\"https:\\\/\\\/tirinha.com\\\/\"},{\"@type\":\"ListItem\",\"position\":2,\"name\":\"as tradi\u00e7\u00f5es espanholas mais interessantes\"}]},{\"@type\":\"WebSite\",\"@id\":\"https:\\\/\\\/tirinha.com\\\/#website\",\"url\":\"https:\\\/\\\/tirinha.com\\\/\",\"name\":\"Tirinha.com\",\"description\":\"Arte e livros resenhas\",\"publisher\":{\"@id\":\"https:\\\/\\\/tirinha.com\\\/#organization\"},\"potentialAction\":[{\"@type\":\"SearchAction\",\"target\":{\"@type\":\"EntryPoint\",\"urlTemplate\":\"https:\\\/\\\/tirinha.com\\\/?s={search_term_string}\"},\"query-input\":{\"@type\":\"PropertyValueSpecification\",\"valueRequired\":true,\"valueName\":\"search_term_string\"}}],\"inLanguage\":\"fr-FR\"},{\"@type\":\"Organization\",\"@id\":\"https:\\\/\\\/tirinha.com\\\/#organization\",\"name\":\"Tirinha.com\",\"url\":\"https:\\\/\\\/tirinha.com\\\/\",\"logo\":{\"@type\":\"ImageObject\",\"inLanguage\":\"fr-FR\",\"@id\":\"https:\\\/\\\/tirinha.com\\\/#\\\/schema\\\/logo\\\/image\\\/\",\"url\":\"https:\\\/\\\/tirinha.com\\\/wp-content\\\/uploads\\\/2023\\\/08\\\/cropped-Logo-Tirinha.webp\",\"contentUrl\":\"https:\\\/\\\/tirinha.com\\\/wp-content\\\/uploads\\\/2023\\\/08\\\/cropped-Logo-Tirinha.webp\",\"width\":512,\"height\":512,\"caption\":\"Tirinha.com\"},\"image\":{\"@id\":\"https:\\\/\\\/tirinha.com\\\/#\\\/schema\\\/logo\\\/image\\\/\"}},{\"@type\":\"Person\",\"@id\":\"https:\\\/\\\/tirinha.com\\\/#\\\/schema\\\/person\\\/e22bdfbe17e0461f7e927e6a1208d4d9\",\"name\":\"admin\",\"image\":{\"@type\":\"ImageObject\",\"inLanguage\":\"fr-FR\",\"@id\":\"https:\\\/\\\/tirinha.com\\\/wp-content\\\/litespeed\\\/avatar\\\/d0068f7931cc87d7274eb0c3db1deb4b.jpg?ver=1776829466\",\"url\":\"https:\\\/\\\/tirinha.com\\\/wp-content\\\/litespeed\\\/avatar\\\/d0068f7931cc87d7274eb0c3db1deb4b.jpg?ver=1776829466\",\"contentUrl\":\"https:\\\/\\\/tirinha.com\\\/wp-content\\\/litespeed\\\/avatar\\\/d0068f7931cc87d7274eb0c3db1deb4b.jpg?ver=1776829466\",\"caption\":\"admin\"},\"sameAs\":[\"https:\\\/\\\/tirinha.com\"],\"url\":\"https:\\\/\\\/tirinha.com\\\/fr\\\/author\\\/admin\\\/\"}]}<\/script>\n<!-- \/ Yoast SEO plugin. -->","yoast_head_json":{"title":"Les traditions espagnoles les plus int\u00e9ressantes - Tirinha.com","robots":{"index":"index","follow":"follow","max-snippet":"max-snippet:-1","max-image-preview":"max-image-preview:large","max-video-preview":"max-video-preview:-1"},"canonical":"https:\/\/tirinha.com\/fr\/994\/les-traditions-espagnoles-les-plus-interessantes\/","og_locale":"fr_FR","og_type":"article","og_title":"as tradi\u00e7\u00f5es espanholas mais interessantes - Tirinha.com","og_description":"Espanha prepara-se para uma das semanas mais esperadas do ano Ser\u00e1 o segundo ano em que se celebra a Semana &hellip;","og_url":"https:\/\/tirinha.com\/fr\/994\/les-traditions-espagnoles-les-plus-interessantes\/","og_site_name":"Tirinha.com","article_published_time":"2023-04-03T23:03:33+00:00","og_image":[{"url":"https:\/\/elgeneracionalpost.com\/wp-content\/uploads\/2023\/03\/El_rico_malaga.jpg","type":"","width":"","height":""}],"author":"admin","twitter_card":"summary_large_image","twitter_image":"https:\/\/elgeneracionalpost.com\/wp-content\/uploads\/2023\/03\/El_rico_malaga.jpg","twitter_misc":{"\u00c9crit par":"admin","Dur\u00e9e de lecture estim\u00e9e":"3 minutes"},"schema":{"@context":"https:\/\/schema.org","@graph":[{"@type":"Article","@id":"https:\/\/tirinha.com\/994\/as-tradicoes-espanholas-mais-interessantes\/#article","isPartOf":{"@id":"https:\/\/tirinha.com\/994\/as-tradicoes-espanholas-mais-interessantes\/"},"author":{"name":"admin","@id":"https:\/\/tirinha.com\/#\/schema\/person\/e22bdfbe17e0461f7e927e6a1208d4d9"},"headline":"as tradi\u00e7\u00f5es espanholas mais interessantes","datePublished":"2023-04-03T23:03:33+00:00","mainEntityOfPage":{"@id":"https:\/\/tirinha.com\/994\/as-tradicoes-espanholas-mais-interessantes\/"},"wordCount":599,"commentCount":0,"publisher":{"@id":"https:\/\/tirinha.com\/#organization"},"image":{"@id":"https:\/\/tirinha.com\/994\/as-tradicoes-espanholas-mais-interessantes\/#primaryimage"},"thumbnailUrl":"https:\/\/elgeneracionalpost.com\/wp-content\/uploads\/2023\/03\/El_rico_malaga.jpg","articleSection":["Cultura e lazer"],"inLanguage":"fr-FR","potentialAction":[{"@type":"CommentAction","name":"Comment","target":["https:\/\/tirinha.com\/994\/as-tradicoes-espanholas-mais-interessantes\/#respond"]}]},{"@type":"WebPage","@id":"https:\/\/tirinha.com\/994\/as-tradicoes-espanholas-mais-interessantes\/","url":"https:\/\/tirinha.com\/994\/as-tradicoes-espanholas-mais-interessantes\/","name":"Les traditions espagnoles les plus int\u00e9ressantes - Tirinha.com","isPartOf":{"@id":"https:\/\/tirinha.com\/#website"},"primaryImageOfPage":{"@id":"https:\/\/tirinha.com\/994\/as-tradicoes-espanholas-mais-interessantes\/#primaryimage"},"image":{"@id":"https:\/\/tirinha.com\/994\/as-tradicoes-espanholas-mais-interessantes\/#primaryimage"},"thumbnailUrl":"https:\/\/elgeneracionalpost.com\/wp-content\/uploads\/2023\/03\/El_rico_malaga.jpg","datePublished":"2023-04-03T23:03:33+00:00","breadcrumb":{"@id":"https:\/\/tirinha.com\/994\/as-tradicoes-espanholas-mais-interessantes\/#breadcrumb"},"inLanguage":"fr-FR","potentialAction":[{"@type":"ReadAction","target":["https:\/\/tirinha.com\/994\/as-tradicoes-espanholas-mais-interessantes\/"]}]},{"@type":"ImageObject","inLanguage":"fr-FR","@id":"https:\/\/tirinha.com\/994\/as-tradicoes-espanholas-mais-interessantes\/#primaryimage","url":"https:\/\/elgeneracionalpost.com\/wp-content\/uploads\/2023\/03\/El_rico_malaga.jpg","contentUrl":"https:\/\/elgeneracionalpost.com\/wp-content\/uploads\/2023\/03\/El_rico_malaga.jpg"},{"@type":"BreadcrumbList","@id":"https:\/\/tirinha.com\/994\/as-tradicoes-espanholas-mais-interessantes\/#breadcrumb","itemListElement":[{"@type":"ListItem","position":1,"name":"Home","item":"https:\/\/tirinha.com\/"},{"@type":"ListItem","position":2,"name":"as tradi\u00e7\u00f5es espanholas mais interessantes"}]},{"@type":"WebSite","@id":"https:\/\/tirinha.com\/#website","url":"https:\/\/tirinha.com\/","name":"Tirinha.com","description":"Critiques d&#039;art et de livres","publisher":{"@id":"https:\/\/tirinha.com\/#organization"},"potentialAction":[{"@type":"SearchAction","target":{"@type":"EntryPoint","urlTemplate":"https:\/\/tirinha.com\/?s={search_term_string}"},"query-input":{"@type":"PropertyValueSpecification","valueRequired":true,"valueName":"search_term_string"}}],"inLanguage":"fr-FR"},{"@type":"Organization","@id":"https:\/\/tirinha.com\/#organization","name":"Tirinha.com","url":"https:\/\/tirinha.com\/","logo":{"@type":"ImageObject","inLanguage":"fr-FR","@id":"https:\/\/tirinha.com\/#\/schema\/logo\/image\/","url":"https:\/\/tirinha.com\/wp-content\/uploads\/2023\/08\/cropped-Logo-Tirinha.webp","contentUrl":"https:\/\/tirinha.com\/wp-content\/uploads\/2023\/08\/cropped-Logo-Tirinha.webp","width":512,"height":512,"caption":"Tirinha.com"},"image":{"@id":"https:\/\/tirinha.com\/#\/schema\/logo\/image\/"}},{"@type":"Person","@id":"https:\/\/tirinha.com\/#\/schema\/person\/e22bdfbe17e0461f7e927e6a1208d4d9","name":"administrateur","image":{"@type":"ImageObject","inLanguage":"fr-FR","@id":"https:\/\/tirinha.com\/wp-content\/litespeed\/avatar\/d0068f7931cc87d7274eb0c3db1deb4b.jpg?ver=1776829466","url":"https:\/\/tirinha.com\/wp-content\/litespeed\/avatar\/d0068f7931cc87d7274eb0c3db1deb4b.jpg?ver=1776829466","contentUrl":"https:\/\/tirinha.com\/wp-content\/litespeed\/avatar\/d0068f7931cc87d7274eb0c3db1deb4b.jpg?ver=1776829466","caption":"admin"},"sameAs":["https:\/\/tirinha.com"],"url":"https:\/\/tirinha.com\/fr\/author\/admin\/"}]}},"_links":{"self":[{"href":"https:\/\/tirinha.com\/fr\/wp-json\/wp\/v2\/posts\/994","targetHints":{"allow":["GET"]}}],"collection":[{"href":"https:\/\/tirinha.com\/fr\/wp-json\/wp\/v2\/posts"}],"about":[{"href":"https:\/\/tirinha.com\/fr\/wp-json\/wp\/v2\/types\/post"}],"author":[{"embeddable":true,"href":"https:\/\/tirinha.com\/fr\/wp-json\/wp\/v2\/users\/1"}],"replies":[{"embeddable":true,"href":"https:\/\/tirinha.com\/fr\/wp-json\/wp\/v2\/comments?post=994"}],"version-history":[{"count":0,"href":"https:\/\/tirinha.com\/fr\/wp-json\/wp\/v2\/posts\/994\/revisions"}],"wp:featuredmedia":[{"embeddable":true,"href":"https:\/\/tirinha.com\/fr\/wp-json\/wp\/v2\/media\/995"}],"wp:attachment":[{"href":"https:\/\/tirinha.com\/fr\/wp-json\/wp\/v2\/media?parent=994"}],"wp:term":[{"taxonomy":"category","embeddable":true,"href":"https:\/\/tirinha.com\/fr\/wp-json\/wp\/v2\/categories?post=994"},{"taxonomy":"post_tag","embeddable":true,"href":"https:\/\/tirinha.com\/fr\/wp-json\/wp\/v2\/tags?post=994"}],"curies":[{"name":"wp","href":"https:\/\/api.w.org\/{rel}","templated":true}]}}