{"id":987,"date":"2023-04-03T23:02:55","date_gmt":"2023-04-03T23:02:55","guid":{"rendered":"https:\/\/tirinha.com\/vera-bosch-olhe-nos-olhos-antes-da-boca\/"},"modified":"2023-04-03T23:02:55","modified_gmt":"2023-04-03T23:02:55","slug":"vera-bosch-regardez-dans-les-yeux-avant-de-regarder-dans-la-bouche","status":"publish","type":"post","link":"https:\/\/tirinha.com\/fr\/987\/vera-bosch-olhe-nos-olhos-antes-da-boca\/","title":{"rendered":"Vera Bosch : \u00ab Regarder dans les yeux avant la bouche \u00bb"},"content":{"rendered":"<p><\/p>\n<div>\n<h2>Le doublage n\u2019est pas autant reconnu qu\u2019il le devrait. Nous avons donc souhait\u00e9 interviewer Vera Bosch pour donner plus de visibilit\u00e9 au m\u00e9tier.<\/h2>\n<p><strong>Bosch est une actrice de doublage espagnole, principalement connue pour avoir interpr\u00e9t\u00e9 Zendaya, Florence Pugh ou Camila Mendes.<\/strong><\/p>\n<p>Le doublage est un travail tr\u00e8s complexe et laborieux dans les films et s\u00e9ries. Tout au long de son histoire, l\u2019\u0153uvre a \u00e9volu\u00e9 et a donn\u00e9 naissance \u00e0 de nouvelles g\u00e9n\u00e9rations aux registres vocaux diff\u00e9rents. Actuellement, la voix priv\u00e9e de Bosch est l\u2019une des plus reconnues du pays. \u00c0 seulement 26 ans, elle est d\u00e9j\u00e0 entr\u00e9e dans ce monde et a doubl\u00e9 des actrices c\u00e9l\u00e8bres, parmi les plus reconnues figure Zendaya.<\/p>\n<p><strong>Question : Quand avez-vous r\u00e9alis\u00e9 que vous vouliez devenir com\u00e9dienne de doublage ?<\/strong><\/p>\n<p><strong>R\u00e9pondre:<\/strong> Je l&#039;ai d\u00e9couvert presque sans le savoir. J&#039;ai commenc\u00e9 \u00e0 faire de la publicit\u00e9 quand j&#039;avais cinq ans, donc pour moi c&#039;\u00e9tait un jeu. Petit \u00e0 petit, en grandissant, j\u2019ai commenc\u00e9 \u00e0 r\u00e9aliser que c\u2019\u00e9tait \u00e0 cela que je voulais me consacrer.<\/p>\n<p><strong>Q\u00a0: Avez-vous \u00e9tudi\u00e9 quelque part pour vous pr\u00e9parer au m\u00e9tier\u00a0?<\/strong><\/p>\n<p><strong>UN:<\/strong> J&#039;ai \u00e9tudi\u00e9 le th\u00e9\u00e2tre \u00e0 l&#039;\u00e9cole de th\u00e9\u00e2tre Manuel Galiana puis le doublage \u00e0 <strong>\u00c9cole de doublage de Madrid<\/strong> avec <strong>Lorenzo Beteta<\/strong> (Pedro Pascal dans <em>Le dernier d&#039;entre nous<\/em>) C&#039;est <strong>Sauveur <em>pachi<\/em> ald\u00e9guer<\/strong> (Michael Keaton dans <em>Bitelchus<\/em>).<\/p>\n<figure id=\"attachment_83733\" aria-describedby=\"caption-attachment-83733\" style=\"width: 449px\" class=\"wp-caption aligncenter\"><img fetchpriority=\"high\" data-attachment-id=\"83733\" data-permalink=\"https:\/\/elgeneracionalpost.com\/cultura\/2023\/0402\/83732\/vera-bosch-mira-a-los-ojos-antes-que-a-la-boca.html\/attachment\/whatsapp-image-2023-03-16-at-09-39-29-1\" data-orig-file=\"https:\/\/i0.wp.com\/elgeneracionalpost.com\/wp-content\/uploads\/2023\/03\/WhatsApp-Image-2023-03-16-at-09.39.29-1.jpeg?fit=1080%2C805&amp;ssl=1\" data-orig-size=\"1080,805\" data-comments-opened=\"0\" data-image-meta=\"{&quot;aperture&quot;:&quot;0&quot;,&quot;credit&quot;:&quot;&quot;,&quot;camera&quot;:&quot;&quot;,&quot;caption&quot;:&quot;&quot;,&quot;created_timestamp&quot;:&quot;0&quot;,&quot;copyright&quot;:&quot;&quot;,&quot;focal_length&quot;:&quot;0&quot;,&quot;iso&quot;:&quot;0&quot;,&quot;shutter_speed&quot;:&quot;0&quot;,&quot;title&quot;:&quot;&quot;,&quot;orientation&quot;:&quot;0&quot;}\" data-image-title=\"WhatsApp Image 2023-03-16 at 09.39.29 (1)\" data-image-description=\"\" data-image-caption=\"&lt;p&gt;Vera Bosch trabajando | Fuente: Instagram (Vera Bosch)&lt;\/p&gt;&#10;\" data-medium-file=\"https:\/\/i0.wp.com\/elgeneracionalpost.com\/wp-content\/uploads\/2023\/03\/WhatsApp-Image-2023-03-16-at-09.39.29-1.jpeg?fit=300%2C224&amp;ssl=1\" data-large-file=\"https:\/\/i0.wp.com\/elgeneracionalpost.com\/wp-content\/uploads\/2023\/03\/WhatsApp-Image-2023-03-16-at-09.39.29-1.jpeg?fit=696%2C519&amp;ssl=1\" decoding=\"async\" class=\"wp-image-83733 jetpack-lazy-image\" src=\"https:\/\/i0.wp.com\/elgeneracionalpost.com\/wp-content\/uploads\/2023\/03\/WhatsApp-Image-2023-03-16-at-09.39.29-1.jpeg?resize=449%2C335&amp;ssl=1\" alt=\"\" width=\"449\" height=\"335\" data-recalc-dims=\"1\" data-lazy-srcset=\"https:\/\/i0.wp.com\/elgeneracionalpost.com\/wp-content\/uploads\/2023\/03\/WhatsApp-Image-2023-03-16-at-09.39.29-1.jpeg?resize=300%2C224&amp;ssl=1 300w, https:\/\/i0.wp.com\/elgeneracionalpost.com\/wp-content\/uploads\/2023\/03\/WhatsApp-Image-2023-03-16-at-09.39.29-1.jpeg?resize=1024%2C763&amp;ssl=1 1024w, https:\/\/i0.wp.com\/elgeneracionalpost.com\/wp-content\/uploads\/2023\/03\/WhatsApp-Image-2023-03-16-at-09.39.29-1.jpeg?resize=768%2C572&amp;ssl=1 768w, https:\/\/i0.wp.com\/elgeneracionalpost.com\/wp-content\/uploads\/2023\/03\/WhatsApp-Image-2023-03-16-at-09.39.29-1.jpeg?resize=150%2C112&amp;ssl=1 150w, https:\/\/i0.wp.com\/elgeneracionalpost.com\/wp-content\/uploads\/2023\/03\/WhatsApp-Image-2023-03-16-at-09.39.29-1.jpeg?resize=696%2C519&amp;ssl=1 696w, https:\/\/i0.wp.com\/elgeneracionalpost.com\/wp-content\/uploads\/2023\/03\/WhatsApp-Image-2023-03-16-at-09.39.29-1.jpeg?resize=1068%2C796&amp;ssl=1 1068w, https:\/\/i0.wp.com\/elgeneracionalpost.com\/wp-content\/uploads\/2023\/03\/WhatsApp-Image-2023-03-16-at-09.39.29-1.jpeg?w=1080&amp;ssl=1 1080w\" data-lazy-sizes=\"(max-width: 449px) 100vw, 449px\" data-lazy-src=\"https:\/\/i0.wp.com\/elgeneracionalpost.com\/wp-content\/uploads\/2023\/03\/WhatsApp-Image-2023-03-16-at-09.39.29-1.jpeg?resize=449%2C335&amp;is-pending-load=1#038;ssl=1\" srcset=\"data:image\/gif;base64,R0lGODlhAQABAIAAAAAAAP\/\/\/yH5BAEAAAAALAAAAAABAAEAAAIBRAA7\"\/><noscript><img data-lazy-fallback=\"1\" data-attachment-id=\"83733\" data-permalink=\"https:\/\/elgeneracionalpost.com\/cultura\/2023\/0402\/83732\/vera-bosch-mira-a-los-ojos-antes-que-a-la-boca.html\/attachment\/whatsapp-image-2023-03-16-at-09-39-29-1\" data-orig-file=\"https:\/\/i0.wp.com\/elgeneracionalpost.com\/wp-content\/uploads\/2023\/03\/WhatsApp-Image-2023-03-16-at-09.39.29-1.jpeg?fit=1080%2C805&amp;ssl=1\" data-orig-size=\"1080,805\" data-comments-opened=\"0\" data-image-meta=\"{&quot;aperture&quot;:&quot;0&quot;,&quot;credit&quot;:&quot;&quot;,&quot;camera&quot;:&quot;&quot;,&quot;caption&quot;:&quot;&quot;,&quot;created_timestamp&quot;:&quot;0&quot;,&quot;copyright&quot;:&quot;&quot;,&quot;focal_length&quot;:&quot;0&quot;,&quot;iso&quot;:&quot;0&quot;,&quot;shutter_speed&quot;:&quot;0&quot;,&quot;title&quot;:&quot;&quot;,&quot;orientation&quot;:&quot;0&quot;}\" data-image-title=\"WhatsApp Image 2023-03-16 at 09.39.29 (1)\" data-image-description=\"\" data-image-caption=\"&lt;p&gt;Vera Bosch trabajando | Fuente: Instagram (Vera Bosch)&lt;\/p&gt;&#10;\" data-medium-file=\"https:\/\/i0.wp.com\/elgeneracionalpost.com\/wp-content\/uploads\/2023\/03\/WhatsApp-Image-2023-03-16-at-09.39.29-1.jpeg?fit=300%2C224&amp;ssl=1\" data-large-file=\"https:\/\/i0.wp.com\/elgeneracionalpost.com\/wp-content\/uploads\/2023\/03\/WhatsApp-Image-2023-03-16-at-09.39.29-1.jpeg?fit=696%2C519&amp;ssl=1\" decoding=\"async\" class=\"wp-image-83733\" src=\"https:\/\/i0.wp.com\/elgeneracionalpost.com\/wp-content\/uploads\/2023\/03\/WhatsApp-Image-2023-03-16-at-09.39.29-1.jpeg?resize=449%2C335&amp;ssl=1\" alt=\"\" width=\"449\" height=\"335\" srcset=\"https:\/\/i0.wp.com\/elgeneracionalpost.com\/wp-content\/uploads\/2023\/03\/WhatsApp-Image-2023-03-16-at-09.39.29-1.jpeg?resize=300%2C224&amp;ssl=1 300w, https:\/\/i0.wp.com\/elgeneracionalpost.com\/wp-content\/uploads\/2023\/03\/WhatsApp-Image-2023-03-16-at-09.39.29-1.jpeg?resize=1024%2C763&amp;ssl=1 1024w, https:\/\/i0.wp.com\/elgeneracionalpost.com\/wp-content\/uploads\/2023\/03\/WhatsApp-Image-2023-03-16-at-09.39.29-1.jpeg?resize=768%2C572&amp;ssl=1 768w, https:\/\/i0.wp.com\/elgeneracionalpost.com\/wp-content\/uploads\/2023\/03\/WhatsApp-Image-2023-03-16-at-09.39.29-1.jpeg?resize=150%2C112&amp;ssl=1 150w, https:\/\/i0.wp.com\/elgeneracionalpost.com\/wp-content\/uploads\/2023\/03\/WhatsApp-Image-2023-03-16-at-09.39.29-1.jpeg?resize=696%2C519&amp;ssl=1 696w, https:\/\/i0.wp.com\/elgeneracionalpost.com\/wp-content\/uploads\/2023\/03\/WhatsApp-Image-2023-03-16-at-09.39.29-1.jpeg?resize=1068%2C796&amp;ssl=1 1068w, https:\/\/i0.wp.com\/elgeneracionalpost.com\/wp-content\/uploads\/2023\/03\/WhatsApp-Image-2023-03-16-at-09.39.29-1.jpeg?w=1080&amp;ssl=1 1080w\" sizes=\"(max-width: 449px) 100vw, 449px\" data-recalc-dims=\"1\"\/><\/noscript><figcaption id=\"caption-attachment-83733\" class=\"wp-caption-text\">Vera Bosch au travail | Source\u00a0: Instagram (Vera Bosch)<\/figcaption><\/figure>\n<p><strong>Q : Quel a \u00e9t\u00e9 votre premier r\u00f4le ?<\/strong><\/p>\n<p><strong>UN:<\/strong> Mon premier r\u00f4le \u00e9tait dans un film intitul\u00e9 <em>Dans l&#039;oeil du cyclone<\/em>de l&#039;ann\u00e9e 2014.<\/p>\n<p><strong>Q\u00a0:\u00a0Comment s&#039;est d\u00e9roul\u00e9 le processus de s\u00e9lection pour exprimer Zendaya\u00a0? <em>Euphorie?<\/em><\/strong><\/p>\n<p><strong>UN:<\/strong> J&#039;avais d\u00e9j\u00e0 doubl\u00e9 depuis des ann\u00e9es <strong>Disney<\/strong> et \u00e0 une autre occasion, donc je n&#039;ai subi aucun processus de s\u00e9lection. Dans ce cas, ils m\u2019ont fait confiance d\u00e8s le d\u00e9but.<\/p>\n<p><strong>Q : Selon vous, quelle est la chose fondamentale qu\u2019une personne qui veut travailler dans ce monde devrait savoir ? Quels conseils lui donneriez-vous ?<\/strong><\/p>\n<p><strong>UN:<\/strong> Pour moi, l\u2019essentiel est d\u2019\u00eatre acteur ou actrice. Ensuite, ayez beaucoup de patience, beaucoup d&#039;envie de vous d\u00e9couvrir, de travailler, de travailler et de travailler. Je d\u00e9teste donner des conseils (rires), mais si je devais en donner un, ce serait : <strong>\u00ab regarder dans les yeux avant la bouche \u00bb<\/strong>. En d\u2019autres termes, les doubleurs et actrices regardent normalement la bouche, mais pour moi, l\u2019important est l\u2019expression des yeux.<\/p>\n<blockquote class=\"instagram-media\" data-instgrm-captioned=\"\" data-instgrm-permalink=\"https:\/\/www.instagram.com\/reel\/CiPiJ6ojUjb\/?utm_source=ig_embed&amp;utm_campaign=loading\" data-instgrm-version=\"14\" style=\" background:#FFF; border:0; border-radius:3px; box-shadow:0 0 1px 0 rgba(0,0,0,0.5),0 1px 10px 0 rgba(0,0,0,0.15); margin: 1px; max-width:658px; min-width:326px; padding:0; width:99.375%; width:-webkit-calc(100% - 2px); width:calc(100% - 2px);\"\/>\n<p>Avec les prochaines saisons attendues de <em>Euphorie<\/em>, <em>\u00d4<\/em> <em>La Chronique des Bridgerton<\/em> (voix de la rebelle Eloise Bridgerton) et <em>\u00c9ducation sexuelle<\/em> (exprimant le populaire Ruby), il est certainement d\u00e9j\u00e0 en pr\u00e9paration et nous aurons le plaisir de l&#039;entendre \u00e0 nouveau tr\u00e8s prochainement. Pour l\u2019instant, attendez et essayez de donner aux doubleurs et actrices la valeur qu\u2019ils m\u00e9ritent.<\/p>\n<div class=\"sharedaddy sd-block sd-like jetpack-likes-widget-wrapper jetpack-likes-widget-unloaded\" id=\"like-post-wrapper-153844979-83732-642b5b1f2eda1\" data-src=\"https:\/\/widgets.wp.com\/likes\/#blog_id=153844979&amp;post_id=83732&amp;origin=elgeneracionalpost.com&amp;obj_id=153844979-83732-642b5b1f2eda1\" data-name=\"like-post-frame-153844979-83732-642b5b1f2eda1\" data-title=\"Me gusta o Compartir\">\n<h3 class=\"sd-title\">J&#039;aime \u00e7a:<\/h3>\n<p><span class=\"button\"><span>J&#039;aime<\/span><\/span> <span class=\"loading\">Chargement\u2026<\/span><\/p>\n<p><span class=\"sd-text-color\"\/><\/div>\n<p><h3 class=\"jp-relatedposts-headline\"><em>En rapport<\/em><\/h3>\n<\/p>\n<\/div>\n<p><script async defer src=\"https:\/\/platform.instagram.com\/en_US\/embeds.js\"><\/script><\/p>","protected":false},"excerpt":{"rendered":"<p>Le doublage n\u2019est pas autant reconnu qu\u2019il le devrait. Nous avons donc souhait\u00e9 interviewer Vera Bosch pour donner plus de visibilit\u00e9 au m\u00e9tier\u2026 <\/p>","protected":false},"author":1,"featured_media":988,"comment_status":"open","ping_status":"open","sticky":false,"template":"","format":"standard","meta":{"fifu_image_url":"https:\/\/elgeneracionalpost.com\/wp-content\/uploads\/2023\/03\/WhatsApp-Image-2023-03-28-at-14.49.49.jpeg","fifu_image_alt":"","footnotes":""},"categories":[35],"tags":[],"class_list":["post-987","post","type-post","status-publish","format-standard","has-post-thumbnail","hentry","category-cultura-e-lazer","latest_post"],"yoast_head":"<!-- This site is optimized with the Yoast SEO plugin v27.3 - https:\/\/yoast.com\/product\/yoast-seo-wordpress\/ -->\n<title>Vera Bosch: &quot;Olhe nos olhos antes da boca&quot; - Tirinha.com<\/title>\n<meta name=\"robots\" content=\"index, follow, max-snippet:-1, max-image-preview:large, max-video-preview:-1\" \/>\n<link rel=\"canonical\" href=\"https:\/\/tirinha.com\/fr\/987\/vera-bosch-regardez-dans-les-yeux-avant-de-regarder-dans-la-bouche\/\" \/>\n<meta property=\"og:locale\" content=\"fr_FR\" \/>\n<meta property=\"og:type\" content=\"article\" \/>\n<meta property=\"og:title\" content=\"Vera Bosch: &quot;Olhe nos olhos antes da boca&quot; - Tirinha.com\" \/>\n<meta property=\"og:description\" content=\"A dublagem n\u00e3o tem tanto reconhecimento quanto deveria. Por isso, quer\u00edamos entrevistar Vera Bosch para dar mais visibilidade ao trade &hellip;\" \/>\n<meta property=\"og:url\" content=\"https:\/\/tirinha.com\/fr\/987\/vera-bosch-regardez-dans-les-yeux-avant-de-regarder-dans-la-bouche\/\" \/>\n<meta property=\"og:site_name\" content=\"Tirinha.com\" \/>\n<meta property=\"article:published_time\" content=\"2023-04-03T23:02:55+00:00\" \/>\n<meta property=\"og:image\" content=\"https:\/\/elgeneracionalpost.com\/wp-content\/uploads\/2023\/03\/WhatsApp-Image-2023-03-28-at-14.49.49.jpeg\" \/>\n<meta name=\"author\" content=\"admin\" \/>\n<meta name=\"twitter:card\" content=\"summary_large_image\" \/>\n<meta name=\"twitter:image\" content=\"https:\/\/elgeneracionalpost.com\/wp-content\/uploads\/2023\/03\/WhatsApp-Image-2023-03-28-at-14.49.49.jpeg\" \/>\n<meta name=\"twitter:label1\" content=\"\u00c9crit par\" \/>\n\t<meta name=\"twitter:data1\" content=\"admin\" \/>\n\t<meta name=\"twitter:label2\" content=\"Dur\u00e9e de lecture estim\u00e9e\" \/>\n\t<meta name=\"twitter:data2\" content=\"2 minutes\" \/>\n<script type=\"application\/ld+json\" class=\"yoast-schema-graph\">{\"@context\":\"https:\\\/\\\/schema.org\",\"@graph\":[{\"@type\":\"Article\",\"@id\":\"https:\\\/\\\/tirinha.com\\\/987\\\/vera-bosch-olhe-nos-olhos-antes-da-boca\\\/#article\",\"isPartOf\":{\"@id\":\"https:\\\/\\\/tirinha.com\\\/987\\\/vera-bosch-olhe-nos-olhos-antes-da-boca\\\/\"},\"author\":{\"name\":\"admin\",\"@id\":\"https:\\\/\\\/tirinha.com\\\/#\\\/schema\\\/person\\\/e22bdfbe17e0461f7e927e6a1208d4d9\"},\"headline\":\"Vera Bosch: &#8220;Olhe nos olhos antes da boca&#8221;\",\"datePublished\":\"2023-04-03T23:02:55+00:00\",\"mainEntityOfPage\":{\"@id\":\"https:\\\/\\\/tirinha.com\\\/987\\\/vera-bosch-olhe-nos-olhos-antes-da-boca\\\/\"},\"wordCount\":435,\"commentCount\":0,\"publisher\":{\"@id\":\"https:\\\/\\\/tirinha.com\\\/#organization\"},\"image\":{\"@id\":\"https:\\\/\\\/tirinha.com\\\/987\\\/vera-bosch-olhe-nos-olhos-antes-da-boca\\\/#primaryimage\"},\"thumbnailUrl\":\"https:\\\/\\\/elgeneracionalpost.com\\\/wp-content\\\/uploads\\\/2023\\\/03\\\/WhatsApp-Image-2023-03-28-at-14.49.49.jpeg\",\"articleSection\":[\"Cultura e lazer\"],\"inLanguage\":\"fr-FR\",\"potentialAction\":[{\"@type\":\"CommentAction\",\"name\":\"Comment\",\"target\":[\"https:\\\/\\\/tirinha.com\\\/987\\\/vera-bosch-olhe-nos-olhos-antes-da-boca\\\/#respond\"]}]},{\"@type\":\"WebPage\",\"@id\":\"https:\\\/\\\/tirinha.com\\\/987\\\/vera-bosch-olhe-nos-olhos-antes-da-boca\\\/\",\"url\":\"https:\\\/\\\/tirinha.com\\\/987\\\/vera-bosch-olhe-nos-olhos-antes-da-boca\\\/\",\"name\":\"Vera Bosch: \\\"Olhe nos olhos antes da boca\\\" - Tirinha.com\",\"isPartOf\":{\"@id\":\"https:\\\/\\\/tirinha.com\\\/#website\"},\"primaryImageOfPage\":{\"@id\":\"https:\\\/\\\/tirinha.com\\\/987\\\/vera-bosch-olhe-nos-olhos-antes-da-boca\\\/#primaryimage\"},\"image\":{\"@id\":\"https:\\\/\\\/tirinha.com\\\/987\\\/vera-bosch-olhe-nos-olhos-antes-da-boca\\\/#primaryimage\"},\"thumbnailUrl\":\"https:\\\/\\\/elgeneracionalpost.com\\\/wp-content\\\/uploads\\\/2023\\\/03\\\/WhatsApp-Image-2023-03-28-at-14.49.49.jpeg\",\"datePublished\":\"2023-04-03T23:02:55+00:00\",\"breadcrumb\":{\"@id\":\"https:\\\/\\\/tirinha.com\\\/987\\\/vera-bosch-olhe-nos-olhos-antes-da-boca\\\/#breadcrumb\"},\"inLanguage\":\"fr-FR\",\"potentialAction\":[{\"@type\":\"ReadAction\",\"target\":[\"https:\\\/\\\/tirinha.com\\\/987\\\/vera-bosch-olhe-nos-olhos-antes-da-boca\\\/\"]}]},{\"@type\":\"ImageObject\",\"inLanguage\":\"fr-FR\",\"@id\":\"https:\\\/\\\/tirinha.com\\\/987\\\/vera-bosch-olhe-nos-olhos-antes-da-boca\\\/#primaryimage\",\"url\":\"https:\\\/\\\/elgeneracionalpost.com\\\/wp-content\\\/uploads\\\/2023\\\/03\\\/WhatsApp-Image-2023-03-28-at-14.49.49.jpeg\",\"contentUrl\":\"https:\\\/\\\/elgeneracionalpost.com\\\/wp-content\\\/uploads\\\/2023\\\/03\\\/WhatsApp-Image-2023-03-28-at-14.49.49.jpeg\"},{\"@type\":\"BreadcrumbList\",\"@id\":\"https:\\\/\\\/tirinha.com\\\/987\\\/vera-bosch-olhe-nos-olhos-antes-da-boca\\\/#breadcrumb\",\"itemListElement\":[{\"@type\":\"ListItem\",\"position\":1,\"name\":\"Home\",\"item\":\"https:\\\/\\\/tirinha.com\\\/\"},{\"@type\":\"ListItem\",\"position\":2,\"name\":\"Vera Bosch: &#8220;Olhe nos olhos antes da boca&#8221;\"}]},{\"@type\":\"WebSite\",\"@id\":\"https:\\\/\\\/tirinha.com\\\/#website\",\"url\":\"https:\\\/\\\/tirinha.com\\\/\",\"name\":\"Tirinha.com\",\"description\":\"Arte e livros resenhas\",\"publisher\":{\"@id\":\"https:\\\/\\\/tirinha.com\\\/#organization\"},\"potentialAction\":[{\"@type\":\"SearchAction\",\"target\":{\"@type\":\"EntryPoint\",\"urlTemplate\":\"https:\\\/\\\/tirinha.com\\\/?s={search_term_string}\"},\"query-input\":{\"@type\":\"PropertyValueSpecification\",\"valueRequired\":true,\"valueName\":\"search_term_string\"}}],\"inLanguage\":\"fr-FR\"},{\"@type\":\"Organization\",\"@id\":\"https:\\\/\\\/tirinha.com\\\/#organization\",\"name\":\"Tirinha.com\",\"url\":\"https:\\\/\\\/tirinha.com\\\/\",\"logo\":{\"@type\":\"ImageObject\",\"inLanguage\":\"fr-FR\",\"@id\":\"https:\\\/\\\/tirinha.com\\\/#\\\/schema\\\/logo\\\/image\\\/\",\"url\":\"https:\\\/\\\/tirinha.com\\\/wp-content\\\/uploads\\\/2023\\\/08\\\/cropped-Logo-Tirinha.webp\",\"contentUrl\":\"https:\\\/\\\/tirinha.com\\\/wp-content\\\/uploads\\\/2023\\\/08\\\/cropped-Logo-Tirinha.webp\",\"width\":512,\"height\":512,\"caption\":\"Tirinha.com\"},\"image\":{\"@id\":\"https:\\\/\\\/tirinha.com\\\/#\\\/schema\\\/logo\\\/image\\\/\"}},{\"@type\":\"Person\",\"@id\":\"https:\\\/\\\/tirinha.com\\\/#\\\/schema\\\/person\\\/e22bdfbe17e0461f7e927e6a1208d4d9\",\"name\":\"admin\",\"image\":{\"@type\":\"ImageObject\",\"inLanguage\":\"fr-FR\",\"@id\":\"https:\\\/\\\/tirinha.com\\\/wp-content\\\/litespeed\\\/avatar\\\/d0068f7931cc87d7274eb0c3db1deb4b.jpg?ver=1776829466\",\"url\":\"https:\\\/\\\/tirinha.com\\\/wp-content\\\/litespeed\\\/avatar\\\/d0068f7931cc87d7274eb0c3db1deb4b.jpg?ver=1776829466\",\"contentUrl\":\"https:\\\/\\\/tirinha.com\\\/wp-content\\\/litespeed\\\/avatar\\\/d0068f7931cc87d7274eb0c3db1deb4b.jpg?ver=1776829466\",\"caption\":\"admin\"},\"sameAs\":[\"https:\\\/\\\/tirinha.com\"],\"url\":\"https:\\\/\\\/tirinha.com\\\/fr\\\/author\\\/admin\\\/\"}]}<\/script>\n<!-- \/ Yoast SEO plugin. -->","yoast_head_json":{"title":"Vera Bosch : \" Regardez les yeux avant la bouche \" - Tirinha.com","robots":{"index":"index","follow":"follow","max-snippet":"max-snippet:-1","max-image-preview":"max-image-preview:large","max-video-preview":"max-video-preview:-1"},"canonical":"https:\/\/tirinha.com\/fr\/987\/vera-bosch-regardez-dans-les-yeux-avant-de-regarder-dans-la-bouche\/","og_locale":"fr_FR","og_type":"article","og_title":"Vera Bosch: \"Olhe nos olhos antes da boca\" - Tirinha.com","og_description":"A dublagem n\u00e3o tem tanto reconhecimento quanto deveria. Por isso, quer\u00edamos entrevistar Vera Bosch para dar mais visibilidade ao trade &hellip;","og_url":"https:\/\/tirinha.com\/fr\/987\/vera-bosch-regardez-dans-les-yeux-avant-de-regarder-dans-la-bouche\/","og_site_name":"Tirinha.com","article_published_time":"2023-04-03T23:02:55+00:00","og_image":[{"url":"https:\/\/elgeneracionalpost.com\/wp-content\/uploads\/2023\/03\/WhatsApp-Image-2023-03-28-at-14.49.49.jpeg","type":"","width":"","height":""}],"author":"admin","twitter_card":"summary_large_image","twitter_image":"https:\/\/elgeneracionalpost.com\/wp-content\/uploads\/2023\/03\/WhatsApp-Image-2023-03-28-at-14.49.49.jpeg","twitter_misc":{"\u00c9crit par":"admin","Dur\u00e9e de lecture estim\u00e9e":"2 minutes"},"schema":{"@context":"https:\/\/schema.org","@graph":[{"@type":"Article","@id":"https:\/\/tirinha.com\/987\/vera-bosch-olhe-nos-olhos-antes-da-boca\/#article","isPartOf":{"@id":"https:\/\/tirinha.com\/987\/vera-bosch-olhe-nos-olhos-antes-da-boca\/"},"author":{"name":"admin","@id":"https:\/\/tirinha.com\/#\/schema\/person\/e22bdfbe17e0461f7e927e6a1208d4d9"},"headline":"Vera Bosch: &#8220;Olhe nos olhos antes da boca&#8221;","datePublished":"2023-04-03T23:02:55+00:00","mainEntityOfPage":{"@id":"https:\/\/tirinha.com\/987\/vera-bosch-olhe-nos-olhos-antes-da-boca\/"},"wordCount":435,"commentCount":0,"publisher":{"@id":"https:\/\/tirinha.com\/#organization"},"image":{"@id":"https:\/\/tirinha.com\/987\/vera-bosch-olhe-nos-olhos-antes-da-boca\/#primaryimage"},"thumbnailUrl":"https:\/\/elgeneracionalpost.com\/wp-content\/uploads\/2023\/03\/WhatsApp-Image-2023-03-28-at-14.49.49.jpeg","articleSection":["Cultura e lazer"],"inLanguage":"fr-FR","potentialAction":[{"@type":"CommentAction","name":"Comment","target":["https:\/\/tirinha.com\/987\/vera-bosch-olhe-nos-olhos-antes-da-boca\/#respond"]}]},{"@type":"WebPage","@id":"https:\/\/tirinha.com\/987\/vera-bosch-olhe-nos-olhos-antes-da-boca\/","url":"https:\/\/tirinha.com\/987\/vera-bosch-olhe-nos-olhos-antes-da-boca\/","name":"Vera Bosch : \" Regardez les yeux avant la bouche \" - Tirinha.com","isPartOf":{"@id":"https:\/\/tirinha.com\/#website"},"primaryImageOfPage":{"@id":"https:\/\/tirinha.com\/987\/vera-bosch-olhe-nos-olhos-antes-da-boca\/#primaryimage"},"image":{"@id":"https:\/\/tirinha.com\/987\/vera-bosch-olhe-nos-olhos-antes-da-boca\/#primaryimage"},"thumbnailUrl":"https:\/\/elgeneracionalpost.com\/wp-content\/uploads\/2023\/03\/WhatsApp-Image-2023-03-28-at-14.49.49.jpeg","datePublished":"2023-04-03T23:02:55+00:00","breadcrumb":{"@id":"https:\/\/tirinha.com\/987\/vera-bosch-olhe-nos-olhos-antes-da-boca\/#breadcrumb"},"inLanguage":"fr-FR","potentialAction":[{"@type":"ReadAction","target":["https:\/\/tirinha.com\/987\/vera-bosch-olhe-nos-olhos-antes-da-boca\/"]}]},{"@type":"ImageObject","inLanguage":"fr-FR","@id":"https:\/\/tirinha.com\/987\/vera-bosch-olhe-nos-olhos-antes-da-boca\/#primaryimage","url":"https:\/\/elgeneracionalpost.com\/wp-content\/uploads\/2023\/03\/WhatsApp-Image-2023-03-28-at-14.49.49.jpeg","contentUrl":"https:\/\/elgeneracionalpost.com\/wp-content\/uploads\/2023\/03\/WhatsApp-Image-2023-03-28-at-14.49.49.jpeg"},{"@type":"BreadcrumbList","@id":"https:\/\/tirinha.com\/987\/vera-bosch-olhe-nos-olhos-antes-da-boca\/#breadcrumb","itemListElement":[{"@type":"ListItem","position":1,"name":"Home","item":"https:\/\/tirinha.com\/"},{"@type":"ListItem","position":2,"name":"Vera Bosch: &#8220;Olhe nos olhos antes da boca&#8221;"}]},{"@type":"WebSite","@id":"https:\/\/tirinha.com\/#website","url":"https:\/\/tirinha.com\/","name":"Tirinha.com","description":"Critiques d&#039;art et de livres","publisher":{"@id":"https:\/\/tirinha.com\/#organization"},"potentialAction":[{"@type":"SearchAction","target":{"@type":"EntryPoint","urlTemplate":"https:\/\/tirinha.com\/?s={search_term_string}"},"query-input":{"@type":"PropertyValueSpecification","valueRequired":true,"valueName":"search_term_string"}}],"inLanguage":"fr-FR"},{"@type":"Organization","@id":"https:\/\/tirinha.com\/#organization","name":"Tirinha.com","url":"https:\/\/tirinha.com\/","logo":{"@type":"ImageObject","inLanguage":"fr-FR","@id":"https:\/\/tirinha.com\/#\/schema\/logo\/image\/","url":"https:\/\/tirinha.com\/wp-content\/uploads\/2023\/08\/cropped-Logo-Tirinha.webp","contentUrl":"https:\/\/tirinha.com\/wp-content\/uploads\/2023\/08\/cropped-Logo-Tirinha.webp","width":512,"height":512,"caption":"Tirinha.com"},"image":{"@id":"https:\/\/tirinha.com\/#\/schema\/logo\/image\/"}},{"@type":"Person","@id":"https:\/\/tirinha.com\/#\/schema\/person\/e22bdfbe17e0461f7e927e6a1208d4d9","name":"administrateur","image":{"@type":"ImageObject","inLanguage":"fr-FR","@id":"https:\/\/tirinha.com\/wp-content\/litespeed\/avatar\/d0068f7931cc87d7274eb0c3db1deb4b.jpg?ver=1776829466","url":"https:\/\/tirinha.com\/wp-content\/litespeed\/avatar\/d0068f7931cc87d7274eb0c3db1deb4b.jpg?ver=1776829466","contentUrl":"https:\/\/tirinha.com\/wp-content\/litespeed\/avatar\/d0068f7931cc87d7274eb0c3db1deb4b.jpg?ver=1776829466","caption":"admin"},"sameAs":["https:\/\/tirinha.com"],"url":"https:\/\/tirinha.com\/fr\/author\/admin\/"}]}},"_links":{"self":[{"href":"https:\/\/tirinha.com\/fr\/wp-json\/wp\/v2\/posts\/987","targetHints":{"allow":["GET"]}}],"collection":[{"href":"https:\/\/tirinha.com\/fr\/wp-json\/wp\/v2\/posts"}],"about":[{"href":"https:\/\/tirinha.com\/fr\/wp-json\/wp\/v2\/types\/post"}],"author":[{"embeddable":true,"href":"https:\/\/tirinha.com\/fr\/wp-json\/wp\/v2\/users\/1"}],"replies":[{"embeddable":true,"href":"https:\/\/tirinha.com\/fr\/wp-json\/wp\/v2\/comments?post=987"}],"version-history":[{"count":0,"href":"https:\/\/tirinha.com\/fr\/wp-json\/wp\/v2\/posts\/987\/revisions"}],"wp:featuredmedia":[{"embeddable":true,"href":"https:\/\/tirinha.com\/fr\/wp-json\/wp\/v2\/media\/988"}],"wp:attachment":[{"href":"https:\/\/tirinha.com\/fr\/wp-json\/wp\/v2\/media?parent=987"}],"wp:term":[{"taxonomy":"category","embeddable":true,"href":"https:\/\/tirinha.com\/fr\/wp-json\/wp\/v2\/categories?post=987"},{"taxonomy":"post_tag","embeddable":true,"href":"https:\/\/tirinha.com\/fr\/wp-json\/wp\/v2\/tags?post=987"}],"curies":[{"name":"wp","href":"https:\/\/api.w.org\/{rel}","templated":true}]}}