{"id":962,"date":"2023-04-03T22:50:03","date_gmt":"2023-04-03T22:50:03","guid":{"rendered":"https:\/\/tirinha.com\/compositor-japones-ryuichi-sakamoto-morre-aos-71-anos\/"},"modified":"2023-04-03T22:50:03","modified_gmt":"2023-04-03T22:50:03","slug":"le-compositeur-japonais-ryuichi-sakamoto-decede-a-lage-de-71-ans","status":"publish","type":"post","link":"https:\/\/tirinha.com\/fr\/962\/compositor-japones-ryuichi-sakamoto-morre-aos-71-anos\/","title":{"rendered":"Le compositeur japonais Ryuichi Sakamoto est d\u00e9c\u00e9d\u00e9 \u00e0 71 ans"},"content":{"rendered":"<p><\/p>\n<p>        Compositeur japonais <strong>Ryuchi Sakamoto<\/strong>, <strong>l&#039;un des grands visionnaires de la musique des derni\u00e8res d\u00e9cennies<\/strong>, exp\u00e9rimentateur de styles vari\u00e9s et auteur de bandes sonores inoubliables, est d\u00e9c\u00e9d\u00e9 le 28 mars \u00e0 l&#039;\u00e2ge de 71 ans, ont annonc\u00e9 ses repr\u00e9sentants ce dimanche. La mort de l&#039;artiste \u00e9tait malheureusement une nouvelle attendue. Il avait lui-m\u00eame d\u00e9clar\u00e9 r\u00e9cemment qu&#039;il souffrait d&#039;un cancer colorectal \u00e0 un stade tr\u00e8s avanc\u00e9 qui ne pouvait que conduire \u00e0 la mort, et il a consacr\u00e9 sa vie \u00e0 ce processus. <strong>dernier travail d&#039;enregistrement, <\/strong><em><strong>12<\/strong><\/em><strong>,<\/strong> publi\u00e9 il y a quelques mois et une sorte de journal musical de cette derni\u00e8re phase de sa vie dans lequel il capturait ses diff\u00e9rents \u00e9tats d&#039;esprit.\n<\/p>\n<div>\n<p class=\"article-body__text\">\n<p>        \u00ab Alors qu\u2019il suivait un traitement pour un cancer d\u00e9couvert en juin 2020,<strong> <\/strong>Sakamoto a continu\u00e9 \u00e0 cr\u00e9er des emplois chaque fois que sa sant\u00e9 le lui permettait. <strong>Il a v\u00e9cu avec la musique jusqu&#039;\u00e0 la fin<\/strong>\u00bb, a soulign\u00e9 son agence, <strong>commun<\/strong>dans la d\u00e9claration avec laquelle il a rendu public sa mort sur Twitter.\n<\/p>\n<div class=\"article-body__embed\">\n<blockquote class=\"twitter-tweet\" data-lang=\"es\">\n<p lang=\"zxx\" dir=\"ltr\"><a href=\"https:\/\/t.co\/Fq0hRyp5F4\">pic.twitter.com\/Fq0hRyp5F4<\/a><\/p>\n<p>\u2014communs (@commons) <a href=\"https:\/\/twitter.com\/commmons\/status\/1642507718832586754?ref_src=twsrc%5Etfw\">2 avril 2023<\/a><\/p><\/blockquote>\n<\/div>\n<p class=\"article-body__text\">\n<p>        form\u00e9 comme <strong>pianiste avec un pied dans la tradition japonaise et l&#039;autre dans la musique classique<\/strong>avec <strong>Debussy <\/strong>C&#039;est <strong>Effilochage <\/strong>comme r\u00e9f\u00e9rence principale, Sakamoto fut l&#039;un des fondateurs de la <strong>Orchestre de Magie Jaune<\/strong>, formation qui a ouvert de nouvelles voies \u00e0 la pop et est \u00e0 l&#039;origine de plusieurs styles de musique \u00e9lectronique. En 1978, il sort son premier album solo, <em>Mille couteaux de Ryuchi Sakamoto<\/em>o\u00f9 il s&#039;impr\u00e8gne des musiques traditionnelles de son pays et continue d&#039;exp\u00e9rimenter l&#039;\u00e9lectronique tout en ouvrant les portes de ce qui deviendra <strong>le style pour lequel il finira par \u00eatre le plus reconnu, le minimalisme<\/strong> qui se d\u00e9roulera plus tard dans d&#039;innombrables compositions au go\u00fbt n\u00e9oclassique et aussi dans des bandes sonores qui finiront par faire de lui un compositeur de renomm\u00e9e mondiale. Le premier \u00e9tait <em>Joyeux No\u00ebl M. Lawrence<\/em> (1983), film r\u00e9alis\u00e9 par son compatriote Nagisha Oshima, et d&#039;autres suivront comme <em>Le dernier empereur<\/em> (1987), qu&#039;il a r\u00e9alis\u00e9 en collaboration avec <strong>David Byrne<\/strong> et que vaudrait-il <strong>un oscar<\/strong>, <em>le ciel protecteur <\/em>(1990) ou <em>le fant\u00f4me<\/em> (2015). Pour <strong>Pedro Almodovar<\/strong> a \u00e9crit la partition de <em>Chaussures \u00e0 talons hauts<\/em> (1991), m\u00eame si ni l\u2019un ni l\u2019autre n\u2019\u00e9taient satisfaits de leur travail.\n<\/p>\n<p>\n    <iframe title=\"Ryuichi Sakamoto - Le ciel protecteur\" width=\"790\" height=\"444\" src=\"https:\/\/www.youtube.com\/embed\/xLRpPISVgoA?feature=oembed\" frameborder=\"0\" allow=\"accelerometer; autoplay; clipboard-write; encrypted-media; gyroscope; picture-in-picture; web-share\" allowfullscreen><\/iframe>\n<\/p>\n<p class=\"article-body__text\">\n<p>        En 1992, Sakamoto compose une pi\u00e8ce, <em>la mer M\u00e9diterran\u00e9e<\/em>au<strong> ouverture des Jeux Olympiques de Barcelone<\/strong>. Depuis ses \u00e9tudes universitaires, le Japonais avait une connaissance approfondie non seulement de la tradition musicale japonaise, mais aussi de diverses musiques du monde, \u00e9tant tr\u00e8s proche du Br\u00e9silien depuis quelques ann\u00e9es. Il a collabor\u00e9 avec des musiciens de styles et d&#039;origines diff\u00e9rents, tels que <strong>Caetano Veloso<\/strong>, <strong>Iggy Pop<\/strong>, <strong>Youssou N&#039;Dour<\/strong> n&#039;importe lequel <strong>Bill Laswell.<\/strong> Avec un autre grand innovateur musical, <strong>David Bowie<\/strong>a co\u00efncid\u00e9 avec le tournage de<em> joyeux no\u00ebl monsieur Lauren\u00e7o<\/em>, l&#039;un des films dans lesquels Sakamoto est \u00e9galement apparu en tant qu&#039;acteur. Des ann\u00e9es plus tard, il regretterait de ne pas avoir entretenu davantage d\u2019amiti\u00e9 avec lui. Il a \u00e9galement fait de la musique de diff\u00e9rents <strong>jeu vid\u00e9o<\/strong>et \u00e9tait un artiste engag\u00e9 dans <strong>activisme antinucl\u00e9aire <\/strong>et contre les lois qui d\u00e9fendent le droit d&#039;auteur.\n<\/p>\n<p class=\"article-body__text\">\n<p>        Sakamoto avait d\u00e9j\u00e0 souffert il y a quelques ann\u00e9es <strong>autre cancer, dans ce cas du larynx<\/strong>dont il s&#039;est remis et dont il a rendu compte dans un documentaire sur sa carri\u00e8re, <em>coda<\/em>, visible sur Filmin. Artiste au caract\u00e8re r\u00e9serv\u00e9 et extr\u00eamement perfectionniste, l&#039;anecdote est devenue c\u00e9l\u00e8bre il y a quelques ann\u00e9es selon laquelle, d\u00e9go\u00fbt\u00e9 par la musique d&#039;ambiance de son restaurant japonais pr\u00e9f\u00e9r\u00e9 \u00e0 New York, o\u00f9 il vivait, il avait propos\u00e9 \u00e0 <strong>r\u00e9alisez une playlist qui s\u2019harmonise avec votre offre culinaire. <\/strong>L&#039;exquis auteur de bandes sonores, l&#039;artiste qui inscrivait la musique dans une certaine conception de la modernit\u00e9, toujours \u00e0 mi-chemin entre tradition et avant-garde, ne pouvait manquer de le faire m\u00eame dans les espaces les plus profanes qu&#039;il fr\u00e9quentait.\n<\/p>\n<\/p><\/div>\n<p><script async src=\"\/\/platform.twitter.com\/widgets.js\" charset=\"utf-8\"><\/script><\/p>","protected":false},"excerpt":{"rendered":"<p>Le compositeur japonais Ryuchi Sakamoto, l&#039;un des grands visionnaires de la musique des derni\u00e8res d\u00e9cennies, exp\u00e9rimentateur de styles vari\u00e9s et auteur de\u2026 <\/p>","protected":false},"author":1,"featured_media":964,"comment_status":"open","ping_status":"open","sticky":false,"template":"","format":"standard","meta":{"fifu_image_url":"https:\/\/estaticos-cdn.prensaiberica.es\/clip\/3c50a511-c131-4647-8309-55eaecce0925_16-9-aspect-ratio_default_0.jpg","fifu_image_alt":"","footnotes":""},"categories":[35],"tags":[],"class_list":["post-962","post","type-post","status-publish","format-standard","has-post-thumbnail","hentry","category-cultura-e-lazer","latest_post"],"yoast_head":"<!-- This site is optimized with the Yoast SEO plugin v27.3 - https:\/\/yoast.com\/product\/yoast-seo-wordpress\/ -->\n<title>Compositor japon\u00eas Ryuichi Sakamoto morre aos 71 anos - Tirinha.com<\/title>\n<meta name=\"robots\" content=\"index, follow, max-snippet:-1, max-image-preview:large, max-video-preview:-1\" \/>\n<link rel=\"canonical\" href=\"https:\/\/tirinha.com\/fr\/962\/le-compositeur-japonais-ryuichi-sakamoto-decede-a-lage-de-71-ans\/\" \/>\n<meta property=\"og:locale\" content=\"fr_FR\" \/>\n<meta property=\"og:type\" content=\"article\" \/>\n<meta property=\"og:title\" content=\"Compositor japon\u00eas Ryuichi Sakamoto morre aos 71 anos - Tirinha.com\" \/>\n<meta property=\"og:description\" content=\"compositor japon\u00eas ryuchi sakamoto, um dos grandes vision\u00e1rios da m\u00fasica das \u00faltimas d\u00e9cadas, experimentador de v\u00e1rios estilos e autor de &hellip;\" \/>\n<meta property=\"og:url\" content=\"https:\/\/tirinha.com\/fr\/962\/le-compositeur-japonais-ryuichi-sakamoto-decede-a-lage-de-71-ans\/\" \/>\n<meta property=\"og:site_name\" content=\"Tirinha.com\" \/>\n<meta property=\"article:published_time\" content=\"2023-04-03T22:50:03+00:00\" \/>\n<meta property=\"og:image\" content=\"https:\/\/estaticos-cdn.prensaiberica.es\/clip\/3c50a511-c131-4647-8309-55eaecce0925_16-9-aspect-ratio_default_0.jpg\" \/>\n<meta name=\"author\" content=\"admin\" \/>\n<meta name=\"twitter:card\" content=\"summary_large_image\" \/>\n<meta name=\"twitter:image\" content=\"https:\/\/estaticos-cdn.prensaiberica.es\/clip\/3c50a511-c131-4647-8309-55eaecce0925_16-9-aspect-ratio_default_0.jpg\" \/>\n<meta name=\"twitter:label1\" content=\"\u00c9crit par\" \/>\n\t<meta name=\"twitter:data1\" content=\"admin\" \/>\n\t<meta name=\"twitter:label2\" content=\"Dur\u00e9e de lecture estim\u00e9e\" \/>\n\t<meta name=\"twitter:data2\" content=\"3 minutes\" \/>\n<script type=\"application\/ld+json\" class=\"yoast-schema-graph\">{\"@context\":\"https:\\\/\\\/schema.org\",\"@graph\":[{\"@type\":\"Article\",\"@id\":\"https:\\\/\\\/tirinha.com\\\/962\\\/compositor-japones-ryuichi-sakamoto-morre-aos-71-anos\\\/#article\",\"isPartOf\":{\"@id\":\"https:\\\/\\\/tirinha.com\\\/962\\\/compositor-japones-ryuichi-sakamoto-morre-aos-71-anos\\\/\"},\"author\":{\"name\":\"admin\",\"@id\":\"https:\\\/\\\/tirinha.com\\\/#\\\/schema\\\/person\\\/e22bdfbe17e0461f7e927e6a1208d4d9\"},\"headline\":\"Compositor japon\u00eas Ryuichi Sakamoto morre aos 71 anos\",\"datePublished\":\"2023-04-03T22:50:03+00:00\",\"mainEntityOfPage\":{\"@id\":\"https:\\\/\\\/tirinha.com\\\/962\\\/compositor-japones-ryuichi-sakamoto-morre-aos-71-anos\\\/\"},\"wordCount\":666,\"commentCount\":0,\"publisher\":{\"@id\":\"https:\\\/\\\/tirinha.com\\\/#organization\"},\"image\":{\"@id\":\"https:\\\/\\\/tirinha.com\\\/962\\\/compositor-japones-ryuichi-sakamoto-morre-aos-71-anos\\\/#primaryimage\"},\"thumbnailUrl\":\"https:\\\/\\\/estaticos-cdn.prensaiberica.es\\\/clip\\\/3c50a511-c131-4647-8309-55eaecce0925_16-9-aspect-ratio_default_0.jpg\",\"articleSection\":[\"Cultura e lazer\"],\"inLanguage\":\"fr-FR\",\"potentialAction\":[{\"@type\":\"CommentAction\",\"name\":\"Comment\",\"target\":[\"https:\\\/\\\/tirinha.com\\\/962\\\/compositor-japones-ryuichi-sakamoto-morre-aos-71-anos\\\/#respond\"]}]},{\"@type\":\"WebPage\",\"@id\":\"https:\\\/\\\/tirinha.com\\\/962\\\/compositor-japones-ryuichi-sakamoto-morre-aos-71-anos\\\/\",\"url\":\"https:\\\/\\\/tirinha.com\\\/962\\\/compositor-japones-ryuichi-sakamoto-morre-aos-71-anos\\\/\",\"name\":\"Compositor japon\u00eas Ryuichi Sakamoto morre aos 71 anos - Tirinha.com\",\"isPartOf\":{\"@id\":\"https:\\\/\\\/tirinha.com\\\/#website\"},\"primaryImageOfPage\":{\"@id\":\"https:\\\/\\\/tirinha.com\\\/962\\\/compositor-japones-ryuichi-sakamoto-morre-aos-71-anos\\\/#primaryimage\"},\"image\":{\"@id\":\"https:\\\/\\\/tirinha.com\\\/962\\\/compositor-japones-ryuichi-sakamoto-morre-aos-71-anos\\\/#primaryimage\"},\"thumbnailUrl\":\"https:\\\/\\\/estaticos-cdn.prensaiberica.es\\\/clip\\\/3c50a511-c131-4647-8309-55eaecce0925_16-9-aspect-ratio_default_0.jpg\",\"datePublished\":\"2023-04-03T22:50:03+00:00\",\"breadcrumb\":{\"@id\":\"https:\\\/\\\/tirinha.com\\\/962\\\/compositor-japones-ryuichi-sakamoto-morre-aos-71-anos\\\/#breadcrumb\"},\"inLanguage\":\"fr-FR\",\"potentialAction\":[{\"@type\":\"ReadAction\",\"target\":[\"https:\\\/\\\/tirinha.com\\\/962\\\/compositor-japones-ryuichi-sakamoto-morre-aos-71-anos\\\/\"]}]},{\"@type\":\"ImageObject\",\"inLanguage\":\"fr-FR\",\"@id\":\"https:\\\/\\\/tirinha.com\\\/962\\\/compositor-japones-ryuichi-sakamoto-morre-aos-71-anos\\\/#primaryimage\",\"url\":\"https:\\\/\\\/estaticos-cdn.prensaiberica.es\\\/clip\\\/3c50a511-c131-4647-8309-55eaecce0925_16-9-aspect-ratio_default_0.jpg\",\"contentUrl\":\"https:\\\/\\\/estaticos-cdn.prensaiberica.es\\\/clip\\\/3c50a511-c131-4647-8309-55eaecce0925_16-9-aspect-ratio_default_0.jpg\"},{\"@type\":\"BreadcrumbList\",\"@id\":\"https:\\\/\\\/tirinha.com\\\/962\\\/compositor-japones-ryuichi-sakamoto-morre-aos-71-anos\\\/#breadcrumb\",\"itemListElement\":[{\"@type\":\"ListItem\",\"position\":1,\"name\":\"Home\",\"item\":\"https:\\\/\\\/tirinha.com\\\/\"},{\"@type\":\"ListItem\",\"position\":2,\"name\":\"Compositor japon\u00eas Ryuichi Sakamoto morre aos 71 anos\"}]},{\"@type\":\"WebSite\",\"@id\":\"https:\\\/\\\/tirinha.com\\\/#website\",\"url\":\"https:\\\/\\\/tirinha.com\\\/\",\"name\":\"Tirinha.com\",\"description\":\"Arte e livros resenhas\",\"publisher\":{\"@id\":\"https:\\\/\\\/tirinha.com\\\/#organization\"},\"potentialAction\":[{\"@type\":\"SearchAction\",\"target\":{\"@type\":\"EntryPoint\",\"urlTemplate\":\"https:\\\/\\\/tirinha.com\\\/?s={search_term_string}\"},\"query-input\":{\"@type\":\"PropertyValueSpecification\",\"valueRequired\":true,\"valueName\":\"search_term_string\"}}],\"inLanguage\":\"fr-FR\"},{\"@type\":\"Organization\",\"@id\":\"https:\\\/\\\/tirinha.com\\\/#organization\",\"name\":\"Tirinha.com\",\"url\":\"https:\\\/\\\/tirinha.com\\\/\",\"logo\":{\"@type\":\"ImageObject\",\"inLanguage\":\"fr-FR\",\"@id\":\"https:\\\/\\\/tirinha.com\\\/#\\\/schema\\\/logo\\\/image\\\/\",\"url\":\"https:\\\/\\\/tirinha.com\\\/wp-content\\\/uploads\\\/2023\\\/08\\\/cropped-Logo-Tirinha.webp\",\"contentUrl\":\"https:\\\/\\\/tirinha.com\\\/wp-content\\\/uploads\\\/2023\\\/08\\\/cropped-Logo-Tirinha.webp\",\"width\":512,\"height\":512,\"caption\":\"Tirinha.com\"},\"image\":{\"@id\":\"https:\\\/\\\/tirinha.com\\\/#\\\/schema\\\/logo\\\/image\\\/\"}},{\"@type\":\"Person\",\"@id\":\"https:\\\/\\\/tirinha.com\\\/#\\\/schema\\\/person\\\/e22bdfbe17e0461f7e927e6a1208d4d9\",\"name\":\"admin\",\"image\":{\"@type\":\"ImageObject\",\"inLanguage\":\"fr-FR\",\"@id\":\"https:\\\/\\\/tirinha.com\\\/wp-content\\\/litespeed\\\/avatar\\\/d0068f7931cc87d7274eb0c3db1deb4b.jpg?ver=1776829466\",\"url\":\"https:\\\/\\\/tirinha.com\\\/wp-content\\\/litespeed\\\/avatar\\\/d0068f7931cc87d7274eb0c3db1deb4b.jpg?ver=1776829466\",\"contentUrl\":\"https:\\\/\\\/tirinha.com\\\/wp-content\\\/litespeed\\\/avatar\\\/d0068f7931cc87d7274eb0c3db1deb4b.jpg?ver=1776829466\",\"caption\":\"admin\"},\"sameAs\":[\"https:\\\/\\\/tirinha.com\"],\"url\":\"https:\\\/\\\/tirinha.com\\\/fr\\\/author\\\/admin\\\/\"}]}<\/script>\n<!-- \/ Yoast SEO plugin. -->","yoast_head_json":{"title":"Le compositeur japonais Ryuichi Sakamoto est d\u00e9c\u00e9d\u00e9 \u00e0 l&#039;\u00e2ge de 71 ans - Tirinha.com","robots":{"index":"index","follow":"follow","max-snippet":"max-snippet:-1","max-image-preview":"max-image-preview:large","max-video-preview":"max-video-preview:-1"},"canonical":"https:\/\/tirinha.com\/fr\/962\/le-compositeur-japonais-ryuichi-sakamoto-decede-a-lage-de-71-ans\/","og_locale":"fr_FR","og_type":"article","og_title":"Compositor japon\u00eas Ryuichi Sakamoto morre aos 71 anos - Tirinha.com","og_description":"compositor japon\u00eas ryuchi sakamoto, um dos grandes vision\u00e1rios da m\u00fasica das \u00faltimas d\u00e9cadas, experimentador de v\u00e1rios estilos e autor de &hellip;","og_url":"https:\/\/tirinha.com\/fr\/962\/le-compositeur-japonais-ryuichi-sakamoto-decede-a-lage-de-71-ans\/","og_site_name":"Tirinha.com","article_published_time":"2023-04-03T22:50:03+00:00","og_image":[{"url":"https:\/\/estaticos-cdn.prensaiberica.es\/clip\/3c50a511-c131-4647-8309-55eaecce0925_16-9-aspect-ratio_default_0.jpg","type":"","width":"","height":""}],"author":"admin","twitter_card":"summary_large_image","twitter_image":"https:\/\/estaticos-cdn.prensaiberica.es\/clip\/3c50a511-c131-4647-8309-55eaecce0925_16-9-aspect-ratio_default_0.jpg","twitter_misc":{"\u00c9crit par":"admin","Dur\u00e9e de lecture estim\u00e9e":"3 minutes"},"schema":{"@context":"https:\/\/schema.org","@graph":[{"@type":"Article","@id":"https:\/\/tirinha.com\/962\/compositor-japones-ryuichi-sakamoto-morre-aos-71-anos\/#article","isPartOf":{"@id":"https:\/\/tirinha.com\/962\/compositor-japones-ryuichi-sakamoto-morre-aos-71-anos\/"},"author":{"name":"admin","@id":"https:\/\/tirinha.com\/#\/schema\/person\/e22bdfbe17e0461f7e927e6a1208d4d9"},"headline":"Compositor japon\u00eas Ryuichi Sakamoto morre aos 71 anos","datePublished":"2023-04-03T22:50:03+00:00","mainEntityOfPage":{"@id":"https:\/\/tirinha.com\/962\/compositor-japones-ryuichi-sakamoto-morre-aos-71-anos\/"},"wordCount":666,"commentCount":0,"publisher":{"@id":"https:\/\/tirinha.com\/#organization"},"image":{"@id":"https:\/\/tirinha.com\/962\/compositor-japones-ryuichi-sakamoto-morre-aos-71-anos\/#primaryimage"},"thumbnailUrl":"https:\/\/estaticos-cdn.prensaiberica.es\/clip\/3c50a511-c131-4647-8309-55eaecce0925_16-9-aspect-ratio_default_0.jpg","articleSection":["Cultura e lazer"],"inLanguage":"fr-FR","potentialAction":[{"@type":"CommentAction","name":"Comment","target":["https:\/\/tirinha.com\/962\/compositor-japones-ryuichi-sakamoto-morre-aos-71-anos\/#respond"]}]},{"@type":"WebPage","@id":"https:\/\/tirinha.com\/962\/compositor-japones-ryuichi-sakamoto-morre-aos-71-anos\/","url":"https:\/\/tirinha.com\/962\/compositor-japones-ryuichi-sakamoto-morre-aos-71-anos\/","name":"Le compositeur japonais Ryuichi Sakamoto est d\u00e9c\u00e9d\u00e9 \u00e0 l&#039;\u00e2ge de 71 ans - Tirinha.com","isPartOf":{"@id":"https:\/\/tirinha.com\/#website"},"primaryImageOfPage":{"@id":"https:\/\/tirinha.com\/962\/compositor-japones-ryuichi-sakamoto-morre-aos-71-anos\/#primaryimage"},"image":{"@id":"https:\/\/tirinha.com\/962\/compositor-japones-ryuichi-sakamoto-morre-aos-71-anos\/#primaryimage"},"thumbnailUrl":"https:\/\/estaticos-cdn.prensaiberica.es\/clip\/3c50a511-c131-4647-8309-55eaecce0925_16-9-aspect-ratio_default_0.jpg","datePublished":"2023-04-03T22:50:03+00:00","breadcrumb":{"@id":"https:\/\/tirinha.com\/962\/compositor-japones-ryuichi-sakamoto-morre-aos-71-anos\/#breadcrumb"},"inLanguage":"fr-FR","potentialAction":[{"@type":"ReadAction","target":["https:\/\/tirinha.com\/962\/compositor-japones-ryuichi-sakamoto-morre-aos-71-anos\/"]}]},{"@type":"ImageObject","inLanguage":"fr-FR","@id":"https:\/\/tirinha.com\/962\/compositor-japones-ryuichi-sakamoto-morre-aos-71-anos\/#primaryimage","url":"https:\/\/estaticos-cdn.prensaiberica.es\/clip\/3c50a511-c131-4647-8309-55eaecce0925_16-9-aspect-ratio_default_0.jpg","contentUrl":"https:\/\/estaticos-cdn.prensaiberica.es\/clip\/3c50a511-c131-4647-8309-55eaecce0925_16-9-aspect-ratio_default_0.jpg"},{"@type":"BreadcrumbList","@id":"https:\/\/tirinha.com\/962\/compositor-japones-ryuichi-sakamoto-morre-aos-71-anos\/#breadcrumb","itemListElement":[{"@type":"ListItem","position":1,"name":"Home","item":"https:\/\/tirinha.com\/"},{"@type":"ListItem","position":2,"name":"Compositor japon\u00eas Ryuichi Sakamoto morre aos 71 anos"}]},{"@type":"WebSite","@id":"https:\/\/tirinha.com\/#website","url":"https:\/\/tirinha.com\/","name":"Tirinha.com","description":"Critiques d&#039;art et de livres","publisher":{"@id":"https:\/\/tirinha.com\/#organization"},"potentialAction":[{"@type":"SearchAction","target":{"@type":"EntryPoint","urlTemplate":"https:\/\/tirinha.com\/?s={search_term_string}"},"query-input":{"@type":"PropertyValueSpecification","valueRequired":true,"valueName":"search_term_string"}}],"inLanguage":"fr-FR"},{"@type":"Organization","@id":"https:\/\/tirinha.com\/#organization","name":"Tirinha.com","url":"https:\/\/tirinha.com\/","logo":{"@type":"ImageObject","inLanguage":"fr-FR","@id":"https:\/\/tirinha.com\/#\/schema\/logo\/image\/","url":"https:\/\/tirinha.com\/wp-content\/uploads\/2023\/08\/cropped-Logo-Tirinha.webp","contentUrl":"https:\/\/tirinha.com\/wp-content\/uploads\/2023\/08\/cropped-Logo-Tirinha.webp","width":512,"height":512,"caption":"Tirinha.com"},"image":{"@id":"https:\/\/tirinha.com\/#\/schema\/logo\/image\/"}},{"@type":"Person","@id":"https:\/\/tirinha.com\/#\/schema\/person\/e22bdfbe17e0461f7e927e6a1208d4d9","name":"administrateur","image":{"@type":"ImageObject","inLanguage":"fr-FR","@id":"https:\/\/tirinha.com\/wp-content\/litespeed\/avatar\/d0068f7931cc87d7274eb0c3db1deb4b.jpg?ver=1776829466","url":"https:\/\/tirinha.com\/wp-content\/litespeed\/avatar\/d0068f7931cc87d7274eb0c3db1deb4b.jpg?ver=1776829466","contentUrl":"https:\/\/tirinha.com\/wp-content\/litespeed\/avatar\/d0068f7931cc87d7274eb0c3db1deb4b.jpg?ver=1776829466","caption":"admin"},"sameAs":["https:\/\/tirinha.com"],"url":"https:\/\/tirinha.com\/fr\/author\/admin\/"}]}},"_links":{"self":[{"href":"https:\/\/tirinha.com\/fr\/wp-json\/wp\/v2\/posts\/962","targetHints":{"allow":["GET"]}}],"collection":[{"href":"https:\/\/tirinha.com\/fr\/wp-json\/wp\/v2\/posts"}],"about":[{"href":"https:\/\/tirinha.com\/fr\/wp-json\/wp\/v2\/types\/post"}],"author":[{"embeddable":true,"href":"https:\/\/tirinha.com\/fr\/wp-json\/wp\/v2\/users\/1"}],"replies":[{"embeddable":true,"href":"https:\/\/tirinha.com\/fr\/wp-json\/wp\/v2\/comments?post=962"}],"version-history":[{"count":0,"href":"https:\/\/tirinha.com\/fr\/wp-json\/wp\/v2\/posts\/962\/revisions"}],"wp:featuredmedia":[{"embeddable":true,"href":"https:\/\/tirinha.com\/fr\/wp-json\/wp\/v2\/media\/964"}],"wp:attachment":[{"href":"https:\/\/tirinha.com\/fr\/wp-json\/wp\/v2\/media?parent=962"}],"wp:term":[{"taxonomy":"category","embeddable":true,"href":"https:\/\/tirinha.com\/fr\/wp-json\/wp\/v2\/categories?post=962"},{"taxonomy":"post_tag","embeddable":true,"href":"https:\/\/tirinha.com\/fr\/wp-json\/wp\/v2\/tags?post=962"}],"curies":[{"name":"wp","href":"https:\/\/api.w.org\/{rel}","templated":true}]}}