{"id":920,"date":"2023-04-03T16:35:52","date_gmt":"2023-04-03T16:35:52","guid":{"rendered":"https:\/\/tirinha.com\/mostoles-danca-classica-e-teatro-sao-as-estrelas-da-agenda-do-fim-de-semana\/"},"modified":"2023-04-03T16:35:52","modified_gmt":"2023-04-03T16:35:52","slug":"mostoles-danca-classica-e-teatro-sao-as-estrelas-da-agenda-do-fim-de-semana","status":"publish","type":"post","link":"https:\/\/tirinha.com\/fr\/920\/mostoles-danca-classica-e-teatro-sao-as-estrelas-da-agenda-do-fim-de-semana\/","title":{"rendered":"M\u00d3STOLES\/ La danse classique et le th\u00e9\u00e2tre sont les vedettes de l&#039;agenda du week-end"},"content":{"rendered":"<p><\/p>\n<div>\n<p>Le programme Escena M\u00f3stoles, organis\u00e9 par le D\u00e9partement de la Culture, revient ce week-end avec un classique de Federico Garc\u00eda Lorca. &#039;<strong>Retable de Dom Crist\u00f3bal<\/strong>&#039;, qui sera pr\u00e9sent\u00e9 ce vendredi 24 mars, \u00e0 20h, au Teatro El Soto, par la compagnie Nao d&#039;amores.<\/p>\n<p>Interpr\u00e9t\u00e9 par Eduardo Mayo, Ver\u00f3nica Morej\u00f3n et Isabel Zamora, <strong>&quot;Retablilo de Don Crist\u00f3bal&quot; tente de comprendre si Federico Garc\u00eda Lorca \u00e9tait le h\u00e9ros qui a sauv\u00e9 une tradition mourante en insistant sur l&#039;int\u00e9gration des poup\u00e9es de blackjack dans le grand th\u00e9\u00e2tre de son temps<\/strong>ou plut\u00f4t l\u2019intellectuel qui s\u2019est retrouv\u00e9 avec le peu qui restait du r\u00e9f\u00e9rent populaire.<\/p>\n<aside class=\"scaip scaip-1\">\n\t\t<\/aside>\n<p>De plus, <strong>La compagnie Antonio Najarro arrive au Teatro del Bosque le samedi 25, \u00e0 19h, avec son spectacle de danse &#039;Querencia&#039;. <\/strong>Le chor\u00e9graphe multi-prim\u00e9 aborde sa sixi\u00e8me production, avec le d\u00e9sir de revisiter ses origines, de sauver et d&#039;exalter l&#039;inspiration du langage des grands ballets chor\u00e9graphiques qui \u00e0 son \u00e9poque ont fait des figures comme Antonio Ruiz Soler ou Mariemma, entre autres. , super.<\/p>\n<figure class=\"wp-block-image size-large\"><img fetchpriority=\"high\" decoding=\"async\" width=\"780\" height=\"520\" alt=\"'Quer\u00eancia', de Antonio Najarro\" class=\"wp-image-383998 jetpack-lazy-image\" data-recalc-dims=\"1\" srcset=\"https:\/\/i0.wp.com\/noticiasparamunicipios.com\/wp-content\/uploads\/2023\/03\/querencia.jpg?resize=1024%2C683&amp;ssl=1 1024w, https:\/\/i0.wp.com\/noticiasparamunicipios.com\/wp-content\/uploads\/2023\/03\/querencia.jpg?resize=300%2C200&amp;ssl=1 300w, https:\/\/i0.wp.com\/noticiasparamunicipios.com\/wp-content\/uploads\/2023\/03\/querencia.jpg?resize=768%2C512&amp;ssl=1 768w, https:\/\/i0.wp.com\/noticiasparamunicipios.com\/wp-content\/uploads\/2023\/03\/querencia.jpg?resize=1536%2C1024&amp;ssl=1 1536w, https:\/\/i0.wp.com\/noticiasparamunicipios.com\/wp-content\/uploads\/2023\/03\/querencia.jpg?resize=2048%2C1366&amp;ssl=1 2048w, https:\/\/i0.wp.com\/noticiasparamunicipios.com\/wp-content\/uploads\/2023\/03\/querencia.jpg?resize=1200%2C800&amp;ssl=1 1200w, https:\/\/i0.wp.com\/noticiasparamunicipios.com\/wp-content\/uploads\/2023\/03\/querencia.jpg?resize=1568%2C1046&amp;ssl=1 1568w, https:\/\/i0.wp.com\/noticiasparamunicipios.com\/wp-content\/uploads\/2023\/03\/querencia.jpg?resize=400%2C267&amp;ssl=1 400w, https:\/\/i0.wp.com\/noticiasparamunicipios.com\/wp-content\/uploads\/2023\/03\/querencia.jpg?w=2340&amp;ssl=1 2340w\" data-lazy-sizes=\"(max-width: 780px) 100vw, 780px\" src=\"https:\/\/i0.wp.com\/noticiasparamunicipios.com\/wp-content\/uploads\/2023\/03\/querencia.jpg?resize=780%2C520&amp;is-pending-load=1#038;ssl=1\"\/><noscript><img data-lazy-fallback=\"1\" decoding=\"async\" width=\"780\" height=\"520\" src=\"https:\/\/i0.wp.com\/noticiasparamunicipios.com\/wp-content\/uploads\/2023\/03\/querencia.jpg?resize=780%2C520&amp;ssl=1\" alt=\"'Quer\u00eancia', de Antonio Najarro\" class=\"wp-image-383998\" srcset=\"https:\/\/i0.wp.com\/noticiasparamunicipios.com\/wp-content\/uploads\/2023\/03\/querencia.jpg?resize=1024%2C683&amp;ssl=1 1024w, https:\/\/i0.wp.com\/noticiasparamunicipios.com\/wp-content\/uploads\/2023\/03\/querencia.jpg?resize=300%2C200&amp;ssl=1 300w, https:\/\/i0.wp.com\/noticiasparamunicipios.com\/wp-content\/uploads\/2023\/03\/querencia.jpg?resize=768%2C512&amp;ssl=1 768w, https:\/\/i0.wp.com\/noticiasparamunicipios.com\/wp-content\/uploads\/2023\/03\/querencia.jpg?resize=1536%2C1024&amp;ssl=1 1536w, https:\/\/i0.wp.com\/noticiasparamunicipios.com\/wp-content\/uploads\/2023\/03\/querencia.jpg?resize=2048%2C1366&amp;ssl=1 2048w, https:\/\/i0.wp.com\/noticiasparamunicipios.com\/wp-content\/uploads\/2023\/03\/querencia.jpg?resize=1200%2C800&amp;ssl=1 1200w, https:\/\/i0.wp.com\/noticiasparamunicipios.com\/wp-content\/uploads\/2023\/03\/querencia.jpg?resize=1568%2C1046&amp;ssl=1 1568w, https:\/\/i0.wp.com\/noticiasparamunicipios.com\/wp-content\/uploads\/2023\/03\/querencia.jpg?resize=400%2C267&amp;ssl=1 400w, https:\/\/i0.wp.com\/noticiasparamunicipios.com\/wp-content\/uploads\/2023\/03\/querencia.jpg?w=2340&amp;ssl=1 2340w\" sizes=\"(max-width: 780px) 100vw, 780px\" data-recalc-dims=\"1\"\/><\/noscript><figcaption class=\"wp-element-caption\">&#039;Quer\u00eancia&#039;, d&#039;Antonio Najarro<\/figcaption><\/figure>\n<h2 class=\"wp-block-heading\">Cin\u00e9ma et th\u00e9\u00e2tre familial<\/h2>\n<p>D&#039;autre part, <strong>Ce week-end, \u00ab Project \u00bb revient. Cin\u00e9ma familial\u00bb avec le film \u00abLes M\u00e9chants\u00bb, <\/strong>qui sera projet\u00e9 le samedi 25 \u00e0 18h au Centro Sociocultural El Soto et le dimanche 26 \u00e0 12h au Centro Sociocultural Norte-Universidad et \u00e0 18h au Centro Sociocultural Joan Mir\u00f3.<\/p>\n<p><strong>\u00ab The Bad Guys \u00bb est une com\u00e9die hilarante pour enfants bas\u00e9e sur les bandes dessin\u00e9es d&#039;Aaron Blabey.<\/strong>qui raconte les aventures de cinq criminels c\u00e9l\u00e8bres qui tentent d&#039;atteindre leur objectif le plus difficile \u00e0 ce jour : bien se comporter.<\/p>\n<aside class=\"scaip scaip-2\">\n\t\t<\/aside>\n<p>Pour les plus petits, le spectacle de marionnettes&#039;<strong>gel\u00e9e&#039;<\/strong> arrive le dimanche 26, \u00e0 18h, au Teatro Villa de M\u00f3stoles, dans le cadre du programme Escena Vivo.<\/p>\n<p><strong>\u00ab Mermelhada \u00bb est une histoire qui nous invite \u00e0 porter un regard diff\u00e9rent sur les contes de f\u00e9es<\/strong>. Au pays des f\u00e9es vit une petite f\u00e9e appel\u00e9e Mermelhada, qui, d\u00e9senchant\u00e9e par sa condition de f\u00e9e, demande \u00e0 une vieille sorci\u00e8re de lui enseigner quelques secrets de sagesse ancestrale. Petit \u00e0 petit, un lien tr\u00e8s particulier se cr\u00e9e entre l\u2019enseignant et l\u2019\u00e9l\u00e8ve.<\/p>\n<p>Dans le but de valoriser l&#039;histoire et le patrimoine de notre ville, le samedi 25, \u00e0 17h30, aura lieu une <strong>Visite guid\u00e9e de la maison-mus\u00e9e Andr\u00e9s Torrej\u00f3n et du mus\u00e9e de la ville<\/strong>. Par ailleurs, le dimanche 26 \u00e0 11 heures, le <strong>Visite guid\u00e9e de la vieille ville.<\/strong><\/p>\n<aside class=\"scaip scaip-3\">\n\t\t<\/aside>\n<p>L&#039;inscription aux deux visites est gratuite et peut se faire en appelant le 91 649 37 72, par email museociudad@mostoles.es ou en personne au mus\u00e9e, Rua Andr\u00e9s Torrej\u00f3n n\u00ba5.<\/p>\n<p><h3 class=\"jp-relatedposts-headline\"><em>En rapport<\/em><\/h3>\n<\/p><\/div>","protected":false},"excerpt":{"rendered":"<p>Le programme Escena M\u00f3stoles, organis\u00e9 par le D\u00e9partement de la Culture, revient ce week-end avec un classique de Federico\u2026 <\/p>","protected":false},"author":1,"featured_media":921,"comment_status":"open","ping_status":"open","sticky":false,"template":"","format":"standard","meta":{"fifu_image_url":"https:\/\/noticiasparamunicipios.com\/wp-content\/uploads\/2023\/03\/retablillo-de-don-cristobal.jpg","fifu_image_alt":"","footnotes":""},"categories":[35],"tags":[],"class_list":["post-920","post","type-post","status-publish","format-standard","has-post-thumbnail","hentry","category-cultura-e-lazer","latest_post"],"yoast_head":"<!-- This site is optimized with the Yoast SEO plugin v27.3 - https:\/\/yoast.com\/product\/yoast-seo-wordpress\/ -->\n<title>M\u00d3STOLES\/ Dan\u00e7a cl\u00e1ssica e teatro s\u00e3o as estrelas da agenda do fim de semana - Tirinha.com<\/title>\n<meta name=\"robots\" content=\"index, follow, max-snippet:-1, max-image-preview:large, max-video-preview:-1\" \/>\n<link rel=\"canonical\" href=\"https:\/\/tirinha.com\/fr\/920\/mostoles-danca-classica-e-teatro-sao-as-estrelas-da-agenda-do-fim-de-semana\/\" \/>\n<meta property=\"og:locale\" content=\"fr_FR\" \/>\n<meta property=\"og:type\" content=\"article\" \/>\n<meta property=\"og:title\" content=\"M\u00d3STOLES\/ Dan\u00e7a cl\u00e1ssica e teatro s\u00e3o as estrelas da agenda do fim de semana - Tirinha.com\" \/>\n<meta property=\"og:description\" content=\"A programa\u00e7\u00e3o do Escena M\u00f3stoles, organizada pela Secretaria de Cultura, volta neste final de semana com um cl\u00e1ssico de Federico &hellip;\" \/>\n<meta property=\"og:url\" content=\"https:\/\/tirinha.com\/fr\/920\/mostoles-danca-classica-e-teatro-sao-as-estrelas-da-agenda-do-fim-de-semana\/\" \/>\n<meta property=\"og:site_name\" content=\"Tirinha.com\" \/>\n<meta property=\"article:published_time\" content=\"2023-04-03T16:35:52+00:00\" \/>\n<meta property=\"og:image\" content=\"https:\/\/noticiasparamunicipios.com\/wp-content\/uploads\/2023\/03\/retablillo-de-don-cristobal.jpg\" \/>\n<meta name=\"author\" content=\"admin\" \/>\n<meta name=\"twitter:card\" content=\"summary_large_image\" \/>\n<meta name=\"twitter:image\" content=\"https:\/\/noticiasparamunicipios.com\/wp-content\/uploads\/2023\/03\/retablillo-de-don-cristobal.jpg\" \/>\n<meta name=\"twitter:label1\" content=\"\u00c9crit par\" \/>\n\t<meta name=\"twitter:data1\" content=\"admin\" \/>\n\t<meta name=\"twitter:label2\" content=\"Dur\u00e9e de lecture estim\u00e9e\" \/>\n\t<meta name=\"twitter:data2\" content=\"2 minutes\" \/>\n<script type=\"application\/ld+json\" class=\"yoast-schema-graph\">{\"@context\":\"https:\\\/\\\/schema.org\",\"@graph\":[{\"@type\":\"Article\",\"@id\":\"https:\\\/\\\/tirinha.com\\\/920\\\/mostoles-danca-classica-e-teatro-sao-as-estrelas-da-agenda-do-fim-de-semana\\\/#article\",\"isPartOf\":{\"@id\":\"https:\\\/\\\/tirinha.com\\\/920\\\/mostoles-danca-classica-e-teatro-sao-as-estrelas-da-agenda-do-fim-de-semana\\\/\"},\"author\":{\"name\":\"admin\",\"@id\":\"https:\\\/\\\/tirinha.com\\\/#\\\/schema\\\/person\\\/e22bdfbe17e0461f7e927e6a1208d4d9\"},\"headline\":\"M\u00d3STOLES\\\/ Dan\u00e7a cl\u00e1ssica e teatro s\u00e3o as estrelas da agenda do fim de semana\",\"datePublished\":\"2023-04-03T16:35:52+00:00\",\"mainEntityOfPage\":{\"@id\":\"https:\\\/\\\/tirinha.com\\\/920\\\/mostoles-danca-classica-e-teatro-sao-as-estrelas-da-agenda-do-fim-de-semana\\\/\"},\"wordCount\":460,\"commentCount\":0,\"publisher\":{\"@id\":\"https:\\\/\\\/tirinha.com\\\/#organization\"},\"image\":{\"@id\":\"https:\\\/\\\/tirinha.com\\\/920\\\/mostoles-danca-classica-e-teatro-sao-as-estrelas-da-agenda-do-fim-de-semana\\\/#primaryimage\"},\"thumbnailUrl\":\"https:\\\/\\\/noticiasparamunicipios.com\\\/wp-content\\\/uploads\\\/2023\\\/03\\\/retablillo-de-don-cristobal.jpg\",\"articleSection\":[\"Cultura e lazer\"],\"inLanguage\":\"fr-FR\",\"potentialAction\":[{\"@type\":\"CommentAction\",\"name\":\"Comment\",\"target\":[\"https:\\\/\\\/tirinha.com\\\/920\\\/mostoles-danca-classica-e-teatro-sao-as-estrelas-da-agenda-do-fim-de-semana\\\/#respond\"]}]},{\"@type\":\"WebPage\",\"@id\":\"https:\\\/\\\/tirinha.com\\\/920\\\/mostoles-danca-classica-e-teatro-sao-as-estrelas-da-agenda-do-fim-de-semana\\\/\",\"url\":\"https:\\\/\\\/tirinha.com\\\/920\\\/mostoles-danca-classica-e-teatro-sao-as-estrelas-da-agenda-do-fim-de-semana\\\/\",\"name\":\"M\u00d3STOLES\\\/ Dan\u00e7a cl\u00e1ssica e teatro s\u00e3o as estrelas da agenda do fim de semana - Tirinha.com\",\"isPartOf\":{\"@id\":\"https:\\\/\\\/tirinha.com\\\/#website\"},\"primaryImageOfPage\":{\"@id\":\"https:\\\/\\\/tirinha.com\\\/920\\\/mostoles-danca-classica-e-teatro-sao-as-estrelas-da-agenda-do-fim-de-semana\\\/#primaryimage\"},\"image\":{\"@id\":\"https:\\\/\\\/tirinha.com\\\/920\\\/mostoles-danca-classica-e-teatro-sao-as-estrelas-da-agenda-do-fim-de-semana\\\/#primaryimage\"},\"thumbnailUrl\":\"https:\\\/\\\/noticiasparamunicipios.com\\\/wp-content\\\/uploads\\\/2023\\\/03\\\/retablillo-de-don-cristobal.jpg\",\"datePublished\":\"2023-04-03T16:35:52+00:00\",\"breadcrumb\":{\"@id\":\"https:\\\/\\\/tirinha.com\\\/920\\\/mostoles-danca-classica-e-teatro-sao-as-estrelas-da-agenda-do-fim-de-semana\\\/#breadcrumb\"},\"inLanguage\":\"fr-FR\",\"potentialAction\":[{\"@type\":\"ReadAction\",\"target\":[\"https:\\\/\\\/tirinha.com\\\/920\\\/mostoles-danca-classica-e-teatro-sao-as-estrelas-da-agenda-do-fim-de-semana\\\/\"]}]},{\"@type\":\"ImageObject\",\"inLanguage\":\"fr-FR\",\"@id\":\"https:\\\/\\\/tirinha.com\\\/920\\\/mostoles-danca-classica-e-teatro-sao-as-estrelas-da-agenda-do-fim-de-semana\\\/#primaryimage\",\"url\":\"https:\\\/\\\/noticiasparamunicipios.com\\\/wp-content\\\/uploads\\\/2023\\\/03\\\/retablillo-de-don-cristobal.jpg\",\"contentUrl\":\"https:\\\/\\\/noticiasparamunicipios.com\\\/wp-content\\\/uploads\\\/2023\\\/03\\\/retablillo-de-don-cristobal.jpg\"},{\"@type\":\"BreadcrumbList\",\"@id\":\"https:\\\/\\\/tirinha.com\\\/920\\\/mostoles-danca-classica-e-teatro-sao-as-estrelas-da-agenda-do-fim-de-semana\\\/#breadcrumb\",\"itemListElement\":[{\"@type\":\"ListItem\",\"position\":1,\"name\":\"Home\",\"item\":\"https:\\\/\\\/tirinha.com\\\/\"},{\"@type\":\"ListItem\",\"position\":2,\"name\":\"M\u00d3STOLES\\\/ Dan\u00e7a cl\u00e1ssica e teatro s\u00e3o as estrelas da agenda do fim de semana\"}]},{\"@type\":\"WebSite\",\"@id\":\"https:\\\/\\\/tirinha.com\\\/#website\",\"url\":\"https:\\\/\\\/tirinha.com\\\/\",\"name\":\"Tirinha.com\",\"description\":\"Arte e livros resenhas\",\"publisher\":{\"@id\":\"https:\\\/\\\/tirinha.com\\\/#organization\"},\"potentialAction\":[{\"@type\":\"SearchAction\",\"target\":{\"@type\":\"EntryPoint\",\"urlTemplate\":\"https:\\\/\\\/tirinha.com\\\/?s={search_term_string}\"},\"query-input\":{\"@type\":\"PropertyValueSpecification\",\"valueRequired\":true,\"valueName\":\"search_term_string\"}}],\"inLanguage\":\"fr-FR\"},{\"@type\":\"Organization\",\"@id\":\"https:\\\/\\\/tirinha.com\\\/#organization\",\"name\":\"Tirinha.com\",\"url\":\"https:\\\/\\\/tirinha.com\\\/\",\"logo\":{\"@type\":\"ImageObject\",\"inLanguage\":\"fr-FR\",\"@id\":\"https:\\\/\\\/tirinha.com\\\/#\\\/schema\\\/logo\\\/image\\\/\",\"url\":\"https:\\\/\\\/tirinha.com\\\/wp-content\\\/uploads\\\/2023\\\/08\\\/cropped-Logo-Tirinha.webp\",\"contentUrl\":\"https:\\\/\\\/tirinha.com\\\/wp-content\\\/uploads\\\/2023\\\/08\\\/cropped-Logo-Tirinha.webp\",\"width\":512,\"height\":512,\"caption\":\"Tirinha.com\"},\"image\":{\"@id\":\"https:\\\/\\\/tirinha.com\\\/#\\\/schema\\\/logo\\\/image\\\/\"}},{\"@type\":\"Person\",\"@id\":\"https:\\\/\\\/tirinha.com\\\/#\\\/schema\\\/person\\\/e22bdfbe17e0461f7e927e6a1208d4d9\",\"name\":\"admin\",\"image\":{\"@type\":\"ImageObject\",\"inLanguage\":\"fr-FR\",\"@id\":\"https:\\\/\\\/tirinha.com\\\/wp-content\\\/litespeed\\\/avatar\\\/d0068f7931cc87d7274eb0c3db1deb4b.jpg?ver=1776829466\",\"url\":\"https:\\\/\\\/tirinha.com\\\/wp-content\\\/litespeed\\\/avatar\\\/d0068f7931cc87d7274eb0c3db1deb4b.jpg?ver=1776829466\",\"contentUrl\":\"https:\\\/\\\/tirinha.com\\\/wp-content\\\/litespeed\\\/avatar\\\/d0068f7931cc87d7274eb0c3db1deb4b.jpg?ver=1776829466\",\"caption\":\"admin\"},\"sameAs\":[\"https:\\\/\\\/tirinha.com\"],\"url\":\"https:\\\/\\\/tirinha.com\\\/fr\\\/author\\\/admin\\\/\"}]}<\/script>\n<!-- \/ Yoast SEO plugin. -->","yoast_head_json":{"title":"M\u00d3STOLES\/ Dan\u00e7a cl\u00e1ssica e teatro s\u00e3o as estrelas da agenda do fim de semana - Tirinha.com","robots":{"index":"index","follow":"follow","max-snippet":"max-snippet:-1","max-image-preview":"max-image-preview:large","max-video-preview":"max-video-preview:-1"},"canonical":"https:\/\/tirinha.com\/fr\/920\/mostoles-danca-classica-e-teatro-sao-as-estrelas-da-agenda-do-fim-de-semana\/","og_locale":"fr_FR","og_type":"article","og_title":"M\u00d3STOLES\/ Dan\u00e7a cl\u00e1ssica e teatro s\u00e3o as estrelas da agenda do fim de semana - Tirinha.com","og_description":"A programa\u00e7\u00e3o do Escena M\u00f3stoles, organizada pela Secretaria de Cultura, volta neste final de semana com um cl\u00e1ssico de Federico &hellip;","og_url":"https:\/\/tirinha.com\/fr\/920\/mostoles-danca-classica-e-teatro-sao-as-estrelas-da-agenda-do-fim-de-semana\/","og_site_name":"Tirinha.com","article_published_time":"2023-04-03T16:35:52+00:00","og_image":[{"url":"https:\/\/noticiasparamunicipios.com\/wp-content\/uploads\/2023\/03\/retablillo-de-don-cristobal.jpg","type":"","width":"","height":""}],"author":"admin","twitter_card":"summary_large_image","twitter_image":"https:\/\/noticiasparamunicipios.com\/wp-content\/uploads\/2023\/03\/retablillo-de-don-cristobal.jpg","twitter_misc":{"\u00c9crit par":"admin","Dur\u00e9e de lecture estim\u00e9e":"2 minutes"},"schema":{"@context":"https:\/\/schema.org","@graph":[{"@type":"Article","@id":"https:\/\/tirinha.com\/920\/mostoles-danca-classica-e-teatro-sao-as-estrelas-da-agenda-do-fim-de-semana\/#article","isPartOf":{"@id":"https:\/\/tirinha.com\/920\/mostoles-danca-classica-e-teatro-sao-as-estrelas-da-agenda-do-fim-de-semana\/"},"author":{"name":"admin","@id":"https:\/\/tirinha.com\/#\/schema\/person\/e22bdfbe17e0461f7e927e6a1208d4d9"},"headline":"M\u00d3STOLES\/ Dan\u00e7a cl\u00e1ssica e teatro s\u00e3o as estrelas da agenda do fim de semana","datePublished":"2023-04-03T16:35:52+00:00","mainEntityOfPage":{"@id":"https:\/\/tirinha.com\/920\/mostoles-danca-classica-e-teatro-sao-as-estrelas-da-agenda-do-fim-de-semana\/"},"wordCount":460,"commentCount":0,"publisher":{"@id":"https:\/\/tirinha.com\/#organization"},"image":{"@id":"https:\/\/tirinha.com\/920\/mostoles-danca-classica-e-teatro-sao-as-estrelas-da-agenda-do-fim-de-semana\/#primaryimage"},"thumbnailUrl":"https:\/\/noticiasparamunicipios.com\/wp-content\/uploads\/2023\/03\/retablillo-de-don-cristobal.jpg","articleSection":["Cultura e lazer"],"inLanguage":"fr-FR","potentialAction":[{"@type":"CommentAction","name":"Comment","target":["https:\/\/tirinha.com\/920\/mostoles-danca-classica-e-teatro-sao-as-estrelas-da-agenda-do-fim-de-semana\/#respond"]}]},{"@type":"WebPage","@id":"https:\/\/tirinha.com\/920\/mostoles-danca-classica-e-teatro-sao-as-estrelas-da-agenda-do-fim-de-semana\/","url":"https:\/\/tirinha.com\/920\/mostoles-danca-classica-e-teatro-sao-as-estrelas-da-agenda-do-fim-de-semana\/","name":"M\u00d3STOLES\/ Dan\u00e7a cl\u00e1ssica e teatro s\u00e3o as estrelas da agenda do fim de semana - Tirinha.com","isPartOf":{"@id":"https:\/\/tirinha.com\/#website"},"primaryImageOfPage":{"@id":"https:\/\/tirinha.com\/920\/mostoles-danca-classica-e-teatro-sao-as-estrelas-da-agenda-do-fim-de-semana\/#primaryimage"},"image":{"@id":"https:\/\/tirinha.com\/920\/mostoles-danca-classica-e-teatro-sao-as-estrelas-da-agenda-do-fim-de-semana\/#primaryimage"},"thumbnailUrl":"https:\/\/noticiasparamunicipios.com\/wp-content\/uploads\/2023\/03\/retablillo-de-don-cristobal.jpg","datePublished":"2023-04-03T16:35:52+00:00","breadcrumb":{"@id":"https:\/\/tirinha.com\/920\/mostoles-danca-classica-e-teatro-sao-as-estrelas-da-agenda-do-fim-de-semana\/#breadcrumb"},"inLanguage":"fr-FR","potentialAction":[{"@type":"ReadAction","target":["https:\/\/tirinha.com\/920\/mostoles-danca-classica-e-teatro-sao-as-estrelas-da-agenda-do-fim-de-semana\/"]}]},{"@type":"ImageObject","inLanguage":"fr-FR","@id":"https:\/\/tirinha.com\/920\/mostoles-danca-classica-e-teatro-sao-as-estrelas-da-agenda-do-fim-de-semana\/#primaryimage","url":"https:\/\/noticiasparamunicipios.com\/wp-content\/uploads\/2023\/03\/retablillo-de-don-cristobal.jpg","contentUrl":"https:\/\/noticiasparamunicipios.com\/wp-content\/uploads\/2023\/03\/retablillo-de-don-cristobal.jpg"},{"@type":"BreadcrumbList","@id":"https:\/\/tirinha.com\/920\/mostoles-danca-classica-e-teatro-sao-as-estrelas-da-agenda-do-fim-de-semana\/#breadcrumb","itemListElement":[{"@type":"ListItem","position":1,"name":"Home","item":"https:\/\/tirinha.com\/"},{"@type":"ListItem","position":2,"name":"M\u00d3STOLES\/ Dan\u00e7a cl\u00e1ssica e teatro s\u00e3o as estrelas da agenda do fim de semana"}]},{"@type":"WebSite","@id":"https:\/\/tirinha.com\/#website","url":"https:\/\/tirinha.com\/","name":"Tirinha.com","description":"Critiques d&#039;art et de livres","publisher":{"@id":"https:\/\/tirinha.com\/#organization"},"potentialAction":[{"@type":"SearchAction","target":{"@type":"EntryPoint","urlTemplate":"https:\/\/tirinha.com\/?s={search_term_string}"},"query-input":{"@type":"PropertyValueSpecification","valueRequired":true,"valueName":"search_term_string"}}],"inLanguage":"fr-FR"},{"@type":"Organization","@id":"https:\/\/tirinha.com\/#organization","name":"Tirinha.com","url":"https:\/\/tirinha.com\/","logo":{"@type":"ImageObject","inLanguage":"fr-FR","@id":"https:\/\/tirinha.com\/#\/schema\/logo\/image\/","url":"https:\/\/tirinha.com\/wp-content\/uploads\/2023\/08\/cropped-Logo-Tirinha.webp","contentUrl":"https:\/\/tirinha.com\/wp-content\/uploads\/2023\/08\/cropped-Logo-Tirinha.webp","width":512,"height":512,"caption":"Tirinha.com"},"image":{"@id":"https:\/\/tirinha.com\/#\/schema\/logo\/image\/"}},{"@type":"Person","@id":"https:\/\/tirinha.com\/#\/schema\/person\/e22bdfbe17e0461f7e927e6a1208d4d9","name":"administrateur","image":{"@type":"ImageObject","inLanguage":"fr-FR","@id":"https:\/\/tirinha.com\/wp-content\/litespeed\/avatar\/d0068f7931cc87d7274eb0c3db1deb4b.jpg?ver=1776829466","url":"https:\/\/tirinha.com\/wp-content\/litespeed\/avatar\/d0068f7931cc87d7274eb0c3db1deb4b.jpg?ver=1776829466","contentUrl":"https:\/\/tirinha.com\/wp-content\/litespeed\/avatar\/d0068f7931cc87d7274eb0c3db1deb4b.jpg?ver=1776829466","caption":"admin"},"sameAs":["https:\/\/tirinha.com"],"url":"https:\/\/tirinha.com\/fr\/author\/admin\/"}]}},"_links":{"self":[{"href":"https:\/\/tirinha.com\/fr\/wp-json\/wp\/v2\/posts\/920","targetHints":{"allow":["GET"]}}],"collection":[{"href":"https:\/\/tirinha.com\/fr\/wp-json\/wp\/v2\/posts"}],"about":[{"href":"https:\/\/tirinha.com\/fr\/wp-json\/wp\/v2\/types\/post"}],"author":[{"embeddable":true,"href":"https:\/\/tirinha.com\/fr\/wp-json\/wp\/v2\/users\/1"}],"replies":[{"embeddable":true,"href":"https:\/\/tirinha.com\/fr\/wp-json\/wp\/v2\/comments?post=920"}],"version-history":[{"count":0,"href":"https:\/\/tirinha.com\/fr\/wp-json\/wp\/v2\/posts\/920\/revisions"}],"wp:featuredmedia":[{"embeddable":true,"href":"https:\/\/tirinha.com\/fr\/wp-json\/wp\/v2\/media\/921"}],"wp:attachment":[{"href":"https:\/\/tirinha.com\/fr\/wp-json\/wp\/v2\/media?parent=920"}],"wp:term":[{"taxonomy":"category","embeddable":true,"href":"https:\/\/tirinha.com\/fr\/wp-json\/wp\/v2\/categories?post=920"},{"taxonomy":"post_tag","embeddable":true,"href":"https:\/\/tirinha.com\/fr\/wp-json\/wp\/v2\/tags?post=920"}],"curies":[{"name":"wp","href":"https:\/\/api.w.org\/{rel}","templated":true}]}}