{"id":884,"date":"2023-04-03T13:46:11","date_gmt":"2023-04-03T13:46:11","guid":{"rendered":"https:\/\/tirinha.com\/concurso-de-desenho-em-madri-sou-de\/"},"modified":"2023-04-03T13:46:11","modified_gmt":"2023-04-03T13:46:11","slug":"concours-de-dessin-a-madrid-je-viens-de","status":"publish","type":"post","link":"https:\/\/tirinha.com\/fr\/884\/concurso-de-desenho-em-madri-sou-de\/","title":{"rendered":"concours de dessin \u00e0 madrid | je viens de"},"content":{"rendered":"<p><\/p>\n<div itemprop=\"articleBody\">\n<p style=\"text-align: justify;\">La Mairie de Retiro a convoqu\u00e9 la quatri\u00e8me \u00e9dition du Concours de dessin et de cr\u00e9ation litt\u00e9raire pour enfants et jeunes Benito P\u00e9rez Gald\u00f3s <strong>auquel peuvent participer les enfants et les jeunes de 6 \u00e0 17 ans<\/strong>inscrits dans les centres \u00e9ducatifs publics, subventionn\u00e9s et priv\u00e9s du Retiro, ainsi que dans les salles de classe des h\u00f4pitaux Ni\u00f1o Jes\u00fas et Gregorio Mara\u00f1\u00f3n.<\/p>\n<p style=\"text-align: justify;\">\n<p style=\"text-align: justify;\">Cette ann\u00e9e, la cr\u00e9ativit\u00e9 des histoires et des bandes dessin\u00e9es abordera deux th\u00e8mes : la c\u00e9l\u00e9bration du V\u00e8me Centenaire du Premier Tour du Monde et de la Premi\u00e8re Grammaire espagnole, d&#039;Elio Antonio de Nebrija. L\u2019objectif est double. D&#039;une part, faire conna\u00eetre aux nouvelles g\u00e9n\u00e9rations l&#039;un des plus grands \u00e9v\u00e9nements de l&#039;histoire et promouvoir la connaissance de ses protagonistes, ces grands aventuriers et marins fantastiques, d\u00e9sireux de d\u00e9couvrir et de d\u00e9couvrir d&#039;autres mondes comme Ferdinand Magellan et Juan Sebasti\u00e1n Elcano. En deuxi\u00e8me lieu, <strong>le concours vise \u00e0 promouvoir l&#039;h\u00e9ritage du philologue Antonio de Nebrija<\/strong> et les liens qui continuent de nous unir avec les pays hispanophones.<\/p>\n<p style=\"text-align: justify;\">\n<p style=\"text-align: justify;\">La date limite de d\u00e9p\u00f4t des candidatures <strong>se terminera le 15 juin<\/strong> et peut \u00eatre pr\u00e9sent\u00e9 via le site Web \u00e9lectronique du si\u00e8ge de la Mairie de Madrid ou en personne dans l&#039;un des registres officiels l\u00e9galement \u00e9tablis.<\/p>\n<div id=\"ctl00_ctl00_cph1_cph1_ctrlBlogPost_sumario\" style=\"background-color:#2165A0;\" class=\"sumarioCentral\">\n<p style=\"text-align: center;\">Le concours vise \u00e0 faire conna\u00eetre l&#039;h\u00e9ritage du philologue Antonio de Nebrija<\/p>\n<\/p><\/div>\n<div id=\"ctl00_ctl00_cph1_cph1_ctrlBlogPost_body2\">\n<p style=\"text-align: justify;\">\n<p style=\"text-align: justify;\">Trois cat\u00e9gories ont \u00e9t\u00e9 \u00e9tablies dans les deux mati\u00e8res, dessin et histoire : 6 et 8 ans ; 9 et 12 ans, et une derni\u00e8re pour les \u00e9tudiants entre 13 et 17 ans. Les gagnants du concours dans chacune des cat\u00e9gories recevront des prix d&#039;une valeur de 300 euros, <strong>tandis que le prix pour la deuxi\u00e8me place est de 200 euros<\/strong>en plus de leurs dipl\u00f4mes respectifs.<\/p>\n<p style=\"text-align: justify;\">\n<p style=\"text-align: justify;\"><strong>  Le jury sera compos\u00e9 du conseiller du quartier Retiro<\/strong> comme pr\u00e9sident et les membres suivants : un membre d\u00e9sign\u00e9 par chacun des groupes politiques repr\u00e9sent\u00e9s au conseil municipal, et trois personnes d\u00e9sign\u00e9es par le conseiller d&#039;arrondissement sur proposition du minist\u00e8re de l&#039;\u00c9ducation nationale. La d\u00e9cision du concours aura lieu au dernier trimestre 2023 et sera publi\u00e9e sur le site Internet de la Mairie de Madrid.<\/p>\n<p style=\"text-align: justify;\">\n<\/p><\/div>\n<\/p><\/div>","protected":false},"excerpt":{"rendered":"<p>La Mairie de Retiro a convoqu\u00e9 la quatri\u00e8me \u00e9dition du Concours de dessin et de cr\u00e9ation litt\u00e9raire pour enfants et jeunes Benito\u2026 <\/p>","protected":false},"author":1,"featured_media":0,"comment_status":"open","ping_status":"open","sticky":false,"template":"","format":"standard","meta":{"fifu_image_url":"","fifu_image_alt":"","footnotes":""},"categories":[35],"tags":[],"class_list":["post-884","post","type-post","status-publish","format-standard","hentry","category-cultura-e-lazer","latest_post"],"yoast_head":"<!-- This site is optimized with the Yoast SEO plugin v27.3 - https:\/\/yoast.com\/product\/yoast-seo-wordpress\/ -->\n<title>concurso de desenho em madri | Sou de - Tirinha.com<\/title>\n<meta name=\"robots\" content=\"index, follow, max-snippet:-1, max-image-preview:large, max-video-preview:-1\" \/>\n<link rel=\"canonical\" href=\"https:\/\/tirinha.com\/fr\/884\/concours-de-dessin-a-madrid-je-viens-de\/\" \/>\n<meta property=\"og:locale\" content=\"fr_FR\" \/>\n<meta property=\"og:type\" content=\"article\" \/>\n<meta property=\"og:title\" content=\"concurso de desenho em madri | Sou de - Tirinha.com\" \/>\n<meta property=\"og:description\" content=\"A C\u00e2mara Municipal de Retiro convocou a quarta edi\u00e7\u00e3o do Concurso de Desenho e Cria\u00e7\u00e3o Liter\u00e1ria Infantil e Juvenil Benito &hellip;\" \/>\n<meta property=\"og:url\" content=\"https:\/\/tirinha.com\/fr\/884\/concours-de-dessin-a-madrid-je-viens-de\/\" \/>\n<meta property=\"og:site_name\" content=\"Tirinha.com\" \/>\n<meta property=\"article:published_time\" content=\"2023-04-03T13:46:11+00:00\" \/>\n<meta name=\"author\" content=\"admin\" \/>\n<meta name=\"twitter:card\" content=\"summary_large_image\" \/>\n<meta name=\"twitter:label1\" content=\"\u00c9crit par\" \/>\n\t<meta name=\"twitter:data1\" content=\"admin\" \/>\n\t<meta name=\"twitter:label2\" content=\"Dur\u00e9e de lecture estim\u00e9e\" \/>\n\t<meta name=\"twitter:data2\" content=\"2 minutes\" \/>\n<script type=\"application\/ld+json\" class=\"yoast-schema-graph\">{\"@context\":\"https:\\\/\\\/schema.org\",\"@graph\":[{\"@type\":\"Article\",\"@id\":\"https:\\\/\\\/tirinha.com\\\/884\\\/concurso-de-desenho-em-madri-sou-de\\\/#article\",\"isPartOf\":{\"@id\":\"https:\\\/\\\/tirinha.com\\\/884\\\/concurso-de-desenho-em-madri-sou-de\\\/\"},\"author\":{\"name\":\"admin\",\"@id\":\"https:\\\/\\\/tirinha.com\\\/#\\\/schema\\\/person\\\/e22bdfbe17e0461f7e927e6a1208d4d9\"},\"headline\":\"concurso de desenho em madri | Sou de\",\"datePublished\":\"2023-04-03T13:46:11+00:00\",\"mainEntityOfPage\":{\"@id\":\"https:\\\/\\\/tirinha.com\\\/884\\\/concurso-de-desenho-em-madri-sou-de\\\/\"},\"wordCount\":369,\"commentCount\":0,\"publisher\":{\"@id\":\"https:\\\/\\\/tirinha.com\\\/#organization\"},\"articleSection\":[\"Cultura e lazer\"],\"inLanguage\":\"fr-FR\",\"potentialAction\":[{\"@type\":\"CommentAction\",\"name\":\"Comment\",\"target\":[\"https:\\\/\\\/tirinha.com\\\/884\\\/concurso-de-desenho-em-madri-sou-de\\\/#respond\"]}]},{\"@type\":\"WebPage\",\"@id\":\"https:\\\/\\\/tirinha.com\\\/884\\\/concurso-de-desenho-em-madri-sou-de\\\/\",\"url\":\"https:\\\/\\\/tirinha.com\\\/884\\\/concurso-de-desenho-em-madri-sou-de\\\/\",\"name\":\"concurso de desenho em madri | Sou de - Tirinha.com\",\"isPartOf\":{\"@id\":\"https:\\\/\\\/tirinha.com\\\/#website\"},\"datePublished\":\"2023-04-03T13:46:11+00:00\",\"breadcrumb\":{\"@id\":\"https:\\\/\\\/tirinha.com\\\/884\\\/concurso-de-desenho-em-madri-sou-de\\\/#breadcrumb\"},\"inLanguage\":\"fr-FR\",\"potentialAction\":[{\"@type\":\"ReadAction\",\"target\":[\"https:\\\/\\\/tirinha.com\\\/884\\\/concurso-de-desenho-em-madri-sou-de\\\/\"]}]},{\"@type\":\"BreadcrumbList\",\"@id\":\"https:\\\/\\\/tirinha.com\\\/884\\\/concurso-de-desenho-em-madri-sou-de\\\/#breadcrumb\",\"itemListElement\":[{\"@type\":\"ListItem\",\"position\":1,\"name\":\"Home\",\"item\":\"https:\\\/\\\/tirinha.com\\\/\"},{\"@type\":\"ListItem\",\"position\":2,\"name\":\"concurso de desenho em madri | Sou de\"}]},{\"@type\":\"WebSite\",\"@id\":\"https:\\\/\\\/tirinha.com\\\/#website\",\"url\":\"https:\\\/\\\/tirinha.com\\\/\",\"name\":\"Tirinha.com\",\"description\":\"Arte e livros resenhas\",\"publisher\":{\"@id\":\"https:\\\/\\\/tirinha.com\\\/#organization\"},\"potentialAction\":[{\"@type\":\"SearchAction\",\"target\":{\"@type\":\"EntryPoint\",\"urlTemplate\":\"https:\\\/\\\/tirinha.com\\\/?s={search_term_string}\"},\"query-input\":{\"@type\":\"PropertyValueSpecification\",\"valueRequired\":true,\"valueName\":\"search_term_string\"}}],\"inLanguage\":\"fr-FR\"},{\"@type\":\"Organization\",\"@id\":\"https:\\\/\\\/tirinha.com\\\/#organization\",\"name\":\"Tirinha.com\",\"url\":\"https:\\\/\\\/tirinha.com\\\/\",\"logo\":{\"@type\":\"ImageObject\",\"inLanguage\":\"fr-FR\",\"@id\":\"https:\\\/\\\/tirinha.com\\\/#\\\/schema\\\/logo\\\/image\\\/\",\"url\":\"https:\\\/\\\/tirinha.com\\\/wp-content\\\/uploads\\\/2023\\\/08\\\/cropped-Logo-Tirinha.webp\",\"contentUrl\":\"https:\\\/\\\/tirinha.com\\\/wp-content\\\/uploads\\\/2023\\\/08\\\/cropped-Logo-Tirinha.webp\",\"width\":512,\"height\":512,\"caption\":\"Tirinha.com\"},\"image\":{\"@id\":\"https:\\\/\\\/tirinha.com\\\/#\\\/schema\\\/logo\\\/image\\\/\"}},{\"@type\":\"Person\",\"@id\":\"https:\\\/\\\/tirinha.com\\\/#\\\/schema\\\/person\\\/e22bdfbe17e0461f7e927e6a1208d4d9\",\"name\":\"admin\",\"image\":{\"@type\":\"ImageObject\",\"inLanguage\":\"fr-FR\",\"@id\":\"https:\\\/\\\/tirinha.com\\\/wp-content\\\/litespeed\\\/avatar\\\/d0068f7931cc87d7274eb0c3db1deb4b.jpg?ver=1777434315\",\"url\":\"https:\\\/\\\/tirinha.com\\\/wp-content\\\/litespeed\\\/avatar\\\/d0068f7931cc87d7274eb0c3db1deb4b.jpg?ver=1777434315\",\"contentUrl\":\"https:\\\/\\\/tirinha.com\\\/wp-content\\\/litespeed\\\/avatar\\\/d0068f7931cc87d7274eb0c3db1deb4b.jpg?ver=1777434315\",\"caption\":\"admin\"},\"sameAs\":[\"https:\\\/\\\/tirinha.com\"],\"url\":\"https:\\\/\\\/tirinha.com\\\/fr\\\/author\\\/admin\\\/\"}]}<\/script>\n<!-- \/ Yoast SEO plugin. -->","yoast_head_json":{"title":"Concours de dessin \u00e0 Madrid | Je viens de - Tirinha.com","robots":{"index":"index","follow":"follow","max-snippet":"max-snippet:-1","max-image-preview":"max-image-preview:large","max-video-preview":"max-video-preview:-1"},"canonical":"https:\/\/tirinha.com\/fr\/884\/concours-de-dessin-a-madrid-je-viens-de\/","og_locale":"fr_FR","og_type":"article","og_title":"concurso de desenho em madri | Sou de - Tirinha.com","og_description":"A C\u00e2mara Municipal de Retiro convocou a quarta edi\u00e7\u00e3o do Concurso de Desenho e Cria\u00e7\u00e3o Liter\u00e1ria Infantil e Juvenil Benito &hellip;","og_url":"https:\/\/tirinha.com\/fr\/884\/concours-de-dessin-a-madrid-je-viens-de\/","og_site_name":"Tirinha.com","article_published_time":"2023-04-03T13:46:11+00:00","author":"admin","twitter_card":"summary_large_image","twitter_misc":{"\u00c9crit par":"admin","Dur\u00e9e de lecture estim\u00e9e":"2 minutes"},"schema":{"@context":"https:\/\/schema.org","@graph":[{"@type":"Article","@id":"https:\/\/tirinha.com\/884\/concurso-de-desenho-em-madri-sou-de\/#article","isPartOf":{"@id":"https:\/\/tirinha.com\/884\/concurso-de-desenho-em-madri-sou-de\/"},"author":{"name":"admin","@id":"https:\/\/tirinha.com\/#\/schema\/person\/e22bdfbe17e0461f7e927e6a1208d4d9"},"headline":"concurso de desenho em madri | Sou de","datePublished":"2023-04-03T13:46:11+00:00","mainEntityOfPage":{"@id":"https:\/\/tirinha.com\/884\/concurso-de-desenho-em-madri-sou-de\/"},"wordCount":369,"commentCount":0,"publisher":{"@id":"https:\/\/tirinha.com\/#organization"},"articleSection":["Cultura e lazer"],"inLanguage":"fr-FR","potentialAction":[{"@type":"CommentAction","name":"Comment","target":["https:\/\/tirinha.com\/884\/concurso-de-desenho-em-madri-sou-de\/#respond"]}]},{"@type":"WebPage","@id":"https:\/\/tirinha.com\/884\/concurso-de-desenho-em-madri-sou-de\/","url":"https:\/\/tirinha.com\/884\/concurso-de-desenho-em-madri-sou-de\/","name":"Concours de dessin \u00e0 Madrid | Je viens de - Tirinha.com","isPartOf":{"@id":"https:\/\/tirinha.com\/#website"},"datePublished":"2023-04-03T13:46:11+00:00","breadcrumb":{"@id":"https:\/\/tirinha.com\/884\/concurso-de-desenho-em-madri-sou-de\/#breadcrumb"},"inLanguage":"fr-FR","potentialAction":[{"@type":"ReadAction","target":["https:\/\/tirinha.com\/884\/concurso-de-desenho-em-madri-sou-de\/"]}]},{"@type":"BreadcrumbList","@id":"https:\/\/tirinha.com\/884\/concurso-de-desenho-em-madri-sou-de\/#breadcrumb","itemListElement":[{"@type":"ListItem","position":1,"name":"Home","item":"https:\/\/tirinha.com\/"},{"@type":"ListItem","position":2,"name":"concurso de desenho em madri | Sou de"}]},{"@type":"WebSite","@id":"https:\/\/tirinha.com\/#website","url":"https:\/\/tirinha.com\/","name":"Tirinha.com","description":"Critiques d&#039;art et de livres","publisher":{"@id":"https:\/\/tirinha.com\/#organization"},"potentialAction":[{"@type":"SearchAction","target":{"@type":"EntryPoint","urlTemplate":"https:\/\/tirinha.com\/?s={search_term_string}"},"query-input":{"@type":"PropertyValueSpecification","valueRequired":true,"valueName":"search_term_string"}}],"inLanguage":"fr-FR"},{"@type":"Organization","@id":"https:\/\/tirinha.com\/#organization","name":"Tirinha.com","url":"https:\/\/tirinha.com\/","logo":{"@type":"ImageObject","inLanguage":"fr-FR","@id":"https:\/\/tirinha.com\/#\/schema\/logo\/image\/","url":"https:\/\/tirinha.com\/wp-content\/uploads\/2023\/08\/cropped-Logo-Tirinha.webp","contentUrl":"https:\/\/tirinha.com\/wp-content\/uploads\/2023\/08\/cropped-Logo-Tirinha.webp","width":512,"height":512,"caption":"Tirinha.com"},"image":{"@id":"https:\/\/tirinha.com\/#\/schema\/logo\/image\/"}},{"@type":"Person","@id":"https:\/\/tirinha.com\/#\/schema\/person\/e22bdfbe17e0461f7e927e6a1208d4d9","name":"administrateur","image":{"@type":"ImageObject","inLanguage":"fr-FR","@id":"https:\/\/tirinha.com\/wp-content\/litespeed\/avatar\/d0068f7931cc87d7274eb0c3db1deb4b.jpg?ver=1777434315","url":"https:\/\/tirinha.com\/wp-content\/litespeed\/avatar\/d0068f7931cc87d7274eb0c3db1deb4b.jpg?ver=1777434315","contentUrl":"https:\/\/tirinha.com\/wp-content\/litespeed\/avatar\/d0068f7931cc87d7274eb0c3db1deb4b.jpg?ver=1777434315","caption":"admin"},"sameAs":["https:\/\/tirinha.com"],"url":"https:\/\/tirinha.com\/fr\/author\/admin\/"}]}},"_links":{"self":[{"href":"https:\/\/tirinha.com\/fr\/wp-json\/wp\/v2\/posts\/884","targetHints":{"allow":["GET"]}}],"collection":[{"href":"https:\/\/tirinha.com\/fr\/wp-json\/wp\/v2\/posts"}],"about":[{"href":"https:\/\/tirinha.com\/fr\/wp-json\/wp\/v2\/types\/post"}],"author":[{"embeddable":true,"href":"https:\/\/tirinha.com\/fr\/wp-json\/wp\/v2\/users\/1"}],"replies":[{"embeddable":true,"href":"https:\/\/tirinha.com\/fr\/wp-json\/wp\/v2\/comments?post=884"}],"version-history":[{"count":0,"href":"https:\/\/tirinha.com\/fr\/wp-json\/wp\/v2\/posts\/884\/revisions"}],"wp:attachment":[{"href":"https:\/\/tirinha.com\/fr\/wp-json\/wp\/v2\/media?parent=884"}],"wp:term":[{"taxonomy":"category","embeddable":true,"href":"https:\/\/tirinha.com\/fr\/wp-json\/wp\/v2\/categories?post=884"},{"taxonomy":"post_tag","embeddable":true,"href":"https:\/\/tirinha.com\/fr\/wp-json\/wp\/v2\/tags?post=884"}],"curies":[{"name":"wp","href":"https:\/\/api.w.org\/{rel}","templated":true}]}}