{"id":883,"date":"2023-04-03T13:45:13","date_gmt":"2023-04-03T13:45:13","guid":{"rendered":"https:\/\/tirinha.com\/museu-reina-sofia-recebe-pauline-boundry-e-renate-lorenz\/"},"modified":"2023-04-03T13:45:13","modified_gmt":"2023-04-03T13:45:13","slug":"le-musee-reina-sofia-accueille-pauline-boundry-et-renate-lorenz","status":"publish","type":"post","link":"https:\/\/tirinha.com\/fr\/883\/museu-reina-sofia-recebe-pauline-boundry-e-renate-lorenz\/","title":{"rendered":"Le Mus\u00e9e Reina Sof\u00eda accueille Pauline Boundry et Renate Lorenz"},"content":{"rendered":"<p><\/p>\n<p>&#13;<\/p>\n<h2 itemprop=\"alternativeHeadline\">Au Pal\u00e1cio de Cristal, du 7 octobre au 9 avril, vous pourrez voir les \u0153uvres de ces deux auteurs<\/h2>\n<p>&#13;\n                <\/p>\n<div itemprop=\"articleBody\">\n<p>Le Mus\u00e9e Reina Sof\u00eda organise du 7 octobre au 9 avril un projet d&#039;exposition des artistes Pauline Boudry et Renate Lorenz au Pal\u00e1cio de Cristal qui explore le pass\u00e9, la transparence, les caract\u00e9ristiques du b\u00e2timent et la violence contemporaine.<\/p>\n<\/p>\n<p>Pauline Boudry (Lausanne, Suisse, 1972) et Renate Lorenz (Berlin, Allemagne, 1963) sont deux autrices qui travaillent ensemble depuis 2006. Elles se distinguent par la r\u00e9alisation d&#039;installations cin\u00e9matographiques qui passent en revue des mat\u00e9riaux r\u00e9cents et pass\u00e9s pour analyser de mani\u00e8re critique l&#039;histoire, l&#039;image et photographie de mouvement. De plus, ces derni\u00e8res ann\u00e9es, ils ont concentr\u00e9 leur attention sur des questions tr\u00e8s en vogue aujourd\u2019hui, comme le patrimoine culturel, les discours sur le genre et la th\u00e9orie queer.<\/p>\n<div id=\"ctl00_ctl00_cph1_cph1_ctrlBlogPost_sumario\" style=\"background-color:#c11d4d;\" class=\"sumarioCentral\">\n<p>Ses \u0153uvres questionnent la normativit\u00e9 des r\u00e9cits traditionnels, ainsi que les conventions associ\u00e9es au spectateur.<\/p>\n<\/p><\/div>\n<div id=\"ctl00_ctl00_cph1_cph1_ctrlBlogPost_body2\">\n<p>Ses \u0153uvres remettent en question la normativit\u00e9 des r\u00e9cits traditionnels, ainsi que les conventions associ\u00e9es au spectateur, g\u00e9n\u00e9rant de nouveaux sc\u00e9narios pour les r\u00e9inventer plus tard. Pour ce faire, ils utilisent tous types de styles artistiques, du cin\u00e9ma, de la danse ou de l&#039;installation \u00e0 la sculpture ou \u00e0 la performance.<\/p>\n<\/p>\n<p>Ses \u0153uvres ont \u00e9t\u00e9 vues dans des galeries d&#039;art telles que la Kunsthalle de Zurich (Suisse), la Kunsthalle de Vienne (Autriche), le Van Abbemuseum d&#039;Eindhoven (Pays-Bas) ou encore le Contemporary Arts Museum de Houston (\u00c9tats-Unis). Elles ont \u00e9galement repr\u00e9sent\u00e9 la Suisse \u00e0 la 58e \u00e9dition de la Biennale de Venise en 2019 avec l&#039;installation Moving Backwards, actuellement visible au Mus\u00e9e CA2M dans le cadre de l&#039;exposition Portrait d&#039;un mouvement consacr\u00e9e aux femmes artistes.<\/p>\n<\/p><\/div>\n<\/p><\/div>","protected":false},"excerpt":{"rendered":"<p>Au Pal\u00e1cio de Cristal, du 7 octobre au 9 avril, vous pourrez voir les \u0153uvres de ces deux\u2026 <\/p>","protected":false},"author":1,"featured_media":0,"comment_status":"open","ping_status":"open","sticky":false,"template":"","format":"standard","meta":{"fifu_image_url":"","fifu_image_alt":"","footnotes":""},"categories":[35],"tags":[],"class_list":["post-883","post","type-post","status-publish","format-standard","hentry","category-cultura-e-lazer","latest_post"],"yoast_head":"<!-- This site is optimized with the Yoast SEO plugin v27.3 - https:\/\/yoast.com\/product\/yoast-seo-wordpress\/ -->\n<title>Museu Reina Sof\u00eda recebe Pauline Boundry e Renate Lorenz - Tirinha.com<\/title>\n<meta name=\"robots\" content=\"index, follow, max-snippet:-1, max-image-preview:large, max-video-preview:-1\" \/>\n<link rel=\"canonical\" href=\"https:\/\/tirinha.com\/fr\/883\/le-musee-reina-sofia-accueille-pauline-boundry-et-renate-lorenz\/\" \/>\n<meta property=\"og:locale\" content=\"fr_FR\" \/>\n<meta property=\"og:type\" content=\"article\" \/>\n<meta property=\"og:title\" content=\"Museu Reina Sof\u00eda recebe Pauline Boundry e Renate Lorenz - Tirinha.com\" \/>\n<meta property=\"og:description\" content=\"&#013; No Pal\u00e1cio de Cristal, de 7 de outubro a 9 de abril, voc\u00ea pode ver as obras desses dois &hellip;\" \/>\n<meta property=\"og:url\" content=\"https:\/\/tirinha.com\/fr\/883\/le-musee-reina-sofia-accueille-pauline-boundry-et-renate-lorenz\/\" \/>\n<meta property=\"og:site_name\" content=\"Tirinha.com\" \/>\n<meta property=\"article:published_time\" content=\"2023-04-03T13:45:13+00:00\" \/>\n<meta name=\"author\" content=\"admin\" \/>\n<meta name=\"twitter:card\" content=\"summary_large_image\" \/>\n<meta name=\"twitter:label1\" content=\"\u00c9crit par\" \/>\n\t<meta name=\"twitter:data1\" content=\"admin\" \/>\n\t<meta name=\"twitter:label2\" content=\"Dur\u00e9e de lecture estim\u00e9e\" \/>\n\t<meta name=\"twitter:data2\" content=\"1 minute\" \/>\n<script type=\"application\/ld+json\" class=\"yoast-schema-graph\">{\"@context\":\"https:\\\/\\\/schema.org\",\"@graph\":[{\"@type\":\"Article\",\"@id\":\"https:\\\/\\\/tirinha.com\\\/883\\\/museu-reina-sofia-recebe-pauline-boundry-e-renate-lorenz\\\/#article\",\"isPartOf\":{\"@id\":\"https:\\\/\\\/tirinha.com\\\/883\\\/museu-reina-sofia-recebe-pauline-boundry-e-renate-lorenz\\\/\"},\"author\":{\"name\":\"admin\",\"@id\":\"https:\\\/\\\/tirinha.com\\\/#\\\/schema\\\/person\\\/e22bdfbe17e0461f7e927e6a1208d4d9\"},\"headline\":\"Museu Reina Sof\u00eda recebe Pauline Boundry e Renate Lorenz\",\"datePublished\":\"2023-04-03T13:45:13+00:00\",\"mainEntityOfPage\":{\"@id\":\"https:\\\/\\\/tirinha.com\\\/883\\\/museu-reina-sofia-recebe-pauline-boundry-e-renate-lorenz\\\/\"},\"wordCount\":298,\"commentCount\":0,\"publisher\":{\"@id\":\"https:\\\/\\\/tirinha.com\\\/#organization\"},\"articleSection\":[\"Cultura e lazer\"],\"inLanguage\":\"fr-FR\",\"potentialAction\":[{\"@type\":\"CommentAction\",\"name\":\"Comment\",\"target\":[\"https:\\\/\\\/tirinha.com\\\/883\\\/museu-reina-sofia-recebe-pauline-boundry-e-renate-lorenz\\\/#respond\"]}]},{\"@type\":\"WebPage\",\"@id\":\"https:\\\/\\\/tirinha.com\\\/883\\\/museu-reina-sofia-recebe-pauline-boundry-e-renate-lorenz\\\/\",\"url\":\"https:\\\/\\\/tirinha.com\\\/883\\\/museu-reina-sofia-recebe-pauline-boundry-e-renate-lorenz\\\/\",\"name\":\"Museu Reina Sof\u00eda recebe Pauline Boundry e Renate Lorenz - Tirinha.com\",\"isPartOf\":{\"@id\":\"https:\\\/\\\/tirinha.com\\\/#website\"},\"datePublished\":\"2023-04-03T13:45:13+00:00\",\"breadcrumb\":{\"@id\":\"https:\\\/\\\/tirinha.com\\\/883\\\/museu-reina-sofia-recebe-pauline-boundry-e-renate-lorenz\\\/#breadcrumb\"},\"inLanguage\":\"fr-FR\",\"potentialAction\":[{\"@type\":\"ReadAction\",\"target\":[\"https:\\\/\\\/tirinha.com\\\/883\\\/museu-reina-sofia-recebe-pauline-boundry-e-renate-lorenz\\\/\"]}]},{\"@type\":\"BreadcrumbList\",\"@id\":\"https:\\\/\\\/tirinha.com\\\/883\\\/museu-reina-sofia-recebe-pauline-boundry-e-renate-lorenz\\\/#breadcrumb\",\"itemListElement\":[{\"@type\":\"ListItem\",\"position\":1,\"name\":\"Home\",\"item\":\"https:\\\/\\\/tirinha.com\\\/\"},{\"@type\":\"ListItem\",\"position\":2,\"name\":\"Museu Reina Sof\u00eda recebe Pauline Boundry e Renate Lorenz\"}]},{\"@type\":\"WebSite\",\"@id\":\"https:\\\/\\\/tirinha.com\\\/#website\",\"url\":\"https:\\\/\\\/tirinha.com\\\/\",\"name\":\"Tirinha.com\",\"description\":\"Arte e livros resenhas\",\"publisher\":{\"@id\":\"https:\\\/\\\/tirinha.com\\\/#organization\"},\"potentialAction\":[{\"@type\":\"SearchAction\",\"target\":{\"@type\":\"EntryPoint\",\"urlTemplate\":\"https:\\\/\\\/tirinha.com\\\/?s={search_term_string}\"},\"query-input\":{\"@type\":\"PropertyValueSpecification\",\"valueRequired\":true,\"valueName\":\"search_term_string\"}}],\"inLanguage\":\"fr-FR\"},{\"@type\":\"Organization\",\"@id\":\"https:\\\/\\\/tirinha.com\\\/#organization\",\"name\":\"Tirinha.com\",\"url\":\"https:\\\/\\\/tirinha.com\\\/\",\"logo\":{\"@type\":\"ImageObject\",\"inLanguage\":\"fr-FR\",\"@id\":\"https:\\\/\\\/tirinha.com\\\/#\\\/schema\\\/logo\\\/image\\\/\",\"url\":\"https:\\\/\\\/tirinha.com\\\/wp-content\\\/uploads\\\/2023\\\/08\\\/cropped-Logo-Tirinha.webp\",\"contentUrl\":\"https:\\\/\\\/tirinha.com\\\/wp-content\\\/uploads\\\/2023\\\/08\\\/cropped-Logo-Tirinha.webp\",\"width\":512,\"height\":512,\"caption\":\"Tirinha.com\"},\"image\":{\"@id\":\"https:\\\/\\\/tirinha.com\\\/#\\\/schema\\\/logo\\\/image\\\/\"}},{\"@type\":\"Person\",\"@id\":\"https:\\\/\\\/tirinha.com\\\/#\\\/schema\\\/person\\\/e22bdfbe17e0461f7e927e6a1208d4d9\",\"name\":\"admin\",\"image\":{\"@type\":\"ImageObject\",\"inLanguage\":\"fr-FR\",\"@id\":\"https:\\\/\\\/tirinha.com\\\/wp-content\\\/litespeed\\\/avatar\\\/d0068f7931cc87d7274eb0c3db1deb4b.jpg?ver=1776829466\",\"url\":\"https:\\\/\\\/tirinha.com\\\/wp-content\\\/litespeed\\\/avatar\\\/d0068f7931cc87d7274eb0c3db1deb4b.jpg?ver=1776829466\",\"contentUrl\":\"https:\\\/\\\/tirinha.com\\\/wp-content\\\/litespeed\\\/avatar\\\/d0068f7931cc87d7274eb0c3db1deb4b.jpg?ver=1776829466\",\"caption\":\"admin\"},\"sameAs\":[\"https:\\\/\\\/tirinha.com\"],\"url\":\"https:\\\/\\\/tirinha.com\\\/fr\\\/author\\\/admin\\\/\"}]}<\/script>\n<!-- \/ Yoast SEO plugin. -->","yoast_head_json":{"title":"Le Mus\u00e9e Reina Sof\u00eda accueille Pauline Boundry et Renate Lorenz - Tirinha.com","robots":{"index":"index","follow":"follow","max-snippet":"max-snippet:-1","max-image-preview":"max-image-preview:large","max-video-preview":"max-video-preview:-1"},"canonical":"https:\/\/tirinha.com\/fr\/883\/le-musee-reina-sofia-accueille-pauline-boundry-et-renate-lorenz\/","og_locale":"fr_FR","og_type":"article","og_title":"Museu Reina Sof\u00eda recebe Pauline Boundry e Renate Lorenz - Tirinha.com","og_description":"&#13; No Pal\u00e1cio de Cristal, de 7 de outubro a 9 de abril, voc\u00ea pode ver as obras desses dois &hellip;","og_url":"https:\/\/tirinha.com\/fr\/883\/le-musee-reina-sofia-accueille-pauline-boundry-et-renate-lorenz\/","og_site_name":"Tirinha.com","article_published_time":"2023-04-03T13:45:13+00:00","author":"admin","twitter_card":"summary_large_image","twitter_misc":{"\u00c9crit par":"admin","Dur\u00e9e de lecture estim\u00e9e":"1 minute"},"schema":{"@context":"https:\/\/schema.org","@graph":[{"@type":"Article","@id":"https:\/\/tirinha.com\/883\/museu-reina-sofia-recebe-pauline-boundry-e-renate-lorenz\/#article","isPartOf":{"@id":"https:\/\/tirinha.com\/883\/museu-reina-sofia-recebe-pauline-boundry-e-renate-lorenz\/"},"author":{"name":"admin","@id":"https:\/\/tirinha.com\/#\/schema\/person\/e22bdfbe17e0461f7e927e6a1208d4d9"},"headline":"Museu Reina Sof\u00eda recebe Pauline Boundry e Renate Lorenz","datePublished":"2023-04-03T13:45:13+00:00","mainEntityOfPage":{"@id":"https:\/\/tirinha.com\/883\/museu-reina-sofia-recebe-pauline-boundry-e-renate-lorenz\/"},"wordCount":298,"commentCount":0,"publisher":{"@id":"https:\/\/tirinha.com\/#organization"},"articleSection":["Cultura e lazer"],"inLanguage":"fr-FR","potentialAction":[{"@type":"CommentAction","name":"Comment","target":["https:\/\/tirinha.com\/883\/museu-reina-sofia-recebe-pauline-boundry-e-renate-lorenz\/#respond"]}]},{"@type":"WebPage","@id":"https:\/\/tirinha.com\/883\/museu-reina-sofia-recebe-pauline-boundry-e-renate-lorenz\/","url":"https:\/\/tirinha.com\/883\/museu-reina-sofia-recebe-pauline-boundry-e-renate-lorenz\/","name":"Le Mus\u00e9e Reina Sof\u00eda accueille Pauline Boundry et Renate Lorenz - Tirinha.com","isPartOf":{"@id":"https:\/\/tirinha.com\/#website"},"datePublished":"2023-04-03T13:45:13+00:00","breadcrumb":{"@id":"https:\/\/tirinha.com\/883\/museu-reina-sofia-recebe-pauline-boundry-e-renate-lorenz\/#breadcrumb"},"inLanguage":"fr-FR","potentialAction":[{"@type":"ReadAction","target":["https:\/\/tirinha.com\/883\/museu-reina-sofia-recebe-pauline-boundry-e-renate-lorenz\/"]}]},{"@type":"BreadcrumbList","@id":"https:\/\/tirinha.com\/883\/museu-reina-sofia-recebe-pauline-boundry-e-renate-lorenz\/#breadcrumb","itemListElement":[{"@type":"ListItem","position":1,"name":"Home","item":"https:\/\/tirinha.com\/"},{"@type":"ListItem","position":2,"name":"Museu Reina Sof\u00eda recebe Pauline Boundry e Renate Lorenz"}]},{"@type":"WebSite","@id":"https:\/\/tirinha.com\/#website","url":"https:\/\/tirinha.com\/","name":"Tirinha.com","description":"Critiques d&#039;art et de livres","publisher":{"@id":"https:\/\/tirinha.com\/#organization"},"potentialAction":[{"@type":"SearchAction","target":{"@type":"EntryPoint","urlTemplate":"https:\/\/tirinha.com\/?s={search_term_string}"},"query-input":{"@type":"PropertyValueSpecification","valueRequired":true,"valueName":"search_term_string"}}],"inLanguage":"fr-FR"},{"@type":"Organization","@id":"https:\/\/tirinha.com\/#organization","name":"Tirinha.com","url":"https:\/\/tirinha.com\/","logo":{"@type":"ImageObject","inLanguage":"fr-FR","@id":"https:\/\/tirinha.com\/#\/schema\/logo\/image\/","url":"https:\/\/tirinha.com\/wp-content\/uploads\/2023\/08\/cropped-Logo-Tirinha.webp","contentUrl":"https:\/\/tirinha.com\/wp-content\/uploads\/2023\/08\/cropped-Logo-Tirinha.webp","width":512,"height":512,"caption":"Tirinha.com"},"image":{"@id":"https:\/\/tirinha.com\/#\/schema\/logo\/image\/"}},{"@type":"Person","@id":"https:\/\/tirinha.com\/#\/schema\/person\/e22bdfbe17e0461f7e927e6a1208d4d9","name":"administrateur","image":{"@type":"ImageObject","inLanguage":"fr-FR","@id":"https:\/\/tirinha.com\/wp-content\/litespeed\/avatar\/d0068f7931cc87d7274eb0c3db1deb4b.jpg?ver=1776829466","url":"https:\/\/tirinha.com\/wp-content\/litespeed\/avatar\/d0068f7931cc87d7274eb0c3db1deb4b.jpg?ver=1776829466","contentUrl":"https:\/\/tirinha.com\/wp-content\/litespeed\/avatar\/d0068f7931cc87d7274eb0c3db1deb4b.jpg?ver=1776829466","caption":"admin"},"sameAs":["https:\/\/tirinha.com"],"url":"https:\/\/tirinha.com\/fr\/author\/admin\/"}]}},"_links":{"self":[{"href":"https:\/\/tirinha.com\/fr\/wp-json\/wp\/v2\/posts\/883","targetHints":{"allow":["GET"]}}],"collection":[{"href":"https:\/\/tirinha.com\/fr\/wp-json\/wp\/v2\/posts"}],"about":[{"href":"https:\/\/tirinha.com\/fr\/wp-json\/wp\/v2\/types\/post"}],"author":[{"embeddable":true,"href":"https:\/\/tirinha.com\/fr\/wp-json\/wp\/v2\/users\/1"}],"replies":[{"embeddable":true,"href":"https:\/\/tirinha.com\/fr\/wp-json\/wp\/v2\/comments?post=883"}],"version-history":[{"count":0,"href":"https:\/\/tirinha.com\/fr\/wp-json\/wp\/v2\/posts\/883\/revisions"}],"wp:attachment":[{"href":"https:\/\/tirinha.com\/fr\/wp-json\/wp\/v2\/media?parent=883"}],"wp:term":[{"taxonomy":"category","embeddable":true,"href":"https:\/\/tirinha.com\/fr\/wp-json\/wp\/v2\/categories?post=883"},{"taxonomy":"post_tag","embeddable":true,"href":"https:\/\/tirinha.com\/fr\/wp-json\/wp\/v2\/tags?post=883"}],"curies":[{"name":"wp","href":"https:\/\/api.w.org\/{rel}","templated":true}]}}