{"id":1817,"date":"2025-03-06T23:59:14","date_gmt":"2025-03-06T23:59:14","guid":{"rendered":"https:\/\/tirinha.com\/?p=1817"},"modified":"2025-04-16T11:30:22","modified_gmt":"2025-04-16T11:30:22","slug":"changez-la-couleur-dinstagram","status":"publish","type":"post","link":"https:\/\/tirinha.com\/fr\/1817\/mudar-a-cor-do-instagram\/","title":{"rendered":"Changer la couleur d&#039;Instagram"},"content":{"rendered":"<p>Vous cherchez \u00e0 personnaliser votre Instagram\u00a0? <strong>Changer la couleur d&#039;Instagram<\/strong>Am\u00e9liorez votre exp\u00e9rience d\u00e8s maintenant, suivez \u00e9tape par \u00e9tape.<\/p>\n\n\n\n<h2 class=\"wp-block-heading\"><strong>Introduction<\/strong><\/h2>\n\n\n\n<p>Par cons\u00e9quent, le <strong>Instagram<\/strong> est l&#039;un des r\u00e9seaux sociaux les plus populaires au monde, connu pour son design moderne et minimaliste. <\/p>\n\n\n\n<p>Cependant, le manque d&#039;options pour personnaliser leur apparence incite de nombreux utilisateurs \u00e0 chercher des moyens de <strong>changer la couleur d&#039;Instagram<\/strong> et adaptez l&#039;application \u00e0 vos go\u00fbts personnels.<\/p>\n\n\n\n<p>Initialement, Instagram ne propose pas de param\u00e8tres natifs permettant de modifier la couleur de l\u2019interface. <\/p>\n\n\n\n<p>Cependant, il existe plusieurs solutions qui vous permettent de personnaliser la plateforme, \u00e0 la fois en <strong>t\u00e9l\u00e9phone portable<\/strong> combien dans <strong>ordinateur<\/strong>. <\/p>\n\n\n\n<p>Enfin, avec l\u2019utilisation de <strong>extensions de navigateur, applications alternatives et th\u00e8mes personnalis\u00e9s<\/strong>, vous pouvez modifier l&#039;apparence d&#039;Instagram et le rendre plus agr\u00e9able \u00e0 vos yeux.<\/p>\n\n\n\n<h3 class=\"wp-block-heading\"><strong>Pourquoi changer la couleur d&#039;Instagram ?<\/strong><\/h3>\n\n\n\n<p>Changer la couleur d\u2019Instagram n\u2019est pas seulement une question d\u2019esth\u00e9tique. <\/p>\n\n\n\n<p>Cependant, plusieurs raisons font de ce changement une option int\u00e9ressante :<\/p>\n\n\n\n<ul class=\"wp-block-list\">\n<li><strong>Confort visuel<\/strong>:Certaines couleurs sont plus relaxantes pour vos yeux, surtout si vous utilisez l&#039;application pendant de longues p\u00e9riodes.<\/li>\n\n\n\n<li><strong>Diff\u00e9renciation et style<\/strong>:La personnalisation de l&#039;interface rend votre exp\u00e9rience unique et diff\u00e9rente.<\/li>\n\n\n\n<li><strong>Mode sombre am\u00e9lior\u00e9<\/strong>:Certaines options de personnalisation offrent de meilleurs modes sombres que celui officiel d&#039;Instagram.<\/li>\n<\/ul>\n\n\n\n<p>Alors si vous voulez savoir comment <strong>changer la couleur d&#039;Instagram sur mobile et PC<\/strong>, suivez ce guide complet, qui vous apprendra <strong>pas \u00e0 pas<\/strong> toutes les mani\u00e8res disponibles pour personnaliser l&#039;apparence du r\u00e9seau social.<\/p>\n\n\n\n<h2 class=\"wp-block-heading\"><strong>Comment changer la couleur d&#039;Instagram sur mobile<\/strong><\/h2>\n\n\n\n<p>Actuellement, il n\u2019existe aucune fonctionnalit\u00e9 officielle sur Instagram pour personnaliser votre couleur. <\/p>\n\n\n\n<p>Cependant, des applications alternatives offrent cette fonctionnalit\u00e9 de mani\u00e8re pratique et s\u00fbre.<\/p>\n\n\n\n<h3 class=\"wp-block-heading\"><strong>1. Utilisation d&#039;un navigateur social convivial<\/strong><\/h3>\n\n\n\n<p>Par cons\u00e9quent, le <strong>Navigateur social convivial<\/strong> est une application qui vous permet d&#039;acc\u00e9der \u00e0 Instagram avec diverses options de personnalisation, notamment des changements de couleur et de th\u00e8me.<\/p>\n\n\n\n<h4 class=\"wp-block-heading\"><strong>Guide \u00e9tape par \u00e9tape pour utiliser Friendly Social Browser\u00a0:<\/strong><\/h4>\n\n\n\n<ol class=\"wp-block-list\">\n<li><strong>T\u00e9l\u00e9charger Friendly Social Browser<\/strong>:\n<ul class=\"wp-block-list\">\n<li><a href=\"https:\/\/play.google.com\/store\/apps\/details?id=io.friendly\">T\u00e9l\u00e9charger pour Android<\/a><\/li>\n\n\n\n<li><a href=\"https:\/\/apps.apple.com\/us\/app\/friendly-social-browser\/id400169658\">T\u00e9l\u00e9charger pour iOS<\/a><\/li>\n<\/ul>\n<\/li>\n\n\n\n<li><strong>Installez et ouvrez l&#039;application.<\/strong><\/li>\n\n\n\n<li><strong>Connectez-vous \u00e0 votre compte Instagram.<\/strong><\/li>\n\n\n\n<li><strong>Acc\u00e9der aux param\u00e8tres de l&#039;application<\/strong> et allez dans l\u2019option \u00ab Th\u00e8mes \u00bb.<\/li>\n\n\n\n<li><strong>Choisissez la couleur d\u00e9sir\u00e9e<\/strong> et postuler.<\/li>\n<\/ol>\n\n\n\n<h3 class=\"wp-block-heading\"><strong>2. Utilisation de Barinsta<\/strong><\/h3>\n\n\n\n<p>Par cons\u00e9quent, le <strong>Barista<\/strong> est un client Instagram alternatif qui vous permet de personnaliser enti\u00e8rement l&#039;interface, y compris en changeant les couleurs.<\/p>\n\n\n\n<h4 class=\"wp-block-heading\"><strong>Guide \u00e9tape par \u00e9tape pour utiliser Barinsta\u00a0:<\/strong><\/h4>\n\n\n\n<ol class=\"wp-block-list\">\n<li><strong>T\u00e9l\u00e9charger Barinsta<\/strong> pour Android sur F-Droid.<\/li>\n\n\n\n<li><strong>Installer l&#039;application<\/strong> et connectez-vous \u00e0 votre compte Instagram.<\/li>\n\n\n\n<li><strong>Acc\u00e9der aux param\u00e8tres et personnaliser les couleurs<\/strong> comme vous le souhaitez.<\/li>\n<\/ol>\n\n\n\n<h3 class=\"wp-block-heading\"><strong>3. Utilisation d&#039;Instagram GB<\/strong><\/h3>\n\n\n\n<p>Par cons\u00e9quent, le <strong>Instagram de GB<\/strong> est une version modifi\u00e9e d&#039;Instagram qui offre des fonctionnalit\u00e9s suppl\u00e9mentaires telles que <strong>changements de couleur, th\u00e8mes personnalis\u00e9s et nouvelles polices<\/strong>.<\/p>\n\n\n\n<h4 class=\"wp-block-heading\"><strong>\u00c9tape par \u00e9tape pour utiliser GB Instagram\u00a0:<\/strong><\/h4>\n\n\n\n<ol class=\"wp-block-list\">\n<li><strong>T\u00e9l\u00e9charger GB Instagram<\/strong> sur un site Web de confiance tel que <a href=\"https:\/\/techbigs.com\/gb-instagram.html\">Les grands de la technologie<\/a>.<\/li>\n\n\n\n<li><strong>Installez l&#039;application sur votre t\u00e9l\u00e9phone<\/strong>.<\/li>\n\n\n\n<li><strong>Ouvrez l&#039;application et connectez-vous \u00e0 votre compte Instagram.<\/strong><\/li>\n\n\n\n<li><strong>Acc\u00e9dez aux param\u00e8tres et choisissez la couleur souhait\u00e9e.<\/strong><\/li>\n<\/ol>\n\n\n\n<h2 class=\"wp-block-heading\"><strong>Comment changer la couleur d&#039;Instagram sur ordinateur<\/strong><\/h2>\n\n\n\n<p>Donc, si vous utilisez Instagram via votre navigateur sur <strong>PC ou ordinateur portable<\/strong>, peut changer ses couleurs gr\u00e2ce \u00e0 <strong>Extensions pour Chrome et Firefox<\/strong>. <\/p>\n\n\n\n<p>Cependant, ces extensions appliquent un nouveau look au site Web sans modifier ses fonctionnalit\u00e9s.<\/p>\n\n\n\n<h3 class=\"wp-block-heading\"><strong>1. Utilisation de l&#039;extension Stylish<\/strong><\/h3>\n\n\n\n<p>Par cons\u00e9quent, le <strong>\u00c9l\u00e9gant<\/strong> est l&#039;une des extensions les plus populaires pour la personnalisation de sites Web, vous permettant de modifier l&#039;apparence d&#039;Instagram dans le navigateur.<\/p>\n\n\n\n<h4 class=\"wp-block-heading\"><strong>Guide \u00e9tape par \u00e9tape pour utiliser Stylish\u00a0:<\/strong><\/h4>\n\n\n\n<ol class=\"wp-block-list\">\n<li><strong>T\u00e9l\u00e9chargez et installez Stylish<\/strong> dans votre navigateur :\n<ul class=\"wp-block-list\">\n<li>Chrome Web Store<\/li>\n\n\n\n<li>Modules compl\u00e9mentaires pour Firefox<\/li>\n<\/ul>\n<\/li>\n\n\n\n<li><strong>Apr\u00e8s l&#039;installation, acc\u00e9dez \u00e0 Instagram via votre navigateur.<\/strong><\/li>\n\n\n\n<li><strong>Cliquez sur l&#039;ic\u00f4ne \u00c9l\u00e9gant<\/strong> et s\u00e9lectionnez un th\u00e8me ou personnalisez les couleurs manuellement.<\/li>\n\n\n\n<li><strong>Enregistrer les param\u00e8tres<\/strong> et voyez le changement imm\u00e9diatement.<\/li>\n<\/ol>\n\n\n\n<h3 class=\"wp-block-heading\"><strong>2. Utilisation de l&#039;extension Super Dark Mode<\/strong><\/h3>\n\n\n\n<p>Par cons\u00e9quent, le <strong>Mode super sombre<\/strong> vous permet d&#039;activer un <strong>mode sombre avanc\u00e9<\/strong> pour Instagram dans le navigateur, \u00e9tant une excellente option pour ceux qui veulent un look diff\u00e9rent.<\/p>\n\n\n\n<h4 class=\"wp-block-heading\"><strong>Guide \u00e9tape par \u00e9tape pour utiliser le mode super sombre\u00a0:<\/strong><\/h4>\n\n\n\n<ol class=\"wp-block-list\">\n<li><strong>T\u00e9l\u00e9chargez et installez l&#039;extension<\/strong>:\n<ul class=\"wp-block-list\">\n<li>Chrome Web Store<\/li>\n\n\n\n<li>Modules compl\u00e9mentaires pour Firefox<\/li>\n<\/ul>\n<\/li>\n\n\n\n<li><strong>Activez l&#039;extension et ouvrez Instagram<\/strong> dans le navigateur.<\/li>\n\n\n\n<li><strong>Ajustez les param\u00e8tres de couleur comme vous le souhaitez.<\/strong><\/li>\n\n\n\n<li><strong>Profitez du nouveau look personnalis\u00e9 !<\/strong><\/li>\n<\/ol>\n\n\n\n<h2 class=\"wp-block-heading\"><strong>Conclusion : vaut-il la peine de changer la couleur de votre Instagram ?<\/strong><\/h2>\n\n\n\n<h3 class=\"wp-block-heading\"><strong>Avantages de la personnalisation<\/strong><\/h3>\n\n\n\n<p>Changer les couleurs d\u2019Instagram peut offrir une exp\u00e9rience plus confortable et plus agr\u00e9able. <\/p>\n\n\n\n<p>De plus, la personnalisation de l&#039;interface apporte une touche unique \u00e0 votre exp\u00e9rience de navigation.<\/p>\n\n\n\n<h3 class=\"wp-block-heading\"><strong>Des options s\u00fbres et fiables<\/strong><\/h3>\n\n\n\n<p>Les outils pr\u00e9sent\u00e9s dans cet article sont s\u00fbrs lorsqu&#039;ils sont t\u00e9l\u00e9charg\u00e9s \u00e0 partir de sources fiables telles que les magasins d&#039;applications officiels et les r\u00e9f\u00e9rentiels r\u00e9put\u00e9s. <\/p>\n\n\n\n<p>\u00c9vitez les sites Web suspects qui pourraient compromettre votre confidentialit\u00e9.<\/p>\n\n\n\n<h3 class=\"wp-block-heading\"><strong>Pr\u00e9cautions \u00e0 prendre lors de l&#039;utilisation d&#039;applications alternatives<\/strong><\/h3>\n\n\n\n<ul class=\"wp-block-list\">\n<li><strong>\u00c9vitez de fournir des donn\u00e9es sensibles \u00e0 des applications non officielles.<\/strong><\/li>\n\n\n\n<li><strong>T\u00e9l\u00e9chargez uniquement des applications provenant de sources fiables<\/strong> tels que Google Play Store, App Store ou F-Droid.<\/li>\n\n\n\n<li><strong>Veuillez lire les autorisations avant d&#039;installer une application.<\/strong><\/li>\n<\/ul>\n\n\n\n<h3 class=\"wp-block-heading\"><strong>Est-ce que \u00e7a vaut le coup ?<\/strong><\/h3>\n\n\n\n<p>Si vous souhaitez un Instagram plus personnalis\u00e9, ces options sont d\u2019excellentes alternatives\u00a0! <\/p>\n\n\n\n<p>Maintenant, choisissez simplement la meilleure fa\u00e7on de <strong>changer la couleur d&#039;Instagram<\/strong> et testez-le par vous-m\u00eame.<\/p>\n\n\n\n<p>Alors, vous avez aim\u00e9 l&#039;article ? Partagez et laissez votre commentaire sur la m\u00e9thode qui vous a le mieux convenu !<\/p>\n\n\n\n<p><\/p>","protected":false},"excerpt":{"rendered":"<p>Vous cherchez \u00e0 personnaliser votre Instagram\u00a0? Changez la couleur d&#039;Instagram, am\u00e9liorez votre exp\u00e9rience d\u00e8s maintenant, suivez \u00e9tape par \u00e9tape. \u2026 <\/p>","protected":false},"author":9,"featured_media":1818,"comment_status":"closed","ping_status":"closed","sticky":false,"template":"","format":"standard","meta":{"fifu_image_url":"","fifu_image_alt":"","footnotes":""},"categories":[36],"tags":[250,49,1653,1651,1652,1650],"class_list":["post-1817","post","type-post","status-publish","format-standard","has-post-thumbnail","hentry","category-aplicativo","tag-aplciativo-para-baixar-stories-do-instagram","tag-aplicativos","tag-friendly-social-browser","tag-instagram","tag-mudar-a-cor-do-instagram","tag-mudar-de-cor","latest_post"],"yoast_head":"<!-- This site is optimized with the Yoast SEO plugin v27.3 - https:\/\/yoast.com\/product\/yoast-seo-wordpress\/ -->\n<title>Mudar a Cor do Instagram - Tirinha.com<\/title>\n<meta name=\"description\" content=\"Esta Procurando Personalizar Seu Instagram? Mudar a Cor do Instagram, Melhore sua Experi\u00eancia Agora Mesmo ,Siga o Passo a Passo.\" \/>\n<meta name=\"robots\" content=\"index, follow, max-snippet:-1, max-image-preview:large, max-video-preview:-1\" \/>\n<link rel=\"canonical\" href=\"https:\/\/tirinha.com\/fr\/1817\/changez-la-couleur-dinstagram\/\" \/>\n<meta property=\"og:locale\" content=\"fr_FR\" \/>\n<meta property=\"og:type\" content=\"article\" \/>\n<meta property=\"og:title\" content=\"Mudar a Cor do Instagram - Tirinha.com\" \/>\n<meta property=\"og:description\" content=\"Esta Procurando Personalizar Seu Instagram? Mudar a Cor do Instagram, Melhore sua Experi\u00eancia Agora Mesmo ,Siga o Passo a Passo.\" \/>\n<meta property=\"og:url\" content=\"https:\/\/tirinha.com\/fr\/1817\/changez-la-couleur-dinstagram\/\" \/>\n<meta property=\"og:site_name\" content=\"Tirinha.com\" \/>\n<meta property=\"article:published_time\" content=\"2025-03-06T23:59:14+00:00\" \/>\n<meta property=\"article:modified_time\" content=\"2025-04-16T11:30:22+00:00\" \/>\n<meta property=\"og:image\" content=\"https:\/\/tirinha.com\/wp-content\/uploads\/2025\/03\/Mude-a-Cor-Do-Instagram.jpg\" \/>\n\t<meta property=\"og:image:width\" content=\"1000\" \/>\n\t<meta property=\"og:image:height\" content=\"800\" \/>\n\t<meta property=\"og:image:type\" content=\"image\/jpeg\" \/>\n<meta name=\"author\" content=\"Lucas Soares\" \/>\n<meta name=\"twitter:card\" content=\"summary_large_image\" \/>\n<meta name=\"twitter:label1\" content=\"\u00c9crit par\" \/>\n\t<meta name=\"twitter:data1\" content=\"Lucas Soares\" \/>\n\t<meta name=\"twitter:label2\" content=\"Dur\u00e9e de lecture estim\u00e9e\" \/>\n\t<meta name=\"twitter:data2\" content=\"5 minutes\" \/>\n<script type=\"application\/ld+json\" class=\"yoast-schema-graph\">{\"@context\":\"https:\\\/\\\/schema.org\",\"@graph\":[{\"@type\":\"Article\",\"@id\":\"https:\\\/\\\/tirinha.com\\\/1817\\\/mudar-a-cor-do-instagram\\\/#article\",\"isPartOf\":{\"@id\":\"https:\\\/\\\/tirinha.com\\\/1817\\\/mudar-a-cor-do-instagram\\\/\"},\"author\":{\"name\":\"Lucas Soares\",\"@id\":\"https:\\\/\\\/tirinha.com\\\/#\\\/schema\\\/person\\\/26cf9e326b8ddce99676ff642d0708da\"},\"headline\":\"Mudar a Cor do Instagram\",\"datePublished\":\"2025-03-06T23:59:14+00:00\",\"dateModified\":\"2025-04-16T11:30:22+00:00\",\"mainEntityOfPage\":{\"@id\":\"https:\\\/\\\/tirinha.com\\\/1817\\\/mudar-a-cor-do-instagram\\\/\"},\"wordCount\":905,\"publisher\":{\"@id\":\"https:\\\/\\\/tirinha.com\\\/#organization\"},\"image\":{\"@id\":\"https:\\\/\\\/tirinha.com\\\/1817\\\/mudar-a-cor-do-instagram\\\/#primaryimage\"},\"thumbnailUrl\":\"https:\\\/\\\/tirinha.com\\\/wp-content\\\/uploads\\\/2025\\\/03\\\/Mude-a-Cor-Do-Instagram.jpg\",\"keywords\":[\"Aplciativo para baixar stories do Instagram\",\"aplicativos\",\"Friendly Social Browser\",\"instagram\",\"mudar a cor do Instagram\",\"mudar de cor\"],\"articleSection\":[\"Aplicativo\"],\"inLanguage\":\"fr-FR\"},{\"@type\":\"WebPage\",\"@id\":\"https:\\\/\\\/tirinha.com\\\/1817\\\/mudar-a-cor-do-instagram\\\/\",\"url\":\"https:\\\/\\\/tirinha.com\\\/1817\\\/mudar-a-cor-do-instagram\\\/\",\"name\":\"Mudar a Cor do Instagram - Tirinha.com\",\"isPartOf\":{\"@id\":\"https:\\\/\\\/tirinha.com\\\/#website\"},\"primaryImageOfPage\":{\"@id\":\"https:\\\/\\\/tirinha.com\\\/1817\\\/mudar-a-cor-do-instagram\\\/#primaryimage\"},\"image\":{\"@id\":\"https:\\\/\\\/tirinha.com\\\/1817\\\/mudar-a-cor-do-instagram\\\/#primaryimage\"},\"thumbnailUrl\":\"https:\\\/\\\/tirinha.com\\\/wp-content\\\/uploads\\\/2025\\\/03\\\/Mude-a-Cor-Do-Instagram.jpg\",\"datePublished\":\"2025-03-06T23:59:14+00:00\",\"dateModified\":\"2025-04-16T11:30:22+00:00\",\"description\":\"Esta Procurando Personalizar Seu Instagram? Mudar a Cor do Instagram, Melhore sua Experi\u00eancia Agora Mesmo ,Siga o Passo a Passo.\",\"breadcrumb\":{\"@id\":\"https:\\\/\\\/tirinha.com\\\/1817\\\/mudar-a-cor-do-instagram\\\/#breadcrumb\"},\"inLanguage\":\"fr-FR\",\"potentialAction\":[{\"@type\":\"ReadAction\",\"target\":[\"https:\\\/\\\/tirinha.com\\\/1817\\\/mudar-a-cor-do-instagram\\\/\"]}]},{\"@type\":\"ImageObject\",\"inLanguage\":\"fr-FR\",\"@id\":\"https:\\\/\\\/tirinha.com\\\/1817\\\/mudar-a-cor-do-instagram\\\/#primaryimage\",\"url\":\"https:\\\/\\\/tirinha.com\\\/wp-content\\\/uploads\\\/2025\\\/03\\\/Mude-a-Cor-Do-Instagram.jpg\",\"contentUrl\":\"https:\\\/\\\/tirinha.com\\\/wp-content\\\/uploads\\\/2025\\\/03\\\/Mude-a-Cor-Do-Instagram.jpg\",\"width\":1000,\"height\":800,\"caption\":\"Mude a Cor Do Instagram\"},{\"@type\":\"BreadcrumbList\",\"@id\":\"https:\\\/\\\/tirinha.com\\\/1817\\\/mudar-a-cor-do-instagram\\\/#breadcrumb\",\"itemListElement\":[{\"@type\":\"ListItem\",\"position\":1,\"name\":\"Home\",\"item\":\"https:\\\/\\\/tirinha.com\\\/\"},{\"@type\":\"ListItem\",\"position\":2,\"name\":\"Mudar a Cor do Instagram\"}]},{\"@type\":\"WebSite\",\"@id\":\"https:\\\/\\\/tirinha.com\\\/#website\",\"url\":\"https:\\\/\\\/tirinha.com\\\/\",\"name\":\"Tirinha.com\",\"description\":\"Arte e livros resenhas\",\"publisher\":{\"@id\":\"https:\\\/\\\/tirinha.com\\\/#organization\"},\"potentialAction\":[{\"@type\":\"SearchAction\",\"target\":{\"@type\":\"EntryPoint\",\"urlTemplate\":\"https:\\\/\\\/tirinha.com\\\/?s={search_term_string}\"},\"query-input\":{\"@type\":\"PropertyValueSpecification\",\"valueRequired\":true,\"valueName\":\"search_term_string\"}}],\"inLanguage\":\"fr-FR\"},{\"@type\":\"Organization\",\"@id\":\"https:\\\/\\\/tirinha.com\\\/#organization\",\"name\":\"Tirinha.com\",\"url\":\"https:\\\/\\\/tirinha.com\\\/\",\"logo\":{\"@type\":\"ImageObject\",\"inLanguage\":\"fr-FR\",\"@id\":\"https:\\\/\\\/tirinha.com\\\/#\\\/schema\\\/logo\\\/image\\\/\",\"url\":\"https:\\\/\\\/tirinha.com\\\/wp-content\\\/uploads\\\/2023\\\/08\\\/cropped-Logo-Tirinha.webp\",\"contentUrl\":\"https:\\\/\\\/tirinha.com\\\/wp-content\\\/uploads\\\/2023\\\/08\\\/cropped-Logo-Tirinha.webp\",\"width\":512,\"height\":512,\"caption\":\"Tirinha.com\"},\"image\":{\"@id\":\"https:\\\/\\\/tirinha.com\\\/#\\\/schema\\\/logo\\\/image\\\/\"}},{\"@type\":\"Person\",\"@id\":\"https:\\\/\\\/tirinha.com\\\/#\\\/schema\\\/person\\\/26cf9e326b8ddce99676ff642d0708da\",\"name\":\"Lucas Soares\",\"image\":{\"@type\":\"ImageObject\",\"inLanguage\":\"fr-FR\",\"@id\":\"https:\\\/\\\/tirinha.com\\\/wp-content\\\/litespeed\\\/avatar\\\/b9e66e03cd0c62b430bc3cdfa9e5573e.jpg?ver=1777436953\",\"url\":\"https:\\\/\\\/tirinha.com\\\/wp-content\\\/litespeed\\\/avatar\\\/b9e66e03cd0c62b430bc3cdfa9e5573e.jpg?ver=1777436953\",\"contentUrl\":\"https:\\\/\\\/tirinha.com\\\/wp-content\\\/litespeed\\\/avatar\\\/b9e66e03cd0c62b430bc3cdfa9e5573e.jpg?ver=1777436953\",\"caption\":\"Lucas Soares\"},\"url\":\"https:\\\/\\\/tirinha.com\\\/fr\\\/author\\\/lucas-soares\\\/\"}]}<\/script>\n<!-- \/ Yoast SEO plugin. -->","yoast_head_json":{"title":"Changez la couleur d&#039;Instagram - Tirinha.com","description":"Envie de personnaliser votre Instagram\u00a0? Changez la couleur de votre compte, am\u00e9liorez votre exp\u00e9rience d\u00e8s maintenant, suivez les instructions \u00e9tape par \u00e9tape.","robots":{"index":"index","follow":"follow","max-snippet":"max-snippet:-1","max-image-preview":"max-image-preview:large","max-video-preview":"max-video-preview:-1"},"canonical":"https:\/\/tirinha.com\/fr\/1817\/changez-la-couleur-dinstagram\/","og_locale":"fr_FR","og_type":"article","og_title":"Mudar a Cor do Instagram - Tirinha.com","og_description":"Esta Procurando Personalizar Seu Instagram? Mudar a Cor do Instagram, Melhore sua Experi\u00eancia Agora Mesmo ,Siga o Passo a Passo.","og_url":"https:\/\/tirinha.com\/fr\/1817\/changez-la-couleur-dinstagram\/","og_site_name":"Tirinha.com","article_published_time":"2025-03-06T23:59:14+00:00","article_modified_time":"2025-04-16T11:30:22+00:00","og_image":[{"width":1000,"height":800,"url":"https:\/\/tirinha.com\/wp-content\/uploads\/2025\/03\/Mude-a-Cor-Do-Instagram.jpg","type":"image\/jpeg"}],"author":"Lucas Soares","twitter_card":"summary_large_image","twitter_misc":{"\u00c9crit par":"Lucas Soares","Dur\u00e9e de lecture estim\u00e9e":"5 minutes"},"schema":{"@context":"https:\/\/schema.org","@graph":[{"@type":"Article","@id":"https:\/\/tirinha.com\/1817\/mudar-a-cor-do-instagram\/#article","isPartOf":{"@id":"https:\/\/tirinha.com\/1817\/mudar-a-cor-do-instagram\/"},"author":{"name":"Lucas Soares","@id":"https:\/\/tirinha.com\/#\/schema\/person\/26cf9e326b8ddce99676ff642d0708da"},"headline":"Mudar a Cor do Instagram","datePublished":"2025-03-06T23:59:14+00:00","dateModified":"2025-04-16T11:30:22+00:00","mainEntityOfPage":{"@id":"https:\/\/tirinha.com\/1817\/mudar-a-cor-do-instagram\/"},"wordCount":905,"publisher":{"@id":"https:\/\/tirinha.com\/#organization"},"image":{"@id":"https:\/\/tirinha.com\/1817\/mudar-a-cor-do-instagram\/#primaryimage"},"thumbnailUrl":"https:\/\/tirinha.com\/wp-content\/uploads\/2025\/03\/Mude-a-Cor-Do-Instagram.jpg","keywords":["Aplciativo para baixar stories do Instagram","aplicativos","Friendly Social Browser","instagram","mudar a cor do Instagram","mudar de cor"],"articleSection":["Aplicativo"],"inLanguage":"fr-FR"},{"@type":"WebPage","@id":"https:\/\/tirinha.com\/1817\/mudar-a-cor-do-instagram\/","url":"https:\/\/tirinha.com\/1817\/mudar-a-cor-do-instagram\/","name":"Changez la couleur d&#039;Instagram - Tirinha.com","isPartOf":{"@id":"https:\/\/tirinha.com\/#website"},"primaryImageOfPage":{"@id":"https:\/\/tirinha.com\/1817\/mudar-a-cor-do-instagram\/#primaryimage"},"image":{"@id":"https:\/\/tirinha.com\/1817\/mudar-a-cor-do-instagram\/#primaryimage"},"thumbnailUrl":"https:\/\/tirinha.com\/wp-content\/uploads\/2025\/03\/Mude-a-Cor-Do-Instagram.jpg","datePublished":"2025-03-06T23:59:14+00:00","dateModified":"2025-04-16T11:30:22+00:00","description":"Envie de personnaliser votre Instagram\u00a0? Changez la couleur de votre compte, am\u00e9liorez votre exp\u00e9rience d\u00e8s maintenant, suivez les instructions \u00e9tape par \u00e9tape.","breadcrumb":{"@id":"https:\/\/tirinha.com\/1817\/mudar-a-cor-do-instagram\/#breadcrumb"},"inLanguage":"fr-FR","potentialAction":[{"@type":"ReadAction","target":["https:\/\/tirinha.com\/1817\/mudar-a-cor-do-instagram\/"]}]},{"@type":"ImageObject","inLanguage":"fr-FR","@id":"https:\/\/tirinha.com\/1817\/mudar-a-cor-do-instagram\/#primaryimage","url":"https:\/\/tirinha.com\/wp-content\/uploads\/2025\/03\/Mude-a-Cor-Do-Instagram.jpg","contentUrl":"https:\/\/tirinha.com\/wp-content\/uploads\/2025\/03\/Mude-a-Cor-Do-Instagram.jpg","width":1000,"height":800,"caption":"Mude a Cor Do Instagram"},{"@type":"BreadcrumbList","@id":"https:\/\/tirinha.com\/1817\/mudar-a-cor-do-instagram\/#breadcrumb","itemListElement":[{"@type":"ListItem","position":1,"name":"Home","item":"https:\/\/tirinha.com\/"},{"@type":"ListItem","position":2,"name":"Mudar a Cor do Instagram"}]},{"@type":"WebSite","@id":"https:\/\/tirinha.com\/#website","url":"https:\/\/tirinha.com\/","name":"Tirinha.com","description":"Critiques d&#039;art et de livres","publisher":{"@id":"https:\/\/tirinha.com\/#organization"},"potentialAction":[{"@type":"SearchAction","target":{"@type":"EntryPoint","urlTemplate":"https:\/\/tirinha.com\/?s={search_term_string}"},"query-input":{"@type":"PropertyValueSpecification","valueRequired":true,"valueName":"search_term_string"}}],"inLanguage":"fr-FR"},{"@type":"Organization","@id":"https:\/\/tirinha.com\/#organization","name":"Tirinha.com","url":"https:\/\/tirinha.com\/","logo":{"@type":"ImageObject","inLanguage":"fr-FR","@id":"https:\/\/tirinha.com\/#\/schema\/logo\/image\/","url":"https:\/\/tirinha.com\/wp-content\/uploads\/2023\/08\/cropped-Logo-Tirinha.webp","contentUrl":"https:\/\/tirinha.com\/wp-content\/uploads\/2023\/08\/cropped-Logo-Tirinha.webp","width":512,"height":512,"caption":"Tirinha.com"},"image":{"@id":"https:\/\/tirinha.com\/#\/schema\/logo\/image\/"}},{"@type":"Person","@id":"https:\/\/tirinha.com\/#\/schema\/person\/26cf9e326b8ddce99676ff642d0708da","name":"Lucas Soares","image":{"@type":"ImageObject","inLanguage":"fr-FR","@id":"https:\/\/tirinha.com\/wp-content\/litespeed\/avatar\/b9e66e03cd0c62b430bc3cdfa9e5573e.jpg?ver=1777436953","url":"https:\/\/tirinha.com\/wp-content\/litespeed\/avatar\/b9e66e03cd0c62b430bc3cdfa9e5573e.jpg?ver=1777436953","contentUrl":"https:\/\/tirinha.com\/wp-content\/litespeed\/avatar\/b9e66e03cd0c62b430bc3cdfa9e5573e.jpg?ver=1777436953","caption":"Lucas Soares"},"url":"https:\/\/tirinha.com\/fr\/author\/lucas-soares\/"}]}},"_links":{"self":[{"href":"https:\/\/tirinha.com\/fr\/wp-json\/wp\/v2\/posts\/1817","targetHints":{"allow":["GET"]}}],"collection":[{"href":"https:\/\/tirinha.com\/fr\/wp-json\/wp\/v2\/posts"}],"about":[{"href":"https:\/\/tirinha.com\/fr\/wp-json\/wp\/v2\/types\/post"}],"author":[{"embeddable":true,"href":"https:\/\/tirinha.com\/fr\/wp-json\/wp\/v2\/users\/9"}],"replies":[{"embeddable":true,"href":"https:\/\/tirinha.com\/fr\/wp-json\/wp\/v2\/comments?post=1817"}],"version-history":[{"count":0,"href":"https:\/\/tirinha.com\/fr\/wp-json\/wp\/v2\/posts\/1817\/revisions"}],"wp:featuredmedia":[{"embeddable":true,"href":"https:\/\/tirinha.com\/fr\/wp-json\/wp\/v2\/media\/1818"}],"wp:attachment":[{"href":"https:\/\/tirinha.com\/fr\/wp-json\/wp\/v2\/media?parent=1817"}],"wp:term":[{"taxonomy":"category","embeddable":true,"href":"https:\/\/tirinha.com\/fr\/wp-json\/wp\/v2\/categories?post=1817"},{"taxonomy":"post_tag","embeddable":true,"href":"https:\/\/tirinha.com\/fr\/wp-json\/wp\/v2\/tags?post=1817"}],"curies":[{"name":"wp","href":"https:\/\/api.w.org\/{rel}","templated":true}]}}